{"id":90876,"date":"2017-07-19T00:00:00","date_gmt":"2017-07-19T02:00:00","guid":{"rendered":"http:\/\/pre.boxrepsol.com\/sin-categorizar\/hablamos-con-el-padre-de-johnny-roqueta-el-comic-mas-motero\/"},"modified":"2024-05-15T08:18:50","modified_gmt":"2024-05-15T10:18:50","slug":"hablamos-con-el-padre-de-johnny-roqueta-el-comic-mas-motero","status":"publish","type":"post","link":"https:\/\/www.boxrepsol.com\/es\/cultura-motera\/hablamos-con-el-padre-de-johnny-roqueta-el-comic-mas-motero\/","title":{"rendered":"Hablamos con el \u2018padre\u2019 de Johnny Roqueta, el c\u00f3mic m\u00e1s motero"},"content":{"rendered":"<p><a href=\"https:\/\/m.facebook.com\/johnny.roqueta\" target=\"_blank\" rel=\"noopener noreferrer\"><strong>Johnny Roqueta<\/strong><\/a> ya tiene 35 a\u00f1os y deber\u00eda estar en <strong>esa edad dulce, entre la loca juventud y la madura rebeld\u00eda<\/strong>. Pero no. Johnny se mantiene fiel a su lema, a la esencia de los a\u00f1os 80: <strong>los viejos roqueros nunca mueren<\/strong>.<\/p>\n<p>Naci\u00f3 en 1982 de la mano de <strong>Rafa Vaquer<\/strong> (Palma de Mallorca, 1957), al que se unir\u00eda como guionista al poco tiempo <strong>Joan Tharrats<\/strong>. Este personaje de c\u00f3mic, inconformista, de tup\u00e9 imposible, encandilaba con su chuler\u00eda, con sus salidas de tono. Y con las motos. Con sus queridas \u201camotos\u201d. Ech\u00f3 a andar en la revista \u2018Cul de Sac\u2019 y en el 83 ya dio el salto al semanario \u2018<strong>El Jueves<\/strong>\u2019, <strong><em>la revista que sale los mi\u00e9rcoles.<\/em><\/strong> Tambi\u00e9n hizo sus pinitos en el diario \u2018El Pa\u00eds\u2019 y la revista \u2018SoloMoto\u2019. Ahora solo aparece de manera espor\u00e1dica, sin perder un \u00e1pice de su autenticidad.<\/p>\n<p><img loading=\"lazy\" decoding=\"async\" src=\"https:\/\/bxrepsol.s3.eu-west-1.amazonaws.com\/static\/2022\/08\/29072618\/Si_eres_motero_conoces_a_Jonhy_Roqueta_tebeosfera_02-2.png\" alt=\"El creador de Johnny Roqueta en su moto.\" width=\"704\" height=\"423\"><\/p>\n<p><strong>Vaquer charla con nosotros desde su Mallorca natal<\/strong>. Recuerda el contexto, el momento en el que el dibujo eman\u00f3 de su cabeza. \u201cA principios de los 80 surgieron las tribus urbanas. Era el momento de Loquillo, el grupo \u201cLos Rebeldes\u201d. Y as\u00ed, tomando prestado de aqu\u00ed y de all\u00ed, acab\u00f3 naciendo<strong> Johnny Roqueta<\/strong>, al que su \u2018padre\u2019 contagi\u00f3 <strong>una de sus mayores pasiones: el mundo de las dos ruedas.<\/strong> <strong>Vaquer compiti\u00f3 en enduro con una Honda XR650 y en su garaje, uno de los modelos que m\u00e1s le ha robado el coraz\u00f3n es una Honda XBR500<\/strong>. Ya ha dejado las carreras atr\u00e1s, pero sigue saliendo los fines de semana con el <strong>Moto Club Media Milla<\/strong>, al que Roqueta presta a menudo su imagen cuando organizan la <strong>vuelta a Mallorca en moto<\/strong>, un cl\u00e1sico de la isla desde hace m\u00e1s de 40 a\u00f1os.<\/p>\n<p><img loading=\"lazy\" decoding=\"async\" src=\"https:\/\/bxrepsol.s3.eu-west-1.amazonaws.com\/static\/2022\/08\/29072619\/Si_eres_motero_conoces_a_Jonhy_Roqueta_tebeosfera_03-2.png\" alt=\"johnny Roqueta, sello de los 30 tacos.\" width=\"704\" height=\"423\"><\/p>\n<p>Para los guiones le bastaba con salir a la calle y observar. Las tiras c\u00f3micas eran un reflejo de una sociedad que intentaba eclosionar tras la dictadura. Eran los a\u00f1os de \u2018La Movida\u2019, de las bandas juveniles, del \u2018boom\u2019 del rock. \u201cNo val\u00eda la pena -se\u00f1ala Vaquer- encerrarse a la espera de que llegara la inspiraci\u00f3n. Bastaba con salir de casa y contemplar la realidad. Quiz\u00e1s por eso tanta gente se ha sentido identificada con Johnny\u201d.<\/p>\n<p>Artista y personaje siempre han estado muy unidos. \u201c<strong>Menos el tup\u00e9, es bastante autobiogr\u00e1fico<\/strong>\u201d, admite el creador. Del mismo modo, el c\u00f3mic iba reflejando la evoluci\u00f3n del mundo de la moto, sobre todo las que m\u00e1s gustaban al dibujante. <strong>El personaje se ha subido a lomos de todo tipo de m\u00e1quinas. Incluso, en una ocasi\u00f3n, se enfund\u00f3 el traje del equipo Repsol Honda<\/strong>. Sucedi\u00f3 en el n\u00famero 1.386 de \u2018SoloMoto\u2019, en el que Johnny alardeaba de regalos de Navidad. Le quedaba como un guante, las cosas como son, pero aquel d\u00eda iba en un ciclomotor y el atuendo cantaba como una almeja.<\/p>\n<p><strong>\u00bfY por qu\u00e9 hay tan pocos c\u00f3mics moteros?<\/strong> Vaquer, que sigue con pasi\u00f3n el <strong>Mundial de Motociclismo<\/strong> , pudo constatarlo este mismo a\u00f1o en un evento en Francia. Se dio cuenta de la escasa oferta de personajes vinculados estrechamente a las motos. Est\u00e1n los gamberros del Joe Bar Team (del que ya dimos cuenta en el Box Repsol) y poco m\u00e1s. \u201c<strong>Quiz\u00e1s sea porque dibujar una moto es mucho m\u00e1s complicado que pintar un coche, que con dos rayas ya lo tienes. Una moto, sobre todo si no lleva carenado, es muy compleja<\/strong>\u201d.<\/p>\n<p><img loading=\"lazy\" decoding=\"async\" src=\"https:\/\/bxrepsol.s3.eu-west-1.amazonaws.com\/static\/2022\/08\/29072620\/Si_eres_motero_conoces_a_Jonhy_Roqueta_tebeosfera_01-2.png\" alt=\"Tira c\u00f3mica con Johnny Roqueta.\" width=\"704\" height=\"423\"><\/p>\n<p>Lo bueno de <strong>Johnny Roqueta<\/strong> es que <strong>no ha pasado de moda<\/strong>. Entre otras cosas, porque todos tenemos un amigo que se le parece. Quiz\u00e1s en la est\u00e9tica. Aunque lo m\u00e1s seguro es que sea por su actitud ante la vida. Ese aire contestatario, algo cafre a veces. Pero rebelde, al fin y al cabo. Un tipo que en el fondo es dif\u00edcil que no te caiga bien.<\/p>\n<p>Para el futuro, Vaquer tiene grandes planes para su alter ego. Si todo sale como tiene previsto, pronto se pondr\u00e1 a dibujar una <strong>gu\u00eda para cubrir en moto la m\u00edtica ruta 66 de Estados Unidos. Roqueta har\u00e1 de Cicerone. Diversi\u00f3n asegurada<\/strong>.<\/p>\n<p>&nbsp;<\/p>\n","protected":false},"excerpt":{"rendered":"<p>El creador del c\u00f3mic \u00abJohnny Roqueta\u00bb es un apasionado de las motos, hablamos con \u00e9l y esto es lo que nos cont\u00f3.<\/p>\n","protected":false},"author":43146,"featured_media":90878,"comment_status":"open","ping_status":"open","sticky":false,"template":"","format":"standard","meta":{"footnotes":""},"categories":[160],"tags":[161],"class_list":["post-90876","post","type-post","status-publish","format-standard","hentry","category-cultura-motera","tag-arte-y-cultura-motera"],"yoast_head":"<!-- This site is optimized with the Yoast SEO plugin v27.3 - https:\/\/yoast.com\/product\/yoast-seo-wordpress\/ -->\n<title>Entrevista exclusiva con el creador de Johnny Roqueta - Box Repsol<\/title>\n<meta name=\"description\" content=\"Johny Roqueta ya tiene 35 a\u00f1os y deber\u00eda estar en esa edad dulce, entre la loca juventud y la madura rebeld\u00eda. Pero no. Johnny se mantiene fiel a su lema\" \/>\n<link rel=\"canonical\" href=\"https:\/\/www.boxrepsol.com\/es\/cultura-motera\/hablamos-con-el-padre-de-johnny-roqueta-el-comic-mas-motero\/\" \/>\n<meta property=\"og:locale\" content=\"es_ES\" \/>\n<meta property=\"og:type\" content=\"article\" \/>\n<meta property=\"og:title\" content=\"Entrevista exclusiva con el creador de Johnny Roqueta - Box Repsol\" \/>\n<meta property=\"og:description\" content=\"Johny Roqueta ya tiene 35 a\u00f1os y deber\u00eda estar en esa edad dulce, entre la loca juventud y la madura rebeld\u00eda. Pero no. Johnny se mantiene fiel a su lema\" \/>\n<meta property=\"og:url\" content=\"https:\/\/www.boxrepsol.com\/es\/cultura-motera\/hablamos-con-el-padre-de-johnny-roqueta-el-comic-mas-motero\/\" \/>\n<meta property=\"og:site_name\" content=\"Box Repsol\" \/>\n<meta property=\"article:publisher\" content=\"https:\/\/www.facebook.com\/BoxRepsol\" \/>\n<meta property=\"article:author\" content=\"https:\/\/www.facebook.com\/BoxRepsol\/\" \/>\n<meta property=\"article:published_time\" content=\"2017-07-19T02:00:00+00:00\" \/>\n<meta property=\"article:modified_time\" content=\"2024-05-15T10:18:50+00:00\" \/>\n<meta property=\"og:image\" content=\"https:\/\/bxrepsol.s3.eu-west-1.amazonaws.com\/static\/2023\/02\/24095706\/Si_eres_motero_conoces_a_Jonhy_Roqueta_tebeosfera_header.png\" \/>\n\t<meta property=\"og:image:width\" content=\"986\" \/>\n\t<meta property=\"og:image:height\" content=\"555\" \/>\n\t<meta property=\"og:image:type\" content=\"image\/png\" \/>\n<meta name=\"author\" content=\"Redacci\u00f3n Box Repsol\" \/>\n<meta name=\"twitter:card\" content=\"summary_large_image\" \/>\n<meta name=\"twitter:creator\" content=\"@https:\/\/twitter.com\/box_repsol\" \/>\n<meta name=\"twitter:site\" content=\"@box_repsol\" \/>\n<meta name=\"twitter:label1\" content=\"Written by\" \/>\n\t<meta name=\"twitter:data1\" content=\"Redacci\u00f3n Box Repsol\" \/>\n\t<meta name=\"twitter:label2\" content=\"Est. reading time\" \/>\n\t<meta name=\"twitter:data2\" content=\"4 minutos\" \/>\n<script type=\"application\/ld+json\" class=\"yoast-schema-graph\">{\"@context\":\"https:\\\/\\\/schema.org\",\"@graph\":[{\"@type\":\"Article\",\"@id\":\"https:\\\/\\\/www.boxrepsol.com\\\/es\\\/cultura-motera\\\/hablamos-con-el-padre-de-johnny-roqueta-el-comic-mas-motero\\\/#article\",\"isPartOf\":{\"@id\":\"https:\\\/\\\/www.boxrepsol.com\\\/es\\\/cultura-motera\\\/hablamos-con-el-padre-de-johnny-roqueta-el-comic-mas-motero\\\/\"},\"author\":{\"name\":\"Redacci\u00f3n Box Repsol\",\"@id\":\"https:\\\/\\\/www.boxrepsol.com\\\/es\\\/#\\\/schema\\\/person\\\/c5c2138f2cca251b0ad92b7086bb60b7\"},\"headline\":\"Hablamos con el \u2018padre\u2019 de Johnny Roqueta, el c\u00f3mic m\u00e1s motero\",\"datePublished\":\"2017-07-19T02:00:00+00:00\",\"dateModified\":\"2024-05-15T10:18:50+00:00\",\"mainEntityOfPage\":{\"@id\":\"https:\\\/\\\/www.boxrepsol.com\\\/es\\\/cultura-motera\\\/hablamos-con-el-padre-de-johnny-roqueta-el-comic-mas-motero\\\/\"},\"wordCount\":715,\"commentCount\":0,\"publisher\":{\"@id\":\"https:\\\/\\\/www.boxrepsol.com\\\/es\\\/#organization\"},\"image\":{\"@id\":\"https:\\\/\\\/www.boxrepsol.com\\\/es\\\/cultura-motera\\\/hablamos-con-el-padre-de-johnny-roqueta-el-comic-mas-motero\\\/#primaryimage\"},\"thumbnailUrl\":\"https:\\\/\\\/bxrepsol.s3.eu-west-1.amazonaws.com\\\/static\\\/2023\\\/02\\\/24095706\\\/Si_eres_motero_conoces_a_Jonhy_Roqueta_tebeosfera_header.png\",\"keywords\":[\"arte y cultura motera\"],\"articleSection\":[\"Cultura Motera\"],\"inLanguage\":\"es\",\"potentialAction\":[{\"@type\":\"CommentAction\",\"name\":\"Comment\",\"target\":[\"https:\\\/\\\/www.boxrepsol.com\\\/es\\\/cultura-motera\\\/hablamos-con-el-padre-de-johnny-roqueta-el-comic-mas-motero\\\/#respond\"]}]},{\"@type\":\"WebPage\",\"@id\":\"https:\\\/\\\/www.boxrepsol.com\\\/es\\\/cultura-motera\\\/hablamos-con-el-padre-de-johnny-roqueta-el-comic-mas-motero\\\/\",\"url\":\"https:\\\/\\\/www.boxrepsol.com\\\/es\\\/cultura-motera\\\/hablamos-con-el-padre-de-johnny-roqueta-el-comic-mas-motero\\\/\",\"name\":\"Entrevista exclusiva con el creador de Johnny Roqueta - Box Repsol\",\"isPartOf\":{\"@id\":\"https:\\\/\\\/www.boxrepsol.com\\\/es\\\/#website\"},\"primaryImageOfPage\":{\"@id\":\"https:\\\/\\\/www.boxrepsol.com\\\/es\\\/cultura-motera\\\/hablamos-con-el-padre-de-johnny-roqueta-el-comic-mas-motero\\\/#primaryimage\"},\"image\":{\"@id\":\"https:\\\/\\\/www.boxrepsol.com\\\/es\\\/cultura-motera\\\/hablamos-con-el-padre-de-johnny-roqueta-el-comic-mas-motero\\\/#primaryimage\"},\"thumbnailUrl\":\"https:\\\/\\\/bxrepsol.s3.eu-west-1.amazonaws.com\\\/static\\\/2023\\\/02\\\/24095706\\\/Si_eres_motero_conoces_a_Jonhy_Roqueta_tebeosfera_header.png\",\"datePublished\":\"2017-07-19T02:00:00+00:00\",\"dateModified\":\"2024-05-15T10:18:50+00:00\",\"description\":\"Johny Roqueta ya tiene 35 a\u00f1os y deber\u00eda estar en esa edad dulce, entre la loca juventud y la madura rebeld\u00eda. Pero no. Johnny se mantiene fiel a su lema\",\"breadcrumb\":{\"@id\":\"https:\\\/\\\/www.boxrepsol.com\\\/es\\\/cultura-motera\\\/hablamos-con-el-padre-de-johnny-roqueta-el-comic-mas-motero\\\/#breadcrumb\"},\"inLanguage\":\"es\",\"potentialAction\":[{\"@type\":\"ReadAction\",\"target\":[\"https:\\\/\\\/www.boxrepsol.com\\\/es\\\/cultura-motera\\\/hablamos-con-el-padre-de-johnny-roqueta-el-comic-mas-motero\\\/\"]}]},{\"@type\":\"ImageObject\",\"inLanguage\":\"es\",\"@id\":\"https:\\\/\\\/www.boxrepsol.com\\\/es\\\/cultura-motera\\\/hablamos-con-el-padre-de-johnny-roqueta-el-comic-mas-motero\\\/#primaryimage\",\"url\":\"https:\\\/\\\/bxrepsol.s3.eu-west-1.amazonaws.com\\\/static\\\/2023\\\/02\\\/24095706\\\/Si_eres_motero_conoces_a_Jonhy_Roqueta_tebeosfera_header.png\",\"contentUrl\":\"https:\\\/\\\/bxrepsol.s3.eu-west-1.amazonaws.com\\\/static\\\/2023\\\/02\\\/24095706\\\/Si_eres_motero_conoces_a_Jonhy_Roqueta_tebeosfera_header.png\",\"width\":986,\"height\":555,\"caption\":\"Johnny Roqueta en su mono repsol honda\"},{\"@type\":\"BreadcrumbList\",\"@id\":\"https:\\\/\\\/www.boxrepsol.com\\\/es\\\/cultura-motera\\\/hablamos-con-el-padre-de-johnny-roqueta-el-comic-mas-motero\\\/#breadcrumb\",\"itemListElement\":[{\"@type\":\"ListItem\",\"position\":1,\"name\":\"Home\",\"item\":\"https:\\\/\\\/www.boxrepsol.com\\\/es\\\/\"},{\"@type\":\"ListItem\",\"position\":2,\"name\":\"Hablamos con el \u2018padre\u2019 de Johnny Roqueta, el c\u00f3mic m\u00e1s motero\"}]},{\"@type\":\"WebSite\",\"@id\":\"https:\\\/\\\/www.boxrepsol.com\\\/es\\\/#website\",\"url\":\"https:\\\/\\\/www.boxrepsol.com\\\/es\\\/\",\"name\":\"Box Repsol\",\"description\":\"Box Repsol Site\",\"publisher\":{\"@id\":\"https:\\\/\\\/www.boxrepsol.com\\\/es\\\/#organization\"},\"potentialAction\":[{\"@type\":\"SearchAction\",\"target\":{\"@type\":\"EntryPoint\",\"urlTemplate\":\"https:\\\/\\\/www.boxrepsol.com\\\/es\\\/?s={search_term_string}\"},\"query-input\":{\"@type\":\"PropertyValueSpecification\",\"valueRequired\":true,\"valueName\":\"search_term_string\"}}],\"inLanguage\":\"es\"},{\"@type\":\"Organization\",\"@id\":\"https:\\\/\\\/www.boxrepsol.com\\\/es\\\/#organization\",\"name\":\"Box Repsol\",\"url\":\"https:\\\/\\\/www.boxrepsol.com\\\/es\\\/\",\"logo\":{\"@type\":\"ImageObject\",\"inLanguage\":\"es\",\"@id\":\"https:\\\/\\\/www.boxrepsol.com\\\/es\\\/#\\\/schema\\\/logo\\\/image\\\/\",\"url\":\"https:\\\/\\\/bxrepsol.s3.eu-west-1.amazonaws.com\\\/static\\\/2025\\\/07\\\/30083337\\\/favicon-96x96-1.png\",\"contentUrl\":\"https:\\\/\\\/bxrepsol.s3.eu-west-1.amazonaws.com\\\/static\\\/2025\\\/07\\\/30083337\\\/favicon-96x96-1.png\",\"width\":96,\"height\":96,\"caption\":\"Box Repsol\"},\"image\":{\"@id\":\"https:\\\/\\\/www.boxrepsol.com\\\/es\\\/#\\\/schema\\\/logo\\\/image\\\/\"},\"sameAs\":[\"https:\\\/\\\/www.facebook.com\\\/BoxRepsol\",\"https:\\\/\\\/x.com\\\/box_repsol\",\"http:\\\/\\\/instagram.com\\\/box_repsol\",\"https:\\\/\\\/www.youtube.com\\\/user\\\/RepsolCompeticion\",\"https:\\\/\\\/www.flickr.com\\\/photos\\\/box_repsol\\\/\"]},{\"@type\":\"Person\",\"@id\":\"https:\\\/\\\/www.boxrepsol.com\\\/es\\\/#\\\/schema\\\/person\\\/c5c2138f2cca251b0ad92b7086bb60b7\",\"name\":\"Redacci\u00f3n Box Repsol\",\"image\":{\"@type\":\"ImageObject\",\"inLanguage\":\"es\",\"@id\":\"https:\\\/\\\/secure.gravatar.com\\\/avatar\\\/adf7b77e38b4419baf32c7e9c21dde01f4e40df611f0978e3006fc4ba0aaab7e?s=96&d=mm&r=g\",\"url\":\"https:\\\/\\\/secure.gravatar.com\\\/avatar\\\/adf7b77e38b4419baf32c7e9c21dde01f4e40df611f0978e3006fc4ba0aaab7e?s=96&d=mm&r=g\",\"contentUrl\":\"https:\\\/\\\/secure.gravatar.com\\\/avatar\\\/adf7b77e38b4419baf32c7e9c21dde01f4e40df611f0978e3006fc4ba0aaab7e?s=96&d=mm&r=g\",\"caption\":\"Redacci\u00f3n Box Repsol\"},\"description\":\"Box Repsol lo forma un equipo de periodistas, community managers, dise\u00f1adores y fot\u00f3grafos con m\u00e1s de 20 a\u00f1os de experiencia en el mundo del motorsport. Hemos vivido el primer mundial de un espa\u00f1ol en la categor\u00eda reina de motociclismo con \u00c1lex Crivill\u00e9, estuvimos en las victorias de Pedrosa y los t\u00edtulos de M\u00e1rquez, acompa\u00f1amos en \u00c1frica a Nani Roma y Marc Coma en sus conquistas del Dakar y hemos vibrado con los t\u00edtulos de Toni Bou en Trial. Adem\u00e1s, en nuestro equipo contamos con expertos en el mundo de las dos y cuatro ruedas tanto de la calle y las carreteras, como de los circuitos. Periodistas que han trabajado en revistas y publicaciones para hacerte llegar desde rutas y consejos de mantenimiento, a curiosidades y trucos de pilotaje.\",\"sameAs\":[\"https:\\\/\\\/www.facebook.com\\\/BoxRepsol\\\/\",\"https:\\\/\\\/www.instagram.com\\\/box_repsol\\\/\",\"https:\\\/\\\/x.com\\\/https:\\\/\\\/twitter.com\\\/box_repsol\",\"https:\\\/\\\/www.youtube.com\\\/@Boxrepsol\"],\"url\":\"https:\\\/\\\/www.boxrepsol.com\\\/es\\\/author\\\/redaccion-box-repsol\\\/\"}]}<\/script>\n<!-- \/ Yoast SEO plugin. -->","yoast_head_json":{"title":"Entrevista exclusiva con el creador de Johnny Roqueta - Box Repsol","description":"Johny Roqueta ya tiene 35 a\u00f1os y deber\u00eda estar en esa edad dulce, entre la loca juventud y la madura rebeld\u00eda. Pero no. Johnny se mantiene fiel a su lema","canonical":"https:\/\/www.boxrepsol.com\/es\/cultura-motera\/hablamos-con-el-padre-de-johnny-roqueta-el-comic-mas-motero\/","og_locale":"es_ES","og_type":"article","og_title":"Entrevista exclusiva con el creador de Johnny Roqueta - Box Repsol","og_description":"Johny Roqueta ya tiene 35 a\u00f1os y deber\u00eda estar en esa edad dulce, entre la loca juventud y la madura rebeld\u00eda. Pero no. Johnny se mantiene fiel a su lema","og_url":"https:\/\/www.boxrepsol.com\/es\/cultura-motera\/hablamos-con-el-padre-de-johnny-roqueta-el-comic-mas-motero\/","og_site_name":"Box Repsol","article_publisher":"https:\/\/www.facebook.com\/BoxRepsol","article_author":"https:\/\/www.facebook.com\/BoxRepsol\/","article_published_time":"2017-07-19T02:00:00+00:00","article_modified_time":"2024-05-15T10:18:50+00:00","og_image":[{"width":986,"height":555,"url":"https:\/\/bxrepsol.s3.eu-west-1.amazonaws.com\/static\/2023\/02\/24095706\/Si_eres_motero_conoces_a_Jonhy_Roqueta_tebeosfera_header.png","type":"image\/png"}],"author":"Redacci\u00f3n Box Repsol","twitter_card":"summary_large_image","twitter_creator":"@https:\/\/twitter.com\/box_repsol","twitter_site":"@box_repsol","twitter_misc":{"Written by":"Redacci\u00f3n Box Repsol","Est. reading time":"4 minutos"},"schema":{"@context":"https:\/\/schema.org","@graph":[{"@type":"Article","@id":"https:\/\/www.boxrepsol.com\/es\/cultura-motera\/hablamos-con-el-padre-de-johnny-roqueta-el-comic-mas-motero\/#article","isPartOf":{"@id":"https:\/\/www.boxrepsol.com\/es\/cultura-motera\/hablamos-con-el-padre-de-johnny-roqueta-el-comic-mas-motero\/"},"author":{"name":"Redacci\u00f3n Box Repsol","@id":"https:\/\/www.boxrepsol.com\/es\/#\/schema\/person\/c5c2138f2cca251b0ad92b7086bb60b7"},"headline":"Hablamos con el \u2018padre\u2019 de Johnny Roqueta, el c\u00f3mic m\u00e1s motero","datePublished":"2017-07-19T02:00:00+00:00","dateModified":"2024-05-15T10:18:50+00:00","mainEntityOfPage":{"@id":"https:\/\/www.boxrepsol.com\/es\/cultura-motera\/hablamos-con-el-padre-de-johnny-roqueta-el-comic-mas-motero\/"},"wordCount":715,"commentCount":0,"publisher":{"@id":"https:\/\/www.boxrepsol.com\/es\/#organization"},"image":{"@id":"https:\/\/www.boxrepsol.com\/es\/cultura-motera\/hablamos-con-el-padre-de-johnny-roqueta-el-comic-mas-motero\/#primaryimage"},"thumbnailUrl":"https:\/\/bxrepsol.s3.eu-west-1.amazonaws.com\/static\/2023\/02\/24095706\/Si_eres_motero_conoces_a_Jonhy_Roqueta_tebeosfera_header.png","keywords":["arte y cultura motera"],"articleSection":["Cultura Motera"],"inLanguage":"es","potentialAction":[{"@type":"CommentAction","name":"Comment","target":["https:\/\/www.boxrepsol.com\/es\/cultura-motera\/hablamos-con-el-padre-de-johnny-roqueta-el-comic-mas-motero\/#respond"]}]},{"@type":"WebPage","@id":"https:\/\/www.boxrepsol.com\/es\/cultura-motera\/hablamos-con-el-padre-de-johnny-roqueta-el-comic-mas-motero\/","url":"https:\/\/www.boxrepsol.com\/es\/cultura-motera\/hablamos-con-el-padre-de-johnny-roqueta-el-comic-mas-motero\/","name":"Entrevista exclusiva con el creador de Johnny Roqueta - Box Repsol","isPartOf":{"@id":"https:\/\/www.boxrepsol.com\/es\/#website"},"primaryImageOfPage":{"@id":"https:\/\/www.boxrepsol.com\/es\/cultura-motera\/hablamos-con-el-padre-de-johnny-roqueta-el-comic-mas-motero\/#primaryimage"},"image":{"@id":"https:\/\/www.boxrepsol.com\/es\/cultura-motera\/hablamos-con-el-padre-de-johnny-roqueta-el-comic-mas-motero\/#primaryimage"},"thumbnailUrl":"https:\/\/bxrepsol.s3.eu-west-1.amazonaws.com\/static\/2023\/02\/24095706\/Si_eres_motero_conoces_a_Jonhy_Roqueta_tebeosfera_header.png","datePublished":"2017-07-19T02:00:00+00:00","dateModified":"2024-05-15T10:18:50+00:00","description":"Johny Roqueta ya tiene 35 a\u00f1os y deber\u00eda estar en esa edad dulce, entre la loca juventud y la madura rebeld\u00eda. Pero no. Johnny se mantiene fiel a su lema","breadcrumb":{"@id":"https:\/\/www.boxrepsol.com\/es\/cultura-motera\/hablamos-con-el-padre-de-johnny-roqueta-el-comic-mas-motero\/#breadcrumb"},"inLanguage":"es","potentialAction":[{"@type":"ReadAction","target":["https:\/\/www.boxrepsol.com\/es\/cultura-motera\/hablamos-con-el-padre-de-johnny-roqueta-el-comic-mas-motero\/"]}]},{"@type":"ImageObject","inLanguage":"es","@id":"https:\/\/www.boxrepsol.com\/es\/cultura-motera\/hablamos-con-el-padre-de-johnny-roqueta-el-comic-mas-motero\/#primaryimage","url":"https:\/\/bxrepsol.s3.eu-west-1.amazonaws.com\/static\/2023\/02\/24095706\/Si_eres_motero_conoces_a_Jonhy_Roqueta_tebeosfera_header.png","contentUrl":"https:\/\/bxrepsol.s3.eu-west-1.amazonaws.com\/static\/2023\/02\/24095706\/Si_eres_motero_conoces_a_Jonhy_Roqueta_tebeosfera_header.png","width":986,"height":555,"caption":"Johnny Roqueta en su mono repsol honda"},{"@type":"BreadcrumbList","@id":"https:\/\/www.boxrepsol.com\/es\/cultura-motera\/hablamos-con-el-padre-de-johnny-roqueta-el-comic-mas-motero\/#breadcrumb","itemListElement":[{"@type":"ListItem","position":1,"name":"Home","item":"https:\/\/www.boxrepsol.com\/es\/"},{"@type":"ListItem","position":2,"name":"Hablamos con el \u2018padre\u2019 de Johnny Roqueta, el c\u00f3mic m\u00e1s motero"}]},{"@type":"WebSite","@id":"https:\/\/www.boxrepsol.com\/es\/#website","url":"https:\/\/www.boxrepsol.com\/es\/","name":"Box Repsol","description":"Box Repsol Site","publisher":{"@id":"https:\/\/www.boxrepsol.com\/es\/#organization"},"potentialAction":[{"@type":"SearchAction","target":{"@type":"EntryPoint","urlTemplate":"https:\/\/www.boxrepsol.com\/es\/?s={search_term_string}"},"query-input":{"@type":"PropertyValueSpecification","valueRequired":true,"valueName":"search_term_string"}}],"inLanguage":"es"},{"@type":"Organization","@id":"https:\/\/www.boxrepsol.com\/es\/#organization","name":"Box Repsol","url":"https:\/\/www.boxrepsol.com\/es\/","logo":{"@type":"ImageObject","inLanguage":"es","@id":"https:\/\/www.boxrepsol.com\/es\/#\/schema\/logo\/image\/","url":"https:\/\/bxrepsol.s3.eu-west-1.amazonaws.com\/static\/2025\/07\/30083337\/favicon-96x96-1.png","contentUrl":"https:\/\/bxrepsol.s3.eu-west-1.amazonaws.com\/static\/2025\/07\/30083337\/favicon-96x96-1.png","width":96,"height":96,"caption":"Box Repsol"},"image":{"@id":"https:\/\/www.boxrepsol.com\/es\/#\/schema\/logo\/image\/"},"sameAs":["https:\/\/www.facebook.com\/BoxRepsol","https:\/\/x.com\/box_repsol","http:\/\/instagram.com\/box_repsol","https:\/\/www.youtube.com\/user\/RepsolCompeticion","https:\/\/www.flickr.com\/photos\/box_repsol\/"]},{"@type":"Person","@id":"https:\/\/www.boxrepsol.com\/es\/#\/schema\/person\/c5c2138f2cca251b0ad92b7086bb60b7","name":"Redacci\u00f3n Box Repsol","image":{"@type":"ImageObject","inLanguage":"es","@id":"https:\/\/secure.gravatar.com\/avatar\/adf7b77e38b4419baf32c7e9c21dde01f4e40df611f0978e3006fc4ba0aaab7e?s=96&d=mm&r=g","url":"https:\/\/secure.gravatar.com\/avatar\/adf7b77e38b4419baf32c7e9c21dde01f4e40df611f0978e3006fc4ba0aaab7e?s=96&d=mm&r=g","contentUrl":"https:\/\/secure.gravatar.com\/avatar\/adf7b77e38b4419baf32c7e9c21dde01f4e40df611f0978e3006fc4ba0aaab7e?s=96&d=mm&r=g","caption":"Redacci\u00f3n Box Repsol"},"description":"Box Repsol lo forma un equipo de periodistas, community managers, dise\u00f1adores y fot\u00f3grafos con m\u00e1s de 20 a\u00f1os de experiencia en el mundo del motorsport. Hemos vivido el primer mundial de un espa\u00f1ol en la categor\u00eda reina de motociclismo con \u00c1lex Crivill\u00e9, estuvimos en las victorias de Pedrosa y los t\u00edtulos de M\u00e1rquez, acompa\u00f1amos en \u00c1frica a Nani Roma y Marc Coma en sus conquistas del Dakar y hemos vibrado con los t\u00edtulos de Toni Bou en Trial. Adem\u00e1s, en nuestro equipo contamos con expertos en el mundo de las dos y cuatro ruedas tanto de la calle y las carreteras, como de los circuitos. Periodistas que han trabajado en revistas y publicaciones para hacerte llegar desde rutas y consejos de mantenimiento, a curiosidades y trucos de pilotaje.","sameAs":["https:\/\/www.facebook.com\/BoxRepsol\/","https:\/\/www.instagram.com\/box_repsol\/","https:\/\/x.com\/https:\/\/twitter.com\/box_repsol","https:\/\/www.youtube.com\/@Boxrepsol"],"url":"https:\/\/www.boxrepsol.com\/es\/author\/redaccion-box-repsol\/"}]}},"_links":{"self":[{"href":"https:\/\/www.boxrepsol.com\/es\/wp-json\/wp\/v2\/posts\/90876","targetHints":{"allow":["GET"]}}],"collection":[{"href":"https:\/\/www.boxrepsol.com\/es\/wp-json\/wp\/v2\/posts"}],"about":[{"href":"https:\/\/www.boxrepsol.com\/es\/wp-json\/wp\/v2\/types\/post"}],"author":[{"embeddable":true,"href":"https:\/\/www.boxrepsol.com\/es\/wp-json\/wp\/v2\/users\/43146"}],"replies":[{"embeddable":true,"href":"https:\/\/www.boxrepsol.com\/es\/wp-json\/wp\/v2\/comments?post=90876"}],"version-history":[{"count":3,"href":"https:\/\/www.boxrepsol.com\/es\/wp-json\/wp\/v2\/posts\/90876\/revisions"}],"predecessor-version":[{"id":110706,"href":"https:\/\/www.boxrepsol.com\/es\/wp-json\/wp\/v2\/posts\/90876\/revisions\/110706"}],"wp:featuredmedia":[{"embeddable":true,"href":"https:\/\/www.boxrepsol.com\/es\/wp-json\/wp\/v2\/media\/90878"}],"wp:attachment":[{"href":"https:\/\/www.boxrepsol.com\/es\/wp-json\/wp\/v2\/media?parent=90876"}],"wp:term":[{"taxonomy":"category","embeddable":true,"href":"https:\/\/www.boxrepsol.com\/es\/wp-json\/wp\/v2\/categories?post=90876"},{"taxonomy":"post_tag","embeddable":true,"href":"https:\/\/www.boxrepsol.com\/es\/wp-json\/wp\/v2\/tags?post=90876"}],"curies":[{"name":"wp","href":"https:\/\/api.w.org\/{rel}","templated":true}]}}