{"id":90817,"date":"2017-07-14T00:00:00","date_gmt":"2017-07-14T02:00:00","guid":{"rendered":"http:\/\/pre.boxrepsol.com\/sin-categorizar\/la-moto-que-estuvo-a-punto-de-surcar-la-luna\/"},"modified":"2024-10-07T12:07:55","modified_gmt":"2024-10-07T14:07:55","slug":"la-moto-que-estuvo-a-punto-de-surcar-la-luna","status":"publish","type":"post","link":"https:\/\/www.boxrepsol.com\/es\/cultura-motera\/la-moto-que-estuvo-a-punto-de-surcar-la-luna\/","title":{"rendered":"La moto que estuvo a punto de surcar la Luna"},"content":{"rendered":"<p>Una vez llegados a la Luna, y mientras el compa\u00f1ero de misi\u00f3n <strong>Michael Collins<\/strong> esperaba en la \u00f3rbita lunar a bordo del m\u00f3dulo de mando, Armstrong habr\u00eda tenido <strong>un par de horas<\/strong>, las que pas\u00f3 explorando el terreno junto al astronauta Buzz Aldrin, <strong>para darse una vuelta en moto<\/strong>. Parece imposible, \u00bfverdad? Pues la cosa estuvo a punto de hacerse realidad, aunque en misiones posteriores a la del <strong>Apolo 11, que el 20 de julio de 1969<\/strong> dio \u201c<strong>un peque\u00f1o paso para el hombre y un gran salto para la humanidad<\/strong>\u201d.<\/p>\n<p>Se tiene muy poca informaci\u00f3n sobre la moto dise\u00f1ada por l<strong>a agencia espacial de Estados Unidos.<\/strong> La moto, muy parecida a una <strong>Honda Z50<\/strong> de la \u00e9poca, se prob\u00f3 en agosto de 1969, tal y como queda reflejado en una de las pocas im\u00e1genes que se guardan del invento. En ella, un astronauta, rodeado de varios t\u00e9cnicos, la examina a bordo de un <strong>Boeing KC-135<\/strong> que permit\u00eda realizar tests de ingravidez.<\/p>\n<div id=\"attachment_9446\" style=\"width: 714px\" class=\"wp-caption aligncenter\"><img loading=\"lazy\" decoding=\"async\" aria-describedby=\"caption-attachment-9446\" src=\"https:\/\/bxrepsol.s3.eu-west-1.amazonaws.com\/static\/2022\/08\/29072535\/La_moto_que_estuvo_a_punto_de_surcar_la_Luna_01_nasa-2.jpg\" alt=\"\" width=\"704\" height=\"465\" \/><p id=\"caption-attachment-9446\" class=\"wp-caption-text\">Foto: Nasa<\/p><\/div>\n<p>Este modelo de avi\u00f3n fue usado para reproducir las condiciones de<strong> la Luna<\/strong> desde 1957 hasta el 2004, cuando fue sustituido por el <strong>Navy C-9<\/strong>. De este modo, el astronauta pod\u00eda experimentar las mismas sensaciones que tendr\u00eda sobre el terreno lunar. Sorprende el reducido tama\u00f1o de los neum\u00e1ticos y la sencillez de la moto de la imagen, muy ligera y con un motor el\u00e9ctrico que daba tracci\u00f3n a la rueda trasera. Curioso que se echara mano de esta tecnolog\u00eda, cuando estaba a muchas d\u00e9cadas de eclosionar.<\/p>\n<p>En otras fotos aparece un astronauta a lomos de lo que parece una <strong>Honda CT90<\/strong> sobre un suelo que simula el arenoso terreno lunar. Llegaron a la conclusi\u00f3n de que el piloto tendr\u00eda que tumbar demasiado la m\u00e1quina para poder girar y sortear la gravedad del sat\u00e9lite, que es una sexta parte que la terrestre (los cuerpos en la Luna pesan un 16,6% de lo que pesar\u00edan en la Tierra).<\/p>\n<div id=\"attachment_9448\" style=\"width: 714px\" class=\"wp-caption aligncenter\"><img loading=\"lazy\" decoding=\"async\" aria-describedby=\"caption-attachment-9448\" src=\"https:\/\/bxrepsol.s3.eu-west-1.amazonaws.com\/static\/2022\/08\/29072535\/La_moto_que_estuvo_a_punto_de_surcar_la_Luna_02_nasa-2.jpg\" alt=\"\" width=\"704\" height=\"650\" \/><p id=\"caption-attachment-9448\" class=\"wp-caption-text\">Foto: Nasa<\/p><\/div>\n<p>La moto lunar deb\u00eda remplazar al Rover, un peque\u00f1o kart que se demostr\u00f3 muy efectivo, en la misi\u00f3n del Apolo 15 de 1971 en caso de que sufriera alg\u00fan tipo de aver\u00eda. Tambi\u00e9n se usar\u00eda en visitas posteriores al espacio, pero eso nunca lleg\u00f3 a producirse porque la Nasa acab\u00f3 por descartar el proyecto a favor de otros veh\u00edculos lunares m\u00e1s solventes. B\u00e1sicamente, de cuatro ruedas.<\/p>\n<p>Antes de que Estados Unidos iniciara el programa Apolo, el Presidente Kennedy dio \u00f3rdenes de que se estudiara a fondo la manera de colocar a un hombre en la Luna. No le faltaban razones: la Uni\u00f3n Sovi\u00e9tica les hab\u00eda pasado la mano por la cara al poner al primer ser humano en \u00f3rbita.<\/p>\n<p>En la edici\u00f3n de mayo de 1972 de la revista AMA News, de la American Motorcyclist Association, se detallaban las razones del fiasco. En resumen, \u201c<strong>los veh\u00edculos lunares de cuatro ruedas son una necesidad, y los de dos ruedas, un lujo<\/strong>\u201d.<\/p>\n<div id=\"attachment_9450\" style=\"width: 458px\" class=\"wp-caption aligncenter\"><img loading=\"lazy\" decoding=\"async\" aria-describedby=\"caption-attachment-9450\" src=\"https:\/\/bxrepsol.s3.eu-west-1.amazonaws.com\/static\/2022\/08\/29072536\/La_moto_que_estuvo_a_punto_de_surcar_la_Luna_03_nasa-2.jpg\" alt=\"\" width=\"448\" height=\"619\" \/><p id=\"caption-attachment-9450\" class=\"wp-caption-text\">Foto: Nasa<\/p><\/div>\n<p>De haber triunfado la idea, quiz\u00e1s Armstrong o sus predecesores habr\u00edan podido dejar en la Luna, adem\u00e1s de su huella, alguna que otra rodada. Como escribi\u00f3 alguien en un popular foro de internet, \u201c<strong>pilotar una moto sobre la Luna es la cosa m\u00e1s \u2018cool\u2019 que un ser humano podr\u00eda hacer en la historia de la humanidad<\/strong>\u201d.<\/p>\n<p><strong>Armstrong no pudo cumplir el sue\u00f1o de ir en moto por la Luna<\/strong>. Pero s\u00ed se llev\u00f3 una buena sorpresa cuando regres\u00f3 a casa, ya que la marca espa\u00f1ola <strong>Montesa<\/strong>, por expreso deseo de su propietario, <strong>Pere Permanyer, le mand\u00f3 una de sus motos a casa<\/strong>.<\/p>\n<p>Quiz\u00e1s alg\u00fan d\u00eda, lejano, todo haya avanzado tanto que incluso el <strong>Mundial de Motos<\/strong> tenga su propio <strong>Gran Premio de Luna<\/strong>. Todo llegar\u00e1.<\/p>\n<p>Foto de cabecera: Nasa<\/p>\n","protected":false},"excerpt":{"rendered":"<p>Pongamos por caso que Neil Armstrong, el primer hombre que pis\u00f3 la Luna, hubiera sido un motero de pata negra. Imaginemos que la NASA le hubiera permitido llevar en el m\u00f3dulo espacial una moto para que pudiera cumplir su sue\u00f1o de pilotar sobre nuestro sat\u00e9lite. As\u00ed habr\u00eda sido m\u00e1s o menos su experiencia a lomos de una m\u00e1quina de la \u00e9poca.<\/p>\n","protected":false},"author":43146,"featured_media":90819,"comment_status":"open","ping_status":"open","sticky":false,"template":"","format":"standard","meta":{"footnotes":""},"categories":[160],"tags":[170],"class_list":["post-90817","post","type-post","status-publish","format-standard","hentry","category-cultura-motera","tag-curiosidades-moteras"],"yoast_head":"<!-- This site is optimized with the Yoast SEO plugin v27.3 - https:\/\/yoast.com\/product\/yoast-seo-wordpress\/ -->\n<title>\u00bfCu\u00e1l fue la moto que estuvo a punto de pisar la luna? - Box Repsol<\/title>\n<meta name=\"description\" content=\"Una vez llegados a la Luna, y mientras el compa\u00f1ero de misi\u00f3n Michael Collins esperaba en la \u00f3rbita lunar a bordo del m\u00f3dulo de mando\" \/>\n<link rel=\"canonical\" href=\"https:\/\/www.boxrepsol.com\/es\/cultura-motera\/la-moto-que-estuvo-a-punto-de-surcar-la-luna\/\" \/>\n<meta property=\"og:locale\" content=\"es_ES\" \/>\n<meta property=\"og:type\" content=\"article\" \/>\n<meta property=\"og:title\" content=\"\u00bfCu\u00e1l fue la moto que estuvo a punto de pisar la luna? - Box Repsol\" \/>\n<meta property=\"og:description\" content=\"Una vez llegados a la Luna, y mientras el compa\u00f1ero de misi\u00f3n Michael Collins esperaba en la \u00f3rbita lunar a bordo del m\u00f3dulo de mando\" \/>\n<meta property=\"og:url\" content=\"https:\/\/www.boxrepsol.com\/es\/cultura-motera\/la-moto-que-estuvo-a-punto-de-surcar-la-luna\/\" \/>\n<meta property=\"og:site_name\" content=\"Box Repsol\" \/>\n<meta property=\"article:publisher\" content=\"https:\/\/www.facebook.com\/BoxRepsol\" \/>\n<meta property=\"article:author\" content=\"https:\/\/www.facebook.com\/BoxRepsol\/\" \/>\n<meta property=\"article:published_time\" content=\"2017-07-14T02:00:00+00:00\" \/>\n<meta property=\"article:modified_time\" content=\"2024-10-07T14:07:55+00:00\" \/>\n<meta property=\"og:image\" content=\"https:\/\/bxrepsol.s3.eu-west-1.amazonaws.com\/static\/2023\/02\/24095633\/La_moto_que_estuvo_a_punto_de_surcar_la_Luna_header_nasa.png\" \/>\n\t<meta property=\"og:image:width\" content=\"986\" \/>\n\t<meta property=\"og:image:height\" content=\"555\" \/>\n\t<meta property=\"og:image:type\" content=\"image\/png\" \/>\n<meta name=\"author\" content=\"Redacci\u00f3n Box Repsol\" \/>\n<meta name=\"twitter:card\" content=\"summary_large_image\" \/>\n<meta name=\"twitter:creator\" content=\"@https:\/\/twitter.com\/box_repsol\" \/>\n<meta name=\"twitter:site\" content=\"@box_repsol\" \/>\n<meta name=\"twitter:label1\" content=\"Written by\" \/>\n\t<meta name=\"twitter:data1\" content=\"Redacci\u00f3n Box Repsol\" \/>\n\t<meta name=\"twitter:label2\" content=\"Est. reading time\" \/>\n\t<meta name=\"twitter:data2\" content=\"3 minutos\" \/>\n<script type=\"application\/ld+json\" class=\"yoast-schema-graph\">{\"@context\":\"https:\\\/\\\/schema.org\",\"@graph\":[{\"@type\":\"Article\",\"@id\":\"https:\\\/\\\/www.boxrepsol.com\\\/es\\\/cultura-motera\\\/la-moto-que-estuvo-a-punto-de-surcar-la-luna\\\/#article\",\"isPartOf\":{\"@id\":\"https:\\\/\\\/www.boxrepsol.com\\\/es\\\/cultura-motera\\\/la-moto-que-estuvo-a-punto-de-surcar-la-luna\\\/\"},\"author\":{\"name\":\"Redacci\u00f3n Box Repsol\",\"@id\":\"https:\\\/\\\/www.boxrepsol.com\\\/es\\\/#\\\/schema\\\/person\\\/c5c2138f2cca251b0ad92b7086bb60b7\"},\"headline\":\"La moto que estuvo a punto de surcar la Luna\",\"datePublished\":\"2017-07-14T02:00:00+00:00\",\"dateModified\":\"2024-10-07T14:07:55+00:00\",\"mainEntityOfPage\":{\"@id\":\"https:\\\/\\\/www.boxrepsol.com\\\/es\\\/cultura-motera\\\/la-moto-que-estuvo-a-punto-de-surcar-la-luna\\\/\"},\"wordCount\":683,\"commentCount\":0,\"publisher\":{\"@id\":\"https:\\\/\\\/www.boxrepsol.com\\\/es\\\/#organization\"},\"image\":{\"@id\":\"https:\\\/\\\/www.boxrepsol.com\\\/es\\\/cultura-motera\\\/la-moto-que-estuvo-a-punto-de-surcar-la-luna\\\/#primaryimage\"},\"thumbnailUrl\":\"https:\\\/\\\/bxrepsol.s3.eu-west-1.amazonaws.com\\\/static\\\/2023\\\/02\\\/24095633\\\/La_moto_que_estuvo_a_punto_de_surcar_la_Luna_header_nasa.png\",\"keywords\":[\"curiosidades moteras\"],\"articleSection\":[\"Cultura Motera\"],\"inLanguage\":\"es\",\"potentialAction\":[{\"@type\":\"CommentAction\",\"name\":\"Comment\",\"target\":[\"https:\\\/\\\/www.boxrepsol.com\\\/es\\\/cultura-motera\\\/la-moto-que-estuvo-a-punto-de-surcar-la-luna\\\/#respond\"]}]},{\"@type\":\"WebPage\",\"@id\":\"https:\\\/\\\/www.boxrepsol.com\\\/es\\\/cultura-motera\\\/la-moto-que-estuvo-a-punto-de-surcar-la-luna\\\/\",\"url\":\"https:\\\/\\\/www.boxrepsol.com\\\/es\\\/cultura-motera\\\/la-moto-que-estuvo-a-punto-de-surcar-la-luna\\\/\",\"name\":\"\u00bfCu\u00e1l fue la moto que estuvo a punto de pisar la luna? - Box Repsol\",\"isPartOf\":{\"@id\":\"https:\\\/\\\/www.boxrepsol.com\\\/es\\\/#website\"},\"primaryImageOfPage\":{\"@id\":\"https:\\\/\\\/www.boxrepsol.com\\\/es\\\/cultura-motera\\\/la-moto-que-estuvo-a-punto-de-surcar-la-luna\\\/#primaryimage\"},\"image\":{\"@id\":\"https:\\\/\\\/www.boxrepsol.com\\\/es\\\/cultura-motera\\\/la-moto-que-estuvo-a-punto-de-surcar-la-luna\\\/#primaryimage\"},\"thumbnailUrl\":\"https:\\\/\\\/bxrepsol.s3.eu-west-1.amazonaws.com\\\/static\\\/2023\\\/02\\\/24095633\\\/La_moto_que_estuvo_a_punto_de_surcar_la_Luna_header_nasa.png\",\"datePublished\":\"2017-07-14T02:00:00+00:00\",\"dateModified\":\"2024-10-07T14:07:55+00:00\",\"description\":\"Una vez llegados a la Luna, y mientras el compa\u00f1ero de misi\u00f3n Michael Collins esperaba en la \u00f3rbita lunar a bordo del m\u00f3dulo de mando\",\"breadcrumb\":{\"@id\":\"https:\\\/\\\/www.boxrepsol.com\\\/es\\\/cultura-motera\\\/la-moto-que-estuvo-a-punto-de-surcar-la-luna\\\/#breadcrumb\"},\"inLanguage\":\"es\",\"potentialAction\":[{\"@type\":\"ReadAction\",\"target\":[\"https:\\\/\\\/www.boxrepsol.com\\\/es\\\/cultura-motera\\\/la-moto-que-estuvo-a-punto-de-surcar-la-luna\\\/\"]}]},{\"@type\":\"ImageObject\",\"inLanguage\":\"es\",\"@id\":\"https:\\\/\\\/www.boxrepsol.com\\\/es\\\/cultura-motera\\\/la-moto-que-estuvo-a-punto-de-surcar-la-luna\\\/#primaryimage\",\"url\":\"https:\\\/\\\/bxrepsol.s3.eu-west-1.amazonaws.com\\\/static\\\/2023\\\/02\\\/24095633\\\/La_moto_que_estuvo_a_punto_de_surcar_la_Luna_header_nasa.png\",\"contentUrl\":\"https:\\\/\\\/bxrepsol.s3.eu-west-1.amazonaws.com\\\/static\\\/2023\\\/02\\\/24095633\\\/La_moto_que_estuvo_a_punto_de_surcar_la_Luna_header_nasa.png\",\"width\":986,\"height\":555,\"caption\":\"Maniqu\u00edes de astronautas en moto\"},{\"@type\":\"BreadcrumbList\",\"@id\":\"https:\\\/\\\/www.boxrepsol.com\\\/es\\\/cultura-motera\\\/la-moto-que-estuvo-a-punto-de-surcar-la-luna\\\/#breadcrumb\",\"itemListElement\":[{\"@type\":\"ListItem\",\"position\":1,\"name\":\"Home\",\"item\":\"https:\\\/\\\/www.boxrepsol.com\\\/es\\\/\"},{\"@type\":\"ListItem\",\"position\":2,\"name\":\"La moto que estuvo a punto de surcar la Luna\"}]},{\"@type\":\"WebSite\",\"@id\":\"https:\\\/\\\/www.boxrepsol.com\\\/es\\\/#website\",\"url\":\"https:\\\/\\\/www.boxrepsol.com\\\/es\\\/\",\"name\":\"Box Repsol\",\"description\":\"Box Repsol Site\",\"publisher\":{\"@id\":\"https:\\\/\\\/www.boxrepsol.com\\\/es\\\/#organization\"},\"potentialAction\":[{\"@type\":\"SearchAction\",\"target\":{\"@type\":\"EntryPoint\",\"urlTemplate\":\"https:\\\/\\\/www.boxrepsol.com\\\/es\\\/?s={search_term_string}\"},\"query-input\":{\"@type\":\"PropertyValueSpecification\",\"valueRequired\":true,\"valueName\":\"search_term_string\"}}],\"inLanguage\":\"es\"},{\"@type\":\"Organization\",\"@id\":\"https:\\\/\\\/www.boxrepsol.com\\\/es\\\/#organization\",\"name\":\"Box Repsol\",\"url\":\"https:\\\/\\\/www.boxrepsol.com\\\/es\\\/\",\"logo\":{\"@type\":\"ImageObject\",\"inLanguage\":\"es\",\"@id\":\"https:\\\/\\\/www.boxrepsol.com\\\/es\\\/#\\\/schema\\\/logo\\\/image\\\/\",\"url\":\"https:\\\/\\\/bxrepsol.s3.eu-west-1.amazonaws.com\\\/static\\\/2025\\\/07\\\/30083337\\\/favicon-96x96-1.png\",\"contentUrl\":\"https:\\\/\\\/bxrepsol.s3.eu-west-1.amazonaws.com\\\/static\\\/2025\\\/07\\\/30083337\\\/favicon-96x96-1.png\",\"width\":96,\"height\":96,\"caption\":\"Box Repsol\"},\"image\":{\"@id\":\"https:\\\/\\\/www.boxrepsol.com\\\/es\\\/#\\\/schema\\\/logo\\\/image\\\/\"},\"sameAs\":[\"https:\\\/\\\/www.facebook.com\\\/BoxRepsol\",\"https:\\\/\\\/x.com\\\/box_repsol\",\"http:\\\/\\\/instagram.com\\\/box_repsol\",\"https:\\\/\\\/www.youtube.com\\\/user\\\/RepsolCompeticion\",\"https:\\\/\\\/www.flickr.com\\\/photos\\\/box_repsol\\\/\"]},{\"@type\":\"Person\",\"@id\":\"https:\\\/\\\/www.boxrepsol.com\\\/es\\\/#\\\/schema\\\/person\\\/c5c2138f2cca251b0ad92b7086bb60b7\",\"name\":\"Redacci\u00f3n Box Repsol\",\"image\":{\"@type\":\"ImageObject\",\"inLanguage\":\"es\",\"@id\":\"https:\\\/\\\/secure.gravatar.com\\\/avatar\\\/adf7b77e38b4419baf32c7e9c21dde01f4e40df611f0978e3006fc4ba0aaab7e?s=96&d=mm&r=g\",\"url\":\"https:\\\/\\\/secure.gravatar.com\\\/avatar\\\/adf7b77e38b4419baf32c7e9c21dde01f4e40df611f0978e3006fc4ba0aaab7e?s=96&d=mm&r=g\",\"contentUrl\":\"https:\\\/\\\/secure.gravatar.com\\\/avatar\\\/adf7b77e38b4419baf32c7e9c21dde01f4e40df611f0978e3006fc4ba0aaab7e?s=96&d=mm&r=g\",\"caption\":\"Redacci\u00f3n Box Repsol\"},\"description\":\"Box Repsol lo forma un equipo de periodistas, community managers, dise\u00f1adores y fot\u00f3grafos con m\u00e1s de 20 a\u00f1os de experiencia en el mundo del motorsport. Hemos vivido el primer mundial de un espa\u00f1ol en la categor\u00eda reina de motociclismo con \u00c1lex Crivill\u00e9, estuvimos en las victorias de Pedrosa y los t\u00edtulos de M\u00e1rquez, acompa\u00f1amos en \u00c1frica a Nani Roma y Marc Coma en sus conquistas del Dakar y hemos vibrado con los t\u00edtulos de Toni Bou en Trial. Adem\u00e1s, en nuestro equipo contamos con expertos en el mundo de las dos y cuatro ruedas tanto de la calle y las carreteras, como de los circuitos. Periodistas que han trabajado en revistas y publicaciones para hacerte llegar desde rutas y consejos de mantenimiento, a curiosidades y trucos de pilotaje.\",\"sameAs\":[\"https:\\\/\\\/www.facebook.com\\\/BoxRepsol\\\/\",\"https:\\\/\\\/www.instagram.com\\\/box_repsol\\\/\",\"https:\\\/\\\/x.com\\\/https:\\\/\\\/twitter.com\\\/box_repsol\",\"https:\\\/\\\/www.youtube.com\\\/@Boxrepsol\"],\"url\":\"https:\\\/\\\/www.boxrepsol.com\\\/es\\\/author\\\/redaccion-box-repsol\\\/\"}]}<\/script>\n<!-- \/ Yoast SEO plugin. -->","yoast_head_json":{"title":"\u00bfCu\u00e1l fue la moto que estuvo a punto de pisar la luna? - Box Repsol","description":"Una vez llegados a la Luna, y mientras el compa\u00f1ero de misi\u00f3n Michael Collins esperaba en la \u00f3rbita lunar a bordo del m\u00f3dulo de mando","canonical":"https:\/\/www.boxrepsol.com\/es\/cultura-motera\/la-moto-que-estuvo-a-punto-de-surcar-la-luna\/","og_locale":"es_ES","og_type":"article","og_title":"\u00bfCu\u00e1l fue la moto que estuvo a punto de pisar la luna? - Box Repsol","og_description":"Una vez llegados a la Luna, y mientras el compa\u00f1ero de misi\u00f3n Michael Collins esperaba en la \u00f3rbita lunar a bordo del m\u00f3dulo de mando","og_url":"https:\/\/www.boxrepsol.com\/es\/cultura-motera\/la-moto-que-estuvo-a-punto-de-surcar-la-luna\/","og_site_name":"Box Repsol","article_publisher":"https:\/\/www.facebook.com\/BoxRepsol","article_author":"https:\/\/www.facebook.com\/BoxRepsol\/","article_published_time":"2017-07-14T02:00:00+00:00","article_modified_time":"2024-10-07T14:07:55+00:00","og_image":[{"width":986,"height":555,"url":"https:\/\/bxrepsol.s3.eu-west-1.amazonaws.com\/static\/2023\/02\/24095633\/La_moto_que_estuvo_a_punto_de_surcar_la_Luna_header_nasa.png","type":"image\/png"}],"author":"Redacci\u00f3n Box Repsol","twitter_card":"summary_large_image","twitter_creator":"@https:\/\/twitter.com\/box_repsol","twitter_site":"@box_repsol","twitter_misc":{"Written by":"Redacci\u00f3n Box Repsol","Est. reading time":"3 minutos"},"schema":{"@context":"https:\/\/schema.org","@graph":[{"@type":"Article","@id":"https:\/\/www.boxrepsol.com\/es\/cultura-motera\/la-moto-que-estuvo-a-punto-de-surcar-la-luna\/#article","isPartOf":{"@id":"https:\/\/www.boxrepsol.com\/es\/cultura-motera\/la-moto-que-estuvo-a-punto-de-surcar-la-luna\/"},"author":{"name":"Redacci\u00f3n Box Repsol","@id":"https:\/\/www.boxrepsol.com\/es\/#\/schema\/person\/c5c2138f2cca251b0ad92b7086bb60b7"},"headline":"La moto que estuvo a punto de surcar la Luna","datePublished":"2017-07-14T02:00:00+00:00","dateModified":"2024-10-07T14:07:55+00:00","mainEntityOfPage":{"@id":"https:\/\/www.boxrepsol.com\/es\/cultura-motera\/la-moto-que-estuvo-a-punto-de-surcar-la-luna\/"},"wordCount":683,"commentCount":0,"publisher":{"@id":"https:\/\/www.boxrepsol.com\/es\/#organization"},"image":{"@id":"https:\/\/www.boxrepsol.com\/es\/cultura-motera\/la-moto-que-estuvo-a-punto-de-surcar-la-luna\/#primaryimage"},"thumbnailUrl":"https:\/\/bxrepsol.s3.eu-west-1.amazonaws.com\/static\/2023\/02\/24095633\/La_moto_que_estuvo_a_punto_de_surcar_la_Luna_header_nasa.png","keywords":["curiosidades moteras"],"articleSection":["Cultura Motera"],"inLanguage":"es","potentialAction":[{"@type":"CommentAction","name":"Comment","target":["https:\/\/www.boxrepsol.com\/es\/cultura-motera\/la-moto-que-estuvo-a-punto-de-surcar-la-luna\/#respond"]}]},{"@type":"WebPage","@id":"https:\/\/www.boxrepsol.com\/es\/cultura-motera\/la-moto-que-estuvo-a-punto-de-surcar-la-luna\/","url":"https:\/\/www.boxrepsol.com\/es\/cultura-motera\/la-moto-que-estuvo-a-punto-de-surcar-la-luna\/","name":"\u00bfCu\u00e1l fue la moto que estuvo a punto de pisar la luna? - Box Repsol","isPartOf":{"@id":"https:\/\/www.boxrepsol.com\/es\/#website"},"primaryImageOfPage":{"@id":"https:\/\/www.boxrepsol.com\/es\/cultura-motera\/la-moto-que-estuvo-a-punto-de-surcar-la-luna\/#primaryimage"},"image":{"@id":"https:\/\/www.boxrepsol.com\/es\/cultura-motera\/la-moto-que-estuvo-a-punto-de-surcar-la-luna\/#primaryimage"},"thumbnailUrl":"https:\/\/bxrepsol.s3.eu-west-1.amazonaws.com\/static\/2023\/02\/24095633\/La_moto_que_estuvo_a_punto_de_surcar_la_Luna_header_nasa.png","datePublished":"2017-07-14T02:00:00+00:00","dateModified":"2024-10-07T14:07:55+00:00","description":"Una vez llegados a la Luna, y mientras el compa\u00f1ero de misi\u00f3n Michael Collins esperaba en la \u00f3rbita lunar a bordo del m\u00f3dulo de mando","breadcrumb":{"@id":"https:\/\/www.boxrepsol.com\/es\/cultura-motera\/la-moto-que-estuvo-a-punto-de-surcar-la-luna\/#breadcrumb"},"inLanguage":"es","potentialAction":[{"@type":"ReadAction","target":["https:\/\/www.boxrepsol.com\/es\/cultura-motera\/la-moto-que-estuvo-a-punto-de-surcar-la-luna\/"]}]},{"@type":"ImageObject","inLanguage":"es","@id":"https:\/\/www.boxrepsol.com\/es\/cultura-motera\/la-moto-que-estuvo-a-punto-de-surcar-la-luna\/#primaryimage","url":"https:\/\/bxrepsol.s3.eu-west-1.amazonaws.com\/static\/2023\/02\/24095633\/La_moto_que_estuvo_a_punto_de_surcar_la_Luna_header_nasa.png","contentUrl":"https:\/\/bxrepsol.s3.eu-west-1.amazonaws.com\/static\/2023\/02\/24095633\/La_moto_que_estuvo_a_punto_de_surcar_la_Luna_header_nasa.png","width":986,"height":555,"caption":"Maniqu\u00edes de astronautas en moto"},{"@type":"BreadcrumbList","@id":"https:\/\/www.boxrepsol.com\/es\/cultura-motera\/la-moto-que-estuvo-a-punto-de-surcar-la-luna\/#breadcrumb","itemListElement":[{"@type":"ListItem","position":1,"name":"Home","item":"https:\/\/www.boxrepsol.com\/es\/"},{"@type":"ListItem","position":2,"name":"La moto que estuvo a punto de surcar la Luna"}]},{"@type":"WebSite","@id":"https:\/\/www.boxrepsol.com\/es\/#website","url":"https:\/\/www.boxrepsol.com\/es\/","name":"Box Repsol","description":"Box Repsol Site","publisher":{"@id":"https:\/\/www.boxrepsol.com\/es\/#organization"},"potentialAction":[{"@type":"SearchAction","target":{"@type":"EntryPoint","urlTemplate":"https:\/\/www.boxrepsol.com\/es\/?s={search_term_string}"},"query-input":{"@type":"PropertyValueSpecification","valueRequired":true,"valueName":"search_term_string"}}],"inLanguage":"es"},{"@type":"Organization","@id":"https:\/\/www.boxrepsol.com\/es\/#organization","name":"Box Repsol","url":"https:\/\/www.boxrepsol.com\/es\/","logo":{"@type":"ImageObject","inLanguage":"es","@id":"https:\/\/www.boxrepsol.com\/es\/#\/schema\/logo\/image\/","url":"https:\/\/bxrepsol.s3.eu-west-1.amazonaws.com\/static\/2025\/07\/30083337\/favicon-96x96-1.png","contentUrl":"https:\/\/bxrepsol.s3.eu-west-1.amazonaws.com\/static\/2025\/07\/30083337\/favicon-96x96-1.png","width":96,"height":96,"caption":"Box Repsol"},"image":{"@id":"https:\/\/www.boxrepsol.com\/es\/#\/schema\/logo\/image\/"},"sameAs":["https:\/\/www.facebook.com\/BoxRepsol","https:\/\/x.com\/box_repsol","http:\/\/instagram.com\/box_repsol","https:\/\/www.youtube.com\/user\/RepsolCompeticion","https:\/\/www.flickr.com\/photos\/box_repsol\/"]},{"@type":"Person","@id":"https:\/\/www.boxrepsol.com\/es\/#\/schema\/person\/c5c2138f2cca251b0ad92b7086bb60b7","name":"Redacci\u00f3n Box Repsol","image":{"@type":"ImageObject","inLanguage":"es","@id":"https:\/\/secure.gravatar.com\/avatar\/adf7b77e38b4419baf32c7e9c21dde01f4e40df611f0978e3006fc4ba0aaab7e?s=96&d=mm&r=g","url":"https:\/\/secure.gravatar.com\/avatar\/adf7b77e38b4419baf32c7e9c21dde01f4e40df611f0978e3006fc4ba0aaab7e?s=96&d=mm&r=g","contentUrl":"https:\/\/secure.gravatar.com\/avatar\/adf7b77e38b4419baf32c7e9c21dde01f4e40df611f0978e3006fc4ba0aaab7e?s=96&d=mm&r=g","caption":"Redacci\u00f3n Box Repsol"},"description":"Box Repsol lo forma un equipo de periodistas, community managers, dise\u00f1adores y fot\u00f3grafos con m\u00e1s de 20 a\u00f1os de experiencia en el mundo del motorsport. Hemos vivido el primer mundial de un espa\u00f1ol en la categor\u00eda reina de motociclismo con \u00c1lex Crivill\u00e9, estuvimos en las victorias de Pedrosa y los t\u00edtulos de M\u00e1rquez, acompa\u00f1amos en \u00c1frica a Nani Roma y Marc Coma en sus conquistas del Dakar y hemos vibrado con los t\u00edtulos de Toni Bou en Trial. Adem\u00e1s, en nuestro equipo contamos con expertos en el mundo de las dos y cuatro ruedas tanto de la calle y las carreteras, como de los circuitos. Periodistas que han trabajado en revistas y publicaciones para hacerte llegar desde rutas y consejos de mantenimiento, a curiosidades y trucos de pilotaje.","sameAs":["https:\/\/www.facebook.com\/BoxRepsol\/","https:\/\/www.instagram.com\/box_repsol\/","https:\/\/x.com\/https:\/\/twitter.com\/box_repsol","https:\/\/www.youtube.com\/@Boxrepsol"],"url":"https:\/\/www.boxrepsol.com\/es\/author\/redaccion-box-repsol\/"}]}},"_links":{"self":[{"href":"https:\/\/www.boxrepsol.com\/es\/wp-json\/wp\/v2\/posts\/90817","targetHints":{"allow":["GET"]}}],"collection":[{"href":"https:\/\/www.boxrepsol.com\/es\/wp-json\/wp\/v2\/posts"}],"about":[{"href":"https:\/\/www.boxrepsol.com\/es\/wp-json\/wp\/v2\/types\/post"}],"author":[{"embeddable":true,"href":"https:\/\/www.boxrepsol.com\/es\/wp-json\/wp\/v2\/users\/43146"}],"replies":[{"embeddable":true,"href":"https:\/\/www.boxrepsol.com\/es\/wp-json\/wp\/v2\/comments?post=90817"}],"version-history":[{"count":5,"href":"https:\/\/www.boxrepsol.com\/es\/wp-json\/wp\/v2\/posts\/90817\/revisions"}],"predecessor-version":[{"id":120743,"href":"https:\/\/www.boxrepsol.com\/es\/wp-json\/wp\/v2\/posts\/90817\/revisions\/120743"}],"wp:featuredmedia":[{"embeddable":true,"href":"https:\/\/www.boxrepsol.com\/es\/wp-json\/wp\/v2\/media\/90819"}],"wp:attachment":[{"href":"https:\/\/www.boxrepsol.com\/es\/wp-json\/wp\/v2\/media?parent=90817"}],"wp:term":[{"taxonomy":"category","embeddable":true,"href":"https:\/\/www.boxrepsol.com\/es\/wp-json\/wp\/v2\/categories?post=90817"},{"taxonomy":"post_tag","embeddable":true,"href":"https:\/\/www.boxrepsol.com\/es\/wp-json\/wp\/v2\/tags?post=90817"}],"curies":[{"name":"wp","href":"https:\/\/api.w.org\/{rel}","templated":true}]}}