{"id":90797,"date":"2017-09-01T00:00:00","date_gmt":"2017-09-01T02:00:00","guid":{"rendered":"http:\/\/pre.boxrepsol.com\/sin-categorizar\/red-bull-air-race-la-competicion-mas-rapida-aire\/"},"modified":"2024-10-03T07:02:07","modified_gmt":"2024-10-03T09:02:07","slug":"red-bull-air-race-la-competicion-mas-rapida-aire","status":"publish","type":"post","link":"https:\/\/www.boxrepsol.com\/es\/red-bull-air-race\/red-bull-air-race-la-competicion-mas-rapida-aire\/","title":{"rendered":"Red Bull Air Race, la competici\u00f3n m\u00e1s r\u00e1pida en el aire"},"content":{"rendered":"<blockquote>\n<p>Al final de las ocho pruebas, el piloto con mayor puntuaci\u00f3n ser\u00e1 nombrado campe\u00f3n de la Red Bull Air Race<\/p><\/blockquote>\n<p><strong>Disputada desde 2003<\/strong>, estamos ante la disciplina deportiva m\u00e1s relevante del mundo de la competici\u00f3n a\u00e9rea. La <strong>Red Bull Air Race<\/strong> est\u00e1 reconocida por la Federaci\u00f3n Aeron\u00e1utica Internacional (FAI) como una competici\u00f3n oficial que cuenta con dos categor\u00edas: La <em>Challenger <\/em>y la\u00a0<strong><em>Master Class\u00a0<\/em><\/strong>en la que participa <a href=\"https:\/\/www.boxrepsol.com\/es\/equipo-repsol\/juan-velarde\/\"><strong>Juan Velarde<\/strong><\/a>.<\/p>\n<p>La idea es sencilla, un avi\u00f3n de vuelo acrob\u00e1tico realiza un trazado a trav\u00e9s y alrededor de una serie de <strong>pilones inflables<\/strong> con el objetivo de hacer el <strong>mejor tiempo posible<\/strong> a una distancia de solo <strong>entre 15 y 25 metros del suelo<\/strong>. Para ello hace falta <strong>pilotar r\u00e1pido<\/strong>, pero tambi\u00e9n un dominio alt\u00edsimo de la m\u00e1quina para realizar <strong>giros muy cerrados<\/strong> a una velocidad de <strong>m\u00e1s de 300km\/h<\/strong>.<\/p>\n<p>En la <a href=\"https:\/\/www.boxrepsol.com\/es\/red-bull-air-race\/seguridad-la-red-bull-air-race-aprietense-los-cinturones\/\"><strong>Master Class 14 pilotos <\/strong><\/a>se enfrentan para lograr ser los m\u00e1s r\u00e1pidos del mundo. A todos ellos se les requiere que tengan al menos una victoria en una competici\u00f3n internacional reconocida por la FAI antes de permitirles tomar parte en el certamen.<\/p>\n<h3>Final a 4<\/h3>\n<p>Montados sobre aviones <a href=\"https:\/\/www.boxrepsol.com\/es\/equipo-repsol\/edge-540-v2\/\"><strong>Edge 540<\/strong><\/a>, o los recientemente introducidos <strong>MXS-R<\/strong>, se ven las caras en varias pruebas compuestas por<strong> tres rondas clasificatorias. <\/strong>Solo los mejores consiguen llegar a la tercera ronda.<\/p>\n<p>Al principio de la competici\u00f3n se realizan varias sesiones al igual que en un fin de semana de MotoGP, estas incluyen <strong>entrenamientos, una ronda clasificatoria y la competici\u00f3n <\/strong>en s\u00ed misma.<\/p>\n<p>En la primera ronda de carrera se emparejan a los pilotos seg\u00fan su tiempo de clasificaci\u00f3n, los que consigan los mejores tiempos pasar\u00e1n a la siguiente tanda en la que se repetir\u00e1 el proceso con 8 pilotos, los 7 ganadores de la ronda anterior y el piloto m\u00e1s r\u00e1pido de entre los restantes. Los<strong> vencedores pasan a la final <\/strong>en la que se juegan la victoria de la carrera en un <strong>enfrentamiento a 4.<\/strong><\/p>\n<p>Los<strong> diez mejores competidores <\/strong>de cada prueba<strong>, reciben puntos dependiendo de su posici\u00f3n final<\/strong>. El ganador recibe 15 puntos, el segundo 12, el tercero 9 y el cuarto 7, del quinto al d\u00e9cimo reciben puntuaciones inferiores. Al final de las ocho pruebas que componen el campeonato, el piloto con mayor puntuaci\u00f3n ser\u00e1 nombrado campe\u00f3n de la Red Bull Air Race.<\/p>\n<p><img decoding=\"async\" src=\"https:\/\/bxrepsol.s3.eu-west-1.amazonaws.com\/static\/2022\/08\/29052348\/P-20170604-00768_News-scaled.jpg\" alt=\"Avi\u00f3n de Juan Velarde pasando entre dos pilones en la Red Bull Air Race\" \/><\/p>\n<p>Hay una serie de limitaciones que deben ser cumplidas en todas y cada una de las sesiones. El fallar en cumplir algunas de estar normas puede suponer una penalizaci\u00f3n, incluso la descalificaci\u00f3n de la carrera.<\/p>\n<p><strong>Los pilotos deben entrar en pista a 370 km\/h <\/strong>como mucho aunque esta limitaci\u00f3n puede ser inferior en algunos circuitos. Sobrepasar esta velocidad les reportar\u00e1 una penalizaci\u00f3n que puede ser de un segundo o la descalificaci\u00f3n. <strong>Dentro de pista no hay l\u00edmite de velocidad, pero s\u00ed de \u2018g\u2019s <\/strong>que miden la cantidad de veces que el avi\u00f3n y el piloto soportan la fuerza de la gravedad, la cual se acent\u00faa en determinadas maniobras. Por seguridad los pilotos solo pueden sobrepasar los 10 \u2018g\u2019 durante 0,6 segundos y en ning\u00fan caso los 12 \u2018g\u2019, <strong>no cumplir esta regla significa una descalificaci\u00f3n inmediata<\/strong>.<\/p>\n<p>Los pilotos deben respetar todos los obst\u00e1culos del trazado, tanto pilones como puertas, ya que ignorarlos supone la descalificaci\u00f3n. Tocar un obst\u00e1culo o superarlo con el avi\u00f3n desnivelado suele suponer una penalizaci\u00f3n de entre 1 y 3 segundos. Si se repiten muchas de estas sin embargo, el piloto puede ser descalificado. Adem\u00e1s de todo esto los pilotos deben encender el humo cuando se les da la se\u00f1al si no quieren recibir un segundo de penalizaci\u00f3n.<\/p>\n<p><strong>Suscr\u00edbete a la Newsletter de Box Repsol<\/strong><\/p>\n<p>Te contemos en exclusiva todas las noticias del Equipo Repsol, entrevistas, reportajes, v\u00eddeos, resultados de nuestros pilotos de la\u00a0<strong>Red Bull Air Race<\/strong> y mucho m\u00e1s. <a href=\"https:\/\/www.boxrepsol.com\/es\/suscribete\/\">Suscr\u00edbete a la Newsletter de Box Repsol<\/a> y ent\u00e9rate de todas nuestras <strong>promociones<\/strong> y <strong>concursos<\/strong>.<\/p>\n","protected":false},"excerpt":{"rendered":"<p>Juan Velarde, piloto del equipo Repsol participa en la primera competici\u00f3n de vuelo orientada a la velocidad. Os contamos todo lo que quer\u00edais saber sobre la Red Bull Air Race.<\/p>\n","protected":false},"author":43146,"featured_media":86709,"comment_status":"open","ping_status":"open","sticky":false,"template":"","format":"standard","meta":{"footnotes":""},"categories":[159],"tags":[130],"class_list":["post-90797","post","type-post","status-publish","format-standard","hentry","category-red-bull-air-race","tag-otros-eventos-y-competiciones"],"yoast_head":"<!-- This site is optimized with the Yoast SEO plugin v27.3 - https:\/\/yoast.com\/product\/yoast-seo-wordpress\/ -->\n<title>Red Bull Air Race, la competici\u00f3n m\u00e1s r\u00e1pida en el aire - Box Repsol<\/title>\n<meta name=\"description\" content=\"Juan Velarde, piloto del equipo Repsol participa en la primera competici\u00f3n de vuelo orientada a la velocidad. Os contamos todo lo que quer\u00edais saber.\" \/>\n<link rel=\"canonical\" href=\"https:\/\/www.boxrepsol.com\/es\/red-bull-air-race\/red-bull-air-race-la-competicion-mas-rapida-aire\/\" \/>\n<meta property=\"og:locale\" content=\"es_ES\" \/>\n<meta property=\"og:type\" content=\"article\" \/>\n<meta property=\"og:title\" content=\"Red Bull Air Race, la competici\u00f3n m\u00e1s r\u00e1pida en el aire - Box Repsol\" \/>\n<meta property=\"og:description\" content=\"Juan Velarde, piloto del equipo Repsol participa en la primera competici\u00f3n de vuelo orientada a la velocidad. Os contamos todo lo que quer\u00edais saber.\" \/>\n<meta property=\"og:url\" content=\"https:\/\/www.boxrepsol.com\/es\/red-bull-air-race\/red-bull-air-race-la-competicion-mas-rapida-aire\/\" \/>\n<meta property=\"og:site_name\" content=\"Box Repsol\" \/>\n<meta property=\"article:publisher\" content=\"https:\/\/www.facebook.com\/BoxRepsol\" \/>\n<meta property=\"article:author\" content=\"https:\/\/www.facebook.com\/BoxRepsol\/\" \/>\n<meta property=\"article:published_time\" content=\"2017-09-01T02:00:00+00:00\" \/>\n<meta property=\"article:modified_time\" content=\"2024-10-03T09:02:07+00:00\" \/>\n<meta property=\"og:image\" content=\"https:\/\/www.boxrepsol.com\/wp-content\/uploads\/2022\/08\/00_redbullairrace_juan_velarde_bravo3_repsol.jpg\" \/>\n\t<meta property=\"og:image:width\" content=\"995\" \/>\n\t<meta property=\"og:image:height\" content=\"560\" \/>\n\t<meta property=\"og:image:type\" content=\"image\/jpeg\" \/>\n<meta name=\"author\" content=\"Redacci\u00f3n Box Repsol\" \/>\n<meta name=\"twitter:card\" content=\"summary_large_image\" \/>\n<meta name=\"twitter:creator\" content=\"@https:\/\/twitter.com\/box_repsol\" \/>\n<meta name=\"twitter:site\" content=\"@box_repsol\" \/>\n<meta name=\"twitter:label1\" content=\"Written by\" \/>\n\t<meta name=\"twitter:data1\" content=\"Redacci\u00f3n Box Repsol\" \/>\n\t<meta name=\"twitter:label2\" content=\"Est. reading time\" \/>\n\t<meta name=\"twitter:data2\" content=\"3 minutos\" \/>\n<script type=\"application\/ld+json\" class=\"yoast-schema-graph\">{\"@context\":\"https:\\\/\\\/schema.org\",\"@graph\":[{\"@type\":\"Article\",\"@id\":\"https:\\\/\\\/www.boxrepsol.com\\\/es\\\/red-bull-air-race\\\/red-bull-air-race-la-competicion-mas-rapida-aire\\\/#article\",\"isPartOf\":{\"@id\":\"https:\\\/\\\/www.boxrepsol.com\\\/es\\\/red-bull-air-race\\\/red-bull-air-race-la-competicion-mas-rapida-aire\\\/\"},\"author\":{\"name\":\"Redacci\u00f3n Box Repsol\",\"@id\":\"https:\\\/\\\/www.boxrepsol.com\\\/es\\\/#\\\/schema\\\/person\\\/c5c2138f2cca251b0ad92b7086bb60b7\"},\"headline\":\"Red Bull Air Race, la competici\u00f3n m\u00e1s r\u00e1pida en el aire\",\"datePublished\":\"2017-09-01T02:00:00+00:00\",\"dateModified\":\"2024-10-03T09:02:07+00:00\",\"mainEntityOfPage\":{\"@id\":\"https:\\\/\\\/www.boxrepsol.com\\\/es\\\/red-bull-air-race\\\/red-bull-air-race-la-competicion-mas-rapida-aire\\\/\"},\"wordCount\":693,\"commentCount\":0,\"publisher\":{\"@id\":\"https:\\\/\\\/www.boxrepsol.com\\\/es\\\/#organization\"},\"image\":{\"@id\":\"https:\\\/\\\/www.boxrepsol.com\\\/es\\\/red-bull-air-race\\\/red-bull-air-race-la-competicion-mas-rapida-aire\\\/#primaryimage\"},\"thumbnailUrl\":\"https:\\\/\\\/www.boxrepsol.com\\\/wp-content\\\/uploads\\\/2022\\\/08\\\/00_redbullairrace_juan_velarde_bravo3_repsol.jpg\",\"keywords\":[\"otros eventos y competiciones\"],\"articleSection\":[\"Red Bull Air Race\"],\"inLanguage\":\"es\",\"potentialAction\":[{\"@type\":\"CommentAction\",\"name\":\"Comment\",\"target\":[\"https:\\\/\\\/www.boxrepsol.com\\\/es\\\/red-bull-air-race\\\/red-bull-air-race-la-competicion-mas-rapida-aire\\\/#respond\"]}]},{\"@type\":\"WebPage\",\"@id\":\"https:\\\/\\\/www.boxrepsol.com\\\/es\\\/red-bull-air-race\\\/red-bull-air-race-la-competicion-mas-rapida-aire\\\/\",\"url\":\"https:\\\/\\\/www.boxrepsol.com\\\/es\\\/red-bull-air-race\\\/red-bull-air-race-la-competicion-mas-rapida-aire\\\/\",\"name\":\"Red Bull Air Race, la competici\u00f3n m\u00e1s r\u00e1pida en el aire - Box Repsol\",\"isPartOf\":{\"@id\":\"https:\\\/\\\/www.boxrepsol.com\\\/es\\\/#website\"},\"primaryImageOfPage\":{\"@id\":\"https:\\\/\\\/www.boxrepsol.com\\\/es\\\/red-bull-air-race\\\/red-bull-air-race-la-competicion-mas-rapida-aire\\\/#primaryimage\"},\"image\":{\"@id\":\"https:\\\/\\\/www.boxrepsol.com\\\/es\\\/red-bull-air-race\\\/red-bull-air-race-la-competicion-mas-rapida-aire\\\/#primaryimage\"},\"thumbnailUrl\":\"https:\\\/\\\/www.boxrepsol.com\\\/wp-content\\\/uploads\\\/2022\\\/08\\\/00_redbullairrace_juan_velarde_bravo3_repsol.jpg\",\"datePublished\":\"2017-09-01T02:00:00+00:00\",\"dateModified\":\"2024-10-03T09:02:07+00:00\",\"description\":\"Juan Velarde, piloto del equipo Repsol participa en la primera competici\u00f3n de vuelo orientada a la velocidad. Os contamos todo lo que quer\u00edais saber.\",\"breadcrumb\":{\"@id\":\"https:\\\/\\\/www.boxrepsol.com\\\/es\\\/red-bull-air-race\\\/red-bull-air-race-la-competicion-mas-rapida-aire\\\/#breadcrumb\"},\"inLanguage\":\"es\",\"potentialAction\":[{\"@type\":\"ReadAction\",\"target\":[\"https:\\\/\\\/www.boxrepsol.com\\\/es\\\/red-bull-air-race\\\/red-bull-air-race-la-competicion-mas-rapida-aire\\\/\"]}]},{\"@type\":\"ImageObject\",\"inLanguage\":\"es\",\"@id\":\"https:\\\/\\\/www.boxrepsol.com\\\/es\\\/red-bull-air-race\\\/red-bull-air-race-la-competicion-mas-rapida-aire\\\/#primaryimage\",\"url\":\"https:\\\/\\\/www.boxrepsol.com\\\/wp-content\\\/uploads\\\/2022\\\/08\\\/00_redbullairrace_juan_velarde_bravo3_repsol.jpg\",\"contentUrl\":\"https:\\\/\\\/www.boxrepsol.com\\\/wp-content\\\/uploads\\\/2022\\\/08\\\/00_redbullairrace_juan_velarde_bravo3_repsol.jpg\",\"width\":995,\"height\":560,\"caption\":\"Juan Velarde y Anselmo G\u00e1mez en pista antes de despegar\"},{\"@type\":\"BreadcrumbList\",\"@id\":\"https:\\\/\\\/www.boxrepsol.com\\\/es\\\/red-bull-air-race\\\/red-bull-air-race-la-competicion-mas-rapida-aire\\\/#breadcrumb\",\"itemListElement\":[{\"@type\":\"ListItem\",\"position\":1,\"name\":\"Home\",\"item\":\"https:\\\/\\\/www.boxrepsol.com\\\/es\\\/\"},{\"@type\":\"ListItem\",\"position\":2,\"name\":\"Red Bull Air Race, la competici\u00f3n m\u00e1s r\u00e1pida en el aire\"}]},{\"@type\":\"WebSite\",\"@id\":\"https:\\\/\\\/www.boxrepsol.com\\\/es\\\/#website\",\"url\":\"https:\\\/\\\/www.boxrepsol.com\\\/es\\\/\",\"name\":\"Box Repsol\",\"description\":\"Box Repsol Site\",\"publisher\":{\"@id\":\"https:\\\/\\\/www.boxrepsol.com\\\/es\\\/#organization\"},\"potentialAction\":[{\"@type\":\"SearchAction\",\"target\":{\"@type\":\"EntryPoint\",\"urlTemplate\":\"https:\\\/\\\/www.boxrepsol.com\\\/es\\\/?s={search_term_string}\"},\"query-input\":{\"@type\":\"PropertyValueSpecification\",\"valueRequired\":true,\"valueName\":\"search_term_string\"}}],\"inLanguage\":\"es\"},{\"@type\":\"Organization\",\"@id\":\"https:\\\/\\\/www.boxrepsol.com\\\/es\\\/#organization\",\"name\":\"Box Repsol\",\"url\":\"https:\\\/\\\/www.boxrepsol.com\\\/es\\\/\",\"logo\":{\"@type\":\"ImageObject\",\"inLanguage\":\"es\",\"@id\":\"https:\\\/\\\/www.boxrepsol.com\\\/es\\\/#\\\/schema\\\/logo\\\/image\\\/\",\"url\":\"https:\\\/\\\/bxrepsol.s3.eu-west-1.amazonaws.com\\\/static\\\/2025\\\/07\\\/30083337\\\/favicon-96x96-1.png\",\"contentUrl\":\"https:\\\/\\\/bxrepsol.s3.eu-west-1.amazonaws.com\\\/static\\\/2025\\\/07\\\/30083337\\\/favicon-96x96-1.png\",\"width\":96,\"height\":96,\"caption\":\"Box Repsol\"},\"image\":{\"@id\":\"https:\\\/\\\/www.boxrepsol.com\\\/es\\\/#\\\/schema\\\/logo\\\/image\\\/\"},\"sameAs\":[\"https:\\\/\\\/www.facebook.com\\\/BoxRepsol\",\"https:\\\/\\\/x.com\\\/box_repsol\",\"http:\\\/\\\/instagram.com\\\/box_repsol\",\"https:\\\/\\\/www.youtube.com\\\/user\\\/RepsolCompeticion\",\"https:\\\/\\\/www.flickr.com\\\/photos\\\/box_repsol\\\/\"]},{\"@type\":\"Person\",\"@id\":\"https:\\\/\\\/www.boxrepsol.com\\\/es\\\/#\\\/schema\\\/person\\\/c5c2138f2cca251b0ad92b7086bb60b7\",\"name\":\"Redacci\u00f3n Box Repsol\",\"image\":{\"@type\":\"ImageObject\",\"inLanguage\":\"es\",\"@id\":\"https:\\\/\\\/secure.gravatar.com\\\/avatar\\\/adf7b77e38b4419baf32c7e9c21dde01f4e40df611f0978e3006fc4ba0aaab7e?s=96&d=mm&r=g\",\"url\":\"https:\\\/\\\/secure.gravatar.com\\\/avatar\\\/adf7b77e38b4419baf32c7e9c21dde01f4e40df611f0978e3006fc4ba0aaab7e?s=96&d=mm&r=g\",\"contentUrl\":\"https:\\\/\\\/secure.gravatar.com\\\/avatar\\\/adf7b77e38b4419baf32c7e9c21dde01f4e40df611f0978e3006fc4ba0aaab7e?s=96&d=mm&r=g\",\"caption\":\"Redacci\u00f3n Box Repsol\"},\"description\":\"Box Repsol lo forma un equipo de periodistas, community managers, dise\u00f1adores y fot\u00f3grafos con m\u00e1s de 20 a\u00f1os de experiencia en el mundo del motorsport. Hemos vivido el primer mundial de un espa\u00f1ol en la categor\u00eda reina de motociclismo con \u00c1lex Crivill\u00e9, estuvimos en las victorias de Pedrosa y los t\u00edtulos de M\u00e1rquez, acompa\u00f1amos en \u00c1frica a Nani Roma y Marc Coma en sus conquistas del Dakar y hemos vibrado con los t\u00edtulos de Toni Bou en Trial. Adem\u00e1s, en nuestro equipo contamos con expertos en el mundo de las dos y cuatro ruedas tanto de la calle y las carreteras, como de los circuitos. Periodistas que han trabajado en revistas y publicaciones para hacerte llegar desde rutas y consejos de mantenimiento, a curiosidades y trucos de pilotaje.\",\"sameAs\":[\"https:\\\/\\\/www.facebook.com\\\/BoxRepsol\\\/\",\"https:\\\/\\\/www.instagram.com\\\/box_repsol\\\/\",\"https:\\\/\\\/x.com\\\/https:\\\/\\\/twitter.com\\\/box_repsol\",\"https:\\\/\\\/www.youtube.com\\\/@Boxrepsol\"],\"url\":\"https:\\\/\\\/www.boxrepsol.com\\\/es\\\/author\\\/redaccion-box-repsol\\\/\"}]}<\/script>\n<!-- \/ Yoast SEO plugin. -->","yoast_head_json":{"title":"Red Bull Air Race, la competici\u00f3n m\u00e1s r\u00e1pida en el aire - Box Repsol","description":"Juan Velarde, piloto del equipo Repsol participa en la primera competici\u00f3n de vuelo orientada a la velocidad. Os contamos todo lo que quer\u00edais saber.","canonical":"https:\/\/www.boxrepsol.com\/es\/red-bull-air-race\/red-bull-air-race-la-competicion-mas-rapida-aire\/","og_locale":"es_ES","og_type":"article","og_title":"Red Bull Air Race, la competici\u00f3n m\u00e1s r\u00e1pida en el aire - Box Repsol","og_description":"Juan Velarde, piloto del equipo Repsol participa en la primera competici\u00f3n de vuelo orientada a la velocidad. Os contamos todo lo que quer\u00edais saber.","og_url":"https:\/\/www.boxrepsol.com\/es\/red-bull-air-race\/red-bull-air-race-la-competicion-mas-rapida-aire\/","og_site_name":"Box Repsol","article_publisher":"https:\/\/www.facebook.com\/BoxRepsol","article_author":"https:\/\/www.facebook.com\/BoxRepsol\/","article_published_time":"2017-09-01T02:00:00+00:00","article_modified_time":"2024-10-03T09:02:07+00:00","og_image":[{"width":995,"height":560,"url":"https:\/\/www.boxrepsol.com\/wp-content\/uploads\/2022\/08\/00_redbullairrace_juan_velarde_bravo3_repsol.jpg","type":"image\/jpeg"}],"author":"Redacci\u00f3n Box Repsol","twitter_card":"summary_large_image","twitter_creator":"@https:\/\/twitter.com\/box_repsol","twitter_site":"@box_repsol","twitter_misc":{"Written by":"Redacci\u00f3n Box Repsol","Est. reading time":"3 minutos"},"schema":{"@context":"https:\/\/schema.org","@graph":[{"@type":"Article","@id":"https:\/\/www.boxrepsol.com\/es\/red-bull-air-race\/red-bull-air-race-la-competicion-mas-rapida-aire\/#article","isPartOf":{"@id":"https:\/\/www.boxrepsol.com\/es\/red-bull-air-race\/red-bull-air-race-la-competicion-mas-rapida-aire\/"},"author":{"name":"Redacci\u00f3n Box Repsol","@id":"https:\/\/www.boxrepsol.com\/es\/#\/schema\/person\/c5c2138f2cca251b0ad92b7086bb60b7"},"headline":"Red Bull Air Race, la competici\u00f3n m\u00e1s r\u00e1pida en el aire","datePublished":"2017-09-01T02:00:00+00:00","dateModified":"2024-10-03T09:02:07+00:00","mainEntityOfPage":{"@id":"https:\/\/www.boxrepsol.com\/es\/red-bull-air-race\/red-bull-air-race-la-competicion-mas-rapida-aire\/"},"wordCount":693,"commentCount":0,"publisher":{"@id":"https:\/\/www.boxrepsol.com\/es\/#organization"},"image":{"@id":"https:\/\/www.boxrepsol.com\/es\/red-bull-air-race\/red-bull-air-race-la-competicion-mas-rapida-aire\/#primaryimage"},"thumbnailUrl":"https:\/\/www.boxrepsol.com\/wp-content\/uploads\/2022\/08\/00_redbullairrace_juan_velarde_bravo3_repsol.jpg","keywords":["otros eventos y competiciones"],"articleSection":["Red Bull Air Race"],"inLanguage":"es","potentialAction":[{"@type":"CommentAction","name":"Comment","target":["https:\/\/www.boxrepsol.com\/es\/red-bull-air-race\/red-bull-air-race-la-competicion-mas-rapida-aire\/#respond"]}]},{"@type":"WebPage","@id":"https:\/\/www.boxrepsol.com\/es\/red-bull-air-race\/red-bull-air-race-la-competicion-mas-rapida-aire\/","url":"https:\/\/www.boxrepsol.com\/es\/red-bull-air-race\/red-bull-air-race-la-competicion-mas-rapida-aire\/","name":"Red Bull Air Race, la competici\u00f3n m\u00e1s r\u00e1pida en el aire - Box Repsol","isPartOf":{"@id":"https:\/\/www.boxrepsol.com\/es\/#website"},"primaryImageOfPage":{"@id":"https:\/\/www.boxrepsol.com\/es\/red-bull-air-race\/red-bull-air-race-la-competicion-mas-rapida-aire\/#primaryimage"},"image":{"@id":"https:\/\/www.boxrepsol.com\/es\/red-bull-air-race\/red-bull-air-race-la-competicion-mas-rapida-aire\/#primaryimage"},"thumbnailUrl":"https:\/\/www.boxrepsol.com\/wp-content\/uploads\/2022\/08\/00_redbullairrace_juan_velarde_bravo3_repsol.jpg","datePublished":"2017-09-01T02:00:00+00:00","dateModified":"2024-10-03T09:02:07+00:00","description":"Juan Velarde, piloto del equipo Repsol participa en la primera competici\u00f3n de vuelo orientada a la velocidad. Os contamos todo lo que quer\u00edais saber.","breadcrumb":{"@id":"https:\/\/www.boxrepsol.com\/es\/red-bull-air-race\/red-bull-air-race-la-competicion-mas-rapida-aire\/#breadcrumb"},"inLanguage":"es","potentialAction":[{"@type":"ReadAction","target":["https:\/\/www.boxrepsol.com\/es\/red-bull-air-race\/red-bull-air-race-la-competicion-mas-rapida-aire\/"]}]},{"@type":"ImageObject","inLanguage":"es","@id":"https:\/\/www.boxrepsol.com\/es\/red-bull-air-race\/red-bull-air-race-la-competicion-mas-rapida-aire\/#primaryimage","url":"https:\/\/www.boxrepsol.com\/wp-content\/uploads\/2022\/08\/00_redbullairrace_juan_velarde_bravo3_repsol.jpg","contentUrl":"https:\/\/www.boxrepsol.com\/wp-content\/uploads\/2022\/08\/00_redbullairrace_juan_velarde_bravo3_repsol.jpg","width":995,"height":560,"caption":"Juan Velarde y Anselmo G\u00e1mez en pista antes de despegar"},{"@type":"BreadcrumbList","@id":"https:\/\/www.boxrepsol.com\/es\/red-bull-air-race\/red-bull-air-race-la-competicion-mas-rapida-aire\/#breadcrumb","itemListElement":[{"@type":"ListItem","position":1,"name":"Home","item":"https:\/\/www.boxrepsol.com\/es\/"},{"@type":"ListItem","position":2,"name":"Red Bull Air Race, la competici\u00f3n m\u00e1s r\u00e1pida en el aire"}]},{"@type":"WebSite","@id":"https:\/\/www.boxrepsol.com\/es\/#website","url":"https:\/\/www.boxrepsol.com\/es\/","name":"Box Repsol","description":"Box Repsol Site","publisher":{"@id":"https:\/\/www.boxrepsol.com\/es\/#organization"},"potentialAction":[{"@type":"SearchAction","target":{"@type":"EntryPoint","urlTemplate":"https:\/\/www.boxrepsol.com\/es\/?s={search_term_string}"},"query-input":{"@type":"PropertyValueSpecification","valueRequired":true,"valueName":"search_term_string"}}],"inLanguage":"es"},{"@type":"Organization","@id":"https:\/\/www.boxrepsol.com\/es\/#organization","name":"Box Repsol","url":"https:\/\/www.boxrepsol.com\/es\/","logo":{"@type":"ImageObject","inLanguage":"es","@id":"https:\/\/www.boxrepsol.com\/es\/#\/schema\/logo\/image\/","url":"https:\/\/bxrepsol.s3.eu-west-1.amazonaws.com\/static\/2025\/07\/30083337\/favicon-96x96-1.png","contentUrl":"https:\/\/bxrepsol.s3.eu-west-1.amazonaws.com\/static\/2025\/07\/30083337\/favicon-96x96-1.png","width":96,"height":96,"caption":"Box Repsol"},"image":{"@id":"https:\/\/www.boxrepsol.com\/es\/#\/schema\/logo\/image\/"},"sameAs":["https:\/\/www.facebook.com\/BoxRepsol","https:\/\/x.com\/box_repsol","http:\/\/instagram.com\/box_repsol","https:\/\/www.youtube.com\/user\/RepsolCompeticion","https:\/\/www.flickr.com\/photos\/box_repsol\/"]},{"@type":"Person","@id":"https:\/\/www.boxrepsol.com\/es\/#\/schema\/person\/c5c2138f2cca251b0ad92b7086bb60b7","name":"Redacci\u00f3n Box Repsol","image":{"@type":"ImageObject","inLanguage":"es","@id":"https:\/\/secure.gravatar.com\/avatar\/adf7b77e38b4419baf32c7e9c21dde01f4e40df611f0978e3006fc4ba0aaab7e?s=96&d=mm&r=g","url":"https:\/\/secure.gravatar.com\/avatar\/adf7b77e38b4419baf32c7e9c21dde01f4e40df611f0978e3006fc4ba0aaab7e?s=96&d=mm&r=g","contentUrl":"https:\/\/secure.gravatar.com\/avatar\/adf7b77e38b4419baf32c7e9c21dde01f4e40df611f0978e3006fc4ba0aaab7e?s=96&d=mm&r=g","caption":"Redacci\u00f3n Box Repsol"},"description":"Box Repsol lo forma un equipo de periodistas, community managers, dise\u00f1adores y fot\u00f3grafos con m\u00e1s de 20 a\u00f1os de experiencia en el mundo del motorsport. Hemos vivido el primer mundial de un espa\u00f1ol en la categor\u00eda reina de motociclismo con \u00c1lex Crivill\u00e9, estuvimos en las victorias de Pedrosa y los t\u00edtulos de M\u00e1rquez, acompa\u00f1amos en \u00c1frica a Nani Roma y Marc Coma en sus conquistas del Dakar y hemos vibrado con los t\u00edtulos de Toni Bou en Trial. Adem\u00e1s, en nuestro equipo contamos con expertos en el mundo de las dos y cuatro ruedas tanto de la calle y las carreteras, como de los circuitos. Periodistas que han trabajado en revistas y publicaciones para hacerte llegar desde rutas y consejos de mantenimiento, a curiosidades y trucos de pilotaje.","sameAs":["https:\/\/www.facebook.com\/BoxRepsol\/","https:\/\/www.instagram.com\/box_repsol\/","https:\/\/x.com\/https:\/\/twitter.com\/box_repsol","https:\/\/www.youtube.com\/@Boxrepsol"],"url":"https:\/\/www.boxrepsol.com\/es\/author\/redaccion-box-repsol\/"}]}},"_links":{"self":[{"href":"https:\/\/www.boxrepsol.com\/es\/wp-json\/wp\/v2\/posts\/90797","targetHints":{"allow":["GET"]}}],"collection":[{"href":"https:\/\/www.boxrepsol.com\/es\/wp-json\/wp\/v2\/posts"}],"about":[{"href":"https:\/\/www.boxrepsol.com\/es\/wp-json\/wp\/v2\/types\/post"}],"author":[{"embeddable":true,"href":"https:\/\/www.boxrepsol.com\/es\/wp-json\/wp\/v2\/users\/43146"}],"replies":[{"embeddable":true,"href":"https:\/\/www.boxrepsol.com\/es\/wp-json\/wp\/v2\/comments?post=90797"}],"version-history":[{"count":2,"href":"https:\/\/www.boxrepsol.com\/es\/wp-json\/wp\/v2\/posts\/90797\/revisions"}],"predecessor-version":[{"id":120321,"href":"https:\/\/www.boxrepsol.com\/es\/wp-json\/wp\/v2\/posts\/90797\/revisions\/120321"}],"wp:featuredmedia":[{"embeddable":true,"href":"https:\/\/www.boxrepsol.com\/es\/wp-json\/wp\/v2\/media\/86709"}],"wp:attachment":[{"href":"https:\/\/www.boxrepsol.com\/es\/wp-json\/wp\/v2\/media?parent=90797"}],"wp:term":[{"taxonomy":"category","embeddable":true,"href":"https:\/\/www.boxrepsol.com\/es\/wp-json\/wp\/v2\/categories?post=90797"},{"taxonomy":"post_tag","embeddable":true,"href":"https:\/\/www.boxrepsol.com\/es\/wp-json\/wp\/v2\/tags?post=90797"}],"curies":[{"name":"wp","href":"https:\/\/api.w.org\/{rel}","templated":true}]}}