{"id":90771,"date":"2017-07-12T00:00:00","date_gmt":"2017-07-12T02:00:00","guid":{"rendered":"http:\/\/pre.boxrepsol.com\/sin-categorizar\/la-vida-de-steve-mcqueen-contada-por-sus-coches-y-motos\/"},"modified":"2024-05-15T08:20:41","modified_gmt":"2024-05-15T10:20:41","slug":"la-vida-de-steve-mcqueen-contada-por-sus-coches-y-motos","status":"publish","type":"post","link":"https:\/\/www.boxrepsol.com\/es\/cultura-motera\/la-vida-de-steve-mcqueen-contada-por-sus-coches-y-motos\/","title":{"rendered":"La vida de Steve McQueen contada por sus coches y motos"},"content":{"rendered":"<p><strong>Las motos hay que verlas en directo<\/strong>. Tocarlas, olerlas, escucharlas y probarlas es lo que genera ese flechazo sin vuelta atr\u00e1s. <strong>Pero no siempre es posible tenerlas al alcance<\/strong>, as\u00ed que lo m\u00e1s inteligente es buscar la manera de disfrutarlas desde la distancia. Uno puede ponerse una peli motera y saciar su hambre. <strong>Tambi\u00e9n se puede echar mano de un buen libro en el que las motos sean las protagonistas<\/strong>. En el caso que contamos hoy tienen un papel principal, pero con un actor secundario de lujo: <strong>Steve McQueen<\/strong>.<\/p>\n<div id=\"attachment_9310\" style=\"width: 711px\" class=\"wp-caption aligncenter\"><img loading=\"lazy\" decoding=\"async\" aria-describedby=\"caption-attachment-9310\" src=\"https:\/\/bxrepsol.s3.eu-west-1.amazonaws.com\/static\/2022\/08\/29072501\/La_vida_de_Steve_McQueen_contada_por_sus_coches_y_motos_05_Toddon_Flickr-2.png\" alt=\"\" width=\"701\" height=\"450\"><p id=\"caption-attachment-9310\" class=\"wp-caption-text\">Foto: Toddon | Flickr<\/p><\/div>\n<p>En anteriores ediciones del Box Repsol ya contamos al detalle la escena de la pel\u00edcula \u2019La gran evasi\u00f3n\u2019 en la que este inmenso actor -y piloto- demuestra su habilidad a lomos de una Triumph en su intento de escapar del ej\u00e9rcito nazi. En el libro <strong>\u2018Las m\u00e1quinas de McQueen<\/strong>\u2019 (editado por Motorbooks), Matt Stone desgrana la perfecta simbiosis entre el int\u00e9rprete y sus veh\u00edculos. Buceando por las p\u00e1ginas de esta obra, cualquiera podr\u00eda pensar que es la<strong> biograf\u00eda fotogr\u00e1fica de un fetichista del motor<\/strong>. O la de un multimillonario con una afici\u00f3n car\u00edsima. Pero si se conoce un poco la historia del protagonista, es f\u00e1cil intuir que no se trata de simple coleccionismo. Lo suyo era m\u00e1s bien supervivencia gracias a los caballos y los cilindros.<\/p>\n<div id=\"attachment_9312\" style=\"width: 711px\" class=\"wp-caption aligncenter\"><img loading=\"lazy\" decoding=\"async\" aria-describedby=\"caption-attachment-9312\" src=\"https:\/\/bxrepsol.s3.eu-west-1.amazonaws.com\/static\/2022\/08\/29072502\/La_vida_de_Steve_McQueen_contada_por_sus_coches_y_motos_02_CBS_television_wiki-2.png\" alt=\"\" width=\"701\" height=\"450\"><p id=\"caption-attachment-9312\" class=\"wp-caption-text\">Foto: CBS Television<\/p><\/div>\n<p>El libro es un <strong>repaso de la trayectoria de McQueen a trav\u00e9s de la velocidad<\/strong>. Un legado puede medirse en \u00e9xitos, en la huella que uno deja en el mundo. En el caso de \u2018Las m\u00e1quinas de McQueen\u2019, el objetivo es repasar su existencia a trav\u00e9s de <a href=\"http:\/\/www.mcqueenonline.com\/mcqueensmachinespictures.htm\">las motos y los coches que pasaron por su garaje<\/a>. As\u00ed, el autor traza un gui\u00f3n en el que se habla de sus parejas, de sus pel\u00edculas, de sus momentos buenos y malos. Todo, vinculado y perfectamente unido a u<strong>n veh\u00edculo en concreto para cada instante<\/strong>.<\/p>\n<div id=\"attachment_9314\" style=\"width: 711px\" class=\"wp-caption aligncenter\"><img loading=\"lazy\" decoding=\"async\" aria-describedby=\"caption-attachment-9314\" src=\"https:\/\/bxrepsol.s3.eu-west-1.amazonaws.com\/static\/2022\/08\/29072503\/La_vida_de_Steve_McQueen_contada_por_sus_coches_y_motos_08_CBS_television_wiki-2.png\" alt=\"\" width=\"701\" height=\"450\"><p id=\"caption-attachment-9314\" class=\"wp-caption-text\">Foto: CBS Television<\/p><\/div>\n<p>Matt Stone no se limit\u00f3 a recoger la <strong>lista de m\u00e1quinas que pasaron por las manos de Steve McQueen<\/strong>. Para completar el libro y darle un formato lo m\u00e1s riguroso posible, entrevist\u00f3 a familiares y amigos cercanos del actor, que muri\u00f3 de c\u00e1ncer en 1980. Uno de los que m\u00e1s particip\u00f3 fue el hijo del int\u00e9rprete, Chad, que aporta an\u00e9cdotas y <strong>recuerdos de una infancia en la que siempre aparece un coche o una moto<\/strong>.<\/p>\n<div id=\"attachment_9308\" style=\"width: 711px\" class=\"wp-caption aligncenter\"><img loading=\"lazy\" decoding=\"async\" aria-describedby=\"caption-attachment-9308\" src=\"https:\/\/bxrepsol.s3.eu-west-1.amazonaws.com\/static\/2022\/08\/29072504\/La_vida_de_Steve_McQueen_contada_por_sus_coches_y_motos_04_Rex_Gray_Flickr-2.png\" alt=\"\" width=\"701\" height=\"450\"><p id=\"caption-attachment-9308\" class=\"wp-caption-text\">Foto: Rex Gray | Flickr<\/p><\/div>\n<p>Todav\u00eda hoy conduce alguno de los Porsche de su padre, su marca de autos preferida, como bien pudo comprobarse en una de sus pel\u00edculas m\u00e1s celebradas por los aficionados al motor, \u2018<strong>Le Mans<\/strong>\u2019. Los primeros minutos de esta cinta, con McQueen conduciendo un 911S de 1970 por el pueblo que da nombre a este m\u00edtico circuito franc\u00e9s, son de l\u00e1grima y boca abierta. La primera esposa del actor, Neile Adams, tambi\u00e9n aporta su testimonio, as\u00ed como fotos in\u00e9ditas que ayudan a dar a la obra un toque m\u00e1s personal.<\/p>\n<p><strong>Ning\u00fan otro actor de Hollywood ha estado nunca tan vinculado al mundo del motor como lo estuvo Steve McQueen, que lleg\u00f3 a competir tanto en coches como en motos<\/strong>. El libro exhibe el impecable <strong>Ford Mustang GT Fastback de 1968<\/strong> con el que protagoniz\u00f3 en \u2018Bullitt\u2019 una de las persecuciones en coche m\u00e1s brutales de la historia del cine. Tambi\u00e9n el <strong>Rolls-Royce Silver Shadow que us\u00f3 en \u2018The Thomas Crown Affair\u2019<\/strong>.<\/p>\n<div id=\"attachment_9306\" style=\"width: 711px\" class=\"wp-caption aligncenter\"><img loading=\"lazy\" decoding=\"async\" aria-describedby=\"caption-attachment-9306\" src=\"https:\/\/bxrepsol.s3.eu-west-1.amazonaws.com\/static\/2022\/08\/29072505\/La_vida_de_Steve_McQueen_contada_por_sus_coches_y_motos_06_TopGear-2.png\" alt=\"\" width=\"701\" height=\"450\"><p id=\"caption-attachment-9306\" class=\"wp-caption-text\">Foto: Top Gear<\/p><\/div>\n<p>En el apartado de motos, destacan, al margen de la ya mencionada <strong>Triumph, una Crocker \u2018Hemi-head\u2019 V-Twin de 1934 y una Indian Powerplus Daytona de 1920<\/strong>. Estas dos \u00faltimas alcanzaron precios r\u00e9cord cuando fueron subastadas. <strong>\u00bfQu\u00e9 se debe sentir al pilotar una moto de Steve McQueen?<\/strong><\/p>\n","protected":false},"excerpt":{"rendered":"<p>Los moteros disfrutar\u00e1n de este libro que repasa todas las motos y coches que tuvo Steve McQueen, un apasionado del motor. Con todos ustedes: \u00abLas m\u00e1quinas de McQueen\u00bb<\/p>\n","protected":false},"author":43146,"featured_media":90773,"comment_status":"open","ping_status":"open","sticky":false,"template":"","format":"standard","meta":{"footnotes":""},"categories":[160],"tags":[166],"class_list":["post-90771","post","type-post","status-publish","format-standard","hentry","category-cultura-motera","tag-moteros-famosos"],"yoast_head":"<!-- This site is optimized with the Yoast SEO plugin v27.3 - https:\/\/yoast.com\/product\/yoast-seo-wordpress\/ -->\n<title>Conoce la vida de Steve McQueen a trav\u00e9s de sus veh\u00edculos - Box Repsol<\/title>\n<meta name=\"description\" content=\"Las motos hay que verlas en directo. Tocarlas, olerlas, escucharlas y probarlas es lo que genera ese flechazo sin vuelta atr\u00e1s.\" \/>\n<link rel=\"canonical\" href=\"https:\/\/www.boxrepsol.com\/es\/cultura-motera\/la-vida-de-steve-mcqueen-contada-por-sus-coches-y-motos\/\" \/>\n<meta property=\"og:locale\" content=\"es_ES\" \/>\n<meta property=\"og:type\" content=\"article\" \/>\n<meta property=\"og:title\" content=\"Conoce la vida de Steve McQueen a trav\u00e9s de sus veh\u00edculos - Box Repsol\" \/>\n<meta property=\"og:description\" content=\"Las motos hay que verlas en directo. Tocarlas, olerlas, escucharlas y probarlas es lo que genera ese flechazo sin vuelta atr\u00e1s.\" \/>\n<meta property=\"og:url\" content=\"https:\/\/www.boxrepsol.com\/es\/cultura-motera\/la-vida-de-steve-mcqueen-contada-por-sus-coches-y-motos\/\" \/>\n<meta property=\"og:site_name\" content=\"Box Repsol\" \/>\n<meta property=\"article:publisher\" content=\"https:\/\/www.facebook.com\/BoxRepsol\" \/>\n<meta property=\"article:author\" content=\"https:\/\/www.facebook.com\/BoxRepsol\/\" \/>\n<meta property=\"article:published_time\" content=\"2017-07-12T02:00:00+00:00\" \/>\n<meta property=\"article:modified_time\" content=\"2024-05-15T10:20:41+00:00\" \/>\n<meta property=\"og:image\" content=\"https:\/\/bxrepsol.s3.eu-west-1.amazonaws.com\/static\/2023\/02\/24095611\/La_vida_de_Steve_McQueen_contada_por_sus_coches_y_motos_01_Motorbooks.png\" \/>\n\t<meta property=\"og:image:width\" content=\"986\" \/>\n\t<meta property=\"og:image:height\" content=\"555\" \/>\n\t<meta property=\"og:image:type\" content=\"image\/png\" \/>\n<meta name=\"author\" content=\"Redacci\u00f3n Box Repsol\" \/>\n<meta name=\"twitter:card\" content=\"summary_large_image\" \/>\n<meta name=\"twitter:creator\" content=\"@https:\/\/twitter.com\/box_repsol\" \/>\n<meta name=\"twitter:site\" content=\"@box_repsol\" \/>\n<meta name=\"twitter:label1\" content=\"Written by\" \/>\n\t<meta name=\"twitter:data1\" content=\"Redacci\u00f3n Box Repsol\" \/>\n\t<meta name=\"twitter:label2\" content=\"Est. reading time\" \/>\n\t<meta name=\"twitter:data2\" content=\"3 minutos\" \/>\n<script type=\"application\/ld+json\" class=\"yoast-schema-graph\">{\"@context\":\"https:\\\/\\\/schema.org\",\"@graph\":[{\"@type\":\"Article\",\"@id\":\"https:\\\/\\\/www.boxrepsol.com\\\/es\\\/cultura-motera\\\/la-vida-de-steve-mcqueen-contada-por-sus-coches-y-motos\\\/#article\",\"isPartOf\":{\"@id\":\"https:\\\/\\\/www.boxrepsol.com\\\/es\\\/cultura-motera\\\/la-vida-de-steve-mcqueen-contada-por-sus-coches-y-motos\\\/\"},\"author\":{\"name\":\"Redacci\u00f3n Box Repsol\",\"@id\":\"https:\\\/\\\/www.boxrepsol.com\\\/es\\\/#\\\/schema\\\/person\\\/c5c2138f2cca251b0ad92b7086bb60b7\"},\"headline\":\"La vida de Steve McQueen contada por sus coches y motos\",\"datePublished\":\"2017-07-12T02:00:00+00:00\",\"dateModified\":\"2024-05-15T10:20:41+00:00\",\"mainEntityOfPage\":{\"@id\":\"https:\\\/\\\/www.boxrepsol.com\\\/es\\\/cultura-motera\\\/la-vida-de-steve-mcqueen-contada-por-sus-coches-y-motos\\\/\"},\"wordCount\":688,\"commentCount\":0,\"publisher\":{\"@id\":\"https:\\\/\\\/www.boxrepsol.com\\\/es\\\/#organization\"},\"image\":{\"@id\":\"https:\\\/\\\/www.boxrepsol.com\\\/es\\\/cultura-motera\\\/la-vida-de-steve-mcqueen-contada-por-sus-coches-y-motos\\\/#primaryimage\"},\"thumbnailUrl\":\"https:\\\/\\\/bxrepsol.s3.eu-west-1.amazonaws.com\\\/static\\\/2023\\\/02\\\/24095611\\\/La_vida_de_Steve_McQueen_contada_por_sus_coches_y_motos_01_Motorbooks.png\",\"keywords\":[\"moteros famosos\"],\"articleSection\":[\"Cultura Motera\"],\"inLanguage\":\"es\",\"potentialAction\":[{\"@type\":\"CommentAction\",\"name\":\"Comment\",\"target\":[\"https:\\\/\\\/www.boxrepsol.com\\\/es\\\/cultura-motera\\\/la-vida-de-steve-mcqueen-contada-por-sus-coches-y-motos\\\/#respond\"]}]},{\"@type\":\"WebPage\",\"@id\":\"https:\\\/\\\/www.boxrepsol.com\\\/es\\\/cultura-motera\\\/la-vida-de-steve-mcqueen-contada-por-sus-coches-y-motos\\\/\",\"url\":\"https:\\\/\\\/www.boxrepsol.com\\\/es\\\/cultura-motera\\\/la-vida-de-steve-mcqueen-contada-por-sus-coches-y-motos\\\/\",\"name\":\"Conoce la vida de Steve McQueen a trav\u00e9s de sus veh\u00edculos - Box Repsol\",\"isPartOf\":{\"@id\":\"https:\\\/\\\/www.boxrepsol.com\\\/es\\\/#website\"},\"primaryImageOfPage\":{\"@id\":\"https:\\\/\\\/www.boxrepsol.com\\\/es\\\/cultura-motera\\\/la-vida-de-steve-mcqueen-contada-por-sus-coches-y-motos\\\/#primaryimage\"},\"image\":{\"@id\":\"https:\\\/\\\/www.boxrepsol.com\\\/es\\\/cultura-motera\\\/la-vida-de-steve-mcqueen-contada-por-sus-coches-y-motos\\\/#primaryimage\"},\"thumbnailUrl\":\"https:\\\/\\\/bxrepsol.s3.eu-west-1.amazonaws.com\\\/static\\\/2023\\\/02\\\/24095611\\\/La_vida_de_Steve_McQueen_contada_por_sus_coches_y_motos_01_Motorbooks.png\",\"datePublished\":\"2017-07-12T02:00:00+00:00\",\"dateModified\":\"2024-05-15T10:20:41+00:00\",\"description\":\"Las motos hay que verlas en directo. Tocarlas, olerlas, escucharlas y probarlas es lo que genera ese flechazo sin vuelta atr\u00e1s.\",\"breadcrumb\":{\"@id\":\"https:\\\/\\\/www.boxrepsol.com\\\/es\\\/cultura-motera\\\/la-vida-de-steve-mcqueen-contada-por-sus-coches-y-motos\\\/#breadcrumb\"},\"inLanguage\":\"es\",\"potentialAction\":[{\"@type\":\"ReadAction\",\"target\":[\"https:\\\/\\\/www.boxrepsol.com\\\/es\\\/cultura-motera\\\/la-vida-de-steve-mcqueen-contada-por-sus-coches-y-motos\\\/\"]}]},{\"@type\":\"ImageObject\",\"inLanguage\":\"es\",\"@id\":\"https:\\\/\\\/www.boxrepsol.com\\\/es\\\/cultura-motera\\\/la-vida-de-steve-mcqueen-contada-por-sus-coches-y-motos\\\/#primaryimage\",\"url\":\"https:\\\/\\\/bxrepsol.s3.eu-west-1.amazonaws.com\\\/static\\\/2023\\\/02\\\/24095611\\\/La_vida_de_Steve_McQueen_contada_por_sus_coches_y_motos_01_Motorbooks.png\",\"contentUrl\":\"https:\\\/\\\/bxrepsol.s3.eu-west-1.amazonaws.com\\\/static\\\/2023\\\/02\\\/24095611\\\/La_vida_de_Steve_McQueen_contada_por_sus_coches_y_motos_01_Motorbooks.png\",\"width\":986,\"height\":555,\"caption\":\"Foto: Motorbooks.com\"},{\"@type\":\"BreadcrumbList\",\"@id\":\"https:\\\/\\\/www.boxrepsol.com\\\/es\\\/cultura-motera\\\/la-vida-de-steve-mcqueen-contada-por-sus-coches-y-motos\\\/#breadcrumb\",\"itemListElement\":[{\"@type\":\"ListItem\",\"position\":1,\"name\":\"Home\",\"item\":\"https:\\\/\\\/www.boxrepsol.com\\\/es\\\/\"},{\"@type\":\"ListItem\",\"position\":2,\"name\":\"La vida de Steve McQueen contada por sus coches y motos\"}]},{\"@type\":\"WebSite\",\"@id\":\"https:\\\/\\\/www.boxrepsol.com\\\/es\\\/#website\",\"url\":\"https:\\\/\\\/www.boxrepsol.com\\\/es\\\/\",\"name\":\"Box Repsol\",\"description\":\"Box Repsol Site\",\"publisher\":{\"@id\":\"https:\\\/\\\/www.boxrepsol.com\\\/es\\\/#organization\"},\"potentialAction\":[{\"@type\":\"SearchAction\",\"target\":{\"@type\":\"EntryPoint\",\"urlTemplate\":\"https:\\\/\\\/www.boxrepsol.com\\\/es\\\/?s={search_term_string}\"},\"query-input\":{\"@type\":\"PropertyValueSpecification\",\"valueRequired\":true,\"valueName\":\"search_term_string\"}}],\"inLanguage\":\"es\"},{\"@type\":\"Organization\",\"@id\":\"https:\\\/\\\/www.boxrepsol.com\\\/es\\\/#organization\",\"name\":\"Box Repsol\",\"url\":\"https:\\\/\\\/www.boxrepsol.com\\\/es\\\/\",\"logo\":{\"@type\":\"ImageObject\",\"inLanguage\":\"es\",\"@id\":\"https:\\\/\\\/www.boxrepsol.com\\\/es\\\/#\\\/schema\\\/logo\\\/image\\\/\",\"url\":\"https:\\\/\\\/bxrepsol.s3.eu-west-1.amazonaws.com\\\/static\\\/2025\\\/07\\\/30083337\\\/favicon-96x96-1.png\",\"contentUrl\":\"https:\\\/\\\/bxrepsol.s3.eu-west-1.amazonaws.com\\\/static\\\/2025\\\/07\\\/30083337\\\/favicon-96x96-1.png\",\"width\":96,\"height\":96,\"caption\":\"Box Repsol\"},\"image\":{\"@id\":\"https:\\\/\\\/www.boxrepsol.com\\\/es\\\/#\\\/schema\\\/logo\\\/image\\\/\"},\"sameAs\":[\"https:\\\/\\\/www.facebook.com\\\/BoxRepsol\",\"https:\\\/\\\/x.com\\\/box_repsol\",\"http:\\\/\\\/instagram.com\\\/box_repsol\",\"https:\\\/\\\/www.youtube.com\\\/user\\\/RepsolCompeticion\",\"https:\\\/\\\/www.flickr.com\\\/photos\\\/box_repsol\\\/\"]},{\"@type\":\"Person\",\"@id\":\"https:\\\/\\\/www.boxrepsol.com\\\/es\\\/#\\\/schema\\\/person\\\/c5c2138f2cca251b0ad92b7086bb60b7\",\"name\":\"Redacci\u00f3n Box Repsol\",\"image\":{\"@type\":\"ImageObject\",\"inLanguage\":\"es\",\"@id\":\"https:\\\/\\\/secure.gravatar.com\\\/avatar\\\/adf7b77e38b4419baf32c7e9c21dde01f4e40df611f0978e3006fc4ba0aaab7e?s=96&d=mm&r=g\",\"url\":\"https:\\\/\\\/secure.gravatar.com\\\/avatar\\\/adf7b77e38b4419baf32c7e9c21dde01f4e40df611f0978e3006fc4ba0aaab7e?s=96&d=mm&r=g\",\"contentUrl\":\"https:\\\/\\\/secure.gravatar.com\\\/avatar\\\/adf7b77e38b4419baf32c7e9c21dde01f4e40df611f0978e3006fc4ba0aaab7e?s=96&d=mm&r=g\",\"caption\":\"Redacci\u00f3n Box Repsol\"},\"description\":\"Box Repsol lo forma un equipo de periodistas, community managers, dise\u00f1adores y fot\u00f3grafos con m\u00e1s de 20 a\u00f1os de experiencia en el mundo del motorsport. Hemos vivido el primer mundial de un espa\u00f1ol en la categor\u00eda reina de motociclismo con \u00c1lex Crivill\u00e9, estuvimos en las victorias de Pedrosa y los t\u00edtulos de M\u00e1rquez, acompa\u00f1amos en \u00c1frica a Nani Roma y Marc Coma en sus conquistas del Dakar y hemos vibrado con los t\u00edtulos de Toni Bou en Trial. Adem\u00e1s, en nuestro equipo contamos con expertos en el mundo de las dos y cuatro ruedas tanto de la calle y las carreteras, como de los circuitos. Periodistas que han trabajado en revistas y publicaciones para hacerte llegar desde rutas y consejos de mantenimiento, a curiosidades y trucos de pilotaje.\",\"sameAs\":[\"https:\\\/\\\/www.facebook.com\\\/BoxRepsol\\\/\",\"https:\\\/\\\/www.instagram.com\\\/box_repsol\\\/\",\"https:\\\/\\\/x.com\\\/https:\\\/\\\/twitter.com\\\/box_repsol\",\"https:\\\/\\\/www.youtube.com\\\/@Boxrepsol\"],\"url\":\"https:\\\/\\\/www.boxrepsol.com\\\/es\\\/author\\\/redaccion-box-repsol\\\/\"}]}<\/script>\n<!-- \/ Yoast SEO plugin. -->","yoast_head_json":{"title":"Conoce la vida de Steve McQueen a trav\u00e9s de sus veh\u00edculos - Box Repsol","description":"Las motos hay que verlas en directo. Tocarlas, olerlas, escucharlas y probarlas es lo que genera ese flechazo sin vuelta atr\u00e1s.","canonical":"https:\/\/www.boxrepsol.com\/es\/cultura-motera\/la-vida-de-steve-mcqueen-contada-por-sus-coches-y-motos\/","og_locale":"es_ES","og_type":"article","og_title":"Conoce la vida de Steve McQueen a trav\u00e9s de sus veh\u00edculos - Box Repsol","og_description":"Las motos hay que verlas en directo. Tocarlas, olerlas, escucharlas y probarlas es lo que genera ese flechazo sin vuelta atr\u00e1s.","og_url":"https:\/\/www.boxrepsol.com\/es\/cultura-motera\/la-vida-de-steve-mcqueen-contada-por-sus-coches-y-motos\/","og_site_name":"Box Repsol","article_publisher":"https:\/\/www.facebook.com\/BoxRepsol","article_author":"https:\/\/www.facebook.com\/BoxRepsol\/","article_published_time":"2017-07-12T02:00:00+00:00","article_modified_time":"2024-05-15T10:20:41+00:00","og_image":[{"width":986,"height":555,"url":"https:\/\/bxrepsol.s3.eu-west-1.amazonaws.com\/static\/2023\/02\/24095611\/La_vida_de_Steve_McQueen_contada_por_sus_coches_y_motos_01_Motorbooks.png","type":"image\/png"}],"author":"Redacci\u00f3n Box Repsol","twitter_card":"summary_large_image","twitter_creator":"@https:\/\/twitter.com\/box_repsol","twitter_site":"@box_repsol","twitter_misc":{"Written by":"Redacci\u00f3n Box Repsol","Est. reading time":"3 minutos"},"schema":{"@context":"https:\/\/schema.org","@graph":[{"@type":"Article","@id":"https:\/\/www.boxrepsol.com\/es\/cultura-motera\/la-vida-de-steve-mcqueen-contada-por-sus-coches-y-motos\/#article","isPartOf":{"@id":"https:\/\/www.boxrepsol.com\/es\/cultura-motera\/la-vida-de-steve-mcqueen-contada-por-sus-coches-y-motos\/"},"author":{"name":"Redacci\u00f3n Box Repsol","@id":"https:\/\/www.boxrepsol.com\/es\/#\/schema\/person\/c5c2138f2cca251b0ad92b7086bb60b7"},"headline":"La vida de Steve McQueen contada por sus coches y motos","datePublished":"2017-07-12T02:00:00+00:00","dateModified":"2024-05-15T10:20:41+00:00","mainEntityOfPage":{"@id":"https:\/\/www.boxrepsol.com\/es\/cultura-motera\/la-vida-de-steve-mcqueen-contada-por-sus-coches-y-motos\/"},"wordCount":688,"commentCount":0,"publisher":{"@id":"https:\/\/www.boxrepsol.com\/es\/#organization"},"image":{"@id":"https:\/\/www.boxrepsol.com\/es\/cultura-motera\/la-vida-de-steve-mcqueen-contada-por-sus-coches-y-motos\/#primaryimage"},"thumbnailUrl":"https:\/\/bxrepsol.s3.eu-west-1.amazonaws.com\/static\/2023\/02\/24095611\/La_vida_de_Steve_McQueen_contada_por_sus_coches_y_motos_01_Motorbooks.png","keywords":["moteros famosos"],"articleSection":["Cultura Motera"],"inLanguage":"es","potentialAction":[{"@type":"CommentAction","name":"Comment","target":["https:\/\/www.boxrepsol.com\/es\/cultura-motera\/la-vida-de-steve-mcqueen-contada-por-sus-coches-y-motos\/#respond"]}]},{"@type":"WebPage","@id":"https:\/\/www.boxrepsol.com\/es\/cultura-motera\/la-vida-de-steve-mcqueen-contada-por-sus-coches-y-motos\/","url":"https:\/\/www.boxrepsol.com\/es\/cultura-motera\/la-vida-de-steve-mcqueen-contada-por-sus-coches-y-motos\/","name":"Conoce la vida de Steve McQueen a trav\u00e9s de sus veh\u00edculos - Box Repsol","isPartOf":{"@id":"https:\/\/www.boxrepsol.com\/es\/#website"},"primaryImageOfPage":{"@id":"https:\/\/www.boxrepsol.com\/es\/cultura-motera\/la-vida-de-steve-mcqueen-contada-por-sus-coches-y-motos\/#primaryimage"},"image":{"@id":"https:\/\/www.boxrepsol.com\/es\/cultura-motera\/la-vida-de-steve-mcqueen-contada-por-sus-coches-y-motos\/#primaryimage"},"thumbnailUrl":"https:\/\/bxrepsol.s3.eu-west-1.amazonaws.com\/static\/2023\/02\/24095611\/La_vida_de_Steve_McQueen_contada_por_sus_coches_y_motos_01_Motorbooks.png","datePublished":"2017-07-12T02:00:00+00:00","dateModified":"2024-05-15T10:20:41+00:00","description":"Las motos hay que verlas en directo. Tocarlas, olerlas, escucharlas y probarlas es lo que genera ese flechazo sin vuelta atr\u00e1s.","breadcrumb":{"@id":"https:\/\/www.boxrepsol.com\/es\/cultura-motera\/la-vida-de-steve-mcqueen-contada-por-sus-coches-y-motos\/#breadcrumb"},"inLanguage":"es","potentialAction":[{"@type":"ReadAction","target":["https:\/\/www.boxrepsol.com\/es\/cultura-motera\/la-vida-de-steve-mcqueen-contada-por-sus-coches-y-motos\/"]}]},{"@type":"ImageObject","inLanguage":"es","@id":"https:\/\/www.boxrepsol.com\/es\/cultura-motera\/la-vida-de-steve-mcqueen-contada-por-sus-coches-y-motos\/#primaryimage","url":"https:\/\/bxrepsol.s3.eu-west-1.amazonaws.com\/static\/2023\/02\/24095611\/La_vida_de_Steve_McQueen_contada_por_sus_coches_y_motos_01_Motorbooks.png","contentUrl":"https:\/\/bxrepsol.s3.eu-west-1.amazonaws.com\/static\/2023\/02\/24095611\/La_vida_de_Steve_McQueen_contada_por_sus_coches_y_motos_01_Motorbooks.png","width":986,"height":555,"caption":"Foto: Motorbooks.com"},{"@type":"BreadcrumbList","@id":"https:\/\/www.boxrepsol.com\/es\/cultura-motera\/la-vida-de-steve-mcqueen-contada-por-sus-coches-y-motos\/#breadcrumb","itemListElement":[{"@type":"ListItem","position":1,"name":"Home","item":"https:\/\/www.boxrepsol.com\/es\/"},{"@type":"ListItem","position":2,"name":"La vida de Steve McQueen contada por sus coches y motos"}]},{"@type":"WebSite","@id":"https:\/\/www.boxrepsol.com\/es\/#website","url":"https:\/\/www.boxrepsol.com\/es\/","name":"Box Repsol","description":"Box Repsol Site","publisher":{"@id":"https:\/\/www.boxrepsol.com\/es\/#organization"},"potentialAction":[{"@type":"SearchAction","target":{"@type":"EntryPoint","urlTemplate":"https:\/\/www.boxrepsol.com\/es\/?s={search_term_string}"},"query-input":{"@type":"PropertyValueSpecification","valueRequired":true,"valueName":"search_term_string"}}],"inLanguage":"es"},{"@type":"Organization","@id":"https:\/\/www.boxrepsol.com\/es\/#organization","name":"Box Repsol","url":"https:\/\/www.boxrepsol.com\/es\/","logo":{"@type":"ImageObject","inLanguage":"es","@id":"https:\/\/www.boxrepsol.com\/es\/#\/schema\/logo\/image\/","url":"https:\/\/bxrepsol.s3.eu-west-1.amazonaws.com\/static\/2025\/07\/30083337\/favicon-96x96-1.png","contentUrl":"https:\/\/bxrepsol.s3.eu-west-1.amazonaws.com\/static\/2025\/07\/30083337\/favicon-96x96-1.png","width":96,"height":96,"caption":"Box Repsol"},"image":{"@id":"https:\/\/www.boxrepsol.com\/es\/#\/schema\/logo\/image\/"},"sameAs":["https:\/\/www.facebook.com\/BoxRepsol","https:\/\/x.com\/box_repsol","http:\/\/instagram.com\/box_repsol","https:\/\/www.youtube.com\/user\/RepsolCompeticion","https:\/\/www.flickr.com\/photos\/box_repsol\/"]},{"@type":"Person","@id":"https:\/\/www.boxrepsol.com\/es\/#\/schema\/person\/c5c2138f2cca251b0ad92b7086bb60b7","name":"Redacci\u00f3n Box Repsol","image":{"@type":"ImageObject","inLanguage":"es","@id":"https:\/\/secure.gravatar.com\/avatar\/adf7b77e38b4419baf32c7e9c21dde01f4e40df611f0978e3006fc4ba0aaab7e?s=96&d=mm&r=g","url":"https:\/\/secure.gravatar.com\/avatar\/adf7b77e38b4419baf32c7e9c21dde01f4e40df611f0978e3006fc4ba0aaab7e?s=96&d=mm&r=g","contentUrl":"https:\/\/secure.gravatar.com\/avatar\/adf7b77e38b4419baf32c7e9c21dde01f4e40df611f0978e3006fc4ba0aaab7e?s=96&d=mm&r=g","caption":"Redacci\u00f3n Box Repsol"},"description":"Box Repsol lo forma un equipo de periodistas, community managers, dise\u00f1adores y fot\u00f3grafos con m\u00e1s de 20 a\u00f1os de experiencia en el mundo del motorsport. Hemos vivido el primer mundial de un espa\u00f1ol en la categor\u00eda reina de motociclismo con \u00c1lex Crivill\u00e9, estuvimos en las victorias de Pedrosa y los t\u00edtulos de M\u00e1rquez, acompa\u00f1amos en \u00c1frica a Nani Roma y Marc Coma en sus conquistas del Dakar y hemos vibrado con los t\u00edtulos de Toni Bou en Trial. Adem\u00e1s, en nuestro equipo contamos con expertos en el mundo de las dos y cuatro ruedas tanto de la calle y las carreteras, como de los circuitos. Periodistas que han trabajado en revistas y publicaciones para hacerte llegar desde rutas y consejos de mantenimiento, a curiosidades y trucos de pilotaje.","sameAs":["https:\/\/www.facebook.com\/BoxRepsol\/","https:\/\/www.instagram.com\/box_repsol\/","https:\/\/x.com\/https:\/\/twitter.com\/box_repsol","https:\/\/www.youtube.com\/@Boxrepsol"],"url":"https:\/\/www.boxrepsol.com\/es\/author\/redaccion-box-repsol\/"}]}},"_links":{"self":[{"href":"https:\/\/www.boxrepsol.com\/es\/wp-json\/wp\/v2\/posts\/90771","targetHints":{"allow":["GET"]}}],"collection":[{"href":"https:\/\/www.boxrepsol.com\/es\/wp-json\/wp\/v2\/posts"}],"about":[{"href":"https:\/\/www.boxrepsol.com\/es\/wp-json\/wp\/v2\/types\/post"}],"author":[{"embeddable":true,"href":"https:\/\/www.boxrepsol.com\/es\/wp-json\/wp\/v2\/users\/43146"}],"replies":[{"embeddable":true,"href":"https:\/\/www.boxrepsol.com\/es\/wp-json\/wp\/v2\/comments?post=90771"}],"version-history":[{"count":3,"href":"https:\/\/www.boxrepsol.com\/es\/wp-json\/wp\/v2\/posts\/90771\/revisions"}],"predecessor-version":[{"id":110601,"href":"https:\/\/www.boxrepsol.com\/es\/wp-json\/wp\/v2\/posts\/90771\/revisions\/110601"}],"wp:featuredmedia":[{"embeddable":true,"href":"https:\/\/www.boxrepsol.com\/es\/wp-json\/wp\/v2\/media\/90773"}],"wp:attachment":[{"href":"https:\/\/www.boxrepsol.com\/es\/wp-json\/wp\/v2\/media?parent=90771"}],"wp:term":[{"taxonomy":"category","embeddable":true,"href":"https:\/\/www.boxrepsol.com\/es\/wp-json\/wp\/v2\/categories?post=90771"},{"taxonomy":"post_tag","embeddable":true,"href":"https:\/\/www.boxrepsol.com\/es\/wp-json\/wp\/v2\/tags?post=90771"}],"curies":[{"name":"wp","href":"https:\/\/api.w.org\/{rel}","templated":true}]}}