{"id":90693,"date":"2017-07-10T00:00:00","date_gmt":"2017-07-10T02:00:00","guid":{"rendered":"http:\/\/pre.boxrepsol.com\/sin-categorizar\/dobletes-foggia-granado-victoria-alex-toledo-fim-cev-repsol\/"},"modified":"2024-05-15T08:21:10","modified_gmt":"2024-05-15T10:21:10","slug":"dobletes-foggia-granado-victoria-alex-toledo-fim-cev-repsol","status":"publish","type":"post","link":"https:\/\/www.boxrepsol.com\/es\/sin-categorizar\/dobletes-foggia-granado-victoria-alex-toledo-fim-cev-repsol\/","title":{"rendered":"Dobletes de Foggia y Granado y victoria de \u00c1lex Toledo en el FIM CEV Repsol"},"content":{"rendered":"<blockquote><p>Despu\u00e9s de estas dos victorias volvemos a casa con una gran sensaci\u00f3n.<\/p>\n<p><a href=\"http:\/\/twitter.com\/share?text=Despu%C3%A9s+de+estas+dos+victorias+volvemos+a+casa+con+una+gran+sensaci%C3%B3n.&amp;url=https%3A%2F%2Fwww.boxrepsol.com%2Fes%2Fcev%2Fdobletes-foggia-granado-victoria-alex-toledo-fim-cev-repsol%2F&amp;hashtags=\" target=\"_blank\" rel=\"noopener noreferrer\"><br \/>\ntwittear <\/a><\/p>\n<footer>Dennis Foggia<\/footer>\n<\/blockquote>\n<p>En el Mundial Junior, Dennis Foggia ha sido el claro dominador de la jornada tras conseguir sendas victorias en las dos mangas disputadas hoy.<\/p>\n<p>En la clasificaci\u00f3n general, el Foggia y Alcoba (primero y segundo, respectivamente) superan al anterior l\u00edder, Sergio Garc\u00eda. Tras las ca\u00eddas de hoy de Alcoba y Garc\u00eda, el italiano les aventaja en 25 y 39 puntos, respectivamente.<\/p>\n<p>En el Campeonato de Europa de Moto2, Eric Granado se ha impuesto en las dos pruebas de hoy, seguido en las dos ocasiones por Ricky Card\u00fas.<\/p>\n<p>Ambos est\u00e1n empatados a 90 puntos en lo m\u00e1s alto de la general, aunque el l\u00edder es Ricky Card\u00fas por la diferencia de podios.<\/p>\n<p>Odendaal, el vigente Campe\u00f3n de Europa, ha sumado hoy su primer podio de la temporada.<\/p>\n<p>En la European Talent Cup, la victoria ha sido para \u00c1lex Toledo, que consigue el liderato del certamen, con una ventaja de 8 puntos sobre Andreas P\u00e9rez.<\/p>\n<p>La pr\u00f3xima cita del FIM CEV Repsol ser\u00e1 dentro de dos semanas en el Circuito de Estoril, Portugal, los d\u00edas 22 y 23 de julio.<\/p>\n<p><img decoding=\"async\" src=\"https:\/\/bxrepsol.s3.eu-west-1.amazonaws.com\/static\/2022\/08\/29052314\/26P7222.jpg\" alt=\"26P7222\" \/><\/p>\n<p>&nbsp;<\/p>\n<p><strong>DENNIS FOGGIA \u2013 GANADOR DE LA PRIMERA CARRERA DE MOTO3<\/strong><\/p>\n<p><em>\u201cEstoy muy contento con la carrera y con la victoria. Se me ha hecho muy larga, pero antes de empezar sab\u00edamos que pod\u00edamos abrir un hueco porque ten\u00edamos un buen ritmo. En la parte final he decidido gestionar la distancia de ventaja con los rivales por el desgaste de los neum\u00e1ticos. Me gustar\u00eda dar las gracias a mi equipo por el trabajo que han hecho\u201d.<\/em><\/p>\n<p><strong>DENNIS FOGGIA\u00a0\u2013 GANADOR DE LA SEGUNDA CARRERA DE MOTO3<\/strong><\/p>\n<p><em>\u201cEstoy muy contento con este resultado, ganar las dos carreras aqu\u00ed en Valencia es incre\u00edble. El equipo ha hecho un trabajo muy bueno. Despu\u00e9s de estas dos victorias volvemos a casa con una gran sensaci\u00f3n. En Estoril intentaremos hacer m\u00e1s buenos resultados e intentar subir al podio de nuevo\u201d.<\/em><\/p>\n<hr \/>\n<p><strong>ERIC GRANADO\u00a0 \u2013 GANADOR DE LA PRIMERA CARRERA DE MOTO2<\/strong><\/p>\n<p><em>\u201cEstoy muy contento. El fin de semana en general ha sido muy bueno. He hecho una mala salida, lo que me ha dejado muy lejos del grupo delantero, pero entonces he decidido ir paso a paso. Sab\u00eda que ten\u00eda un buen ritmo, y vuelta a vuelta he ido adelantando a pilotos y, en los dos \u00faltimos giros, he dado el 100%. Se ha notado el calor en las condiciones de la pista, pero al final he podido lograr la victoria\u201d.<\/em><\/p>\n<p><strong>ERIC GRANADO\u00a0\u2013 GANADOR DE LA SEGUNDA CARRERA DE\u00a0MOTO2<\/strong><\/p>\n<p><em>\u201cAunque desde fuera haya parecido una victoria f\u00e1cil, no ha sido as\u00ed. La carrera ha sido muy larga, pero he estado pendiente en todo momento de las informaciones que me daba el equipo, he mantenido la calma y he ido marcando mi propio ritmo. En las \u00faltimas 10 vueltas el escape se ha roto e iba tocando en el suelo en las curvas a izquierdas y me he asustado un poco. Al final, por suerte, hemos podido terminar. Ganar dos carreras consecutivas es magn\u00edfico. Me gustar\u00eda dar las gracias al equipo y a los aficionados\u201d.<\/em><\/p>\n<hr \/>\n<p><strong>\u00c1LEX TOLEDO\u00a0\u2013 GANADOR DE LA CARRERA DE LA EUROPEAN TALENT CUP<\/strong><\/p>\n<p><em>\u201cHe hecho una buena salida, pero ten\u00eda muchos problemas con el tren delantero. Iba un poco a remolque del grupo, ya que todo lo que les recortaba en las frenadas lo perd\u00eda luego acelerando. He tenido suerte porque ha habido dos pilotos delante de m\u00ed que se han tocado y que un tercero ha salvado la ca\u00edda de milagro. Con esta victoria, me coloco primero en la clasificaci\u00f3n general, pero toca seguir dando el m\u00e1ximo y ver c\u00f3mo evoluciona el campeonato\u201d.<\/em><\/p>\n","protected":false},"excerpt":{"rendered":"<p>Dennis Foggia se impone en las dos carreras del  Mundial Junior en Valencia, Eric Granado en las dos del Campeonato de Europa de Moto2 y \u00c1lex Toledo vence en la European Talent Cup.<\/p>\n","protected":false},"author":43146,"featured_media":86695,"comment_status":"open","ping_status":"open","sticky":false,"template":"","format":"standard","meta":{"footnotes":""},"categories":[1],"tags":[130],"class_list":["post-90693","post","type-post","status-publish","format-standard","hentry","category-sin-categorizar","tag-otros-eventos-y-competiciones"],"yoast_head":"<!-- This site is optimized with the Yoast SEO plugin v27.3 - https:\/\/yoast.com\/product\/yoast-seo-wordpress\/ -->\n<title>Dobletes de Foggia y Granado y victoria de \u00c1lex Toledo en el FIM CEV Repsol - Box Repsol<\/title>\n<meta name=\"description\" content=\"Dennis Foggia se impone en las dos carreras del Mundial Junior en Valencia, Eric Granado en las dos del Campeonato de Europa de Moto2.\" \/>\n<link rel=\"canonical\" href=\"https:\/\/www.boxrepsol.com\/es\/sin-categorizar\/dobletes-foggia-granado-victoria-alex-toledo-fim-cev-repsol\/\" \/>\n<meta property=\"og:locale\" content=\"es_ES\" \/>\n<meta property=\"og:type\" content=\"article\" \/>\n<meta property=\"og:title\" content=\"Dobletes de Foggia y Granado y victoria de \u00c1lex Toledo en el FIM CEV Repsol - Box Repsol\" \/>\n<meta property=\"og:description\" content=\"Dennis Foggia se impone en las dos carreras del Mundial Junior en Valencia, Eric Granado en las dos del Campeonato de Europa de Moto2.\" \/>\n<meta property=\"og:url\" content=\"https:\/\/www.boxrepsol.com\/es\/sin-categorizar\/dobletes-foggia-granado-victoria-alex-toledo-fim-cev-repsol\/\" \/>\n<meta property=\"og:site_name\" content=\"Box Repsol\" \/>\n<meta property=\"article:publisher\" content=\"https:\/\/www.facebook.com\/BoxRepsol\" \/>\n<meta property=\"article:author\" content=\"https:\/\/www.facebook.com\/BoxRepsol\/\" \/>\n<meta property=\"article:published_time\" content=\"2017-07-10T02:00:00+00:00\" \/>\n<meta property=\"article:modified_time\" content=\"2024-05-15T10:21:10+00:00\" \/>\n<meta property=\"og:image\" content=\"https:\/\/www.boxrepsol.com\/wp-content\/uploads\/2022\/08\/00_cabecera_CEV.jpg\" \/>\n\t<meta property=\"og:image:width\" content=\"995\" \/>\n\t<meta property=\"og:image:height\" content=\"560\" \/>\n\t<meta property=\"og:image:type\" content=\"image\/jpeg\" \/>\n<meta name=\"author\" content=\"Redacci\u00f3n Box Repsol\" \/>\n<meta name=\"twitter:card\" content=\"summary_large_image\" \/>\n<meta name=\"twitter:creator\" content=\"@https:\/\/twitter.com\/box_repsol\" \/>\n<meta name=\"twitter:site\" content=\"@box_repsol\" \/>\n<meta name=\"twitter:label1\" content=\"Written by\" \/>\n\t<meta name=\"twitter:data1\" content=\"Redacci\u00f3n Box Repsol\" \/>\n\t<meta name=\"twitter:label2\" content=\"Est. reading time\" \/>\n\t<meta name=\"twitter:data2\" content=\"3 minutos\" \/>\n<script type=\"application\/ld+json\" class=\"yoast-schema-graph\">{\"@context\":\"https:\\\/\\\/schema.org\",\"@graph\":[{\"@type\":\"Article\",\"@id\":\"https:\\\/\\\/www.boxrepsol.com\\\/es\\\/sin-categorizar\\\/dobletes-foggia-granado-victoria-alex-toledo-fim-cev-repsol\\\/#article\",\"isPartOf\":{\"@id\":\"https:\\\/\\\/www.boxrepsol.com\\\/es\\\/sin-categorizar\\\/dobletes-foggia-granado-victoria-alex-toledo-fim-cev-repsol\\\/\"},\"author\":{\"name\":\"Redacci\u00f3n Box Repsol\",\"@id\":\"https:\\\/\\\/www.boxrepsol.com\\\/es\\\/#\\\/schema\\\/person\\\/c5c2138f2cca251b0ad92b7086bb60b7\"},\"headline\":\"Dobletes de Foggia y Granado y victoria de \u00c1lex Toledo en el FIM CEV Repsol\",\"datePublished\":\"2017-07-10T02:00:00+00:00\",\"dateModified\":\"2024-05-15T10:21:10+00:00\",\"mainEntityOfPage\":{\"@id\":\"https:\\\/\\\/www.boxrepsol.com\\\/es\\\/sin-categorizar\\\/dobletes-foggia-granado-victoria-alex-toledo-fim-cev-repsol\\\/\"},\"wordCount\":654,\"commentCount\":0,\"publisher\":{\"@id\":\"https:\\\/\\\/www.boxrepsol.com\\\/es\\\/#organization\"},\"image\":{\"@id\":\"https:\\\/\\\/www.boxrepsol.com\\\/es\\\/sin-categorizar\\\/dobletes-foggia-granado-victoria-alex-toledo-fim-cev-repsol\\\/#primaryimage\"},\"thumbnailUrl\":\"https:\\\/\\\/www.boxrepsol.com\\\/wp-content\\\/uploads\\\/2022\\\/08\\\/00_cabecera_CEV.jpg\",\"keywords\":[\"otros eventos y competiciones\"],\"articleSection\":[\"Sin categorizar\"],\"inLanguage\":\"es\",\"potentialAction\":[{\"@type\":\"CommentAction\",\"name\":\"Comment\",\"target\":[\"https:\\\/\\\/www.boxrepsol.com\\\/es\\\/sin-categorizar\\\/dobletes-foggia-granado-victoria-alex-toledo-fim-cev-repsol\\\/#respond\"]}]},{\"@type\":\"WebPage\",\"@id\":\"https:\\\/\\\/www.boxrepsol.com\\\/es\\\/sin-categorizar\\\/dobletes-foggia-granado-victoria-alex-toledo-fim-cev-repsol\\\/\",\"url\":\"https:\\\/\\\/www.boxrepsol.com\\\/es\\\/sin-categorizar\\\/dobletes-foggia-granado-victoria-alex-toledo-fim-cev-repsol\\\/\",\"name\":\"Dobletes de Foggia y Granado y victoria de \u00c1lex Toledo en el FIM CEV Repsol - Box Repsol\",\"isPartOf\":{\"@id\":\"https:\\\/\\\/www.boxrepsol.com\\\/es\\\/#website\"},\"primaryImageOfPage\":{\"@id\":\"https:\\\/\\\/www.boxrepsol.com\\\/es\\\/sin-categorizar\\\/dobletes-foggia-granado-victoria-alex-toledo-fim-cev-repsol\\\/#primaryimage\"},\"image\":{\"@id\":\"https:\\\/\\\/www.boxrepsol.com\\\/es\\\/sin-categorizar\\\/dobletes-foggia-granado-victoria-alex-toledo-fim-cev-repsol\\\/#primaryimage\"},\"thumbnailUrl\":\"https:\\\/\\\/www.boxrepsol.com\\\/wp-content\\\/uploads\\\/2022\\\/08\\\/00_cabecera_CEV.jpg\",\"datePublished\":\"2017-07-10T02:00:00+00:00\",\"dateModified\":\"2024-05-15T10:21:10+00:00\",\"description\":\"Dennis Foggia se impone en las dos carreras del Mundial Junior en Valencia, Eric Granado en las dos del Campeonato de Europa de Moto2.\",\"breadcrumb\":{\"@id\":\"https:\\\/\\\/www.boxrepsol.com\\\/es\\\/sin-categorizar\\\/dobletes-foggia-granado-victoria-alex-toledo-fim-cev-repsol\\\/#breadcrumb\"},\"inLanguage\":\"es\",\"potentialAction\":[{\"@type\":\"ReadAction\",\"target\":[\"https:\\\/\\\/www.boxrepsol.com\\\/es\\\/sin-categorizar\\\/dobletes-foggia-granado-victoria-alex-toledo-fim-cev-repsol\\\/\"]}]},{\"@type\":\"ImageObject\",\"inLanguage\":\"es\",\"@id\":\"https:\\\/\\\/www.boxrepsol.com\\\/es\\\/sin-categorizar\\\/dobletes-foggia-granado-victoria-alex-toledo-fim-cev-repsol\\\/#primaryimage\",\"url\":\"https:\\\/\\\/www.boxrepsol.com\\\/wp-content\\\/uploads\\\/2022\\\/08\\\/00_cabecera_CEV.jpg\",\"contentUrl\":\"https:\\\/\\\/www.boxrepsol.com\\\/wp-content\\\/uploads\\\/2022\\\/08\\\/00_cabecera_CEV.jpg\",\"width\":995,\"height\":560,\"caption\":\"Piloto profesional haciendo caballito en Moto2 Honda\"},{\"@type\":\"BreadcrumbList\",\"@id\":\"https:\\\/\\\/www.boxrepsol.com\\\/es\\\/sin-categorizar\\\/dobletes-foggia-granado-victoria-alex-toledo-fim-cev-repsol\\\/#breadcrumb\",\"itemListElement\":[{\"@type\":\"ListItem\",\"position\":1,\"name\":\"Home\",\"item\":\"https:\\\/\\\/www.boxrepsol.com\\\/es\\\/\"},{\"@type\":\"ListItem\",\"position\":2,\"name\":\"Dobletes de Foggia y Granado y victoria de \u00c1lex Toledo en el FIM CEV Repsol\"}]},{\"@type\":\"WebSite\",\"@id\":\"https:\\\/\\\/www.boxrepsol.com\\\/es\\\/#website\",\"url\":\"https:\\\/\\\/www.boxrepsol.com\\\/es\\\/\",\"name\":\"Box Repsol\",\"description\":\"Box Repsol Site\",\"publisher\":{\"@id\":\"https:\\\/\\\/www.boxrepsol.com\\\/es\\\/#organization\"},\"potentialAction\":[{\"@type\":\"SearchAction\",\"target\":{\"@type\":\"EntryPoint\",\"urlTemplate\":\"https:\\\/\\\/www.boxrepsol.com\\\/es\\\/?s={search_term_string}\"},\"query-input\":{\"@type\":\"PropertyValueSpecification\",\"valueRequired\":true,\"valueName\":\"search_term_string\"}}],\"inLanguage\":\"es\"},{\"@type\":\"Organization\",\"@id\":\"https:\\\/\\\/www.boxrepsol.com\\\/es\\\/#organization\",\"name\":\"Box Repsol\",\"url\":\"https:\\\/\\\/www.boxrepsol.com\\\/es\\\/\",\"logo\":{\"@type\":\"ImageObject\",\"inLanguage\":\"es\",\"@id\":\"https:\\\/\\\/www.boxrepsol.com\\\/es\\\/#\\\/schema\\\/logo\\\/image\\\/\",\"url\":\"https:\\\/\\\/bxrepsol.s3.eu-west-1.amazonaws.com\\\/static\\\/2025\\\/07\\\/30083337\\\/favicon-96x96-1.png\",\"contentUrl\":\"https:\\\/\\\/bxrepsol.s3.eu-west-1.amazonaws.com\\\/static\\\/2025\\\/07\\\/30083337\\\/favicon-96x96-1.png\",\"width\":96,\"height\":96,\"caption\":\"Box Repsol\"},\"image\":{\"@id\":\"https:\\\/\\\/www.boxrepsol.com\\\/es\\\/#\\\/schema\\\/logo\\\/image\\\/\"},\"sameAs\":[\"https:\\\/\\\/www.facebook.com\\\/BoxRepsol\",\"https:\\\/\\\/x.com\\\/box_repsol\",\"http:\\\/\\\/instagram.com\\\/box_repsol\",\"https:\\\/\\\/www.youtube.com\\\/user\\\/RepsolCompeticion\",\"https:\\\/\\\/www.flickr.com\\\/photos\\\/box_repsol\\\/\"]},{\"@type\":\"Person\",\"@id\":\"https:\\\/\\\/www.boxrepsol.com\\\/es\\\/#\\\/schema\\\/person\\\/c5c2138f2cca251b0ad92b7086bb60b7\",\"name\":\"Redacci\u00f3n Box Repsol\",\"image\":{\"@type\":\"ImageObject\",\"inLanguage\":\"es\",\"@id\":\"https:\\\/\\\/secure.gravatar.com\\\/avatar\\\/adf7b77e38b4419baf32c7e9c21dde01f4e40df611f0978e3006fc4ba0aaab7e?s=96&d=mm&r=g\",\"url\":\"https:\\\/\\\/secure.gravatar.com\\\/avatar\\\/adf7b77e38b4419baf32c7e9c21dde01f4e40df611f0978e3006fc4ba0aaab7e?s=96&d=mm&r=g\",\"contentUrl\":\"https:\\\/\\\/secure.gravatar.com\\\/avatar\\\/adf7b77e38b4419baf32c7e9c21dde01f4e40df611f0978e3006fc4ba0aaab7e?s=96&d=mm&r=g\",\"caption\":\"Redacci\u00f3n Box Repsol\"},\"description\":\"Box Repsol lo forma un equipo de periodistas, community managers, dise\u00f1adores y fot\u00f3grafos con m\u00e1s de 20 a\u00f1os de experiencia en el mundo del motorsport. Hemos vivido el primer mundial de un espa\u00f1ol en la categor\u00eda reina de motociclismo con \u00c1lex Crivill\u00e9, estuvimos en las victorias de Pedrosa y los t\u00edtulos de M\u00e1rquez, acompa\u00f1amos en \u00c1frica a Nani Roma y Marc Coma en sus conquistas del Dakar y hemos vibrado con los t\u00edtulos de Toni Bou en Trial. Adem\u00e1s, en nuestro equipo contamos con expertos en el mundo de las dos y cuatro ruedas tanto de la calle y las carreteras, como de los circuitos. Periodistas que han trabajado en revistas y publicaciones para hacerte llegar desde rutas y consejos de mantenimiento, a curiosidades y trucos de pilotaje.\",\"sameAs\":[\"https:\\\/\\\/www.facebook.com\\\/BoxRepsol\\\/\",\"https:\\\/\\\/www.instagram.com\\\/box_repsol\\\/\",\"https:\\\/\\\/x.com\\\/https:\\\/\\\/twitter.com\\\/box_repsol\",\"https:\\\/\\\/www.youtube.com\\\/@Boxrepsol\"],\"url\":\"https:\\\/\\\/www.boxrepsol.com\\\/es\\\/author\\\/redaccion-box-repsol\\\/\"}]}<\/script>\n<!-- \/ Yoast SEO plugin. -->","yoast_head_json":{"title":"Dobletes de Foggia y Granado y victoria de \u00c1lex Toledo en el FIM CEV Repsol - Box Repsol","description":"Dennis Foggia se impone en las dos carreras del Mundial Junior en Valencia, Eric Granado en las dos del Campeonato de Europa de Moto2.","canonical":"https:\/\/www.boxrepsol.com\/es\/sin-categorizar\/dobletes-foggia-granado-victoria-alex-toledo-fim-cev-repsol\/","og_locale":"es_ES","og_type":"article","og_title":"Dobletes de Foggia y Granado y victoria de \u00c1lex Toledo en el FIM CEV Repsol - Box Repsol","og_description":"Dennis Foggia se impone en las dos carreras del Mundial Junior en Valencia, Eric Granado en las dos del Campeonato de Europa de Moto2.","og_url":"https:\/\/www.boxrepsol.com\/es\/sin-categorizar\/dobletes-foggia-granado-victoria-alex-toledo-fim-cev-repsol\/","og_site_name":"Box Repsol","article_publisher":"https:\/\/www.facebook.com\/BoxRepsol","article_author":"https:\/\/www.facebook.com\/BoxRepsol\/","article_published_time":"2017-07-10T02:00:00+00:00","article_modified_time":"2024-05-15T10:21:10+00:00","og_image":[{"width":995,"height":560,"url":"https:\/\/www.boxrepsol.com\/wp-content\/uploads\/2022\/08\/00_cabecera_CEV.jpg","type":"image\/jpeg"}],"author":"Redacci\u00f3n Box Repsol","twitter_card":"summary_large_image","twitter_creator":"@https:\/\/twitter.com\/box_repsol","twitter_site":"@box_repsol","twitter_misc":{"Written by":"Redacci\u00f3n Box Repsol","Est. reading time":"3 minutos"},"schema":{"@context":"https:\/\/schema.org","@graph":[{"@type":"Article","@id":"https:\/\/www.boxrepsol.com\/es\/sin-categorizar\/dobletes-foggia-granado-victoria-alex-toledo-fim-cev-repsol\/#article","isPartOf":{"@id":"https:\/\/www.boxrepsol.com\/es\/sin-categorizar\/dobletes-foggia-granado-victoria-alex-toledo-fim-cev-repsol\/"},"author":{"name":"Redacci\u00f3n Box Repsol","@id":"https:\/\/www.boxrepsol.com\/es\/#\/schema\/person\/c5c2138f2cca251b0ad92b7086bb60b7"},"headline":"Dobletes de Foggia y Granado y victoria de \u00c1lex Toledo en el FIM CEV Repsol","datePublished":"2017-07-10T02:00:00+00:00","dateModified":"2024-05-15T10:21:10+00:00","mainEntityOfPage":{"@id":"https:\/\/www.boxrepsol.com\/es\/sin-categorizar\/dobletes-foggia-granado-victoria-alex-toledo-fim-cev-repsol\/"},"wordCount":654,"commentCount":0,"publisher":{"@id":"https:\/\/www.boxrepsol.com\/es\/#organization"},"image":{"@id":"https:\/\/www.boxrepsol.com\/es\/sin-categorizar\/dobletes-foggia-granado-victoria-alex-toledo-fim-cev-repsol\/#primaryimage"},"thumbnailUrl":"https:\/\/www.boxrepsol.com\/wp-content\/uploads\/2022\/08\/00_cabecera_CEV.jpg","keywords":["otros eventos y competiciones"],"articleSection":["Sin categorizar"],"inLanguage":"es","potentialAction":[{"@type":"CommentAction","name":"Comment","target":["https:\/\/www.boxrepsol.com\/es\/sin-categorizar\/dobletes-foggia-granado-victoria-alex-toledo-fim-cev-repsol\/#respond"]}]},{"@type":"WebPage","@id":"https:\/\/www.boxrepsol.com\/es\/sin-categorizar\/dobletes-foggia-granado-victoria-alex-toledo-fim-cev-repsol\/","url":"https:\/\/www.boxrepsol.com\/es\/sin-categorizar\/dobletes-foggia-granado-victoria-alex-toledo-fim-cev-repsol\/","name":"Dobletes de Foggia y Granado y victoria de \u00c1lex Toledo en el FIM CEV Repsol - Box Repsol","isPartOf":{"@id":"https:\/\/www.boxrepsol.com\/es\/#website"},"primaryImageOfPage":{"@id":"https:\/\/www.boxrepsol.com\/es\/sin-categorizar\/dobletes-foggia-granado-victoria-alex-toledo-fim-cev-repsol\/#primaryimage"},"image":{"@id":"https:\/\/www.boxrepsol.com\/es\/sin-categorizar\/dobletes-foggia-granado-victoria-alex-toledo-fim-cev-repsol\/#primaryimage"},"thumbnailUrl":"https:\/\/www.boxrepsol.com\/wp-content\/uploads\/2022\/08\/00_cabecera_CEV.jpg","datePublished":"2017-07-10T02:00:00+00:00","dateModified":"2024-05-15T10:21:10+00:00","description":"Dennis Foggia se impone en las dos carreras del Mundial Junior en Valencia, Eric Granado en las dos del Campeonato de Europa de Moto2.","breadcrumb":{"@id":"https:\/\/www.boxrepsol.com\/es\/sin-categorizar\/dobletes-foggia-granado-victoria-alex-toledo-fim-cev-repsol\/#breadcrumb"},"inLanguage":"es","potentialAction":[{"@type":"ReadAction","target":["https:\/\/www.boxrepsol.com\/es\/sin-categorizar\/dobletes-foggia-granado-victoria-alex-toledo-fim-cev-repsol\/"]}]},{"@type":"ImageObject","inLanguage":"es","@id":"https:\/\/www.boxrepsol.com\/es\/sin-categorizar\/dobletes-foggia-granado-victoria-alex-toledo-fim-cev-repsol\/#primaryimage","url":"https:\/\/www.boxrepsol.com\/wp-content\/uploads\/2022\/08\/00_cabecera_CEV.jpg","contentUrl":"https:\/\/www.boxrepsol.com\/wp-content\/uploads\/2022\/08\/00_cabecera_CEV.jpg","width":995,"height":560,"caption":"Piloto profesional haciendo caballito en Moto2 Honda"},{"@type":"BreadcrumbList","@id":"https:\/\/www.boxrepsol.com\/es\/sin-categorizar\/dobletes-foggia-granado-victoria-alex-toledo-fim-cev-repsol\/#breadcrumb","itemListElement":[{"@type":"ListItem","position":1,"name":"Home","item":"https:\/\/www.boxrepsol.com\/es\/"},{"@type":"ListItem","position":2,"name":"Dobletes de Foggia y Granado y victoria de \u00c1lex Toledo en el FIM CEV Repsol"}]},{"@type":"WebSite","@id":"https:\/\/www.boxrepsol.com\/es\/#website","url":"https:\/\/www.boxrepsol.com\/es\/","name":"Box Repsol","description":"Box Repsol Site","publisher":{"@id":"https:\/\/www.boxrepsol.com\/es\/#organization"},"potentialAction":[{"@type":"SearchAction","target":{"@type":"EntryPoint","urlTemplate":"https:\/\/www.boxrepsol.com\/es\/?s={search_term_string}"},"query-input":{"@type":"PropertyValueSpecification","valueRequired":true,"valueName":"search_term_string"}}],"inLanguage":"es"},{"@type":"Organization","@id":"https:\/\/www.boxrepsol.com\/es\/#organization","name":"Box Repsol","url":"https:\/\/www.boxrepsol.com\/es\/","logo":{"@type":"ImageObject","inLanguage":"es","@id":"https:\/\/www.boxrepsol.com\/es\/#\/schema\/logo\/image\/","url":"https:\/\/bxrepsol.s3.eu-west-1.amazonaws.com\/static\/2025\/07\/30083337\/favicon-96x96-1.png","contentUrl":"https:\/\/bxrepsol.s3.eu-west-1.amazonaws.com\/static\/2025\/07\/30083337\/favicon-96x96-1.png","width":96,"height":96,"caption":"Box Repsol"},"image":{"@id":"https:\/\/www.boxrepsol.com\/es\/#\/schema\/logo\/image\/"},"sameAs":["https:\/\/www.facebook.com\/BoxRepsol","https:\/\/x.com\/box_repsol","http:\/\/instagram.com\/box_repsol","https:\/\/www.youtube.com\/user\/RepsolCompeticion","https:\/\/www.flickr.com\/photos\/box_repsol\/"]},{"@type":"Person","@id":"https:\/\/www.boxrepsol.com\/es\/#\/schema\/person\/c5c2138f2cca251b0ad92b7086bb60b7","name":"Redacci\u00f3n Box Repsol","image":{"@type":"ImageObject","inLanguage":"es","@id":"https:\/\/secure.gravatar.com\/avatar\/adf7b77e38b4419baf32c7e9c21dde01f4e40df611f0978e3006fc4ba0aaab7e?s=96&d=mm&r=g","url":"https:\/\/secure.gravatar.com\/avatar\/adf7b77e38b4419baf32c7e9c21dde01f4e40df611f0978e3006fc4ba0aaab7e?s=96&d=mm&r=g","contentUrl":"https:\/\/secure.gravatar.com\/avatar\/adf7b77e38b4419baf32c7e9c21dde01f4e40df611f0978e3006fc4ba0aaab7e?s=96&d=mm&r=g","caption":"Redacci\u00f3n Box Repsol"},"description":"Box Repsol lo forma un equipo de periodistas, community managers, dise\u00f1adores y fot\u00f3grafos con m\u00e1s de 20 a\u00f1os de experiencia en el mundo del motorsport. Hemos vivido el primer mundial de un espa\u00f1ol en la categor\u00eda reina de motociclismo con \u00c1lex Crivill\u00e9, estuvimos en las victorias de Pedrosa y los t\u00edtulos de M\u00e1rquez, acompa\u00f1amos en \u00c1frica a Nani Roma y Marc Coma en sus conquistas del Dakar y hemos vibrado con los t\u00edtulos de Toni Bou en Trial. Adem\u00e1s, en nuestro equipo contamos con expertos en el mundo de las dos y cuatro ruedas tanto de la calle y las carreteras, como de los circuitos. Periodistas que han trabajado en revistas y publicaciones para hacerte llegar desde rutas y consejos de mantenimiento, a curiosidades y trucos de pilotaje.","sameAs":["https:\/\/www.facebook.com\/BoxRepsol\/","https:\/\/www.instagram.com\/box_repsol\/","https:\/\/x.com\/https:\/\/twitter.com\/box_repsol","https:\/\/www.youtube.com\/@Boxrepsol"],"url":"https:\/\/www.boxrepsol.com\/es\/author\/redaccion-box-repsol\/"}]}},"_links":{"self":[{"href":"https:\/\/www.boxrepsol.com\/es\/wp-json\/wp\/v2\/posts\/90693","targetHints":{"allow":["GET"]}}],"collection":[{"href":"https:\/\/www.boxrepsol.com\/es\/wp-json\/wp\/v2\/posts"}],"about":[{"href":"https:\/\/www.boxrepsol.com\/es\/wp-json\/wp\/v2\/types\/post"}],"author":[{"embeddable":true,"href":"https:\/\/www.boxrepsol.com\/es\/wp-json\/wp\/v2\/users\/43146"}],"replies":[{"embeddable":true,"href":"https:\/\/www.boxrepsol.com\/es\/wp-json\/wp\/v2\/comments?post=90693"}],"version-history":[{"count":1,"href":"https:\/\/www.boxrepsol.com\/es\/wp-json\/wp\/v2\/posts\/90693\/revisions"}],"predecessor-version":[{"id":90694,"href":"https:\/\/www.boxrepsol.com\/es\/wp-json\/wp\/v2\/posts\/90693\/revisions\/90694"}],"wp:featuredmedia":[{"embeddable":true,"href":"https:\/\/www.boxrepsol.com\/es\/wp-json\/wp\/v2\/media\/86695"}],"wp:attachment":[{"href":"https:\/\/www.boxrepsol.com\/es\/wp-json\/wp\/v2\/media?parent=90693"}],"wp:term":[{"taxonomy":"category","embeddable":true,"href":"https:\/\/www.boxrepsol.com\/es\/wp-json\/wp\/v2\/categories?post=90693"},{"taxonomy":"post_tag","embeddable":true,"href":"https:\/\/www.boxrepsol.com\/es\/wp-json\/wp\/v2\/tags?post=90693"}],"curies":[{"name":"wp","href":"https:\/\/api.w.org\/{rel}","templated":true}]}}