{"id":90685,"date":"2017-07-07T00:00:00","date_gmt":"2017-07-07T02:00:00","guid":{"rendered":"http:\/\/pre.boxrepsol.com\/sin-categorizar\/vas-querer-formar-parte-asociacion-usuarios-la-moto-verde\/"},"modified":"2024-05-15T07:57:08","modified_gmt":"2024-05-15T09:57:08","slug":"vas-querer-formar-parte-asociacion-usuarios-la-moto-verde","status":"publish","type":"post","link":"https:\/\/www.boxrepsol.com\/es\/vive-tu-moto\/vas-querer-formar-parte-asociacion-usuarios-la-moto-verde\/","title":{"rendered":"Vas a querer formar parte: Asociaci\u00f3n de usuarios de la moto verde"},"content":{"rendered":"<p>Alg\u00fan d\u00eda todos perteneceremos a una asociaci\u00f3n como \u00e9sta. En 1995, el Gobierno regula el uso de veh\u00edculos a motor por los caminos que dependen del Estado. As\u00ed nace en Noviembre de 1996 la Asociaci\u00f3n de Usuarios de la Moto Verde (AMVER). Un colectivo amante de la moto de monta\u00f1a que, consciente de la importancia del cuidado del ecosistema, decide organizarse.<\/p>\n<p>Su objetivo siempre ha sido el de tender puentes entre todos los implicados buscando puntos de encuentro entre usuarios, fabricantes, distribuidores, talleres, tiendas, federaci\u00f3n y prensa.<\/p>\n<div id=\"attachment_9110\" style=\"width: 714px\" class=\"wp-caption aligncenter\"><img loading=\"lazy\" decoding=\"async\" aria-describedby=\"caption-attachment-9110\" src=\"https:\/\/bxrepsol.s3.eu-west-1.amazonaws.com\/static\/2022\/08\/29072405\/ASOCIACIoN_DE_USUARIOS_DE_LA_MOTO_VERDE_01_pixa-2.png\" alt=\"\" width=\"704\" height=\"465\" \/><p id=\"caption-attachment-9110\" class=\"wp-caption-text\">Foto: Pixabay.com<\/p><\/div>\n<p>La idea general en aquellos inicios fue la de hacer frente al cierre de puertas al uso de la moto \u201coff-road\u201d interviniendo en la legislaci\u00f3n vigente y participando en el desarrollo de nuevos proyectos legislativos que lograsen ser satisfactorios para todos.<\/p>\n<p>Pero AMVER va m\u00e1s all\u00e1 de la representaci\u00f3n pol\u00edtica de los usuarios \u201cverdes\u201d ante administraciones, entidades p\u00fablicas y foros de opini\u00f3n. Se esfuerzan en concreto en \u201cmejorar la posibilidad de poder circular en moto por la mayor parte de los caminos de Espa\u00f1a\u201d, y en \u201chacer compatible el uso de la moto de monta\u00f1a con el medio ambiente natural\u201d. Una reto interesante y necesario para preservar la pr\u00e1ctica de un deporte que nos ha hecho punteros a nivel mundial como el Trial, por ejemplo.<\/p>\n<p>Tambi\u00e9n promueve \u201cuna buena imagen p\u00fablica y publicada del colectivo de motociclistas de campo\u201d, y entiende como adecuado el \u201cdialogar de modo constructivo con otros grupos que utilizan tambi\u00e9n el campo para sus actividades de ocio y deportivas\u201d.<\/p>\n<div id=\"attachment_9112\" style=\"width: 714px\" class=\"wp-caption aligncenter\"><img loading=\"lazy\" decoding=\"async\" aria-describedby=\"caption-attachment-9112\" src=\"https:\/\/bxrepsol.s3.eu-west-1.amazonaws.com\/static\/2022\/08\/29072406\/ASOCIACIoN_DE_USUARIOS_DE_LA_MOTO_VERDE_02_taymtaym_flickr-2.png\" alt=\"\" width=\"704\" height=\"465\" \/><p id=\"caption-attachment-9112\" class=\"wp-caption-text\">Foto: Taymtaym | Flickr<\/p><\/div>\n<p>Evidentemente, AMVER compromete tambi\u00e9n a sus propios usuarios en el cumplimiento de una serie de normas acerca de c\u00f3mo utilizar las motos de campo en el medio natural. As\u00ed mismo, tambi\u00e9n se esfuerza en difundir entre sus miembros y entre la sociedad, la idea de un uso responsable de la \u201cmoto verde\u201d.<\/p>\n<p>Gracias a sus m\u00e1s de 15.000 asociados y con la participaci\u00f3n de fabricantes, distribuidores, el apoyo de pilotos profesionales y de los medios de comunicaci\u00f3n especializados, AMVER ha logrado convertirse en una referencia entre el colectivo de usuarios de veh\u00edculos \u201coff road\u201d. Una tendencia necesaria de la que todo el amante del motociclismo de monta\u00f1a deber\u00eda tomar partido.<\/p>\n<p>Foto de cabecera: Pixabay.com<\/p>\n","protected":false},"excerpt":{"rendered":"<p>Alg\u00fan d\u00eda todos perteneceremos a una asociaci\u00f3n como \u00e9sta. En 1995, el Gobierno regula el uso de veh\u00edculos a motor por los caminos que dependen del Estado. As\u00ed nace en Noviembre de 1996 la Asociaci\u00f3n de Usuarios de la Moto Verde (AMVER). Un colectivo amante de la moto de monta\u00f1a que, consciente de la importancia [&hellip;]<\/p>\n","protected":false},"author":43146,"featured_media":90687,"comment_status":"open","ping_status":"open","sticky":false,"template":"","format":"standard","meta":{"footnotes":""},"categories":[122],"tags":[167],"class_list":["post-90685","post","type-post","status-publish","format-standard","hentry","category-vive-tu-moto","tag-clubs-y-grupos-moteros"],"yoast_head":"<!-- This site is optimized with the Yoast SEO plugin v27.3 - https:\/\/yoast.com\/product\/yoast-seo-wordpress\/ -->\n<title>Vas a querer formar parte: Asociaci\u00f3n de usuarios de la moto verde - Box Repsol<\/title>\n<link rel=\"canonical\" href=\"https:\/\/www.boxrepsol.com\/es\/vive-tu-moto\/vas-querer-formar-parte-asociacion-usuarios-la-moto-verde\/\" \/>\n<meta property=\"og:locale\" content=\"es_ES\" \/>\n<meta property=\"og:type\" content=\"article\" \/>\n<meta property=\"og:title\" content=\"Vas a querer formar parte: Asociaci\u00f3n de usuarios de la moto verde - Box Repsol\" \/>\n<meta property=\"og:description\" content=\"Alg\u00fan d\u00eda todos perteneceremos a una asociaci\u00f3n como \u00e9sta. En 1995, el Gobierno regula el uso de veh\u00edculos a motor por los caminos que dependen del Estado. As\u00ed nace en Noviembre de 1996 la Asociaci\u00f3n de Usuarios de la Moto Verde (AMVER). Un colectivo amante de la moto de monta\u00f1a que, consciente de la importancia [&hellip;]\" \/>\n<meta property=\"og:url\" content=\"https:\/\/www.boxrepsol.com\/es\/vive-tu-moto\/vas-querer-formar-parte-asociacion-usuarios-la-moto-verde\/\" \/>\n<meta property=\"og:site_name\" content=\"Box Repsol\" \/>\n<meta property=\"article:publisher\" content=\"https:\/\/www.facebook.com\/BoxRepsol\" \/>\n<meta property=\"article:author\" content=\"https:\/\/www.facebook.com\/BoxRepsol\/\" \/>\n<meta property=\"article:published_time\" content=\"2017-07-07T02:00:00+00:00\" \/>\n<meta property=\"article:modified_time\" content=\"2024-05-15T09:57:08+00:00\" \/>\n<meta property=\"og:image\" content=\"https:\/\/bxrepsol.s3.eu-west-1.amazonaws.com\/static\/2023\/02\/24095535\/ASOCIACIoN_DE_USUARIOS_DE_LA_MOTO_VERDE_header_pixa.png\" \/>\n\t<meta property=\"og:image:width\" content=\"986\" \/>\n\t<meta property=\"og:image:height\" content=\"555\" \/>\n\t<meta property=\"og:image:type\" content=\"image\/png\" \/>\n<meta name=\"author\" content=\"Redacci\u00f3n Box Repsol\" \/>\n<meta name=\"twitter:card\" content=\"summary_large_image\" \/>\n<meta name=\"twitter:creator\" content=\"@https:\/\/twitter.com\/box_repsol\" \/>\n<meta name=\"twitter:site\" content=\"@box_repsol\" \/>\n<meta name=\"twitter:label1\" content=\"Written by\" \/>\n\t<meta name=\"twitter:data1\" content=\"Redacci\u00f3n Box Repsol\" \/>\n\t<meta name=\"twitter:label2\" content=\"Est. reading time\" \/>\n\t<meta name=\"twitter:data2\" content=\"2 minutos\" \/>\n<script type=\"application\/ld+json\" class=\"yoast-schema-graph\">{\"@context\":\"https:\\\/\\\/schema.org\",\"@graph\":[{\"@type\":\"Article\",\"@id\":\"https:\\\/\\\/www.boxrepsol.com\\\/es\\\/vive-tu-moto\\\/vas-querer-formar-parte-asociacion-usuarios-la-moto-verde\\\/#article\",\"isPartOf\":{\"@id\":\"https:\\\/\\\/www.boxrepsol.com\\\/es\\\/vive-tu-moto\\\/vas-querer-formar-parte-asociacion-usuarios-la-moto-verde\\\/\"},\"author\":{\"name\":\"Redacci\u00f3n Box Repsol\",\"@id\":\"https:\\\/\\\/www.boxrepsol.com\\\/es\\\/#\\\/schema\\\/person\\\/c5c2138f2cca251b0ad92b7086bb60b7\"},\"headline\":\"Vas a querer formar parte: Asociaci\u00f3n de usuarios de la moto verde\",\"datePublished\":\"2017-07-07T02:00:00+00:00\",\"dateModified\":\"2024-05-15T09:57:08+00:00\",\"mainEntityOfPage\":{\"@id\":\"https:\\\/\\\/www.boxrepsol.com\\\/es\\\/vive-tu-moto\\\/vas-querer-formar-parte-asociacion-usuarios-la-moto-verde\\\/\"},\"wordCount\":423,\"commentCount\":0,\"publisher\":{\"@id\":\"https:\\\/\\\/www.boxrepsol.com\\\/es\\\/#organization\"},\"image\":{\"@id\":\"https:\\\/\\\/www.boxrepsol.com\\\/es\\\/vive-tu-moto\\\/vas-querer-formar-parte-asociacion-usuarios-la-moto-verde\\\/#primaryimage\"},\"thumbnailUrl\":\"https:\\\/\\\/bxrepsol.s3.eu-west-1.amazonaws.com\\\/static\\\/2023\\\/02\\\/24095535\\\/ASOCIACIoN_DE_USUARIOS_DE_LA_MOTO_VERDE_header_pixa.png\",\"keywords\":[\"clubs y grupos moteros\"],\"articleSection\":[\"Vive tu moto\"],\"inLanguage\":\"es\",\"potentialAction\":[{\"@type\":\"CommentAction\",\"name\":\"Comment\",\"target\":[\"https:\\\/\\\/www.boxrepsol.com\\\/es\\\/vive-tu-moto\\\/vas-querer-formar-parte-asociacion-usuarios-la-moto-verde\\\/#respond\"]}]},{\"@type\":\"WebPage\",\"@id\":\"https:\\\/\\\/www.boxrepsol.com\\\/es\\\/vive-tu-moto\\\/vas-querer-formar-parte-asociacion-usuarios-la-moto-verde\\\/\",\"url\":\"https:\\\/\\\/www.boxrepsol.com\\\/es\\\/vive-tu-moto\\\/vas-querer-formar-parte-asociacion-usuarios-la-moto-verde\\\/\",\"name\":\"Vas a querer formar parte: Asociaci\u00f3n de usuarios de la moto verde - Box Repsol\",\"isPartOf\":{\"@id\":\"https:\\\/\\\/www.boxrepsol.com\\\/es\\\/#website\"},\"primaryImageOfPage\":{\"@id\":\"https:\\\/\\\/www.boxrepsol.com\\\/es\\\/vive-tu-moto\\\/vas-querer-formar-parte-asociacion-usuarios-la-moto-verde\\\/#primaryimage\"},\"image\":{\"@id\":\"https:\\\/\\\/www.boxrepsol.com\\\/es\\\/vive-tu-moto\\\/vas-querer-formar-parte-asociacion-usuarios-la-moto-verde\\\/#primaryimage\"},\"thumbnailUrl\":\"https:\\\/\\\/bxrepsol.s3.eu-west-1.amazonaws.com\\\/static\\\/2023\\\/02\\\/24095535\\\/ASOCIACIoN_DE_USUARIOS_DE_LA_MOTO_VERDE_header_pixa.png\",\"datePublished\":\"2017-07-07T02:00:00+00:00\",\"dateModified\":\"2024-05-15T09:57:08+00:00\",\"breadcrumb\":{\"@id\":\"https:\\\/\\\/www.boxrepsol.com\\\/es\\\/vive-tu-moto\\\/vas-querer-formar-parte-asociacion-usuarios-la-moto-verde\\\/#breadcrumb\"},\"inLanguage\":\"es\",\"potentialAction\":[{\"@type\":\"ReadAction\",\"target\":[\"https:\\\/\\\/www.boxrepsol.com\\\/es\\\/vive-tu-moto\\\/vas-querer-formar-parte-asociacion-usuarios-la-moto-verde\\\/\"]}]},{\"@type\":\"ImageObject\",\"inLanguage\":\"es\",\"@id\":\"https:\\\/\\\/www.boxrepsol.com\\\/es\\\/vive-tu-moto\\\/vas-querer-formar-parte-asociacion-usuarios-la-moto-verde\\\/#primaryimage\",\"url\":\"https:\\\/\\\/bxrepsol.s3.eu-west-1.amazonaws.com\\\/static\\\/2023\\\/02\\\/24095535\\\/ASOCIACIoN_DE_USUARIOS_DE_LA_MOTO_VERDE_header_pixa.png\",\"contentUrl\":\"https:\\\/\\\/bxrepsol.s3.eu-west-1.amazonaws.com\\\/static\\\/2023\\\/02\\\/24095535\\\/ASOCIACIoN_DE_USUARIOS_DE_LA_MOTO_VERDE_header_pixa.png\",\"width\":986,\"height\":555,\"caption\":\"Motorista de enduro atravesando el campo en un camino de tierra\"},{\"@type\":\"BreadcrumbList\",\"@id\":\"https:\\\/\\\/www.boxrepsol.com\\\/es\\\/vive-tu-moto\\\/vas-querer-formar-parte-asociacion-usuarios-la-moto-verde\\\/#breadcrumb\",\"itemListElement\":[{\"@type\":\"ListItem\",\"position\":1,\"name\":\"Home\",\"item\":\"https:\\\/\\\/www.boxrepsol.com\\\/es\\\/\"},{\"@type\":\"ListItem\",\"position\":2,\"name\":\"Vas a querer formar parte: Asociaci\u00f3n de usuarios de la moto verde\"}]},{\"@type\":\"WebSite\",\"@id\":\"https:\\\/\\\/www.boxrepsol.com\\\/es\\\/#website\",\"url\":\"https:\\\/\\\/www.boxrepsol.com\\\/es\\\/\",\"name\":\"Box Repsol\",\"description\":\"Box Repsol Site\",\"publisher\":{\"@id\":\"https:\\\/\\\/www.boxrepsol.com\\\/es\\\/#organization\"},\"potentialAction\":[{\"@type\":\"SearchAction\",\"target\":{\"@type\":\"EntryPoint\",\"urlTemplate\":\"https:\\\/\\\/www.boxrepsol.com\\\/es\\\/?s={search_term_string}\"},\"query-input\":{\"@type\":\"PropertyValueSpecification\",\"valueRequired\":true,\"valueName\":\"search_term_string\"}}],\"inLanguage\":\"es\"},{\"@type\":\"Organization\",\"@id\":\"https:\\\/\\\/www.boxrepsol.com\\\/es\\\/#organization\",\"name\":\"Box Repsol\",\"url\":\"https:\\\/\\\/www.boxrepsol.com\\\/es\\\/\",\"logo\":{\"@type\":\"ImageObject\",\"inLanguage\":\"es\",\"@id\":\"https:\\\/\\\/www.boxrepsol.com\\\/es\\\/#\\\/schema\\\/logo\\\/image\\\/\",\"url\":\"https:\\\/\\\/bxrepsol.s3.eu-west-1.amazonaws.com\\\/static\\\/2025\\\/07\\\/30083337\\\/favicon-96x96-1.png\",\"contentUrl\":\"https:\\\/\\\/bxrepsol.s3.eu-west-1.amazonaws.com\\\/static\\\/2025\\\/07\\\/30083337\\\/favicon-96x96-1.png\",\"width\":96,\"height\":96,\"caption\":\"Box Repsol\"},\"image\":{\"@id\":\"https:\\\/\\\/www.boxrepsol.com\\\/es\\\/#\\\/schema\\\/logo\\\/image\\\/\"},\"sameAs\":[\"https:\\\/\\\/www.facebook.com\\\/BoxRepsol\",\"https:\\\/\\\/x.com\\\/box_repsol\",\"http:\\\/\\\/instagram.com\\\/box_repsol\",\"https:\\\/\\\/www.youtube.com\\\/user\\\/RepsolCompeticion\",\"https:\\\/\\\/www.flickr.com\\\/photos\\\/box_repsol\\\/\"]},{\"@type\":\"Person\",\"@id\":\"https:\\\/\\\/www.boxrepsol.com\\\/es\\\/#\\\/schema\\\/person\\\/c5c2138f2cca251b0ad92b7086bb60b7\",\"name\":\"Redacci\u00f3n Box Repsol\",\"image\":{\"@type\":\"ImageObject\",\"inLanguage\":\"es\",\"@id\":\"https:\\\/\\\/secure.gravatar.com\\\/avatar\\\/adf7b77e38b4419baf32c7e9c21dde01f4e40df611f0978e3006fc4ba0aaab7e?s=96&d=mm&r=g\",\"url\":\"https:\\\/\\\/secure.gravatar.com\\\/avatar\\\/adf7b77e38b4419baf32c7e9c21dde01f4e40df611f0978e3006fc4ba0aaab7e?s=96&d=mm&r=g\",\"contentUrl\":\"https:\\\/\\\/secure.gravatar.com\\\/avatar\\\/adf7b77e38b4419baf32c7e9c21dde01f4e40df611f0978e3006fc4ba0aaab7e?s=96&d=mm&r=g\",\"caption\":\"Redacci\u00f3n Box Repsol\"},\"description\":\"Box Repsol lo forma un equipo de periodistas, community managers, dise\u00f1adores y fot\u00f3grafos con m\u00e1s de 20 a\u00f1os de experiencia en el mundo del motorsport. Hemos vivido el primer mundial de un espa\u00f1ol en la categor\u00eda reina de motociclismo con \u00c1lex Crivill\u00e9, estuvimos en las victorias de Pedrosa y los t\u00edtulos de M\u00e1rquez, acompa\u00f1amos en \u00c1frica a Nani Roma y Marc Coma en sus conquistas del Dakar y hemos vibrado con los t\u00edtulos de Toni Bou en Trial. Adem\u00e1s, en nuestro equipo contamos con expertos en el mundo de las dos y cuatro ruedas tanto de la calle y las carreteras, como de los circuitos. Periodistas que han trabajado en revistas y publicaciones para hacerte llegar desde rutas y consejos de mantenimiento, a curiosidades y trucos de pilotaje.\",\"sameAs\":[\"https:\\\/\\\/www.facebook.com\\\/BoxRepsol\\\/\",\"https:\\\/\\\/www.instagram.com\\\/box_repsol\\\/\",\"https:\\\/\\\/x.com\\\/https:\\\/\\\/twitter.com\\\/box_repsol\",\"https:\\\/\\\/www.youtube.com\\\/@Boxrepsol\"],\"url\":\"https:\\\/\\\/www.boxrepsol.com\\\/es\\\/author\\\/redaccion-box-repsol\\\/\"}]}<\/script>\n<!-- \/ Yoast SEO plugin. -->","yoast_head_json":{"title":"Vas a querer formar parte: Asociaci\u00f3n de usuarios de la moto verde - Box Repsol","canonical":"https:\/\/www.boxrepsol.com\/es\/vive-tu-moto\/vas-querer-formar-parte-asociacion-usuarios-la-moto-verde\/","og_locale":"es_ES","og_type":"article","og_title":"Vas a querer formar parte: Asociaci\u00f3n de usuarios de la moto verde - Box Repsol","og_description":"Alg\u00fan d\u00eda todos perteneceremos a una asociaci\u00f3n como \u00e9sta. En 1995, el Gobierno regula el uso de veh\u00edculos a motor por los caminos que dependen del Estado. As\u00ed nace en Noviembre de 1996 la Asociaci\u00f3n de Usuarios de la Moto Verde (AMVER). Un colectivo amante de la moto de monta\u00f1a que, consciente de la importancia [&hellip;]","og_url":"https:\/\/www.boxrepsol.com\/es\/vive-tu-moto\/vas-querer-formar-parte-asociacion-usuarios-la-moto-verde\/","og_site_name":"Box Repsol","article_publisher":"https:\/\/www.facebook.com\/BoxRepsol","article_author":"https:\/\/www.facebook.com\/BoxRepsol\/","article_published_time":"2017-07-07T02:00:00+00:00","article_modified_time":"2024-05-15T09:57:08+00:00","og_image":[{"width":986,"height":555,"url":"https:\/\/bxrepsol.s3.eu-west-1.amazonaws.com\/static\/2023\/02\/24095535\/ASOCIACIoN_DE_USUARIOS_DE_LA_MOTO_VERDE_header_pixa.png","type":"image\/png"}],"author":"Redacci\u00f3n Box Repsol","twitter_card":"summary_large_image","twitter_creator":"@https:\/\/twitter.com\/box_repsol","twitter_site":"@box_repsol","twitter_misc":{"Written by":"Redacci\u00f3n Box Repsol","Est. reading time":"2 minutos"},"schema":{"@context":"https:\/\/schema.org","@graph":[{"@type":"Article","@id":"https:\/\/www.boxrepsol.com\/es\/vive-tu-moto\/vas-querer-formar-parte-asociacion-usuarios-la-moto-verde\/#article","isPartOf":{"@id":"https:\/\/www.boxrepsol.com\/es\/vive-tu-moto\/vas-querer-formar-parte-asociacion-usuarios-la-moto-verde\/"},"author":{"name":"Redacci\u00f3n Box Repsol","@id":"https:\/\/www.boxrepsol.com\/es\/#\/schema\/person\/c5c2138f2cca251b0ad92b7086bb60b7"},"headline":"Vas a querer formar parte: Asociaci\u00f3n de usuarios de la moto verde","datePublished":"2017-07-07T02:00:00+00:00","dateModified":"2024-05-15T09:57:08+00:00","mainEntityOfPage":{"@id":"https:\/\/www.boxrepsol.com\/es\/vive-tu-moto\/vas-querer-formar-parte-asociacion-usuarios-la-moto-verde\/"},"wordCount":423,"commentCount":0,"publisher":{"@id":"https:\/\/www.boxrepsol.com\/es\/#organization"},"image":{"@id":"https:\/\/www.boxrepsol.com\/es\/vive-tu-moto\/vas-querer-formar-parte-asociacion-usuarios-la-moto-verde\/#primaryimage"},"thumbnailUrl":"https:\/\/bxrepsol.s3.eu-west-1.amazonaws.com\/static\/2023\/02\/24095535\/ASOCIACIoN_DE_USUARIOS_DE_LA_MOTO_VERDE_header_pixa.png","keywords":["clubs y grupos moteros"],"articleSection":["Vive tu moto"],"inLanguage":"es","potentialAction":[{"@type":"CommentAction","name":"Comment","target":["https:\/\/www.boxrepsol.com\/es\/vive-tu-moto\/vas-querer-formar-parte-asociacion-usuarios-la-moto-verde\/#respond"]}]},{"@type":"WebPage","@id":"https:\/\/www.boxrepsol.com\/es\/vive-tu-moto\/vas-querer-formar-parte-asociacion-usuarios-la-moto-verde\/","url":"https:\/\/www.boxrepsol.com\/es\/vive-tu-moto\/vas-querer-formar-parte-asociacion-usuarios-la-moto-verde\/","name":"Vas a querer formar parte: Asociaci\u00f3n de usuarios de la moto verde - Box Repsol","isPartOf":{"@id":"https:\/\/www.boxrepsol.com\/es\/#website"},"primaryImageOfPage":{"@id":"https:\/\/www.boxrepsol.com\/es\/vive-tu-moto\/vas-querer-formar-parte-asociacion-usuarios-la-moto-verde\/#primaryimage"},"image":{"@id":"https:\/\/www.boxrepsol.com\/es\/vive-tu-moto\/vas-querer-formar-parte-asociacion-usuarios-la-moto-verde\/#primaryimage"},"thumbnailUrl":"https:\/\/bxrepsol.s3.eu-west-1.amazonaws.com\/static\/2023\/02\/24095535\/ASOCIACIoN_DE_USUARIOS_DE_LA_MOTO_VERDE_header_pixa.png","datePublished":"2017-07-07T02:00:00+00:00","dateModified":"2024-05-15T09:57:08+00:00","breadcrumb":{"@id":"https:\/\/www.boxrepsol.com\/es\/vive-tu-moto\/vas-querer-formar-parte-asociacion-usuarios-la-moto-verde\/#breadcrumb"},"inLanguage":"es","potentialAction":[{"@type":"ReadAction","target":["https:\/\/www.boxrepsol.com\/es\/vive-tu-moto\/vas-querer-formar-parte-asociacion-usuarios-la-moto-verde\/"]}]},{"@type":"ImageObject","inLanguage":"es","@id":"https:\/\/www.boxrepsol.com\/es\/vive-tu-moto\/vas-querer-formar-parte-asociacion-usuarios-la-moto-verde\/#primaryimage","url":"https:\/\/bxrepsol.s3.eu-west-1.amazonaws.com\/static\/2023\/02\/24095535\/ASOCIACIoN_DE_USUARIOS_DE_LA_MOTO_VERDE_header_pixa.png","contentUrl":"https:\/\/bxrepsol.s3.eu-west-1.amazonaws.com\/static\/2023\/02\/24095535\/ASOCIACIoN_DE_USUARIOS_DE_LA_MOTO_VERDE_header_pixa.png","width":986,"height":555,"caption":"Motorista de enduro atravesando el campo en un camino de tierra"},{"@type":"BreadcrumbList","@id":"https:\/\/www.boxrepsol.com\/es\/vive-tu-moto\/vas-querer-formar-parte-asociacion-usuarios-la-moto-verde\/#breadcrumb","itemListElement":[{"@type":"ListItem","position":1,"name":"Home","item":"https:\/\/www.boxrepsol.com\/es\/"},{"@type":"ListItem","position":2,"name":"Vas a querer formar parte: Asociaci\u00f3n de usuarios de la moto verde"}]},{"@type":"WebSite","@id":"https:\/\/www.boxrepsol.com\/es\/#website","url":"https:\/\/www.boxrepsol.com\/es\/","name":"Box Repsol","description":"Box Repsol Site","publisher":{"@id":"https:\/\/www.boxrepsol.com\/es\/#organization"},"potentialAction":[{"@type":"SearchAction","target":{"@type":"EntryPoint","urlTemplate":"https:\/\/www.boxrepsol.com\/es\/?s={search_term_string}"},"query-input":{"@type":"PropertyValueSpecification","valueRequired":true,"valueName":"search_term_string"}}],"inLanguage":"es"},{"@type":"Organization","@id":"https:\/\/www.boxrepsol.com\/es\/#organization","name":"Box Repsol","url":"https:\/\/www.boxrepsol.com\/es\/","logo":{"@type":"ImageObject","inLanguage":"es","@id":"https:\/\/www.boxrepsol.com\/es\/#\/schema\/logo\/image\/","url":"https:\/\/bxrepsol.s3.eu-west-1.amazonaws.com\/static\/2025\/07\/30083337\/favicon-96x96-1.png","contentUrl":"https:\/\/bxrepsol.s3.eu-west-1.amazonaws.com\/static\/2025\/07\/30083337\/favicon-96x96-1.png","width":96,"height":96,"caption":"Box Repsol"},"image":{"@id":"https:\/\/www.boxrepsol.com\/es\/#\/schema\/logo\/image\/"},"sameAs":["https:\/\/www.facebook.com\/BoxRepsol","https:\/\/x.com\/box_repsol","http:\/\/instagram.com\/box_repsol","https:\/\/www.youtube.com\/user\/RepsolCompeticion","https:\/\/www.flickr.com\/photos\/box_repsol\/"]},{"@type":"Person","@id":"https:\/\/www.boxrepsol.com\/es\/#\/schema\/person\/c5c2138f2cca251b0ad92b7086bb60b7","name":"Redacci\u00f3n Box Repsol","image":{"@type":"ImageObject","inLanguage":"es","@id":"https:\/\/secure.gravatar.com\/avatar\/adf7b77e38b4419baf32c7e9c21dde01f4e40df611f0978e3006fc4ba0aaab7e?s=96&d=mm&r=g","url":"https:\/\/secure.gravatar.com\/avatar\/adf7b77e38b4419baf32c7e9c21dde01f4e40df611f0978e3006fc4ba0aaab7e?s=96&d=mm&r=g","contentUrl":"https:\/\/secure.gravatar.com\/avatar\/adf7b77e38b4419baf32c7e9c21dde01f4e40df611f0978e3006fc4ba0aaab7e?s=96&d=mm&r=g","caption":"Redacci\u00f3n Box Repsol"},"description":"Box Repsol lo forma un equipo de periodistas, community managers, dise\u00f1adores y fot\u00f3grafos con m\u00e1s de 20 a\u00f1os de experiencia en el mundo del motorsport. Hemos vivido el primer mundial de un espa\u00f1ol en la categor\u00eda reina de motociclismo con \u00c1lex Crivill\u00e9, estuvimos en las victorias de Pedrosa y los t\u00edtulos de M\u00e1rquez, acompa\u00f1amos en \u00c1frica a Nani Roma y Marc Coma en sus conquistas del Dakar y hemos vibrado con los t\u00edtulos de Toni Bou en Trial. Adem\u00e1s, en nuestro equipo contamos con expertos en el mundo de las dos y cuatro ruedas tanto de la calle y las carreteras, como de los circuitos. Periodistas que han trabajado en revistas y publicaciones para hacerte llegar desde rutas y consejos de mantenimiento, a curiosidades y trucos de pilotaje.","sameAs":["https:\/\/www.facebook.com\/BoxRepsol\/","https:\/\/www.instagram.com\/box_repsol\/","https:\/\/x.com\/https:\/\/twitter.com\/box_repsol","https:\/\/www.youtube.com\/@Boxrepsol"],"url":"https:\/\/www.boxrepsol.com\/es\/author\/redaccion-box-repsol\/"}]}},"_links":{"self":[{"href":"https:\/\/www.boxrepsol.com\/es\/wp-json\/wp\/v2\/posts\/90685","targetHints":{"allow":["GET"]}}],"collection":[{"href":"https:\/\/www.boxrepsol.com\/es\/wp-json\/wp\/v2\/posts"}],"about":[{"href":"https:\/\/www.boxrepsol.com\/es\/wp-json\/wp\/v2\/types\/post"}],"author":[{"embeddable":true,"href":"https:\/\/www.boxrepsol.com\/es\/wp-json\/wp\/v2\/users\/43146"}],"replies":[{"embeddable":true,"href":"https:\/\/www.boxrepsol.com\/es\/wp-json\/wp\/v2\/comments?post=90685"}],"version-history":[{"count":1,"href":"https:\/\/www.boxrepsol.com\/es\/wp-json\/wp\/v2\/posts\/90685\/revisions"}],"predecessor-version":[{"id":90686,"href":"https:\/\/www.boxrepsol.com\/es\/wp-json\/wp\/v2\/posts\/90685\/revisions\/90686"}],"wp:featuredmedia":[{"embeddable":true,"href":"https:\/\/www.boxrepsol.com\/es\/wp-json\/wp\/v2\/media\/90687"}],"wp:attachment":[{"href":"https:\/\/www.boxrepsol.com\/es\/wp-json\/wp\/v2\/media?parent=90685"}],"wp:term":[{"taxonomy":"category","embeddable":true,"href":"https:\/\/www.boxrepsol.com\/es\/wp-json\/wp\/v2\/categories?post=90685"},{"taxonomy":"post_tag","embeddable":true,"href":"https:\/\/www.boxrepsol.com\/es\/wp-json\/wp\/v2\/tags?post=90685"}],"curies":[{"name":"wp","href":"https:\/\/api.w.org\/{rel}","templated":true}]}}