{"id":90675,"date":"2017-07-07T00:00:00","date_gmt":"2017-07-07T02:00:00","guid":{"rendered":"http:\/\/pre.boxrepsol.com\/sin-categorizar\/seria-la-union-marquez-pedrosa-conozcamos-dani-marquez\/"},"modified":"2024-05-15T07:55:08","modified_gmt":"2024-05-15T09:55:08","slug":"seria-la-union-marquez-pedrosa-conozcamos-dani-marquez","status":"publish","type":"post","link":"https:\/\/www.boxrepsol.com\/es\/motogp\/seria-la-union-marquez-pedrosa-conozcamos-dani-marquez\/","title":{"rendered":"\u00bfC\u00f3mo ser\u00eda la uni\u00f3n de M\u00e1rquez y Pedrosa? Conozcamos a Dani M\u00e1rquez"},"content":{"rendered":"<p>Todo el mundo sabe qui\u00e9nes son los pilotos del equipo Repsol Honda, M\u00e1rc M\u00e1rquez y Dani Pedrosa. Cada uno de ellos tiene un perfil propio, una personalidad diferenciada, una manera de pilotar. \u00bfPero qu\u00e9 pasar\u00eda si mezclamos a nuestros campeones? Como la fusi\u00f3n de dos cuerpos solo se ha conseguido en la serie \u2018Bola de drag\u00f3n\u2019, donde Vegeta y Goku se convert\u00edan en Gogeta, lo \u00fanico que nos queda es tirar de imaginaci\u00f3n. Aunque hay una cosa que s\u00ed podemos hacer: conocer a Dani M\u00e1rquez y a Marc Pedrosa, personas normales, como t\u00fa o como yo pero que en su nombre y apellido llevan el 50% de dos de los mejores pilotos de MotoGP. Veamos si las coincidencias terminan ah\u00ed.<\/p>\n<p><img loading=\"lazy\" decoding=\"async\" src=\"https:\/\/bxrepsol.s3.eu-west-1.amazonaws.com\/static\/2022\/08\/29072355\/Como_seria_la_union_de_Marquez_y_Pedrosa_Conozcamos_a_Dani_Marquez_01_dani_marquez-2.png\" alt=\"\" width=\"704\" height=\"404\" \/><br \/>\nHoy conoceremos a Dani M\u00e1rquez. Tres d\u00e9cadas atr\u00e1s habr\u00eda sido necesario echar mano de las P\u00e1ginas Amarillas para dar con \u00e9l. Ahora basta con darse una vuelta por internet y encontrar a buena gente dispuesta a jugar un rato. Nuestro Dani tiene 32 a\u00f1os, naci\u00f3 en Badalona y vive en Barcelona, donde trabaja como gerente de una empresa de mensajer\u00eda. Al descolgar el tel\u00e9fono y escuchar la propuesta de Box Repsol se queda en silencio un par de segundos. \u201cPues s\u00ed, no hab\u00eda ca\u00eddo en la casualidad, no me lo hab\u00edan dicho nunca\u201d. Al rascar un poquito empiezan a brotar las coincidencias con los componentes del Equipo Repsol Honda.<br \/>\n&nbsp;<br \/>\nAunque su veh\u00edculo de transporte habitual es la bicicleta (M\u00e1rquez y Pedrosa la usan muy a menudo para entrenar), Dani tambi\u00e9n es un loco del motociclismo. \u201cMi padre siempre me recuerda que la primera palabra que dije fue moto\u201d. Cuenta que tiene un grupo de Whatsapp en el que comenta las carreras de MotoGP con amigos, y que algunas veces le hacen bromas por llevar el apellido del vigente campe\u00f3n de la categor\u00eda reina. La afici\u00f3n se la transmiti\u00f3 su t\u00edo que de peque\u00f1o se lo llevaba a Montmel\u00f3. Pero no a las carreras, sino al pueblo, donde sol\u00edan cortar una calle durante los fines de semana de Gran Premio \u201cpara que las motos quemaran rueda o hicieran caballitos\u201d. El peque\u00f1o Dani alucinaba. Tanto, que acab\u00f3 compitiendo en pit bikes, esas motos min\u00fasculas que los pilotos a menudo usan para moverse por el box. \u201cPero poco\u201d, dice. Muy pesado debi\u00f3 ponerse para que sus padres accedieran a comprarle uno de esos peque\u00f1os torpedos.<\/p>\n<p><img loading=\"lazy\" decoding=\"async\" src=\"https:\/\/bxrepsol.s3.eu-west-1.amazonaws.com\/static\/2022\/08\/29072356\/Como_seria_la_union_de_Marquez_y_Pedrosa_Conozcamos_a_Dani_Marquez_02_dani_marquez-2.png\" alt=\"\" width=\"704\" height=\"404\" \/><br \/>\nPedrosa ha sido siempre uno de sus favoritos \u201cpor su pilotaje muy fino y elegante\u201d. \u201cMe gusta su humildad, que sea tan tranquilo. Nos parecemos porque yo tambi\u00e9n soy un chico calmado y calculador\u201d. Cuando era m\u00e1s joven se organizaba los fines de semana de Gran Premio de manera que no se perdiera la carrera. Todav\u00eda sigue las motos con inter\u00e9s, pero compite en bicicleta (ciclocross y crit\u00e9riums), as\u00ed que muchos domingos tiene que tirar de los res\u00famenes de los informativos. \u201cNo tengo ni idea de c\u00f3mo acabar\u00e1 el Mundial porque est\u00e1 m\u00e1s apretado que nunca, pero si tengo que escoger, me quedo con Pedrosa, por supuesto. Se lo merece\u201d.<br \/>\nNo se considera motero a pesar de que tiene una moto que saca a pasear los fines de semana. Pero se nota que le queda un poso importante de aquellos a\u00f1os con su t\u00edo en Montmel\u00f3. A las carreras ha ido en un par de ocasiones. Nadie lo sab\u00eda, pero en esa curva, en esa grada, estaba sentado un poquito de Marc M\u00e1rquez y un poquito de Dani Pedrosa.<\/p>\n<p>&nbsp;<\/p>\n","protected":false},"excerpt":{"rendered":"<p>Todo el mundo sabe qui\u00e9nes son los pilotos del equipo Repsol Honda, M\u00e1rc M\u00e1rquez y Dani Pedrosa. Cada uno de ellos tiene un perfil propio, una personalidad diferenciada, una manera de pilotar. \u00bfPero qu\u00e9 pasar\u00eda si mezclamos a nuestros campeones? Como la fusi\u00f3n de dos cuerpos solo se ha conseguido en la serie \u2018Bola de [&hellip;]<\/p>\n","protected":false},"author":43146,"featured_media":90677,"comment_status":"open","ping_status":"open","sticky":false,"template":"","format":"standard","meta":{"footnotes":""},"categories":[4],"tags":[125],"class_list":["post-90675","post","type-post","status-publish","format-standard","hentry","category-motogp","tag-vida-motera"],"yoast_head":"<!-- This site is optimized with the Yoast SEO plugin v27.3 - https:\/\/yoast.com\/product\/yoast-seo-wordpress\/ -->\n<title>\u00bfC\u00f3mo ser\u00eda la uni\u00f3n de M\u00e1rquez y Pedrosa? Conozcamos a Dani M\u00e1rquez - Box Repsol<\/title>\n<link rel=\"canonical\" href=\"https:\/\/www.boxrepsol.com\/es\/motogp\/seria-la-union-marquez-pedrosa-conozcamos-dani-marquez\/\" \/>\n<meta property=\"og:locale\" content=\"es_ES\" \/>\n<meta property=\"og:type\" content=\"article\" \/>\n<meta property=\"og:title\" content=\"\u00bfC\u00f3mo ser\u00eda la uni\u00f3n de M\u00e1rquez y Pedrosa? Conozcamos a Dani M\u00e1rquez - Box Repsol\" \/>\n<meta property=\"og:description\" content=\"Todo el mundo sabe qui\u00e9nes son los pilotos del equipo Repsol Honda, M\u00e1rc M\u00e1rquez y Dani Pedrosa. Cada uno de ellos tiene un perfil propio, una personalidad diferenciada, una manera de pilotar. \u00bfPero qu\u00e9 pasar\u00eda si mezclamos a nuestros campeones? Como la fusi\u00f3n de dos cuerpos solo se ha conseguido en la serie \u2018Bola de [&hellip;]\" \/>\n<meta property=\"og:url\" content=\"https:\/\/www.boxrepsol.com\/es\/motogp\/seria-la-union-marquez-pedrosa-conozcamos-dani-marquez\/\" \/>\n<meta property=\"og:site_name\" content=\"Box Repsol\" \/>\n<meta property=\"article:publisher\" content=\"https:\/\/www.facebook.com\/BoxRepsol\" \/>\n<meta property=\"article:author\" content=\"https:\/\/www.facebook.com\/BoxRepsol\/\" \/>\n<meta property=\"article:published_time\" content=\"2017-07-07T02:00:00+00:00\" \/>\n<meta property=\"article:modified_time\" content=\"2024-05-15T09:55:08+00:00\" \/>\n<meta property=\"og:image\" content=\"https:\/\/bxrepsol.s3.eu-west-1.amazonaws.com\/static\/2023\/02\/24095529\/Como_seria_la_union_de_Marquez_y_Pedrosa_Conozcamos_a_Dani_Marquez_header_apinyo_cat.png\" \/>\n\t<meta property=\"og:image:width\" content=\"986\" \/>\n\t<meta property=\"og:image:height\" content=\"555\" \/>\n\t<meta property=\"og:image:type\" content=\"image\/png\" \/>\n<meta name=\"author\" content=\"Redacci\u00f3n Box Repsol\" \/>\n<meta name=\"twitter:card\" content=\"summary_large_image\" \/>\n<meta name=\"twitter:creator\" content=\"@https:\/\/twitter.com\/box_repsol\" \/>\n<meta name=\"twitter:site\" content=\"@box_repsol\" \/>\n<meta name=\"twitter:label1\" content=\"Written by\" \/>\n\t<meta name=\"twitter:data1\" content=\"Redacci\u00f3n Box Repsol\" \/>\n\t<meta name=\"twitter:label2\" content=\"Est. reading time\" \/>\n\t<meta name=\"twitter:data2\" content=\"3 minutos\" \/>\n<script type=\"application\/ld+json\" class=\"yoast-schema-graph\">{\"@context\":\"https:\\\/\\\/schema.org\",\"@graph\":[{\"@type\":\"Article\",\"@id\":\"https:\\\/\\\/www.boxrepsol.com\\\/es\\\/motogp\\\/seria-la-union-marquez-pedrosa-conozcamos-dani-marquez\\\/#article\",\"isPartOf\":{\"@id\":\"https:\\\/\\\/www.boxrepsol.com\\\/es\\\/motogp\\\/seria-la-union-marquez-pedrosa-conozcamos-dani-marquez\\\/\"},\"author\":{\"name\":\"Redacci\u00f3n Box Repsol\",\"@id\":\"https:\\\/\\\/www.boxrepsol.com\\\/es\\\/#\\\/schema\\\/person\\\/c5c2138f2cca251b0ad92b7086bb60b7\"},\"headline\":\"\u00bfC\u00f3mo ser\u00eda la uni\u00f3n de M\u00e1rquez y Pedrosa? Conozcamos a Dani M\u00e1rquez\",\"datePublished\":\"2017-07-07T02:00:00+00:00\",\"dateModified\":\"2024-05-15T09:55:08+00:00\",\"mainEntityOfPage\":{\"@id\":\"https:\\\/\\\/www.boxrepsol.com\\\/es\\\/motogp\\\/seria-la-union-marquez-pedrosa-conozcamos-dani-marquez\\\/\"},\"wordCount\":632,\"commentCount\":0,\"publisher\":{\"@id\":\"https:\\\/\\\/www.boxrepsol.com\\\/es\\\/#organization\"},\"image\":{\"@id\":\"https:\\\/\\\/www.boxrepsol.com\\\/es\\\/motogp\\\/seria-la-union-marquez-pedrosa-conozcamos-dani-marquez\\\/#primaryimage\"},\"thumbnailUrl\":\"https:\\\/\\\/bxrepsol.s3.eu-west-1.amazonaws.com\\\/static\\\/2023\\\/02\\\/24095529\\\/Como_seria_la_union_de_Marquez_y_Pedrosa_Conozcamos_a_Dani_Marquez_header_apinyo_cat.png\",\"keywords\":[\"vida motera\"],\"articleSection\":[\"MotoGP\"],\"inLanguage\":\"es\",\"potentialAction\":[{\"@type\":\"CommentAction\",\"name\":\"Comment\",\"target\":[\"https:\\\/\\\/www.boxrepsol.com\\\/es\\\/motogp\\\/seria-la-union-marquez-pedrosa-conozcamos-dani-marquez\\\/#respond\"]}]},{\"@type\":\"WebPage\",\"@id\":\"https:\\\/\\\/www.boxrepsol.com\\\/es\\\/motogp\\\/seria-la-union-marquez-pedrosa-conozcamos-dani-marquez\\\/\",\"url\":\"https:\\\/\\\/www.boxrepsol.com\\\/es\\\/motogp\\\/seria-la-union-marquez-pedrosa-conozcamos-dani-marquez\\\/\",\"name\":\"\u00bfC\u00f3mo ser\u00eda la uni\u00f3n de M\u00e1rquez y Pedrosa? Conozcamos a Dani M\u00e1rquez - Box Repsol\",\"isPartOf\":{\"@id\":\"https:\\\/\\\/www.boxrepsol.com\\\/es\\\/#website\"},\"primaryImageOfPage\":{\"@id\":\"https:\\\/\\\/www.boxrepsol.com\\\/es\\\/motogp\\\/seria-la-union-marquez-pedrosa-conozcamos-dani-marquez\\\/#primaryimage\"},\"image\":{\"@id\":\"https:\\\/\\\/www.boxrepsol.com\\\/es\\\/motogp\\\/seria-la-union-marquez-pedrosa-conozcamos-dani-marquez\\\/#primaryimage\"},\"thumbnailUrl\":\"https:\\\/\\\/bxrepsol.s3.eu-west-1.amazonaws.com\\\/static\\\/2023\\\/02\\\/24095529\\\/Como_seria_la_union_de_Marquez_y_Pedrosa_Conozcamos_a_Dani_Marquez_header_apinyo_cat.png\",\"datePublished\":\"2017-07-07T02:00:00+00:00\",\"dateModified\":\"2024-05-15T09:55:08+00:00\",\"breadcrumb\":{\"@id\":\"https:\\\/\\\/www.boxrepsol.com\\\/es\\\/motogp\\\/seria-la-union-marquez-pedrosa-conozcamos-dani-marquez\\\/#breadcrumb\"},\"inLanguage\":\"es\",\"potentialAction\":[{\"@type\":\"ReadAction\",\"target\":[\"https:\\\/\\\/www.boxrepsol.com\\\/es\\\/motogp\\\/seria-la-union-marquez-pedrosa-conozcamos-dani-marquez\\\/\"]}]},{\"@type\":\"ImageObject\",\"inLanguage\":\"es\",\"@id\":\"https:\\\/\\\/www.boxrepsol.com\\\/es\\\/motogp\\\/seria-la-union-marquez-pedrosa-conozcamos-dani-marquez\\\/#primaryimage\",\"url\":\"https:\\\/\\\/bxrepsol.s3.eu-west-1.amazonaws.com\\\/static\\\/2023\\\/02\\\/24095529\\\/Como_seria_la_union_de_Marquez_y_Pedrosa_Conozcamos_a_Dani_Marquez_header_apinyo_cat.png\",\"contentUrl\":\"https:\\\/\\\/bxrepsol.s3.eu-west-1.amazonaws.com\\\/static\\\/2023\\\/02\\\/24095529\\\/Como_seria_la_union_de_Marquez_y_Pedrosa_Conozcamos_a_Dani_Marquez_header_apinyo_cat.png\",\"width\":986,\"height\":555,\"caption\":\"Dani M\u00e1rquez\"},{\"@type\":\"BreadcrumbList\",\"@id\":\"https:\\\/\\\/www.boxrepsol.com\\\/es\\\/motogp\\\/seria-la-union-marquez-pedrosa-conozcamos-dani-marquez\\\/#breadcrumb\",\"itemListElement\":[{\"@type\":\"ListItem\",\"position\":1,\"name\":\"Home\",\"item\":\"https:\\\/\\\/www.boxrepsol.com\\\/es\\\/\"},{\"@type\":\"ListItem\",\"position\":2,\"name\":\"\u00bfC\u00f3mo ser\u00eda la uni\u00f3n de M\u00e1rquez y Pedrosa? Conozcamos a Dani M\u00e1rquez\"}]},{\"@type\":\"WebSite\",\"@id\":\"https:\\\/\\\/www.boxrepsol.com\\\/es\\\/#website\",\"url\":\"https:\\\/\\\/www.boxrepsol.com\\\/es\\\/\",\"name\":\"Box Repsol\",\"description\":\"Box Repsol Site\",\"publisher\":{\"@id\":\"https:\\\/\\\/www.boxrepsol.com\\\/es\\\/#organization\"},\"potentialAction\":[{\"@type\":\"SearchAction\",\"target\":{\"@type\":\"EntryPoint\",\"urlTemplate\":\"https:\\\/\\\/www.boxrepsol.com\\\/es\\\/?s={search_term_string}\"},\"query-input\":{\"@type\":\"PropertyValueSpecification\",\"valueRequired\":true,\"valueName\":\"search_term_string\"}}],\"inLanguage\":\"es\"},{\"@type\":\"Organization\",\"@id\":\"https:\\\/\\\/www.boxrepsol.com\\\/es\\\/#organization\",\"name\":\"Box Repsol\",\"url\":\"https:\\\/\\\/www.boxrepsol.com\\\/es\\\/\",\"logo\":{\"@type\":\"ImageObject\",\"inLanguage\":\"es\",\"@id\":\"https:\\\/\\\/www.boxrepsol.com\\\/es\\\/#\\\/schema\\\/logo\\\/image\\\/\",\"url\":\"https:\\\/\\\/bxrepsol.s3.eu-west-1.amazonaws.com\\\/static\\\/2025\\\/07\\\/30083337\\\/favicon-96x96-1.png\",\"contentUrl\":\"https:\\\/\\\/bxrepsol.s3.eu-west-1.amazonaws.com\\\/static\\\/2025\\\/07\\\/30083337\\\/favicon-96x96-1.png\",\"width\":96,\"height\":96,\"caption\":\"Box Repsol\"},\"image\":{\"@id\":\"https:\\\/\\\/www.boxrepsol.com\\\/es\\\/#\\\/schema\\\/logo\\\/image\\\/\"},\"sameAs\":[\"https:\\\/\\\/www.facebook.com\\\/BoxRepsol\",\"https:\\\/\\\/x.com\\\/box_repsol\",\"http:\\\/\\\/instagram.com\\\/box_repsol\",\"https:\\\/\\\/www.youtube.com\\\/user\\\/RepsolCompeticion\",\"https:\\\/\\\/www.flickr.com\\\/photos\\\/box_repsol\\\/\"]},{\"@type\":\"Person\",\"@id\":\"https:\\\/\\\/www.boxrepsol.com\\\/es\\\/#\\\/schema\\\/person\\\/c5c2138f2cca251b0ad92b7086bb60b7\",\"name\":\"Redacci\u00f3n Box Repsol\",\"image\":{\"@type\":\"ImageObject\",\"inLanguage\":\"es\",\"@id\":\"https:\\\/\\\/secure.gravatar.com\\\/avatar\\\/adf7b77e38b4419baf32c7e9c21dde01f4e40df611f0978e3006fc4ba0aaab7e?s=96&d=mm&r=g\",\"url\":\"https:\\\/\\\/secure.gravatar.com\\\/avatar\\\/adf7b77e38b4419baf32c7e9c21dde01f4e40df611f0978e3006fc4ba0aaab7e?s=96&d=mm&r=g\",\"contentUrl\":\"https:\\\/\\\/secure.gravatar.com\\\/avatar\\\/adf7b77e38b4419baf32c7e9c21dde01f4e40df611f0978e3006fc4ba0aaab7e?s=96&d=mm&r=g\",\"caption\":\"Redacci\u00f3n Box Repsol\"},\"description\":\"Box Repsol lo forma un equipo de periodistas, community managers, dise\u00f1adores y fot\u00f3grafos con m\u00e1s de 20 a\u00f1os de experiencia en el mundo del motorsport. Hemos vivido el primer mundial de un espa\u00f1ol en la categor\u00eda reina de motociclismo con \u00c1lex Crivill\u00e9, estuvimos en las victorias de Pedrosa y los t\u00edtulos de M\u00e1rquez, acompa\u00f1amos en \u00c1frica a Nani Roma y Marc Coma en sus conquistas del Dakar y hemos vibrado con los t\u00edtulos de Toni Bou en Trial. Adem\u00e1s, en nuestro equipo contamos con expertos en el mundo de las dos y cuatro ruedas tanto de la calle y las carreteras, como de los circuitos. Periodistas que han trabajado en revistas y publicaciones para hacerte llegar desde rutas y consejos de mantenimiento, a curiosidades y trucos de pilotaje.\",\"sameAs\":[\"https:\\\/\\\/www.facebook.com\\\/BoxRepsol\\\/\",\"https:\\\/\\\/www.instagram.com\\\/box_repsol\\\/\",\"https:\\\/\\\/x.com\\\/https:\\\/\\\/twitter.com\\\/box_repsol\",\"https:\\\/\\\/www.youtube.com\\\/@Boxrepsol\"],\"url\":\"https:\\\/\\\/www.boxrepsol.com\\\/es\\\/author\\\/redaccion-box-repsol\\\/\"}]}<\/script>\n<!-- \/ Yoast SEO plugin. -->","yoast_head_json":{"title":"\u00bfC\u00f3mo ser\u00eda la uni\u00f3n de M\u00e1rquez y Pedrosa? Conozcamos a Dani M\u00e1rquez - Box Repsol","canonical":"https:\/\/www.boxrepsol.com\/es\/motogp\/seria-la-union-marquez-pedrosa-conozcamos-dani-marquez\/","og_locale":"es_ES","og_type":"article","og_title":"\u00bfC\u00f3mo ser\u00eda la uni\u00f3n de M\u00e1rquez y Pedrosa? Conozcamos a Dani M\u00e1rquez - Box Repsol","og_description":"Todo el mundo sabe qui\u00e9nes son los pilotos del equipo Repsol Honda, M\u00e1rc M\u00e1rquez y Dani Pedrosa. Cada uno de ellos tiene un perfil propio, una personalidad diferenciada, una manera de pilotar. \u00bfPero qu\u00e9 pasar\u00eda si mezclamos a nuestros campeones? Como la fusi\u00f3n de dos cuerpos solo se ha conseguido en la serie \u2018Bola de [&hellip;]","og_url":"https:\/\/www.boxrepsol.com\/es\/motogp\/seria-la-union-marquez-pedrosa-conozcamos-dani-marquez\/","og_site_name":"Box Repsol","article_publisher":"https:\/\/www.facebook.com\/BoxRepsol","article_author":"https:\/\/www.facebook.com\/BoxRepsol\/","article_published_time":"2017-07-07T02:00:00+00:00","article_modified_time":"2024-05-15T09:55:08+00:00","og_image":[{"width":986,"height":555,"url":"https:\/\/bxrepsol.s3.eu-west-1.amazonaws.com\/static\/2023\/02\/24095529\/Como_seria_la_union_de_Marquez_y_Pedrosa_Conozcamos_a_Dani_Marquez_header_apinyo_cat.png","type":"image\/png"}],"author":"Redacci\u00f3n Box Repsol","twitter_card":"summary_large_image","twitter_creator":"@https:\/\/twitter.com\/box_repsol","twitter_site":"@box_repsol","twitter_misc":{"Written by":"Redacci\u00f3n Box Repsol","Est. reading time":"3 minutos"},"schema":{"@context":"https:\/\/schema.org","@graph":[{"@type":"Article","@id":"https:\/\/www.boxrepsol.com\/es\/motogp\/seria-la-union-marquez-pedrosa-conozcamos-dani-marquez\/#article","isPartOf":{"@id":"https:\/\/www.boxrepsol.com\/es\/motogp\/seria-la-union-marquez-pedrosa-conozcamos-dani-marquez\/"},"author":{"name":"Redacci\u00f3n Box Repsol","@id":"https:\/\/www.boxrepsol.com\/es\/#\/schema\/person\/c5c2138f2cca251b0ad92b7086bb60b7"},"headline":"\u00bfC\u00f3mo ser\u00eda la uni\u00f3n de M\u00e1rquez y Pedrosa? Conozcamos a Dani M\u00e1rquez","datePublished":"2017-07-07T02:00:00+00:00","dateModified":"2024-05-15T09:55:08+00:00","mainEntityOfPage":{"@id":"https:\/\/www.boxrepsol.com\/es\/motogp\/seria-la-union-marquez-pedrosa-conozcamos-dani-marquez\/"},"wordCount":632,"commentCount":0,"publisher":{"@id":"https:\/\/www.boxrepsol.com\/es\/#organization"},"image":{"@id":"https:\/\/www.boxrepsol.com\/es\/motogp\/seria-la-union-marquez-pedrosa-conozcamos-dani-marquez\/#primaryimage"},"thumbnailUrl":"https:\/\/bxrepsol.s3.eu-west-1.amazonaws.com\/static\/2023\/02\/24095529\/Como_seria_la_union_de_Marquez_y_Pedrosa_Conozcamos_a_Dani_Marquez_header_apinyo_cat.png","keywords":["vida motera"],"articleSection":["MotoGP"],"inLanguage":"es","potentialAction":[{"@type":"CommentAction","name":"Comment","target":["https:\/\/www.boxrepsol.com\/es\/motogp\/seria-la-union-marquez-pedrosa-conozcamos-dani-marquez\/#respond"]}]},{"@type":"WebPage","@id":"https:\/\/www.boxrepsol.com\/es\/motogp\/seria-la-union-marquez-pedrosa-conozcamos-dani-marquez\/","url":"https:\/\/www.boxrepsol.com\/es\/motogp\/seria-la-union-marquez-pedrosa-conozcamos-dani-marquez\/","name":"\u00bfC\u00f3mo ser\u00eda la uni\u00f3n de M\u00e1rquez y Pedrosa? Conozcamos a Dani M\u00e1rquez - Box Repsol","isPartOf":{"@id":"https:\/\/www.boxrepsol.com\/es\/#website"},"primaryImageOfPage":{"@id":"https:\/\/www.boxrepsol.com\/es\/motogp\/seria-la-union-marquez-pedrosa-conozcamos-dani-marquez\/#primaryimage"},"image":{"@id":"https:\/\/www.boxrepsol.com\/es\/motogp\/seria-la-union-marquez-pedrosa-conozcamos-dani-marquez\/#primaryimage"},"thumbnailUrl":"https:\/\/bxrepsol.s3.eu-west-1.amazonaws.com\/static\/2023\/02\/24095529\/Como_seria_la_union_de_Marquez_y_Pedrosa_Conozcamos_a_Dani_Marquez_header_apinyo_cat.png","datePublished":"2017-07-07T02:00:00+00:00","dateModified":"2024-05-15T09:55:08+00:00","breadcrumb":{"@id":"https:\/\/www.boxrepsol.com\/es\/motogp\/seria-la-union-marquez-pedrosa-conozcamos-dani-marquez\/#breadcrumb"},"inLanguage":"es","potentialAction":[{"@type":"ReadAction","target":["https:\/\/www.boxrepsol.com\/es\/motogp\/seria-la-union-marquez-pedrosa-conozcamos-dani-marquez\/"]}]},{"@type":"ImageObject","inLanguage":"es","@id":"https:\/\/www.boxrepsol.com\/es\/motogp\/seria-la-union-marquez-pedrosa-conozcamos-dani-marquez\/#primaryimage","url":"https:\/\/bxrepsol.s3.eu-west-1.amazonaws.com\/static\/2023\/02\/24095529\/Como_seria_la_union_de_Marquez_y_Pedrosa_Conozcamos_a_Dani_Marquez_header_apinyo_cat.png","contentUrl":"https:\/\/bxrepsol.s3.eu-west-1.amazonaws.com\/static\/2023\/02\/24095529\/Como_seria_la_union_de_Marquez_y_Pedrosa_Conozcamos_a_Dani_Marquez_header_apinyo_cat.png","width":986,"height":555,"caption":"Dani M\u00e1rquez"},{"@type":"BreadcrumbList","@id":"https:\/\/www.boxrepsol.com\/es\/motogp\/seria-la-union-marquez-pedrosa-conozcamos-dani-marquez\/#breadcrumb","itemListElement":[{"@type":"ListItem","position":1,"name":"Home","item":"https:\/\/www.boxrepsol.com\/es\/"},{"@type":"ListItem","position":2,"name":"\u00bfC\u00f3mo ser\u00eda la uni\u00f3n de M\u00e1rquez y Pedrosa? Conozcamos a Dani M\u00e1rquez"}]},{"@type":"WebSite","@id":"https:\/\/www.boxrepsol.com\/es\/#website","url":"https:\/\/www.boxrepsol.com\/es\/","name":"Box Repsol","description":"Box Repsol Site","publisher":{"@id":"https:\/\/www.boxrepsol.com\/es\/#organization"},"potentialAction":[{"@type":"SearchAction","target":{"@type":"EntryPoint","urlTemplate":"https:\/\/www.boxrepsol.com\/es\/?s={search_term_string}"},"query-input":{"@type":"PropertyValueSpecification","valueRequired":true,"valueName":"search_term_string"}}],"inLanguage":"es"},{"@type":"Organization","@id":"https:\/\/www.boxrepsol.com\/es\/#organization","name":"Box Repsol","url":"https:\/\/www.boxrepsol.com\/es\/","logo":{"@type":"ImageObject","inLanguage":"es","@id":"https:\/\/www.boxrepsol.com\/es\/#\/schema\/logo\/image\/","url":"https:\/\/bxrepsol.s3.eu-west-1.amazonaws.com\/static\/2025\/07\/30083337\/favicon-96x96-1.png","contentUrl":"https:\/\/bxrepsol.s3.eu-west-1.amazonaws.com\/static\/2025\/07\/30083337\/favicon-96x96-1.png","width":96,"height":96,"caption":"Box Repsol"},"image":{"@id":"https:\/\/www.boxrepsol.com\/es\/#\/schema\/logo\/image\/"},"sameAs":["https:\/\/www.facebook.com\/BoxRepsol","https:\/\/x.com\/box_repsol","http:\/\/instagram.com\/box_repsol","https:\/\/www.youtube.com\/user\/RepsolCompeticion","https:\/\/www.flickr.com\/photos\/box_repsol\/"]},{"@type":"Person","@id":"https:\/\/www.boxrepsol.com\/es\/#\/schema\/person\/c5c2138f2cca251b0ad92b7086bb60b7","name":"Redacci\u00f3n Box Repsol","image":{"@type":"ImageObject","inLanguage":"es","@id":"https:\/\/secure.gravatar.com\/avatar\/adf7b77e38b4419baf32c7e9c21dde01f4e40df611f0978e3006fc4ba0aaab7e?s=96&d=mm&r=g","url":"https:\/\/secure.gravatar.com\/avatar\/adf7b77e38b4419baf32c7e9c21dde01f4e40df611f0978e3006fc4ba0aaab7e?s=96&d=mm&r=g","contentUrl":"https:\/\/secure.gravatar.com\/avatar\/adf7b77e38b4419baf32c7e9c21dde01f4e40df611f0978e3006fc4ba0aaab7e?s=96&d=mm&r=g","caption":"Redacci\u00f3n Box Repsol"},"description":"Box Repsol lo forma un equipo de periodistas, community managers, dise\u00f1adores y fot\u00f3grafos con m\u00e1s de 20 a\u00f1os de experiencia en el mundo del motorsport. Hemos vivido el primer mundial de un espa\u00f1ol en la categor\u00eda reina de motociclismo con \u00c1lex Crivill\u00e9, estuvimos en las victorias de Pedrosa y los t\u00edtulos de M\u00e1rquez, acompa\u00f1amos en \u00c1frica a Nani Roma y Marc Coma en sus conquistas del Dakar y hemos vibrado con los t\u00edtulos de Toni Bou en Trial. Adem\u00e1s, en nuestro equipo contamos con expertos en el mundo de las dos y cuatro ruedas tanto de la calle y las carreteras, como de los circuitos. Periodistas que han trabajado en revistas y publicaciones para hacerte llegar desde rutas y consejos de mantenimiento, a curiosidades y trucos de pilotaje.","sameAs":["https:\/\/www.facebook.com\/BoxRepsol\/","https:\/\/www.instagram.com\/box_repsol\/","https:\/\/x.com\/https:\/\/twitter.com\/box_repsol","https:\/\/www.youtube.com\/@Boxrepsol"],"url":"https:\/\/www.boxrepsol.com\/es\/author\/redaccion-box-repsol\/"}]}},"_links":{"self":[{"href":"https:\/\/www.boxrepsol.com\/es\/wp-json\/wp\/v2\/posts\/90675","targetHints":{"allow":["GET"]}}],"collection":[{"href":"https:\/\/www.boxrepsol.com\/es\/wp-json\/wp\/v2\/posts"}],"about":[{"href":"https:\/\/www.boxrepsol.com\/es\/wp-json\/wp\/v2\/types\/post"}],"author":[{"embeddable":true,"href":"https:\/\/www.boxrepsol.com\/es\/wp-json\/wp\/v2\/users\/43146"}],"replies":[{"embeddable":true,"href":"https:\/\/www.boxrepsol.com\/es\/wp-json\/wp\/v2\/comments?post=90675"}],"version-history":[{"count":1,"href":"https:\/\/www.boxrepsol.com\/es\/wp-json\/wp\/v2\/posts\/90675\/revisions"}],"predecessor-version":[{"id":90676,"href":"https:\/\/www.boxrepsol.com\/es\/wp-json\/wp\/v2\/posts\/90675\/revisions\/90676"}],"wp:featuredmedia":[{"embeddable":true,"href":"https:\/\/www.boxrepsol.com\/es\/wp-json\/wp\/v2\/media\/90677"}],"wp:attachment":[{"href":"https:\/\/www.boxrepsol.com\/es\/wp-json\/wp\/v2\/media?parent=90675"}],"wp:term":[{"taxonomy":"category","embeddable":true,"href":"https:\/\/www.boxrepsol.com\/es\/wp-json\/wp\/v2\/categories?post=90675"},{"taxonomy":"post_tag","embeddable":true,"href":"https:\/\/www.boxrepsol.com\/es\/wp-json\/wp\/v2\/tags?post=90675"}],"curies":[{"name":"wp","href":"https:\/\/api.w.org\/{rel}","templated":true}]}}