{"id":90622,"date":"2017-07-04T00:00:00","date_gmt":"2017-07-04T02:00:00","guid":{"rendered":"http:\/\/pre.boxrepsol.com\/sin-categorizar\/cuanto-tardaria-un-piloto-de-motogp-en-ir-de-cuenca-a-la-luna\/"},"modified":"2024-05-15T08:12:14","modified_gmt":"2024-05-15T10:12:14","slug":"cuanto-tardaria-un-piloto-de-motogp-en-ir-de-cuenca-a-la-luna","status":"publish","type":"post","link":"https:\/\/www.boxrepsol.com\/es\/cultura-motera\/cuanto-tardaria-un-piloto-de-motogp-en-ir-de-cuenca-a-la-luna\/","title":{"rendered":"\u00bfCu\u00e1nto tardar\u00eda un piloto de MotoGP en ir de Cuenca a la Luna?"},"content":{"rendered":"<p>Imaginad un piloto de<strong> MotoGP<\/strong> que termina la temporada sin demasiado buen \u2018feeling\u2019. Siente que necesita hacer algo grande, que su carrera requiere de un punto de inflexi\u00f3n. Por eso decide ir en moto hasta la Luna. Elige Cuenca como lugar de inicio porque desde las casas colgantes puede tomar la vertical con comodidad. Y adem\u00e1s las vistas son maravillosas. Gracias a un traje espacial debidamente testado por la Agencia Espacial Europea, nuestro valiente se dispone a iniciar su viaje. \u00bfCu\u00e1nto tardar\u00e1 en llegar al sat\u00e9lite, coronado por primera vez (en cohete, menudo m\u00e9rito\u2026) en 1969? Hagamos n\u00fameros.<\/p>\n<p><strong>La Luna est\u00e1 a 384.440 kil\u00f3metros de la Tierra<\/strong>, kil\u00f3metro arriba, kil\u00f3metro abajo. Teniendo en cuenta que el recorrido no tiene viraje alguno y que, por lo tanto, podr\u00e1 ir con el gas a fondo, circular\u00eda por el espacio exterior a <strong>354,9 kil\u00f3metros por hora<\/strong>, que es l<strong>a velocidad m\u00e1xima alcanzada jam\u00e1s por una moto del Mundial<\/strong>. De este modo, se plantar\u00eda sobre el suelo lunar en 45 d\u00edas, un mes y medio de toda la vida. Eso s\u00ed: sin parar ni para ir al lavabo. Y as\u00ed, tan campante, sin comerlo ni beberlo, se convertir\u00eda en el primer piloto en circular con su moto a trav\u00e9s de los cr\u00e1teres de la Luna. Para regresar, lo mismo, gas y recto hasta Cuenca, donde aguardar\u00eda una banda municipal y confeti. Pan comido.<\/p>\n<p><strong>Hasta aqu\u00ed la versi\u00f3n para el lector muy de letras.<\/strong><\/p>\n<p><img loading=\"lazy\" decoding=\"async\" src=\"https:\/\/bxrepsol.s3.eu-west-1.amazonaws.com\/static\/2022\/08\/29072320\/Cuanto_tardaria_un_piloto_de_MotoGP_en_ir_de_Cuenca_a_la_Luna_01.fw_-2.png\" alt=\"\" width=\"704\" height=\"465\"><\/p>\n<p><strong>Ahora vamos con la versi\u00f3n para los que son algo m\u00e1s de ciencias.<\/strong><\/p>\n<p>Nuestro aventurero, consciente de que para abandonar la Tierra necesita alcanzar lo que se denomina \u2018velocidad de fuga\u2019, ata su moto a un cohete espacial que alcanzar\u00e1 los <strong>40.320 kil\u00f3metros por hora<\/strong> <strong>necesarios para que nuestro planeta no le atraiga de vuelta al suelo<\/strong>. Vencida la fuerza de la gravedad, y una vez fuera de la atm\u00f3sfera terrestre y desprendida del cohete, la moto no podr\u00e1 usar su motor de combusti\u00f3n, puesto que necesita ox\u00edgeno y eso es algo dif\u00edcil de encontrar m\u00e1s all\u00e1 de los l\u00edmites terrestres. Necesitar\u00e1 un sistema de propulsi\u00f3n espacial capaz de dar aceleraci\u00f3n al veh\u00edculo. Son los llamados motores a reacci\u00f3n, o propulsi\u00f3n a chorro, que b\u00e1sicamente consiste en expulsar parte de la masa de la nave (combustible) para que avance en direcci\u00f3n opuesta. Para entenderlo mejor, es el mismo efecto de retroceso que experimenta Tom al disparar una escopeta cuando quiere cazar al rat\u00f3n Jerry.<\/p>\n<p>Se trata, en definitiva, de aplicar la tercera ley de Newton, seg\u00fan la cual por cada fuerza que act\u00faa sobre un cuerpo, este realiza una fuerza de igual intensidad pero en sentido contrario. En las pelis de ciencia ficci\u00f3n son esos chorros de aire gracias a los cuales las unidades espaciales pueden desplazarse sin necesidad de ox\u00edgeno. Para todo ello tambi\u00e9n hay que tener en cuenta que al piloto le har\u00eda falta un traje capaz de absorber sus momentos de necesidades y que ser\u00eda indispensable alg\u00fan tipo de alimentaci\u00f3n a trav\u00e9s del mono (por no hablar de unas enormes bombonas de ox\u00edgeno).<\/p>\n<div id=\"attachment_8949\" style=\"width: 714px\" class=\"wp-caption aligncenter\"><img loading=\"lazy\" decoding=\"async\" aria-describedby=\"caption-attachment-8949\" src=\"https:\/\/bxrepsol.s3.eu-west-1.amazonaws.com\/static\/2022\/08\/29072321\/Cuanto_tardaria_un_piloto_de_MotoGP_en_ir_de_Cuenca_a_la_Luna_02.fw_-2.png\" alt=\"\" width=\"704\" height=\"377\"><p id=\"caption-attachment-8949\" class=\"wp-caption-text\">Ilustraci\u00f3n: Pete Norris | Artstation<\/p><\/div>\n<p>Para garantizar su regreso a la Tierra y que pueda sacar pecho en la parrilla, el traje deber\u00eda estar fabricado de un material que soporte los miles de grados Celsius a los que se enfrenta cualquier cuerpo celeste o mec\u00e1nico en la reentrada en la atm\u00f3sfera. Del mismo modo, y para aguantar ese calor que ni en Sevilla en agosto, la moto deber\u00e1 fabricarse de compuestos cer\u00e1micos de alto rendimiento, como los que usan los m\u00edticos transbordadores. <strong>\u00bfLlegar\u00e1n nuestros pilotos alg\u00fan d\u00eda a la luna en moto?<\/strong><\/p>\n","protected":false},"excerpt":{"rendered":"<p>Este tipo de preguntas se nos aparecen a todos en alguna ocasi\u00f3n, pues bien, hemos buscado la respuesta y aqu\u00ed la tienes.<\/p>\n","protected":false},"author":43146,"featured_media":90624,"comment_status":"open","ping_status":"open","sticky":false,"template":"","format":"standard","meta":{"footnotes":""},"categories":[160],"tags":[168],"class_list":["post-90622","post","type-post","status-publish","format-standard","hentry","category-cultura-motera","tag-salidas-y-rutas-en-moto"],"yoast_head":"<!-- This site is optimized with the Yoast SEO plugin v27.3 - https:\/\/yoast.com\/product\/yoast-seo-wordpress\/ -->\n<title>\u00bfCu\u00e1nto tardar\u00eda una MotoGP en ir de Cuenca a la Luna? - Box Repsol<\/title>\n<meta name=\"description\" content=\"Imaginad un piloto de MotoGP que termina la temporada sin demasiado buen \u2018feeling\u2019. Siente que necesita hacer algo grande,\" \/>\n<link rel=\"canonical\" href=\"https:\/\/www.boxrepsol.com\/es\/cultura-motera\/cuanto-tardaria-un-piloto-de-motogp-en-ir-de-cuenca-a-la-luna\/\" \/>\n<meta property=\"og:locale\" content=\"es_ES\" \/>\n<meta property=\"og:type\" content=\"article\" \/>\n<meta property=\"og:title\" content=\"\u00bfCu\u00e1nto tardar\u00eda una MotoGP en ir de Cuenca a la Luna? - Box Repsol\" \/>\n<meta property=\"og:description\" content=\"Imaginad un piloto de MotoGP que termina la temporada sin demasiado buen \u2018feeling\u2019. Siente que necesita hacer algo grande,\" \/>\n<meta property=\"og:url\" content=\"https:\/\/www.boxrepsol.com\/es\/cultura-motera\/cuanto-tardaria-un-piloto-de-motogp-en-ir-de-cuenca-a-la-luna\/\" \/>\n<meta property=\"og:site_name\" content=\"Box Repsol\" \/>\n<meta property=\"article:publisher\" content=\"https:\/\/www.facebook.com\/BoxRepsol\" \/>\n<meta property=\"article:author\" content=\"https:\/\/www.facebook.com\/BoxRepsol\/\" \/>\n<meta property=\"article:published_time\" content=\"2017-07-04T02:00:00+00:00\" \/>\n<meta property=\"article:modified_time\" content=\"2024-05-15T10:12:14+00:00\" \/>\n<meta property=\"og:image\" content=\"https:\/\/bxrepsol.s3.eu-west-1.amazonaws.com\/static\/2023\/02\/24095459\/alex-marquez-de-cuenca-a-la-luna-en-rc213v.jpg\" \/>\n\t<meta property=\"og:image:width\" content=\"1280\" \/>\n\t<meta property=\"og:image:height\" content=\"600\" \/>\n\t<meta property=\"og:image:type\" content=\"image\/jpeg\" \/>\n<meta name=\"author\" content=\"Redacci\u00f3n Box Repsol\" \/>\n<meta name=\"twitter:card\" content=\"summary_large_image\" \/>\n<meta name=\"twitter:creator\" content=\"@https:\/\/twitter.com\/box_repsol\" \/>\n<meta name=\"twitter:site\" content=\"@box_repsol\" \/>\n<meta name=\"twitter:label1\" content=\"Written by\" \/>\n\t<meta name=\"twitter:data1\" content=\"Redacci\u00f3n Box Repsol\" \/>\n\t<meta name=\"twitter:label2\" content=\"Est. reading time\" \/>\n\t<meta name=\"twitter:data2\" content=\"3 minutos\" \/>\n<script type=\"application\/ld+json\" class=\"yoast-schema-graph\">{\"@context\":\"https:\\\/\\\/schema.org\",\"@graph\":[{\"@type\":\"Article\",\"@id\":\"https:\\\/\\\/www.boxrepsol.com\\\/es\\\/cultura-motera\\\/cuanto-tardaria-un-piloto-de-motogp-en-ir-de-cuenca-a-la-luna\\\/#article\",\"isPartOf\":{\"@id\":\"https:\\\/\\\/www.boxrepsol.com\\\/es\\\/cultura-motera\\\/cuanto-tardaria-un-piloto-de-motogp-en-ir-de-cuenca-a-la-luna\\\/\"},\"author\":{\"name\":\"Redacci\u00f3n Box Repsol\",\"@id\":\"https:\\\/\\\/www.boxrepsol.com\\\/es\\\/#\\\/schema\\\/person\\\/c5c2138f2cca251b0ad92b7086bb60b7\"},\"headline\":\"\u00bfCu\u00e1nto tardar\u00eda un piloto de MotoGP en ir de Cuenca a la Luna?\",\"datePublished\":\"2017-07-04T02:00:00+00:00\",\"dateModified\":\"2024-05-15T10:12:14+00:00\",\"mainEntityOfPage\":{\"@id\":\"https:\\\/\\\/www.boxrepsol.com\\\/es\\\/cultura-motera\\\/cuanto-tardaria-un-piloto-de-motogp-en-ir-de-cuenca-a-la-luna\\\/\"},\"wordCount\":670,\"commentCount\":0,\"publisher\":{\"@id\":\"https:\\\/\\\/www.boxrepsol.com\\\/es\\\/#organization\"},\"image\":{\"@id\":\"https:\\\/\\\/www.boxrepsol.com\\\/es\\\/cultura-motera\\\/cuanto-tardaria-un-piloto-de-motogp-en-ir-de-cuenca-a-la-luna\\\/#primaryimage\"},\"thumbnailUrl\":\"https:\\\/\\\/bxrepsol.s3.eu-west-1.amazonaws.com\\\/static\\\/2023\\\/02\\\/24095459\\\/alex-marquez-de-cuenca-a-la-luna-en-rc213v.jpg\",\"keywords\":[\"salidas y rutas en moto\"],\"articleSection\":[\"Cultura Motera\"],\"inLanguage\":\"es\",\"potentialAction\":[{\"@type\":\"CommentAction\",\"name\":\"Comment\",\"target\":[\"https:\\\/\\\/www.boxrepsol.com\\\/es\\\/cultura-motera\\\/cuanto-tardaria-un-piloto-de-motogp-en-ir-de-cuenca-a-la-luna\\\/#respond\"]}]},{\"@type\":\"WebPage\",\"@id\":\"https:\\\/\\\/www.boxrepsol.com\\\/es\\\/cultura-motera\\\/cuanto-tardaria-un-piloto-de-motogp-en-ir-de-cuenca-a-la-luna\\\/\",\"url\":\"https:\\\/\\\/www.boxrepsol.com\\\/es\\\/cultura-motera\\\/cuanto-tardaria-un-piloto-de-motogp-en-ir-de-cuenca-a-la-luna\\\/\",\"name\":\"\u00bfCu\u00e1nto tardar\u00eda una MotoGP en ir de Cuenca a la Luna? - Box Repsol\",\"isPartOf\":{\"@id\":\"https:\\\/\\\/www.boxrepsol.com\\\/es\\\/#website\"},\"primaryImageOfPage\":{\"@id\":\"https:\\\/\\\/www.boxrepsol.com\\\/es\\\/cultura-motera\\\/cuanto-tardaria-un-piloto-de-motogp-en-ir-de-cuenca-a-la-luna\\\/#primaryimage\"},\"image\":{\"@id\":\"https:\\\/\\\/www.boxrepsol.com\\\/es\\\/cultura-motera\\\/cuanto-tardaria-un-piloto-de-motogp-en-ir-de-cuenca-a-la-luna\\\/#primaryimage\"},\"thumbnailUrl\":\"https:\\\/\\\/bxrepsol.s3.eu-west-1.amazonaws.com\\\/static\\\/2023\\\/02\\\/24095459\\\/alex-marquez-de-cuenca-a-la-luna-en-rc213v.jpg\",\"datePublished\":\"2017-07-04T02:00:00+00:00\",\"dateModified\":\"2024-05-15T10:12:14+00:00\",\"description\":\"Imaginad un piloto de MotoGP que termina la temporada sin demasiado buen \u2018feeling\u2019. Siente que necesita hacer algo grande,\",\"breadcrumb\":{\"@id\":\"https:\\\/\\\/www.boxrepsol.com\\\/es\\\/cultura-motera\\\/cuanto-tardaria-un-piloto-de-motogp-en-ir-de-cuenca-a-la-luna\\\/#breadcrumb\"},\"inLanguage\":\"es\",\"potentialAction\":[{\"@type\":\"ReadAction\",\"target\":[\"https:\\\/\\\/www.boxrepsol.com\\\/es\\\/cultura-motera\\\/cuanto-tardaria-un-piloto-de-motogp-en-ir-de-cuenca-a-la-luna\\\/\"]}]},{\"@type\":\"ImageObject\",\"inLanguage\":\"es\",\"@id\":\"https:\\\/\\\/www.boxrepsol.com\\\/es\\\/cultura-motera\\\/cuanto-tardaria-un-piloto-de-motogp-en-ir-de-cuenca-a-la-luna\\\/#primaryimage\",\"url\":\"https:\\\/\\\/bxrepsol.s3.eu-west-1.amazonaws.com\\\/static\\\/2023\\\/02\\\/24095459\\\/alex-marquez-de-cuenca-a-la-luna-en-rc213v.jpg\",\"contentUrl\":\"https:\\\/\\\/bxrepsol.s3.eu-west-1.amazonaws.com\\\/static\\\/2023\\\/02\\\/24095459\\\/alex-marquez-de-cuenca-a-la-luna-en-rc213v.jpg\",\"width\":1280,\"height\":600,\"caption\":\"alex-marquez-de-cuenca-a-la-luna-en-rc213v\"},{\"@type\":\"BreadcrumbList\",\"@id\":\"https:\\\/\\\/www.boxrepsol.com\\\/es\\\/cultura-motera\\\/cuanto-tardaria-un-piloto-de-motogp-en-ir-de-cuenca-a-la-luna\\\/#breadcrumb\",\"itemListElement\":[{\"@type\":\"ListItem\",\"position\":1,\"name\":\"Home\",\"item\":\"https:\\\/\\\/www.boxrepsol.com\\\/es\\\/\"},{\"@type\":\"ListItem\",\"position\":2,\"name\":\"\u00bfCu\u00e1nto tardar\u00eda un piloto de MotoGP en ir de Cuenca a la Luna?\"}]},{\"@type\":\"WebSite\",\"@id\":\"https:\\\/\\\/www.boxrepsol.com\\\/es\\\/#website\",\"url\":\"https:\\\/\\\/www.boxrepsol.com\\\/es\\\/\",\"name\":\"Box Repsol\",\"description\":\"Box Repsol Site\",\"publisher\":{\"@id\":\"https:\\\/\\\/www.boxrepsol.com\\\/es\\\/#organization\"},\"potentialAction\":[{\"@type\":\"SearchAction\",\"target\":{\"@type\":\"EntryPoint\",\"urlTemplate\":\"https:\\\/\\\/www.boxrepsol.com\\\/es\\\/?s={search_term_string}\"},\"query-input\":{\"@type\":\"PropertyValueSpecification\",\"valueRequired\":true,\"valueName\":\"search_term_string\"}}],\"inLanguage\":\"es\"},{\"@type\":\"Organization\",\"@id\":\"https:\\\/\\\/www.boxrepsol.com\\\/es\\\/#organization\",\"name\":\"Box Repsol\",\"url\":\"https:\\\/\\\/www.boxrepsol.com\\\/es\\\/\",\"logo\":{\"@type\":\"ImageObject\",\"inLanguage\":\"es\",\"@id\":\"https:\\\/\\\/www.boxrepsol.com\\\/es\\\/#\\\/schema\\\/logo\\\/image\\\/\",\"url\":\"https:\\\/\\\/bxrepsol.s3.eu-west-1.amazonaws.com\\\/static\\\/2025\\\/07\\\/30083337\\\/favicon-96x96-1.png\",\"contentUrl\":\"https:\\\/\\\/bxrepsol.s3.eu-west-1.amazonaws.com\\\/static\\\/2025\\\/07\\\/30083337\\\/favicon-96x96-1.png\",\"width\":96,\"height\":96,\"caption\":\"Box Repsol\"},\"image\":{\"@id\":\"https:\\\/\\\/www.boxrepsol.com\\\/es\\\/#\\\/schema\\\/logo\\\/image\\\/\"},\"sameAs\":[\"https:\\\/\\\/www.facebook.com\\\/BoxRepsol\",\"https:\\\/\\\/x.com\\\/box_repsol\",\"http:\\\/\\\/instagram.com\\\/box_repsol\",\"https:\\\/\\\/www.youtube.com\\\/user\\\/RepsolCompeticion\",\"https:\\\/\\\/www.flickr.com\\\/photos\\\/box_repsol\\\/\"]},{\"@type\":\"Person\",\"@id\":\"https:\\\/\\\/www.boxrepsol.com\\\/es\\\/#\\\/schema\\\/person\\\/c5c2138f2cca251b0ad92b7086bb60b7\",\"name\":\"Redacci\u00f3n Box Repsol\",\"image\":{\"@type\":\"ImageObject\",\"inLanguage\":\"es\",\"@id\":\"https:\\\/\\\/secure.gravatar.com\\\/avatar\\\/adf7b77e38b4419baf32c7e9c21dde01f4e40df611f0978e3006fc4ba0aaab7e?s=96&d=mm&r=g\",\"url\":\"https:\\\/\\\/secure.gravatar.com\\\/avatar\\\/adf7b77e38b4419baf32c7e9c21dde01f4e40df611f0978e3006fc4ba0aaab7e?s=96&d=mm&r=g\",\"contentUrl\":\"https:\\\/\\\/secure.gravatar.com\\\/avatar\\\/adf7b77e38b4419baf32c7e9c21dde01f4e40df611f0978e3006fc4ba0aaab7e?s=96&d=mm&r=g\",\"caption\":\"Redacci\u00f3n Box Repsol\"},\"description\":\"Box Repsol lo forma un equipo de periodistas, community managers, dise\u00f1adores y fot\u00f3grafos con m\u00e1s de 20 a\u00f1os de experiencia en el mundo del motorsport. Hemos vivido el primer mundial de un espa\u00f1ol en la categor\u00eda reina de motociclismo con \u00c1lex Crivill\u00e9, estuvimos en las victorias de Pedrosa y los t\u00edtulos de M\u00e1rquez, acompa\u00f1amos en \u00c1frica a Nani Roma y Marc Coma en sus conquistas del Dakar y hemos vibrado con los t\u00edtulos de Toni Bou en Trial. Adem\u00e1s, en nuestro equipo contamos con expertos en el mundo de las dos y cuatro ruedas tanto de la calle y las carreteras, como de los circuitos. Periodistas que han trabajado en revistas y publicaciones para hacerte llegar desde rutas y consejos de mantenimiento, a curiosidades y trucos de pilotaje.\",\"sameAs\":[\"https:\\\/\\\/www.facebook.com\\\/BoxRepsol\\\/\",\"https:\\\/\\\/www.instagram.com\\\/box_repsol\\\/\",\"https:\\\/\\\/x.com\\\/https:\\\/\\\/twitter.com\\\/box_repsol\",\"https:\\\/\\\/www.youtube.com\\\/@Boxrepsol\"],\"url\":\"https:\\\/\\\/www.boxrepsol.com\\\/es\\\/author\\\/redaccion-box-repsol\\\/\"}]}<\/script>\n<!-- \/ Yoast SEO plugin. -->","yoast_head_json":{"title":"\u00bfCu\u00e1nto tardar\u00eda una MotoGP en ir de Cuenca a la Luna? - Box Repsol","description":"Imaginad un piloto de MotoGP que termina la temporada sin demasiado buen \u2018feeling\u2019. Siente que necesita hacer algo grande,","canonical":"https:\/\/www.boxrepsol.com\/es\/cultura-motera\/cuanto-tardaria-un-piloto-de-motogp-en-ir-de-cuenca-a-la-luna\/","og_locale":"es_ES","og_type":"article","og_title":"\u00bfCu\u00e1nto tardar\u00eda una MotoGP en ir de Cuenca a la Luna? - Box Repsol","og_description":"Imaginad un piloto de MotoGP que termina la temporada sin demasiado buen \u2018feeling\u2019. Siente que necesita hacer algo grande,","og_url":"https:\/\/www.boxrepsol.com\/es\/cultura-motera\/cuanto-tardaria-un-piloto-de-motogp-en-ir-de-cuenca-a-la-luna\/","og_site_name":"Box Repsol","article_publisher":"https:\/\/www.facebook.com\/BoxRepsol","article_author":"https:\/\/www.facebook.com\/BoxRepsol\/","article_published_time":"2017-07-04T02:00:00+00:00","article_modified_time":"2024-05-15T10:12:14+00:00","og_image":[{"width":1280,"height":600,"url":"https:\/\/bxrepsol.s3.eu-west-1.amazonaws.com\/static\/2023\/02\/24095459\/alex-marquez-de-cuenca-a-la-luna-en-rc213v.jpg","type":"image\/jpeg"}],"author":"Redacci\u00f3n Box Repsol","twitter_card":"summary_large_image","twitter_creator":"@https:\/\/twitter.com\/box_repsol","twitter_site":"@box_repsol","twitter_misc":{"Written by":"Redacci\u00f3n Box Repsol","Est. reading time":"3 minutos"},"schema":{"@context":"https:\/\/schema.org","@graph":[{"@type":"Article","@id":"https:\/\/www.boxrepsol.com\/es\/cultura-motera\/cuanto-tardaria-un-piloto-de-motogp-en-ir-de-cuenca-a-la-luna\/#article","isPartOf":{"@id":"https:\/\/www.boxrepsol.com\/es\/cultura-motera\/cuanto-tardaria-un-piloto-de-motogp-en-ir-de-cuenca-a-la-luna\/"},"author":{"name":"Redacci\u00f3n Box Repsol","@id":"https:\/\/www.boxrepsol.com\/es\/#\/schema\/person\/c5c2138f2cca251b0ad92b7086bb60b7"},"headline":"\u00bfCu\u00e1nto tardar\u00eda un piloto de MotoGP en ir de Cuenca a la Luna?","datePublished":"2017-07-04T02:00:00+00:00","dateModified":"2024-05-15T10:12:14+00:00","mainEntityOfPage":{"@id":"https:\/\/www.boxrepsol.com\/es\/cultura-motera\/cuanto-tardaria-un-piloto-de-motogp-en-ir-de-cuenca-a-la-luna\/"},"wordCount":670,"commentCount":0,"publisher":{"@id":"https:\/\/www.boxrepsol.com\/es\/#organization"},"image":{"@id":"https:\/\/www.boxrepsol.com\/es\/cultura-motera\/cuanto-tardaria-un-piloto-de-motogp-en-ir-de-cuenca-a-la-luna\/#primaryimage"},"thumbnailUrl":"https:\/\/bxrepsol.s3.eu-west-1.amazonaws.com\/static\/2023\/02\/24095459\/alex-marquez-de-cuenca-a-la-luna-en-rc213v.jpg","keywords":["salidas y rutas en moto"],"articleSection":["Cultura Motera"],"inLanguage":"es","potentialAction":[{"@type":"CommentAction","name":"Comment","target":["https:\/\/www.boxrepsol.com\/es\/cultura-motera\/cuanto-tardaria-un-piloto-de-motogp-en-ir-de-cuenca-a-la-luna\/#respond"]}]},{"@type":"WebPage","@id":"https:\/\/www.boxrepsol.com\/es\/cultura-motera\/cuanto-tardaria-un-piloto-de-motogp-en-ir-de-cuenca-a-la-luna\/","url":"https:\/\/www.boxrepsol.com\/es\/cultura-motera\/cuanto-tardaria-un-piloto-de-motogp-en-ir-de-cuenca-a-la-luna\/","name":"\u00bfCu\u00e1nto tardar\u00eda una MotoGP en ir de Cuenca a la Luna? - Box Repsol","isPartOf":{"@id":"https:\/\/www.boxrepsol.com\/es\/#website"},"primaryImageOfPage":{"@id":"https:\/\/www.boxrepsol.com\/es\/cultura-motera\/cuanto-tardaria-un-piloto-de-motogp-en-ir-de-cuenca-a-la-luna\/#primaryimage"},"image":{"@id":"https:\/\/www.boxrepsol.com\/es\/cultura-motera\/cuanto-tardaria-un-piloto-de-motogp-en-ir-de-cuenca-a-la-luna\/#primaryimage"},"thumbnailUrl":"https:\/\/bxrepsol.s3.eu-west-1.amazonaws.com\/static\/2023\/02\/24095459\/alex-marquez-de-cuenca-a-la-luna-en-rc213v.jpg","datePublished":"2017-07-04T02:00:00+00:00","dateModified":"2024-05-15T10:12:14+00:00","description":"Imaginad un piloto de MotoGP que termina la temporada sin demasiado buen \u2018feeling\u2019. Siente que necesita hacer algo grande,","breadcrumb":{"@id":"https:\/\/www.boxrepsol.com\/es\/cultura-motera\/cuanto-tardaria-un-piloto-de-motogp-en-ir-de-cuenca-a-la-luna\/#breadcrumb"},"inLanguage":"es","potentialAction":[{"@type":"ReadAction","target":["https:\/\/www.boxrepsol.com\/es\/cultura-motera\/cuanto-tardaria-un-piloto-de-motogp-en-ir-de-cuenca-a-la-luna\/"]}]},{"@type":"ImageObject","inLanguage":"es","@id":"https:\/\/www.boxrepsol.com\/es\/cultura-motera\/cuanto-tardaria-un-piloto-de-motogp-en-ir-de-cuenca-a-la-luna\/#primaryimage","url":"https:\/\/bxrepsol.s3.eu-west-1.amazonaws.com\/static\/2023\/02\/24095459\/alex-marquez-de-cuenca-a-la-luna-en-rc213v.jpg","contentUrl":"https:\/\/bxrepsol.s3.eu-west-1.amazonaws.com\/static\/2023\/02\/24095459\/alex-marquez-de-cuenca-a-la-luna-en-rc213v.jpg","width":1280,"height":600,"caption":"alex-marquez-de-cuenca-a-la-luna-en-rc213v"},{"@type":"BreadcrumbList","@id":"https:\/\/www.boxrepsol.com\/es\/cultura-motera\/cuanto-tardaria-un-piloto-de-motogp-en-ir-de-cuenca-a-la-luna\/#breadcrumb","itemListElement":[{"@type":"ListItem","position":1,"name":"Home","item":"https:\/\/www.boxrepsol.com\/es\/"},{"@type":"ListItem","position":2,"name":"\u00bfCu\u00e1nto tardar\u00eda un piloto de MotoGP en ir de Cuenca a la Luna?"}]},{"@type":"WebSite","@id":"https:\/\/www.boxrepsol.com\/es\/#website","url":"https:\/\/www.boxrepsol.com\/es\/","name":"Box Repsol","description":"Box Repsol Site","publisher":{"@id":"https:\/\/www.boxrepsol.com\/es\/#organization"},"potentialAction":[{"@type":"SearchAction","target":{"@type":"EntryPoint","urlTemplate":"https:\/\/www.boxrepsol.com\/es\/?s={search_term_string}"},"query-input":{"@type":"PropertyValueSpecification","valueRequired":true,"valueName":"search_term_string"}}],"inLanguage":"es"},{"@type":"Organization","@id":"https:\/\/www.boxrepsol.com\/es\/#organization","name":"Box Repsol","url":"https:\/\/www.boxrepsol.com\/es\/","logo":{"@type":"ImageObject","inLanguage":"es","@id":"https:\/\/www.boxrepsol.com\/es\/#\/schema\/logo\/image\/","url":"https:\/\/bxrepsol.s3.eu-west-1.amazonaws.com\/static\/2025\/07\/30083337\/favicon-96x96-1.png","contentUrl":"https:\/\/bxrepsol.s3.eu-west-1.amazonaws.com\/static\/2025\/07\/30083337\/favicon-96x96-1.png","width":96,"height":96,"caption":"Box Repsol"},"image":{"@id":"https:\/\/www.boxrepsol.com\/es\/#\/schema\/logo\/image\/"},"sameAs":["https:\/\/www.facebook.com\/BoxRepsol","https:\/\/x.com\/box_repsol","http:\/\/instagram.com\/box_repsol","https:\/\/www.youtube.com\/user\/RepsolCompeticion","https:\/\/www.flickr.com\/photos\/box_repsol\/"]},{"@type":"Person","@id":"https:\/\/www.boxrepsol.com\/es\/#\/schema\/person\/c5c2138f2cca251b0ad92b7086bb60b7","name":"Redacci\u00f3n Box Repsol","image":{"@type":"ImageObject","inLanguage":"es","@id":"https:\/\/secure.gravatar.com\/avatar\/adf7b77e38b4419baf32c7e9c21dde01f4e40df611f0978e3006fc4ba0aaab7e?s=96&d=mm&r=g","url":"https:\/\/secure.gravatar.com\/avatar\/adf7b77e38b4419baf32c7e9c21dde01f4e40df611f0978e3006fc4ba0aaab7e?s=96&d=mm&r=g","contentUrl":"https:\/\/secure.gravatar.com\/avatar\/adf7b77e38b4419baf32c7e9c21dde01f4e40df611f0978e3006fc4ba0aaab7e?s=96&d=mm&r=g","caption":"Redacci\u00f3n Box Repsol"},"description":"Box Repsol lo forma un equipo de periodistas, community managers, dise\u00f1adores y fot\u00f3grafos con m\u00e1s de 20 a\u00f1os de experiencia en el mundo del motorsport. Hemos vivido el primer mundial de un espa\u00f1ol en la categor\u00eda reina de motociclismo con \u00c1lex Crivill\u00e9, estuvimos en las victorias de Pedrosa y los t\u00edtulos de M\u00e1rquez, acompa\u00f1amos en \u00c1frica a Nani Roma y Marc Coma en sus conquistas del Dakar y hemos vibrado con los t\u00edtulos de Toni Bou en Trial. Adem\u00e1s, en nuestro equipo contamos con expertos en el mundo de las dos y cuatro ruedas tanto de la calle y las carreteras, como de los circuitos. Periodistas que han trabajado en revistas y publicaciones para hacerte llegar desde rutas y consejos de mantenimiento, a curiosidades y trucos de pilotaje.","sameAs":["https:\/\/www.facebook.com\/BoxRepsol\/","https:\/\/www.instagram.com\/box_repsol\/","https:\/\/x.com\/https:\/\/twitter.com\/box_repsol","https:\/\/www.youtube.com\/@Boxrepsol"],"url":"https:\/\/www.boxrepsol.com\/es\/author\/redaccion-box-repsol\/"}]}},"_links":{"self":[{"href":"https:\/\/www.boxrepsol.com\/es\/wp-json\/wp\/v2\/posts\/90622","targetHints":{"allow":["GET"]}}],"collection":[{"href":"https:\/\/www.boxrepsol.com\/es\/wp-json\/wp\/v2\/posts"}],"about":[{"href":"https:\/\/www.boxrepsol.com\/es\/wp-json\/wp\/v2\/types\/post"}],"author":[{"embeddable":true,"href":"https:\/\/www.boxrepsol.com\/es\/wp-json\/wp\/v2\/users\/43146"}],"replies":[{"embeddable":true,"href":"https:\/\/www.boxrepsol.com\/es\/wp-json\/wp\/v2\/comments?post=90622"}],"version-history":[{"count":2,"href":"https:\/\/www.boxrepsol.com\/es\/wp-json\/wp\/v2\/posts\/90622\/revisions"}],"predecessor-version":[{"id":110972,"href":"https:\/\/www.boxrepsol.com\/es\/wp-json\/wp\/v2\/posts\/90622\/revisions\/110972"}],"wp:featuredmedia":[{"embeddable":true,"href":"https:\/\/www.boxrepsol.com\/es\/wp-json\/wp\/v2\/media\/90624"}],"wp:attachment":[{"href":"https:\/\/www.boxrepsol.com\/es\/wp-json\/wp\/v2\/media?parent=90622"}],"wp:term":[{"taxonomy":"category","embeddable":true,"href":"https:\/\/www.boxrepsol.com\/es\/wp-json\/wp\/v2\/categories?post=90622"},{"taxonomy":"post_tag","embeddable":true,"href":"https:\/\/www.boxrepsol.com\/es\/wp-json\/wp\/v2\/tags?post=90622"}],"curies":[{"name":"wp","href":"https:\/\/api.w.org\/{rel}","templated":true}]}}