{"id":90616,"date":"2017-07-02T00:00:00","date_gmt":"2017-07-02T02:00:00","guid":{"rendered":"http:\/\/pre.boxrepsol.com\/sin-categorizar\/victoria-liderato-marc-marquez-podio-dani-pedrosa\/"},"modified":"2024-10-16T12:45:17","modified_gmt":"2024-10-16T14:45:17","slug":"victoria-liderato-marc-marquez-podio-dani-pedrosa","status":"publish","type":"post","link":"https:\/\/www.boxrepsol.com\/es\/motogp\/victoria-liderato-marc-marquez-podio-dani-pedrosa\/","title":{"rendered":"Victoria y liderato de M\u00e1rquez y podio de Pedrosa en Sachsenring"},"content":{"rendered":"<blockquote><p>Quiero dedicar esta victoria a Nicky Hayden y a su familia<\/p>\n<p><a href=\"http:\/\/twitter.com\/share?text=Quiero+dedicar+esta+victoria+a+Nicky+Hayden+y+a+su+familia&amp;url=https%3A%2F%2Fwww.boxrepsol.com%2Fes%2F%3Fp%3D8859%2F&amp;hashtags=\" target=\"_blank\" rel=\"noopener noreferrer\"><br \/>\ntwittear <\/a><\/p>\n<footer>Marc M\u00e1rquez<\/footer>\n<\/blockquote>\n<p>Marc M\u00e1rquez y Dani Pedrosa llegan al <a href=\"https:\/\/twitter.com\/box_repsol\/status\/881494497787621376\">ecuador de la temporada<\/a> con cinco podios cada uno y son los pilotos que m\u00e1s veces han terminado en las plazas de honor esta temporada.<\/p>\n<p>Marc M\u00e1rquez iguala a Eddie Lawson con <strong>31 victorias en la categor\u00eda reina<\/strong>.<\/p>\n<p>Partiendo desde la pole position, M\u00e1rquez <strong>se ha situado primero en la primera curva<\/strong>, y s\u00f3lo ha cedido la posici\u00f3n durante 5 vueltas, cuando en el sexto giro le ha superado Jonas Folger.<\/p>\n<h3>Marc M\u00e1rquez<\/h3>\n<blockquote><p>Estoy muy, muy contento. Sab\u00eda antes del fin de semana que este era un momento importante del campeonato y que Sachsenring era un circuito importante para nosotros. Era el momento de tomar riesgos si era necesario para intentar ganar. As\u00ed que estoy contento de haber conseguido estos 25 puntos y lograr el liderato del Mundial antes del par\u00f3n de verano. Quiero dedicar esta victoria a Nicky [Hayden] y a su familia. Me lo hab\u00eda prometido a m\u00ed mismo despu\u00e9s de su accidente, porque juntos tuvimos algunos momentos muy buenos y era un amigo. La carrera ha sido muy ajustada. Sinceramente, antes de empezar pensaba que tendr\u00eda que luchar con Dani [Pedrosa], pero al final ha habido otro oponente muy r\u00e1pido. Al principio me ha sorprendido mucho ver a Jonas [Folger] ah\u00ed, y he pensado que se quedar\u00eda entre el resto de rivales, pero ha aguantado todo el tiempo. Ha sido un oponente muy duro. Estamos cuatro pilotos en 10 puntos, con Dani no muy lejos. Todo est\u00e1 muy abierto, as\u00ed que debemos seguir con la misma mentalidad, la misma positividad y trabajo duro. Ahora tenemos unos d\u00edas de vacaciones, pero no demasiados para estar preparados para Brno<\/p><\/blockquote>\n<h3>Dani Pedrosa<\/h3>\n<blockquote><p>Estoy bastante contento con este podio. Hemos trabajado muy bien este fin de semana, intentando gestionar cada situaci\u00f3n. En carrera me he notado realmente fuerte en las primeras vueltas y he podido estar cerca de Marc [M\u00e1rquez]. Entonces he empezado a perder agarre en el neum\u00e1tico trasero, pero he pensado que no ser\u00eda un problema. Una carrera es muy larga y es normal que esto pase. Pero cuando Jonas [Folger] me ha adelantado, he tratado de seguirle y no he podido. He intentado controlarlo pero, cuando he visto que el neum\u00e1tico estaba derrapando demasiado, he optado por conseguir un podio. Esperaba ser un poco m\u00e1s fuerte, pero en general ha sido un resultado positivo y hemos sumado unos buenos puntos para el campeonato. Me siento optimista, tenemos dos d\u00edas de entrenamientos durante el verano y trabajaremos en los puntos que sabemos que debemos mejorar. Nos centraremos en hacer que los neum\u00e1ticos rindan mejor sin importar las condiciones, para ser m\u00e1s consistentes en la segunda parte del Mundial<\/p><\/blockquote>\n","protected":false},"excerpt":{"rendered":"<p>El vigente Campe\u00f3n del Mundo consigue su octavo triunfo consecutivo en Sachsenring, en una carrera en la que Pedrosa ha terminado tercero.<\/p>\n","protected":false},"author":43146,"featured_media":86673,"comment_status":"open","ping_status":"open","sticky":false,"template":"","format":"standard","meta":{"footnotes":""},"categories":[4],"tags":[152],"class_list":["post-90616","post","type-post","status-publish","format-standard","hentry","category-motogp","tag-motogp-alemania"],"yoast_head":"<!-- This site is optimized with the Yoast SEO plugin v27.3 - https:\/\/yoast.com\/product\/yoast-seo-wordpress\/ -->\n<title>Victoria y liderato de M\u00e1rquez y podio de Pedrosa en Sachsenring - Box Repsol<\/title>\n<meta name=\"description\" content=\"El vigente Campe\u00f3n del Mundo consigue su octavo triunfo consecutivo en Sachsenring, en una carrera en la que Pedrosa ha terminado tercero.\" \/>\n<link rel=\"canonical\" href=\"https:\/\/www.boxrepsol.com\/es\/motogp\/victoria-liderato-marc-marquez-podio-dani-pedrosa\/\" \/>\n<meta property=\"og:locale\" content=\"es_ES\" \/>\n<meta property=\"og:type\" content=\"article\" \/>\n<meta property=\"og:title\" content=\"Victoria y liderato de M\u00e1rquez y podio de Pedrosa en Sachsenring - Box Repsol\" \/>\n<meta property=\"og:description\" content=\"El vigente Campe\u00f3n del Mundo consigue su octavo triunfo consecutivo en Sachsenring, en una carrera en la que Pedrosa ha terminado tercero.\" \/>\n<meta property=\"og:url\" content=\"https:\/\/www.boxrepsol.com\/es\/motogp\/victoria-liderato-marc-marquez-podio-dani-pedrosa\/\" \/>\n<meta property=\"og:site_name\" content=\"Box Repsol\" \/>\n<meta property=\"article:publisher\" content=\"https:\/\/www.facebook.com\/BoxRepsol\" \/>\n<meta property=\"article:author\" content=\"https:\/\/www.facebook.com\/BoxRepsol\/\" \/>\n<meta property=\"article:published_time\" content=\"2017-07-02T02:00:00+00:00\" \/>\n<meta property=\"article:modified_time\" content=\"2024-10-16T14:45:17+00:00\" \/>\n<meta property=\"og:image\" content=\"https:\/\/www.boxrepsol.com\/wp-content\/uploads\/2022\/08\/Marquez-en-Sachsenring-2017.jpg\" \/>\n\t<meta property=\"og:image:width\" content=\"995\" \/>\n\t<meta property=\"og:image:height\" content=\"560\" \/>\n\t<meta property=\"og:image:type\" content=\"image\/jpeg\" \/>\n<meta name=\"author\" content=\"Redacci\u00f3n Box Repsol\" \/>\n<meta name=\"twitter:card\" content=\"summary_large_image\" \/>\n<meta name=\"twitter:creator\" content=\"@https:\/\/twitter.com\/box_repsol\" \/>\n<meta name=\"twitter:site\" content=\"@box_repsol\" \/>\n<meta name=\"twitter:label1\" content=\"Written by\" \/>\n\t<meta name=\"twitter:data1\" content=\"Redacci\u00f3n Box Repsol\" \/>\n\t<meta name=\"twitter:label2\" content=\"Est. reading time\" \/>\n\t<meta name=\"twitter:data2\" content=\"2 minutos\" \/>\n<script type=\"application\/ld+json\" class=\"yoast-schema-graph\">{\"@context\":\"https:\\\/\\\/schema.org\",\"@graph\":[{\"@type\":\"Article\",\"@id\":\"https:\\\/\\\/www.boxrepsol.com\\\/es\\\/motogp\\\/victoria-liderato-marc-marquez-podio-dani-pedrosa\\\/#article\",\"isPartOf\":{\"@id\":\"https:\\\/\\\/www.boxrepsol.com\\\/es\\\/motogp\\\/victoria-liderato-marc-marquez-podio-dani-pedrosa\\\/\"},\"author\":{\"name\":\"Redacci\u00f3n Box Repsol\",\"@id\":\"https:\\\/\\\/www.boxrepsol.com\\\/es\\\/#\\\/schema\\\/person\\\/c5c2138f2cca251b0ad92b7086bb60b7\"},\"headline\":\"Victoria y liderato de M\u00e1rquez y podio de Pedrosa en Sachsenring\",\"datePublished\":\"2017-07-02T02:00:00+00:00\",\"dateModified\":\"2024-10-16T14:45:17+00:00\",\"mainEntityOfPage\":{\"@id\":\"https:\\\/\\\/www.boxrepsol.com\\\/es\\\/motogp\\\/victoria-liderato-marc-marquez-podio-dani-pedrosa\\\/\"},\"wordCount\":494,\"commentCount\":0,\"publisher\":{\"@id\":\"https:\\\/\\\/www.boxrepsol.com\\\/es\\\/#organization\"},\"image\":{\"@id\":\"https:\\\/\\\/www.boxrepsol.com\\\/es\\\/motogp\\\/victoria-liderato-marc-marquez-podio-dani-pedrosa\\\/#primaryimage\"},\"thumbnailUrl\":\"https:\\\/\\\/www.boxrepsol.com\\\/wp-content\\\/uploads\\\/2022\\\/08\\\/Marquez-en-Sachsenring-2017.jpg\",\"keywords\":[\"MotoGP Alemania\"],\"articleSection\":[\"MotoGP\"],\"inLanguage\":\"es\",\"potentialAction\":[{\"@type\":\"CommentAction\",\"name\":\"Comment\",\"target\":[\"https:\\\/\\\/www.boxrepsol.com\\\/es\\\/motogp\\\/victoria-liderato-marc-marquez-podio-dani-pedrosa\\\/#respond\"]}]},{\"@type\":\"WebPage\",\"@id\":\"https:\\\/\\\/www.boxrepsol.com\\\/es\\\/motogp\\\/victoria-liderato-marc-marquez-podio-dani-pedrosa\\\/\",\"url\":\"https:\\\/\\\/www.boxrepsol.com\\\/es\\\/motogp\\\/victoria-liderato-marc-marquez-podio-dani-pedrosa\\\/\",\"name\":\"Victoria y liderato de M\u00e1rquez y podio de Pedrosa en Sachsenring - Box Repsol\",\"isPartOf\":{\"@id\":\"https:\\\/\\\/www.boxrepsol.com\\\/es\\\/#website\"},\"primaryImageOfPage\":{\"@id\":\"https:\\\/\\\/www.boxrepsol.com\\\/es\\\/motogp\\\/victoria-liderato-marc-marquez-podio-dani-pedrosa\\\/#primaryimage\"},\"image\":{\"@id\":\"https:\\\/\\\/www.boxrepsol.com\\\/es\\\/motogp\\\/victoria-liderato-marc-marquez-podio-dani-pedrosa\\\/#primaryimage\"},\"thumbnailUrl\":\"https:\\\/\\\/www.boxrepsol.com\\\/wp-content\\\/uploads\\\/2022\\\/08\\\/Marquez-en-Sachsenring-2017.jpg\",\"datePublished\":\"2017-07-02T02:00:00+00:00\",\"dateModified\":\"2024-10-16T14:45:17+00:00\",\"description\":\"El vigente Campe\u00f3n del Mundo consigue su octavo triunfo consecutivo en Sachsenring, en una carrera en la que Pedrosa ha terminado tercero.\",\"breadcrumb\":{\"@id\":\"https:\\\/\\\/www.boxrepsol.com\\\/es\\\/motogp\\\/victoria-liderato-marc-marquez-podio-dani-pedrosa\\\/#breadcrumb\"},\"inLanguage\":\"es\",\"potentialAction\":[{\"@type\":\"ReadAction\",\"target\":[\"https:\\\/\\\/www.boxrepsol.com\\\/es\\\/motogp\\\/victoria-liderato-marc-marquez-podio-dani-pedrosa\\\/\"]}]},{\"@type\":\"ImageObject\",\"inLanguage\":\"es\",\"@id\":\"https:\\\/\\\/www.boxrepsol.com\\\/es\\\/motogp\\\/victoria-liderato-marc-marquez-podio-dani-pedrosa\\\/#primaryimage\",\"url\":\"https:\\\/\\\/www.boxrepsol.com\\\/wp-content\\\/uploads\\\/2022\\\/08\\\/Marquez-en-Sachsenring-2017.jpg\",\"contentUrl\":\"https:\\\/\\\/www.boxrepsol.com\\\/wp-content\\\/uploads\\\/2022\\\/08\\\/Marquez-en-Sachsenring-2017.jpg\",\"width\":995,\"height\":560,\"caption\":\"Marc M\u00e1rquez, Dani Pedrosa, MotoGP ,Motocilcismo, Sachsenring, GP de Alemania, 2017\"},{\"@type\":\"BreadcrumbList\",\"@id\":\"https:\\\/\\\/www.boxrepsol.com\\\/es\\\/motogp\\\/victoria-liderato-marc-marquez-podio-dani-pedrosa\\\/#breadcrumb\",\"itemListElement\":[{\"@type\":\"ListItem\",\"position\":1,\"name\":\"Home\",\"item\":\"https:\\\/\\\/www.boxrepsol.com\\\/es\\\/\"},{\"@type\":\"ListItem\",\"position\":2,\"name\":\"Victoria y liderato de M\u00e1rquez y podio de Pedrosa en Sachsenring\"}]},{\"@type\":\"WebSite\",\"@id\":\"https:\\\/\\\/www.boxrepsol.com\\\/es\\\/#website\",\"url\":\"https:\\\/\\\/www.boxrepsol.com\\\/es\\\/\",\"name\":\"Box Repsol\",\"description\":\"Box Repsol Site\",\"publisher\":{\"@id\":\"https:\\\/\\\/www.boxrepsol.com\\\/es\\\/#organization\"},\"potentialAction\":[{\"@type\":\"SearchAction\",\"target\":{\"@type\":\"EntryPoint\",\"urlTemplate\":\"https:\\\/\\\/www.boxrepsol.com\\\/es\\\/?s={search_term_string}\"},\"query-input\":{\"@type\":\"PropertyValueSpecification\",\"valueRequired\":true,\"valueName\":\"search_term_string\"}}],\"inLanguage\":\"es\"},{\"@type\":\"Organization\",\"@id\":\"https:\\\/\\\/www.boxrepsol.com\\\/es\\\/#organization\",\"name\":\"Box Repsol\",\"url\":\"https:\\\/\\\/www.boxrepsol.com\\\/es\\\/\",\"logo\":{\"@type\":\"ImageObject\",\"inLanguage\":\"es\",\"@id\":\"https:\\\/\\\/www.boxrepsol.com\\\/es\\\/#\\\/schema\\\/logo\\\/image\\\/\",\"url\":\"https:\\\/\\\/bxrepsol.s3.eu-west-1.amazonaws.com\\\/static\\\/2025\\\/07\\\/30083337\\\/favicon-96x96-1.png\",\"contentUrl\":\"https:\\\/\\\/bxrepsol.s3.eu-west-1.amazonaws.com\\\/static\\\/2025\\\/07\\\/30083337\\\/favicon-96x96-1.png\",\"width\":96,\"height\":96,\"caption\":\"Box Repsol\"},\"image\":{\"@id\":\"https:\\\/\\\/www.boxrepsol.com\\\/es\\\/#\\\/schema\\\/logo\\\/image\\\/\"},\"sameAs\":[\"https:\\\/\\\/www.facebook.com\\\/BoxRepsol\",\"https:\\\/\\\/x.com\\\/box_repsol\",\"http:\\\/\\\/instagram.com\\\/box_repsol\",\"https:\\\/\\\/www.youtube.com\\\/user\\\/RepsolCompeticion\",\"https:\\\/\\\/www.flickr.com\\\/photos\\\/box_repsol\\\/\"]},{\"@type\":\"Person\",\"@id\":\"https:\\\/\\\/www.boxrepsol.com\\\/es\\\/#\\\/schema\\\/person\\\/c5c2138f2cca251b0ad92b7086bb60b7\",\"name\":\"Redacci\u00f3n Box Repsol\",\"image\":{\"@type\":\"ImageObject\",\"inLanguage\":\"es\",\"@id\":\"https:\\\/\\\/secure.gravatar.com\\\/avatar\\\/adf7b77e38b4419baf32c7e9c21dde01f4e40df611f0978e3006fc4ba0aaab7e?s=96&d=mm&r=g\",\"url\":\"https:\\\/\\\/secure.gravatar.com\\\/avatar\\\/adf7b77e38b4419baf32c7e9c21dde01f4e40df611f0978e3006fc4ba0aaab7e?s=96&d=mm&r=g\",\"contentUrl\":\"https:\\\/\\\/secure.gravatar.com\\\/avatar\\\/adf7b77e38b4419baf32c7e9c21dde01f4e40df611f0978e3006fc4ba0aaab7e?s=96&d=mm&r=g\",\"caption\":\"Redacci\u00f3n Box Repsol\"},\"description\":\"Box Repsol lo forma un equipo de periodistas, community managers, dise\u00f1adores y fot\u00f3grafos con m\u00e1s de 20 a\u00f1os de experiencia en el mundo del motorsport. Hemos vivido el primer mundial de un espa\u00f1ol en la categor\u00eda reina de motociclismo con \u00c1lex Crivill\u00e9, estuvimos en las victorias de Pedrosa y los t\u00edtulos de M\u00e1rquez, acompa\u00f1amos en \u00c1frica a Nani Roma y Marc Coma en sus conquistas del Dakar y hemos vibrado con los t\u00edtulos de Toni Bou en Trial. Adem\u00e1s, en nuestro equipo contamos con expertos en el mundo de las dos y cuatro ruedas tanto de la calle y las carreteras, como de los circuitos. Periodistas que han trabajado en revistas y publicaciones para hacerte llegar desde rutas y consejos de mantenimiento, a curiosidades y trucos de pilotaje.\",\"sameAs\":[\"https:\\\/\\\/www.facebook.com\\\/BoxRepsol\\\/\",\"https:\\\/\\\/www.instagram.com\\\/box_repsol\\\/\",\"https:\\\/\\\/x.com\\\/https:\\\/\\\/twitter.com\\\/box_repsol\",\"https:\\\/\\\/www.youtube.com\\\/@Boxrepsol\"],\"url\":\"https:\\\/\\\/www.boxrepsol.com\\\/es\\\/author\\\/redaccion-box-repsol\\\/\"}]}<\/script>\n<!-- \/ Yoast SEO plugin. -->","yoast_head_json":{"title":"Victoria y liderato de M\u00e1rquez y podio de Pedrosa en Sachsenring - Box Repsol","description":"El vigente Campe\u00f3n del Mundo consigue su octavo triunfo consecutivo en Sachsenring, en una carrera en la que Pedrosa ha terminado tercero.","canonical":"https:\/\/www.boxrepsol.com\/es\/motogp\/victoria-liderato-marc-marquez-podio-dani-pedrosa\/","og_locale":"es_ES","og_type":"article","og_title":"Victoria y liderato de M\u00e1rquez y podio de Pedrosa en Sachsenring - Box Repsol","og_description":"El vigente Campe\u00f3n del Mundo consigue su octavo triunfo consecutivo en Sachsenring, en una carrera en la que Pedrosa ha terminado tercero.","og_url":"https:\/\/www.boxrepsol.com\/es\/motogp\/victoria-liderato-marc-marquez-podio-dani-pedrosa\/","og_site_name":"Box Repsol","article_publisher":"https:\/\/www.facebook.com\/BoxRepsol","article_author":"https:\/\/www.facebook.com\/BoxRepsol\/","article_published_time":"2017-07-02T02:00:00+00:00","article_modified_time":"2024-10-16T14:45:17+00:00","og_image":[{"width":995,"height":560,"url":"https:\/\/www.boxrepsol.com\/wp-content\/uploads\/2022\/08\/Marquez-en-Sachsenring-2017.jpg","type":"image\/jpeg"}],"author":"Redacci\u00f3n Box Repsol","twitter_card":"summary_large_image","twitter_creator":"@https:\/\/twitter.com\/box_repsol","twitter_site":"@box_repsol","twitter_misc":{"Written by":"Redacci\u00f3n Box Repsol","Est. reading time":"2 minutos"},"schema":{"@context":"https:\/\/schema.org","@graph":[{"@type":"Article","@id":"https:\/\/www.boxrepsol.com\/es\/motogp\/victoria-liderato-marc-marquez-podio-dani-pedrosa\/#article","isPartOf":{"@id":"https:\/\/www.boxrepsol.com\/es\/motogp\/victoria-liderato-marc-marquez-podio-dani-pedrosa\/"},"author":{"name":"Redacci\u00f3n Box Repsol","@id":"https:\/\/www.boxrepsol.com\/es\/#\/schema\/person\/c5c2138f2cca251b0ad92b7086bb60b7"},"headline":"Victoria y liderato de M\u00e1rquez y podio de Pedrosa en Sachsenring","datePublished":"2017-07-02T02:00:00+00:00","dateModified":"2024-10-16T14:45:17+00:00","mainEntityOfPage":{"@id":"https:\/\/www.boxrepsol.com\/es\/motogp\/victoria-liderato-marc-marquez-podio-dani-pedrosa\/"},"wordCount":494,"commentCount":0,"publisher":{"@id":"https:\/\/www.boxrepsol.com\/es\/#organization"},"image":{"@id":"https:\/\/www.boxrepsol.com\/es\/motogp\/victoria-liderato-marc-marquez-podio-dani-pedrosa\/#primaryimage"},"thumbnailUrl":"https:\/\/www.boxrepsol.com\/wp-content\/uploads\/2022\/08\/Marquez-en-Sachsenring-2017.jpg","keywords":["MotoGP Alemania"],"articleSection":["MotoGP"],"inLanguage":"es","potentialAction":[{"@type":"CommentAction","name":"Comment","target":["https:\/\/www.boxrepsol.com\/es\/motogp\/victoria-liderato-marc-marquez-podio-dani-pedrosa\/#respond"]}]},{"@type":"WebPage","@id":"https:\/\/www.boxrepsol.com\/es\/motogp\/victoria-liderato-marc-marquez-podio-dani-pedrosa\/","url":"https:\/\/www.boxrepsol.com\/es\/motogp\/victoria-liderato-marc-marquez-podio-dani-pedrosa\/","name":"Victoria y liderato de M\u00e1rquez y podio de Pedrosa en Sachsenring - Box Repsol","isPartOf":{"@id":"https:\/\/www.boxrepsol.com\/es\/#website"},"primaryImageOfPage":{"@id":"https:\/\/www.boxrepsol.com\/es\/motogp\/victoria-liderato-marc-marquez-podio-dani-pedrosa\/#primaryimage"},"image":{"@id":"https:\/\/www.boxrepsol.com\/es\/motogp\/victoria-liderato-marc-marquez-podio-dani-pedrosa\/#primaryimage"},"thumbnailUrl":"https:\/\/www.boxrepsol.com\/wp-content\/uploads\/2022\/08\/Marquez-en-Sachsenring-2017.jpg","datePublished":"2017-07-02T02:00:00+00:00","dateModified":"2024-10-16T14:45:17+00:00","description":"El vigente Campe\u00f3n del Mundo consigue su octavo triunfo consecutivo en Sachsenring, en una carrera en la que Pedrosa ha terminado tercero.","breadcrumb":{"@id":"https:\/\/www.boxrepsol.com\/es\/motogp\/victoria-liderato-marc-marquez-podio-dani-pedrosa\/#breadcrumb"},"inLanguage":"es","potentialAction":[{"@type":"ReadAction","target":["https:\/\/www.boxrepsol.com\/es\/motogp\/victoria-liderato-marc-marquez-podio-dani-pedrosa\/"]}]},{"@type":"ImageObject","inLanguage":"es","@id":"https:\/\/www.boxrepsol.com\/es\/motogp\/victoria-liderato-marc-marquez-podio-dani-pedrosa\/#primaryimage","url":"https:\/\/www.boxrepsol.com\/wp-content\/uploads\/2022\/08\/Marquez-en-Sachsenring-2017.jpg","contentUrl":"https:\/\/www.boxrepsol.com\/wp-content\/uploads\/2022\/08\/Marquez-en-Sachsenring-2017.jpg","width":995,"height":560,"caption":"Marc M\u00e1rquez, Dani Pedrosa, MotoGP ,Motocilcismo, Sachsenring, GP de Alemania, 2017"},{"@type":"BreadcrumbList","@id":"https:\/\/www.boxrepsol.com\/es\/motogp\/victoria-liderato-marc-marquez-podio-dani-pedrosa\/#breadcrumb","itemListElement":[{"@type":"ListItem","position":1,"name":"Home","item":"https:\/\/www.boxrepsol.com\/es\/"},{"@type":"ListItem","position":2,"name":"Victoria y liderato de M\u00e1rquez y podio de Pedrosa en Sachsenring"}]},{"@type":"WebSite","@id":"https:\/\/www.boxrepsol.com\/es\/#website","url":"https:\/\/www.boxrepsol.com\/es\/","name":"Box Repsol","description":"Box Repsol Site","publisher":{"@id":"https:\/\/www.boxrepsol.com\/es\/#organization"},"potentialAction":[{"@type":"SearchAction","target":{"@type":"EntryPoint","urlTemplate":"https:\/\/www.boxrepsol.com\/es\/?s={search_term_string}"},"query-input":{"@type":"PropertyValueSpecification","valueRequired":true,"valueName":"search_term_string"}}],"inLanguage":"es"},{"@type":"Organization","@id":"https:\/\/www.boxrepsol.com\/es\/#organization","name":"Box Repsol","url":"https:\/\/www.boxrepsol.com\/es\/","logo":{"@type":"ImageObject","inLanguage":"es","@id":"https:\/\/www.boxrepsol.com\/es\/#\/schema\/logo\/image\/","url":"https:\/\/bxrepsol.s3.eu-west-1.amazonaws.com\/static\/2025\/07\/30083337\/favicon-96x96-1.png","contentUrl":"https:\/\/bxrepsol.s3.eu-west-1.amazonaws.com\/static\/2025\/07\/30083337\/favicon-96x96-1.png","width":96,"height":96,"caption":"Box Repsol"},"image":{"@id":"https:\/\/www.boxrepsol.com\/es\/#\/schema\/logo\/image\/"},"sameAs":["https:\/\/www.facebook.com\/BoxRepsol","https:\/\/x.com\/box_repsol","http:\/\/instagram.com\/box_repsol","https:\/\/www.youtube.com\/user\/RepsolCompeticion","https:\/\/www.flickr.com\/photos\/box_repsol\/"]},{"@type":"Person","@id":"https:\/\/www.boxrepsol.com\/es\/#\/schema\/person\/c5c2138f2cca251b0ad92b7086bb60b7","name":"Redacci\u00f3n Box Repsol","image":{"@type":"ImageObject","inLanguage":"es","@id":"https:\/\/secure.gravatar.com\/avatar\/adf7b77e38b4419baf32c7e9c21dde01f4e40df611f0978e3006fc4ba0aaab7e?s=96&d=mm&r=g","url":"https:\/\/secure.gravatar.com\/avatar\/adf7b77e38b4419baf32c7e9c21dde01f4e40df611f0978e3006fc4ba0aaab7e?s=96&d=mm&r=g","contentUrl":"https:\/\/secure.gravatar.com\/avatar\/adf7b77e38b4419baf32c7e9c21dde01f4e40df611f0978e3006fc4ba0aaab7e?s=96&d=mm&r=g","caption":"Redacci\u00f3n Box Repsol"},"description":"Box Repsol lo forma un equipo de periodistas, community managers, dise\u00f1adores y fot\u00f3grafos con m\u00e1s de 20 a\u00f1os de experiencia en el mundo del motorsport. Hemos vivido el primer mundial de un espa\u00f1ol en la categor\u00eda reina de motociclismo con \u00c1lex Crivill\u00e9, estuvimos en las victorias de Pedrosa y los t\u00edtulos de M\u00e1rquez, acompa\u00f1amos en \u00c1frica a Nani Roma y Marc Coma en sus conquistas del Dakar y hemos vibrado con los t\u00edtulos de Toni Bou en Trial. Adem\u00e1s, en nuestro equipo contamos con expertos en el mundo de las dos y cuatro ruedas tanto de la calle y las carreteras, como de los circuitos. Periodistas que han trabajado en revistas y publicaciones para hacerte llegar desde rutas y consejos de mantenimiento, a curiosidades y trucos de pilotaje.","sameAs":["https:\/\/www.facebook.com\/BoxRepsol\/","https:\/\/www.instagram.com\/box_repsol\/","https:\/\/x.com\/https:\/\/twitter.com\/box_repsol","https:\/\/www.youtube.com\/@Boxrepsol"],"url":"https:\/\/www.boxrepsol.com\/es\/author\/redaccion-box-repsol\/"}]}},"_links":{"self":[{"href":"https:\/\/www.boxrepsol.com\/es\/wp-json\/wp\/v2\/posts\/90616","targetHints":{"allow":["GET"]}}],"collection":[{"href":"https:\/\/www.boxrepsol.com\/es\/wp-json\/wp\/v2\/posts"}],"about":[{"href":"https:\/\/www.boxrepsol.com\/es\/wp-json\/wp\/v2\/types\/post"}],"author":[{"embeddable":true,"href":"https:\/\/www.boxrepsol.com\/es\/wp-json\/wp\/v2\/users\/43146"}],"replies":[{"embeddable":true,"href":"https:\/\/www.boxrepsol.com\/es\/wp-json\/wp\/v2\/comments?post=90616"}],"version-history":[{"count":2,"href":"https:\/\/www.boxrepsol.com\/es\/wp-json\/wp\/v2\/posts\/90616\/revisions"}],"predecessor-version":[{"id":121285,"href":"https:\/\/www.boxrepsol.com\/es\/wp-json\/wp\/v2\/posts\/90616\/revisions\/121285"}],"wp:featuredmedia":[{"embeddable":true,"href":"https:\/\/www.boxrepsol.com\/es\/wp-json\/wp\/v2\/media\/86673"}],"wp:attachment":[{"href":"https:\/\/www.boxrepsol.com\/es\/wp-json\/wp\/v2\/media?parent=90616"}],"wp:term":[{"taxonomy":"category","embeddable":true,"href":"https:\/\/www.boxrepsol.com\/es\/wp-json\/wp\/v2\/categories?post=90616"},{"taxonomy":"post_tag","embeddable":true,"href":"https:\/\/www.boxrepsol.com\/es\/wp-json\/wp\/v2\/tags?post=90616"}],"curies":[{"name":"wp","href":"https:\/\/api.w.org\/{rel}","templated":true}]}}