{"id":90615,"date":"2017-07-02T00:00:00","date_gmt":"2017-07-02T02:00:00","guid":{"rendered":"http:\/\/pre.boxrepsol.com\/sin-categorizar\/sexta-posicion-enea-bastianini-caida-aron-canet\/"},"modified":"2024-05-15T08:12:24","modified_gmt":"2024-05-15T10:12:24","slug":"sexta-posicion-enea-bastianini-caida-aron-canet","status":"publish","type":"post","link":"https:\/\/www.boxrepsol.com\/es\/motogp\/sexta-posicion-enea-bastianini-caida-aron-canet\/","title":{"rendered":"Sexta posici\u00f3n de Enea Bastianini y ca\u00edda de Ar\u00f3n Canet"},"content":{"rendered":"<blockquote><p>Era fundamental terminar la carrera<\/p>\n<p><a href=\"http:\/\/twitter.com\/share?text=Era+fundamental+terminar+la+carrera&amp;url=https%3A%2F%2Fwww.boxrepsol.com%2Fes%2F%3Fp%3D8848%2F&amp;hashtags=\" target=\"_blank\" rel=\"noopener noreferrer\"><br \/>\ntwittear <\/a><\/p>\n<footer>Enea Bastianini<\/footer>\n<\/blockquote>\n<p><strong>Ar\u00f3n Canet<\/strong>, que part\u00eda desde la pole position, se ha visto condicionado por la falta de agarre en sus neum\u00e1ticos y ha ido perdiendo posiciones, hasta su ca\u00edda en la vuelta 16 cuando rodaba decimotercero.<\/p>\n<p><strong>Enea Bastianini<\/strong> ha ganado una plaza en el primer giro, aunque pasadas 8 vueltas ha llegado a rodar decimosexto.<\/p>\n<p>Paulatinamente ha recuperado el ritmo<strong> hasta encabezar el grupo de 13 pilotos que luchaba por la sexta plaza, puesto que ha ocupado al cruzar la meta.<\/strong><\/p>\n<h3>Enea Bastianini<\/h3>\n<blockquote><p>Era fundamental terminar la carrera, aunque tal y como me est\u00e1 sucediendo esta temporada, en las primeras vueltas me ha costado ser r\u00e1pido con los neum\u00e1ticos nuevos y me han adelantado muchos pilotos. Poco a poco, he conseguido rodar cada vez mejor y al final pod\u00eda pilotar realmente como quer\u00eda. Consegu\u00eda adelantar a muchos pilotos en las frenadas y en las \u00faltimas vueltas he podido rodar muy r\u00e1pido. Tenemos que resolver los problemas que tenemos al inicio, porque no conseguimos aprovechar bien los neum\u00e1ticos nuevos y pierdo muchas posiciones<\/p><\/blockquote>\n<h3>Ar\u00f3n Canet<\/h3>\n<p><em>No me sent\u00eda nada c\u00f3modo con el neum\u00e1tico duro hoy. Ya lo he notado desde la vuelta de calentamiento, cuando he intentado forzarlo. No ten\u00eda nada de agarre en la parte trasera y no me ha permitido acelerar ni hacer un buen paso por curva. He intentado pilotar de otra manera, forzando m\u00e1s la parte delantera y utilizando m\u00e1s el freno trasero, pero me ha resultado imposible. Finalmente, al haber exigido m\u00e1s al neum\u00e1tico de delante, se me ha cerrado la direcci\u00f3n y hemos sufrido la ca\u00edda. La parte positiva es que durante el fin de semana hemos podido ser r\u00e1pidos y eso nos permiti\u00f3 lograr la pole. Ahora tenemos que centrarnos en el pr\u00f3ximo test en Brno para solucionar este tipo de cosas<\/em><\/p>\n","protected":false},"excerpt":{"rendered":"<p>El Mundial de Moto3 alcanza su ecuador con Canet en tercera posici\u00f3n y Bastianini en la novena plaza de la general.<\/p>\n","protected":false},"author":43146,"featured_media":86671,"comment_status":"open","ping_status":"open","sticky":false,"template":"","format":"standard","meta":{"footnotes":""},"categories":[4],"tags":[14],"class_list":["post-90615","post","type-post","status-publish","format-standard","hentry","category-motogp","tag-moto3"],"yoast_head":"<!-- This site is optimized with the Yoast SEO plugin v27.3 - https:\/\/yoast.com\/product\/yoast-seo-wordpress\/ -->\n<title>Sexta posici\u00f3n de Enea Bastianini y ca\u00edda de Ar\u00f3n Canet - Box Repsol<\/title>\n<meta name=\"description\" content=\"El Mundial de Moto3 alcanza su ecuador con Canet en tercera posici\u00f3n y Bastianini en la novena plaza de la general.\" \/>\n<link rel=\"canonical\" href=\"https:\/\/www.boxrepsol.com\/es\/motogp\/sexta-posicion-enea-bastianini-caida-aron-canet\/\" \/>\n<meta property=\"og:locale\" content=\"es_ES\" \/>\n<meta property=\"og:type\" content=\"article\" \/>\n<meta property=\"og:title\" content=\"Sexta posici\u00f3n de Enea Bastianini y ca\u00edda de Ar\u00f3n Canet - Box Repsol\" \/>\n<meta property=\"og:description\" content=\"El Mundial de Moto3 alcanza su ecuador con Canet en tercera posici\u00f3n y Bastianini en la novena plaza de la general.\" \/>\n<meta property=\"og:url\" content=\"https:\/\/www.boxrepsol.com\/es\/motogp\/sexta-posicion-enea-bastianini-caida-aron-canet\/\" \/>\n<meta property=\"og:site_name\" content=\"Box Repsol\" \/>\n<meta property=\"article:publisher\" content=\"https:\/\/www.facebook.com\/BoxRepsol\" \/>\n<meta property=\"article:author\" content=\"https:\/\/www.facebook.com\/BoxRepsol\/\" \/>\n<meta property=\"article:published_time\" content=\"2017-07-02T02:00:00+00:00\" \/>\n<meta property=\"article:modified_time\" content=\"2024-05-15T10:12:24+00:00\" \/>\n<meta property=\"og:image\" content=\"https:\/\/www.boxrepsol.com\/wp-content\/uploads\/2022\/08\/Bastianini-en-el-GP-de-Alemania-20171.jpg\" \/>\n\t<meta property=\"og:image:width\" content=\"995\" \/>\n\t<meta property=\"og:image:height\" content=\"560\" \/>\n\t<meta property=\"og:image:type\" content=\"image\/jpeg\" \/>\n<meta name=\"author\" content=\"Redacci\u00f3n Box Repsol\" \/>\n<meta name=\"twitter:card\" content=\"summary_large_image\" \/>\n<meta name=\"twitter:creator\" content=\"@https:\/\/twitter.com\/box_repsol\" \/>\n<meta name=\"twitter:site\" content=\"@box_repsol\" \/>\n<meta name=\"twitter:label1\" content=\"Written by\" \/>\n\t<meta name=\"twitter:data1\" content=\"Redacci\u00f3n Box Repsol\" \/>\n\t<meta name=\"twitter:label2\" content=\"Est. reading time\" \/>\n\t<meta name=\"twitter:data2\" content=\"2 minutos\" \/>\n<script type=\"application\/ld+json\" class=\"yoast-schema-graph\">{\"@context\":\"https:\\\/\\\/schema.org\",\"@graph\":[{\"@type\":\"Article\",\"@id\":\"https:\\\/\\\/www.boxrepsol.com\\\/es\\\/motogp\\\/sexta-posicion-enea-bastianini-caida-aron-canet\\\/#article\",\"isPartOf\":{\"@id\":\"https:\\\/\\\/www.boxrepsol.com\\\/es\\\/motogp\\\/sexta-posicion-enea-bastianini-caida-aron-canet\\\/\"},\"author\":{\"name\":\"Redacci\u00f3n Box Repsol\",\"@id\":\"https:\\\/\\\/www.boxrepsol.com\\\/es\\\/#\\\/schema\\\/person\\\/c5c2138f2cca251b0ad92b7086bb60b7\"},\"headline\":\"Sexta posici\u00f3n de Enea Bastianini y ca\u00edda de Ar\u00f3n Canet\",\"datePublished\":\"2017-07-02T02:00:00+00:00\",\"dateModified\":\"2024-05-15T10:12:24+00:00\",\"mainEntityOfPage\":{\"@id\":\"https:\\\/\\\/www.boxrepsol.com\\\/es\\\/motogp\\\/sexta-posicion-enea-bastianini-caida-aron-canet\\\/\"},\"wordCount\":339,\"commentCount\":0,\"publisher\":{\"@id\":\"https:\\\/\\\/www.boxrepsol.com\\\/es\\\/#organization\"},\"image\":{\"@id\":\"https:\\\/\\\/www.boxrepsol.com\\\/es\\\/motogp\\\/sexta-posicion-enea-bastianini-caida-aron-canet\\\/#primaryimage\"},\"thumbnailUrl\":\"https:\\\/\\\/www.boxrepsol.com\\\/wp-content\\\/uploads\\\/2022\\\/08\\\/Bastianini-en-el-GP-de-Alemania-20171.jpg\",\"keywords\":[\"Moto3\"],\"articleSection\":[\"MotoGP\"],\"inLanguage\":\"es\",\"potentialAction\":[{\"@type\":\"CommentAction\",\"name\":\"Comment\",\"target\":[\"https:\\\/\\\/www.boxrepsol.com\\\/es\\\/motogp\\\/sexta-posicion-enea-bastianini-caida-aron-canet\\\/#respond\"]}]},{\"@type\":\"WebPage\",\"@id\":\"https:\\\/\\\/www.boxrepsol.com\\\/es\\\/motogp\\\/sexta-posicion-enea-bastianini-caida-aron-canet\\\/\",\"url\":\"https:\\\/\\\/www.boxrepsol.com\\\/es\\\/motogp\\\/sexta-posicion-enea-bastianini-caida-aron-canet\\\/\",\"name\":\"Sexta posici\u00f3n de Enea Bastianini y ca\u00edda de Ar\u00f3n Canet - Box Repsol\",\"isPartOf\":{\"@id\":\"https:\\\/\\\/www.boxrepsol.com\\\/es\\\/#website\"},\"primaryImageOfPage\":{\"@id\":\"https:\\\/\\\/www.boxrepsol.com\\\/es\\\/motogp\\\/sexta-posicion-enea-bastianini-caida-aron-canet\\\/#primaryimage\"},\"image\":{\"@id\":\"https:\\\/\\\/www.boxrepsol.com\\\/es\\\/motogp\\\/sexta-posicion-enea-bastianini-caida-aron-canet\\\/#primaryimage\"},\"thumbnailUrl\":\"https:\\\/\\\/www.boxrepsol.com\\\/wp-content\\\/uploads\\\/2022\\\/08\\\/Bastianini-en-el-GP-de-Alemania-20171.jpg\",\"datePublished\":\"2017-07-02T02:00:00+00:00\",\"dateModified\":\"2024-05-15T10:12:24+00:00\",\"description\":\"El Mundial de Moto3 alcanza su ecuador con Canet en tercera posici\u00f3n y Bastianini en la novena plaza de la general.\",\"breadcrumb\":{\"@id\":\"https:\\\/\\\/www.boxrepsol.com\\\/es\\\/motogp\\\/sexta-posicion-enea-bastianini-caida-aron-canet\\\/#breadcrumb\"},\"inLanguage\":\"es\",\"potentialAction\":[{\"@type\":\"ReadAction\",\"target\":[\"https:\\\/\\\/www.boxrepsol.com\\\/es\\\/motogp\\\/sexta-posicion-enea-bastianini-caida-aron-canet\\\/\"]}]},{\"@type\":\"ImageObject\",\"inLanguage\":\"es\",\"@id\":\"https:\\\/\\\/www.boxrepsol.com\\\/es\\\/motogp\\\/sexta-posicion-enea-bastianini-caida-aron-canet\\\/#primaryimage\",\"url\":\"https:\\\/\\\/www.boxrepsol.com\\\/wp-content\\\/uploads\\\/2022\\\/08\\\/Bastianini-en-el-GP-de-Alemania-20171.jpg\",\"contentUrl\":\"https:\\\/\\\/www.boxrepsol.com\\\/wp-content\\\/uploads\\\/2022\\\/08\\\/Bastianini-en-el-GP-de-Alemania-20171.jpg\",\"width\":995,\"height\":560,\"caption\":\"GP de Alemania, Moto3, Ar\u00f3n Canet, Enea Bastianini, 2017, Motociclismo, Sachsenring\"},{\"@type\":\"BreadcrumbList\",\"@id\":\"https:\\\/\\\/www.boxrepsol.com\\\/es\\\/motogp\\\/sexta-posicion-enea-bastianini-caida-aron-canet\\\/#breadcrumb\",\"itemListElement\":[{\"@type\":\"ListItem\",\"position\":1,\"name\":\"Home\",\"item\":\"https:\\\/\\\/www.boxrepsol.com\\\/es\\\/\"},{\"@type\":\"ListItem\",\"position\":2,\"name\":\"Sexta posici\u00f3n de Enea Bastianini y ca\u00edda de Ar\u00f3n Canet\"}]},{\"@type\":\"WebSite\",\"@id\":\"https:\\\/\\\/www.boxrepsol.com\\\/es\\\/#website\",\"url\":\"https:\\\/\\\/www.boxrepsol.com\\\/es\\\/\",\"name\":\"Box Repsol\",\"description\":\"Box Repsol Site\",\"publisher\":{\"@id\":\"https:\\\/\\\/www.boxrepsol.com\\\/es\\\/#organization\"},\"potentialAction\":[{\"@type\":\"SearchAction\",\"target\":{\"@type\":\"EntryPoint\",\"urlTemplate\":\"https:\\\/\\\/www.boxrepsol.com\\\/es\\\/?s={search_term_string}\"},\"query-input\":{\"@type\":\"PropertyValueSpecification\",\"valueRequired\":true,\"valueName\":\"search_term_string\"}}],\"inLanguage\":\"es\"},{\"@type\":\"Organization\",\"@id\":\"https:\\\/\\\/www.boxrepsol.com\\\/es\\\/#organization\",\"name\":\"Box Repsol\",\"url\":\"https:\\\/\\\/www.boxrepsol.com\\\/es\\\/\",\"logo\":{\"@type\":\"ImageObject\",\"inLanguage\":\"es\",\"@id\":\"https:\\\/\\\/www.boxrepsol.com\\\/es\\\/#\\\/schema\\\/logo\\\/image\\\/\",\"url\":\"https:\\\/\\\/bxrepsol.s3.eu-west-1.amazonaws.com\\\/static\\\/2025\\\/07\\\/30083337\\\/favicon-96x96-1.png\",\"contentUrl\":\"https:\\\/\\\/bxrepsol.s3.eu-west-1.amazonaws.com\\\/static\\\/2025\\\/07\\\/30083337\\\/favicon-96x96-1.png\",\"width\":96,\"height\":96,\"caption\":\"Box Repsol\"},\"image\":{\"@id\":\"https:\\\/\\\/www.boxrepsol.com\\\/es\\\/#\\\/schema\\\/logo\\\/image\\\/\"},\"sameAs\":[\"https:\\\/\\\/www.facebook.com\\\/BoxRepsol\",\"https:\\\/\\\/x.com\\\/box_repsol\",\"http:\\\/\\\/instagram.com\\\/box_repsol\",\"https:\\\/\\\/www.youtube.com\\\/user\\\/RepsolCompeticion\",\"https:\\\/\\\/www.flickr.com\\\/photos\\\/box_repsol\\\/\"]},{\"@type\":\"Person\",\"@id\":\"https:\\\/\\\/www.boxrepsol.com\\\/es\\\/#\\\/schema\\\/person\\\/c5c2138f2cca251b0ad92b7086bb60b7\",\"name\":\"Redacci\u00f3n Box Repsol\",\"image\":{\"@type\":\"ImageObject\",\"inLanguage\":\"es\",\"@id\":\"https:\\\/\\\/secure.gravatar.com\\\/avatar\\\/adf7b77e38b4419baf32c7e9c21dde01f4e40df611f0978e3006fc4ba0aaab7e?s=96&d=mm&r=g\",\"url\":\"https:\\\/\\\/secure.gravatar.com\\\/avatar\\\/adf7b77e38b4419baf32c7e9c21dde01f4e40df611f0978e3006fc4ba0aaab7e?s=96&d=mm&r=g\",\"contentUrl\":\"https:\\\/\\\/secure.gravatar.com\\\/avatar\\\/adf7b77e38b4419baf32c7e9c21dde01f4e40df611f0978e3006fc4ba0aaab7e?s=96&d=mm&r=g\",\"caption\":\"Redacci\u00f3n Box Repsol\"},\"description\":\"Box Repsol lo forma un equipo de periodistas, community managers, dise\u00f1adores y fot\u00f3grafos con m\u00e1s de 20 a\u00f1os de experiencia en el mundo del motorsport. Hemos vivido el primer mundial de un espa\u00f1ol en la categor\u00eda reina de motociclismo con \u00c1lex Crivill\u00e9, estuvimos en las victorias de Pedrosa y los t\u00edtulos de M\u00e1rquez, acompa\u00f1amos en \u00c1frica a Nani Roma y Marc Coma en sus conquistas del Dakar y hemos vibrado con los t\u00edtulos de Toni Bou en Trial. Adem\u00e1s, en nuestro equipo contamos con expertos en el mundo de las dos y cuatro ruedas tanto de la calle y las carreteras, como de los circuitos. Periodistas que han trabajado en revistas y publicaciones para hacerte llegar desde rutas y consejos de mantenimiento, a curiosidades y trucos de pilotaje.\",\"sameAs\":[\"https:\\\/\\\/www.facebook.com\\\/BoxRepsol\\\/\",\"https:\\\/\\\/www.instagram.com\\\/box_repsol\\\/\",\"https:\\\/\\\/x.com\\\/https:\\\/\\\/twitter.com\\\/box_repsol\",\"https:\\\/\\\/www.youtube.com\\\/@Boxrepsol\"],\"url\":\"https:\\\/\\\/www.boxrepsol.com\\\/es\\\/author\\\/redaccion-box-repsol\\\/\"}]}<\/script>\n<!-- \/ Yoast SEO plugin. -->","yoast_head_json":{"title":"Sexta posici\u00f3n de Enea Bastianini y ca\u00edda de Ar\u00f3n Canet - Box Repsol","description":"El Mundial de Moto3 alcanza su ecuador con Canet en tercera posici\u00f3n y Bastianini en la novena plaza de la general.","canonical":"https:\/\/www.boxrepsol.com\/es\/motogp\/sexta-posicion-enea-bastianini-caida-aron-canet\/","og_locale":"es_ES","og_type":"article","og_title":"Sexta posici\u00f3n de Enea Bastianini y ca\u00edda de Ar\u00f3n Canet - Box Repsol","og_description":"El Mundial de Moto3 alcanza su ecuador con Canet en tercera posici\u00f3n y Bastianini en la novena plaza de la general.","og_url":"https:\/\/www.boxrepsol.com\/es\/motogp\/sexta-posicion-enea-bastianini-caida-aron-canet\/","og_site_name":"Box Repsol","article_publisher":"https:\/\/www.facebook.com\/BoxRepsol","article_author":"https:\/\/www.facebook.com\/BoxRepsol\/","article_published_time":"2017-07-02T02:00:00+00:00","article_modified_time":"2024-05-15T10:12:24+00:00","og_image":[{"width":995,"height":560,"url":"https:\/\/www.boxrepsol.com\/wp-content\/uploads\/2022\/08\/Bastianini-en-el-GP-de-Alemania-20171.jpg","type":"image\/jpeg"}],"author":"Redacci\u00f3n Box Repsol","twitter_card":"summary_large_image","twitter_creator":"@https:\/\/twitter.com\/box_repsol","twitter_site":"@box_repsol","twitter_misc":{"Written by":"Redacci\u00f3n Box Repsol","Est. reading time":"2 minutos"},"schema":{"@context":"https:\/\/schema.org","@graph":[{"@type":"Article","@id":"https:\/\/www.boxrepsol.com\/es\/motogp\/sexta-posicion-enea-bastianini-caida-aron-canet\/#article","isPartOf":{"@id":"https:\/\/www.boxrepsol.com\/es\/motogp\/sexta-posicion-enea-bastianini-caida-aron-canet\/"},"author":{"name":"Redacci\u00f3n Box Repsol","@id":"https:\/\/www.boxrepsol.com\/es\/#\/schema\/person\/c5c2138f2cca251b0ad92b7086bb60b7"},"headline":"Sexta posici\u00f3n de Enea Bastianini y ca\u00edda de Ar\u00f3n Canet","datePublished":"2017-07-02T02:00:00+00:00","dateModified":"2024-05-15T10:12:24+00:00","mainEntityOfPage":{"@id":"https:\/\/www.boxrepsol.com\/es\/motogp\/sexta-posicion-enea-bastianini-caida-aron-canet\/"},"wordCount":339,"commentCount":0,"publisher":{"@id":"https:\/\/www.boxrepsol.com\/es\/#organization"},"image":{"@id":"https:\/\/www.boxrepsol.com\/es\/motogp\/sexta-posicion-enea-bastianini-caida-aron-canet\/#primaryimage"},"thumbnailUrl":"https:\/\/www.boxrepsol.com\/wp-content\/uploads\/2022\/08\/Bastianini-en-el-GP-de-Alemania-20171.jpg","keywords":["Moto3"],"articleSection":["MotoGP"],"inLanguage":"es","potentialAction":[{"@type":"CommentAction","name":"Comment","target":["https:\/\/www.boxrepsol.com\/es\/motogp\/sexta-posicion-enea-bastianini-caida-aron-canet\/#respond"]}]},{"@type":"WebPage","@id":"https:\/\/www.boxrepsol.com\/es\/motogp\/sexta-posicion-enea-bastianini-caida-aron-canet\/","url":"https:\/\/www.boxrepsol.com\/es\/motogp\/sexta-posicion-enea-bastianini-caida-aron-canet\/","name":"Sexta posici\u00f3n de Enea Bastianini y ca\u00edda de Ar\u00f3n Canet - Box Repsol","isPartOf":{"@id":"https:\/\/www.boxrepsol.com\/es\/#website"},"primaryImageOfPage":{"@id":"https:\/\/www.boxrepsol.com\/es\/motogp\/sexta-posicion-enea-bastianini-caida-aron-canet\/#primaryimage"},"image":{"@id":"https:\/\/www.boxrepsol.com\/es\/motogp\/sexta-posicion-enea-bastianini-caida-aron-canet\/#primaryimage"},"thumbnailUrl":"https:\/\/www.boxrepsol.com\/wp-content\/uploads\/2022\/08\/Bastianini-en-el-GP-de-Alemania-20171.jpg","datePublished":"2017-07-02T02:00:00+00:00","dateModified":"2024-05-15T10:12:24+00:00","description":"El Mundial de Moto3 alcanza su ecuador con Canet en tercera posici\u00f3n y Bastianini en la novena plaza de la general.","breadcrumb":{"@id":"https:\/\/www.boxrepsol.com\/es\/motogp\/sexta-posicion-enea-bastianini-caida-aron-canet\/#breadcrumb"},"inLanguage":"es","potentialAction":[{"@type":"ReadAction","target":["https:\/\/www.boxrepsol.com\/es\/motogp\/sexta-posicion-enea-bastianini-caida-aron-canet\/"]}]},{"@type":"ImageObject","inLanguage":"es","@id":"https:\/\/www.boxrepsol.com\/es\/motogp\/sexta-posicion-enea-bastianini-caida-aron-canet\/#primaryimage","url":"https:\/\/www.boxrepsol.com\/wp-content\/uploads\/2022\/08\/Bastianini-en-el-GP-de-Alemania-20171.jpg","contentUrl":"https:\/\/www.boxrepsol.com\/wp-content\/uploads\/2022\/08\/Bastianini-en-el-GP-de-Alemania-20171.jpg","width":995,"height":560,"caption":"GP de Alemania, Moto3, Ar\u00f3n Canet, Enea Bastianini, 2017, Motociclismo, Sachsenring"},{"@type":"BreadcrumbList","@id":"https:\/\/www.boxrepsol.com\/es\/motogp\/sexta-posicion-enea-bastianini-caida-aron-canet\/#breadcrumb","itemListElement":[{"@type":"ListItem","position":1,"name":"Home","item":"https:\/\/www.boxrepsol.com\/es\/"},{"@type":"ListItem","position":2,"name":"Sexta posici\u00f3n de Enea Bastianini y ca\u00edda de Ar\u00f3n Canet"}]},{"@type":"WebSite","@id":"https:\/\/www.boxrepsol.com\/es\/#website","url":"https:\/\/www.boxrepsol.com\/es\/","name":"Box Repsol","description":"Box Repsol Site","publisher":{"@id":"https:\/\/www.boxrepsol.com\/es\/#organization"},"potentialAction":[{"@type":"SearchAction","target":{"@type":"EntryPoint","urlTemplate":"https:\/\/www.boxrepsol.com\/es\/?s={search_term_string}"},"query-input":{"@type":"PropertyValueSpecification","valueRequired":true,"valueName":"search_term_string"}}],"inLanguage":"es"},{"@type":"Organization","@id":"https:\/\/www.boxrepsol.com\/es\/#organization","name":"Box Repsol","url":"https:\/\/www.boxrepsol.com\/es\/","logo":{"@type":"ImageObject","inLanguage":"es","@id":"https:\/\/www.boxrepsol.com\/es\/#\/schema\/logo\/image\/","url":"https:\/\/bxrepsol.s3.eu-west-1.amazonaws.com\/static\/2025\/07\/30083337\/favicon-96x96-1.png","contentUrl":"https:\/\/bxrepsol.s3.eu-west-1.amazonaws.com\/static\/2025\/07\/30083337\/favicon-96x96-1.png","width":96,"height":96,"caption":"Box Repsol"},"image":{"@id":"https:\/\/www.boxrepsol.com\/es\/#\/schema\/logo\/image\/"},"sameAs":["https:\/\/www.facebook.com\/BoxRepsol","https:\/\/x.com\/box_repsol","http:\/\/instagram.com\/box_repsol","https:\/\/www.youtube.com\/user\/RepsolCompeticion","https:\/\/www.flickr.com\/photos\/box_repsol\/"]},{"@type":"Person","@id":"https:\/\/www.boxrepsol.com\/es\/#\/schema\/person\/c5c2138f2cca251b0ad92b7086bb60b7","name":"Redacci\u00f3n Box Repsol","image":{"@type":"ImageObject","inLanguage":"es","@id":"https:\/\/secure.gravatar.com\/avatar\/adf7b77e38b4419baf32c7e9c21dde01f4e40df611f0978e3006fc4ba0aaab7e?s=96&d=mm&r=g","url":"https:\/\/secure.gravatar.com\/avatar\/adf7b77e38b4419baf32c7e9c21dde01f4e40df611f0978e3006fc4ba0aaab7e?s=96&d=mm&r=g","contentUrl":"https:\/\/secure.gravatar.com\/avatar\/adf7b77e38b4419baf32c7e9c21dde01f4e40df611f0978e3006fc4ba0aaab7e?s=96&d=mm&r=g","caption":"Redacci\u00f3n Box Repsol"},"description":"Box Repsol lo forma un equipo de periodistas, community managers, dise\u00f1adores y fot\u00f3grafos con m\u00e1s de 20 a\u00f1os de experiencia en el mundo del motorsport. Hemos vivido el primer mundial de un espa\u00f1ol en la categor\u00eda reina de motociclismo con \u00c1lex Crivill\u00e9, estuvimos en las victorias de Pedrosa y los t\u00edtulos de M\u00e1rquez, acompa\u00f1amos en \u00c1frica a Nani Roma y Marc Coma en sus conquistas del Dakar y hemos vibrado con los t\u00edtulos de Toni Bou en Trial. Adem\u00e1s, en nuestro equipo contamos con expertos en el mundo de las dos y cuatro ruedas tanto de la calle y las carreteras, como de los circuitos. Periodistas que han trabajado en revistas y publicaciones para hacerte llegar desde rutas y consejos de mantenimiento, a curiosidades y trucos de pilotaje.","sameAs":["https:\/\/www.facebook.com\/BoxRepsol\/","https:\/\/www.instagram.com\/box_repsol\/","https:\/\/x.com\/https:\/\/twitter.com\/box_repsol","https:\/\/www.youtube.com\/@Boxrepsol"],"url":"https:\/\/www.boxrepsol.com\/es\/author\/redaccion-box-repsol\/"}]}},"_links":{"self":[{"href":"https:\/\/www.boxrepsol.com\/es\/wp-json\/wp\/v2\/posts\/90615","targetHints":{"allow":["GET"]}}],"collection":[{"href":"https:\/\/www.boxrepsol.com\/es\/wp-json\/wp\/v2\/posts"}],"about":[{"href":"https:\/\/www.boxrepsol.com\/es\/wp-json\/wp\/v2\/types\/post"}],"author":[{"embeddable":true,"href":"https:\/\/www.boxrepsol.com\/es\/wp-json\/wp\/v2\/users\/43146"}],"replies":[{"embeddable":true,"href":"https:\/\/www.boxrepsol.com\/es\/wp-json\/wp\/v2\/comments?post=90615"}],"version-history":[{"count":1,"href":"https:\/\/www.boxrepsol.com\/es\/wp-json\/wp\/v2\/posts\/90615\/revisions"}],"predecessor-version":[{"id":116242,"href":"https:\/\/www.boxrepsol.com\/es\/wp-json\/wp\/v2\/posts\/90615\/revisions\/116242"}],"wp:featuredmedia":[{"embeddable":true,"href":"https:\/\/www.boxrepsol.com\/es\/wp-json\/wp\/v2\/media\/86671"}],"wp:attachment":[{"href":"https:\/\/www.boxrepsol.com\/es\/wp-json\/wp\/v2\/media?parent=90615"}],"wp:term":[{"taxonomy":"category","embeddable":true,"href":"https:\/\/www.boxrepsol.com\/es\/wp-json\/wp\/v2\/categories?post=90615"},{"taxonomy":"post_tag","embeddable":true,"href":"https:\/\/www.boxrepsol.com\/es\/wp-json\/wp\/v2\/tags?post=90615"}],"curies":[{"name":"wp","href":"https:\/\/api.w.org\/{rel}","templated":true}]}}