{"id":90613,"date":"2017-06-30T00:00:00","date_gmt":"2017-06-30T02:00:00","guid":{"rendered":"http:\/\/pre.boxrepsol.com\/sin-categorizar\/pedrosa-marquez-prueban-seco-mojado-nuevo-asfalto-sachsenring\/"},"modified":"2024-05-15T08:13:03","modified_gmt":"2024-05-15T10:13:03","slug":"pedrosa-marquez-prueban-seco-mojado-nuevo-asfalto-sachsenring","status":"publish","type":"post","link":"https:\/\/www.boxrepsol.com\/es\/motogp\/pedrosa-marquez-prueban-seco-mojado-nuevo-asfalto-sachsenring\/","title":{"rendered":"Pedrosa y M\u00e1rquez prueban en seco y en mojado el nuevo asfalto de Sachsenring"},"content":{"rendered":"<blockquote><p>Me he sentido muy fuerte<\/p>\n<p><a href=\"http:\/\/twitter.com\/share?text=Me+he+sentido+muy+fuerte&amp;url=https%3A%2F%2Fwww.boxrepsol.com%2Fes%2F%3Fp%3D8813%2F&amp;hashtags=\" target=\"_blank\" rel=\"noopener noreferrer\"><br \/>\ntwittear <\/a><\/p>\n<footer>Marc M\u00e1rquez<\/footer>\n<\/blockquote>\n<p>En el estreno del nuevo asfalto del circuito de Sachsenring, <strong>los pilotos del equipo Repsol Honda han rodado dos segundos m\u00e1s r\u00e1pido<\/strong> que hace un a\u00f1o, casi en los tiempos de la Q2 de 2016.<\/p>\n<p>Un breve e intenso chubasco ha encharcado la pista justo antes del FP2 y de nuevo a media sesi\u00f3n, por lo que los pilotos han rodado toda la sesi\u00f3n con neum\u00e1ticos de lluvia.<\/p>\n<p>Con el asfalto completamente mojado, <strong>Marc M\u00e1rquez<\/strong> ha marcado el segundo mejor tiempo, seguido de su compa\u00f1ero <strong>Dani Pedrosa<\/strong>, tercero.<\/p>\n<h3>Marc M\u00e1rquez<\/h3>\n<blockquote><p>Hoy ha sido un d\u00eda muy positivo. Me he sentido bien y fuerte, esta ma\u00f1ana pilotando en seco y por la tarde, en mojado. Es importante, porque aqu\u00ed nunca sabes qu\u00e9 condiciones tendr\u00e1s. Ahora parece que ma\u00f1ana y el domingo ser\u00e1n en seco, pero no podemos estar seguros. Hemos empezado con una buena base en la puesta a punto y me he sentido c\u00f3modo. Ahora tenemos que centrarnos en seguir mejorando cuando las condiciones de la pista lo hagan. Creo que el nuevo asfalto mejorar\u00e1 paso a paso y esto podr\u00eda cambiarlo todo. En mojado, el agarre ha sido incre\u00edble y pod\u00edamos rodar unos cuatro segundos m\u00e1s r\u00e1pido que el a\u00f1o pasado. En seco, creo que hay potencial, pero siendo un asfalto tan nuevo, resbalaba un poco. De todos modos, veremos ma\u00f1ana qu\u00e9 tiempo hace, aunque sabemos que ya estamos suficientemente bien en todas las condiciones<\/p><\/blockquote>\n<h3>Dani Pedrosa<\/h3>\n<blockquote><p>Hemos tenido un inicio de fin de semana positivo. Hemos podido pilotar en seco y en mojado y hemos sido capaces de rodar bastante bien en ambas condiciones. Estoy contento por ello, pero todav\u00eda tenemos trabajo por hacer con la puesta a punto de la moto y con los neum\u00e1ticos, para entender cu\u00e1l ser\u00e1 el mejor para el domingo. Esper\u00e1bamos que esta tarde no lloviera, pero no ha sido as\u00ed y no hemos podido continuar con nuestro trabajo. Esperemos que ma\u00f1ana tengamos m\u00e1s suerte con el tiempo. De todas maneras, al menos hemos tenido la oportunidad de dar bastantes vueltas en condiciones de lluvia y las sensaciones han sido buenas, ya que el nuevo asfalto ten\u00eda mucho agarre<\/p><\/blockquote>\n","protected":false},"excerpt":{"rendered":"<p>Los pilotos del Repsol Honda completan la primera jornada con Pedrosa y M\u00e1rquez en tercera y sexta posici\u00f3n, respectivamente.<\/p>\n","protected":false},"author":43146,"featured_media":86667,"comment_status":"open","ping_status":"open","sticky":false,"template":"","format":"standard","meta":{"footnotes":""},"categories":[4],"tags":[152],"class_list":["post-90613","post","type-post","status-publish","format-standard","hentry","category-motogp","tag-motogp-alemania"],"yoast_head":"<!-- This site is optimized with the Yoast SEO plugin v27.3 - https:\/\/yoast.com\/product\/yoast-seo-wordpress\/ -->\n<title>Pedrosa y M\u00e1rquez prueban en seco y en mojado el nuevo asfalto de Sachsenring - Box Repsol<\/title>\n<meta name=\"description\" content=\"Los pilotos del Repsol Honda completan la primera jornada con Pedrosa y M\u00e1rquez en tercera y sexta posici\u00f3n, respectivamente.\" \/>\n<link rel=\"canonical\" href=\"https:\/\/www.boxrepsol.com\/es\/motogp\/pedrosa-marquez-prueban-seco-mojado-nuevo-asfalto-sachsenring\/\" \/>\n<meta property=\"og:locale\" content=\"es_ES\" \/>\n<meta property=\"og:type\" content=\"article\" \/>\n<meta property=\"og:title\" content=\"Pedrosa y M\u00e1rquez prueban en seco y en mojado el nuevo asfalto de Sachsenring - Box Repsol\" \/>\n<meta property=\"og:description\" content=\"Los pilotos del Repsol Honda completan la primera jornada con Pedrosa y M\u00e1rquez en tercera y sexta posici\u00f3n, respectivamente.\" \/>\n<meta property=\"og:url\" content=\"https:\/\/www.boxrepsol.com\/es\/motogp\/pedrosa-marquez-prueban-seco-mojado-nuevo-asfalto-sachsenring\/\" \/>\n<meta property=\"og:site_name\" content=\"Box Repsol\" \/>\n<meta property=\"article:publisher\" content=\"https:\/\/www.facebook.com\/BoxRepsol\" \/>\n<meta property=\"article:author\" content=\"https:\/\/www.facebook.com\/BoxRepsol\/\" \/>\n<meta property=\"article:published_time\" content=\"2017-06-30T02:00:00+00:00\" \/>\n<meta property=\"article:modified_time\" content=\"2024-05-15T10:13:03+00:00\" \/>\n<meta property=\"og:image\" content=\"https:\/\/www.boxrepsol.com\/wp-content\/uploads\/2022\/08\/Dani-Pedrosa-en-Sachsenring-2017.jpg\" \/>\n\t<meta property=\"og:image:width\" content=\"995\" \/>\n\t<meta property=\"og:image:height\" content=\"560\" \/>\n\t<meta property=\"og:image:type\" content=\"image\/jpeg\" \/>\n<meta name=\"author\" content=\"Redacci\u00f3n Box Repsol\" \/>\n<meta name=\"twitter:card\" content=\"summary_large_image\" \/>\n<meta name=\"twitter:creator\" content=\"@https:\/\/twitter.com\/box_repsol\" \/>\n<meta name=\"twitter:site\" content=\"@box_repsol\" \/>\n<meta name=\"twitter:label1\" content=\"Written by\" \/>\n\t<meta name=\"twitter:data1\" content=\"Redacci\u00f3n Box Repsol\" \/>\n\t<meta name=\"twitter:label2\" content=\"Est. reading time\" \/>\n\t<meta name=\"twitter:data2\" content=\"2 minutos\" \/>\n<script type=\"application\/ld+json\" class=\"yoast-schema-graph\">{\"@context\":\"https:\\\/\\\/schema.org\",\"@graph\":[{\"@type\":\"Article\",\"@id\":\"https:\\\/\\\/www.boxrepsol.com\\\/es\\\/motogp\\\/pedrosa-marquez-prueban-seco-mojado-nuevo-asfalto-sachsenring\\\/#article\",\"isPartOf\":{\"@id\":\"https:\\\/\\\/www.boxrepsol.com\\\/es\\\/motogp\\\/pedrosa-marquez-prueban-seco-mojado-nuevo-asfalto-sachsenring\\\/\"},\"author\":{\"name\":\"Redacci\u00f3n Box Repsol\",\"@id\":\"https:\\\/\\\/www.boxrepsol.com\\\/es\\\/#\\\/schema\\\/person\\\/c5c2138f2cca251b0ad92b7086bb60b7\"},\"headline\":\"Pedrosa y M\u00e1rquez prueban en seco y en mojado el nuevo asfalto de Sachsenring\",\"datePublished\":\"2017-06-30T02:00:00+00:00\",\"dateModified\":\"2024-05-15T10:13:03+00:00\",\"mainEntityOfPage\":{\"@id\":\"https:\\\/\\\/www.boxrepsol.com\\\/es\\\/motogp\\\/pedrosa-marquez-prueban-seco-mojado-nuevo-asfalto-sachsenring\\\/\"},\"wordCount\":408,\"commentCount\":0,\"publisher\":{\"@id\":\"https:\\\/\\\/www.boxrepsol.com\\\/es\\\/#organization\"},\"image\":{\"@id\":\"https:\\\/\\\/www.boxrepsol.com\\\/es\\\/motogp\\\/pedrosa-marquez-prueban-seco-mojado-nuevo-asfalto-sachsenring\\\/#primaryimage\"},\"thumbnailUrl\":\"https:\\\/\\\/www.boxrepsol.com\\\/wp-content\\\/uploads\\\/2022\\\/08\\\/Dani-Pedrosa-en-Sachsenring-2017.jpg\",\"keywords\":[\"MotoGP Alemania\"],\"articleSection\":[\"MotoGP\"],\"inLanguage\":\"es\",\"potentialAction\":[{\"@type\":\"CommentAction\",\"name\":\"Comment\",\"target\":[\"https:\\\/\\\/www.boxrepsol.com\\\/es\\\/motogp\\\/pedrosa-marquez-prueban-seco-mojado-nuevo-asfalto-sachsenring\\\/#respond\"]}]},{\"@type\":\"WebPage\",\"@id\":\"https:\\\/\\\/www.boxrepsol.com\\\/es\\\/motogp\\\/pedrosa-marquez-prueban-seco-mojado-nuevo-asfalto-sachsenring\\\/\",\"url\":\"https:\\\/\\\/www.boxrepsol.com\\\/es\\\/motogp\\\/pedrosa-marquez-prueban-seco-mojado-nuevo-asfalto-sachsenring\\\/\",\"name\":\"Pedrosa y M\u00e1rquez prueban en seco y en mojado el nuevo asfalto de Sachsenring - Box Repsol\",\"isPartOf\":{\"@id\":\"https:\\\/\\\/www.boxrepsol.com\\\/es\\\/#website\"},\"primaryImageOfPage\":{\"@id\":\"https:\\\/\\\/www.boxrepsol.com\\\/es\\\/motogp\\\/pedrosa-marquez-prueban-seco-mojado-nuevo-asfalto-sachsenring\\\/#primaryimage\"},\"image\":{\"@id\":\"https:\\\/\\\/www.boxrepsol.com\\\/es\\\/motogp\\\/pedrosa-marquez-prueban-seco-mojado-nuevo-asfalto-sachsenring\\\/#primaryimage\"},\"thumbnailUrl\":\"https:\\\/\\\/www.boxrepsol.com\\\/wp-content\\\/uploads\\\/2022\\\/08\\\/Dani-Pedrosa-en-Sachsenring-2017.jpg\",\"datePublished\":\"2017-06-30T02:00:00+00:00\",\"dateModified\":\"2024-05-15T10:13:03+00:00\",\"description\":\"Los pilotos del Repsol Honda completan la primera jornada con Pedrosa y M\u00e1rquez en tercera y sexta posici\u00f3n, respectivamente.\",\"breadcrumb\":{\"@id\":\"https:\\\/\\\/www.boxrepsol.com\\\/es\\\/motogp\\\/pedrosa-marquez-prueban-seco-mojado-nuevo-asfalto-sachsenring\\\/#breadcrumb\"},\"inLanguage\":\"es\",\"potentialAction\":[{\"@type\":\"ReadAction\",\"target\":[\"https:\\\/\\\/www.boxrepsol.com\\\/es\\\/motogp\\\/pedrosa-marquez-prueban-seco-mojado-nuevo-asfalto-sachsenring\\\/\"]}]},{\"@type\":\"ImageObject\",\"inLanguage\":\"es\",\"@id\":\"https:\\\/\\\/www.boxrepsol.com\\\/es\\\/motogp\\\/pedrosa-marquez-prueban-seco-mojado-nuevo-asfalto-sachsenring\\\/#primaryimage\",\"url\":\"https:\\\/\\\/www.boxrepsol.com\\\/wp-content\\\/uploads\\\/2022\\\/08\\\/Dani-Pedrosa-en-Sachsenring-2017.jpg\",\"contentUrl\":\"https:\\\/\\\/www.boxrepsol.com\\\/wp-content\\\/uploads\\\/2022\\\/08\\\/Dani-Pedrosa-en-Sachsenring-2017.jpg\",\"width\":995,\"height\":560,\"caption\":\"Dani Pedrosa, Marc M\u00e1rquez, MotoGP, Sachsenring, GP de Alemania, 2017, Motociclismo\"},{\"@type\":\"BreadcrumbList\",\"@id\":\"https:\\\/\\\/www.boxrepsol.com\\\/es\\\/motogp\\\/pedrosa-marquez-prueban-seco-mojado-nuevo-asfalto-sachsenring\\\/#breadcrumb\",\"itemListElement\":[{\"@type\":\"ListItem\",\"position\":1,\"name\":\"Home\",\"item\":\"https:\\\/\\\/www.boxrepsol.com\\\/es\\\/\"},{\"@type\":\"ListItem\",\"position\":2,\"name\":\"Pedrosa y M\u00e1rquez prueban en seco y en mojado el nuevo asfalto de Sachsenring\"}]},{\"@type\":\"WebSite\",\"@id\":\"https:\\\/\\\/www.boxrepsol.com\\\/es\\\/#website\",\"url\":\"https:\\\/\\\/www.boxrepsol.com\\\/es\\\/\",\"name\":\"Box Repsol\",\"description\":\"Box Repsol Site\",\"publisher\":{\"@id\":\"https:\\\/\\\/www.boxrepsol.com\\\/es\\\/#organization\"},\"potentialAction\":[{\"@type\":\"SearchAction\",\"target\":{\"@type\":\"EntryPoint\",\"urlTemplate\":\"https:\\\/\\\/www.boxrepsol.com\\\/es\\\/?s={search_term_string}\"},\"query-input\":{\"@type\":\"PropertyValueSpecification\",\"valueRequired\":true,\"valueName\":\"search_term_string\"}}],\"inLanguage\":\"es\"},{\"@type\":\"Organization\",\"@id\":\"https:\\\/\\\/www.boxrepsol.com\\\/es\\\/#organization\",\"name\":\"Box Repsol\",\"url\":\"https:\\\/\\\/www.boxrepsol.com\\\/es\\\/\",\"logo\":{\"@type\":\"ImageObject\",\"inLanguage\":\"es\",\"@id\":\"https:\\\/\\\/www.boxrepsol.com\\\/es\\\/#\\\/schema\\\/logo\\\/image\\\/\",\"url\":\"https:\\\/\\\/bxrepsol.s3.eu-west-1.amazonaws.com\\\/static\\\/2025\\\/07\\\/30083337\\\/favicon-96x96-1.png\",\"contentUrl\":\"https:\\\/\\\/bxrepsol.s3.eu-west-1.amazonaws.com\\\/static\\\/2025\\\/07\\\/30083337\\\/favicon-96x96-1.png\",\"width\":96,\"height\":96,\"caption\":\"Box Repsol\"},\"image\":{\"@id\":\"https:\\\/\\\/www.boxrepsol.com\\\/es\\\/#\\\/schema\\\/logo\\\/image\\\/\"},\"sameAs\":[\"https:\\\/\\\/www.facebook.com\\\/BoxRepsol\",\"https:\\\/\\\/x.com\\\/box_repsol\",\"http:\\\/\\\/instagram.com\\\/box_repsol\",\"https:\\\/\\\/www.youtube.com\\\/user\\\/RepsolCompeticion\",\"https:\\\/\\\/www.flickr.com\\\/photos\\\/box_repsol\\\/\"]},{\"@type\":\"Person\",\"@id\":\"https:\\\/\\\/www.boxrepsol.com\\\/es\\\/#\\\/schema\\\/person\\\/c5c2138f2cca251b0ad92b7086bb60b7\",\"name\":\"Redacci\u00f3n Box Repsol\",\"image\":{\"@type\":\"ImageObject\",\"inLanguage\":\"es\",\"@id\":\"https:\\\/\\\/secure.gravatar.com\\\/avatar\\\/adf7b77e38b4419baf32c7e9c21dde01f4e40df611f0978e3006fc4ba0aaab7e?s=96&d=mm&r=g\",\"url\":\"https:\\\/\\\/secure.gravatar.com\\\/avatar\\\/adf7b77e38b4419baf32c7e9c21dde01f4e40df611f0978e3006fc4ba0aaab7e?s=96&d=mm&r=g\",\"contentUrl\":\"https:\\\/\\\/secure.gravatar.com\\\/avatar\\\/adf7b77e38b4419baf32c7e9c21dde01f4e40df611f0978e3006fc4ba0aaab7e?s=96&d=mm&r=g\",\"caption\":\"Redacci\u00f3n Box Repsol\"},\"description\":\"Box Repsol lo forma un equipo de periodistas, community managers, dise\u00f1adores y fot\u00f3grafos con m\u00e1s de 20 a\u00f1os de experiencia en el mundo del motorsport. Hemos vivido el primer mundial de un espa\u00f1ol en la categor\u00eda reina de motociclismo con \u00c1lex Crivill\u00e9, estuvimos en las victorias de Pedrosa y los t\u00edtulos de M\u00e1rquez, acompa\u00f1amos en \u00c1frica a Nani Roma y Marc Coma en sus conquistas del Dakar y hemos vibrado con los t\u00edtulos de Toni Bou en Trial. Adem\u00e1s, en nuestro equipo contamos con expertos en el mundo de las dos y cuatro ruedas tanto de la calle y las carreteras, como de los circuitos. Periodistas que han trabajado en revistas y publicaciones para hacerte llegar desde rutas y consejos de mantenimiento, a curiosidades y trucos de pilotaje.\",\"sameAs\":[\"https:\\\/\\\/www.facebook.com\\\/BoxRepsol\\\/\",\"https:\\\/\\\/www.instagram.com\\\/box_repsol\\\/\",\"https:\\\/\\\/x.com\\\/https:\\\/\\\/twitter.com\\\/box_repsol\",\"https:\\\/\\\/www.youtube.com\\\/@Boxrepsol\"],\"url\":\"https:\\\/\\\/www.boxrepsol.com\\\/es\\\/author\\\/redaccion-box-repsol\\\/\"}]}<\/script>\n<!-- \/ Yoast SEO plugin. -->","yoast_head_json":{"title":"Pedrosa y M\u00e1rquez prueban en seco y en mojado el nuevo asfalto de Sachsenring - Box Repsol","description":"Los pilotos del Repsol Honda completan la primera jornada con Pedrosa y M\u00e1rquez en tercera y sexta posici\u00f3n, respectivamente.","canonical":"https:\/\/www.boxrepsol.com\/es\/motogp\/pedrosa-marquez-prueban-seco-mojado-nuevo-asfalto-sachsenring\/","og_locale":"es_ES","og_type":"article","og_title":"Pedrosa y M\u00e1rquez prueban en seco y en mojado el nuevo asfalto de Sachsenring - Box Repsol","og_description":"Los pilotos del Repsol Honda completan la primera jornada con Pedrosa y M\u00e1rquez en tercera y sexta posici\u00f3n, respectivamente.","og_url":"https:\/\/www.boxrepsol.com\/es\/motogp\/pedrosa-marquez-prueban-seco-mojado-nuevo-asfalto-sachsenring\/","og_site_name":"Box Repsol","article_publisher":"https:\/\/www.facebook.com\/BoxRepsol","article_author":"https:\/\/www.facebook.com\/BoxRepsol\/","article_published_time":"2017-06-30T02:00:00+00:00","article_modified_time":"2024-05-15T10:13:03+00:00","og_image":[{"width":995,"height":560,"url":"https:\/\/www.boxrepsol.com\/wp-content\/uploads\/2022\/08\/Dani-Pedrosa-en-Sachsenring-2017.jpg","type":"image\/jpeg"}],"author":"Redacci\u00f3n Box Repsol","twitter_card":"summary_large_image","twitter_creator":"@https:\/\/twitter.com\/box_repsol","twitter_site":"@box_repsol","twitter_misc":{"Written by":"Redacci\u00f3n Box Repsol","Est. reading time":"2 minutos"},"schema":{"@context":"https:\/\/schema.org","@graph":[{"@type":"Article","@id":"https:\/\/www.boxrepsol.com\/es\/motogp\/pedrosa-marquez-prueban-seco-mojado-nuevo-asfalto-sachsenring\/#article","isPartOf":{"@id":"https:\/\/www.boxrepsol.com\/es\/motogp\/pedrosa-marquez-prueban-seco-mojado-nuevo-asfalto-sachsenring\/"},"author":{"name":"Redacci\u00f3n Box Repsol","@id":"https:\/\/www.boxrepsol.com\/es\/#\/schema\/person\/c5c2138f2cca251b0ad92b7086bb60b7"},"headline":"Pedrosa y M\u00e1rquez prueban en seco y en mojado el nuevo asfalto de Sachsenring","datePublished":"2017-06-30T02:00:00+00:00","dateModified":"2024-05-15T10:13:03+00:00","mainEntityOfPage":{"@id":"https:\/\/www.boxrepsol.com\/es\/motogp\/pedrosa-marquez-prueban-seco-mojado-nuevo-asfalto-sachsenring\/"},"wordCount":408,"commentCount":0,"publisher":{"@id":"https:\/\/www.boxrepsol.com\/es\/#organization"},"image":{"@id":"https:\/\/www.boxrepsol.com\/es\/motogp\/pedrosa-marquez-prueban-seco-mojado-nuevo-asfalto-sachsenring\/#primaryimage"},"thumbnailUrl":"https:\/\/www.boxrepsol.com\/wp-content\/uploads\/2022\/08\/Dani-Pedrosa-en-Sachsenring-2017.jpg","keywords":["MotoGP Alemania"],"articleSection":["MotoGP"],"inLanguage":"es","potentialAction":[{"@type":"CommentAction","name":"Comment","target":["https:\/\/www.boxrepsol.com\/es\/motogp\/pedrosa-marquez-prueban-seco-mojado-nuevo-asfalto-sachsenring\/#respond"]}]},{"@type":"WebPage","@id":"https:\/\/www.boxrepsol.com\/es\/motogp\/pedrosa-marquez-prueban-seco-mojado-nuevo-asfalto-sachsenring\/","url":"https:\/\/www.boxrepsol.com\/es\/motogp\/pedrosa-marquez-prueban-seco-mojado-nuevo-asfalto-sachsenring\/","name":"Pedrosa y M\u00e1rquez prueban en seco y en mojado el nuevo asfalto de Sachsenring - Box Repsol","isPartOf":{"@id":"https:\/\/www.boxrepsol.com\/es\/#website"},"primaryImageOfPage":{"@id":"https:\/\/www.boxrepsol.com\/es\/motogp\/pedrosa-marquez-prueban-seco-mojado-nuevo-asfalto-sachsenring\/#primaryimage"},"image":{"@id":"https:\/\/www.boxrepsol.com\/es\/motogp\/pedrosa-marquez-prueban-seco-mojado-nuevo-asfalto-sachsenring\/#primaryimage"},"thumbnailUrl":"https:\/\/www.boxrepsol.com\/wp-content\/uploads\/2022\/08\/Dani-Pedrosa-en-Sachsenring-2017.jpg","datePublished":"2017-06-30T02:00:00+00:00","dateModified":"2024-05-15T10:13:03+00:00","description":"Los pilotos del Repsol Honda completan la primera jornada con Pedrosa y M\u00e1rquez en tercera y sexta posici\u00f3n, respectivamente.","breadcrumb":{"@id":"https:\/\/www.boxrepsol.com\/es\/motogp\/pedrosa-marquez-prueban-seco-mojado-nuevo-asfalto-sachsenring\/#breadcrumb"},"inLanguage":"es","potentialAction":[{"@type":"ReadAction","target":["https:\/\/www.boxrepsol.com\/es\/motogp\/pedrosa-marquez-prueban-seco-mojado-nuevo-asfalto-sachsenring\/"]}]},{"@type":"ImageObject","inLanguage":"es","@id":"https:\/\/www.boxrepsol.com\/es\/motogp\/pedrosa-marquez-prueban-seco-mojado-nuevo-asfalto-sachsenring\/#primaryimage","url":"https:\/\/www.boxrepsol.com\/wp-content\/uploads\/2022\/08\/Dani-Pedrosa-en-Sachsenring-2017.jpg","contentUrl":"https:\/\/www.boxrepsol.com\/wp-content\/uploads\/2022\/08\/Dani-Pedrosa-en-Sachsenring-2017.jpg","width":995,"height":560,"caption":"Dani Pedrosa, Marc M\u00e1rquez, MotoGP, Sachsenring, GP de Alemania, 2017, Motociclismo"},{"@type":"BreadcrumbList","@id":"https:\/\/www.boxrepsol.com\/es\/motogp\/pedrosa-marquez-prueban-seco-mojado-nuevo-asfalto-sachsenring\/#breadcrumb","itemListElement":[{"@type":"ListItem","position":1,"name":"Home","item":"https:\/\/www.boxrepsol.com\/es\/"},{"@type":"ListItem","position":2,"name":"Pedrosa y M\u00e1rquez prueban en seco y en mojado el nuevo asfalto de Sachsenring"}]},{"@type":"WebSite","@id":"https:\/\/www.boxrepsol.com\/es\/#website","url":"https:\/\/www.boxrepsol.com\/es\/","name":"Box Repsol","description":"Box Repsol Site","publisher":{"@id":"https:\/\/www.boxrepsol.com\/es\/#organization"},"potentialAction":[{"@type":"SearchAction","target":{"@type":"EntryPoint","urlTemplate":"https:\/\/www.boxrepsol.com\/es\/?s={search_term_string}"},"query-input":{"@type":"PropertyValueSpecification","valueRequired":true,"valueName":"search_term_string"}}],"inLanguage":"es"},{"@type":"Organization","@id":"https:\/\/www.boxrepsol.com\/es\/#organization","name":"Box Repsol","url":"https:\/\/www.boxrepsol.com\/es\/","logo":{"@type":"ImageObject","inLanguage":"es","@id":"https:\/\/www.boxrepsol.com\/es\/#\/schema\/logo\/image\/","url":"https:\/\/bxrepsol.s3.eu-west-1.amazonaws.com\/static\/2025\/07\/30083337\/favicon-96x96-1.png","contentUrl":"https:\/\/bxrepsol.s3.eu-west-1.amazonaws.com\/static\/2025\/07\/30083337\/favicon-96x96-1.png","width":96,"height":96,"caption":"Box Repsol"},"image":{"@id":"https:\/\/www.boxrepsol.com\/es\/#\/schema\/logo\/image\/"},"sameAs":["https:\/\/www.facebook.com\/BoxRepsol","https:\/\/x.com\/box_repsol","http:\/\/instagram.com\/box_repsol","https:\/\/www.youtube.com\/user\/RepsolCompeticion","https:\/\/www.flickr.com\/photos\/box_repsol\/"]},{"@type":"Person","@id":"https:\/\/www.boxrepsol.com\/es\/#\/schema\/person\/c5c2138f2cca251b0ad92b7086bb60b7","name":"Redacci\u00f3n Box Repsol","image":{"@type":"ImageObject","inLanguage":"es","@id":"https:\/\/secure.gravatar.com\/avatar\/adf7b77e38b4419baf32c7e9c21dde01f4e40df611f0978e3006fc4ba0aaab7e?s=96&d=mm&r=g","url":"https:\/\/secure.gravatar.com\/avatar\/adf7b77e38b4419baf32c7e9c21dde01f4e40df611f0978e3006fc4ba0aaab7e?s=96&d=mm&r=g","contentUrl":"https:\/\/secure.gravatar.com\/avatar\/adf7b77e38b4419baf32c7e9c21dde01f4e40df611f0978e3006fc4ba0aaab7e?s=96&d=mm&r=g","caption":"Redacci\u00f3n Box Repsol"},"description":"Box Repsol lo forma un equipo de periodistas, community managers, dise\u00f1adores y fot\u00f3grafos con m\u00e1s de 20 a\u00f1os de experiencia en el mundo del motorsport. Hemos vivido el primer mundial de un espa\u00f1ol en la categor\u00eda reina de motociclismo con \u00c1lex Crivill\u00e9, estuvimos en las victorias de Pedrosa y los t\u00edtulos de M\u00e1rquez, acompa\u00f1amos en \u00c1frica a Nani Roma y Marc Coma en sus conquistas del Dakar y hemos vibrado con los t\u00edtulos de Toni Bou en Trial. Adem\u00e1s, en nuestro equipo contamos con expertos en el mundo de las dos y cuatro ruedas tanto de la calle y las carreteras, como de los circuitos. Periodistas que han trabajado en revistas y publicaciones para hacerte llegar desde rutas y consejos de mantenimiento, a curiosidades y trucos de pilotaje.","sameAs":["https:\/\/www.facebook.com\/BoxRepsol\/","https:\/\/www.instagram.com\/box_repsol\/","https:\/\/x.com\/https:\/\/twitter.com\/box_repsol","https:\/\/www.youtube.com\/@Boxrepsol"],"url":"https:\/\/www.boxrepsol.com\/es\/author\/redaccion-box-repsol\/"}]}},"_links":{"self":[{"href":"https:\/\/www.boxrepsol.com\/es\/wp-json\/wp\/v2\/posts\/90613","targetHints":{"allow":["GET"]}}],"collection":[{"href":"https:\/\/www.boxrepsol.com\/es\/wp-json\/wp\/v2\/posts"}],"about":[{"href":"https:\/\/www.boxrepsol.com\/es\/wp-json\/wp\/v2\/types\/post"}],"author":[{"embeddable":true,"href":"https:\/\/www.boxrepsol.com\/es\/wp-json\/wp\/v2\/users\/43146"}],"replies":[{"embeddable":true,"href":"https:\/\/www.boxrepsol.com\/es\/wp-json\/wp\/v2\/comments?post=90613"}],"version-history":[{"count":1,"href":"https:\/\/www.boxrepsol.com\/es\/wp-json\/wp\/v2\/posts\/90613\/revisions"}],"predecessor-version":[{"id":116245,"href":"https:\/\/www.boxrepsol.com\/es\/wp-json\/wp\/v2\/posts\/90613\/revisions\/116245"}],"wp:featuredmedia":[{"embeddable":true,"href":"https:\/\/www.boxrepsol.com\/es\/wp-json\/wp\/v2\/media\/86667"}],"wp:attachment":[{"href":"https:\/\/www.boxrepsol.com\/es\/wp-json\/wp\/v2\/media?parent=90613"}],"wp:term":[{"taxonomy":"category","embeddable":true,"href":"https:\/\/www.boxrepsol.com\/es\/wp-json\/wp\/v2\/categories?post=90613"},{"taxonomy":"post_tag","embeddable":true,"href":"https:\/\/www.boxrepsol.com\/es\/wp-json\/wp\/v2\/tags?post=90613"}],"curies":[{"name":"wp","href":"https:\/\/api.w.org\/{rel}","templated":true}]}}