{"id":90578,"date":"2017-06-28T00:00:00","date_gmt":"2017-06-28T02:00:00","guid":{"rendered":"http:\/\/pre.boxrepsol.com\/sin-categorizar\/sachsenring-el-anillo-de-sajonia\/"},"modified":"2024-05-15T07:48:23","modified_gmt":"2024-05-15T09:48:23","slug":"sachsenring-el-anillo-de-sajonia","status":"publish","type":"post","link":"https:\/\/www.boxrepsol.com\/es\/motogp\/sachsenring-el-anillo-de-sajonia\/","title":{"rendered":"Sachsenring, el anillo de Sajonia"},"content":{"rendered":"\n<p>La primera carrera en Sachsenring data del 26 de mayo de 1927, en un circuito de 8,7 kil\u00f3metros por las carreteras locales.<\/p>\n\n\n\n<p>Los habitantes de la localidad vecina de Hohenstein-Ernstthal dudaron que un evento de esas caracter\u00edsticas fuese a repetirse, ya que consideraban que no ten\u00eda mucho sentido dar vueltas en c\u00edrculo en moto, pero desde entonces han tenido lugar carreras todos los a\u00f1os, excepto en el periodo de la 2\u00aa Guerra Mundial, entre 1939 y 1949.<\/p>\n\n\n\n<p>Diez a\u00f1os m\u00e1s tarde apodaron el circuito como \u201cSachsenring\u201d, que literalmente significa el anillo de Sajonia \u2013uno de los 16 estados federados de Alemania, en el que se encuentra el trazado\u2013.<\/p>\n\n\n\n<p>Form\u00f3 parte del Mundial de Motociclismo por primera vez en 1961, bajo el nombre de Gran Premio de Alemania del Este.<\/p>\n\n\n\n<p>Desde 1952 ya se celebraba el Gran Premio de Alemania Occidental en Solitude (en 6 ocasiones entre 1952 y 1964), Schotten (al Norte de Frankfurt, en 1953), Nurburgring (en 18 ocasiones entre 1955 y 1997) y Hockenheim (en 23 ocasiones entre 1957 y 1994).<\/p>\n\n\n\n<p>Sachsenring ha albergado el Mundial en 31 ocasiones: 12 bajo el nombre de Gran Premio de Alemania del Este entre 1961 y 1972, y de forma ininterrumpida desde 1998 como GP de Alemania.<\/p>\n\n\n\n<figure class=\"wp-block-image size-large\"><img loading=\"lazy\" decoding=\"async\" width=\"1024\" height=\"683\" src=\"https:\/\/bxrepsol.s3.eu-west-1.amazonaws.com\/static\/2023\/06\/13114040\/Copy-of-RD8_Sachsenring_Marc_2021-00937-min-1024x683.jpg\" alt=\"Marc M\u00e1rquez, emocionado tras ganar el GP de Alemania en 2021\" class=\"wp-image-103318\" srcset=\"https:\/\/bxrepsol.s3.eu-west-1.amazonaws.com\/static\/2023\/06\/13114040\/Copy-of-RD8_Sachsenring_Marc_2021-00937-min-1024x683.jpg 1024w, https:\/\/bxrepsol.s3.eu-west-1.amazonaws.com\/static\/2023\/06\/13114040\/Copy-of-RD8_Sachsenring_Marc_2021-00937-min-300x200.jpg 300w, https:\/\/bxrepsol.s3.eu-west-1.amazonaws.com\/static\/2023\/06\/13114040\/Copy-of-RD8_Sachsenring_Marc_2021-00937-min-768x512.jpg 768w, https:\/\/bxrepsol.s3.eu-west-1.amazonaws.com\/static\/2023\/06\/13114040\/Copy-of-RD8_Sachsenring_Marc_2021-00937-min-1536x1024.jpg 1536w, https:\/\/bxrepsol.s3.eu-west-1.amazonaws.com\/static\/2023\/06\/13114040\/Copy-of-RD8_Sachsenring_Marc_2021-00937-min-2048x1365.jpg 2048w\" sizes=\"auto, (max-width: 1024px) 100vw, 1024px\" \/><\/figure>\n\n\n\n<p>Tras la victoria de Dieter Braun en 1971, piloto de la RFA, el gobierno de la RDA decidi\u00f3 hacer sonar el himno \u00fanicamente en el podio. Entonces, todos los aficionados la tribuna principal cantaron el himno y a partir de 1973, el gobierno solo permiti\u00f3 que participaran pilotos del bloque comunista, por lo que sali\u00f3 del calendario del Mundial.<\/p>\n\n\n\n<p>Desde hace varios a\u00f1os, el piloto que logra la vuelta r\u00e1pida en carrera, recibe de obsequio un anillo de oro: el \u201cGolden Sachsenring\u201d.<\/p>\n\n\n\n<p>En 2016 fue la segunda carrera del a\u00f1o con m\u00e1s p\u00fablico (m\u00e1s de 212.000 en todo el fin de semana) y la que m\u00e1s espectadores congreg\u00f3 el s\u00e1bado: m\u00e1s de 93.000.<\/p>\n\n\n\n<p>No es un circuito permanente y debido a su cercan\u00eda con viviendas, solo tiene permiso para albergar eventos que superen los 96 dB durante 10 d\u00edas al a\u00f1o.<\/p>\n\n\n\n<p>En las inmediaciones del circuito hay varios edificios: concesionarios de coches, tiendas de recambios, almacenes, f\u00e1bricas e incluso viviendas. Por ello, durante los d\u00edas que dura el Gran Premio, la organizaci\u00f3n de la prueba les tiene que dar entradas para poder acceder a ellos.<\/p>\n\n\n\n<p>Una de las tres familias que vive dentro del circuito es la de Patrick Unger, el que fue telem\u00e9trico de Marc M\u00e1rquez en 2010, cuando gan\u00f3 su primer t\u00edtulo mundial en el equipo de Aki Ajo en 125cc, y que actualmente tiene una tienda de motos pr\u00e1cticamente junto a la \u00faltima curva: Motorrad Unger.<\/p>\n\n\n\n<figure class=\"wp-block-image\"><img decoding=\"async\" src=\"https:\/\/bxrepsol.s3.eu-west-1.amazonaws.com\/static\/2022\/08\/29052209\/20160717_sach_domingo_01_MotoGP_aplicacion_tablet.jpg\" alt=\"Marc M\u00e1rquez celebra la victoria al cruzar la meta del GP de Alemania de 2017\"\/><\/figure>\n\n\n\n<p>El circuito es un centro de seguridad vial y durante el resto del a\u00f1o alberga cursos de conducci\u00f3n, tandas, e incluso una escuela de pilotaje para ni\u00f1os, en la que actualmente hay cerca de 20 alumnos que empiezan a pilotar desde los 4 a\u00f1os.<\/p>\n\n\n\n<p>El trazado tiene una pendiente m\u00e1xima del 10% y un descenso m\u00e1ximo del 18%.<\/p>\n\n\n\n<p>Tiene una capacidad para albergar a m\u00e1s de 200.000 espectadores.<\/p>\n\n\n\n<p>En los a\u00f1os 2010, 2011 y 2013 ha habido triplete de victorias espa\u00f1olas en las tres categor\u00edas: en 2010 Pedrosa venci\u00f3 en MotoGP, Toni Elias en Moto2 y Marc M\u00e1rquez en 125cc. En 2011, Pedrosa repiti\u00f3 triunfo en MotoGP y M\u00e1rquez en Moto2 y Faubel gan\u00f3 en 125cc. En 2013, M\u00e1rquez logr\u00f3 su primera victoria en MotoGP en Sachsenring, tras las de Jordi Torres y \u00c1lex Rins en Moto2 y Moto3.<\/p>\n\n\n\n<p>Es el circuito m\u00e1s corto del Mundial, con 3.671 metros, el \u00fanico que mide menos de 4 kil\u00f3metros.<\/p>\n\n\n\n<p>En consecuencia, es el circuito con el tiempo por vuelta menor \u2013el r\u00e9cord de la pista es de 1 minuto y 20 segundos y 336 mil\u00e9simas, registrado por Marc M\u00e1rquez en 2015\u2013 y es, junto a la de Valencia, la carrera en la que se realizan m\u00e1s vueltas: 30 en la prueba de MotoGP.<\/p>\n","protected":false},"excerpt":{"rendered":"<p>El Campeonato del Mundo de Motociclismo visita este fin de semana el circuito de Sachsenring, trazado que alberga desde 1998 el Gran Premio de Alemania.<\/p>\n","protected":false},"author":43146,"featured_media":86662,"comment_status":"open","ping_status":"open","sticky":false,"template":"","format":"standard","meta":{"footnotes":""},"categories":[4],"tags":[152],"class_list":["post-90578","post","type-post","status-publish","format-standard","hentry","category-motogp","tag-motogp-alemania"],"yoast_head":"<!-- This site is optimized with the Yoast SEO plugin v27.3 - https:\/\/yoast.com\/product\/yoast-seo-wordpress\/ -->\n<title>Sachsenring, el anillo de Sajonia - Box Repsol<\/title>\n<meta name=\"description\" content=\"El Campeonato del Mundo de Motociclismo alcanza el ecuador de la temporada este fin de semana en Sachsenring, circuito que alberga el GP de Alemania.\" \/>\n<link rel=\"canonical\" href=\"https:\/\/www.boxrepsol.com\/es\/motogp\/sachsenring-el-anillo-de-sajonia\/\" \/>\n<meta property=\"og:locale\" content=\"es_ES\" \/>\n<meta property=\"og:type\" content=\"article\" \/>\n<meta property=\"og:title\" content=\"Sachsenring, el anillo de Sajonia - Box Repsol\" \/>\n<meta property=\"og:description\" content=\"El Campeonato del Mundo de Motociclismo alcanza el ecuador de la temporada este fin de semana en Sachsenring, circuito que alberga el GP de Alemania.\" \/>\n<meta property=\"og:url\" content=\"https:\/\/www.boxrepsol.com\/es\/motogp\/sachsenring-el-anillo-de-sajonia\/\" \/>\n<meta property=\"og:site_name\" content=\"Box Repsol\" \/>\n<meta property=\"article:publisher\" content=\"https:\/\/www.facebook.com\/BoxRepsol\" \/>\n<meta property=\"article:author\" content=\"https:\/\/www.facebook.com\/BoxRepsol\/\" \/>\n<meta property=\"article:published_time\" content=\"2017-06-28T02:00:00+00:00\" \/>\n<meta property=\"article:modified_time\" content=\"2024-05-15T09:48:23+00:00\" \/>\n<meta property=\"og:image\" content=\"https:\/\/www.boxrepsol.com\/wp-content\/uploads\/2022\/08\/00_marc_marquez_repsol_honda_motogp_sachsenring.jpg\" \/>\n\t<meta property=\"og:image:width\" content=\"995\" \/>\n\t<meta property=\"og:image:height\" content=\"560\" \/>\n\t<meta property=\"og:image:type\" content=\"image\/jpeg\" \/>\n<meta name=\"author\" content=\"Redacci\u00f3n Box Repsol\" \/>\n<meta name=\"twitter:card\" content=\"summary_large_image\" \/>\n<meta name=\"twitter:creator\" content=\"@https:\/\/twitter.com\/box_repsol\" \/>\n<meta name=\"twitter:site\" content=\"@box_repsol\" \/>\n<meta name=\"twitter:label1\" content=\"Written by\" \/>\n\t<meta name=\"twitter:data1\" content=\"Redacci\u00f3n Box Repsol\" \/>\n\t<meta name=\"twitter:label2\" content=\"Est. reading time\" \/>\n\t<meta name=\"twitter:data2\" content=\"3 minutos\" \/>\n<script type=\"application\/ld+json\" class=\"yoast-schema-graph\">{\"@context\":\"https:\\\/\\\/schema.org\",\"@graph\":[{\"@type\":\"Article\",\"@id\":\"https:\\\/\\\/www.boxrepsol.com\\\/es\\\/motogp\\\/sachsenring-el-anillo-de-sajonia\\\/#article\",\"isPartOf\":{\"@id\":\"https:\\\/\\\/www.boxrepsol.com\\\/es\\\/motogp\\\/sachsenring-el-anillo-de-sajonia\\\/\"},\"author\":{\"name\":\"Redacci\u00f3n Box Repsol\",\"@id\":\"https:\\\/\\\/www.boxrepsol.com\\\/es\\\/#\\\/schema\\\/person\\\/c5c2138f2cca251b0ad92b7086bb60b7\"},\"headline\":\"Sachsenring, el anillo de Sajonia\",\"datePublished\":\"2017-06-28T02:00:00+00:00\",\"dateModified\":\"2024-05-15T09:48:23+00:00\",\"mainEntityOfPage\":{\"@id\":\"https:\\\/\\\/www.boxrepsol.com\\\/es\\\/motogp\\\/sachsenring-el-anillo-de-sajonia\\\/\"},\"wordCount\":656,\"commentCount\":0,\"publisher\":{\"@id\":\"https:\\\/\\\/www.boxrepsol.com\\\/es\\\/#organization\"},\"image\":{\"@id\":\"https:\\\/\\\/www.boxrepsol.com\\\/es\\\/motogp\\\/sachsenring-el-anillo-de-sajonia\\\/#primaryimage\"},\"thumbnailUrl\":\"https:\\\/\\\/www.boxrepsol.com\\\/wp-content\\\/uploads\\\/2022\\\/08\\\/00_marc_marquez_repsol_honda_motogp_sachsenring.jpg\",\"keywords\":[\"MotoGP Alemania\"],\"articleSection\":[\"MotoGP\"],\"inLanguage\":\"es\",\"potentialAction\":[{\"@type\":\"CommentAction\",\"name\":\"Comment\",\"target\":[\"https:\\\/\\\/www.boxrepsol.com\\\/es\\\/motogp\\\/sachsenring-el-anillo-de-sajonia\\\/#respond\"]}]},{\"@type\":\"WebPage\",\"@id\":\"https:\\\/\\\/www.boxrepsol.com\\\/es\\\/motogp\\\/sachsenring-el-anillo-de-sajonia\\\/\",\"url\":\"https:\\\/\\\/www.boxrepsol.com\\\/es\\\/motogp\\\/sachsenring-el-anillo-de-sajonia\\\/\",\"name\":\"Sachsenring, el anillo de Sajonia - Box Repsol\",\"isPartOf\":{\"@id\":\"https:\\\/\\\/www.boxrepsol.com\\\/es\\\/#website\"},\"primaryImageOfPage\":{\"@id\":\"https:\\\/\\\/www.boxrepsol.com\\\/es\\\/motogp\\\/sachsenring-el-anillo-de-sajonia\\\/#primaryimage\"},\"image\":{\"@id\":\"https:\\\/\\\/www.boxrepsol.com\\\/es\\\/motogp\\\/sachsenring-el-anillo-de-sajonia\\\/#primaryimage\"},\"thumbnailUrl\":\"https:\\\/\\\/www.boxrepsol.com\\\/wp-content\\\/uploads\\\/2022\\\/08\\\/00_marc_marquez_repsol_honda_motogp_sachsenring.jpg\",\"datePublished\":\"2017-06-28T02:00:00+00:00\",\"dateModified\":\"2024-05-15T09:48:23+00:00\",\"description\":\"El Campeonato del Mundo de Motociclismo alcanza el ecuador de la temporada este fin de semana en Sachsenring, circuito que alberga el GP de Alemania.\",\"breadcrumb\":{\"@id\":\"https:\\\/\\\/www.boxrepsol.com\\\/es\\\/motogp\\\/sachsenring-el-anillo-de-sajonia\\\/#breadcrumb\"},\"inLanguage\":\"es\",\"potentialAction\":[{\"@type\":\"ReadAction\",\"target\":[\"https:\\\/\\\/www.boxrepsol.com\\\/es\\\/motogp\\\/sachsenring-el-anillo-de-sajonia\\\/\"]}]},{\"@type\":\"ImageObject\",\"inLanguage\":\"es\",\"@id\":\"https:\\\/\\\/www.boxrepsol.com\\\/es\\\/motogp\\\/sachsenring-el-anillo-de-sajonia\\\/#primaryimage\",\"url\":\"https:\\\/\\\/www.boxrepsol.com\\\/wp-content\\\/uploads\\\/2022\\\/08\\\/00_marc_marquez_repsol_honda_motogp_sachsenring.jpg\",\"contentUrl\":\"https:\\\/\\\/www.boxrepsol.com\\\/wp-content\\\/uploads\\\/2022\\\/08\\\/00_marc_marquez_repsol_honda_motogp_sachsenring.jpg\",\"width\":995,\"height\":560,\"caption\":\"Marc M\u00e1rquez rodando frente a las gradas\"},{\"@type\":\"BreadcrumbList\",\"@id\":\"https:\\\/\\\/www.boxrepsol.com\\\/es\\\/motogp\\\/sachsenring-el-anillo-de-sajonia\\\/#breadcrumb\",\"itemListElement\":[{\"@type\":\"ListItem\",\"position\":1,\"name\":\"Home\",\"item\":\"https:\\\/\\\/www.boxrepsol.com\\\/es\\\/\"},{\"@type\":\"ListItem\",\"position\":2,\"name\":\"Sachsenring, el anillo de Sajonia\"}]},{\"@type\":\"WebSite\",\"@id\":\"https:\\\/\\\/www.boxrepsol.com\\\/es\\\/#website\",\"url\":\"https:\\\/\\\/www.boxrepsol.com\\\/es\\\/\",\"name\":\"Box Repsol\",\"description\":\"Box Repsol Site\",\"publisher\":{\"@id\":\"https:\\\/\\\/www.boxrepsol.com\\\/es\\\/#organization\"},\"potentialAction\":[{\"@type\":\"SearchAction\",\"target\":{\"@type\":\"EntryPoint\",\"urlTemplate\":\"https:\\\/\\\/www.boxrepsol.com\\\/es\\\/?s={search_term_string}\"},\"query-input\":{\"@type\":\"PropertyValueSpecification\",\"valueRequired\":true,\"valueName\":\"search_term_string\"}}],\"inLanguage\":\"es\"},{\"@type\":\"Organization\",\"@id\":\"https:\\\/\\\/www.boxrepsol.com\\\/es\\\/#organization\",\"name\":\"Box Repsol\",\"url\":\"https:\\\/\\\/www.boxrepsol.com\\\/es\\\/\",\"logo\":{\"@type\":\"ImageObject\",\"inLanguage\":\"es\",\"@id\":\"https:\\\/\\\/www.boxrepsol.com\\\/es\\\/#\\\/schema\\\/logo\\\/image\\\/\",\"url\":\"https:\\\/\\\/bxrepsol.s3.eu-west-1.amazonaws.com\\\/static\\\/2025\\\/07\\\/30083337\\\/favicon-96x96-1.png\",\"contentUrl\":\"https:\\\/\\\/bxrepsol.s3.eu-west-1.amazonaws.com\\\/static\\\/2025\\\/07\\\/30083337\\\/favicon-96x96-1.png\",\"width\":96,\"height\":96,\"caption\":\"Box Repsol\"},\"image\":{\"@id\":\"https:\\\/\\\/www.boxrepsol.com\\\/es\\\/#\\\/schema\\\/logo\\\/image\\\/\"},\"sameAs\":[\"https:\\\/\\\/www.facebook.com\\\/BoxRepsol\",\"https:\\\/\\\/x.com\\\/box_repsol\",\"http:\\\/\\\/instagram.com\\\/box_repsol\",\"https:\\\/\\\/www.youtube.com\\\/user\\\/RepsolCompeticion\",\"https:\\\/\\\/www.flickr.com\\\/photos\\\/box_repsol\\\/\"]},{\"@type\":\"Person\",\"@id\":\"https:\\\/\\\/www.boxrepsol.com\\\/es\\\/#\\\/schema\\\/person\\\/c5c2138f2cca251b0ad92b7086bb60b7\",\"name\":\"Redacci\u00f3n Box Repsol\",\"image\":{\"@type\":\"ImageObject\",\"inLanguage\":\"es\",\"@id\":\"https:\\\/\\\/secure.gravatar.com\\\/avatar\\\/adf7b77e38b4419baf32c7e9c21dde01f4e40df611f0978e3006fc4ba0aaab7e?s=96&d=mm&r=g\",\"url\":\"https:\\\/\\\/secure.gravatar.com\\\/avatar\\\/adf7b77e38b4419baf32c7e9c21dde01f4e40df611f0978e3006fc4ba0aaab7e?s=96&d=mm&r=g\",\"contentUrl\":\"https:\\\/\\\/secure.gravatar.com\\\/avatar\\\/adf7b77e38b4419baf32c7e9c21dde01f4e40df611f0978e3006fc4ba0aaab7e?s=96&d=mm&r=g\",\"caption\":\"Redacci\u00f3n Box Repsol\"},\"description\":\"Box Repsol lo forma un equipo de periodistas, community managers, dise\u00f1adores y fot\u00f3grafos con m\u00e1s de 20 a\u00f1os de experiencia en el mundo del motorsport. Hemos vivido el primer mundial de un espa\u00f1ol en la categor\u00eda reina de motociclismo con \u00c1lex Crivill\u00e9, estuvimos en las victorias de Pedrosa y los t\u00edtulos de M\u00e1rquez, acompa\u00f1amos en \u00c1frica a Nani Roma y Marc Coma en sus conquistas del Dakar y hemos vibrado con los t\u00edtulos de Toni Bou en Trial. Adem\u00e1s, en nuestro equipo contamos con expertos en el mundo de las dos y cuatro ruedas tanto de la calle y las carreteras, como de los circuitos. Periodistas que han trabajado en revistas y publicaciones para hacerte llegar desde rutas y consejos de mantenimiento, a curiosidades y trucos de pilotaje.\",\"sameAs\":[\"https:\\\/\\\/www.facebook.com\\\/BoxRepsol\\\/\",\"https:\\\/\\\/www.instagram.com\\\/box_repsol\\\/\",\"https:\\\/\\\/x.com\\\/https:\\\/\\\/twitter.com\\\/box_repsol\",\"https:\\\/\\\/www.youtube.com\\\/@Boxrepsol\"],\"url\":\"https:\\\/\\\/www.boxrepsol.com\\\/es\\\/author\\\/redaccion-box-repsol\\\/\"}]}<\/script>\n<!-- \/ Yoast SEO plugin. -->","yoast_head_json":{"title":"Sachsenring, el anillo de Sajonia - Box Repsol","description":"El Campeonato del Mundo de Motociclismo alcanza el ecuador de la temporada este fin de semana en Sachsenring, circuito que alberga el GP de Alemania.","canonical":"https:\/\/www.boxrepsol.com\/es\/motogp\/sachsenring-el-anillo-de-sajonia\/","og_locale":"es_ES","og_type":"article","og_title":"Sachsenring, el anillo de Sajonia - Box Repsol","og_description":"El Campeonato del Mundo de Motociclismo alcanza el ecuador de la temporada este fin de semana en Sachsenring, circuito que alberga el GP de Alemania.","og_url":"https:\/\/www.boxrepsol.com\/es\/motogp\/sachsenring-el-anillo-de-sajonia\/","og_site_name":"Box Repsol","article_publisher":"https:\/\/www.facebook.com\/BoxRepsol","article_author":"https:\/\/www.facebook.com\/BoxRepsol\/","article_published_time":"2017-06-28T02:00:00+00:00","article_modified_time":"2024-05-15T09:48:23+00:00","og_image":[{"width":995,"height":560,"url":"https:\/\/www.boxrepsol.com\/wp-content\/uploads\/2022\/08\/00_marc_marquez_repsol_honda_motogp_sachsenring.jpg","type":"image\/jpeg"}],"author":"Redacci\u00f3n Box Repsol","twitter_card":"summary_large_image","twitter_creator":"@https:\/\/twitter.com\/box_repsol","twitter_site":"@box_repsol","twitter_misc":{"Written by":"Redacci\u00f3n Box Repsol","Est. reading time":"3 minutos"},"schema":{"@context":"https:\/\/schema.org","@graph":[{"@type":"Article","@id":"https:\/\/www.boxrepsol.com\/es\/motogp\/sachsenring-el-anillo-de-sajonia\/#article","isPartOf":{"@id":"https:\/\/www.boxrepsol.com\/es\/motogp\/sachsenring-el-anillo-de-sajonia\/"},"author":{"name":"Redacci\u00f3n Box Repsol","@id":"https:\/\/www.boxrepsol.com\/es\/#\/schema\/person\/c5c2138f2cca251b0ad92b7086bb60b7"},"headline":"Sachsenring, el anillo de Sajonia","datePublished":"2017-06-28T02:00:00+00:00","dateModified":"2024-05-15T09:48:23+00:00","mainEntityOfPage":{"@id":"https:\/\/www.boxrepsol.com\/es\/motogp\/sachsenring-el-anillo-de-sajonia\/"},"wordCount":656,"commentCount":0,"publisher":{"@id":"https:\/\/www.boxrepsol.com\/es\/#organization"},"image":{"@id":"https:\/\/www.boxrepsol.com\/es\/motogp\/sachsenring-el-anillo-de-sajonia\/#primaryimage"},"thumbnailUrl":"https:\/\/www.boxrepsol.com\/wp-content\/uploads\/2022\/08\/00_marc_marquez_repsol_honda_motogp_sachsenring.jpg","keywords":["MotoGP Alemania"],"articleSection":["MotoGP"],"inLanguage":"es","potentialAction":[{"@type":"CommentAction","name":"Comment","target":["https:\/\/www.boxrepsol.com\/es\/motogp\/sachsenring-el-anillo-de-sajonia\/#respond"]}]},{"@type":"WebPage","@id":"https:\/\/www.boxrepsol.com\/es\/motogp\/sachsenring-el-anillo-de-sajonia\/","url":"https:\/\/www.boxrepsol.com\/es\/motogp\/sachsenring-el-anillo-de-sajonia\/","name":"Sachsenring, el anillo de Sajonia - Box Repsol","isPartOf":{"@id":"https:\/\/www.boxrepsol.com\/es\/#website"},"primaryImageOfPage":{"@id":"https:\/\/www.boxrepsol.com\/es\/motogp\/sachsenring-el-anillo-de-sajonia\/#primaryimage"},"image":{"@id":"https:\/\/www.boxrepsol.com\/es\/motogp\/sachsenring-el-anillo-de-sajonia\/#primaryimage"},"thumbnailUrl":"https:\/\/www.boxrepsol.com\/wp-content\/uploads\/2022\/08\/00_marc_marquez_repsol_honda_motogp_sachsenring.jpg","datePublished":"2017-06-28T02:00:00+00:00","dateModified":"2024-05-15T09:48:23+00:00","description":"El Campeonato del Mundo de Motociclismo alcanza el ecuador de la temporada este fin de semana en Sachsenring, circuito que alberga el GP de Alemania.","breadcrumb":{"@id":"https:\/\/www.boxrepsol.com\/es\/motogp\/sachsenring-el-anillo-de-sajonia\/#breadcrumb"},"inLanguage":"es","potentialAction":[{"@type":"ReadAction","target":["https:\/\/www.boxrepsol.com\/es\/motogp\/sachsenring-el-anillo-de-sajonia\/"]}]},{"@type":"ImageObject","inLanguage":"es","@id":"https:\/\/www.boxrepsol.com\/es\/motogp\/sachsenring-el-anillo-de-sajonia\/#primaryimage","url":"https:\/\/www.boxrepsol.com\/wp-content\/uploads\/2022\/08\/00_marc_marquez_repsol_honda_motogp_sachsenring.jpg","contentUrl":"https:\/\/www.boxrepsol.com\/wp-content\/uploads\/2022\/08\/00_marc_marquez_repsol_honda_motogp_sachsenring.jpg","width":995,"height":560,"caption":"Marc M\u00e1rquez rodando frente a las gradas"},{"@type":"BreadcrumbList","@id":"https:\/\/www.boxrepsol.com\/es\/motogp\/sachsenring-el-anillo-de-sajonia\/#breadcrumb","itemListElement":[{"@type":"ListItem","position":1,"name":"Home","item":"https:\/\/www.boxrepsol.com\/es\/"},{"@type":"ListItem","position":2,"name":"Sachsenring, el anillo de Sajonia"}]},{"@type":"WebSite","@id":"https:\/\/www.boxrepsol.com\/es\/#website","url":"https:\/\/www.boxrepsol.com\/es\/","name":"Box Repsol","description":"Box Repsol Site","publisher":{"@id":"https:\/\/www.boxrepsol.com\/es\/#organization"},"potentialAction":[{"@type":"SearchAction","target":{"@type":"EntryPoint","urlTemplate":"https:\/\/www.boxrepsol.com\/es\/?s={search_term_string}"},"query-input":{"@type":"PropertyValueSpecification","valueRequired":true,"valueName":"search_term_string"}}],"inLanguage":"es"},{"@type":"Organization","@id":"https:\/\/www.boxrepsol.com\/es\/#organization","name":"Box Repsol","url":"https:\/\/www.boxrepsol.com\/es\/","logo":{"@type":"ImageObject","inLanguage":"es","@id":"https:\/\/www.boxrepsol.com\/es\/#\/schema\/logo\/image\/","url":"https:\/\/bxrepsol.s3.eu-west-1.amazonaws.com\/static\/2025\/07\/30083337\/favicon-96x96-1.png","contentUrl":"https:\/\/bxrepsol.s3.eu-west-1.amazonaws.com\/static\/2025\/07\/30083337\/favicon-96x96-1.png","width":96,"height":96,"caption":"Box Repsol"},"image":{"@id":"https:\/\/www.boxrepsol.com\/es\/#\/schema\/logo\/image\/"},"sameAs":["https:\/\/www.facebook.com\/BoxRepsol","https:\/\/x.com\/box_repsol","http:\/\/instagram.com\/box_repsol","https:\/\/www.youtube.com\/user\/RepsolCompeticion","https:\/\/www.flickr.com\/photos\/box_repsol\/"]},{"@type":"Person","@id":"https:\/\/www.boxrepsol.com\/es\/#\/schema\/person\/c5c2138f2cca251b0ad92b7086bb60b7","name":"Redacci\u00f3n Box Repsol","image":{"@type":"ImageObject","inLanguage":"es","@id":"https:\/\/secure.gravatar.com\/avatar\/adf7b77e38b4419baf32c7e9c21dde01f4e40df611f0978e3006fc4ba0aaab7e?s=96&d=mm&r=g","url":"https:\/\/secure.gravatar.com\/avatar\/adf7b77e38b4419baf32c7e9c21dde01f4e40df611f0978e3006fc4ba0aaab7e?s=96&d=mm&r=g","contentUrl":"https:\/\/secure.gravatar.com\/avatar\/adf7b77e38b4419baf32c7e9c21dde01f4e40df611f0978e3006fc4ba0aaab7e?s=96&d=mm&r=g","caption":"Redacci\u00f3n Box Repsol"},"description":"Box Repsol lo forma un equipo de periodistas, community managers, dise\u00f1adores y fot\u00f3grafos con m\u00e1s de 20 a\u00f1os de experiencia en el mundo del motorsport. Hemos vivido el primer mundial de un espa\u00f1ol en la categor\u00eda reina de motociclismo con \u00c1lex Crivill\u00e9, estuvimos en las victorias de Pedrosa y los t\u00edtulos de M\u00e1rquez, acompa\u00f1amos en \u00c1frica a Nani Roma y Marc Coma en sus conquistas del Dakar y hemos vibrado con los t\u00edtulos de Toni Bou en Trial. Adem\u00e1s, en nuestro equipo contamos con expertos en el mundo de las dos y cuatro ruedas tanto de la calle y las carreteras, como de los circuitos. Periodistas que han trabajado en revistas y publicaciones para hacerte llegar desde rutas y consejos de mantenimiento, a curiosidades y trucos de pilotaje.","sameAs":["https:\/\/www.facebook.com\/BoxRepsol\/","https:\/\/www.instagram.com\/box_repsol\/","https:\/\/x.com\/https:\/\/twitter.com\/box_repsol","https:\/\/www.youtube.com\/@Boxrepsol"],"url":"https:\/\/www.boxrepsol.com\/es\/author\/redaccion-box-repsol\/"}]}},"_links":{"self":[{"href":"https:\/\/www.boxrepsol.com\/es\/wp-json\/wp\/v2\/posts\/90578","targetHints":{"allow":["GET"]}}],"collection":[{"href":"https:\/\/www.boxrepsol.com\/es\/wp-json\/wp\/v2\/posts"}],"about":[{"href":"https:\/\/www.boxrepsol.com\/es\/wp-json\/wp\/v2\/types\/post"}],"author":[{"embeddable":true,"href":"https:\/\/www.boxrepsol.com\/es\/wp-json\/wp\/v2\/users\/43146"}],"replies":[{"embeddable":true,"href":"https:\/\/www.boxrepsol.com\/es\/wp-json\/wp\/v2\/comments?post=90578"}],"version-history":[{"count":2,"href":"https:\/\/www.boxrepsol.com\/es\/wp-json\/wp\/v2\/posts\/90578\/revisions"}],"predecessor-version":[{"id":103320,"href":"https:\/\/www.boxrepsol.com\/es\/wp-json\/wp\/v2\/posts\/90578\/revisions\/103320"}],"wp:featuredmedia":[{"embeddable":true,"href":"https:\/\/www.boxrepsol.com\/es\/wp-json\/wp\/v2\/media\/86662"}],"wp:attachment":[{"href":"https:\/\/www.boxrepsol.com\/es\/wp-json\/wp\/v2\/media?parent=90578"}],"wp:term":[{"taxonomy":"category","embeddable":true,"href":"https:\/\/www.boxrepsol.com\/es\/wp-json\/wp\/v2\/categories?post=90578"},{"taxonomy":"post_tag","embeddable":true,"href":"https:\/\/www.boxrepsol.com\/es\/wp-json\/wp\/v2\/tags?post=90578"}],"curies":[{"name":"wp","href":"https:\/\/api.w.org\/{rel}","templated":true}]}}