{"id":90557,"date":"2017-06-27T00:00:00","date_gmt":"2017-06-27T02:00:00","guid":{"rendered":"http:\/\/pre.boxrepsol.com\/sin-categorizar\/marquez-y-pedrosa-llegan-este-fin-de-semana-al-ecuador-del-mundial\/"},"modified":"2024-05-15T07:48:51","modified_gmt":"2024-05-15T09:48:51","slug":"marquez-y-pedrosa-llegan-este-fin-de-semana-al-ecuador-del-mundial","status":"publish","type":"post","link":"https:\/\/www.boxrepsol.com\/es\/motogp\/marquez-y-pedrosa-llegan-este-fin-de-semana-al-ecuador-del-mundial\/","title":{"rendered":"M\u00e1rquez y Pedrosa llegan este fin de semana al ecuador del Mundial"},"content":{"rendered":"<blockquote><p>Tengo ganas de ir a Sachsenring, un circuito que nos ha ido bien en los a\u00f1os anteriores<\/p>\n<p><a href=\"http:\/\/twitter.com\/share?text=Tengo+ganas+de+ir+a+Sachsenring%2C+un+circuito+que+nos+ha+ido+bien+en+los+a%C3%B1os+anteriores&amp;url=https%3A%2F%2Fwww.boxrepsol.com%2Fes%2F%3Fp%3D8625%2F&amp;hashtags=\" target=\"_blank\" rel=\"noopener noreferrer\"><br \/>\ntwittear <\/a><\/p>\n<footer>Marc M\u00e1rquez<\/footer>\n<\/blockquote>\n<p>Los pilotos del equipo Repsol Honda alcanzar\u00e1n el ecuador de la temporada en Sachsenring, un trazado en el que suman cuatro victorias cada uno en MotoGP, trece entre todas las distintas categor\u00edas.<\/p>\n<p>Desde 2010, Sachsenring s\u00f3lo ha conocido dos vencedores en MotoGP: Pedrosa en 2010, 2011 y 2012; y M\u00e1rquez en 2013, 2014, 2015 y 2016.<\/p>\n<p>Los pilotos del equipo Repsol Honda cosecharon sendos dobletes en 2014 y 2015.<\/p>\n<p>Marc M\u00e1rquez ha vencido en sus 7 \u00faltimas visitas al Circuito de Sachsenring: 4 en MotoGP, 2 en Moto2 y 1 en 125cc.<\/p>\n<hr \/>\n<h3>Marc M\u00e1rquez<\/h3>\n<p><em>Tengo ganas de ir a Sachsenring, un circuito que nos ha ido bien en los a\u00f1os anteriores. Evidentemente, tendremos que ver que c\u00f3mo nos va, porque han reasfaltado la pista y sabemos que puede ser muy distinto, empezando por el agarre, que probablemente sea mayor que en los \u00faltimos a\u00f1os. Deberemos estar concentrados para poder gestionar lo mejor posible cualquier situaci\u00f3n, como hicimos en Assen. De todos modos, es un circuito que me gusta y en el que intentar\u00e9 ser m\u00e1s fuerte. Estamos a s\u00f3lo 11 puntos del liderato de Dovizioso, lo que est\u00e1 bien. Este Mundial est\u00e1 muy abierto y debemos mantener la calma y seguir trabajando duro para ir mejorando paulatinamente en las pr\u00f3ximas carreras.<\/em><\/p>\n<hr \/>\n<h3>Dani Pedrosa<\/h3>\n<p><em>Sachsenring es uno de mis circuitos favoritos del calendario y vamos all\u00ed dispuestos a preparar la carrera lo mejor posible. Sinceramente, no s\u00e9 qu\u00e9 esperar del reasfaltado de la pista, porque es dif\u00edcil hacer predicciones antes de estar all\u00ed, pero espero tener buenas sensaciones con la moto y con los neum\u00e1ticos. Sabemos que como equipo estamos trabajando bien y haciendo las cosas correctamente, as\u00ed que continuaremos con esta mentalidad e intentaremos entender c\u00f3mo hacer que los compuestos trabajen mejor en cada situaci\u00f3n. El campeonato todav\u00eda est\u00e1 muy ajustado y estoy deseando volver a subir a la moto el viernes y aspirar a un buen resultado el domingo.<\/em><\/p>\n","protected":false},"excerpt":{"rendered":"<p>Este fin de semana el campeonato llega a su novena cita, el GP de Alemania, con Marc M\u00e1rquez y Dani Pedrosa a 11 y 28 puntos, respectivamente, del liderato.<\/p>\n","protected":false},"author":43146,"featured_media":86649,"comment_status":"open","ping_status":"open","sticky":false,"template":"","format":"standard","meta":{"footnotes":""},"categories":[4],"tags":[152],"class_list":["post-90557","post","type-post","status-publish","format-standard","hentry","category-motogp","tag-motogp-alemania"],"yoast_head":"<!-- This site is optimized with the Yoast SEO plugin v27.3 - https:\/\/yoast.com\/product\/yoast-seo-wordpress\/ -->\n<title>M\u00e1rquez y Pedrosa llegan este fin de semana al ecuador del Mundial - Box Repsol<\/title>\n<meta name=\"description\" content=\"Este fin de semana el campeonato llega a su novena cita, el GP de Alemania, con Marc M\u00e1rquez y Dani Pedrosa a 11 y 28 puntos, respectivamente, del liderato.\" \/>\n<link rel=\"canonical\" href=\"https:\/\/www.boxrepsol.com\/es\/motogp\/marquez-y-pedrosa-llegan-este-fin-de-semana-al-ecuador-del-mundial\/\" \/>\n<meta property=\"og:locale\" content=\"es_ES\" \/>\n<meta property=\"og:type\" content=\"article\" \/>\n<meta property=\"og:title\" content=\"M\u00e1rquez y Pedrosa llegan este fin de semana al ecuador del Mundial - Box Repsol\" \/>\n<meta property=\"og:description\" content=\"Este fin de semana el campeonato llega a su novena cita, el GP de Alemania, con Marc M\u00e1rquez y Dani Pedrosa a 11 y 28 puntos, respectivamente, del liderato.\" \/>\n<meta property=\"og:url\" content=\"https:\/\/www.boxrepsol.com\/es\/motogp\/marquez-y-pedrosa-llegan-este-fin-de-semana-al-ecuador-del-mundial\/\" \/>\n<meta property=\"og:site_name\" content=\"Box Repsol\" \/>\n<meta property=\"article:publisher\" content=\"https:\/\/www.facebook.com\/BoxRepsol\" \/>\n<meta property=\"article:author\" content=\"https:\/\/www.facebook.com\/BoxRepsol\/\" \/>\n<meta property=\"article:published_time\" content=\"2017-06-27T02:00:00+00:00\" \/>\n<meta property=\"article:modified_time\" content=\"2024-05-15T09:48:51+00:00\" \/>\n<meta property=\"og:image\" content=\"https:\/\/www.boxrepsol.com\/wp-content\/uploads\/2022\/08\/00_dani_pedrosa_sachsenring_motogp_repsol_honda.jpg\" \/>\n\t<meta property=\"og:image:width\" content=\"995\" \/>\n\t<meta property=\"og:image:height\" content=\"560\" \/>\n\t<meta property=\"og:image:type\" content=\"image\/jpeg\" \/>\n<meta name=\"author\" content=\"Redacci\u00f3n Box Repsol\" \/>\n<meta name=\"twitter:card\" content=\"summary_large_image\" \/>\n<meta name=\"twitter:creator\" content=\"@https:\/\/twitter.com\/box_repsol\" \/>\n<meta name=\"twitter:site\" content=\"@box_repsol\" \/>\n<meta name=\"twitter:label1\" content=\"Written by\" \/>\n\t<meta name=\"twitter:data1\" content=\"Redacci\u00f3n Box Repsol\" \/>\n\t<meta name=\"twitter:label2\" content=\"Est. reading time\" \/>\n\t<meta name=\"twitter:data2\" content=\"2 minutos\" \/>\n<script type=\"application\/ld+json\" class=\"yoast-schema-graph\">{\"@context\":\"https:\\\/\\\/schema.org\",\"@graph\":[{\"@type\":\"Article\",\"@id\":\"https:\\\/\\\/www.boxrepsol.com\\\/es\\\/motogp\\\/marquez-y-pedrosa-llegan-este-fin-de-semana-al-ecuador-del-mundial\\\/#article\",\"isPartOf\":{\"@id\":\"https:\\\/\\\/www.boxrepsol.com\\\/es\\\/motogp\\\/marquez-y-pedrosa-llegan-este-fin-de-semana-al-ecuador-del-mundial\\\/\"},\"author\":{\"name\":\"Redacci\u00f3n Box Repsol\",\"@id\":\"https:\\\/\\\/www.boxrepsol.com\\\/es\\\/#\\\/schema\\\/person\\\/c5c2138f2cca251b0ad92b7086bb60b7\"},\"headline\":\"M\u00e1rquez y Pedrosa llegan este fin de semana al ecuador del Mundial\",\"datePublished\":\"2017-06-27T02:00:00+00:00\",\"dateModified\":\"2024-05-15T09:48:51+00:00\",\"mainEntityOfPage\":{\"@id\":\"https:\\\/\\\/www.boxrepsol.com\\\/es\\\/motogp\\\/marquez-y-pedrosa-llegan-este-fin-de-semana-al-ecuador-del-mundial\\\/\"},\"wordCount\":358,\"commentCount\":0,\"publisher\":{\"@id\":\"https:\\\/\\\/www.boxrepsol.com\\\/es\\\/#organization\"},\"image\":{\"@id\":\"https:\\\/\\\/www.boxrepsol.com\\\/es\\\/motogp\\\/marquez-y-pedrosa-llegan-este-fin-de-semana-al-ecuador-del-mundial\\\/#primaryimage\"},\"thumbnailUrl\":\"https:\\\/\\\/www.boxrepsol.com\\\/wp-content\\\/uploads\\\/2022\\\/08\\\/00_dani_pedrosa_sachsenring_motogp_repsol_honda.jpg\",\"keywords\":[\"MotoGP Alemania\"],\"articleSection\":[\"MotoGP\"],\"inLanguage\":\"es\",\"potentialAction\":[{\"@type\":\"CommentAction\",\"name\":\"Comment\",\"target\":[\"https:\\\/\\\/www.boxrepsol.com\\\/es\\\/motogp\\\/marquez-y-pedrosa-llegan-este-fin-de-semana-al-ecuador-del-mundial\\\/#respond\"]}]},{\"@type\":\"WebPage\",\"@id\":\"https:\\\/\\\/www.boxrepsol.com\\\/es\\\/motogp\\\/marquez-y-pedrosa-llegan-este-fin-de-semana-al-ecuador-del-mundial\\\/\",\"url\":\"https:\\\/\\\/www.boxrepsol.com\\\/es\\\/motogp\\\/marquez-y-pedrosa-llegan-este-fin-de-semana-al-ecuador-del-mundial\\\/\",\"name\":\"M\u00e1rquez y Pedrosa llegan este fin de semana al ecuador del Mundial - Box Repsol\",\"isPartOf\":{\"@id\":\"https:\\\/\\\/www.boxrepsol.com\\\/es\\\/#website\"},\"primaryImageOfPage\":{\"@id\":\"https:\\\/\\\/www.boxrepsol.com\\\/es\\\/motogp\\\/marquez-y-pedrosa-llegan-este-fin-de-semana-al-ecuador-del-mundial\\\/#primaryimage\"},\"image\":{\"@id\":\"https:\\\/\\\/www.boxrepsol.com\\\/es\\\/motogp\\\/marquez-y-pedrosa-llegan-este-fin-de-semana-al-ecuador-del-mundial\\\/#primaryimage\"},\"thumbnailUrl\":\"https:\\\/\\\/www.boxrepsol.com\\\/wp-content\\\/uploads\\\/2022\\\/08\\\/00_dani_pedrosa_sachsenring_motogp_repsol_honda.jpg\",\"datePublished\":\"2017-06-27T02:00:00+00:00\",\"dateModified\":\"2024-05-15T09:48:51+00:00\",\"description\":\"Este fin de semana el campeonato llega a su novena cita, el GP de Alemania, con Marc M\u00e1rquez y Dani Pedrosa a 11 y 28 puntos, respectivamente, del liderato.\",\"breadcrumb\":{\"@id\":\"https:\\\/\\\/www.boxrepsol.com\\\/es\\\/motogp\\\/marquez-y-pedrosa-llegan-este-fin-de-semana-al-ecuador-del-mundial\\\/#breadcrumb\"},\"inLanguage\":\"es\",\"potentialAction\":[{\"@type\":\"ReadAction\",\"target\":[\"https:\\\/\\\/www.boxrepsol.com\\\/es\\\/motogp\\\/marquez-y-pedrosa-llegan-este-fin-de-semana-al-ecuador-del-mundial\\\/\"]}]},{\"@type\":\"ImageObject\",\"inLanguage\":\"es\",\"@id\":\"https:\\\/\\\/www.boxrepsol.com\\\/es\\\/motogp\\\/marquez-y-pedrosa-llegan-este-fin-de-semana-al-ecuador-del-mundial\\\/#primaryimage\",\"url\":\"https:\\\/\\\/www.boxrepsol.com\\\/wp-content\\\/uploads\\\/2022\\\/08\\\/00_dani_pedrosa_sachsenring_motogp_repsol_honda.jpg\",\"contentUrl\":\"https:\\\/\\\/www.boxrepsol.com\\\/wp-content\\\/uploads\\\/2022\\\/08\\\/00_dani_pedrosa_sachsenring_motogp_repsol_honda.jpg\",\"width\":995,\"height\":560,\"caption\":\"MotoGP Dani Pedrosa toma una curva en Sachsenring\"},{\"@type\":\"BreadcrumbList\",\"@id\":\"https:\\\/\\\/www.boxrepsol.com\\\/es\\\/motogp\\\/marquez-y-pedrosa-llegan-este-fin-de-semana-al-ecuador-del-mundial\\\/#breadcrumb\",\"itemListElement\":[{\"@type\":\"ListItem\",\"position\":1,\"name\":\"Home\",\"item\":\"https:\\\/\\\/www.boxrepsol.com\\\/es\\\/\"},{\"@type\":\"ListItem\",\"position\":2,\"name\":\"M\u00e1rquez y Pedrosa llegan este fin de semana al ecuador del Mundial\"}]},{\"@type\":\"WebSite\",\"@id\":\"https:\\\/\\\/www.boxrepsol.com\\\/es\\\/#website\",\"url\":\"https:\\\/\\\/www.boxrepsol.com\\\/es\\\/\",\"name\":\"Box Repsol\",\"description\":\"Box Repsol Site\",\"publisher\":{\"@id\":\"https:\\\/\\\/www.boxrepsol.com\\\/es\\\/#organization\"},\"potentialAction\":[{\"@type\":\"SearchAction\",\"target\":{\"@type\":\"EntryPoint\",\"urlTemplate\":\"https:\\\/\\\/www.boxrepsol.com\\\/es\\\/?s={search_term_string}\"},\"query-input\":{\"@type\":\"PropertyValueSpecification\",\"valueRequired\":true,\"valueName\":\"search_term_string\"}}],\"inLanguage\":\"es\"},{\"@type\":\"Organization\",\"@id\":\"https:\\\/\\\/www.boxrepsol.com\\\/es\\\/#organization\",\"name\":\"Box Repsol\",\"url\":\"https:\\\/\\\/www.boxrepsol.com\\\/es\\\/\",\"logo\":{\"@type\":\"ImageObject\",\"inLanguage\":\"es\",\"@id\":\"https:\\\/\\\/www.boxrepsol.com\\\/es\\\/#\\\/schema\\\/logo\\\/image\\\/\",\"url\":\"https:\\\/\\\/bxrepsol.s3.eu-west-1.amazonaws.com\\\/static\\\/2025\\\/07\\\/30083337\\\/favicon-96x96-1.png\",\"contentUrl\":\"https:\\\/\\\/bxrepsol.s3.eu-west-1.amazonaws.com\\\/static\\\/2025\\\/07\\\/30083337\\\/favicon-96x96-1.png\",\"width\":96,\"height\":96,\"caption\":\"Box Repsol\"},\"image\":{\"@id\":\"https:\\\/\\\/www.boxrepsol.com\\\/es\\\/#\\\/schema\\\/logo\\\/image\\\/\"},\"sameAs\":[\"https:\\\/\\\/www.facebook.com\\\/BoxRepsol\",\"https:\\\/\\\/x.com\\\/box_repsol\",\"http:\\\/\\\/instagram.com\\\/box_repsol\",\"https:\\\/\\\/www.youtube.com\\\/user\\\/RepsolCompeticion\",\"https:\\\/\\\/www.flickr.com\\\/photos\\\/box_repsol\\\/\"]},{\"@type\":\"Person\",\"@id\":\"https:\\\/\\\/www.boxrepsol.com\\\/es\\\/#\\\/schema\\\/person\\\/c5c2138f2cca251b0ad92b7086bb60b7\",\"name\":\"Redacci\u00f3n Box Repsol\",\"image\":{\"@type\":\"ImageObject\",\"inLanguage\":\"es\",\"@id\":\"https:\\\/\\\/secure.gravatar.com\\\/avatar\\\/adf7b77e38b4419baf32c7e9c21dde01f4e40df611f0978e3006fc4ba0aaab7e?s=96&d=mm&r=g\",\"url\":\"https:\\\/\\\/secure.gravatar.com\\\/avatar\\\/adf7b77e38b4419baf32c7e9c21dde01f4e40df611f0978e3006fc4ba0aaab7e?s=96&d=mm&r=g\",\"contentUrl\":\"https:\\\/\\\/secure.gravatar.com\\\/avatar\\\/adf7b77e38b4419baf32c7e9c21dde01f4e40df611f0978e3006fc4ba0aaab7e?s=96&d=mm&r=g\",\"caption\":\"Redacci\u00f3n Box Repsol\"},\"description\":\"Box Repsol lo forma un equipo de periodistas, community managers, dise\u00f1adores y fot\u00f3grafos con m\u00e1s de 20 a\u00f1os de experiencia en el mundo del motorsport. Hemos vivido el primer mundial de un espa\u00f1ol en la categor\u00eda reina de motociclismo con \u00c1lex Crivill\u00e9, estuvimos en las victorias de Pedrosa y los t\u00edtulos de M\u00e1rquez, acompa\u00f1amos en \u00c1frica a Nani Roma y Marc Coma en sus conquistas del Dakar y hemos vibrado con los t\u00edtulos de Toni Bou en Trial. Adem\u00e1s, en nuestro equipo contamos con expertos en el mundo de las dos y cuatro ruedas tanto de la calle y las carreteras, como de los circuitos. Periodistas que han trabajado en revistas y publicaciones para hacerte llegar desde rutas y consejos de mantenimiento, a curiosidades y trucos de pilotaje.\",\"sameAs\":[\"https:\\\/\\\/www.facebook.com\\\/BoxRepsol\\\/\",\"https:\\\/\\\/www.instagram.com\\\/box_repsol\\\/\",\"https:\\\/\\\/x.com\\\/https:\\\/\\\/twitter.com\\\/box_repsol\",\"https:\\\/\\\/www.youtube.com\\\/@Boxrepsol\"],\"url\":\"https:\\\/\\\/www.boxrepsol.com\\\/es\\\/author\\\/redaccion-box-repsol\\\/\"}]}<\/script>\n<!-- \/ Yoast SEO plugin. -->","yoast_head_json":{"title":"M\u00e1rquez y Pedrosa llegan este fin de semana al ecuador del Mundial - Box Repsol","description":"Este fin de semana el campeonato llega a su novena cita, el GP de Alemania, con Marc M\u00e1rquez y Dani Pedrosa a 11 y 28 puntos, respectivamente, del liderato.","canonical":"https:\/\/www.boxrepsol.com\/es\/motogp\/marquez-y-pedrosa-llegan-este-fin-de-semana-al-ecuador-del-mundial\/","og_locale":"es_ES","og_type":"article","og_title":"M\u00e1rquez y Pedrosa llegan este fin de semana al ecuador del Mundial - Box Repsol","og_description":"Este fin de semana el campeonato llega a su novena cita, el GP de Alemania, con Marc M\u00e1rquez y Dani Pedrosa a 11 y 28 puntos, respectivamente, del liderato.","og_url":"https:\/\/www.boxrepsol.com\/es\/motogp\/marquez-y-pedrosa-llegan-este-fin-de-semana-al-ecuador-del-mundial\/","og_site_name":"Box Repsol","article_publisher":"https:\/\/www.facebook.com\/BoxRepsol","article_author":"https:\/\/www.facebook.com\/BoxRepsol\/","article_published_time":"2017-06-27T02:00:00+00:00","article_modified_time":"2024-05-15T09:48:51+00:00","og_image":[{"width":995,"height":560,"url":"https:\/\/www.boxrepsol.com\/wp-content\/uploads\/2022\/08\/00_dani_pedrosa_sachsenring_motogp_repsol_honda.jpg","type":"image\/jpeg"}],"author":"Redacci\u00f3n Box Repsol","twitter_card":"summary_large_image","twitter_creator":"@https:\/\/twitter.com\/box_repsol","twitter_site":"@box_repsol","twitter_misc":{"Written by":"Redacci\u00f3n Box Repsol","Est. reading time":"2 minutos"},"schema":{"@context":"https:\/\/schema.org","@graph":[{"@type":"Article","@id":"https:\/\/www.boxrepsol.com\/es\/motogp\/marquez-y-pedrosa-llegan-este-fin-de-semana-al-ecuador-del-mundial\/#article","isPartOf":{"@id":"https:\/\/www.boxrepsol.com\/es\/motogp\/marquez-y-pedrosa-llegan-este-fin-de-semana-al-ecuador-del-mundial\/"},"author":{"name":"Redacci\u00f3n Box Repsol","@id":"https:\/\/www.boxrepsol.com\/es\/#\/schema\/person\/c5c2138f2cca251b0ad92b7086bb60b7"},"headline":"M\u00e1rquez y Pedrosa llegan este fin de semana al ecuador del Mundial","datePublished":"2017-06-27T02:00:00+00:00","dateModified":"2024-05-15T09:48:51+00:00","mainEntityOfPage":{"@id":"https:\/\/www.boxrepsol.com\/es\/motogp\/marquez-y-pedrosa-llegan-este-fin-de-semana-al-ecuador-del-mundial\/"},"wordCount":358,"commentCount":0,"publisher":{"@id":"https:\/\/www.boxrepsol.com\/es\/#organization"},"image":{"@id":"https:\/\/www.boxrepsol.com\/es\/motogp\/marquez-y-pedrosa-llegan-este-fin-de-semana-al-ecuador-del-mundial\/#primaryimage"},"thumbnailUrl":"https:\/\/www.boxrepsol.com\/wp-content\/uploads\/2022\/08\/00_dani_pedrosa_sachsenring_motogp_repsol_honda.jpg","keywords":["MotoGP Alemania"],"articleSection":["MotoGP"],"inLanguage":"es","potentialAction":[{"@type":"CommentAction","name":"Comment","target":["https:\/\/www.boxrepsol.com\/es\/motogp\/marquez-y-pedrosa-llegan-este-fin-de-semana-al-ecuador-del-mundial\/#respond"]}]},{"@type":"WebPage","@id":"https:\/\/www.boxrepsol.com\/es\/motogp\/marquez-y-pedrosa-llegan-este-fin-de-semana-al-ecuador-del-mundial\/","url":"https:\/\/www.boxrepsol.com\/es\/motogp\/marquez-y-pedrosa-llegan-este-fin-de-semana-al-ecuador-del-mundial\/","name":"M\u00e1rquez y Pedrosa llegan este fin de semana al ecuador del Mundial - Box Repsol","isPartOf":{"@id":"https:\/\/www.boxrepsol.com\/es\/#website"},"primaryImageOfPage":{"@id":"https:\/\/www.boxrepsol.com\/es\/motogp\/marquez-y-pedrosa-llegan-este-fin-de-semana-al-ecuador-del-mundial\/#primaryimage"},"image":{"@id":"https:\/\/www.boxrepsol.com\/es\/motogp\/marquez-y-pedrosa-llegan-este-fin-de-semana-al-ecuador-del-mundial\/#primaryimage"},"thumbnailUrl":"https:\/\/www.boxrepsol.com\/wp-content\/uploads\/2022\/08\/00_dani_pedrosa_sachsenring_motogp_repsol_honda.jpg","datePublished":"2017-06-27T02:00:00+00:00","dateModified":"2024-05-15T09:48:51+00:00","description":"Este fin de semana el campeonato llega a su novena cita, el GP de Alemania, con Marc M\u00e1rquez y Dani Pedrosa a 11 y 28 puntos, respectivamente, del liderato.","breadcrumb":{"@id":"https:\/\/www.boxrepsol.com\/es\/motogp\/marquez-y-pedrosa-llegan-este-fin-de-semana-al-ecuador-del-mundial\/#breadcrumb"},"inLanguage":"es","potentialAction":[{"@type":"ReadAction","target":["https:\/\/www.boxrepsol.com\/es\/motogp\/marquez-y-pedrosa-llegan-este-fin-de-semana-al-ecuador-del-mundial\/"]}]},{"@type":"ImageObject","inLanguage":"es","@id":"https:\/\/www.boxrepsol.com\/es\/motogp\/marquez-y-pedrosa-llegan-este-fin-de-semana-al-ecuador-del-mundial\/#primaryimage","url":"https:\/\/www.boxrepsol.com\/wp-content\/uploads\/2022\/08\/00_dani_pedrosa_sachsenring_motogp_repsol_honda.jpg","contentUrl":"https:\/\/www.boxrepsol.com\/wp-content\/uploads\/2022\/08\/00_dani_pedrosa_sachsenring_motogp_repsol_honda.jpg","width":995,"height":560,"caption":"MotoGP Dani Pedrosa toma una curva en Sachsenring"},{"@type":"BreadcrumbList","@id":"https:\/\/www.boxrepsol.com\/es\/motogp\/marquez-y-pedrosa-llegan-este-fin-de-semana-al-ecuador-del-mundial\/#breadcrumb","itemListElement":[{"@type":"ListItem","position":1,"name":"Home","item":"https:\/\/www.boxrepsol.com\/es\/"},{"@type":"ListItem","position":2,"name":"M\u00e1rquez y Pedrosa llegan este fin de semana al ecuador del Mundial"}]},{"@type":"WebSite","@id":"https:\/\/www.boxrepsol.com\/es\/#website","url":"https:\/\/www.boxrepsol.com\/es\/","name":"Box Repsol","description":"Box Repsol Site","publisher":{"@id":"https:\/\/www.boxrepsol.com\/es\/#organization"},"potentialAction":[{"@type":"SearchAction","target":{"@type":"EntryPoint","urlTemplate":"https:\/\/www.boxrepsol.com\/es\/?s={search_term_string}"},"query-input":{"@type":"PropertyValueSpecification","valueRequired":true,"valueName":"search_term_string"}}],"inLanguage":"es"},{"@type":"Organization","@id":"https:\/\/www.boxrepsol.com\/es\/#organization","name":"Box Repsol","url":"https:\/\/www.boxrepsol.com\/es\/","logo":{"@type":"ImageObject","inLanguage":"es","@id":"https:\/\/www.boxrepsol.com\/es\/#\/schema\/logo\/image\/","url":"https:\/\/bxrepsol.s3.eu-west-1.amazonaws.com\/static\/2025\/07\/30083337\/favicon-96x96-1.png","contentUrl":"https:\/\/bxrepsol.s3.eu-west-1.amazonaws.com\/static\/2025\/07\/30083337\/favicon-96x96-1.png","width":96,"height":96,"caption":"Box Repsol"},"image":{"@id":"https:\/\/www.boxrepsol.com\/es\/#\/schema\/logo\/image\/"},"sameAs":["https:\/\/www.facebook.com\/BoxRepsol","https:\/\/x.com\/box_repsol","http:\/\/instagram.com\/box_repsol","https:\/\/www.youtube.com\/user\/RepsolCompeticion","https:\/\/www.flickr.com\/photos\/box_repsol\/"]},{"@type":"Person","@id":"https:\/\/www.boxrepsol.com\/es\/#\/schema\/person\/c5c2138f2cca251b0ad92b7086bb60b7","name":"Redacci\u00f3n Box Repsol","image":{"@type":"ImageObject","inLanguage":"es","@id":"https:\/\/secure.gravatar.com\/avatar\/adf7b77e38b4419baf32c7e9c21dde01f4e40df611f0978e3006fc4ba0aaab7e?s=96&d=mm&r=g","url":"https:\/\/secure.gravatar.com\/avatar\/adf7b77e38b4419baf32c7e9c21dde01f4e40df611f0978e3006fc4ba0aaab7e?s=96&d=mm&r=g","contentUrl":"https:\/\/secure.gravatar.com\/avatar\/adf7b77e38b4419baf32c7e9c21dde01f4e40df611f0978e3006fc4ba0aaab7e?s=96&d=mm&r=g","caption":"Redacci\u00f3n Box Repsol"},"description":"Box Repsol lo forma un equipo de periodistas, community managers, dise\u00f1adores y fot\u00f3grafos con m\u00e1s de 20 a\u00f1os de experiencia en el mundo del motorsport. Hemos vivido el primer mundial de un espa\u00f1ol en la categor\u00eda reina de motociclismo con \u00c1lex Crivill\u00e9, estuvimos en las victorias de Pedrosa y los t\u00edtulos de M\u00e1rquez, acompa\u00f1amos en \u00c1frica a Nani Roma y Marc Coma en sus conquistas del Dakar y hemos vibrado con los t\u00edtulos de Toni Bou en Trial. Adem\u00e1s, en nuestro equipo contamos con expertos en el mundo de las dos y cuatro ruedas tanto de la calle y las carreteras, como de los circuitos. Periodistas que han trabajado en revistas y publicaciones para hacerte llegar desde rutas y consejos de mantenimiento, a curiosidades y trucos de pilotaje.","sameAs":["https:\/\/www.facebook.com\/BoxRepsol\/","https:\/\/www.instagram.com\/box_repsol\/","https:\/\/x.com\/https:\/\/twitter.com\/box_repsol","https:\/\/www.youtube.com\/@Boxrepsol"],"url":"https:\/\/www.boxrepsol.com\/es\/author\/redaccion-box-repsol\/"}]}},"_links":{"self":[{"href":"https:\/\/www.boxrepsol.com\/es\/wp-json\/wp\/v2\/posts\/90557","targetHints":{"allow":["GET"]}}],"collection":[{"href":"https:\/\/www.boxrepsol.com\/es\/wp-json\/wp\/v2\/posts"}],"about":[{"href":"https:\/\/www.boxrepsol.com\/es\/wp-json\/wp\/v2\/types\/post"}],"author":[{"embeddable":true,"href":"https:\/\/www.boxrepsol.com\/es\/wp-json\/wp\/v2\/users\/43146"}],"replies":[{"embeddable":true,"href":"https:\/\/www.boxrepsol.com\/es\/wp-json\/wp\/v2\/comments?post=90557"}],"version-history":[{"count":1,"href":"https:\/\/www.boxrepsol.com\/es\/wp-json\/wp\/v2\/posts\/90557\/revisions"}],"predecessor-version":[{"id":116234,"href":"https:\/\/www.boxrepsol.com\/es\/wp-json\/wp\/v2\/posts\/90557\/revisions\/116234"}],"wp:featuredmedia":[{"embeddable":true,"href":"https:\/\/www.boxrepsol.com\/es\/wp-json\/wp\/v2\/media\/86649"}],"wp:attachment":[{"href":"https:\/\/www.boxrepsol.com\/es\/wp-json\/wp\/v2\/media?parent=90557"}],"wp:term":[{"taxonomy":"category","embeddable":true,"href":"https:\/\/www.boxrepsol.com\/es\/wp-json\/wp\/v2\/categories?post=90557"},{"taxonomy":"post_tag","embeddable":true,"href":"https:\/\/www.boxrepsol.com\/es\/wp-json\/wp\/v2\/tags?post=90557"}],"curies":[{"name":"wp","href":"https:\/\/api.w.org\/{rel}","templated":true}]}}