{"id":90529,"date":"2017-06-23T00:00:00","date_gmt":"2017-06-23T02:00:00","guid":{"rendered":"http:\/\/pre.boxrepsol.com\/sin-categorizar\/gp-de-holanda-esta-es-la-gente-que-te-lo-contara-todo\/"},"modified":"2024-05-15T07:50:43","modified_gmt":"2024-05-15T09:50:43","slug":"gp-de-holanda-esta-es-la-gente-que-te-lo-contara-todo","status":"publish","type":"post","link":"https:\/\/www.boxrepsol.com\/es\/motogp\/gp-de-holanda-esta-es-la-gente-que-te-lo-contara-todo\/","title":{"rendered":"GP de Holanda: esta es la gente que te lo contar\u00e1 todo"},"content":{"rendered":"<p>El&nbsp;<strong>Gran Premio de Holanda<\/strong>&nbsp;empieza hoy&nbsp;<strong>23 de junio.&nbsp;<\/strong>Desde aqu\u00ed podr\u00edamos recomendaros seguir la cuenta de Twitter del <strong>circuito de Assen<\/strong>&nbsp;<strong>@ttcircuitassen&nbsp;<\/strong>para que no os perd\u00e1is un solo detalle, pero tendr\u00eda mucho de postureo porque os obligar\u00edamos a saber holand\u00e9s. El que lo hable y lo entienda, que no dude en echarle una ojeada, pues sin duda dar\u00e1 informaci\u00f3n oficial al minuto sobre todo lo que suceda en este trazado, con <strong>esa visi\u00f3n local que tan bien va para conocer bien las peculiaridades del pa\u00eds de turno<\/strong>.<\/p>\n<p>Para estar al d\u00eda de las sesiones clasificatorias, los tiempos y la parrilla, lo mejor es tener controlada la cuenta de <strong>@MotoGP<\/strong> as\u00ed como de los <strong>\u2018hashtags\u2019 #DutchGP<\/strong> y <strong>#Assen<\/strong>, adem\u00e1s de <strong>#Moto2<\/strong>, <strong>#Moto3<\/strong> y #<strong>MotoGP<\/strong>. Pero si lo que busc\u00e1is es algo m\u00e1s de intimidad, informaci\u00f3n desde dentro, <strong>Neil Spalding<\/strong> es uno de vuestros hombres. Empez\u00f3 a correr en moto en 1972 e incluso lleg\u00f3 a competir en carreras. Pero con el tiempo fue moldeando su verdadera pasi\u00f3n: <strong>la tecnolog\u00eda<\/strong>. Hoy es una de las personas que mejor conoce el interior de las m\u00e1quinas que cada domingo salen al asfalto, y desde su cuenta de Twitter <strong>@Spalders<\/strong> comparte todo lo que sucede en el \u2018pit lane\u2019. Vale la pena seguirle la pista si lo que se busca es <strong>una mirada alternativa a la que ofrecen los medios que podr\u00edamos considerar m\u00e1s oficiales<\/strong>.<\/p>\n<p>Si por el contrario quieres ir al grano, obtener todos los <strong>datos, estad\u00edsticas y n\u00fameros<\/strong> de la carrera de los Pa\u00edses Bajos, te recomendamos <strong>@MotoRaceFeed<\/strong>, que se alimenta de retuits de las principales cuentas que informan sobre el <strong>Mundial de motos<\/strong>. Tambi\u00e9n sobre \u2018superbikes\u2019. Esta cuenta incluye una curiosidad que sin duda te gustar\u00e1. M\u00e1s all\u00e1 de las fotos y la informaci\u00f3n, despu\u00e9s de cada gran carrera de <strong>MotoGP<\/strong> aporta una imagen de un podio muy particular formado por ping\u00fcinos de peluche a los que les a\u00f1aden los dorsales de los pilotos ganadores. \u00bfLa raz\u00f3n de semejante ocurrencia? Ni idea, pero llevan haciendo lo mismo desde el 2012. <strong>Una versi\u00f3n ant\u00e1rtica del pulpo Paul, pero sin predicciones<\/strong>. Aqu\u00ed va el podio de Montmel\u00f3 <a href=\"https:\/\/twitter.com\/MotoRaceFeed\/status\/873891377465233410\">https:\/\/twitter.com\/MotoRaceFeed\/status\/873891377465233410<\/a>. Y aqu\u00ed, todos los anteriores. <a href=\"https:\/\/twitter.com\/hashtag\/MotoRaceFeedPenguins?src=hash\">https:\/\/twitter.com\/hashtag\/MotoRaceFeedPenguins?src=hash<\/a><\/p>\n<p>Y por supuesto, adem\u00e1s de todas estas cuentas aut\u00f3ctonas, tenemos <strong>Twitter, Facebook e Instagram de Box Repsol<\/strong>, donde <strong>podr\u00e1s seguir toda la informaci\u00f3n y noticias de nuestros pilotos y del Gran Premio de Assen<\/strong>. <strong>\u00a1S\u00edguenos!<\/strong><\/p>\n<p>&nbsp;<\/p>\n","protected":false},"excerpt":{"rendered":"<p>Cada circuito tiene sus cosas, nada como conocerlas de primera mano, aqu\u00ed unos consejos de cuentas que te dar\u00e1n toda la informaci\u00f3n del GP de Holanda en el circuito de Assen.<\/p>\n","protected":false},"author":43146,"featured_media":90530,"comment_status":"open","ping_status":"open","sticky":false,"template":"","format":"standard","meta":{"footnotes":""},"categories":[4],"tags":[163],"class_list":["post-90529","post","type-post","status-publish","format-standard","hentry","category-motogp","tag-redes-sociales"],"yoast_head":"<!-- This site is optimized with the Yoast SEO plugin v27.3 - https:\/\/yoast.com\/product\/yoast-seo-wordpress\/ -->\n<title>GP de Holanda: como estar informado de todo - Box Repsol<\/title>\n<meta name=\"description\" content=\"El Gran Premio de Holanda empieza hoy 23 de junio. Desde aqu\u00ed podr\u00edamos recomendaros seguir la cuenta de Twitter del circuito de Assen @ttcircuitassen\" \/>\n<link rel=\"canonical\" href=\"https:\/\/www.boxrepsol.com\/es\/motogp\/gp-de-holanda-esta-es-la-gente-que-te-lo-contara-todo\/\" \/>\n<meta property=\"og:locale\" content=\"es_ES\" \/>\n<meta property=\"og:type\" content=\"article\" \/>\n<meta property=\"og:title\" content=\"GP de Holanda: como estar informado de todo - Box Repsol\" \/>\n<meta property=\"og:description\" content=\"El Gran Premio de Holanda empieza hoy 23 de junio. Desde aqu\u00ed podr\u00edamos recomendaros seguir la cuenta de Twitter del circuito de Assen @ttcircuitassen\" \/>\n<meta property=\"og:url\" content=\"https:\/\/www.boxrepsol.com\/es\/motogp\/gp-de-holanda-esta-es-la-gente-que-te-lo-contara-todo\/\" \/>\n<meta property=\"og:site_name\" content=\"Box Repsol\" \/>\n<meta property=\"article:publisher\" content=\"https:\/\/www.facebook.com\/BoxRepsol\" \/>\n<meta property=\"article:author\" content=\"https:\/\/www.facebook.com\/BoxRepsol\/\" \/>\n<meta property=\"article:published_time\" content=\"2017-06-23T02:00:00+00:00\" \/>\n<meta property=\"article:modified_time\" content=\"2024-05-15T09:50:43+00:00\" \/>\n<meta property=\"og:image\" content=\"https:\/\/bxrepsol.s3.eu-west-1.amazonaws.com\/static\/2023\/02\/24095410\/Esta_es_la_gente_que_te_lo_contara_todo_del_GP_de_Assen.png\" \/>\n\t<meta property=\"og:image:width\" content=\"982\" \/>\n\t<meta property=\"og:image:height\" content=\"553\" \/>\n\t<meta property=\"og:image:type\" content=\"image\/png\" \/>\n<meta name=\"author\" content=\"Redacci\u00f3n Box Repsol\" \/>\n<meta name=\"twitter:card\" content=\"summary_large_image\" \/>\n<meta name=\"twitter:creator\" content=\"@https:\/\/twitter.com\/box_repsol\" \/>\n<meta name=\"twitter:site\" content=\"@box_repsol\" \/>\n<meta name=\"twitter:label1\" content=\"Written by\" \/>\n\t<meta name=\"twitter:data1\" content=\"Redacci\u00f3n Box Repsol\" \/>\n\t<meta name=\"twitter:label2\" content=\"Est. reading time\" \/>\n\t<meta name=\"twitter:data2\" content=\"2 minutos\" \/>\n<script type=\"application\/ld+json\" class=\"yoast-schema-graph\">{\"@context\":\"https:\\\/\\\/schema.org\",\"@graph\":[{\"@type\":\"Article\",\"@id\":\"https:\\\/\\\/www.boxrepsol.com\\\/es\\\/motogp\\\/gp-de-holanda-esta-es-la-gente-que-te-lo-contara-todo\\\/#article\",\"isPartOf\":{\"@id\":\"https:\\\/\\\/www.boxrepsol.com\\\/es\\\/motogp\\\/gp-de-holanda-esta-es-la-gente-que-te-lo-contara-todo\\\/\"},\"author\":{\"name\":\"Redacci\u00f3n Box Repsol\",\"@id\":\"https:\\\/\\\/www.boxrepsol.com\\\/es\\\/#\\\/schema\\\/person\\\/c5c2138f2cca251b0ad92b7086bb60b7\"},\"headline\":\"GP de Holanda: esta es la gente que te lo contar\u00e1 todo\",\"datePublished\":\"2017-06-23T02:00:00+00:00\",\"dateModified\":\"2024-05-15T09:50:43+00:00\",\"mainEntityOfPage\":{\"@id\":\"https:\\\/\\\/www.boxrepsol.com\\\/es\\\/motogp\\\/gp-de-holanda-esta-es-la-gente-que-te-lo-contara-todo\\\/\"},\"wordCount\":459,\"commentCount\":0,\"publisher\":{\"@id\":\"https:\\\/\\\/www.boxrepsol.com\\\/es\\\/#organization\"},\"image\":{\"@id\":\"https:\\\/\\\/www.boxrepsol.com\\\/es\\\/motogp\\\/gp-de-holanda-esta-es-la-gente-que-te-lo-contara-todo\\\/#primaryimage\"},\"thumbnailUrl\":\"https:\\\/\\\/bxrepsol.s3.eu-west-1.amazonaws.com\\\/static\\\/2023\\\/02\\\/24095410\\\/Esta_es_la_gente_que_te_lo_contara_todo_del_GP_de_Assen.png\",\"keywords\":[\"redes sociales\"],\"articleSection\":[\"MotoGP\"],\"inLanguage\":\"es\",\"potentialAction\":[{\"@type\":\"CommentAction\",\"name\":\"Comment\",\"target\":[\"https:\\\/\\\/www.boxrepsol.com\\\/es\\\/motogp\\\/gp-de-holanda-esta-es-la-gente-que-te-lo-contara-todo\\\/#respond\"]}]},{\"@type\":\"WebPage\",\"@id\":\"https:\\\/\\\/www.boxrepsol.com\\\/es\\\/motogp\\\/gp-de-holanda-esta-es-la-gente-que-te-lo-contara-todo\\\/\",\"url\":\"https:\\\/\\\/www.boxrepsol.com\\\/es\\\/motogp\\\/gp-de-holanda-esta-es-la-gente-que-te-lo-contara-todo\\\/\",\"name\":\"GP de Holanda: como estar informado de todo - Box Repsol\",\"isPartOf\":{\"@id\":\"https:\\\/\\\/www.boxrepsol.com\\\/es\\\/#website\"},\"primaryImageOfPage\":{\"@id\":\"https:\\\/\\\/www.boxrepsol.com\\\/es\\\/motogp\\\/gp-de-holanda-esta-es-la-gente-que-te-lo-contara-todo\\\/#primaryimage\"},\"image\":{\"@id\":\"https:\\\/\\\/www.boxrepsol.com\\\/es\\\/motogp\\\/gp-de-holanda-esta-es-la-gente-que-te-lo-contara-todo\\\/#primaryimage\"},\"thumbnailUrl\":\"https:\\\/\\\/bxrepsol.s3.eu-west-1.amazonaws.com\\\/static\\\/2023\\\/02\\\/24095410\\\/Esta_es_la_gente_que_te_lo_contara_todo_del_GP_de_Assen.png\",\"datePublished\":\"2017-06-23T02:00:00+00:00\",\"dateModified\":\"2024-05-15T09:50:43+00:00\",\"description\":\"El Gran Premio de Holanda empieza hoy 23 de junio. Desde aqu\u00ed podr\u00edamos recomendaros seguir la cuenta de Twitter del circuito de Assen @ttcircuitassen\",\"breadcrumb\":{\"@id\":\"https:\\\/\\\/www.boxrepsol.com\\\/es\\\/motogp\\\/gp-de-holanda-esta-es-la-gente-que-te-lo-contara-todo\\\/#breadcrumb\"},\"inLanguage\":\"es\",\"potentialAction\":[{\"@type\":\"ReadAction\",\"target\":[\"https:\\\/\\\/www.boxrepsol.com\\\/es\\\/motogp\\\/gp-de-holanda-esta-es-la-gente-que-te-lo-contara-todo\\\/\"]}]},{\"@type\":\"ImageObject\",\"inLanguage\":\"es\",\"@id\":\"https:\\\/\\\/www.boxrepsol.com\\\/es\\\/motogp\\\/gp-de-holanda-esta-es-la-gente-que-te-lo-contara-todo\\\/#primaryimage\",\"url\":\"https:\\\/\\\/bxrepsol.s3.eu-west-1.amazonaws.com\\\/static\\\/2023\\\/02\\\/24095410\\\/Esta_es_la_gente_que_te_lo_contara_todo_del_GP_de_Assen.png\",\"contentUrl\":\"https:\\\/\\\/bxrepsol.s3.eu-west-1.amazonaws.com\\\/static\\\/2023\\\/02\\\/24095410\\\/Esta_es_la_gente_que_te_lo_contara_todo_del_GP_de_Assen.png\",\"width\":982,\"height\":553,\"caption\":\"Hastagh Dani Pedrosa\"},{\"@type\":\"BreadcrumbList\",\"@id\":\"https:\\\/\\\/www.boxrepsol.com\\\/es\\\/motogp\\\/gp-de-holanda-esta-es-la-gente-que-te-lo-contara-todo\\\/#breadcrumb\",\"itemListElement\":[{\"@type\":\"ListItem\",\"position\":1,\"name\":\"Home\",\"item\":\"https:\\\/\\\/www.boxrepsol.com\\\/es\\\/\"},{\"@type\":\"ListItem\",\"position\":2,\"name\":\"GP de Holanda: esta es la gente que te lo contar\u00e1 todo\"}]},{\"@type\":\"WebSite\",\"@id\":\"https:\\\/\\\/www.boxrepsol.com\\\/es\\\/#website\",\"url\":\"https:\\\/\\\/www.boxrepsol.com\\\/es\\\/\",\"name\":\"Box Repsol\",\"description\":\"Box Repsol Site\",\"publisher\":{\"@id\":\"https:\\\/\\\/www.boxrepsol.com\\\/es\\\/#organization\"},\"potentialAction\":[{\"@type\":\"SearchAction\",\"target\":{\"@type\":\"EntryPoint\",\"urlTemplate\":\"https:\\\/\\\/www.boxrepsol.com\\\/es\\\/?s={search_term_string}\"},\"query-input\":{\"@type\":\"PropertyValueSpecification\",\"valueRequired\":true,\"valueName\":\"search_term_string\"}}],\"inLanguage\":\"es\"},{\"@type\":\"Organization\",\"@id\":\"https:\\\/\\\/www.boxrepsol.com\\\/es\\\/#organization\",\"name\":\"Box Repsol\",\"url\":\"https:\\\/\\\/www.boxrepsol.com\\\/es\\\/\",\"logo\":{\"@type\":\"ImageObject\",\"inLanguage\":\"es\",\"@id\":\"https:\\\/\\\/www.boxrepsol.com\\\/es\\\/#\\\/schema\\\/logo\\\/image\\\/\",\"url\":\"https:\\\/\\\/bxrepsol.s3.eu-west-1.amazonaws.com\\\/static\\\/2025\\\/07\\\/30083337\\\/favicon-96x96-1.png\",\"contentUrl\":\"https:\\\/\\\/bxrepsol.s3.eu-west-1.amazonaws.com\\\/static\\\/2025\\\/07\\\/30083337\\\/favicon-96x96-1.png\",\"width\":96,\"height\":96,\"caption\":\"Box Repsol\"},\"image\":{\"@id\":\"https:\\\/\\\/www.boxrepsol.com\\\/es\\\/#\\\/schema\\\/logo\\\/image\\\/\"},\"sameAs\":[\"https:\\\/\\\/www.facebook.com\\\/BoxRepsol\",\"https:\\\/\\\/x.com\\\/box_repsol\",\"http:\\\/\\\/instagram.com\\\/box_repsol\",\"https:\\\/\\\/www.youtube.com\\\/user\\\/RepsolCompeticion\",\"https:\\\/\\\/www.flickr.com\\\/photos\\\/box_repsol\\\/\"]},{\"@type\":\"Person\",\"@id\":\"https:\\\/\\\/www.boxrepsol.com\\\/es\\\/#\\\/schema\\\/person\\\/c5c2138f2cca251b0ad92b7086bb60b7\",\"name\":\"Redacci\u00f3n Box Repsol\",\"image\":{\"@type\":\"ImageObject\",\"inLanguage\":\"es\",\"@id\":\"https:\\\/\\\/secure.gravatar.com\\\/avatar\\\/adf7b77e38b4419baf32c7e9c21dde01f4e40df611f0978e3006fc4ba0aaab7e?s=96&d=mm&r=g\",\"url\":\"https:\\\/\\\/secure.gravatar.com\\\/avatar\\\/adf7b77e38b4419baf32c7e9c21dde01f4e40df611f0978e3006fc4ba0aaab7e?s=96&d=mm&r=g\",\"contentUrl\":\"https:\\\/\\\/secure.gravatar.com\\\/avatar\\\/adf7b77e38b4419baf32c7e9c21dde01f4e40df611f0978e3006fc4ba0aaab7e?s=96&d=mm&r=g\",\"caption\":\"Redacci\u00f3n Box Repsol\"},\"description\":\"Box Repsol lo forma un equipo de periodistas, community managers, dise\u00f1adores y fot\u00f3grafos con m\u00e1s de 20 a\u00f1os de experiencia en el mundo del motorsport. Hemos vivido el primer mundial de un espa\u00f1ol en la categor\u00eda reina de motociclismo con \u00c1lex Crivill\u00e9, estuvimos en las victorias de Pedrosa y los t\u00edtulos de M\u00e1rquez, acompa\u00f1amos en \u00c1frica a Nani Roma y Marc Coma en sus conquistas del Dakar y hemos vibrado con los t\u00edtulos de Toni Bou en Trial. Adem\u00e1s, en nuestro equipo contamos con expertos en el mundo de las dos y cuatro ruedas tanto de la calle y las carreteras, como de los circuitos. Periodistas que han trabajado en revistas y publicaciones para hacerte llegar desde rutas y consejos de mantenimiento, a curiosidades y trucos de pilotaje.\",\"sameAs\":[\"https:\\\/\\\/www.facebook.com\\\/BoxRepsol\\\/\",\"https:\\\/\\\/www.instagram.com\\\/box_repsol\\\/\",\"https:\\\/\\\/x.com\\\/https:\\\/\\\/twitter.com\\\/box_repsol\",\"https:\\\/\\\/www.youtube.com\\\/@Boxrepsol\"],\"url\":\"https:\\\/\\\/www.boxrepsol.com\\\/es\\\/author\\\/redaccion-box-repsol\\\/\"}]}<\/script>\n<!-- \/ Yoast SEO plugin. -->","yoast_head_json":{"title":"GP de Holanda: como estar informado de todo - Box Repsol","description":"El Gran Premio de Holanda empieza hoy 23 de junio. Desde aqu\u00ed podr\u00edamos recomendaros seguir la cuenta de Twitter del circuito de Assen @ttcircuitassen","canonical":"https:\/\/www.boxrepsol.com\/es\/motogp\/gp-de-holanda-esta-es-la-gente-que-te-lo-contara-todo\/","og_locale":"es_ES","og_type":"article","og_title":"GP de Holanda: como estar informado de todo - Box Repsol","og_description":"El Gran Premio de Holanda empieza hoy 23 de junio. Desde aqu\u00ed podr\u00edamos recomendaros seguir la cuenta de Twitter del circuito de Assen @ttcircuitassen","og_url":"https:\/\/www.boxrepsol.com\/es\/motogp\/gp-de-holanda-esta-es-la-gente-que-te-lo-contara-todo\/","og_site_name":"Box Repsol","article_publisher":"https:\/\/www.facebook.com\/BoxRepsol","article_author":"https:\/\/www.facebook.com\/BoxRepsol\/","article_published_time":"2017-06-23T02:00:00+00:00","article_modified_time":"2024-05-15T09:50:43+00:00","og_image":[{"width":982,"height":553,"url":"https:\/\/bxrepsol.s3.eu-west-1.amazonaws.com\/static\/2023\/02\/24095410\/Esta_es_la_gente_que_te_lo_contara_todo_del_GP_de_Assen.png","type":"image\/png"}],"author":"Redacci\u00f3n Box Repsol","twitter_card":"summary_large_image","twitter_creator":"@https:\/\/twitter.com\/box_repsol","twitter_site":"@box_repsol","twitter_misc":{"Written by":"Redacci\u00f3n Box Repsol","Est. reading time":"2 minutos"},"schema":{"@context":"https:\/\/schema.org","@graph":[{"@type":"Article","@id":"https:\/\/www.boxrepsol.com\/es\/motogp\/gp-de-holanda-esta-es-la-gente-que-te-lo-contara-todo\/#article","isPartOf":{"@id":"https:\/\/www.boxrepsol.com\/es\/motogp\/gp-de-holanda-esta-es-la-gente-que-te-lo-contara-todo\/"},"author":{"name":"Redacci\u00f3n Box Repsol","@id":"https:\/\/www.boxrepsol.com\/es\/#\/schema\/person\/c5c2138f2cca251b0ad92b7086bb60b7"},"headline":"GP de Holanda: esta es la gente que te lo contar\u00e1 todo","datePublished":"2017-06-23T02:00:00+00:00","dateModified":"2024-05-15T09:50:43+00:00","mainEntityOfPage":{"@id":"https:\/\/www.boxrepsol.com\/es\/motogp\/gp-de-holanda-esta-es-la-gente-que-te-lo-contara-todo\/"},"wordCount":459,"commentCount":0,"publisher":{"@id":"https:\/\/www.boxrepsol.com\/es\/#organization"},"image":{"@id":"https:\/\/www.boxrepsol.com\/es\/motogp\/gp-de-holanda-esta-es-la-gente-que-te-lo-contara-todo\/#primaryimage"},"thumbnailUrl":"https:\/\/bxrepsol.s3.eu-west-1.amazonaws.com\/static\/2023\/02\/24095410\/Esta_es_la_gente_que_te_lo_contara_todo_del_GP_de_Assen.png","keywords":["redes sociales"],"articleSection":["MotoGP"],"inLanguage":"es","potentialAction":[{"@type":"CommentAction","name":"Comment","target":["https:\/\/www.boxrepsol.com\/es\/motogp\/gp-de-holanda-esta-es-la-gente-que-te-lo-contara-todo\/#respond"]}]},{"@type":"WebPage","@id":"https:\/\/www.boxrepsol.com\/es\/motogp\/gp-de-holanda-esta-es-la-gente-que-te-lo-contara-todo\/","url":"https:\/\/www.boxrepsol.com\/es\/motogp\/gp-de-holanda-esta-es-la-gente-que-te-lo-contara-todo\/","name":"GP de Holanda: como estar informado de todo - Box Repsol","isPartOf":{"@id":"https:\/\/www.boxrepsol.com\/es\/#website"},"primaryImageOfPage":{"@id":"https:\/\/www.boxrepsol.com\/es\/motogp\/gp-de-holanda-esta-es-la-gente-que-te-lo-contara-todo\/#primaryimage"},"image":{"@id":"https:\/\/www.boxrepsol.com\/es\/motogp\/gp-de-holanda-esta-es-la-gente-que-te-lo-contara-todo\/#primaryimage"},"thumbnailUrl":"https:\/\/bxrepsol.s3.eu-west-1.amazonaws.com\/static\/2023\/02\/24095410\/Esta_es_la_gente_que_te_lo_contara_todo_del_GP_de_Assen.png","datePublished":"2017-06-23T02:00:00+00:00","dateModified":"2024-05-15T09:50:43+00:00","description":"El Gran Premio de Holanda empieza hoy 23 de junio. Desde aqu\u00ed podr\u00edamos recomendaros seguir la cuenta de Twitter del circuito de Assen @ttcircuitassen","breadcrumb":{"@id":"https:\/\/www.boxrepsol.com\/es\/motogp\/gp-de-holanda-esta-es-la-gente-que-te-lo-contara-todo\/#breadcrumb"},"inLanguage":"es","potentialAction":[{"@type":"ReadAction","target":["https:\/\/www.boxrepsol.com\/es\/motogp\/gp-de-holanda-esta-es-la-gente-que-te-lo-contara-todo\/"]}]},{"@type":"ImageObject","inLanguage":"es","@id":"https:\/\/www.boxrepsol.com\/es\/motogp\/gp-de-holanda-esta-es-la-gente-que-te-lo-contara-todo\/#primaryimage","url":"https:\/\/bxrepsol.s3.eu-west-1.amazonaws.com\/static\/2023\/02\/24095410\/Esta_es_la_gente_que_te_lo_contara_todo_del_GP_de_Assen.png","contentUrl":"https:\/\/bxrepsol.s3.eu-west-1.amazonaws.com\/static\/2023\/02\/24095410\/Esta_es_la_gente_que_te_lo_contara_todo_del_GP_de_Assen.png","width":982,"height":553,"caption":"Hastagh Dani Pedrosa"},{"@type":"BreadcrumbList","@id":"https:\/\/www.boxrepsol.com\/es\/motogp\/gp-de-holanda-esta-es-la-gente-que-te-lo-contara-todo\/#breadcrumb","itemListElement":[{"@type":"ListItem","position":1,"name":"Home","item":"https:\/\/www.boxrepsol.com\/es\/"},{"@type":"ListItem","position":2,"name":"GP de Holanda: esta es la gente que te lo contar\u00e1 todo"}]},{"@type":"WebSite","@id":"https:\/\/www.boxrepsol.com\/es\/#website","url":"https:\/\/www.boxrepsol.com\/es\/","name":"Box Repsol","description":"Box Repsol Site","publisher":{"@id":"https:\/\/www.boxrepsol.com\/es\/#organization"},"potentialAction":[{"@type":"SearchAction","target":{"@type":"EntryPoint","urlTemplate":"https:\/\/www.boxrepsol.com\/es\/?s={search_term_string}"},"query-input":{"@type":"PropertyValueSpecification","valueRequired":true,"valueName":"search_term_string"}}],"inLanguage":"es"},{"@type":"Organization","@id":"https:\/\/www.boxrepsol.com\/es\/#organization","name":"Box Repsol","url":"https:\/\/www.boxrepsol.com\/es\/","logo":{"@type":"ImageObject","inLanguage":"es","@id":"https:\/\/www.boxrepsol.com\/es\/#\/schema\/logo\/image\/","url":"https:\/\/bxrepsol.s3.eu-west-1.amazonaws.com\/static\/2025\/07\/30083337\/favicon-96x96-1.png","contentUrl":"https:\/\/bxrepsol.s3.eu-west-1.amazonaws.com\/static\/2025\/07\/30083337\/favicon-96x96-1.png","width":96,"height":96,"caption":"Box Repsol"},"image":{"@id":"https:\/\/www.boxrepsol.com\/es\/#\/schema\/logo\/image\/"},"sameAs":["https:\/\/www.facebook.com\/BoxRepsol","https:\/\/x.com\/box_repsol","http:\/\/instagram.com\/box_repsol","https:\/\/www.youtube.com\/user\/RepsolCompeticion","https:\/\/www.flickr.com\/photos\/box_repsol\/"]},{"@type":"Person","@id":"https:\/\/www.boxrepsol.com\/es\/#\/schema\/person\/c5c2138f2cca251b0ad92b7086bb60b7","name":"Redacci\u00f3n Box Repsol","image":{"@type":"ImageObject","inLanguage":"es","@id":"https:\/\/secure.gravatar.com\/avatar\/adf7b77e38b4419baf32c7e9c21dde01f4e40df611f0978e3006fc4ba0aaab7e?s=96&d=mm&r=g","url":"https:\/\/secure.gravatar.com\/avatar\/adf7b77e38b4419baf32c7e9c21dde01f4e40df611f0978e3006fc4ba0aaab7e?s=96&d=mm&r=g","contentUrl":"https:\/\/secure.gravatar.com\/avatar\/adf7b77e38b4419baf32c7e9c21dde01f4e40df611f0978e3006fc4ba0aaab7e?s=96&d=mm&r=g","caption":"Redacci\u00f3n Box Repsol"},"description":"Box Repsol lo forma un equipo de periodistas, community managers, dise\u00f1adores y fot\u00f3grafos con m\u00e1s de 20 a\u00f1os de experiencia en el mundo del motorsport. Hemos vivido el primer mundial de un espa\u00f1ol en la categor\u00eda reina de motociclismo con \u00c1lex Crivill\u00e9, estuvimos en las victorias de Pedrosa y los t\u00edtulos de M\u00e1rquez, acompa\u00f1amos en \u00c1frica a Nani Roma y Marc Coma en sus conquistas del Dakar y hemos vibrado con los t\u00edtulos de Toni Bou en Trial. Adem\u00e1s, en nuestro equipo contamos con expertos en el mundo de las dos y cuatro ruedas tanto de la calle y las carreteras, como de los circuitos. Periodistas que han trabajado en revistas y publicaciones para hacerte llegar desde rutas y consejos de mantenimiento, a curiosidades y trucos de pilotaje.","sameAs":["https:\/\/www.facebook.com\/BoxRepsol\/","https:\/\/www.instagram.com\/box_repsol\/","https:\/\/x.com\/https:\/\/twitter.com\/box_repsol","https:\/\/www.youtube.com\/@Boxrepsol"],"url":"https:\/\/www.boxrepsol.com\/es\/author\/redaccion-box-repsol\/"}]}},"_links":{"self":[{"href":"https:\/\/www.boxrepsol.com\/es\/wp-json\/wp\/v2\/posts\/90529","targetHints":{"allow":["GET"]}}],"collection":[{"href":"https:\/\/www.boxrepsol.com\/es\/wp-json\/wp\/v2\/posts"}],"about":[{"href":"https:\/\/www.boxrepsol.com\/es\/wp-json\/wp\/v2\/types\/post"}],"author":[{"embeddable":true,"href":"https:\/\/www.boxrepsol.com\/es\/wp-json\/wp\/v2\/users\/43146"}],"replies":[{"embeddable":true,"href":"https:\/\/www.boxrepsol.com\/es\/wp-json\/wp\/v2\/comments?post=90529"}],"version-history":[{"count":1,"href":"https:\/\/www.boxrepsol.com\/es\/wp-json\/wp\/v2\/posts\/90529\/revisions"}],"predecessor-version":[{"id":111011,"href":"https:\/\/www.boxrepsol.com\/es\/wp-json\/wp\/v2\/posts\/90529\/revisions\/111011"}],"wp:featuredmedia":[{"embeddable":true,"href":"https:\/\/www.boxrepsol.com\/es\/wp-json\/wp\/v2\/media\/90530"}],"wp:attachment":[{"href":"https:\/\/www.boxrepsol.com\/es\/wp-json\/wp\/v2\/media?parent=90529"}],"wp:term":[{"taxonomy":"category","embeddable":true,"href":"https:\/\/www.boxrepsol.com\/es\/wp-json\/wp\/v2\/categories?post=90529"},{"taxonomy":"post_tag","embeddable":true,"href":"https:\/\/www.boxrepsol.com\/es\/wp-json\/wp\/v2\/tags?post=90529"}],"curies":[{"name":"wp","href":"https:\/\/api.w.org\/{rel}","templated":true}]}}