{"id":90512,"date":"2021-06-23T00:00:00","date_gmt":"2021-06-23T02:00:00","guid":{"rendered":"http:\/\/pre.boxrepsol.com\/sin-categorizar\/la-historia-del-gp-mas-historia\/"},"modified":"2024-04-12T13:35:17","modified_gmt":"2024-04-12T15:35:17","slug":"la-historia-del-gp-mas-historia","status":"publish","type":"post","link":"https:\/\/www.boxrepsol.com\/es\/motogp\/la-historia-del-gp-mas-historia\/","title":{"rendered":"TT de Assen: La historia del GP con m\u00e1s historia"},"content":{"rendered":"\n<blockquote class=\"wp-block-quote is-layout-flow wp-block-quote-is-layout-flow\">\n<blockquote class=\"wp-block-quote is-layout-flow wp-block-quote-is-layout-flow\">\n<p><\/p>\n<cite>Desde sus inicios y hasta 2015, la carrera se celebraba en s\u00e1bado.<\/cite><\/blockquote>\n<\/blockquote>\n\n\n\n<p>La cita del Mundial de MotoGP que se celebra este fin de semana en Holanda es conocida como <em>Dutch TT<\/em> o <em>TT Assen<\/em>, donde TT significa Tourist Trophy, nomenclatura heredada de la famosa carrera de la Isla de Man, una de las pioneras en Europa.<\/p>\n\n\n\n<p>Con los a\u00f1os, la costumbre de llamar Gran Premio a las carreras de dos o cuatro ruedas ha predominado sobre Tourist Trophy y el Dutch TT es la \u00fanica prueba del Campeonato del Mundo que todav\u00eda conserva estas siglas.<\/p>\n\n\n\n<p>Espa\u00f1a tambi\u00e9n tuvo su \u201cTT espa\u00f1ol\u201d y se celebr\u00f3 en Bilbao a principios de los a\u00f1os \u201930.<\/p>\n\n\n\n<p>El primer Gran Premio de Holanda fue en 1925 y desde entonces se ha celebrado cada a\u00f1o, con excepci\u00f3n del periodo de la Segunda Guerra Mundial (entre 1940 y 1945).<\/p>\n\n\n\n<p>Es el \u00fanico circuito que ha albergado carreras del Mundial de Motociclismo desde su creaci\u00f3n en 1949.<\/p>\n\n\n\n<p>El trazado original de Assen ten\u00eda 28 kil\u00f3metros y recorr\u00eda las carreteras que unen los pueblos de Borger, Schoonloo y Grolloo.<\/p>\n\n\n\n<figure class=\"wp-block-image\"><img decoding=\"async\" src=\"https:\/\/bxrepsol.s3.eu-west-1.amazonaws.com\/static\/2022\/08\/29052031\/00_marc_marquez_holanda_assen_victoria_repsol_honda_bandera_93.jpg\" alt=\"\"\/><\/figure>\n\n\n\n<p>En 1955 se construy\u00f3 un circuito permanente de 7.705 metros en la que es su ubicaci\u00f3n actual y fue espec\u00edficamente dise\u00f1ado para albergar carreras de motos.<\/p>\n\n\n\n<p>En 2006 se modific\u00f3 el trazado, reduciendo su longitud a 4.750 metros, y en 2010 se realiz\u00f3 un nuevo cambio, pasando a medir 4.550 metros.<\/p>\n\n\n\n<p>Todas las categor\u00edas que han formado parte del Campeonato del Mundo (50cc, 125cc, 250cc, 350cc, 500cc y sidecars) han competido en el circuito de Assen.<\/p>\n\n\n\n<p>Desde sus inicios y hasta 2015, la carrera se celebraba en s\u00e1bado. Existen distintas versiones que explican esta excepci\u00f3n y una de las m\u00e1s extendidas es que el antiguo circuito se encontraba al lado de la iglesia de la localidad. Al cortar las calles por la competici\u00f3n y para no impedir a los ciudadanos ir a misa, se decidi\u00f3 celebrar la prueba un d\u00eda antes de lo habitual.<\/p>\n\n\n\n<p>Otra versi\u00f3n de la historia dice que en sus or\u00edgenes, los domingos se dedicaban a las ferias de ganado y por eso no se pod\u00eda correr.<\/p>\n\n\n\n<p>El primer circuito de Holanda se encontraba en la ciudad de Rolde, a 7 kil\u00f3metros de distancia del trazado actual.<\/p>\n\n\n\n<p>El himno del pa\u00eds se titula Wilhelmus y es el m\u00e1s antiguo del mundo. La \u00faltima vez que un piloto Holand\u00e9s lo hizo sonar en el Campeonato del Mundo fue Hans Spaan, al vencer el Gran Premio de Checoslovaquia de 125cc, en Brno, en 1990.<\/p>\n\n\n\n<figure class=\"wp-block-image\"><img decoding=\"async\" src=\"https:\/\/bxrepsol.s3.eu-west-1.amazonaws.com\/static\/2022\/08\/29052033\/08Assen16MgpREPSOL_FK5650-scaled.jpg\" alt=\"\"\/><\/figure>\n\n\n\n<p>La letra del himno de Holanda tiene su origen entre 1568 y 1572, en la rebeli\u00f3n de las provincias de los Pa\u00edses Bajos contra la corona espa\u00f1ola, que en esa \u00e9poca ocupaba Felipe II.<\/p>\n\n\n\n<p>La banda de <em>heavy metal<\/em> \u201cIron Maiden\u201d celebr\u00f3 un multitudinario concierto en el circuito el 16 de agosto de 2008 como parte de su gira mundial \u201cSomewhere Back In Time\u201d.<\/p>\n\n\n\n<p>El trazado acogi\u00f3 la primera etapa de la Vuelta a Espa\u00f1a de 2009, segunda vez en la historia de esta competici\u00f3n que comenzaba fuera de Espa\u00f1a.<\/p>\n","protected":false},"excerpt":{"rendered":"<p>El Circuito de Assen es el \u00fanico presente en el calendario del Campeonato del Mundo de Motociclismo desde su creaci\u00f3n en 1949.<\/p>\n","protected":false},"author":43146,"featured_media":86630,"comment_status":"open","ping_status":"open","sticky":false,"template":"","format":"standard","meta":{"footnotes":""},"categories":[4],"tags":[153],"class_list":["post-90512","post","type-post","status-publish","format-standard","hentry","category-motogp","tag-motogp-holanda"],"yoast_head":"<!-- This site is optimized with the Yoast SEO plugin v27.3 - https:\/\/yoast.com\/product\/yoast-seo-wordpress\/ -->\n<title>TT de Assen: La historia del GP con m\u00e1s historia - Box Repsol<\/title>\n<meta name=\"description\" content=\"El Circuito de Assen es el \u00fanico presente en el calendario del Campeonato del Mundo de Motociclismo desde su creaci\u00f3n en 1949.\" \/>\n<link rel=\"canonical\" href=\"https:\/\/www.boxrepsol.com\/es\/motogp\/la-historia-del-gp-mas-historia\/\" \/>\n<meta property=\"og:locale\" content=\"es_ES\" \/>\n<meta property=\"og:type\" content=\"article\" \/>\n<meta property=\"og:title\" content=\"TT de Assen: La historia del GP con m\u00e1s historia - Box Repsol\" \/>\n<meta property=\"og:description\" content=\"El Circuito de Assen es el \u00fanico presente en el calendario del Campeonato del Mundo de Motociclismo desde su creaci\u00f3n en 1949.\" \/>\n<meta property=\"og:url\" content=\"https:\/\/www.boxrepsol.com\/es\/motogp\/la-historia-del-gp-mas-historia\/\" \/>\n<meta property=\"og:site_name\" content=\"Box Repsol\" \/>\n<meta property=\"article:publisher\" content=\"https:\/\/www.facebook.com\/BoxRepsol\" \/>\n<meta property=\"article:author\" content=\"https:\/\/www.facebook.com\/BoxRepsol\/\" \/>\n<meta property=\"article:published_time\" content=\"2021-06-23T02:00:00+00:00\" \/>\n<meta property=\"article:modified_time\" content=\"2024-04-12T15:35:17+00:00\" \/>\n<meta property=\"og:image\" content=\"https:\/\/www.boxrepsol.com\/wp-content\/uploads\/2022\/08\/00_marcmarquez_assen_motogp_repsol.jpg\" \/>\n\t<meta property=\"og:image:width\" content=\"995\" \/>\n\t<meta property=\"og:image:height\" content=\"560\" \/>\n\t<meta property=\"og:image:type\" content=\"image\/jpeg\" \/>\n<meta name=\"author\" content=\"Redacci\u00f3n Box Repsol\" \/>\n<meta name=\"twitter:card\" content=\"summary_large_image\" \/>\n<meta name=\"twitter:creator\" content=\"@https:\/\/twitter.com\/box_repsol\" \/>\n<meta name=\"twitter:site\" content=\"@box_repsol\" \/>\n<meta name=\"twitter:label1\" content=\"Written by\" \/>\n\t<meta name=\"twitter:data1\" content=\"Redacci\u00f3n Box Repsol\" \/>\n\t<meta name=\"twitter:label2\" content=\"Est. reading time\" \/>\n\t<meta name=\"twitter:data2\" content=\"3 minutos\" \/>\n<script type=\"application\/ld+json\" class=\"yoast-schema-graph\">{\"@context\":\"https:\\\/\\\/schema.org\",\"@graph\":[{\"@type\":\"Article\",\"@id\":\"https:\\\/\\\/www.boxrepsol.com\\\/es\\\/motogp\\\/la-historia-del-gp-mas-historia\\\/#article\",\"isPartOf\":{\"@id\":\"https:\\\/\\\/www.boxrepsol.com\\\/es\\\/motogp\\\/la-historia-del-gp-mas-historia\\\/\"},\"author\":{\"name\":\"Redacci\u00f3n Box Repsol\",\"@id\":\"https:\\\/\\\/www.boxrepsol.com\\\/es\\\/#\\\/schema\\\/person\\\/c5c2138f2cca251b0ad92b7086bb60b7\"},\"headline\":\"TT de Assen: La historia del GP con m\u00e1s historia\",\"datePublished\":\"2021-06-23T02:00:00+00:00\",\"dateModified\":\"2024-04-12T15:35:17+00:00\",\"mainEntityOfPage\":{\"@id\":\"https:\\\/\\\/www.boxrepsol.com\\\/es\\\/motogp\\\/la-historia-del-gp-mas-historia\\\/\"},\"wordCount\":531,\"commentCount\":0,\"publisher\":{\"@id\":\"https:\\\/\\\/www.boxrepsol.com\\\/es\\\/#organization\"},\"image\":{\"@id\":\"https:\\\/\\\/www.boxrepsol.com\\\/es\\\/motogp\\\/la-historia-del-gp-mas-historia\\\/#primaryimage\"},\"thumbnailUrl\":\"https:\\\/\\\/www.boxrepsol.com\\\/wp-content\\\/uploads\\\/2022\\\/08\\\/00_marcmarquez_assen_motogp_repsol.jpg\",\"keywords\":[\"MotoGP Holanda\"],\"articleSection\":[\"MotoGP\"],\"inLanguage\":\"es\",\"potentialAction\":[{\"@type\":\"CommentAction\",\"name\":\"Comment\",\"target\":[\"https:\\\/\\\/www.boxrepsol.com\\\/es\\\/motogp\\\/la-historia-del-gp-mas-historia\\\/#respond\"]}]},{\"@type\":\"WebPage\",\"@id\":\"https:\\\/\\\/www.boxrepsol.com\\\/es\\\/motogp\\\/la-historia-del-gp-mas-historia\\\/\",\"url\":\"https:\\\/\\\/www.boxrepsol.com\\\/es\\\/motogp\\\/la-historia-del-gp-mas-historia\\\/\",\"name\":\"TT de Assen: La historia del GP con m\u00e1s historia - Box Repsol\",\"isPartOf\":{\"@id\":\"https:\\\/\\\/www.boxrepsol.com\\\/es\\\/#website\"},\"primaryImageOfPage\":{\"@id\":\"https:\\\/\\\/www.boxrepsol.com\\\/es\\\/motogp\\\/la-historia-del-gp-mas-historia\\\/#primaryimage\"},\"image\":{\"@id\":\"https:\\\/\\\/www.boxrepsol.com\\\/es\\\/motogp\\\/la-historia-del-gp-mas-historia\\\/#primaryimage\"},\"thumbnailUrl\":\"https:\\\/\\\/www.boxrepsol.com\\\/wp-content\\\/uploads\\\/2022\\\/08\\\/00_marcmarquez_assen_motogp_repsol.jpg\",\"datePublished\":\"2021-06-23T02:00:00+00:00\",\"dateModified\":\"2024-04-12T15:35:17+00:00\",\"description\":\"El Circuito de Assen es el \u00fanico presente en el calendario del Campeonato del Mundo de Motociclismo desde su creaci\u00f3n en 1949.\",\"breadcrumb\":{\"@id\":\"https:\\\/\\\/www.boxrepsol.com\\\/es\\\/motogp\\\/la-historia-del-gp-mas-historia\\\/#breadcrumb\"},\"inLanguage\":\"es\",\"potentialAction\":[{\"@type\":\"ReadAction\",\"target\":[\"https:\\\/\\\/www.boxrepsol.com\\\/es\\\/motogp\\\/la-historia-del-gp-mas-historia\\\/\"]}]},{\"@type\":\"ImageObject\",\"inLanguage\":\"es\",\"@id\":\"https:\\\/\\\/www.boxrepsol.com\\\/es\\\/motogp\\\/la-historia-del-gp-mas-historia\\\/#primaryimage\",\"url\":\"https:\\\/\\\/www.boxrepsol.com\\\/wp-content\\\/uploads\\\/2022\\\/08\\\/00_marcmarquez_assen_motogp_repsol.jpg\",\"contentUrl\":\"https:\\\/\\\/www.boxrepsol.com\\\/wp-content\\\/uploads\\\/2022\\\/08\\\/00_marcmarquez_assen_motogp_repsol.jpg\",\"width\":995,\"height\":560,\"caption\":\"Marc M\u00e1rquez rodando frente a las gradas\"},{\"@type\":\"BreadcrumbList\",\"@id\":\"https:\\\/\\\/www.boxrepsol.com\\\/es\\\/motogp\\\/la-historia-del-gp-mas-historia\\\/#breadcrumb\",\"itemListElement\":[{\"@type\":\"ListItem\",\"position\":1,\"name\":\"Home\",\"item\":\"https:\\\/\\\/www.boxrepsol.com\\\/es\\\/\"},{\"@type\":\"ListItem\",\"position\":2,\"name\":\"TT de Assen: La historia del GP con m\u00e1s historia\"}]},{\"@type\":\"WebSite\",\"@id\":\"https:\\\/\\\/www.boxrepsol.com\\\/es\\\/#website\",\"url\":\"https:\\\/\\\/www.boxrepsol.com\\\/es\\\/\",\"name\":\"Box Repsol\",\"description\":\"Box Repsol Site\",\"publisher\":{\"@id\":\"https:\\\/\\\/www.boxrepsol.com\\\/es\\\/#organization\"},\"potentialAction\":[{\"@type\":\"SearchAction\",\"target\":{\"@type\":\"EntryPoint\",\"urlTemplate\":\"https:\\\/\\\/www.boxrepsol.com\\\/es\\\/?s={search_term_string}\"},\"query-input\":{\"@type\":\"PropertyValueSpecification\",\"valueRequired\":true,\"valueName\":\"search_term_string\"}}],\"inLanguage\":\"es\"},{\"@type\":\"Organization\",\"@id\":\"https:\\\/\\\/www.boxrepsol.com\\\/es\\\/#organization\",\"name\":\"Box Repsol\",\"url\":\"https:\\\/\\\/www.boxrepsol.com\\\/es\\\/\",\"logo\":{\"@type\":\"ImageObject\",\"inLanguage\":\"es\",\"@id\":\"https:\\\/\\\/www.boxrepsol.com\\\/es\\\/#\\\/schema\\\/logo\\\/image\\\/\",\"url\":\"https:\\\/\\\/bxrepsol.s3.eu-west-1.amazonaws.com\\\/static\\\/2025\\\/07\\\/30083337\\\/favicon-96x96-1.png\",\"contentUrl\":\"https:\\\/\\\/bxrepsol.s3.eu-west-1.amazonaws.com\\\/static\\\/2025\\\/07\\\/30083337\\\/favicon-96x96-1.png\",\"width\":96,\"height\":96,\"caption\":\"Box Repsol\"},\"image\":{\"@id\":\"https:\\\/\\\/www.boxrepsol.com\\\/es\\\/#\\\/schema\\\/logo\\\/image\\\/\"},\"sameAs\":[\"https:\\\/\\\/www.facebook.com\\\/BoxRepsol\",\"https:\\\/\\\/x.com\\\/box_repsol\",\"http:\\\/\\\/instagram.com\\\/box_repsol\",\"https:\\\/\\\/www.youtube.com\\\/user\\\/RepsolCompeticion\",\"https:\\\/\\\/www.flickr.com\\\/photos\\\/box_repsol\\\/\"]},{\"@type\":\"Person\",\"@id\":\"https:\\\/\\\/www.boxrepsol.com\\\/es\\\/#\\\/schema\\\/person\\\/c5c2138f2cca251b0ad92b7086bb60b7\",\"name\":\"Redacci\u00f3n Box Repsol\",\"image\":{\"@type\":\"ImageObject\",\"inLanguage\":\"es\",\"@id\":\"https:\\\/\\\/secure.gravatar.com\\\/avatar\\\/adf7b77e38b4419baf32c7e9c21dde01f4e40df611f0978e3006fc4ba0aaab7e?s=96&d=mm&r=g\",\"url\":\"https:\\\/\\\/secure.gravatar.com\\\/avatar\\\/adf7b77e38b4419baf32c7e9c21dde01f4e40df611f0978e3006fc4ba0aaab7e?s=96&d=mm&r=g\",\"contentUrl\":\"https:\\\/\\\/secure.gravatar.com\\\/avatar\\\/adf7b77e38b4419baf32c7e9c21dde01f4e40df611f0978e3006fc4ba0aaab7e?s=96&d=mm&r=g\",\"caption\":\"Redacci\u00f3n Box Repsol\"},\"description\":\"Box Repsol lo forma un equipo de periodistas, community managers, dise\u00f1adores y fot\u00f3grafos con m\u00e1s de 20 a\u00f1os de experiencia en el mundo del motorsport. Hemos vivido el primer mundial de un espa\u00f1ol en la categor\u00eda reina de motociclismo con \u00c1lex Crivill\u00e9, estuvimos en las victorias de Pedrosa y los t\u00edtulos de M\u00e1rquez, acompa\u00f1amos en \u00c1frica a Nani Roma y Marc Coma en sus conquistas del Dakar y hemos vibrado con los t\u00edtulos de Toni Bou en Trial. Adem\u00e1s, en nuestro equipo contamos con expertos en el mundo de las dos y cuatro ruedas tanto de la calle y las carreteras, como de los circuitos. Periodistas que han trabajado en revistas y publicaciones para hacerte llegar desde rutas y consejos de mantenimiento, a curiosidades y trucos de pilotaje.\",\"sameAs\":[\"https:\\\/\\\/www.facebook.com\\\/BoxRepsol\\\/\",\"https:\\\/\\\/www.instagram.com\\\/box_repsol\\\/\",\"https:\\\/\\\/x.com\\\/https:\\\/\\\/twitter.com\\\/box_repsol\",\"https:\\\/\\\/www.youtube.com\\\/@Boxrepsol\"],\"url\":\"https:\\\/\\\/www.boxrepsol.com\\\/es\\\/author\\\/redaccion-box-repsol\\\/\"}]}<\/script>\n<!-- \/ Yoast SEO plugin. -->","yoast_head_json":{"title":"TT de Assen: La historia del GP con m\u00e1s historia - Box Repsol","description":"El Circuito de Assen es el \u00fanico presente en el calendario del Campeonato del Mundo de Motociclismo desde su creaci\u00f3n en 1949.","canonical":"https:\/\/www.boxrepsol.com\/es\/motogp\/la-historia-del-gp-mas-historia\/","og_locale":"es_ES","og_type":"article","og_title":"TT de Assen: La historia del GP con m\u00e1s historia - Box Repsol","og_description":"El Circuito de Assen es el \u00fanico presente en el calendario del Campeonato del Mundo de Motociclismo desde su creaci\u00f3n en 1949.","og_url":"https:\/\/www.boxrepsol.com\/es\/motogp\/la-historia-del-gp-mas-historia\/","og_site_name":"Box Repsol","article_publisher":"https:\/\/www.facebook.com\/BoxRepsol","article_author":"https:\/\/www.facebook.com\/BoxRepsol\/","article_published_time":"2021-06-23T02:00:00+00:00","article_modified_time":"2024-04-12T15:35:17+00:00","og_image":[{"width":995,"height":560,"url":"https:\/\/www.boxrepsol.com\/wp-content\/uploads\/2022\/08\/00_marcmarquez_assen_motogp_repsol.jpg","type":"image\/jpeg"}],"author":"Redacci\u00f3n Box Repsol","twitter_card":"summary_large_image","twitter_creator":"@https:\/\/twitter.com\/box_repsol","twitter_site":"@box_repsol","twitter_misc":{"Written by":"Redacci\u00f3n Box Repsol","Est. reading time":"3 minutos"},"schema":{"@context":"https:\/\/schema.org","@graph":[{"@type":"Article","@id":"https:\/\/www.boxrepsol.com\/es\/motogp\/la-historia-del-gp-mas-historia\/#article","isPartOf":{"@id":"https:\/\/www.boxrepsol.com\/es\/motogp\/la-historia-del-gp-mas-historia\/"},"author":{"name":"Redacci\u00f3n Box Repsol","@id":"https:\/\/www.boxrepsol.com\/es\/#\/schema\/person\/c5c2138f2cca251b0ad92b7086bb60b7"},"headline":"TT de Assen: La historia del GP con m\u00e1s historia","datePublished":"2021-06-23T02:00:00+00:00","dateModified":"2024-04-12T15:35:17+00:00","mainEntityOfPage":{"@id":"https:\/\/www.boxrepsol.com\/es\/motogp\/la-historia-del-gp-mas-historia\/"},"wordCount":531,"commentCount":0,"publisher":{"@id":"https:\/\/www.boxrepsol.com\/es\/#organization"},"image":{"@id":"https:\/\/www.boxrepsol.com\/es\/motogp\/la-historia-del-gp-mas-historia\/#primaryimage"},"thumbnailUrl":"https:\/\/www.boxrepsol.com\/wp-content\/uploads\/2022\/08\/00_marcmarquez_assen_motogp_repsol.jpg","keywords":["MotoGP Holanda"],"articleSection":["MotoGP"],"inLanguage":"es","potentialAction":[{"@type":"CommentAction","name":"Comment","target":["https:\/\/www.boxrepsol.com\/es\/motogp\/la-historia-del-gp-mas-historia\/#respond"]}]},{"@type":"WebPage","@id":"https:\/\/www.boxrepsol.com\/es\/motogp\/la-historia-del-gp-mas-historia\/","url":"https:\/\/www.boxrepsol.com\/es\/motogp\/la-historia-del-gp-mas-historia\/","name":"TT de Assen: La historia del GP con m\u00e1s historia - Box Repsol","isPartOf":{"@id":"https:\/\/www.boxrepsol.com\/es\/#website"},"primaryImageOfPage":{"@id":"https:\/\/www.boxrepsol.com\/es\/motogp\/la-historia-del-gp-mas-historia\/#primaryimage"},"image":{"@id":"https:\/\/www.boxrepsol.com\/es\/motogp\/la-historia-del-gp-mas-historia\/#primaryimage"},"thumbnailUrl":"https:\/\/www.boxrepsol.com\/wp-content\/uploads\/2022\/08\/00_marcmarquez_assen_motogp_repsol.jpg","datePublished":"2021-06-23T02:00:00+00:00","dateModified":"2024-04-12T15:35:17+00:00","description":"El Circuito de Assen es el \u00fanico presente en el calendario del Campeonato del Mundo de Motociclismo desde su creaci\u00f3n en 1949.","breadcrumb":{"@id":"https:\/\/www.boxrepsol.com\/es\/motogp\/la-historia-del-gp-mas-historia\/#breadcrumb"},"inLanguage":"es","potentialAction":[{"@type":"ReadAction","target":["https:\/\/www.boxrepsol.com\/es\/motogp\/la-historia-del-gp-mas-historia\/"]}]},{"@type":"ImageObject","inLanguage":"es","@id":"https:\/\/www.boxrepsol.com\/es\/motogp\/la-historia-del-gp-mas-historia\/#primaryimage","url":"https:\/\/www.boxrepsol.com\/wp-content\/uploads\/2022\/08\/00_marcmarquez_assen_motogp_repsol.jpg","contentUrl":"https:\/\/www.boxrepsol.com\/wp-content\/uploads\/2022\/08\/00_marcmarquez_assen_motogp_repsol.jpg","width":995,"height":560,"caption":"Marc M\u00e1rquez rodando frente a las gradas"},{"@type":"BreadcrumbList","@id":"https:\/\/www.boxrepsol.com\/es\/motogp\/la-historia-del-gp-mas-historia\/#breadcrumb","itemListElement":[{"@type":"ListItem","position":1,"name":"Home","item":"https:\/\/www.boxrepsol.com\/es\/"},{"@type":"ListItem","position":2,"name":"TT de Assen: La historia del GP con m\u00e1s historia"}]},{"@type":"WebSite","@id":"https:\/\/www.boxrepsol.com\/es\/#website","url":"https:\/\/www.boxrepsol.com\/es\/","name":"Box Repsol","description":"Box Repsol Site","publisher":{"@id":"https:\/\/www.boxrepsol.com\/es\/#organization"},"potentialAction":[{"@type":"SearchAction","target":{"@type":"EntryPoint","urlTemplate":"https:\/\/www.boxrepsol.com\/es\/?s={search_term_string}"},"query-input":{"@type":"PropertyValueSpecification","valueRequired":true,"valueName":"search_term_string"}}],"inLanguage":"es"},{"@type":"Organization","@id":"https:\/\/www.boxrepsol.com\/es\/#organization","name":"Box Repsol","url":"https:\/\/www.boxrepsol.com\/es\/","logo":{"@type":"ImageObject","inLanguage":"es","@id":"https:\/\/www.boxrepsol.com\/es\/#\/schema\/logo\/image\/","url":"https:\/\/bxrepsol.s3.eu-west-1.amazonaws.com\/static\/2025\/07\/30083337\/favicon-96x96-1.png","contentUrl":"https:\/\/bxrepsol.s3.eu-west-1.amazonaws.com\/static\/2025\/07\/30083337\/favicon-96x96-1.png","width":96,"height":96,"caption":"Box Repsol"},"image":{"@id":"https:\/\/www.boxrepsol.com\/es\/#\/schema\/logo\/image\/"},"sameAs":["https:\/\/www.facebook.com\/BoxRepsol","https:\/\/x.com\/box_repsol","http:\/\/instagram.com\/box_repsol","https:\/\/www.youtube.com\/user\/RepsolCompeticion","https:\/\/www.flickr.com\/photos\/box_repsol\/"]},{"@type":"Person","@id":"https:\/\/www.boxrepsol.com\/es\/#\/schema\/person\/c5c2138f2cca251b0ad92b7086bb60b7","name":"Redacci\u00f3n Box Repsol","image":{"@type":"ImageObject","inLanguage":"es","@id":"https:\/\/secure.gravatar.com\/avatar\/adf7b77e38b4419baf32c7e9c21dde01f4e40df611f0978e3006fc4ba0aaab7e?s=96&d=mm&r=g","url":"https:\/\/secure.gravatar.com\/avatar\/adf7b77e38b4419baf32c7e9c21dde01f4e40df611f0978e3006fc4ba0aaab7e?s=96&d=mm&r=g","contentUrl":"https:\/\/secure.gravatar.com\/avatar\/adf7b77e38b4419baf32c7e9c21dde01f4e40df611f0978e3006fc4ba0aaab7e?s=96&d=mm&r=g","caption":"Redacci\u00f3n Box Repsol"},"description":"Box Repsol lo forma un equipo de periodistas, community managers, dise\u00f1adores y fot\u00f3grafos con m\u00e1s de 20 a\u00f1os de experiencia en el mundo del motorsport. Hemos vivido el primer mundial de un espa\u00f1ol en la categor\u00eda reina de motociclismo con \u00c1lex Crivill\u00e9, estuvimos en las victorias de Pedrosa y los t\u00edtulos de M\u00e1rquez, acompa\u00f1amos en \u00c1frica a Nani Roma y Marc Coma en sus conquistas del Dakar y hemos vibrado con los t\u00edtulos de Toni Bou en Trial. Adem\u00e1s, en nuestro equipo contamos con expertos en el mundo de las dos y cuatro ruedas tanto de la calle y las carreteras, como de los circuitos. Periodistas que han trabajado en revistas y publicaciones para hacerte llegar desde rutas y consejos de mantenimiento, a curiosidades y trucos de pilotaje.","sameAs":["https:\/\/www.facebook.com\/BoxRepsol\/","https:\/\/www.instagram.com\/box_repsol\/","https:\/\/x.com\/https:\/\/twitter.com\/box_repsol","https:\/\/www.youtube.com\/@Boxrepsol"],"url":"https:\/\/www.boxrepsol.com\/es\/author\/redaccion-box-repsol\/"}]}},"_links":{"self":[{"href":"https:\/\/www.boxrepsol.com\/es\/wp-json\/wp\/v2\/posts\/90512","targetHints":{"allow":["GET"]}}],"collection":[{"href":"https:\/\/www.boxrepsol.com\/es\/wp-json\/wp\/v2\/posts"}],"about":[{"href":"https:\/\/www.boxrepsol.com\/es\/wp-json\/wp\/v2\/types\/post"}],"author":[{"embeddable":true,"href":"https:\/\/www.boxrepsol.com\/es\/wp-json\/wp\/v2\/users\/43146"}],"replies":[{"embeddable":true,"href":"https:\/\/www.boxrepsol.com\/es\/wp-json\/wp\/v2\/comments?post=90512"}],"version-history":[{"count":4,"href":"https:\/\/www.boxrepsol.com\/es\/wp-json\/wp\/v2\/posts\/90512\/revisions"}],"predecessor-version":[{"id":114824,"href":"https:\/\/www.boxrepsol.com\/es\/wp-json\/wp\/v2\/posts\/90512\/revisions\/114824"}],"wp:featuredmedia":[{"embeddable":true,"href":"https:\/\/www.boxrepsol.com\/es\/wp-json\/wp\/v2\/media\/86630"}],"wp:attachment":[{"href":"https:\/\/www.boxrepsol.com\/es\/wp-json\/wp\/v2\/media?parent=90512"}],"wp:term":[{"taxonomy":"category","embeddable":true,"href":"https:\/\/www.boxrepsol.com\/es\/wp-json\/wp\/v2\/categories?post=90512"},{"taxonomy":"post_tag","embeddable":true,"href":"https:\/\/www.boxrepsol.com\/es\/wp-json\/wp\/v2\/tags?post=90512"}],"curies":[{"name":"wp","href":"https:\/\/api.w.org\/{rel}","templated":true}]}}