{"id":90472,"date":"2017-06-20T00:00:00","date_gmt":"2017-06-20T02:00:00","guid":{"rendered":"http:\/\/pre.boxrepsol.com\/sin-categorizar\/momentazos-de-la-semana-en-box-repsol\/"},"modified":"2024-05-15T07:39:57","modified_gmt":"2024-05-15T09:39:57","slug":"momentazos-de-la-semana-en-box-repsol","status":"publish","type":"post","link":"https:\/\/www.boxrepsol.com\/es\/motogp\/momentazos-de-la-semana-en-box-repsol\/","title":{"rendered":"Repaso de los momentazos de la semana en Box Repsol"},"content":{"rendered":"<p>Este ha sido un <strong>domingo de carreras y celebraciones<\/strong>, y es que hemos cosechado triunfos en varias categor\u00edas. En <strong>Twitter<\/strong> se ha seguido muy de cerca y con mucha ilusi\u00f3n la carrera de <strong>Trial<\/strong> en Andorra con la <strong>subida al podio de dos de nuestros pilotos Jaime Busto y Toni Bou<\/strong>. \u00a1Felicidades campeones!<\/p>\n<blockquote data-width=\"500\">\n<p dir=\"ltr\" lang=\"en\">Great work from the <a href=\"https:\/\/twitter.com\/hashtag\/Trial?src=hash\">#Trial<\/a> <a href=\"https:\/\/twitter.com\/hashtag\/RepsolTeam?src=hash\">#RepsolTeam<\/a> in <a href=\"https:\/\/twitter.com\/hashtag\/Andorra?src=hash\">#Andorra<\/a><br \/>\n2\ufe0f\u20e3 <a href=\"https:\/\/twitter.com\/jaimebusto\">@jaimebusto<\/a><br \/>\n3\ufe0f\u20e3 <a href=\"https:\/\/twitter.com\/tonibou_oficial\">@tonibou_oficial<\/a><br \/>\n5\ufe0f\u20e3 <a href=\"https:\/\/twitter.com\/FUJIGAS\">@FUJIGAS<\/a><br \/>\nKeep it up!<a href=\"https:\/\/t.co\/wNnvHr7bne\">https:\/\/t.co\/wNnvHr7bne<\/a> <a href=\"https:\/\/t.co\/Fg1OaBaYD6\">pic.twitter.com\/Fg1OaBaYD6<\/a><\/p>\n<p>\u2014 Box_Repsol (@box_repsol) <a href=\"https:\/\/twitter.com\/box_repsol\/status\/876764306108448773\">June 19, 2017<\/a><\/p><\/blockquote>\n<p>La <strong>emocionante jornada de motociclismo<\/strong> de la mano del <a href=\"https:\/\/twitter.com\/hashtag\/FIMCEVRepsol2017?src=hash\">#FIMCEVRepsol2017<\/a> tambi\u00e9n se hizo eco de las redes, y nos ha dejado fotos tan gratificantes como esta de Alonso L\u00f3pez alzando la copa del circuito, acompa\u00f1ado en segunda posici\u00f3n de su compa\u00f1ero de equipo Sergio Garc\u00eda. <strong>La pr\u00f3xima semana sigue la emoci\u00f3n en Valencia<\/strong> \u00bfos lo vais a perder?<\/p>\n<blockquote data-width=\"500\">\n<p dir=\"ltr\" lang=\"es\">Emocionante jornada de motociclismo de la mano del <a href=\"https:\/\/twitter.com\/hashtag\/FIMCEVRepsol2017?src=hash\">#FIMCEVRepsol2017<\/a> \u00a1La pr\u00f3xima cita Valencia! \u00a1Nos vemos all\u00ed! ? <a href=\"https:\/\/t.co\/MAd5xtnNec\">pic.twitter.com\/MAd5xtnNec<\/a><\/p>\n<p>\u2014 Box_Repsol (@box_repsol) <a href=\"https:\/\/twitter.com\/box_repsol\/status\/876439885024043008\">June 18, 2017<\/a><\/p><\/blockquote>\n<p>Por su lado en <strong>Instagram<\/strong> segu\u00eds con <strong>ganas de carrera<\/strong> y se ha notado en la aceptaci\u00f3n que tuvo por parte de los usuarios nuestro nuevo juego en la plataforma. \u00bfY t\u00fa, todav\u00eda no lo has probado? Entra, juega e intenta ser tan h\u00e1bil como nuestros pilotos.<\/p>\n<p>Y de <strong>Instagram<\/strong> sigue la cosa, <strong>el casco que Marc M\u00e1rquez<\/strong> utiliz\u00f3 para la carrera en el <strong>Gran Premio de Catalu\u00f1a<\/strong> al parecer ha gustado mucho y se refleja en la cantidad de comentarios y likes que ha cosechado el post.<\/p>\n<blockquote style=\"background: #FFF; border: 0; border-radius: 3px; box-shadow: 0 0 1px 0 rgba(0,0,0,0.5),0 1px 10px 0 rgba(0,0,0,0.15); margin: 1px; max-width: 500px; padding: 0; width: calc(100% - 2px);\" data-instgrm-captioned=\"\" data-instgrm-version=\"7\">\n<p style=\"margin: 8px 0 0 0; padding: 0 4px;\"><a style=\"color: #000; font-family: Arial,sans-serif; font-size: 14px; font-style: normal; font-weight: normal; line-height: 17px; text-decoration: none; word-wrap: break-word;\" href=\"https:\/\/www.instagram.com\/p\/BVU3xXLD4Gl\/\" target=\"_blank\" rel=\"noopener noreferrer\">Este es el casco que #MM93 luci\u00f3 en el #CatalanGP. Dej\u00f3 su habitual hormiga ? por el ?+93 \u00bfOs gusta? This is the helmet that #MM93 showed off at the #CatalanGP. He traded his usual ant ? for the ?+93 Do you like it?<\/a><\/p>\n<p style=\"color: #c9c8cd; font-family: Arial,sans-serif; font-size: 14px; line-height: 17px; margin-bottom: 0; margin-top: 8px; overflow: hidden; padding: 8px 0 7px; text-align: center; text-overflow: ellipsis; white-space: nowrap;\">A post shared by Box Repsol (@box_repsol) on <time style=\"font-family: Arial,sans-serif; font-size: 14px; line-height: 17px;\" datetime=\"2017-06-14T16:07:40+00:00\">Jun 14, 2017 at 9:07am PDT<\/time><\/p>\n<\/blockquote>\n<p><a href=\"https:\/\/www.instagram.com\/p\/BVU3xXLD4Gl\/?taken-by=box_repsol\">https:\/\/www.instagram.com\/p\/BVU3xXLD4Gl\/?taken-by=box_repsol<\/a><\/p>\n<p>Despu\u00e9s de una semana de descanso en la categor\u00eda reina del mundial, tanto Dani como Marc ya est\u00e1n <strong>preparados para afrontar con ganas el campeonato<\/strong>. Esta semana nos vemos <strong>en <em>la catedral<\/em> <\/strong>del motociclismo, <strong>Assen<\/strong>. Con todas las miradas puestas en nuestros pilotos.<\/p>\n<p>El 16 de Junio se cumpl\u00edan<strong> 4 a\u00f1os del triunfo en el Mundial de Pedrosa<\/strong> y en Facebook los fans han querido darle todo su apoyo.<\/p>\n<blockquote cite=\"https:\/\/www.facebook.com\/BoxRepsol\/posts\/10154769031996139\"><p>\u00a1Hoy se cumplen 4 a\u00f1os!El 16 de junio de 2013 Dani Pedrosa complet\u00f3 su GP ?+? en el Mundial. \u00a1Y lo celebr\u00f3 en el podio!&#8230;<\/p>\n<p>Posted by <a href=\"https:\/\/www.facebook.com\/BoxRepsol\/\">Box_Repsol<\/a> on&nbsp;<a href=\"https:\/\/www.facebook.com\/BoxRepsol\/posts\/10154769031996139\">Friday, June 16, 2017<\/a><\/p><\/blockquote>\n<p>&nbsp;<\/p>\n<p>Y ya estamos todos prepar\u00e1ndonos para Assen. Seguimos en contacto. Nos vemos en Facebook, Instagram, Twitter y el blog. <strong>\u00a1Vamos a cont\u00e1rtelo todo!<\/strong><\/p>\n<p>&nbsp;<\/p>\n<p>&nbsp;<\/p>\n<p>&nbsp;<\/p>\n<p>&nbsp;<\/p>\n<p><strong>&nbsp;<\/strong><\/p>\n<p><strong>&nbsp;<\/strong><\/p>\n<p><strong>&nbsp;<\/strong><\/p>\n<p>&nbsp;<\/p>\n<p>&nbsp;<\/p>\n","protected":false},"excerpt":{"rendered":"<p>Para los que no hab\u00e9is podido estar al d\u00eda de las novedades del Box Repsol esta semana, esto es lo que se ha posteado de nuestros pilotos en vuestra ausencia en las redes sociales, hagamos un breve repaso.<\/p>\n","protected":false},"author":43146,"featured_media":90473,"comment_status":"open","ping_status":"open","sticky":false,"template":"","format":"standard","meta":{"footnotes":""},"categories":[4],"tags":[163],"class_list":["post-90472","post","type-post","status-publish","format-standard","hentry","category-motogp","tag-redes-sociales"],"yoast_head":"<!-- This site is optimized with the Yoast SEO plugin v27.3 - https:\/\/yoast.com\/product\/yoast-seo-wordpress\/ -->\n<title>Repaso de los mejores momentos de la semana - Box Repsol<\/title>\n<meta name=\"description\" content=\"Este ha sido un Domingo de carreras y celebraciones, y es que hemos cosechado triunfos en varias categor\u00edas. En Twitter se ha seguido muy de cerca\" \/>\n<link rel=\"canonical\" href=\"https:\/\/www.boxrepsol.com\/es\/motogp\/momentazos-de-la-semana-en-box-repsol\/\" \/>\n<meta property=\"og:locale\" content=\"es_ES\" \/>\n<meta property=\"og:type\" content=\"article\" \/>\n<meta property=\"og:title\" content=\"Repaso de los mejores momentos de la semana - Box Repsol\" \/>\n<meta property=\"og:description\" content=\"Este ha sido un Domingo de carreras y celebraciones, y es que hemos cosechado triunfos en varias categor\u00edas. En Twitter se ha seguido muy de cerca\" \/>\n<meta property=\"og:url\" content=\"https:\/\/www.boxrepsol.com\/es\/motogp\/momentazos-de-la-semana-en-box-repsol\/\" \/>\n<meta property=\"og:site_name\" content=\"Box Repsol\" \/>\n<meta property=\"article:publisher\" content=\"https:\/\/www.facebook.com\/BoxRepsol\" \/>\n<meta property=\"article:author\" content=\"https:\/\/www.facebook.com\/BoxRepsol\/\" \/>\n<meta property=\"article:published_time\" content=\"2017-06-20T02:00:00+00:00\" \/>\n<meta property=\"article:modified_time\" content=\"2024-05-15T09:39:57+00:00\" \/>\n<meta property=\"og:image\" content=\"https:\/\/bxrepsol.s3.eu-west-1.amazonaws.com\/static\/2023\/02\/24095338\/Los_mejores_momentos_de_la_semana_del_box_repsol_20_junio_header.png\" \/>\n\t<meta property=\"og:image:width\" content=\"986\" \/>\n\t<meta property=\"og:image:height\" content=\"555\" \/>\n\t<meta property=\"og:image:type\" content=\"image\/png\" \/>\n<meta name=\"author\" content=\"Redacci\u00f3n Box Repsol\" \/>\n<meta name=\"twitter:card\" content=\"summary_large_image\" \/>\n<meta name=\"twitter:creator\" content=\"@https:\/\/twitter.com\/box_repsol\" \/>\n<meta name=\"twitter:site\" content=\"@box_repsol\" \/>\n<meta name=\"twitter:label1\" content=\"Written by\" \/>\n\t<meta name=\"twitter:data1\" content=\"Redacci\u00f3n Box Repsol\" \/>\n\t<meta name=\"twitter:label2\" content=\"Est. reading time\" \/>\n\t<meta name=\"twitter:data2\" content=\"2 minutos\" \/>\n<script type=\"application\/ld+json\" class=\"yoast-schema-graph\">{\"@context\":\"https:\\\/\\\/schema.org\",\"@graph\":[{\"@type\":\"Article\",\"@id\":\"https:\\\/\\\/www.boxrepsol.com\\\/es\\\/motogp\\\/momentazos-de-la-semana-en-box-repsol\\\/#article\",\"isPartOf\":{\"@id\":\"https:\\\/\\\/www.boxrepsol.com\\\/es\\\/motogp\\\/momentazos-de-la-semana-en-box-repsol\\\/\"},\"author\":{\"name\":\"Redacci\u00f3n Box Repsol\",\"@id\":\"https:\\\/\\\/www.boxrepsol.com\\\/es\\\/#\\\/schema\\\/person\\\/c5c2138f2cca251b0ad92b7086bb60b7\"},\"headline\":\"Repaso de los momentazos de la semana en Box Repsol\",\"datePublished\":\"2017-06-20T02:00:00+00:00\",\"dateModified\":\"2024-05-15T09:39:57+00:00\",\"mainEntityOfPage\":{\"@id\":\"https:\\\/\\\/www.boxrepsol.com\\\/es\\\/motogp\\\/momentazos-de-la-semana-en-box-repsol\\\/\"},\"wordCount\":484,\"commentCount\":0,\"publisher\":{\"@id\":\"https:\\\/\\\/www.boxrepsol.com\\\/es\\\/#organization\"},\"image\":{\"@id\":\"https:\\\/\\\/www.boxrepsol.com\\\/es\\\/motogp\\\/momentazos-de-la-semana-en-box-repsol\\\/#primaryimage\"},\"thumbnailUrl\":\"https:\\\/\\\/bxrepsol.s3.eu-west-1.amazonaws.com\\\/static\\\/2023\\\/02\\\/24095338\\\/Los_mejores_momentos_de_la_semana_del_box_repsol_20_junio_header.png\",\"keywords\":[\"redes sociales\"],\"articleSection\":[\"MotoGP\"],\"inLanguage\":\"es\",\"potentialAction\":[{\"@type\":\"CommentAction\",\"name\":\"Comment\",\"target\":[\"https:\\\/\\\/www.boxrepsol.com\\\/es\\\/motogp\\\/momentazos-de-la-semana-en-box-repsol\\\/#respond\"]}]},{\"@type\":\"WebPage\",\"@id\":\"https:\\\/\\\/www.boxrepsol.com\\\/es\\\/motogp\\\/momentazos-de-la-semana-en-box-repsol\\\/\",\"url\":\"https:\\\/\\\/www.boxrepsol.com\\\/es\\\/motogp\\\/momentazos-de-la-semana-en-box-repsol\\\/\",\"name\":\"Repaso de los mejores momentos de la semana - Box Repsol\",\"isPartOf\":{\"@id\":\"https:\\\/\\\/www.boxrepsol.com\\\/es\\\/#website\"},\"primaryImageOfPage\":{\"@id\":\"https:\\\/\\\/www.boxrepsol.com\\\/es\\\/motogp\\\/momentazos-de-la-semana-en-box-repsol\\\/#primaryimage\"},\"image\":{\"@id\":\"https:\\\/\\\/www.boxrepsol.com\\\/es\\\/motogp\\\/momentazos-de-la-semana-en-box-repsol\\\/#primaryimage\"},\"thumbnailUrl\":\"https:\\\/\\\/bxrepsol.s3.eu-west-1.amazonaws.com\\\/static\\\/2023\\\/02\\\/24095338\\\/Los_mejores_momentos_de_la_semana_del_box_repsol_20_junio_header.png\",\"datePublished\":\"2017-06-20T02:00:00+00:00\",\"dateModified\":\"2024-05-15T09:39:57+00:00\",\"description\":\"Este ha sido un Domingo de carreras y celebraciones, y es que hemos cosechado triunfos en varias categor\u00edas. En Twitter se ha seguido muy de cerca\",\"breadcrumb\":{\"@id\":\"https:\\\/\\\/www.boxrepsol.com\\\/es\\\/motogp\\\/momentazos-de-la-semana-en-box-repsol\\\/#breadcrumb\"},\"inLanguage\":\"es\",\"potentialAction\":[{\"@type\":\"ReadAction\",\"target\":[\"https:\\\/\\\/www.boxrepsol.com\\\/es\\\/motogp\\\/momentazos-de-la-semana-en-box-repsol\\\/\"]}]},{\"@type\":\"ImageObject\",\"inLanguage\":\"es\",\"@id\":\"https:\\\/\\\/www.boxrepsol.com\\\/es\\\/motogp\\\/momentazos-de-la-semana-en-box-repsol\\\/#primaryimage\",\"url\":\"https:\\\/\\\/bxrepsol.s3.eu-west-1.amazonaws.com\\\/static\\\/2023\\\/02\\\/24095338\\\/Los_mejores_momentos_de_la_semana_del_box_repsol_20_junio_header.png\",\"contentUrl\":\"https:\\\/\\\/bxrepsol.s3.eu-west-1.amazonaws.com\\\/static\\\/2023\\\/02\\\/24095338\\\/Los_mejores_momentos_de_la_semana_del_box_repsol_20_junio_header.png\",\"width\":986,\"height\":555,\"caption\":\"Dani Pedrosa, casco de Marc M\u00e1rquez, Jaime Busto en prueba outdoor\"},{\"@type\":\"BreadcrumbList\",\"@id\":\"https:\\\/\\\/www.boxrepsol.com\\\/es\\\/motogp\\\/momentazos-de-la-semana-en-box-repsol\\\/#breadcrumb\",\"itemListElement\":[{\"@type\":\"ListItem\",\"position\":1,\"name\":\"Home\",\"item\":\"https:\\\/\\\/www.boxrepsol.com\\\/es\\\/\"},{\"@type\":\"ListItem\",\"position\":2,\"name\":\"Repaso de los momentazos de la semana en Box Repsol\"}]},{\"@type\":\"WebSite\",\"@id\":\"https:\\\/\\\/www.boxrepsol.com\\\/es\\\/#website\",\"url\":\"https:\\\/\\\/www.boxrepsol.com\\\/es\\\/\",\"name\":\"Box Repsol\",\"description\":\"Box Repsol Site\",\"publisher\":{\"@id\":\"https:\\\/\\\/www.boxrepsol.com\\\/es\\\/#organization\"},\"potentialAction\":[{\"@type\":\"SearchAction\",\"target\":{\"@type\":\"EntryPoint\",\"urlTemplate\":\"https:\\\/\\\/www.boxrepsol.com\\\/es\\\/?s={search_term_string}\"},\"query-input\":{\"@type\":\"PropertyValueSpecification\",\"valueRequired\":true,\"valueName\":\"search_term_string\"}}],\"inLanguage\":\"es\"},{\"@type\":\"Organization\",\"@id\":\"https:\\\/\\\/www.boxrepsol.com\\\/es\\\/#organization\",\"name\":\"Box Repsol\",\"url\":\"https:\\\/\\\/www.boxrepsol.com\\\/es\\\/\",\"logo\":{\"@type\":\"ImageObject\",\"inLanguage\":\"es\",\"@id\":\"https:\\\/\\\/www.boxrepsol.com\\\/es\\\/#\\\/schema\\\/logo\\\/image\\\/\",\"url\":\"https:\\\/\\\/bxrepsol.s3.eu-west-1.amazonaws.com\\\/static\\\/2025\\\/07\\\/30083337\\\/favicon-96x96-1.png\",\"contentUrl\":\"https:\\\/\\\/bxrepsol.s3.eu-west-1.amazonaws.com\\\/static\\\/2025\\\/07\\\/30083337\\\/favicon-96x96-1.png\",\"width\":96,\"height\":96,\"caption\":\"Box Repsol\"},\"image\":{\"@id\":\"https:\\\/\\\/www.boxrepsol.com\\\/es\\\/#\\\/schema\\\/logo\\\/image\\\/\"},\"sameAs\":[\"https:\\\/\\\/www.facebook.com\\\/BoxRepsol\",\"https:\\\/\\\/x.com\\\/box_repsol\",\"http:\\\/\\\/instagram.com\\\/box_repsol\",\"https:\\\/\\\/www.youtube.com\\\/user\\\/RepsolCompeticion\",\"https:\\\/\\\/www.flickr.com\\\/photos\\\/box_repsol\\\/\"]},{\"@type\":\"Person\",\"@id\":\"https:\\\/\\\/www.boxrepsol.com\\\/es\\\/#\\\/schema\\\/person\\\/c5c2138f2cca251b0ad92b7086bb60b7\",\"name\":\"Redacci\u00f3n Box Repsol\",\"image\":{\"@type\":\"ImageObject\",\"inLanguage\":\"es\",\"@id\":\"https:\\\/\\\/secure.gravatar.com\\\/avatar\\\/adf7b77e38b4419baf32c7e9c21dde01f4e40df611f0978e3006fc4ba0aaab7e?s=96&d=mm&r=g\",\"url\":\"https:\\\/\\\/secure.gravatar.com\\\/avatar\\\/adf7b77e38b4419baf32c7e9c21dde01f4e40df611f0978e3006fc4ba0aaab7e?s=96&d=mm&r=g\",\"contentUrl\":\"https:\\\/\\\/secure.gravatar.com\\\/avatar\\\/adf7b77e38b4419baf32c7e9c21dde01f4e40df611f0978e3006fc4ba0aaab7e?s=96&d=mm&r=g\",\"caption\":\"Redacci\u00f3n Box Repsol\"},\"description\":\"Box Repsol lo forma un equipo de periodistas, community managers, dise\u00f1adores y fot\u00f3grafos con m\u00e1s de 20 a\u00f1os de experiencia en el mundo del motorsport. Hemos vivido el primer mundial de un espa\u00f1ol en la categor\u00eda reina de motociclismo con \u00c1lex Crivill\u00e9, estuvimos en las victorias de Pedrosa y los t\u00edtulos de M\u00e1rquez, acompa\u00f1amos en \u00c1frica a Nani Roma y Marc Coma en sus conquistas del Dakar y hemos vibrado con los t\u00edtulos de Toni Bou en Trial. Adem\u00e1s, en nuestro equipo contamos con expertos en el mundo de las dos y cuatro ruedas tanto de la calle y las carreteras, como de los circuitos. Periodistas que han trabajado en revistas y publicaciones para hacerte llegar desde rutas y consejos de mantenimiento, a curiosidades y trucos de pilotaje.\",\"sameAs\":[\"https:\\\/\\\/www.facebook.com\\\/BoxRepsol\\\/\",\"https:\\\/\\\/www.instagram.com\\\/box_repsol\\\/\",\"https:\\\/\\\/x.com\\\/https:\\\/\\\/twitter.com\\\/box_repsol\",\"https:\\\/\\\/www.youtube.com\\\/@Boxrepsol\"],\"url\":\"https:\\\/\\\/www.boxrepsol.com\\\/es\\\/author\\\/redaccion-box-repsol\\\/\"}]}<\/script>\n<!-- \/ Yoast SEO plugin. -->","yoast_head_json":{"title":"Repaso de los mejores momentos de la semana - Box Repsol","description":"Este ha sido un Domingo de carreras y celebraciones, y es que hemos cosechado triunfos en varias categor\u00edas. En Twitter se ha seguido muy de cerca","canonical":"https:\/\/www.boxrepsol.com\/es\/motogp\/momentazos-de-la-semana-en-box-repsol\/","og_locale":"es_ES","og_type":"article","og_title":"Repaso de los mejores momentos de la semana - Box Repsol","og_description":"Este ha sido un Domingo de carreras y celebraciones, y es que hemos cosechado triunfos en varias categor\u00edas. En Twitter se ha seguido muy de cerca","og_url":"https:\/\/www.boxrepsol.com\/es\/motogp\/momentazos-de-la-semana-en-box-repsol\/","og_site_name":"Box Repsol","article_publisher":"https:\/\/www.facebook.com\/BoxRepsol","article_author":"https:\/\/www.facebook.com\/BoxRepsol\/","article_published_time":"2017-06-20T02:00:00+00:00","article_modified_time":"2024-05-15T09:39:57+00:00","og_image":[{"width":986,"height":555,"url":"https:\/\/bxrepsol.s3.eu-west-1.amazonaws.com\/static\/2023\/02\/24095338\/Los_mejores_momentos_de_la_semana_del_box_repsol_20_junio_header.png","type":"image\/png"}],"author":"Redacci\u00f3n Box Repsol","twitter_card":"summary_large_image","twitter_creator":"@https:\/\/twitter.com\/box_repsol","twitter_site":"@box_repsol","twitter_misc":{"Written by":"Redacci\u00f3n Box Repsol","Est. reading time":"2 minutos"},"schema":{"@context":"https:\/\/schema.org","@graph":[{"@type":"Article","@id":"https:\/\/www.boxrepsol.com\/es\/motogp\/momentazos-de-la-semana-en-box-repsol\/#article","isPartOf":{"@id":"https:\/\/www.boxrepsol.com\/es\/motogp\/momentazos-de-la-semana-en-box-repsol\/"},"author":{"name":"Redacci\u00f3n Box Repsol","@id":"https:\/\/www.boxrepsol.com\/es\/#\/schema\/person\/c5c2138f2cca251b0ad92b7086bb60b7"},"headline":"Repaso de los momentazos de la semana en Box Repsol","datePublished":"2017-06-20T02:00:00+00:00","dateModified":"2024-05-15T09:39:57+00:00","mainEntityOfPage":{"@id":"https:\/\/www.boxrepsol.com\/es\/motogp\/momentazos-de-la-semana-en-box-repsol\/"},"wordCount":484,"commentCount":0,"publisher":{"@id":"https:\/\/www.boxrepsol.com\/es\/#organization"},"image":{"@id":"https:\/\/www.boxrepsol.com\/es\/motogp\/momentazos-de-la-semana-en-box-repsol\/#primaryimage"},"thumbnailUrl":"https:\/\/bxrepsol.s3.eu-west-1.amazonaws.com\/static\/2023\/02\/24095338\/Los_mejores_momentos_de_la_semana_del_box_repsol_20_junio_header.png","keywords":["redes sociales"],"articleSection":["MotoGP"],"inLanguage":"es","potentialAction":[{"@type":"CommentAction","name":"Comment","target":["https:\/\/www.boxrepsol.com\/es\/motogp\/momentazos-de-la-semana-en-box-repsol\/#respond"]}]},{"@type":"WebPage","@id":"https:\/\/www.boxrepsol.com\/es\/motogp\/momentazos-de-la-semana-en-box-repsol\/","url":"https:\/\/www.boxrepsol.com\/es\/motogp\/momentazos-de-la-semana-en-box-repsol\/","name":"Repaso de los mejores momentos de la semana - Box Repsol","isPartOf":{"@id":"https:\/\/www.boxrepsol.com\/es\/#website"},"primaryImageOfPage":{"@id":"https:\/\/www.boxrepsol.com\/es\/motogp\/momentazos-de-la-semana-en-box-repsol\/#primaryimage"},"image":{"@id":"https:\/\/www.boxrepsol.com\/es\/motogp\/momentazos-de-la-semana-en-box-repsol\/#primaryimage"},"thumbnailUrl":"https:\/\/bxrepsol.s3.eu-west-1.amazonaws.com\/static\/2023\/02\/24095338\/Los_mejores_momentos_de_la_semana_del_box_repsol_20_junio_header.png","datePublished":"2017-06-20T02:00:00+00:00","dateModified":"2024-05-15T09:39:57+00:00","description":"Este ha sido un Domingo de carreras y celebraciones, y es que hemos cosechado triunfos en varias categor\u00edas. En Twitter se ha seguido muy de cerca","breadcrumb":{"@id":"https:\/\/www.boxrepsol.com\/es\/motogp\/momentazos-de-la-semana-en-box-repsol\/#breadcrumb"},"inLanguage":"es","potentialAction":[{"@type":"ReadAction","target":["https:\/\/www.boxrepsol.com\/es\/motogp\/momentazos-de-la-semana-en-box-repsol\/"]}]},{"@type":"ImageObject","inLanguage":"es","@id":"https:\/\/www.boxrepsol.com\/es\/motogp\/momentazos-de-la-semana-en-box-repsol\/#primaryimage","url":"https:\/\/bxrepsol.s3.eu-west-1.amazonaws.com\/static\/2023\/02\/24095338\/Los_mejores_momentos_de_la_semana_del_box_repsol_20_junio_header.png","contentUrl":"https:\/\/bxrepsol.s3.eu-west-1.amazonaws.com\/static\/2023\/02\/24095338\/Los_mejores_momentos_de_la_semana_del_box_repsol_20_junio_header.png","width":986,"height":555,"caption":"Dani Pedrosa, casco de Marc M\u00e1rquez, Jaime Busto en prueba outdoor"},{"@type":"BreadcrumbList","@id":"https:\/\/www.boxrepsol.com\/es\/motogp\/momentazos-de-la-semana-en-box-repsol\/#breadcrumb","itemListElement":[{"@type":"ListItem","position":1,"name":"Home","item":"https:\/\/www.boxrepsol.com\/es\/"},{"@type":"ListItem","position":2,"name":"Repaso de los momentazos de la semana en Box Repsol"}]},{"@type":"WebSite","@id":"https:\/\/www.boxrepsol.com\/es\/#website","url":"https:\/\/www.boxrepsol.com\/es\/","name":"Box Repsol","description":"Box Repsol Site","publisher":{"@id":"https:\/\/www.boxrepsol.com\/es\/#organization"},"potentialAction":[{"@type":"SearchAction","target":{"@type":"EntryPoint","urlTemplate":"https:\/\/www.boxrepsol.com\/es\/?s={search_term_string}"},"query-input":{"@type":"PropertyValueSpecification","valueRequired":true,"valueName":"search_term_string"}}],"inLanguage":"es"},{"@type":"Organization","@id":"https:\/\/www.boxrepsol.com\/es\/#organization","name":"Box Repsol","url":"https:\/\/www.boxrepsol.com\/es\/","logo":{"@type":"ImageObject","inLanguage":"es","@id":"https:\/\/www.boxrepsol.com\/es\/#\/schema\/logo\/image\/","url":"https:\/\/bxrepsol.s3.eu-west-1.amazonaws.com\/static\/2025\/07\/30083337\/favicon-96x96-1.png","contentUrl":"https:\/\/bxrepsol.s3.eu-west-1.amazonaws.com\/static\/2025\/07\/30083337\/favicon-96x96-1.png","width":96,"height":96,"caption":"Box Repsol"},"image":{"@id":"https:\/\/www.boxrepsol.com\/es\/#\/schema\/logo\/image\/"},"sameAs":["https:\/\/www.facebook.com\/BoxRepsol","https:\/\/x.com\/box_repsol","http:\/\/instagram.com\/box_repsol","https:\/\/www.youtube.com\/user\/RepsolCompeticion","https:\/\/www.flickr.com\/photos\/box_repsol\/"]},{"@type":"Person","@id":"https:\/\/www.boxrepsol.com\/es\/#\/schema\/person\/c5c2138f2cca251b0ad92b7086bb60b7","name":"Redacci\u00f3n Box Repsol","image":{"@type":"ImageObject","inLanguage":"es","@id":"https:\/\/secure.gravatar.com\/avatar\/adf7b77e38b4419baf32c7e9c21dde01f4e40df611f0978e3006fc4ba0aaab7e?s=96&d=mm&r=g","url":"https:\/\/secure.gravatar.com\/avatar\/adf7b77e38b4419baf32c7e9c21dde01f4e40df611f0978e3006fc4ba0aaab7e?s=96&d=mm&r=g","contentUrl":"https:\/\/secure.gravatar.com\/avatar\/adf7b77e38b4419baf32c7e9c21dde01f4e40df611f0978e3006fc4ba0aaab7e?s=96&d=mm&r=g","caption":"Redacci\u00f3n Box Repsol"},"description":"Box Repsol lo forma un equipo de periodistas, community managers, dise\u00f1adores y fot\u00f3grafos con m\u00e1s de 20 a\u00f1os de experiencia en el mundo del motorsport. Hemos vivido el primer mundial de un espa\u00f1ol en la categor\u00eda reina de motociclismo con \u00c1lex Crivill\u00e9, estuvimos en las victorias de Pedrosa y los t\u00edtulos de M\u00e1rquez, acompa\u00f1amos en \u00c1frica a Nani Roma y Marc Coma en sus conquistas del Dakar y hemos vibrado con los t\u00edtulos de Toni Bou en Trial. Adem\u00e1s, en nuestro equipo contamos con expertos en el mundo de las dos y cuatro ruedas tanto de la calle y las carreteras, como de los circuitos. Periodistas que han trabajado en revistas y publicaciones para hacerte llegar desde rutas y consejos de mantenimiento, a curiosidades y trucos de pilotaje.","sameAs":["https:\/\/www.facebook.com\/BoxRepsol\/","https:\/\/www.instagram.com\/box_repsol\/","https:\/\/x.com\/https:\/\/twitter.com\/box_repsol","https:\/\/www.youtube.com\/@Boxrepsol"],"url":"https:\/\/www.boxrepsol.com\/es\/author\/redaccion-box-repsol\/"}]}},"_links":{"self":[{"href":"https:\/\/www.boxrepsol.com\/es\/wp-json\/wp\/v2\/posts\/90472","targetHints":{"allow":["GET"]}}],"collection":[{"href":"https:\/\/www.boxrepsol.com\/es\/wp-json\/wp\/v2\/posts"}],"about":[{"href":"https:\/\/www.boxrepsol.com\/es\/wp-json\/wp\/v2\/types\/post"}],"author":[{"embeddable":true,"href":"https:\/\/www.boxrepsol.com\/es\/wp-json\/wp\/v2\/users\/43146"}],"replies":[{"embeddable":true,"href":"https:\/\/www.boxrepsol.com\/es\/wp-json\/wp\/v2\/comments?post=90472"}],"version-history":[{"count":1,"href":"https:\/\/www.boxrepsol.com\/es\/wp-json\/wp\/v2\/posts\/90472\/revisions"}],"predecessor-version":[{"id":111014,"href":"https:\/\/www.boxrepsol.com\/es\/wp-json\/wp\/v2\/posts\/90472\/revisions\/111014"}],"wp:featuredmedia":[{"embeddable":true,"href":"https:\/\/www.boxrepsol.com\/es\/wp-json\/wp\/v2\/media\/90473"}],"wp:attachment":[{"href":"https:\/\/www.boxrepsol.com\/es\/wp-json\/wp\/v2\/media?parent=90472"}],"wp:term":[{"taxonomy":"category","embeddable":true,"href":"https:\/\/www.boxrepsol.com\/es\/wp-json\/wp\/v2\/categories?post=90472"},{"taxonomy":"post_tag","embeddable":true,"href":"https:\/\/www.boxrepsol.com\/es\/wp-json\/wp\/v2\/tags?post=90472"}],"curies":[{"name":"wp","href":"https:\/\/api.w.org\/{rel}","templated":true}]}}