{"id":90470,"date":"2017-06-19T00:00:00","date_gmt":"2017-06-19T02:00:00","guid":{"rendered":"http:\/\/pre.boxrepsol.com\/sin-categorizar\/alonso-lopez-sergio-garcia-ricky-cardus-e-iker-garcia-se-reparten-las-victorias-fim-cev-repsol\/"},"modified":"2024-05-15T07:40:43","modified_gmt":"2024-05-15T09:40:43","slug":"alonso-lopez-sergio-garcia-ricky-cardus-e-iker-garcia-se-reparten-las-victorias-fim-cev-repsol","status":"publish","type":"post","link":"https:\/\/www.boxrepsol.com\/es\/sin-categorizar\/alonso-lopez-sergio-garcia-ricky-cardus-e-iker-garcia-se-reparten-las-victorias-fim-cev-repsol\/","title":{"rendered":"Alonso L\u00f3pez, Sergio Garc\u00eda, Ricky Card\u00fas e Iker Garc\u00eda se reparten las victorias en el FIM CEV Repsol"},"content":{"rendered":"<blockquote><p>La verdad es que cada vez este campeonato tiene un nivel m\u00e1s alto y eso se ve reflejado en los tiempos<\/p>\n<p><a href=\"http:\/\/twitter.com\/share?text=La+verdad+es+que+cada+vez+este+campeonato+tiene+un+nivel+m%C3%A1s+alto+y+eso+se+ve+reflejado+en+los+tiempos&amp;url=https%3A%2F%2Fwww.boxrepsol.com%2Fes%2F%3Fp%3D8212%2F&amp;hashtags=\" target=\"_blank\" rel=\"noopener noreferrer\"><br \/>\ntwittear <\/a><\/p>\n<footer>Ricky Card\u00fas<\/footer>\n<\/blockquote>\n<p>Alonso L\u00f3pez y Sergio Garc\u00eda han obtenido sendas victorias en el Mundial Junior, separados del segundo clasificado por menos de una d\u00e9cima en ambos casos.<\/p>\n<p>Garc\u00eda abandona Barcelona como el l\u00edder de la general, con dos puntos de margen respecto al segundo, el italiano Dennis Foggia.<\/p>\n<p>Las altas temperaturas en el Circuit de Barcelona-Catalunya han hecho que las condiciones de la pista fueran m\u00e1s dif\u00edciles; un ejemplo son las 25 ca\u00eddas entre las dos carreras de Mundial Junior.<\/p>\n<p>Ricky Card\u00fas ha dominado las dos carreras del Campeonato de Europa de Moto2, consiguiendo un doblete de victorias que le colocan como l\u00edder de la general, a pesar de no haber disputado la cita de Albacete.<\/p>\n<p>Iker Garc\u00eda ha vencido en la European Talent Cup, pero el l\u00edder del campeonato es Manuel Gonz\u00e1lez, convirti\u00e9ndose en el \u00fanico piloto que ha acabado en el podio en las tres carreras disputadas esta temporada.<\/p>\n<p><img decoding=\"async\" src=\"https:\/\/bxrepsol.s3.eu-west-1.amazonaws.com\/static\/2022\/08\/04111132\/00_podio_cev_barcelona_repsol.jpg\" alt=\"podio cev\" \/><\/p>\n<p><strong>ALONSO L\u00d3PEZ\u00a0\u2013 GANADOR DE LA PRIMERA CARRERA DE MOTO3<\/strong><\/p>\n<p><em>\u201cHa sido una carrera muy dif\u00edcil. Ayer tuve una ca\u00edda en el primer crono y no pude clasificarme bien aunque sab\u00eda que era r\u00e1pido. En el segundo entrenamiento, me concentr\u00e9 en hacer un ritmo de cara a la segunda carrera. Hoy he salido muy bien en la carrera, he empezado a adelantar posiciones en casi cada curva y me sent\u00eda muy bien. Estoy muy contento con esta victoria y se la quiero dedicar a mi equipo y a toda la gente que me est\u00e1 ayudando\u201d.<\/em><\/p>\n<hr \/>\n<p><strong>SERGIO GARC\u00cdA\u00a0\u2013 GANADOR DE LA SEGUNDA CARRERA DE MOTO3<\/strong><\/p>\n<p><em>\u201cHa sido un fin de semana muy completo. He estado en todos los entrenamientos bastante bien, c\u00f3modo y con buen ritmo. Las dos carreras han sido complicadas ya que hac\u00eda mucho calor y \u00e9ramos un grupo de pilotos muy grande. Aun as\u00ed he sabido estar delante y lo he hecho lo mejor posible\u201d.<\/em><\/p>\n<hr \/>\n<p><strong>RICKY CARD\u00daS\u00a0\u00a0\u2013 GANADOR DE LA CARRERA DE MOTO2<\/strong><\/p>\n<p><em>\u201cEstoy contento. La verdad es que cada vez este campeonato tiene un nivel m\u00e1s alto y eso se ve reflejado en los tiempos. He hecho tres carreras en el Mundial que me han ido bien para coger ritmo y creo que soy de los \u00fanicos pilotos en el mundo que ha probado todas las motos que hay en Moto2 y me faltaba la Kalex. Me ha costado ponerla a punto, ya que la KTM es muy diferente pero hoy en el warm up he encontrado una puesta a punto que nos ha gustado mucho, y con un\u00a0neum\u00e1tico que ten\u00eda casi 35 vueltas que era lo que quer\u00eda. M\u00e1s tarde, en la carrera, hemos sabido encontrar nuestro ritmo\u201d.<\/em><\/p>\n<hr \/>\n<p><strong>RICKY CARD\u00daS\u00a0\u2013 GANADOR DE LA SEGUNDA CARRERA DE\u00a0MOTO2<\/strong><\/p>\n<p><em>\u201cLa verdad es que ha sido un fin de semana redondo. Hemos conseguido la pole, hemos terminado primeros en los entrenamientos y en el warm up. No estaba al 100% este fin de semana con la moto pero el equipo ha estado de diez, cada sesi\u00f3n me daba una moto mejor. Sab\u00edamos que esta carrera ser\u00eda dif\u00edcil y adem\u00e1s he hecho una mala salida. No sab\u00eda si pasar a los otros pilotos y tirar o quedarme detr\u00e1s de ellos unas vueltas para ver qu\u00e9 hac\u00edan. Finalmente me he tenido que espabilar porque la moto sub\u00eda mucho de temperatura. He podido adelantarles pero he perdido un poco de ritmo, adem\u00e1s he cometido muchos fallos cuando me he puesto primero. He intentado calmarme un poco porque me iba muchas veces largo y despu\u00e9s ya he visto que los dem\u00e1s estaban pecando un poco de lo mismo que yo, que el neum\u00e1tico\u00a0se nos estaba degradando. En esos momentos, me he concentrado y he conseguido aguantar en primera posici\u00f3n hasta la l\u00ednea de meta\u201d.<\/em><\/p>\n<hr \/>\n<p><strong>IKER GARC\u00cdA\u00a0\u2013 GANADOR DE LA CARRERA DE LA EUROPEAN TALENT CUP<\/strong><\/p>\n<p><em>\u201cNo he podido gestionar mucho la carrera, porque he rodado fuerte, hasta que hemos atrapado al grupo de cabeza y luego he tenido que seguir a un nivel muy alto toda la prueba. La verdad es que no me esperaba ganar, cre\u00eda que har\u00eda una buena carrera porque ten\u00edamos buen ritmo, pero no estar tan adelante. No he sido consciente de que pod\u00eda ganar hasta que en la mitad de la carrera he podido liderar mi grupo y he ido apretando hasta que finalmente lo he conseguido\u201d.<\/em><\/p>\n","protected":false},"excerpt":{"rendered":"<p>Alonso L\u00f3pez y Sergio Garc\u00eda se imponen en las carreras del Mundial Junior, Ricky Card\u00fas arrasa en las dos del Campeonato de Europa de Moto2 e Iker Garc\u00eda vence en la European Talent Cup.<\/p>\n","protected":false},"author":43146,"featured_media":86605,"comment_status":"open","ping_status":"open","sticky":false,"template":"","format":"standard","meta":{"footnotes":""},"categories":[1],"tags":[130],"class_list":["post-90470","post","type-post","status-publish","format-standard","hentry","category-sin-categorizar","tag-otros-eventos-y-competiciones"],"yoast_head":"<!-- This site is optimized with the Yoast SEO plugin v27.3 - https:\/\/yoast.com\/product\/yoast-seo-wordpress\/ -->\n<title>Alonso L\u00f3pez, Sergio Garc\u00eda, Ricky Card\u00fas e Iker Garc\u00eda se reparten las victorias en el FIM CEV Repsol - Box Repsol<\/title>\n<meta name=\"description\" content=\"Alonso L\u00f3pez y Sergio Garc\u00eda se imponen en las carreras del Mundial Junior, Ricky Card\u00fas arrasa en las dos del Campeonato de Europa de Moto2.\" \/>\n<link rel=\"canonical\" href=\"https:\/\/www.boxrepsol.com\/es\/sin-categorizar\/alonso-lopez-sergio-garcia-ricky-cardus-e-iker-garcia-se-reparten-las-victorias-fim-cev-repsol\/\" \/>\n<meta property=\"og:locale\" content=\"es_ES\" \/>\n<meta property=\"og:type\" content=\"article\" \/>\n<meta property=\"og:title\" content=\"Alonso L\u00f3pez, Sergio Garc\u00eda, Ricky Card\u00fas e Iker Garc\u00eda se reparten las victorias en el FIM CEV Repsol - Box Repsol\" \/>\n<meta property=\"og:description\" content=\"Alonso L\u00f3pez y Sergio Garc\u00eda se imponen en las carreras del Mundial Junior, Ricky Card\u00fas arrasa en las dos del Campeonato de Europa de Moto2.\" \/>\n<meta property=\"og:url\" content=\"https:\/\/www.boxrepsol.com\/es\/sin-categorizar\/alonso-lopez-sergio-garcia-ricky-cardus-e-iker-garcia-se-reparten-las-victorias-fim-cev-repsol\/\" \/>\n<meta property=\"og:site_name\" content=\"Box Repsol\" \/>\n<meta property=\"article:publisher\" content=\"https:\/\/www.facebook.com\/BoxRepsol\" \/>\n<meta property=\"article:author\" content=\"https:\/\/www.facebook.com\/BoxRepsol\/\" \/>\n<meta property=\"article:published_time\" content=\"2017-06-19T02:00:00+00:00\" \/>\n<meta property=\"article:modified_time\" content=\"2024-05-15T09:40:43+00:00\" \/>\n<meta property=\"og:image\" content=\"https:\/\/www.boxrepsol.com\/wp-content\/uploads\/2022\/08\/ricky_cardus_88_fim_cev_repsol.jpg\" \/>\n\t<meta property=\"og:image:width\" content=\"995\" \/>\n\t<meta property=\"og:image:height\" content=\"560\" \/>\n\t<meta property=\"og:image:type\" content=\"image\/jpeg\" \/>\n<meta name=\"author\" content=\"Redacci\u00f3n Box Repsol\" \/>\n<meta name=\"twitter:card\" content=\"summary_large_image\" \/>\n<meta name=\"twitter:creator\" content=\"@https:\/\/twitter.com\/box_repsol\" \/>\n<meta name=\"twitter:site\" content=\"@box_repsol\" \/>\n<meta name=\"twitter:label1\" content=\"Written by\" \/>\n\t<meta name=\"twitter:data1\" content=\"Redacci\u00f3n Box Repsol\" \/>\n\t<meta name=\"twitter:label2\" content=\"Est. reading time\" \/>\n\t<meta name=\"twitter:data2\" content=\"4 minutos\" \/>\n<script type=\"application\/ld+json\" class=\"yoast-schema-graph\">{\"@context\":\"https:\\\/\\\/schema.org\",\"@graph\":[{\"@type\":\"Article\",\"@id\":\"https:\\\/\\\/www.boxrepsol.com\\\/es\\\/sin-categorizar\\\/alonso-lopez-sergio-garcia-ricky-cardus-e-iker-garcia-se-reparten-las-victorias-fim-cev-repsol\\\/#article\",\"isPartOf\":{\"@id\":\"https:\\\/\\\/www.boxrepsol.com\\\/es\\\/sin-categorizar\\\/alonso-lopez-sergio-garcia-ricky-cardus-e-iker-garcia-se-reparten-las-victorias-fim-cev-repsol\\\/\"},\"author\":{\"name\":\"Redacci\u00f3n Box Repsol\",\"@id\":\"https:\\\/\\\/www.boxrepsol.com\\\/es\\\/#\\\/schema\\\/person\\\/c5c2138f2cca251b0ad92b7086bb60b7\"},\"headline\":\"Alonso L\u00f3pez, Sergio Garc\u00eda, Ricky Card\u00fas e Iker Garc\u00eda se reparten las victorias en el FIM CEV Repsol\",\"datePublished\":\"2017-06-19T02:00:00+00:00\",\"dateModified\":\"2024-05-15T09:40:43+00:00\",\"mainEntityOfPage\":{\"@id\":\"https:\\\/\\\/www.boxrepsol.com\\\/es\\\/sin-categorizar\\\/alonso-lopez-sergio-garcia-ricky-cardus-e-iker-garcia-se-reparten-las-victorias-fim-cev-repsol\\\/\"},\"wordCount\":804,\"commentCount\":0,\"publisher\":{\"@id\":\"https:\\\/\\\/www.boxrepsol.com\\\/es\\\/#organization\"},\"image\":{\"@id\":\"https:\\\/\\\/www.boxrepsol.com\\\/es\\\/sin-categorizar\\\/alonso-lopez-sergio-garcia-ricky-cardus-e-iker-garcia-se-reparten-las-victorias-fim-cev-repsol\\\/#primaryimage\"},\"thumbnailUrl\":\"https:\\\/\\\/www.boxrepsol.com\\\/wp-content\\\/uploads\\\/2022\\\/08\\\/ricky_cardus_88_fim_cev_repsol.jpg\",\"keywords\":[\"otros eventos y competiciones\"],\"articleSection\":[\"Sin categorizar\"],\"inLanguage\":\"es\",\"potentialAction\":[{\"@type\":\"CommentAction\",\"name\":\"Comment\",\"target\":[\"https:\\\/\\\/www.boxrepsol.com\\\/es\\\/sin-categorizar\\\/alonso-lopez-sergio-garcia-ricky-cardus-e-iker-garcia-se-reparten-las-victorias-fim-cev-repsol\\\/#respond\"]}]},{\"@type\":\"WebPage\",\"@id\":\"https:\\\/\\\/www.boxrepsol.com\\\/es\\\/sin-categorizar\\\/alonso-lopez-sergio-garcia-ricky-cardus-e-iker-garcia-se-reparten-las-victorias-fim-cev-repsol\\\/\",\"url\":\"https:\\\/\\\/www.boxrepsol.com\\\/es\\\/sin-categorizar\\\/alonso-lopez-sergio-garcia-ricky-cardus-e-iker-garcia-se-reparten-las-victorias-fim-cev-repsol\\\/\",\"name\":\"Alonso L\u00f3pez, Sergio Garc\u00eda, Ricky Card\u00fas e Iker Garc\u00eda se reparten las victorias en el FIM CEV Repsol - Box Repsol\",\"isPartOf\":{\"@id\":\"https:\\\/\\\/www.boxrepsol.com\\\/es\\\/#website\"},\"primaryImageOfPage\":{\"@id\":\"https:\\\/\\\/www.boxrepsol.com\\\/es\\\/sin-categorizar\\\/alonso-lopez-sergio-garcia-ricky-cardus-e-iker-garcia-se-reparten-las-victorias-fim-cev-repsol\\\/#primaryimage\"},\"image\":{\"@id\":\"https:\\\/\\\/www.boxrepsol.com\\\/es\\\/sin-categorizar\\\/alonso-lopez-sergio-garcia-ricky-cardus-e-iker-garcia-se-reparten-las-victorias-fim-cev-repsol\\\/#primaryimage\"},\"thumbnailUrl\":\"https:\\\/\\\/www.boxrepsol.com\\\/wp-content\\\/uploads\\\/2022\\\/08\\\/ricky_cardus_88_fim_cev_repsol.jpg\",\"datePublished\":\"2017-06-19T02:00:00+00:00\",\"dateModified\":\"2024-05-15T09:40:43+00:00\",\"description\":\"Alonso L\u00f3pez y Sergio Garc\u00eda se imponen en las carreras del Mundial Junior, Ricky Card\u00fas arrasa en las dos del Campeonato de Europa de Moto2.\",\"breadcrumb\":{\"@id\":\"https:\\\/\\\/www.boxrepsol.com\\\/es\\\/sin-categorizar\\\/alonso-lopez-sergio-garcia-ricky-cardus-e-iker-garcia-se-reparten-las-victorias-fim-cev-repsol\\\/#breadcrumb\"},\"inLanguage\":\"es\",\"potentialAction\":[{\"@type\":\"ReadAction\",\"target\":[\"https:\\\/\\\/www.boxrepsol.com\\\/es\\\/sin-categorizar\\\/alonso-lopez-sergio-garcia-ricky-cardus-e-iker-garcia-se-reparten-las-victorias-fim-cev-repsol\\\/\"]}]},{\"@type\":\"ImageObject\",\"inLanguage\":\"es\",\"@id\":\"https:\\\/\\\/www.boxrepsol.com\\\/es\\\/sin-categorizar\\\/alonso-lopez-sergio-garcia-ricky-cardus-e-iker-garcia-se-reparten-las-victorias-fim-cev-repsol\\\/#primaryimage\",\"url\":\"https:\\\/\\\/www.boxrepsol.com\\\/wp-content\\\/uploads\\\/2022\\\/08\\\/ricky_cardus_88_fim_cev_repsol.jpg\",\"contentUrl\":\"https:\\\/\\\/www.boxrepsol.com\\\/wp-content\\\/uploads\\\/2022\\\/08\\\/ricky_cardus_88_fim_cev_repsol.jpg\",\"width\":995,\"height\":560,\"caption\":\"Ricky card\u00fas\"},{\"@type\":\"BreadcrumbList\",\"@id\":\"https:\\\/\\\/www.boxrepsol.com\\\/es\\\/sin-categorizar\\\/alonso-lopez-sergio-garcia-ricky-cardus-e-iker-garcia-se-reparten-las-victorias-fim-cev-repsol\\\/#breadcrumb\",\"itemListElement\":[{\"@type\":\"ListItem\",\"position\":1,\"name\":\"Home\",\"item\":\"https:\\\/\\\/www.boxrepsol.com\\\/es\\\/\"},{\"@type\":\"ListItem\",\"position\":2,\"name\":\"Alonso L\u00f3pez, Sergio Garc\u00eda, Ricky Card\u00fas e Iker Garc\u00eda se reparten las victorias en el FIM CEV Repsol\"}]},{\"@type\":\"WebSite\",\"@id\":\"https:\\\/\\\/www.boxrepsol.com\\\/es\\\/#website\",\"url\":\"https:\\\/\\\/www.boxrepsol.com\\\/es\\\/\",\"name\":\"Box Repsol\",\"description\":\"Box Repsol Site\",\"publisher\":{\"@id\":\"https:\\\/\\\/www.boxrepsol.com\\\/es\\\/#organization\"},\"potentialAction\":[{\"@type\":\"SearchAction\",\"target\":{\"@type\":\"EntryPoint\",\"urlTemplate\":\"https:\\\/\\\/www.boxrepsol.com\\\/es\\\/?s={search_term_string}\"},\"query-input\":{\"@type\":\"PropertyValueSpecification\",\"valueRequired\":true,\"valueName\":\"search_term_string\"}}],\"inLanguage\":\"es\"},{\"@type\":\"Organization\",\"@id\":\"https:\\\/\\\/www.boxrepsol.com\\\/es\\\/#organization\",\"name\":\"Box Repsol\",\"url\":\"https:\\\/\\\/www.boxrepsol.com\\\/es\\\/\",\"logo\":{\"@type\":\"ImageObject\",\"inLanguage\":\"es\",\"@id\":\"https:\\\/\\\/www.boxrepsol.com\\\/es\\\/#\\\/schema\\\/logo\\\/image\\\/\",\"url\":\"https:\\\/\\\/bxrepsol.s3.eu-west-1.amazonaws.com\\\/static\\\/2025\\\/07\\\/30083337\\\/favicon-96x96-1.png\",\"contentUrl\":\"https:\\\/\\\/bxrepsol.s3.eu-west-1.amazonaws.com\\\/static\\\/2025\\\/07\\\/30083337\\\/favicon-96x96-1.png\",\"width\":96,\"height\":96,\"caption\":\"Box Repsol\"},\"image\":{\"@id\":\"https:\\\/\\\/www.boxrepsol.com\\\/es\\\/#\\\/schema\\\/logo\\\/image\\\/\"},\"sameAs\":[\"https:\\\/\\\/www.facebook.com\\\/BoxRepsol\",\"https:\\\/\\\/x.com\\\/box_repsol\",\"http:\\\/\\\/instagram.com\\\/box_repsol\",\"https:\\\/\\\/www.youtube.com\\\/user\\\/RepsolCompeticion\",\"https:\\\/\\\/www.flickr.com\\\/photos\\\/box_repsol\\\/\"]},{\"@type\":\"Person\",\"@id\":\"https:\\\/\\\/www.boxrepsol.com\\\/es\\\/#\\\/schema\\\/person\\\/c5c2138f2cca251b0ad92b7086bb60b7\",\"name\":\"Redacci\u00f3n Box Repsol\",\"image\":{\"@type\":\"ImageObject\",\"inLanguage\":\"es\",\"@id\":\"https:\\\/\\\/secure.gravatar.com\\\/avatar\\\/adf7b77e38b4419baf32c7e9c21dde01f4e40df611f0978e3006fc4ba0aaab7e?s=96&d=mm&r=g\",\"url\":\"https:\\\/\\\/secure.gravatar.com\\\/avatar\\\/adf7b77e38b4419baf32c7e9c21dde01f4e40df611f0978e3006fc4ba0aaab7e?s=96&d=mm&r=g\",\"contentUrl\":\"https:\\\/\\\/secure.gravatar.com\\\/avatar\\\/adf7b77e38b4419baf32c7e9c21dde01f4e40df611f0978e3006fc4ba0aaab7e?s=96&d=mm&r=g\",\"caption\":\"Redacci\u00f3n Box Repsol\"},\"description\":\"Box Repsol lo forma un equipo de periodistas, community managers, dise\u00f1adores y fot\u00f3grafos con m\u00e1s de 20 a\u00f1os de experiencia en el mundo del motorsport. Hemos vivido el primer mundial de un espa\u00f1ol en la categor\u00eda reina de motociclismo con \u00c1lex Crivill\u00e9, estuvimos en las victorias de Pedrosa y los t\u00edtulos de M\u00e1rquez, acompa\u00f1amos en \u00c1frica a Nani Roma y Marc Coma en sus conquistas del Dakar y hemos vibrado con los t\u00edtulos de Toni Bou en Trial. Adem\u00e1s, en nuestro equipo contamos con expertos en el mundo de las dos y cuatro ruedas tanto de la calle y las carreteras, como de los circuitos. Periodistas que han trabajado en revistas y publicaciones para hacerte llegar desde rutas y consejos de mantenimiento, a curiosidades y trucos de pilotaje.\",\"sameAs\":[\"https:\\\/\\\/www.facebook.com\\\/BoxRepsol\\\/\",\"https:\\\/\\\/www.instagram.com\\\/box_repsol\\\/\",\"https:\\\/\\\/x.com\\\/https:\\\/\\\/twitter.com\\\/box_repsol\",\"https:\\\/\\\/www.youtube.com\\\/@Boxrepsol\"],\"url\":\"https:\\\/\\\/www.boxrepsol.com\\\/es\\\/author\\\/redaccion-box-repsol\\\/\"}]}<\/script>\n<!-- \/ Yoast SEO plugin. -->","yoast_head_json":{"title":"Alonso L\u00f3pez, Sergio Garc\u00eda, Ricky Card\u00fas e Iker Garc\u00eda se reparten las victorias en el FIM CEV Repsol - Box Repsol","description":"Alonso L\u00f3pez y Sergio Garc\u00eda se imponen en las carreras del Mundial Junior, Ricky Card\u00fas arrasa en las dos del Campeonato de Europa de Moto2.","canonical":"https:\/\/www.boxrepsol.com\/es\/sin-categorizar\/alonso-lopez-sergio-garcia-ricky-cardus-e-iker-garcia-se-reparten-las-victorias-fim-cev-repsol\/","og_locale":"es_ES","og_type":"article","og_title":"Alonso L\u00f3pez, Sergio Garc\u00eda, Ricky Card\u00fas e Iker Garc\u00eda se reparten las victorias en el FIM CEV Repsol - Box Repsol","og_description":"Alonso L\u00f3pez y Sergio Garc\u00eda se imponen en las carreras del Mundial Junior, Ricky Card\u00fas arrasa en las dos del Campeonato de Europa de Moto2.","og_url":"https:\/\/www.boxrepsol.com\/es\/sin-categorizar\/alonso-lopez-sergio-garcia-ricky-cardus-e-iker-garcia-se-reparten-las-victorias-fim-cev-repsol\/","og_site_name":"Box Repsol","article_publisher":"https:\/\/www.facebook.com\/BoxRepsol","article_author":"https:\/\/www.facebook.com\/BoxRepsol\/","article_published_time":"2017-06-19T02:00:00+00:00","article_modified_time":"2024-05-15T09:40:43+00:00","og_image":[{"width":995,"height":560,"url":"https:\/\/www.boxrepsol.com\/wp-content\/uploads\/2022\/08\/ricky_cardus_88_fim_cev_repsol.jpg","type":"image\/jpeg"}],"author":"Redacci\u00f3n Box Repsol","twitter_card":"summary_large_image","twitter_creator":"@https:\/\/twitter.com\/box_repsol","twitter_site":"@box_repsol","twitter_misc":{"Written by":"Redacci\u00f3n Box Repsol","Est. reading time":"4 minutos"},"schema":{"@context":"https:\/\/schema.org","@graph":[{"@type":"Article","@id":"https:\/\/www.boxrepsol.com\/es\/sin-categorizar\/alonso-lopez-sergio-garcia-ricky-cardus-e-iker-garcia-se-reparten-las-victorias-fim-cev-repsol\/#article","isPartOf":{"@id":"https:\/\/www.boxrepsol.com\/es\/sin-categorizar\/alonso-lopez-sergio-garcia-ricky-cardus-e-iker-garcia-se-reparten-las-victorias-fim-cev-repsol\/"},"author":{"name":"Redacci\u00f3n Box Repsol","@id":"https:\/\/www.boxrepsol.com\/es\/#\/schema\/person\/c5c2138f2cca251b0ad92b7086bb60b7"},"headline":"Alonso L\u00f3pez, Sergio Garc\u00eda, Ricky Card\u00fas e Iker Garc\u00eda se reparten las victorias en el FIM CEV Repsol","datePublished":"2017-06-19T02:00:00+00:00","dateModified":"2024-05-15T09:40:43+00:00","mainEntityOfPage":{"@id":"https:\/\/www.boxrepsol.com\/es\/sin-categorizar\/alonso-lopez-sergio-garcia-ricky-cardus-e-iker-garcia-se-reparten-las-victorias-fim-cev-repsol\/"},"wordCount":804,"commentCount":0,"publisher":{"@id":"https:\/\/www.boxrepsol.com\/es\/#organization"},"image":{"@id":"https:\/\/www.boxrepsol.com\/es\/sin-categorizar\/alonso-lopez-sergio-garcia-ricky-cardus-e-iker-garcia-se-reparten-las-victorias-fim-cev-repsol\/#primaryimage"},"thumbnailUrl":"https:\/\/www.boxrepsol.com\/wp-content\/uploads\/2022\/08\/ricky_cardus_88_fim_cev_repsol.jpg","keywords":["otros eventos y competiciones"],"articleSection":["Sin categorizar"],"inLanguage":"es","potentialAction":[{"@type":"CommentAction","name":"Comment","target":["https:\/\/www.boxrepsol.com\/es\/sin-categorizar\/alonso-lopez-sergio-garcia-ricky-cardus-e-iker-garcia-se-reparten-las-victorias-fim-cev-repsol\/#respond"]}]},{"@type":"WebPage","@id":"https:\/\/www.boxrepsol.com\/es\/sin-categorizar\/alonso-lopez-sergio-garcia-ricky-cardus-e-iker-garcia-se-reparten-las-victorias-fim-cev-repsol\/","url":"https:\/\/www.boxrepsol.com\/es\/sin-categorizar\/alonso-lopez-sergio-garcia-ricky-cardus-e-iker-garcia-se-reparten-las-victorias-fim-cev-repsol\/","name":"Alonso L\u00f3pez, Sergio Garc\u00eda, Ricky Card\u00fas e Iker Garc\u00eda se reparten las victorias en el FIM CEV Repsol - Box Repsol","isPartOf":{"@id":"https:\/\/www.boxrepsol.com\/es\/#website"},"primaryImageOfPage":{"@id":"https:\/\/www.boxrepsol.com\/es\/sin-categorizar\/alonso-lopez-sergio-garcia-ricky-cardus-e-iker-garcia-se-reparten-las-victorias-fim-cev-repsol\/#primaryimage"},"image":{"@id":"https:\/\/www.boxrepsol.com\/es\/sin-categorizar\/alonso-lopez-sergio-garcia-ricky-cardus-e-iker-garcia-se-reparten-las-victorias-fim-cev-repsol\/#primaryimage"},"thumbnailUrl":"https:\/\/www.boxrepsol.com\/wp-content\/uploads\/2022\/08\/ricky_cardus_88_fim_cev_repsol.jpg","datePublished":"2017-06-19T02:00:00+00:00","dateModified":"2024-05-15T09:40:43+00:00","description":"Alonso L\u00f3pez y Sergio Garc\u00eda se imponen en las carreras del Mundial Junior, Ricky Card\u00fas arrasa en las dos del Campeonato de Europa de Moto2.","breadcrumb":{"@id":"https:\/\/www.boxrepsol.com\/es\/sin-categorizar\/alonso-lopez-sergio-garcia-ricky-cardus-e-iker-garcia-se-reparten-las-victorias-fim-cev-repsol\/#breadcrumb"},"inLanguage":"es","potentialAction":[{"@type":"ReadAction","target":["https:\/\/www.boxrepsol.com\/es\/sin-categorizar\/alonso-lopez-sergio-garcia-ricky-cardus-e-iker-garcia-se-reparten-las-victorias-fim-cev-repsol\/"]}]},{"@type":"ImageObject","inLanguage":"es","@id":"https:\/\/www.boxrepsol.com\/es\/sin-categorizar\/alonso-lopez-sergio-garcia-ricky-cardus-e-iker-garcia-se-reparten-las-victorias-fim-cev-repsol\/#primaryimage","url":"https:\/\/www.boxrepsol.com\/wp-content\/uploads\/2022\/08\/ricky_cardus_88_fim_cev_repsol.jpg","contentUrl":"https:\/\/www.boxrepsol.com\/wp-content\/uploads\/2022\/08\/ricky_cardus_88_fim_cev_repsol.jpg","width":995,"height":560,"caption":"Ricky card\u00fas"},{"@type":"BreadcrumbList","@id":"https:\/\/www.boxrepsol.com\/es\/sin-categorizar\/alonso-lopez-sergio-garcia-ricky-cardus-e-iker-garcia-se-reparten-las-victorias-fim-cev-repsol\/#breadcrumb","itemListElement":[{"@type":"ListItem","position":1,"name":"Home","item":"https:\/\/www.boxrepsol.com\/es\/"},{"@type":"ListItem","position":2,"name":"Alonso L\u00f3pez, Sergio Garc\u00eda, Ricky Card\u00fas e Iker Garc\u00eda se reparten las victorias en el FIM CEV Repsol"}]},{"@type":"WebSite","@id":"https:\/\/www.boxrepsol.com\/es\/#website","url":"https:\/\/www.boxrepsol.com\/es\/","name":"Box Repsol","description":"Box Repsol Site","publisher":{"@id":"https:\/\/www.boxrepsol.com\/es\/#organization"},"potentialAction":[{"@type":"SearchAction","target":{"@type":"EntryPoint","urlTemplate":"https:\/\/www.boxrepsol.com\/es\/?s={search_term_string}"},"query-input":{"@type":"PropertyValueSpecification","valueRequired":true,"valueName":"search_term_string"}}],"inLanguage":"es"},{"@type":"Organization","@id":"https:\/\/www.boxrepsol.com\/es\/#organization","name":"Box Repsol","url":"https:\/\/www.boxrepsol.com\/es\/","logo":{"@type":"ImageObject","inLanguage":"es","@id":"https:\/\/www.boxrepsol.com\/es\/#\/schema\/logo\/image\/","url":"https:\/\/bxrepsol.s3.eu-west-1.amazonaws.com\/static\/2025\/07\/30083337\/favicon-96x96-1.png","contentUrl":"https:\/\/bxrepsol.s3.eu-west-1.amazonaws.com\/static\/2025\/07\/30083337\/favicon-96x96-1.png","width":96,"height":96,"caption":"Box Repsol"},"image":{"@id":"https:\/\/www.boxrepsol.com\/es\/#\/schema\/logo\/image\/"},"sameAs":["https:\/\/www.facebook.com\/BoxRepsol","https:\/\/x.com\/box_repsol","http:\/\/instagram.com\/box_repsol","https:\/\/www.youtube.com\/user\/RepsolCompeticion","https:\/\/www.flickr.com\/photos\/box_repsol\/"]},{"@type":"Person","@id":"https:\/\/www.boxrepsol.com\/es\/#\/schema\/person\/c5c2138f2cca251b0ad92b7086bb60b7","name":"Redacci\u00f3n Box Repsol","image":{"@type":"ImageObject","inLanguage":"es","@id":"https:\/\/secure.gravatar.com\/avatar\/adf7b77e38b4419baf32c7e9c21dde01f4e40df611f0978e3006fc4ba0aaab7e?s=96&d=mm&r=g","url":"https:\/\/secure.gravatar.com\/avatar\/adf7b77e38b4419baf32c7e9c21dde01f4e40df611f0978e3006fc4ba0aaab7e?s=96&d=mm&r=g","contentUrl":"https:\/\/secure.gravatar.com\/avatar\/adf7b77e38b4419baf32c7e9c21dde01f4e40df611f0978e3006fc4ba0aaab7e?s=96&d=mm&r=g","caption":"Redacci\u00f3n Box Repsol"},"description":"Box Repsol lo forma un equipo de periodistas, community managers, dise\u00f1adores y fot\u00f3grafos con m\u00e1s de 20 a\u00f1os de experiencia en el mundo del motorsport. Hemos vivido el primer mundial de un espa\u00f1ol en la categor\u00eda reina de motociclismo con \u00c1lex Crivill\u00e9, estuvimos en las victorias de Pedrosa y los t\u00edtulos de M\u00e1rquez, acompa\u00f1amos en \u00c1frica a Nani Roma y Marc Coma en sus conquistas del Dakar y hemos vibrado con los t\u00edtulos de Toni Bou en Trial. Adem\u00e1s, en nuestro equipo contamos con expertos en el mundo de las dos y cuatro ruedas tanto de la calle y las carreteras, como de los circuitos. Periodistas que han trabajado en revistas y publicaciones para hacerte llegar desde rutas y consejos de mantenimiento, a curiosidades y trucos de pilotaje.","sameAs":["https:\/\/www.facebook.com\/BoxRepsol\/","https:\/\/www.instagram.com\/box_repsol\/","https:\/\/x.com\/https:\/\/twitter.com\/box_repsol","https:\/\/www.youtube.com\/@Boxrepsol"],"url":"https:\/\/www.boxrepsol.com\/es\/author\/redaccion-box-repsol\/"}]}},"_links":{"self":[{"href":"https:\/\/www.boxrepsol.com\/es\/wp-json\/wp\/v2\/posts\/90470","targetHints":{"allow":["GET"]}}],"collection":[{"href":"https:\/\/www.boxrepsol.com\/es\/wp-json\/wp\/v2\/posts"}],"about":[{"href":"https:\/\/www.boxrepsol.com\/es\/wp-json\/wp\/v2\/types\/post"}],"author":[{"embeddable":true,"href":"https:\/\/www.boxrepsol.com\/es\/wp-json\/wp\/v2\/users\/43146"}],"replies":[{"embeddable":true,"href":"https:\/\/www.boxrepsol.com\/es\/wp-json\/wp\/v2\/comments?post=90470"}],"version-history":[{"count":1,"href":"https:\/\/www.boxrepsol.com\/es\/wp-json\/wp\/v2\/posts\/90470\/revisions"}],"predecessor-version":[{"id":90471,"href":"https:\/\/www.boxrepsol.com\/es\/wp-json\/wp\/v2\/posts\/90470\/revisions\/90471"}],"wp:featuredmedia":[{"embeddable":true,"href":"https:\/\/www.boxrepsol.com\/es\/wp-json\/wp\/v2\/media\/86605"}],"wp:attachment":[{"href":"https:\/\/www.boxrepsol.com\/es\/wp-json\/wp\/v2\/media?parent=90470"}],"wp:term":[{"taxonomy":"category","embeddable":true,"href":"https:\/\/www.boxrepsol.com\/es\/wp-json\/wp\/v2\/categories?post=90470"},{"taxonomy":"post_tag","embeddable":true,"href":"https:\/\/www.boxrepsol.com\/es\/wp-json\/wp\/v2\/tags?post=90470"}],"curies":[{"name":"wp","href":"https:\/\/api.w.org\/{rel}","templated":true}]}}