{"id":90468,"date":"2017-06-19T00:00:00","date_gmt":"2017-06-19T02:00:00","guid":{"rendered":"http:\/\/pre.boxrepsol.com\/sin-categorizar\/busto-suma-primer-podio-mundial-bou-termina-tercero\/"},"modified":"2024-05-15T07:40:27","modified_gmt":"2024-05-15T09:40:27","slug":"busto-suma-primer-podio-mundial-bou-termina-tercero","status":"publish","type":"post","link":"https:\/\/www.boxrepsol.com\/es\/trial\/busto-suma-primer-podio-mundial-bou-termina-tercero\/","title":{"rendered":"Busto suma su primer podio en el Mundial y Bou termina tercero"},"content":{"rendered":"<blockquote><p>Estoy muy contento por conseguir mi primer podio en el Campeonato del Mundo.<\/p>\n<p><a href=\"http:\/\/twitter.com\/share?text=Estoy+muy+contento+por+conseguir+mi+primer+podio+en+el+Campeonato+del+Mundo.&amp;url=https%3A%2F%2Fwww.boxrepsol.com%2Fes%2F%3Fp%3D8200%2F&amp;hashtags=\" target=\"_blank\" rel=\"noopener noreferrer\"><br \/>\ntwittear <\/a><\/p>\n<footer>Jaime Busto<\/footer>\n<\/blockquote>\n<p><a href=\"http:\/\/www.boxrepsol.com\/es\/temporada-2017\/equipo-repsol-honda\/jaime-busto\/\">Jaime Busto<\/a> se impuso ayer en la jornada clasificatoria y hoy ha conseguido su primer podio en el Mundial al acabar en segunda posici\u00f3n, a s\u00f3lo un punto del ganador, Adam Raga.<\/p>\n<p>En la tercera posici\u00f3n y \u00fanicamente a dos puntos del ganador, ha terminado <a href=\"http:\/\/www.boxrepsol.com\/es\/temporada-2017\/equipo-repsol-honda\/toni-bou\/\">Toni Bou<\/a>, tras cometer un error en la primera vuelta al recorrido al saltarse un paso obligatorio.<\/p>\n<p>El tercer piloto del Repsol Honda Team, Takahisa Fujinami, ha luchado por las primeras posiciones, aunque finalmente ha acabado en quinto lugar.<\/p>\n<p>El Mundial no se detiene y el pr\u00f3ximo fin de semana tendr\u00e1 lugar, en Lourdes, Francia, la cuarta fecha del calendario. Como todas las citas europeas, la competici\u00f3n tendr\u00e1 lugar \u00fanicamente el domingo.<\/p>\n<p><img decoding=\"async\" src=\"https:\/\/bxrepsol.s3.eu-west-1.amazonaws.com\/static\/2022\/08\/04111127\/00_toni_bou_andorra_respol_honda_montesa.jpg\" alt=\"Toni Bou saltando en moto\" \/><\/p>\n<h3>Toni Bou<\/h3>\n<p><em>El error m\u00e1s grande ha sido el de la zona 14, porque he hecho la zona casi sin mirar, porque iba fatal de tiempo, y me he saltado una puerta. Ese fallo me ha perjudicado mucho, de hecho, me ha dejado sin la victoria. Otras penalizaciones eran previsibles, pero no tanto esta. Ya sabemos que son cosas que pueden ocurrir y lo \u00fanico que nos dice es que tenemos que seguir luchando carrera a carrera por el campeonato.<\/em><\/p>\n<h3>Jaime Busto<\/h3>\n<p><em>Estoy muy contento por conseguir mi primer podio en el Campeonato del Mundo. El a\u00f1o pasado y el anterior estuve cerca por muy poco, y este a\u00f1o hab\u00eda empezado bastante mal, as\u00ed que ya tocaba cambiar la tendencia. El fin de semana ha ido muy bien, con la pole de ayer y el resultado de hoy. Estoy muy contento de este segundo puesto.<\/em><\/p>\n<h3>Takahisa Fujinami<\/h3>\n<p><em>El trial de hoy ha sido, como ya preve\u00edamos, una carrera dura. Cuando fuimos a ver las zonas parec\u00edan f\u00e1ciles, pero finalmente o sacabas el cero, o acababas penalizando fiasco. He cometido alg\u00fan error y al final he tenido que correr mucho porque, adem\u00e1s, he penalizado por tiempo. He terminado quinto, un poco lejos del podio, pero estoy seguro que habr\u00e1 carreras mejores. Quiero felicitar a Jaime por su primer podio del Mundial. \u00a1Sigue as\u00ed, Jaime!<\/em><\/p>\n","protected":false},"excerpt":{"rendered":"<p>Doble podio del equipo Repsol Honda en Andorra gracias al debut en el podio del Mundial de Jaime Busto y el tercer puesto de Toni Bou. Takahisa Fujinami ha terminado quinto.<\/p>\n","protected":false},"author":43146,"featured_media":86601,"comment_status":"open","ping_status":"open","sticky":false,"template":"","format":"standard","meta":{"footnotes":""},"categories":[23],"tags":[130],"class_list":["post-90468","post","type-post","status-publish","format-standard","hentry","category-trial","tag-otros-eventos-y-competiciones"],"yoast_head":"<!-- This site is optimized with the Yoast SEO plugin v27.3 - https:\/\/yoast.com\/product\/yoast-seo-wordpress\/ -->\n<title>Busto suma su primer podio en el Mundial y Bou termina tercero - Box Repsol<\/title>\n<meta name=\"description\" content=\"Doble podio del equipo Repsol Honda en Andorra gracias al debut en el podio del Mundial de Jaime Busto y el tercer puesto de Toni Bou.\" \/>\n<link rel=\"canonical\" href=\"https:\/\/www.boxrepsol.com\/es\/trial\/busto-suma-primer-podio-mundial-bou-termina-tercero\/\" \/>\n<meta property=\"og:locale\" content=\"es_ES\" \/>\n<meta property=\"og:type\" content=\"article\" \/>\n<meta property=\"og:title\" content=\"Busto suma su primer podio en el Mundial y Bou termina tercero - Box Repsol\" \/>\n<meta property=\"og:description\" content=\"Doble podio del equipo Repsol Honda en Andorra gracias al debut en el podio del Mundial de Jaime Busto y el tercer puesto de Toni Bou.\" \/>\n<meta property=\"og:url\" content=\"https:\/\/www.boxrepsol.com\/es\/trial\/busto-suma-primer-podio-mundial-bou-termina-tercero\/\" \/>\n<meta property=\"og:site_name\" content=\"Box Repsol\" \/>\n<meta property=\"article:publisher\" content=\"https:\/\/www.facebook.com\/BoxRepsol\" \/>\n<meta property=\"article:author\" content=\"https:\/\/www.facebook.com\/BoxRepsol\/\" \/>\n<meta property=\"article:published_time\" content=\"2017-06-19T02:00:00+00:00\" \/>\n<meta property=\"article:modified_time\" content=\"2024-05-15T09:40:27+00:00\" \/>\n<meta property=\"og:image\" content=\"https:\/\/www.boxrepsol.com\/wp-content\/uploads\/2022\/08\/00jaime_busto_respol_honda_montesa.jpg\" \/>\n\t<meta property=\"og:image:width\" content=\"995\" \/>\n\t<meta property=\"og:image:height\" content=\"560\" \/>\n\t<meta property=\"og:image:type\" content=\"image\/jpeg\" \/>\n<meta name=\"author\" content=\"Redacci\u00f3n Box Repsol\" \/>\n<meta name=\"twitter:card\" content=\"summary_large_image\" \/>\n<meta name=\"twitter:creator\" content=\"@https:\/\/twitter.com\/box_repsol\" \/>\n<meta name=\"twitter:site\" content=\"@box_repsol\" \/>\n<meta name=\"twitter:label1\" content=\"Written by\" \/>\n\t<meta name=\"twitter:data1\" content=\"Redacci\u00f3n Box Repsol\" \/>\n\t<meta name=\"twitter:label2\" content=\"Est. reading time\" \/>\n\t<meta name=\"twitter:data2\" content=\"2 minutos\" \/>\n<script type=\"application\/ld+json\" class=\"yoast-schema-graph\">{\"@context\":\"https:\\\/\\\/schema.org\",\"@graph\":[{\"@type\":\"Article\",\"@id\":\"https:\\\/\\\/www.boxrepsol.com\\\/es\\\/trial\\\/busto-suma-primer-podio-mundial-bou-termina-tercero\\\/#article\",\"isPartOf\":{\"@id\":\"https:\\\/\\\/www.boxrepsol.com\\\/es\\\/trial\\\/busto-suma-primer-podio-mundial-bou-termina-tercero\\\/\"},\"author\":{\"name\":\"Redacci\u00f3n Box Repsol\",\"@id\":\"https:\\\/\\\/www.boxrepsol.com\\\/es\\\/#\\\/schema\\\/person\\\/c5c2138f2cca251b0ad92b7086bb60b7\"},\"headline\":\"Busto suma su primer podio en el Mundial y Bou termina tercero\",\"datePublished\":\"2017-06-19T02:00:00+00:00\",\"dateModified\":\"2024-05-15T09:40:27+00:00\",\"mainEntityOfPage\":{\"@id\":\"https:\\\/\\\/www.boxrepsol.com\\\/es\\\/trial\\\/busto-suma-primer-podio-mundial-bou-termina-tercero\\\/\"},\"wordCount\":381,\"commentCount\":0,\"publisher\":{\"@id\":\"https:\\\/\\\/www.boxrepsol.com\\\/es\\\/#organization\"},\"image\":{\"@id\":\"https:\\\/\\\/www.boxrepsol.com\\\/es\\\/trial\\\/busto-suma-primer-podio-mundial-bou-termina-tercero\\\/#primaryimage\"},\"thumbnailUrl\":\"https:\\\/\\\/www.boxrepsol.com\\\/wp-content\\\/uploads\\\/2022\\\/08\\\/00jaime_busto_respol_honda_montesa.jpg\",\"keywords\":[\"otros eventos y competiciones\"],\"articleSection\":[\"Trial\"],\"inLanguage\":\"es\",\"potentialAction\":[{\"@type\":\"CommentAction\",\"name\":\"Comment\",\"target\":[\"https:\\\/\\\/www.boxrepsol.com\\\/es\\\/trial\\\/busto-suma-primer-podio-mundial-bou-termina-tercero\\\/#respond\"]}]},{\"@type\":\"WebPage\",\"@id\":\"https:\\\/\\\/www.boxrepsol.com\\\/es\\\/trial\\\/busto-suma-primer-podio-mundial-bou-termina-tercero\\\/\",\"url\":\"https:\\\/\\\/www.boxrepsol.com\\\/es\\\/trial\\\/busto-suma-primer-podio-mundial-bou-termina-tercero\\\/\",\"name\":\"Busto suma su primer podio en el Mundial y Bou termina tercero - Box Repsol\",\"isPartOf\":{\"@id\":\"https:\\\/\\\/www.boxrepsol.com\\\/es\\\/#website\"},\"primaryImageOfPage\":{\"@id\":\"https:\\\/\\\/www.boxrepsol.com\\\/es\\\/trial\\\/busto-suma-primer-podio-mundial-bou-termina-tercero\\\/#primaryimage\"},\"image\":{\"@id\":\"https:\\\/\\\/www.boxrepsol.com\\\/es\\\/trial\\\/busto-suma-primer-podio-mundial-bou-termina-tercero\\\/#primaryimage\"},\"thumbnailUrl\":\"https:\\\/\\\/www.boxrepsol.com\\\/wp-content\\\/uploads\\\/2022\\\/08\\\/00jaime_busto_respol_honda_montesa.jpg\",\"datePublished\":\"2017-06-19T02:00:00+00:00\",\"dateModified\":\"2024-05-15T09:40:27+00:00\",\"description\":\"Doble podio del equipo Repsol Honda en Andorra gracias al debut en el podio del Mundial de Jaime Busto y el tercer puesto de Toni Bou.\",\"breadcrumb\":{\"@id\":\"https:\\\/\\\/www.boxrepsol.com\\\/es\\\/trial\\\/busto-suma-primer-podio-mundial-bou-termina-tercero\\\/#breadcrumb\"},\"inLanguage\":\"es\",\"potentialAction\":[{\"@type\":\"ReadAction\",\"target\":[\"https:\\\/\\\/www.boxrepsol.com\\\/es\\\/trial\\\/busto-suma-primer-podio-mundial-bou-termina-tercero\\\/\"]}]},{\"@type\":\"ImageObject\",\"inLanguage\":\"es\",\"@id\":\"https:\\\/\\\/www.boxrepsol.com\\\/es\\\/trial\\\/busto-suma-primer-podio-mundial-bou-termina-tercero\\\/#primaryimage\",\"url\":\"https:\\\/\\\/www.boxrepsol.com\\\/wp-content\\\/uploads\\\/2022\\\/08\\\/00jaime_busto_respol_honda_montesa.jpg\",\"contentUrl\":\"https:\\\/\\\/www.boxrepsol.com\\\/wp-content\\\/uploads\\\/2022\\\/08\\\/00jaime_busto_respol_honda_montesa.jpg\",\"width\":995,\"height\":560,\"caption\":\"Jaime Busto saltando\"},{\"@type\":\"BreadcrumbList\",\"@id\":\"https:\\\/\\\/www.boxrepsol.com\\\/es\\\/trial\\\/busto-suma-primer-podio-mundial-bou-termina-tercero\\\/#breadcrumb\",\"itemListElement\":[{\"@type\":\"ListItem\",\"position\":1,\"name\":\"Home\",\"item\":\"https:\\\/\\\/www.boxrepsol.com\\\/es\\\/\"},{\"@type\":\"ListItem\",\"position\":2,\"name\":\"Busto suma su primer podio en el Mundial y Bou termina tercero\"}]},{\"@type\":\"WebSite\",\"@id\":\"https:\\\/\\\/www.boxrepsol.com\\\/es\\\/#website\",\"url\":\"https:\\\/\\\/www.boxrepsol.com\\\/es\\\/\",\"name\":\"Box Repsol\",\"description\":\"Box Repsol Site\",\"publisher\":{\"@id\":\"https:\\\/\\\/www.boxrepsol.com\\\/es\\\/#organization\"},\"potentialAction\":[{\"@type\":\"SearchAction\",\"target\":{\"@type\":\"EntryPoint\",\"urlTemplate\":\"https:\\\/\\\/www.boxrepsol.com\\\/es\\\/?s={search_term_string}\"},\"query-input\":{\"@type\":\"PropertyValueSpecification\",\"valueRequired\":true,\"valueName\":\"search_term_string\"}}],\"inLanguage\":\"es\"},{\"@type\":\"Organization\",\"@id\":\"https:\\\/\\\/www.boxrepsol.com\\\/es\\\/#organization\",\"name\":\"Box Repsol\",\"url\":\"https:\\\/\\\/www.boxrepsol.com\\\/es\\\/\",\"logo\":{\"@type\":\"ImageObject\",\"inLanguage\":\"es\",\"@id\":\"https:\\\/\\\/www.boxrepsol.com\\\/es\\\/#\\\/schema\\\/logo\\\/image\\\/\",\"url\":\"https:\\\/\\\/bxrepsol.s3.eu-west-1.amazonaws.com\\\/static\\\/2025\\\/07\\\/30083337\\\/favicon-96x96-1.png\",\"contentUrl\":\"https:\\\/\\\/bxrepsol.s3.eu-west-1.amazonaws.com\\\/static\\\/2025\\\/07\\\/30083337\\\/favicon-96x96-1.png\",\"width\":96,\"height\":96,\"caption\":\"Box Repsol\"},\"image\":{\"@id\":\"https:\\\/\\\/www.boxrepsol.com\\\/es\\\/#\\\/schema\\\/logo\\\/image\\\/\"},\"sameAs\":[\"https:\\\/\\\/www.facebook.com\\\/BoxRepsol\",\"https:\\\/\\\/x.com\\\/box_repsol\",\"http:\\\/\\\/instagram.com\\\/box_repsol\",\"https:\\\/\\\/www.youtube.com\\\/user\\\/RepsolCompeticion\",\"https:\\\/\\\/www.flickr.com\\\/photos\\\/box_repsol\\\/\"]},{\"@type\":\"Person\",\"@id\":\"https:\\\/\\\/www.boxrepsol.com\\\/es\\\/#\\\/schema\\\/person\\\/c5c2138f2cca251b0ad92b7086bb60b7\",\"name\":\"Redacci\u00f3n Box Repsol\",\"image\":{\"@type\":\"ImageObject\",\"inLanguage\":\"es\",\"@id\":\"https:\\\/\\\/secure.gravatar.com\\\/avatar\\\/adf7b77e38b4419baf32c7e9c21dde01f4e40df611f0978e3006fc4ba0aaab7e?s=96&d=mm&r=g\",\"url\":\"https:\\\/\\\/secure.gravatar.com\\\/avatar\\\/adf7b77e38b4419baf32c7e9c21dde01f4e40df611f0978e3006fc4ba0aaab7e?s=96&d=mm&r=g\",\"contentUrl\":\"https:\\\/\\\/secure.gravatar.com\\\/avatar\\\/adf7b77e38b4419baf32c7e9c21dde01f4e40df611f0978e3006fc4ba0aaab7e?s=96&d=mm&r=g\",\"caption\":\"Redacci\u00f3n Box Repsol\"},\"description\":\"Box Repsol lo forma un equipo de periodistas, community managers, dise\u00f1adores y fot\u00f3grafos con m\u00e1s de 20 a\u00f1os de experiencia en el mundo del motorsport. Hemos vivido el primer mundial de un espa\u00f1ol en la categor\u00eda reina de motociclismo con \u00c1lex Crivill\u00e9, estuvimos en las victorias de Pedrosa y los t\u00edtulos de M\u00e1rquez, acompa\u00f1amos en \u00c1frica a Nani Roma y Marc Coma en sus conquistas del Dakar y hemos vibrado con los t\u00edtulos de Toni Bou en Trial. Adem\u00e1s, en nuestro equipo contamos con expertos en el mundo de las dos y cuatro ruedas tanto de la calle y las carreteras, como de los circuitos. Periodistas que han trabajado en revistas y publicaciones para hacerte llegar desde rutas y consejos de mantenimiento, a curiosidades y trucos de pilotaje.\",\"sameAs\":[\"https:\\\/\\\/www.facebook.com\\\/BoxRepsol\\\/\",\"https:\\\/\\\/www.instagram.com\\\/box_repsol\\\/\",\"https:\\\/\\\/x.com\\\/https:\\\/\\\/twitter.com\\\/box_repsol\",\"https:\\\/\\\/www.youtube.com\\\/@Boxrepsol\"],\"url\":\"https:\\\/\\\/www.boxrepsol.com\\\/es\\\/author\\\/redaccion-box-repsol\\\/\"}]}<\/script>\n<!-- \/ Yoast SEO plugin. -->","yoast_head_json":{"title":"Busto suma su primer podio en el Mundial y Bou termina tercero - Box Repsol","description":"Doble podio del equipo Repsol Honda en Andorra gracias al debut en el podio del Mundial de Jaime Busto y el tercer puesto de Toni Bou.","canonical":"https:\/\/www.boxrepsol.com\/es\/trial\/busto-suma-primer-podio-mundial-bou-termina-tercero\/","og_locale":"es_ES","og_type":"article","og_title":"Busto suma su primer podio en el Mundial y Bou termina tercero - Box Repsol","og_description":"Doble podio del equipo Repsol Honda en Andorra gracias al debut en el podio del Mundial de Jaime Busto y el tercer puesto de Toni Bou.","og_url":"https:\/\/www.boxrepsol.com\/es\/trial\/busto-suma-primer-podio-mundial-bou-termina-tercero\/","og_site_name":"Box Repsol","article_publisher":"https:\/\/www.facebook.com\/BoxRepsol","article_author":"https:\/\/www.facebook.com\/BoxRepsol\/","article_published_time":"2017-06-19T02:00:00+00:00","article_modified_time":"2024-05-15T09:40:27+00:00","og_image":[{"width":995,"height":560,"url":"https:\/\/www.boxrepsol.com\/wp-content\/uploads\/2022\/08\/00jaime_busto_respol_honda_montesa.jpg","type":"image\/jpeg"}],"author":"Redacci\u00f3n Box Repsol","twitter_card":"summary_large_image","twitter_creator":"@https:\/\/twitter.com\/box_repsol","twitter_site":"@box_repsol","twitter_misc":{"Written by":"Redacci\u00f3n Box Repsol","Est. reading time":"2 minutos"},"schema":{"@context":"https:\/\/schema.org","@graph":[{"@type":"Article","@id":"https:\/\/www.boxrepsol.com\/es\/trial\/busto-suma-primer-podio-mundial-bou-termina-tercero\/#article","isPartOf":{"@id":"https:\/\/www.boxrepsol.com\/es\/trial\/busto-suma-primer-podio-mundial-bou-termina-tercero\/"},"author":{"name":"Redacci\u00f3n Box Repsol","@id":"https:\/\/www.boxrepsol.com\/es\/#\/schema\/person\/c5c2138f2cca251b0ad92b7086bb60b7"},"headline":"Busto suma su primer podio en el Mundial y Bou termina tercero","datePublished":"2017-06-19T02:00:00+00:00","dateModified":"2024-05-15T09:40:27+00:00","mainEntityOfPage":{"@id":"https:\/\/www.boxrepsol.com\/es\/trial\/busto-suma-primer-podio-mundial-bou-termina-tercero\/"},"wordCount":381,"commentCount":0,"publisher":{"@id":"https:\/\/www.boxrepsol.com\/es\/#organization"},"image":{"@id":"https:\/\/www.boxrepsol.com\/es\/trial\/busto-suma-primer-podio-mundial-bou-termina-tercero\/#primaryimage"},"thumbnailUrl":"https:\/\/www.boxrepsol.com\/wp-content\/uploads\/2022\/08\/00jaime_busto_respol_honda_montesa.jpg","keywords":["otros eventos y competiciones"],"articleSection":["Trial"],"inLanguage":"es","potentialAction":[{"@type":"CommentAction","name":"Comment","target":["https:\/\/www.boxrepsol.com\/es\/trial\/busto-suma-primer-podio-mundial-bou-termina-tercero\/#respond"]}]},{"@type":"WebPage","@id":"https:\/\/www.boxrepsol.com\/es\/trial\/busto-suma-primer-podio-mundial-bou-termina-tercero\/","url":"https:\/\/www.boxrepsol.com\/es\/trial\/busto-suma-primer-podio-mundial-bou-termina-tercero\/","name":"Busto suma su primer podio en el Mundial y Bou termina tercero - Box Repsol","isPartOf":{"@id":"https:\/\/www.boxrepsol.com\/es\/#website"},"primaryImageOfPage":{"@id":"https:\/\/www.boxrepsol.com\/es\/trial\/busto-suma-primer-podio-mundial-bou-termina-tercero\/#primaryimage"},"image":{"@id":"https:\/\/www.boxrepsol.com\/es\/trial\/busto-suma-primer-podio-mundial-bou-termina-tercero\/#primaryimage"},"thumbnailUrl":"https:\/\/www.boxrepsol.com\/wp-content\/uploads\/2022\/08\/00jaime_busto_respol_honda_montesa.jpg","datePublished":"2017-06-19T02:00:00+00:00","dateModified":"2024-05-15T09:40:27+00:00","description":"Doble podio del equipo Repsol Honda en Andorra gracias al debut en el podio del Mundial de Jaime Busto y el tercer puesto de Toni Bou.","breadcrumb":{"@id":"https:\/\/www.boxrepsol.com\/es\/trial\/busto-suma-primer-podio-mundial-bou-termina-tercero\/#breadcrumb"},"inLanguage":"es","potentialAction":[{"@type":"ReadAction","target":["https:\/\/www.boxrepsol.com\/es\/trial\/busto-suma-primer-podio-mundial-bou-termina-tercero\/"]}]},{"@type":"ImageObject","inLanguage":"es","@id":"https:\/\/www.boxrepsol.com\/es\/trial\/busto-suma-primer-podio-mundial-bou-termina-tercero\/#primaryimage","url":"https:\/\/www.boxrepsol.com\/wp-content\/uploads\/2022\/08\/00jaime_busto_respol_honda_montesa.jpg","contentUrl":"https:\/\/www.boxrepsol.com\/wp-content\/uploads\/2022\/08\/00jaime_busto_respol_honda_montesa.jpg","width":995,"height":560,"caption":"Jaime Busto saltando"},{"@type":"BreadcrumbList","@id":"https:\/\/www.boxrepsol.com\/es\/trial\/busto-suma-primer-podio-mundial-bou-termina-tercero\/#breadcrumb","itemListElement":[{"@type":"ListItem","position":1,"name":"Home","item":"https:\/\/www.boxrepsol.com\/es\/"},{"@type":"ListItem","position":2,"name":"Busto suma su primer podio en el Mundial y Bou termina tercero"}]},{"@type":"WebSite","@id":"https:\/\/www.boxrepsol.com\/es\/#website","url":"https:\/\/www.boxrepsol.com\/es\/","name":"Box Repsol","description":"Box Repsol Site","publisher":{"@id":"https:\/\/www.boxrepsol.com\/es\/#organization"},"potentialAction":[{"@type":"SearchAction","target":{"@type":"EntryPoint","urlTemplate":"https:\/\/www.boxrepsol.com\/es\/?s={search_term_string}"},"query-input":{"@type":"PropertyValueSpecification","valueRequired":true,"valueName":"search_term_string"}}],"inLanguage":"es"},{"@type":"Organization","@id":"https:\/\/www.boxrepsol.com\/es\/#organization","name":"Box Repsol","url":"https:\/\/www.boxrepsol.com\/es\/","logo":{"@type":"ImageObject","inLanguage":"es","@id":"https:\/\/www.boxrepsol.com\/es\/#\/schema\/logo\/image\/","url":"https:\/\/bxrepsol.s3.eu-west-1.amazonaws.com\/static\/2025\/07\/30083337\/favicon-96x96-1.png","contentUrl":"https:\/\/bxrepsol.s3.eu-west-1.amazonaws.com\/static\/2025\/07\/30083337\/favicon-96x96-1.png","width":96,"height":96,"caption":"Box Repsol"},"image":{"@id":"https:\/\/www.boxrepsol.com\/es\/#\/schema\/logo\/image\/"},"sameAs":["https:\/\/www.facebook.com\/BoxRepsol","https:\/\/x.com\/box_repsol","http:\/\/instagram.com\/box_repsol","https:\/\/www.youtube.com\/user\/RepsolCompeticion","https:\/\/www.flickr.com\/photos\/box_repsol\/"]},{"@type":"Person","@id":"https:\/\/www.boxrepsol.com\/es\/#\/schema\/person\/c5c2138f2cca251b0ad92b7086bb60b7","name":"Redacci\u00f3n Box Repsol","image":{"@type":"ImageObject","inLanguage":"es","@id":"https:\/\/secure.gravatar.com\/avatar\/adf7b77e38b4419baf32c7e9c21dde01f4e40df611f0978e3006fc4ba0aaab7e?s=96&d=mm&r=g","url":"https:\/\/secure.gravatar.com\/avatar\/adf7b77e38b4419baf32c7e9c21dde01f4e40df611f0978e3006fc4ba0aaab7e?s=96&d=mm&r=g","contentUrl":"https:\/\/secure.gravatar.com\/avatar\/adf7b77e38b4419baf32c7e9c21dde01f4e40df611f0978e3006fc4ba0aaab7e?s=96&d=mm&r=g","caption":"Redacci\u00f3n Box Repsol"},"description":"Box Repsol lo forma un equipo de periodistas, community managers, dise\u00f1adores y fot\u00f3grafos con m\u00e1s de 20 a\u00f1os de experiencia en el mundo del motorsport. Hemos vivido el primer mundial de un espa\u00f1ol en la categor\u00eda reina de motociclismo con \u00c1lex Crivill\u00e9, estuvimos en las victorias de Pedrosa y los t\u00edtulos de M\u00e1rquez, acompa\u00f1amos en \u00c1frica a Nani Roma y Marc Coma en sus conquistas del Dakar y hemos vibrado con los t\u00edtulos de Toni Bou en Trial. Adem\u00e1s, en nuestro equipo contamos con expertos en el mundo de las dos y cuatro ruedas tanto de la calle y las carreteras, como de los circuitos. Periodistas que han trabajado en revistas y publicaciones para hacerte llegar desde rutas y consejos de mantenimiento, a curiosidades y trucos de pilotaje.","sameAs":["https:\/\/www.facebook.com\/BoxRepsol\/","https:\/\/www.instagram.com\/box_repsol\/","https:\/\/x.com\/https:\/\/twitter.com\/box_repsol","https:\/\/www.youtube.com\/@Boxrepsol"],"url":"https:\/\/www.boxrepsol.com\/es\/author\/redaccion-box-repsol\/"}]}},"_links":{"self":[{"href":"https:\/\/www.boxrepsol.com\/es\/wp-json\/wp\/v2\/posts\/90468","targetHints":{"allow":["GET"]}}],"collection":[{"href":"https:\/\/www.boxrepsol.com\/es\/wp-json\/wp\/v2\/posts"}],"about":[{"href":"https:\/\/www.boxrepsol.com\/es\/wp-json\/wp\/v2\/types\/post"}],"author":[{"embeddable":true,"href":"https:\/\/www.boxrepsol.com\/es\/wp-json\/wp\/v2\/users\/43146"}],"replies":[{"embeddable":true,"href":"https:\/\/www.boxrepsol.com\/es\/wp-json\/wp\/v2\/comments?post=90468"}],"version-history":[{"count":2,"href":"https:\/\/www.boxrepsol.com\/es\/wp-json\/wp\/v2\/posts\/90468\/revisions"}],"predecessor-version":[{"id":108206,"href":"https:\/\/www.boxrepsol.com\/es\/wp-json\/wp\/v2\/posts\/90468\/revisions\/108206"}],"wp:featuredmedia":[{"embeddable":true,"href":"https:\/\/www.boxrepsol.com\/es\/wp-json\/wp\/v2\/media\/86601"}],"wp:attachment":[{"href":"https:\/\/www.boxrepsol.com\/es\/wp-json\/wp\/v2\/media?parent=90468"}],"wp:term":[{"taxonomy":"category","embeddable":true,"href":"https:\/\/www.boxrepsol.com\/es\/wp-json\/wp\/v2\/categories?post=90468"},{"taxonomy":"post_tag","embeddable":true,"href":"https:\/\/www.boxrepsol.com\/es\/wp-json\/wp\/v2\/tags?post=90468"}],"curies":[{"name":"wp","href":"https:\/\/api.w.org\/{rel}","templated":true}]}}