{"id":90451,"date":"2017-06-16T00:00:00","date_gmt":"2017-06-16T02:00:00","guid":{"rendered":"http:\/\/pre.boxrepsol.com\/sin-categorizar\/si-te-va-la-paz-estos-son-tus-clubs-moteros\/"},"modified":"2024-05-15T07:40:52","modified_gmt":"2024-05-15T09:40:52","slug":"si-te-va-la-paz-estos-son-tus-clubs-moteros","status":"publish","type":"post","link":"https:\/\/www.boxrepsol.com\/es\/vive-tu-moto\/si-te-va-la-paz-estos-son-tus-clubs-moteros\/","title":{"rendered":"Si te va la paz, estos son tus clubs moteros"},"content":{"rendered":"<p><strong>La moto es el veh\u00edculo m\u00e1s estigmatizado de todos.<\/strong> Revoltosa, \u00e1gil, r\u00e1pida, imprevisible, correosa, gamberra. Todos los calificativos desembocan en un mismo concepto: <strong>la velocidad<\/strong>. Buena culpa de ello la tiene el cine, pues es habitual que si aparece una motocicleta en una peli -aunque hay notables excepciones- sea para potenciar el <strong>clich\u00e9 de rebelde<\/strong>. Trasladado al mundo real, resulta que existe un motociclismo que no se preocupa demasiado por las revoluciones, que con sentir el viento en el rostro, con la compa\u00f1\u00eda y las buenas vistas tiene m\u00e1s que suficiente.<\/p>\n<p><a href=\"https:\/\/m.facebook.com\/Los-Hermanos-Tranquilos-140515172701938\/\"><strong>Los Hermanos Tranquilos de Valencia<\/strong><\/a> es uno de estos <strong>clubs moteros<\/strong> cuya pasi\u00f3n por las dos ruedas no se mide en kil\u00f3metros por hora. Mantienen c\u00f3digos distintos, m\u00e1s de disfrutar el paseo y de convertir su m\u00e1quina en un bus tur\u00edstico de dos plazas de clavar rodilla. Empezaron en plan amiguetes hace 18 a\u00f1os y por sus filas ya han pasado cerca de 500 aficionados al motociclismo \u2018slow motion\u2019. Vale la pena echarle una ojeada al v\u00eddeo de su 17\u00ba aniversario para entender su filosof\u00eda. B\u00e1sicamente, buena vida, buenos amigos, muchas risas y mejores comilonas. Todo, con la moto como tel\u00f3n de fondo, pero no por encima de la amistad que llevan a\u00f1os cultivando.<\/p>\n<div id=\"attachment_8185\" style=\"width: 714px\" class=\"wp-caption aligncenter\"><img loading=\"lazy\" decoding=\"async\" aria-describedby=\"caption-attachment-8185\" src=\"https:\/\/bxrepsol.s3.eu-west-1.amazonaws.com\/static\/2022\/08\/29072113\/Si_te_va_la_paz_estos_son_tus_clubs_moteros_1-2.png\" alt=\"\" width=\"704\" height=\"421\"><p id=\"caption-attachment-8185\" class=\"wp-caption-text\">Foto: Los Hermanos Tranquilos | facebook<\/p><\/div>\n<p>Otro club con un \u2018karma\u2019 similar es el de <a href=\"http:\/\/www.moterossinprisa.com\"><strong>Moteros sin Prisa de Salamanca<\/strong><\/a>. \u201cDe velocidad andamos lo justo, de apetito vamos sobrados\u201d, reza su p\u00e1gina web, en la que no faltan referencias al Quijote, un motero de su \u00e9poca. La media de edad ronda los 50 a\u00f1os, cuando la experiencia y los galones te hacen ver que al correr menos, te pierdes menos cosas. En <strong>El Vendrell<\/strong> (Tarragona) existe un club de nombre muy parecido, que en Facebook se presenta de una manera muy gr\u00e1fica: \u201c<a href=\"https:\/\/m.facebook.com\/Pe\u00f1a-Motera-Sin-Prisas-1164217680288156\/\">Los Moteros Sin Prisas<\/a> <em>ruteamos<\/em> juntos desde 2001 y sabemos que si vas muy deprisa, te pasas los bares\u201d.<\/p>\n<div id=\"attachment_8183\" style=\"width: 714px\" class=\"wp-caption aligncenter\"><img loading=\"lazy\" decoding=\"async\" aria-describedby=\"caption-attachment-8183\" src=\"https:\/\/bxrepsol.s3.eu-west-1.amazonaws.com\/static\/2022\/08\/29072113\/Si_te_va_la_paz_estos_son_tus_clubs_moteros_2-2.png\" alt=\"\" width=\"704\" height=\"421\"><p id=\"caption-attachment-8183\" class=\"wp-caption-text\">Foto: www.moterossinprisa.com<\/p><\/div>\n<p>Hubo un tiempo en el que a todos los aficionados a las dos ruedas se les llamaba <strong>motoristas<\/strong>. En alg\u00fan momento de la historia reciente, pasaron a ser <strong>moteros<\/strong>. Por el camino, nuestro pa\u00eds fue mejorando sus carreteras, construyendo autopistas y autov\u00edas que acortaron las distancias y permitieron a motos y coches alcanzar mayores velocidades. Los mototuristas sobrevivieron a la fiebre del gas, y hoy en d\u00eda es f\u00e1cil verles almorzando junto a la carretera con sus amigos. Junto a sus motos. \u00bfTe gusta pilotar?<\/p>\n<p>&nbsp;<\/p>\n<p>&nbsp;<\/p>\n<p>&nbsp;<\/p>\n<p>&nbsp;<\/p>\n<p>&nbsp;<\/p>\n","protected":false},"excerpt":{"rendered":"<p>Estos clubs moteros son solo algunos ejemplos de una realidad motera alejada de estereotipos. Vale la pena conocerlos.<\/p>\n","protected":false},"author":43146,"featured_media":90453,"comment_status":"open","ping_status":"open","sticky":false,"template":"","format":"standard","meta":{"footnotes":""},"categories":[122],"tags":[167],"class_list":["post-90451","post","type-post","status-publish","format-standard","hentry","category-vive-tu-moto","tag-clubs-y-grupos-moteros"],"yoast_head":"<!-- This site is optimized with the Yoast SEO plugin v27.3 - https:\/\/yoast.com\/product\/yoast-seo-wordpress\/ -->\n<title>El club motero m\u00e1s pac\u00edfico del mundo - Box Repsol<\/title>\n<meta name=\"description\" content=\"La moto es el veh\u00edculo m\u00e1s estigmatizado de todos. Revoltosa, \u00e1gil, r\u00e1pida, imprevisible, correosa, gamberra. Todos los calificativos desembocan\" \/>\n<link rel=\"canonical\" href=\"https:\/\/www.boxrepsol.com\/es\/vive-tu-moto\/si-te-va-la-paz-estos-son-tus-clubs-moteros\/\" \/>\n<meta property=\"og:locale\" content=\"es_ES\" \/>\n<meta property=\"og:type\" content=\"article\" \/>\n<meta property=\"og:title\" content=\"El club motero m\u00e1s pac\u00edfico del mundo - Box Repsol\" \/>\n<meta property=\"og:description\" content=\"La moto es el veh\u00edculo m\u00e1s estigmatizado de todos. Revoltosa, \u00e1gil, r\u00e1pida, imprevisible, correosa, gamberra. Todos los calificativos desembocan\" \/>\n<meta property=\"og:url\" content=\"https:\/\/www.boxrepsol.com\/es\/vive-tu-moto\/si-te-va-la-paz-estos-son-tus-clubs-moteros\/\" \/>\n<meta property=\"og:site_name\" content=\"Box Repsol\" \/>\n<meta property=\"article:publisher\" content=\"https:\/\/www.facebook.com\/BoxRepsol\" \/>\n<meta property=\"article:author\" content=\"https:\/\/www.facebook.com\/BoxRepsol\/\" \/>\n<meta property=\"article:published_time\" content=\"2017-06-16T02:00:00+00:00\" \/>\n<meta property=\"article:modified_time\" content=\"2024-05-15T09:40:52+00:00\" \/>\n<meta property=\"og:image\" content=\"https:\/\/bxrepsol.s3.eu-west-1.amazonaws.com\/static\/2023\/02\/24095327\/Si_te_va_la_paz_estos_son_tus_clubs_moteros_header.png\" \/>\n\t<meta property=\"og:image:width\" content=\"986\" \/>\n\t<meta property=\"og:image:height\" content=\"555\" \/>\n\t<meta property=\"og:image:type\" content=\"image\/png\" \/>\n<meta name=\"author\" content=\"Redacci\u00f3n Box Repsol\" \/>\n<meta name=\"twitter:card\" content=\"summary_large_image\" \/>\n<meta name=\"twitter:creator\" content=\"@https:\/\/twitter.com\/box_repsol\" \/>\n<meta name=\"twitter:site\" content=\"@box_repsol\" \/>\n<meta name=\"twitter:label1\" content=\"Written by\" \/>\n\t<meta name=\"twitter:data1\" content=\"Redacci\u00f3n Box Repsol\" \/>\n\t<meta name=\"twitter:label2\" content=\"Est. reading time\" \/>\n\t<meta name=\"twitter:data2\" content=\"2 minutos\" \/>\n<script type=\"application\/ld+json\" class=\"yoast-schema-graph\">{\"@context\":\"https:\\\/\\\/schema.org\",\"@graph\":[{\"@type\":\"Article\",\"@id\":\"https:\\\/\\\/www.boxrepsol.com\\\/es\\\/vive-tu-moto\\\/si-te-va-la-paz-estos-son-tus-clubs-moteros\\\/#article\",\"isPartOf\":{\"@id\":\"https:\\\/\\\/www.boxrepsol.com\\\/es\\\/vive-tu-moto\\\/si-te-va-la-paz-estos-son-tus-clubs-moteros\\\/\"},\"author\":{\"name\":\"Redacci\u00f3n Box Repsol\",\"@id\":\"https:\\\/\\\/www.boxrepsol.com\\\/es\\\/#\\\/schema\\\/person\\\/c5c2138f2cca251b0ad92b7086bb60b7\"},\"headline\":\"Si te va la paz, estos son tus clubs moteros\",\"datePublished\":\"2017-06-16T02:00:00+00:00\",\"dateModified\":\"2024-05-15T09:40:52+00:00\",\"mainEntityOfPage\":{\"@id\":\"https:\\\/\\\/www.boxrepsol.com\\\/es\\\/vive-tu-moto\\\/si-te-va-la-paz-estos-son-tus-clubs-moteros\\\/\"},\"wordCount\":453,\"commentCount\":2,\"publisher\":{\"@id\":\"https:\\\/\\\/www.boxrepsol.com\\\/es\\\/#organization\"},\"image\":{\"@id\":\"https:\\\/\\\/www.boxrepsol.com\\\/es\\\/vive-tu-moto\\\/si-te-va-la-paz-estos-son-tus-clubs-moteros\\\/#primaryimage\"},\"thumbnailUrl\":\"https:\\\/\\\/bxrepsol.s3.eu-west-1.amazonaws.com\\\/static\\\/2023\\\/02\\\/24095327\\\/Si_te_va_la_paz_estos_son_tus_clubs_moteros_header.png\",\"keywords\":[\"clubs y grupos moteros\"],\"articleSection\":[\"Vive tu moto\"],\"inLanguage\":\"es\",\"potentialAction\":[{\"@type\":\"CommentAction\",\"name\":\"Comment\",\"target\":[\"https:\\\/\\\/www.boxrepsol.com\\\/es\\\/vive-tu-moto\\\/si-te-va-la-paz-estos-son-tus-clubs-moteros\\\/#respond\"]}]},{\"@type\":\"WebPage\",\"@id\":\"https:\\\/\\\/www.boxrepsol.com\\\/es\\\/vive-tu-moto\\\/si-te-va-la-paz-estos-son-tus-clubs-moteros\\\/\",\"url\":\"https:\\\/\\\/www.boxrepsol.com\\\/es\\\/vive-tu-moto\\\/si-te-va-la-paz-estos-son-tus-clubs-moteros\\\/\",\"name\":\"El club motero m\u00e1s pac\u00edfico del mundo - Box Repsol\",\"isPartOf\":{\"@id\":\"https:\\\/\\\/www.boxrepsol.com\\\/es\\\/#website\"},\"primaryImageOfPage\":{\"@id\":\"https:\\\/\\\/www.boxrepsol.com\\\/es\\\/vive-tu-moto\\\/si-te-va-la-paz-estos-son-tus-clubs-moteros\\\/#primaryimage\"},\"image\":{\"@id\":\"https:\\\/\\\/www.boxrepsol.com\\\/es\\\/vive-tu-moto\\\/si-te-va-la-paz-estos-son-tus-clubs-moteros\\\/#primaryimage\"},\"thumbnailUrl\":\"https:\\\/\\\/bxrepsol.s3.eu-west-1.amazonaws.com\\\/static\\\/2023\\\/02\\\/24095327\\\/Si_te_va_la_paz_estos_son_tus_clubs_moteros_header.png\",\"datePublished\":\"2017-06-16T02:00:00+00:00\",\"dateModified\":\"2024-05-15T09:40:52+00:00\",\"description\":\"La moto es el veh\u00edculo m\u00e1s estigmatizado de todos. Revoltosa, \u00e1gil, r\u00e1pida, imprevisible, correosa, gamberra. Todos los calificativos desembocan\",\"breadcrumb\":{\"@id\":\"https:\\\/\\\/www.boxrepsol.com\\\/es\\\/vive-tu-moto\\\/si-te-va-la-paz-estos-son-tus-clubs-moteros\\\/#breadcrumb\"},\"inLanguage\":\"es\",\"potentialAction\":[{\"@type\":\"ReadAction\",\"target\":[\"https:\\\/\\\/www.boxrepsol.com\\\/es\\\/vive-tu-moto\\\/si-te-va-la-paz-estos-son-tus-clubs-moteros\\\/\"]}]},{\"@type\":\"ImageObject\",\"inLanguage\":\"es\",\"@id\":\"https:\\\/\\\/www.boxrepsol.com\\\/es\\\/vive-tu-moto\\\/si-te-va-la-paz-estos-son-tus-clubs-moteros\\\/#primaryimage\",\"url\":\"https:\\\/\\\/bxrepsol.s3.eu-west-1.amazonaws.com\\\/static\\\/2023\\\/02\\\/24095327\\\/Si_te_va_la_paz_estos_son_tus_clubs_moteros_header.png\",\"contentUrl\":\"https:\\\/\\\/bxrepsol.s3.eu-west-1.amazonaws.com\\\/static\\\/2023\\\/02\\\/24095327\\\/Si_te_va_la_paz_estos_son_tus_clubs_moteros_header.png\",\"width\":986,\"height\":555,\"caption\":\"Si te va la paz estos son tus clubs moteros\"},{\"@type\":\"BreadcrumbList\",\"@id\":\"https:\\\/\\\/www.boxrepsol.com\\\/es\\\/vive-tu-moto\\\/si-te-va-la-paz-estos-son-tus-clubs-moteros\\\/#breadcrumb\",\"itemListElement\":[{\"@type\":\"ListItem\",\"position\":1,\"name\":\"Home\",\"item\":\"https:\\\/\\\/www.boxrepsol.com\\\/es\\\/\"},{\"@type\":\"ListItem\",\"position\":2,\"name\":\"Si te va la paz, estos son tus clubs moteros\"}]},{\"@type\":\"WebSite\",\"@id\":\"https:\\\/\\\/www.boxrepsol.com\\\/es\\\/#website\",\"url\":\"https:\\\/\\\/www.boxrepsol.com\\\/es\\\/\",\"name\":\"Box Repsol\",\"description\":\"Box Repsol Site\",\"publisher\":{\"@id\":\"https:\\\/\\\/www.boxrepsol.com\\\/es\\\/#organization\"},\"potentialAction\":[{\"@type\":\"SearchAction\",\"target\":{\"@type\":\"EntryPoint\",\"urlTemplate\":\"https:\\\/\\\/www.boxrepsol.com\\\/es\\\/?s={search_term_string}\"},\"query-input\":{\"@type\":\"PropertyValueSpecification\",\"valueRequired\":true,\"valueName\":\"search_term_string\"}}],\"inLanguage\":\"es\"},{\"@type\":\"Organization\",\"@id\":\"https:\\\/\\\/www.boxrepsol.com\\\/es\\\/#organization\",\"name\":\"Box Repsol\",\"url\":\"https:\\\/\\\/www.boxrepsol.com\\\/es\\\/\",\"logo\":{\"@type\":\"ImageObject\",\"inLanguage\":\"es\",\"@id\":\"https:\\\/\\\/www.boxrepsol.com\\\/es\\\/#\\\/schema\\\/logo\\\/image\\\/\",\"url\":\"https:\\\/\\\/bxrepsol.s3.eu-west-1.amazonaws.com\\\/static\\\/2025\\\/07\\\/30083337\\\/favicon-96x96-1.png\",\"contentUrl\":\"https:\\\/\\\/bxrepsol.s3.eu-west-1.amazonaws.com\\\/static\\\/2025\\\/07\\\/30083337\\\/favicon-96x96-1.png\",\"width\":96,\"height\":96,\"caption\":\"Box Repsol\"},\"image\":{\"@id\":\"https:\\\/\\\/www.boxrepsol.com\\\/es\\\/#\\\/schema\\\/logo\\\/image\\\/\"},\"sameAs\":[\"https:\\\/\\\/www.facebook.com\\\/BoxRepsol\",\"https:\\\/\\\/x.com\\\/box_repsol\",\"http:\\\/\\\/instagram.com\\\/box_repsol\",\"https:\\\/\\\/www.youtube.com\\\/user\\\/RepsolCompeticion\",\"https:\\\/\\\/www.flickr.com\\\/photos\\\/box_repsol\\\/\"]},{\"@type\":\"Person\",\"@id\":\"https:\\\/\\\/www.boxrepsol.com\\\/es\\\/#\\\/schema\\\/person\\\/c5c2138f2cca251b0ad92b7086bb60b7\",\"name\":\"Redacci\u00f3n Box Repsol\",\"image\":{\"@type\":\"ImageObject\",\"inLanguage\":\"es\",\"@id\":\"https:\\\/\\\/secure.gravatar.com\\\/avatar\\\/adf7b77e38b4419baf32c7e9c21dde01f4e40df611f0978e3006fc4ba0aaab7e?s=96&d=mm&r=g\",\"url\":\"https:\\\/\\\/secure.gravatar.com\\\/avatar\\\/adf7b77e38b4419baf32c7e9c21dde01f4e40df611f0978e3006fc4ba0aaab7e?s=96&d=mm&r=g\",\"contentUrl\":\"https:\\\/\\\/secure.gravatar.com\\\/avatar\\\/adf7b77e38b4419baf32c7e9c21dde01f4e40df611f0978e3006fc4ba0aaab7e?s=96&d=mm&r=g\",\"caption\":\"Redacci\u00f3n Box Repsol\"},\"description\":\"Box Repsol lo forma un equipo de periodistas, community managers, dise\u00f1adores y fot\u00f3grafos con m\u00e1s de 20 a\u00f1os de experiencia en el mundo del motorsport. Hemos vivido el primer mundial de un espa\u00f1ol en la categor\u00eda reina de motociclismo con \u00c1lex Crivill\u00e9, estuvimos en las victorias de Pedrosa y los t\u00edtulos de M\u00e1rquez, acompa\u00f1amos en \u00c1frica a Nani Roma y Marc Coma en sus conquistas del Dakar y hemos vibrado con los t\u00edtulos de Toni Bou en Trial. Adem\u00e1s, en nuestro equipo contamos con expertos en el mundo de las dos y cuatro ruedas tanto de la calle y las carreteras, como de los circuitos. Periodistas que han trabajado en revistas y publicaciones para hacerte llegar desde rutas y consejos de mantenimiento, a curiosidades y trucos de pilotaje.\",\"sameAs\":[\"https:\\\/\\\/www.facebook.com\\\/BoxRepsol\\\/\",\"https:\\\/\\\/www.instagram.com\\\/box_repsol\\\/\",\"https:\\\/\\\/x.com\\\/https:\\\/\\\/twitter.com\\\/box_repsol\",\"https:\\\/\\\/www.youtube.com\\\/@Boxrepsol\"],\"url\":\"https:\\\/\\\/www.boxrepsol.com\\\/es\\\/author\\\/redaccion-box-repsol\\\/\"}]}<\/script>\n<!-- \/ Yoast SEO plugin. -->","yoast_head_json":{"title":"El club motero m\u00e1s pac\u00edfico del mundo - Box Repsol","description":"La moto es el veh\u00edculo m\u00e1s estigmatizado de todos. Revoltosa, \u00e1gil, r\u00e1pida, imprevisible, correosa, gamberra. Todos los calificativos desembocan","canonical":"https:\/\/www.boxrepsol.com\/es\/vive-tu-moto\/si-te-va-la-paz-estos-son-tus-clubs-moteros\/","og_locale":"es_ES","og_type":"article","og_title":"El club motero m\u00e1s pac\u00edfico del mundo - Box Repsol","og_description":"La moto es el veh\u00edculo m\u00e1s estigmatizado de todos. Revoltosa, \u00e1gil, r\u00e1pida, imprevisible, correosa, gamberra. Todos los calificativos desembocan","og_url":"https:\/\/www.boxrepsol.com\/es\/vive-tu-moto\/si-te-va-la-paz-estos-son-tus-clubs-moteros\/","og_site_name":"Box Repsol","article_publisher":"https:\/\/www.facebook.com\/BoxRepsol","article_author":"https:\/\/www.facebook.com\/BoxRepsol\/","article_published_time":"2017-06-16T02:00:00+00:00","article_modified_time":"2024-05-15T09:40:52+00:00","og_image":[{"width":986,"height":555,"url":"https:\/\/bxrepsol.s3.eu-west-1.amazonaws.com\/static\/2023\/02\/24095327\/Si_te_va_la_paz_estos_son_tus_clubs_moteros_header.png","type":"image\/png"}],"author":"Redacci\u00f3n Box Repsol","twitter_card":"summary_large_image","twitter_creator":"@https:\/\/twitter.com\/box_repsol","twitter_site":"@box_repsol","twitter_misc":{"Written by":"Redacci\u00f3n Box Repsol","Est. reading time":"2 minutos"},"schema":{"@context":"https:\/\/schema.org","@graph":[{"@type":"Article","@id":"https:\/\/www.boxrepsol.com\/es\/vive-tu-moto\/si-te-va-la-paz-estos-son-tus-clubs-moteros\/#article","isPartOf":{"@id":"https:\/\/www.boxrepsol.com\/es\/vive-tu-moto\/si-te-va-la-paz-estos-son-tus-clubs-moteros\/"},"author":{"name":"Redacci\u00f3n Box Repsol","@id":"https:\/\/www.boxrepsol.com\/es\/#\/schema\/person\/c5c2138f2cca251b0ad92b7086bb60b7"},"headline":"Si te va la paz, estos son tus clubs moteros","datePublished":"2017-06-16T02:00:00+00:00","dateModified":"2024-05-15T09:40:52+00:00","mainEntityOfPage":{"@id":"https:\/\/www.boxrepsol.com\/es\/vive-tu-moto\/si-te-va-la-paz-estos-son-tus-clubs-moteros\/"},"wordCount":453,"commentCount":2,"publisher":{"@id":"https:\/\/www.boxrepsol.com\/es\/#organization"},"image":{"@id":"https:\/\/www.boxrepsol.com\/es\/vive-tu-moto\/si-te-va-la-paz-estos-son-tus-clubs-moteros\/#primaryimage"},"thumbnailUrl":"https:\/\/bxrepsol.s3.eu-west-1.amazonaws.com\/static\/2023\/02\/24095327\/Si_te_va_la_paz_estos_son_tus_clubs_moteros_header.png","keywords":["clubs y grupos moteros"],"articleSection":["Vive tu moto"],"inLanguage":"es","potentialAction":[{"@type":"CommentAction","name":"Comment","target":["https:\/\/www.boxrepsol.com\/es\/vive-tu-moto\/si-te-va-la-paz-estos-son-tus-clubs-moteros\/#respond"]}]},{"@type":"WebPage","@id":"https:\/\/www.boxrepsol.com\/es\/vive-tu-moto\/si-te-va-la-paz-estos-son-tus-clubs-moteros\/","url":"https:\/\/www.boxrepsol.com\/es\/vive-tu-moto\/si-te-va-la-paz-estos-son-tus-clubs-moteros\/","name":"El club motero m\u00e1s pac\u00edfico del mundo - Box Repsol","isPartOf":{"@id":"https:\/\/www.boxrepsol.com\/es\/#website"},"primaryImageOfPage":{"@id":"https:\/\/www.boxrepsol.com\/es\/vive-tu-moto\/si-te-va-la-paz-estos-son-tus-clubs-moteros\/#primaryimage"},"image":{"@id":"https:\/\/www.boxrepsol.com\/es\/vive-tu-moto\/si-te-va-la-paz-estos-son-tus-clubs-moteros\/#primaryimage"},"thumbnailUrl":"https:\/\/bxrepsol.s3.eu-west-1.amazonaws.com\/static\/2023\/02\/24095327\/Si_te_va_la_paz_estos_son_tus_clubs_moteros_header.png","datePublished":"2017-06-16T02:00:00+00:00","dateModified":"2024-05-15T09:40:52+00:00","description":"La moto es el veh\u00edculo m\u00e1s estigmatizado de todos. Revoltosa, \u00e1gil, r\u00e1pida, imprevisible, correosa, gamberra. Todos los calificativos desembocan","breadcrumb":{"@id":"https:\/\/www.boxrepsol.com\/es\/vive-tu-moto\/si-te-va-la-paz-estos-son-tus-clubs-moteros\/#breadcrumb"},"inLanguage":"es","potentialAction":[{"@type":"ReadAction","target":["https:\/\/www.boxrepsol.com\/es\/vive-tu-moto\/si-te-va-la-paz-estos-son-tus-clubs-moteros\/"]}]},{"@type":"ImageObject","inLanguage":"es","@id":"https:\/\/www.boxrepsol.com\/es\/vive-tu-moto\/si-te-va-la-paz-estos-son-tus-clubs-moteros\/#primaryimage","url":"https:\/\/bxrepsol.s3.eu-west-1.amazonaws.com\/static\/2023\/02\/24095327\/Si_te_va_la_paz_estos_son_tus_clubs_moteros_header.png","contentUrl":"https:\/\/bxrepsol.s3.eu-west-1.amazonaws.com\/static\/2023\/02\/24095327\/Si_te_va_la_paz_estos_son_tus_clubs_moteros_header.png","width":986,"height":555,"caption":"Si te va la paz estos son tus clubs moteros"},{"@type":"BreadcrumbList","@id":"https:\/\/www.boxrepsol.com\/es\/vive-tu-moto\/si-te-va-la-paz-estos-son-tus-clubs-moteros\/#breadcrumb","itemListElement":[{"@type":"ListItem","position":1,"name":"Home","item":"https:\/\/www.boxrepsol.com\/es\/"},{"@type":"ListItem","position":2,"name":"Si te va la paz, estos son tus clubs moteros"}]},{"@type":"WebSite","@id":"https:\/\/www.boxrepsol.com\/es\/#website","url":"https:\/\/www.boxrepsol.com\/es\/","name":"Box Repsol","description":"Box Repsol Site","publisher":{"@id":"https:\/\/www.boxrepsol.com\/es\/#organization"},"potentialAction":[{"@type":"SearchAction","target":{"@type":"EntryPoint","urlTemplate":"https:\/\/www.boxrepsol.com\/es\/?s={search_term_string}"},"query-input":{"@type":"PropertyValueSpecification","valueRequired":true,"valueName":"search_term_string"}}],"inLanguage":"es"},{"@type":"Organization","@id":"https:\/\/www.boxrepsol.com\/es\/#organization","name":"Box Repsol","url":"https:\/\/www.boxrepsol.com\/es\/","logo":{"@type":"ImageObject","inLanguage":"es","@id":"https:\/\/www.boxrepsol.com\/es\/#\/schema\/logo\/image\/","url":"https:\/\/bxrepsol.s3.eu-west-1.amazonaws.com\/static\/2025\/07\/30083337\/favicon-96x96-1.png","contentUrl":"https:\/\/bxrepsol.s3.eu-west-1.amazonaws.com\/static\/2025\/07\/30083337\/favicon-96x96-1.png","width":96,"height":96,"caption":"Box Repsol"},"image":{"@id":"https:\/\/www.boxrepsol.com\/es\/#\/schema\/logo\/image\/"},"sameAs":["https:\/\/www.facebook.com\/BoxRepsol","https:\/\/x.com\/box_repsol","http:\/\/instagram.com\/box_repsol","https:\/\/www.youtube.com\/user\/RepsolCompeticion","https:\/\/www.flickr.com\/photos\/box_repsol\/"]},{"@type":"Person","@id":"https:\/\/www.boxrepsol.com\/es\/#\/schema\/person\/c5c2138f2cca251b0ad92b7086bb60b7","name":"Redacci\u00f3n Box Repsol","image":{"@type":"ImageObject","inLanguage":"es","@id":"https:\/\/secure.gravatar.com\/avatar\/adf7b77e38b4419baf32c7e9c21dde01f4e40df611f0978e3006fc4ba0aaab7e?s=96&d=mm&r=g","url":"https:\/\/secure.gravatar.com\/avatar\/adf7b77e38b4419baf32c7e9c21dde01f4e40df611f0978e3006fc4ba0aaab7e?s=96&d=mm&r=g","contentUrl":"https:\/\/secure.gravatar.com\/avatar\/adf7b77e38b4419baf32c7e9c21dde01f4e40df611f0978e3006fc4ba0aaab7e?s=96&d=mm&r=g","caption":"Redacci\u00f3n Box Repsol"},"description":"Box Repsol lo forma un equipo de periodistas, community managers, dise\u00f1adores y fot\u00f3grafos con m\u00e1s de 20 a\u00f1os de experiencia en el mundo del motorsport. Hemos vivido el primer mundial de un espa\u00f1ol en la categor\u00eda reina de motociclismo con \u00c1lex Crivill\u00e9, estuvimos en las victorias de Pedrosa y los t\u00edtulos de M\u00e1rquez, acompa\u00f1amos en \u00c1frica a Nani Roma y Marc Coma en sus conquistas del Dakar y hemos vibrado con los t\u00edtulos de Toni Bou en Trial. Adem\u00e1s, en nuestro equipo contamos con expertos en el mundo de las dos y cuatro ruedas tanto de la calle y las carreteras, como de los circuitos. Periodistas que han trabajado en revistas y publicaciones para hacerte llegar desde rutas y consejos de mantenimiento, a curiosidades y trucos de pilotaje.","sameAs":["https:\/\/www.facebook.com\/BoxRepsol\/","https:\/\/www.instagram.com\/box_repsol\/","https:\/\/x.com\/https:\/\/twitter.com\/box_repsol","https:\/\/www.youtube.com\/@Boxrepsol"],"url":"https:\/\/www.boxrepsol.com\/es\/author\/redaccion-box-repsol\/"}]}},"_links":{"self":[{"href":"https:\/\/www.boxrepsol.com\/es\/wp-json\/wp\/v2\/posts\/90451","targetHints":{"allow":["GET"]}}],"collection":[{"href":"https:\/\/www.boxrepsol.com\/es\/wp-json\/wp\/v2\/posts"}],"about":[{"href":"https:\/\/www.boxrepsol.com\/es\/wp-json\/wp\/v2\/types\/post"}],"author":[{"embeddable":true,"href":"https:\/\/www.boxrepsol.com\/es\/wp-json\/wp\/v2\/users\/43146"}],"replies":[{"embeddable":true,"href":"https:\/\/www.boxrepsol.com\/es\/wp-json\/wp\/v2\/comments?post=90451"}],"version-history":[{"count":2,"href":"https:\/\/www.boxrepsol.com\/es\/wp-json\/wp\/v2\/posts\/90451\/revisions"}],"predecessor-version":[{"id":110739,"href":"https:\/\/www.boxrepsol.com\/es\/wp-json\/wp\/v2\/posts\/90451\/revisions\/110739"}],"wp:featuredmedia":[{"embeddable":true,"href":"https:\/\/www.boxrepsol.com\/es\/wp-json\/wp\/v2\/media\/90453"}],"wp:attachment":[{"href":"https:\/\/www.boxrepsol.com\/es\/wp-json\/wp\/v2\/media?parent=90451"}],"wp:term":[{"taxonomy":"category","embeddable":true,"href":"https:\/\/www.boxrepsol.com\/es\/wp-json\/wp\/v2\/categories?post=90451"},{"taxonomy":"post_tag","embeddable":true,"href":"https:\/\/www.boxrepsol.com\/es\/wp-json\/wp\/v2\/tags?post=90451"}],"curies":[{"name":"wp","href":"https:\/\/api.w.org\/{rel}","templated":true}]}}