{"id":90405,"date":"2017-06-12T00:00:00","date_gmt":"2017-06-12T02:00:00","guid":{"rendered":"http:\/\/pre.boxrepsol.com\/sin-categorizar\/que-paso-en-twitter-durante-el-gran-premio-de-catalunya-de-motogp\/"},"modified":"2024-05-15T07:42:35","modified_gmt":"2024-05-15T09:42:35","slug":"que-paso-en-twitter-durante-el-gran-premio-de-catalunya-de-motogp","status":"publish","type":"post","link":"https:\/\/www.boxrepsol.com\/es\/motogp\/que-paso-en-twitter-durante-el-gran-premio-de-catalunya-de-motogp\/","title":{"rendered":"\u00bfQu\u00e9 pas\u00f3 en Twitter durante el Gran Premio de Catalunya de #MotoGP?"},"content":{"rendered":"<p><strong>Twitter<\/strong> es un fiel reflejo del segundo a segundo de todo lo que pasa. En <strong>MotoGP<\/strong>\u00a0el domingo la jornada se presentaba calentita. Por lo apretado de la <a href=\"https:\/\/www.boxrepsol.com\/es\/temporada-2017\/clasificacion-motogp\/\"><strong>clasificaci\u00f3n en MotoGP<\/strong><\/a> y por la temperatura, superior a los 30 grados aunque no estamos ni a mediados de junio.<\/p>\n<p>Tambi\u00e9n fue una ma\u00f1ana de domingo algo c\u00f3mica, pues cuando todo el mundo cre\u00eda que <strong>Marc M\u00e1rquez<\/strong> ya hab\u00eda besado lo suficiente el asfalto (cuatro ca\u00eddas en las sesiones clasificatorias) el piloto de Cervera tuvo un peque\u00f1o percance en el \u2018warm up\u2019 del domingo que le dej\u00f3 por los suelos. Esta fue, sin embargo, la ca\u00edda m\u00e1s lenta de toda su carrera: en <strong>el box<\/strong>, mientras hac\u00eda el cambio de moto, con una vuelta de campana que ha sido <a href=\"https:\/\/twitter.com\/MotoGP\/status\/873808228030660608\">una de las im\u00e1genes m\u00e1s celebradas del fin de semana.<\/a><\/p>\n<p>Por suerte, y como es habitual en \u00e9l, <strong>M\u00e1rquez<\/strong> se tom\u00f3 el incidente con humor.<a href=\"https:\/\/twitter.com\/Josetri27\/status\/873940128124862468\"> Al subir al podio volvi\u00f3 a regalar una repetici\u00f3n de su vuelo sobre el asfalto<\/a>. <a href=\"https:\/\/twitter.com\/MotoGP\/status\/873888386523648002\">Su sexta ca\u00edda en tres d\u00edas<\/a>.<\/p>\n<p><strong>La carrera tuvo un inicio de infarto<\/strong>. Danilo Petrucci, que sal\u00eda tercero, brind\u00f3 una salida peculiar. Opt\u00f3 por abrirse hacia el otro lado, sin caer en que por detr\u00e1s ten\u00eda a otros 20 pilotos con hambre de ganar posiciones. Resultado:<a href=\"https:\/\/twitter.com\/javierc78535634\/status\/873878756510838784\"> su moto colision\u00f3 con la de M\u00e1rquez y ambos estuvieron muy cerca de aterrizar en el suelo del Circuit de Montmel\u00f3<\/a> antes de haber quemado el primer decilitro de combustible.<\/p>\n<p>Este seguidor del Mundial de motos estuvo al borde del colapso con la escena. Pensar\u00eda lo que muchos: que <strong>M\u00e1rquez<\/strong> merec\u00eda algo de suerte tras unas jornadas aciagas. As\u00ed fue. Aunque sus m\u00e1quinas pegaron un morrocotudo bailoteo, aguantaron y pudieron seguir. El italiano, eso s\u00ed, se llev\u00f3 un \u2018<a href=\"https:\/\/twitter.com\/lnhoransmind\/status\/873873984550572033\">warning\u2019 de la direcci\u00f3n de carrera.<\/a><\/p>\n<p>Al final, <strong>los dos pilotos del equipo Repsol Honda terminaron en el podio<\/strong> por detr\u00e1s de un intratable<strong> Andrea Dovizioso<\/strong>, que con 31 a\u00f1os es un deportista de esos que sabe esperar el momento oportuno. <a href=\"https:\/\/twitter.com\/mibirenita\/status\/873884485837828097\">A esta tuitera le hizo mucha ilusi\u00f3n el resultado de \u2018sus chicos\u2019<\/a>.<\/p>\n<p>La victoria del italiano no evit\u00f3 que <strong>M\u00e1rquez<\/strong> celebrara su <strong>podio 93<\/strong>, el <strong>a\u00f1o de su nacimiento y el n\u00famero que luce en su moto<\/strong>. Sin duda, un <a href=\"https:\/\/twitter.com\/marcmarquez93\/status\/873959290834485250\">d\u00eda especial para todo el equipo<\/a>.<a href=\"https:\/\/twitter.com\/Yarixx02\/status\/873968580710289414.\"> Como aportaba<\/a> esta seguidora, una gesta m\u00e1s que merecida.<\/p>\n<p>Sea por sus <strong>93 botellas descorchadas<\/strong> o porque le apetec\u00eda, esta artista le ha dedicado un <a href=\"https:\/\/twitter.com\/shinigamibieber\/status\/873969207217729536\">curioso dibujo<\/a> en el que parece haberle colocado un sombrero de vaquero. Las redes quiz\u00e1s no, pero nadie discute que las curvas las domina bastante bien.<\/p>\n<p>M\u00e1s all\u00e1 de los tiempos y el resultado, fueron muy celebrados los gestos, como el <a href=\"https:\/\/twitter.com\/MwesigwaThomas\/status\/873888861742673923\">momento en el que Dovizioso y M\u00e1rquez se felicitan en la vuelta de honor<\/a>.<\/p>\n<p>Porque en las peque\u00f1as cosas, como ver a tu piloto favorito feliz, est\u00e1 la magia del deporte, <a href=\"https:\/\/twitter.com\/DomingaSport\/status\/873888511480315905\">la magia de las motos<\/a>. \u00a0Y as\u00ed, con optimismo, es como muchos ven a <strong>Pedrosa,\u00a0<\/strong>con opciones de hacerse con el Campeonato. <a href=\"https:\/\/twitter.com\/JesSanSan\/status\/873885401630560257\">Porque en las motos todo es posible<\/a>. Pero eso s\u00ed, sin un <a href=\"https:\/\/twitter.com\/dmuela_eldiablo\/status\/873885683110350848\">buen equipo<\/a>, como hace notar Diego Muela, no hay nada que hacer.<\/p>\n<p>Aunque en el fondo, el que va en la moto, el que se pasa 50 minutos metido en ese mono con un calor de mil demonios, es el piloto. Por eso son muchos los que valoran <a href=\"https:\/\/twitter.com\/verospickvlc\/status\/873951147794550784\">el esfuerzo de estos peque\u00f1os titane<\/a>s.<\/p>\n<p>Pero ojo, tal y como queda el Mundial, <a href=\"https:\/\/twitter.com\/CStevens_journo\/status\/873945599447638016\">cualquiera se atreve a hacer una predicci\u00f3n\u00a0<\/a><\/p>\n<p>Lo que est\u00e1 claro es que despu\u00e9s de una buena carrera, lo que apetece es pisar el asfalto por el que han pasado tus \u00eddolos. <a href=\"https:\/\/twitter.com\/Marisa_Nocea\/status\/873949779964944385\">Una buena manera de terminar el fin de semana<\/a>.<\/p>\n<p>&nbsp;<\/p>\n<p>&nbsp;<\/p>\n","protected":false},"excerpt":{"rendered":"<p>Las redes sociales se mueven casi igual de r\u00e1pido que nuestros pilotos, descubre lo que supuso ayer en Twitter la trepidante jornada de MotoGP que vivi\u00f3 ayer el Circuit de Barcelona Catalunya.<\/p>\n","protected":false},"author":43146,"featured_media":90406,"comment_status":"open","ping_status":"open","sticky":false,"template":"","format":"standard","meta":{"footnotes":""},"categories":[4],"tags":[163],"class_list":["post-90405","post","type-post","status-publish","format-standard","hentry","category-motogp","tag-redes-sociales"],"yoast_head":"<!-- This site is optimized with the Yoast SEO plugin v27.3 - https:\/\/yoast.com\/product\/yoast-seo-wordpress\/ -->\n<title>\u00bfQu\u00e9 pas\u00f3 en Twitter durante el gran premio de Catalunya de MotoGP?<\/title>\n<meta name=\"description\" content=\"Twitter es un fiel reflejo del segundo a segundo de todo lo que pasa. En MotoGP el domingo la jornada se presentaba calentita. Por lo apretado de\" \/>\n<link rel=\"canonical\" href=\"https:\/\/www.boxrepsol.com\/es\/motogp\/que-paso-en-twitter-durante-el-gran-premio-de-catalunya-de-motogp\/\" \/>\n<meta property=\"og:locale\" content=\"es_ES\" \/>\n<meta property=\"og:type\" content=\"article\" \/>\n<meta property=\"og:title\" content=\"\u00bfQu\u00e9 pas\u00f3 en Twitter durante el gran premio de Catalunya de MotoGP?\" \/>\n<meta property=\"og:description\" content=\"Twitter es un fiel reflejo del segundo a segundo de todo lo que pasa. En MotoGP el domingo la jornada se presentaba calentita. Por lo apretado de\" \/>\n<meta property=\"og:url\" content=\"https:\/\/www.boxrepsol.com\/es\/motogp\/que-paso-en-twitter-durante-el-gran-premio-de-catalunya-de-motogp\/\" \/>\n<meta property=\"og:site_name\" content=\"Box Repsol\" \/>\n<meta property=\"article:publisher\" content=\"https:\/\/www.facebook.com\/BoxRepsol\" \/>\n<meta property=\"article:author\" content=\"https:\/\/www.facebook.com\/BoxRepsol\/\" \/>\n<meta property=\"article:published_time\" content=\"2017-06-12T02:00:00+00:00\" \/>\n<meta property=\"article:modified_time\" content=\"2024-05-15T09:42:35+00:00\" \/>\n<meta property=\"og:image\" content=\"https:\/\/bxrepsol.s3.eu-west-1.amazonaws.com\/static\/2023\/02\/24095303\/Asi_vivio_Twitter_el_Gran_Premio_de_Catalunya_de_MotoGP.png\" \/>\n\t<meta property=\"og:image:width\" content=\"986\" \/>\n\t<meta property=\"og:image:height\" content=\"555\" \/>\n\t<meta property=\"og:image:type\" content=\"image\/png\" \/>\n<meta name=\"author\" content=\"Redacci\u00f3n Box Repsol\" \/>\n<meta name=\"twitter:card\" content=\"summary_large_image\" \/>\n<meta name=\"twitter:creator\" content=\"@https:\/\/twitter.com\/box_repsol\" \/>\n<meta name=\"twitter:site\" content=\"@box_repsol\" \/>\n<meta name=\"twitter:label1\" content=\"Written by\" \/>\n\t<meta name=\"twitter:data1\" content=\"Redacci\u00f3n Box Repsol\" \/>\n\t<meta name=\"twitter:label2\" content=\"Est. reading time\" \/>\n\t<meta name=\"twitter:data2\" content=\"3 minutos\" \/>\n<script type=\"application\/ld+json\" class=\"yoast-schema-graph\">{\"@context\":\"https:\\\/\\\/schema.org\",\"@graph\":[{\"@type\":\"Article\",\"@id\":\"https:\\\/\\\/www.boxrepsol.com\\\/es\\\/motogp\\\/que-paso-en-twitter-durante-el-gran-premio-de-catalunya-de-motogp\\\/#article\",\"isPartOf\":{\"@id\":\"https:\\\/\\\/www.boxrepsol.com\\\/es\\\/motogp\\\/que-paso-en-twitter-durante-el-gran-premio-de-catalunya-de-motogp\\\/\"},\"author\":{\"name\":\"Redacci\u00f3n Box Repsol\",\"@id\":\"https:\\\/\\\/www.boxrepsol.com\\\/es\\\/#\\\/schema\\\/person\\\/c5c2138f2cca251b0ad92b7086bb60b7\"},\"headline\":\"\u00bfQu\u00e9 pas\u00f3 en Twitter durante el Gran Premio de Catalunya de #MotoGP?\",\"datePublished\":\"2017-06-12T02:00:00+00:00\",\"dateModified\":\"2024-05-15T09:42:35+00:00\",\"mainEntityOfPage\":{\"@id\":\"https:\\\/\\\/www.boxrepsol.com\\\/es\\\/motogp\\\/que-paso-en-twitter-durante-el-gran-premio-de-catalunya-de-motogp\\\/\"},\"wordCount\":663,\"commentCount\":0,\"publisher\":{\"@id\":\"https:\\\/\\\/www.boxrepsol.com\\\/es\\\/#organization\"},\"image\":{\"@id\":\"https:\\\/\\\/www.boxrepsol.com\\\/es\\\/motogp\\\/que-paso-en-twitter-durante-el-gran-premio-de-catalunya-de-motogp\\\/#primaryimage\"},\"thumbnailUrl\":\"https:\\\/\\\/bxrepsol.s3.eu-west-1.amazonaws.com\\\/static\\\/2023\\\/02\\\/24095303\\\/Asi_vivio_Twitter_el_Gran_Premio_de_Catalunya_de_MotoGP.png\",\"keywords\":[\"redes sociales\"],\"articleSection\":[\"MotoGP\"],\"inLanguage\":\"es\",\"potentialAction\":[{\"@type\":\"CommentAction\",\"name\":\"Comment\",\"target\":[\"https:\\\/\\\/www.boxrepsol.com\\\/es\\\/motogp\\\/que-paso-en-twitter-durante-el-gran-premio-de-catalunya-de-motogp\\\/#respond\"]}]},{\"@type\":\"WebPage\",\"@id\":\"https:\\\/\\\/www.boxrepsol.com\\\/es\\\/motogp\\\/que-paso-en-twitter-durante-el-gran-premio-de-catalunya-de-motogp\\\/\",\"url\":\"https:\\\/\\\/www.boxrepsol.com\\\/es\\\/motogp\\\/que-paso-en-twitter-durante-el-gran-premio-de-catalunya-de-motogp\\\/\",\"name\":\"\u00bfQu\u00e9 pas\u00f3 en Twitter durante el gran premio de Catalunya de MotoGP?\",\"isPartOf\":{\"@id\":\"https:\\\/\\\/www.boxrepsol.com\\\/es\\\/#website\"},\"primaryImageOfPage\":{\"@id\":\"https:\\\/\\\/www.boxrepsol.com\\\/es\\\/motogp\\\/que-paso-en-twitter-durante-el-gran-premio-de-catalunya-de-motogp\\\/#primaryimage\"},\"image\":{\"@id\":\"https:\\\/\\\/www.boxrepsol.com\\\/es\\\/motogp\\\/que-paso-en-twitter-durante-el-gran-premio-de-catalunya-de-motogp\\\/#primaryimage\"},\"thumbnailUrl\":\"https:\\\/\\\/bxrepsol.s3.eu-west-1.amazonaws.com\\\/static\\\/2023\\\/02\\\/24095303\\\/Asi_vivio_Twitter_el_Gran_Premio_de_Catalunya_de_MotoGP.png\",\"datePublished\":\"2017-06-12T02:00:00+00:00\",\"dateModified\":\"2024-05-15T09:42:35+00:00\",\"description\":\"Twitter es un fiel reflejo del segundo a segundo de todo lo que pasa. En MotoGP el domingo la jornada se presentaba calentita. Por lo apretado de\",\"breadcrumb\":{\"@id\":\"https:\\\/\\\/www.boxrepsol.com\\\/es\\\/motogp\\\/que-paso-en-twitter-durante-el-gran-premio-de-catalunya-de-motogp\\\/#breadcrumb\"},\"inLanguage\":\"es\",\"potentialAction\":[{\"@type\":\"ReadAction\",\"target\":[\"https:\\\/\\\/www.boxrepsol.com\\\/es\\\/motogp\\\/que-paso-en-twitter-durante-el-gran-premio-de-catalunya-de-motogp\\\/\"]}]},{\"@type\":\"ImageObject\",\"inLanguage\":\"es\",\"@id\":\"https:\\\/\\\/www.boxrepsol.com\\\/es\\\/motogp\\\/que-paso-en-twitter-durante-el-gran-premio-de-catalunya-de-motogp\\\/#primaryimage\",\"url\":\"https:\\\/\\\/bxrepsol.s3.eu-west-1.amazonaws.com\\\/static\\\/2023\\\/02\\\/24095303\\\/Asi_vivio_Twitter_el_Gran_Premio_de_Catalunya_de_MotoGP.png\",\"contentUrl\":\"https:\\\/\\\/bxrepsol.s3.eu-west-1.amazonaws.com\\\/static\\\/2023\\\/02\\\/24095303\\\/Asi_vivio_Twitter_el_Gran_Premio_de_Catalunya_de_MotoGP.png\",\"width\":986,\"height\":555,\"caption\":\"Marc M\u00e1rquez y Dani Pedrosa liderando grupo\"},{\"@type\":\"BreadcrumbList\",\"@id\":\"https:\\\/\\\/www.boxrepsol.com\\\/es\\\/motogp\\\/que-paso-en-twitter-durante-el-gran-premio-de-catalunya-de-motogp\\\/#breadcrumb\",\"itemListElement\":[{\"@type\":\"ListItem\",\"position\":1,\"name\":\"Home\",\"item\":\"https:\\\/\\\/www.boxrepsol.com\\\/es\\\/\"},{\"@type\":\"ListItem\",\"position\":2,\"name\":\"\u00bfQu\u00e9 pas\u00f3 en Twitter durante el Gran Premio de Catalunya de #MotoGP?\"}]},{\"@type\":\"WebSite\",\"@id\":\"https:\\\/\\\/www.boxrepsol.com\\\/es\\\/#website\",\"url\":\"https:\\\/\\\/www.boxrepsol.com\\\/es\\\/\",\"name\":\"Box Repsol\",\"description\":\"Box Repsol Site\",\"publisher\":{\"@id\":\"https:\\\/\\\/www.boxrepsol.com\\\/es\\\/#organization\"},\"potentialAction\":[{\"@type\":\"SearchAction\",\"target\":{\"@type\":\"EntryPoint\",\"urlTemplate\":\"https:\\\/\\\/www.boxrepsol.com\\\/es\\\/?s={search_term_string}\"},\"query-input\":{\"@type\":\"PropertyValueSpecification\",\"valueRequired\":true,\"valueName\":\"search_term_string\"}}],\"inLanguage\":\"es\"},{\"@type\":\"Organization\",\"@id\":\"https:\\\/\\\/www.boxrepsol.com\\\/es\\\/#organization\",\"name\":\"Box Repsol\",\"url\":\"https:\\\/\\\/www.boxrepsol.com\\\/es\\\/\",\"logo\":{\"@type\":\"ImageObject\",\"inLanguage\":\"es\",\"@id\":\"https:\\\/\\\/www.boxrepsol.com\\\/es\\\/#\\\/schema\\\/logo\\\/image\\\/\",\"url\":\"https:\\\/\\\/bxrepsol.s3.eu-west-1.amazonaws.com\\\/static\\\/2025\\\/07\\\/30083337\\\/favicon-96x96-1.png\",\"contentUrl\":\"https:\\\/\\\/bxrepsol.s3.eu-west-1.amazonaws.com\\\/static\\\/2025\\\/07\\\/30083337\\\/favicon-96x96-1.png\",\"width\":96,\"height\":96,\"caption\":\"Box Repsol\"},\"image\":{\"@id\":\"https:\\\/\\\/www.boxrepsol.com\\\/es\\\/#\\\/schema\\\/logo\\\/image\\\/\"},\"sameAs\":[\"https:\\\/\\\/www.facebook.com\\\/BoxRepsol\",\"https:\\\/\\\/x.com\\\/box_repsol\",\"http:\\\/\\\/instagram.com\\\/box_repsol\",\"https:\\\/\\\/www.youtube.com\\\/user\\\/RepsolCompeticion\",\"https:\\\/\\\/www.flickr.com\\\/photos\\\/box_repsol\\\/\"]},{\"@type\":\"Person\",\"@id\":\"https:\\\/\\\/www.boxrepsol.com\\\/es\\\/#\\\/schema\\\/person\\\/c5c2138f2cca251b0ad92b7086bb60b7\",\"name\":\"Redacci\u00f3n Box Repsol\",\"image\":{\"@type\":\"ImageObject\",\"inLanguage\":\"es\",\"@id\":\"https:\\\/\\\/secure.gravatar.com\\\/avatar\\\/adf7b77e38b4419baf32c7e9c21dde01f4e40df611f0978e3006fc4ba0aaab7e?s=96&d=mm&r=g\",\"url\":\"https:\\\/\\\/secure.gravatar.com\\\/avatar\\\/adf7b77e38b4419baf32c7e9c21dde01f4e40df611f0978e3006fc4ba0aaab7e?s=96&d=mm&r=g\",\"contentUrl\":\"https:\\\/\\\/secure.gravatar.com\\\/avatar\\\/adf7b77e38b4419baf32c7e9c21dde01f4e40df611f0978e3006fc4ba0aaab7e?s=96&d=mm&r=g\",\"caption\":\"Redacci\u00f3n Box Repsol\"},\"description\":\"Box Repsol lo forma un equipo de periodistas, community managers, dise\u00f1adores y fot\u00f3grafos con m\u00e1s de 20 a\u00f1os de experiencia en el mundo del motorsport. Hemos vivido el primer mundial de un espa\u00f1ol en la categor\u00eda reina de motociclismo con \u00c1lex Crivill\u00e9, estuvimos en las victorias de Pedrosa y los t\u00edtulos de M\u00e1rquez, acompa\u00f1amos en \u00c1frica a Nani Roma y Marc Coma en sus conquistas del Dakar y hemos vibrado con los t\u00edtulos de Toni Bou en Trial. Adem\u00e1s, en nuestro equipo contamos con expertos en el mundo de las dos y cuatro ruedas tanto de la calle y las carreteras, como de los circuitos. Periodistas que han trabajado en revistas y publicaciones para hacerte llegar desde rutas y consejos de mantenimiento, a curiosidades y trucos de pilotaje.\",\"sameAs\":[\"https:\\\/\\\/www.facebook.com\\\/BoxRepsol\\\/\",\"https:\\\/\\\/www.instagram.com\\\/box_repsol\\\/\",\"https:\\\/\\\/x.com\\\/https:\\\/\\\/twitter.com\\\/box_repsol\",\"https:\\\/\\\/www.youtube.com\\\/@Boxrepsol\"],\"url\":\"https:\\\/\\\/www.boxrepsol.com\\\/es\\\/author\\\/redaccion-box-repsol\\\/\"}]}<\/script>\n<!-- \/ Yoast SEO plugin. -->","yoast_head_json":{"title":"\u00bfQu\u00e9 pas\u00f3 en Twitter durante el gran premio de Catalunya de MotoGP?","description":"Twitter es un fiel reflejo del segundo a segundo de todo lo que pasa. En MotoGP el domingo la jornada se presentaba calentita. Por lo apretado de","canonical":"https:\/\/www.boxrepsol.com\/es\/motogp\/que-paso-en-twitter-durante-el-gran-premio-de-catalunya-de-motogp\/","og_locale":"es_ES","og_type":"article","og_title":"\u00bfQu\u00e9 pas\u00f3 en Twitter durante el gran premio de Catalunya de MotoGP?","og_description":"Twitter es un fiel reflejo del segundo a segundo de todo lo que pasa. En MotoGP el domingo la jornada se presentaba calentita. Por lo apretado de","og_url":"https:\/\/www.boxrepsol.com\/es\/motogp\/que-paso-en-twitter-durante-el-gran-premio-de-catalunya-de-motogp\/","og_site_name":"Box Repsol","article_publisher":"https:\/\/www.facebook.com\/BoxRepsol","article_author":"https:\/\/www.facebook.com\/BoxRepsol\/","article_published_time":"2017-06-12T02:00:00+00:00","article_modified_time":"2024-05-15T09:42:35+00:00","og_image":[{"width":986,"height":555,"url":"https:\/\/bxrepsol.s3.eu-west-1.amazonaws.com\/static\/2023\/02\/24095303\/Asi_vivio_Twitter_el_Gran_Premio_de_Catalunya_de_MotoGP.png","type":"image\/png"}],"author":"Redacci\u00f3n Box Repsol","twitter_card":"summary_large_image","twitter_creator":"@https:\/\/twitter.com\/box_repsol","twitter_site":"@box_repsol","twitter_misc":{"Written by":"Redacci\u00f3n Box Repsol","Est. reading time":"3 minutos"},"schema":{"@context":"https:\/\/schema.org","@graph":[{"@type":"Article","@id":"https:\/\/www.boxrepsol.com\/es\/motogp\/que-paso-en-twitter-durante-el-gran-premio-de-catalunya-de-motogp\/#article","isPartOf":{"@id":"https:\/\/www.boxrepsol.com\/es\/motogp\/que-paso-en-twitter-durante-el-gran-premio-de-catalunya-de-motogp\/"},"author":{"name":"Redacci\u00f3n Box Repsol","@id":"https:\/\/www.boxrepsol.com\/es\/#\/schema\/person\/c5c2138f2cca251b0ad92b7086bb60b7"},"headline":"\u00bfQu\u00e9 pas\u00f3 en Twitter durante el Gran Premio de Catalunya de #MotoGP?","datePublished":"2017-06-12T02:00:00+00:00","dateModified":"2024-05-15T09:42:35+00:00","mainEntityOfPage":{"@id":"https:\/\/www.boxrepsol.com\/es\/motogp\/que-paso-en-twitter-durante-el-gran-premio-de-catalunya-de-motogp\/"},"wordCount":663,"commentCount":0,"publisher":{"@id":"https:\/\/www.boxrepsol.com\/es\/#organization"},"image":{"@id":"https:\/\/www.boxrepsol.com\/es\/motogp\/que-paso-en-twitter-durante-el-gran-premio-de-catalunya-de-motogp\/#primaryimage"},"thumbnailUrl":"https:\/\/bxrepsol.s3.eu-west-1.amazonaws.com\/static\/2023\/02\/24095303\/Asi_vivio_Twitter_el_Gran_Premio_de_Catalunya_de_MotoGP.png","keywords":["redes sociales"],"articleSection":["MotoGP"],"inLanguage":"es","potentialAction":[{"@type":"CommentAction","name":"Comment","target":["https:\/\/www.boxrepsol.com\/es\/motogp\/que-paso-en-twitter-durante-el-gran-premio-de-catalunya-de-motogp\/#respond"]}]},{"@type":"WebPage","@id":"https:\/\/www.boxrepsol.com\/es\/motogp\/que-paso-en-twitter-durante-el-gran-premio-de-catalunya-de-motogp\/","url":"https:\/\/www.boxrepsol.com\/es\/motogp\/que-paso-en-twitter-durante-el-gran-premio-de-catalunya-de-motogp\/","name":"\u00bfQu\u00e9 pas\u00f3 en Twitter durante el gran premio de Catalunya de MotoGP?","isPartOf":{"@id":"https:\/\/www.boxrepsol.com\/es\/#website"},"primaryImageOfPage":{"@id":"https:\/\/www.boxrepsol.com\/es\/motogp\/que-paso-en-twitter-durante-el-gran-premio-de-catalunya-de-motogp\/#primaryimage"},"image":{"@id":"https:\/\/www.boxrepsol.com\/es\/motogp\/que-paso-en-twitter-durante-el-gran-premio-de-catalunya-de-motogp\/#primaryimage"},"thumbnailUrl":"https:\/\/bxrepsol.s3.eu-west-1.amazonaws.com\/static\/2023\/02\/24095303\/Asi_vivio_Twitter_el_Gran_Premio_de_Catalunya_de_MotoGP.png","datePublished":"2017-06-12T02:00:00+00:00","dateModified":"2024-05-15T09:42:35+00:00","description":"Twitter es un fiel reflejo del segundo a segundo de todo lo que pasa. En MotoGP el domingo la jornada se presentaba calentita. Por lo apretado de","breadcrumb":{"@id":"https:\/\/www.boxrepsol.com\/es\/motogp\/que-paso-en-twitter-durante-el-gran-premio-de-catalunya-de-motogp\/#breadcrumb"},"inLanguage":"es","potentialAction":[{"@type":"ReadAction","target":["https:\/\/www.boxrepsol.com\/es\/motogp\/que-paso-en-twitter-durante-el-gran-premio-de-catalunya-de-motogp\/"]}]},{"@type":"ImageObject","inLanguage":"es","@id":"https:\/\/www.boxrepsol.com\/es\/motogp\/que-paso-en-twitter-durante-el-gran-premio-de-catalunya-de-motogp\/#primaryimage","url":"https:\/\/bxrepsol.s3.eu-west-1.amazonaws.com\/static\/2023\/02\/24095303\/Asi_vivio_Twitter_el_Gran_Premio_de_Catalunya_de_MotoGP.png","contentUrl":"https:\/\/bxrepsol.s3.eu-west-1.amazonaws.com\/static\/2023\/02\/24095303\/Asi_vivio_Twitter_el_Gran_Premio_de_Catalunya_de_MotoGP.png","width":986,"height":555,"caption":"Marc M\u00e1rquez y Dani Pedrosa liderando grupo"},{"@type":"BreadcrumbList","@id":"https:\/\/www.boxrepsol.com\/es\/motogp\/que-paso-en-twitter-durante-el-gran-premio-de-catalunya-de-motogp\/#breadcrumb","itemListElement":[{"@type":"ListItem","position":1,"name":"Home","item":"https:\/\/www.boxrepsol.com\/es\/"},{"@type":"ListItem","position":2,"name":"\u00bfQu\u00e9 pas\u00f3 en Twitter durante el Gran Premio de Catalunya de #MotoGP?"}]},{"@type":"WebSite","@id":"https:\/\/www.boxrepsol.com\/es\/#website","url":"https:\/\/www.boxrepsol.com\/es\/","name":"Box Repsol","description":"Box Repsol Site","publisher":{"@id":"https:\/\/www.boxrepsol.com\/es\/#organization"},"potentialAction":[{"@type":"SearchAction","target":{"@type":"EntryPoint","urlTemplate":"https:\/\/www.boxrepsol.com\/es\/?s={search_term_string}"},"query-input":{"@type":"PropertyValueSpecification","valueRequired":true,"valueName":"search_term_string"}}],"inLanguage":"es"},{"@type":"Organization","@id":"https:\/\/www.boxrepsol.com\/es\/#organization","name":"Box Repsol","url":"https:\/\/www.boxrepsol.com\/es\/","logo":{"@type":"ImageObject","inLanguage":"es","@id":"https:\/\/www.boxrepsol.com\/es\/#\/schema\/logo\/image\/","url":"https:\/\/bxrepsol.s3.eu-west-1.amazonaws.com\/static\/2025\/07\/30083337\/favicon-96x96-1.png","contentUrl":"https:\/\/bxrepsol.s3.eu-west-1.amazonaws.com\/static\/2025\/07\/30083337\/favicon-96x96-1.png","width":96,"height":96,"caption":"Box Repsol"},"image":{"@id":"https:\/\/www.boxrepsol.com\/es\/#\/schema\/logo\/image\/"},"sameAs":["https:\/\/www.facebook.com\/BoxRepsol","https:\/\/x.com\/box_repsol","http:\/\/instagram.com\/box_repsol","https:\/\/www.youtube.com\/user\/RepsolCompeticion","https:\/\/www.flickr.com\/photos\/box_repsol\/"]},{"@type":"Person","@id":"https:\/\/www.boxrepsol.com\/es\/#\/schema\/person\/c5c2138f2cca251b0ad92b7086bb60b7","name":"Redacci\u00f3n Box Repsol","image":{"@type":"ImageObject","inLanguage":"es","@id":"https:\/\/secure.gravatar.com\/avatar\/adf7b77e38b4419baf32c7e9c21dde01f4e40df611f0978e3006fc4ba0aaab7e?s=96&d=mm&r=g","url":"https:\/\/secure.gravatar.com\/avatar\/adf7b77e38b4419baf32c7e9c21dde01f4e40df611f0978e3006fc4ba0aaab7e?s=96&d=mm&r=g","contentUrl":"https:\/\/secure.gravatar.com\/avatar\/adf7b77e38b4419baf32c7e9c21dde01f4e40df611f0978e3006fc4ba0aaab7e?s=96&d=mm&r=g","caption":"Redacci\u00f3n Box Repsol"},"description":"Box Repsol lo forma un equipo de periodistas, community managers, dise\u00f1adores y fot\u00f3grafos con m\u00e1s de 20 a\u00f1os de experiencia en el mundo del motorsport. Hemos vivido el primer mundial de un espa\u00f1ol en la categor\u00eda reina de motociclismo con \u00c1lex Crivill\u00e9, estuvimos en las victorias de Pedrosa y los t\u00edtulos de M\u00e1rquez, acompa\u00f1amos en \u00c1frica a Nani Roma y Marc Coma en sus conquistas del Dakar y hemos vibrado con los t\u00edtulos de Toni Bou en Trial. Adem\u00e1s, en nuestro equipo contamos con expertos en el mundo de las dos y cuatro ruedas tanto de la calle y las carreteras, como de los circuitos. Periodistas que han trabajado en revistas y publicaciones para hacerte llegar desde rutas y consejos de mantenimiento, a curiosidades y trucos de pilotaje.","sameAs":["https:\/\/www.facebook.com\/BoxRepsol\/","https:\/\/www.instagram.com\/box_repsol\/","https:\/\/x.com\/https:\/\/twitter.com\/box_repsol","https:\/\/www.youtube.com\/@Boxrepsol"],"url":"https:\/\/www.boxrepsol.com\/es\/author\/redaccion-box-repsol\/"}]}},"_links":{"self":[{"href":"https:\/\/www.boxrepsol.com\/es\/wp-json\/wp\/v2\/posts\/90405","targetHints":{"allow":["GET"]}}],"collection":[{"href":"https:\/\/www.boxrepsol.com\/es\/wp-json\/wp\/v2\/posts"}],"about":[{"href":"https:\/\/www.boxrepsol.com\/es\/wp-json\/wp\/v2\/types\/post"}],"author":[{"embeddable":true,"href":"https:\/\/www.boxrepsol.com\/es\/wp-json\/wp\/v2\/users\/43146"}],"replies":[{"embeddable":true,"href":"https:\/\/www.boxrepsol.com\/es\/wp-json\/wp\/v2\/comments?post=90405"}],"version-history":[{"count":1,"href":"https:\/\/www.boxrepsol.com\/es\/wp-json\/wp\/v2\/posts\/90405\/revisions"}],"predecessor-version":[{"id":116231,"href":"https:\/\/www.boxrepsol.com\/es\/wp-json\/wp\/v2\/posts\/90405\/revisions\/116231"}],"wp:featuredmedia":[{"embeddable":true,"href":"https:\/\/www.boxrepsol.com\/es\/wp-json\/wp\/v2\/media\/90406"}],"wp:attachment":[{"href":"https:\/\/www.boxrepsol.com\/es\/wp-json\/wp\/v2\/media?parent=90405"}],"wp:term":[{"taxonomy":"category","embeddable":true,"href":"https:\/\/www.boxrepsol.com\/es\/wp-json\/wp\/v2\/categories?post=90405"},{"taxonomy":"post_tag","embeddable":true,"href":"https:\/\/www.boxrepsol.com\/es\/wp-json\/wp\/v2\/tags?post=90405"}],"curies":[{"name":"wp","href":"https:\/\/api.w.org\/{rel}","templated":true}]}}