{"id":90402,"date":"2017-06-10T00:00:00","date_gmt":"2017-06-10T02:00:00","guid":{"rendered":"http:\/\/pre.boxrepsol.com\/sin-categorizar\/dani-pedrosa-logra-segunda-pole-position-del-ano\/"},"modified":"2024-10-16T10:50:26","modified_gmt":"2024-10-16T12:50:26","slug":"dani-pedrosa-logra-segunda-pole-position-del-ano","status":"publish","type":"post","link":"https:\/\/www.boxrepsol.com\/es\/motogp\/dani-pedrosa-logra-segunda-pole-position-del-ano\/","title":{"rendered":"Dani Pedrosa logra su segunda \u2018pole position\u2019 del a\u00f1o"},"content":{"rendered":"<blockquote><p>Conseguir la pole position delante de tus fans es incre\u00edble.<\/p>\n<p><a href=\"http:\/\/twitter.com\/share?text=Conseguir+la+pole+position+delante+de+tus+fans+es+incre%C3%ADble.&amp;url=https%3A%2F%2Fwww.boxrepsol.com%2Fes%2F%3Fp%3D7884%2F&amp;hashtags=\" target=\"_blank\" rel=\"noopener noreferrer\"><br \/>\ntwittear <\/a><\/p>\n<footer>Dani Pedrosa<\/footer>\n<\/blockquote>\n<p>Dani Pedrosa ha sumado su pole position n\u00famero 48, la 30\u00aa en MotoGP.\u00a0El de Castellar ha sido <strong>el m\u00e1s r\u00e1pido del FP4, siendo el \u00fanico piloto en dar hasta 5 vueltas seguidas en 1 minuto y 45 segundos<\/strong> \u2013solamente Andrea Iannone ha dado un giro por debajo del minuto y 46 segundos\u2013.<\/p>\n<p>Los pilotos Repsol han liderado el FP3, en el que se ha recuperado el trazado con el que se disput\u00f3 la carrera del a\u00f1o pasado utilizando la chicane de la F\u00f3rmula 1. Entonces M\u00e1rquez y Pedrosa rodaron en 1:44.7 y 1:44.8, respectivamente; hoy lo han hecho en 1:44.1 y 1:44.2.<\/p>\n<h3>Marc M\u00e1rquez<\/h3>\n<blockquote><p>Hoy ha sido un d\u00eda exigente. Pese a salir cuarto en la parrilla y haber sufrido cuatro ca\u00eddas, realmente no estamos tan mal. Hemos empezado el d\u00eda muy bien; me he sentido muy c\u00f3modo en el FP3 pero, tras caerme en el FP4, todo se ha sucedido. Hemos sido capaces de preparar la moto para la sesi\u00f3n cronometrada, pero las sensaciones no eran exactamente las mismas. Cuando las temperaturas son tan altas, el neum\u00e1tico delantero se mueve mucho. Pero estoy en mi GP \u2018de casa\u2019, as\u00ed que he dado el m\u00e1ximo y lo he intentado al 100%. Me he ca\u00eddo, pero de todas formas empezaremos cuartos, que no est\u00e1 mal. Creo que si somos capaces de controlar mejor la parte delantera y pilotar m\u00e1s suave, todo ir\u00e1 bien. Tengo ganas de hacer ma\u00f1ana una buena carrera y luchar por el podio.<\/p><\/blockquote>\n<h3>Dani Pedrosa<\/h3>\n<blockquote><p>Estoy muy contento porque conseguir la <em>pole position<\/em> es siempre muy dif\u00edcil y hacerlo delante de tus fans es incre\u00edble. El \u00faltimo a\u00f1o tuvimos dificultades en las sesiones cronometradas pero esta temporada ya tengo dos <em>poles <\/em>y quiero dar las gracias a mi equipo por el gran trabajo que han hecho. Las condiciones han sido bastante dif\u00edciles hoy, especialmente para los neum\u00e1ticos porque hac\u00eda mucho calor y el agarre no era el mejor. Hemos intentado gestionar la situaci\u00f3n lo mejor posible, trabajando mucho en la puesta a punto para mejorar la vida del compuesto. Los neum\u00e1ticos ser\u00e1n la clave de la carrera ma\u00f1ana y estar\u00eda bien tener las mismas sensaciones de hoy; esperaremos y veremos. Simplemente seguiremos concentrados y estaremos preparados para hacerlo lo mejor posible.<\/p><\/blockquote>\n","protected":false},"excerpt":{"rendered":"<p>El piloto del equipo Repsol Honda es el m\u00e1s r\u00e1pido de la sesi\u00f3n cronometrada, tal y como hizo en Jerez. Marc M\u00e1rquez encabezar\u00e1 la segunda fila de la parrilla.<\/p>\n","protected":false},"author":43146,"featured_media":86573,"comment_status":"open","ping_status":"open","sticky":false,"template":"","format":"standard","meta":{"footnotes":""},"categories":[4],"tags":[132],"class_list":["post-90402","post","type-post","status-publish","format-standard","hentry","category-motogp","tag-motogp-catalunya"],"yoast_head":"<!-- This site is optimized with the Yoast SEO plugin v27.3 - https:\/\/yoast.com\/product\/yoast-seo-wordpress\/ -->\n<title>Dani Pedrosa logra su segunda \u2018pole position\u2019 del a\u00f1o - Box Repsol<\/title>\n<meta name=\"description\" content=\"El piloto del equipo Repsol Honda es el m\u00e1s r\u00e1pido de la sesi\u00f3n cronometrada del GP de Catalunya y logra la pole tal y como hizo en Jerez.\" \/>\n<link rel=\"canonical\" href=\"https:\/\/www.boxrepsol.com\/es\/motogp\/dani-pedrosa-logra-segunda-pole-position-del-ano\/\" \/>\n<meta property=\"og:locale\" content=\"es_ES\" \/>\n<meta property=\"og:type\" content=\"article\" \/>\n<meta property=\"og:title\" content=\"Dani Pedrosa logra su segunda \u2018pole position\u2019 del a\u00f1o - Box Repsol\" \/>\n<meta property=\"og:description\" content=\"El piloto del equipo Repsol Honda es el m\u00e1s r\u00e1pido de la sesi\u00f3n cronometrada del GP de Catalunya y logra la pole tal y como hizo en Jerez.\" \/>\n<meta property=\"og:url\" content=\"https:\/\/www.boxrepsol.com\/es\/motogp\/dani-pedrosa-logra-segunda-pole-position-del-ano\/\" \/>\n<meta property=\"og:site_name\" content=\"Box Repsol\" \/>\n<meta property=\"article:publisher\" content=\"https:\/\/www.facebook.com\/BoxRepsol\" \/>\n<meta property=\"article:author\" content=\"https:\/\/www.facebook.com\/BoxRepsol\/\" \/>\n<meta property=\"article:published_time\" content=\"2017-06-10T02:00:00+00:00\" \/>\n<meta property=\"article:modified_time\" content=\"2024-10-16T12:50:26+00:00\" \/>\n<meta property=\"og:image\" content=\"https:\/\/www.boxrepsol.com\/wp-content\/uploads\/2022\/08\/Dani-Pedrosa-en-la-Q2-Catalunya2017.jpg\" \/>\n\t<meta property=\"og:image:width\" content=\"995\" \/>\n\t<meta property=\"og:image:height\" content=\"560\" \/>\n\t<meta property=\"og:image:type\" content=\"image\/jpeg\" \/>\n<meta name=\"author\" content=\"Redacci\u00f3n Box Repsol\" \/>\n<meta name=\"twitter:card\" content=\"summary_large_image\" \/>\n<meta name=\"twitter:creator\" content=\"@https:\/\/twitter.com\/box_repsol\" \/>\n<meta name=\"twitter:site\" content=\"@box_repsol\" \/>\n<meta name=\"twitter:label1\" content=\"Written by\" \/>\n\t<meta name=\"twitter:data1\" content=\"Redacci\u00f3n Box Repsol\" \/>\n\t<meta name=\"twitter:label2\" content=\"Est. reading time\" \/>\n\t<meta name=\"twitter:data2\" content=\"2 minutos\" \/>\n<script type=\"application\/ld+json\" class=\"yoast-schema-graph\">{\"@context\":\"https:\\\/\\\/schema.org\",\"@graph\":[{\"@type\":\"Article\",\"@id\":\"https:\\\/\\\/www.boxrepsol.com\\\/es\\\/motogp\\\/dani-pedrosa-logra-segunda-pole-position-del-ano\\\/#article\",\"isPartOf\":{\"@id\":\"https:\\\/\\\/www.boxrepsol.com\\\/es\\\/motogp\\\/dani-pedrosa-logra-segunda-pole-position-del-ano\\\/\"},\"author\":{\"name\":\"Redacci\u00f3n Box Repsol\",\"@id\":\"https:\\\/\\\/www.boxrepsol.com\\\/es\\\/#\\\/schema\\\/person\\\/c5c2138f2cca251b0ad92b7086bb60b7\"},\"headline\":\"Dani Pedrosa logra su segunda \u2018pole position\u2019 del a\u00f1o\",\"datePublished\":\"2017-06-10T02:00:00+00:00\",\"dateModified\":\"2024-10-16T12:50:26+00:00\",\"mainEntityOfPage\":{\"@id\":\"https:\\\/\\\/www.boxrepsol.com\\\/es\\\/motogp\\\/dani-pedrosa-logra-segunda-pole-position-del-ano\\\/\"},\"wordCount\":414,\"commentCount\":0,\"publisher\":{\"@id\":\"https:\\\/\\\/www.boxrepsol.com\\\/es\\\/#organization\"},\"image\":{\"@id\":\"https:\\\/\\\/www.boxrepsol.com\\\/es\\\/motogp\\\/dani-pedrosa-logra-segunda-pole-position-del-ano\\\/#primaryimage\"},\"thumbnailUrl\":\"https:\\\/\\\/www.boxrepsol.com\\\/wp-content\\\/uploads\\\/2022\\\/08\\\/Dani-Pedrosa-en-la-Q2-Catalunya2017.jpg\",\"keywords\":[\"MotoGP Catalunya\"],\"articleSection\":[\"MotoGP\"],\"inLanguage\":\"es\",\"potentialAction\":[{\"@type\":\"CommentAction\",\"name\":\"Comment\",\"target\":[\"https:\\\/\\\/www.boxrepsol.com\\\/es\\\/motogp\\\/dani-pedrosa-logra-segunda-pole-position-del-ano\\\/#respond\"]}]},{\"@type\":\"WebPage\",\"@id\":\"https:\\\/\\\/www.boxrepsol.com\\\/es\\\/motogp\\\/dani-pedrosa-logra-segunda-pole-position-del-ano\\\/\",\"url\":\"https:\\\/\\\/www.boxrepsol.com\\\/es\\\/motogp\\\/dani-pedrosa-logra-segunda-pole-position-del-ano\\\/\",\"name\":\"Dani Pedrosa logra su segunda \u2018pole position\u2019 del a\u00f1o - Box Repsol\",\"isPartOf\":{\"@id\":\"https:\\\/\\\/www.boxrepsol.com\\\/es\\\/#website\"},\"primaryImageOfPage\":{\"@id\":\"https:\\\/\\\/www.boxrepsol.com\\\/es\\\/motogp\\\/dani-pedrosa-logra-segunda-pole-position-del-ano\\\/#primaryimage\"},\"image\":{\"@id\":\"https:\\\/\\\/www.boxrepsol.com\\\/es\\\/motogp\\\/dani-pedrosa-logra-segunda-pole-position-del-ano\\\/#primaryimage\"},\"thumbnailUrl\":\"https:\\\/\\\/www.boxrepsol.com\\\/wp-content\\\/uploads\\\/2022\\\/08\\\/Dani-Pedrosa-en-la-Q2-Catalunya2017.jpg\",\"datePublished\":\"2017-06-10T02:00:00+00:00\",\"dateModified\":\"2024-10-16T12:50:26+00:00\",\"description\":\"El piloto del equipo Repsol Honda es el m\u00e1s r\u00e1pido de la sesi\u00f3n cronometrada del GP de Catalunya y logra la pole tal y como hizo en Jerez.\",\"breadcrumb\":{\"@id\":\"https:\\\/\\\/www.boxrepsol.com\\\/es\\\/motogp\\\/dani-pedrosa-logra-segunda-pole-position-del-ano\\\/#breadcrumb\"},\"inLanguage\":\"es\",\"potentialAction\":[{\"@type\":\"ReadAction\",\"target\":[\"https:\\\/\\\/www.boxrepsol.com\\\/es\\\/motogp\\\/dani-pedrosa-logra-segunda-pole-position-del-ano\\\/\"]}]},{\"@type\":\"ImageObject\",\"inLanguage\":\"es\",\"@id\":\"https:\\\/\\\/www.boxrepsol.com\\\/es\\\/motogp\\\/dani-pedrosa-logra-segunda-pole-position-del-ano\\\/#primaryimage\",\"url\":\"https:\\\/\\\/www.boxrepsol.com\\\/wp-content\\\/uploads\\\/2022\\\/08\\\/Dani-Pedrosa-en-la-Q2-Catalunya2017.jpg\",\"contentUrl\":\"https:\\\/\\\/www.boxrepsol.com\\\/wp-content\\\/uploads\\\/2022\\\/08\\\/Dani-Pedrosa-en-la-Q2-Catalunya2017.jpg\",\"width\":995,\"height\":560,\"caption\":\"Dani Pedrosa, Marc M\u00e1rquez, GP de Catalunya, Montmel\u00f3, MotoGP, Motociclismo, 2017\"},{\"@type\":\"BreadcrumbList\",\"@id\":\"https:\\\/\\\/www.boxrepsol.com\\\/es\\\/motogp\\\/dani-pedrosa-logra-segunda-pole-position-del-ano\\\/#breadcrumb\",\"itemListElement\":[{\"@type\":\"ListItem\",\"position\":1,\"name\":\"Home\",\"item\":\"https:\\\/\\\/www.boxrepsol.com\\\/es\\\/\"},{\"@type\":\"ListItem\",\"position\":2,\"name\":\"Dani Pedrosa logra su segunda \u2018pole position\u2019 del a\u00f1o\"}]},{\"@type\":\"WebSite\",\"@id\":\"https:\\\/\\\/www.boxrepsol.com\\\/es\\\/#website\",\"url\":\"https:\\\/\\\/www.boxrepsol.com\\\/es\\\/\",\"name\":\"Box Repsol\",\"description\":\"Box Repsol Site\",\"publisher\":{\"@id\":\"https:\\\/\\\/www.boxrepsol.com\\\/es\\\/#organization\"},\"potentialAction\":[{\"@type\":\"SearchAction\",\"target\":{\"@type\":\"EntryPoint\",\"urlTemplate\":\"https:\\\/\\\/www.boxrepsol.com\\\/es\\\/?s={search_term_string}\"},\"query-input\":{\"@type\":\"PropertyValueSpecification\",\"valueRequired\":true,\"valueName\":\"search_term_string\"}}],\"inLanguage\":\"es\"},{\"@type\":\"Organization\",\"@id\":\"https:\\\/\\\/www.boxrepsol.com\\\/es\\\/#organization\",\"name\":\"Box Repsol\",\"url\":\"https:\\\/\\\/www.boxrepsol.com\\\/es\\\/\",\"logo\":{\"@type\":\"ImageObject\",\"inLanguage\":\"es\",\"@id\":\"https:\\\/\\\/www.boxrepsol.com\\\/es\\\/#\\\/schema\\\/logo\\\/image\\\/\",\"url\":\"https:\\\/\\\/bxrepsol.s3.eu-west-1.amazonaws.com\\\/static\\\/2025\\\/07\\\/30083337\\\/favicon-96x96-1.png\",\"contentUrl\":\"https:\\\/\\\/bxrepsol.s3.eu-west-1.amazonaws.com\\\/static\\\/2025\\\/07\\\/30083337\\\/favicon-96x96-1.png\",\"width\":96,\"height\":96,\"caption\":\"Box Repsol\"},\"image\":{\"@id\":\"https:\\\/\\\/www.boxrepsol.com\\\/es\\\/#\\\/schema\\\/logo\\\/image\\\/\"},\"sameAs\":[\"https:\\\/\\\/www.facebook.com\\\/BoxRepsol\",\"https:\\\/\\\/x.com\\\/box_repsol\",\"http:\\\/\\\/instagram.com\\\/box_repsol\",\"https:\\\/\\\/www.youtube.com\\\/user\\\/RepsolCompeticion\",\"https:\\\/\\\/www.flickr.com\\\/photos\\\/box_repsol\\\/\"]},{\"@type\":\"Person\",\"@id\":\"https:\\\/\\\/www.boxrepsol.com\\\/es\\\/#\\\/schema\\\/person\\\/c5c2138f2cca251b0ad92b7086bb60b7\",\"name\":\"Redacci\u00f3n Box Repsol\",\"image\":{\"@type\":\"ImageObject\",\"inLanguage\":\"es\",\"@id\":\"https:\\\/\\\/secure.gravatar.com\\\/avatar\\\/adf7b77e38b4419baf32c7e9c21dde01f4e40df611f0978e3006fc4ba0aaab7e?s=96&d=mm&r=g\",\"url\":\"https:\\\/\\\/secure.gravatar.com\\\/avatar\\\/adf7b77e38b4419baf32c7e9c21dde01f4e40df611f0978e3006fc4ba0aaab7e?s=96&d=mm&r=g\",\"contentUrl\":\"https:\\\/\\\/secure.gravatar.com\\\/avatar\\\/adf7b77e38b4419baf32c7e9c21dde01f4e40df611f0978e3006fc4ba0aaab7e?s=96&d=mm&r=g\",\"caption\":\"Redacci\u00f3n Box Repsol\"},\"description\":\"Box Repsol lo forma un equipo de periodistas, community managers, dise\u00f1adores y fot\u00f3grafos con m\u00e1s de 20 a\u00f1os de experiencia en el mundo del motorsport. Hemos vivido el primer mundial de un espa\u00f1ol en la categor\u00eda reina de motociclismo con \u00c1lex Crivill\u00e9, estuvimos en las victorias de Pedrosa y los t\u00edtulos de M\u00e1rquez, acompa\u00f1amos en \u00c1frica a Nani Roma y Marc Coma en sus conquistas del Dakar y hemos vibrado con los t\u00edtulos de Toni Bou en Trial. Adem\u00e1s, en nuestro equipo contamos con expertos en el mundo de las dos y cuatro ruedas tanto de la calle y las carreteras, como de los circuitos. Periodistas que han trabajado en revistas y publicaciones para hacerte llegar desde rutas y consejos de mantenimiento, a curiosidades y trucos de pilotaje.\",\"sameAs\":[\"https:\\\/\\\/www.facebook.com\\\/BoxRepsol\\\/\",\"https:\\\/\\\/www.instagram.com\\\/box_repsol\\\/\",\"https:\\\/\\\/x.com\\\/https:\\\/\\\/twitter.com\\\/box_repsol\",\"https:\\\/\\\/www.youtube.com\\\/@Boxrepsol\"],\"url\":\"https:\\\/\\\/www.boxrepsol.com\\\/es\\\/author\\\/redaccion-box-repsol\\\/\"}]}<\/script>\n<!-- \/ Yoast SEO plugin. -->","yoast_head_json":{"title":"Dani Pedrosa logra su segunda \u2018pole position\u2019 del a\u00f1o - Box Repsol","description":"El piloto del equipo Repsol Honda es el m\u00e1s r\u00e1pido de la sesi\u00f3n cronometrada del GP de Catalunya y logra la pole tal y como hizo en Jerez.","canonical":"https:\/\/www.boxrepsol.com\/es\/motogp\/dani-pedrosa-logra-segunda-pole-position-del-ano\/","og_locale":"es_ES","og_type":"article","og_title":"Dani Pedrosa logra su segunda \u2018pole position\u2019 del a\u00f1o - Box Repsol","og_description":"El piloto del equipo Repsol Honda es el m\u00e1s r\u00e1pido de la sesi\u00f3n cronometrada del GP de Catalunya y logra la pole tal y como hizo en Jerez.","og_url":"https:\/\/www.boxrepsol.com\/es\/motogp\/dani-pedrosa-logra-segunda-pole-position-del-ano\/","og_site_name":"Box Repsol","article_publisher":"https:\/\/www.facebook.com\/BoxRepsol","article_author":"https:\/\/www.facebook.com\/BoxRepsol\/","article_published_time":"2017-06-10T02:00:00+00:00","article_modified_time":"2024-10-16T12:50:26+00:00","og_image":[{"width":995,"height":560,"url":"https:\/\/www.boxrepsol.com\/wp-content\/uploads\/2022\/08\/Dani-Pedrosa-en-la-Q2-Catalunya2017.jpg","type":"image\/jpeg"}],"author":"Redacci\u00f3n Box Repsol","twitter_card":"summary_large_image","twitter_creator":"@https:\/\/twitter.com\/box_repsol","twitter_site":"@box_repsol","twitter_misc":{"Written by":"Redacci\u00f3n Box Repsol","Est. reading time":"2 minutos"},"schema":{"@context":"https:\/\/schema.org","@graph":[{"@type":"Article","@id":"https:\/\/www.boxrepsol.com\/es\/motogp\/dani-pedrosa-logra-segunda-pole-position-del-ano\/#article","isPartOf":{"@id":"https:\/\/www.boxrepsol.com\/es\/motogp\/dani-pedrosa-logra-segunda-pole-position-del-ano\/"},"author":{"name":"Redacci\u00f3n Box Repsol","@id":"https:\/\/www.boxrepsol.com\/es\/#\/schema\/person\/c5c2138f2cca251b0ad92b7086bb60b7"},"headline":"Dani Pedrosa logra su segunda \u2018pole position\u2019 del a\u00f1o","datePublished":"2017-06-10T02:00:00+00:00","dateModified":"2024-10-16T12:50:26+00:00","mainEntityOfPage":{"@id":"https:\/\/www.boxrepsol.com\/es\/motogp\/dani-pedrosa-logra-segunda-pole-position-del-ano\/"},"wordCount":414,"commentCount":0,"publisher":{"@id":"https:\/\/www.boxrepsol.com\/es\/#organization"},"image":{"@id":"https:\/\/www.boxrepsol.com\/es\/motogp\/dani-pedrosa-logra-segunda-pole-position-del-ano\/#primaryimage"},"thumbnailUrl":"https:\/\/www.boxrepsol.com\/wp-content\/uploads\/2022\/08\/Dani-Pedrosa-en-la-Q2-Catalunya2017.jpg","keywords":["MotoGP Catalunya"],"articleSection":["MotoGP"],"inLanguage":"es","potentialAction":[{"@type":"CommentAction","name":"Comment","target":["https:\/\/www.boxrepsol.com\/es\/motogp\/dani-pedrosa-logra-segunda-pole-position-del-ano\/#respond"]}]},{"@type":"WebPage","@id":"https:\/\/www.boxrepsol.com\/es\/motogp\/dani-pedrosa-logra-segunda-pole-position-del-ano\/","url":"https:\/\/www.boxrepsol.com\/es\/motogp\/dani-pedrosa-logra-segunda-pole-position-del-ano\/","name":"Dani Pedrosa logra su segunda \u2018pole position\u2019 del a\u00f1o - Box Repsol","isPartOf":{"@id":"https:\/\/www.boxrepsol.com\/es\/#website"},"primaryImageOfPage":{"@id":"https:\/\/www.boxrepsol.com\/es\/motogp\/dani-pedrosa-logra-segunda-pole-position-del-ano\/#primaryimage"},"image":{"@id":"https:\/\/www.boxrepsol.com\/es\/motogp\/dani-pedrosa-logra-segunda-pole-position-del-ano\/#primaryimage"},"thumbnailUrl":"https:\/\/www.boxrepsol.com\/wp-content\/uploads\/2022\/08\/Dani-Pedrosa-en-la-Q2-Catalunya2017.jpg","datePublished":"2017-06-10T02:00:00+00:00","dateModified":"2024-10-16T12:50:26+00:00","description":"El piloto del equipo Repsol Honda es el m\u00e1s r\u00e1pido de la sesi\u00f3n cronometrada del GP de Catalunya y logra la pole tal y como hizo en Jerez.","breadcrumb":{"@id":"https:\/\/www.boxrepsol.com\/es\/motogp\/dani-pedrosa-logra-segunda-pole-position-del-ano\/#breadcrumb"},"inLanguage":"es","potentialAction":[{"@type":"ReadAction","target":["https:\/\/www.boxrepsol.com\/es\/motogp\/dani-pedrosa-logra-segunda-pole-position-del-ano\/"]}]},{"@type":"ImageObject","inLanguage":"es","@id":"https:\/\/www.boxrepsol.com\/es\/motogp\/dani-pedrosa-logra-segunda-pole-position-del-ano\/#primaryimage","url":"https:\/\/www.boxrepsol.com\/wp-content\/uploads\/2022\/08\/Dani-Pedrosa-en-la-Q2-Catalunya2017.jpg","contentUrl":"https:\/\/www.boxrepsol.com\/wp-content\/uploads\/2022\/08\/Dani-Pedrosa-en-la-Q2-Catalunya2017.jpg","width":995,"height":560,"caption":"Dani Pedrosa, Marc M\u00e1rquez, GP de Catalunya, Montmel\u00f3, MotoGP, Motociclismo, 2017"},{"@type":"BreadcrumbList","@id":"https:\/\/www.boxrepsol.com\/es\/motogp\/dani-pedrosa-logra-segunda-pole-position-del-ano\/#breadcrumb","itemListElement":[{"@type":"ListItem","position":1,"name":"Home","item":"https:\/\/www.boxrepsol.com\/es\/"},{"@type":"ListItem","position":2,"name":"Dani Pedrosa logra su segunda \u2018pole position\u2019 del a\u00f1o"}]},{"@type":"WebSite","@id":"https:\/\/www.boxrepsol.com\/es\/#website","url":"https:\/\/www.boxrepsol.com\/es\/","name":"Box Repsol","description":"Box Repsol Site","publisher":{"@id":"https:\/\/www.boxrepsol.com\/es\/#organization"},"potentialAction":[{"@type":"SearchAction","target":{"@type":"EntryPoint","urlTemplate":"https:\/\/www.boxrepsol.com\/es\/?s={search_term_string}"},"query-input":{"@type":"PropertyValueSpecification","valueRequired":true,"valueName":"search_term_string"}}],"inLanguage":"es"},{"@type":"Organization","@id":"https:\/\/www.boxrepsol.com\/es\/#organization","name":"Box Repsol","url":"https:\/\/www.boxrepsol.com\/es\/","logo":{"@type":"ImageObject","inLanguage":"es","@id":"https:\/\/www.boxrepsol.com\/es\/#\/schema\/logo\/image\/","url":"https:\/\/bxrepsol.s3.eu-west-1.amazonaws.com\/static\/2025\/07\/30083337\/favicon-96x96-1.png","contentUrl":"https:\/\/bxrepsol.s3.eu-west-1.amazonaws.com\/static\/2025\/07\/30083337\/favicon-96x96-1.png","width":96,"height":96,"caption":"Box Repsol"},"image":{"@id":"https:\/\/www.boxrepsol.com\/es\/#\/schema\/logo\/image\/"},"sameAs":["https:\/\/www.facebook.com\/BoxRepsol","https:\/\/x.com\/box_repsol","http:\/\/instagram.com\/box_repsol","https:\/\/www.youtube.com\/user\/RepsolCompeticion","https:\/\/www.flickr.com\/photos\/box_repsol\/"]},{"@type":"Person","@id":"https:\/\/www.boxrepsol.com\/es\/#\/schema\/person\/c5c2138f2cca251b0ad92b7086bb60b7","name":"Redacci\u00f3n Box Repsol","image":{"@type":"ImageObject","inLanguage":"es","@id":"https:\/\/secure.gravatar.com\/avatar\/adf7b77e38b4419baf32c7e9c21dde01f4e40df611f0978e3006fc4ba0aaab7e?s=96&d=mm&r=g","url":"https:\/\/secure.gravatar.com\/avatar\/adf7b77e38b4419baf32c7e9c21dde01f4e40df611f0978e3006fc4ba0aaab7e?s=96&d=mm&r=g","contentUrl":"https:\/\/secure.gravatar.com\/avatar\/adf7b77e38b4419baf32c7e9c21dde01f4e40df611f0978e3006fc4ba0aaab7e?s=96&d=mm&r=g","caption":"Redacci\u00f3n Box Repsol"},"description":"Box Repsol lo forma un equipo de periodistas, community managers, dise\u00f1adores y fot\u00f3grafos con m\u00e1s de 20 a\u00f1os de experiencia en el mundo del motorsport. Hemos vivido el primer mundial de un espa\u00f1ol en la categor\u00eda reina de motociclismo con \u00c1lex Crivill\u00e9, estuvimos en las victorias de Pedrosa y los t\u00edtulos de M\u00e1rquez, acompa\u00f1amos en \u00c1frica a Nani Roma y Marc Coma en sus conquistas del Dakar y hemos vibrado con los t\u00edtulos de Toni Bou en Trial. Adem\u00e1s, en nuestro equipo contamos con expertos en el mundo de las dos y cuatro ruedas tanto de la calle y las carreteras, como de los circuitos. Periodistas que han trabajado en revistas y publicaciones para hacerte llegar desde rutas y consejos de mantenimiento, a curiosidades y trucos de pilotaje.","sameAs":["https:\/\/www.facebook.com\/BoxRepsol\/","https:\/\/www.instagram.com\/box_repsol\/","https:\/\/x.com\/https:\/\/twitter.com\/box_repsol","https:\/\/www.youtube.com\/@Boxrepsol"],"url":"https:\/\/www.boxrepsol.com\/es\/author\/redaccion-box-repsol\/"}]}},"_links":{"self":[{"href":"https:\/\/www.boxrepsol.com\/es\/wp-json\/wp\/v2\/posts\/90402","targetHints":{"allow":["GET"]}}],"collection":[{"href":"https:\/\/www.boxrepsol.com\/es\/wp-json\/wp\/v2\/posts"}],"about":[{"href":"https:\/\/www.boxrepsol.com\/es\/wp-json\/wp\/v2\/types\/post"}],"author":[{"embeddable":true,"href":"https:\/\/www.boxrepsol.com\/es\/wp-json\/wp\/v2\/users\/43146"}],"replies":[{"embeddable":true,"href":"https:\/\/www.boxrepsol.com\/es\/wp-json\/wp\/v2\/comments?post=90402"}],"version-history":[{"count":2,"href":"https:\/\/www.boxrepsol.com\/es\/wp-json\/wp\/v2\/posts\/90402\/revisions"}],"predecessor-version":[{"id":121145,"href":"https:\/\/www.boxrepsol.com\/es\/wp-json\/wp\/v2\/posts\/90402\/revisions\/121145"}],"wp:featuredmedia":[{"embeddable":true,"href":"https:\/\/www.boxrepsol.com\/es\/wp-json\/wp\/v2\/media\/86573"}],"wp:attachment":[{"href":"https:\/\/www.boxrepsol.com\/es\/wp-json\/wp\/v2\/media?parent=90402"}],"wp:term":[{"taxonomy":"category","embeddable":true,"href":"https:\/\/www.boxrepsol.com\/es\/wp-json\/wp\/v2\/categories?post=90402"},{"taxonomy":"post_tag","embeddable":true,"href":"https:\/\/www.boxrepsol.com\/es\/wp-json\/wp\/v2\/tags?post=90402"}],"curies":[{"name":"wp","href":"https:\/\/api.w.org\/{rel}","templated":true}]}}