{"id":90386,"date":"2017-06-09T00:00:00","date_gmt":"2017-06-09T02:00:00","guid":{"rendered":"http:\/\/pre.boxrepsol.com\/sin-categorizar\/vive-el-gran-premio-de-catalunya-como-lo-vive-un-motero\/"},"modified":"2024-05-15T07:32:56","modified_gmt":"2024-05-15T09:32:56","slug":"vive-el-gran-premio-de-catalunya-como-lo-vive-un-motero","status":"publish","type":"post","link":"https:\/\/www.boxrepsol.com\/es\/motogp\/vive-el-gran-premio-de-catalunya-como-lo-vive-un-motero\/","title":{"rendered":"Vive el Gran Premio de Catalunya como lo vive un motero"},"content":{"rendered":"<p><strong>El Gran Premio de Catalunya es el fin de semana del 9 al 11 de junio 2017<\/strong>&nbsp;y est\u00e1 grabado en letras de oro en el \u00e1nimo de miles de moteros que se dirigir\u00e1n, como cada a\u00f1o, al <strong>Circuit de Barcelona-Catalunya<\/strong>.<\/p>\n<p>M\u00e1s all\u00e1 de las carreras a celebrar en la pista popularmente llamada \u201c<strong>de Montmel\u00f3<\/strong>\u201d, el \u201cCircuit\u201d organiza una serie de actividades complementarias: propuestas gastron\u00f3micas, l\u00fadicas, culturales \u2014y por supuesto deportivas\u2014, que contribuyen a hacer del <strong>Gran Premio de Catalunya de MotoGP<\/strong> una experiencia completa.<\/p>\n<p>&nbsp;<\/p>\n<p>Por ejemplo, los miles de aficionados que dispongan de entrada para los tres d\u00edas, podr\u00e1n visitar el Pit Lane del \u201cCircuit\u201d en el llamado \u201cpit walk\u201d. Entre las 17 y las 18.30 horas del viernes, ver\u00e1n de cerca a pilotos como <strong>Dani Pedrosa<\/strong> y <strong>Marc M\u00e1rquez<\/strong> adem\u00e1s de toda la actividad en boxes de los mec\u00e1nicos del <strong>Equipo Repsol Honda<\/strong> y del resto de participantes.<\/p>\n<p>El s\u00e1bado a las 18 horas, la pista catalana ofrecer\u00e1 a 500 espectadores la oportunidad de realizar una vuelta completa al circuito con su moto a baja velocidad.<\/p>\n<div id=\"attachment_7860\" style=\"width: 714px\" class=\"wp-caption aligncenter\"><img loading=\"lazy\" decoding=\"async\" aria-describedby=\"caption-attachment-7860\" src=\"https:\/\/bxrepsol.s3.eu-west-1.amazonaws.com\/static\/2022\/08\/29072025\/gran_ambiente_motero_en_el_gp_de_catalunya_2_flickr_maria_moreno-2.png\" alt=\"\" width=\"704\" height=\"390\"><p id=\"caption-attachment-7860\" class=\"wp-caption-text\">Foto: Mar\u00eda Moreno | Flickr<\/p><\/div>\n<p>Guiados por un coche de seguridad, completar\u00e1n una vuelta al trazado y una pasada por la recta principal, justo despu\u00e9s de que los mundialistas se hayan jugado las poles en las respectivas sesiones de clasificaci\u00f3n.<\/p>\n<p>En los tres d\u00edas del GP, justo al lado de la Tribuna I del circuito, y con la colaboraci\u00f3n del \u201cGremi de Restauraci\u00f3 de Granollers\u201d, se celebrar\u00e1 \u201c<strong>Tapas GP<\/strong>\u201d, una propuesta que trata de potenciar la gastronom\u00eda mediterr\u00e1nea a base de las t\u00edpicas tapas y peque\u00f1os platillos.<\/p>\n<div id=\"attachment_7862\" style=\"width: 714px\" class=\"wp-caption aligncenter\"><img loading=\"lazy\" decoding=\"async\" aria-describedby=\"caption-attachment-7862\" src=\"https:\/\/bxrepsol.s3.eu-west-1.amazonaws.com\/static\/2022\/08\/29072025\/gran_ambiente_motero_en_el_gp_de_catalunya_3_flickr_Javi_Vte_Rejas-2.png\" alt=\"\" width=\"704\" height=\"401\"><p id=\"caption-attachment-7862\" class=\"wp-caption-text\">Foto: Javi Vicente Rejas | Flickr<\/p><\/div>\n<p>Adem\u00e1s, los aficionados podr\u00e1n disfrutar de animaciones diversas en las zonas de p\u00fablico, con actividades para todas las edades: batucada, DJ, concierto de Hotel Cochambre, simuladores de conducci\u00f3n, circuitos para ni\u00f1os.<\/p>\n<div id=\"attachment_7864\" style=\"width: 714px\" class=\"wp-caption aligncenter\"><img loading=\"lazy\" decoding=\"async\" aria-describedby=\"caption-attachment-7864\" src=\"https:\/\/bxrepsol.s3.eu-west-1.amazonaws.com\/static\/2022\/08\/29072026\/gran_ambiente_motero_en_el_gp_de_catalunya_4_flickr_Ajuntament_Esplugues_de_Llobregat-2.png\" alt=\"\" width=\"704\" height=\"395\"><p id=\"caption-attachment-7864\" class=\"wp-caption-text\">Foto: Ajuntament de Esplugues | Flickr<\/p><\/div>\n<p>Por supuesto, buena parte del atractivo del \u201c<strong>Gran Premi de Catalunya<\/strong>\u201d reside en su cercan\u00eda ya que est\u00e1 a 25 kil\u00f3metros de la capital catalana. Y eso supone un atractivo tur\u00edstico a\u00f1adido de primer orden mundial.<\/p>\n<p>Muchos aficionados aprovechar\u00e1n la oferta hotelera de la ciudad para alojarse en ella, pero ello no impide que se llenen tambi\u00e9n las plazas disponibles en la cercana Granollers y alrededores, y que muchos asistentes prefieran la opci\u00f3n econ\u00f3mica de alojarse en el \u201cCamping Montmel\u00f3\u201d, en la zona de acampada situada al lado del \u201c<strong>Circuit<\/strong>\u201d.<\/p>\n<div id=\"attachment_7866\" style=\"width: 714px\" class=\"wp-caption aligncenter\"><img loading=\"lazy\" decoding=\"async\" aria-describedby=\"caption-attachment-7866\" src=\"https:\/\/bxrepsol.s3.eu-west-1.amazonaws.com\/static\/2022\/08\/29072027\/gran_ambiente_motero_en_el_gp_de_catalunya_5_flickr_Mariya-Prokopyuk-2.png\" alt=\"\" width=\"704\" height=\"395\"><p id=\"caption-attachment-7866\" class=\"wp-caption-text\">Foto: Mariya Prokopyuk | Flickr<\/p><\/div>\n<p>Y por supuesto, adem\u00e1s de la acci\u00f3n en la pista, durante todo el fin de semana del \u201c<strong>GP de Catalunya<\/strong>\u201d los aficionados podr\u00e1n disfrutar de un genuino ambiente motero tanto en las calles del propio <strong>Montmel\u00f3<\/strong> como en la capital de la comarca del Vall\u00e8s, donde se celebra el \u201c<strong>Festival del Motor de Granollers<\/strong>\u201d.<\/p>\n<p>&nbsp;<\/p>\n","protected":false},"excerpt":{"rendered":"<p>El Gran Premio de Catalunya es el fin de semana del 9 al 11 de junio 2017&nbsp;y est\u00e1 grabado en letras de oro en el \u00e1nimo de miles de moteros que se dirigir\u00e1n, como cada a\u00f1o, al Circuit de Barcelona-Catalunya. M\u00e1s all\u00e1 de las carreras a celebrar en la pista popularmente llamada \u201cde Montmel\u00f3\u201d, el [&hellip;]<\/p>\n","protected":false},"author":43146,"featured_media":90388,"comment_status":"open","ping_status":"open","sticky":false,"template":"","format":"standard","meta":{"footnotes":""},"categories":[4],"tags":[125],"class_list":["post-90386","post","type-post","status-publish","format-standard","hentry","category-motogp","tag-vida-motera"],"yoast_head":"<!-- This site is optimized with the Yoast SEO plugin v27.3 - https:\/\/yoast.com\/product\/yoast-seo-wordpress\/ -->\n<title>Vive el Gran Premio de Catalunya como un autentico motero - Box Repsol<\/title>\n<meta name=\"description\" content=\"El fin de semana del 9 al 11 de junio 2017 est\u00e1 grabado en letras de oro en el \u00e1nimo de miles de moteros que se dirigir\u00e1n, como cada a\u00f1o, al Circuit\" \/>\n<link rel=\"canonical\" href=\"https:\/\/www.boxrepsol.com\/es\/motogp\/vive-el-gran-premio-de-catalunya-como-lo-vive-un-motero\/\" \/>\n<meta property=\"og:locale\" content=\"es_ES\" \/>\n<meta property=\"og:type\" content=\"article\" \/>\n<meta property=\"og:title\" content=\"Vive el Gran Premio de Catalunya como un autentico motero - Box Repsol\" \/>\n<meta property=\"og:description\" content=\"El fin de semana del 9 al 11 de junio 2017 est\u00e1 grabado en letras de oro en el \u00e1nimo de miles de moteros que se dirigir\u00e1n, como cada a\u00f1o, al Circuit\" \/>\n<meta property=\"og:url\" content=\"https:\/\/www.boxrepsol.com\/es\/motogp\/vive-el-gran-premio-de-catalunya-como-lo-vive-un-motero\/\" \/>\n<meta property=\"og:site_name\" content=\"Box Repsol\" \/>\n<meta property=\"article:publisher\" content=\"https:\/\/www.facebook.com\/BoxRepsol\" \/>\n<meta property=\"article:author\" content=\"https:\/\/www.facebook.com\/BoxRepsol\/\" \/>\n<meta property=\"article:published_time\" content=\"2017-06-09T02:00:00+00:00\" \/>\n<meta property=\"article:modified_time\" content=\"2024-05-15T09:32:56+00:00\" \/>\n<meta property=\"og:image\" content=\"https:\/\/bxrepsol.s3.eu-west-1.amazonaws.com\/static\/2023\/02\/24095252\/gran_ambiente_motero_en_el_gp_de_catalunya_header.png\" \/>\n\t<meta property=\"og:image:width\" content=\"986\" \/>\n\t<meta property=\"og:image:height\" content=\"555\" \/>\n\t<meta property=\"og:image:type\" content=\"image\/png\" \/>\n<meta name=\"author\" content=\"Redacci\u00f3n Box Repsol\" \/>\n<meta name=\"twitter:card\" content=\"summary_large_image\" \/>\n<meta name=\"twitter:creator\" content=\"@https:\/\/twitter.com\/box_repsol\" \/>\n<meta name=\"twitter:site\" content=\"@box_repsol\" \/>\n<meta name=\"twitter:label1\" content=\"Written by\" \/>\n\t<meta name=\"twitter:data1\" content=\"Redacci\u00f3n Box Repsol\" \/>\n\t<meta name=\"twitter:label2\" content=\"Est. reading time\" \/>\n\t<meta name=\"twitter:data2\" content=\"3 minutos\" \/>\n<script type=\"application\/ld+json\" class=\"yoast-schema-graph\">{\"@context\":\"https:\\\/\\\/schema.org\",\"@graph\":[{\"@type\":\"Article\",\"@id\":\"https:\\\/\\\/www.boxrepsol.com\\\/es\\\/motogp\\\/vive-el-gran-premio-de-catalunya-como-lo-vive-un-motero\\\/#article\",\"isPartOf\":{\"@id\":\"https:\\\/\\\/www.boxrepsol.com\\\/es\\\/motogp\\\/vive-el-gran-premio-de-catalunya-como-lo-vive-un-motero\\\/\"},\"author\":{\"name\":\"Redacci\u00f3n Box Repsol\",\"@id\":\"https:\\\/\\\/www.boxrepsol.com\\\/es\\\/#\\\/schema\\\/person\\\/c5c2138f2cca251b0ad92b7086bb60b7\"},\"headline\":\"Vive el Gran Premio de Catalunya como lo vive un motero\",\"datePublished\":\"2017-06-09T02:00:00+00:00\",\"dateModified\":\"2024-05-15T09:32:56+00:00\",\"mainEntityOfPage\":{\"@id\":\"https:\\\/\\\/www.boxrepsol.com\\\/es\\\/motogp\\\/vive-el-gran-premio-de-catalunya-como-lo-vive-un-motero\\\/\"},\"wordCount\":526,\"commentCount\":0,\"publisher\":{\"@id\":\"https:\\\/\\\/www.boxrepsol.com\\\/es\\\/#organization\"},\"image\":{\"@id\":\"https:\\\/\\\/www.boxrepsol.com\\\/es\\\/motogp\\\/vive-el-gran-premio-de-catalunya-como-lo-vive-un-motero\\\/#primaryimage\"},\"thumbnailUrl\":\"https:\\\/\\\/bxrepsol.s3.eu-west-1.amazonaws.com\\\/static\\\/2023\\\/02\\\/24095252\\\/gran_ambiente_motero_en_el_gp_de_catalunya_header.png\",\"keywords\":[\"vida motera\"],\"articleSection\":[\"MotoGP\"],\"inLanguage\":\"es\",\"potentialAction\":[{\"@type\":\"CommentAction\",\"name\":\"Comment\",\"target\":[\"https:\\\/\\\/www.boxrepsol.com\\\/es\\\/motogp\\\/vive-el-gran-premio-de-catalunya-como-lo-vive-un-motero\\\/#respond\"]}]},{\"@type\":\"WebPage\",\"@id\":\"https:\\\/\\\/www.boxrepsol.com\\\/es\\\/motogp\\\/vive-el-gran-premio-de-catalunya-como-lo-vive-un-motero\\\/\",\"url\":\"https:\\\/\\\/www.boxrepsol.com\\\/es\\\/motogp\\\/vive-el-gran-premio-de-catalunya-como-lo-vive-un-motero\\\/\",\"name\":\"Vive el Gran Premio de Catalunya como un autentico motero - Box Repsol\",\"isPartOf\":{\"@id\":\"https:\\\/\\\/www.boxrepsol.com\\\/es\\\/#website\"},\"primaryImageOfPage\":{\"@id\":\"https:\\\/\\\/www.boxrepsol.com\\\/es\\\/motogp\\\/vive-el-gran-premio-de-catalunya-como-lo-vive-un-motero\\\/#primaryimage\"},\"image\":{\"@id\":\"https:\\\/\\\/www.boxrepsol.com\\\/es\\\/motogp\\\/vive-el-gran-premio-de-catalunya-como-lo-vive-un-motero\\\/#primaryimage\"},\"thumbnailUrl\":\"https:\\\/\\\/bxrepsol.s3.eu-west-1.amazonaws.com\\\/static\\\/2023\\\/02\\\/24095252\\\/gran_ambiente_motero_en_el_gp_de_catalunya_header.png\",\"datePublished\":\"2017-06-09T02:00:00+00:00\",\"dateModified\":\"2024-05-15T09:32:56+00:00\",\"description\":\"El fin de semana del 9 al 11 de junio 2017 est\u00e1 grabado en letras de oro en el \u00e1nimo de miles de moteros que se dirigir\u00e1n, como cada a\u00f1o, al Circuit\",\"breadcrumb\":{\"@id\":\"https:\\\/\\\/www.boxrepsol.com\\\/es\\\/motogp\\\/vive-el-gran-premio-de-catalunya-como-lo-vive-un-motero\\\/#breadcrumb\"},\"inLanguage\":\"es\",\"potentialAction\":[{\"@type\":\"ReadAction\",\"target\":[\"https:\\\/\\\/www.boxrepsol.com\\\/es\\\/motogp\\\/vive-el-gran-premio-de-catalunya-como-lo-vive-un-motero\\\/\"]}]},{\"@type\":\"ImageObject\",\"inLanguage\":\"es\",\"@id\":\"https:\\\/\\\/www.boxrepsol.com\\\/es\\\/motogp\\\/vive-el-gran-premio-de-catalunya-como-lo-vive-un-motero\\\/#primaryimage\",\"url\":\"https:\\\/\\\/bxrepsol.s3.eu-west-1.amazonaws.com\\\/static\\\/2023\\\/02\\\/24095252\\\/gran_ambiente_motero_en_el_gp_de_catalunya_header.png\",\"contentUrl\":\"https:\\\/\\\/bxrepsol.s3.eu-west-1.amazonaws.com\\\/static\\\/2023\\\/02\\\/24095252\\\/gran_ambiente_motero_en_el_gp_de_catalunya_header.png\",\"width\":986,\"height\":555,\"caption\":\"Fans con banderas del 26 en las gradas\"},{\"@type\":\"BreadcrumbList\",\"@id\":\"https:\\\/\\\/www.boxrepsol.com\\\/es\\\/motogp\\\/vive-el-gran-premio-de-catalunya-como-lo-vive-un-motero\\\/#breadcrumb\",\"itemListElement\":[{\"@type\":\"ListItem\",\"position\":1,\"name\":\"Home\",\"item\":\"https:\\\/\\\/www.boxrepsol.com\\\/es\\\/\"},{\"@type\":\"ListItem\",\"position\":2,\"name\":\"Vive el Gran Premio de Catalunya como lo vive un motero\"}]},{\"@type\":\"WebSite\",\"@id\":\"https:\\\/\\\/www.boxrepsol.com\\\/es\\\/#website\",\"url\":\"https:\\\/\\\/www.boxrepsol.com\\\/es\\\/\",\"name\":\"Box Repsol\",\"description\":\"Box Repsol Site\",\"publisher\":{\"@id\":\"https:\\\/\\\/www.boxrepsol.com\\\/es\\\/#organization\"},\"potentialAction\":[{\"@type\":\"SearchAction\",\"target\":{\"@type\":\"EntryPoint\",\"urlTemplate\":\"https:\\\/\\\/www.boxrepsol.com\\\/es\\\/?s={search_term_string}\"},\"query-input\":{\"@type\":\"PropertyValueSpecification\",\"valueRequired\":true,\"valueName\":\"search_term_string\"}}],\"inLanguage\":\"es\"},{\"@type\":\"Organization\",\"@id\":\"https:\\\/\\\/www.boxrepsol.com\\\/es\\\/#organization\",\"name\":\"Box Repsol\",\"url\":\"https:\\\/\\\/www.boxrepsol.com\\\/es\\\/\",\"logo\":{\"@type\":\"ImageObject\",\"inLanguage\":\"es\",\"@id\":\"https:\\\/\\\/www.boxrepsol.com\\\/es\\\/#\\\/schema\\\/logo\\\/image\\\/\",\"url\":\"https:\\\/\\\/bxrepsol.s3.eu-west-1.amazonaws.com\\\/static\\\/2025\\\/07\\\/30083337\\\/favicon-96x96-1.png\",\"contentUrl\":\"https:\\\/\\\/bxrepsol.s3.eu-west-1.amazonaws.com\\\/static\\\/2025\\\/07\\\/30083337\\\/favicon-96x96-1.png\",\"width\":96,\"height\":96,\"caption\":\"Box Repsol\"},\"image\":{\"@id\":\"https:\\\/\\\/www.boxrepsol.com\\\/es\\\/#\\\/schema\\\/logo\\\/image\\\/\"},\"sameAs\":[\"https:\\\/\\\/www.facebook.com\\\/BoxRepsol\",\"https:\\\/\\\/x.com\\\/box_repsol\",\"http:\\\/\\\/instagram.com\\\/box_repsol\",\"https:\\\/\\\/www.youtube.com\\\/user\\\/RepsolCompeticion\",\"https:\\\/\\\/www.flickr.com\\\/photos\\\/box_repsol\\\/\"]},{\"@type\":\"Person\",\"@id\":\"https:\\\/\\\/www.boxrepsol.com\\\/es\\\/#\\\/schema\\\/person\\\/c5c2138f2cca251b0ad92b7086bb60b7\",\"name\":\"Redacci\u00f3n Box Repsol\",\"image\":{\"@type\":\"ImageObject\",\"inLanguage\":\"es\",\"@id\":\"https:\\\/\\\/secure.gravatar.com\\\/avatar\\\/adf7b77e38b4419baf32c7e9c21dde01f4e40df611f0978e3006fc4ba0aaab7e?s=96&d=mm&r=g\",\"url\":\"https:\\\/\\\/secure.gravatar.com\\\/avatar\\\/adf7b77e38b4419baf32c7e9c21dde01f4e40df611f0978e3006fc4ba0aaab7e?s=96&d=mm&r=g\",\"contentUrl\":\"https:\\\/\\\/secure.gravatar.com\\\/avatar\\\/adf7b77e38b4419baf32c7e9c21dde01f4e40df611f0978e3006fc4ba0aaab7e?s=96&d=mm&r=g\",\"caption\":\"Redacci\u00f3n Box Repsol\"},\"description\":\"Box Repsol lo forma un equipo de periodistas, community managers, dise\u00f1adores y fot\u00f3grafos con m\u00e1s de 20 a\u00f1os de experiencia en el mundo del motorsport. Hemos vivido el primer mundial de un espa\u00f1ol en la categor\u00eda reina de motociclismo con \u00c1lex Crivill\u00e9, estuvimos en las victorias de Pedrosa y los t\u00edtulos de M\u00e1rquez, acompa\u00f1amos en \u00c1frica a Nani Roma y Marc Coma en sus conquistas del Dakar y hemos vibrado con los t\u00edtulos de Toni Bou en Trial. Adem\u00e1s, en nuestro equipo contamos con expertos en el mundo de las dos y cuatro ruedas tanto de la calle y las carreteras, como de los circuitos. Periodistas que han trabajado en revistas y publicaciones para hacerte llegar desde rutas y consejos de mantenimiento, a curiosidades y trucos de pilotaje.\",\"sameAs\":[\"https:\\\/\\\/www.facebook.com\\\/BoxRepsol\\\/\",\"https:\\\/\\\/www.instagram.com\\\/box_repsol\\\/\",\"https:\\\/\\\/x.com\\\/https:\\\/\\\/twitter.com\\\/box_repsol\",\"https:\\\/\\\/www.youtube.com\\\/@Boxrepsol\"],\"url\":\"https:\\\/\\\/www.boxrepsol.com\\\/es\\\/author\\\/redaccion-box-repsol\\\/\"}]}<\/script>\n<!-- \/ Yoast SEO plugin. -->","yoast_head_json":{"title":"Vive el Gran Premio de Catalunya como un autentico motero - Box Repsol","description":"El fin de semana del 9 al 11 de junio 2017 est\u00e1 grabado en letras de oro en el \u00e1nimo de miles de moteros que se dirigir\u00e1n, como cada a\u00f1o, al Circuit","canonical":"https:\/\/www.boxrepsol.com\/es\/motogp\/vive-el-gran-premio-de-catalunya-como-lo-vive-un-motero\/","og_locale":"es_ES","og_type":"article","og_title":"Vive el Gran Premio de Catalunya como un autentico motero - Box Repsol","og_description":"El fin de semana del 9 al 11 de junio 2017 est\u00e1 grabado en letras de oro en el \u00e1nimo de miles de moteros que se dirigir\u00e1n, como cada a\u00f1o, al Circuit","og_url":"https:\/\/www.boxrepsol.com\/es\/motogp\/vive-el-gran-premio-de-catalunya-como-lo-vive-un-motero\/","og_site_name":"Box Repsol","article_publisher":"https:\/\/www.facebook.com\/BoxRepsol","article_author":"https:\/\/www.facebook.com\/BoxRepsol\/","article_published_time":"2017-06-09T02:00:00+00:00","article_modified_time":"2024-05-15T09:32:56+00:00","og_image":[{"width":986,"height":555,"url":"https:\/\/bxrepsol.s3.eu-west-1.amazonaws.com\/static\/2023\/02\/24095252\/gran_ambiente_motero_en_el_gp_de_catalunya_header.png","type":"image\/png"}],"author":"Redacci\u00f3n Box Repsol","twitter_card":"summary_large_image","twitter_creator":"@https:\/\/twitter.com\/box_repsol","twitter_site":"@box_repsol","twitter_misc":{"Written by":"Redacci\u00f3n Box Repsol","Est. reading time":"3 minutos"},"schema":{"@context":"https:\/\/schema.org","@graph":[{"@type":"Article","@id":"https:\/\/www.boxrepsol.com\/es\/motogp\/vive-el-gran-premio-de-catalunya-como-lo-vive-un-motero\/#article","isPartOf":{"@id":"https:\/\/www.boxrepsol.com\/es\/motogp\/vive-el-gran-premio-de-catalunya-como-lo-vive-un-motero\/"},"author":{"name":"Redacci\u00f3n Box Repsol","@id":"https:\/\/www.boxrepsol.com\/es\/#\/schema\/person\/c5c2138f2cca251b0ad92b7086bb60b7"},"headline":"Vive el Gran Premio de Catalunya como lo vive un motero","datePublished":"2017-06-09T02:00:00+00:00","dateModified":"2024-05-15T09:32:56+00:00","mainEntityOfPage":{"@id":"https:\/\/www.boxrepsol.com\/es\/motogp\/vive-el-gran-premio-de-catalunya-como-lo-vive-un-motero\/"},"wordCount":526,"commentCount":0,"publisher":{"@id":"https:\/\/www.boxrepsol.com\/es\/#organization"},"image":{"@id":"https:\/\/www.boxrepsol.com\/es\/motogp\/vive-el-gran-premio-de-catalunya-como-lo-vive-un-motero\/#primaryimage"},"thumbnailUrl":"https:\/\/bxrepsol.s3.eu-west-1.amazonaws.com\/static\/2023\/02\/24095252\/gran_ambiente_motero_en_el_gp_de_catalunya_header.png","keywords":["vida motera"],"articleSection":["MotoGP"],"inLanguage":"es","potentialAction":[{"@type":"CommentAction","name":"Comment","target":["https:\/\/www.boxrepsol.com\/es\/motogp\/vive-el-gran-premio-de-catalunya-como-lo-vive-un-motero\/#respond"]}]},{"@type":"WebPage","@id":"https:\/\/www.boxrepsol.com\/es\/motogp\/vive-el-gran-premio-de-catalunya-como-lo-vive-un-motero\/","url":"https:\/\/www.boxrepsol.com\/es\/motogp\/vive-el-gran-premio-de-catalunya-como-lo-vive-un-motero\/","name":"Vive el Gran Premio de Catalunya como un autentico motero - Box Repsol","isPartOf":{"@id":"https:\/\/www.boxrepsol.com\/es\/#website"},"primaryImageOfPage":{"@id":"https:\/\/www.boxrepsol.com\/es\/motogp\/vive-el-gran-premio-de-catalunya-como-lo-vive-un-motero\/#primaryimage"},"image":{"@id":"https:\/\/www.boxrepsol.com\/es\/motogp\/vive-el-gran-premio-de-catalunya-como-lo-vive-un-motero\/#primaryimage"},"thumbnailUrl":"https:\/\/bxrepsol.s3.eu-west-1.amazonaws.com\/static\/2023\/02\/24095252\/gran_ambiente_motero_en_el_gp_de_catalunya_header.png","datePublished":"2017-06-09T02:00:00+00:00","dateModified":"2024-05-15T09:32:56+00:00","description":"El fin de semana del 9 al 11 de junio 2017 est\u00e1 grabado en letras de oro en el \u00e1nimo de miles de moteros que se dirigir\u00e1n, como cada a\u00f1o, al Circuit","breadcrumb":{"@id":"https:\/\/www.boxrepsol.com\/es\/motogp\/vive-el-gran-premio-de-catalunya-como-lo-vive-un-motero\/#breadcrumb"},"inLanguage":"es","potentialAction":[{"@type":"ReadAction","target":["https:\/\/www.boxrepsol.com\/es\/motogp\/vive-el-gran-premio-de-catalunya-como-lo-vive-un-motero\/"]}]},{"@type":"ImageObject","inLanguage":"es","@id":"https:\/\/www.boxrepsol.com\/es\/motogp\/vive-el-gran-premio-de-catalunya-como-lo-vive-un-motero\/#primaryimage","url":"https:\/\/bxrepsol.s3.eu-west-1.amazonaws.com\/static\/2023\/02\/24095252\/gran_ambiente_motero_en_el_gp_de_catalunya_header.png","contentUrl":"https:\/\/bxrepsol.s3.eu-west-1.amazonaws.com\/static\/2023\/02\/24095252\/gran_ambiente_motero_en_el_gp_de_catalunya_header.png","width":986,"height":555,"caption":"Fans con banderas del 26 en las gradas"},{"@type":"BreadcrumbList","@id":"https:\/\/www.boxrepsol.com\/es\/motogp\/vive-el-gran-premio-de-catalunya-como-lo-vive-un-motero\/#breadcrumb","itemListElement":[{"@type":"ListItem","position":1,"name":"Home","item":"https:\/\/www.boxrepsol.com\/es\/"},{"@type":"ListItem","position":2,"name":"Vive el Gran Premio de Catalunya como lo vive un motero"}]},{"@type":"WebSite","@id":"https:\/\/www.boxrepsol.com\/es\/#website","url":"https:\/\/www.boxrepsol.com\/es\/","name":"Box Repsol","description":"Box Repsol Site","publisher":{"@id":"https:\/\/www.boxrepsol.com\/es\/#organization"},"potentialAction":[{"@type":"SearchAction","target":{"@type":"EntryPoint","urlTemplate":"https:\/\/www.boxrepsol.com\/es\/?s={search_term_string}"},"query-input":{"@type":"PropertyValueSpecification","valueRequired":true,"valueName":"search_term_string"}}],"inLanguage":"es"},{"@type":"Organization","@id":"https:\/\/www.boxrepsol.com\/es\/#organization","name":"Box Repsol","url":"https:\/\/www.boxrepsol.com\/es\/","logo":{"@type":"ImageObject","inLanguage":"es","@id":"https:\/\/www.boxrepsol.com\/es\/#\/schema\/logo\/image\/","url":"https:\/\/bxrepsol.s3.eu-west-1.amazonaws.com\/static\/2025\/07\/30083337\/favicon-96x96-1.png","contentUrl":"https:\/\/bxrepsol.s3.eu-west-1.amazonaws.com\/static\/2025\/07\/30083337\/favicon-96x96-1.png","width":96,"height":96,"caption":"Box Repsol"},"image":{"@id":"https:\/\/www.boxrepsol.com\/es\/#\/schema\/logo\/image\/"},"sameAs":["https:\/\/www.facebook.com\/BoxRepsol","https:\/\/x.com\/box_repsol","http:\/\/instagram.com\/box_repsol","https:\/\/www.youtube.com\/user\/RepsolCompeticion","https:\/\/www.flickr.com\/photos\/box_repsol\/"]},{"@type":"Person","@id":"https:\/\/www.boxrepsol.com\/es\/#\/schema\/person\/c5c2138f2cca251b0ad92b7086bb60b7","name":"Redacci\u00f3n Box Repsol","image":{"@type":"ImageObject","inLanguage":"es","@id":"https:\/\/secure.gravatar.com\/avatar\/adf7b77e38b4419baf32c7e9c21dde01f4e40df611f0978e3006fc4ba0aaab7e?s=96&d=mm&r=g","url":"https:\/\/secure.gravatar.com\/avatar\/adf7b77e38b4419baf32c7e9c21dde01f4e40df611f0978e3006fc4ba0aaab7e?s=96&d=mm&r=g","contentUrl":"https:\/\/secure.gravatar.com\/avatar\/adf7b77e38b4419baf32c7e9c21dde01f4e40df611f0978e3006fc4ba0aaab7e?s=96&d=mm&r=g","caption":"Redacci\u00f3n Box Repsol"},"description":"Box Repsol lo forma un equipo de periodistas, community managers, dise\u00f1adores y fot\u00f3grafos con m\u00e1s de 20 a\u00f1os de experiencia en el mundo del motorsport. Hemos vivido el primer mundial de un espa\u00f1ol en la categor\u00eda reina de motociclismo con \u00c1lex Crivill\u00e9, estuvimos en las victorias de Pedrosa y los t\u00edtulos de M\u00e1rquez, acompa\u00f1amos en \u00c1frica a Nani Roma y Marc Coma en sus conquistas del Dakar y hemos vibrado con los t\u00edtulos de Toni Bou en Trial. Adem\u00e1s, en nuestro equipo contamos con expertos en el mundo de las dos y cuatro ruedas tanto de la calle y las carreteras, como de los circuitos. Periodistas que han trabajado en revistas y publicaciones para hacerte llegar desde rutas y consejos de mantenimiento, a curiosidades y trucos de pilotaje.","sameAs":["https:\/\/www.facebook.com\/BoxRepsol\/","https:\/\/www.instagram.com\/box_repsol\/","https:\/\/x.com\/https:\/\/twitter.com\/box_repsol","https:\/\/www.youtube.com\/@Boxrepsol"],"url":"https:\/\/www.boxrepsol.com\/es\/author\/redaccion-box-repsol\/"}]}},"_links":{"self":[{"href":"https:\/\/www.boxrepsol.com\/es\/wp-json\/wp\/v2\/posts\/90386","targetHints":{"allow":["GET"]}}],"collection":[{"href":"https:\/\/www.boxrepsol.com\/es\/wp-json\/wp\/v2\/posts"}],"about":[{"href":"https:\/\/www.boxrepsol.com\/es\/wp-json\/wp\/v2\/types\/post"}],"author":[{"embeddable":true,"href":"https:\/\/www.boxrepsol.com\/es\/wp-json\/wp\/v2\/users\/43146"}],"replies":[{"embeddable":true,"href":"https:\/\/www.boxrepsol.com\/es\/wp-json\/wp\/v2\/comments?post=90386"}],"version-history":[{"count":2,"href":"https:\/\/www.boxrepsol.com\/es\/wp-json\/wp\/v2\/posts\/90386\/revisions"}],"predecessor-version":[{"id":110883,"href":"https:\/\/www.boxrepsol.com\/es\/wp-json\/wp\/v2\/posts\/90386\/revisions\/110883"}],"wp:featuredmedia":[{"embeddable":true,"href":"https:\/\/www.boxrepsol.com\/es\/wp-json\/wp\/v2\/media\/90388"}],"wp:attachment":[{"href":"https:\/\/www.boxrepsol.com\/es\/wp-json\/wp\/v2\/media?parent=90386"}],"wp:term":[{"taxonomy":"category","embeddable":true,"href":"https:\/\/www.boxrepsol.com\/es\/wp-json\/wp\/v2\/categories?post=90386"},{"taxonomy":"post_tag","embeddable":true,"href":"https:\/\/www.boxrepsol.com\/es\/wp-json\/wp\/v2\/tags?post=90386"}],"curies":[{"name":"wp","href":"https:\/\/api.w.org\/{rel}","templated":true}]}}