{"id":90378,"date":"2020-09-22T00:00:00","date_gmt":"2020-09-22T02:00:00","guid":{"rendered":"http:\/\/pre.boxrepsol.com\/sin-categorizar\/las-16-curiosidades-del-circuito-montmelo\/"},"modified":"2024-10-09T14:02:49","modified_gmt":"2024-10-09T16:02:49","slug":"las-16-curiosidades-del-circuito-montmelo","status":"publish","type":"post","link":"https:\/\/www.boxrepsol.com\/es\/motogp\/las-16-curiosidades-del-circuito-montmelo\/","title":{"rendered":"Las 16 curiosidades del circuito de Montmel\u00f3"},"content":{"rendered":"\n<blockquote class=\"wp-block-quote is-layout-flow wp-block-quote-is-layout-flow\">\n<p>Durante los Juegos Ol\u00edmpicos de Barcelona\u201892, el circuito fue el punto de partida y la llegada de la prueba de 100 kil\u00f3metros contrarreloj por equipos de ciclismo en ruta.<\/p>\n<\/blockquote>\n\n\n\n<p><strong>Te subimos a la Honda de Marc M\u00e1rquez para dar una vuelta al trazado barcelon\u00e9s.<\/strong><\/p>\n\n\n\n<p><strong>1)<\/strong> El circuito de <a href=\"https:\/\/es.wikipedia.org\/wiki\/Circuito_de_Barcelona-Catalu%C3%B1a\" target=\"_blank\" rel=\"noreferrer noopener\">Barcelona-Catalunya<\/a> se inaugur\u00f3 el 10 de septiembre de 1991 y s\u00f3lo 19 d\u00edas despu\u00e9s acogi\u00f3 su primer Gran Premio de F\u00f3rmula 1.<\/p>\n\n\n\n<p><strong>2)<\/strong> Celebr\u00f3 su primer GP de motociclismo en 1992, bajo el nombre de Gran Premio de Europa, una denominaci\u00f3n que mantuvo hasta 1995, cuando se llam\u00f3 por primera vez Gran Premio de Catalunya.<\/p>\n\n\n\n<p><strong>3)<\/strong> Est\u00e1 ubicado en el <a href=\"https:\/\/www.guiarepsol.com\/es\/turismo\/localidades\/2767-montmelo\/\" target=\"_blank\" rel=\"noreferrer noopener\">municipio de Montmel\u00f3<\/a> y sustituy\u00f3 al circuito de Montju\u00efc, un trazado urbano que discurre por la famosa colina de Barcelona y por el que hoy todav\u00eda se puede circular. La tradici\u00f3n motociclista est\u00e1 muy arraigada en Catalu\u00f1a, como demuestra que ya en los a\u00f1os treinta se celebraban en Montju\u00efc las primeras ediciones del Gran Premio de Barcelona de motociclismo. Tanto es as\u00ed, que este circuito acogi\u00f3 pruebas del Mundial de Motociclismo y de F\u00f3rmula 1 hasta mediados de los a\u00f1os setenta.<\/p>\n\n\n\n<p><strong>4)<\/strong> Una tradici\u00f3n consolidada por la importancia del sector de la moto, que sobrevivi\u00f3 hasta los a\u00f1os ochenta. Precursores como Villalb\u00ed, SG o Patria abrieron un camino que siguieron Sanglas, Montesa, Bultaco, Ossa, Clua, Rieju o Derbi, y hasta m\u00e1s de un centenar de peque\u00f1os fabricantes que surgieron durante la autarqu\u00eda econ\u00f3mica de los inicios del franquismo.<\/p>\n\n\n\n<p><strong>5)<\/strong> En la colina situada a la derecha de la curva 7, se encuentra La Moreneta, una antigua mas\u00eda que ya exist\u00eda antes de que se construyese el circuito y que actualmente acoge sus oficinas.<\/p>\n\n\n\n<p><strong>6)<\/strong> Cuando se proyect\u00f3 su construcci\u00f3n, fue pionero en Espa\u00f1a en la creaci\u00f3n de viales perimetrales de servicio y en la ubicaci\u00f3n de Direcci\u00f3n de Carrera, en el primer piso de la torre de control, sin visi\u00f3n directa sobre la pista, \u00fanicamente a trav\u00e9s de monitores.<\/p>\n\n\n\n<p><strong>7)<\/strong> Un total de 16 pantallas gigantes permiten a los espectadores seguir la carrera en directo desde cualquier grada del circuito.<\/p>\n\n\n\n<figure class=\"wp-block-image\"><img decoding=\"async\" src=\"https:\/\/bxrepsol.s3.eu-west-1.amazonaws.com\/static\/2022\/08\/04110917\/00_marc_marquez_motogp_gp_catalunya.jpg\" alt=\"\"\/><\/figure>\n\n\n\n<p><strong>8)<\/strong> \u00c1lex Crivill\u00e9 gan\u00f3 la carrera de 1999 en la categor\u00eda reina tras cruzar la meta con 61 mil\u00e9simas de ventaja sobre su entonces compa\u00f1ero en el equipo Repsol Honda, Tadayuki Okada, al que adelant\u00f3 en una vibrante \u00faltima vuelta, y a poco m\u00e1s de cuatro segundos de Gibernau, que complet\u00f3 un impresionante triplete del equipo.<\/p>\n\n\n\n<p>Al terminar la carrera, el p\u00fablico invadi\u00f3 la pista para celebrar una victoria que le acercaba al ansiado primer t\u00edtulo de un piloto espa\u00f1ol en la categor\u00eda reina.<\/p>\n\n\n\n<p><strong>9)<\/strong> Tras las modificaciones que sufrieron las curvas 10 (La Caixa) y 13 en los \u00faltimos a\u00f1os, ha sido el turno de la curva 1 (invierno de 2022). En este caso, se ampli\u00f3 la escapatoria con 70 metros m\u00e1s de profundidad para preservar la seguridad de los pilotos al final de una recta de meta en la que se suelen alcanzar los 350 km\/h.<\/p>\n\n\n\n<p><strong>10)<\/strong> Situado en la recta principal, junto a la salida del Pit Lane, se encuentra un gran marcador inspirado en el que existe en el circuito de Indian\u00e1polis y que se ve, pr\u00e1cticamente, desde cualquier punto del circuito. <\/p>\n\n\n\n<p>El marcador ofrece una imagen totalmente renovada desde inicios de 2023: los paneles num\u00e9ricos han sido sustituidos por pantallas gigantes. En la parte superior hay cuatro pantallas y en la secci\u00f3n de la columna aparece otra pantalla de 18 metros de altura por 4 de ancho donde se muestran datos como posiciones, diferencias de tiempos entre pilotos, temperatura, velocidad del viento, humedad, banderas, pantalla, hora y tiempo restante de la sesi\u00f3n en disputa. <\/p>\n\n\n\n<p><strong>11)<\/strong> El circuito de Barcelona-Catalunya ofrece a los aficionados un servicio interno de transmisi\u00f3n por radio de la carrera. Est\u00e1 disponible en castellano y catal\u00e1n.<\/p>\n\n\n\n<figure class=\"wp-block-image\"><img decoding=\"async\" src=\"https:\/\/bxrepsol.s3.eu-west-1.amazonaws.com\/static\/2022\/08\/29043944\/marc-marquez-en-accion-2016.jpg\" alt=\"\"\/><\/figure>\n\n\n\n<p><strong>12)<\/strong> Como en muchos circuitos del mundo, los oficiales de pista son voluntarios inscritos en una base de datos que consta de unas 900 personas. Deben ser mayores de 18 a\u00f1os y superar una prueba de acceso, tras haber estudiado el Manual de Oficial de Carrera.<\/p>\n\n\n\n<p><strong>13)<\/strong> Durante los Juegos Ol\u00edmpicos de Barcelona\u201892, el circuito fue el punto de partida y la llegada de la prueba de 100 kil\u00f3metros contrarreloj por equipos de ciclismo en ruta.<\/p>\n\n\n\n<p><strong>14)<\/strong> La tribuna principal, con capacidad para 5.000 espectadores, duplic\u00f3 su aforo en 2002, tras un redise\u00f1o llevado a cabo por Hermann Tilke, ingeniero alem\u00e1n autor de trazados como el de Las Am\u00e9ricas, MotorLand Arag\u00f3n y Sepang.<\/p>\n\n\n\n<p><strong>15)<\/strong> El BiCircuit Festival, es un evento que re\u00fane infinidad de actividades relacionadas con la bicicleta: desde las 24 horas en bici hasta el Mundial de Brompton, en el que los participantes compiten en bicicletas plegables y visten traje, como si fueran a la oficina.<\/p>\n\n\n\n<p><strong>16)<\/strong> En 2020, el circuito de Barcelona-Catalunya acogi\u00f3 por primera vez en su historia el WorldSBK, el segundo mundial de motociclismo al margen de MotoGP. El contrato con el Circuit se alarga hasta 2024, aunque lo m\u00e1s probable es que sea prolongado tras el \u00e9xito de estas primeras ediciones. <\/p>\n","protected":false},"excerpt":{"rendered":"<p>\u00bfSab\u00edas que el marcador situado junto a la salida del Pit Lane, est\u00e1 inspirado en el que existe en el circuito de Indian\u00e1polis? Descubre esta an\u00e9cdota y muchas m\u00e1s.<\/p>\n","protected":false},"author":43146,"featured_media":90380,"comment_status":"open","ping_status":"open","sticky":false,"template":"","format":"standard","meta":{"footnotes":""},"categories":[4],"tags":[132],"class_list":["post-90378","post","type-post","status-publish","format-standard","hentry","category-motogp","tag-motogp-catalunya"],"yoast_head":"<!-- This site is optimized with the Yoast SEO plugin v27.3 - https:\/\/yoast.com\/product\/yoast-seo-wordpress\/ -->\n<title>Las 16 curiosidades del circuito de Montmel\u00f3 - Box Repsol<\/title>\n<meta name=\"description\" content=\"\u00bfSab\u00edas que el marcador situado junto a la salida del pit lane, est\u00e1 inspirado en el de Indian\u00e1polis? Descubre m\u00e1s sobre el circuito de Montmel\u00f3.\" \/>\n<link rel=\"canonical\" href=\"https:\/\/www.boxrepsol.com\/es\/motogp\/las-16-curiosidades-del-circuito-montmelo\/\" \/>\n<meta property=\"og:locale\" content=\"es_ES\" \/>\n<meta property=\"og:type\" content=\"article\" \/>\n<meta property=\"og:title\" content=\"Las 16 curiosidades del circuito de Montmel\u00f3 - Box Repsol\" \/>\n<meta property=\"og:description\" content=\"\u00bfSab\u00edas que el marcador situado junto a la salida del pit lane, est\u00e1 inspirado en el de Indian\u00e1polis? Descubre m\u00e1s sobre el circuito de Montmel\u00f3.\" \/>\n<meta property=\"og:url\" content=\"https:\/\/www.boxrepsol.com\/es\/motogp\/las-16-curiosidades-del-circuito-montmelo\/\" \/>\n<meta property=\"og:site_name\" content=\"Box Repsol\" \/>\n<meta property=\"article:publisher\" content=\"https:\/\/www.facebook.com\/BoxRepsol\" \/>\n<meta property=\"article:author\" content=\"https:\/\/www.facebook.com\/BoxRepsol\/\" \/>\n<meta property=\"article:published_time\" content=\"2020-09-22T02:00:00+00:00\" \/>\n<meta property=\"article:modified_time\" content=\"2024-10-09T16:02:49+00:00\" \/>\n<meta property=\"og:image\" content=\"https:\/\/bxrepsol.s3.eu-west-1.amazonaws.com\/static\/2023\/02\/24095246\/1999-GP-Cataluna-e1600762427490.jpg\" \/>\n\t<meta property=\"og:image:width\" content=\"1280\" \/>\n\t<meta property=\"og:image:height\" content=\"859\" \/>\n\t<meta property=\"og:image:type\" content=\"image\/jpeg\" \/>\n<meta name=\"author\" content=\"Redacci\u00f3n Box Repsol\" \/>\n<meta name=\"twitter:card\" content=\"summary_large_image\" \/>\n<meta name=\"twitter:creator\" content=\"@https:\/\/twitter.com\/box_repsol\" \/>\n<meta name=\"twitter:site\" content=\"@box_repsol\" \/>\n<meta name=\"twitter:label1\" content=\"Written by\" \/>\n\t<meta name=\"twitter:data1\" content=\"Redacci\u00f3n Box Repsol\" \/>\n\t<meta name=\"twitter:label2\" content=\"Est. reading time\" \/>\n\t<meta name=\"twitter:data2\" content=\"4 minutos\" \/>\n<script type=\"application\/ld+json\" class=\"yoast-schema-graph\">{\"@context\":\"https:\\\/\\\/schema.org\",\"@graph\":[{\"@type\":\"Article\",\"@id\":\"https:\\\/\\\/www.boxrepsol.com\\\/es\\\/motogp\\\/las-16-curiosidades-del-circuito-montmelo\\\/#article\",\"isPartOf\":{\"@id\":\"https:\\\/\\\/www.boxrepsol.com\\\/es\\\/motogp\\\/las-16-curiosidades-del-circuito-montmelo\\\/\"},\"author\":{\"name\":\"Redacci\u00f3n Box Repsol\",\"@id\":\"https:\\\/\\\/www.boxrepsol.com\\\/es\\\/#\\\/schema\\\/person\\\/c5c2138f2cca251b0ad92b7086bb60b7\"},\"headline\":\"Las 16 curiosidades del circuito de Montmel\u00f3\",\"datePublished\":\"2020-09-22T02:00:00+00:00\",\"dateModified\":\"2024-10-09T16:02:49+00:00\",\"mainEntityOfPage\":{\"@id\":\"https:\\\/\\\/www.boxrepsol.com\\\/es\\\/motogp\\\/las-16-curiosidades-del-circuito-montmelo\\\/\"},\"wordCount\":859,\"commentCount\":0,\"publisher\":{\"@id\":\"https:\\\/\\\/www.boxrepsol.com\\\/es\\\/#organization\"},\"image\":{\"@id\":\"https:\\\/\\\/www.boxrepsol.com\\\/es\\\/motogp\\\/las-16-curiosidades-del-circuito-montmelo\\\/#primaryimage\"},\"thumbnailUrl\":\"https:\\\/\\\/bxrepsol.s3.eu-west-1.amazonaws.com\\\/static\\\/2023\\\/02\\\/24095246\\\/1999-GP-Cataluna-e1600762427490.jpg\",\"keywords\":[\"MotoGP Catalunya\"],\"articleSection\":[\"MotoGP\"],\"inLanguage\":\"es\",\"potentialAction\":[{\"@type\":\"CommentAction\",\"name\":\"Comment\",\"target\":[\"https:\\\/\\\/www.boxrepsol.com\\\/es\\\/motogp\\\/las-16-curiosidades-del-circuito-montmelo\\\/#respond\"]}]},{\"@type\":\"WebPage\",\"@id\":\"https:\\\/\\\/www.boxrepsol.com\\\/es\\\/motogp\\\/las-16-curiosidades-del-circuito-montmelo\\\/\",\"url\":\"https:\\\/\\\/www.boxrepsol.com\\\/es\\\/motogp\\\/las-16-curiosidades-del-circuito-montmelo\\\/\",\"name\":\"Las 16 curiosidades del circuito de Montmel\u00f3 - Box Repsol\",\"isPartOf\":{\"@id\":\"https:\\\/\\\/www.boxrepsol.com\\\/es\\\/#website\"},\"primaryImageOfPage\":{\"@id\":\"https:\\\/\\\/www.boxrepsol.com\\\/es\\\/motogp\\\/las-16-curiosidades-del-circuito-montmelo\\\/#primaryimage\"},\"image\":{\"@id\":\"https:\\\/\\\/www.boxrepsol.com\\\/es\\\/motogp\\\/las-16-curiosidades-del-circuito-montmelo\\\/#primaryimage\"},\"thumbnailUrl\":\"https:\\\/\\\/bxrepsol.s3.eu-west-1.amazonaws.com\\\/static\\\/2023\\\/02\\\/24095246\\\/1999-GP-Cataluna-e1600762427490.jpg\",\"datePublished\":\"2020-09-22T02:00:00+00:00\",\"dateModified\":\"2024-10-09T16:02:49+00:00\",\"description\":\"\u00bfSab\u00edas que el marcador situado junto a la salida del pit lane, est\u00e1 inspirado en el de Indian\u00e1polis? Descubre m\u00e1s sobre el circuito de Montmel\u00f3.\",\"breadcrumb\":{\"@id\":\"https:\\\/\\\/www.boxrepsol.com\\\/es\\\/motogp\\\/las-16-curiosidades-del-circuito-montmelo\\\/#breadcrumb\"},\"inLanguage\":\"es\",\"potentialAction\":[{\"@type\":\"ReadAction\",\"target\":[\"https:\\\/\\\/www.boxrepsol.com\\\/es\\\/motogp\\\/las-16-curiosidades-del-circuito-montmelo\\\/\"]}]},{\"@type\":\"ImageObject\",\"inLanguage\":\"es\",\"@id\":\"https:\\\/\\\/www.boxrepsol.com\\\/es\\\/motogp\\\/las-16-curiosidades-del-circuito-montmelo\\\/#primaryimage\",\"url\":\"https:\\\/\\\/bxrepsol.s3.eu-west-1.amazonaws.com\\\/static\\\/2023\\\/02\\\/24095246\\\/1999-GP-Cataluna-e1600762427490.jpg\",\"contentUrl\":\"https:\\\/\\\/bxrepsol.s3.eu-west-1.amazonaws.com\\\/static\\\/2023\\\/02\\\/24095246\\\/1999-GP-Cataluna-e1600762427490.jpg\",\"width\":1280,\"height\":859,\"caption\":\"1997 GP Espagne 04 05 1997\"},{\"@type\":\"BreadcrumbList\",\"@id\":\"https:\\\/\\\/www.boxrepsol.com\\\/es\\\/motogp\\\/las-16-curiosidades-del-circuito-montmelo\\\/#breadcrumb\",\"itemListElement\":[{\"@type\":\"ListItem\",\"position\":1,\"name\":\"Home\",\"item\":\"https:\\\/\\\/www.boxrepsol.com\\\/es\\\/\"},{\"@type\":\"ListItem\",\"position\":2,\"name\":\"Las 16 curiosidades del circuito de Montmel\u00f3\"}]},{\"@type\":\"WebSite\",\"@id\":\"https:\\\/\\\/www.boxrepsol.com\\\/es\\\/#website\",\"url\":\"https:\\\/\\\/www.boxrepsol.com\\\/es\\\/\",\"name\":\"Box Repsol\",\"description\":\"Box Repsol Site\",\"publisher\":{\"@id\":\"https:\\\/\\\/www.boxrepsol.com\\\/es\\\/#organization\"},\"potentialAction\":[{\"@type\":\"SearchAction\",\"target\":{\"@type\":\"EntryPoint\",\"urlTemplate\":\"https:\\\/\\\/www.boxrepsol.com\\\/es\\\/?s={search_term_string}\"},\"query-input\":{\"@type\":\"PropertyValueSpecification\",\"valueRequired\":true,\"valueName\":\"search_term_string\"}}],\"inLanguage\":\"es\"},{\"@type\":\"Organization\",\"@id\":\"https:\\\/\\\/www.boxrepsol.com\\\/es\\\/#organization\",\"name\":\"Box Repsol\",\"url\":\"https:\\\/\\\/www.boxrepsol.com\\\/es\\\/\",\"logo\":{\"@type\":\"ImageObject\",\"inLanguage\":\"es\",\"@id\":\"https:\\\/\\\/www.boxrepsol.com\\\/es\\\/#\\\/schema\\\/logo\\\/image\\\/\",\"url\":\"https:\\\/\\\/bxrepsol.s3.eu-west-1.amazonaws.com\\\/static\\\/2025\\\/07\\\/30083337\\\/favicon-96x96-1.png\",\"contentUrl\":\"https:\\\/\\\/bxrepsol.s3.eu-west-1.amazonaws.com\\\/static\\\/2025\\\/07\\\/30083337\\\/favicon-96x96-1.png\",\"width\":96,\"height\":96,\"caption\":\"Box Repsol\"},\"image\":{\"@id\":\"https:\\\/\\\/www.boxrepsol.com\\\/es\\\/#\\\/schema\\\/logo\\\/image\\\/\"},\"sameAs\":[\"https:\\\/\\\/www.facebook.com\\\/BoxRepsol\",\"https:\\\/\\\/x.com\\\/box_repsol\",\"http:\\\/\\\/instagram.com\\\/box_repsol\",\"https:\\\/\\\/www.youtube.com\\\/user\\\/RepsolCompeticion\",\"https:\\\/\\\/www.flickr.com\\\/photos\\\/box_repsol\\\/\"]},{\"@type\":\"Person\",\"@id\":\"https:\\\/\\\/www.boxrepsol.com\\\/es\\\/#\\\/schema\\\/person\\\/c5c2138f2cca251b0ad92b7086bb60b7\",\"name\":\"Redacci\u00f3n Box Repsol\",\"image\":{\"@type\":\"ImageObject\",\"inLanguage\":\"es\",\"@id\":\"https:\\\/\\\/secure.gravatar.com\\\/avatar\\\/adf7b77e38b4419baf32c7e9c21dde01f4e40df611f0978e3006fc4ba0aaab7e?s=96&d=mm&r=g\",\"url\":\"https:\\\/\\\/secure.gravatar.com\\\/avatar\\\/adf7b77e38b4419baf32c7e9c21dde01f4e40df611f0978e3006fc4ba0aaab7e?s=96&d=mm&r=g\",\"contentUrl\":\"https:\\\/\\\/secure.gravatar.com\\\/avatar\\\/adf7b77e38b4419baf32c7e9c21dde01f4e40df611f0978e3006fc4ba0aaab7e?s=96&d=mm&r=g\",\"caption\":\"Redacci\u00f3n Box Repsol\"},\"description\":\"Box Repsol lo forma un equipo de periodistas, community managers, dise\u00f1adores y fot\u00f3grafos con m\u00e1s de 20 a\u00f1os de experiencia en el mundo del motorsport. Hemos vivido el primer mundial de un espa\u00f1ol en la categor\u00eda reina de motociclismo con \u00c1lex Crivill\u00e9, estuvimos en las victorias de Pedrosa y los t\u00edtulos de M\u00e1rquez, acompa\u00f1amos en \u00c1frica a Nani Roma y Marc Coma en sus conquistas del Dakar y hemos vibrado con los t\u00edtulos de Toni Bou en Trial. Adem\u00e1s, en nuestro equipo contamos con expertos en el mundo de las dos y cuatro ruedas tanto de la calle y las carreteras, como de los circuitos. Periodistas que han trabajado en revistas y publicaciones para hacerte llegar desde rutas y consejos de mantenimiento, a curiosidades y trucos de pilotaje.\",\"sameAs\":[\"https:\\\/\\\/www.facebook.com\\\/BoxRepsol\\\/\",\"https:\\\/\\\/www.instagram.com\\\/box_repsol\\\/\",\"https:\\\/\\\/x.com\\\/https:\\\/\\\/twitter.com\\\/box_repsol\",\"https:\\\/\\\/www.youtube.com\\\/@Boxrepsol\"],\"url\":\"https:\\\/\\\/www.boxrepsol.com\\\/es\\\/author\\\/redaccion-box-repsol\\\/\"}]}<\/script>\n<!-- \/ Yoast SEO plugin. -->","yoast_head_json":{"title":"Las 16 curiosidades del circuito de Montmel\u00f3 - Box Repsol","description":"\u00bfSab\u00edas que el marcador situado junto a la salida del pit lane, est\u00e1 inspirado en el de Indian\u00e1polis? Descubre m\u00e1s sobre el circuito de Montmel\u00f3.","canonical":"https:\/\/www.boxrepsol.com\/es\/motogp\/las-16-curiosidades-del-circuito-montmelo\/","og_locale":"es_ES","og_type":"article","og_title":"Las 16 curiosidades del circuito de Montmel\u00f3 - Box Repsol","og_description":"\u00bfSab\u00edas que el marcador situado junto a la salida del pit lane, est\u00e1 inspirado en el de Indian\u00e1polis? Descubre m\u00e1s sobre el circuito de Montmel\u00f3.","og_url":"https:\/\/www.boxrepsol.com\/es\/motogp\/las-16-curiosidades-del-circuito-montmelo\/","og_site_name":"Box Repsol","article_publisher":"https:\/\/www.facebook.com\/BoxRepsol","article_author":"https:\/\/www.facebook.com\/BoxRepsol\/","article_published_time":"2020-09-22T02:00:00+00:00","article_modified_time":"2024-10-09T16:02:49+00:00","og_image":[{"width":1280,"height":859,"url":"https:\/\/bxrepsol.s3.eu-west-1.amazonaws.com\/static\/2023\/02\/24095246\/1999-GP-Cataluna-e1600762427490.jpg","type":"image\/jpeg"}],"author":"Redacci\u00f3n Box Repsol","twitter_card":"summary_large_image","twitter_creator":"@https:\/\/twitter.com\/box_repsol","twitter_site":"@box_repsol","twitter_misc":{"Written by":"Redacci\u00f3n Box Repsol","Est. reading time":"4 minutos"},"schema":{"@context":"https:\/\/schema.org","@graph":[{"@type":"Article","@id":"https:\/\/www.boxrepsol.com\/es\/motogp\/las-16-curiosidades-del-circuito-montmelo\/#article","isPartOf":{"@id":"https:\/\/www.boxrepsol.com\/es\/motogp\/las-16-curiosidades-del-circuito-montmelo\/"},"author":{"name":"Redacci\u00f3n Box Repsol","@id":"https:\/\/www.boxrepsol.com\/es\/#\/schema\/person\/c5c2138f2cca251b0ad92b7086bb60b7"},"headline":"Las 16 curiosidades del circuito de Montmel\u00f3","datePublished":"2020-09-22T02:00:00+00:00","dateModified":"2024-10-09T16:02:49+00:00","mainEntityOfPage":{"@id":"https:\/\/www.boxrepsol.com\/es\/motogp\/las-16-curiosidades-del-circuito-montmelo\/"},"wordCount":859,"commentCount":0,"publisher":{"@id":"https:\/\/www.boxrepsol.com\/es\/#organization"},"image":{"@id":"https:\/\/www.boxrepsol.com\/es\/motogp\/las-16-curiosidades-del-circuito-montmelo\/#primaryimage"},"thumbnailUrl":"https:\/\/bxrepsol.s3.eu-west-1.amazonaws.com\/static\/2023\/02\/24095246\/1999-GP-Cataluna-e1600762427490.jpg","keywords":["MotoGP Catalunya"],"articleSection":["MotoGP"],"inLanguage":"es","potentialAction":[{"@type":"CommentAction","name":"Comment","target":["https:\/\/www.boxrepsol.com\/es\/motogp\/las-16-curiosidades-del-circuito-montmelo\/#respond"]}]},{"@type":"WebPage","@id":"https:\/\/www.boxrepsol.com\/es\/motogp\/las-16-curiosidades-del-circuito-montmelo\/","url":"https:\/\/www.boxrepsol.com\/es\/motogp\/las-16-curiosidades-del-circuito-montmelo\/","name":"Las 16 curiosidades del circuito de Montmel\u00f3 - Box Repsol","isPartOf":{"@id":"https:\/\/www.boxrepsol.com\/es\/#website"},"primaryImageOfPage":{"@id":"https:\/\/www.boxrepsol.com\/es\/motogp\/las-16-curiosidades-del-circuito-montmelo\/#primaryimage"},"image":{"@id":"https:\/\/www.boxrepsol.com\/es\/motogp\/las-16-curiosidades-del-circuito-montmelo\/#primaryimage"},"thumbnailUrl":"https:\/\/bxrepsol.s3.eu-west-1.amazonaws.com\/static\/2023\/02\/24095246\/1999-GP-Cataluna-e1600762427490.jpg","datePublished":"2020-09-22T02:00:00+00:00","dateModified":"2024-10-09T16:02:49+00:00","description":"\u00bfSab\u00edas que el marcador situado junto a la salida del pit lane, est\u00e1 inspirado en el de Indian\u00e1polis? Descubre m\u00e1s sobre el circuito de Montmel\u00f3.","breadcrumb":{"@id":"https:\/\/www.boxrepsol.com\/es\/motogp\/las-16-curiosidades-del-circuito-montmelo\/#breadcrumb"},"inLanguage":"es","potentialAction":[{"@type":"ReadAction","target":["https:\/\/www.boxrepsol.com\/es\/motogp\/las-16-curiosidades-del-circuito-montmelo\/"]}]},{"@type":"ImageObject","inLanguage":"es","@id":"https:\/\/www.boxrepsol.com\/es\/motogp\/las-16-curiosidades-del-circuito-montmelo\/#primaryimage","url":"https:\/\/bxrepsol.s3.eu-west-1.amazonaws.com\/static\/2023\/02\/24095246\/1999-GP-Cataluna-e1600762427490.jpg","contentUrl":"https:\/\/bxrepsol.s3.eu-west-1.amazonaws.com\/static\/2023\/02\/24095246\/1999-GP-Cataluna-e1600762427490.jpg","width":1280,"height":859,"caption":"1997 GP Espagne 04 05 1997"},{"@type":"BreadcrumbList","@id":"https:\/\/www.boxrepsol.com\/es\/motogp\/las-16-curiosidades-del-circuito-montmelo\/#breadcrumb","itemListElement":[{"@type":"ListItem","position":1,"name":"Home","item":"https:\/\/www.boxrepsol.com\/es\/"},{"@type":"ListItem","position":2,"name":"Las 16 curiosidades del circuito de Montmel\u00f3"}]},{"@type":"WebSite","@id":"https:\/\/www.boxrepsol.com\/es\/#website","url":"https:\/\/www.boxrepsol.com\/es\/","name":"Box Repsol","description":"Box Repsol Site","publisher":{"@id":"https:\/\/www.boxrepsol.com\/es\/#organization"},"potentialAction":[{"@type":"SearchAction","target":{"@type":"EntryPoint","urlTemplate":"https:\/\/www.boxrepsol.com\/es\/?s={search_term_string}"},"query-input":{"@type":"PropertyValueSpecification","valueRequired":true,"valueName":"search_term_string"}}],"inLanguage":"es"},{"@type":"Organization","@id":"https:\/\/www.boxrepsol.com\/es\/#organization","name":"Box Repsol","url":"https:\/\/www.boxrepsol.com\/es\/","logo":{"@type":"ImageObject","inLanguage":"es","@id":"https:\/\/www.boxrepsol.com\/es\/#\/schema\/logo\/image\/","url":"https:\/\/bxrepsol.s3.eu-west-1.amazonaws.com\/static\/2025\/07\/30083337\/favicon-96x96-1.png","contentUrl":"https:\/\/bxrepsol.s3.eu-west-1.amazonaws.com\/static\/2025\/07\/30083337\/favicon-96x96-1.png","width":96,"height":96,"caption":"Box Repsol"},"image":{"@id":"https:\/\/www.boxrepsol.com\/es\/#\/schema\/logo\/image\/"},"sameAs":["https:\/\/www.facebook.com\/BoxRepsol","https:\/\/x.com\/box_repsol","http:\/\/instagram.com\/box_repsol","https:\/\/www.youtube.com\/user\/RepsolCompeticion","https:\/\/www.flickr.com\/photos\/box_repsol\/"]},{"@type":"Person","@id":"https:\/\/www.boxrepsol.com\/es\/#\/schema\/person\/c5c2138f2cca251b0ad92b7086bb60b7","name":"Redacci\u00f3n Box Repsol","image":{"@type":"ImageObject","inLanguage":"es","@id":"https:\/\/secure.gravatar.com\/avatar\/adf7b77e38b4419baf32c7e9c21dde01f4e40df611f0978e3006fc4ba0aaab7e?s=96&d=mm&r=g","url":"https:\/\/secure.gravatar.com\/avatar\/adf7b77e38b4419baf32c7e9c21dde01f4e40df611f0978e3006fc4ba0aaab7e?s=96&d=mm&r=g","contentUrl":"https:\/\/secure.gravatar.com\/avatar\/adf7b77e38b4419baf32c7e9c21dde01f4e40df611f0978e3006fc4ba0aaab7e?s=96&d=mm&r=g","caption":"Redacci\u00f3n Box Repsol"},"description":"Box Repsol lo forma un equipo de periodistas, community managers, dise\u00f1adores y fot\u00f3grafos con m\u00e1s de 20 a\u00f1os de experiencia en el mundo del motorsport. Hemos vivido el primer mundial de un espa\u00f1ol en la categor\u00eda reina de motociclismo con \u00c1lex Crivill\u00e9, estuvimos en las victorias de Pedrosa y los t\u00edtulos de M\u00e1rquez, acompa\u00f1amos en \u00c1frica a Nani Roma y Marc Coma en sus conquistas del Dakar y hemos vibrado con los t\u00edtulos de Toni Bou en Trial. Adem\u00e1s, en nuestro equipo contamos con expertos en el mundo de las dos y cuatro ruedas tanto de la calle y las carreteras, como de los circuitos. Periodistas que han trabajado en revistas y publicaciones para hacerte llegar desde rutas y consejos de mantenimiento, a curiosidades y trucos de pilotaje.","sameAs":["https:\/\/www.facebook.com\/BoxRepsol\/","https:\/\/www.instagram.com\/box_repsol\/","https:\/\/x.com\/https:\/\/twitter.com\/box_repsol","https:\/\/www.youtube.com\/@Boxrepsol"],"url":"https:\/\/www.boxrepsol.com\/es\/author\/redaccion-box-repsol\/"}]}},"_links":{"self":[{"href":"https:\/\/www.boxrepsol.com\/es\/wp-json\/wp\/v2\/posts\/90378","targetHints":{"allow":["GET"]}}],"collection":[{"href":"https:\/\/www.boxrepsol.com\/es\/wp-json\/wp\/v2\/posts"}],"about":[{"href":"https:\/\/www.boxrepsol.com\/es\/wp-json\/wp\/v2\/types\/post"}],"author":[{"embeddable":true,"href":"https:\/\/www.boxrepsol.com\/es\/wp-json\/wp\/v2\/users\/43146"}],"replies":[{"embeddable":true,"href":"https:\/\/www.boxrepsol.com\/es\/wp-json\/wp\/v2\/comments?post=90378"}],"version-history":[{"count":6,"href":"https:\/\/www.boxrepsol.com\/es\/wp-json\/wp\/v2\/posts\/90378\/revisions"}],"predecessor-version":[{"id":121087,"href":"https:\/\/www.boxrepsol.com\/es\/wp-json\/wp\/v2\/posts\/90378\/revisions\/121087"}],"wp:featuredmedia":[{"embeddable":true,"href":"https:\/\/www.boxrepsol.com\/es\/wp-json\/wp\/v2\/media\/90380"}],"wp:attachment":[{"href":"https:\/\/www.boxrepsol.com\/es\/wp-json\/wp\/v2\/media?parent=90378"}],"wp:term":[{"taxonomy":"category","embeddable":true,"href":"https:\/\/www.boxrepsol.com\/es\/wp-json\/wp\/v2\/categories?post=90378"},{"taxonomy":"post_tag","embeddable":true,"href":"https:\/\/www.boxrepsol.com\/es\/wp-json\/wp\/v2\/tags?post=90378"}],"curies":[{"name":"wp","href":"https:\/\/api.w.org\/{rel}","templated":true}]}}