{"id":90362,"date":"2017-06-06T00:00:00","date_gmt":"2017-06-06T02:00:00","guid":{"rendered":"http:\/\/pre.boxrepsol.com\/sin-categorizar\/marc-marquez-dani-pedrosa-viajan-montmelo-globo\/"},"modified":"2024-10-16T10:47:52","modified_gmt":"2024-10-16T12:47:52","slug":"marc-marquez-dani-pedrosa-viajan-montmelo-globo","status":"publish","type":"post","link":"https:\/\/www.boxrepsol.com\/es\/motogp\/marc-marquez-dani-pedrosa-viajan-montmelo-globo\/","title":{"rendered":"Marc M\u00e1rquez y Dani Pedrosa viajan a Montmel\u00f3 en globo"},"content":{"rendered":"<blockquote><p>Sinceramente, es un trazado tan particular que me gusta<\/p>\n<p><a href=\"http:\/\/twitter.com\/share?text=Sinceramente%2C+es+un+trazado+tan+particular+que+me+gusta&amp;url=https%3A%2F%2Fwww.boxrepsol.com%2Fes%2F%3Fp%3D7661%2F&amp;hashtags=\" target=\"_blank\" rel=\"noopener\"><br \/>\ntwittear <\/a><\/p>\n<footer>Marc M\u00e1rquez<\/footer>\n<\/blockquote>\n<p>Marc M\u00e1rquez y Dani Pedrosa est\u00e1n acostumbrados a pilotar en los circuitos a m\u00e1s de 300 kil\u00f3metros por hora, una velocidad que superar\u00e1n, por ejemplo, este fin de semana al final de la recta del Circuit de Barcelona-Catalunya, durante el s\u00e9ptimo Gran Premio de Motociclismo de la temporada.<\/p>\n<p>A lo que no est\u00e1n tan acostumbrados es a subirse a un globo aerost\u00e1tico y dar gas, esta vez para subir en vertical hasta los 1.000 metros de altitud. Durante esta experiencia diferente, los pilotos de MotoGP tambi\u00e9n han tenido tiempo para practicar el vuelo rasante, en una zona rural del interior de Catalu\u00f1a, no muy alejada de Montmel\u00f3.<\/p>\n<p>Los pilotos del equipo Repsol Honda llegan a Barcelona en cuarta y quinta posici\u00f3n en la clasificaci\u00f3n general de MotoGP, empatados a 68 puntos.<\/p>\n<p>Marc M\u00e1rquez ha logrado en el Circuit de Barcelona-Catalunya una victoria y otros dos podios desde que est\u00e1 en MotoGP, adem\u00e1s de dos podios en Moto2 y un triunfo en 125cc.<\/p>\n<p>Dani Pedrosa lleva seis podios en sus \u00faltimas seis visitas al trazado de Montmel\u00f3. Una pista en la que tambi\u00e9n acumula tres triunfos, uno en cada categor\u00eda: 2003 en 125cc, 2005 en 250cc y 2008 en MotoGP.<\/p>\n<p><img decoding=\"async\" src=\"https:\/\/bxrepsol.s3.eu-west-1.amazonaws.com\/static\/2022\/08\/29051731\/Barcelona-1024x477-1.png\" alt=\"trazado montmel\u00f3\" \/><\/p>\n<h3>Marc M\u00e1rquez<\/h3>\n<p><em>Estoy contento de volver a la acci\u00f3n tan pronto y hacerlo en Catalunya, porque correr en casa, delante de todos los fans, siempre te da un empuje extra. En Italia gestionamos la situaci\u00f3n lo mejor que pudimos, pero tenemos que hacerlo mejor. Debemos conseguir ser m\u00e1s consistentes a un buen nivel. Hicimos el test en el Circuit hace unos d\u00edas y fue bastante bien. Dimos muchas vueltas, mejorando la puesta a punto de la moto durante el d\u00eda, as\u00ed que el viernes intentaremos seguir mejorando a partir de donde lo dejamos. En cuanto a los cambios en la pista, creo que son interesantes y ser\u00e1 un reto interpretarlo bien. La velocidad y las curvas del resto del circuito son muy similares, mientras que ese sector ahora es muy distinto. Pero sinceramente, es un trazado tan particular que me gusta.<\/em><\/p>\n<hr \/>\n<h3>Dani Pedrosa<\/h3>\n<p><em>Tengo muchas ganas de ir al circuito de Barcelona-Catalunya, porque me gusta mucho el trazado y evidentemente porque el ambiente con mi club de fans y el resto de aficionados es siempre incre\u00edble. Trabajaremos duro para volver al nivel que est\u00e1bamos antes de Mugello; intentaremos utilizar bien la informaci\u00f3n que recopilamos durante el entrenamiento que hicimos en esta pista en mayo y que fue bastante positivo. Adem\u00e1s de concentrarnos en la puesta a punto, durante el test tuvimos la oportunidad de probar la nueva chicane y las modificaciones que se han introducido en el trazado, que es m\u00e1s estrecho que antes en ese sector, aunque los tiempos por vuelta son parecidos a los que se hac\u00edan. El asfalto est\u00e1 bastante bacheado y eso tambi\u00e9n ser\u00e1 un factor a tener en cuenta. Estamos preparados para dar nuestro cien por cien para conseguir un buen resultado.<\/em><\/p>\n","protected":false},"excerpt":{"rendered":"<p>Dan gas para subir hasta 1.000 metros de altitud, antes de afrontar la s\u00e9ptima carrera de la temporada en el Circuit de Barcelona-Catalunya, donde se superan los 300 kil\u00f3metros por hora al final de la recta.<\/p>\n","protected":false},"author":43146,"featured_media":86557,"comment_status":"open","ping_status":"open","sticky":false,"template":"","format":"standard","meta":{"footnotes":""},"categories":[4],"tags":[132],"class_list":["post-90362","post","type-post","status-publish","format-standard","hentry","category-motogp","tag-motogp-catalunya"],"yoast_head":"<!-- This site is optimized with the Yoast SEO plugin v27.3 - https:\/\/yoast.com\/product\/yoast-seo-wordpress\/ -->\n<title>Marc M\u00e1rquez y Dani Pedrosa viajan a Montmel\u00f3 en globo - Box Repsol<\/title>\n<meta name=\"description\" content=\"Dan gas para subir hasta 1.000 metros de altitud, antes de afrontar la s\u00e9ptima carrera de la temporada en el Circuit de Barcelona-Catalunya.\" \/>\n<link rel=\"canonical\" href=\"https:\/\/www.boxrepsol.com\/es\/motogp\/marc-marquez-dani-pedrosa-viajan-montmelo-globo\/\" \/>\n<meta property=\"og:locale\" content=\"es_ES\" \/>\n<meta property=\"og:type\" content=\"article\" \/>\n<meta property=\"og:title\" content=\"Marc M\u00e1rquez y Dani Pedrosa viajan a Montmel\u00f3 en globo - Box Repsol\" \/>\n<meta property=\"og:description\" content=\"Dan gas para subir hasta 1.000 metros de altitud, antes de afrontar la s\u00e9ptima carrera de la temporada en el Circuit de Barcelona-Catalunya.\" \/>\n<meta property=\"og:url\" content=\"https:\/\/www.boxrepsol.com\/es\/motogp\/marc-marquez-dani-pedrosa-viajan-montmelo-globo\/\" \/>\n<meta property=\"og:site_name\" content=\"Box Repsol\" \/>\n<meta property=\"article:publisher\" content=\"https:\/\/www.facebook.com\/BoxRepsol\" \/>\n<meta property=\"article:author\" content=\"https:\/\/www.facebook.com\/BoxRepsol\/\" \/>\n<meta property=\"article:published_time\" content=\"2017-06-06T02:00:00+00:00\" \/>\n<meta property=\"article:modified_time\" content=\"2024-10-16T12:47:52+00:00\" \/>\n<meta property=\"og:image\" content=\"https:\/\/www.boxrepsol.com\/wp-content\/uploads\/2022\/08\/00_marc_marquez_dani_pedrosa_repsol_honda_motogp_93.jpg\" \/>\n\t<meta property=\"og:image:width\" content=\"995\" \/>\n\t<meta property=\"og:image:height\" content=\"560\" \/>\n\t<meta property=\"og:image:type\" content=\"image\/jpeg\" \/>\n<meta name=\"author\" content=\"Redacci\u00f3n Box Repsol\" \/>\n<meta name=\"twitter:card\" content=\"summary_large_image\" \/>\n<meta name=\"twitter:creator\" content=\"@https:\/\/twitter.com\/box_repsol\" \/>\n<meta name=\"twitter:site\" content=\"@box_repsol\" \/>\n<meta name=\"twitter:label1\" content=\"Written by\" \/>\n\t<meta name=\"twitter:data1\" content=\"Redacci\u00f3n Box Repsol\" \/>\n\t<meta name=\"twitter:label2\" content=\"Est. reading time\" \/>\n\t<meta name=\"twitter:data2\" content=\"3 minutos\" \/>\n<script type=\"application\/ld+json\" class=\"yoast-schema-graph\">{\"@context\":\"https:\\\/\\\/schema.org\",\"@graph\":[{\"@type\":\"Article\",\"@id\":\"https:\\\/\\\/www.boxrepsol.com\\\/es\\\/motogp\\\/marc-marquez-dani-pedrosa-viajan-montmelo-globo\\\/#article\",\"isPartOf\":{\"@id\":\"https:\\\/\\\/www.boxrepsol.com\\\/es\\\/motogp\\\/marc-marquez-dani-pedrosa-viajan-montmelo-globo\\\/\"},\"author\":{\"name\":\"Redacci\u00f3n Box Repsol\",\"@id\":\"https:\\\/\\\/www.boxrepsol.com\\\/es\\\/#\\\/schema\\\/person\\\/c5c2138f2cca251b0ad92b7086bb60b7\"},\"headline\":\"Marc M\u00e1rquez y Dani Pedrosa viajan a Montmel\u00f3 en globo\",\"datePublished\":\"2017-06-06T02:00:00+00:00\",\"dateModified\":\"2024-10-16T12:47:52+00:00\",\"mainEntityOfPage\":{\"@id\":\"https:\\\/\\\/www.boxrepsol.com\\\/es\\\/motogp\\\/marc-marquez-dani-pedrosa-viajan-montmelo-globo\\\/\"},\"wordCount\":533,\"commentCount\":0,\"publisher\":{\"@id\":\"https:\\\/\\\/www.boxrepsol.com\\\/es\\\/#organization\"},\"image\":{\"@id\":\"https:\\\/\\\/www.boxrepsol.com\\\/es\\\/motogp\\\/marc-marquez-dani-pedrosa-viajan-montmelo-globo\\\/#primaryimage\"},\"thumbnailUrl\":\"https:\\\/\\\/www.boxrepsol.com\\\/wp-content\\\/uploads\\\/2022\\\/08\\\/00_marc_marquez_dani_pedrosa_repsol_honda_motogp_93.jpg\",\"keywords\":[\"MotoGP Catalunya\"],\"articleSection\":[\"MotoGP\"],\"inLanguage\":\"es\",\"potentialAction\":[{\"@type\":\"CommentAction\",\"name\":\"Comment\",\"target\":[\"https:\\\/\\\/www.boxrepsol.com\\\/es\\\/motogp\\\/marc-marquez-dani-pedrosa-viajan-montmelo-globo\\\/#respond\"]}]},{\"@type\":\"WebPage\",\"@id\":\"https:\\\/\\\/www.boxrepsol.com\\\/es\\\/motogp\\\/marc-marquez-dani-pedrosa-viajan-montmelo-globo\\\/\",\"url\":\"https:\\\/\\\/www.boxrepsol.com\\\/es\\\/motogp\\\/marc-marquez-dani-pedrosa-viajan-montmelo-globo\\\/\",\"name\":\"Marc M\u00e1rquez y Dani Pedrosa viajan a Montmel\u00f3 en globo - Box Repsol\",\"isPartOf\":{\"@id\":\"https:\\\/\\\/www.boxrepsol.com\\\/es\\\/#website\"},\"primaryImageOfPage\":{\"@id\":\"https:\\\/\\\/www.boxrepsol.com\\\/es\\\/motogp\\\/marc-marquez-dani-pedrosa-viajan-montmelo-globo\\\/#primaryimage\"},\"image\":{\"@id\":\"https:\\\/\\\/www.boxrepsol.com\\\/es\\\/motogp\\\/marc-marquez-dani-pedrosa-viajan-montmelo-globo\\\/#primaryimage\"},\"thumbnailUrl\":\"https:\\\/\\\/www.boxrepsol.com\\\/wp-content\\\/uploads\\\/2022\\\/08\\\/00_marc_marquez_dani_pedrosa_repsol_honda_motogp_93.jpg\",\"datePublished\":\"2017-06-06T02:00:00+00:00\",\"dateModified\":\"2024-10-16T12:47:52+00:00\",\"description\":\"Dan gas para subir hasta 1.000 metros de altitud, antes de afrontar la s\u00e9ptima carrera de la temporada en el Circuit de Barcelona-Catalunya.\",\"breadcrumb\":{\"@id\":\"https:\\\/\\\/www.boxrepsol.com\\\/es\\\/motogp\\\/marc-marquez-dani-pedrosa-viajan-montmelo-globo\\\/#breadcrumb\"},\"inLanguage\":\"es\",\"potentialAction\":[{\"@type\":\"ReadAction\",\"target\":[\"https:\\\/\\\/www.boxrepsol.com\\\/es\\\/motogp\\\/marc-marquez-dani-pedrosa-viajan-montmelo-globo\\\/\"]}]},{\"@type\":\"ImageObject\",\"inLanguage\":\"es\",\"@id\":\"https:\\\/\\\/www.boxrepsol.com\\\/es\\\/motogp\\\/marc-marquez-dani-pedrosa-viajan-montmelo-globo\\\/#primaryimage\",\"url\":\"https:\\\/\\\/www.boxrepsol.com\\\/wp-content\\\/uploads\\\/2022\\\/08\\\/00_marc_marquez_dani_pedrosa_repsol_honda_motogp_93.jpg\",\"contentUrl\":\"https:\\\/\\\/www.boxrepsol.com\\\/wp-content\\\/uploads\\\/2022\\\/08\\\/00_marc_marquez_dani_pedrosa_repsol_honda_motogp_93.jpg\",\"width\":995,\"height\":560,\"caption\":\"Marc M\u00e1rquez y Dani Pedrosa en globo\"},{\"@type\":\"BreadcrumbList\",\"@id\":\"https:\\\/\\\/www.boxrepsol.com\\\/es\\\/motogp\\\/marc-marquez-dani-pedrosa-viajan-montmelo-globo\\\/#breadcrumb\",\"itemListElement\":[{\"@type\":\"ListItem\",\"position\":1,\"name\":\"Home\",\"item\":\"https:\\\/\\\/www.boxrepsol.com\\\/es\\\/\"},{\"@type\":\"ListItem\",\"position\":2,\"name\":\"Marc M\u00e1rquez y Dani Pedrosa viajan a Montmel\u00f3 en globo\"}]},{\"@type\":\"WebSite\",\"@id\":\"https:\\\/\\\/www.boxrepsol.com\\\/es\\\/#website\",\"url\":\"https:\\\/\\\/www.boxrepsol.com\\\/es\\\/\",\"name\":\"Box Repsol\",\"description\":\"Box Repsol Site\",\"publisher\":{\"@id\":\"https:\\\/\\\/www.boxrepsol.com\\\/es\\\/#organization\"},\"potentialAction\":[{\"@type\":\"SearchAction\",\"target\":{\"@type\":\"EntryPoint\",\"urlTemplate\":\"https:\\\/\\\/www.boxrepsol.com\\\/es\\\/?s={search_term_string}\"},\"query-input\":{\"@type\":\"PropertyValueSpecification\",\"valueRequired\":true,\"valueName\":\"search_term_string\"}}],\"inLanguage\":\"es\"},{\"@type\":\"Organization\",\"@id\":\"https:\\\/\\\/www.boxrepsol.com\\\/es\\\/#organization\",\"name\":\"Box Repsol\",\"url\":\"https:\\\/\\\/www.boxrepsol.com\\\/es\\\/\",\"logo\":{\"@type\":\"ImageObject\",\"inLanguage\":\"es\",\"@id\":\"https:\\\/\\\/www.boxrepsol.com\\\/es\\\/#\\\/schema\\\/logo\\\/image\\\/\",\"url\":\"https:\\\/\\\/bxrepsol.s3.eu-west-1.amazonaws.com\\\/static\\\/2025\\\/07\\\/30083337\\\/favicon-96x96-1.png\",\"contentUrl\":\"https:\\\/\\\/bxrepsol.s3.eu-west-1.amazonaws.com\\\/static\\\/2025\\\/07\\\/30083337\\\/favicon-96x96-1.png\",\"width\":96,\"height\":96,\"caption\":\"Box Repsol\"},\"image\":{\"@id\":\"https:\\\/\\\/www.boxrepsol.com\\\/es\\\/#\\\/schema\\\/logo\\\/image\\\/\"},\"sameAs\":[\"https:\\\/\\\/www.facebook.com\\\/BoxRepsol\",\"https:\\\/\\\/x.com\\\/box_repsol\",\"http:\\\/\\\/instagram.com\\\/box_repsol\",\"https:\\\/\\\/www.youtube.com\\\/user\\\/RepsolCompeticion\",\"https:\\\/\\\/www.flickr.com\\\/photos\\\/box_repsol\\\/\"]},{\"@type\":\"Person\",\"@id\":\"https:\\\/\\\/www.boxrepsol.com\\\/es\\\/#\\\/schema\\\/person\\\/c5c2138f2cca251b0ad92b7086bb60b7\",\"name\":\"Redacci\u00f3n Box Repsol\",\"image\":{\"@type\":\"ImageObject\",\"inLanguage\":\"es\",\"@id\":\"https:\\\/\\\/secure.gravatar.com\\\/avatar\\\/adf7b77e38b4419baf32c7e9c21dde01f4e40df611f0978e3006fc4ba0aaab7e?s=96&d=mm&r=g\",\"url\":\"https:\\\/\\\/secure.gravatar.com\\\/avatar\\\/adf7b77e38b4419baf32c7e9c21dde01f4e40df611f0978e3006fc4ba0aaab7e?s=96&d=mm&r=g\",\"contentUrl\":\"https:\\\/\\\/secure.gravatar.com\\\/avatar\\\/adf7b77e38b4419baf32c7e9c21dde01f4e40df611f0978e3006fc4ba0aaab7e?s=96&d=mm&r=g\",\"caption\":\"Redacci\u00f3n Box Repsol\"},\"description\":\"Box Repsol lo forma un equipo de periodistas, community managers, dise\u00f1adores y fot\u00f3grafos con m\u00e1s de 20 a\u00f1os de experiencia en el mundo del motorsport. Hemos vivido el primer mundial de un espa\u00f1ol en la categor\u00eda reina de motociclismo con \u00c1lex Crivill\u00e9, estuvimos en las victorias de Pedrosa y los t\u00edtulos de M\u00e1rquez, acompa\u00f1amos en \u00c1frica a Nani Roma y Marc Coma en sus conquistas del Dakar y hemos vibrado con los t\u00edtulos de Toni Bou en Trial. Adem\u00e1s, en nuestro equipo contamos con expertos en el mundo de las dos y cuatro ruedas tanto de la calle y las carreteras, como de los circuitos. Periodistas que han trabajado en revistas y publicaciones para hacerte llegar desde rutas y consejos de mantenimiento, a curiosidades y trucos de pilotaje.\",\"sameAs\":[\"https:\\\/\\\/www.facebook.com\\\/BoxRepsol\\\/\",\"https:\\\/\\\/www.instagram.com\\\/box_repsol\\\/\",\"https:\\\/\\\/x.com\\\/https:\\\/\\\/twitter.com\\\/box_repsol\",\"https:\\\/\\\/www.youtube.com\\\/@Boxrepsol\"],\"url\":\"https:\\\/\\\/www.boxrepsol.com\\\/es\\\/author\\\/redaccion-box-repsol\\\/\"}]}<\/script>\n<!-- \/ Yoast SEO plugin. -->","yoast_head_json":{"title":"Marc M\u00e1rquez y Dani Pedrosa viajan a Montmel\u00f3 en globo - Box Repsol","description":"Dan gas para subir hasta 1.000 metros de altitud, antes de afrontar la s\u00e9ptima carrera de la temporada en el Circuit de Barcelona-Catalunya.","canonical":"https:\/\/www.boxrepsol.com\/es\/motogp\/marc-marquez-dani-pedrosa-viajan-montmelo-globo\/","og_locale":"es_ES","og_type":"article","og_title":"Marc M\u00e1rquez y Dani Pedrosa viajan a Montmel\u00f3 en globo - Box Repsol","og_description":"Dan gas para subir hasta 1.000 metros de altitud, antes de afrontar la s\u00e9ptima carrera de la temporada en el Circuit de Barcelona-Catalunya.","og_url":"https:\/\/www.boxrepsol.com\/es\/motogp\/marc-marquez-dani-pedrosa-viajan-montmelo-globo\/","og_site_name":"Box Repsol","article_publisher":"https:\/\/www.facebook.com\/BoxRepsol","article_author":"https:\/\/www.facebook.com\/BoxRepsol\/","article_published_time":"2017-06-06T02:00:00+00:00","article_modified_time":"2024-10-16T12:47:52+00:00","og_image":[{"width":995,"height":560,"url":"https:\/\/www.boxrepsol.com\/wp-content\/uploads\/2022\/08\/00_marc_marquez_dani_pedrosa_repsol_honda_motogp_93.jpg","type":"image\/jpeg"}],"author":"Redacci\u00f3n Box Repsol","twitter_card":"summary_large_image","twitter_creator":"@https:\/\/twitter.com\/box_repsol","twitter_site":"@box_repsol","twitter_misc":{"Written by":"Redacci\u00f3n Box Repsol","Est. reading time":"3 minutos"},"schema":{"@context":"https:\/\/schema.org","@graph":[{"@type":"Article","@id":"https:\/\/www.boxrepsol.com\/es\/motogp\/marc-marquez-dani-pedrosa-viajan-montmelo-globo\/#article","isPartOf":{"@id":"https:\/\/www.boxrepsol.com\/es\/motogp\/marc-marquez-dani-pedrosa-viajan-montmelo-globo\/"},"author":{"name":"Redacci\u00f3n Box Repsol","@id":"https:\/\/www.boxrepsol.com\/es\/#\/schema\/person\/c5c2138f2cca251b0ad92b7086bb60b7"},"headline":"Marc M\u00e1rquez y Dani Pedrosa viajan a Montmel\u00f3 en globo","datePublished":"2017-06-06T02:00:00+00:00","dateModified":"2024-10-16T12:47:52+00:00","mainEntityOfPage":{"@id":"https:\/\/www.boxrepsol.com\/es\/motogp\/marc-marquez-dani-pedrosa-viajan-montmelo-globo\/"},"wordCount":533,"commentCount":0,"publisher":{"@id":"https:\/\/www.boxrepsol.com\/es\/#organization"},"image":{"@id":"https:\/\/www.boxrepsol.com\/es\/motogp\/marc-marquez-dani-pedrosa-viajan-montmelo-globo\/#primaryimage"},"thumbnailUrl":"https:\/\/www.boxrepsol.com\/wp-content\/uploads\/2022\/08\/00_marc_marquez_dani_pedrosa_repsol_honda_motogp_93.jpg","keywords":["MotoGP Catalunya"],"articleSection":["MotoGP"],"inLanguage":"es","potentialAction":[{"@type":"CommentAction","name":"Comment","target":["https:\/\/www.boxrepsol.com\/es\/motogp\/marc-marquez-dani-pedrosa-viajan-montmelo-globo\/#respond"]}]},{"@type":"WebPage","@id":"https:\/\/www.boxrepsol.com\/es\/motogp\/marc-marquez-dani-pedrosa-viajan-montmelo-globo\/","url":"https:\/\/www.boxrepsol.com\/es\/motogp\/marc-marquez-dani-pedrosa-viajan-montmelo-globo\/","name":"Marc M\u00e1rquez y Dani Pedrosa viajan a Montmel\u00f3 en globo - Box Repsol","isPartOf":{"@id":"https:\/\/www.boxrepsol.com\/es\/#website"},"primaryImageOfPage":{"@id":"https:\/\/www.boxrepsol.com\/es\/motogp\/marc-marquez-dani-pedrosa-viajan-montmelo-globo\/#primaryimage"},"image":{"@id":"https:\/\/www.boxrepsol.com\/es\/motogp\/marc-marquez-dani-pedrosa-viajan-montmelo-globo\/#primaryimage"},"thumbnailUrl":"https:\/\/www.boxrepsol.com\/wp-content\/uploads\/2022\/08\/00_marc_marquez_dani_pedrosa_repsol_honda_motogp_93.jpg","datePublished":"2017-06-06T02:00:00+00:00","dateModified":"2024-10-16T12:47:52+00:00","description":"Dan gas para subir hasta 1.000 metros de altitud, antes de afrontar la s\u00e9ptima carrera de la temporada en el Circuit de Barcelona-Catalunya.","breadcrumb":{"@id":"https:\/\/www.boxrepsol.com\/es\/motogp\/marc-marquez-dani-pedrosa-viajan-montmelo-globo\/#breadcrumb"},"inLanguage":"es","potentialAction":[{"@type":"ReadAction","target":["https:\/\/www.boxrepsol.com\/es\/motogp\/marc-marquez-dani-pedrosa-viajan-montmelo-globo\/"]}]},{"@type":"ImageObject","inLanguage":"es","@id":"https:\/\/www.boxrepsol.com\/es\/motogp\/marc-marquez-dani-pedrosa-viajan-montmelo-globo\/#primaryimage","url":"https:\/\/www.boxrepsol.com\/wp-content\/uploads\/2022\/08\/00_marc_marquez_dani_pedrosa_repsol_honda_motogp_93.jpg","contentUrl":"https:\/\/www.boxrepsol.com\/wp-content\/uploads\/2022\/08\/00_marc_marquez_dani_pedrosa_repsol_honda_motogp_93.jpg","width":995,"height":560,"caption":"Marc M\u00e1rquez y Dani Pedrosa en globo"},{"@type":"BreadcrumbList","@id":"https:\/\/www.boxrepsol.com\/es\/motogp\/marc-marquez-dani-pedrosa-viajan-montmelo-globo\/#breadcrumb","itemListElement":[{"@type":"ListItem","position":1,"name":"Home","item":"https:\/\/www.boxrepsol.com\/es\/"},{"@type":"ListItem","position":2,"name":"Marc M\u00e1rquez y Dani Pedrosa viajan a Montmel\u00f3 en globo"}]},{"@type":"WebSite","@id":"https:\/\/www.boxrepsol.com\/es\/#website","url":"https:\/\/www.boxrepsol.com\/es\/","name":"Box Repsol","description":"Box Repsol Site","publisher":{"@id":"https:\/\/www.boxrepsol.com\/es\/#organization"},"potentialAction":[{"@type":"SearchAction","target":{"@type":"EntryPoint","urlTemplate":"https:\/\/www.boxrepsol.com\/es\/?s={search_term_string}"},"query-input":{"@type":"PropertyValueSpecification","valueRequired":true,"valueName":"search_term_string"}}],"inLanguage":"es"},{"@type":"Organization","@id":"https:\/\/www.boxrepsol.com\/es\/#organization","name":"Box Repsol","url":"https:\/\/www.boxrepsol.com\/es\/","logo":{"@type":"ImageObject","inLanguage":"es","@id":"https:\/\/www.boxrepsol.com\/es\/#\/schema\/logo\/image\/","url":"https:\/\/bxrepsol.s3.eu-west-1.amazonaws.com\/static\/2025\/07\/30083337\/favicon-96x96-1.png","contentUrl":"https:\/\/bxrepsol.s3.eu-west-1.amazonaws.com\/static\/2025\/07\/30083337\/favicon-96x96-1.png","width":96,"height":96,"caption":"Box Repsol"},"image":{"@id":"https:\/\/www.boxrepsol.com\/es\/#\/schema\/logo\/image\/"},"sameAs":["https:\/\/www.facebook.com\/BoxRepsol","https:\/\/x.com\/box_repsol","http:\/\/instagram.com\/box_repsol","https:\/\/www.youtube.com\/user\/RepsolCompeticion","https:\/\/www.flickr.com\/photos\/box_repsol\/"]},{"@type":"Person","@id":"https:\/\/www.boxrepsol.com\/es\/#\/schema\/person\/c5c2138f2cca251b0ad92b7086bb60b7","name":"Redacci\u00f3n Box Repsol","image":{"@type":"ImageObject","inLanguage":"es","@id":"https:\/\/secure.gravatar.com\/avatar\/adf7b77e38b4419baf32c7e9c21dde01f4e40df611f0978e3006fc4ba0aaab7e?s=96&d=mm&r=g","url":"https:\/\/secure.gravatar.com\/avatar\/adf7b77e38b4419baf32c7e9c21dde01f4e40df611f0978e3006fc4ba0aaab7e?s=96&d=mm&r=g","contentUrl":"https:\/\/secure.gravatar.com\/avatar\/adf7b77e38b4419baf32c7e9c21dde01f4e40df611f0978e3006fc4ba0aaab7e?s=96&d=mm&r=g","caption":"Redacci\u00f3n Box Repsol"},"description":"Box Repsol lo forma un equipo de periodistas, community managers, dise\u00f1adores y fot\u00f3grafos con m\u00e1s de 20 a\u00f1os de experiencia en el mundo del motorsport. Hemos vivido el primer mundial de un espa\u00f1ol en la categor\u00eda reina de motociclismo con \u00c1lex Crivill\u00e9, estuvimos en las victorias de Pedrosa y los t\u00edtulos de M\u00e1rquez, acompa\u00f1amos en \u00c1frica a Nani Roma y Marc Coma en sus conquistas del Dakar y hemos vibrado con los t\u00edtulos de Toni Bou en Trial. Adem\u00e1s, en nuestro equipo contamos con expertos en el mundo de las dos y cuatro ruedas tanto de la calle y las carreteras, como de los circuitos. Periodistas que han trabajado en revistas y publicaciones para hacerte llegar desde rutas y consejos de mantenimiento, a curiosidades y trucos de pilotaje.","sameAs":["https:\/\/www.facebook.com\/BoxRepsol\/","https:\/\/www.instagram.com\/box_repsol\/","https:\/\/x.com\/https:\/\/twitter.com\/box_repsol","https:\/\/www.youtube.com\/@Boxrepsol"],"url":"https:\/\/www.boxrepsol.com\/es\/author\/redaccion-box-repsol\/"}]}},"_links":{"self":[{"href":"https:\/\/www.boxrepsol.com\/es\/wp-json\/wp\/v2\/posts\/90362","targetHints":{"allow":["GET"]}}],"collection":[{"href":"https:\/\/www.boxrepsol.com\/es\/wp-json\/wp\/v2\/posts"}],"about":[{"href":"https:\/\/www.boxrepsol.com\/es\/wp-json\/wp\/v2\/types\/post"}],"author":[{"embeddable":true,"href":"https:\/\/www.boxrepsol.com\/es\/wp-json\/wp\/v2\/users\/43146"}],"replies":[{"embeddable":true,"href":"https:\/\/www.boxrepsol.com\/es\/wp-json\/wp\/v2\/comments?post=90362"}],"version-history":[{"count":2,"href":"https:\/\/www.boxrepsol.com\/es\/wp-json\/wp\/v2\/posts\/90362\/revisions"}],"predecessor-version":[{"id":121142,"href":"https:\/\/www.boxrepsol.com\/es\/wp-json\/wp\/v2\/posts\/90362\/revisions\/121142"}],"wp:featuredmedia":[{"embeddable":true,"href":"https:\/\/www.boxrepsol.com\/es\/wp-json\/wp\/v2\/media\/86557"}],"wp:attachment":[{"href":"https:\/\/www.boxrepsol.com\/es\/wp-json\/wp\/v2\/media?parent=90362"}],"wp:term":[{"taxonomy":"category","embeddable":true,"href":"https:\/\/www.boxrepsol.com\/es\/wp-json\/wp\/v2\/categories?post=90362"},{"taxonomy":"post_tag","embeddable":true,"href":"https:\/\/www.boxrepsol.com\/es\/wp-json\/wp\/v2\/tags?post=90362"}],"curies":[{"name":"wp","href":"https:\/\/api.w.org\/{rel}","templated":true}]}}