{"id":90361,"date":"2017-06-04T00:00:00","date_gmt":"2017-06-04T02:00:00","guid":{"rendered":"http:\/\/pre.boxrepsol.com\/sin-categorizar\/marquez-sexto-pedrosa-se-cae-ultimo-giro-mugello\/"},"modified":"2024-10-16T10:51:16","modified_gmt":"2024-10-16T12:51:16","slug":"marquez-sexto-pedrosa-se-cae-ultimo-giro-mugello","status":"publish","type":"post","link":"https:\/\/www.boxrepsol.com\/es\/motogp\/marquez-sexto-pedrosa-se-cae-ultimo-giro-mugello\/","title":{"rendered":"M\u00e1rquez es sexto y Pedrosa se cae en el \u00faltimo giro en Mugello"},"content":{"rendered":"<blockquote><p>Debemos seguir trabajando e intentar mejorar<\/p>\n<p><a href=\"http:\/\/twitter.com\/share?text=Debemos+seguir+trabajando+e+intentar+mejorar&amp;url=https%3A%2F%2Fwww.boxrepsol.com%2Fes%2F%3Fp%3D7623%2F&amp;hashtags=%23ItalianGP\" target=\"_blank\" rel=\"noopener noreferrer\"><br \/>\ntwittear <\/a><\/p>\n<footer>Marc M\u00e1rquez<\/footer>\n<\/blockquote>\n<p>Tras la salida, Marc M\u00e1rquez y Dani Pedrosa se han situado cuarto y quinto, respectivamente.<\/p>\n<p>M\u00e1rquez ha llegado a rodar tercero en el segundo giro y ha cruzado la meta sexto, <strong>a apenas 83 mil\u00e9simas del quinto clasificado<\/strong>.<\/p>\n<p>Dani Pedrosa, duod\u00e9cimo en la pen\u00faltima vuelta, se ha ca\u00eddo en el \u00faltimo giro cuando trataba de adelantar a Cal Crutchlow.<\/p>\n<h3>Marc M\u00e1rquez<\/h3>\n<blockquote><p>He empezado fuerte la carrera porque sab\u00eda que las primeras vueltas eran importantes, as\u00ed que he intentado luchar. Al principio he podido hacerlo, pero m\u00e1s tarde he empezado a tener problemas con el neum\u00e1tico delantero en las curvas y adem\u00e1s otros pilotos me atrapaban en la recta. Hemos escogido el compuesto medio delantero porque sab\u00edamos que con el duro, con el que me sent\u00eda mejor, no habr\u00edamos terminado la carrera. De hecho, como la opci\u00f3n dura era asim\u00e9trica, en este caso el medio era m\u00e1s duro en el lado derecho que la opci\u00f3n dura y este circuito castiga m\u00e1s ese flanco del neum\u00e1tico. Pero en un momento determinado, he empezado a notar que ten\u00eda dificultades en las curvas, as\u00ed que he decidido mantenerme donde estaba y no arriesgarme a sufrir una ca\u00edda. Esto nos ha permitido acabar sextos. Es un campeonato muy cambiante, as\u00ed que debemos seguir trabajando e intentar mejorar.<\/p><\/blockquote>\n<h3>Dani Pedrosa<\/h3>\n<blockquote><p>Hemos tenido problemas por la falta de agarre durante todo el fin de semana, y hoy en la carrera ha sido a\u00fan peor. No he tenido nada de adherencia desde el principio, ni delante ni detr\u00e1s, y me han adelantado muchos pilotos sin poder presentar batalla. La moto se mov\u00eda mucho, incluso en la recta, y b\u00e1sicamente no he sido capaz de controlarla. Ha sido una carrera muy larga. En la \u00faltima vuelta me he ca\u00eddo intentando adelantar a Cal [Crutchlow] y le he tirado. Lo siento porque no est\u00e1 bien que, si cometes un error, otro pague por ello. Por suerte, los dos estamos bien despu\u00e9s de la ca\u00edda y s\u00f3lo nos queda esperar a la pr\u00f3xima carrera. Esperemos que tengamos mejores sensaciones en Catalunya.<\/p><\/blockquote>\n","protected":false},"excerpt":{"rendered":"<p>Tras la prueba en Mugello, los pilotos del equipo Repsol Honda empatan a 68 puntos en la cuarta y quinta posici\u00f3n de la general del Mundial, respectivamente, a 37 puntos del liderato.<\/p>\n","protected":false},"author":43146,"featured_media":86553,"comment_status":"open","ping_status":"open","sticky":false,"template":"","format":"standard","meta":{"footnotes":""},"categories":[4],"tags":[127],"class_list":["post-90361","post","type-post","status-publish","format-standard","hentry","category-motogp","tag-motogp-italia"],"yoast_head":"<!-- This site is optimized with the Yoast SEO plugin v27.3 - https:\/\/yoast.com\/product\/yoast-seo-wordpress\/ -->\n<title>M\u00e1rquez es sexto y Pedrosa se cae en el \u00faltimo giro en Mugello - Box Repsol<\/title>\n<meta name=\"description\" content=\"Tras la prueba en Mugello, los pilotos del equipo Repsol Honda empatan a 68 puntos en la cuarta y quinta posici\u00f3n de la general a 37 puntos del liderato.\" \/>\n<link rel=\"canonical\" href=\"https:\/\/www.boxrepsol.com\/es\/motogp\/marquez-sexto-pedrosa-se-cae-ultimo-giro-mugello\/\" \/>\n<meta property=\"og:locale\" content=\"es_ES\" \/>\n<meta property=\"og:type\" content=\"article\" \/>\n<meta property=\"og:title\" content=\"M\u00e1rquez es sexto y Pedrosa se cae en el \u00faltimo giro en Mugello - Box Repsol\" \/>\n<meta property=\"og:description\" content=\"Tras la prueba en Mugello, los pilotos del equipo Repsol Honda empatan a 68 puntos en la cuarta y quinta posici\u00f3n de la general a 37 puntos del liderato.\" \/>\n<meta property=\"og:url\" content=\"https:\/\/www.boxrepsol.com\/es\/motogp\/marquez-sexto-pedrosa-se-cae-ultimo-giro-mugello\/\" \/>\n<meta property=\"og:site_name\" content=\"Box Repsol\" \/>\n<meta property=\"article:publisher\" content=\"https:\/\/www.facebook.com\/BoxRepsol\" \/>\n<meta property=\"article:author\" content=\"https:\/\/www.facebook.com\/BoxRepsol\/\" \/>\n<meta property=\"article:published_time\" content=\"2017-06-04T02:00:00+00:00\" \/>\n<meta property=\"article:modified_time\" content=\"2024-10-16T12:51:16+00:00\" \/>\n<meta property=\"og:image\" content=\"https:\/\/www.boxrepsol.com\/wp-content\/uploads\/2022\/08\/Marquez-en-Mugello-2017.jpg\" \/>\n\t<meta property=\"og:image:width\" content=\"995\" \/>\n\t<meta property=\"og:image:height\" content=\"560\" \/>\n\t<meta property=\"og:image:type\" content=\"image\/jpeg\" \/>\n<meta name=\"author\" content=\"Redacci\u00f3n Box Repsol\" \/>\n<meta name=\"twitter:card\" content=\"summary_large_image\" \/>\n<meta name=\"twitter:creator\" content=\"@https:\/\/twitter.com\/box_repsol\" \/>\n<meta name=\"twitter:site\" content=\"@box_repsol\" \/>\n<meta name=\"twitter:label1\" content=\"Written by\" \/>\n\t<meta name=\"twitter:data1\" content=\"Redacci\u00f3n Box Repsol\" \/>\n\t<meta name=\"twitter:label2\" content=\"Est. reading time\" \/>\n\t<meta name=\"twitter:data2\" content=\"2 minutos\" \/>\n<script type=\"application\/ld+json\" class=\"yoast-schema-graph\">{\"@context\":\"https:\\\/\\\/schema.org\",\"@graph\":[{\"@type\":\"Article\",\"@id\":\"https:\\\/\\\/www.boxrepsol.com\\\/es\\\/motogp\\\/marquez-sexto-pedrosa-se-cae-ultimo-giro-mugello\\\/#article\",\"isPartOf\":{\"@id\":\"https:\\\/\\\/www.boxrepsol.com\\\/es\\\/motogp\\\/marquez-sexto-pedrosa-se-cae-ultimo-giro-mugello\\\/\"},\"author\":{\"name\":\"Redacci\u00f3n Box Repsol\",\"@id\":\"https:\\\/\\\/www.boxrepsol.com\\\/es\\\/#\\\/schema\\\/person\\\/c5c2138f2cca251b0ad92b7086bb60b7\"},\"headline\":\"M\u00e1rquez es sexto y Pedrosa se cae en el \u00faltimo giro en Mugello\",\"datePublished\":\"2017-06-04T02:00:00+00:00\",\"dateModified\":\"2024-10-16T12:51:16+00:00\",\"mainEntityOfPage\":{\"@id\":\"https:\\\/\\\/www.boxrepsol.com\\\/es\\\/motogp\\\/marquez-sexto-pedrosa-se-cae-ultimo-giro-mugello\\\/\"},\"wordCount\":394,\"commentCount\":0,\"publisher\":{\"@id\":\"https:\\\/\\\/www.boxrepsol.com\\\/es\\\/#organization\"},\"image\":{\"@id\":\"https:\\\/\\\/www.boxrepsol.com\\\/es\\\/motogp\\\/marquez-sexto-pedrosa-se-cae-ultimo-giro-mugello\\\/#primaryimage\"},\"thumbnailUrl\":\"https:\\\/\\\/www.boxrepsol.com\\\/wp-content\\\/uploads\\\/2022\\\/08\\\/Marquez-en-Mugello-2017.jpg\",\"keywords\":[\"MotoGP Italia\"],\"articleSection\":[\"MotoGP\"],\"inLanguage\":\"es\",\"potentialAction\":[{\"@type\":\"CommentAction\",\"name\":\"Comment\",\"target\":[\"https:\\\/\\\/www.boxrepsol.com\\\/es\\\/motogp\\\/marquez-sexto-pedrosa-se-cae-ultimo-giro-mugello\\\/#respond\"]}]},{\"@type\":\"WebPage\",\"@id\":\"https:\\\/\\\/www.boxrepsol.com\\\/es\\\/motogp\\\/marquez-sexto-pedrosa-se-cae-ultimo-giro-mugello\\\/\",\"url\":\"https:\\\/\\\/www.boxrepsol.com\\\/es\\\/motogp\\\/marquez-sexto-pedrosa-se-cae-ultimo-giro-mugello\\\/\",\"name\":\"M\u00e1rquez es sexto y Pedrosa se cae en el \u00faltimo giro en Mugello - Box Repsol\",\"isPartOf\":{\"@id\":\"https:\\\/\\\/www.boxrepsol.com\\\/es\\\/#website\"},\"primaryImageOfPage\":{\"@id\":\"https:\\\/\\\/www.boxrepsol.com\\\/es\\\/motogp\\\/marquez-sexto-pedrosa-se-cae-ultimo-giro-mugello\\\/#primaryimage\"},\"image\":{\"@id\":\"https:\\\/\\\/www.boxrepsol.com\\\/es\\\/motogp\\\/marquez-sexto-pedrosa-se-cae-ultimo-giro-mugello\\\/#primaryimage\"},\"thumbnailUrl\":\"https:\\\/\\\/www.boxrepsol.com\\\/wp-content\\\/uploads\\\/2022\\\/08\\\/Marquez-en-Mugello-2017.jpg\",\"datePublished\":\"2017-06-04T02:00:00+00:00\",\"dateModified\":\"2024-10-16T12:51:16+00:00\",\"description\":\"Tras la prueba en Mugello, los pilotos del equipo Repsol Honda empatan a 68 puntos en la cuarta y quinta posici\u00f3n de la general a 37 puntos del liderato.\",\"breadcrumb\":{\"@id\":\"https:\\\/\\\/www.boxrepsol.com\\\/es\\\/motogp\\\/marquez-sexto-pedrosa-se-cae-ultimo-giro-mugello\\\/#breadcrumb\"},\"inLanguage\":\"es\",\"potentialAction\":[{\"@type\":\"ReadAction\",\"target\":[\"https:\\\/\\\/www.boxrepsol.com\\\/es\\\/motogp\\\/marquez-sexto-pedrosa-se-cae-ultimo-giro-mugello\\\/\"]}]},{\"@type\":\"ImageObject\",\"inLanguage\":\"es\",\"@id\":\"https:\\\/\\\/www.boxrepsol.com\\\/es\\\/motogp\\\/marquez-sexto-pedrosa-se-cae-ultimo-giro-mugello\\\/#primaryimage\",\"url\":\"https:\\\/\\\/www.boxrepsol.com\\\/wp-content\\\/uploads\\\/2022\\\/08\\\/Marquez-en-Mugello-2017.jpg\",\"contentUrl\":\"https:\\\/\\\/www.boxrepsol.com\\\/wp-content\\\/uploads\\\/2022\\\/08\\\/Marquez-en-Mugello-2017.jpg\",\"width\":995,\"height\":560,\"caption\":\"Marc M\u00e1rquez, 2017, MotoGP, Mugello, GP de Italia, Motociclismo\"},{\"@type\":\"BreadcrumbList\",\"@id\":\"https:\\\/\\\/www.boxrepsol.com\\\/es\\\/motogp\\\/marquez-sexto-pedrosa-se-cae-ultimo-giro-mugello\\\/#breadcrumb\",\"itemListElement\":[{\"@type\":\"ListItem\",\"position\":1,\"name\":\"Home\",\"item\":\"https:\\\/\\\/www.boxrepsol.com\\\/es\\\/\"},{\"@type\":\"ListItem\",\"position\":2,\"name\":\"M\u00e1rquez es sexto y Pedrosa se cae en el \u00faltimo giro en Mugello\"}]},{\"@type\":\"WebSite\",\"@id\":\"https:\\\/\\\/www.boxrepsol.com\\\/es\\\/#website\",\"url\":\"https:\\\/\\\/www.boxrepsol.com\\\/es\\\/\",\"name\":\"Box Repsol\",\"description\":\"Box Repsol Site\",\"publisher\":{\"@id\":\"https:\\\/\\\/www.boxrepsol.com\\\/es\\\/#organization\"},\"potentialAction\":[{\"@type\":\"SearchAction\",\"target\":{\"@type\":\"EntryPoint\",\"urlTemplate\":\"https:\\\/\\\/www.boxrepsol.com\\\/es\\\/?s={search_term_string}\"},\"query-input\":{\"@type\":\"PropertyValueSpecification\",\"valueRequired\":true,\"valueName\":\"search_term_string\"}}],\"inLanguage\":\"es\"},{\"@type\":\"Organization\",\"@id\":\"https:\\\/\\\/www.boxrepsol.com\\\/es\\\/#organization\",\"name\":\"Box Repsol\",\"url\":\"https:\\\/\\\/www.boxrepsol.com\\\/es\\\/\",\"logo\":{\"@type\":\"ImageObject\",\"inLanguage\":\"es\",\"@id\":\"https:\\\/\\\/www.boxrepsol.com\\\/es\\\/#\\\/schema\\\/logo\\\/image\\\/\",\"url\":\"https:\\\/\\\/bxrepsol.s3.eu-west-1.amazonaws.com\\\/static\\\/2025\\\/07\\\/30083337\\\/favicon-96x96-1.png\",\"contentUrl\":\"https:\\\/\\\/bxrepsol.s3.eu-west-1.amazonaws.com\\\/static\\\/2025\\\/07\\\/30083337\\\/favicon-96x96-1.png\",\"width\":96,\"height\":96,\"caption\":\"Box Repsol\"},\"image\":{\"@id\":\"https:\\\/\\\/www.boxrepsol.com\\\/es\\\/#\\\/schema\\\/logo\\\/image\\\/\"},\"sameAs\":[\"https:\\\/\\\/www.facebook.com\\\/BoxRepsol\",\"https:\\\/\\\/x.com\\\/box_repsol\",\"http:\\\/\\\/instagram.com\\\/box_repsol\",\"https:\\\/\\\/www.youtube.com\\\/user\\\/RepsolCompeticion\",\"https:\\\/\\\/www.flickr.com\\\/photos\\\/box_repsol\\\/\"]},{\"@type\":\"Person\",\"@id\":\"https:\\\/\\\/www.boxrepsol.com\\\/es\\\/#\\\/schema\\\/person\\\/c5c2138f2cca251b0ad92b7086bb60b7\",\"name\":\"Redacci\u00f3n Box Repsol\",\"image\":{\"@type\":\"ImageObject\",\"inLanguage\":\"es\",\"@id\":\"https:\\\/\\\/secure.gravatar.com\\\/avatar\\\/adf7b77e38b4419baf32c7e9c21dde01f4e40df611f0978e3006fc4ba0aaab7e?s=96&d=mm&r=g\",\"url\":\"https:\\\/\\\/secure.gravatar.com\\\/avatar\\\/adf7b77e38b4419baf32c7e9c21dde01f4e40df611f0978e3006fc4ba0aaab7e?s=96&d=mm&r=g\",\"contentUrl\":\"https:\\\/\\\/secure.gravatar.com\\\/avatar\\\/adf7b77e38b4419baf32c7e9c21dde01f4e40df611f0978e3006fc4ba0aaab7e?s=96&d=mm&r=g\",\"caption\":\"Redacci\u00f3n Box Repsol\"},\"description\":\"Box Repsol lo forma un equipo de periodistas, community managers, dise\u00f1adores y fot\u00f3grafos con m\u00e1s de 20 a\u00f1os de experiencia en el mundo del motorsport. Hemos vivido el primer mundial de un espa\u00f1ol en la categor\u00eda reina de motociclismo con \u00c1lex Crivill\u00e9, estuvimos en las victorias de Pedrosa y los t\u00edtulos de M\u00e1rquez, acompa\u00f1amos en \u00c1frica a Nani Roma y Marc Coma en sus conquistas del Dakar y hemos vibrado con los t\u00edtulos de Toni Bou en Trial. Adem\u00e1s, en nuestro equipo contamos con expertos en el mundo de las dos y cuatro ruedas tanto de la calle y las carreteras, como de los circuitos. Periodistas que han trabajado en revistas y publicaciones para hacerte llegar desde rutas y consejos de mantenimiento, a curiosidades y trucos de pilotaje.\",\"sameAs\":[\"https:\\\/\\\/www.facebook.com\\\/BoxRepsol\\\/\",\"https:\\\/\\\/www.instagram.com\\\/box_repsol\\\/\",\"https:\\\/\\\/x.com\\\/https:\\\/\\\/twitter.com\\\/box_repsol\",\"https:\\\/\\\/www.youtube.com\\\/@Boxrepsol\"],\"url\":\"https:\\\/\\\/www.boxrepsol.com\\\/es\\\/author\\\/redaccion-box-repsol\\\/\"}]}<\/script>\n<!-- \/ Yoast SEO plugin. -->","yoast_head_json":{"title":"M\u00e1rquez es sexto y Pedrosa se cae en el \u00faltimo giro en Mugello - Box Repsol","description":"Tras la prueba en Mugello, los pilotos del equipo Repsol Honda empatan a 68 puntos en la cuarta y quinta posici\u00f3n de la general a 37 puntos del liderato.","canonical":"https:\/\/www.boxrepsol.com\/es\/motogp\/marquez-sexto-pedrosa-se-cae-ultimo-giro-mugello\/","og_locale":"es_ES","og_type":"article","og_title":"M\u00e1rquez es sexto y Pedrosa se cae en el \u00faltimo giro en Mugello - Box Repsol","og_description":"Tras la prueba en Mugello, los pilotos del equipo Repsol Honda empatan a 68 puntos en la cuarta y quinta posici\u00f3n de la general a 37 puntos del liderato.","og_url":"https:\/\/www.boxrepsol.com\/es\/motogp\/marquez-sexto-pedrosa-se-cae-ultimo-giro-mugello\/","og_site_name":"Box Repsol","article_publisher":"https:\/\/www.facebook.com\/BoxRepsol","article_author":"https:\/\/www.facebook.com\/BoxRepsol\/","article_published_time":"2017-06-04T02:00:00+00:00","article_modified_time":"2024-10-16T12:51:16+00:00","og_image":[{"width":995,"height":560,"url":"https:\/\/www.boxrepsol.com\/wp-content\/uploads\/2022\/08\/Marquez-en-Mugello-2017.jpg","type":"image\/jpeg"}],"author":"Redacci\u00f3n Box Repsol","twitter_card":"summary_large_image","twitter_creator":"@https:\/\/twitter.com\/box_repsol","twitter_site":"@box_repsol","twitter_misc":{"Written by":"Redacci\u00f3n Box Repsol","Est. reading time":"2 minutos"},"schema":{"@context":"https:\/\/schema.org","@graph":[{"@type":"Article","@id":"https:\/\/www.boxrepsol.com\/es\/motogp\/marquez-sexto-pedrosa-se-cae-ultimo-giro-mugello\/#article","isPartOf":{"@id":"https:\/\/www.boxrepsol.com\/es\/motogp\/marquez-sexto-pedrosa-se-cae-ultimo-giro-mugello\/"},"author":{"name":"Redacci\u00f3n Box Repsol","@id":"https:\/\/www.boxrepsol.com\/es\/#\/schema\/person\/c5c2138f2cca251b0ad92b7086bb60b7"},"headline":"M\u00e1rquez es sexto y Pedrosa se cae en el \u00faltimo giro en Mugello","datePublished":"2017-06-04T02:00:00+00:00","dateModified":"2024-10-16T12:51:16+00:00","mainEntityOfPage":{"@id":"https:\/\/www.boxrepsol.com\/es\/motogp\/marquez-sexto-pedrosa-se-cae-ultimo-giro-mugello\/"},"wordCount":394,"commentCount":0,"publisher":{"@id":"https:\/\/www.boxrepsol.com\/es\/#organization"},"image":{"@id":"https:\/\/www.boxrepsol.com\/es\/motogp\/marquez-sexto-pedrosa-se-cae-ultimo-giro-mugello\/#primaryimage"},"thumbnailUrl":"https:\/\/www.boxrepsol.com\/wp-content\/uploads\/2022\/08\/Marquez-en-Mugello-2017.jpg","keywords":["MotoGP Italia"],"articleSection":["MotoGP"],"inLanguage":"es","potentialAction":[{"@type":"CommentAction","name":"Comment","target":["https:\/\/www.boxrepsol.com\/es\/motogp\/marquez-sexto-pedrosa-se-cae-ultimo-giro-mugello\/#respond"]}]},{"@type":"WebPage","@id":"https:\/\/www.boxrepsol.com\/es\/motogp\/marquez-sexto-pedrosa-se-cae-ultimo-giro-mugello\/","url":"https:\/\/www.boxrepsol.com\/es\/motogp\/marquez-sexto-pedrosa-se-cae-ultimo-giro-mugello\/","name":"M\u00e1rquez es sexto y Pedrosa se cae en el \u00faltimo giro en Mugello - Box Repsol","isPartOf":{"@id":"https:\/\/www.boxrepsol.com\/es\/#website"},"primaryImageOfPage":{"@id":"https:\/\/www.boxrepsol.com\/es\/motogp\/marquez-sexto-pedrosa-se-cae-ultimo-giro-mugello\/#primaryimage"},"image":{"@id":"https:\/\/www.boxrepsol.com\/es\/motogp\/marquez-sexto-pedrosa-se-cae-ultimo-giro-mugello\/#primaryimage"},"thumbnailUrl":"https:\/\/www.boxrepsol.com\/wp-content\/uploads\/2022\/08\/Marquez-en-Mugello-2017.jpg","datePublished":"2017-06-04T02:00:00+00:00","dateModified":"2024-10-16T12:51:16+00:00","description":"Tras la prueba en Mugello, los pilotos del equipo Repsol Honda empatan a 68 puntos en la cuarta y quinta posici\u00f3n de la general a 37 puntos del liderato.","breadcrumb":{"@id":"https:\/\/www.boxrepsol.com\/es\/motogp\/marquez-sexto-pedrosa-se-cae-ultimo-giro-mugello\/#breadcrumb"},"inLanguage":"es","potentialAction":[{"@type":"ReadAction","target":["https:\/\/www.boxrepsol.com\/es\/motogp\/marquez-sexto-pedrosa-se-cae-ultimo-giro-mugello\/"]}]},{"@type":"ImageObject","inLanguage":"es","@id":"https:\/\/www.boxrepsol.com\/es\/motogp\/marquez-sexto-pedrosa-se-cae-ultimo-giro-mugello\/#primaryimage","url":"https:\/\/www.boxrepsol.com\/wp-content\/uploads\/2022\/08\/Marquez-en-Mugello-2017.jpg","contentUrl":"https:\/\/www.boxrepsol.com\/wp-content\/uploads\/2022\/08\/Marquez-en-Mugello-2017.jpg","width":995,"height":560,"caption":"Marc M\u00e1rquez, 2017, MotoGP, Mugello, GP de Italia, Motociclismo"},{"@type":"BreadcrumbList","@id":"https:\/\/www.boxrepsol.com\/es\/motogp\/marquez-sexto-pedrosa-se-cae-ultimo-giro-mugello\/#breadcrumb","itemListElement":[{"@type":"ListItem","position":1,"name":"Home","item":"https:\/\/www.boxrepsol.com\/es\/"},{"@type":"ListItem","position":2,"name":"M\u00e1rquez es sexto y Pedrosa se cae en el \u00faltimo giro en Mugello"}]},{"@type":"WebSite","@id":"https:\/\/www.boxrepsol.com\/es\/#website","url":"https:\/\/www.boxrepsol.com\/es\/","name":"Box Repsol","description":"Box Repsol Site","publisher":{"@id":"https:\/\/www.boxrepsol.com\/es\/#organization"},"potentialAction":[{"@type":"SearchAction","target":{"@type":"EntryPoint","urlTemplate":"https:\/\/www.boxrepsol.com\/es\/?s={search_term_string}"},"query-input":{"@type":"PropertyValueSpecification","valueRequired":true,"valueName":"search_term_string"}}],"inLanguage":"es"},{"@type":"Organization","@id":"https:\/\/www.boxrepsol.com\/es\/#organization","name":"Box Repsol","url":"https:\/\/www.boxrepsol.com\/es\/","logo":{"@type":"ImageObject","inLanguage":"es","@id":"https:\/\/www.boxrepsol.com\/es\/#\/schema\/logo\/image\/","url":"https:\/\/bxrepsol.s3.eu-west-1.amazonaws.com\/static\/2025\/07\/30083337\/favicon-96x96-1.png","contentUrl":"https:\/\/bxrepsol.s3.eu-west-1.amazonaws.com\/static\/2025\/07\/30083337\/favicon-96x96-1.png","width":96,"height":96,"caption":"Box Repsol"},"image":{"@id":"https:\/\/www.boxrepsol.com\/es\/#\/schema\/logo\/image\/"},"sameAs":["https:\/\/www.facebook.com\/BoxRepsol","https:\/\/x.com\/box_repsol","http:\/\/instagram.com\/box_repsol","https:\/\/www.youtube.com\/user\/RepsolCompeticion","https:\/\/www.flickr.com\/photos\/box_repsol\/"]},{"@type":"Person","@id":"https:\/\/www.boxrepsol.com\/es\/#\/schema\/person\/c5c2138f2cca251b0ad92b7086bb60b7","name":"Redacci\u00f3n Box Repsol","image":{"@type":"ImageObject","inLanguage":"es","@id":"https:\/\/secure.gravatar.com\/avatar\/adf7b77e38b4419baf32c7e9c21dde01f4e40df611f0978e3006fc4ba0aaab7e?s=96&d=mm&r=g","url":"https:\/\/secure.gravatar.com\/avatar\/adf7b77e38b4419baf32c7e9c21dde01f4e40df611f0978e3006fc4ba0aaab7e?s=96&d=mm&r=g","contentUrl":"https:\/\/secure.gravatar.com\/avatar\/adf7b77e38b4419baf32c7e9c21dde01f4e40df611f0978e3006fc4ba0aaab7e?s=96&d=mm&r=g","caption":"Redacci\u00f3n Box Repsol"},"description":"Box Repsol lo forma un equipo de periodistas, community managers, dise\u00f1adores y fot\u00f3grafos con m\u00e1s de 20 a\u00f1os de experiencia en el mundo del motorsport. Hemos vivido el primer mundial de un espa\u00f1ol en la categor\u00eda reina de motociclismo con \u00c1lex Crivill\u00e9, estuvimos en las victorias de Pedrosa y los t\u00edtulos de M\u00e1rquez, acompa\u00f1amos en \u00c1frica a Nani Roma y Marc Coma en sus conquistas del Dakar y hemos vibrado con los t\u00edtulos de Toni Bou en Trial. Adem\u00e1s, en nuestro equipo contamos con expertos en el mundo de las dos y cuatro ruedas tanto de la calle y las carreteras, como de los circuitos. Periodistas que han trabajado en revistas y publicaciones para hacerte llegar desde rutas y consejos de mantenimiento, a curiosidades y trucos de pilotaje.","sameAs":["https:\/\/www.facebook.com\/BoxRepsol\/","https:\/\/www.instagram.com\/box_repsol\/","https:\/\/x.com\/https:\/\/twitter.com\/box_repsol","https:\/\/www.youtube.com\/@Boxrepsol"],"url":"https:\/\/www.boxrepsol.com\/es\/author\/redaccion-box-repsol\/"}]}},"_links":{"self":[{"href":"https:\/\/www.boxrepsol.com\/es\/wp-json\/wp\/v2\/posts\/90361","targetHints":{"allow":["GET"]}}],"collection":[{"href":"https:\/\/www.boxrepsol.com\/es\/wp-json\/wp\/v2\/posts"}],"about":[{"href":"https:\/\/www.boxrepsol.com\/es\/wp-json\/wp\/v2\/types\/post"}],"author":[{"embeddable":true,"href":"https:\/\/www.boxrepsol.com\/es\/wp-json\/wp\/v2\/users\/43146"}],"replies":[{"embeddable":true,"href":"https:\/\/www.boxrepsol.com\/es\/wp-json\/wp\/v2\/comments?post=90361"}],"version-history":[{"count":2,"href":"https:\/\/www.boxrepsol.com\/es\/wp-json\/wp\/v2\/posts\/90361\/revisions"}],"predecessor-version":[{"id":121147,"href":"https:\/\/www.boxrepsol.com\/es\/wp-json\/wp\/v2\/posts\/90361\/revisions\/121147"}],"wp:featuredmedia":[{"embeddable":true,"href":"https:\/\/www.boxrepsol.com\/es\/wp-json\/wp\/v2\/media\/86553"}],"wp:attachment":[{"href":"https:\/\/www.boxrepsol.com\/es\/wp-json\/wp\/v2\/media?parent=90361"}],"wp:term":[{"taxonomy":"category","embeddable":true,"href":"https:\/\/www.boxrepsol.com\/es\/wp-json\/wp\/v2\/categories?post=90361"},{"taxonomy":"post_tag","embeddable":true,"href":"https:\/\/www.boxrepsol.com\/es\/wp-json\/wp\/v2\/tags?post=90361"}],"curies":[{"name":"wp","href":"https:\/\/api.w.org\/{rel}","templated":true}]}}