{"id":90333,"date":"2017-06-01T00:00:00","date_gmt":"2017-06-01T02:00:00","guid":{"rendered":"http:\/\/pre.boxrepsol.com\/sin-categorizar\/pasado-10-cosas-eres-dani-pedrosa\/"},"modified":"2024-05-15T07:35:35","modified_gmt":"2024-05-15T09:35:35","slug":"pasado-10-cosas-eres-dani-pedrosa","status":"publish","type":"post","link":"https:\/\/www.boxrepsol.com\/es\/motogp\/pasado-10-cosas-eres-dani-pedrosa\/","title":{"rendered":"Si te han pasado estas 10 cosas, eres Dani Pedrosa"},"content":{"rendered":"<p><strong>Dani Pedrosa <\/strong>es\u00a0conocido como \u201cel piloto de Castellar del Vall\u00e9s\u201d pero naci\u00f3 en la localidad de Sabadell (Barcelona), un <strong>29 de septiembre de 1985<\/strong>. Su <strong>n\u00famero fetiche \u201c26\u201d<\/strong> procede de su relaci\u00f3n con Alberto Puig, su mentor deportivo hasta las recientes temporadas.<\/p>\n<p><img loading=\"lazy\" decoding=\"async\" src=\"https:\/\/bxrepsol.s3.eu-west-1.amazonaws.com\/static\/2022\/08\/29071947\/7_DATOS_CURIOSOS_DE_DANI_PEDROSA_QUE_TE_DEJARAN_ALUCINADO_1-2.png\" alt=\"\" width=\"704\" height=\"465\" \/><\/p>\n<p>Tras competir a los 10 a\u00f1os en el campeonato nacional de minimotos, y siendo todav\u00eda un <em>teenager,<\/em> <strong>en 1999<\/strong> fue seleccionado como piloto para la <strong>Movistar Activa Cup<\/strong> cuando Puig, encargado del proyecto, descubri\u00f3 su <strong>talento fuera de serie<\/strong>.<\/p>\n<p><strong>Debut\u00f3 en el Mundial<\/strong> de 125cc en el <strong>a\u00f1o 2001<\/strong>, tras haber quedado 4\u00ba en 2000 en el CEV (Campeonato Espa\u00f1ol de Velocidad), y consigui\u00f3 <strong>dos podios y finalizar 8\u00ba<\/strong> del campeonato.<\/p>\n<p><img loading=\"lazy\" decoding=\"async\" src=\"https:\/\/bxrepsol.s3.eu-west-1.amazonaws.com\/static\/2022\/08\/29071948\/7_DATOS_CURIOSOS_DE_DANI_PEDROSA_QUE_TE_DEJARAN_ALUCINADO_2-2.png\" alt=\"\" width=\"704\" height=\"465\" \/><\/p>\n<p>Su <strong>palmar\u00e9s<\/strong> es sensacional: <strong>3 mundiales<\/strong>, uno en 125cc, y dos en 250cc.<\/p>\n<p>En total, <strong>Pedrosa<\/strong> ha conseguido <strong>53 victorias en 264 carreras mundialistas<\/strong>, siempre con <strong>Honda<\/strong>. De hecho, Dani Pedrosa <strong>tiene el r\u00e9cord de carreras disputadas para HRC en todas las categor\u00edas<\/strong>, siendo el piloto que m\u00e1s carreras ha ganado para la marca, ganando pruebas con los modelos RS125, RSW250, RC211V, RC212V, y RC213V.<\/p>\n<p>En <strong>2004<\/strong> gan\u00f3 su <strong>primera carrera de 250cc<\/strong>, siendo el <strong>Campe\u00f3n del Mundo m\u00e1s joven de esta cilindrada<\/strong>. Tambi\u00e9n fue el bicampe\u00f3n m\u00e1s joven, y es uno de los pocos pilotos en ganar consecutivamente los t\u00edtulos de 125cc y 250cc. En <strong>2005<\/strong> gan\u00f3 su <strong>segundo t\u00edtulo de 250cc<\/strong> consecutivo, con nada menos que 8 victorias.<\/p>\n<p>Ya en el <strong>Equipo Repsol Honda de MotoGP<\/strong>, qued\u00f3 segundo en su primera carrera, ganando ya la cuarta, en el <strong>GP de China<\/strong>, triunfo que repiti\u00f3 en Donington Park.<\/p>\n<p>En <strong>MotoGP<\/strong>, Dani ha sido subcampe\u00f3n en 2007, 2010 y 2012, \u00a0quinto en 2006, tercero en 2008, 2009 y 2013, cuarto en 2011, 2014 y 2015, y sexto en 2016, acumulando un total de <strong>30 victorias y 106 podios<\/strong>.<\/p>\n<p><strong>Dani es el tercer piloto con m\u00e1s podios en MotoGP<\/strong>, solo por detr\u00e1s de Valentino Rossi y Jorge Lorenzo.<\/p>\n<p><strong>Dani Pedrosa ha iniciado esta temporada 2017 muy fuerte:\u00a0<\/strong>ha hecho podio en Las Am\u00e9ricas, ha ganado el GP de <strong>Jerez<\/strong> y ha hecho podio en <strong>Le Mans<\/strong>.<\/p>\n<p>\u00bfTe podemos felicitar?<\/p>\n<p><img loading=\"lazy\" decoding=\"async\" src=\"https:\/\/bxrepsol.s3.eu-west-1.amazonaws.com\/static\/2022\/08\/29071949\/7_DATOS_CURIOSOS_DE_DANI_PEDROSA_QUE_TE_DEJARAN_ALUCINADO_5-2.png\" alt=\"\" width=\"704\" height=\"465\" \/><\/p>\n","protected":false},"excerpt":{"rendered":"<p>Dani Pedrosa es\u00a0conocido como \u201cel piloto de Castellar del Vall\u00e9s\u201d pero naci\u00f3 en la localidad de Sabadell (Barcelona), un 29 de septiembre de 1985. Su n\u00famero fetiche \u201c26\u201d procede de su relaci\u00f3n con Alberto Puig, su mentor deportivo hasta las recientes temporadas. Tras competir a los 10 a\u00f1os en el campeonato nacional de minimotos, y [&hellip;]<\/p>\n","protected":false},"author":43146,"featured_media":90335,"comment_status":"open","ping_status":"open","sticky":false,"template":"","format":"standard","meta":{"footnotes":""},"categories":[4],"tags":[5],"class_list":["post-90333","post","type-post","status-publish","format-standard","hentry","category-motogp","tag-dani-pedrosa"],"yoast_head":"<!-- This site is optimized with the Yoast SEO plugin v27.3 - https:\/\/yoast.com\/product\/yoast-seo-wordpress\/ -->\n<title>Si te han pasado estas 10 cosas eres Dani Pedrosa<\/title>\n<meta name=\"description\" content=\"Dani Pedrosa es conocido como \u201cel piloto de Castellar del Vall\u00e9s\u201d pero naci\u00f3 en la localidad de Sabadell (Barcelona)\" \/>\n<link rel=\"canonical\" href=\"https:\/\/www.boxrepsol.com\/es\/motogp\/pasado-10-cosas-eres-dani-pedrosa\/\" \/>\n<meta property=\"og:locale\" content=\"es_ES\" \/>\n<meta property=\"og:type\" content=\"article\" \/>\n<meta property=\"og:title\" content=\"Si te han pasado estas 10 cosas eres Dani Pedrosa\" \/>\n<meta property=\"og:description\" content=\"Dani Pedrosa es conocido como \u201cel piloto de Castellar del Vall\u00e9s\u201d pero naci\u00f3 en la localidad de Sabadell (Barcelona)\" \/>\n<meta property=\"og:url\" content=\"https:\/\/www.boxrepsol.com\/es\/motogp\/pasado-10-cosas-eres-dani-pedrosa\/\" \/>\n<meta property=\"og:site_name\" content=\"Box Repsol\" \/>\n<meta property=\"article:publisher\" content=\"https:\/\/www.facebook.com\/BoxRepsol\" \/>\n<meta property=\"article:author\" content=\"https:\/\/www.facebook.com\/BoxRepsol\/\" \/>\n<meta property=\"article:published_time\" content=\"2017-06-01T02:00:00+00:00\" \/>\n<meta property=\"article:modified_time\" content=\"2024-05-15T09:35:35+00:00\" \/>\n<meta property=\"og:image\" content=\"https:\/\/bxrepsol.s3.eu-west-1.amazonaws.com\/static\/2023\/02\/24095224\/7_DATOS_CURIOSOS_DE_DANI_PEDROSA_QUE_TE_DEJARAN_ALUCINADO_header.png\" \/>\n\t<meta property=\"og:image:width\" content=\"986\" \/>\n\t<meta property=\"og:image:height\" content=\"555\" \/>\n\t<meta property=\"og:image:type\" content=\"image\/png\" \/>\n<meta name=\"author\" content=\"Redacci\u00f3n Box Repsol\" \/>\n<meta name=\"twitter:card\" content=\"summary_large_image\" \/>\n<meta name=\"twitter:creator\" content=\"@https:\/\/twitter.com\/box_repsol\" \/>\n<meta name=\"twitter:site\" content=\"@box_repsol\" \/>\n<meta name=\"twitter:label1\" content=\"Written by\" \/>\n\t<meta name=\"twitter:data1\" content=\"Redacci\u00f3n Box Repsol\" \/>\n\t<meta name=\"twitter:label2\" content=\"Est. reading time\" \/>\n\t<meta name=\"twitter:data2\" content=\"2 minutos\" \/>\n<script type=\"application\/ld+json\" class=\"yoast-schema-graph\">{\"@context\":\"https:\\\/\\\/schema.org\",\"@graph\":[{\"@type\":\"Article\",\"@id\":\"https:\\\/\\\/www.boxrepsol.com\\\/es\\\/motogp\\\/pasado-10-cosas-eres-dani-pedrosa\\\/#article\",\"isPartOf\":{\"@id\":\"https:\\\/\\\/www.boxrepsol.com\\\/es\\\/motogp\\\/pasado-10-cosas-eres-dani-pedrosa\\\/\"},\"author\":{\"name\":\"Redacci\u00f3n Box Repsol\",\"@id\":\"https:\\\/\\\/www.boxrepsol.com\\\/es\\\/#\\\/schema\\\/person\\\/c5c2138f2cca251b0ad92b7086bb60b7\"},\"headline\":\"Si te han pasado estas 10 cosas, eres Dani Pedrosa\",\"datePublished\":\"2017-06-01T02:00:00+00:00\",\"dateModified\":\"2024-05-15T09:35:35+00:00\",\"mainEntityOfPage\":{\"@id\":\"https:\\\/\\\/www.boxrepsol.com\\\/es\\\/motogp\\\/pasado-10-cosas-eres-dani-pedrosa\\\/\"},\"wordCount\":357,\"commentCount\":0,\"publisher\":{\"@id\":\"https:\\\/\\\/www.boxrepsol.com\\\/es\\\/#organization\"},\"image\":{\"@id\":\"https:\\\/\\\/www.boxrepsol.com\\\/es\\\/motogp\\\/pasado-10-cosas-eres-dani-pedrosa\\\/#primaryimage\"},\"thumbnailUrl\":\"https:\\\/\\\/bxrepsol.s3.eu-west-1.amazonaws.com\\\/static\\\/2023\\\/02\\\/24095224\\\/7_DATOS_CURIOSOS_DE_DANI_PEDROSA_QUE_TE_DEJARAN_ALUCINADO_header.png\",\"keywords\":[\"Dani Pedrosa\"],\"articleSection\":[\"MotoGP\"],\"inLanguage\":\"es\",\"potentialAction\":[{\"@type\":\"CommentAction\",\"name\":\"Comment\",\"target\":[\"https:\\\/\\\/www.boxrepsol.com\\\/es\\\/motogp\\\/pasado-10-cosas-eres-dani-pedrosa\\\/#respond\"]}]},{\"@type\":\"WebPage\",\"@id\":\"https:\\\/\\\/www.boxrepsol.com\\\/es\\\/motogp\\\/pasado-10-cosas-eres-dani-pedrosa\\\/\",\"url\":\"https:\\\/\\\/www.boxrepsol.com\\\/es\\\/motogp\\\/pasado-10-cosas-eres-dani-pedrosa\\\/\",\"name\":\"Si te han pasado estas 10 cosas eres Dani Pedrosa\",\"isPartOf\":{\"@id\":\"https:\\\/\\\/www.boxrepsol.com\\\/es\\\/#website\"},\"primaryImageOfPage\":{\"@id\":\"https:\\\/\\\/www.boxrepsol.com\\\/es\\\/motogp\\\/pasado-10-cosas-eres-dani-pedrosa\\\/#primaryimage\"},\"image\":{\"@id\":\"https:\\\/\\\/www.boxrepsol.com\\\/es\\\/motogp\\\/pasado-10-cosas-eres-dani-pedrosa\\\/#primaryimage\"},\"thumbnailUrl\":\"https:\\\/\\\/bxrepsol.s3.eu-west-1.amazonaws.com\\\/static\\\/2023\\\/02\\\/24095224\\\/7_DATOS_CURIOSOS_DE_DANI_PEDROSA_QUE_TE_DEJARAN_ALUCINADO_header.png\",\"datePublished\":\"2017-06-01T02:00:00+00:00\",\"dateModified\":\"2024-05-15T09:35:35+00:00\",\"description\":\"Dani Pedrosa es conocido como \u201cel piloto de Castellar del Vall\u00e9s\u201d pero naci\u00f3 en la localidad de Sabadell (Barcelona)\",\"breadcrumb\":{\"@id\":\"https:\\\/\\\/www.boxrepsol.com\\\/es\\\/motogp\\\/pasado-10-cosas-eres-dani-pedrosa\\\/#breadcrumb\"},\"inLanguage\":\"es\",\"potentialAction\":[{\"@type\":\"ReadAction\",\"target\":[\"https:\\\/\\\/www.boxrepsol.com\\\/es\\\/motogp\\\/pasado-10-cosas-eres-dani-pedrosa\\\/\"]}]},{\"@type\":\"ImageObject\",\"inLanguage\":\"es\",\"@id\":\"https:\\\/\\\/www.boxrepsol.com\\\/es\\\/motogp\\\/pasado-10-cosas-eres-dani-pedrosa\\\/#primaryimage\",\"url\":\"https:\\\/\\\/bxrepsol.s3.eu-west-1.amazonaws.com\\\/static\\\/2023\\\/02\\\/24095224\\\/7_DATOS_CURIOSOS_DE_DANI_PEDROSA_QUE_TE_DEJARAN_ALUCINADO_header.png\",\"contentUrl\":\"https:\\\/\\\/bxrepsol.s3.eu-west-1.amazonaws.com\\\/static\\\/2023\\\/02\\\/24095224\\\/7_DATOS_CURIOSOS_DE_DANI_PEDROSA_QUE_TE_DEJARAN_ALUCINADO_header.png\",\"width\":986,\"height\":555,\"caption\":\"Dani Pedrosa sonr\u00ede con las cejas levantadas\"},{\"@type\":\"BreadcrumbList\",\"@id\":\"https:\\\/\\\/www.boxrepsol.com\\\/es\\\/motogp\\\/pasado-10-cosas-eres-dani-pedrosa\\\/#breadcrumb\",\"itemListElement\":[{\"@type\":\"ListItem\",\"position\":1,\"name\":\"Home\",\"item\":\"https:\\\/\\\/www.boxrepsol.com\\\/es\\\/\"},{\"@type\":\"ListItem\",\"position\":2,\"name\":\"Si te han pasado estas 10 cosas, eres Dani Pedrosa\"}]},{\"@type\":\"WebSite\",\"@id\":\"https:\\\/\\\/www.boxrepsol.com\\\/es\\\/#website\",\"url\":\"https:\\\/\\\/www.boxrepsol.com\\\/es\\\/\",\"name\":\"Box Repsol\",\"description\":\"Box Repsol Site\",\"publisher\":{\"@id\":\"https:\\\/\\\/www.boxrepsol.com\\\/es\\\/#organization\"},\"potentialAction\":[{\"@type\":\"SearchAction\",\"target\":{\"@type\":\"EntryPoint\",\"urlTemplate\":\"https:\\\/\\\/www.boxrepsol.com\\\/es\\\/?s={search_term_string}\"},\"query-input\":{\"@type\":\"PropertyValueSpecification\",\"valueRequired\":true,\"valueName\":\"search_term_string\"}}],\"inLanguage\":\"es\"},{\"@type\":\"Organization\",\"@id\":\"https:\\\/\\\/www.boxrepsol.com\\\/es\\\/#organization\",\"name\":\"Box Repsol\",\"url\":\"https:\\\/\\\/www.boxrepsol.com\\\/es\\\/\",\"logo\":{\"@type\":\"ImageObject\",\"inLanguage\":\"es\",\"@id\":\"https:\\\/\\\/www.boxrepsol.com\\\/es\\\/#\\\/schema\\\/logo\\\/image\\\/\",\"url\":\"https:\\\/\\\/bxrepsol.s3.eu-west-1.amazonaws.com\\\/static\\\/2025\\\/07\\\/30083337\\\/favicon-96x96-1.png\",\"contentUrl\":\"https:\\\/\\\/bxrepsol.s3.eu-west-1.amazonaws.com\\\/static\\\/2025\\\/07\\\/30083337\\\/favicon-96x96-1.png\",\"width\":96,\"height\":96,\"caption\":\"Box Repsol\"},\"image\":{\"@id\":\"https:\\\/\\\/www.boxrepsol.com\\\/es\\\/#\\\/schema\\\/logo\\\/image\\\/\"},\"sameAs\":[\"https:\\\/\\\/www.facebook.com\\\/BoxRepsol\",\"https:\\\/\\\/x.com\\\/box_repsol\",\"http:\\\/\\\/instagram.com\\\/box_repsol\",\"https:\\\/\\\/www.youtube.com\\\/user\\\/RepsolCompeticion\",\"https:\\\/\\\/www.flickr.com\\\/photos\\\/box_repsol\\\/\"]},{\"@type\":\"Person\",\"@id\":\"https:\\\/\\\/www.boxrepsol.com\\\/es\\\/#\\\/schema\\\/person\\\/c5c2138f2cca251b0ad92b7086bb60b7\",\"name\":\"Redacci\u00f3n Box Repsol\",\"image\":{\"@type\":\"ImageObject\",\"inLanguage\":\"es\",\"@id\":\"https:\\\/\\\/secure.gravatar.com\\\/avatar\\\/adf7b77e38b4419baf32c7e9c21dde01f4e40df611f0978e3006fc4ba0aaab7e?s=96&d=mm&r=g\",\"url\":\"https:\\\/\\\/secure.gravatar.com\\\/avatar\\\/adf7b77e38b4419baf32c7e9c21dde01f4e40df611f0978e3006fc4ba0aaab7e?s=96&d=mm&r=g\",\"contentUrl\":\"https:\\\/\\\/secure.gravatar.com\\\/avatar\\\/adf7b77e38b4419baf32c7e9c21dde01f4e40df611f0978e3006fc4ba0aaab7e?s=96&d=mm&r=g\",\"caption\":\"Redacci\u00f3n Box Repsol\"},\"description\":\"Box Repsol lo forma un equipo de periodistas, community managers, dise\u00f1adores y fot\u00f3grafos con m\u00e1s de 20 a\u00f1os de experiencia en el mundo del motorsport. Hemos vivido el primer mundial de un espa\u00f1ol en la categor\u00eda reina de motociclismo con \u00c1lex Crivill\u00e9, estuvimos en las victorias de Pedrosa y los t\u00edtulos de M\u00e1rquez, acompa\u00f1amos en \u00c1frica a Nani Roma y Marc Coma en sus conquistas del Dakar y hemos vibrado con los t\u00edtulos de Toni Bou en Trial. Adem\u00e1s, en nuestro equipo contamos con expertos en el mundo de las dos y cuatro ruedas tanto de la calle y las carreteras, como de los circuitos. Periodistas que han trabajado en revistas y publicaciones para hacerte llegar desde rutas y consejos de mantenimiento, a curiosidades y trucos de pilotaje.\",\"sameAs\":[\"https:\\\/\\\/www.facebook.com\\\/BoxRepsol\\\/\",\"https:\\\/\\\/www.instagram.com\\\/box_repsol\\\/\",\"https:\\\/\\\/x.com\\\/https:\\\/\\\/twitter.com\\\/box_repsol\",\"https:\\\/\\\/www.youtube.com\\\/@Boxrepsol\"],\"url\":\"https:\\\/\\\/www.boxrepsol.com\\\/es\\\/author\\\/redaccion-box-repsol\\\/\"}]}<\/script>\n<!-- \/ Yoast SEO plugin. -->","yoast_head_json":{"title":"Si te han pasado estas 10 cosas eres Dani Pedrosa","description":"Dani Pedrosa es conocido como \u201cel piloto de Castellar del Vall\u00e9s\u201d pero naci\u00f3 en la localidad de Sabadell (Barcelona)","canonical":"https:\/\/www.boxrepsol.com\/es\/motogp\/pasado-10-cosas-eres-dani-pedrosa\/","og_locale":"es_ES","og_type":"article","og_title":"Si te han pasado estas 10 cosas eres Dani Pedrosa","og_description":"Dani Pedrosa es conocido como \u201cel piloto de Castellar del Vall\u00e9s\u201d pero naci\u00f3 en la localidad de Sabadell (Barcelona)","og_url":"https:\/\/www.boxrepsol.com\/es\/motogp\/pasado-10-cosas-eres-dani-pedrosa\/","og_site_name":"Box Repsol","article_publisher":"https:\/\/www.facebook.com\/BoxRepsol","article_author":"https:\/\/www.facebook.com\/BoxRepsol\/","article_published_time":"2017-06-01T02:00:00+00:00","article_modified_time":"2024-05-15T09:35:35+00:00","og_image":[{"width":986,"height":555,"url":"https:\/\/bxrepsol.s3.eu-west-1.amazonaws.com\/static\/2023\/02\/24095224\/7_DATOS_CURIOSOS_DE_DANI_PEDROSA_QUE_TE_DEJARAN_ALUCINADO_header.png","type":"image\/png"}],"author":"Redacci\u00f3n Box Repsol","twitter_card":"summary_large_image","twitter_creator":"@https:\/\/twitter.com\/box_repsol","twitter_site":"@box_repsol","twitter_misc":{"Written by":"Redacci\u00f3n Box Repsol","Est. reading time":"2 minutos"},"schema":{"@context":"https:\/\/schema.org","@graph":[{"@type":"Article","@id":"https:\/\/www.boxrepsol.com\/es\/motogp\/pasado-10-cosas-eres-dani-pedrosa\/#article","isPartOf":{"@id":"https:\/\/www.boxrepsol.com\/es\/motogp\/pasado-10-cosas-eres-dani-pedrosa\/"},"author":{"name":"Redacci\u00f3n Box Repsol","@id":"https:\/\/www.boxrepsol.com\/es\/#\/schema\/person\/c5c2138f2cca251b0ad92b7086bb60b7"},"headline":"Si te han pasado estas 10 cosas, eres Dani Pedrosa","datePublished":"2017-06-01T02:00:00+00:00","dateModified":"2024-05-15T09:35:35+00:00","mainEntityOfPage":{"@id":"https:\/\/www.boxrepsol.com\/es\/motogp\/pasado-10-cosas-eres-dani-pedrosa\/"},"wordCount":357,"commentCount":0,"publisher":{"@id":"https:\/\/www.boxrepsol.com\/es\/#organization"},"image":{"@id":"https:\/\/www.boxrepsol.com\/es\/motogp\/pasado-10-cosas-eres-dani-pedrosa\/#primaryimage"},"thumbnailUrl":"https:\/\/bxrepsol.s3.eu-west-1.amazonaws.com\/static\/2023\/02\/24095224\/7_DATOS_CURIOSOS_DE_DANI_PEDROSA_QUE_TE_DEJARAN_ALUCINADO_header.png","keywords":["Dani Pedrosa"],"articleSection":["MotoGP"],"inLanguage":"es","potentialAction":[{"@type":"CommentAction","name":"Comment","target":["https:\/\/www.boxrepsol.com\/es\/motogp\/pasado-10-cosas-eres-dani-pedrosa\/#respond"]}]},{"@type":"WebPage","@id":"https:\/\/www.boxrepsol.com\/es\/motogp\/pasado-10-cosas-eres-dani-pedrosa\/","url":"https:\/\/www.boxrepsol.com\/es\/motogp\/pasado-10-cosas-eres-dani-pedrosa\/","name":"Si te han pasado estas 10 cosas eres Dani Pedrosa","isPartOf":{"@id":"https:\/\/www.boxrepsol.com\/es\/#website"},"primaryImageOfPage":{"@id":"https:\/\/www.boxrepsol.com\/es\/motogp\/pasado-10-cosas-eres-dani-pedrosa\/#primaryimage"},"image":{"@id":"https:\/\/www.boxrepsol.com\/es\/motogp\/pasado-10-cosas-eres-dani-pedrosa\/#primaryimage"},"thumbnailUrl":"https:\/\/bxrepsol.s3.eu-west-1.amazonaws.com\/static\/2023\/02\/24095224\/7_DATOS_CURIOSOS_DE_DANI_PEDROSA_QUE_TE_DEJARAN_ALUCINADO_header.png","datePublished":"2017-06-01T02:00:00+00:00","dateModified":"2024-05-15T09:35:35+00:00","description":"Dani Pedrosa es conocido como \u201cel piloto de Castellar del Vall\u00e9s\u201d pero naci\u00f3 en la localidad de Sabadell (Barcelona)","breadcrumb":{"@id":"https:\/\/www.boxrepsol.com\/es\/motogp\/pasado-10-cosas-eres-dani-pedrosa\/#breadcrumb"},"inLanguage":"es","potentialAction":[{"@type":"ReadAction","target":["https:\/\/www.boxrepsol.com\/es\/motogp\/pasado-10-cosas-eres-dani-pedrosa\/"]}]},{"@type":"ImageObject","inLanguage":"es","@id":"https:\/\/www.boxrepsol.com\/es\/motogp\/pasado-10-cosas-eres-dani-pedrosa\/#primaryimage","url":"https:\/\/bxrepsol.s3.eu-west-1.amazonaws.com\/static\/2023\/02\/24095224\/7_DATOS_CURIOSOS_DE_DANI_PEDROSA_QUE_TE_DEJARAN_ALUCINADO_header.png","contentUrl":"https:\/\/bxrepsol.s3.eu-west-1.amazonaws.com\/static\/2023\/02\/24095224\/7_DATOS_CURIOSOS_DE_DANI_PEDROSA_QUE_TE_DEJARAN_ALUCINADO_header.png","width":986,"height":555,"caption":"Dani Pedrosa sonr\u00ede con las cejas levantadas"},{"@type":"BreadcrumbList","@id":"https:\/\/www.boxrepsol.com\/es\/motogp\/pasado-10-cosas-eres-dani-pedrosa\/#breadcrumb","itemListElement":[{"@type":"ListItem","position":1,"name":"Home","item":"https:\/\/www.boxrepsol.com\/es\/"},{"@type":"ListItem","position":2,"name":"Si te han pasado estas 10 cosas, eres Dani Pedrosa"}]},{"@type":"WebSite","@id":"https:\/\/www.boxrepsol.com\/es\/#website","url":"https:\/\/www.boxrepsol.com\/es\/","name":"Box Repsol","description":"Box Repsol Site","publisher":{"@id":"https:\/\/www.boxrepsol.com\/es\/#organization"},"potentialAction":[{"@type":"SearchAction","target":{"@type":"EntryPoint","urlTemplate":"https:\/\/www.boxrepsol.com\/es\/?s={search_term_string}"},"query-input":{"@type":"PropertyValueSpecification","valueRequired":true,"valueName":"search_term_string"}}],"inLanguage":"es"},{"@type":"Organization","@id":"https:\/\/www.boxrepsol.com\/es\/#organization","name":"Box Repsol","url":"https:\/\/www.boxrepsol.com\/es\/","logo":{"@type":"ImageObject","inLanguage":"es","@id":"https:\/\/www.boxrepsol.com\/es\/#\/schema\/logo\/image\/","url":"https:\/\/bxrepsol.s3.eu-west-1.amazonaws.com\/static\/2025\/07\/30083337\/favicon-96x96-1.png","contentUrl":"https:\/\/bxrepsol.s3.eu-west-1.amazonaws.com\/static\/2025\/07\/30083337\/favicon-96x96-1.png","width":96,"height":96,"caption":"Box Repsol"},"image":{"@id":"https:\/\/www.boxrepsol.com\/es\/#\/schema\/logo\/image\/"},"sameAs":["https:\/\/www.facebook.com\/BoxRepsol","https:\/\/x.com\/box_repsol","http:\/\/instagram.com\/box_repsol","https:\/\/www.youtube.com\/user\/RepsolCompeticion","https:\/\/www.flickr.com\/photos\/box_repsol\/"]},{"@type":"Person","@id":"https:\/\/www.boxrepsol.com\/es\/#\/schema\/person\/c5c2138f2cca251b0ad92b7086bb60b7","name":"Redacci\u00f3n Box Repsol","image":{"@type":"ImageObject","inLanguage":"es","@id":"https:\/\/secure.gravatar.com\/avatar\/adf7b77e38b4419baf32c7e9c21dde01f4e40df611f0978e3006fc4ba0aaab7e?s=96&d=mm&r=g","url":"https:\/\/secure.gravatar.com\/avatar\/adf7b77e38b4419baf32c7e9c21dde01f4e40df611f0978e3006fc4ba0aaab7e?s=96&d=mm&r=g","contentUrl":"https:\/\/secure.gravatar.com\/avatar\/adf7b77e38b4419baf32c7e9c21dde01f4e40df611f0978e3006fc4ba0aaab7e?s=96&d=mm&r=g","caption":"Redacci\u00f3n Box Repsol"},"description":"Box Repsol lo forma un equipo de periodistas, community managers, dise\u00f1adores y fot\u00f3grafos con m\u00e1s de 20 a\u00f1os de experiencia en el mundo del motorsport. Hemos vivido el primer mundial de un espa\u00f1ol en la categor\u00eda reina de motociclismo con \u00c1lex Crivill\u00e9, estuvimos en las victorias de Pedrosa y los t\u00edtulos de M\u00e1rquez, acompa\u00f1amos en \u00c1frica a Nani Roma y Marc Coma en sus conquistas del Dakar y hemos vibrado con los t\u00edtulos de Toni Bou en Trial. Adem\u00e1s, en nuestro equipo contamos con expertos en el mundo de las dos y cuatro ruedas tanto de la calle y las carreteras, como de los circuitos. Periodistas que han trabajado en revistas y publicaciones para hacerte llegar desde rutas y consejos de mantenimiento, a curiosidades y trucos de pilotaje.","sameAs":["https:\/\/www.facebook.com\/BoxRepsol\/","https:\/\/www.instagram.com\/box_repsol\/","https:\/\/x.com\/https:\/\/twitter.com\/box_repsol","https:\/\/www.youtube.com\/@Boxrepsol"],"url":"https:\/\/www.boxrepsol.com\/es\/author\/redaccion-box-repsol\/"}]}},"_links":{"self":[{"href":"https:\/\/www.boxrepsol.com\/es\/wp-json\/wp\/v2\/posts\/90333","targetHints":{"allow":["GET"]}}],"collection":[{"href":"https:\/\/www.boxrepsol.com\/es\/wp-json\/wp\/v2\/posts"}],"about":[{"href":"https:\/\/www.boxrepsol.com\/es\/wp-json\/wp\/v2\/types\/post"}],"author":[{"embeddable":true,"href":"https:\/\/www.boxrepsol.com\/es\/wp-json\/wp\/v2\/users\/43146"}],"replies":[{"embeddable":true,"href":"https:\/\/www.boxrepsol.com\/es\/wp-json\/wp\/v2\/comments?post=90333"}],"version-history":[{"count":1,"href":"https:\/\/www.boxrepsol.com\/es\/wp-json\/wp\/v2\/posts\/90333\/revisions"}],"predecessor-version":[{"id":90334,"href":"https:\/\/www.boxrepsol.com\/es\/wp-json\/wp\/v2\/posts\/90333\/revisions\/90334"}],"wp:featuredmedia":[{"embeddable":true,"href":"https:\/\/www.boxrepsol.com\/es\/wp-json\/wp\/v2\/media\/90335"}],"wp:attachment":[{"href":"https:\/\/www.boxrepsol.com\/es\/wp-json\/wp\/v2\/media?parent=90333"}],"wp:term":[{"taxonomy":"category","embeddable":true,"href":"https:\/\/www.boxrepsol.com\/es\/wp-json\/wp\/v2\/categories?post=90333"},{"taxonomy":"post_tag","embeddable":true,"href":"https:\/\/www.boxrepsol.com\/es\/wp-json\/wp\/v2\/tags?post=90333"}],"curies":[{"name":"wp","href":"https:\/\/api.w.org\/{rel}","templated":true}]}}