{"id":90298,"date":"2017-05-22T00:00:00","date_gmt":"2017-05-22T02:00:00","guid":{"rendered":"http:\/\/pre.boxrepsol.com\/sin-categorizar\/alonso-lopez-triunfa-la-visita-del-fim-cev-repsol-le-mans\/"},"modified":"2024-05-15T07:24:37","modified_gmt":"2024-05-15T09:24:37","slug":"alonso-lopez-triunfa-la-visita-del-fim-cev-repsol-le-mans","status":"publish","type":"post","link":"https:\/\/www.boxrepsol.com\/es\/sin-categorizar\/alonso-lopez-triunfa-la-visita-del-fim-cev-repsol-le-mans\/","title":{"rendered":"Alonso L\u00f3pez triunfa en la visita del FIM CEV Repsol a Le Mans"},"content":{"rendered":"<blockquote><p>Es el cuarto a\u00f1o que el FIM CEV Repsol coincide con el GP de Francia para celebrar una prueba del Mundial Junior en Francia<\/p>\n<p><a href=\"http:\/\/twitter.com\/share?text=Es+el+cuarto+a%C3%B1o+que+el+FIM+CEV+Repsol+coincide+con+el+GP+de+Francia+para+celebrar+una+prueba+del+Mundial+Junior+en+Francia&amp;url=https%3A%2F%2Fwww.boxrepsol.com%2Fes%2F%3Fp%3D7207%2F&amp;hashtags=\" target=\"_blank\" rel=\"noopener noreferrer\"><br \/>\ntwittear <\/a><\/p><\/blockquote>\n<p>Es el cuarto a\u00f1o que el FIM CEV Repsol coincide con la cita del Campeonato del Mundo de Motocicilismo para celebrar una prueba del Mundial Junior en Francia.<\/p>\n<p>La carrera ha tenido emoci\u00f3n hasta la \u00faltima curva de la \u00faltima vuelta, en la que se ha decidido la victoria y el podio final: Alonso L\u00f3pez ha sumado su primera victoria, Dennis Foggia ha terminado en segunda posici\u00f3n y Jeremy Alcoba, tercero.<\/p>\n<p>Con este resultado, Jeremy Alcoba \u2013vencedor de la primera prueba\u2013 se consolida en el liderato, seguido de Dennis Foggia, a 8 puntos, y de Alonso L\u00f3pez, a 16.<\/p>\n<p>La pr\u00f3xima cita ser\u00e1 el pr\u00f3ximo 18 de junio en el Circuit de Barcelona-Catalunya, donde volver\u00e1n a competir todas las categor\u00edas del FIM CEV Repsol: Mundial Junior de Moto3 \u2013con dos carreras\u2013, Europeo de Moto2 \u2013tambi\u00e9n con dos carreras\u2013 y European Talent Cup \u2013con una sola carrera\u2013.<\/p>\n<hr \/>\n<h3><strong>ALONSO L\u00d3PEZ\u00a0\u2013 GANADOR DE LA CARRERA DE MOTO3<\/strong><\/h3>\n<p><em>\u201cEsta victoria me hace muy feliz, sobre todo porque me he podido quitar la espina de Albacete. En aquella carrera no pude hacer nada porque me ca\u00ed junto con Ra\u00fal [Fern\u00e1ndez]; siento lo que le ha pasado en el warm-up, donde ha sufrido una grave lesi\u00f3n. Al principio de la carrera no sab\u00edamos qu\u00e9 hacer, porque no ten\u00edamos referencias en seco y nos \u00edbamos largos en muchas ocasiones. Ya en la \u00faltima vuelta, he visto que Masi\u00e1 se ha ca\u00eddo y he adelantado por dentro a Foggia en la \u00faltima curva, porque sab\u00eda que se iba a ir largo despu\u00e9s de frenar en un sitio que no deb\u00eda. Estoy muy contento de haber ganado por primera vez, quiero darle las gracias al equipo, a los patrocinadores y a toda la gente que me apoya\u201d.<\/em><\/p>\n","protected":false},"excerpt":{"rendered":"<p>El Mundial Junior de Moto3 ha compartido pista durante dos d\u00edas con el Mundial de MotoGP para celebrar su segunda cita de la temporada.<\/p>\n","protected":false},"author":43146,"featured_media":86521,"comment_status":"open","ping_status":"open","sticky":false,"template":"","format":"standard","meta":{"footnotes":""},"categories":[1],"tags":[130],"class_list":["post-90298","post","type-post","status-publish","format-standard","hentry","category-sin-categorizar","tag-otros-eventos-y-competiciones"],"yoast_head":"<!-- This site is optimized with the Yoast SEO plugin v27.3 - https:\/\/yoast.com\/product\/yoast-seo-wordpress\/ -->\n<title>Alonso L\u00f3pez triunfa en la visita del FIM CEV Repsol a Le Mans - Box Repsol<\/title>\n<meta name=\"description\" content=\"El Mundial Junior de Moto3 ha compartido pista durante dos d\u00edas con el Mundial de MotoGP para celebrar su segunda cita con victoria de Alonso L\u00f3pez en moto3\" \/>\n<link rel=\"canonical\" href=\"https:\/\/www.boxrepsol.com\/es\/sin-categorizar\/alonso-lopez-triunfa-la-visita-del-fim-cev-repsol-le-mans\/\" \/>\n<meta property=\"og:locale\" content=\"es_ES\" \/>\n<meta property=\"og:type\" content=\"article\" \/>\n<meta property=\"og:title\" content=\"Alonso L\u00f3pez triunfa en la visita del FIM CEV Repsol a Le Mans - Box Repsol\" \/>\n<meta property=\"og:description\" content=\"El Mundial Junior de Moto3 ha compartido pista durante dos d\u00edas con el Mundial de MotoGP para celebrar su segunda cita con victoria de Alonso L\u00f3pez en moto3\" \/>\n<meta property=\"og:url\" content=\"https:\/\/www.boxrepsol.com\/es\/sin-categorizar\/alonso-lopez-triunfa-la-visita-del-fim-cev-repsol-le-mans\/\" \/>\n<meta property=\"og:site_name\" content=\"Box Repsol\" \/>\n<meta property=\"article:publisher\" content=\"https:\/\/www.facebook.com\/BoxRepsol\" \/>\n<meta property=\"article:author\" content=\"https:\/\/www.facebook.com\/BoxRepsol\/\" \/>\n<meta property=\"article:published_time\" content=\"2017-05-22T02:00:00+00:00\" \/>\n<meta property=\"article:modified_time\" content=\"2024-05-15T09:24:37+00:00\" \/>\n<meta property=\"og:image\" content=\"https:\/\/www.boxrepsol.com\/wp-content\/uploads\/2022\/08\/00-podio-cev-repsol-le-mans-2017.jpg\" \/>\n\t<meta property=\"og:image:width\" content=\"995\" \/>\n\t<meta property=\"og:image:height\" content=\"560\" \/>\n\t<meta property=\"og:image:type\" content=\"image\/jpeg\" \/>\n<meta name=\"author\" content=\"Redacci\u00f3n Box Repsol\" \/>\n<meta name=\"twitter:card\" content=\"summary_large_image\" \/>\n<meta name=\"twitter:creator\" content=\"@https:\/\/twitter.com\/box_repsol\" \/>\n<meta name=\"twitter:site\" content=\"@box_repsol\" \/>\n<meta name=\"twitter:label1\" content=\"Written by\" \/>\n\t<meta name=\"twitter:data1\" content=\"Redacci\u00f3n Box Repsol\" \/>\n\t<meta name=\"twitter:label2\" content=\"Est. reading time\" \/>\n\t<meta name=\"twitter:data2\" content=\"2 minutos\" \/>\n<script type=\"application\/ld+json\" class=\"yoast-schema-graph\">{\"@context\":\"https:\\\/\\\/schema.org\",\"@graph\":[{\"@type\":\"Article\",\"@id\":\"https:\\\/\\\/www.boxrepsol.com\\\/es\\\/sin-categorizar\\\/alonso-lopez-triunfa-la-visita-del-fim-cev-repsol-le-mans\\\/#article\",\"isPartOf\":{\"@id\":\"https:\\\/\\\/www.boxrepsol.com\\\/es\\\/sin-categorizar\\\/alonso-lopez-triunfa-la-visita-del-fim-cev-repsol-le-mans\\\/\"},\"author\":{\"name\":\"Redacci\u00f3n Box Repsol\",\"@id\":\"https:\\\/\\\/www.boxrepsol.com\\\/es\\\/#\\\/schema\\\/person\\\/c5c2138f2cca251b0ad92b7086bb60b7\"},\"headline\":\"Alonso L\u00f3pez triunfa en la visita del FIM CEV Repsol a Le Mans\",\"datePublished\":\"2017-05-22T02:00:00+00:00\",\"dateModified\":\"2024-05-15T09:24:37+00:00\",\"mainEntityOfPage\":{\"@id\":\"https:\\\/\\\/www.boxrepsol.com\\\/es\\\/sin-categorizar\\\/alonso-lopez-triunfa-la-visita-del-fim-cev-repsol-le-mans\\\/\"},\"wordCount\":345,\"commentCount\":0,\"publisher\":{\"@id\":\"https:\\\/\\\/www.boxrepsol.com\\\/es\\\/#organization\"},\"image\":{\"@id\":\"https:\\\/\\\/www.boxrepsol.com\\\/es\\\/sin-categorizar\\\/alonso-lopez-triunfa-la-visita-del-fim-cev-repsol-le-mans\\\/#primaryimage\"},\"thumbnailUrl\":\"https:\\\/\\\/www.boxrepsol.com\\\/wp-content\\\/uploads\\\/2022\\\/08\\\/00-podio-cev-repsol-le-mans-2017.jpg\",\"keywords\":[\"otros eventos y competiciones\"],\"articleSection\":[\"Sin categorizar\"],\"inLanguage\":\"es\",\"potentialAction\":[{\"@type\":\"CommentAction\",\"name\":\"Comment\",\"target\":[\"https:\\\/\\\/www.boxrepsol.com\\\/es\\\/sin-categorizar\\\/alonso-lopez-triunfa-la-visita-del-fim-cev-repsol-le-mans\\\/#respond\"]}]},{\"@type\":\"WebPage\",\"@id\":\"https:\\\/\\\/www.boxrepsol.com\\\/es\\\/sin-categorizar\\\/alonso-lopez-triunfa-la-visita-del-fim-cev-repsol-le-mans\\\/\",\"url\":\"https:\\\/\\\/www.boxrepsol.com\\\/es\\\/sin-categorizar\\\/alonso-lopez-triunfa-la-visita-del-fim-cev-repsol-le-mans\\\/\",\"name\":\"Alonso L\u00f3pez triunfa en la visita del FIM CEV Repsol a Le Mans - Box Repsol\",\"isPartOf\":{\"@id\":\"https:\\\/\\\/www.boxrepsol.com\\\/es\\\/#website\"},\"primaryImageOfPage\":{\"@id\":\"https:\\\/\\\/www.boxrepsol.com\\\/es\\\/sin-categorizar\\\/alonso-lopez-triunfa-la-visita-del-fim-cev-repsol-le-mans\\\/#primaryimage\"},\"image\":{\"@id\":\"https:\\\/\\\/www.boxrepsol.com\\\/es\\\/sin-categorizar\\\/alonso-lopez-triunfa-la-visita-del-fim-cev-repsol-le-mans\\\/#primaryimage\"},\"thumbnailUrl\":\"https:\\\/\\\/www.boxrepsol.com\\\/wp-content\\\/uploads\\\/2022\\\/08\\\/00-podio-cev-repsol-le-mans-2017.jpg\",\"datePublished\":\"2017-05-22T02:00:00+00:00\",\"dateModified\":\"2024-05-15T09:24:37+00:00\",\"description\":\"El Mundial Junior de Moto3 ha compartido pista durante dos d\u00edas con el Mundial de MotoGP para celebrar su segunda cita con victoria de Alonso L\u00f3pez en moto3\",\"breadcrumb\":{\"@id\":\"https:\\\/\\\/www.boxrepsol.com\\\/es\\\/sin-categorizar\\\/alonso-lopez-triunfa-la-visita-del-fim-cev-repsol-le-mans\\\/#breadcrumb\"},\"inLanguage\":\"es\",\"potentialAction\":[{\"@type\":\"ReadAction\",\"target\":[\"https:\\\/\\\/www.boxrepsol.com\\\/es\\\/sin-categorizar\\\/alonso-lopez-triunfa-la-visita-del-fim-cev-repsol-le-mans\\\/\"]}]},{\"@type\":\"ImageObject\",\"inLanguage\":\"es\",\"@id\":\"https:\\\/\\\/www.boxrepsol.com\\\/es\\\/sin-categorizar\\\/alonso-lopez-triunfa-la-visita-del-fim-cev-repsol-le-mans\\\/#primaryimage\",\"url\":\"https:\\\/\\\/www.boxrepsol.com\\\/wp-content\\\/uploads\\\/2022\\\/08\\\/00-podio-cev-repsol-le-mans-2017.jpg\",\"contentUrl\":\"https:\\\/\\\/www.boxrepsol.com\\\/wp-content\\\/uploads\\\/2022\\\/08\\\/00-podio-cev-repsol-le-mans-2017.jpg\",\"width\":995,\"height\":560,\"caption\":\"Podio Moto3 FIM CEV Repsol en Le Mans\"},{\"@type\":\"BreadcrumbList\",\"@id\":\"https:\\\/\\\/www.boxrepsol.com\\\/es\\\/sin-categorizar\\\/alonso-lopez-triunfa-la-visita-del-fim-cev-repsol-le-mans\\\/#breadcrumb\",\"itemListElement\":[{\"@type\":\"ListItem\",\"position\":1,\"name\":\"Home\",\"item\":\"https:\\\/\\\/www.boxrepsol.com\\\/es\\\/\"},{\"@type\":\"ListItem\",\"position\":2,\"name\":\"Alonso L\u00f3pez triunfa en la visita del FIM CEV Repsol a Le Mans\"}]},{\"@type\":\"WebSite\",\"@id\":\"https:\\\/\\\/www.boxrepsol.com\\\/es\\\/#website\",\"url\":\"https:\\\/\\\/www.boxrepsol.com\\\/es\\\/\",\"name\":\"Box Repsol\",\"description\":\"Box Repsol Site\",\"publisher\":{\"@id\":\"https:\\\/\\\/www.boxrepsol.com\\\/es\\\/#organization\"},\"potentialAction\":[{\"@type\":\"SearchAction\",\"target\":{\"@type\":\"EntryPoint\",\"urlTemplate\":\"https:\\\/\\\/www.boxrepsol.com\\\/es\\\/?s={search_term_string}\"},\"query-input\":{\"@type\":\"PropertyValueSpecification\",\"valueRequired\":true,\"valueName\":\"search_term_string\"}}],\"inLanguage\":\"es\"},{\"@type\":\"Organization\",\"@id\":\"https:\\\/\\\/www.boxrepsol.com\\\/es\\\/#organization\",\"name\":\"Box Repsol\",\"url\":\"https:\\\/\\\/www.boxrepsol.com\\\/es\\\/\",\"logo\":{\"@type\":\"ImageObject\",\"inLanguage\":\"es\",\"@id\":\"https:\\\/\\\/www.boxrepsol.com\\\/es\\\/#\\\/schema\\\/logo\\\/image\\\/\",\"url\":\"https:\\\/\\\/bxrepsol.s3.eu-west-1.amazonaws.com\\\/static\\\/2025\\\/07\\\/30083337\\\/favicon-96x96-1.png\",\"contentUrl\":\"https:\\\/\\\/bxrepsol.s3.eu-west-1.amazonaws.com\\\/static\\\/2025\\\/07\\\/30083337\\\/favicon-96x96-1.png\",\"width\":96,\"height\":96,\"caption\":\"Box Repsol\"},\"image\":{\"@id\":\"https:\\\/\\\/www.boxrepsol.com\\\/es\\\/#\\\/schema\\\/logo\\\/image\\\/\"},\"sameAs\":[\"https:\\\/\\\/www.facebook.com\\\/BoxRepsol\",\"https:\\\/\\\/x.com\\\/box_repsol\",\"http:\\\/\\\/instagram.com\\\/box_repsol\",\"https:\\\/\\\/www.youtube.com\\\/user\\\/RepsolCompeticion\",\"https:\\\/\\\/www.flickr.com\\\/photos\\\/box_repsol\\\/\"]},{\"@type\":\"Person\",\"@id\":\"https:\\\/\\\/www.boxrepsol.com\\\/es\\\/#\\\/schema\\\/person\\\/c5c2138f2cca251b0ad92b7086bb60b7\",\"name\":\"Redacci\u00f3n Box Repsol\",\"image\":{\"@type\":\"ImageObject\",\"inLanguage\":\"es\",\"@id\":\"https:\\\/\\\/secure.gravatar.com\\\/avatar\\\/adf7b77e38b4419baf32c7e9c21dde01f4e40df611f0978e3006fc4ba0aaab7e?s=96&d=mm&r=g\",\"url\":\"https:\\\/\\\/secure.gravatar.com\\\/avatar\\\/adf7b77e38b4419baf32c7e9c21dde01f4e40df611f0978e3006fc4ba0aaab7e?s=96&d=mm&r=g\",\"contentUrl\":\"https:\\\/\\\/secure.gravatar.com\\\/avatar\\\/adf7b77e38b4419baf32c7e9c21dde01f4e40df611f0978e3006fc4ba0aaab7e?s=96&d=mm&r=g\",\"caption\":\"Redacci\u00f3n Box Repsol\"},\"description\":\"Box Repsol lo forma un equipo de periodistas, community managers, dise\u00f1adores y fot\u00f3grafos con m\u00e1s de 20 a\u00f1os de experiencia en el mundo del motorsport. Hemos vivido el primer mundial de un espa\u00f1ol en la categor\u00eda reina de motociclismo con \u00c1lex Crivill\u00e9, estuvimos en las victorias de Pedrosa y los t\u00edtulos de M\u00e1rquez, acompa\u00f1amos en \u00c1frica a Nani Roma y Marc Coma en sus conquistas del Dakar y hemos vibrado con los t\u00edtulos de Toni Bou en Trial. Adem\u00e1s, en nuestro equipo contamos con expertos en el mundo de las dos y cuatro ruedas tanto de la calle y las carreteras, como de los circuitos. Periodistas que han trabajado en revistas y publicaciones para hacerte llegar desde rutas y consejos de mantenimiento, a curiosidades y trucos de pilotaje.\",\"sameAs\":[\"https:\\\/\\\/www.facebook.com\\\/BoxRepsol\\\/\",\"https:\\\/\\\/www.instagram.com\\\/box_repsol\\\/\",\"https:\\\/\\\/x.com\\\/https:\\\/\\\/twitter.com\\\/box_repsol\",\"https:\\\/\\\/www.youtube.com\\\/@Boxrepsol\"],\"url\":\"https:\\\/\\\/www.boxrepsol.com\\\/es\\\/author\\\/redaccion-box-repsol\\\/\"}]}<\/script>\n<!-- \/ Yoast SEO plugin. -->","yoast_head_json":{"title":"Alonso L\u00f3pez triunfa en la visita del FIM CEV Repsol a Le Mans - Box Repsol","description":"El Mundial Junior de Moto3 ha compartido pista durante dos d\u00edas con el Mundial de MotoGP para celebrar su segunda cita con victoria de Alonso L\u00f3pez en moto3","canonical":"https:\/\/www.boxrepsol.com\/es\/sin-categorizar\/alonso-lopez-triunfa-la-visita-del-fim-cev-repsol-le-mans\/","og_locale":"es_ES","og_type":"article","og_title":"Alonso L\u00f3pez triunfa en la visita del FIM CEV Repsol a Le Mans - Box Repsol","og_description":"El Mundial Junior de Moto3 ha compartido pista durante dos d\u00edas con el Mundial de MotoGP para celebrar su segunda cita con victoria de Alonso L\u00f3pez en moto3","og_url":"https:\/\/www.boxrepsol.com\/es\/sin-categorizar\/alonso-lopez-triunfa-la-visita-del-fim-cev-repsol-le-mans\/","og_site_name":"Box Repsol","article_publisher":"https:\/\/www.facebook.com\/BoxRepsol","article_author":"https:\/\/www.facebook.com\/BoxRepsol\/","article_published_time":"2017-05-22T02:00:00+00:00","article_modified_time":"2024-05-15T09:24:37+00:00","og_image":[{"width":995,"height":560,"url":"https:\/\/www.boxrepsol.com\/wp-content\/uploads\/2022\/08\/00-podio-cev-repsol-le-mans-2017.jpg","type":"image\/jpeg"}],"author":"Redacci\u00f3n Box Repsol","twitter_card":"summary_large_image","twitter_creator":"@https:\/\/twitter.com\/box_repsol","twitter_site":"@box_repsol","twitter_misc":{"Written by":"Redacci\u00f3n Box Repsol","Est. reading time":"2 minutos"},"schema":{"@context":"https:\/\/schema.org","@graph":[{"@type":"Article","@id":"https:\/\/www.boxrepsol.com\/es\/sin-categorizar\/alonso-lopez-triunfa-la-visita-del-fim-cev-repsol-le-mans\/#article","isPartOf":{"@id":"https:\/\/www.boxrepsol.com\/es\/sin-categorizar\/alonso-lopez-triunfa-la-visita-del-fim-cev-repsol-le-mans\/"},"author":{"name":"Redacci\u00f3n Box Repsol","@id":"https:\/\/www.boxrepsol.com\/es\/#\/schema\/person\/c5c2138f2cca251b0ad92b7086bb60b7"},"headline":"Alonso L\u00f3pez triunfa en la visita del FIM CEV Repsol a Le Mans","datePublished":"2017-05-22T02:00:00+00:00","dateModified":"2024-05-15T09:24:37+00:00","mainEntityOfPage":{"@id":"https:\/\/www.boxrepsol.com\/es\/sin-categorizar\/alonso-lopez-triunfa-la-visita-del-fim-cev-repsol-le-mans\/"},"wordCount":345,"commentCount":0,"publisher":{"@id":"https:\/\/www.boxrepsol.com\/es\/#organization"},"image":{"@id":"https:\/\/www.boxrepsol.com\/es\/sin-categorizar\/alonso-lopez-triunfa-la-visita-del-fim-cev-repsol-le-mans\/#primaryimage"},"thumbnailUrl":"https:\/\/www.boxrepsol.com\/wp-content\/uploads\/2022\/08\/00-podio-cev-repsol-le-mans-2017.jpg","keywords":["otros eventos y competiciones"],"articleSection":["Sin categorizar"],"inLanguage":"es","potentialAction":[{"@type":"CommentAction","name":"Comment","target":["https:\/\/www.boxrepsol.com\/es\/sin-categorizar\/alonso-lopez-triunfa-la-visita-del-fim-cev-repsol-le-mans\/#respond"]}]},{"@type":"WebPage","@id":"https:\/\/www.boxrepsol.com\/es\/sin-categorizar\/alonso-lopez-triunfa-la-visita-del-fim-cev-repsol-le-mans\/","url":"https:\/\/www.boxrepsol.com\/es\/sin-categorizar\/alonso-lopez-triunfa-la-visita-del-fim-cev-repsol-le-mans\/","name":"Alonso L\u00f3pez triunfa en la visita del FIM CEV Repsol a Le Mans - Box Repsol","isPartOf":{"@id":"https:\/\/www.boxrepsol.com\/es\/#website"},"primaryImageOfPage":{"@id":"https:\/\/www.boxrepsol.com\/es\/sin-categorizar\/alonso-lopez-triunfa-la-visita-del-fim-cev-repsol-le-mans\/#primaryimage"},"image":{"@id":"https:\/\/www.boxrepsol.com\/es\/sin-categorizar\/alonso-lopez-triunfa-la-visita-del-fim-cev-repsol-le-mans\/#primaryimage"},"thumbnailUrl":"https:\/\/www.boxrepsol.com\/wp-content\/uploads\/2022\/08\/00-podio-cev-repsol-le-mans-2017.jpg","datePublished":"2017-05-22T02:00:00+00:00","dateModified":"2024-05-15T09:24:37+00:00","description":"El Mundial Junior de Moto3 ha compartido pista durante dos d\u00edas con el Mundial de MotoGP para celebrar su segunda cita con victoria de Alonso L\u00f3pez en moto3","breadcrumb":{"@id":"https:\/\/www.boxrepsol.com\/es\/sin-categorizar\/alonso-lopez-triunfa-la-visita-del-fim-cev-repsol-le-mans\/#breadcrumb"},"inLanguage":"es","potentialAction":[{"@type":"ReadAction","target":["https:\/\/www.boxrepsol.com\/es\/sin-categorizar\/alonso-lopez-triunfa-la-visita-del-fim-cev-repsol-le-mans\/"]}]},{"@type":"ImageObject","inLanguage":"es","@id":"https:\/\/www.boxrepsol.com\/es\/sin-categorizar\/alonso-lopez-triunfa-la-visita-del-fim-cev-repsol-le-mans\/#primaryimage","url":"https:\/\/www.boxrepsol.com\/wp-content\/uploads\/2022\/08\/00-podio-cev-repsol-le-mans-2017.jpg","contentUrl":"https:\/\/www.boxrepsol.com\/wp-content\/uploads\/2022\/08\/00-podio-cev-repsol-le-mans-2017.jpg","width":995,"height":560,"caption":"Podio Moto3 FIM CEV Repsol en Le Mans"},{"@type":"BreadcrumbList","@id":"https:\/\/www.boxrepsol.com\/es\/sin-categorizar\/alonso-lopez-triunfa-la-visita-del-fim-cev-repsol-le-mans\/#breadcrumb","itemListElement":[{"@type":"ListItem","position":1,"name":"Home","item":"https:\/\/www.boxrepsol.com\/es\/"},{"@type":"ListItem","position":2,"name":"Alonso L\u00f3pez triunfa en la visita del FIM CEV Repsol a Le Mans"}]},{"@type":"WebSite","@id":"https:\/\/www.boxrepsol.com\/es\/#website","url":"https:\/\/www.boxrepsol.com\/es\/","name":"Box Repsol","description":"Box Repsol Site","publisher":{"@id":"https:\/\/www.boxrepsol.com\/es\/#organization"},"potentialAction":[{"@type":"SearchAction","target":{"@type":"EntryPoint","urlTemplate":"https:\/\/www.boxrepsol.com\/es\/?s={search_term_string}"},"query-input":{"@type":"PropertyValueSpecification","valueRequired":true,"valueName":"search_term_string"}}],"inLanguage":"es"},{"@type":"Organization","@id":"https:\/\/www.boxrepsol.com\/es\/#organization","name":"Box Repsol","url":"https:\/\/www.boxrepsol.com\/es\/","logo":{"@type":"ImageObject","inLanguage":"es","@id":"https:\/\/www.boxrepsol.com\/es\/#\/schema\/logo\/image\/","url":"https:\/\/bxrepsol.s3.eu-west-1.amazonaws.com\/static\/2025\/07\/30083337\/favicon-96x96-1.png","contentUrl":"https:\/\/bxrepsol.s3.eu-west-1.amazonaws.com\/static\/2025\/07\/30083337\/favicon-96x96-1.png","width":96,"height":96,"caption":"Box Repsol"},"image":{"@id":"https:\/\/www.boxrepsol.com\/es\/#\/schema\/logo\/image\/"},"sameAs":["https:\/\/www.facebook.com\/BoxRepsol","https:\/\/x.com\/box_repsol","http:\/\/instagram.com\/box_repsol","https:\/\/www.youtube.com\/user\/RepsolCompeticion","https:\/\/www.flickr.com\/photos\/box_repsol\/"]},{"@type":"Person","@id":"https:\/\/www.boxrepsol.com\/es\/#\/schema\/person\/c5c2138f2cca251b0ad92b7086bb60b7","name":"Redacci\u00f3n Box Repsol","image":{"@type":"ImageObject","inLanguage":"es","@id":"https:\/\/secure.gravatar.com\/avatar\/adf7b77e38b4419baf32c7e9c21dde01f4e40df611f0978e3006fc4ba0aaab7e?s=96&d=mm&r=g","url":"https:\/\/secure.gravatar.com\/avatar\/adf7b77e38b4419baf32c7e9c21dde01f4e40df611f0978e3006fc4ba0aaab7e?s=96&d=mm&r=g","contentUrl":"https:\/\/secure.gravatar.com\/avatar\/adf7b77e38b4419baf32c7e9c21dde01f4e40df611f0978e3006fc4ba0aaab7e?s=96&d=mm&r=g","caption":"Redacci\u00f3n Box Repsol"},"description":"Box Repsol lo forma un equipo de periodistas, community managers, dise\u00f1adores y fot\u00f3grafos con m\u00e1s de 20 a\u00f1os de experiencia en el mundo del motorsport. Hemos vivido el primer mundial de un espa\u00f1ol en la categor\u00eda reina de motociclismo con \u00c1lex Crivill\u00e9, estuvimos en las victorias de Pedrosa y los t\u00edtulos de M\u00e1rquez, acompa\u00f1amos en \u00c1frica a Nani Roma y Marc Coma en sus conquistas del Dakar y hemos vibrado con los t\u00edtulos de Toni Bou en Trial. Adem\u00e1s, en nuestro equipo contamos con expertos en el mundo de las dos y cuatro ruedas tanto de la calle y las carreteras, como de los circuitos. Periodistas que han trabajado en revistas y publicaciones para hacerte llegar desde rutas y consejos de mantenimiento, a curiosidades y trucos de pilotaje.","sameAs":["https:\/\/www.facebook.com\/BoxRepsol\/","https:\/\/www.instagram.com\/box_repsol\/","https:\/\/x.com\/https:\/\/twitter.com\/box_repsol","https:\/\/www.youtube.com\/@Boxrepsol"],"url":"https:\/\/www.boxrepsol.com\/es\/author\/redaccion-box-repsol\/"}]}},"_links":{"self":[{"href":"https:\/\/www.boxrepsol.com\/es\/wp-json\/wp\/v2\/posts\/90298","targetHints":{"allow":["GET"]}}],"collection":[{"href":"https:\/\/www.boxrepsol.com\/es\/wp-json\/wp\/v2\/posts"}],"about":[{"href":"https:\/\/www.boxrepsol.com\/es\/wp-json\/wp\/v2\/types\/post"}],"author":[{"embeddable":true,"href":"https:\/\/www.boxrepsol.com\/es\/wp-json\/wp\/v2\/users\/43146"}],"replies":[{"embeddable":true,"href":"https:\/\/www.boxrepsol.com\/es\/wp-json\/wp\/v2\/comments?post=90298"}],"version-history":[{"count":1,"href":"https:\/\/www.boxrepsol.com\/es\/wp-json\/wp\/v2\/posts\/90298\/revisions"}],"predecessor-version":[{"id":116211,"href":"https:\/\/www.boxrepsol.com\/es\/wp-json\/wp\/v2\/posts\/90298\/revisions\/116211"}],"wp:featuredmedia":[{"embeddable":true,"href":"https:\/\/www.boxrepsol.com\/es\/wp-json\/wp\/v2\/media\/86521"}],"wp:attachment":[{"href":"https:\/\/www.boxrepsol.com\/es\/wp-json\/wp\/v2\/media?parent=90298"}],"wp:term":[{"taxonomy":"category","embeddable":true,"href":"https:\/\/www.boxrepsol.com\/es\/wp-json\/wp\/v2\/categories?post=90298"},{"taxonomy":"post_tag","embeddable":true,"href":"https:\/\/www.boxrepsol.com\/es\/wp-json\/wp\/v2\/tags?post=90298"}],"curies":[{"name":"wp","href":"https:\/\/api.w.org\/{rel}","templated":true}]}}