{"id":90295,"date":"2017-05-20T00:00:00","date_gmt":"2017-05-20T02:00:00","guid":{"rendered":"http:\/\/pre.boxrepsol.com\/sin-categorizar\/segunda-cuarta-fila-marquez-pedrosa-respectivamente\/"},"modified":"2024-10-16T10:53:40","modified_gmt":"2024-10-16T12:53:40","slug":"segunda-cuarta-fila-marquez-pedrosa-respectivamente","status":"publish","type":"post","link":"https:\/\/www.boxrepsol.com\/es\/motogp\/segunda-cuarta-fila-marquez-pedrosa-respectivamente\/","title":{"rendered":"Segunda y cuarta fila para M\u00e1rquez y Pedrosa, respectivamente"},"content":{"rendered":"<blockquote><p>Sab\u00edamos que este es un circuito en el que normalmente nos cuesta un poco m\u00e1s que en otros, pero de todas formas no estamos tan lejos.<\/p>\n<p><a href=\"http:\/\/twitter.com\/share?text=Sab%C3%ADamos+que+este+es+un+circuito+en+el+que+normalmente+nos+cuesta+un+poco+m%C3%A1s+que+en+otros%2C+pero+de+todas+formas+no+estamos+tan+lejos.+&amp;url=https%3A%2F%2Fwww.boxrepsol.com%2Fes%2Fmotogp%2Fsecond-and-fourth-row-starts-for-marquez-and-pedrosa%2F&amp;hashtags=\" target=\"_blank\" rel=\"noopener\"><br \/>\ntwittear <\/a><\/p>\n<footer>Marc M\u00e1rquez<\/footer>\n<\/blockquote>\n<p>Es la primera vez que Marc M\u00e1rquez queda fuera de la primera fila esta temporada.<\/p>\n<p>El piloto del equipo Repsol Honda ha tenido sendas ca\u00eddas en el \u00faltimo entrenamiento libre y en la sesi\u00f3n cronometrada.<\/p>\n<p>Dani Pedrosa ha pasado de la vigesimosegunda posici\u00f3n en el FP3, a la segunda en el FP4 \u2013la primera celebrada con el asfalto completamente seco\u2013.<\/p>\n<p>El registro logrado por Pedrosa en la Q1 \u20131 minuto, 32 segundos y 415 mil\u00e9simas\u2013, le habr\u00eda situado quinto en la Q2.<\/p>\n<hr \/>\n<h3>Marc M\u00e1rquez<\/h3>\n<p><em>Sab\u00edamos que este es un circuito en el que normalmente nos cuesta un poco m\u00e1s que en otros, pero de todas formas no estamos tan lejos. No nos encontramos d\u00f3nde nos gustar\u00eda, pero trabajaremos duro esta tarde comprobando los datos y esperamos ser capaces de estar un poco m\u00e1s cerca en el warm up de ma\u00f1ana. Este fin de semana s\u00f3lo hemos tenido una sesi\u00f3n completamente seca y el FP4 ha sido como si fuera el primero, as\u00ed que con el nuevo asfalto, necesit\u00e1bamos un poco m\u00e1s de tiempo, m\u00e1s vueltas para poner a punto la moto y adaptar el estilo de pilotaje. En cuanto a las ca\u00eddas, ambas han sido en el mismo lugar; en la primera estaba intentando encontrar el l\u00edmite, mientras que en la segunda, hab\u00edamos cambiado un poco la configuraci\u00f3n de la moto y probablemente deber\u00eda haber hecho la curva de una forma un poco distinta. Estaba preparado para intentar mejorar en mi segunda salida, pero he tenido un peque\u00f1o problema con el segundo neum\u00e1tico y no he podido hacer la vuelta perfecta.<\/em><\/p>\n<hr \/>\n<h3>Dani Pedrosa<\/h3>\n<p><em>Este fin de semana est\u00e1 siendo bastante dif\u00edcil, debido al tiempo, que nos ha hecho sufrir con la temperatura de los neum\u00e1ticos. Esta ma\u00f1ana, durante el FP3, hemos tenido algunos peque\u00f1os problemas con la moto que nos han impedido mejorar mi tiempo e ir directamente a la Q2. Pero el FP4 ha ido bastante bien, hemos demostrado tener un buen ritmo y esa es la parte positiva del d\u00eda. Tambi\u00e9n ha ido bien en la Q1, hemos sido r\u00e1pidos, pero desafortunadamente no lo suficiente para pasar a la Q2. De todas maneras, ahora tenemos que pensar en ma\u00f1ana: debemos estar muy concentrados en la salida y en la primera chicane. Habr\u00e1 que ser bastante agresivos en las primeras vueltas para recuperar posiciones. Lo haremos lo mejor que podamos y veremos d\u00f3nde terminamos.<\/em><\/p>\n","protected":false},"excerpt":{"rendered":"<p>El vigente Campe\u00f3n del Mundo saldr\u00e1 quinto pese a una ca\u00edda en la sesi\u00f3n cronometrada. Pedrosa ha tenido que disputar la Q1 y no ha alcanzado la Q2 por apenas 48 mil\u00e9simas.<\/p>\n","protected":false},"author":43146,"featured_media":86514,"comment_status":"open","ping_status":"open","sticky":false,"template":"","format":"standard","meta":{"footnotes":""},"categories":[4],"tags":[121],"class_list":["post-90295","post","type-post","status-publish","format-standard","hentry","category-motogp","tag-motogp-francia"],"yoast_head":"<!-- This site is optimized with the Yoast SEO plugin v27.3 - https:\/\/yoast.com\/product\/yoast-seo-wordpress\/ -->\n<title>Marquez quinto y Pedrosa decimotercero en Le Mans.<\/title>\n<meta name=\"description\" content=\"El vigente Campe\u00f3n del Mundo saldr\u00e1 quinto pese a una ca\u00edda en la sesi\u00f3n cronometrada. Pedrosa ha tenido que disputar la Q1.\" \/>\n<link rel=\"canonical\" href=\"https:\/\/www.boxrepsol.com\/es\/motogp\/segunda-cuarta-fila-marquez-pedrosa-respectivamente\/\" \/>\n<meta property=\"og:locale\" content=\"es_ES\" \/>\n<meta property=\"og:type\" content=\"article\" \/>\n<meta property=\"og:title\" content=\"Marquez quinto y Pedrosa decimotercero en Le Mans.\" \/>\n<meta property=\"og:description\" content=\"El vigente Campe\u00f3n del Mundo saldr\u00e1 quinto pese a una ca\u00edda en la sesi\u00f3n cronometrada. Pedrosa ha tenido que disputar la Q1.\" \/>\n<meta property=\"og:url\" content=\"https:\/\/www.boxrepsol.com\/es\/motogp\/segunda-cuarta-fila-marquez-pedrosa-respectivamente\/\" \/>\n<meta property=\"og:site_name\" content=\"Box Repsol\" \/>\n<meta property=\"article:publisher\" content=\"https:\/\/www.facebook.com\/BoxRepsol\" \/>\n<meta property=\"article:author\" content=\"https:\/\/www.facebook.com\/BoxRepsol\/\" \/>\n<meta property=\"article:published_time\" content=\"2017-05-20T02:00:00+00:00\" \/>\n<meta property=\"article:modified_time\" content=\"2024-10-16T12:53:40+00:00\" \/>\n<meta property=\"og:image\" content=\"https:\/\/www.boxrepsol.com\/wp-content\/uploads\/2022\/08\/00-marquez-pedrosa-repsol-honda-motogp.jpg\" \/>\n\t<meta property=\"og:image:width\" content=\"995\" \/>\n\t<meta property=\"og:image:height\" content=\"560\" \/>\n\t<meta property=\"og:image:type\" content=\"image\/jpeg\" \/>\n<meta name=\"author\" content=\"Redacci\u00f3n Box Repsol\" \/>\n<meta name=\"twitter:card\" content=\"summary_large_image\" \/>\n<meta name=\"twitter:creator\" content=\"@https:\/\/twitter.com\/box_repsol\" \/>\n<meta name=\"twitter:site\" content=\"@box_repsol\" \/>\n<meta name=\"twitter:label1\" content=\"Written by\" \/>\n\t<meta name=\"twitter:data1\" content=\"Redacci\u00f3n Box Repsol\" \/>\n\t<meta name=\"twitter:label2\" content=\"Est. reading time\" \/>\n\t<meta name=\"twitter:data2\" content=\"2 minutos\" \/>\n<script type=\"application\/ld+json\" class=\"yoast-schema-graph\">{\"@context\":\"https:\\\/\\\/schema.org\",\"@graph\":[{\"@type\":\"Article\",\"@id\":\"https:\\\/\\\/www.boxrepsol.com\\\/es\\\/motogp\\\/segunda-cuarta-fila-marquez-pedrosa-respectivamente\\\/#article\",\"isPartOf\":{\"@id\":\"https:\\\/\\\/www.boxrepsol.com\\\/es\\\/motogp\\\/segunda-cuarta-fila-marquez-pedrosa-respectivamente\\\/\"},\"author\":{\"name\":\"Redacci\u00f3n Box Repsol\",\"@id\":\"https:\\\/\\\/www.boxrepsol.com\\\/es\\\/#\\\/schema\\\/person\\\/c5c2138f2cca251b0ad92b7086bb60b7\"},\"headline\":\"Segunda y cuarta fila para M\u00e1rquez y Pedrosa, respectivamente\",\"datePublished\":\"2017-05-20T02:00:00+00:00\",\"dateModified\":\"2024-10-16T12:53:40+00:00\",\"mainEntityOfPage\":{\"@id\":\"https:\\\/\\\/www.boxrepsol.com\\\/es\\\/motogp\\\/segunda-cuarta-fila-marquez-pedrosa-respectivamente\\\/\"},\"wordCount\":468,\"commentCount\":0,\"publisher\":{\"@id\":\"https:\\\/\\\/www.boxrepsol.com\\\/es\\\/#organization\"},\"image\":{\"@id\":\"https:\\\/\\\/www.boxrepsol.com\\\/es\\\/motogp\\\/segunda-cuarta-fila-marquez-pedrosa-respectivamente\\\/#primaryimage\"},\"thumbnailUrl\":\"https:\\\/\\\/www.boxrepsol.com\\\/wp-content\\\/uploads\\\/2022\\\/08\\\/00-marquez-pedrosa-repsol-honda-motogp.jpg\",\"keywords\":[\"MotoGP Francia\"],\"articleSection\":[\"MotoGP\"],\"inLanguage\":\"es\",\"potentialAction\":[{\"@type\":\"CommentAction\",\"name\":\"Comment\",\"target\":[\"https:\\\/\\\/www.boxrepsol.com\\\/es\\\/motogp\\\/segunda-cuarta-fila-marquez-pedrosa-respectivamente\\\/#respond\"]}]},{\"@type\":\"WebPage\",\"@id\":\"https:\\\/\\\/www.boxrepsol.com\\\/es\\\/motogp\\\/segunda-cuarta-fila-marquez-pedrosa-respectivamente\\\/\",\"url\":\"https:\\\/\\\/www.boxrepsol.com\\\/es\\\/motogp\\\/segunda-cuarta-fila-marquez-pedrosa-respectivamente\\\/\",\"name\":\"Marquez quinto y Pedrosa decimotercero en Le Mans.\",\"isPartOf\":{\"@id\":\"https:\\\/\\\/www.boxrepsol.com\\\/es\\\/#website\"},\"primaryImageOfPage\":{\"@id\":\"https:\\\/\\\/www.boxrepsol.com\\\/es\\\/motogp\\\/segunda-cuarta-fila-marquez-pedrosa-respectivamente\\\/#primaryimage\"},\"image\":{\"@id\":\"https:\\\/\\\/www.boxrepsol.com\\\/es\\\/motogp\\\/segunda-cuarta-fila-marquez-pedrosa-respectivamente\\\/#primaryimage\"},\"thumbnailUrl\":\"https:\\\/\\\/www.boxrepsol.com\\\/wp-content\\\/uploads\\\/2022\\\/08\\\/00-marquez-pedrosa-repsol-honda-motogp.jpg\",\"datePublished\":\"2017-05-20T02:00:00+00:00\",\"dateModified\":\"2024-10-16T12:53:40+00:00\",\"description\":\"El vigente Campe\u00f3n del Mundo saldr\u00e1 quinto pese a una ca\u00edda en la sesi\u00f3n cronometrada. Pedrosa ha tenido que disputar la Q1.\",\"breadcrumb\":{\"@id\":\"https:\\\/\\\/www.boxrepsol.com\\\/es\\\/motogp\\\/segunda-cuarta-fila-marquez-pedrosa-respectivamente\\\/#breadcrumb\"},\"inLanguage\":\"es\",\"potentialAction\":[{\"@type\":\"ReadAction\",\"target\":[\"https:\\\/\\\/www.boxrepsol.com\\\/es\\\/motogp\\\/segunda-cuarta-fila-marquez-pedrosa-respectivamente\\\/\"]}]},{\"@type\":\"ImageObject\",\"inLanguage\":\"es\",\"@id\":\"https:\\\/\\\/www.boxrepsol.com\\\/es\\\/motogp\\\/segunda-cuarta-fila-marquez-pedrosa-respectivamente\\\/#primaryimage\",\"url\":\"https:\\\/\\\/www.boxrepsol.com\\\/wp-content\\\/uploads\\\/2022\\\/08\\\/00-marquez-pedrosa-repsol-honda-motogp.jpg\",\"contentUrl\":\"https:\\\/\\\/www.boxrepsol.com\\\/wp-content\\\/uploads\\\/2022\\\/08\\\/00-marquez-pedrosa-repsol-honda-motogp.jpg\",\"width\":995,\"height\":560,\"caption\":\"Marc M\u00e1rquez rodando en circuito con Noria\"},{\"@type\":\"BreadcrumbList\",\"@id\":\"https:\\\/\\\/www.boxrepsol.com\\\/es\\\/motogp\\\/segunda-cuarta-fila-marquez-pedrosa-respectivamente\\\/#breadcrumb\",\"itemListElement\":[{\"@type\":\"ListItem\",\"position\":1,\"name\":\"Home\",\"item\":\"https:\\\/\\\/www.boxrepsol.com\\\/es\\\/\"},{\"@type\":\"ListItem\",\"position\":2,\"name\":\"Segunda y cuarta fila para M\u00e1rquez y Pedrosa, respectivamente\"}]},{\"@type\":\"WebSite\",\"@id\":\"https:\\\/\\\/www.boxrepsol.com\\\/es\\\/#website\",\"url\":\"https:\\\/\\\/www.boxrepsol.com\\\/es\\\/\",\"name\":\"Box Repsol\",\"description\":\"Box Repsol Site\",\"publisher\":{\"@id\":\"https:\\\/\\\/www.boxrepsol.com\\\/es\\\/#organization\"},\"potentialAction\":[{\"@type\":\"SearchAction\",\"target\":{\"@type\":\"EntryPoint\",\"urlTemplate\":\"https:\\\/\\\/www.boxrepsol.com\\\/es\\\/?s={search_term_string}\"},\"query-input\":{\"@type\":\"PropertyValueSpecification\",\"valueRequired\":true,\"valueName\":\"search_term_string\"}}],\"inLanguage\":\"es\"},{\"@type\":\"Organization\",\"@id\":\"https:\\\/\\\/www.boxrepsol.com\\\/es\\\/#organization\",\"name\":\"Box Repsol\",\"url\":\"https:\\\/\\\/www.boxrepsol.com\\\/es\\\/\",\"logo\":{\"@type\":\"ImageObject\",\"inLanguage\":\"es\",\"@id\":\"https:\\\/\\\/www.boxrepsol.com\\\/es\\\/#\\\/schema\\\/logo\\\/image\\\/\",\"url\":\"https:\\\/\\\/bxrepsol.s3.eu-west-1.amazonaws.com\\\/static\\\/2025\\\/07\\\/30083337\\\/favicon-96x96-1.png\",\"contentUrl\":\"https:\\\/\\\/bxrepsol.s3.eu-west-1.amazonaws.com\\\/static\\\/2025\\\/07\\\/30083337\\\/favicon-96x96-1.png\",\"width\":96,\"height\":96,\"caption\":\"Box Repsol\"},\"image\":{\"@id\":\"https:\\\/\\\/www.boxrepsol.com\\\/es\\\/#\\\/schema\\\/logo\\\/image\\\/\"},\"sameAs\":[\"https:\\\/\\\/www.facebook.com\\\/BoxRepsol\",\"https:\\\/\\\/x.com\\\/box_repsol\",\"http:\\\/\\\/instagram.com\\\/box_repsol\",\"https:\\\/\\\/www.youtube.com\\\/user\\\/RepsolCompeticion\",\"https:\\\/\\\/www.flickr.com\\\/photos\\\/box_repsol\\\/\"]},{\"@type\":\"Person\",\"@id\":\"https:\\\/\\\/www.boxrepsol.com\\\/es\\\/#\\\/schema\\\/person\\\/c5c2138f2cca251b0ad92b7086bb60b7\",\"name\":\"Redacci\u00f3n Box Repsol\",\"image\":{\"@type\":\"ImageObject\",\"inLanguage\":\"es\",\"@id\":\"https:\\\/\\\/secure.gravatar.com\\\/avatar\\\/adf7b77e38b4419baf32c7e9c21dde01f4e40df611f0978e3006fc4ba0aaab7e?s=96&d=mm&r=g\",\"url\":\"https:\\\/\\\/secure.gravatar.com\\\/avatar\\\/adf7b77e38b4419baf32c7e9c21dde01f4e40df611f0978e3006fc4ba0aaab7e?s=96&d=mm&r=g\",\"contentUrl\":\"https:\\\/\\\/secure.gravatar.com\\\/avatar\\\/adf7b77e38b4419baf32c7e9c21dde01f4e40df611f0978e3006fc4ba0aaab7e?s=96&d=mm&r=g\",\"caption\":\"Redacci\u00f3n Box Repsol\"},\"description\":\"Box Repsol lo forma un equipo de periodistas, community managers, dise\u00f1adores y fot\u00f3grafos con m\u00e1s de 20 a\u00f1os de experiencia en el mundo del motorsport. Hemos vivido el primer mundial de un espa\u00f1ol en la categor\u00eda reina de motociclismo con \u00c1lex Crivill\u00e9, estuvimos en las victorias de Pedrosa y los t\u00edtulos de M\u00e1rquez, acompa\u00f1amos en \u00c1frica a Nani Roma y Marc Coma en sus conquistas del Dakar y hemos vibrado con los t\u00edtulos de Toni Bou en Trial. Adem\u00e1s, en nuestro equipo contamos con expertos en el mundo de las dos y cuatro ruedas tanto de la calle y las carreteras, como de los circuitos. Periodistas que han trabajado en revistas y publicaciones para hacerte llegar desde rutas y consejos de mantenimiento, a curiosidades y trucos de pilotaje.\",\"sameAs\":[\"https:\\\/\\\/www.facebook.com\\\/BoxRepsol\\\/\",\"https:\\\/\\\/www.instagram.com\\\/box_repsol\\\/\",\"https:\\\/\\\/x.com\\\/https:\\\/\\\/twitter.com\\\/box_repsol\",\"https:\\\/\\\/www.youtube.com\\\/@Boxrepsol\"],\"url\":\"https:\\\/\\\/www.boxrepsol.com\\\/es\\\/author\\\/redaccion-box-repsol\\\/\"}]}<\/script>\n<!-- \/ Yoast SEO plugin. -->","yoast_head_json":{"title":"Marquez quinto y Pedrosa decimotercero en Le Mans.","description":"El vigente Campe\u00f3n del Mundo saldr\u00e1 quinto pese a una ca\u00edda en la sesi\u00f3n cronometrada. Pedrosa ha tenido que disputar la Q1.","canonical":"https:\/\/www.boxrepsol.com\/es\/motogp\/segunda-cuarta-fila-marquez-pedrosa-respectivamente\/","og_locale":"es_ES","og_type":"article","og_title":"Marquez quinto y Pedrosa decimotercero en Le Mans.","og_description":"El vigente Campe\u00f3n del Mundo saldr\u00e1 quinto pese a una ca\u00edda en la sesi\u00f3n cronometrada. Pedrosa ha tenido que disputar la Q1.","og_url":"https:\/\/www.boxrepsol.com\/es\/motogp\/segunda-cuarta-fila-marquez-pedrosa-respectivamente\/","og_site_name":"Box Repsol","article_publisher":"https:\/\/www.facebook.com\/BoxRepsol","article_author":"https:\/\/www.facebook.com\/BoxRepsol\/","article_published_time":"2017-05-20T02:00:00+00:00","article_modified_time":"2024-10-16T12:53:40+00:00","og_image":[{"width":995,"height":560,"url":"https:\/\/www.boxrepsol.com\/wp-content\/uploads\/2022\/08\/00-marquez-pedrosa-repsol-honda-motogp.jpg","type":"image\/jpeg"}],"author":"Redacci\u00f3n Box Repsol","twitter_card":"summary_large_image","twitter_creator":"@https:\/\/twitter.com\/box_repsol","twitter_site":"@box_repsol","twitter_misc":{"Written by":"Redacci\u00f3n Box Repsol","Est. reading time":"2 minutos"},"schema":{"@context":"https:\/\/schema.org","@graph":[{"@type":"Article","@id":"https:\/\/www.boxrepsol.com\/es\/motogp\/segunda-cuarta-fila-marquez-pedrosa-respectivamente\/#article","isPartOf":{"@id":"https:\/\/www.boxrepsol.com\/es\/motogp\/segunda-cuarta-fila-marquez-pedrosa-respectivamente\/"},"author":{"name":"Redacci\u00f3n Box Repsol","@id":"https:\/\/www.boxrepsol.com\/es\/#\/schema\/person\/c5c2138f2cca251b0ad92b7086bb60b7"},"headline":"Segunda y cuarta fila para M\u00e1rquez y Pedrosa, respectivamente","datePublished":"2017-05-20T02:00:00+00:00","dateModified":"2024-10-16T12:53:40+00:00","mainEntityOfPage":{"@id":"https:\/\/www.boxrepsol.com\/es\/motogp\/segunda-cuarta-fila-marquez-pedrosa-respectivamente\/"},"wordCount":468,"commentCount":0,"publisher":{"@id":"https:\/\/www.boxrepsol.com\/es\/#organization"},"image":{"@id":"https:\/\/www.boxrepsol.com\/es\/motogp\/segunda-cuarta-fila-marquez-pedrosa-respectivamente\/#primaryimage"},"thumbnailUrl":"https:\/\/www.boxrepsol.com\/wp-content\/uploads\/2022\/08\/00-marquez-pedrosa-repsol-honda-motogp.jpg","keywords":["MotoGP Francia"],"articleSection":["MotoGP"],"inLanguage":"es","potentialAction":[{"@type":"CommentAction","name":"Comment","target":["https:\/\/www.boxrepsol.com\/es\/motogp\/segunda-cuarta-fila-marquez-pedrosa-respectivamente\/#respond"]}]},{"@type":"WebPage","@id":"https:\/\/www.boxrepsol.com\/es\/motogp\/segunda-cuarta-fila-marquez-pedrosa-respectivamente\/","url":"https:\/\/www.boxrepsol.com\/es\/motogp\/segunda-cuarta-fila-marquez-pedrosa-respectivamente\/","name":"Marquez quinto y Pedrosa decimotercero en Le Mans.","isPartOf":{"@id":"https:\/\/www.boxrepsol.com\/es\/#website"},"primaryImageOfPage":{"@id":"https:\/\/www.boxrepsol.com\/es\/motogp\/segunda-cuarta-fila-marquez-pedrosa-respectivamente\/#primaryimage"},"image":{"@id":"https:\/\/www.boxrepsol.com\/es\/motogp\/segunda-cuarta-fila-marquez-pedrosa-respectivamente\/#primaryimage"},"thumbnailUrl":"https:\/\/www.boxrepsol.com\/wp-content\/uploads\/2022\/08\/00-marquez-pedrosa-repsol-honda-motogp.jpg","datePublished":"2017-05-20T02:00:00+00:00","dateModified":"2024-10-16T12:53:40+00:00","description":"El vigente Campe\u00f3n del Mundo saldr\u00e1 quinto pese a una ca\u00edda en la sesi\u00f3n cronometrada. Pedrosa ha tenido que disputar la Q1.","breadcrumb":{"@id":"https:\/\/www.boxrepsol.com\/es\/motogp\/segunda-cuarta-fila-marquez-pedrosa-respectivamente\/#breadcrumb"},"inLanguage":"es","potentialAction":[{"@type":"ReadAction","target":["https:\/\/www.boxrepsol.com\/es\/motogp\/segunda-cuarta-fila-marquez-pedrosa-respectivamente\/"]}]},{"@type":"ImageObject","inLanguage":"es","@id":"https:\/\/www.boxrepsol.com\/es\/motogp\/segunda-cuarta-fila-marquez-pedrosa-respectivamente\/#primaryimage","url":"https:\/\/www.boxrepsol.com\/wp-content\/uploads\/2022\/08\/00-marquez-pedrosa-repsol-honda-motogp.jpg","contentUrl":"https:\/\/www.boxrepsol.com\/wp-content\/uploads\/2022\/08\/00-marquez-pedrosa-repsol-honda-motogp.jpg","width":995,"height":560,"caption":"Marc M\u00e1rquez rodando en circuito con Noria"},{"@type":"BreadcrumbList","@id":"https:\/\/www.boxrepsol.com\/es\/motogp\/segunda-cuarta-fila-marquez-pedrosa-respectivamente\/#breadcrumb","itemListElement":[{"@type":"ListItem","position":1,"name":"Home","item":"https:\/\/www.boxrepsol.com\/es\/"},{"@type":"ListItem","position":2,"name":"Segunda y cuarta fila para M\u00e1rquez y Pedrosa, respectivamente"}]},{"@type":"WebSite","@id":"https:\/\/www.boxrepsol.com\/es\/#website","url":"https:\/\/www.boxrepsol.com\/es\/","name":"Box Repsol","description":"Box Repsol Site","publisher":{"@id":"https:\/\/www.boxrepsol.com\/es\/#organization"},"potentialAction":[{"@type":"SearchAction","target":{"@type":"EntryPoint","urlTemplate":"https:\/\/www.boxrepsol.com\/es\/?s={search_term_string}"},"query-input":{"@type":"PropertyValueSpecification","valueRequired":true,"valueName":"search_term_string"}}],"inLanguage":"es"},{"@type":"Organization","@id":"https:\/\/www.boxrepsol.com\/es\/#organization","name":"Box Repsol","url":"https:\/\/www.boxrepsol.com\/es\/","logo":{"@type":"ImageObject","inLanguage":"es","@id":"https:\/\/www.boxrepsol.com\/es\/#\/schema\/logo\/image\/","url":"https:\/\/bxrepsol.s3.eu-west-1.amazonaws.com\/static\/2025\/07\/30083337\/favicon-96x96-1.png","contentUrl":"https:\/\/bxrepsol.s3.eu-west-1.amazonaws.com\/static\/2025\/07\/30083337\/favicon-96x96-1.png","width":96,"height":96,"caption":"Box Repsol"},"image":{"@id":"https:\/\/www.boxrepsol.com\/es\/#\/schema\/logo\/image\/"},"sameAs":["https:\/\/www.facebook.com\/BoxRepsol","https:\/\/x.com\/box_repsol","http:\/\/instagram.com\/box_repsol","https:\/\/www.youtube.com\/user\/RepsolCompeticion","https:\/\/www.flickr.com\/photos\/box_repsol\/"]},{"@type":"Person","@id":"https:\/\/www.boxrepsol.com\/es\/#\/schema\/person\/c5c2138f2cca251b0ad92b7086bb60b7","name":"Redacci\u00f3n Box Repsol","image":{"@type":"ImageObject","inLanguage":"es","@id":"https:\/\/secure.gravatar.com\/avatar\/adf7b77e38b4419baf32c7e9c21dde01f4e40df611f0978e3006fc4ba0aaab7e?s=96&d=mm&r=g","url":"https:\/\/secure.gravatar.com\/avatar\/adf7b77e38b4419baf32c7e9c21dde01f4e40df611f0978e3006fc4ba0aaab7e?s=96&d=mm&r=g","contentUrl":"https:\/\/secure.gravatar.com\/avatar\/adf7b77e38b4419baf32c7e9c21dde01f4e40df611f0978e3006fc4ba0aaab7e?s=96&d=mm&r=g","caption":"Redacci\u00f3n Box Repsol"},"description":"Box Repsol lo forma un equipo de periodistas, community managers, dise\u00f1adores y fot\u00f3grafos con m\u00e1s de 20 a\u00f1os de experiencia en el mundo del motorsport. Hemos vivido el primer mundial de un espa\u00f1ol en la categor\u00eda reina de motociclismo con \u00c1lex Crivill\u00e9, estuvimos en las victorias de Pedrosa y los t\u00edtulos de M\u00e1rquez, acompa\u00f1amos en \u00c1frica a Nani Roma y Marc Coma en sus conquistas del Dakar y hemos vibrado con los t\u00edtulos de Toni Bou en Trial. Adem\u00e1s, en nuestro equipo contamos con expertos en el mundo de las dos y cuatro ruedas tanto de la calle y las carreteras, como de los circuitos. Periodistas que han trabajado en revistas y publicaciones para hacerte llegar desde rutas y consejos de mantenimiento, a curiosidades y trucos de pilotaje.","sameAs":["https:\/\/www.facebook.com\/BoxRepsol\/","https:\/\/www.instagram.com\/box_repsol\/","https:\/\/x.com\/https:\/\/twitter.com\/box_repsol","https:\/\/www.youtube.com\/@Boxrepsol"],"url":"https:\/\/www.boxrepsol.com\/es\/author\/redaccion-box-repsol\/"}]}},"_links":{"self":[{"href":"https:\/\/www.boxrepsol.com\/es\/wp-json\/wp\/v2\/posts\/90295","targetHints":{"allow":["GET"]}}],"collection":[{"href":"https:\/\/www.boxrepsol.com\/es\/wp-json\/wp\/v2\/posts"}],"about":[{"href":"https:\/\/www.boxrepsol.com\/es\/wp-json\/wp\/v2\/types\/post"}],"author":[{"embeddable":true,"href":"https:\/\/www.boxrepsol.com\/es\/wp-json\/wp\/v2\/users\/43146"}],"replies":[{"embeddable":true,"href":"https:\/\/www.boxrepsol.com\/es\/wp-json\/wp\/v2\/comments?post=90295"}],"version-history":[{"count":2,"href":"https:\/\/www.boxrepsol.com\/es\/wp-json\/wp\/v2\/posts\/90295\/revisions"}],"predecessor-version":[{"id":121154,"href":"https:\/\/www.boxrepsol.com\/es\/wp-json\/wp\/v2\/posts\/90295\/revisions\/121154"}],"wp:featuredmedia":[{"embeddable":true,"href":"https:\/\/www.boxrepsol.com\/es\/wp-json\/wp\/v2\/media\/86514"}],"wp:attachment":[{"href":"https:\/\/www.boxrepsol.com\/es\/wp-json\/wp\/v2\/media?parent=90295"}],"wp:term":[{"taxonomy":"category","embeddable":true,"href":"https:\/\/www.boxrepsol.com\/es\/wp-json\/wp\/v2\/categories?post=90295"},{"taxonomy":"post_tag","embeddable":true,"href":"https:\/\/www.boxrepsol.com\/es\/wp-json\/wp\/v2\/tags?post=90295"}],"curies":[{"name":"wp","href":"https:\/\/api.w.org\/{rel}","templated":true}]}}