{"id":90226,"date":"2021-04-19T00:00:00","date_gmt":"2021-04-19T02:00:00","guid":{"rendered":"http:\/\/pre.boxrepsol.com\/sin-categorizar\/las-victorias-del-equipo-repsol-honda-jerez\/"},"modified":"2024-04-12T16:31:23","modified_gmt":"2024-04-12T18:31:23","slug":"las-victorias-del-equipo-repsol-honda-jerez","status":"publish","type":"post","link":"https:\/\/www.boxrepsol.com\/es\/motogp\/las-victorias-del-equipo-repsol-honda-jerez\/","title":{"rendered":"\u00a1Las 13 victorias del Equipo Repsol Honda en Jerez!"},"content":{"rendered":"\n<blockquote class=\"wp-block-quote is-layout-flow wp-block-quote-is-layout-flow\">\n<p>Jerez es el trazado en el que m\u00e1s victorias ha vivido el Equipo Repsol Honda.<\/p>\n<\/blockquote>\n\n\n\n<p><strong>Doohan 1996<\/strong><\/p>\n\n\n\n<p>En el segundo a\u00f1o del Equipo, el hist\u00f3rico Mick Doohan coron\u00f3 el podio de Jerez. Era el comienzo de la era Repsol Honda.<\/p>\n\n\n\n<figure class=\"wp-block-image\"><img decoding=\"async\" src=\"https:\/\/bxrepsol.s3.eu-west-1.amazonaws.com\/static\/2022\/08\/04110414\/1996_DOOHAN_1996.jpg\" alt=\"\"\/><\/figure>\n\n\n\n<p><strong>Crivill\u00e9 1997<\/strong><\/p>\n\n\n\n<p>\u00c1lex Crivill\u00e9 lleg\u00f3 fuerte al trazado de Jerez, logrando la victoria en el 97. Comenzaba la leyenda del gran piloto espa\u00f1ol.<\/p>\n\n\n\n<figure class=\"wp-block-image\"><img decoding=\"async\" src=\"https:\/\/bxrepsol.s3.eu-west-1.amazonaws.com\/static\/2022\/08\/04110416\/1997_crivi_repsol_honda-alexcriville.jpg\" alt=\"\"\/><\/figure>\n\n\n\n<p><strong>Crivill\u00e9 1998<\/strong><\/p>\n\n\n\n<p>Reafirmando su dominio sobre el trazado, Crivill\u00e9 consigui\u00f3 repetir en lo alto del caj\u00f3n al a\u00f1o siguiente de su primera victoria en Jerez en 500cc.<\/p>\n\n\n\n<figure class=\"wp-block-image\"><img decoding=\"async\" src=\"https:\/\/bxrepsol.s3.eu-west-1.amazonaws.com\/static\/2022\/08\/04110419\/1998_crivi.jpg\" alt=\"\"\/><\/figure>\n\n\n\n<p><strong>Crivill\u00e9 1999<\/strong><\/p>\n\n\n\n<p>Una tercera victoria consecutiva para \u00c1lex en el que ser\u00eda su a\u00f1o dorado. Finalmente ganar\u00eda el Mundial junto con Repsol Honda convirti\u00e9ndose en el primer Campe\u00f3n del Mundo de motociclismo Espa\u00f1ol en la m\u00e1xima categor\u00eda.<\/p>\n\n\n\n<figure class=\"wp-block-image\"><img decoding=\"async\" src=\"https:\/\/bxrepsol.s3.eu-west-1.amazonaws.com\/static\/2022\/08\/04110420\/199_crivi_alexcriville_repsolhonda.jpg\" alt=\"\"\/><\/figure>\n\n\n\n<p><strong>2002 Rossi<\/strong><\/p>\n\n\n\n<p>En el primer a\u00f1o de MotoGP, la victoria en el GP de Espa\u00f1a tambi\u00e9n fue para Repsol Honda de mano de Valentino Rossi.<\/p>\n\n\n\n<figure class=\"wp-block-image\"><img decoding=\"async\" src=\"https:\/\/bxrepsol.s3.eu-west-1.amazonaws.com\/static\/2022\/08\/04110423\/ROSSI-2002_B.jpg\" alt=\"\"\/><\/figure>\n\n\n\n<p><strong>2003 Rossi<\/strong><\/p>\n\n\n\n<p>El piloto italiano demostr\u00f3 su dominio del trazado, consiguiendo el primer puesto por segundo a\u00f1o consecutivo con el equipo.<\/p>\n\n\n\n<figure class=\"wp-block-image\"><img decoding=\"async\" src=\"https:\/\/bxrepsol.s3.eu-west-1.amazonaws.com\/static\/2022\/08\/04110425\/2003_rossi.jpg\" alt=\"\"\/><\/figure>\n\n\n\n<p><strong>2008 Pedrosa<\/strong><\/p>\n\n\n\n<p>En su tercer a\u00f1o en el Equipo Repsol Honda, Dani Pedrosa coron\u00f3 el podio del GP de Espa\u00f1a, la primera de varias veces que estaban por llegar.<\/p>\n\n\n\n<figure class=\"wp-block-image\"><img decoding=\"async\" src=\"https:\/\/bxrepsol.s3.eu-west-1.amazonaws.com\/static\/2022\/08\/04110427\/2008_pedrosa.jpg\" alt=\"\"\/><\/figure>\n\n\n\n<p><strong>2012 Stoner<\/strong><\/p>\n\n\n\n<p>Casey Stoner ya nos hab\u00eda hecho disfrutar con un Campeonato del Mundo logrado con Repsol Honda en 2011. Un a\u00f1o despu\u00e9s consigui\u00f3 en Jerez una victoria incontestable.<\/p>\n\n\n\n<figure class=\"wp-block-image\"><img decoding=\"async\" src=\"https:\/\/bxrepsol.s3.eu-west-1.amazonaws.com\/static\/2022\/08\/04110431\/STONER-2017-scaled.jpg\" alt=\"\"\/><\/figure>\n\n\n\n<p><strong>2013 Pedrosa<\/strong><\/p>\n\n\n\n<p>Pedrosa repite en lo m\u00e1s alto del podio de este GP una segunda vez. \u00a1Fuerza Dani!<\/p>\n\n\n\n<figure class=\"wp-block-image\"><img decoding=\"async\" src=\"https:\/\/bxrepsol.s3.eu-west-1.amazonaws.com\/static\/2022\/08\/04110437\/2013_pedrosa_repsolhonda_motogp-scaled.jpg\" alt=\"\"\/><\/figure>\n\n\n\n<p><strong>2014 M\u00e1rquez<\/strong><\/p>\n\n\n\n<p>Segundo A\u00f1o de MotoGP para Marc M\u00e1rquez, en el que ya era Campe\u00f3n del Mundo. Marc conseguir\u00eda su segundo t\u00edtulo mundial con el incre\u00edble n\u00famero de 13 victorias durante la temporada. La primera victoria en Jerez fue especial.<\/p>\n\n\n\n<figure class=\"wp-block-image\"><img decoding=\"async\" src=\"https:\/\/bxrepsol.s3.eu-west-1.amazonaws.com\/static\/2022\/08\/04110441\/MARQUEZ-2014-scaled.jpg\" alt=\"\"\/><\/figure>\n\n\n\n<p><strong>2017 Pedrosa<\/strong><\/p>\n\n\n\n<p>\u00a1No hay dos sin tres! Dani lleg\u00f3 a Jerez con sed de victoria y se marc\u00f3 un GP perfecto de principio a fin: los mejores tiempos, pole, vuelta r\u00e1pida en carrera y\u2026 \u00a1victoria! La n\u00famero 11 del equipo en Jerez, que convierte al circuito en el trazado que m\u00e1s victorias has visto del Equipo.<\/p>\n\n\n\n<figure class=\"wp-block-image\"><img decoding=\"async\" src=\"https:\/\/bxrepsol.s3.eu-west-1.amazonaws.com\/static\/2022\/08\/04110445\/PEDROSA-2017_C.jpg\" alt=\"\"\/><\/figure>\n\n\n\n<p><strong>2018 M\u00e1rquez<\/strong><\/p>\n\n\n\n<p>El de Cervera sigue sumando n\u00fameros a su palmar\u00e9s, firmando la 12\u00aa victoria del Equipo en el trazado andaluz. \u00a1Todo apunta que los \u00e9xitos del equipo en Jerez seguir\u00e1n repitiendose en el futuro!<\/p>\n\n\n\n<figure class=\"wp-block-image\"><img decoding=\"async\" src=\"https:\/\/bxrepsol.s3.eu-west-1.amazonaws.com\/static\/2022\/08\/04110448\/2017_marquez.jpg\" alt=\"\"\/><\/figure>\n\n\n\n<h3 class=\"wp-block-heading\">2019 Marc M\u00e1rquez<\/h3>\n\n\n\n<p>Una vez m\u00e1s el 93 lo vuelve a conseguir firmando una victoria en casa. Con esta, el Equipo suma ya 13 en total, convirti\u00e9ndose en el m\u00e1s exitoso en el circuito espa\u00f1ol.<\/p>\n\n\n\n<figure class=\"wp-block-image\"><img decoding=\"async\" src=\"https:\/\/bxrepsol.s3.eu-west-1.amazonaws.com\/static\/2022\/08\/04110449\/00_marc_marquez_motogp_jerez_victory_repsol_honda.jpg\" alt=\"\"\/><\/figure>\n","protected":false},"excerpt":{"rendered":"<p>Son ya 35 a\u00f1os de Grandes Premios de la m\u00e1xima categor\u00eda en el trazado de Jerez, y un tercio de ellos est\u00e1n en manos de los pilotos del Equipo Repsol Honda. Repasa con nosotros las 13 grandes victorias que acumulamos en el GP de Espa\u00f1a y que convierten al circuito de Jerez en el trazado que ha vivido m\u00e1s victorias de nuestro equipo.<\/p>\n","protected":false},"author":43146,"featured_media":86460,"comment_status":"open","ping_status":"open","sticky":false,"template":"","format":"standard","meta":{"footnotes":""},"categories":[4],"tags":[154],"class_list":["post-90226","post","type-post","status-publish","format-standard","hentry","category-motogp","tag-motogp-espana"],"yoast_head":"<!-- This site is optimized with the Yoast SEO plugin v27.3 - https:\/\/yoast.com\/product\/yoast-seo-wordpress\/ -->\n<title>\u00a1Las 13 victorias del Equipo Repsol Honda en Jerez! - Box Repsol<\/title>\n<meta name=\"description\" content=\"Son ya 35 a\u00f1os de Grandes Premios de la m\u00e1xima categor\u00eda en el trazado de Jerez, y 13 victorias est\u00e1n en manos de los pilotos de Repsol Honda.\" \/>\n<link rel=\"canonical\" href=\"https:\/\/www.boxrepsol.com\/es\/motogp\/las-victorias-del-equipo-repsol-honda-jerez\/\" \/>\n<meta property=\"og:locale\" content=\"es_ES\" \/>\n<meta property=\"og:type\" content=\"article\" \/>\n<meta property=\"og:title\" content=\"\u00a1Las 13 victorias del Equipo Repsol Honda en Jerez! - Box Repsol\" \/>\n<meta property=\"og:description\" content=\"Son ya 35 a\u00f1os de Grandes Premios de la m\u00e1xima categor\u00eda en el trazado de Jerez, y 13 victorias est\u00e1n en manos de los pilotos de Repsol Honda.\" \/>\n<meta property=\"og:url\" content=\"https:\/\/www.boxrepsol.com\/es\/motogp\/las-victorias-del-equipo-repsol-honda-jerez\/\" \/>\n<meta property=\"og:site_name\" content=\"Box Repsol\" \/>\n<meta property=\"article:publisher\" content=\"https:\/\/www.facebook.com\/BoxRepsol\" \/>\n<meta property=\"article:author\" content=\"https:\/\/www.facebook.com\/BoxRepsol\/\" \/>\n<meta property=\"article:published_time\" content=\"2021-04-19T02:00:00+00:00\" \/>\n<meta property=\"article:modified_time\" content=\"2024-04-12T18:31:23+00:00\" \/>\n<meta property=\"og:image\" content=\"https:\/\/www.boxrepsol.com\/wp-content\/uploads\/2022\/08\/00_marc_marquez_equipo_repsol_honda_jerez_celebracion.jpg\" \/>\n\t<meta property=\"og:image:width\" content=\"1280\" \/>\n\t<meta property=\"og:image:height\" content=\"600\" \/>\n\t<meta property=\"og:image:type\" content=\"image\/jpeg\" \/>\n<meta name=\"author\" content=\"Redacci\u00f3n Box Repsol\" \/>\n<meta name=\"twitter:card\" content=\"summary_large_image\" \/>\n<meta name=\"twitter:creator\" content=\"@https:\/\/twitter.com\/box_repsol\" \/>\n<meta name=\"twitter:site\" content=\"@box_repsol\" \/>\n<meta name=\"twitter:label1\" content=\"Written by\" \/>\n\t<meta name=\"twitter:data1\" content=\"Redacci\u00f3n Box Repsol\" \/>\n\t<meta name=\"twitter:label2\" content=\"Est. reading time\" \/>\n\t<meta name=\"twitter:data2\" content=\"2 minutos\" \/>\n<script type=\"application\/ld+json\" class=\"yoast-schema-graph\">{\"@context\":\"https:\\\/\\\/schema.org\",\"@graph\":[{\"@type\":\"Article\",\"@id\":\"https:\\\/\\\/www.boxrepsol.com\\\/es\\\/motogp\\\/las-victorias-del-equipo-repsol-honda-jerez\\\/#article\",\"isPartOf\":{\"@id\":\"https:\\\/\\\/www.boxrepsol.com\\\/es\\\/motogp\\\/las-victorias-del-equipo-repsol-honda-jerez\\\/\"},\"author\":{\"name\":\"Redacci\u00f3n Box Repsol\",\"@id\":\"https:\\\/\\\/www.boxrepsol.com\\\/es\\\/#\\\/schema\\\/person\\\/c5c2138f2cca251b0ad92b7086bb60b7\"},\"headline\":\"\u00a1Las 13 victorias del Equipo Repsol Honda en Jerez!\",\"datePublished\":\"2021-04-19T02:00:00+00:00\",\"dateModified\":\"2024-04-12T18:31:23+00:00\",\"mainEntityOfPage\":{\"@id\":\"https:\\\/\\\/www.boxrepsol.com\\\/es\\\/motogp\\\/las-victorias-del-equipo-repsol-honda-jerez\\\/\"},\"wordCount\":447,\"commentCount\":0,\"publisher\":{\"@id\":\"https:\\\/\\\/www.boxrepsol.com\\\/es\\\/#organization\"},\"image\":{\"@id\":\"https:\\\/\\\/www.boxrepsol.com\\\/es\\\/motogp\\\/las-victorias-del-equipo-repsol-honda-jerez\\\/#primaryimage\"},\"thumbnailUrl\":\"https:\\\/\\\/www.boxrepsol.com\\\/wp-content\\\/uploads\\\/2022\\\/08\\\/00_marc_marquez_equipo_repsol_honda_jerez_celebracion.jpg\",\"keywords\":[\"MotoGP Espa\u00f1a\"],\"articleSection\":[\"MotoGP\"],\"inLanguage\":\"es\",\"potentialAction\":[{\"@type\":\"CommentAction\",\"name\":\"Comment\",\"target\":[\"https:\\\/\\\/www.boxrepsol.com\\\/es\\\/motogp\\\/las-victorias-del-equipo-repsol-honda-jerez\\\/#respond\"]}]},{\"@type\":\"WebPage\",\"@id\":\"https:\\\/\\\/www.boxrepsol.com\\\/es\\\/motogp\\\/las-victorias-del-equipo-repsol-honda-jerez\\\/\",\"url\":\"https:\\\/\\\/www.boxrepsol.com\\\/es\\\/motogp\\\/las-victorias-del-equipo-repsol-honda-jerez\\\/\",\"name\":\"\u00a1Las 13 victorias del Equipo Repsol Honda en Jerez! - Box Repsol\",\"isPartOf\":{\"@id\":\"https:\\\/\\\/www.boxrepsol.com\\\/es\\\/#website\"},\"primaryImageOfPage\":{\"@id\":\"https:\\\/\\\/www.boxrepsol.com\\\/es\\\/motogp\\\/las-victorias-del-equipo-repsol-honda-jerez\\\/#primaryimage\"},\"image\":{\"@id\":\"https:\\\/\\\/www.boxrepsol.com\\\/es\\\/motogp\\\/las-victorias-del-equipo-repsol-honda-jerez\\\/#primaryimage\"},\"thumbnailUrl\":\"https:\\\/\\\/www.boxrepsol.com\\\/wp-content\\\/uploads\\\/2022\\\/08\\\/00_marc_marquez_equipo_repsol_honda_jerez_celebracion.jpg\",\"datePublished\":\"2021-04-19T02:00:00+00:00\",\"dateModified\":\"2024-04-12T18:31:23+00:00\",\"description\":\"Son ya 35 a\u00f1os de Grandes Premios de la m\u00e1xima categor\u00eda en el trazado de Jerez, y 13 victorias est\u00e1n en manos de los pilotos de Repsol Honda.\",\"breadcrumb\":{\"@id\":\"https:\\\/\\\/www.boxrepsol.com\\\/es\\\/motogp\\\/las-victorias-del-equipo-repsol-honda-jerez\\\/#breadcrumb\"},\"inLanguage\":\"es\",\"potentialAction\":[{\"@type\":\"ReadAction\",\"target\":[\"https:\\\/\\\/www.boxrepsol.com\\\/es\\\/motogp\\\/las-victorias-del-equipo-repsol-honda-jerez\\\/\"]}]},{\"@type\":\"ImageObject\",\"inLanguage\":\"es\",\"@id\":\"https:\\\/\\\/www.boxrepsol.com\\\/es\\\/motogp\\\/las-victorias-del-equipo-repsol-honda-jerez\\\/#primaryimage\",\"url\":\"https:\\\/\\\/www.boxrepsol.com\\\/wp-content\\\/uploads\\\/2022\\\/08\\\/00_marc_marquez_equipo_repsol_honda_jerez_celebracion.jpg\",\"contentUrl\":\"https:\\\/\\\/www.boxrepsol.com\\\/wp-content\\\/uploads\\\/2022\\\/08\\\/00_marc_marquez_equipo_repsol_honda_jerez_celebracion.jpg\",\"width\":1280,\"height\":600,\"caption\":\"Marc M\u00e1rquez y su equipo celebrando en Jerez\"},{\"@type\":\"BreadcrumbList\",\"@id\":\"https:\\\/\\\/www.boxrepsol.com\\\/es\\\/motogp\\\/las-victorias-del-equipo-repsol-honda-jerez\\\/#breadcrumb\",\"itemListElement\":[{\"@type\":\"ListItem\",\"position\":1,\"name\":\"Home\",\"item\":\"https:\\\/\\\/www.boxrepsol.com\\\/es\\\/\"},{\"@type\":\"ListItem\",\"position\":2,\"name\":\"\u00a1Las 13 victorias del Equipo Repsol Honda en Jerez!\"}]},{\"@type\":\"WebSite\",\"@id\":\"https:\\\/\\\/www.boxrepsol.com\\\/es\\\/#website\",\"url\":\"https:\\\/\\\/www.boxrepsol.com\\\/es\\\/\",\"name\":\"Box Repsol\",\"description\":\"Box Repsol Site\",\"publisher\":{\"@id\":\"https:\\\/\\\/www.boxrepsol.com\\\/es\\\/#organization\"},\"potentialAction\":[{\"@type\":\"SearchAction\",\"target\":{\"@type\":\"EntryPoint\",\"urlTemplate\":\"https:\\\/\\\/www.boxrepsol.com\\\/es\\\/?s={search_term_string}\"},\"query-input\":{\"@type\":\"PropertyValueSpecification\",\"valueRequired\":true,\"valueName\":\"search_term_string\"}}],\"inLanguage\":\"es\"},{\"@type\":\"Organization\",\"@id\":\"https:\\\/\\\/www.boxrepsol.com\\\/es\\\/#organization\",\"name\":\"Box Repsol\",\"url\":\"https:\\\/\\\/www.boxrepsol.com\\\/es\\\/\",\"logo\":{\"@type\":\"ImageObject\",\"inLanguage\":\"es\",\"@id\":\"https:\\\/\\\/www.boxrepsol.com\\\/es\\\/#\\\/schema\\\/logo\\\/image\\\/\",\"url\":\"https:\\\/\\\/bxrepsol.s3.eu-west-1.amazonaws.com\\\/static\\\/2025\\\/07\\\/30083337\\\/favicon-96x96-1.png\",\"contentUrl\":\"https:\\\/\\\/bxrepsol.s3.eu-west-1.amazonaws.com\\\/static\\\/2025\\\/07\\\/30083337\\\/favicon-96x96-1.png\",\"width\":96,\"height\":96,\"caption\":\"Box Repsol\"},\"image\":{\"@id\":\"https:\\\/\\\/www.boxrepsol.com\\\/es\\\/#\\\/schema\\\/logo\\\/image\\\/\"},\"sameAs\":[\"https:\\\/\\\/www.facebook.com\\\/BoxRepsol\",\"https:\\\/\\\/x.com\\\/box_repsol\",\"http:\\\/\\\/instagram.com\\\/box_repsol\",\"https:\\\/\\\/www.youtube.com\\\/user\\\/RepsolCompeticion\",\"https:\\\/\\\/www.flickr.com\\\/photos\\\/box_repsol\\\/\"]},{\"@type\":\"Person\",\"@id\":\"https:\\\/\\\/www.boxrepsol.com\\\/es\\\/#\\\/schema\\\/person\\\/c5c2138f2cca251b0ad92b7086bb60b7\",\"name\":\"Redacci\u00f3n Box Repsol\",\"image\":{\"@type\":\"ImageObject\",\"inLanguage\":\"es\",\"@id\":\"https:\\\/\\\/secure.gravatar.com\\\/avatar\\\/adf7b77e38b4419baf32c7e9c21dde01f4e40df611f0978e3006fc4ba0aaab7e?s=96&d=mm&r=g\",\"url\":\"https:\\\/\\\/secure.gravatar.com\\\/avatar\\\/adf7b77e38b4419baf32c7e9c21dde01f4e40df611f0978e3006fc4ba0aaab7e?s=96&d=mm&r=g\",\"contentUrl\":\"https:\\\/\\\/secure.gravatar.com\\\/avatar\\\/adf7b77e38b4419baf32c7e9c21dde01f4e40df611f0978e3006fc4ba0aaab7e?s=96&d=mm&r=g\",\"caption\":\"Redacci\u00f3n Box Repsol\"},\"description\":\"Box Repsol lo forma un equipo de periodistas, community managers, dise\u00f1adores y fot\u00f3grafos con m\u00e1s de 20 a\u00f1os de experiencia en el mundo del motorsport. Hemos vivido el primer mundial de un espa\u00f1ol en la categor\u00eda reina de motociclismo con \u00c1lex Crivill\u00e9, estuvimos en las victorias de Pedrosa y los t\u00edtulos de M\u00e1rquez, acompa\u00f1amos en \u00c1frica a Nani Roma y Marc Coma en sus conquistas del Dakar y hemos vibrado con los t\u00edtulos de Toni Bou en Trial. Adem\u00e1s, en nuestro equipo contamos con expertos en el mundo de las dos y cuatro ruedas tanto de la calle y las carreteras, como de los circuitos. Periodistas que han trabajado en revistas y publicaciones para hacerte llegar desde rutas y consejos de mantenimiento, a curiosidades y trucos de pilotaje.\",\"sameAs\":[\"https:\\\/\\\/www.facebook.com\\\/BoxRepsol\\\/\",\"https:\\\/\\\/www.instagram.com\\\/box_repsol\\\/\",\"https:\\\/\\\/x.com\\\/https:\\\/\\\/twitter.com\\\/box_repsol\",\"https:\\\/\\\/www.youtube.com\\\/@Boxrepsol\"],\"url\":\"https:\\\/\\\/www.boxrepsol.com\\\/es\\\/author\\\/redaccion-box-repsol\\\/\"}]}<\/script>\n<!-- \/ Yoast SEO plugin. -->","yoast_head_json":{"title":"\u00a1Las 13 victorias del Equipo Repsol Honda en Jerez! - Box Repsol","description":"Son ya 35 a\u00f1os de Grandes Premios de la m\u00e1xima categor\u00eda en el trazado de Jerez, y 13 victorias est\u00e1n en manos de los pilotos de Repsol Honda.","canonical":"https:\/\/www.boxrepsol.com\/es\/motogp\/las-victorias-del-equipo-repsol-honda-jerez\/","og_locale":"es_ES","og_type":"article","og_title":"\u00a1Las 13 victorias del Equipo Repsol Honda en Jerez! - Box Repsol","og_description":"Son ya 35 a\u00f1os de Grandes Premios de la m\u00e1xima categor\u00eda en el trazado de Jerez, y 13 victorias est\u00e1n en manos de los pilotos de Repsol Honda.","og_url":"https:\/\/www.boxrepsol.com\/es\/motogp\/las-victorias-del-equipo-repsol-honda-jerez\/","og_site_name":"Box Repsol","article_publisher":"https:\/\/www.facebook.com\/BoxRepsol","article_author":"https:\/\/www.facebook.com\/BoxRepsol\/","article_published_time":"2021-04-19T02:00:00+00:00","article_modified_time":"2024-04-12T18:31:23+00:00","og_image":[{"width":1280,"height":600,"url":"https:\/\/www.boxrepsol.com\/wp-content\/uploads\/2022\/08\/00_marc_marquez_equipo_repsol_honda_jerez_celebracion.jpg","type":"image\/jpeg"}],"author":"Redacci\u00f3n Box Repsol","twitter_card":"summary_large_image","twitter_creator":"@https:\/\/twitter.com\/box_repsol","twitter_site":"@box_repsol","twitter_misc":{"Written by":"Redacci\u00f3n Box Repsol","Est. reading time":"2 minutos"},"schema":{"@context":"https:\/\/schema.org","@graph":[{"@type":"Article","@id":"https:\/\/www.boxrepsol.com\/es\/motogp\/las-victorias-del-equipo-repsol-honda-jerez\/#article","isPartOf":{"@id":"https:\/\/www.boxrepsol.com\/es\/motogp\/las-victorias-del-equipo-repsol-honda-jerez\/"},"author":{"name":"Redacci\u00f3n Box Repsol","@id":"https:\/\/www.boxrepsol.com\/es\/#\/schema\/person\/c5c2138f2cca251b0ad92b7086bb60b7"},"headline":"\u00a1Las 13 victorias del Equipo Repsol Honda en Jerez!","datePublished":"2021-04-19T02:00:00+00:00","dateModified":"2024-04-12T18:31:23+00:00","mainEntityOfPage":{"@id":"https:\/\/www.boxrepsol.com\/es\/motogp\/las-victorias-del-equipo-repsol-honda-jerez\/"},"wordCount":447,"commentCount":0,"publisher":{"@id":"https:\/\/www.boxrepsol.com\/es\/#organization"},"image":{"@id":"https:\/\/www.boxrepsol.com\/es\/motogp\/las-victorias-del-equipo-repsol-honda-jerez\/#primaryimage"},"thumbnailUrl":"https:\/\/www.boxrepsol.com\/wp-content\/uploads\/2022\/08\/00_marc_marquez_equipo_repsol_honda_jerez_celebracion.jpg","keywords":["MotoGP Espa\u00f1a"],"articleSection":["MotoGP"],"inLanguage":"es","potentialAction":[{"@type":"CommentAction","name":"Comment","target":["https:\/\/www.boxrepsol.com\/es\/motogp\/las-victorias-del-equipo-repsol-honda-jerez\/#respond"]}]},{"@type":"WebPage","@id":"https:\/\/www.boxrepsol.com\/es\/motogp\/las-victorias-del-equipo-repsol-honda-jerez\/","url":"https:\/\/www.boxrepsol.com\/es\/motogp\/las-victorias-del-equipo-repsol-honda-jerez\/","name":"\u00a1Las 13 victorias del Equipo Repsol Honda en Jerez! - Box Repsol","isPartOf":{"@id":"https:\/\/www.boxrepsol.com\/es\/#website"},"primaryImageOfPage":{"@id":"https:\/\/www.boxrepsol.com\/es\/motogp\/las-victorias-del-equipo-repsol-honda-jerez\/#primaryimage"},"image":{"@id":"https:\/\/www.boxrepsol.com\/es\/motogp\/las-victorias-del-equipo-repsol-honda-jerez\/#primaryimage"},"thumbnailUrl":"https:\/\/www.boxrepsol.com\/wp-content\/uploads\/2022\/08\/00_marc_marquez_equipo_repsol_honda_jerez_celebracion.jpg","datePublished":"2021-04-19T02:00:00+00:00","dateModified":"2024-04-12T18:31:23+00:00","description":"Son ya 35 a\u00f1os de Grandes Premios de la m\u00e1xima categor\u00eda en el trazado de Jerez, y 13 victorias est\u00e1n en manos de los pilotos de Repsol Honda.","breadcrumb":{"@id":"https:\/\/www.boxrepsol.com\/es\/motogp\/las-victorias-del-equipo-repsol-honda-jerez\/#breadcrumb"},"inLanguage":"es","potentialAction":[{"@type":"ReadAction","target":["https:\/\/www.boxrepsol.com\/es\/motogp\/las-victorias-del-equipo-repsol-honda-jerez\/"]}]},{"@type":"ImageObject","inLanguage":"es","@id":"https:\/\/www.boxrepsol.com\/es\/motogp\/las-victorias-del-equipo-repsol-honda-jerez\/#primaryimage","url":"https:\/\/www.boxrepsol.com\/wp-content\/uploads\/2022\/08\/00_marc_marquez_equipo_repsol_honda_jerez_celebracion.jpg","contentUrl":"https:\/\/www.boxrepsol.com\/wp-content\/uploads\/2022\/08\/00_marc_marquez_equipo_repsol_honda_jerez_celebracion.jpg","width":1280,"height":600,"caption":"Marc M\u00e1rquez y su equipo celebrando en Jerez"},{"@type":"BreadcrumbList","@id":"https:\/\/www.boxrepsol.com\/es\/motogp\/las-victorias-del-equipo-repsol-honda-jerez\/#breadcrumb","itemListElement":[{"@type":"ListItem","position":1,"name":"Home","item":"https:\/\/www.boxrepsol.com\/es\/"},{"@type":"ListItem","position":2,"name":"\u00a1Las 13 victorias del Equipo Repsol Honda en Jerez!"}]},{"@type":"WebSite","@id":"https:\/\/www.boxrepsol.com\/es\/#website","url":"https:\/\/www.boxrepsol.com\/es\/","name":"Box Repsol","description":"Box Repsol Site","publisher":{"@id":"https:\/\/www.boxrepsol.com\/es\/#organization"},"potentialAction":[{"@type":"SearchAction","target":{"@type":"EntryPoint","urlTemplate":"https:\/\/www.boxrepsol.com\/es\/?s={search_term_string}"},"query-input":{"@type":"PropertyValueSpecification","valueRequired":true,"valueName":"search_term_string"}}],"inLanguage":"es"},{"@type":"Organization","@id":"https:\/\/www.boxrepsol.com\/es\/#organization","name":"Box Repsol","url":"https:\/\/www.boxrepsol.com\/es\/","logo":{"@type":"ImageObject","inLanguage":"es","@id":"https:\/\/www.boxrepsol.com\/es\/#\/schema\/logo\/image\/","url":"https:\/\/bxrepsol.s3.eu-west-1.amazonaws.com\/static\/2025\/07\/30083337\/favicon-96x96-1.png","contentUrl":"https:\/\/bxrepsol.s3.eu-west-1.amazonaws.com\/static\/2025\/07\/30083337\/favicon-96x96-1.png","width":96,"height":96,"caption":"Box Repsol"},"image":{"@id":"https:\/\/www.boxrepsol.com\/es\/#\/schema\/logo\/image\/"},"sameAs":["https:\/\/www.facebook.com\/BoxRepsol","https:\/\/x.com\/box_repsol","http:\/\/instagram.com\/box_repsol","https:\/\/www.youtube.com\/user\/RepsolCompeticion","https:\/\/www.flickr.com\/photos\/box_repsol\/"]},{"@type":"Person","@id":"https:\/\/www.boxrepsol.com\/es\/#\/schema\/person\/c5c2138f2cca251b0ad92b7086bb60b7","name":"Redacci\u00f3n Box Repsol","image":{"@type":"ImageObject","inLanguage":"es","@id":"https:\/\/secure.gravatar.com\/avatar\/adf7b77e38b4419baf32c7e9c21dde01f4e40df611f0978e3006fc4ba0aaab7e?s=96&d=mm&r=g","url":"https:\/\/secure.gravatar.com\/avatar\/adf7b77e38b4419baf32c7e9c21dde01f4e40df611f0978e3006fc4ba0aaab7e?s=96&d=mm&r=g","contentUrl":"https:\/\/secure.gravatar.com\/avatar\/adf7b77e38b4419baf32c7e9c21dde01f4e40df611f0978e3006fc4ba0aaab7e?s=96&d=mm&r=g","caption":"Redacci\u00f3n Box Repsol"},"description":"Box Repsol lo forma un equipo de periodistas, community managers, dise\u00f1adores y fot\u00f3grafos con m\u00e1s de 20 a\u00f1os de experiencia en el mundo del motorsport. Hemos vivido el primer mundial de un espa\u00f1ol en la categor\u00eda reina de motociclismo con \u00c1lex Crivill\u00e9, estuvimos en las victorias de Pedrosa y los t\u00edtulos de M\u00e1rquez, acompa\u00f1amos en \u00c1frica a Nani Roma y Marc Coma en sus conquistas del Dakar y hemos vibrado con los t\u00edtulos de Toni Bou en Trial. Adem\u00e1s, en nuestro equipo contamos con expertos en el mundo de las dos y cuatro ruedas tanto de la calle y las carreteras, como de los circuitos. Periodistas que han trabajado en revistas y publicaciones para hacerte llegar desde rutas y consejos de mantenimiento, a curiosidades y trucos de pilotaje.","sameAs":["https:\/\/www.facebook.com\/BoxRepsol\/","https:\/\/www.instagram.com\/box_repsol\/","https:\/\/x.com\/https:\/\/twitter.com\/box_repsol","https:\/\/www.youtube.com\/@Boxrepsol"],"url":"https:\/\/www.boxrepsol.com\/es\/author\/redaccion-box-repsol\/"}]}},"_links":{"self":[{"href":"https:\/\/www.boxrepsol.com\/es\/wp-json\/wp\/v2\/posts\/90226","targetHints":{"allow":["GET"]}}],"collection":[{"href":"https:\/\/www.boxrepsol.com\/es\/wp-json\/wp\/v2\/posts"}],"about":[{"href":"https:\/\/www.boxrepsol.com\/es\/wp-json\/wp\/v2\/types\/post"}],"author":[{"embeddable":true,"href":"https:\/\/www.boxrepsol.com\/es\/wp-json\/wp\/v2\/users\/43146"}],"replies":[{"embeddable":true,"href":"https:\/\/www.boxrepsol.com\/es\/wp-json\/wp\/v2\/comments?post=90226"}],"version-history":[{"count":2,"href":"https:\/\/www.boxrepsol.com\/es\/wp-json\/wp\/v2\/posts\/90226\/revisions"}],"predecessor-version":[{"id":103772,"href":"https:\/\/www.boxrepsol.com\/es\/wp-json\/wp\/v2\/posts\/90226\/revisions\/103772"}],"wp:featuredmedia":[{"embeddable":true,"href":"https:\/\/www.boxrepsol.com\/es\/wp-json\/wp\/v2\/media\/86460"}],"wp:attachment":[{"href":"https:\/\/www.boxrepsol.com\/es\/wp-json\/wp\/v2\/media?parent=90226"}],"wp:term":[{"taxonomy":"category","embeddable":true,"href":"https:\/\/www.boxrepsol.com\/es\/wp-json\/wp\/v2\/categories?post=90226"},{"taxonomy":"post_tag","embeddable":true,"href":"https:\/\/www.boxrepsol.com\/es\/wp-json\/wp\/v2\/tags?post=90226"}],"curies":[{"name":"wp","href":"https:\/\/api.w.org\/{rel}","templated":true}]}}