{"id":90224,"date":"2019-04-24T00:00:00","date_gmt":"2019-04-24T02:00:00","guid":{"rendered":"http:\/\/pre.boxrepsol.com\/sin-categorizar\/6-curiosidades-del-mono-competicion-marc-marquez\/"},"modified":"2025-06-27T06:55:39","modified_gmt":"2025-06-27T08:55:39","slug":"6-curiosidades-del-mono-competicion-marc-marquez","status":"publish","type":"post","link":"https:\/\/www.boxrepsol.com\/es\/motogp\/6-curiosidades-del-mono-competicion-marc-marquez\/","title":{"rendered":"6 curiosidades del mono de competici\u00f3n de Marc M\u00e1rquez"},"content":{"rendered":"\n<blockquote class=\"wp-block-quote is-layout-flow wp-block-quote-is-layout-flow\">\n<p>Los monos contienen 6 placas de blindaje en su interior<\/p>\n<\/blockquote>\n\n\n\n<h3 class=\"wp-block-heading\"><strong>Monos hechos a mano<\/strong><\/h3>\n\n\n\n<p>Los <a href=\"https:\/\/www.boxrepsol.com\/es\/motogp\/vestir-y-proteger-la-doble-funcion-del-mono-de-motogp\/\">monos de competici\u00f3n<\/a> <strong>se hacen a mano<\/strong> con unas meticulosas medidas para cada piloto. Las protecciones y el tejido tienen que encajar a la perfecci\u00f3n para que puedan cumplir con su labor. No solo para dar la m\u00e1xima comodidad al piloto, sino tambi\u00e9n la m\u00e1xima protecci\u00f3n.<\/p>\n\n\n\n<figure class=\"wp-block-image\"><img decoding=\"async\" src=\"https:\/\/bxrepsol.s3.eu-west-1.amazonaws.com\/static\/2022\/08\/29071809\/01Qatar17MgpREPSOL_JO224071-1.jpg\" alt=\"\"\/><figcaption class=\"wp-element-caption\">Marc M\u00e1rquez en el box en Catar<\/figcaption><\/figure>\n\n\n\n<h3 class=\"wp-block-heading\"><strong>Est\u00e1n formados por 13 piezas<\/strong><\/h3>\n\n\n\n<p>El traje que usa Marc, as\u00ed como todos los monos de competici\u00f3n que crea Alpinestars, est\u00e1 compuesto por 13 piezas de cuero. Las piezas se cortan y se cosen a mano entre ellas en un proceso que <strong>dura m\u00e1s de 7 horas y media<\/strong> por cada mono.<\/p>\n\n\n\n<h3 class=\"wp-block-heading\"><strong>El airbag es clave<\/strong><\/h3>\n\n\n\n<p>Todos los monos van equipados con un avanzado <strong>airbag de cuerpo entero<\/strong>. Este <a href=\"https:\/\/www.boxrepsol.com\/es\/tecnologia\/airbag-moto-elemento-clave-la-seguridad\/\">airbag <\/a>cuenta con dos cargas y se mantiene hinchado <strong>durante 5 segundos tras una ca\u00edda<\/strong>. El traje lleva unos sensores muy avanzados <strong>capaces de distinguir si el piloto est\u00e1 en pista o no<\/strong>, y diferencia entre una ca\u00edda y una salvada ajustada. Su activaci\u00f3n es casi instant\u00e1nea y permite que est\u00e9 activo <strong>antes incluso de que el piloto toque el asfalto<\/strong>.<\/p>\n\n\n\n<figure class=\"wp-block-image\"><img decoding=\"async\" src=\"https:\/\/bxrepsol.s3.eu-west-1.amazonaws.com\/static\/2022\/08\/29051519\/marc-marquez-en-su-rc21v-vistiendo-un-mono-de-competicion-de-ultima-generacion.jpg\" alt=\"\"\/><figcaption class=\"wp-element-caption\">Marc M\u00e1rquez con un mono de competici\u00f3n encima de su RC213V<\/figcaption><\/figure>\n\n\n\n<h3 class=\"wp-block-heading\"><strong>Blindajes \u201ca prueba de bombas\u201d<\/strong><\/h3>\n\n\n\n<p><a href=\"https:\/\/www.boxrepsol.com\/es\/motogp\/armaduras-motogp-la-maxima-proteccion-los-pilotos-motogp\/\">Todas las piezas de blindaje del mono<\/a>, se prueban para asegurar que son capaces de soportar la fuerza de los golpes que los pilotos sufrir\u00e1n al caer. Tambi\u00e9n se prueba el cuero con un test que determinan su dureza y resistencia a la abrasi\u00f3n, as\u00ed como la calidad de las costuras. El mono tiene <strong>6 piezas de blindaje que van encajadas en bolsillos interiores<\/strong>: dos para los brazos, dos para las piernas, una para el pecho y otra para la espalda.<\/p>\n\n\n\n<h3 class=\"wp-block-heading\"><strong>&nbsp;El material tambi\u00e9n es importante<\/strong><\/h3>\n\n\n\n<p>Los monos est\u00e1n hechos de piel de canguro, un material que es altamente resistente a la abrasi\u00f3n, aunque Alpinestars tambi\u00e9n crea monos de competici\u00f3n con pieles de bovinos. Los monos de piel de canguro son sin embargo los m\u00e1s comunes.<\/p>\n\n\n\n<figure class=\"wp-block-image\"><img decoding=\"async\" src=\"https:\/\/bxrepsol.s3.eu-west-1.amazonaws.com\/static\/2022\/08\/29051520\/00_motogp_marc_marquez_rozadura_mono_le_mans_lluvia_pole.jpg\" alt=\"\"\/><figcaption class=\"wp-element-caption\">Marc M\u00e1rquez se\u00f1alando rozadura de asfalto en mono<\/figcaption><\/figure>\n\n\n\n<h3 class=\"wp-block-heading\"><strong>4 monos en cada GP y la posibilidad de repararlos<\/strong><\/h3>\n\n\n\n<p>Alpinestars habitualmente suministra 4 monos de competici\u00f3n por GP, y estos pueden tener diferentes especificaciones seg\u00fan las consideraciones del piloto. En caso de encontrarse en un fin de semana especialmente desafortunado con muchas ca\u00eddas y monos rotos, los pilotos cuentan tambi\u00e9n&nbsp; con un taller que puede repararlos en el propio paddock.<\/p>\n\n\n\n<p>El mono es una parte importante del equipamiento de todo piloto. Si quieres descubrir m\u00e1s secretos y curiosidades de los pilotos Repsol Honda, <strong><a href=\"https:\/\/www.boxrepsol.com\/es\/suscribete\/\">suscr\u00edbete al bolet\u00edn<\/a><\/strong> y s\u00edguenos en las&nbsp;<strong><a href=\"https:\/\/twitter.com\/box_repsol\" target=\"_blank\" rel=\"noopener noreferrer\">redes sociales del Box Repsol<\/a><\/strong><\/p>\n","protected":false},"excerpt":{"rendered":"<p>Alpinestars es la factor\u00eda creadora de los  monos que viste Marc M\u00e1rquez. Hoy os contamos 6 curiosidades sobre los monos de nuestro piloto y su proceso de producci\u00f3n que te van a interesar.<\/p>\n","protected":false},"author":43146,"featured_media":86478,"comment_status":"open","ping_status":"open","sticky":false,"template":"","format":"standard","meta":{"footnotes":""},"categories":[4],"tags":[333,131,6],"class_list":["post-90224","post","type-post","status-publish","format-standard","hentry","category-motogp","tag-competicion","tag-equipacion-y-accesorios-moto","tag-marc-marquez"],"yoast_head":"<!-- This site is optimized with the Yoast SEO plugin v27.3 - https:\/\/yoast.com\/product\/yoast-seo-wordpress\/ -->\n<title>6 curiosidades del mono de competici\u00f3n de Marc M\u00e1rquez - Box Repsol<\/title>\n<meta name=\"description\" content=\"Alpinestars es la factor\u00eda creadora de los monos que viste Marc M\u00e1rquez. Hoy os contamos 6 curiosidades sobre los monos de nuestro piloto.\" \/>\n<link rel=\"canonical\" href=\"https:\/\/www.boxrepsol.com\/es\/motogp\/6-curiosidades-del-mono-competicion-marc-marquez\/\" \/>\n<meta property=\"og:locale\" content=\"es_ES\" \/>\n<meta property=\"og:type\" content=\"article\" \/>\n<meta property=\"og:title\" content=\"6 curiosidades del mono de competici\u00f3n de Marc M\u00e1rquez - Box Repsol\" \/>\n<meta property=\"og:description\" content=\"Alpinestars es la factor\u00eda creadora de los monos que viste Marc M\u00e1rquez. Hoy os contamos 6 curiosidades sobre los monos de nuestro piloto.\" \/>\n<meta property=\"og:url\" content=\"https:\/\/www.boxrepsol.com\/es\/motogp\/6-curiosidades-del-mono-competicion-marc-marquez\/\" \/>\n<meta property=\"og:site_name\" content=\"Box Repsol\" \/>\n<meta property=\"article:publisher\" content=\"https:\/\/www.facebook.com\/BoxRepsol\" \/>\n<meta property=\"article:author\" content=\"https:\/\/www.facebook.com\/BoxRepsol\/\" \/>\n<meta property=\"article:published_time\" content=\"2019-04-24T02:00:00+00:00\" \/>\n<meta property=\"article:modified_time\" content=\"2025-06-27T08:55:39+00:00\" \/>\n<meta property=\"og:image\" content=\"https:\/\/www.boxrepsol.com\/wp-content\/uploads\/2022\/08\/marc-marquez-con-mono-de-competicion.jpg\" \/>\n\t<meta property=\"og:image:width\" content=\"1280\" \/>\n\t<meta property=\"og:image:height\" content=\"600\" \/>\n\t<meta property=\"og:image:type\" content=\"image\/jpeg\" \/>\n<meta name=\"author\" content=\"Redacci\u00f3n Box Repsol\" \/>\n<meta name=\"twitter:card\" content=\"summary_large_image\" \/>\n<meta name=\"twitter:creator\" content=\"@https:\/\/twitter.com\/box_repsol\" \/>\n<meta name=\"twitter:site\" content=\"@box_repsol\" \/>\n<meta name=\"twitter:label1\" content=\"Written by\" \/>\n\t<meta name=\"twitter:data1\" content=\"Redacci\u00f3n Box Repsol\" \/>\n\t<meta name=\"twitter:label2\" content=\"Est. reading time\" \/>\n\t<meta name=\"twitter:data2\" content=\"2 minutos\" \/>\n<script type=\"application\/ld+json\" class=\"yoast-schema-graph\">{\"@context\":\"https:\\\/\\\/schema.org\",\"@graph\":[{\"@type\":\"Article\",\"@id\":\"https:\\\/\\\/www.boxrepsol.com\\\/es\\\/motogp\\\/6-curiosidades-del-mono-competicion-marc-marquez\\\/#article\",\"isPartOf\":{\"@id\":\"https:\\\/\\\/www.boxrepsol.com\\\/es\\\/motogp\\\/6-curiosidades-del-mono-competicion-marc-marquez\\\/\"},\"author\":{\"name\":\"Redacci\u00f3n Box Repsol\",\"@id\":\"https:\\\/\\\/www.boxrepsol.com\\\/es\\\/#\\\/schema\\\/person\\\/c5c2138f2cca251b0ad92b7086bb60b7\"},\"headline\":\"6 curiosidades del mono de competici\u00f3n de Marc M\u00e1rquez\",\"datePublished\":\"2019-04-24T02:00:00+00:00\",\"dateModified\":\"2025-06-27T08:55:39+00:00\",\"mainEntityOfPage\":{\"@id\":\"https:\\\/\\\/www.boxrepsol.com\\\/es\\\/motogp\\\/6-curiosidades-del-mono-competicion-marc-marquez\\\/\"},\"wordCount\":485,\"commentCount\":1,\"publisher\":{\"@id\":\"https:\\\/\\\/www.boxrepsol.com\\\/es\\\/#organization\"},\"image\":{\"@id\":\"https:\\\/\\\/www.boxrepsol.com\\\/es\\\/motogp\\\/6-curiosidades-del-mono-competicion-marc-marquez\\\/#primaryimage\"},\"thumbnailUrl\":\"https:\\\/\\\/www.boxrepsol.com\\\/wp-content\\\/uploads\\\/2022\\\/08\\\/marc-marquez-con-mono-de-competicion.jpg\",\"keywords\":[\"Competici\u00f3n\",\"equipaci\u00f3n y accesorios moto\",\"Marc M\u00e1rquez\"],\"articleSection\":[\"MotoGP\"],\"inLanguage\":\"es\",\"potentialAction\":[{\"@type\":\"CommentAction\",\"name\":\"Comment\",\"target\":[\"https:\\\/\\\/www.boxrepsol.com\\\/es\\\/motogp\\\/6-curiosidades-del-mono-competicion-marc-marquez\\\/#respond\"]}]},{\"@type\":\"WebPage\",\"@id\":\"https:\\\/\\\/www.boxrepsol.com\\\/es\\\/motogp\\\/6-curiosidades-del-mono-competicion-marc-marquez\\\/\",\"url\":\"https:\\\/\\\/www.boxrepsol.com\\\/es\\\/motogp\\\/6-curiosidades-del-mono-competicion-marc-marquez\\\/\",\"name\":\"6 curiosidades del mono de competici\u00f3n de Marc M\u00e1rquez - Box Repsol\",\"isPartOf\":{\"@id\":\"https:\\\/\\\/www.boxrepsol.com\\\/es\\\/#website\"},\"primaryImageOfPage\":{\"@id\":\"https:\\\/\\\/www.boxrepsol.com\\\/es\\\/motogp\\\/6-curiosidades-del-mono-competicion-marc-marquez\\\/#primaryimage\"},\"image\":{\"@id\":\"https:\\\/\\\/www.boxrepsol.com\\\/es\\\/motogp\\\/6-curiosidades-del-mono-competicion-marc-marquez\\\/#primaryimage\"},\"thumbnailUrl\":\"https:\\\/\\\/www.boxrepsol.com\\\/wp-content\\\/uploads\\\/2022\\\/08\\\/marc-marquez-con-mono-de-competicion.jpg\",\"datePublished\":\"2019-04-24T02:00:00+00:00\",\"dateModified\":\"2025-06-27T08:55:39+00:00\",\"description\":\"Alpinestars es la factor\u00eda creadora de los monos que viste Marc M\u00e1rquez. Hoy os contamos 6 curiosidades sobre los monos de nuestro piloto.\",\"breadcrumb\":{\"@id\":\"https:\\\/\\\/www.boxrepsol.com\\\/es\\\/motogp\\\/6-curiosidades-del-mono-competicion-marc-marquez\\\/#breadcrumb\"},\"inLanguage\":\"es\",\"potentialAction\":[{\"@type\":\"ReadAction\",\"target\":[\"https:\\\/\\\/www.boxrepsol.com\\\/es\\\/motogp\\\/6-curiosidades-del-mono-competicion-marc-marquez\\\/\"]}]},{\"@type\":\"ImageObject\",\"inLanguage\":\"es\",\"@id\":\"https:\\\/\\\/www.boxrepsol.com\\\/es\\\/motogp\\\/6-curiosidades-del-mono-competicion-marc-marquez\\\/#primaryimage\",\"url\":\"https:\\\/\\\/www.boxrepsol.com\\\/wp-content\\\/uploads\\\/2022\\\/08\\\/marc-marquez-con-mono-de-competicion.jpg\",\"contentUrl\":\"https:\\\/\\\/www.boxrepsol.com\\\/wp-content\\\/uploads\\\/2022\\\/08\\\/marc-marquez-con-mono-de-competicion.jpg\",\"width\":1280,\"height\":600,\"caption\":\"Marc M\u00e1rquez en su Honda RC213V con mono de competici\u00f3n\"},{\"@type\":\"BreadcrumbList\",\"@id\":\"https:\\\/\\\/www.boxrepsol.com\\\/es\\\/motogp\\\/6-curiosidades-del-mono-competicion-marc-marquez\\\/#breadcrumb\",\"itemListElement\":[{\"@type\":\"ListItem\",\"position\":1,\"name\":\"Home\",\"item\":\"https:\\\/\\\/www.boxrepsol.com\\\/es\\\/\"},{\"@type\":\"ListItem\",\"position\":2,\"name\":\"6 curiosidades del mono de competici\u00f3n de Marc M\u00e1rquez\"}]},{\"@type\":\"WebSite\",\"@id\":\"https:\\\/\\\/www.boxrepsol.com\\\/es\\\/#website\",\"url\":\"https:\\\/\\\/www.boxrepsol.com\\\/es\\\/\",\"name\":\"Box Repsol\",\"description\":\"Box Repsol Site\",\"publisher\":{\"@id\":\"https:\\\/\\\/www.boxrepsol.com\\\/es\\\/#organization\"},\"potentialAction\":[{\"@type\":\"SearchAction\",\"target\":{\"@type\":\"EntryPoint\",\"urlTemplate\":\"https:\\\/\\\/www.boxrepsol.com\\\/es\\\/?s={search_term_string}\"},\"query-input\":{\"@type\":\"PropertyValueSpecification\",\"valueRequired\":true,\"valueName\":\"search_term_string\"}}],\"inLanguage\":\"es\"},{\"@type\":\"Organization\",\"@id\":\"https:\\\/\\\/www.boxrepsol.com\\\/es\\\/#organization\",\"name\":\"Box Repsol\",\"url\":\"https:\\\/\\\/www.boxrepsol.com\\\/es\\\/\",\"logo\":{\"@type\":\"ImageObject\",\"inLanguage\":\"es\",\"@id\":\"https:\\\/\\\/www.boxrepsol.com\\\/es\\\/#\\\/schema\\\/logo\\\/image\\\/\",\"url\":\"https:\\\/\\\/bxrepsol.s3.eu-west-1.amazonaws.com\\\/static\\\/2025\\\/07\\\/30083337\\\/favicon-96x96-1.png\",\"contentUrl\":\"https:\\\/\\\/bxrepsol.s3.eu-west-1.amazonaws.com\\\/static\\\/2025\\\/07\\\/30083337\\\/favicon-96x96-1.png\",\"width\":96,\"height\":96,\"caption\":\"Box Repsol\"},\"image\":{\"@id\":\"https:\\\/\\\/www.boxrepsol.com\\\/es\\\/#\\\/schema\\\/logo\\\/image\\\/\"},\"sameAs\":[\"https:\\\/\\\/www.facebook.com\\\/BoxRepsol\",\"https:\\\/\\\/x.com\\\/box_repsol\",\"http:\\\/\\\/instagram.com\\\/box_repsol\",\"https:\\\/\\\/www.youtube.com\\\/user\\\/RepsolCompeticion\",\"https:\\\/\\\/www.flickr.com\\\/photos\\\/box_repsol\\\/\"]},{\"@type\":\"Person\",\"@id\":\"https:\\\/\\\/www.boxrepsol.com\\\/es\\\/#\\\/schema\\\/person\\\/c5c2138f2cca251b0ad92b7086bb60b7\",\"name\":\"Redacci\u00f3n Box Repsol\",\"image\":{\"@type\":\"ImageObject\",\"inLanguage\":\"es\",\"@id\":\"https:\\\/\\\/secure.gravatar.com\\\/avatar\\\/adf7b77e38b4419baf32c7e9c21dde01f4e40df611f0978e3006fc4ba0aaab7e?s=96&d=mm&r=g\",\"url\":\"https:\\\/\\\/secure.gravatar.com\\\/avatar\\\/adf7b77e38b4419baf32c7e9c21dde01f4e40df611f0978e3006fc4ba0aaab7e?s=96&d=mm&r=g\",\"contentUrl\":\"https:\\\/\\\/secure.gravatar.com\\\/avatar\\\/adf7b77e38b4419baf32c7e9c21dde01f4e40df611f0978e3006fc4ba0aaab7e?s=96&d=mm&r=g\",\"caption\":\"Redacci\u00f3n Box Repsol\"},\"description\":\"Box Repsol lo forma un equipo de periodistas, community managers, dise\u00f1adores y fot\u00f3grafos con m\u00e1s de 20 a\u00f1os de experiencia en el mundo del motorsport. Hemos vivido el primer mundial de un espa\u00f1ol en la categor\u00eda reina de motociclismo con \u00c1lex Crivill\u00e9, estuvimos en las victorias de Pedrosa y los t\u00edtulos de M\u00e1rquez, acompa\u00f1amos en \u00c1frica a Nani Roma y Marc Coma en sus conquistas del Dakar y hemos vibrado con los t\u00edtulos de Toni Bou en Trial. Adem\u00e1s, en nuestro equipo contamos con expertos en el mundo de las dos y cuatro ruedas tanto de la calle y las carreteras, como de los circuitos. Periodistas que han trabajado en revistas y publicaciones para hacerte llegar desde rutas y consejos de mantenimiento, a curiosidades y trucos de pilotaje.\",\"sameAs\":[\"https:\\\/\\\/www.facebook.com\\\/BoxRepsol\\\/\",\"https:\\\/\\\/www.instagram.com\\\/box_repsol\\\/\",\"https:\\\/\\\/x.com\\\/https:\\\/\\\/twitter.com\\\/box_repsol\",\"https:\\\/\\\/www.youtube.com\\\/@Boxrepsol\"],\"url\":\"https:\\\/\\\/www.boxrepsol.com\\\/es\\\/author\\\/redaccion-box-repsol\\\/\"}]}<\/script>\n<!-- \/ Yoast SEO plugin. -->","yoast_head_json":{"title":"6 curiosidades del mono de competici\u00f3n de Marc M\u00e1rquez - Box Repsol","description":"Alpinestars es la factor\u00eda creadora de los monos que viste Marc M\u00e1rquez. Hoy os contamos 6 curiosidades sobre los monos de nuestro piloto.","canonical":"https:\/\/www.boxrepsol.com\/es\/motogp\/6-curiosidades-del-mono-competicion-marc-marquez\/","og_locale":"es_ES","og_type":"article","og_title":"6 curiosidades del mono de competici\u00f3n de Marc M\u00e1rquez - Box Repsol","og_description":"Alpinestars es la factor\u00eda creadora de los monos que viste Marc M\u00e1rquez. Hoy os contamos 6 curiosidades sobre los monos de nuestro piloto.","og_url":"https:\/\/www.boxrepsol.com\/es\/motogp\/6-curiosidades-del-mono-competicion-marc-marquez\/","og_site_name":"Box Repsol","article_publisher":"https:\/\/www.facebook.com\/BoxRepsol","article_author":"https:\/\/www.facebook.com\/BoxRepsol\/","article_published_time":"2019-04-24T02:00:00+00:00","article_modified_time":"2025-06-27T08:55:39+00:00","og_image":[{"width":1280,"height":600,"url":"https:\/\/www.boxrepsol.com\/wp-content\/uploads\/2022\/08\/marc-marquez-con-mono-de-competicion.jpg","type":"image\/jpeg"}],"author":"Redacci\u00f3n Box Repsol","twitter_card":"summary_large_image","twitter_creator":"@https:\/\/twitter.com\/box_repsol","twitter_site":"@box_repsol","twitter_misc":{"Written by":"Redacci\u00f3n Box Repsol","Est. reading time":"2 minutos"},"schema":{"@context":"https:\/\/schema.org","@graph":[{"@type":"Article","@id":"https:\/\/www.boxrepsol.com\/es\/motogp\/6-curiosidades-del-mono-competicion-marc-marquez\/#article","isPartOf":{"@id":"https:\/\/www.boxrepsol.com\/es\/motogp\/6-curiosidades-del-mono-competicion-marc-marquez\/"},"author":{"name":"Redacci\u00f3n Box Repsol","@id":"https:\/\/www.boxrepsol.com\/es\/#\/schema\/person\/c5c2138f2cca251b0ad92b7086bb60b7"},"headline":"6 curiosidades del mono de competici\u00f3n de Marc M\u00e1rquez","datePublished":"2019-04-24T02:00:00+00:00","dateModified":"2025-06-27T08:55:39+00:00","mainEntityOfPage":{"@id":"https:\/\/www.boxrepsol.com\/es\/motogp\/6-curiosidades-del-mono-competicion-marc-marquez\/"},"wordCount":485,"commentCount":1,"publisher":{"@id":"https:\/\/www.boxrepsol.com\/es\/#organization"},"image":{"@id":"https:\/\/www.boxrepsol.com\/es\/motogp\/6-curiosidades-del-mono-competicion-marc-marquez\/#primaryimage"},"thumbnailUrl":"https:\/\/www.boxrepsol.com\/wp-content\/uploads\/2022\/08\/marc-marquez-con-mono-de-competicion.jpg","keywords":["Competici\u00f3n","equipaci\u00f3n y accesorios moto","Marc M\u00e1rquez"],"articleSection":["MotoGP"],"inLanguage":"es","potentialAction":[{"@type":"CommentAction","name":"Comment","target":["https:\/\/www.boxrepsol.com\/es\/motogp\/6-curiosidades-del-mono-competicion-marc-marquez\/#respond"]}]},{"@type":"WebPage","@id":"https:\/\/www.boxrepsol.com\/es\/motogp\/6-curiosidades-del-mono-competicion-marc-marquez\/","url":"https:\/\/www.boxrepsol.com\/es\/motogp\/6-curiosidades-del-mono-competicion-marc-marquez\/","name":"6 curiosidades del mono de competici\u00f3n de Marc M\u00e1rquez - Box Repsol","isPartOf":{"@id":"https:\/\/www.boxrepsol.com\/es\/#website"},"primaryImageOfPage":{"@id":"https:\/\/www.boxrepsol.com\/es\/motogp\/6-curiosidades-del-mono-competicion-marc-marquez\/#primaryimage"},"image":{"@id":"https:\/\/www.boxrepsol.com\/es\/motogp\/6-curiosidades-del-mono-competicion-marc-marquez\/#primaryimage"},"thumbnailUrl":"https:\/\/www.boxrepsol.com\/wp-content\/uploads\/2022\/08\/marc-marquez-con-mono-de-competicion.jpg","datePublished":"2019-04-24T02:00:00+00:00","dateModified":"2025-06-27T08:55:39+00:00","description":"Alpinestars es la factor\u00eda creadora de los monos que viste Marc M\u00e1rquez. Hoy os contamos 6 curiosidades sobre los monos de nuestro piloto.","breadcrumb":{"@id":"https:\/\/www.boxrepsol.com\/es\/motogp\/6-curiosidades-del-mono-competicion-marc-marquez\/#breadcrumb"},"inLanguage":"es","potentialAction":[{"@type":"ReadAction","target":["https:\/\/www.boxrepsol.com\/es\/motogp\/6-curiosidades-del-mono-competicion-marc-marquez\/"]}]},{"@type":"ImageObject","inLanguage":"es","@id":"https:\/\/www.boxrepsol.com\/es\/motogp\/6-curiosidades-del-mono-competicion-marc-marquez\/#primaryimage","url":"https:\/\/www.boxrepsol.com\/wp-content\/uploads\/2022\/08\/marc-marquez-con-mono-de-competicion.jpg","contentUrl":"https:\/\/www.boxrepsol.com\/wp-content\/uploads\/2022\/08\/marc-marquez-con-mono-de-competicion.jpg","width":1280,"height":600,"caption":"Marc M\u00e1rquez en su Honda RC213V con mono de competici\u00f3n"},{"@type":"BreadcrumbList","@id":"https:\/\/www.boxrepsol.com\/es\/motogp\/6-curiosidades-del-mono-competicion-marc-marquez\/#breadcrumb","itemListElement":[{"@type":"ListItem","position":1,"name":"Home","item":"https:\/\/www.boxrepsol.com\/es\/"},{"@type":"ListItem","position":2,"name":"6 curiosidades del mono de competici\u00f3n de Marc M\u00e1rquez"}]},{"@type":"WebSite","@id":"https:\/\/www.boxrepsol.com\/es\/#website","url":"https:\/\/www.boxrepsol.com\/es\/","name":"Box Repsol","description":"Box Repsol Site","publisher":{"@id":"https:\/\/www.boxrepsol.com\/es\/#organization"},"potentialAction":[{"@type":"SearchAction","target":{"@type":"EntryPoint","urlTemplate":"https:\/\/www.boxrepsol.com\/es\/?s={search_term_string}"},"query-input":{"@type":"PropertyValueSpecification","valueRequired":true,"valueName":"search_term_string"}}],"inLanguage":"es"},{"@type":"Organization","@id":"https:\/\/www.boxrepsol.com\/es\/#organization","name":"Box Repsol","url":"https:\/\/www.boxrepsol.com\/es\/","logo":{"@type":"ImageObject","inLanguage":"es","@id":"https:\/\/www.boxrepsol.com\/es\/#\/schema\/logo\/image\/","url":"https:\/\/bxrepsol.s3.eu-west-1.amazonaws.com\/static\/2025\/07\/30083337\/favicon-96x96-1.png","contentUrl":"https:\/\/bxrepsol.s3.eu-west-1.amazonaws.com\/static\/2025\/07\/30083337\/favicon-96x96-1.png","width":96,"height":96,"caption":"Box Repsol"},"image":{"@id":"https:\/\/www.boxrepsol.com\/es\/#\/schema\/logo\/image\/"},"sameAs":["https:\/\/www.facebook.com\/BoxRepsol","https:\/\/x.com\/box_repsol","http:\/\/instagram.com\/box_repsol","https:\/\/www.youtube.com\/user\/RepsolCompeticion","https:\/\/www.flickr.com\/photos\/box_repsol\/"]},{"@type":"Person","@id":"https:\/\/www.boxrepsol.com\/es\/#\/schema\/person\/c5c2138f2cca251b0ad92b7086bb60b7","name":"Redacci\u00f3n Box Repsol","image":{"@type":"ImageObject","inLanguage":"es","@id":"https:\/\/secure.gravatar.com\/avatar\/adf7b77e38b4419baf32c7e9c21dde01f4e40df611f0978e3006fc4ba0aaab7e?s=96&d=mm&r=g","url":"https:\/\/secure.gravatar.com\/avatar\/adf7b77e38b4419baf32c7e9c21dde01f4e40df611f0978e3006fc4ba0aaab7e?s=96&d=mm&r=g","contentUrl":"https:\/\/secure.gravatar.com\/avatar\/adf7b77e38b4419baf32c7e9c21dde01f4e40df611f0978e3006fc4ba0aaab7e?s=96&d=mm&r=g","caption":"Redacci\u00f3n Box Repsol"},"description":"Box Repsol lo forma un equipo de periodistas, community managers, dise\u00f1adores y fot\u00f3grafos con m\u00e1s de 20 a\u00f1os de experiencia en el mundo del motorsport. Hemos vivido el primer mundial de un espa\u00f1ol en la categor\u00eda reina de motociclismo con \u00c1lex Crivill\u00e9, estuvimos en las victorias de Pedrosa y los t\u00edtulos de M\u00e1rquez, acompa\u00f1amos en \u00c1frica a Nani Roma y Marc Coma en sus conquistas del Dakar y hemos vibrado con los t\u00edtulos de Toni Bou en Trial. Adem\u00e1s, en nuestro equipo contamos con expertos en el mundo de las dos y cuatro ruedas tanto de la calle y las carreteras, como de los circuitos. Periodistas que han trabajado en revistas y publicaciones para hacerte llegar desde rutas y consejos de mantenimiento, a curiosidades y trucos de pilotaje.","sameAs":["https:\/\/www.facebook.com\/BoxRepsol\/","https:\/\/www.instagram.com\/box_repsol\/","https:\/\/x.com\/https:\/\/twitter.com\/box_repsol","https:\/\/www.youtube.com\/@Boxrepsol"],"url":"https:\/\/www.boxrepsol.com\/es\/author\/redaccion-box-repsol\/"}]}},"_links":{"self":[{"href":"https:\/\/www.boxrepsol.com\/es\/wp-json\/wp\/v2\/posts\/90224","targetHints":{"allow":["GET"]}}],"collection":[{"href":"https:\/\/www.boxrepsol.com\/es\/wp-json\/wp\/v2\/posts"}],"about":[{"href":"https:\/\/www.boxrepsol.com\/es\/wp-json\/wp\/v2\/types\/post"}],"author":[{"embeddable":true,"href":"https:\/\/www.boxrepsol.com\/es\/wp-json\/wp\/v2\/users\/43146"}],"replies":[{"embeddable":true,"href":"https:\/\/www.boxrepsol.com\/es\/wp-json\/wp\/v2\/comments?post=90224"}],"version-history":[{"count":2,"href":"https:\/\/www.boxrepsol.com\/es\/wp-json\/wp\/v2\/posts\/90224\/revisions"}],"predecessor-version":[{"id":102759,"href":"https:\/\/www.boxrepsol.com\/es\/wp-json\/wp\/v2\/posts\/90224\/revisions\/102759"}],"wp:featuredmedia":[{"embeddable":true,"href":"https:\/\/www.boxrepsol.com\/es\/wp-json\/wp\/v2\/media\/86478"}],"wp:attachment":[{"href":"https:\/\/www.boxrepsol.com\/es\/wp-json\/wp\/v2\/media?parent=90224"}],"wp:term":[{"taxonomy":"category","embeddable":true,"href":"https:\/\/www.boxrepsol.com\/es\/wp-json\/wp\/v2\/categories?post=90224"},{"taxonomy":"post_tag","embeddable":true,"href":"https:\/\/www.boxrepsol.com\/es\/wp-json\/wp\/v2\/tags?post=90224"}],"curies":[{"name":"wp","href":"https:\/\/api.w.org\/{rel}","templated":true}]}}