{"id":90211,"date":"2020-01-09T00:00:00","date_gmt":"2020-01-09T02:00:00","guid":{"rendered":"http:\/\/pre.boxrepsol.com\/sin-categorizar\/como-debe-quedar-un-casco\/"},"modified":"2025-07-23T08:06:24","modified_gmt":"2025-07-23T10:06:24","slug":"como-debe-quedar-un-casco","status":"publish","type":"post","link":"https:\/\/www.boxrepsol.com\/es\/tecnologia\/como-debe-quedar-un-casco\/","title":{"rendered":"\u00bfC\u00f3mo debe quedar un casco de moto?"},"content":{"rendered":"\n<p>Seguro que te ha pasado m\u00e1s de una vez: est\u00e1s en la tienda viendo cascos y te enamoras de uno en particular. El problema es que tienes la sensaci\u00f3n de que te queda algo grande. Sin embargo, te gusta tanto que incluso as\u00ed decides compr\u00e1rtelo, sin tener en cuenta la importancia de <strong>elegir bien la talla de casco de moto.<\/strong><\/p>\n\n\n\n<p>Pues l\u00e9ete con toda atenci\u00f3n este art\u00edculo en el que te ense\u00f1amos a<strong> conocer las medidas de un casco de moto para que puedas comprar siempre la talla adecuada<\/strong>.&nbsp;<\/p>\n\n\n\n<p>Adem\u00e1s, tambi\u00e9n te vamos a explicar c\u00f3mo probarte el casco, las equivalencias de tallas de casco de moto y los posibles problemas de no comprarte un casco de tu talla.&nbsp;<\/p>\n\n\n\n<div id=\"ez-toc-container\" class=\"ez-toc-v2_0_82_2 counter-hierarchy ez-toc-counter ez-toc-grey ez-toc-container-direction\">\n<div class=\"ez-toc-title-container\">\n<p class=\"ez-toc-title\" style=\"cursor:inherit\">\u00cdndice<\/p>\n<span class=\"ez-toc-title-toggle\"><a href=\"#\" class=\"ez-toc-pull-right ez-toc-btn ez-toc-btn-xs ez-toc-btn-default ez-toc-toggle\" aria-label=\"Toggle Table of Content\"><span class=\"ez-toc-js-icon-con\"><span class=\"\"><span class=\"eztoc-hide\" style=\"display:none;\">Toggle<\/span><span class=\"ez-toc-icon-toggle-span\"><svg style=\"fill: #999;color:#999\" xmlns=\"http:\/\/www.w3.org\/2000\/svg\" class=\"list-377408\" width=\"20px\" height=\"20px\" viewBox=\"0 0 24 24\" fill=\"none\"><path d=\"M6 6H4v2h2V6zm14 0H8v2h12V6zM4 11h2v2H4v-2zm16 0H8v2h12v-2zM4 16h2v2H4v-2zm16 0H8v2h12v-2z\" fill=\"currentColor\"><\/path><\/svg><svg style=\"fill: #999;color:#999\" class=\"arrow-unsorted-368013\" xmlns=\"http:\/\/www.w3.org\/2000\/svg\" width=\"10px\" height=\"10px\" viewBox=\"0 0 24 24\" version=\"1.2\" baseProfile=\"tiny\"><path d=\"M18.2 9.3l-6.2-6.3-6.2 6.3c-.2.2-.3.4-.3.7s.1.5.3.7c.2.2.4.3.7.3h11c.3 0 .5-.1.7-.3.2-.2.3-.5.3-.7s-.1-.5-.3-.7zM5.8 14.7l6.2 6.3 6.2-6.3c.2-.2.3-.5.3-.7s-.1-.5-.3-.7c-.2-.2-.4-.3-.7-.3h-11c-.3 0-.5.1-.7.3-.2.2-.3.5-.3.7s.1.5.3.7z\"\/><\/svg><\/span><\/span><\/span><\/a><\/span><\/div>\n<nav><ul class='ez-toc-list ez-toc-list-level-1 ' ><li class='ez-toc-page-1 ez-toc-heading-level-2'><a class=\"ez-toc-link ez-toc-heading-1\" href=\"https:\/\/www.boxrepsol.com\/es\/tecnologia\/como-debe-quedar-un-casco\/#Equivalencias_tallas_de_casco_para_moto\" >Equivalencias tallas de casco para moto<\/a><\/li><li class='ez-toc-page-1 ez-toc-heading-level-2'><a class=\"ez-toc-link ez-toc-heading-2\" href=\"https:\/\/www.boxrepsol.com\/es\/tecnologia\/como-debe-quedar-un-casco\/#%C2%BFComo_saber_que_talla_de_casco_soy\" >\u00bfC\u00f3mo saber que talla de casco soy?<\/a><ul class='ez-toc-list-level-3' ><li class='ez-toc-heading-level-3'><a class=\"ez-toc-link ez-toc-heading-3\" href=\"https:\/\/www.boxrepsol.com\/es\/tecnologia\/como-debe-quedar-un-casco\/#Midete_la_cabeza\" >M\u00eddete la cabeza<\/a><\/li><li class='ez-toc-page-1 ez-toc-heading-level-3'><a class=\"ez-toc-link ez-toc-heading-4\" href=\"https:\/\/www.boxrepsol.com\/es\/tecnologia\/como-debe-quedar-un-casco\/#Pruebate_el_casco\" >Pru\u00e9bate el casco<\/a><\/li><li class='ez-toc-page-1 ez-toc-heading-level-3'><a class=\"ez-toc-link ez-toc-heading-5\" href=\"https:\/\/www.boxrepsol.com\/es\/tecnologia\/como-debe-quedar-un-casco\/#%C2%BFComo_sabemos_si_es_la_talla_correcta\" >\u00bfC\u00f3mo sabemos si es la talla correcta?<\/a><\/li><\/ul><\/li><li class='ez-toc-page-1 ez-toc-heading-level-2'><a class=\"ez-toc-link ez-toc-heading-6\" href=\"https:\/\/www.boxrepsol.com\/es\/tecnologia\/como-debe-quedar-un-casco\/#Problemas_de_elegir_mal_la_talla_del_casco\" >Problemas de elegir mal la talla del casco<\/a><\/li><\/ul><\/nav><\/div>\n<h2 class=\"wp-block-heading\"><span class=\"ez-toc-section\" id=\"Equivalencias_tallas_de_casco_para_moto\"><\/span><strong>Equivalencias tallas de casco para moto<\/strong><span class=\"ez-toc-section-end\"><\/span><\/h2>\n\n\n\n<p>Al igual que sucede con la ropa, <strong>los cascos de moto tienen que adaptarse a la complexi\u00f3n de cada motorista<\/strong>. Por eso se fabrican en distintas tallas.&nbsp;<\/p>\n\n\n\n<p>Sin embargo, aqu\u00ed te puedes encontrar con un problema: no hay un est\u00e1ndar en lo que a tallas se refiere. Por lo tanto, cada fabricante puede producir los cascos con las medidas que considere oportunas.&nbsp;<\/p>\n\n\n\n<p>Con esto, queda claro que no debes comprarte nunca un casco sin haberlo probado antes.&nbsp;&nbsp;<\/p>\n\n\n\n<p>Pero para que tengas una referencia, vamos a darte una gu\u00eda gen\u00e9rica de equivalencias de tallas de casco de moto, en funci\u00f3n de los diferentes tama\u00f1os de cabeza:<\/p>\n\n\n\n<ul class=\"wp-block-list\">\n<li><strong>Talla XS<\/strong>: contornos de cabeza entre 53 y 54 cent\u00edmetros.&nbsp;<\/li>\n\n\n\n<li><strong>Talla S<\/strong>: para contornos entre 55 y 56 cent\u00edmetros.&nbsp;<\/li>\n\n\n\n<li><strong>Talla M<\/strong>: para cabezas con medidas entre 57 y 58 cent\u00edmetros.&nbsp;<\/li>\n\n\n\n<li><strong>Talla L<\/strong>: cabezas con contornos entre 59 y 60 cent\u00edmetros.&nbsp;<\/li>\n\n\n\n<li><strong>Talla XL<\/strong>: para cabezas con medidas entre 61 y 62 cent\u00edmetros.&nbsp;<\/li>\n\n\n\n<li><strong>Talla XXL<\/strong>: cabezas con un contorno de 63 cent\u00edmetros.&nbsp;<\/li>\n\n\n\n<li><strong>Talla XXXL<\/strong>: para un contorno de cabeza de 64 cent\u00edmetros.<\/li>\n<\/ul>\n\n\n\n<p>Aunque ahora vamos a profundizar m\u00e1s acerca de como saber que talla de casco eres, s\u00ed que es conveniente que sepas que cuando el contorno de tu cabeza se encuentra entre dos tallas diferentes lo mejor es que te decantes por la talla m\u00e1s peque\u00f1a.<\/p>\n\n\n<div class=\"wp-block-image\">\n<figure class=\"aligncenter size-full is-resized\"><img loading=\"lazy\" decoding=\"async\" width=\"640\" height=\"427\" src=\"https:\/\/bxrepsol.s3.eu-west-1.amazonaws.com\/static\/2020\/01\/15103818\/como-quedar-casco-moto.jpg\" alt=\"motorista con su casco bien ajustado \" class=\"wp-image-110213\" style=\"width:841px;height:561px\" srcset=\"https:\/\/bxrepsol.s3.eu-west-1.amazonaws.com\/static\/2020\/01\/15103818\/como-quedar-casco-moto.jpg 640w, https:\/\/bxrepsol.s3.eu-west-1.amazonaws.com\/static\/2020\/01\/15103818\/como-quedar-casco-moto-300x200.jpg 300w\" sizes=\"auto, (max-width: 640px) 100vw, 640px\" \/><\/figure>\n<\/div>\n\n\n<h2 class=\"wp-block-heading\"><span class=\"ez-toc-section\" id=\"%C2%BFComo_saber_que_talla_de_casco_soy\"><\/span><strong>\u00bfC\u00f3mo saber que talla de casco soy<\/strong>?<span class=\"ez-toc-section-end\"><\/span><\/h2>\n\n\n\n<p>Ya te hemos explicado que antes de comprar un <a href=\"https:\/\/www.boxrepsol.com\/es\/cultura-motera\/tipos-de-cascos-de-motos-cual-te-va-mejor\/\">casco de moto<\/a> es conveniente que vayas a una tienda especializada y te lo pruebes.\u00a0<\/p>\n\n\n\n<p>Y debes hacerlo con suficiente tiempo y paciencia, ya que las sensaciones iniciales al meterte el casco en la cabeza no son las mismas que se notan minutos despu\u00e9s.&nbsp;<\/p>\n\n\n\n<p>Esto quiere decir que <strong>debes dedicar el tiempo necesario para saber si el tama\u00f1o de casco de moto que deseas adquirir es realmente el id\u00f3neo para tu cabeza<\/strong>.&nbsp;<\/p>\n\n\n\n<p>Ya no solo por una cuesti\u00f3n de comodidad, sino tambi\u00e9n por seguridad. Recuerda que un casco que no se ajuste bien a tu fisonom\u00eda no va a proporcionarte la protecci\u00f3n necesaria en caso de accidente.&nbsp;<\/p>\n\n\n\n<p>As\u00ed que a continuaci\u00f3n vamos a darte unos consejos para que descubras cu\u00e1l es la talla del casco de moto que m\u00e1s te conviene.<\/p>\n\n\n\n<h3 class=\"wp-block-heading\"><span class=\"ez-toc-section\" id=\"Midete_la_cabeza\"><\/span><strong>M\u00eddete la cabeza<\/strong><span class=\"ez-toc-section-end\"><\/span><\/h3>\n\n\n\n<p>Antes de empezar, como es l\u00f3gico, debes medirte la cabeza. De esa manera podr\u00e1s hacerte una idea de cu\u00e1l es el que te conviene seg\u00fan la equivalencia de tallas de casco de moto del fabricante.&nbsp;<\/p>\n\n\n\n<p>Para medirte la cabeza, <strong>lo mejor es usar una cinta m\u00e9trica de sastre, que es flexible y se adapta mejor a la fisonom\u00eda de tu cabeza<\/strong>.&nbsp;<\/p>\n\n\n\n<p>Si no cuentas con una cinta de sastre, puedes medir el contorno de tu cabeza con una cuerda y luego extrapolar esa medida a una cinta m\u00e9trica r\u00edgida o a una regla.&nbsp;<\/p>\n\n\n\n<p>Recuerda, adem\u00e1s, que para tomar la medida de tu cabeza es mejor que alguien te ayude. De esa manera, la medici\u00f3n ser\u00e1 m\u00e1s precisa, ya que es f\u00e1cil equivocarse o no pasar la cinta m\u00e9trica por las partes de la cabeza adecuadas.&nbsp;&nbsp;<\/p>\n\n\n\n<p>De lo que se trata es de medir el contorno de tu cabeza por la parte m\u00e1s ancha de la misma. Para ello, coloca la cinta m\u00e9trica sobre tu frente hacia atr\u00e1s. Y p\u00e1sala por encima de las orejas.&nbsp;<\/p>\n\n\n\n<p>Se trata de hacerlo de la manera m\u00e1s horizontal posible, para que no se produzcan errores. Y debes hacerlo rodeando la cabeza al completo, para conocer con precisi\u00f3n cu\u00e1nto mide el contorno de tu cabeza.&nbsp;<\/p>\n\n\n\n<figure class=\"wp-block-image\"><img decoding=\"async\" src=\"https:\/\/bxrepsol.s3.eu-west-1.amazonaws.com\/static\/2022\/08\/29071754\/Casco-Marc-2.png\" alt=\"Marc M\u00e1rquez poni\u00e9ndose el casco\"\/><\/figure>\n\n\n\n<h3 class=\"wp-block-heading\"><span class=\"ez-toc-section\" id=\"Pruebate_el_casco\"><\/span><strong>Pru\u00e9bate el casco<\/strong><span class=\"ez-toc-section-end\"><\/span><\/h3>\n\n\n\n<p>Una vez que sabes cu\u00e1nto mide tu cabeza ya puedes consultar la tabla de equivalencia de tallas de casco de moto.&nbsp;<\/p>\n\n\n\n<p>Imagina, por ejemplo, que tu cabeza tiene un contorno de 57,5 cent\u00edmetros. En ese caso, deber\u00edas pedir en la tienda que te muestren cascos de la talla M. Aunque ya sabes que el tallaje puede diferir de un fabricante a otro. Por eso es tan importante probarse el casco antes de comprarlo.&nbsp;<\/p>\n\n\n\n<p><strong>El casco debe colocarse con firmeza en tu cabeza, sin holguras<\/strong>, tirando de la mentonera hacia abajo. Una vez que te lo hayas puesto, ata la correa de la barbilla y comprueba si hay espacio para meter dos dedos entre el casco y la mand\u00edbula.&nbsp;<\/p>\n\n\n\n<p>Una vez que tengas puesto el casco en la cabeza, comprueba lo siguiente:&nbsp;<\/p>\n\n\n\n<ul class=\"wp-block-list\">\n<li><strong>Siente la presi\u00f3n que el casco ejerce sobre toda tu cabeza<\/strong>: el casco no debe entrar holgado, sino que debe presionar suavemente tu cara y cabeza. La clave es que notes esa leve presi\u00f3n, pero sin que apriete tanto que te deje marcas rojas en la cara.&nbsp;<\/li>\n\n\n\n<li><strong>Nota el contacto con las mejillas<\/strong>: debes sentir el acolchado del casco sobre tus mejillas, sin que te produzca dolor. Las mejillas deben moverse cuando el casco lo haga. Sobre todo porque, a medida que lo vayas usando, el acolchado perder\u00e1 consistencia y se pueden producir holguras no deseadas.&nbsp;<\/li>\n\n\n\n<li><strong>Mueve lateralmente el casco agarr\u00e1ndolo desde el ment\u00f3n<\/strong>: la cabeza debe moverse con el casco. En caso de que sea una talla m\u00e1s grande que la tuya, al mover el casco lateralmente este se mover\u00e1 sin que tu cabeza acompa\u00f1e el movimiento.<\/li>\n<\/ul>\n\n\n\n<h3 class=\"wp-block-heading\"><span class=\"ez-toc-section\" id=\"%C2%BFComo_sabemos_si_es_la_talla_correcta\"><\/span><strong>\u00bfC\u00f3mo sabemos si es la talla correcta?<\/strong><span class=\"ez-toc-section-end\"><\/span><\/h3>\n\n\n\n<p>Ahora que tienes el casco puesto y que est\u00e1 bien ajustado, debes comprobar si es la talla correcta.&nbsp;<\/p>\n\n\n\n<p>Por eso es necesario que te mantengas un rato con el casco puesto para ver si est\u00e1s c\u00f3modo con \u00e9l.&nbsp;<\/p>\n\n\n\n<p>Puedes hacer movimientos con la cabeza para ver si la sujeci\u00f3n de la barbilla te aprieta mucho o est\u00e1 demasiado holgada.&nbsp;<\/p>\n\n\n\n<p>Y tambi\u00e9n puedes pedirle a alguien que intente quitarte el casco de la cabeza tirando del mismo desde la parte trasera. Sabr\u00e1s si es tu talla cuando al hacer eso el casco no termina fuera de tu cabeza.&nbsp;<\/p>\n\n\n\n<p>Recuerda que si en la tienda un casco sale de tu cabeza cuando te dan un tir\u00f3n, lo m\u00e1s probable es que lo pierdas tambi\u00e9n en caso de accidente.&nbsp;&nbsp;<\/p>\n\n\n\n<p>La clave final para saber si el casco es de tu talla o no es que este debe <strong>\u00abformar parte de tu cabeza\u00bb<\/strong> sin que est\u00e9 demasiado suelto o te apriete m\u00e1s de la cuenta.&nbsp;<\/p>\n\n\n\n<figure class=\"wp-block-image size-full is-resized\"><img loading=\"lazy\" decoding=\"async\" width=\"640\" height=\"427\" src=\"https:\/\/bxrepsol.s3.eu-west-1.amazonaws.com\/static\/2020\/01\/15103241\/talla-casco-como-quedar.jpg\" alt=\"\" class=\"wp-image-110207\" style=\"width:841px;height:561px\" srcset=\"https:\/\/bxrepsol.s3.eu-west-1.amazonaws.com\/static\/2020\/01\/15103241\/talla-casco-como-quedar.jpg 640w, https:\/\/bxrepsol.s3.eu-west-1.amazonaws.com\/static\/2020\/01\/15103241\/talla-casco-como-quedar-300x200.jpg 300w\" sizes=\"auto, (max-width: 640px) 100vw, 640px\" \/><\/figure>\n\n\n\n<h2 class=\"wp-block-heading\"><span class=\"ez-toc-section\" id=\"Problemas_de_elegir_mal_la_talla_del_casco\"><\/span><strong>Problemas de elegir mal la talla del casco<\/strong><span class=\"ez-toc-section-end\"><\/span><\/h2>\n\n\n\n<p>Queda claro que <strong>elegir mal la talla del casco puede producir problemas de seguridad y comodidad<\/strong>.&nbsp;<\/p>\n\n\n\n<p>Por eso es importante que dediques el tiempo necesario a analizar las tallas de casco de moto que mejor se adaptan a tu morfolog\u00eda.&nbsp;<\/p>\n\n\n\n<p>Si no encuentras las medidas del casco de moto para tu cabeza, no cometas el error de comprarte uno de otra talla que no sea la tuya.&nbsp;<\/p>\n\n\n\n<p>A modo de resumen, estos son algunos problemas de usar una talla de casco de moto que no es la tuya:&nbsp;<\/p>\n\n\n\n<ul class=\"wp-block-list\">\n<li><strong>Ausencia de protecci\u00f3n efectiva<\/strong>: si el casco te queda grande, en caso de accidente el casco puede desplazarse o salirse de tu cabeza. Y eso te podr\u00eda producir graves lesiones.&nbsp;<\/li>\n\n\n\n<li><strong>Falta de comodidad<\/strong>: si llevas un casco demasiado peque\u00f1o, estar\u00e1s inc\u00f3modo. Y eso va a hacer que est\u00e9s m\u00e1s pendiente de tu confort que de la conducci\u00f3n de la moto.&nbsp;<\/li>\n\n\n\n<li><strong>Campo de visi\u00f3n reducido<\/strong>: si el casco no se ajusta bien a tu cabeza es probable que tu campo de visi\u00f3n empeore, con lo que el riesgo de accidente va a aumentar considerablemente.&nbsp;<\/li>\n\n\n\n<li><strong>Exceso de ruido aerodin\u00e1mico<\/strong>: si no se ajusta bien el casco a tu cabeza va a entrar m\u00e1s ruido del exterior, con lo que el confort de marcha va a ser mucho peor.&nbsp;<\/li>\n\n\n\n<li><strong>Fatiga del cuello<\/strong>: en un trayecto largo un casco que no se ajusta correctamente a la cabeza puede producir cansancio muscular en la zona cervical, ya que tendr\u00e1s que esforzarte todo el rato por mantener la cabeza en la posici\u00f3n correcta.&nbsp;<\/li>\n\n\n\n<li><strong>Dificultad para meterse el casco<\/strong>: un casco demasiado peque\u00f1o es muy complicado de poner y de quitar. Incluso puede hacerte da\u00f1o en algunas partes de la cara.&nbsp;<\/li>\n<\/ul>\n\n\n\n<p>Compra, pues, un <strong>casco debidamente homologado<\/strong> (norma europea ECE22, para Espa\u00f1a es la E9), y, ante todo,\u00a0<strong>es fundamental huir del \u201ctodo a cien\u201d<\/strong>.<\/p>\n\n\n\n<p><\/p>\n\n\n\n<p><\/p>\n\n\n\n<p><\/p>\n\n\n\n<p><\/p>\n\n\n\n<p><\/p>\n\n\n\n<p><\/p>\n","protected":false},"excerpt":{"rendered":"<p>El casco es el elemento de seguridad m\u00e1s importante. Pero no sirve de nada sino sabes elegir el casco adecuado. \u00bfC\u00f3mo debe quedar un casco de moto?<\/p>\n","protected":false},"author":43146,"featured_media":90213,"comment_status":"open","ping_status":"open","sticky":false,"template":"","format":"standard","meta":{"footnotes":""},"categories":[3],"tags":[585,131],"class_list":["post-90211","post","type-post","status-publish","format-standard","hentry","category-tecnologia","tag-conduccion","tag-equipacion-y-accesorios-moto"],"yoast_head":"<!-- This site is optimized with the Yoast SEO plugin v27.3 - https:\/\/yoast.com\/product\/yoast-seo-wordpress\/ -->\n<title>\u00bfC\u00f3mo debe quedar un casco de moto? | Box Repsol<\/title>\n<meta name=\"description\" content=\"El casco es el elemento de seguridad m\u00e1s importante. Pero no sirve de nada sino sabes elegir el casco adecuado. \u00bfC\u00f3mo debe quedar un casco de moto?\" \/>\n<link rel=\"canonical\" href=\"https:\/\/www.boxrepsol.com\/es\/tecnologia\/como-debe-quedar-un-casco\/\" \/>\n<meta property=\"og:locale\" content=\"es_ES\" \/>\n<meta property=\"og:type\" content=\"article\" \/>\n<meta property=\"og:title\" content=\"\u00bfC\u00f3mo debe quedar un casco de moto? | Box Repsol\" \/>\n<meta property=\"og:description\" content=\"El casco es el elemento de seguridad m\u00e1s importante. Pero no sirve de nada sino sabes elegir el casco adecuado. \u00bfC\u00f3mo debe quedar un casco de moto?\" \/>\n<meta property=\"og:url\" content=\"https:\/\/www.boxrepsol.com\/es\/tecnologia\/como-debe-quedar-un-casco\/\" \/>\n<meta property=\"og:site_name\" content=\"Box Repsol\" \/>\n<meta property=\"article:publisher\" content=\"https:\/\/www.facebook.com\/BoxRepsol\" \/>\n<meta property=\"article:author\" content=\"https:\/\/www.facebook.com\/BoxRepsol\/\" \/>\n<meta property=\"article:published_time\" content=\"2020-01-09T02:00:00+00:00\" \/>\n<meta property=\"article:modified_time\" content=\"2025-07-23T10:06:24+00:00\" \/>\n<meta property=\"og:image\" content=\"https:\/\/bxrepsol.s3.eu-west-1.amazonaws.com\/static\/2023\/02\/24095057\/Cosas_a_tener_en_cuenta_a_la_hora_de_comprarte_un_casco1.png\" \/>\n\t<meta property=\"og:image:width\" content=\"1920\" \/>\n\t<meta property=\"og:image:height\" content=\"1080\" \/>\n\t<meta property=\"og:image:type\" content=\"image\/png\" \/>\n<meta name=\"author\" content=\"Redacci\u00f3n Box Repsol\" \/>\n<meta name=\"twitter:card\" content=\"summary_large_image\" \/>\n<meta name=\"twitter:creator\" content=\"@https:\/\/twitter.com\/box_repsol\" \/>\n<meta name=\"twitter:site\" content=\"@box_repsol\" \/>\n<meta name=\"twitter:label1\" content=\"Written by\" \/>\n\t<meta name=\"twitter:data1\" content=\"Redacci\u00f3n Box Repsol\" \/>\n\t<meta name=\"twitter:label2\" content=\"Est. reading time\" \/>\n\t<meta name=\"twitter:data2\" content=\"8 minutos\" \/>\n<script type=\"application\/ld+json\" class=\"yoast-schema-graph\">{\"@context\":\"https:\\\/\\\/schema.org\",\"@graph\":[{\"@type\":\"Article\",\"@id\":\"https:\\\/\\\/www.boxrepsol.com\\\/es\\\/tecnologia\\\/como-debe-quedar-un-casco\\\/#article\",\"isPartOf\":{\"@id\":\"https:\\\/\\\/www.boxrepsol.com\\\/es\\\/tecnologia\\\/como-debe-quedar-un-casco\\\/\"},\"author\":{\"name\":\"Redacci\u00f3n Box Repsol\",\"@id\":\"https:\\\/\\\/www.boxrepsol.com\\\/es\\\/#\\\/schema\\\/person\\\/c5c2138f2cca251b0ad92b7086bb60b7\"},\"headline\":\"\u00bfC\u00f3mo debe quedar un casco de moto?\",\"datePublished\":\"2020-01-09T02:00:00+00:00\",\"dateModified\":\"2025-07-23T10:06:24+00:00\",\"mainEntityOfPage\":{\"@id\":\"https:\\\/\\\/www.boxrepsol.com\\\/es\\\/tecnologia\\\/como-debe-quedar-un-casco\\\/\"},\"wordCount\":1596,\"commentCount\":1,\"publisher\":{\"@id\":\"https:\\\/\\\/www.boxrepsol.com\\\/es\\\/#organization\"},\"image\":{\"@id\":\"https:\\\/\\\/www.boxrepsol.com\\\/es\\\/tecnologia\\\/como-debe-quedar-un-casco\\\/#primaryimage\"},\"thumbnailUrl\":\"https:\\\/\\\/bxrepsol.s3.eu-west-1.amazonaws.com\\\/static\\\/2023\\\/02\\\/24095057\\\/Cosas_a_tener_en_cuenta_a_la_hora_de_comprarte_un_casco1.png\",\"keywords\":[\"conducci\u00f3n\",\"equipaci\u00f3n y accesorios moto\"],\"articleSection\":[\"Tecnologia\"],\"inLanguage\":\"es\",\"potentialAction\":[{\"@type\":\"CommentAction\",\"name\":\"Comment\",\"target\":[\"https:\\\/\\\/www.boxrepsol.com\\\/es\\\/tecnologia\\\/como-debe-quedar-un-casco\\\/#respond\"]}]},{\"@type\":\"WebPage\",\"@id\":\"https:\\\/\\\/www.boxrepsol.com\\\/es\\\/tecnologia\\\/como-debe-quedar-un-casco\\\/\",\"url\":\"https:\\\/\\\/www.boxrepsol.com\\\/es\\\/tecnologia\\\/como-debe-quedar-un-casco\\\/\",\"name\":\"\u00bfC\u00f3mo debe quedar un casco de moto? | Box Repsol\",\"isPartOf\":{\"@id\":\"https:\\\/\\\/www.boxrepsol.com\\\/es\\\/#website\"},\"primaryImageOfPage\":{\"@id\":\"https:\\\/\\\/www.boxrepsol.com\\\/es\\\/tecnologia\\\/como-debe-quedar-un-casco\\\/#primaryimage\"},\"image\":{\"@id\":\"https:\\\/\\\/www.boxrepsol.com\\\/es\\\/tecnologia\\\/como-debe-quedar-un-casco\\\/#primaryimage\"},\"thumbnailUrl\":\"https:\\\/\\\/bxrepsol.s3.eu-west-1.amazonaws.com\\\/static\\\/2023\\\/02\\\/24095057\\\/Cosas_a_tener_en_cuenta_a_la_hora_de_comprarte_un_casco1.png\",\"datePublished\":\"2020-01-09T02:00:00+00:00\",\"dateModified\":\"2025-07-23T10:06:24+00:00\",\"description\":\"El casco es el elemento de seguridad m\u00e1s importante. Pero no sirve de nada sino sabes elegir el casco adecuado. \u00bfC\u00f3mo debe quedar un casco de moto?\",\"breadcrumb\":{\"@id\":\"https:\\\/\\\/www.boxrepsol.com\\\/es\\\/tecnologia\\\/como-debe-quedar-un-casco\\\/#breadcrumb\"},\"inLanguage\":\"es\",\"potentialAction\":[{\"@type\":\"ReadAction\",\"target\":[\"https:\\\/\\\/www.boxrepsol.com\\\/es\\\/tecnologia\\\/como-debe-quedar-un-casco\\\/\"]}]},{\"@type\":\"ImageObject\",\"inLanguage\":\"es\",\"@id\":\"https:\\\/\\\/www.boxrepsol.com\\\/es\\\/tecnologia\\\/como-debe-quedar-un-casco\\\/#primaryimage\",\"url\":\"https:\\\/\\\/bxrepsol.s3.eu-west-1.amazonaws.com\\\/static\\\/2023\\\/02\\\/24095057\\\/Cosas_a_tener_en_cuenta_a_la_hora_de_comprarte_un_casco1.png\",\"contentUrl\":\"https:\\\/\\\/bxrepsol.s3.eu-west-1.amazonaws.com\\\/static\\\/2023\\\/02\\\/24095057\\\/Cosas_a_tener_en_cuenta_a_la_hora_de_comprarte_un_casco1.png\",\"width\":1920,\"height\":1080,\"caption\":\"Marc M\u00e1rquez sujetando dos cascos\"},{\"@type\":\"BreadcrumbList\",\"@id\":\"https:\\\/\\\/www.boxrepsol.com\\\/es\\\/tecnologia\\\/como-debe-quedar-un-casco\\\/#breadcrumb\",\"itemListElement\":[{\"@type\":\"ListItem\",\"position\":1,\"name\":\"Home\",\"item\":\"https:\\\/\\\/www.boxrepsol.com\\\/es\\\/\"},{\"@type\":\"ListItem\",\"position\":2,\"name\":\"\u00bfC\u00f3mo debe quedar un casco de moto?\"}]},{\"@type\":\"WebSite\",\"@id\":\"https:\\\/\\\/www.boxrepsol.com\\\/es\\\/#website\",\"url\":\"https:\\\/\\\/www.boxrepsol.com\\\/es\\\/\",\"name\":\"Box Repsol\",\"description\":\"Box Repsol Site\",\"publisher\":{\"@id\":\"https:\\\/\\\/www.boxrepsol.com\\\/es\\\/#organization\"},\"potentialAction\":[{\"@type\":\"SearchAction\",\"target\":{\"@type\":\"EntryPoint\",\"urlTemplate\":\"https:\\\/\\\/www.boxrepsol.com\\\/es\\\/?s={search_term_string}\"},\"query-input\":{\"@type\":\"PropertyValueSpecification\",\"valueRequired\":true,\"valueName\":\"search_term_string\"}}],\"inLanguage\":\"es\"},{\"@type\":\"Organization\",\"@id\":\"https:\\\/\\\/www.boxrepsol.com\\\/es\\\/#organization\",\"name\":\"Box Repsol\",\"url\":\"https:\\\/\\\/www.boxrepsol.com\\\/es\\\/\",\"logo\":{\"@type\":\"ImageObject\",\"inLanguage\":\"es\",\"@id\":\"https:\\\/\\\/www.boxrepsol.com\\\/es\\\/#\\\/schema\\\/logo\\\/image\\\/\",\"url\":\"https:\\\/\\\/bxrepsol.s3.eu-west-1.amazonaws.com\\\/static\\\/2025\\\/07\\\/30083337\\\/favicon-96x96-1.png\",\"contentUrl\":\"https:\\\/\\\/bxrepsol.s3.eu-west-1.amazonaws.com\\\/static\\\/2025\\\/07\\\/30083337\\\/favicon-96x96-1.png\",\"width\":96,\"height\":96,\"caption\":\"Box Repsol\"},\"image\":{\"@id\":\"https:\\\/\\\/www.boxrepsol.com\\\/es\\\/#\\\/schema\\\/logo\\\/image\\\/\"},\"sameAs\":[\"https:\\\/\\\/www.facebook.com\\\/BoxRepsol\",\"https:\\\/\\\/x.com\\\/box_repsol\",\"http:\\\/\\\/instagram.com\\\/box_repsol\",\"https:\\\/\\\/www.youtube.com\\\/user\\\/RepsolCompeticion\",\"https:\\\/\\\/www.flickr.com\\\/photos\\\/box_repsol\\\/\"]},{\"@type\":\"Person\",\"@id\":\"https:\\\/\\\/www.boxrepsol.com\\\/es\\\/#\\\/schema\\\/person\\\/c5c2138f2cca251b0ad92b7086bb60b7\",\"name\":\"Redacci\u00f3n Box Repsol\",\"image\":{\"@type\":\"ImageObject\",\"inLanguage\":\"es\",\"@id\":\"https:\\\/\\\/secure.gravatar.com\\\/avatar\\\/adf7b77e38b4419baf32c7e9c21dde01f4e40df611f0978e3006fc4ba0aaab7e?s=96&d=mm&r=g\",\"url\":\"https:\\\/\\\/secure.gravatar.com\\\/avatar\\\/adf7b77e38b4419baf32c7e9c21dde01f4e40df611f0978e3006fc4ba0aaab7e?s=96&d=mm&r=g\",\"contentUrl\":\"https:\\\/\\\/secure.gravatar.com\\\/avatar\\\/adf7b77e38b4419baf32c7e9c21dde01f4e40df611f0978e3006fc4ba0aaab7e?s=96&d=mm&r=g\",\"caption\":\"Redacci\u00f3n Box Repsol\"},\"description\":\"Box Repsol lo forma un equipo de periodistas, community managers, dise\u00f1adores y fot\u00f3grafos con m\u00e1s de 20 a\u00f1os de experiencia en el mundo del motorsport. Hemos vivido el primer mundial de un espa\u00f1ol en la categor\u00eda reina de motociclismo con \u00c1lex Crivill\u00e9, estuvimos en las victorias de Pedrosa y los t\u00edtulos de M\u00e1rquez, acompa\u00f1amos en \u00c1frica a Nani Roma y Marc Coma en sus conquistas del Dakar y hemos vibrado con los t\u00edtulos de Toni Bou en Trial. Adem\u00e1s, en nuestro equipo contamos con expertos en el mundo de las dos y cuatro ruedas tanto de la calle y las carreteras, como de los circuitos. Periodistas que han trabajado en revistas y publicaciones para hacerte llegar desde rutas y consejos de mantenimiento, a curiosidades y trucos de pilotaje.\",\"sameAs\":[\"https:\\\/\\\/www.facebook.com\\\/BoxRepsol\\\/\",\"https:\\\/\\\/www.instagram.com\\\/box_repsol\\\/\",\"https:\\\/\\\/x.com\\\/https:\\\/\\\/twitter.com\\\/box_repsol\",\"https:\\\/\\\/www.youtube.com\\\/@Boxrepsol\"],\"url\":\"https:\\\/\\\/www.boxrepsol.com\\\/es\\\/author\\\/redaccion-box-repsol\\\/\"}]}<\/script>\n<!-- \/ Yoast SEO plugin. -->","yoast_head_json":{"title":"\u00bfC\u00f3mo debe quedar un casco de moto? | Box Repsol","description":"El casco es el elemento de seguridad m\u00e1s importante. Pero no sirve de nada sino sabes elegir el casco adecuado. \u00bfC\u00f3mo debe quedar un casco de moto?","canonical":"https:\/\/www.boxrepsol.com\/es\/tecnologia\/como-debe-quedar-un-casco\/","og_locale":"es_ES","og_type":"article","og_title":"\u00bfC\u00f3mo debe quedar un casco de moto? | Box Repsol","og_description":"El casco es el elemento de seguridad m\u00e1s importante. Pero no sirve de nada sino sabes elegir el casco adecuado. \u00bfC\u00f3mo debe quedar un casco de moto?","og_url":"https:\/\/www.boxrepsol.com\/es\/tecnologia\/como-debe-quedar-un-casco\/","og_site_name":"Box Repsol","article_publisher":"https:\/\/www.facebook.com\/BoxRepsol","article_author":"https:\/\/www.facebook.com\/BoxRepsol\/","article_published_time":"2020-01-09T02:00:00+00:00","article_modified_time":"2025-07-23T10:06:24+00:00","og_image":[{"width":1920,"height":1080,"url":"https:\/\/bxrepsol.s3.eu-west-1.amazonaws.com\/static\/2023\/02\/24095057\/Cosas_a_tener_en_cuenta_a_la_hora_de_comprarte_un_casco1.png","type":"image\/png"}],"author":"Redacci\u00f3n Box Repsol","twitter_card":"summary_large_image","twitter_creator":"@https:\/\/twitter.com\/box_repsol","twitter_site":"@box_repsol","twitter_misc":{"Written by":"Redacci\u00f3n Box Repsol","Est. reading time":"8 minutos"},"schema":{"@context":"https:\/\/schema.org","@graph":[{"@type":"Article","@id":"https:\/\/www.boxrepsol.com\/es\/tecnologia\/como-debe-quedar-un-casco\/#article","isPartOf":{"@id":"https:\/\/www.boxrepsol.com\/es\/tecnologia\/como-debe-quedar-un-casco\/"},"author":{"name":"Redacci\u00f3n Box Repsol","@id":"https:\/\/www.boxrepsol.com\/es\/#\/schema\/person\/c5c2138f2cca251b0ad92b7086bb60b7"},"headline":"\u00bfC\u00f3mo debe quedar un casco de moto?","datePublished":"2020-01-09T02:00:00+00:00","dateModified":"2025-07-23T10:06:24+00:00","mainEntityOfPage":{"@id":"https:\/\/www.boxrepsol.com\/es\/tecnologia\/como-debe-quedar-un-casco\/"},"wordCount":1596,"commentCount":1,"publisher":{"@id":"https:\/\/www.boxrepsol.com\/es\/#organization"},"image":{"@id":"https:\/\/www.boxrepsol.com\/es\/tecnologia\/como-debe-quedar-un-casco\/#primaryimage"},"thumbnailUrl":"https:\/\/bxrepsol.s3.eu-west-1.amazonaws.com\/static\/2023\/02\/24095057\/Cosas_a_tener_en_cuenta_a_la_hora_de_comprarte_un_casco1.png","keywords":["conducci\u00f3n","equipaci\u00f3n y accesorios moto"],"articleSection":["Tecnologia"],"inLanguage":"es","potentialAction":[{"@type":"CommentAction","name":"Comment","target":["https:\/\/www.boxrepsol.com\/es\/tecnologia\/como-debe-quedar-un-casco\/#respond"]}]},{"@type":"WebPage","@id":"https:\/\/www.boxrepsol.com\/es\/tecnologia\/como-debe-quedar-un-casco\/","url":"https:\/\/www.boxrepsol.com\/es\/tecnologia\/como-debe-quedar-un-casco\/","name":"\u00bfC\u00f3mo debe quedar un casco de moto? | Box Repsol","isPartOf":{"@id":"https:\/\/www.boxrepsol.com\/es\/#website"},"primaryImageOfPage":{"@id":"https:\/\/www.boxrepsol.com\/es\/tecnologia\/como-debe-quedar-un-casco\/#primaryimage"},"image":{"@id":"https:\/\/www.boxrepsol.com\/es\/tecnologia\/como-debe-quedar-un-casco\/#primaryimage"},"thumbnailUrl":"https:\/\/bxrepsol.s3.eu-west-1.amazonaws.com\/static\/2023\/02\/24095057\/Cosas_a_tener_en_cuenta_a_la_hora_de_comprarte_un_casco1.png","datePublished":"2020-01-09T02:00:00+00:00","dateModified":"2025-07-23T10:06:24+00:00","description":"El casco es el elemento de seguridad m\u00e1s importante. Pero no sirve de nada sino sabes elegir el casco adecuado. \u00bfC\u00f3mo debe quedar un casco de moto?","breadcrumb":{"@id":"https:\/\/www.boxrepsol.com\/es\/tecnologia\/como-debe-quedar-un-casco\/#breadcrumb"},"inLanguage":"es","potentialAction":[{"@type":"ReadAction","target":["https:\/\/www.boxrepsol.com\/es\/tecnologia\/como-debe-quedar-un-casco\/"]}]},{"@type":"ImageObject","inLanguage":"es","@id":"https:\/\/www.boxrepsol.com\/es\/tecnologia\/como-debe-quedar-un-casco\/#primaryimage","url":"https:\/\/bxrepsol.s3.eu-west-1.amazonaws.com\/static\/2023\/02\/24095057\/Cosas_a_tener_en_cuenta_a_la_hora_de_comprarte_un_casco1.png","contentUrl":"https:\/\/bxrepsol.s3.eu-west-1.amazonaws.com\/static\/2023\/02\/24095057\/Cosas_a_tener_en_cuenta_a_la_hora_de_comprarte_un_casco1.png","width":1920,"height":1080,"caption":"Marc M\u00e1rquez sujetando dos cascos"},{"@type":"BreadcrumbList","@id":"https:\/\/www.boxrepsol.com\/es\/tecnologia\/como-debe-quedar-un-casco\/#breadcrumb","itemListElement":[{"@type":"ListItem","position":1,"name":"Home","item":"https:\/\/www.boxrepsol.com\/es\/"},{"@type":"ListItem","position":2,"name":"\u00bfC\u00f3mo debe quedar un casco de moto?"}]},{"@type":"WebSite","@id":"https:\/\/www.boxrepsol.com\/es\/#website","url":"https:\/\/www.boxrepsol.com\/es\/","name":"Box Repsol","description":"Box Repsol Site","publisher":{"@id":"https:\/\/www.boxrepsol.com\/es\/#organization"},"potentialAction":[{"@type":"SearchAction","target":{"@type":"EntryPoint","urlTemplate":"https:\/\/www.boxrepsol.com\/es\/?s={search_term_string}"},"query-input":{"@type":"PropertyValueSpecification","valueRequired":true,"valueName":"search_term_string"}}],"inLanguage":"es"},{"@type":"Organization","@id":"https:\/\/www.boxrepsol.com\/es\/#organization","name":"Box Repsol","url":"https:\/\/www.boxrepsol.com\/es\/","logo":{"@type":"ImageObject","inLanguage":"es","@id":"https:\/\/www.boxrepsol.com\/es\/#\/schema\/logo\/image\/","url":"https:\/\/bxrepsol.s3.eu-west-1.amazonaws.com\/static\/2025\/07\/30083337\/favicon-96x96-1.png","contentUrl":"https:\/\/bxrepsol.s3.eu-west-1.amazonaws.com\/static\/2025\/07\/30083337\/favicon-96x96-1.png","width":96,"height":96,"caption":"Box Repsol"},"image":{"@id":"https:\/\/www.boxrepsol.com\/es\/#\/schema\/logo\/image\/"},"sameAs":["https:\/\/www.facebook.com\/BoxRepsol","https:\/\/x.com\/box_repsol","http:\/\/instagram.com\/box_repsol","https:\/\/www.youtube.com\/user\/RepsolCompeticion","https:\/\/www.flickr.com\/photos\/box_repsol\/"]},{"@type":"Person","@id":"https:\/\/www.boxrepsol.com\/es\/#\/schema\/person\/c5c2138f2cca251b0ad92b7086bb60b7","name":"Redacci\u00f3n Box Repsol","image":{"@type":"ImageObject","inLanguage":"es","@id":"https:\/\/secure.gravatar.com\/avatar\/adf7b77e38b4419baf32c7e9c21dde01f4e40df611f0978e3006fc4ba0aaab7e?s=96&d=mm&r=g","url":"https:\/\/secure.gravatar.com\/avatar\/adf7b77e38b4419baf32c7e9c21dde01f4e40df611f0978e3006fc4ba0aaab7e?s=96&d=mm&r=g","contentUrl":"https:\/\/secure.gravatar.com\/avatar\/adf7b77e38b4419baf32c7e9c21dde01f4e40df611f0978e3006fc4ba0aaab7e?s=96&d=mm&r=g","caption":"Redacci\u00f3n Box Repsol"},"description":"Box Repsol lo forma un equipo de periodistas, community managers, dise\u00f1adores y fot\u00f3grafos con m\u00e1s de 20 a\u00f1os de experiencia en el mundo del motorsport. Hemos vivido el primer mundial de un espa\u00f1ol en la categor\u00eda reina de motociclismo con \u00c1lex Crivill\u00e9, estuvimos en las victorias de Pedrosa y los t\u00edtulos de M\u00e1rquez, acompa\u00f1amos en \u00c1frica a Nani Roma y Marc Coma en sus conquistas del Dakar y hemos vibrado con los t\u00edtulos de Toni Bou en Trial. Adem\u00e1s, en nuestro equipo contamos con expertos en el mundo de las dos y cuatro ruedas tanto de la calle y las carreteras, como de los circuitos. Periodistas que han trabajado en revistas y publicaciones para hacerte llegar desde rutas y consejos de mantenimiento, a curiosidades y trucos de pilotaje.","sameAs":["https:\/\/www.facebook.com\/BoxRepsol\/","https:\/\/www.instagram.com\/box_repsol\/","https:\/\/x.com\/https:\/\/twitter.com\/box_repsol","https:\/\/www.youtube.com\/@Boxrepsol"],"url":"https:\/\/www.boxrepsol.com\/es\/author\/redaccion-box-repsol\/"}]}},"_links":{"self":[{"href":"https:\/\/www.boxrepsol.com\/es\/wp-json\/wp\/v2\/posts\/90211","targetHints":{"allow":["GET"]}}],"collection":[{"href":"https:\/\/www.boxrepsol.com\/es\/wp-json\/wp\/v2\/posts"}],"about":[{"href":"https:\/\/www.boxrepsol.com\/es\/wp-json\/wp\/v2\/types\/post"}],"author":[{"embeddable":true,"href":"https:\/\/www.boxrepsol.com\/es\/wp-json\/wp\/v2\/users\/43146"}],"replies":[{"embeddable":true,"href":"https:\/\/www.boxrepsol.com\/es\/wp-json\/wp\/v2\/comments?post=90211"}],"version-history":[{"count":16,"href":"https:\/\/www.boxrepsol.com\/es\/wp-json\/wp\/v2\/posts\/90211\/revisions"}],"predecessor-version":[{"id":126611,"href":"https:\/\/www.boxrepsol.com\/es\/wp-json\/wp\/v2\/posts\/90211\/revisions\/126611"}],"wp:featuredmedia":[{"embeddable":true,"href":"https:\/\/www.boxrepsol.com\/es\/wp-json\/wp\/v2\/media\/90213"}],"wp:attachment":[{"href":"https:\/\/www.boxrepsol.com\/es\/wp-json\/wp\/v2\/media?parent=90211"}],"wp:term":[{"taxonomy":"category","embeddable":true,"href":"https:\/\/www.boxrepsol.com\/es\/wp-json\/wp\/v2\/categories?post=90211"},{"taxonomy":"post_tag","embeddable":true,"href":"https:\/\/www.boxrepsol.com\/es\/wp-json\/wp\/v2\/tags?post=90211"}],"curies":[{"name":"wp","href":"https:\/\/api.w.org\/{rel}","templated":true}]}}