{"id":90197,"date":"2017-05-11T00:00:00","date_gmt":"2017-05-11T02:00:00","guid":{"rendered":"http:\/\/pre.boxrepsol.com\/sin-categorizar\/por-que-todos-hablan-de-la-semana-redonda-del-equipo-repsol-honda\/"},"modified":"2024-05-15T07:27:18","modified_gmt":"2024-05-15T09:27:18","slug":"por-que-todos-hablan-de-la-semana-redonda-del-equipo-repsol-honda","status":"publish","type":"post","link":"https:\/\/www.boxrepsol.com\/es\/motogp\/por-que-todos-hablan-de-la-semana-redonda-del-equipo-repsol-honda\/","title":{"rendered":"Por qu\u00e9 todos hablan de la semana redonda del Equipo Repsol Honda"},"content":{"rendered":"<p><strong>Disculpen la rima f\u00e1cil,<\/strong> pero es la mejor manera de resumir lo vivido&nbsp;en estos \u00faltimos d\u00edas por todo el <strong>Equipo Repsol Honda<\/strong>. El <strong>Gran Premio&nbsp;<\/strong><strong>de Jerez<\/strong> dej\u00f3 un podio de lujo en su categor\u00eda de <strong>MotoGP<\/strong>, con <strong>Dani&nbsp;<\/strong><strong>Pedrosa<\/strong> en lo m\u00e1s alto del caj\u00f3n y con<strong> Marc M\u00e1rquez<\/strong> en la segunda&nbsp;posici\u00f3n. Pero no fue casual. Repasemos la semana para entender&nbsp;las razones que les llevaron al <strong>\u00e9xito<\/strong>.&nbsp;<\/p>\n<p><img loading=\"lazy\" decoding=\"async\" src=\"https:\/\/bxrepsol.s3.eu-west-1.amazonaws.com\/static\/2022\/08\/29071742\/Por_que_todos_hablan_de_la_semana_redonda_del_Equipo_Repsol_Honda-2.png\" alt=\"\" width=\"704\" height=\"465\"><\/p>\n<p>El mi\u00e9rcoles anterior a la carrera, <strong>M\u00e1rquez volvi\u00f3 a encontrarse con&nbsp;<\/strong><strong>la se\u00f1ora Paca<\/strong>, una dama a la que sorprendi\u00f3 con una c\u00e1mara oculta el&nbsp;a\u00f1o anterior por las calles de su pueblo, Villamart\u00edn, y con la que&nbsp;protagoniz\u00f3 un c\u00f3mico encuentro. Marc y Paca se citaron de nuevo &nbsp;en Jerez&nbsp;y regalaron una <strong>entra\u00f1able entrevista<\/strong> que termin\u00f3 con la&nbsp;invitada sobre la <strong>Honda<\/strong> y el <strong>piloto de Cervera<\/strong>, ense\u00f1\u00e1ndole la&nbsp;posici\u00f3n en una recta.&nbsp;<\/p>\n<p><img loading=\"lazy\" decoding=\"async\" src=\"https:\/\/bxrepsol.s3.eu-west-1.amazonaws.com\/static\/2022\/08\/29071743\/Por_que_todos_hablan_de_la_semana_redonda_del_Equipo_Repsol_Honda_1-2.png\" alt=\"\" width=\"704\" height=\"465\"><\/p>\n<p>El d\u00eda antes, ambos pilotos se unieron en una campa\u00f1a tan l\u00f3gica como&nbsp;necesaria en el <strong>D\u00eda Internacional Contra el Acoso Escolar<\/strong>. Recordad:&nbsp;\u201c<strong>El \u2018bullying\u2019 no mola nada, y el que lo hace, menos<\/strong>\u201d.<\/p>\n<p><img loading=\"lazy\" decoding=\"async\" src=\"https:\/\/bxrepsol.s3.eu-west-1.amazonaws.com\/static\/2022\/08\/29071743\/Por_que_todos_hablan_de_la_semana_redonda_del_Equipo_Repsol_Honda_3-2.png\" alt=\"\" width=\"704\" height=\"465\"><\/p>\n<p>El jueves, a tres d\u00edas de darse la salida, descubrimos c\u00f3mo <strong>Honda y&nbsp;<\/strong><strong>Repsol<\/strong> han dado forma a las seis motos que han llevado a nuestros&nbsp;pilotos a ser <a href=\"https:\/\/www.boxrepsol.com\/en\/season-2017\/the-6-world-champion-bikes\/\">Campeones de la categor\u00eda reina del Mundial<\/a>. <strong>Doohan,&nbsp;<\/strong><strong>Crivill\u00e9, Hayden, Stoner y M\u00e1rquez fueron los art\u00edfices de tales&nbsp;<\/strong><strong>gestas<\/strong>. Aut\u00e9nticas leyendas.<\/p>\n<p><img loading=\"lazy\" decoding=\"async\" src=\"https:\/\/bxrepsol.s3.eu-west-1.amazonaws.com\/static\/2022\/08\/29071744\/Por_que_todos_hablan_de_la_semana_redonda_del_Equipo_Repsol_Honda_4-2.png\" alt=\"\" width=\"704\" height=\"465\"><\/p>\n<p>El viernes empez\u00f3 el <a href=\"https:\/\/twitter.com\/HRC_MotoGP\/status\/860525952396341253\">festival Pedrosa<\/a>. En los entrenamientos libres&nbsp;dej\u00f3 claro que este circuito, en el que ha ganado en tres ocasiones,&nbsp;se le da de miedo. Sus sensaciones eran inmejorables.&nbsp;El s\u00e1bado, <strong>Dani volvi\u00f3 a brillar y logr\u00f3 la \u2018pole\u2019<\/strong>, con nueve pilotos&nbsp;dentro del mismo segundo. Pintaba carrera apretada, pero no lo ser\u00eda&nbsp;tanto porque <a href=\"https:\/\/twitter.com\/26_DaniPedrosa\/status\/860910402691059713\">el de Sabadell impuso su ley desde la primera curva<\/a>.<\/p>\n<p><a href=\"https:\/\/twitter.com\/26_DaniPedrosa\/status\/861236607453716481\">En el podio no pudo contener la emoci\u00f3n<\/a>. Era la <strong>n\u00famero 3.000 del Mundial de Motos<\/strong>. En la 2.000&nbsp;se impuso <strong>Doohan<\/strong>. Y en la 1.000, otro mito del motociclismo espa\u00f1ol:&nbsp;<strong>\u00c1ngel Nieto<\/strong>.<\/p>\n<p><img loading=\"lazy\" decoding=\"async\" src=\"https:\/\/bxrepsol.s3.eu-west-1.amazonaws.com\/static\/2022\/08\/29071745\/Por_que_todos_hablan_de_la_semana_redonda_del_Equipo_Repsol_Honda_6-2.png\" alt=\"\" width=\"704\" height=\"465\"><\/p>\n","protected":false},"excerpt":{"rendered":"<p>Disculpen la rima f\u00e1cil, pero es la mejor manera de resumir lo vivido&nbsp;en estos \u00faltimos d\u00edas por todo el Equipo Repsol Honda. El Gran Premio&nbsp;de Jerez dej\u00f3 un podio de lujo en su categor\u00eda de MotoGP, con Dani&nbsp;Pedrosa en lo m\u00e1s alto del caj\u00f3n y con Marc M\u00e1rquez en la segunda&nbsp;posici\u00f3n. Pero no fue casual. [&hellip;]<\/p>\n","protected":false},"author":43146,"featured_media":90199,"comment_status":"open","ping_status":"open","sticky":false,"template":"","format":"standard","meta":{"footnotes":""},"categories":[4],"tags":[163],"class_list":["post-90197","post","type-post","status-publish","format-standard","hentry","category-motogp","tag-redes-sociales"],"yoast_head":"<!-- This site is optimized with the Yoast SEO plugin v27.3 - https:\/\/yoast.com\/product\/yoast-seo-wordpress\/ -->\n<title>C\u00f3mo ha sido la semana redonda del Equipo Repsol Honda - Box Repsol<\/title>\n<meta name=\"description\" content=\"Disculpen la rima f\u00e1cil, pero es la mejor manera de resumir lo vivido en estos \u00faltimos d\u00edas por todo el Equipo Repsol Honda.\" \/>\n<link rel=\"canonical\" href=\"https:\/\/www.boxrepsol.com\/es\/motogp\/por-que-todos-hablan-de-la-semana-redonda-del-equipo-repsol-honda\/\" \/>\n<meta property=\"og:locale\" content=\"es_ES\" \/>\n<meta property=\"og:type\" content=\"article\" \/>\n<meta property=\"og:title\" content=\"C\u00f3mo ha sido la semana redonda del Equipo Repsol Honda - Box Repsol\" \/>\n<meta property=\"og:description\" content=\"Disculpen la rima f\u00e1cil, pero es la mejor manera de resumir lo vivido en estos \u00faltimos d\u00edas por todo el Equipo Repsol Honda.\" \/>\n<meta property=\"og:url\" content=\"https:\/\/www.boxrepsol.com\/es\/motogp\/por-que-todos-hablan-de-la-semana-redonda-del-equipo-repsol-honda\/\" \/>\n<meta property=\"og:site_name\" content=\"Box Repsol\" \/>\n<meta property=\"article:publisher\" content=\"https:\/\/www.facebook.com\/BoxRepsol\" \/>\n<meta property=\"article:author\" content=\"https:\/\/www.facebook.com\/BoxRepsol\/\" \/>\n<meta property=\"article:published_time\" content=\"2017-05-11T02:00:00+00:00\" \/>\n<meta property=\"article:modified_time\" content=\"2024-05-15T09:27:18+00:00\" \/>\n<meta property=\"og:image\" content=\"https:\/\/bxrepsol.s3.eu-west-1.amazonaws.com\/static\/2023\/02\/24095049\/Por_que_todos_hablan_de_la_semana_redonda_del_Equipo_Repsol_Honda_7.png\" \/>\n\t<meta property=\"og:image:width\" content=\"986\" \/>\n\t<meta property=\"og:image:height\" content=\"555\" \/>\n\t<meta property=\"og:image:type\" content=\"image\/png\" \/>\n<meta name=\"author\" content=\"Redacci\u00f3n Box Repsol\" \/>\n<meta name=\"twitter:card\" content=\"summary_large_image\" \/>\n<meta name=\"twitter:creator\" content=\"@https:\/\/twitter.com\/box_repsol\" \/>\n<meta name=\"twitter:site\" content=\"@box_repsol\" \/>\n<meta name=\"twitter:label1\" content=\"Written by\" \/>\n\t<meta name=\"twitter:data1\" content=\"Redacci\u00f3n Box Repsol\" \/>\n\t<meta name=\"twitter:label2\" content=\"Est. reading time\" \/>\n\t<meta name=\"twitter:data2\" content=\"2 minutos\" \/>\n<script type=\"application\/ld+json\" class=\"yoast-schema-graph\">{\"@context\":\"https:\\\/\\\/schema.org\",\"@graph\":[{\"@type\":\"Article\",\"@id\":\"https:\\\/\\\/www.boxrepsol.com\\\/es\\\/motogp\\\/por-que-todos-hablan-de-la-semana-redonda-del-equipo-repsol-honda\\\/#article\",\"isPartOf\":{\"@id\":\"https:\\\/\\\/www.boxrepsol.com\\\/es\\\/motogp\\\/por-que-todos-hablan-de-la-semana-redonda-del-equipo-repsol-honda\\\/\"},\"author\":{\"name\":\"Redacci\u00f3n Box Repsol\",\"@id\":\"https:\\\/\\\/www.boxrepsol.com\\\/es\\\/#\\\/schema\\\/person\\\/c5c2138f2cca251b0ad92b7086bb60b7\"},\"headline\":\"Por qu\u00e9 todos hablan de la semana redonda del Equipo Repsol Honda\",\"datePublished\":\"2017-05-11T02:00:00+00:00\",\"dateModified\":\"2024-05-15T09:27:18+00:00\",\"mainEntityOfPage\":{\"@id\":\"https:\\\/\\\/www.boxrepsol.com\\\/es\\\/motogp\\\/por-que-todos-hablan-de-la-semana-redonda-del-equipo-repsol-honda\\\/\"},\"wordCount\":399,\"commentCount\":0,\"publisher\":{\"@id\":\"https:\\\/\\\/www.boxrepsol.com\\\/es\\\/#organization\"},\"image\":{\"@id\":\"https:\\\/\\\/www.boxrepsol.com\\\/es\\\/motogp\\\/por-que-todos-hablan-de-la-semana-redonda-del-equipo-repsol-honda\\\/#primaryimage\"},\"thumbnailUrl\":\"https:\\\/\\\/bxrepsol.s3.eu-west-1.amazonaws.com\\\/static\\\/2023\\\/02\\\/24095049\\\/Por_que_todos_hablan_de_la_semana_redonda_del_Equipo_Repsol_Honda_7.png\",\"keywords\":[\"redes sociales\"],\"articleSection\":[\"MotoGP\"],\"inLanguage\":\"es\",\"potentialAction\":[{\"@type\":\"CommentAction\",\"name\":\"Comment\",\"target\":[\"https:\\\/\\\/www.boxrepsol.com\\\/es\\\/motogp\\\/por-que-todos-hablan-de-la-semana-redonda-del-equipo-repsol-honda\\\/#respond\"]}]},{\"@type\":\"WebPage\",\"@id\":\"https:\\\/\\\/www.boxrepsol.com\\\/es\\\/motogp\\\/por-que-todos-hablan-de-la-semana-redonda-del-equipo-repsol-honda\\\/\",\"url\":\"https:\\\/\\\/www.boxrepsol.com\\\/es\\\/motogp\\\/por-que-todos-hablan-de-la-semana-redonda-del-equipo-repsol-honda\\\/\",\"name\":\"C\u00f3mo ha sido la semana redonda del Equipo Repsol Honda - Box Repsol\",\"isPartOf\":{\"@id\":\"https:\\\/\\\/www.boxrepsol.com\\\/es\\\/#website\"},\"primaryImageOfPage\":{\"@id\":\"https:\\\/\\\/www.boxrepsol.com\\\/es\\\/motogp\\\/por-que-todos-hablan-de-la-semana-redonda-del-equipo-repsol-honda\\\/#primaryimage\"},\"image\":{\"@id\":\"https:\\\/\\\/www.boxrepsol.com\\\/es\\\/motogp\\\/por-que-todos-hablan-de-la-semana-redonda-del-equipo-repsol-honda\\\/#primaryimage\"},\"thumbnailUrl\":\"https:\\\/\\\/bxrepsol.s3.eu-west-1.amazonaws.com\\\/static\\\/2023\\\/02\\\/24095049\\\/Por_que_todos_hablan_de_la_semana_redonda_del_Equipo_Repsol_Honda_7.png\",\"datePublished\":\"2017-05-11T02:00:00+00:00\",\"dateModified\":\"2024-05-15T09:27:18+00:00\",\"description\":\"Disculpen la rima f\u00e1cil, pero es la mejor manera de resumir lo vivido en estos \u00faltimos d\u00edas por todo el Equipo Repsol Honda.\",\"breadcrumb\":{\"@id\":\"https:\\\/\\\/www.boxrepsol.com\\\/es\\\/motogp\\\/por-que-todos-hablan-de-la-semana-redonda-del-equipo-repsol-honda\\\/#breadcrumb\"},\"inLanguage\":\"es\",\"potentialAction\":[{\"@type\":\"ReadAction\",\"target\":[\"https:\\\/\\\/www.boxrepsol.com\\\/es\\\/motogp\\\/por-que-todos-hablan-de-la-semana-redonda-del-equipo-repsol-honda\\\/\"]}]},{\"@type\":\"ImageObject\",\"inLanguage\":\"es\",\"@id\":\"https:\\\/\\\/www.boxrepsol.com\\\/es\\\/motogp\\\/por-que-todos-hablan-de-la-semana-redonda-del-equipo-repsol-honda\\\/#primaryimage\",\"url\":\"https:\\\/\\\/bxrepsol.s3.eu-west-1.amazonaws.com\\\/static\\\/2023\\\/02\\\/24095049\\\/Por_que_todos_hablan_de_la_semana_redonda_del_Equipo_Repsol_Honda_7.png\",\"contentUrl\":\"https:\\\/\\\/bxrepsol.s3.eu-west-1.amazonaws.com\\\/static\\\/2023\\\/02\\\/24095049\\\/Por_que_todos_hablan_de_la_semana_redonda_del_Equipo_Repsol_Honda_7.png\",\"width\":986,\"height\":555},{\"@type\":\"BreadcrumbList\",\"@id\":\"https:\\\/\\\/www.boxrepsol.com\\\/es\\\/motogp\\\/por-que-todos-hablan-de-la-semana-redonda-del-equipo-repsol-honda\\\/#breadcrumb\",\"itemListElement\":[{\"@type\":\"ListItem\",\"position\":1,\"name\":\"Home\",\"item\":\"https:\\\/\\\/www.boxrepsol.com\\\/es\\\/\"},{\"@type\":\"ListItem\",\"position\":2,\"name\":\"Por qu\u00e9 todos hablan de la semana redonda del Equipo Repsol Honda\"}]},{\"@type\":\"WebSite\",\"@id\":\"https:\\\/\\\/www.boxrepsol.com\\\/es\\\/#website\",\"url\":\"https:\\\/\\\/www.boxrepsol.com\\\/es\\\/\",\"name\":\"Box Repsol\",\"description\":\"Box Repsol Site\",\"publisher\":{\"@id\":\"https:\\\/\\\/www.boxrepsol.com\\\/es\\\/#organization\"},\"potentialAction\":[{\"@type\":\"SearchAction\",\"target\":{\"@type\":\"EntryPoint\",\"urlTemplate\":\"https:\\\/\\\/www.boxrepsol.com\\\/es\\\/?s={search_term_string}\"},\"query-input\":{\"@type\":\"PropertyValueSpecification\",\"valueRequired\":true,\"valueName\":\"search_term_string\"}}],\"inLanguage\":\"es\"},{\"@type\":\"Organization\",\"@id\":\"https:\\\/\\\/www.boxrepsol.com\\\/es\\\/#organization\",\"name\":\"Box Repsol\",\"url\":\"https:\\\/\\\/www.boxrepsol.com\\\/es\\\/\",\"logo\":{\"@type\":\"ImageObject\",\"inLanguage\":\"es\",\"@id\":\"https:\\\/\\\/www.boxrepsol.com\\\/es\\\/#\\\/schema\\\/logo\\\/image\\\/\",\"url\":\"https:\\\/\\\/bxrepsol.s3.eu-west-1.amazonaws.com\\\/static\\\/2025\\\/07\\\/30083337\\\/favicon-96x96-1.png\",\"contentUrl\":\"https:\\\/\\\/bxrepsol.s3.eu-west-1.amazonaws.com\\\/static\\\/2025\\\/07\\\/30083337\\\/favicon-96x96-1.png\",\"width\":96,\"height\":96,\"caption\":\"Box Repsol\"},\"image\":{\"@id\":\"https:\\\/\\\/www.boxrepsol.com\\\/es\\\/#\\\/schema\\\/logo\\\/image\\\/\"},\"sameAs\":[\"https:\\\/\\\/www.facebook.com\\\/BoxRepsol\",\"https:\\\/\\\/x.com\\\/box_repsol\",\"http:\\\/\\\/instagram.com\\\/box_repsol\",\"https:\\\/\\\/www.youtube.com\\\/user\\\/RepsolCompeticion\",\"https:\\\/\\\/www.flickr.com\\\/photos\\\/box_repsol\\\/\"]},{\"@type\":\"Person\",\"@id\":\"https:\\\/\\\/www.boxrepsol.com\\\/es\\\/#\\\/schema\\\/person\\\/c5c2138f2cca251b0ad92b7086bb60b7\",\"name\":\"Redacci\u00f3n Box Repsol\",\"image\":{\"@type\":\"ImageObject\",\"inLanguage\":\"es\",\"@id\":\"https:\\\/\\\/secure.gravatar.com\\\/avatar\\\/adf7b77e38b4419baf32c7e9c21dde01f4e40df611f0978e3006fc4ba0aaab7e?s=96&d=mm&r=g\",\"url\":\"https:\\\/\\\/secure.gravatar.com\\\/avatar\\\/adf7b77e38b4419baf32c7e9c21dde01f4e40df611f0978e3006fc4ba0aaab7e?s=96&d=mm&r=g\",\"contentUrl\":\"https:\\\/\\\/secure.gravatar.com\\\/avatar\\\/adf7b77e38b4419baf32c7e9c21dde01f4e40df611f0978e3006fc4ba0aaab7e?s=96&d=mm&r=g\",\"caption\":\"Redacci\u00f3n Box Repsol\"},\"description\":\"Box Repsol lo forma un equipo de periodistas, community managers, dise\u00f1adores y fot\u00f3grafos con m\u00e1s de 20 a\u00f1os de experiencia en el mundo del motorsport. Hemos vivido el primer mundial de un espa\u00f1ol en la categor\u00eda reina de motociclismo con \u00c1lex Crivill\u00e9, estuvimos en las victorias de Pedrosa y los t\u00edtulos de M\u00e1rquez, acompa\u00f1amos en \u00c1frica a Nani Roma y Marc Coma en sus conquistas del Dakar y hemos vibrado con los t\u00edtulos de Toni Bou en Trial. Adem\u00e1s, en nuestro equipo contamos con expertos en el mundo de las dos y cuatro ruedas tanto de la calle y las carreteras, como de los circuitos. Periodistas que han trabajado en revistas y publicaciones para hacerte llegar desde rutas y consejos de mantenimiento, a curiosidades y trucos de pilotaje.\",\"sameAs\":[\"https:\\\/\\\/www.facebook.com\\\/BoxRepsol\\\/\",\"https:\\\/\\\/www.instagram.com\\\/box_repsol\\\/\",\"https:\\\/\\\/x.com\\\/https:\\\/\\\/twitter.com\\\/box_repsol\",\"https:\\\/\\\/www.youtube.com\\\/@Boxrepsol\"],\"url\":\"https:\\\/\\\/www.boxrepsol.com\\\/es\\\/author\\\/redaccion-box-repsol\\\/\"}]}<\/script>\n<!-- \/ Yoast SEO plugin. -->","yoast_head_json":{"title":"C\u00f3mo ha sido la semana redonda del Equipo Repsol Honda - Box Repsol","description":"Disculpen la rima f\u00e1cil, pero es la mejor manera de resumir lo vivido en estos \u00faltimos d\u00edas por todo el Equipo Repsol Honda.","canonical":"https:\/\/www.boxrepsol.com\/es\/motogp\/por-que-todos-hablan-de-la-semana-redonda-del-equipo-repsol-honda\/","og_locale":"es_ES","og_type":"article","og_title":"C\u00f3mo ha sido la semana redonda del Equipo Repsol Honda - Box Repsol","og_description":"Disculpen la rima f\u00e1cil, pero es la mejor manera de resumir lo vivido en estos \u00faltimos d\u00edas por todo el Equipo Repsol Honda.","og_url":"https:\/\/www.boxrepsol.com\/es\/motogp\/por-que-todos-hablan-de-la-semana-redonda-del-equipo-repsol-honda\/","og_site_name":"Box Repsol","article_publisher":"https:\/\/www.facebook.com\/BoxRepsol","article_author":"https:\/\/www.facebook.com\/BoxRepsol\/","article_published_time":"2017-05-11T02:00:00+00:00","article_modified_time":"2024-05-15T09:27:18+00:00","og_image":[{"width":986,"height":555,"url":"https:\/\/bxrepsol.s3.eu-west-1.amazonaws.com\/static\/2023\/02\/24095049\/Por_que_todos_hablan_de_la_semana_redonda_del_Equipo_Repsol_Honda_7.png","type":"image\/png"}],"author":"Redacci\u00f3n Box Repsol","twitter_card":"summary_large_image","twitter_creator":"@https:\/\/twitter.com\/box_repsol","twitter_site":"@box_repsol","twitter_misc":{"Written by":"Redacci\u00f3n Box Repsol","Est. reading time":"2 minutos"},"schema":{"@context":"https:\/\/schema.org","@graph":[{"@type":"Article","@id":"https:\/\/www.boxrepsol.com\/es\/motogp\/por-que-todos-hablan-de-la-semana-redonda-del-equipo-repsol-honda\/#article","isPartOf":{"@id":"https:\/\/www.boxrepsol.com\/es\/motogp\/por-que-todos-hablan-de-la-semana-redonda-del-equipo-repsol-honda\/"},"author":{"name":"Redacci\u00f3n Box Repsol","@id":"https:\/\/www.boxrepsol.com\/es\/#\/schema\/person\/c5c2138f2cca251b0ad92b7086bb60b7"},"headline":"Por qu\u00e9 todos hablan de la semana redonda del Equipo Repsol Honda","datePublished":"2017-05-11T02:00:00+00:00","dateModified":"2024-05-15T09:27:18+00:00","mainEntityOfPage":{"@id":"https:\/\/www.boxrepsol.com\/es\/motogp\/por-que-todos-hablan-de-la-semana-redonda-del-equipo-repsol-honda\/"},"wordCount":399,"commentCount":0,"publisher":{"@id":"https:\/\/www.boxrepsol.com\/es\/#organization"},"image":{"@id":"https:\/\/www.boxrepsol.com\/es\/motogp\/por-que-todos-hablan-de-la-semana-redonda-del-equipo-repsol-honda\/#primaryimage"},"thumbnailUrl":"https:\/\/bxrepsol.s3.eu-west-1.amazonaws.com\/static\/2023\/02\/24095049\/Por_que_todos_hablan_de_la_semana_redonda_del_Equipo_Repsol_Honda_7.png","keywords":["redes sociales"],"articleSection":["MotoGP"],"inLanguage":"es","potentialAction":[{"@type":"CommentAction","name":"Comment","target":["https:\/\/www.boxrepsol.com\/es\/motogp\/por-que-todos-hablan-de-la-semana-redonda-del-equipo-repsol-honda\/#respond"]}]},{"@type":"WebPage","@id":"https:\/\/www.boxrepsol.com\/es\/motogp\/por-que-todos-hablan-de-la-semana-redonda-del-equipo-repsol-honda\/","url":"https:\/\/www.boxrepsol.com\/es\/motogp\/por-que-todos-hablan-de-la-semana-redonda-del-equipo-repsol-honda\/","name":"C\u00f3mo ha sido la semana redonda del Equipo Repsol Honda - Box Repsol","isPartOf":{"@id":"https:\/\/www.boxrepsol.com\/es\/#website"},"primaryImageOfPage":{"@id":"https:\/\/www.boxrepsol.com\/es\/motogp\/por-que-todos-hablan-de-la-semana-redonda-del-equipo-repsol-honda\/#primaryimage"},"image":{"@id":"https:\/\/www.boxrepsol.com\/es\/motogp\/por-que-todos-hablan-de-la-semana-redonda-del-equipo-repsol-honda\/#primaryimage"},"thumbnailUrl":"https:\/\/bxrepsol.s3.eu-west-1.amazonaws.com\/static\/2023\/02\/24095049\/Por_que_todos_hablan_de_la_semana_redonda_del_Equipo_Repsol_Honda_7.png","datePublished":"2017-05-11T02:00:00+00:00","dateModified":"2024-05-15T09:27:18+00:00","description":"Disculpen la rima f\u00e1cil, pero es la mejor manera de resumir lo vivido en estos \u00faltimos d\u00edas por todo el Equipo Repsol Honda.","breadcrumb":{"@id":"https:\/\/www.boxrepsol.com\/es\/motogp\/por-que-todos-hablan-de-la-semana-redonda-del-equipo-repsol-honda\/#breadcrumb"},"inLanguage":"es","potentialAction":[{"@type":"ReadAction","target":["https:\/\/www.boxrepsol.com\/es\/motogp\/por-que-todos-hablan-de-la-semana-redonda-del-equipo-repsol-honda\/"]}]},{"@type":"ImageObject","inLanguage":"es","@id":"https:\/\/www.boxrepsol.com\/es\/motogp\/por-que-todos-hablan-de-la-semana-redonda-del-equipo-repsol-honda\/#primaryimage","url":"https:\/\/bxrepsol.s3.eu-west-1.amazonaws.com\/static\/2023\/02\/24095049\/Por_que_todos_hablan_de_la_semana_redonda_del_Equipo_Repsol_Honda_7.png","contentUrl":"https:\/\/bxrepsol.s3.eu-west-1.amazonaws.com\/static\/2023\/02\/24095049\/Por_que_todos_hablan_de_la_semana_redonda_del_Equipo_Repsol_Honda_7.png","width":986,"height":555},{"@type":"BreadcrumbList","@id":"https:\/\/www.boxrepsol.com\/es\/motogp\/por-que-todos-hablan-de-la-semana-redonda-del-equipo-repsol-honda\/#breadcrumb","itemListElement":[{"@type":"ListItem","position":1,"name":"Home","item":"https:\/\/www.boxrepsol.com\/es\/"},{"@type":"ListItem","position":2,"name":"Por qu\u00e9 todos hablan de la semana redonda del Equipo Repsol Honda"}]},{"@type":"WebSite","@id":"https:\/\/www.boxrepsol.com\/es\/#website","url":"https:\/\/www.boxrepsol.com\/es\/","name":"Box Repsol","description":"Box Repsol Site","publisher":{"@id":"https:\/\/www.boxrepsol.com\/es\/#organization"},"potentialAction":[{"@type":"SearchAction","target":{"@type":"EntryPoint","urlTemplate":"https:\/\/www.boxrepsol.com\/es\/?s={search_term_string}"},"query-input":{"@type":"PropertyValueSpecification","valueRequired":true,"valueName":"search_term_string"}}],"inLanguage":"es"},{"@type":"Organization","@id":"https:\/\/www.boxrepsol.com\/es\/#organization","name":"Box Repsol","url":"https:\/\/www.boxrepsol.com\/es\/","logo":{"@type":"ImageObject","inLanguage":"es","@id":"https:\/\/www.boxrepsol.com\/es\/#\/schema\/logo\/image\/","url":"https:\/\/bxrepsol.s3.eu-west-1.amazonaws.com\/static\/2025\/07\/30083337\/favicon-96x96-1.png","contentUrl":"https:\/\/bxrepsol.s3.eu-west-1.amazonaws.com\/static\/2025\/07\/30083337\/favicon-96x96-1.png","width":96,"height":96,"caption":"Box Repsol"},"image":{"@id":"https:\/\/www.boxrepsol.com\/es\/#\/schema\/logo\/image\/"},"sameAs":["https:\/\/www.facebook.com\/BoxRepsol","https:\/\/x.com\/box_repsol","http:\/\/instagram.com\/box_repsol","https:\/\/www.youtube.com\/user\/RepsolCompeticion","https:\/\/www.flickr.com\/photos\/box_repsol\/"]},{"@type":"Person","@id":"https:\/\/www.boxrepsol.com\/es\/#\/schema\/person\/c5c2138f2cca251b0ad92b7086bb60b7","name":"Redacci\u00f3n Box Repsol","image":{"@type":"ImageObject","inLanguage":"es","@id":"https:\/\/secure.gravatar.com\/avatar\/adf7b77e38b4419baf32c7e9c21dde01f4e40df611f0978e3006fc4ba0aaab7e?s=96&d=mm&r=g","url":"https:\/\/secure.gravatar.com\/avatar\/adf7b77e38b4419baf32c7e9c21dde01f4e40df611f0978e3006fc4ba0aaab7e?s=96&d=mm&r=g","contentUrl":"https:\/\/secure.gravatar.com\/avatar\/adf7b77e38b4419baf32c7e9c21dde01f4e40df611f0978e3006fc4ba0aaab7e?s=96&d=mm&r=g","caption":"Redacci\u00f3n Box Repsol"},"description":"Box Repsol lo forma un equipo de periodistas, community managers, dise\u00f1adores y fot\u00f3grafos con m\u00e1s de 20 a\u00f1os de experiencia en el mundo del motorsport. Hemos vivido el primer mundial de un espa\u00f1ol en la categor\u00eda reina de motociclismo con \u00c1lex Crivill\u00e9, estuvimos en las victorias de Pedrosa y los t\u00edtulos de M\u00e1rquez, acompa\u00f1amos en \u00c1frica a Nani Roma y Marc Coma en sus conquistas del Dakar y hemos vibrado con los t\u00edtulos de Toni Bou en Trial. Adem\u00e1s, en nuestro equipo contamos con expertos en el mundo de las dos y cuatro ruedas tanto de la calle y las carreteras, como de los circuitos. Periodistas que han trabajado en revistas y publicaciones para hacerte llegar desde rutas y consejos de mantenimiento, a curiosidades y trucos de pilotaje.","sameAs":["https:\/\/www.facebook.com\/BoxRepsol\/","https:\/\/www.instagram.com\/box_repsol\/","https:\/\/x.com\/https:\/\/twitter.com\/box_repsol","https:\/\/www.youtube.com\/@Boxrepsol"],"url":"https:\/\/www.boxrepsol.com\/es\/author\/redaccion-box-repsol\/"}]}},"_links":{"self":[{"href":"https:\/\/www.boxrepsol.com\/es\/wp-json\/wp\/v2\/posts\/90197","targetHints":{"allow":["GET"]}}],"collection":[{"href":"https:\/\/www.boxrepsol.com\/es\/wp-json\/wp\/v2\/posts"}],"about":[{"href":"https:\/\/www.boxrepsol.com\/es\/wp-json\/wp\/v2\/types\/post"}],"author":[{"embeddable":true,"href":"https:\/\/www.boxrepsol.com\/es\/wp-json\/wp\/v2\/users\/43146"}],"replies":[{"embeddable":true,"href":"https:\/\/www.boxrepsol.com\/es\/wp-json\/wp\/v2\/comments?post=90197"}],"version-history":[{"count":4,"href":"https:\/\/www.boxrepsol.com\/es\/wp-json\/wp\/v2\/posts\/90197\/revisions"}],"predecessor-version":[{"id":111012,"href":"https:\/\/www.boxrepsol.com\/es\/wp-json\/wp\/v2\/posts\/90197\/revisions\/111012"}],"wp:featuredmedia":[{"embeddable":true,"href":"https:\/\/www.boxrepsol.com\/es\/wp-json\/wp\/v2\/media\/90199"}],"wp:attachment":[{"href":"https:\/\/www.boxrepsol.com\/es\/wp-json\/wp\/v2\/media?parent=90197"}],"wp:term":[{"taxonomy":"category","embeddable":true,"href":"https:\/\/www.boxrepsol.com\/es\/wp-json\/wp\/v2\/categories?post=90197"},{"taxonomy":"post_tag","embeddable":true,"href":"https:\/\/www.boxrepsol.com\/es\/wp-json\/wp\/v2\/tags?post=90197"}],"curies":[{"name":"wp","href":"https:\/\/api.w.org\/{rel}","templated":true}]}}