{"id":90195,"date":"2017-05-09T00:00:00","date_gmt":"2017-05-09T02:00:00","guid":{"rendered":"http:\/\/pre.boxrepsol.com\/sin-categorizar\/positivo-dia-entrenamientos-equipo-repsol-honda\/"},"modified":"2024-05-15T07:27:50","modified_gmt":"2024-05-15T09:27:50","slug":"positivo-dia-entrenamientos-equipo-repsol-honda","status":"publish","type":"post","link":"https:\/\/www.boxrepsol.com\/es\/motogp\/positivo-dia-entrenamientos-equipo-repsol-honda\/","title":{"rendered":"Positivo d\u00eda de entrenamiento para el equipo Repsol Honda"},"content":{"rendered":"<blockquote>\n<p>\u00b7@26_DaniPedrosa: \u00abHoy las condiciones de pista han sido perfectas\u00bb<\/p>\n<p>            <a href=\"http:\/\/twitter.com\/share?text=%C2%B7%4026_DaniPedrosa%3A+%22Hoy+las+condiciones+de+pista+han+sido+perfectas%22&#038;url=https%3A%2F%2Fwww.boxrepsol.com%2Fes%2Fmotogp%2Fpositivo-dia-entrenamientos-equipo-repsol-honda%2F&#038;hashtags=\" target=\"_blank\" rel=\"noopener\"><br \/>\n            twittear        <\/a>\n        <\/p><\/blockquote>\n<p>Tras el doblete de ayer de Pedrosa y M\u00e1rquez \u2013logrado despu\u00e9s de la victoria del vigente Campe\u00f3n en Austin y el podio de su compa\u00f1ero\u2013,\u00a0 hoy ambos han regresado al Circuito de Jerez donde la temperatura ambiental era de 29\u00baC y el asfalto ha alcanzado los 43\u00baC. Los pilotos del equipo Repsol Honda ten\u00edan por delante un completo programa de pruebas, que inclu\u00eda la comparaci\u00f3n del nuevo escape que recibieron en Austin y Pedrosa examin\u00f3 brevemente, algunas evoluciones electr\u00f3nicas, un neum\u00e1tico delantero \u2013con dos compuestos: duro y medio\u2013 y ajustes en sus Honda RC213V.<\/p>\n<p>Despu\u00e9s de realizar m\u00e1s vueltas que ning\u00fan otro piloto, M\u00e1rquez ha sido segundo de la tabla de tiempos, con un crono de 1 minuto, 38 segundos y 637 mil\u00e9simas \u2013a apenas 2 mil\u00e9simas del mejor tiempo\u2013 logrado en la vuelta 26 de las 96 que ha realizado. Pedrosa ha terminado tercero a 81 mil\u00e9simas del m\u00e1s r\u00e1pido, con un registro de 1 minuto, 38 segundos y 716 mil\u00e9simas marcado en la vuelta 48 de las 52 que ha completado.<\/p>\n<p><a data-flickr-embed=\"true\"  href=\"https:\/\/www.flickr.com\/photos\/box_repsol\/albums\/72157683603927735\" title=\"Test Jerez post GP 2017\"><img loading=\"lazy\" decoding=\"async\" src=\"https:\/\/bxrepsol.s3.eu-west-1.amazonaws.com\/static\/2022\/08\/29051416\/34387266042_9537f0a546_o-scaled.jpg\" width=\"5184\" height=\"3456\" alt=\"Test Jerez post GP 2017\"><\/a><\/p>\n<h3>Marc M\u00e1rquez<\/h3>\n<p><em>\u00abEstoy bastante contento con el entrenamiento de hoy; hemos hecho muchas vueltas y hemos probado muchas cosas, trabajando duro. Hemos tardado medio d\u00eda en poner a punto el nuevo escape, creo que era importante y tiene potencial. Ha sido positivo y ahora debemos evaluar si utilizarlo en Le Mans o hacer m\u00e1s comparaciones. De todos modos, hemos dado algunos pasos adelante, especialmente con neum\u00e1ticos usados. Estoy contento porque hemos trabajado mucho con el compuesto duro trasero y ha sido un d\u00eda muy positivo. Tambi\u00e9n hemos montado el neum\u00e1tico delantero que nos han tra\u00eddo para probar; da m\u00e1s estabilidad en las frenadas y m\u00e1s sensaciones en las curvas. Ahora recoger\u00e1n toda la informaci\u00f3n del resto de pilotos y veremos qu\u00e9 deciden al respecto\u00bb.<\/em><\/p>\n<h3>Dani Pedrosa<\/h3>\n<p><em>\u00abHoy las condiciones de pista han sido perfectas, bastante parecidas a las de ayer, pero dir\u00eda que con m\u00e1s agarre. Creo que ha sido un d\u00eda bastante positivo, porque hemos probado los neum\u00e1ticos delanteros de los que dispon\u00edamos y hemos hecho algunas comparativas. Estoy contento, porque era importante tener la oportunidad de poner a prueba los neum\u00e1ticos en estas buenas condiciones. Te da unas sensaciones diferentes pero, por supuesto, la puesta a punto es importante para entender cu\u00e1l es mejor, ya que se tiene que adaptar. Hoy las sensaciones han sido positivas, ahora veremos qu\u00e9 elecci\u00f3n hacemos y trabajaremos lo mejor posible con ella. Tambi\u00e9n hemos podido hacer m\u00e1s pruebas con el escape que empec\u00e9 a probar brevemente en Austin. Tiene potencial, puede hacernos evolucionar, s\u00f3lo necesitamos ajustarlo para hacer que todo funcione mejor. Adem\u00e1s, hemos dado pasos adelante con la electr\u00f3nica y hemos confirmado que nuestra puesta a punto base estaba funcionando. Ahora reuniremos toda esta informaci\u00f3n para prepararnos para Le Mans\u00bb.<\/em><\/p>\n","protected":false},"excerpt":{"rendered":"<p>M\u00e1rquez y Pedrosa vuelven a rodar entre los m\u00e1s r\u00e1pidos en Jerez.<\/p>\n","protected":false},"author":43146,"featured_media":86455,"comment_status":"open","ping_status":"open","sticky":false,"template":"","format":"standard","meta":{"footnotes":""},"categories":[4],"tags":[50],"class_list":["post-90195","post","type-post","status-publish","format-standard","hentry","category-motogp","tag-equipo-repsol-honda"],"yoast_head":"<!-- This site is optimized with the Yoast SEO plugin v27.3 - https:\/\/yoast.com\/product\/yoast-seo-wordpress\/ -->\n<title>Positivo d\u00eda de entrenamiento para el equipo Repsol Honda - Box Repsol<\/title>\n<meta name=\"description\" content=\"Marc M\u00e1rquez y Dani Pedrosa vuelven a rodar entre los m\u00e1s r\u00e1pidos en el entrenamiento del test de Jerez, temporada 2017...\" \/>\n<link rel=\"canonical\" href=\"https:\/\/www.boxrepsol.com\/es\/motogp\/positivo-dia-entrenamientos-equipo-repsol-honda\/\" \/>\n<meta property=\"og:locale\" content=\"es_ES\" \/>\n<meta property=\"og:type\" content=\"article\" \/>\n<meta property=\"og:title\" content=\"Positivo d\u00eda de entrenamiento para el equipo Repsol Honda - Box Repsol\" \/>\n<meta property=\"og:description\" content=\"Marc M\u00e1rquez y Dani Pedrosa vuelven a rodar entre los m\u00e1s r\u00e1pidos en el entrenamiento del test de Jerez, temporada 2017...\" \/>\n<meta property=\"og:url\" content=\"https:\/\/www.boxrepsol.com\/es\/motogp\/positivo-dia-entrenamientos-equipo-repsol-honda\/\" \/>\n<meta property=\"og:site_name\" content=\"Box Repsol\" \/>\n<meta property=\"article:publisher\" content=\"https:\/\/www.facebook.com\/BoxRepsol\" \/>\n<meta property=\"article:author\" content=\"https:\/\/www.facebook.com\/BoxRepsol\/\" \/>\n<meta property=\"article:published_time\" content=\"2017-05-09T02:00:00+00:00\" \/>\n<meta property=\"article:modified_time\" content=\"2024-05-15T09:27:50+00:00\" \/>\n<meta property=\"og:image\" content=\"https:\/\/www.boxrepsol.com\/wp-content\/uploads\/2022\/08\/dani-pedrosa-en-accion-motogp-repsol-honda.jpg\" \/>\n\t<meta property=\"og:image:width\" content=\"995\" \/>\n\t<meta property=\"og:image:height\" content=\"560\" \/>\n\t<meta property=\"og:image:type\" content=\"image\/jpeg\" \/>\n<meta name=\"author\" content=\"Redacci\u00f3n Box Repsol\" \/>\n<meta name=\"twitter:card\" content=\"summary_large_image\" \/>\n<meta name=\"twitter:creator\" content=\"@https:\/\/twitter.com\/box_repsol\" \/>\n<meta name=\"twitter:site\" content=\"@box_repsol\" \/>\n<meta name=\"twitter:label1\" content=\"Written by\" \/>\n\t<meta name=\"twitter:data1\" content=\"Redacci\u00f3n Box Repsol\" \/>\n\t<meta name=\"twitter:label2\" content=\"Est. reading time\" \/>\n\t<meta name=\"twitter:data2\" content=\"3 minutos\" \/>\n<script type=\"application\/ld+json\" class=\"yoast-schema-graph\">{\"@context\":\"https:\\\/\\\/schema.org\",\"@graph\":[{\"@type\":\"Article\",\"@id\":\"https:\\\/\\\/www.boxrepsol.com\\\/es\\\/motogp\\\/positivo-dia-entrenamientos-equipo-repsol-honda\\\/#article\",\"isPartOf\":{\"@id\":\"https:\\\/\\\/www.boxrepsol.com\\\/es\\\/motogp\\\/positivo-dia-entrenamientos-equipo-repsol-honda\\\/\"},\"author\":{\"name\":\"Redacci\u00f3n Box Repsol\",\"@id\":\"https:\\\/\\\/www.boxrepsol.com\\\/es\\\/#\\\/schema\\\/person\\\/c5c2138f2cca251b0ad92b7086bb60b7\"},\"headline\":\"Positivo d\u00eda de entrenamiento para el equipo Repsol Honda\",\"datePublished\":\"2017-05-09T02:00:00+00:00\",\"dateModified\":\"2024-05-15T09:27:50+00:00\",\"mainEntityOfPage\":{\"@id\":\"https:\\\/\\\/www.boxrepsol.com\\\/es\\\/motogp\\\/positivo-dia-entrenamientos-equipo-repsol-honda\\\/\"},\"wordCount\":516,\"commentCount\":0,\"publisher\":{\"@id\":\"https:\\\/\\\/www.boxrepsol.com\\\/es\\\/#organization\"},\"image\":{\"@id\":\"https:\\\/\\\/www.boxrepsol.com\\\/es\\\/motogp\\\/positivo-dia-entrenamientos-equipo-repsol-honda\\\/#primaryimage\"},\"thumbnailUrl\":\"https:\\\/\\\/www.boxrepsol.com\\\/wp-content\\\/uploads\\\/2022\\\/08\\\/dani-pedrosa-en-accion-motogp-repsol-honda.jpg\",\"keywords\":[\"Equipo Repsol Honda\"],\"articleSection\":[\"MotoGP\"],\"inLanguage\":\"es\",\"potentialAction\":[{\"@type\":\"CommentAction\",\"name\":\"Comment\",\"target\":[\"https:\\\/\\\/www.boxrepsol.com\\\/es\\\/motogp\\\/positivo-dia-entrenamientos-equipo-repsol-honda\\\/#respond\"]}]},{\"@type\":\"WebPage\",\"@id\":\"https:\\\/\\\/www.boxrepsol.com\\\/es\\\/motogp\\\/positivo-dia-entrenamientos-equipo-repsol-honda\\\/\",\"url\":\"https:\\\/\\\/www.boxrepsol.com\\\/es\\\/motogp\\\/positivo-dia-entrenamientos-equipo-repsol-honda\\\/\",\"name\":\"Positivo d\u00eda de entrenamiento para el equipo Repsol Honda - Box Repsol\",\"isPartOf\":{\"@id\":\"https:\\\/\\\/www.boxrepsol.com\\\/es\\\/#website\"},\"primaryImageOfPage\":{\"@id\":\"https:\\\/\\\/www.boxrepsol.com\\\/es\\\/motogp\\\/positivo-dia-entrenamientos-equipo-repsol-honda\\\/#primaryimage\"},\"image\":{\"@id\":\"https:\\\/\\\/www.boxrepsol.com\\\/es\\\/motogp\\\/positivo-dia-entrenamientos-equipo-repsol-honda\\\/#primaryimage\"},\"thumbnailUrl\":\"https:\\\/\\\/www.boxrepsol.com\\\/wp-content\\\/uploads\\\/2022\\\/08\\\/dani-pedrosa-en-accion-motogp-repsol-honda.jpg\",\"datePublished\":\"2017-05-09T02:00:00+00:00\",\"dateModified\":\"2024-05-15T09:27:50+00:00\",\"description\":\"Marc M\u00e1rquez y Dani Pedrosa vuelven a rodar entre los m\u00e1s r\u00e1pidos en el entrenamiento del test de Jerez, temporada 2017...\",\"breadcrumb\":{\"@id\":\"https:\\\/\\\/www.boxrepsol.com\\\/es\\\/motogp\\\/positivo-dia-entrenamientos-equipo-repsol-honda\\\/#breadcrumb\"},\"inLanguage\":\"es\",\"potentialAction\":[{\"@type\":\"ReadAction\",\"target\":[\"https:\\\/\\\/www.boxrepsol.com\\\/es\\\/motogp\\\/positivo-dia-entrenamientos-equipo-repsol-honda\\\/\"]}]},{\"@type\":\"ImageObject\",\"inLanguage\":\"es\",\"@id\":\"https:\\\/\\\/www.boxrepsol.com\\\/es\\\/motogp\\\/positivo-dia-entrenamientos-equipo-repsol-honda\\\/#primaryimage\",\"url\":\"https:\\\/\\\/www.boxrepsol.com\\\/wp-content\\\/uploads\\\/2022\\\/08\\\/dani-pedrosa-en-accion-motogp-repsol-honda.jpg\",\"contentUrl\":\"https:\\\/\\\/www.boxrepsol.com\\\/wp-content\\\/uploads\\\/2022\\\/08\\\/dani-pedrosa-en-accion-motogp-repsol-honda.jpg\",\"width\":995,\"height\":560,\"caption\":\"Dani Pedrosa rodando en pista sobre la RC213V\"},{\"@type\":\"BreadcrumbList\",\"@id\":\"https:\\\/\\\/www.boxrepsol.com\\\/es\\\/motogp\\\/positivo-dia-entrenamientos-equipo-repsol-honda\\\/#breadcrumb\",\"itemListElement\":[{\"@type\":\"ListItem\",\"position\":1,\"name\":\"Home\",\"item\":\"https:\\\/\\\/www.boxrepsol.com\\\/es\\\/\"},{\"@type\":\"ListItem\",\"position\":2,\"name\":\"Positivo d\u00eda de entrenamiento para el equipo Repsol Honda\"}]},{\"@type\":\"WebSite\",\"@id\":\"https:\\\/\\\/www.boxrepsol.com\\\/es\\\/#website\",\"url\":\"https:\\\/\\\/www.boxrepsol.com\\\/es\\\/\",\"name\":\"Box Repsol\",\"description\":\"Box Repsol Site\",\"publisher\":{\"@id\":\"https:\\\/\\\/www.boxrepsol.com\\\/es\\\/#organization\"},\"potentialAction\":[{\"@type\":\"SearchAction\",\"target\":{\"@type\":\"EntryPoint\",\"urlTemplate\":\"https:\\\/\\\/www.boxrepsol.com\\\/es\\\/?s={search_term_string}\"},\"query-input\":{\"@type\":\"PropertyValueSpecification\",\"valueRequired\":true,\"valueName\":\"search_term_string\"}}],\"inLanguage\":\"es\"},{\"@type\":\"Organization\",\"@id\":\"https:\\\/\\\/www.boxrepsol.com\\\/es\\\/#organization\",\"name\":\"Box Repsol\",\"url\":\"https:\\\/\\\/www.boxrepsol.com\\\/es\\\/\",\"logo\":{\"@type\":\"ImageObject\",\"inLanguage\":\"es\",\"@id\":\"https:\\\/\\\/www.boxrepsol.com\\\/es\\\/#\\\/schema\\\/logo\\\/image\\\/\",\"url\":\"https:\\\/\\\/bxrepsol.s3.eu-west-1.amazonaws.com\\\/static\\\/2025\\\/07\\\/30083337\\\/favicon-96x96-1.png\",\"contentUrl\":\"https:\\\/\\\/bxrepsol.s3.eu-west-1.amazonaws.com\\\/static\\\/2025\\\/07\\\/30083337\\\/favicon-96x96-1.png\",\"width\":96,\"height\":96,\"caption\":\"Box Repsol\"},\"image\":{\"@id\":\"https:\\\/\\\/www.boxrepsol.com\\\/es\\\/#\\\/schema\\\/logo\\\/image\\\/\"},\"sameAs\":[\"https:\\\/\\\/www.facebook.com\\\/BoxRepsol\",\"https:\\\/\\\/x.com\\\/box_repsol\",\"http:\\\/\\\/instagram.com\\\/box_repsol\",\"https:\\\/\\\/www.youtube.com\\\/user\\\/RepsolCompeticion\",\"https:\\\/\\\/www.flickr.com\\\/photos\\\/box_repsol\\\/\"]},{\"@type\":\"Person\",\"@id\":\"https:\\\/\\\/www.boxrepsol.com\\\/es\\\/#\\\/schema\\\/person\\\/c5c2138f2cca251b0ad92b7086bb60b7\",\"name\":\"Redacci\u00f3n Box Repsol\",\"image\":{\"@type\":\"ImageObject\",\"inLanguage\":\"es\",\"@id\":\"https:\\\/\\\/secure.gravatar.com\\\/avatar\\\/adf7b77e38b4419baf32c7e9c21dde01f4e40df611f0978e3006fc4ba0aaab7e?s=96&d=mm&r=g\",\"url\":\"https:\\\/\\\/secure.gravatar.com\\\/avatar\\\/adf7b77e38b4419baf32c7e9c21dde01f4e40df611f0978e3006fc4ba0aaab7e?s=96&d=mm&r=g\",\"contentUrl\":\"https:\\\/\\\/secure.gravatar.com\\\/avatar\\\/adf7b77e38b4419baf32c7e9c21dde01f4e40df611f0978e3006fc4ba0aaab7e?s=96&d=mm&r=g\",\"caption\":\"Redacci\u00f3n Box Repsol\"},\"description\":\"Box Repsol lo forma un equipo de periodistas, community managers, dise\u00f1adores y fot\u00f3grafos con m\u00e1s de 20 a\u00f1os de experiencia en el mundo del motorsport. Hemos vivido el primer mundial de un espa\u00f1ol en la categor\u00eda reina de motociclismo con \u00c1lex Crivill\u00e9, estuvimos en las victorias de Pedrosa y los t\u00edtulos de M\u00e1rquez, acompa\u00f1amos en \u00c1frica a Nani Roma y Marc Coma en sus conquistas del Dakar y hemos vibrado con los t\u00edtulos de Toni Bou en Trial. Adem\u00e1s, en nuestro equipo contamos con expertos en el mundo de las dos y cuatro ruedas tanto de la calle y las carreteras, como de los circuitos. Periodistas que han trabajado en revistas y publicaciones para hacerte llegar desde rutas y consejos de mantenimiento, a curiosidades y trucos de pilotaje.\",\"sameAs\":[\"https:\\\/\\\/www.facebook.com\\\/BoxRepsol\\\/\",\"https:\\\/\\\/www.instagram.com\\\/box_repsol\\\/\",\"https:\\\/\\\/x.com\\\/https:\\\/\\\/twitter.com\\\/box_repsol\",\"https:\\\/\\\/www.youtube.com\\\/@Boxrepsol\"],\"url\":\"https:\\\/\\\/www.boxrepsol.com\\\/es\\\/author\\\/redaccion-box-repsol\\\/\"}]}<\/script>\n<!-- \/ Yoast SEO plugin. -->","yoast_head_json":{"title":"Positivo d\u00eda de entrenamiento para el equipo Repsol Honda - Box Repsol","description":"Marc M\u00e1rquez y Dani Pedrosa vuelven a rodar entre los m\u00e1s r\u00e1pidos en el entrenamiento del test de Jerez, temporada 2017...","canonical":"https:\/\/www.boxrepsol.com\/es\/motogp\/positivo-dia-entrenamientos-equipo-repsol-honda\/","og_locale":"es_ES","og_type":"article","og_title":"Positivo d\u00eda de entrenamiento para el equipo Repsol Honda - Box Repsol","og_description":"Marc M\u00e1rquez y Dani Pedrosa vuelven a rodar entre los m\u00e1s r\u00e1pidos en el entrenamiento del test de Jerez, temporada 2017...","og_url":"https:\/\/www.boxrepsol.com\/es\/motogp\/positivo-dia-entrenamientos-equipo-repsol-honda\/","og_site_name":"Box Repsol","article_publisher":"https:\/\/www.facebook.com\/BoxRepsol","article_author":"https:\/\/www.facebook.com\/BoxRepsol\/","article_published_time":"2017-05-09T02:00:00+00:00","article_modified_time":"2024-05-15T09:27:50+00:00","og_image":[{"width":995,"height":560,"url":"https:\/\/www.boxrepsol.com\/wp-content\/uploads\/2022\/08\/dani-pedrosa-en-accion-motogp-repsol-honda.jpg","type":"image\/jpeg"}],"author":"Redacci\u00f3n Box Repsol","twitter_card":"summary_large_image","twitter_creator":"@https:\/\/twitter.com\/box_repsol","twitter_site":"@box_repsol","twitter_misc":{"Written by":"Redacci\u00f3n Box Repsol","Est. reading time":"3 minutos"},"schema":{"@context":"https:\/\/schema.org","@graph":[{"@type":"Article","@id":"https:\/\/www.boxrepsol.com\/es\/motogp\/positivo-dia-entrenamientos-equipo-repsol-honda\/#article","isPartOf":{"@id":"https:\/\/www.boxrepsol.com\/es\/motogp\/positivo-dia-entrenamientos-equipo-repsol-honda\/"},"author":{"name":"Redacci\u00f3n Box Repsol","@id":"https:\/\/www.boxrepsol.com\/es\/#\/schema\/person\/c5c2138f2cca251b0ad92b7086bb60b7"},"headline":"Positivo d\u00eda de entrenamiento para el equipo Repsol Honda","datePublished":"2017-05-09T02:00:00+00:00","dateModified":"2024-05-15T09:27:50+00:00","mainEntityOfPage":{"@id":"https:\/\/www.boxrepsol.com\/es\/motogp\/positivo-dia-entrenamientos-equipo-repsol-honda\/"},"wordCount":516,"commentCount":0,"publisher":{"@id":"https:\/\/www.boxrepsol.com\/es\/#organization"},"image":{"@id":"https:\/\/www.boxrepsol.com\/es\/motogp\/positivo-dia-entrenamientos-equipo-repsol-honda\/#primaryimage"},"thumbnailUrl":"https:\/\/www.boxrepsol.com\/wp-content\/uploads\/2022\/08\/dani-pedrosa-en-accion-motogp-repsol-honda.jpg","keywords":["Equipo Repsol Honda"],"articleSection":["MotoGP"],"inLanguage":"es","potentialAction":[{"@type":"CommentAction","name":"Comment","target":["https:\/\/www.boxrepsol.com\/es\/motogp\/positivo-dia-entrenamientos-equipo-repsol-honda\/#respond"]}]},{"@type":"WebPage","@id":"https:\/\/www.boxrepsol.com\/es\/motogp\/positivo-dia-entrenamientos-equipo-repsol-honda\/","url":"https:\/\/www.boxrepsol.com\/es\/motogp\/positivo-dia-entrenamientos-equipo-repsol-honda\/","name":"Positivo d\u00eda de entrenamiento para el equipo Repsol Honda - Box Repsol","isPartOf":{"@id":"https:\/\/www.boxrepsol.com\/es\/#website"},"primaryImageOfPage":{"@id":"https:\/\/www.boxrepsol.com\/es\/motogp\/positivo-dia-entrenamientos-equipo-repsol-honda\/#primaryimage"},"image":{"@id":"https:\/\/www.boxrepsol.com\/es\/motogp\/positivo-dia-entrenamientos-equipo-repsol-honda\/#primaryimage"},"thumbnailUrl":"https:\/\/www.boxrepsol.com\/wp-content\/uploads\/2022\/08\/dani-pedrosa-en-accion-motogp-repsol-honda.jpg","datePublished":"2017-05-09T02:00:00+00:00","dateModified":"2024-05-15T09:27:50+00:00","description":"Marc M\u00e1rquez y Dani Pedrosa vuelven a rodar entre los m\u00e1s r\u00e1pidos en el entrenamiento del test de Jerez, temporada 2017...","breadcrumb":{"@id":"https:\/\/www.boxrepsol.com\/es\/motogp\/positivo-dia-entrenamientos-equipo-repsol-honda\/#breadcrumb"},"inLanguage":"es","potentialAction":[{"@type":"ReadAction","target":["https:\/\/www.boxrepsol.com\/es\/motogp\/positivo-dia-entrenamientos-equipo-repsol-honda\/"]}]},{"@type":"ImageObject","inLanguage":"es","@id":"https:\/\/www.boxrepsol.com\/es\/motogp\/positivo-dia-entrenamientos-equipo-repsol-honda\/#primaryimage","url":"https:\/\/www.boxrepsol.com\/wp-content\/uploads\/2022\/08\/dani-pedrosa-en-accion-motogp-repsol-honda.jpg","contentUrl":"https:\/\/www.boxrepsol.com\/wp-content\/uploads\/2022\/08\/dani-pedrosa-en-accion-motogp-repsol-honda.jpg","width":995,"height":560,"caption":"Dani Pedrosa rodando en pista sobre la RC213V"},{"@type":"BreadcrumbList","@id":"https:\/\/www.boxrepsol.com\/es\/motogp\/positivo-dia-entrenamientos-equipo-repsol-honda\/#breadcrumb","itemListElement":[{"@type":"ListItem","position":1,"name":"Home","item":"https:\/\/www.boxrepsol.com\/es\/"},{"@type":"ListItem","position":2,"name":"Positivo d\u00eda de entrenamiento para el equipo Repsol Honda"}]},{"@type":"WebSite","@id":"https:\/\/www.boxrepsol.com\/es\/#website","url":"https:\/\/www.boxrepsol.com\/es\/","name":"Box Repsol","description":"Box Repsol Site","publisher":{"@id":"https:\/\/www.boxrepsol.com\/es\/#organization"},"potentialAction":[{"@type":"SearchAction","target":{"@type":"EntryPoint","urlTemplate":"https:\/\/www.boxrepsol.com\/es\/?s={search_term_string}"},"query-input":{"@type":"PropertyValueSpecification","valueRequired":true,"valueName":"search_term_string"}}],"inLanguage":"es"},{"@type":"Organization","@id":"https:\/\/www.boxrepsol.com\/es\/#organization","name":"Box Repsol","url":"https:\/\/www.boxrepsol.com\/es\/","logo":{"@type":"ImageObject","inLanguage":"es","@id":"https:\/\/www.boxrepsol.com\/es\/#\/schema\/logo\/image\/","url":"https:\/\/bxrepsol.s3.eu-west-1.amazonaws.com\/static\/2025\/07\/30083337\/favicon-96x96-1.png","contentUrl":"https:\/\/bxrepsol.s3.eu-west-1.amazonaws.com\/static\/2025\/07\/30083337\/favicon-96x96-1.png","width":96,"height":96,"caption":"Box Repsol"},"image":{"@id":"https:\/\/www.boxrepsol.com\/es\/#\/schema\/logo\/image\/"},"sameAs":["https:\/\/www.facebook.com\/BoxRepsol","https:\/\/x.com\/box_repsol","http:\/\/instagram.com\/box_repsol","https:\/\/www.youtube.com\/user\/RepsolCompeticion","https:\/\/www.flickr.com\/photos\/box_repsol\/"]},{"@type":"Person","@id":"https:\/\/www.boxrepsol.com\/es\/#\/schema\/person\/c5c2138f2cca251b0ad92b7086bb60b7","name":"Redacci\u00f3n Box Repsol","image":{"@type":"ImageObject","inLanguage":"es","@id":"https:\/\/secure.gravatar.com\/avatar\/adf7b77e38b4419baf32c7e9c21dde01f4e40df611f0978e3006fc4ba0aaab7e?s=96&d=mm&r=g","url":"https:\/\/secure.gravatar.com\/avatar\/adf7b77e38b4419baf32c7e9c21dde01f4e40df611f0978e3006fc4ba0aaab7e?s=96&d=mm&r=g","contentUrl":"https:\/\/secure.gravatar.com\/avatar\/adf7b77e38b4419baf32c7e9c21dde01f4e40df611f0978e3006fc4ba0aaab7e?s=96&d=mm&r=g","caption":"Redacci\u00f3n Box Repsol"},"description":"Box Repsol lo forma un equipo de periodistas, community managers, dise\u00f1adores y fot\u00f3grafos con m\u00e1s de 20 a\u00f1os de experiencia en el mundo del motorsport. Hemos vivido el primer mundial de un espa\u00f1ol en la categor\u00eda reina de motociclismo con \u00c1lex Crivill\u00e9, estuvimos en las victorias de Pedrosa y los t\u00edtulos de M\u00e1rquez, acompa\u00f1amos en \u00c1frica a Nani Roma y Marc Coma en sus conquistas del Dakar y hemos vibrado con los t\u00edtulos de Toni Bou en Trial. Adem\u00e1s, en nuestro equipo contamos con expertos en el mundo de las dos y cuatro ruedas tanto de la calle y las carreteras, como de los circuitos. Periodistas que han trabajado en revistas y publicaciones para hacerte llegar desde rutas y consejos de mantenimiento, a curiosidades y trucos de pilotaje.","sameAs":["https:\/\/www.facebook.com\/BoxRepsol\/","https:\/\/www.instagram.com\/box_repsol\/","https:\/\/x.com\/https:\/\/twitter.com\/box_repsol","https:\/\/www.youtube.com\/@Boxrepsol"],"url":"https:\/\/www.boxrepsol.com\/es\/author\/redaccion-box-repsol\/"}]}},"_links":{"self":[{"href":"https:\/\/www.boxrepsol.com\/es\/wp-json\/wp\/v2\/posts\/90195","targetHints":{"allow":["GET"]}}],"collection":[{"href":"https:\/\/www.boxrepsol.com\/es\/wp-json\/wp\/v2\/posts"}],"about":[{"href":"https:\/\/www.boxrepsol.com\/es\/wp-json\/wp\/v2\/types\/post"}],"author":[{"embeddable":true,"href":"https:\/\/www.boxrepsol.com\/es\/wp-json\/wp\/v2\/users\/43146"}],"replies":[{"embeddable":true,"href":"https:\/\/www.boxrepsol.com\/es\/wp-json\/wp\/v2\/comments?post=90195"}],"version-history":[{"count":1,"href":"https:\/\/www.boxrepsol.com\/es\/wp-json\/wp\/v2\/posts\/90195\/revisions"}],"predecessor-version":[{"id":90196,"href":"https:\/\/www.boxrepsol.com\/es\/wp-json\/wp\/v2\/posts\/90195\/revisions\/90196"}],"wp:featuredmedia":[{"embeddable":true,"href":"https:\/\/www.boxrepsol.com\/es\/wp-json\/wp\/v2\/media\/86455"}],"wp:attachment":[{"href":"https:\/\/www.boxrepsol.com\/es\/wp-json\/wp\/v2\/media?parent=90195"}],"wp:term":[{"taxonomy":"category","embeddable":true,"href":"https:\/\/www.boxrepsol.com\/es\/wp-json\/wp\/v2\/categories?post=90195"},{"taxonomy":"post_tag","embeddable":true,"href":"https:\/\/www.boxrepsol.com\/es\/wp-json\/wp\/v2\/tags?post=90195"}],"curies":[{"name":"wp","href":"https:\/\/api.w.org\/{rel}","templated":true}]}}