{"id":90188,"date":"2017-05-08T00:00:00","date_gmt":"2017-05-08T02:00:00","guid":{"rendered":"http:\/\/pre.boxrepsol.com\/sin-categorizar\/twitter-se-vuelca-campeones-dani-pedrosa-marc-marquez\/"},"modified":"2024-05-15T07:28:05","modified_gmt":"2024-05-15T09:28:05","slug":"twitter-se-vuelca-campeones-dani-pedrosa-marc-marquez","status":"publish","type":"post","link":"https:\/\/www.boxrepsol.com\/es\/motogp\/twitter-se-vuelca-campeones-dani-pedrosa-marc-marquez\/","title":{"rendered":"Twitter se vuelca en los campeones Dani Pedrosa y Marc M\u00e1rquez"},"content":{"rendered":"<p>Los<strong> tuiteros an\u00f3nimos vibran con el doblete Pedrosa-M\u00e1rquez<\/strong>.&nbsp;Ten\u00eda la pole y la aprovech\u00f3. <strong>Dani Pedrosa subi\u00f3 el domingo al caj\u00f3n&nbsp;<\/strong><strong>m\u00e1s alto del Gran Premio de Espa\u00f1a<\/strong>, la carrera n\u00famero 3.000 del&nbsp;Mundial de Motociclismo, que en su categor\u00eda reina, <strong>MotoGP<\/strong>, tiene a&nbsp;cuatro pilotos separados por solo 10 puntos. La victoria del catal\u00e1n,&nbsp;que no terminaba primero desde el Gran Premio de San Marino del a\u00f1o&nbsp;pasado, y la <strong>segunda posici\u00f3n de Marc M\u00e1rquez<\/strong> no pasaron&nbsp;desapercibidas en las redes sociales, que celebraron por todo lo alto&nbsp;el <strong>doblete del Equipo Repsol Honda<\/strong>.<\/p>\n<blockquote data-lang=\"es\">\n<p dir=\"ltr\" lang=\"en\">Greeaattt job for Repsol Honda Team! You can take the podium together in Jerez!! I&#8217;m proud of you.. Congrats!! <a href=\"https:\/\/twitter.com\/hashtag\/SpanishGP?src=hash\">#SpanishGP<\/a> <a href=\"https:\/\/twitter.com\/hashtag\/RepsolHonda?src=hash\">#RepsolHonda<\/a> ???? <a href=\"https:\/\/t.co\/kZCpeObkPm\">pic.twitter.com\/kZCpeObkPm<\/a><\/p>\n<p>\u2014 Resita Pramtika (@ayurestika93) <a href=\"https:\/\/twitter.com\/ayurestika93\/status\/861528561043111936\">8 de mayo de 2017<\/a><\/p><\/blockquote>\n<p>En el<strong> \u2018top ten\u2019 de los trending&nbsp;<\/strong><strong>topics<\/strong> se col\u00f3 <strong>#SpanishGP<\/strong>. Eso s\u00ed: por detr\u00e1s de #felizd\u00edadelamadre.&nbsp;Lo primero es lo primero.&nbsp;<strong>Pedrosa<\/strong>, es uno de pilotos m\u00e1s apreciados de la parrilla.&nbsp;En este \u2018post\u2019 nos detendremos en la<strong> reacci\u00f3n en Twitter<\/strong> de personas&nbsp;an\u00f3nimas de todo el mundo que hicieron suya la victoria de la moto&nbsp;n\u00famero 26.&nbsp;<\/p>\n<p>Empecemos por este joven franc\u00e9s que responde al tuit de Pedrosa&nbsp;celebrando su primera posici\u00f3n con <a href=\"https:\/\/mobile.twitter.com\/ClaireHoran1\/status\/861285365298196481\">una observaci\u00f3n indiscutible<\/a>: fue&nbsp;una <strong>victoria merecida<\/strong>.<\/p>\n<blockquote data-lang=\"es\">\n<p dir=\"ltr\" lang=\"fr\"><a href=\"https:\/\/twitter.com\/26_DaniPedrosa\">@26_DaniPedrosa<\/a> <a href=\"https:\/\/twitter.com\/HRC_MotoGP\">@HRC_MotoGP<\/a> Du grand Dani Pedrosa ce week-end avec p\u00f4le et victoire bravo tu le m\u00e9rites !!?? ? <a href=\"https:\/\/twitter.com\/hashtag\/SpanishGP?src=hash\">#SpanishGP<\/a><\/p>\n<p>\u2014 Claire Morelli (@ClaireHoran1) <a href=\"https:\/\/twitter.com\/ClaireHoran1\/status\/861285365298196481\">7 de mayo de 2017<\/a><\/p><\/blockquote>\n<p>Tambi\u00e9n una chica que se hace llamar \u2018hell disaster\u2019 comparte su&nbsp;alegr\u00eda por el resultado. En este caso, <a href=\"https:\/\/twitter.com\/baebirlem\/status\/861238574049570816\">hace referencia <\/a>a la <strong>segunda&nbsp;<\/strong><strong>posici\u00f3n de M\u00e1rquez<\/strong>. Est\u00e1 bien que la familia saque pecho por tus&nbsp;logros. Pero que una persona que no te conoce tambi\u00e9n se sienta&nbsp;orgullosa por lo que has conseguido, eso es otro nivel.<\/p>\n<p>Entre la parroquia de aficionados a las motos es habitual que se hagan&nbsp;<strong>comentarios sobre los equipos<\/strong>, que se valoren las <strong>prestaciones de las&nbsp;<\/strong><strong>m\u00e1quinas<\/strong>. En este caso, no podemos estar m\u00e1s de acuerdo con <a href=\"https:\/\/twitter.com\/danizabalza\/status\/861219099166289922\">Dani&nbsp;<\/a>Zabalza.<\/p>\n<blockquote data-lang=\"es\">\n<p dir=\"ltr\" lang=\"es\">Gran victoria de <a href=\"https:\/\/twitter.com\/26_DaniPedrosa\">@26_DaniPedrosa<\/a> con las <a href=\"https:\/\/twitter.com\/hashtag\/Honda?src=hash\">#Honda<\/a> a otro nivel. <a href=\"https:\/\/twitter.com\/hashtag\/SpanishGP?src=hash\">#SpanishGP<\/a><\/p>\n<p>\u2014 dani zabalza \uf8ff (@danizabalza) <a href=\"https:\/\/twitter.com\/danizabalza\/status\/861219099166289922\">7 de mayo de 2017<\/a><\/p><\/blockquote>\n<p>Para terminar, <a href=\"https:\/\/twitter.com\/masharhilmi\/status\/861268561867583488\">este chico de Indonesia<\/a> que le da las<strong> gracias a Dani&nbsp;<\/strong><strong>Pedrosa<\/strong>. \u00bfPor qu\u00e9? Por haberlo hecho feliz. \u00bfQu\u00e9 m\u00e1s puede pedir un&nbsp;piloto?<\/p>\n<blockquote data-lang=\"es\">\n<p dir=\"ltr\" lang=\"en\">Thanks Dani, both of you give me happy tonight.<a href=\"https:\/\/twitter.com\/hashtag\/SpanishGP?src=hash\">#SpanishGP<\/a> <a href=\"https:\/\/twitter.com\/hashtag\/ARSMUN?src=hash\">#ARSMUN<\/a><\/p>\n<p>\u2014 mashar hilmi (@masharhilmi) <a href=\"https:\/\/twitter.com\/masharhilmi\/status\/861268561867583488\">7 de mayo de 2017<\/a><\/p><\/blockquote>\n","protected":false},"excerpt":{"rendered":"<p>Los tuiteros an\u00f3nimos vibran con el doblete Pedrosa-M\u00e1rquez.&nbsp;Ten\u00eda la pole y la aprovech\u00f3. Dani Pedrosa subi\u00f3 el domingo al caj\u00f3n&nbsp;m\u00e1s alto del Gran Premio de Espa\u00f1a, la carrera n\u00famero 3.000 del&nbsp;Mundial de Motociclismo, que en su categor\u00eda reina, MotoGP, tiene a&nbsp;cuatro pilotos separados por solo 10 puntos. La victoria del catal\u00e1n,&nbsp;que no terminaba primero desde [&hellip;]<\/p>\n","protected":false},"author":43146,"featured_media":90189,"comment_status":"open","ping_status":"open","sticky":false,"template":"","format":"standard","meta":{"footnotes":""},"categories":[4],"tags":[163],"class_list":["post-90188","post","type-post","status-publish","format-standard","hentry","category-motogp","tag-redes-sociales"],"yoast_head":"<!-- This site is optimized with the Yoast SEO plugin v27.3 - https:\/\/yoast.com\/product\/yoast-seo-wordpress\/ -->\n<title>Twitter se vuelca con los campeones de Repsol Honda - Box Repsol<\/title>\n<meta name=\"description\" content=\"Los tuiteros an\u00f3nimos vibran con el doblete Pedrosa-M\u00e1rquez. Ten\u00eda la pole y la aprovech\u00f3. Dani Pedrosa subi\u00f3 el domingo al caj\u00f3n m\u00e1s alto\" \/>\n<link rel=\"canonical\" href=\"https:\/\/www.boxrepsol.com\/es\/motogp\/twitter-se-vuelca-campeones-dani-pedrosa-marc-marquez\/\" \/>\n<meta property=\"og:locale\" content=\"es_ES\" \/>\n<meta property=\"og:type\" content=\"article\" \/>\n<meta property=\"og:title\" content=\"Twitter se vuelca con los campeones de Repsol Honda - Box Repsol\" \/>\n<meta property=\"og:description\" content=\"Los tuiteros an\u00f3nimos vibran con el doblete Pedrosa-M\u00e1rquez. Ten\u00eda la pole y la aprovech\u00f3. Dani Pedrosa subi\u00f3 el domingo al caj\u00f3n m\u00e1s alto\" \/>\n<meta property=\"og:url\" content=\"https:\/\/www.boxrepsol.com\/es\/motogp\/twitter-se-vuelca-campeones-dani-pedrosa-marc-marquez\/\" \/>\n<meta property=\"og:site_name\" content=\"Box Repsol\" \/>\n<meta property=\"article:publisher\" content=\"https:\/\/www.facebook.com\/BoxRepsol\" \/>\n<meta property=\"article:author\" content=\"https:\/\/www.facebook.com\/BoxRepsol\/\" \/>\n<meta property=\"article:published_time\" content=\"2017-05-08T02:00:00+00:00\" \/>\n<meta property=\"article:modified_time\" content=\"2024-05-15T09:28:05+00:00\" \/>\n<meta property=\"og:image\" content=\"https:\/\/bxrepsol.s3.eu-west-1.amazonaws.com\/static\/2023\/02\/24095042\/twitter_se_vuelca_con_los_campeones_3.png\" \/>\n\t<meta property=\"og:image:width\" content=\"986\" \/>\n\t<meta property=\"og:image:height\" content=\"555\" \/>\n\t<meta property=\"og:image:type\" content=\"image\/png\" \/>\n<meta name=\"author\" content=\"Redacci\u00f3n Box Repsol\" \/>\n<meta name=\"twitter:card\" content=\"summary_large_image\" \/>\n<meta name=\"twitter:creator\" content=\"@https:\/\/twitter.com\/box_repsol\" \/>\n<meta name=\"twitter:site\" content=\"@box_repsol\" \/>\n<meta name=\"twitter:label1\" content=\"Written by\" \/>\n\t<meta name=\"twitter:data1\" content=\"Redacci\u00f3n Box Repsol\" \/>\n\t<meta name=\"twitter:label2\" content=\"Est. reading time\" \/>\n\t<meta name=\"twitter:data2\" content=\"2 minutos\" \/>\n<script type=\"application\/ld+json\" class=\"yoast-schema-graph\">{\"@context\":\"https:\\\/\\\/schema.org\",\"@graph\":[{\"@type\":\"Article\",\"@id\":\"https:\\\/\\\/www.boxrepsol.com\\\/es\\\/motogp\\\/twitter-se-vuelca-campeones-dani-pedrosa-marc-marquez\\\/#article\",\"isPartOf\":{\"@id\":\"https:\\\/\\\/www.boxrepsol.com\\\/es\\\/motogp\\\/twitter-se-vuelca-campeones-dani-pedrosa-marc-marquez\\\/\"},\"author\":{\"name\":\"Redacci\u00f3n Box Repsol\",\"@id\":\"https:\\\/\\\/www.boxrepsol.com\\\/es\\\/#\\\/schema\\\/person\\\/c5c2138f2cca251b0ad92b7086bb60b7\"},\"headline\":\"Twitter se vuelca en los campeones Dani Pedrosa y Marc M\u00e1rquez\",\"datePublished\":\"2017-05-08T02:00:00+00:00\",\"dateModified\":\"2024-05-15T09:28:05+00:00\",\"mainEntityOfPage\":{\"@id\":\"https:\\\/\\\/www.boxrepsol.com\\\/es\\\/motogp\\\/twitter-se-vuelca-campeones-dani-pedrosa-marc-marquez\\\/\"},\"wordCount\":453,\"commentCount\":0,\"publisher\":{\"@id\":\"https:\\\/\\\/www.boxrepsol.com\\\/es\\\/#organization\"},\"image\":{\"@id\":\"https:\\\/\\\/www.boxrepsol.com\\\/es\\\/motogp\\\/twitter-se-vuelca-campeones-dani-pedrosa-marc-marquez\\\/#primaryimage\"},\"thumbnailUrl\":\"https:\\\/\\\/bxrepsol.s3.eu-west-1.amazonaws.com\\\/static\\\/2023\\\/02\\\/24095042\\\/twitter_se_vuelca_con_los_campeones_3.png\",\"keywords\":[\"redes sociales\"],\"articleSection\":[\"MotoGP\"],\"inLanguage\":\"es\",\"potentialAction\":[{\"@type\":\"CommentAction\",\"name\":\"Comment\",\"target\":[\"https:\\\/\\\/www.boxrepsol.com\\\/es\\\/motogp\\\/twitter-se-vuelca-campeones-dani-pedrosa-marc-marquez\\\/#respond\"]}]},{\"@type\":\"WebPage\",\"@id\":\"https:\\\/\\\/www.boxrepsol.com\\\/es\\\/motogp\\\/twitter-se-vuelca-campeones-dani-pedrosa-marc-marquez\\\/\",\"url\":\"https:\\\/\\\/www.boxrepsol.com\\\/es\\\/motogp\\\/twitter-se-vuelca-campeones-dani-pedrosa-marc-marquez\\\/\",\"name\":\"Twitter se vuelca con los campeones de Repsol Honda - Box Repsol\",\"isPartOf\":{\"@id\":\"https:\\\/\\\/www.boxrepsol.com\\\/es\\\/#website\"},\"primaryImageOfPage\":{\"@id\":\"https:\\\/\\\/www.boxrepsol.com\\\/es\\\/motogp\\\/twitter-se-vuelca-campeones-dani-pedrosa-marc-marquez\\\/#primaryimage\"},\"image\":{\"@id\":\"https:\\\/\\\/www.boxrepsol.com\\\/es\\\/motogp\\\/twitter-se-vuelca-campeones-dani-pedrosa-marc-marquez\\\/#primaryimage\"},\"thumbnailUrl\":\"https:\\\/\\\/bxrepsol.s3.eu-west-1.amazonaws.com\\\/static\\\/2023\\\/02\\\/24095042\\\/twitter_se_vuelca_con_los_campeones_3.png\",\"datePublished\":\"2017-05-08T02:00:00+00:00\",\"dateModified\":\"2024-05-15T09:28:05+00:00\",\"description\":\"Los tuiteros an\u00f3nimos vibran con el doblete Pedrosa-M\u00e1rquez. Ten\u00eda la pole y la aprovech\u00f3. Dani Pedrosa subi\u00f3 el domingo al caj\u00f3n m\u00e1s alto\",\"breadcrumb\":{\"@id\":\"https:\\\/\\\/www.boxrepsol.com\\\/es\\\/motogp\\\/twitter-se-vuelca-campeones-dani-pedrosa-marc-marquez\\\/#breadcrumb\"},\"inLanguage\":\"es\",\"potentialAction\":[{\"@type\":\"ReadAction\",\"target\":[\"https:\\\/\\\/www.boxrepsol.com\\\/es\\\/motogp\\\/twitter-se-vuelca-campeones-dani-pedrosa-marc-marquez\\\/\"]}]},{\"@type\":\"ImageObject\",\"inLanguage\":\"es\",\"@id\":\"https:\\\/\\\/www.boxrepsol.com\\\/es\\\/motogp\\\/twitter-se-vuelca-campeones-dani-pedrosa-marc-marquez\\\/#primaryimage\",\"url\":\"https:\\\/\\\/bxrepsol.s3.eu-west-1.amazonaws.com\\\/static\\\/2023\\\/02\\\/24095042\\\/twitter_se_vuelca_con_los_campeones_3.png\",\"contentUrl\":\"https:\\\/\\\/bxrepsol.s3.eu-west-1.amazonaws.com\\\/static\\\/2023\\\/02\\\/24095042\\\/twitter_se_vuelca_con_los_campeones_3.png\",\"width\":986,\"height\":555,\"caption\":\"Dani Pedrosa y Marc M\u00e1rquez riendo\"},{\"@type\":\"BreadcrumbList\",\"@id\":\"https:\\\/\\\/www.boxrepsol.com\\\/es\\\/motogp\\\/twitter-se-vuelca-campeones-dani-pedrosa-marc-marquez\\\/#breadcrumb\",\"itemListElement\":[{\"@type\":\"ListItem\",\"position\":1,\"name\":\"Home\",\"item\":\"https:\\\/\\\/www.boxrepsol.com\\\/es\\\/\"},{\"@type\":\"ListItem\",\"position\":2,\"name\":\"Twitter se vuelca en los campeones Dani Pedrosa y Marc M\u00e1rquez\"}]},{\"@type\":\"WebSite\",\"@id\":\"https:\\\/\\\/www.boxrepsol.com\\\/es\\\/#website\",\"url\":\"https:\\\/\\\/www.boxrepsol.com\\\/es\\\/\",\"name\":\"Box Repsol\",\"description\":\"Box Repsol Site\",\"publisher\":{\"@id\":\"https:\\\/\\\/www.boxrepsol.com\\\/es\\\/#organization\"},\"potentialAction\":[{\"@type\":\"SearchAction\",\"target\":{\"@type\":\"EntryPoint\",\"urlTemplate\":\"https:\\\/\\\/www.boxrepsol.com\\\/es\\\/?s={search_term_string}\"},\"query-input\":{\"@type\":\"PropertyValueSpecification\",\"valueRequired\":true,\"valueName\":\"search_term_string\"}}],\"inLanguage\":\"es\"},{\"@type\":\"Organization\",\"@id\":\"https:\\\/\\\/www.boxrepsol.com\\\/es\\\/#organization\",\"name\":\"Box Repsol\",\"url\":\"https:\\\/\\\/www.boxrepsol.com\\\/es\\\/\",\"logo\":{\"@type\":\"ImageObject\",\"inLanguage\":\"es\",\"@id\":\"https:\\\/\\\/www.boxrepsol.com\\\/es\\\/#\\\/schema\\\/logo\\\/image\\\/\",\"url\":\"https:\\\/\\\/bxrepsol.s3.eu-west-1.amazonaws.com\\\/static\\\/2025\\\/07\\\/30083337\\\/favicon-96x96-1.png\",\"contentUrl\":\"https:\\\/\\\/bxrepsol.s3.eu-west-1.amazonaws.com\\\/static\\\/2025\\\/07\\\/30083337\\\/favicon-96x96-1.png\",\"width\":96,\"height\":96,\"caption\":\"Box Repsol\"},\"image\":{\"@id\":\"https:\\\/\\\/www.boxrepsol.com\\\/es\\\/#\\\/schema\\\/logo\\\/image\\\/\"},\"sameAs\":[\"https:\\\/\\\/www.facebook.com\\\/BoxRepsol\",\"https:\\\/\\\/x.com\\\/box_repsol\",\"http:\\\/\\\/instagram.com\\\/box_repsol\",\"https:\\\/\\\/www.youtube.com\\\/user\\\/RepsolCompeticion\",\"https:\\\/\\\/www.flickr.com\\\/photos\\\/box_repsol\\\/\"]},{\"@type\":\"Person\",\"@id\":\"https:\\\/\\\/www.boxrepsol.com\\\/es\\\/#\\\/schema\\\/person\\\/c5c2138f2cca251b0ad92b7086bb60b7\",\"name\":\"Redacci\u00f3n Box Repsol\",\"image\":{\"@type\":\"ImageObject\",\"inLanguage\":\"es\",\"@id\":\"https:\\\/\\\/secure.gravatar.com\\\/avatar\\\/adf7b77e38b4419baf32c7e9c21dde01f4e40df611f0978e3006fc4ba0aaab7e?s=96&d=mm&r=g\",\"url\":\"https:\\\/\\\/secure.gravatar.com\\\/avatar\\\/adf7b77e38b4419baf32c7e9c21dde01f4e40df611f0978e3006fc4ba0aaab7e?s=96&d=mm&r=g\",\"contentUrl\":\"https:\\\/\\\/secure.gravatar.com\\\/avatar\\\/adf7b77e38b4419baf32c7e9c21dde01f4e40df611f0978e3006fc4ba0aaab7e?s=96&d=mm&r=g\",\"caption\":\"Redacci\u00f3n Box Repsol\"},\"description\":\"Box Repsol lo forma un equipo de periodistas, community managers, dise\u00f1adores y fot\u00f3grafos con m\u00e1s de 20 a\u00f1os de experiencia en el mundo del motorsport. Hemos vivido el primer mundial de un espa\u00f1ol en la categor\u00eda reina de motociclismo con \u00c1lex Crivill\u00e9, estuvimos en las victorias de Pedrosa y los t\u00edtulos de M\u00e1rquez, acompa\u00f1amos en \u00c1frica a Nani Roma y Marc Coma en sus conquistas del Dakar y hemos vibrado con los t\u00edtulos de Toni Bou en Trial. Adem\u00e1s, en nuestro equipo contamos con expertos en el mundo de las dos y cuatro ruedas tanto de la calle y las carreteras, como de los circuitos. Periodistas que han trabajado en revistas y publicaciones para hacerte llegar desde rutas y consejos de mantenimiento, a curiosidades y trucos de pilotaje.\",\"sameAs\":[\"https:\\\/\\\/www.facebook.com\\\/BoxRepsol\\\/\",\"https:\\\/\\\/www.instagram.com\\\/box_repsol\\\/\",\"https:\\\/\\\/x.com\\\/https:\\\/\\\/twitter.com\\\/box_repsol\",\"https:\\\/\\\/www.youtube.com\\\/@Boxrepsol\"],\"url\":\"https:\\\/\\\/www.boxrepsol.com\\\/es\\\/author\\\/redaccion-box-repsol\\\/\"}]}<\/script>\n<!-- \/ Yoast SEO plugin. -->","yoast_head_json":{"title":"Twitter se vuelca con los campeones de Repsol Honda - Box Repsol","description":"Los tuiteros an\u00f3nimos vibran con el doblete Pedrosa-M\u00e1rquez. Ten\u00eda la pole y la aprovech\u00f3. Dani Pedrosa subi\u00f3 el domingo al caj\u00f3n m\u00e1s alto","canonical":"https:\/\/www.boxrepsol.com\/es\/motogp\/twitter-se-vuelca-campeones-dani-pedrosa-marc-marquez\/","og_locale":"es_ES","og_type":"article","og_title":"Twitter se vuelca con los campeones de Repsol Honda - Box Repsol","og_description":"Los tuiteros an\u00f3nimos vibran con el doblete Pedrosa-M\u00e1rquez. Ten\u00eda la pole y la aprovech\u00f3. Dani Pedrosa subi\u00f3 el domingo al caj\u00f3n m\u00e1s alto","og_url":"https:\/\/www.boxrepsol.com\/es\/motogp\/twitter-se-vuelca-campeones-dani-pedrosa-marc-marquez\/","og_site_name":"Box Repsol","article_publisher":"https:\/\/www.facebook.com\/BoxRepsol","article_author":"https:\/\/www.facebook.com\/BoxRepsol\/","article_published_time":"2017-05-08T02:00:00+00:00","article_modified_time":"2024-05-15T09:28:05+00:00","og_image":[{"width":986,"height":555,"url":"https:\/\/bxrepsol.s3.eu-west-1.amazonaws.com\/static\/2023\/02\/24095042\/twitter_se_vuelca_con_los_campeones_3.png","type":"image\/png"}],"author":"Redacci\u00f3n Box Repsol","twitter_card":"summary_large_image","twitter_creator":"@https:\/\/twitter.com\/box_repsol","twitter_site":"@box_repsol","twitter_misc":{"Written by":"Redacci\u00f3n Box Repsol","Est. reading time":"2 minutos"},"schema":{"@context":"https:\/\/schema.org","@graph":[{"@type":"Article","@id":"https:\/\/www.boxrepsol.com\/es\/motogp\/twitter-se-vuelca-campeones-dani-pedrosa-marc-marquez\/#article","isPartOf":{"@id":"https:\/\/www.boxrepsol.com\/es\/motogp\/twitter-se-vuelca-campeones-dani-pedrosa-marc-marquez\/"},"author":{"name":"Redacci\u00f3n Box Repsol","@id":"https:\/\/www.boxrepsol.com\/es\/#\/schema\/person\/c5c2138f2cca251b0ad92b7086bb60b7"},"headline":"Twitter se vuelca en los campeones Dani Pedrosa y Marc M\u00e1rquez","datePublished":"2017-05-08T02:00:00+00:00","dateModified":"2024-05-15T09:28:05+00:00","mainEntityOfPage":{"@id":"https:\/\/www.boxrepsol.com\/es\/motogp\/twitter-se-vuelca-campeones-dani-pedrosa-marc-marquez\/"},"wordCount":453,"commentCount":0,"publisher":{"@id":"https:\/\/www.boxrepsol.com\/es\/#organization"},"image":{"@id":"https:\/\/www.boxrepsol.com\/es\/motogp\/twitter-se-vuelca-campeones-dani-pedrosa-marc-marquez\/#primaryimage"},"thumbnailUrl":"https:\/\/bxrepsol.s3.eu-west-1.amazonaws.com\/static\/2023\/02\/24095042\/twitter_se_vuelca_con_los_campeones_3.png","keywords":["redes sociales"],"articleSection":["MotoGP"],"inLanguage":"es","potentialAction":[{"@type":"CommentAction","name":"Comment","target":["https:\/\/www.boxrepsol.com\/es\/motogp\/twitter-se-vuelca-campeones-dani-pedrosa-marc-marquez\/#respond"]}]},{"@type":"WebPage","@id":"https:\/\/www.boxrepsol.com\/es\/motogp\/twitter-se-vuelca-campeones-dani-pedrosa-marc-marquez\/","url":"https:\/\/www.boxrepsol.com\/es\/motogp\/twitter-se-vuelca-campeones-dani-pedrosa-marc-marquez\/","name":"Twitter se vuelca con los campeones de Repsol Honda - Box Repsol","isPartOf":{"@id":"https:\/\/www.boxrepsol.com\/es\/#website"},"primaryImageOfPage":{"@id":"https:\/\/www.boxrepsol.com\/es\/motogp\/twitter-se-vuelca-campeones-dani-pedrosa-marc-marquez\/#primaryimage"},"image":{"@id":"https:\/\/www.boxrepsol.com\/es\/motogp\/twitter-se-vuelca-campeones-dani-pedrosa-marc-marquez\/#primaryimage"},"thumbnailUrl":"https:\/\/bxrepsol.s3.eu-west-1.amazonaws.com\/static\/2023\/02\/24095042\/twitter_se_vuelca_con_los_campeones_3.png","datePublished":"2017-05-08T02:00:00+00:00","dateModified":"2024-05-15T09:28:05+00:00","description":"Los tuiteros an\u00f3nimos vibran con el doblete Pedrosa-M\u00e1rquez. Ten\u00eda la pole y la aprovech\u00f3. Dani Pedrosa subi\u00f3 el domingo al caj\u00f3n m\u00e1s alto","breadcrumb":{"@id":"https:\/\/www.boxrepsol.com\/es\/motogp\/twitter-se-vuelca-campeones-dani-pedrosa-marc-marquez\/#breadcrumb"},"inLanguage":"es","potentialAction":[{"@type":"ReadAction","target":["https:\/\/www.boxrepsol.com\/es\/motogp\/twitter-se-vuelca-campeones-dani-pedrosa-marc-marquez\/"]}]},{"@type":"ImageObject","inLanguage":"es","@id":"https:\/\/www.boxrepsol.com\/es\/motogp\/twitter-se-vuelca-campeones-dani-pedrosa-marc-marquez\/#primaryimage","url":"https:\/\/bxrepsol.s3.eu-west-1.amazonaws.com\/static\/2023\/02\/24095042\/twitter_se_vuelca_con_los_campeones_3.png","contentUrl":"https:\/\/bxrepsol.s3.eu-west-1.amazonaws.com\/static\/2023\/02\/24095042\/twitter_se_vuelca_con_los_campeones_3.png","width":986,"height":555,"caption":"Dani Pedrosa y Marc M\u00e1rquez riendo"},{"@type":"BreadcrumbList","@id":"https:\/\/www.boxrepsol.com\/es\/motogp\/twitter-se-vuelca-campeones-dani-pedrosa-marc-marquez\/#breadcrumb","itemListElement":[{"@type":"ListItem","position":1,"name":"Home","item":"https:\/\/www.boxrepsol.com\/es\/"},{"@type":"ListItem","position":2,"name":"Twitter se vuelca en los campeones Dani Pedrosa y Marc M\u00e1rquez"}]},{"@type":"WebSite","@id":"https:\/\/www.boxrepsol.com\/es\/#website","url":"https:\/\/www.boxrepsol.com\/es\/","name":"Box Repsol","description":"Box Repsol Site","publisher":{"@id":"https:\/\/www.boxrepsol.com\/es\/#organization"},"potentialAction":[{"@type":"SearchAction","target":{"@type":"EntryPoint","urlTemplate":"https:\/\/www.boxrepsol.com\/es\/?s={search_term_string}"},"query-input":{"@type":"PropertyValueSpecification","valueRequired":true,"valueName":"search_term_string"}}],"inLanguage":"es"},{"@type":"Organization","@id":"https:\/\/www.boxrepsol.com\/es\/#organization","name":"Box Repsol","url":"https:\/\/www.boxrepsol.com\/es\/","logo":{"@type":"ImageObject","inLanguage":"es","@id":"https:\/\/www.boxrepsol.com\/es\/#\/schema\/logo\/image\/","url":"https:\/\/bxrepsol.s3.eu-west-1.amazonaws.com\/static\/2025\/07\/30083337\/favicon-96x96-1.png","contentUrl":"https:\/\/bxrepsol.s3.eu-west-1.amazonaws.com\/static\/2025\/07\/30083337\/favicon-96x96-1.png","width":96,"height":96,"caption":"Box Repsol"},"image":{"@id":"https:\/\/www.boxrepsol.com\/es\/#\/schema\/logo\/image\/"},"sameAs":["https:\/\/www.facebook.com\/BoxRepsol","https:\/\/x.com\/box_repsol","http:\/\/instagram.com\/box_repsol","https:\/\/www.youtube.com\/user\/RepsolCompeticion","https:\/\/www.flickr.com\/photos\/box_repsol\/"]},{"@type":"Person","@id":"https:\/\/www.boxrepsol.com\/es\/#\/schema\/person\/c5c2138f2cca251b0ad92b7086bb60b7","name":"Redacci\u00f3n Box Repsol","image":{"@type":"ImageObject","inLanguage":"es","@id":"https:\/\/secure.gravatar.com\/avatar\/adf7b77e38b4419baf32c7e9c21dde01f4e40df611f0978e3006fc4ba0aaab7e?s=96&d=mm&r=g","url":"https:\/\/secure.gravatar.com\/avatar\/adf7b77e38b4419baf32c7e9c21dde01f4e40df611f0978e3006fc4ba0aaab7e?s=96&d=mm&r=g","contentUrl":"https:\/\/secure.gravatar.com\/avatar\/adf7b77e38b4419baf32c7e9c21dde01f4e40df611f0978e3006fc4ba0aaab7e?s=96&d=mm&r=g","caption":"Redacci\u00f3n Box Repsol"},"description":"Box Repsol lo forma un equipo de periodistas, community managers, dise\u00f1adores y fot\u00f3grafos con m\u00e1s de 20 a\u00f1os de experiencia en el mundo del motorsport. Hemos vivido el primer mundial de un espa\u00f1ol en la categor\u00eda reina de motociclismo con \u00c1lex Crivill\u00e9, estuvimos en las victorias de Pedrosa y los t\u00edtulos de M\u00e1rquez, acompa\u00f1amos en \u00c1frica a Nani Roma y Marc Coma en sus conquistas del Dakar y hemos vibrado con los t\u00edtulos de Toni Bou en Trial. Adem\u00e1s, en nuestro equipo contamos con expertos en el mundo de las dos y cuatro ruedas tanto de la calle y las carreteras, como de los circuitos. Periodistas que han trabajado en revistas y publicaciones para hacerte llegar desde rutas y consejos de mantenimiento, a curiosidades y trucos de pilotaje.","sameAs":["https:\/\/www.facebook.com\/BoxRepsol\/","https:\/\/www.instagram.com\/box_repsol\/","https:\/\/x.com\/https:\/\/twitter.com\/box_repsol","https:\/\/www.youtube.com\/@Boxrepsol"],"url":"https:\/\/www.boxrepsol.com\/es\/author\/redaccion-box-repsol\/"}]}},"_links":{"self":[{"href":"https:\/\/www.boxrepsol.com\/es\/wp-json\/wp\/v2\/posts\/90188","targetHints":{"allow":["GET"]}}],"collection":[{"href":"https:\/\/www.boxrepsol.com\/es\/wp-json\/wp\/v2\/posts"}],"about":[{"href":"https:\/\/www.boxrepsol.com\/es\/wp-json\/wp\/v2\/types\/post"}],"author":[{"embeddable":true,"href":"https:\/\/www.boxrepsol.com\/es\/wp-json\/wp\/v2\/users\/43146"}],"replies":[{"embeddable":true,"href":"https:\/\/www.boxrepsol.com\/es\/wp-json\/wp\/v2\/comments?post=90188"}],"version-history":[{"count":1,"href":"https:\/\/www.boxrepsol.com\/es\/wp-json\/wp\/v2\/posts\/90188\/revisions"}],"predecessor-version":[{"id":111009,"href":"https:\/\/www.boxrepsol.com\/es\/wp-json\/wp\/v2\/posts\/90188\/revisions\/111009"}],"wp:featuredmedia":[{"embeddable":true,"href":"https:\/\/www.boxrepsol.com\/es\/wp-json\/wp\/v2\/media\/90189"}],"wp:attachment":[{"href":"https:\/\/www.boxrepsol.com\/es\/wp-json\/wp\/v2\/media?parent=90188"}],"wp:term":[{"taxonomy":"category","embeddable":true,"href":"https:\/\/www.boxrepsol.com\/es\/wp-json\/wp\/v2\/categories?post=90188"},{"taxonomy":"post_tag","embeddable":true,"href":"https:\/\/www.boxrepsol.com\/es\/wp-json\/wp\/v2\/tags?post=90188"}],"curies":[{"name":"wp","href":"https:\/\/api.w.org\/{rel}","templated":true}]}}