{"id":90185,"date":"2017-05-06T00:00:00","date_gmt":"2017-05-06T02:00:00","guid":{"rendered":"http:\/\/pre.boxrepsol.com\/sin-categorizar\/pedrosa-y-marquez-mas-rapidos-en-jerez\/"},"modified":"2024-10-16T10:56:22","modified_gmt":"2024-10-16T12:56:22","slug":"pedrosa-y-marquez-mas-rapidos-en-jerez","status":"publish","type":"post","link":"https:\/\/www.boxrepsol.com\/es\/motogp\/pedrosa-y-marquez-mas-rapidos-en-jerez\/","title":{"rendered":"Dani Pedrosa y Marc M\u00e1rquez, los m\u00e1s r\u00e1pidos en Jerez"},"content":{"rendered":"<blockquote><p>Esta &#8216;pole&#8217; en Jerez ha sido una de las mejores de mi carrera<\/p>\n<p><a href=\"http:\/\/twitter.com\/share?text=Esta+%27pole%27+en+Jerez+ha+sido+una+de+las+mejores+de+mi+carrera&amp;url=https%3A%2F%2Fwww.boxrepsol.com%2Fes%2F%3Fp%3D6647%2F&amp;hashtags=\" target=\"_blank\" rel=\"noopener\"><br \/>\ntwittear <\/a><\/p>\n<footer>Dani Pedrosa<\/footer>\n<\/blockquote>\n<p>Dani Pedrosa ha sido el m\u00e1s r\u00e1pido<strong> en 3 de las 4 sesiones de entrenamientos celebradas, incluida la sesi\u00f3n cronometrada<\/strong>.<\/p>\n<p>El piloto del equipo Repsol Honda empata a <strong>29 poles en MotoGP<\/strong> (500cc) con Kevin Schwantz y suma 47 en su palmar\u00e9s en todas las categor\u00edas.<\/p>\n<p>Marc M\u00e1rquez ha sido el m\u00e1s r\u00e1pido en el FP4 de Jerez, completando m\u00e1s vueltas que nadie (6) a un ritmo de 1 minuto y 39 segundos.<\/p>\n<h3>Dani Pedrosa<\/h3>\n<blockquote><p>Probablemente esta ha sido una de las mejores \u2018poles\u2019 de mi carrera, porque ha sido una dura batalla. El final de la sesi\u00f3n ha sido un poco estrat\u00e9gico, porque Marc [M\u00e1rquez] estaba rodando detr\u00e1s de m\u00ed y no estaba seguro de si rodar fuerte o no. No hab\u00eda elecci\u00f3n, as\u00ed que he tirado. Estoy muy contento, porque nuestro objetivo principal para el Gran Premio era estar en primera fila. Las sensaciones eran muy buenas, lo han sido todo el fin de semana, y me he dicho a m\u00ed mismo de intentarlo. Hac\u00eda bastante que no lideraba un entrenamiento cronometrado, la temporada pasada me cost\u00f3 bastante, as\u00ed que estoy muy contento con el d\u00eda de hoy. Agradezco al equipo el trabajo duro y tambi\u00e9n estoy contento por Honda. Parece que lo estamos haciendo muy bien, as\u00ed que tenemos que concentrarnos para ma\u00f1ana y hacerlo lo mejor que podamos.<\/p><\/blockquote>\n<h3>Marc M\u00e1rquez<\/h3>\n<blockquote><p>Dani [Pedrosa] ha sido muy fuerte y r\u00e1pido hoy, y para ser sinceros todo el fin de semana. Por ese motivo, en las \u00faltimas vueltas del entrenamiento cronometrado he intentado seguirle, para aprender qu\u00e9 hace distinto. He podido hacer una vuelta muy buena y cumplir mi objetivo, estar en primera fila, porque aqu\u00ed hab\u00eda estado sufriendo un poco para hacer una vuelta r\u00e1pida. Estoy contento, porque parece que estamos mejorando poco a poco. Hoy en el FP4 hemos podido marcar un muy buen ritmo y estamos satisfechos por ello. Este circuito normalmente no es de los mejores para nuestra moto ni para mi estilo de pilotaje, en cambio parece que nuestros planes est\u00e1n saliendo bien, mejorando en las \u00e1reas en las que trabajamos, y eso es importante de cara a los pr\u00f3ximos Grandes Premios en los circuitos europeos. De todas formas, ahora tenemos que pensar en ma\u00f1ana, porque en carrera siempre es distinto, y tenemos que intentar gestionarlo bien.<\/p><\/blockquote>\n","protected":false},"excerpt":{"rendered":"<p>Los pilotos del equipo Repsol Honda copar\u00e1n las dos primeras plazas de la parrilla de salida de la carrera del domingo en Jerez.<\/p>\n","protected":false},"author":43146,"featured_media":86447,"comment_status":"open","ping_status":"open","sticky":false,"template":"","format":"standard","meta":{"footnotes":""},"categories":[4],"tags":[154],"class_list":["post-90185","post","type-post","status-publish","format-standard","hentry","category-motogp","tag-motogp-espana"],"yoast_head":"<!-- This site is optimized with the Yoast SEO plugin v27.3 - https:\/\/yoast.com\/product\/yoast-seo-wordpress\/ -->\n<title>Dani Pedrosa y Marc M\u00e1rquez, los m\u00e1s r\u00e1pidos en Jerez - Box Repsol<\/title>\n<meta name=\"description\" content=\"Los pilotos del equipo Repsol Honda copar\u00e1n las dos primeras plazas de la parrilla de salida de la carrera del domingo en Jerez.\" \/>\n<link rel=\"canonical\" href=\"https:\/\/www.boxrepsol.com\/es\/motogp\/pedrosa-y-marquez-mas-rapidos-en-jerez\/\" \/>\n<meta property=\"og:locale\" content=\"es_ES\" \/>\n<meta property=\"og:type\" content=\"article\" \/>\n<meta property=\"og:title\" content=\"Dani Pedrosa y Marc M\u00e1rquez, los m\u00e1s r\u00e1pidos en Jerez - Box Repsol\" \/>\n<meta property=\"og:description\" content=\"Los pilotos del equipo Repsol Honda copar\u00e1n las dos primeras plazas de la parrilla de salida de la carrera del domingo en Jerez.\" \/>\n<meta property=\"og:url\" content=\"https:\/\/www.boxrepsol.com\/es\/motogp\/pedrosa-y-marquez-mas-rapidos-en-jerez\/\" \/>\n<meta property=\"og:site_name\" content=\"Box Repsol\" \/>\n<meta property=\"article:publisher\" content=\"https:\/\/www.facebook.com\/BoxRepsol\" \/>\n<meta property=\"article:author\" content=\"https:\/\/www.facebook.com\/BoxRepsol\/\" \/>\n<meta property=\"article:published_time\" content=\"2017-05-06T02:00:00+00:00\" \/>\n<meta property=\"article:modified_time\" content=\"2024-10-16T12:56:22+00:00\" \/>\n<meta property=\"og:image\" content=\"https:\/\/www.boxrepsol.com\/wp-content\/uploads\/2022\/08\/Dani-Pedrosa-poleman-en-Jerez-2017.jpg\" \/>\n\t<meta property=\"og:image:width\" content=\"995\" \/>\n\t<meta property=\"og:image:height\" content=\"560\" \/>\n\t<meta property=\"og:image:type\" content=\"image\/jpeg\" \/>\n<meta name=\"author\" content=\"Redacci\u00f3n Box Repsol\" \/>\n<meta name=\"twitter:card\" content=\"summary_large_image\" \/>\n<meta name=\"twitter:creator\" content=\"@https:\/\/twitter.com\/box_repsol\" \/>\n<meta name=\"twitter:site\" content=\"@box_repsol\" \/>\n<meta name=\"twitter:label1\" content=\"Written by\" \/>\n\t<meta name=\"twitter:data1\" content=\"Redacci\u00f3n Box Repsol\" \/>\n\t<meta name=\"twitter:label2\" content=\"Est. reading time\" \/>\n\t<meta name=\"twitter:data2\" content=\"2 minutos\" \/>\n<script type=\"application\/ld+json\" class=\"yoast-schema-graph\">{\"@context\":\"https:\\\/\\\/schema.org\",\"@graph\":[{\"@type\":\"Article\",\"@id\":\"https:\\\/\\\/www.boxrepsol.com\\\/es\\\/motogp\\\/pedrosa-y-marquez-mas-rapidos-en-jerez\\\/#article\",\"isPartOf\":{\"@id\":\"https:\\\/\\\/www.boxrepsol.com\\\/es\\\/motogp\\\/pedrosa-y-marquez-mas-rapidos-en-jerez\\\/\"},\"author\":{\"name\":\"Redacci\u00f3n Box Repsol\",\"@id\":\"https:\\\/\\\/www.boxrepsol.com\\\/es\\\/#\\\/schema\\\/person\\\/c5c2138f2cca251b0ad92b7086bb60b7\"},\"headline\":\"Dani Pedrosa y Marc M\u00e1rquez, los m\u00e1s r\u00e1pidos en Jerez\",\"datePublished\":\"2017-05-06T02:00:00+00:00\",\"dateModified\":\"2024-10-16T12:56:22+00:00\",\"mainEntityOfPage\":{\"@id\":\"https:\\\/\\\/www.boxrepsol.com\\\/es\\\/motogp\\\/pedrosa-y-marquez-mas-rapidos-en-jerez\\\/\"},\"wordCount\":431,\"commentCount\":0,\"publisher\":{\"@id\":\"https:\\\/\\\/www.boxrepsol.com\\\/es\\\/#organization\"},\"image\":{\"@id\":\"https:\\\/\\\/www.boxrepsol.com\\\/es\\\/motogp\\\/pedrosa-y-marquez-mas-rapidos-en-jerez\\\/#primaryimage\"},\"thumbnailUrl\":\"https:\\\/\\\/www.boxrepsol.com\\\/wp-content\\\/uploads\\\/2022\\\/08\\\/Dani-Pedrosa-poleman-en-Jerez-2017.jpg\",\"keywords\":[\"MotoGP Espa\u00f1a\"],\"articleSection\":[\"MotoGP\"],\"inLanguage\":\"es\",\"potentialAction\":[{\"@type\":\"CommentAction\",\"name\":\"Comment\",\"target\":[\"https:\\\/\\\/www.boxrepsol.com\\\/es\\\/motogp\\\/pedrosa-y-marquez-mas-rapidos-en-jerez\\\/#respond\"]}]},{\"@type\":\"WebPage\",\"@id\":\"https:\\\/\\\/www.boxrepsol.com\\\/es\\\/motogp\\\/pedrosa-y-marquez-mas-rapidos-en-jerez\\\/\",\"url\":\"https:\\\/\\\/www.boxrepsol.com\\\/es\\\/motogp\\\/pedrosa-y-marquez-mas-rapidos-en-jerez\\\/\",\"name\":\"Dani Pedrosa y Marc M\u00e1rquez, los m\u00e1s r\u00e1pidos en Jerez - Box Repsol\",\"isPartOf\":{\"@id\":\"https:\\\/\\\/www.boxrepsol.com\\\/es\\\/#website\"},\"primaryImageOfPage\":{\"@id\":\"https:\\\/\\\/www.boxrepsol.com\\\/es\\\/motogp\\\/pedrosa-y-marquez-mas-rapidos-en-jerez\\\/#primaryimage\"},\"image\":{\"@id\":\"https:\\\/\\\/www.boxrepsol.com\\\/es\\\/motogp\\\/pedrosa-y-marquez-mas-rapidos-en-jerez\\\/#primaryimage\"},\"thumbnailUrl\":\"https:\\\/\\\/www.boxrepsol.com\\\/wp-content\\\/uploads\\\/2022\\\/08\\\/Dani-Pedrosa-poleman-en-Jerez-2017.jpg\",\"datePublished\":\"2017-05-06T02:00:00+00:00\",\"dateModified\":\"2024-10-16T12:56:22+00:00\",\"description\":\"Los pilotos del equipo Repsol Honda copar\u00e1n las dos primeras plazas de la parrilla de salida de la carrera del domingo en Jerez.\",\"breadcrumb\":{\"@id\":\"https:\\\/\\\/www.boxrepsol.com\\\/es\\\/motogp\\\/pedrosa-y-marquez-mas-rapidos-en-jerez\\\/#breadcrumb\"},\"inLanguage\":\"es\",\"potentialAction\":[{\"@type\":\"ReadAction\",\"target\":[\"https:\\\/\\\/www.boxrepsol.com\\\/es\\\/motogp\\\/pedrosa-y-marquez-mas-rapidos-en-jerez\\\/\"]}]},{\"@type\":\"ImageObject\",\"inLanguage\":\"es\",\"@id\":\"https:\\\/\\\/www.boxrepsol.com\\\/es\\\/motogp\\\/pedrosa-y-marquez-mas-rapidos-en-jerez\\\/#primaryimage\",\"url\":\"https:\\\/\\\/www.boxrepsol.com\\\/wp-content\\\/uploads\\\/2022\\\/08\\\/Dani-Pedrosa-poleman-en-Jerez-2017.jpg\",\"contentUrl\":\"https:\\\/\\\/www.boxrepsol.com\\\/wp-content\\\/uploads\\\/2022\\\/08\\\/Dani-Pedrosa-poleman-en-Jerez-2017.jpg\",\"width\":995,\"height\":560,\"caption\":\"Dani Pedrosa, Jerez, GP de Espa\u00f1a, Poleman, 2017, motociclismo, MotoGP\"},{\"@type\":\"BreadcrumbList\",\"@id\":\"https:\\\/\\\/www.boxrepsol.com\\\/es\\\/motogp\\\/pedrosa-y-marquez-mas-rapidos-en-jerez\\\/#breadcrumb\",\"itemListElement\":[{\"@type\":\"ListItem\",\"position\":1,\"name\":\"Home\",\"item\":\"https:\\\/\\\/www.boxrepsol.com\\\/es\\\/\"},{\"@type\":\"ListItem\",\"position\":2,\"name\":\"Dani Pedrosa y Marc M\u00e1rquez, los m\u00e1s r\u00e1pidos en Jerez\"}]},{\"@type\":\"WebSite\",\"@id\":\"https:\\\/\\\/www.boxrepsol.com\\\/es\\\/#website\",\"url\":\"https:\\\/\\\/www.boxrepsol.com\\\/es\\\/\",\"name\":\"Box Repsol\",\"description\":\"Box Repsol Site\",\"publisher\":{\"@id\":\"https:\\\/\\\/www.boxrepsol.com\\\/es\\\/#organization\"},\"potentialAction\":[{\"@type\":\"SearchAction\",\"target\":{\"@type\":\"EntryPoint\",\"urlTemplate\":\"https:\\\/\\\/www.boxrepsol.com\\\/es\\\/?s={search_term_string}\"},\"query-input\":{\"@type\":\"PropertyValueSpecification\",\"valueRequired\":true,\"valueName\":\"search_term_string\"}}],\"inLanguage\":\"es\"},{\"@type\":\"Organization\",\"@id\":\"https:\\\/\\\/www.boxrepsol.com\\\/es\\\/#organization\",\"name\":\"Box Repsol\",\"url\":\"https:\\\/\\\/www.boxrepsol.com\\\/es\\\/\",\"logo\":{\"@type\":\"ImageObject\",\"inLanguage\":\"es\",\"@id\":\"https:\\\/\\\/www.boxrepsol.com\\\/es\\\/#\\\/schema\\\/logo\\\/image\\\/\",\"url\":\"https:\\\/\\\/bxrepsol.s3.eu-west-1.amazonaws.com\\\/static\\\/2025\\\/07\\\/30083337\\\/favicon-96x96-1.png\",\"contentUrl\":\"https:\\\/\\\/bxrepsol.s3.eu-west-1.amazonaws.com\\\/static\\\/2025\\\/07\\\/30083337\\\/favicon-96x96-1.png\",\"width\":96,\"height\":96,\"caption\":\"Box Repsol\"},\"image\":{\"@id\":\"https:\\\/\\\/www.boxrepsol.com\\\/es\\\/#\\\/schema\\\/logo\\\/image\\\/\"},\"sameAs\":[\"https:\\\/\\\/www.facebook.com\\\/BoxRepsol\",\"https:\\\/\\\/x.com\\\/box_repsol\",\"http:\\\/\\\/instagram.com\\\/box_repsol\",\"https:\\\/\\\/www.youtube.com\\\/user\\\/RepsolCompeticion\",\"https:\\\/\\\/www.flickr.com\\\/photos\\\/box_repsol\\\/\"]},{\"@type\":\"Person\",\"@id\":\"https:\\\/\\\/www.boxrepsol.com\\\/es\\\/#\\\/schema\\\/person\\\/c5c2138f2cca251b0ad92b7086bb60b7\",\"name\":\"Redacci\u00f3n Box Repsol\",\"image\":{\"@type\":\"ImageObject\",\"inLanguage\":\"es\",\"@id\":\"https:\\\/\\\/secure.gravatar.com\\\/avatar\\\/adf7b77e38b4419baf32c7e9c21dde01f4e40df611f0978e3006fc4ba0aaab7e?s=96&d=mm&r=g\",\"url\":\"https:\\\/\\\/secure.gravatar.com\\\/avatar\\\/adf7b77e38b4419baf32c7e9c21dde01f4e40df611f0978e3006fc4ba0aaab7e?s=96&d=mm&r=g\",\"contentUrl\":\"https:\\\/\\\/secure.gravatar.com\\\/avatar\\\/adf7b77e38b4419baf32c7e9c21dde01f4e40df611f0978e3006fc4ba0aaab7e?s=96&d=mm&r=g\",\"caption\":\"Redacci\u00f3n Box Repsol\"},\"description\":\"Box Repsol lo forma un equipo de periodistas, community managers, dise\u00f1adores y fot\u00f3grafos con m\u00e1s de 20 a\u00f1os de experiencia en el mundo del motorsport. Hemos vivido el primer mundial de un espa\u00f1ol en la categor\u00eda reina de motociclismo con \u00c1lex Crivill\u00e9, estuvimos en las victorias de Pedrosa y los t\u00edtulos de M\u00e1rquez, acompa\u00f1amos en \u00c1frica a Nani Roma y Marc Coma en sus conquistas del Dakar y hemos vibrado con los t\u00edtulos de Toni Bou en Trial. Adem\u00e1s, en nuestro equipo contamos con expertos en el mundo de las dos y cuatro ruedas tanto de la calle y las carreteras, como de los circuitos. Periodistas que han trabajado en revistas y publicaciones para hacerte llegar desde rutas y consejos de mantenimiento, a curiosidades y trucos de pilotaje.\",\"sameAs\":[\"https:\\\/\\\/www.facebook.com\\\/BoxRepsol\\\/\",\"https:\\\/\\\/www.instagram.com\\\/box_repsol\\\/\",\"https:\\\/\\\/x.com\\\/https:\\\/\\\/twitter.com\\\/box_repsol\",\"https:\\\/\\\/www.youtube.com\\\/@Boxrepsol\"],\"url\":\"https:\\\/\\\/www.boxrepsol.com\\\/es\\\/author\\\/redaccion-box-repsol\\\/\"}]}<\/script>\n<!-- \/ Yoast SEO plugin. -->","yoast_head_json":{"title":"Dani Pedrosa y Marc M\u00e1rquez, los m\u00e1s r\u00e1pidos en Jerez - Box Repsol","description":"Los pilotos del equipo Repsol Honda copar\u00e1n las dos primeras plazas de la parrilla de salida de la carrera del domingo en Jerez.","canonical":"https:\/\/www.boxrepsol.com\/es\/motogp\/pedrosa-y-marquez-mas-rapidos-en-jerez\/","og_locale":"es_ES","og_type":"article","og_title":"Dani Pedrosa y Marc M\u00e1rquez, los m\u00e1s r\u00e1pidos en Jerez - Box Repsol","og_description":"Los pilotos del equipo Repsol Honda copar\u00e1n las dos primeras plazas de la parrilla de salida de la carrera del domingo en Jerez.","og_url":"https:\/\/www.boxrepsol.com\/es\/motogp\/pedrosa-y-marquez-mas-rapidos-en-jerez\/","og_site_name":"Box Repsol","article_publisher":"https:\/\/www.facebook.com\/BoxRepsol","article_author":"https:\/\/www.facebook.com\/BoxRepsol\/","article_published_time":"2017-05-06T02:00:00+00:00","article_modified_time":"2024-10-16T12:56:22+00:00","og_image":[{"width":995,"height":560,"url":"https:\/\/www.boxrepsol.com\/wp-content\/uploads\/2022\/08\/Dani-Pedrosa-poleman-en-Jerez-2017.jpg","type":"image\/jpeg"}],"author":"Redacci\u00f3n Box Repsol","twitter_card":"summary_large_image","twitter_creator":"@https:\/\/twitter.com\/box_repsol","twitter_site":"@box_repsol","twitter_misc":{"Written by":"Redacci\u00f3n Box Repsol","Est. reading time":"2 minutos"},"schema":{"@context":"https:\/\/schema.org","@graph":[{"@type":"Article","@id":"https:\/\/www.boxrepsol.com\/es\/motogp\/pedrosa-y-marquez-mas-rapidos-en-jerez\/#article","isPartOf":{"@id":"https:\/\/www.boxrepsol.com\/es\/motogp\/pedrosa-y-marquez-mas-rapidos-en-jerez\/"},"author":{"name":"Redacci\u00f3n Box Repsol","@id":"https:\/\/www.boxrepsol.com\/es\/#\/schema\/person\/c5c2138f2cca251b0ad92b7086bb60b7"},"headline":"Dani Pedrosa y Marc M\u00e1rquez, los m\u00e1s r\u00e1pidos en Jerez","datePublished":"2017-05-06T02:00:00+00:00","dateModified":"2024-10-16T12:56:22+00:00","mainEntityOfPage":{"@id":"https:\/\/www.boxrepsol.com\/es\/motogp\/pedrosa-y-marquez-mas-rapidos-en-jerez\/"},"wordCount":431,"commentCount":0,"publisher":{"@id":"https:\/\/www.boxrepsol.com\/es\/#organization"},"image":{"@id":"https:\/\/www.boxrepsol.com\/es\/motogp\/pedrosa-y-marquez-mas-rapidos-en-jerez\/#primaryimage"},"thumbnailUrl":"https:\/\/www.boxrepsol.com\/wp-content\/uploads\/2022\/08\/Dani-Pedrosa-poleman-en-Jerez-2017.jpg","keywords":["MotoGP Espa\u00f1a"],"articleSection":["MotoGP"],"inLanguage":"es","potentialAction":[{"@type":"CommentAction","name":"Comment","target":["https:\/\/www.boxrepsol.com\/es\/motogp\/pedrosa-y-marquez-mas-rapidos-en-jerez\/#respond"]}]},{"@type":"WebPage","@id":"https:\/\/www.boxrepsol.com\/es\/motogp\/pedrosa-y-marquez-mas-rapidos-en-jerez\/","url":"https:\/\/www.boxrepsol.com\/es\/motogp\/pedrosa-y-marquez-mas-rapidos-en-jerez\/","name":"Dani Pedrosa y Marc M\u00e1rquez, los m\u00e1s r\u00e1pidos en Jerez - Box Repsol","isPartOf":{"@id":"https:\/\/www.boxrepsol.com\/es\/#website"},"primaryImageOfPage":{"@id":"https:\/\/www.boxrepsol.com\/es\/motogp\/pedrosa-y-marquez-mas-rapidos-en-jerez\/#primaryimage"},"image":{"@id":"https:\/\/www.boxrepsol.com\/es\/motogp\/pedrosa-y-marquez-mas-rapidos-en-jerez\/#primaryimage"},"thumbnailUrl":"https:\/\/www.boxrepsol.com\/wp-content\/uploads\/2022\/08\/Dani-Pedrosa-poleman-en-Jerez-2017.jpg","datePublished":"2017-05-06T02:00:00+00:00","dateModified":"2024-10-16T12:56:22+00:00","description":"Los pilotos del equipo Repsol Honda copar\u00e1n las dos primeras plazas de la parrilla de salida de la carrera del domingo en Jerez.","breadcrumb":{"@id":"https:\/\/www.boxrepsol.com\/es\/motogp\/pedrosa-y-marquez-mas-rapidos-en-jerez\/#breadcrumb"},"inLanguage":"es","potentialAction":[{"@type":"ReadAction","target":["https:\/\/www.boxrepsol.com\/es\/motogp\/pedrosa-y-marquez-mas-rapidos-en-jerez\/"]}]},{"@type":"ImageObject","inLanguage":"es","@id":"https:\/\/www.boxrepsol.com\/es\/motogp\/pedrosa-y-marquez-mas-rapidos-en-jerez\/#primaryimage","url":"https:\/\/www.boxrepsol.com\/wp-content\/uploads\/2022\/08\/Dani-Pedrosa-poleman-en-Jerez-2017.jpg","contentUrl":"https:\/\/www.boxrepsol.com\/wp-content\/uploads\/2022\/08\/Dani-Pedrosa-poleman-en-Jerez-2017.jpg","width":995,"height":560,"caption":"Dani Pedrosa, Jerez, GP de Espa\u00f1a, Poleman, 2017, motociclismo, MotoGP"},{"@type":"BreadcrumbList","@id":"https:\/\/www.boxrepsol.com\/es\/motogp\/pedrosa-y-marquez-mas-rapidos-en-jerez\/#breadcrumb","itemListElement":[{"@type":"ListItem","position":1,"name":"Home","item":"https:\/\/www.boxrepsol.com\/es\/"},{"@type":"ListItem","position":2,"name":"Dani Pedrosa y Marc M\u00e1rquez, los m\u00e1s r\u00e1pidos en Jerez"}]},{"@type":"WebSite","@id":"https:\/\/www.boxrepsol.com\/es\/#website","url":"https:\/\/www.boxrepsol.com\/es\/","name":"Box Repsol","description":"Box Repsol Site","publisher":{"@id":"https:\/\/www.boxrepsol.com\/es\/#organization"},"potentialAction":[{"@type":"SearchAction","target":{"@type":"EntryPoint","urlTemplate":"https:\/\/www.boxrepsol.com\/es\/?s={search_term_string}"},"query-input":{"@type":"PropertyValueSpecification","valueRequired":true,"valueName":"search_term_string"}}],"inLanguage":"es"},{"@type":"Organization","@id":"https:\/\/www.boxrepsol.com\/es\/#organization","name":"Box Repsol","url":"https:\/\/www.boxrepsol.com\/es\/","logo":{"@type":"ImageObject","inLanguage":"es","@id":"https:\/\/www.boxrepsol.com\/es\/#\/schema\/logo\/image\/","url":"https:\/\/bxrepsol.s3.eu-west-1.amazonaws.com\/static\/2025\/07\/30083337\/favicon-96x96-1.png","contentUrl":"https:\/\/bxrepsol.s3.eu-west-1.amazonaws.com\/static\/2025\/07\/30083337\/favicon-96x96-1.png","width":96,"height":96,"caption":"Box Repsol"},"image":{"@id":"https:\/\/www.boxrepsol.com\/es\/#\/schema\/logo\/image\/"},"sameAs":["https:\/\/www.facebook.com\/BoxRepsol","https:\/\/x.com\/box_repsol","http:\/\/instagram.com\/box_repsol","https:\/\/www.youtube.com\/user\/RepsolCompeticion","https:\/\/www.flickr.com\/photos\/box_repsol\/"]},{"@type":"Person","@id":"https:\/\/www.boxrepsol.com\/es\/#\/schema\/person\/c5c2138f2cca251b0ad92b7086bb60b7","name":"Redacci\u00f3n Box Repsol","image":{"@type":"ImageObject","inLanguage":"es","@id":"https:\/\/secure.gravatar.com\/avatar\/adf7b77e38b4419baf32c7e9c21dde01f4e40df611f0978e3006fc4ba0aaab7e?s=96&d=mm&r=g","url":"https:\/\/secure.gravatar.com\/avatar\/adf7b77e38b4419baf32c7e9c21dde01f4e40df611f0978e3006fc4ba0aaab7e?s=96&d=mm&r=g","contentUrl":"https:\/\/secure.gravatar.com\/avatar\/adf7b77e38b4419baf32c7e9c21dde01f4e40df611f0978e3006fc4ba0aaab7e?s=96&d=mm&r=g","caption":"Redacci\u00f3n Box Repsol"},"description":"Box Repsol lo forma un equipo de periodistas, community managers, dise\u00f1adores y fot\u00f3grafos con m\u00e1s de 20 a\u00f1os de experiencia en el mundo del motorsport. Hemos vivido el primer mundial de un espa\u00f1ol en la categor\u00eda reina de motociclismo con \u00c1lex Crivill\u00e9, estuvimos en las victorias de Pedrosa y los t\u00edtulos de M\u00e1rquez, acompa\u00f1amos en \u00c1frica a Nani Roma y Marc Coma en sus conquistas del Dakar y hemos vibrado con los t\u00edtulos de Toni Bou en Trial. Adem\u00e1s, en nuestro equipo contamos con expertos en el mundo de las dos y cuatro ruedas tanto de la calle y las carreteras, como de los circuitos. Periodistas que han trabajado en revistas y publicaciones para hacerte llegar desde rutas y consejos de mantenimiento, a curiosidades y trucos de pilotaje.","sameAs":["https:\/\/www.facebook.com\/BoxRepsol\/","https:\/\/www.instagram.com\/box_repsol\/","https:\/\/x.com\/https:\/\/twitter.com\/box_repsol","https:\/\/www.youtube.com\/@Boxrepsol"],"url":"https:\/\/www.boxrepsol.com\/es\/author\/redaccion-box-repsol\/"}]}},"_links":{"self":[{"href":"https:\/\/www.boxrepsol.com\/es\/wp-json\/wp\/v2\/posts\/90185","targetHints":{"allow":["GET"]}}],"collection":[{"href":"https:\/\/www.boxrepsol.com\/es\/wp-json\/wp\/v2\/posts"}],"about":[{"href":"https:\/\/www.boxrepsol.com\/es\/wp-json\/wp\/v2\/types\/post"}],"author":[{"embeddable":true,"href":"https:\/\/www.boxrepsol.com\/es\/wp-json\/wp\/v2\/users\/43146"}],"replies":[{"embeddable":true,"href":"https:\/\/www.boxrepsol.com\/es\/wp-json\/wp\/v2\/comments?post=90185"}],"version-history":[{"count":2,"href":"https:\/\/www.boxrepsol.com\/es\/wp-json\/wp\/v2\/posts\/90185\/revisions"}],"predecessor-version":[{"id":121162,"href":"https:\/\/www.boxrepsol.com\/es\/wp-json\/wp\/v2\/posts\/90185\/revisions\/121162"}],"wp:featuredmedia":[{"embeddable":true,"href":"https:\/\/www.boxrepsol.com\/es\/wp-json\/wp\/v2\/media\/86447"}],"wp:attachment":[{"href":"https:\/\/www.boxrepsol.com\/es\/wp-json\/wp\/v2\/media?parent=90185"}],"wp:term":[{"taxonomy":"category","embeddable":true,"href":"https:\/\/www.boxrepsol.com\/es\/wp-json\/wp\/v2\/categories?post=90185"},{"taxonomy":"post_tag","embeddable":true,"href":"https:\/\/www.boxrepsol.com\/es\/wp-json\/wp\/v2\/tags?post=90185"}],"curies":[{"name":"wp","href":"https:\/\/api.w.org\/{rel}","templated":true}]}}