{"id":90184,"date":"2017-05-05T00:00:00","date_gmt":"2017-05-05T02:00:00","guid":{"rendered":"http:\/\/pre.boxrepsol.com\/sin-categorizar\/pedrosa-toma-la-iniciativa-en-jerez\/"},"modified":"2024-10-16T10:57:20","modified_gmt":"2024-10-16T12:57:20","slug":"pedrosa-toma-la-iniciativa-en-jerez","status":"publish","type":"post","link":"https:\/\/www.boxrepsol.com\/es\/motogp\/pedrosa-toma-la-iniciativa-en-jerez\/","title":{"rendered":"Dani Pedrosa toma la iniciativa en Jerez"},"content":{"rendered":"<blockquote><p>Hoy hemos tenido un buen d\u00eda en Jerez, ha sido positivo<\/p>\n<p><a href=\"http:\/\/twitter.com\/share?text=Hoy+hemos+tenido+un+buen+d%C3%ADa+en+Jerez%2C+ha+sido+positivo&amp;url=https%3A%2F%2Fwww.boxrepsol.com%2Fes%2Fmotogp%2Fdani-pedrosa-toma-la-iniciativa-jerez%2F&amp;hashtags=\" target=\"_blank\" rel=\"noopener\"><br \/>\ntwittear <\/a><\/p>\n<footer>Dani Pedrosa<\/footer>\n<\/blockquote>\n<p>El <a href=\"https:\/\/www.boxrepsol.com\/es\/motogp\/jerez-mucho-mas-la-capital-mundial-del-motociclismo\/\">Gran Premio de Espa\u00f1a<\/a>\u00a0se ha estrenado con el <strong>primer entrenamiento libre<\/strong> bajo la lluvia y Dani Pedrosa siendo el m\u00e1s r\u00e1pido.<\/p>\n<p>Quinto mejor tiempo para Marc M\u00e1rquez en el FP1, a tres d\u00e9cimas de su compa\u00f1ero en el equipo Repsol Honda.<\/p>\n<p>Dani Pedrosa ha vuelto a mostrarse entre los m\u00e1s r\u00e1pidos en Jerez y consistentes de un FP2 celebrado en seco, <strong>marcando el mejor tiempo<\/strong> \u2013con el neum\u00e1tico blando trasero\u2013.<\/p>\n<p>El vigente Campe\u00f3n del Mundo ha sido decimocuarto en el FP2, montando el compuesto intermedio trasero.<\/p>\n<h3>Dani Pedrosa<\/h3>\n<blockquote><p>Hoy hemos tenido un buen d\u00eda; ha sido positivo tanto en mojado como en seco. Hemos intentado trabajar todo lo posible, incluso a pesar de que las condiciones de la pista han cambiado mucho durante el d\u00eda. Por la tarde, todav\u00eda quedaban algunas zonas h\u00famedas, pero he intentado ser lo m\u00e1s r\u00e1pido posible, porque era importante encontrar un buen ritmo. Ten\u00edamos dos configuraciones distintas para la moto y hemos podido probar ambas, as\u00ed que ma\u00f1ana podremos concentrarnos en escoger el mejor neum\u00e1tico. Seguramente la temperatura suba mucho en Jerez, as\u00ed que nos concentraremos en eso y en mejorar un poco m\u00e1s las sensaciones con la moto, aunque hoy ya eran muy buenas.<\/p><\/blockquote>\n<h3>Marc M\u00e1rquez<\/h3>\n<blockquote><p>Hoy nos hemos concentrado especialmente en trabajar pensando en la carrera. Est\u00e1 claro que, si miras la posici\u00f3n, estamos lejos, pero en realidad ya hay muchas cosas positivas que podemos tener en cuenta. Esta tarde hemos dedicado la sesi\u00f3n a rodar todo el tiempo con los mismos neum\u00e1ticos y al final hemos decidido no intentar una vuelta r\u00e1pida, porque est\u00e1bamos probando dos configuraciones distintas y era importante decidirse por una de ellas. Hemos escogido una que ten\u00eda muchos aspectos positivos y algunos que queremos mejorar, as\u00ed que ma\u00f1ana buscaremos el mejor compromiso para el domingo.<\/p><\/blockquote>\n","protected":false},"excerpt":{"rendered":"<p>El piloto del equipo Repsol Honda es el m\u00e1s r\u00e1pido en las dos sesiones de un primer d\u00eda  en el que M\u00e1rquez ha terminado decimocuarto.<\/p>\n","protected":false},"author":43146,"featured_media":86445,"comment_status":"open","ping_status":"open","sticky":false,"template":"","format":"standard","meta":{"footnotes":""},"categories":[4],"tags":[154],"class_list":["post-90184","post","type-post","status-publish","format-standard","hentry","category-motogp","tag-motogp-espana"],"yoast_head":"<!-- This site is optimized with the Yoast SEO plugin v27.3 - https:\/\/yoast.com\/product\/yoast-seo-wordpress\/ -->\n<title>Dani Pedrosa toma la iniciativa en Jerez - Box Repsol<\/title>\n<meta name=\"description\" content=\"El piloto del equipo Repsol Honda es el m\u00e1s r\u00e1pido en las dos sesiones de un primer d\u00eda en Jerez en el que M\u00e1rquez ha terminado decimocuarto.\" \/>\n<link rel=\"canonical\" href=\"https:\/\/www.boxrepsol.com\/es\/motogp\/pedrosa-toma-la-iniciativa-en-jerez\/\" \/>\n<meta property=\"og:locale\" content=\"es_ES\" \/>\n<meta property=\"og:type\" content=\"article\" \/>\n<meta property=\"og:title\" content=\"Dani Pedrosa toma la iniciativa en Jerez - Box Repsol\" \/>\n<meta property=\"og:description\" content=\"El piloto del equipo Repsol Honda es el m\u00e1s r\u00e1pido en las dos sesiones de un primer d\u00eda en Jerez en el que M\u00e1rquez ha terminado decimocuarto.\" \/>\n<meta property=\"og:url\" content=\"https:\/\/www.boxrepsol.com\/es\/motogp\/pedrosa-toma-la-iniciativa-en-jerez\/\" \/>\n<meta property=\"og:site_name\" content=\"Box Repsol\" \/>\n<meta property=\"article:publisher\" content=\"https:\/\/www.facebook.com\/BoxRepsol\" \/>\n<meta property=\"article:author\" content=\"https:\/\/www.facebook.com\/BoxRepsol\/\" \/>\n<meta property=\"article:published_time\" content=\"2017-05-05T02:00:00+00:00\" \/>\n<meta property=\"article:modified_time\" content=\"2024-10-16T12:57:20+00:00\" \/>\n<meta property=\"og:image\" content=\"https:\/\/www.boxrepsol.com\/wp-content\/uploads\/2022\/08\/Dani-Pedrosa-en-Jerez-2017.jpg\" \/>\n\t<meta property=\"og:image:width\" content=\"995\" \/>\n\t<meta property=\"og:image:height\" content=\"560\" \/>\n\t<meta property=\"og:image:type\" content=\"image\/jpeg\" \/>\n<meta name=\"author\" content=\"Redacci\u00f3n Box Repsol\" \/>\n<meta name=\"twitter:card\" content=\"summary_large_image\" \/>\n<meta name=\"twitter:creator\" content=\"@https:\/\/twitter.com\/box_repsol\" \/>\n<meta name=\"twitter:site\" content=\"@box_repsol\" \/>\n<meta name=\"twitter:label1\" content=\"Written by\" \/>\n\t<meta name=\"twitter:data1\" content=\"Redacci\u00f3n Box Repsol\" \/>\n\t<meta name=\"twitter:label2\" content=\"Est. reading time\" \/>\n\t<meta name=\"twitter:data2\" content=\"2 minutos\" \/>\n<script type=\"application\/ld+json\" class=\"yoast-schema-graph\">{\"@context\":\"https:\\\/\\\/schema.org\",\"@graph\":[{\"@type\":\"Article\",\"@id\":\"https:\\\/\\\/www.boxrepsol.com\\\/es\\\/motogp\\\/pedrosa-toma-la-iniciativa-en-jerez\\\/#article\",\"isPartOf\":{\"@id\":\"https:\\\/\\\/www.boxrepsol.com\\\/es\\\/motogp\\\/pedrosa-toma-la-iniciativa-en-jerez\\\/\"},\"author\":{\"name\":\"Redacci\u00f3n Box Repsol\",\"@id\":\"https:\\\/\\\/www.boxrepsol.com\\\/es\\\/#\\\/schema\\\/person\\\/c5c2138f2cca251b0ad92b7086bb60b7\"},\"headline\":\"Dani Pedrosa toma la iniciativa en Jerez\",\"datePublished\":\"2017-05-05T02:00:00+00:00\",\"dateModified\":\"2024-10-16T12:57:20+00:00\",\"mainEntityOfPage\":{\"@id\":\"https:\\\/\\\/www.boxrepsol.com\\\/es\\\/motogp\\\/pedrosa-toma-la-iniciativa-en-jerez\\\/\"},\"wordCount\":349,\"commentCount\":0,\"publisher\":{\"@id\":\"https:\\\/\\\/www.boxrepsol.com\\\/es\\\/#organization\"},\"image\":{\"@id\":\"https:\\\/\\\/www.boxrepsol.com\\\/es\\\/motogp\\\/pedrosa-toma-la-iniciativa-en-jerez\\\/#primaryimage\"},\"thumbnailUrl\":\"https:\\\/\\\/www.boxrepsol.com\\\/wp-content\\\/uploads\\\/2022\\\/08\\\/Dani-Pedrosa-en-Jerez-2017.jpg\",\"keywords\":[\"MotoGP Espa\u00f1a\"],\"articleSection\":[\"MotoGP\"],\"inLanguage\":\"es\",\"potentialAction\":[{\"@type\":\"CommentAction\",\"name\":\"Comment\",\"target\":[\"https:\\\/\\\/www.boxrepsol.com\\\/es\\\/motogp\\\/pedrosa-toma-la-iniciativa-en-jerez\\\/#respond\"]}]},{\"@type\":\"WebPage\",\"@id\":\"https:\\\/\\\/www.boxrepsol.com\\\/es\\\/motogp\\\/pedrosa-toma-la-iniciativa-en-jerez\\\/\",\"url\":\"https:\\\/\\\/www.boxrepsol.com\\\/es\\\/motogp\\\/pedrosa-toma-la-iniciativa-en-jerez\\\/\",\"name\":\"Dani Pedrosa toma la iniciativa en Jerez - Box Repsol\",\"isPartOf\":{\"@id\":\"https:\\\/\\\/www.boxrepsol.com\\\/es\\\/#website\"},\"primaryImageOfPage\":{\"@id\":\"https:\\\/\\\/www.boxrepsol.com\\\/es\\\/motogp\\\/pedrosa-toma-la-iniciativa-en-jerez\\\/#primaryimage\"},\"image\":{\"@id\":\"https:\\\/\\\/www.boxrepsol.com\\\/es\\\/motogp\\\/pedrosa-toma-la-iniciativa-en-jerez\\\/#primaryimage\"},\"thumbnailUrl\":\"https:\\\/\\\/www.boxrepsol.com\\\/wp-content\\\/uploads\\\/2022\\\/08\\\/Dani-Pedrosa-en-Jerez-2017.jpg\",\"datePublished\":\"2017-05-05T02:00:00+00:00\",\"dateModified\":\"2024-10-16T12:57:20+00:00\",\"description\":\"El piloto del equipo Repsol Honda es el m\u00e1s r\u00e1pido en las dos sesiones de un primer d\u00eda en Jerez en el que M\u00e1rquez ha terminado decimocuarto.\",\"breadcrumb\":{\"@id\":\"https:\\\/\\\/www.boxrepsol.com\\\/es\\\/motogp\\\/pedrosa-toma-la-iniciativa-en-jerez\\\/#breadcrumb\"},\"inLanguage\":\"es\",\"potentialAction\":[{\"@type\":\"ReadAction\",\"target\":[\"https:\\\/\\\/www.boxrepsol.com\\\/es\\\/motogp\\\/pedrosa-toma-la-iniciativa-en-jerez\\\/\"]}]},{\"@type\":\"ImageObject\",\"inLanguage\":\"es\",\"@id\":\"https:\\\/\\\/www.boxrepsol.com\\\/es\\\/motogp\\\/pedrosa-toma-la-iniciativa-en-jerez\\\/#primaryimage\",\"url\":\"https:\\\/\\\/www.boxrepsol.com\\\/wp-content\\\/uploads\\\/2022\\\/08\\\/Dani-Pedrosa-en-Jerez-2017.jpg\",\"contentUrl\":\"https:\\\/\\\/www.boxrepsol.com\\\/wp-content\\\/uploads\\\/2022\\\/08\\\/Dani-Pedrosa-en-Jerez-2017.jpg\",\"width\":995,\"height\":560,\"caption\":\"Jerez, GP de Espa\u00f1a, Dani Pedrosa, MotoGP, motorcycling\"},{\"@type\":\"BreadcrumbList\",\"@id\":\"https:\\\/\\\/www.boxrepsol.com\\\/es\\\/motogp\\\/pedrosa-toma-la-iniciativa-en-jerez\\\/#breadcrumb\",\"itemListElement\":[{\"@type\":\"ListItem\",\"position\":1,\"name\":\"Home\",\"item\":\"https:\\\/\\\/www.boxrepsol.com\\\/es\\\/\"},{\"@type\":\"ListItem\",\"position\":2,\"name\":\"Dani Pedrosa toma la iniciativa en Jerez\"}]},{\"@type\":\"WebSite\",\"@id\":\"https:\\\/\\\/www.boxrepsol.com\\\/es\\\/#website\",\"url\":\"https:\\\/\\\/www.boxrepsol.com\\\/es\\\/\",\"name\":\"Box Repsol\",\"description\":\"Box Repsol Site\",\"publisher\":{\"@id\":\"https:\\\/\\\/www.boxrepsol.com\\\/es\\\/#organization\"},\"potentialAction\":[{\"@type\":\"SearchAction\",\"target\":{\"@type\":\"EntryPoint\",\"urlTemplate\":\"https:\\\/\\\/www.boxrepsol.com\\\/es\\\/?s={search_term_string}\"},\"query-input\":{\"@type\":\"PropertyValueSpecification\",\"valueRequired\":true,\"valueName\":\"search_term_string\"}}],\"inLanguage\":\"es\"},{\"@type\":\"Organization\",\"@id\":\"https:\\\/\\\/www.boxrepsol.com\\\/es\\\/#organization\",\"name\":\"Box Repsol\",\"url\":\"https:\\\/\\\/www.boxrepsol.com\\\/es\\\/\",\"logo\":{\"@type\":\"ImageObject\",\"inLanguage\":\"es\",\"@id\":\"https:\\\/\\\/www.boxrepsol.com\\\/es\\\/#\\\/schema\\\/logo\\\/image\\\/\",\"url\":\"https:\\\/\\\/bxrepsol.s3.eu-west-1.amazonaws.com\\\/static\\\/2025\\\/07\\\/30083337\\\/favicon-96x96-1.png\",\"contentUrl\":\"https:\\\/\\\/bxrepsol.s3.eu-west-1.amazonaws.com\\\/static\\\/2025\\\/07\\\/30083337\\\/favicon-96x96-1.png\",\"width\":96,\"height\":96,\"caption\":\"Box Repsol\"},\"image\":{\"@id\":\"https:\\\/\\\/www.boxrepsol.com\\\/es\\\/#\\\/schema\\\/logo\\\/image\\\/\"},\"sameAs\":[\"https:\\\/\\\/www.facebook.com\\\/BoxRepsol\",\"https:\\\/\\\/x.com\\\/box_repsol\",\"http:\\\/\\\/instagram.com\\\/box_repsol\",\"https:\\\/\\\/www.youtube.com\\\/user\\\/RepsolCompeticion\",\"https:\\\/\\\/www.flickr.com\\\/photos\\\/box_repsol\\\/\"]},{\"@type\":\"Person\",\"@id\":\"https:\\\/\\\/www.boxrepsol.com\\\/es\\\/#\\\/schema\\\/person\\\/c5c2138f2cca251b0ad92b7086bb60b7\",\"name\":\"Redacci\u00f3n Box Repsol\",\"image\":{\"@type\":\"ImageObject\",\"inLanguage\":\"es\",\"@id\":\"https:\\\/\\\/secure.gravatar.com\\\/avatar\\\/adf7b77e38b4419baf32c7e9c21dde01f4e40df611f0978e3006fc4ba0aaab7e?s=96&d=mm&r=g\",\"url\":\"https:\\\/\\\/secure.gravatar.com\\\/avatar\\\/adf7b77e38b4419baf32c7e9c21dde01f4e40df611f0978e3006fc4ba0aaab7e?s=96&d=mm&r=g\",\"contentUrl\":\"https:\\\/\\\/secure.gravatar.com\\\/avatar\\\/adf7b77e38b4419baf32c7e9c21dde01f4e40df611f0978e3006fc4ba0aaab7e?s=96&d=mm&r=g\",\"caption\":\"Redacci\u00f3n Box Repsol\"},\"description\":\"Box Repsol lo forma un equipo de periodistas, community managers, dise\u00f1adores y fot\u00f3grafos con m\u00e1s de 20 a\u00f1os de experiencia en el mundo del motorsport. Hemos vivido el primer mundial de un espa\u00f1ol en la categor\u00eda reina de motociclismo con \u00c1lex Crivill\u00e9, estuvimos en las victorias de Pedrosa y los t\u00edtulos de M\u00e1rquez, acompa\u00f1amos en \u00c1frica a Nani Roma y Marc Coma en sus conquistas del Dakar y hemos vibrado con los t\u00edtulos de Toni Bou en Trial. Adem\u00e1s, en nuestro equipo contamos con expertos en el mundo de las dos y cuatro ruedas tanto de la calle y las carreteras, como de los circuitos. Periodistas que han trabajado en revistas y publicaciones para hacerte llegar desde rutas y consejos de mantenimiento, a curiosidades y trucos de pilotaje.\",\"sameAs\":[\"https:\\\/\\\/www.facebook.com\\\/BoxRepsol\\\/\",\"https:\\\/\\\/www.instagram.com\\\/box_repsol\\\/\",\"https:\\\/\\\/x.com\\\/https:\\\/\\\/twitter.com\\\/box_repsol\",\"https:\\\/\\\/www.youtube.com\\\/@Boxrepsol\"],\"url\":\"https:\\\/\\\/www.boxrepsol.com\\\/es\\\/author\\\/redaccion-box-repsol\\\/\"}]}<\/script>\n<!-- \/ Yoast SEO plugin. -->","yoast_head_json":{"title":"Dani Pedrosa toma la iniciativa en Jerez - Box Repsol","description":"El piloto del equipo Repsol Honda es el m\u00e1s r\u00e1pido en las dos sesiones de un primer d\u00eda en Jerez en el que M\u00e1rquez ha terminado decimocuarto.","canonical":"https:\/\/www.boxrepsol.com\/es\/motogp\/pedrosa-toma-la-iniciativa-en-jerez\/","og_locale":"es_ES","og_type":"article","og_title":"Dani Pedrosa toma la iniciativa en Jerez - Box Repsol","og_description":"El piloto del equipo Repsol Honda es el m\u00e1s r\u00e1pido en las dos sesiones de un primer d\u00eda en Jerez en el que M\u00e1rquez ha terminado decimocuarto.","og_url":"https:\/\/www.boxrepsol.com\/es\/motogp\/pedrosa-toma-la-iniciativa-en-jerez\/","og_site_name":"Box Repsol","article_publisher":"https:\/\/www.facebook.com\/BoxRepsol","article_author":"https:\/\/www.facebook.com\/BoxRepsol\/","article_published_time":"2017-05-05T02:00:00+00:00","article_modified_time":"2024-10-16T12:57:20+00:00","og_image":[{"width":995,"height":560,"url":"https:\/\/www.boxrepsol.com\/wp-content\/uploads\/2022\/08\/Dani-Pedrosa-en-Jerez-2017.jpg","type":"image\/jpeg"}],"author":"Redacci\u00f3n Box Repsol","twitter_card":"summary_large_image","twitter_creator":"@https:\/\/twitter.com\/box_repsol","twitter_site":"@box_repsol","twitter_misc":{"Written by":"Redacci\u00f3n Box Repsol","Est. reading time":"2 minutos"},"schema":{"@context":"https:\/\/schema.org","@graph":[{"@type":"Article","@id":"https:\/\/www.boxrepsol.com\/es\/motogp\/pedrosa-toma-la-iniciativa-en-jerez\/#article","isPartOf":{"@id":"https:\/\/www.boxrepsol.com\/es\/motogp\/pedrosa-toma-la-iniciativa-en-jerez\/"},"author":{"name":"Redacci\u00f3n Box Repsol","@id":"https:\/\/www.boxrepsol.com\/es\/#\/schema\/person\/c5c2138f2cca251b0ad92b7086bb60b7"},"headline":"Dani Pedrosa toma la iniciativa en Jerez","datePublished":"2017-05-05T02:00:00+00:00","dateModified":"2024-10-16T12:57:20+00:00","mainEntityOfPage":{"@id":"https:\/\/www.boxrepsol.com\/es\/motogp\/pedrosa-toma-la-iniciativa-en-jerez\/"},"wordCount":349,"commentCount":0,"publisher":{"@id":"https:\/\/www.boxrepsol.com\/es\/#organization"},"image":{"@id":"https:\/\/www.boxrepsol.com\/es\/motogp\/pedrosa-toma-la-iniciativa-en-jerez\/#primaryimage"},"thumbnailUrl":"https:\/\/www.boxrepsol.com\/wp-content\/uploads\/2022\/08\/Dani-Pedrosa-en-Jerez-2017.jpg","keywords":["MotoGP Espa\u00f1a"],"articleSection":["MotoGP"],"inLanguage":"es","potentialAction":[{"@type":"CommentAction","name":"Comment","target":["https:\/\/www.boxrepsol.com\/es\/motogp\/pedrosa-toma-la-iniciativa-en-jerez\/#respond"]}]},{"@type":"WebPage","@id":"https:\/\/www.boxrepsol.com\/es\/motogp\/pedrosa-toma-la-iniciativa-en-jerez\/","url":"https:\/\/www.boxrepsol.com\/es\/motogp\/pedrosa-toma-la-iniciativa-en-jerez\/","name":"Dani Pedrosa toma la iniciativa en Jerez - Box Repsol","isPartOf":{"@id":"https:\/\/www.boxrepsol.com\/es\/#website"},"primaryImageOfPage":{"@id":"https:\/\/www.boxrepsol.com\/es\/motogp\/pedrosa-toma-la-iniciativa-en-jerez\/#primaryimage"},"image":{"@id":"https:\/\/www.boxrepsol.com\/es\/motogp\/pedrosa-toma-la-iniciativa-en-jerez\/#primaryimage"},"thumbnailUrl":"https:\/\/www.boxrepsol.com\/wp-content\/uploads\/2022\/08\/Dani-Pedrosa-en-Jerez-2017.jpg","datePublished":"2017-05-05T02:00:00+00:00","dateModified":"2024-10-16T12:57:20+00:00","description":"El piloto del equipo Repsol Honda es el m\u00e1s r\u00e1pido en las dos sesiones de un primer d\u00eda en Jerez en el que M\u00e1rquez ha terminado decimocuarto.","breadcrumb":{"@id":"https:\/\/www.boxrepsol.com\/es\/motogp\/pedrosa-toma-la-iniciativa-en-jerez\/#breadcrumb"},"inLanguage":"es","potentialAction":[{"@type":"ReadAction","target":["https:\/\/www.boxrepsol.com\/es\/motogp\/pedrosa-toma-la-iniciativa-en-jerez\/"]}]},{"@type":"ImageObject","inLanguage":"es","@id":"https:\/\/www.boxrepsol.com\/es\/motogp\/pedrosa-toma-la-iniciativa-en-jerez\/#primaryimage","url":"https:\/\/www.boxrepsol.com\/wp-content\/uploads\/2022\/08\/Dani-Pedrosa-en-Jerez-2017.jpg","contentUrl":"https:\/\/www.boxrepsol.com\/wp-content\/uploads\/2022\/08\/Dani-Pedrosa-en-Jerez-2017.jpg","width":995,"height":560,"caption":"Jerez, GP de Espa\u00f1a, Dani Pedrosa, MotoGP, motorcycling"},{"@type":"BreadcrumbList","@id":"https:\/\/www.boxrepsol.com\/es\/motogp\/pedrosa-toma-la-iniciativa-en-jerez\/#breadcrumb","itemListElement":[{"@type":"ListItem","position":1,"name":"Home","item":"https:\/\/www.boxrepsol.com\/es\/"},{"@type":"ListItem","position":2,"name":"Dani Pedrosa toma la iniciativa en Jerez"}]},{"@type":"WebSite","@id":"https:\/\/www.boxrepsol.com\/es\/#website","url":"https:\/\/www.boxrepsol.com\/es\/","name":"Box Repsol","description":"Box Repsol Site","publisher":{"@id":"https:\/\/www.boxrepsol.com\/es\/#organization"},"potentialAction":[{"@type":"SearchAction","target":{"@type":"EntryPoint","urlTemplate":"https:\/\/www.boxrepsol.com\/es\/?s={search_term_string}"},"query-input":{"@type":"PropertyValueSpecification","valueRequired":true,"valueName":"search_term_string"}}],"inLanguage":"es"},{"@type":"Organization","@id":"https:\/\/www.boxrepsol.com\/es\/#organization","name":"Box Repsol","url":"https:\/\/www.boxrepsol.com\/es\/","logo":{"@type":"ImageObject","inLanguage":"es","@id":"https:\/\/www.boxrepsol.com\/es\/#\/schema\/logo\/image\/","url":"https:\/\/bxrepsol.s3.eu-west-1.amazonaws.com\/static\/2025\/07\/30083337\/favicon-96x96-1.png","contentUrl":"https:\/\/bxrepsol.s3.eu-west-1.amazonaws.com\/static\/2025\/07\/30083337\/favicon-96x96-1.png","width":96,"height":96,"caption":"Box Repsol"},"image":{"@id":"https:\/\/www.boxrepsol.com\/es\/#\/schema\/logo\/image\/"},"sameAs":["https:\/\/www.facebook.com\/BoxRepsol","https:\/\/x.com\/box_repsol","http:\/\/instagram.com\/box_repsol","https:\/\/www.youtube.com\/user\/RepsolCompeticion","https:\/\/www.flickr.com\/photos\/box_repsol\/"]},{"@type":"Person","@id":"https:\/\/www.boxrepsol.com\/es\/#\/schema\/person\/c5c2138f2cca251b0ad92b7086bb60b7","name":"Redacci\u00f3n Box Repsol","image":{"@type":"ImageObject","inLanguage":"es","@id":"https:\/\/secure.gravatar.com\/avatar\/adf7b77e38b4419baf32c7e9c21dde01f4e40df611f0978e3006fc4ba0aaab7e?s=96&d=mm&r=g","url":"https:\/\/secure.gravatar.com\/avatar\/adf7b77e38b4419baf32c7e9c21dde01f4e40df611f0978e3006fc4ba0aaab7e?s=96&d=mm&r=g","contentUrl":"https:\/\/secure.gravatar.com\/avatar\/adf7b77e38b4419baf32c7e9c21dde01f4e40df611f0978e3006fc4ba0aaab7e?s=96&d=mm&r=g","caption":"Redacci\u00f3n Box Repsol"},"description":"Box Repsol lo forma un equipo de periodistas, community managers, dise\u00f1adores y fot\u00f3grafos con m\u00e1s de 20 a\u00f1os de experiencia en el mundo del motorsport. Hemos vivido el primer mundial de un espa\u00f1ol en la categor\u00eda reina de motociclismo con \u00c1lex Crivill\u00e9, estuvimos en las victorias de Pedrosa y los t\u00edtulos de M\u00e1rquez, acompa\u00f1amos en \u00c1frica a Nani Roma y Marc Coma en sus conquistas del Dakar y hemos vibrado con los t\u00edtulos de Toni Bou en Trial. Adem\u00e1s, en nuestro equipo contamos con expertos en el mundo de las dos y cuatro ruedas tanto de la calle y las carreteras, como de los circuitos. Periodistas que han trabajado en revistas y publicaciones para hacerte llegar desde rutas y consejos de mantenimiento, a curiosidades y trucos de pilotaje.","sameAs":["https:\/\/www.facebook.com\/BoxRepsol\/","https:\/\/www.instagram.com\/box_repsol\/","https:\/\/x.com\/https:\/\/twitter.com\/box_repsol","https:\/\/www.youtube.com\/@Boxrepsol"],"url":"https:\/\/www.boxrepsol.com\/es\/author\/redaccion-box-repsol\/"}]}},"_links":{"self":[{"href":"https:\/\/www.boxrepsol.com\/es\/wp-json\/wp\/v2\/posts\/90184","targetHints":{"allow":["GET"]}}],"collection":[{"href":"https:\/\/www.boxrepsol.com\/es\/wp-json\/wp\/v2\/posts"}],"about":[{"href":"https:\/\/www.boxrepsol.com\/es\/wp-json\/wp\/v2\/types\/post"}],"author":[{"embeddable":true,"href":"https:\/\/www.boxrepsol.com\/es\/wp-json\/wp\/v2\/users\/43146"}],"replies":[{"embeddable":true,"href":"https:\/\/www.boxrepsol.com\/es\/wp-json\/wp\/v2\/comments?post=90184"}],"version-history":[{"count":2,"href":"https:\/\/www.boxrepsol.com\/es\/wp-json\/wp\/v2\/posts\/90184\/revisions"}],"predecessor-version":[{"id":121163,"href":"https:\/\/www.boxrepsol.com\/es\/wp-json\/wp\/v2\/posts\/90184\/revisions\/121163"}],"wp:featuredmedia":[{"embeddable":true,"href":"https:\/\/www.boxrepsol.com\/es\/wp-json\/wp\/v2\/media\/86445"}],"wp:attachment":[{"href":"https:\/\/www.boxrepsol.com\/es\/wp-json\/wp\/v2\/media?parent=90184"}],"wp:term":[{"taxonomy":"category","embeddable":true,"href":"https:\/\/www.boxrepsol.com\/es\/wp-json\/wp\/v2\/categories?post=90184"},{"taxonomy":"post_tag","embeddable":true,"href":"https:\/\/www.boxrepsol.com\/es\/wp-json\/wp\/v2\/tags?post=90184"}],"curies":[{"name":"wp","href":"https:\/\/api.w.org\/{rel}","templated":true}]}}