{"id":90178,"date":"2021-04-28T00:00:00","date_gmt":"2021-04-28T02:00:00","guid":{"rendered":"http:\/\/pre.boxrepsol.com\/sin-categorizar\/jerez-mucho-mas-la-capital-mundial-del-motociclismo\/"},"modified":"2024-04-12T16:27:32","modified_gmt":"2024-04-12T18:27:32","slug":"jerez-mucho-mas-la-capital-mundial-del-motociclismo","status":"publish","type":"post","link":"https:\/\/www.boxrepsol.com\/es\/motogp\/jerez-mucho-mas-la-capital-mundial-del-motociclismo\/","title":{"rendered":"Circuito de Jerez, mucho m\u00e1s que la capital mundial del motociclismo"},"content":{"rendered":"\n<p>Antes de la construcci\u00f3n del circuito, en Jerez se celebraba el Premio Internacional Nuestra Se\u00f1ora de la Merced, una serie de<strong> carreras urbanas<\/strong> disputadas en una zona de <strong>pol\u00edgonos industriales<\/strong> que empezaron en 1958.<\/p>\n\n\n\n<p>El circuito de Jerez lleva 35 a\u00f1os seguidos en el Mundial de Motociclismo, desde 1987.<\/p>\n\n\n\n<p>En 1992 instal\u00f3 las primeras<em> <a href=\"https:\/\/www.boxrepsol.com\/es\/motogp\/los-elementos-salvan-vidas-circuito\/\">air fence<\/a>,<\/em> lo que convirti\u00f3 al circuito jerezano en pionero en el uso de este sistema de seguridad en el Mundial.<\/p>\n\n\n\n<p>La plataforma VIP conocida como el OVNI tiene una superficie \u00fatil de 530m<sup>2<\/sup> y una capacidad para 120 personas en su interior. Se construy\u00f3 en 2002, completando una remodelaci\u00f3n de los boxes y el pit lane. Desde entonces es uno de los elementos m\u00e1s caracter\u00edsticos del circuito.<\/p>\n\n\n\n<p>Los amantes del motociclismo pueden <strong>contraer matrimonio<\/strong> en las instalaciones del Circuito de Jerez. En junio de 2014, se celebr\u00f3 la primera boda civil, en la l\u00ednea de meta, justo debajo del OVNI.<\/p>\n\n\n\n<p><strong>Alberto Puig<\/strong> <strong>fue el primer espa\u00f1ol en ganar en la m\u00e1xima categor\u00eda en Jerez<\/strong>, en la octava carrera que se disput\u00f3 en este circuito, el a\u00f1o 1995. \u00c1lex Crivill\u00e9 ya hab\u00eda ganado, en 125cc, en 1989.<\/p>\n\n\n\n<p>Siempre ha estado entre los 4 primeros Grandes Premios de la temporada, siendo la cita inaugural en 2005 y 2006.<\/p>\n\n\n\n<figure class=\"wp-block-image size-large\"><img loading=\"lazy\" decoding=\"async\" width=\"1024\" height=\"576\" src=\"https:\/\/bxrepsol.s3.eu-west-1.amazonaws.com\/static\/2022\/08\/09105353\/GP-de-Andalucia-MotoGP-08-1024x576.jpg\" alt=\"\" class=\"wp-image-40518\" srcset=\"https:\/\/bxrepsol.s3.eu-west-1.amazonaws.com\/static\/2022\/08\/09105353\/GP-de-Andalucia-MotoGP-08-1024x576.jpg 1024w, https:\/\/bxrepsol.s3.eu-west-1.amazonaws.com\/static\/2022\/08\/09105353\/GP-de-Andalucia-MotoGP-08-300x169.jpg 300w, https:\/\/bxrepsol.s3.eu-west-1.amazonaws.com\/static\/2022\/08\/09105353\/GP-de-Andalucia-MotoGP-08-768x432.jpg 768w, https:\/\/bxrepsol.s3.eu-west-1.amazonaws.com\/static\/2022\/08\/09105353\/GP-de-Andalucia-MotoGP-08.jpg 1280w\" sizes=\"auto, (max-width: 1024px) 100vw, 1024px\" \/><\/figure>\n\n\n\n<p>En&nbsp; 1988 se llam\u00f3 Gran Premio Expo 92, en homenaje a la Exposici\u00f3n Universal de 1992, que se celebr\u00f3 en Sevilla. Ese a\u00f1o el GP de Espa\u00f1a se disput\u00f3 en Jarama, y el Circuito de Jerez acogi\u00f3 el GP de Portugal,&nbsp; a pesar de estar a 134 kil\u00f3metros en l\u00ednea recta de la frontera con este pa\u00eds.<\/p>\n\n\n\n<p><strong>Hist\u00f3ricamente se disputaba durante el puente del 1 de mayo<\/strong>, hecho que permit\u00eda que muchos aficionados al motor se desplazaran con sus motos desde el resto de Espa\u00f1a y se produjeran im\u00e1genes impactantes por la<strong> masiva afluencia de moteros<\/strong>. Ahora, pese a celebrarse un poco m\u00e1s tarde, el ambiente sigue siendo espectacular.<\/p>\n\n\n\n<p>La torre de autoridades tambi\u00e9n es un icono del circuito. Tiene 30 metros de altura y est\u00e1 coronada con una figura de la marca de vinos T\u00edo Pepe, que mide 8 metros de altura.<\/p>\n\n\n\n<p>En 2016, coincidiendo con los 30 a\u00f1os de la construcci\u00f3n de la torre, el Circuito de Jerez, junto con las bodegas T\u00edo Pepe, lanzaron un concurso p\u00fablico destinado a arquitectos de toda Espa\u00f1a para su remodelaci\u00f3n.<\/p>\n\n\n\n<figure class=\"wp-block-image\"><img decoding=\"async\" src=\"https:\/\/bxrepsol.s3.eu-west-1.amazonaws.com\/static\/2022\/08\/29051236\/circuito-jerez-sin-publico.jpg\" alt=\"\"\/><\/figure>\n\n\n\n<p>La ciudad de Jerez de la Frontera le da nombre al vino Jerez, una denominaci\u00f3n de origen con gran variedad de caldos que se producen en el territorio llamado \u201cMarco de Jerez\u201d, en las provincias de C\u00e1diz y Sevilla.<\/p>\n\n\n\n<p>Jerez est\u00e1 considerada como la <strong>cuna del arte flamenco<\/strong>.<\/p>\n\n\n\n<p>Se le llama Jerez de la Frontera porque en la antig\u00fcedad estaba en el territorio fronterizo entre el Reino nazar\u00ed de Granada y la Corona de Castilla.<\/p>\n\n\n\n<p>En Jerez se origin\u00f3 una raza de perros, el ratonero bodeguero andaluz, que se utilizaba para controlar la presencia de ratones en las bodegas de vino de Jerez.<\/p>\n\n\n\n<p>Tambi\u00e9n se origin\u00f3 una raza de caballo, el caballo cartujano, una de las l\u00edneas de cr\u00eda m\u00e1s antiguas del caballo pura raza espa\u00f1ola.<\/p>\n\n\n\n<p>El casco antiguo de Jerez est\u00e1 considerado <strong>Conjunto Monumental Hist\u00f3rico-Art\u00edstico<\/strong>.<\/p>\n\n\n\n<p>Jerez es la ciudad <strong>m\u00e1s poblada<\/strong> de la provincia de <strong>C\u00e1diz<\/strong> y la quinta de Andaluc\u00eda.<\/p>\n","protected":false},"excerpt":{"rendered":"<p>El circuito andaluz cumple 35 a\u00f1os como prueba mundialista, 33 de ellos como la primera carrera en Europa, lo que le da a este trazado una atm\u00f3sfera especial y distinta al resto.<\/p>\n","protected":false},"author":43146,"featured_media":86423,"comment_status":"open","ping_status":"open","sticky":false,"template":"","format":"standard","meta":{"footnotes":""},"categories":[4],"tags":[154],"class_list":["post-90178","post","type-post","status-publish","format-standard","hentry","category-motogp","tag-motogp-espana"],"yoast_head":"<!-- This site is optimized with the Yoast SEO plugin v27.3 - https:\/\/yoast.com\/product\/yoast-seo-wordpress\/ -->\n<title>Circuito de Jerez, mucho m\u00e1s que la capital mundial del motociclismo - Box Repsol<\/title>\n<meta name=\"description\" content=\"El circuito andaluz cumple 35 a\u00f1os como prueba mundialista, 33 de ellos como la primera carrera en Europa...\" \/>\n<link rel=\"canonical\" href=\"https:\/\/www.boxrepsol.com\/es\/motogp\/jerez-mucho-mas-la-capital-mundial-del-motociclismo\/\" \/>\n<meta property=\"og:locale\" content=\"es_ES\" \/>\n<meta property=\"og:type\" content=\"article\" \/>\n<meta property=\"og:title\" content=\"Circuito de Jerez, mucho m\u00e1s que la capital mundial del motociclismo - Box Repsol\" \/>\n<meta property=\"og:description\" content=\"El circuito andaluz cumple 35 a\u00f1os como prueba mundialista, 33 de ellos como la primera carrera en Europa...\" \/>\n<meta property=\"og:url\" content=\"https:\/\/www.boxrepsol.com\/es\/motogp\/jerez-mucho-mas-la-capital-mundial-del-motociclismo\/\" \/>\n<meta property=\"og:site_name\" content=\"Box Repsol\" \/>\n<meta property=\"article:publisher\" content=\"https:\/\/www.facebook.com\/BoxRepsol\" \/>\n<meta property=\"article:author\" content=\"https:\/\/www.facebook.com\/BoxRepsol\/\" \/>\n<meta property=\"article:published_time\" content=\"2021-04-28T02:00:00+00:00\" \/>\n<meta property=\"article:modified_time\" content=\"2024-04-12T18:27:32+00:00\" \/>\n<meta property=\"og:image\" content=\"https:\/\/www.boxrepsol.com\/wp-content\/uploads\/2022\/08\/00_jerez_motogp_rc213v_moto_repsol_honda_motociclismo_gp_espana.jpg\" \/>\n\t<meta property=\"og:image:width\" content=\"995\" \/>\n\t<meta property=\"og:image:height\" content=\"560\" \/>\n\t<meta property=\"og:image:type\" content=\"image\/jpeg\" \/>\n<meta name=\"author\" content=\"Redacci\u00f3n Box Repsol\" \/>\n<meta name=\"twitter:card\" content=\"summary_large_image\" \/>\n<meta name=\"twitter:creator\" content=\"@https:\/\/twitter.com\/box_repsol\" \/>\n<meta name=\"twitter:site\" content=\"@box_repsol\" \/>\n<meta name=\"twitter:label1\" content=\"Written by\" \/>\n\t<meta name=\"twitter:data1\" content=\"Redacci\u00f3n Box Repsol\" \/>\n\t<meta name=\"twitter:label2\" content=\"Est. reading time\" \/>\n\t<meta name=\"twitter:data2\" content=\"3 minutos\" \/>\n<script type=\"application\/ld+json\" class=\"yoast-schema-graph\">{\"@context\":\"https:\\\/\\\/schema.org\",\"@graph\":[{\"@type\":\"Article\",\"@id\":\"https:\\\/\\\/www.boxrepsol.com\\\/es\\\/motogp\\\/jerez-mucho-mas-la-capital-mundial-del-motociclismo\\\/#article\",\"isPartOf\":{\"@id\":\"https:\\\/\\\/www.boxrepsol.com\\\/es\\\/motogp\\\/jerez-mucho-mas-la-capital-mundial-del-motociclismo\\\/\"},\"author\":{\"name\":\"Redacci\u00f3n Box Repsol\",\"@id\":\"https:\\\/\\\/www.boxrepsol.com\\\/es\\\/#\\\/schema\\\/person\\\/c5c2138f2cca251b0ad92b7086bb60b7\"},\"headline\":\"Circuito de Jerez, mucho m\u00e1s que la capital mundial del motociclismo\",\"datePublished\":\"2021-04-28T02:00:00+00:00\",\"dateModified\":\"2024-04-12T18:27:32+00:00\",\"mainEntityOfPage\":{\"@id\":\"https:\\\/\\\/www.boxrepsol.com\\\/es\\\/motogp\\\/jerez-mucho-mas-la-capital-mundial-del-motociclismo\\\/\"},\"wordCount\":580,\"commentCount\":0,\"publisher\":{\"@id\":\"https:\\\/\\\/www.boxrepsol.com\\\/es\\\/#organization\"},\"image\":{\"@id\":\"https:\\\/\\\/www.boxrepsol.com\\\/es\\\/motogp\\\/jerez-mucho-mas-la-capital-mundial-del-motociclismo\\\/#primaryimage\"},\"thumbnailUrl\":\"https:\\\/\\\/www.boxrepsol.com\\\/wp-content\\\/uploads\\\/2022\\\/08\\\/00_jerez_motogp_rc213v_moto_repsol_honda_motociclismo_gp_espana.jpg\",\"keywords\":[\"MotoGP Espa\u00f1a\"],\"articleSection\":[\"MotoGP\"],\"inLanguage\":\"es\",\"potentialAction\":[{\"@type\":\"CommentAction\",\"name\":\"Comment\",\"target\":[\"https:\\\/\\\/www.boxrepsol.com\\\/es\\\/motogp\\\/jerez-mucho-mas-la-capital-mundial-del-motociclismo\\\/#respond\"]}]},{\"@type\":\"WebPage\",\"@id\":\"https:\\\/\\\/www.boxrepsol.com\\\/es\\\/motogp\\\/jerez-mucho-mas-la-capital-mundial-del-motociclismo\\\/\",\"url\":\"https:\\\/\\\/www.boxrepsol.com\\\/es\\\/motogp\\\/jerez-mucho-mas-la-capital-mundial-del-motociclismo\\\/\",\"name\":\"Circuito de Jerez, mucho m\u00e1s que la capital mundial del motociclismo - Box Repsol\",\"isPartOf\":{\"@id\":\"https:\\\/\\\/www.boxrepsol.com\\\/es\\\/#website\"},\"primaryImageOfPage\":{\"@id\":\"https:\\\/\\\/www.boxrepsol.com\\\/es\\\/motogp\\\/jerez-mucho-mas-la-capital-mundial-del-motociclismo\\\/#primaryimage\"},\"image\":{\"@id\":\"https:\\\/\\\/www.boxrepsol.com\\\/es\\\/motogp\\\/jerez-mucho-mas-la-capital-mundial-del-motociclismo\\\/#primaryimage\"},\"thumbnailUrl\":\"https:\\\/\\\/www.boxrepsol.com\\\/wp-content\\\/uploads\\\/2022\\\/08\\\/00_jerez_motogp_rc213v_moto_repsol_honda_motociclismo_gp_espana.jpg\",\"datePublished\":\"2021-04-28T02:00:00+00:00\",\"dateModified\":\"2024-04-12T18:27:32+00:00\",\"description\":\"El circuito andaluz cumple 35 a\u00f1os como prueba mundialista, 33 de ellos como la primera carrera en Europa...\",\"breadcrumb\":{\"@id\":\"https:\\\/\\\/www.boxrepsol.com\\\/es\\\/motogp\\\/jerez-mucho-mas-la-capital-mundial-del-motociclismo\\\/#breadcrumb\"},\"inLanguage\":\"es\",\"potentialAction\":[{\"@type\":\"ReadAction\",\"target\":[\"https:\\\/\\\/www.boxrepsol.com\\\/es\\\/motogp\\\/jerez-mucho-mas-la-capital-mundial-del-motociclismo\\\/\"]}]},{\"@type\":\"ImageObject\",\"inLanguage\":\"es\",\"@id\":\"https:\\\/\\\/www.boxrepsol.com\\\/es\\\/motogp\\\/jerez-mucho-mas-la-capital-mundial-del-motociclismo\\\/#primaryimage\",\"url\":\"https:\\\/\\\/www.boxrepsol.com\\\/wp-content\\\/uploads\\\/2022\\\/08\\\/00_jerez_motogp_rc213v_moto_repsol_honda_motociclismo_gp_espana.jpg\",\"contentUrl\":\"https:\\\/\\\/www.boxrepsol.com\\\/wp-content\\\/uploads\\\/2022\\\/08\\\/00_jerez_motogp_rc213v_moto_repsol_honda_motociclismo_gp_espana.jpg\",\"width\":995,\"height\":560,\"caption\":\"Circuito de Jerez\"},{\"@type\":\"BreadcrumbList\",\"@id\":\"https:\\\/\\\/www.boxrepsol.com\\\/es\\\/motogp\\\/jerez-mucho-mas-la-capital-mundial-del-motociclismo\\\/#breadcrumb\",\"itemListElement\":[{\"@type\":\"ListItem\",\"position\":1,\"name\":\"Home\",\"item\":\"https:\\\/\\\/www.boxrepsol.com\\\/es\\\/\"},{\"@type\":\"ListItem\",\"position\":2,\"name\":\"Circuito de Jerez, mucho m\u00e1s que la capital mundial del motociclismo\"}]},{\"@type\":\"WebSite\",\"@id\":\"https:\\\/\\\/www.boxrepsol.com\\\/es\\\/#website\",\"url\":\"https:\\\/\\\/www.boxrepsol.com\\\/es\\\/\",\"name\":\"Box Repsol\",\"description\":\"Box Repsol Site\",\"publisher\":{\"@id\":\"https:\\\/\\\/www.boxrepsol.com\\\/es\\\/#organization\"},\"potentialAction\":[{\"@type\":\"SearchAction\",\"target\":{\"@type\":\"EntryPoint\",\"urlTemplate\":\"https:\\\/\\\/www.boxrepsol.com\\\/es\\\/?s={search_term_string}\"},\"query-input\":{\"@type\":\"PropertyValueSpecification\",\"valueRequired\":true,\"valueName\":\"search_term_string\"}}],\"inLanguage\":\"es\"},{\"@type\":\"Organization\",\"@id\":\"https:\\\/\\\/www.boxrepsol.com\\\/es\\\/#organization\",\"name\":\"Box Repsol\",\"url\":\"https:\\\/\\\/www.boxrepsol.com\\\/es\\\/\",\"logo\":{\"@type\":\"ImageObject\",\"inLanguage\":\"es\",\"@id\":\"https:\\\/\\\/www.boxrepsol.com\\\/es\\\/#\\\/schema\\\/logo\\\/image\\\/\",\"url\":\"https:\\\/\\\/bxrepsol.s3.eu-west-1.amazonaws.com\\\/static\\\/2025\\\/07\\\/30083337\\\/favicon-96x96-1.png\",\"contentUrl\":\"https:\\\/\\\/bxrepsol.s3.eu-west-1.amazonaws.com\\\/static\\\/2025\\\/07\\\/30083337\\\/favicon-96x96-1.png\",\"width\":96,\"height\":96,\"caption\":\"Box Repsol\"},\"image\":{\"@id\":\"https:\\\/\\\/www.boxrepsol.com\\\/es\\\/#\\\/schema\\\/logo\\\/image\\\/\"},\"sameAs\":[\"https:\\\/\\\/www.facebook.com\\\/BoxRepsol\",\"https:\\\/\\\/x.com\\\/box_repsol\",\"http:\\\/\\\/instagram.com\\\/box_repsol\",\"https:\\\/\\\/www.youtube.com\\\/user\\\/RepsolCompeticion\",\"https:\\\/\\\/www.flickr.com\\\/photos\\\/box_repsol\\\/\"]},{\"@type\":\"Person\",\"@id\":\"https:\\\/\\\/www.boxrepsol.com\\\/es\\\/#\\\/schema\\\/person\\\/c5c2138f2cca251b0ad92b7086bb60b7\",\"name\":\"Redacci\u00f3n Box Repsol\",\"image\":{\"@type\":\"ImageObject\",\"inLanguage\":\"es\",\"@id\":\"https:\\\/\\\/secure.gravatar.com\\\/avatar\\\/adf7b77e38b4419baf32c7e9c21dde01f4e40df611f0978e3006fc4ba0aaab7e?s=96&d=mm&r=g\",\"url\":\"https:\\\/\\\/secure.gravatar.com\\\/avatar\\\/adf7b77e38b4419baf32c7e9c21dde01f4e40df611f0978e3006fc4ba0aaab7e?s=96&d=mm&r=g\",\"contentUrl\":\"https:\\\/\\\/secure.gravatar.com\\\/avatar\\\/adf7b77e38b4419baf32c7e9c21dde01f4e40df611f0978e3006fc4ba0aaab7e?s=96&d=mm&r=g\",\"caption\":\"Redacci\u00f3n Box Repsol\"},\"description\":\"Box Repsol lo forma un equipo de periodistas, community managers, dise\u00f1adores y fot\u00f3grafos con m\u00e1s de 20 a\u00f1os de experiencia en el mundo del motorsport. Hemos vivido el primer mundial de un espa\u00f1ol en la categor\u00eda reina de motociclismo con \u00c1lex Crivill\u00e9, estuvimos en las victorias de Pedrosa y los t\u00edtulos de M\u00e1rquez, acompa\u00f1amos en \u00c1frica a Nani Roma y Marc Coma en sus conquistas del Dakar y hemos vibrado con los t\u00edtulos de Toni Bou en Trial. Adem\u00e1s, en nuestro equipo contamos con expertos en el mundo de las dos y cuatro ruedas tanto de la calle y las carreteras, como de los circuitos. Periodistas que han trabajado en revistas y publicaciones para hacerte llegar desde rutas y consejos de mantenimiento, a curiosidades y trucos de pilotaje.\",\"sameAs\":[\"https:\\\/\\\/www.facebook.com\\\/BoxRepsol\\\/\",\"https:\\\/\\\/www.instagram.com\\\/box_repsol\\\/\",\"https:\\\/\\\/x.com\\\/https:\\\/\\\/twitter.com\\\/box_repsol\",\"https:\\\/\\\/www.youtube.com\\\/@Boxrepsol\"],\"url\":\"https:\\\/\\\/www.boxrepsol.com\\\/es\\\/author\\\/redaccion-box-repsol\\\/\"}]}<\/script>\n<!-- \/ Yoast SEO plugin. -->","yoast_head_json":{"title":"Circuito de Jerez, mucho m\u00e1s que la capital mundial del motociclismo - Box Repsol","description":"El circuito andaluz cumple 35 a\u00f1os como prueba mundialista, 33 de ellos como la primera carrera en Europa...","canonical":"https:\/\/www.boxrepsol.com\/es\/motogp\/jerez-mucho-mas-la-capital-mundial-del-motociclismo\/","og_locale":"es_ES","og_type":"article","og_title":"Circuito de Jerez, mucho m\u00e1s que la capital mundial del motociclismo - Box Repsol","og_description":"El circuito andaluz cumple 35 a\u00f1os como prueba mundialista, 33 de ellos como la primera carrera en Europa...","og_url":"https:\/\/www.boxrepsol.com\/es\/motogp\/jerez-mucho-mas-la-capital-mundial-del-motociclismo\/","og_site_name":"Box Repsol","article_publisher":"https:\/\/www.facebook.com\/BoxRepsol","article_author":"https:\/\/www.facebook.com\/BoxRepsol\/","article_published_time":"2021-04-28T02:00:00+00:00","article_modified_time":"2024-04-12T18:27:32+00:00","og_image":[{"width":995,"height":560,"url":"https:\/\/www.boxrepsol.com\/wp-content\/uploads\/2022\/08\/00_jerez_motogp_rc213v_moto_repsol_honda_motociclismo_gp_espana.jpg","type":"image\/jpeg"}],"author":"Redacci\u00f3n Box Repsol","twitter_card":"summary_large_image","twitter_creator":"@https:\/\/twitter.com\/box_repsol","twitter_site":"@box_repsol","twitter_misc":{"Written by":"Redacci\u00f3n Box Repsol","Est. reading time":"3 minutos"},"schema":{"@context":"https:\/\/schema.org","@graph":[{"@type":"Article","@id":"https:\/\/www.boxrepsol.com\/es\/motogp\/jerez-mucho-mas-la-capital-mundial-del-motociclismo\/#article","isPartOf":{"@id":"https:\/\/www.boxrepsol.com\/es\/motogp\/jerez-mucho-mas-la-capital-mundial-del-motociclismo\/"},"author":{"name":"Redacci\u00f3n Box Repsol","@id":"https:\/\/www.boxrepsol.com\/es\/#\/schema\/person\/c5c2138f2cca251b0ad92b7086bb60b7"},"headline":"Circuito de Jerez, mucho m\u00e1s que la capital mundial del motociclismo","datePublished":"2021-04-28T02:00:00+00:00","dateModified":"2024-04-12T18:27:32+00:00","mainEntityOfPage":{"@id":"https:\/\/www.boxrepsol.com\/es\/motogp\/jerez-mucho-mas-la-capital-mundial-del-motociclismo\/"},"wordCount":580,"commentCount":0,"publisher":{"@id":"https:\/\/www.boxrepsol.com\/es\/#organization"},"image":{"@id":"https:\/\/www.boxrepsol.com\/es\/motogp\/jerez-mucho-mas-la-capital-mundial-del-motociclismo\/#primaryimage"},"thumbnailUrl":"https:\/\/www.boxrepsol.com\/wp-content\/uploads\/2022\/08\/00_jerez_motogp_rc213v_moto_repsol_honda_motociclismo_gp_espana.jpg","keywords":["MotoGP Espa\u00f1a"],"articleSection":["MotoGP"],"inLanguage":"es","potentialAction":[{"@type":"CommentAction","name":"Comment","target":["https:\/\/www.boxrepsol.com\/es\/motogp\/jerez-mucho-mas-la-capital-mundial-del-motociclismo\/#respond"]}]},{"@type":"WebPage","@id":"https:\/\/www.boxrepsol.com\/es\/motogp\/jerez-mucho-mas-la-capital-mundial-del-motociclismo\/","url":"https:\/\/www.boxrepsol.com\/es\/motogp\/jerez-mucho-mas-la-capital-mundial-del-motociclismo\/","name":"Circuito de Jerez, mucho m\u00e1s que la capital mundial del motociclismo - Box Repsol","isPartOf":{"@id":"https:\/\/www.boxrepsol.com\/es\/#website"},"primaryImageOfPage":{"@id":"https:\/\/www.boxrepsol.com\/es\/motogp\/jerez-mucho-mas-la-capital-mundial-del-motociclismo\/#primaryimage"},"image":{"@id":"https:\/\/www.boxrepsol.com\/es\/motogp\/jerez-mucho-mas-la-capital-mundial-del-motociclismo\/#primaryimage"},"thumbnailUrl":"https:\/\/www.boxrepsol.com\/wp-content\/uploads\/2022\/08\/00_jerez_motogp_rc213v_moto_repsol_honda_motociclismo_gp_espana.jpg","datePublished":"2021-04-28T02:00:00+00:00","dateModified":"2024-04-12T18:27:32+00:00","description":"El circuito andaluz cumple 35 a\u00f1os como prueba mundialista, 33 de ellos como la primera carrera en Europa...","breadcrumb":{"@id":"https:\/\/www.boxrepsol.com\/es\/motogp\/jerez-mucho-mas-la-capital-mundial-del-motociclismo\/#breadcrumb"},"inLanguage":"es","potentialAction":[{"@type":"ReadAction","target":["https:\/\/www.boxrepsol.com\/es\/motogp\/jerez-mucho-mas-la-capital-mundial-del-motociclismo\/"]}]},{"@type":"ImageObject","inLanguage":"es","@id":"https:\/\/www.boxrepsol.com\/es\/motogp\/jerez-mucho-mas-la-capital-mundial-del-motociclismo\/#primaryimage","url":"https:\/\/www.boxrepsol.com\/wp-content\/uploads\/2022\/08\/00_jerez_motogp_rc213v_moto_repsol_honda_motociclismo_gp_espana.jpg","contentUrl":"https:\/\/www.boxrepsol.com\/wp-content\/uploads\/2022\/08\/00_jerez_motogp_rc213v_moto_repsol_honda_motociclismo_gp_espana.jpg","width":995,"height":560,"caption":"Circuito de Jerez"},{"@type":"BreadcrumbList","@id":"https:\/\/www.boxrepsol.com\/es\/motogp\/jerez-mucho-mas-la-capital-mundial-del-motociclismo\/#breadcrumb","itemListElement":[{"@type":"ListItem","position":1,"name":"Home","item":"https:\/\/www.boxrepsol.com\/es\/"},{"@type":"ListItem","position":2,"name":"Circuito de Jerez, mucho m\u00e1s que la capital mundial del motociclismo"}]},{"@type":"WebSite","@id":"https:\/\/www.boxrepsol.com\/es\/#website","url":"https:\/\/www.boxrepsol.com\/es\/","name":"Box Repsol","description":"Box Repsol Site","publisher":{"@id":"https:\/\/www.boxrepsol.com\/es\/#organization"},"potentialAction":[{"@type":"SearchAction","target":{"@type":"EntryPoint","urlTemplate":"https:\/\/www.boxrepsol.com\/es\/?s={search_term_string}"},"query-input":{"@type":"PropertyValueSpecification","valueRequired":true,"valueName":"search_term_string"}}],"inLanguage":"es"},{"@type":"Organization","@id":"https:\/\/www.boxrepsol.com\/es\/#organization","name":"Box Repsol","url":"https:\/\/www.boxrepsol.com\/es\/","logo":{"@type":"ImageObject","inLanguage":"es","@id":"https:\/\/www.boxrepsol.com\/es\/#\/schema\/logo\/image\/","url":"https:\/\/bxrepsol.s3.eu-west-1.amazonaws.com\/static\/2025\/07\/30083337\/favicon-96x96-1.png","contentUrl":"https:\/\/bxrepsol.s3.eu-west-1.amazonaws.com\/static\/2025\/07\/30083337\/favicon-96x96-1.png","width":96,"height":96,"caption":"Box Repsol"},"image":{"@id":"https:\/\/www.boxrepsol.com\/es\/#\/schema\/logo\/image\/"},"sameAs":["https:\/\/www.facebook.com\/BoxRepsol","https:\/\/x.com\/box_repsol","http:\/\/instagram.com\/box_repsol","https:\/\/www.youtube.com\/user\/RepsolCompeticion","https:\/\/www.flickr.com\/photos\/box_repsol\/"]},{"@type":"Person","@id":"https:\/\/www.boxrepsol.com\/es\/#\/schema\/person\/c5c2138f2cca251b0ad92b7086bb60b7","name":"Redacci\u00f3n Box Repsol","image":{"@type":"ImageObject","inLanguage":"es","@id":"https:\/\/secure.gravatar.com\/avatar\/adf7b77e38b4419baf32c7e9c21dde01f4e40df611f0978e3006fc4ba0aaab7e?s=96&d=mm&r=g","url":"https:\/\/secure.gravatar.com\/avatar\/adf7b77e38b4419baf32c7e9c21dde01f4e40df611f0978e3006fc4ba0aaab7e?s=96&d=mm&r=g","contentUrl":"https:\/\/secure.gravatar.com\/avatar\/adf7b77e38b4419baf32c7e9c21dde01f4e40df611f0978e3006fc4ba0aaab7e?s=96&d=mm&r=g","caption":"Redacci\u00f3n Box Repsol"},"description":"Box Repsol lo forma un equipo de periodistas, community managers, dise\u00f1adores y fot\u00f3grafos con m\u00e1s de 20 a\u00f1os de experiencia en el mundo del motorsport. Hemos vivido el primer mundial de un espa\u00f1ol en la categor\u00eda reina de motociclismo con \u00c1lex Crivill\u00e9, estuvimos en las victorias de Pedrosa y los t\u00edtulos de M\u00e1rquez, acompa\u00f1amos en \u00c1frica a Nani Roma y Marc Coma en sus conquistas del Dakar y hemos vibrado con los t\u00edtulos de Toni Bou en Trial. Adem\u00e1s, en nuestro equipo contamos con expertos en el mundo de las dos y cuatro ruedas tanto de la calle y las carreteras, como de los circuitos. Periodistas que han trabajado en revistas y publicaciones para hacerte llegar desde rutas y consejos de mantenimiento, a curiosidades y trucos de pilotaje.","sameAs":["https:\/\/www.facebook.com\/BoxRepsol\/","https:\/\/www.instagram.com\/box_repsol\/","https:\/\/x.com\/https:\/\/twitter.com\/box_repsol","https:\/\/www.youtube.com\/@Boxrepsol"],"url":"https:\/\/www.boxrepsol.com\/es\/author\/redaccion-box-repsol\/"}]}},"_links":{"self":[{"href":"https:\/\/www.boxrepsol.com\/es\/wp-json\/wp\/v2\/posts\/90178","targetHints":{"allow":["GET"]}}],"collection":[{"href":"https:\/\/www.boxrepsol.com\/es\/wp-json\/wp\/v2\/posts"}],"about":[{"href":"https:\/\/www.boxrepsol.com\/es\/wp-json\/wp\/v2\/types\/post"}],"author":[{"embeddable":true,"href":"https:\/\/www.boxrepsol.com\/es\/wp-json\/wp\/v2\/users\/43146"}],"replies":[{"embeddable":true,"href":"https:\/\/www.boxrepsol.com\/es\/wp-json\/wp\/v2\/comments?post=90178"}],"version-history":[{"count":2,"href":"https:\/\/www.boxrepsol.com\/es\/wp-json\/wp\/v2\/posts\/90178\/revisions"}],"predecessor-version":[{"id":103769,"href":"https:\/\/www.boxrepsol.com\/es\/wp-json\/wp\/v2\/posts\/90178\/revisions\/103769"}],"wp:featuredmedia":[{"embeddable":true,"href":"https:\/\/www.boxrepsol.com\/es\/wp-json\/wp\/v2\/media\/86423"}],"wp:attachment":[{"href":"https:\/\/www.boxrepsol.com\/es\/wp-json\/wp\/v2\/media?parent=90178"}],"wp:term":[{"taxonomy":"category","embeddable":true,"href":"https:\/\/www.boxrepsol.com\/es\/wp-json\/wp\/v2\/categories?post=90178"},{"taxonomy":"post_tag","embeddable":true,"href":"https:\/\/www.boxrepsol.com\/es\/wp-json\/wp\/v2\/tags?post=90178"}],"curies":[{"name":"wp","href":"https:\/\/api.w.org\/{rel}","templated":true}]}}