{"id":90154,"date":"2017-05-02T00:00:00","date_gmt":"2017-05-02T02:00:00","guid":{"rendered":"http:\/\/pre.boxrepsol.com\/sin-categorizar\/alcoba-syahrin-perez-jespersen-primeros-vencedores-del-fim-cev-repsol\/"},"modified":"2024-05-15T07:16:52","modified_gmt":"2024-05-15T09:16:52","slug":"alcoba-syahrin-perez-jespersen-primeros-vencedores-del-fim-cev-repsol","status":"publish","type":"post","link":"https:\/\/www.boxrepsol.com\/es\/sin-categorizar\/alcoba-syahrin-perez-jespersen-primeros-vencedores-del-fim-cev-repsol\/","title":{"rendered":"Alcoba, Syahrin, P\u00e9rez y Jespersen, primeros vencedores del FIM CEV Repsol"},"content":{"rendered":"<blockquote>\n<p>Jeremy Alcoba:  \u00abNos encontramos un fin de semana complicado por culpa de la lluvia, pero fuimos capaces de ir r\u00e1pido\u00bb<\/p>\n<p>            <a href=\"http:\/\/twitter.com\/share?text=Jeremy+Alcoba%3A++%22Nos+encontramos+un+fin+de+semana+complicado+por+culpa+de+la+lluvia%2C+pero+fuimos+capaces+de+ir+r%C3%A1pido%22&#038;url=https%3A%2F%2Fwww.boxrepsol.com%2Fes%2F%3Fp%3D6267%2F&#038;hashtags=\" target=\"_blank\" rel=\"noopener\"><br \/>\n            twittear        <\/a>\n        <\/p><\/blockquote>\n<p>Jeremy Alcoba se ha impuesto en la primera carrera del Mundial Junior de Moto3, por apenas 68 mil\u00e9simas sobre Makar Yurchenko. Ha completado el podio Jaume Masi\u00e0.<\/p>\n<p>El primer ganador del Europeo de Moto2 ha sido el mundialista Hafizh Syahrin, por delante de H\u00e9ctor Garzo y Augusto Fern\u00e1ndez.<\/p>\n<p>En el estreno de la European Talent Cup, de pilotos 13 a 17 a\u00f1os, el vencedor de la primera manga ha sido Simon Jespersen, en un podio completado por \u00c1lex Toledo y Manuel Gonz\u00e1lez. En la segunda carrera ha ganado Andreas P\u00e9rez, por delante de Manuel Gonz\u00e1lez y Joan Uvi\u00f1a.<\/p>\n<p>\t\t\t\t<img decoding=\"async\" src=\"https:\/\/bxrepsol.s3.eu-west-1.amazonaws.com\/static\/2022\/08\/29051209\/fim-cev-repsol-albacete.jpg\" alt=\"Carrera del CEV\" itemprop=\"image\"  \/><\/p>\n<h3><strong>Jeremy Alcoba \u2013 ganador de la carrera de Moto3<\/strong><\/h3>\n<p><em>\u201cDesde que llegamos en los test hemos hecho un buen trabajo, sin parar de mejorar. Nos encontramos un fin de semana complicado por culpa de la lluvia, pero fuimos capaces de ir r\u00e1pido tanto en mojado como hoy en seco. Sal\u00eda un poco atr\u00e1s, pero hemos hecho un buen planteamiento y he me la he jugado en la primera vuelta. He mirado atr\u00e1s y he visto que est\u00e1bamos solos Makar [Yurchenko] y yo, por lo que he decidido tirar, pero sin arriesgar mucho. Estoy muy contento por esta victoria y quiero agradecerle a todo el mundo que me ha apoyado\u201d.<\/em><\/p>\n<h3><strong>Hafizh Syahrin \u2013 ganador de la carrera de Moto2<\/strong><\/h3>\n<p><em>\u201cEstoy muy contento con el trabajo del equipo y esto nos da mucha confianza para la semana que viene. Los entrenamientos fueron en mojado pero hoy hemos intentado conseguir una buena configuraci\u00f3n para seco durante el warm-up. En el principio de la carrera, he tenido algunas dificultades, con algo de \u2018spinning\u2019, pero he tratado de entender el problema y controlarlo. Tenemos que mantener esta buena l\u00ednea, tambi\u00e9n para la semana que viene en el Mundial\u201d.<\/em><\/p>\n<h3><strong>Simon Jespersen \u2013 ganador de la primera carrera de la European Talent Cup<\/strong><\/h3>\n<p><em>\u201cEn las dos primeras vueltas no me he sentido del todo c\u00f3modo. Pero en las \u00faltimas vueltas, sab\u00eda cu\u00e1les eran los puntos m\u00e1s d\u00e9biles de los pilotos con los que rodaba, as\u00ed que he mantenido la calma y he llegado hasta la primera posici\u00f3n. El campeonato acaba de empezar y no ten\u00eda nada que perder. Estoy muy contento tras esta victoria\u201d.<\/em><\/p>\n<h3><strong>Andreas P\u00e9rez \u2013 ganador de la segunda carrera de la European Talent Cup<\/strong><\/h3>\n<p><em>\u201cEstoy muy contento con esta primera victoria. En el tramo final he cerrado los ojos, he apretado al m\u00e1ximo y he podido ganar. Quiero felicitar al equipo por este resultado, que ha trabajado muy duro durante este fin de semana, y tambi\u00e9n a mi familia y a los patrocinadores que me apoyan. Es un momento muy feliz para m\u00ed\u201d.<\/em><\/p>\n","protected":false},"excerpt":{"rendered":"<p>El circuito de Albacete ha acogido la primera cita del Mundial Junior de Moto3, el europeo de Moto2 y el estreno de la European Talent Cup.<\/p>\n","protected":false},"author":43146,"featured_media":86408,"comment_status":"open","ping_status":"open","sticky":false,"template":"","format":"standard","meta":{"footnotes":""},"categories":[1],"tags":[130],"class_list":["post-90154","post","type-post","status-publish","format-standard","hentry","category-sin-categorizar","tag-otros-eventos-y-competiciones"],"yoast_head":"<!-- This site is optimized with the Yoast SEO plugin v27.3 - https:\/\/yoast.com\/product\/yoast-seo-wordpress\/ -->\n<title>Alcoba, Syahrin, P\u00e9rez y Jespersen, primeros vencedores del FIM CEV Repsol Albacete<\/title>\n<meta name=\"description\" content=\"El circuito de Albacete ha acogido la primera cita del Mundial Junior de Moto3, el europeo de Moto2 y el estreno de la European Talent Cup.\" \/>\n<link rel=\"canonical\" href=\"https:\/\/www.boxrepsol.com\/es\/sin-categorizar\/alcoba-syahrin-perez-jespersen-primeros-vencedores-del-fim-cev-repsol\/\" \/>\n<meta property=\"og:locale\" content=\"es_ES\" \/>\n<meta property=\"og:type\" content=\"article\" \/>\n<meta property=\"og:title\" content=\"Alcoba, Syahrin, P\u00e9rez y Jespersen, primeros vencedores del FIM CEV Repsol Albacete\" \/>\n<meta property=\"og:description\" content=\"El circuito de Albacete ha acogido la primera cita del Mundial Junior de Moto3, el europeo de Moto2 y el estreno de la European Talent Cup.\" \/>\n<meta property=\"og:url\" content=\"https:\/\/www.boxrepsol.com\/es\/sin-categorizar\/alcoba-syahrin-perez-jespersen-primeros-vencedores-del-fim-cev-repsol\/\" \/>\n<meta property=\"og:site_name\" content=\"Box Repsol\" \/>\n<meta property=\"article:publisher\" content=\"https:\/\/www.facebook.com\/BoxRepsol\" \/>\n<meta property=\"article:author\" content=\"https:\/\/www.facebook.com\/BoxRepsol\/\" \/>\n<meta property=\"article:published_time\" content=\"2017-05-02T02:00:00+00:00\" \/>\n<meta property=\"article:modified_time\" content=\"2024-05-15T09:16:52+00:00\" \/>\n<meta property=\"og:image\" content=\"https:\/\/www.boxrepsol.com\/wp-content\/uploads\/2022\/08\/monlau-repsol-cev-fim.jpg\" \/>\n\t<meta property=\"og:image:width\" content=\"995\" \/>\n\t<meta property=\"og:image:height\" content=\"560\" \/>\n\t<meta property=\"og:image:type\" content=\"image\/jpeg\" \/>\n<meta name=\"author\" content=\"Redacci\u00f3n Box Repsol\" \/>\n<meta name=\"twitter:card\" content=\"summary_large_image\" \/>\n<meta name=\"twitter:creator\" content=\"@https:\/\/twitter.com\/box_repsol\" \/>\n<meta name=\"twitter:site\" content=\"@box_repsol\" \/>\n<meta name=\"twitter:label1\" content=\"Written by\" \/>\n\t<meta name=\"twitter:data1\" content=\"Redacci\u00f3n Box Repsol\" \/>\n\t<meta name=\"twitter:label2\" content=\"Est. reading time\" \/>\n\t<meta name=\"twitter:data2\" content=\"2 minutos\" \/>\n<script type=\"application\/ld+json\" class=\"yoast-schema-graph\">{\"@context\":\"https:\\\/\\\/schema.org\",\"@graph\":[{\"@type\":\"Article\",\"@id\":\"https:\\\/\\\/www.boxrepsol.com\\\/es\\\/sin-categorizar\\\/alcoba-syahrin-perez-jespersen-primeros-vencedores-del-fim-cev-repsol\\\/#article\",\"isPartOf\":{\"@id\":\"https:\\\/\\\/www.boxrepsol.com\\\/es\\\/sin-categorizar\\\/alcoba-syahrin-perez-jespersen-primeros-vencedores-del-fim-cev-repsol\\\/\"},\"author\":{\"name\":\"Redacci\u00f3n Box Repsol\",\"@id\":\"https:\\\/\\\/www.boxrepsol.com\\\/es\\\/#\\\/schema\\\/person\\\/c5c2138f2cca251b0ad92b7086bb60b7\"},\"headline\":\"Alcoba, Syahrin, P\u00e9rez y Jespersen, primeros vencedores del FIM CEV Repsol\",\"datePublished\":\"2017-05-02T02:00:00+00:00\",\"dateModified\":\"2024-05-15T09:16:52+00:00\",\"mainEntityOfPage\":{\"@id\":\"https:\\\/\\\/www.boxrepsol.com\\\/es\\\/sin-categorizar\\\/alcoba-syahrin-perez-jespersen-primeros-vencedores-del-fim-cev-repsol\\\/\"},\"wordCount\":490,\"commentCount\":0,\"publisher\":{\"@id\":\"https:\\\/\\\/www.boxrepsol.com\\\/es\\\/#organization\"},\"image\":{\"@id\":\"https:\\\/\\\/www.boxrepsol.com\\\/es\\\/sin-categorizar\\\/alcoba-syahrin-perez-jespersen-primeros-vencedores-del-fim-cev-repsol\\\/#primaryimage\"},\"thumbnailUrl\":\"https:\\\/\\\/www.boxrepsol.com\\\/wp-content\\\/uploads\\\/2022\\\/08\\\/monlau-repsol-cev-fim.jpg\",\"keywords\":[\"otros eventos y competiciones\"],\"articleSection\":[\"Sin categorizar\"],\"inLanguage\":\"es\",\"potentialAction\":[{\"@type\":\"CommentAction\",\"name\":\"Comment\",\"target\":[\"https:\\\/\\\/www.boxrepsol.com\\\/es\\\/sin-categorizar\\\/alcoba-syahrin-perez-jespersen-primeros-vencedores-del-fim-cev-repsol\\\/#respond\"]}]},{\"@type\":\"WebPage\",\"@id\":\"https:\\\/\\\/www.boxrepsol.com\\\/es\\\/sin-categorizar\\\/alcoba-syahrin-perez-jespersen-primeros-vencedores-del-fim-cev-repsol\\\/\",\"url\":\"https:\\\/\\\/www.boxrepsol.com\\\/es\\\/sin-categorizar\\\/alcoba-syahrin-perez-jespersen-primeros-vencedores-del-fim-cev-repsol\\\/\",\"name\":\"Alcoba, Syahrin, P\u00e9rez y Jespersen, primeros vencedores del FIM CEV Repsol Albacete\",\"isPartOf\":{\"@id\":\"https:\\\/\\\/www.boxrepsol.com\\\/es\\\/#website\"},\"primaryImageOfPage\":{\"@id\":\"https:\\\/\\\/www.boxrepsol.com\\\/es\\\/sin-categorizar\\\/alcoba-syahrin-perez-jespersen-primeros-vencedores-del-fim-cev-repsol\\\/#primaryimage\"},\"image\":{\"@id\":\"https:\\\/\\\/www.boxrepsol.com\\\/es\\\/sin-categorizar\\\/alcoba-syahrin-perez-jespersen-primeros-vencedores-del-fim-cev-repsol\\\/#primaryimage\"},\"thumbnailUrl\":\"https:\\\/\\\/www.boxrepsol.com\\\/wp-content\\\/uploads\\\/2022\\\/08\\\/monlau-repsol-cev-fim.jpg\",\"datePublished\":\"2017-05-02T02:00:00+00:00\",\"dateModified\":\"2024-05-15T09:16:52+00:00\",\"description\":\"El circuito de Albacete ha acogido la primera cita del Mundial Junior de Moto3, el europeo de Moto2 y el estreno de la European Talent Cup.\",\"breadcrumb\":{\"@id\":\"https:\\\/\\\/www.boxrepsol.com\\\/es\\\/sin-categorizar\\\/alcoba-syahrin-perez-jespersen-primeros-vencedores-del-fim-cev-repsol\\\/#breadcrumb\"},\"inLanguage\":\"es\",\"potentialAction\":[{\"@type\":\"ReadAction\",\"target\":[\"https:\\\/\\\/www.boxrepsol.com\\\/es\\\/sin-categorizar\\\/alcoba-syahrin-perez-jespersen-primeros-vencedores-del-fim-cev-repsol\\\/\"]}]},{\"@type\":\"ImageObject\",\"inLanguage\":\"es\",\"@id\":\"https:\\\/\\\/www.boxrepsol.com\\\/es\\\/sin-categorizar\\\/alcoba-syahrin-perez-jespersen-primeros-vencedores-del-fim-cev-repsol\\\/#primaryimage\",\"url\":\"https:\\\/\\\/www.boxrepsol.com\\\/wp-content\\\/uploads\\\/2022\\\/08\\\/monlau-repsol-cev-fim.jpg\",\"contentUrl\":\"https:\\\/\\\/www.boxrepsol.com\\\/wp-content\\\/uploads\\\/2022\\\/08\\\/monlau-repsol-cev-fim.jpg\",\"width\":995,\"height\":560,\"caption\":\"Jeremy Alcoba en podio\"},{\"@type\":\"BreadcrumbList\",\"@id\":\"https:\\\/\\\/www.boxrepsol.com\\\/es\\\/sin-categorizar\\\/alcoba-syahrin-perez-jespersen-primeros-vencedores-del-fim-cev-repsol\\\/#breadcrumb\",\"itemListElement\":[{\"@type\":\"ListItem\",\"position\":1,\"name\":\"Home\",\"item\":\"https:\\\/\\\/www.boxrepsol.com\\\/es\\\/\"},{\"@type\":\"ListItem\",\"position\":2,\"name\":\"Alcoba, Syahrin, P\u00e9rez y Jespersen, primeros vencedores del FIM CEV Repsol\"}]},{\"@type\":\"WebSite\",\"@id\":\"https:\\\/\\\/www.boxrepsol.com\\\/es\\\/#website\",\"url\":\"https:\\\/\\\/www.boxrepsol.com\\\/es\\\/\",\"name\":\"Box Repsol\",\"description\":\"Box Repsol Site\",\"publisher\":{\"@id\":\"https:\\\/\\\/www.boxrepsol.com\\\/es\\\/#organization\"},\"potentialAction\":[{\"@type\":\"SearchAction\",\"target\":{\"@type\":\"EntryPoint\",\"urlTemplate\":\"https:\\\/\\\/www.boxrepsol.com\\\/es\\\/?s={search_term_string}\"},\"query-input\":{\"@type\":\"PropertyValueSpecification\",\"valueRequired\":true,\"valueName\":\"search_term_string\"}}],\"inLanguage\":\"es\"},{\"@type\":\"Organization\",\"@id\":\"https:\\\/\\\/www.boxrepsol.com\\\/es\\\/#organization\",\"name\":\"Box Repsol\",\"url\":\"https:\\\/\\\/www.boxrepsol.com\\\/es\\\/\",\"logo\":{\"@type\":\"ImageObject\",\"inLanguage\":\"es\",\"@id\":\"https:\\\/\\\/www.boxrepsol.com\\\/es\\\/#\\\/schema\\\/logo\\\/image\\\/\",\"url\":\"https:\\\/\\\/bxrepsol.s3.eu-west-1.amazonaws.com\\\/static\\\/2025\\\/07\\\/30083337\\\/favicon-96x96-1.png\",\"contentUrl\":\"https:\\\/\\\/bxrepsol.s3.eu-west-1.amazonaws.com\\\/static\\\/2025\\\/07\\\/30083337\\\/favicon-96x96-1.png\",\"width\":96,\"height\":96,\"caption\":\"Box Repsol\"},\"image\":{\"@id\":\"https:\\\/\\\/www.boxrepsol.com\\\/es\\\/#\\\/schema\\\/logo\\\/image\\\/\"},\"sameAs\":[\"https:\\\/\\\/www.facebook.com\\\/BoxRepsol\",\"https:\\\/\\\/x.com\\\/box_repsol\",\"http:\\\/\\\/instagram.com\\\/box_repsol\",\"https:\\\/\\\/www.youtube.com\\\/user\\\/RepsolCompeticion\",\"https:\\\/\\\/www.flickr.com\\\/photos\\\/box_repsol\\\/\"]},{\"@type\":\"Person\",\"@id\":\"https:\\\/\\\/www.boxrepsol.com\\\/es\\\/#\\\/schema\\\/person\\\/c5c2138f2cca251b0ad92b7086bb60b7\",\"name\":\"Redacci\u00f3n Box Repsol\",\"image\":{\"@type\":\"ImageObject\",\"inLanguage\":\"es\",\"@id\":\"https:\\\/\\\/secure.gravatar.com\\\/avatar\\\/adf7b77e38b4419baf32c7e9c21dde01f4e40df611f0978e3006fc4ba0aaab7e?s=96&d=mm&r=g\",\"url\":\"https:\\\/\\\/secure.gravatar.com\\\/avatar\\\/adf7b77e38b4419baf32c7e9c21dde01f4e40df611f0978e3006fc4ba0aaab7e?s=96&d=mm&r=g\",\"contentUrl\":\"https:\\\/\\\/secure.gravatar.com\\\/avatar\\\/adf7b77e38b4419baf32c7e9c21dde01f4e40df611f0978e3006fc4ba0aaab7e?s=96&d=mm&r=g\",\"caption\":\"Redacci\u00f3n Box Repsol\"},\"description\":\"Box Repsol lo forma un equipo de periodistas, community managers, dise\u00f1adores y fot\u00f3grafos con m\u00e1s de 20 a\u00f1os de experiencia en el mundo del motorsport. Hemos vivido el primer mundial de un espa\u00f1ol en la categor\u00eda reina de motociclismo con \u00c1lex Crivill\u00e9, estuvimos en las victorias de Pedrosa y los t\u00edtulos de M\u00e1rquez, acompa\u00f1amos en \u00c1frica a Nani Roma y Marc Coma en sus conquistas del Dakar y hemos vibrado con los t\u00edtulos de Toni Bou en Trial. Adem\u00e1s, en nuestro equipo contamos con expertos en el mundo de las dos y cuatro ruedas tanto de la calle y las carreteras, como de los circuitos. Periodistas que han trabajado en revistas y publicaciones para hacerte llegar desde rutas y consejos de mantenimiento, a curiosidades y trucos de pilotaje.\",\"sameAs\":[\"https:\\\/\\\/www.facebook.com\\\/BoxRepsol\\\/\",\"https:\\\/\\\/www.instagram.com\\\/box_repsol\\\/\",\"https:\\\/\\\/x.com\\\/https:\\\/\\\/twitter.com\\\/box_repsol\",\"https:\\\/\\\/www.youtube.com\\\/@Boxrepsol\"],\"url\":\"https:\\\/\\\/www.boxrepsol.com\\\/es\\\/author\\\/redaccion-box-repsol\\\/\"}]}<\/script>\n<!-- \/ Yoast SEO plugin. -->","yoast_head_json":{"title":"Alcoba, Syahrin, P\u00e9rez y Jespersen, primeros vencedores del FIM CEV Repsol Albacete","description":"El circuito de Albacete ha acogido la primera cita del Mundial Junior de Moto3, el europeo de Moto2 y el estreno de la European Talent Cup.","canonical":"https:\/\/www.boxrepsol.com\/es\/sin-categorizar\/alcoba-syahrin-perez-jespersen-primeros-vencedores-del-fim-cev-repsol\/","og_locale":"es_ES","og_type":"article","og_title":"Alcoba, Syahrin, P\u00e9rez y Jespersen, primeros vencedores del FIM CEV Repsol Albacete","og_description":"El circuito de Albacete ha acogido la primera cita del Mundial Junior de Moto3, el europeo de Moto2 y el estreno de la European Talent Cup.","og_url":"https:\/\/www.boxrepsol.com\/es\/sin-categorizar\/alcoba-syahrin-perez-jespersen-primeros-vencedores-del-fim-cev-repsol\/","og_site_name":"Box Repsol","article_publisher":"https:\/\/www.facebook.com\/BoxRepsol","article_author":"https:\/\/www.facebook.com\/BoxRepsol\/","article_published_time":"2017-05-02T02:00:00+00:00","article_modified_time":"2024-05-15T09:16:52+00:00","og_image":[{"width":995,"height":560,"url":"https:\/\/www.boxrepsol.com\/wp-content\/uploads\/2022\/08\/monlau-repsol-cev-fim.jpg","type":"image\/jpeg"}],"author":"Redacci\u00f3n Box Repsol","twitter_card":"summary_large_image","twitter_creator":"@https:\/\/twitter.com\/box_repsol","twitter_site":"@box_repsol","twitter_misc":{"Written by":"Redacci\u00f3n Box Repsol","Est. reading time":"2 minutos"},"schema":{"@context":"https:\/\/schema.org","@graph":[{"@type":"Article","@id":"https:\/\/www.boxrepsol.com\/es\/sin-categorizar\/alcoba-syahrin-perez-jespersen-primeros-vencedores-del-fim-cev-repsol\/#article","isPartOf":{"@id":"https:\/\/www.boxrepsol.com\/es\/sin-categorizar\/alcoba-syahrin-perez-jespersen-primeros-vencedores-del-fim-cev-repsol\/"},"author":{"name":"Redacci\u00f3n Box Repsol","@id":"https:\/\/www.boxrepsol.com\/es\/#\/schema\/person\/c5c2138f2cca251b0ad92b7086bb60b7"},"headline":"Alcoba, Syahrin, P\u00e9rez y Jespersen, primeros vencedores del FIM CEV Repsol","datePublished":"2017-05-02T02:00:00+00:00","dateModified":"2024-05-15T09:16:52+00:00","mainEntityOfPage":{"@id":"https:\/\/www.boxrepsol.com\/es\/sin-categorizar\/alcoba-syahrin-perez-jespersen-primeros-vencedores-del-fim-cev-repsol\/"},"wordCount":490,"commentCount":0,"publisher":{"@id":"https:\/\/www.boxrepsol.com\/es\/#organization"},"image":{"@id":"https:\/\/www.boxrepsol.com\/es\/sin-categorizar\/alcoba-syahrin-perez-jespersen-primeros-vencedores-del-fim-cev-repsol\/#primaryimage"},"thumbnailUrl":"https:\/\/www.boxrepsol.com\/wp-content\/uploads\/2022\/08\/monlau-repsol-cev-fim.jpg","keywords":["otros eventos y competiciones"],"articleSection":["Sin categorizar"],"inLanguage":"es","potentialAction":[{"@type":"CommentAction","name":"Comment","target":["https:\/\/www.boxrepsol.com\/es\/sin-categorizar\/alcoba-syahrin-perez-jespersen-primeros-vencedores-del-fim-cev-repsol\/#respond"]}]},{"@type":"WebPage","@id":"https:\/\/www.boxrepsol.com\/es\/sin-categorizar\/alcoba-syahrin-perez-jespersen-primeros-vencedores-del-fim-cev-repsol\/","url":"https:\/\/www.boxrepsol.com\/es\/sin-categorizar\/alcoba-syahrin-perez-jespersen-primeros-vencedores-del-fim-cev-repsol\/","name":"Alcoba, Syahrin, P\u00e9rez y Jespersen, primeros vencedores del FIM CEV Repsol Albacete","isPartOf":{"@id":"https:\/\/www.boxrepsol.com\/es\/#website"},"primaryImageOfPage":{"@id":"https:\/\/www.boxrepsol.com\/es\/sin-categorizar\/alcoba-syahrin-perez-jespersen-primeros-vencedores-del-fim-cev-repsol\/#primaryimage"},"image":{"@id":"https:\/\/www.boxrepsol.com\/es\/sin-categorizar\/alcoba-syahrin-perez-jespersen-primeros-vencedores-del-fim-cev-repsol\/#primaryimage"},"thumbnailUrl":"https:\/\/www.boxrepsol.com\/wp-content\/uploads\/2022\/08\/monlau-repsol-cev-fim.jpg","datePublished":"2017-05-02T02:00:00+00:00","dateModified":"2024-05-15T09:16:52+00:00","description":"El circuito de Albacete ha acogido la primera cita del Mundial Junior de Moto3, el europeo de Moto2 y el estreno de la European Talent Cup.","breadcrumb":{"@id":"https:\/\/www.boxrepsol.com\/es\/sin-categorizar\/alcoba-syahrin-perez-jespersen-primeros-vencedores-del-fim-cev-repsol\/#breadcrumb"},"inLanguage":"es","potentialAction":[{"@type":"ReadAction","target":["https:\/\/www.boxrepsol.com\/es\/sin-categorizar\/alcoba-syahrin-perez-jespersen-primeros-vencedores-del-fim-cev-repsol\/"]}]},{"@type":"ImageObject","inLanguage":"es","@id":"https:\/\/www.boxrepsol.com\/es\/sin-categorizar\/alcoba-syahrin-perez-jespersen-primeros-vencedores-del-fim-cev-repsol\/#primaryimage","url":"https:\/\/www.boxrepsol.com\/wp-content\/uploads\/2022\/08\/monlau-repsol-cev-fim.jpg","contentUrl":"https:\/\/www.boxrepsol.com\/wp-content\/uploads\/2022\/08\/monlau-repsol-cev-fim.jpg","width":995,"height":560,"caption":"Jeremy Alcoba en podio"},{"@type":"BreadcrumbList","@id":"https:\/\/www.boxrepsol.com\/es\/sin-categorizar\/alcoba-syahrin-perez-jespersen-primeros-vencedores-del-fim-cev-repsol\/#breadcrumb","itemListElement":[{"@type":"ListItem","position":1,"name":"Home","item":"https:\/\/www.boxrepsol.com\/es\/"},{"@type":"ListItem","position":2,"name":"Alcoba, Syahrin, P\u00e9rez y Jespersen, primeros vencedores del FIM CEV Repsol"}]},{"@type":"WebSite","@id":"https:\/\/www.boxrepsol.com\/es\/#website","url":"https:\/\/www.boxrepsol.com\/es\/","name":"Box Repsol","description":"Box Repsol Site","publisher":{"@id":"https:\/\/www.boxrepsol.com\/es\/#organization"},"potentialAction":[{"@type":"SearchAction","target":{"@type":"EntryPoint","urlTemplate":"https:\/\/www.boxrepsol.com\/es\/?s={search_term_string}"},"query-input":{"@type":"PropertyValueSpecification","valueRequired":true,"valueName":"search_term_string"}}],"inLanguage":"es"},{"@type":"Organization","@id":"https:\/\/www.boxrepsol.com\/es\/#organization","name":"Box Repsol","url":"https:\/\/www.boxrepsol.com\/es\/","logo":{"@type":"ImageObject","inLanguage":"es","@id":"https:\/\/www.boxrepsol.com\/es\/#\/schema\/logo\/image\/","url":"https:\/\/bxrepsol.s3.eu-west-1.amazonaws.com\/static\/2025\/07\/30083337\/favicon-96x96-1.png","contentUrl":"https:\/\/bxrepsol.s3.eu-west-1.amazonaws.com\/static\/2025\/07\/30083337\/favicon-96x96-1.png","width":96,"height":96,"caption":"Box Repsol"},"image":{"@id":"https:\/\/www.boxrepsol.com\/es\/#\/schema\/logo\/image\/"},"sameAs":["https:\/\/www.facebook.com\/BoxRepsol","https:\/\/x.com\/box_repsol","http:\/\/instagram.com\/box_repsol","https:\/\/www.youtube.com\/user\/RepsolCompeticion","https:\/\/www.flickr.com\/photos\/box_repsol\/"]},{"@type":"Person","@id":"https:\/\/www.boxrepsol.com\/es\/#\/schema\/person\/c5c2138f2cca251b0ad92b7086bb60b7","name":"Redacci\u00f3n Box Repsol","image":{"@type":"ImageObject","inLanguage":"es","@id":"https:\/\/secure.gravatar.com\/avatar\/adf7b77e38b4419baf32c7e9c21dde01f4e40df611f0978e3006fc4ba0aaab7e?s=96&d=mm&r=g","url":"https:\/\/secure.gravatar.com\/avatar\/adf7b77e38b4419baf32c7e9c21dde01f4e40df611f0978e3006fc4ba0aaab7e?s=96&d=mm&r=g","contentUrl":"https:\/\/secure.gravatar.com\/avatar\/adf7b77e38b4419baf32c7e9c21dde01f4e40df611f0978e3006fc4ba0aaab7e?s=96&d=mm&r=g","caption":"Redacci\u00f3n Box Repsol"},"description":"Box Repsol lo forma un equipo de periodistas, community managers, dise\u00f1adores y fot\u00f3grafos con m\u00e1s de 20 a\u00f1os de experiencia en el mundo del motorsport. Hemos vivido el primer mundial de un espa\u00f1ol en la categor\u00eda reina de motociclismo con \u00c1lex Crivill\u00e9, estuvimos en las victorias de Pedrosa y los t\u00edtulos de M\u00e1rquez, acompa\u00f1amos en \u00c1frica a Nani Roma y Marc Coma en sus conquistas del Dakar y hemos vibrado con los t\u00edtulos de Toni Bou en Trial. Adem\u00e1s, en nuestro equipo contamos con expertos en el mundo de las dos y cuatro ruedas tanto de la calle y las carreteras, como de los circuitos. Periodistas que han trabajado en revistas y publicaciones para hacerte llegar desde rutas y consejos de mantenimiento, a curiosidades y trucos de pilotaje.","sameAs":["https:\/\/www.facebook.com\/BoxRepsol\/","https:\/\/www.instagram.com\/box_repsol\/","https:\/\/x.com\/https:\/\/twitter.com\/box_repsol","https:\/\/www.youtube.com\/@Boxrepsol"],"url":"https:\/\/www.boxrepsol.com\/es\/author\/redaccion-box-repsol\/"}]}},"_links":{"self":[{"href":"https:\/\/www.boxrepsol.com\/es\/wp-json\/wp\/v2\/posts\/90154","targetHints":{"allow":["GET"]}}],"collection":[{"href":"https:\/\/www.boxrepsol.com\/es\/wp-json\/wp\/v2\/posts"}],"about":[{"href":"https:\/\/www.boxrepsol.com\/es\/wp-json\/wp\/v2\/types\/post"}],"author":[{"embeddable":true,"href":"https:\/\/www.boxrepsol.com\/es\/wp-json\/wp\/v2\/users\/43146"}],"replies":[{"embeddable":true,"href":"https:\/\/www.boxrepsol.com\/es\/wp-json\/wp\/v2\/comments?post=90154"}],"version-history":[{"count":1,"href":"https:\/\/www.boxrepsol.com\/es\/wp-json\/wp\/v2\/posts\/90154\/revisions"}],"predecessor-version":[{"id":90155,"href":"https:\/\/www.boxrepsol.com\/es\/wp-json\/wp\/v2\/posts\/90154\/revisions\/90155"}],"wp:featuredmedia":[{"embeddable":true,"href":"https:\/\/www.boxrepsol.com\/es\/wp-json\/wp\/v2\/media\/86408"}],"wp:attachment":[{"href":"https:\/\/www.boxrepsol.com\/es\/wp-json\/wp\/v2\/media?parent=90154"}],"wp:term":[{"taxonomy":"category","embeddable":true,"href":"https:\/\/www.boxrepsol.com\/es\/wp-json\/wp\/v2\/categories?post=90154"},{"taxonomy":"post_tag","embeddable":true,"href":"https:\/\/www.boxrepsol.com\/es\/wp-json\/wp\/v2\/tags?post=90154"}],"curies":[{"name":"wp","href":"https:\/\/api.w.org\/{rel}","templated":true}]}}