{"id":90151,"date":"2017-04-27T00:00:00","date_gmt":"2017-04-27T02:00:00","guid":{"rendered":"http:\/\/pre.boxrepsol.com\/sin-categorizar\/sudafrica-al-cielo-castor-fantoba\/"},"modified":"2024-05-15T07:18:35","modified_gmt":"2024-05-15T09:18:35","slug":"sudafrica-al-cielo-castor-fantoba","status":"publish","type":"post","link":"https:\/\/www.boxrepsol.com\/es\/red-bull-air-race\/sudafrica-al-cielo-castor-fantoba\/","title":{"rendered":"De Sud\u00e1frica al cielo con C\u00e1stor Fantoba"},"content":{"rendered":"<blockquote>\n<p>C\u00e1stor Fantoba: \u00abEs un orgullo representar a nuestro pa\u00eds y poder llevar a bordo a Marca Espa\u00f1a\u00bb<\/p>\n<p>            <a href=\"http:\/\/twitter.com\/share?text=C%C3%A1stor+Fantoba%3A+%22Es+un+orgullo+representar+a+nuestro+pa%C3%ADs+y+poder+llevar+a+bordo+a+Marca+Espa%C3%B1a%22&#038;url=https%3A%2F%2Fwww.boxrepsol.com%2Fes%2F%3Fp%3D6148%2F&#038;hashtags=\" target=\"_blank\" rel=\"noopener\"><br \/>\n            twittear        <\/a>\n        <\/p><\/blockquote>\n<p>El Equipo Nacional de Vuelo Acrob\u00e1tico ha presentado hoy, en el aer\u00f3dromo de Casarrubios del Monte (Toledo), a C\u00e1stor Fantoba como representante de Espa\u00f1a en el pr\u00f3ximo Mundial de Vuelo Acrob\u00e1tico. El Campe\u00f3n de Europa de 2014, integrante desde el a\u00f1o 2011 del Equipo Bravo3 Repsol y con el que compite en esta espectacular disciplina a\u00e9rea, ser\u00e1 el \u00fanico piloto espa\u00f1ol en 29\u00aa edici\u00f3n de la cita mundialista, que se disputar\u00e1 del 9 al 17 de septiembre en la ciudad de Melelane, Sud\u00e1frica.<\/p>\n<p>El piloto navarro volar\u00e1 en esta competici\u00f3n con un Sukhoi 31, un avi\u00f3n monoplaza de altas prestaciones construido con materiales de gran resistencia y peso reducido, dise\u00f1ado por el Sukhoi Design Bureau de Mosc\u00fa. El motor que equipa a estas aeronaves es el Vedeneyev M14PF de 400 CV, radial de nueve cilindros refrigerado por aire, con un historial en aviaci\u00f3n deportiva que lo avala como la planta motriz m\u00e1s robusta y fiable del circuito acrob\u00e1tico mundial. Tanto el fuselaje como la h\u00e9lice y el motor est\u00e1n estudiados para resistir aceleraciones de hasta 25\u00a0G (25 veces la aceleraci\u00f3n de la gravedad), tanto positivos como negativos.<\/p>\n<p>C\u00e1stor, natural de Sang\u00fcesa (Pamplona, Navarra), ha sido Campe\u00f3n de Europa 2014, medalla de bronce en el Europeo 2016; doble medalla de bronce en el Mundial 2015 y 6 veces Campe\u00f3n de Espa\u00f1a. Es reconocido oficialmente Deportista de Alto Nivel (DAN) por el Consejo Superior de Deportes desde 2005. Ha logrado m\u00e1s de 40 medallas para Espa\u00f1a en su trayectoria deportiva.<\/p>\n<p>\t\t\t\t<img decoding=\"async\" src=\"https:\/\/bxrepsol.s3.eu-west-1.amazonaws.com\/static\/2022\/08\/29051157\/Castor-Fantoba-Avion-repsol-bravo3.jpg\" alt=\"C\u00e1stor Fantoba volando en avi\u00f3n\" itemprop=\"image\"  \/><\/p>\n<h3>C\u00e1stor Fantoba<\/h3>\n<p><em>\u00abEs un orgullo representar a nuestro pa\u00eds y poder llevar a bordo a Marca Espa\u00f1a, a los que me gustar\u00eda expresar mi m\u00e1s sincero agradecimiento por el reconocimiento que brinda a nuestro trabajo\u00bb.<\/em><\/p>\n<h3>Beatriz Tob\u00edo, Responsable de patrocinio de Repsol<\/h3>\n<p><em>\u00abEn Repsol llevamos colaborando con el Equipo Bravo 3 desde 2011 y estamos muy ilusionados con el nuevo reto de C\u00e1stor Fantoba en el pr\u00f3ximo Mundial de Sud\u00e1frica. C\u00e1stor es un excelente embajador para Repsol y para Espa\u00f1a, puesto que representa valores como esfuerzo, dedicaci\u00f3n y trabajo en equipo, y a Repsol le permite estar presente en la \u00e9lite de un deporte tan espectacular y exigente como es el vuelo acrob\u00e1tico\u00bb.<\/em><\/p>\n","protected":false},"excerpt":{"rendered":"<p>Fantoba representar\u00e1 a Espa\u00f1a, de la mano de Repsol, en el Mundial de Vuelo Acrob\u00e1tico que se disputar\u00e1 el pr\u00f3ximo mes de septiembre en Sud\u00e1frica.<\/p>\n","protected":false},"author":43146,"featured_media":86402,"comment_status":"open","ping_status":"open","sticky":false,"template":"","format":"standard","meta":{"footnotes":""},"categories":[159],"tags":[130],"class_list":["post-90151","post","type-post","status-publish","format-standard","hentry","category-red-bull-air-race","tag-otros-eventos-y-competiciones"],"yoast_head":"<!-- This site is optimized with the Yoast SEO plugin v27.3 - https:\/\/yoast.com\/product\/yoast-seo-wordpress\/ -->\n<title>De Sud\u00e1frica al cielo con C\u00e1stor Fantoba - Box Repsol<\/title>\n<meta name=\"description\" content=\"Fantoba representar\u00e1 a Espa\u00f1a, de la mano de Repsol, en el Mundial de Vuelo Acrob\u00e1tico que se disputar\u00e1 el pr\u00f3ximo mes de septiembre en Sud\u00e1frica.\" \/>\n<link rel=\"canonical\" href=\"https:\/\/www.boxrepsol.com\/es\/red-bull-air-race\/sudafrica-al-cielo-castor-fantoba\/\" \/>\n<meta property=\"og:locale\" content=\"es_ES\" \/>\n<meta property=\"og:type\" content=\"article\" \/>\n<meta property=\"og:title\" content=\"De Sud\u00e1frica al cielo con C\u00e1stor Fantoba - Box Repsol\" \/>\n<meta property=\"og:description\" content=\"Fantoba representar\u00e1 a Espa\u00f1a, de la mano de Repsol, en el Mundial de Vuelo Acrob\u00e1tico que se disputar\u00e1 el pr\u00f3ximo mes de septiembre en Sud\u00e1frica.\" \/>\n<meta property=\"og:url\" content=\"https:\/\/www.boxrepsol.com\/es\/red-bull-air-race\/sudafrica-al-cielo-castor-fantoba\/\" \/>\n<meta property=\"og:site_name\" content=\"Box Repsol\" \/>\n<meta property=\"article:publisher\" content=\"https:\/\/www.facebook.com\/BoxRepsol\" \/>\n<meta property=\"article:author\" content=\"https:\/\/www.facebook.com\/BoxRepsol\/\" \/>\n<meta property=\"article:published_time\" content=\"2017-04-27T02:00:00+00:00\" \/>\n<meta property=\"article:modified_time\" content=\"2024-05-15T09:18:35+00:00\" \/>\n<meta property=\"og:image\" content=\"https:\/\/www.boxrepsol.com\/wp-content\/uploads\/2022\/08\/Castor-Fantoba-bravo3-repsol.jpg\" \/>\n\t<meta property=\"og:image:width\" content=\"995\" \/>\n\t<meta property=\"og:image:height\" content=\"560\" \/>\n\t<meta property=\"og:image:type\" content=\"image\/jpeg\" \/>\n<meta name=\"author\" content=\"Redacci\u00f3n Box Repsol\" \/>\n<meta name=\"twitter:card\" content=\"summary_large_image\" \/>\n<meta name=\"twitter:creator\" content=\"@https:\/\/twitter.com\/box_repsol\" \/>\n<meta name=\"twitter:site\" content=\"@box_repsol\" \/>\n<meta name=\"twitter:label1\" content=\"Written by\" \/>\n\t<meta name=\"twitter:data1\" content=\"Redacci\u00f3n Box Repsol\" \/>\n\t<meta name=\"twitter:label2\" content=\"Est. reading time\" \/>\n\t<meta name=\"twitter:data2\" content=\"2 minutos\" \/>\n<script type=\"application\/ld+json\" class=\"yoast-schema-graph\">{\"@context\":\"https:\\\/\\\/schema.org\",\"@graph\":[{\"@type\":\"Article\",\"@id\":\"https:\\\/\\\/www.boxrepsol.com\\\/es\\\/red-bull-air-race\\\/sudafrica-al-cielo-castor-fantoba\\\/#article\",\"isPartOf\":{\"@id\":\"https:\\\/\\\/www.boxrepsol.com\\\/es\\\/red-bull-air-race\\\/sudafrica-al-cielo-castor-fantoba\\\/\"},\"author\":{\"name\":\"Redacci\u00f3n Box Repsol\",\"@id\":\"https:\\\/\\\/www.boxrepsol.com\\\/es\\\/#\\\/schema\\\/person\\\/c5c2138f2cca251b0ad92b7086bb60b7\"},\"headline\":\"De Sud\u00e1frica al cielo con C\u00e1stor Fantoba\",\"datePublished\":\"2017-04-27T02:00:00+00:00\",\"dateModified\":\"2024-05-15T09:18:35+00:00\",\"mainEntityOfPage\":{\"@id\":\"https:\\\/\\\/www.boxrepsol.com\\\/es\\\/red-bull-air-race\\\/sudafrica-al-cielo-castor-fantoba\\\/\"},\"wordCount\":417,\"commentCount\":0,\"publisher\":{\"@id\":\"https:\\\/\\\/www.boxrepsol.com\\\/es\\\/#organization\"},\"image\":{\"@id\":\"https:\\\/\\\/www.boxrepsol.com\\\/es\\\/red-bull-air-race\\\/sudafrica-al-cielo-castor-fantoba\\\/#primaryimage\"},\"thumbnailUrl\":\"https:\\\/\\\/www.boxrepsol.com\\\/wp-content\\\/uploads\\\/2022\\\/08\\\/Castor-Fantoba-bravo3-repsol.jpg\",\"keywords\":[\"otros eventos y competiciones\"],\"articleSection\":[\"Red Bull Air Race\"],\"inLanguage\":\"es\",\"potentialAction\":[{\"@type\":\"CommentAction\",\"name\":\"Comment\",\"target\":[\"https:\\\/\\\/www.boxrepsol.com\\\/es\\\/red-bull-air-race\\\/sudafrica-al-cielo-castor-fantoba\\\/#respond\"]}]},{\"@type\":\"WebPage\",\"@id\":\"https:\\\/\\\/www.boxrepsol.com\\\/es\\\/red-bull-air-race\\\/sudafrica-al-cielo-castor-fantoba\\\/\",\"url\":\"https:\\\/\\\/www.boxrepsol.com\\\/es\\\/red-bull-air-race\\\/sudafrica-al-cielo-castor-fantoba\\\/\",\"name\":\"De Sud\u00e1frica al cielo con C\u00e1stor Fantoba - Box Repsol\",\"isPartOf\":{\"@id\":\"https:\\\/\\\/www.boxrepsol.com\\\/es\\\/#website\"},\"primaryImageOfPage\":{\"@id\":\"https:\\\/\\\/www.boxrepsol.com\\\/es\\\/red-bull-air-race\\\/sudafrica-al-cielo-castor-fantoba\\\/#primaryimage\"},\"image\":{\"@id\":\"https:\\\/\\\/www.boxrepsol.com\\\/es\\\/red-bull-air-race\\\/sudafrica-al-cielo-castor-fantoba\\\/#primaryimage\"},\"thumbnailUrl\":\"https:\\\/\\\/www.boxrepsol.com\\\/wp-content\\\/uploads\\\/2022\\\/08\\\/Castor-Fantoba-bravo3-repsol.jpg\",\"datePublished\":\"2017-04-27T02:00:00+00:00\",\"dateModified\":\"2024-05-15T09:18:35+00:00\",\"description\":\"Fantoba representar\u00e1 a Espa\u00f1a, de la mano de Repsol, en el Mundial de Vuelo Acrob\u00e1tico que se disputar\u00e1 el pr\u00f3ximo mes de septiembre en Sud\u00e1frica.\",\"breadcrumb\":{\"@id\":\"https:\\\/\\\/www.boxrepsol.com\\\/es\\\/red-bull-air-race\\\/sudafrica-al-cielo-castor-fantoba\\\/#breadcrumb\"},\"inLanguage\":\"es\",\"potentialAction\":[{\"@type\":\"ReadAction\",\"target\":[\"https:\\\/\\\/www.boxrepsol.com\\\/es\\\/red-bull-air-race\\\/sudafrica-al-cielo-castor-fantoba\\\/\"]}]},{\"@type\":\"ImageObject\",\"inLanguage\":\"es\",\"@id\":\"https:\\\/\\\/www.boxrepsol.com\\\/es\\\/red-bull-air-race\\\/sudafrica-al-cielo-castor-fantoba\\\/#primaryimage\",\"url\":\"https:\\\/\\\/www.boxrepsol.com\\\/wp-content\\\/uploads\\\/2022\\\/08\\\/Castor-Fantoba-bravo3-repsol.jpg\",\"contentUrl\":\"https:\\\/\\\/www.boxrepsol.com\\\/wp-content\\\/uploads\\\/2022\\\/08\\\/Castor-Fantoba-bravo3-repsol.jpg\",\"width\":995,\"height\":560,\"caption\":\"C\u00e1stor Fantoba hablando con la prensa frente a su avi\u00f3n\"},{\"@type\":\"BreadcrumbList\",\"@id\":\"https:\\\/\\\/www.boxrepsol.com\\\/es\\\/red-bull-air-race\\\/sudafrica-al-cielo-castor-fantoba\\\/#breadcrumb\",\"itemListElement\":[{\"@type\":\"ListItem\",\"position\":1,\"name\":\"Home\",\"item\":\"https:\\\/\\\/www.boxrepsol.com\\\/es\\\/\"},{\"@type\":\"ListItem\",\"position\":2,\"name\":\"De Sud\u00e1frica al cielo con C\u00e1stor Fantoba\"}]},{\"@type\":\"WebSite\",\"@id\":\"https:\\\/\\\/www.boxrepsol.com\\\/es\\\/#website\",\"url\":\"https:\\\/\\\/www.boxrepsol.com\\\/es\\\/\",\"name\":\"Box Repsol\",\"description\":\"Box Repsol Site\",\"publisher\":{\"@id\":\"https:\\\/\\\/www.boxrepsol.com\\\/es\\\/#organization\"},\"potentialAction\":[{\"@type\":\"SearchAction\",\"target\":{\"@type\":\"EntryPoint\",\"urlTemplate\":\"https:\\\/\\\/www.boxrepsol.com\\\/es\\\/?s={search_term_string}\"},\"query-input\":{\"@type\":\"PropertyValueSpecification\",\"valueRequired\":true,\"valueName\":\"search_term_string\"}}],\"inLanguage\":\"es\"},{\"@type\":\"Organization\",\"@id\":\"https:\\\/\\\/www.boxrepsol.com\\\/es\\\/#organization\",\"name\":\"Box Repsol\",\"url\":\"https:\\\/\\\/www.boxrepsol.com\\\/es\\\/\",\"logo\":{\"@type\":\"ImageObject\",\"inLanguage\":\"es\",\"@id\":\"https:\\\/\\\/www.boxrepsol.com\\\/es\\\/#\\\/schema\\\/logo\\\/image\\\/\",\"url\":\"https:\\\/\\\/bxrepsol.s3.eu-west-1.amazonaws.com\\\/static\\\/2025\\\/07\\\/30083337\\\/favicon-96x96-1.png\",\"contentUrl\":\"https:\\\/\\\/bxrepsol.s3.eu-west-1.amazonaws.com\\\/static\\\/2025\\\/07\\\/30083337\\\/favicon-96x96-1.png\",\"width\":96,\"height\":96,\"caption\":\"Box Repsol\"},\"image\":{\"@id\":\"https:\\\/\\\/www.boxrepsol.com\\\/es\\\/#\\\/schema\\\/logo\\\/image\\\/\"},\"sameAs\":[\"https:\\\/\\\/www.facebook.com\\\/BoxRepsol\",\"https:\\\/\\\/x.com\\\/box_repsol\",\"http:\\\/\\\/instagram.com\\\/box_repsol\",\"https:\\\/\\\/www.youtube.com\\\/user\\\/RepsolCompeticion\",\"https:\\\/\\\/www.flickr.com\\\/photos\\\/box_repsol\\\/\"]},{\"@type\":\"Person\",\"@id\":\"https:\\\/\\\/www.boxrepsol.com\\\/es\\\/#\\\/schema\\\/person\\\/c5c2138f2cca251b0ad92b7086bb60b7\",\"name\":\"Redacci\u00f3n Box Repsol\",\"image\":{\"@type\":\"ImageObject\",\"inLanguage\":\"es\",\"@id\":\"https:\\\/\\\/secure.gravatar.com\\\/avatar\\\/adf7b77e38b4419baf32c7e9c21dde01f4e40df611f0978e3006fc4ba0aaab7e?s=96&d=mm&r=g\",\"url\":\"https:\\\/\\\/secure.gravatar.com\\\/avatar\\\/adf7b77e38b4419baf32c7e9c21dde01f4e40df611f0978e3006fc4ba0aaab7e?s=96&d=mm&r=g\",\"contentUrl\":\"https:\\\/\\\/secure.gravatar.com\\\/avatar\\\/adf7b77e38b4419baf32c7e9c21dde01f4e40df611f0978e3006fc4ba0aaab7e?s=96&d=mm&r=g\",\"caption\":\"Redacci\u00f3n Box Repsol\"},\"description\":\"Box Repsol lo forma un equipo de periodistas, community managers, dise\u00f1adores y fot\u00f3grafos con m\u00e1s de 20 a\u00f1os de experiencia en el mundo del motorsport. Hemos vivido el primer mundial de un espa\u00f1ol en la categor\u00eda reina de motociclismo con \u00c1lex Crivill\u00e9, estuvimos en las victorias de Pedrosa y los t\u00edtulos de M\u00e1rquez, acompa\u00f1amos en \u00c1frica a Nani Roma y Marc Coma en sus conquistas del Dakar y hemos vibrado con los t\u00edtulos de Toni Bou en Trial. Adem\u00e1s, en nuestro equipo contamos con expertos en el mundo de las dos y cuatro ruedas tanto de la calle y las carreteras, como de los circuitos. Periodistas que han trabajado en revistas y publicaciones para hacerte llegar desde rutas y consejos de mantenimiento, a curiosidades y trucos de pilotaje.\",\"sameAs\":[\"https:\\\/\\\/www.facebook.com\\\/BoxRepsol\\\/\",\"https:\\\/\\\/www.instagram.com\\\/box_repsol\\\/\",\"https:\\\/\\\/x.com\\\/https:\\\/\\\/twitter.com\\\/box_repsol\",\"https:\\\/\\\/www.youtube.com\\\/@Boxrepsol\"],\"url\":\"https:\\\/\\\/www.boxrepsol.com\\\/es\\\/author\\\/redaccion-box-repsol\\\/\"}]}<\/script>\n<!-- \/ Yoast SEO plugin. -->","yoast_head_json":{"title":"De Sud\u00e1frica al cielo con C\u00e1stor Fantoba - Box Repsol","description":"Fantoba representar\u00e1 a Espa\u00f1a, de la mano de Repsol, en el Mundial de Vuelo Acrob\u00e1tico que se disputar\u00e1 el pr\u00f3ximo mes de septiembre en Sud\u00e1frica.","canonical":"https:\/\/www.boxrepsol.com\/es\/red-bull-air-race\/sudafrica-al-cielo-castor-fantoba\/","og_locale":"es_ES","og_type":"article","og_title":"De Sud\u00e1frica al cielo con C\u00e1stor Fantoba - Box Repsol","og_description":"Fantoba representar\u00e1 a Espa\u00f1a, de la mano de Repsol, en el Mundial de Vuelo Acrob\u00e1tico que se disputar\u00e1 el pr\u00f3ximo mes de septiembre en Sud\u00e1frica.","og_url":"https:\/\/www.boxrepsol.com\/es\/red-bull-air-race\/sudafrica-al-cielo-castor-fantoba\/","og_site_name":"Box Repsol","article_publisher":"https:\/\/www.facebook.com\/BoxRepsol","article_author":"https:\/\/www.facebook.com\/BoxRepsol\/","article_published_time":"2017-04-27T02:00:00+00:00","article_modified_time":"2024-05-15T09:18:35+00:00","og_image":[{"width":995,"height":560,"url":"https:\/\/www.boxrepsol.com\/wp-content\/uploads\/2022\/08\/Castor-Fantoba-bravo3-repsol.jpg","type":"image\/jpeg"}],"author":"Redacci\u00f3n Box Repsol","twitter_card":"summary_large_image","twitter_creator":"@https:\/\/twitter.com\/box_repsol","twitter_site":"@box_repsol","twitter_misc":{"Written by":"Redacci\u00f3n Box Repsol","Est. reading time":"2 minutos"},"schema":{"@context":"https:\/\/schema.org","@graph":[{"@type":"Article","@id":"https:\/\/www.boxrepsol.com\/es\/red-bull-air-race\/sudafrica-al-cielo-castor-fantoba\/#article","isPartOf":{"@id":"https:\/\/www.boxrepsol.com\/es\/red-bull-air-race\/sudafrica-al-cielo-castor-fantoba\/"},"author":{"name":"Redacci\u00f3n Box Repsol","@id":"https:\/\/www.boxrepsol.com\/es\/#\/schema\/person\/c5c2138f2cca251b0ad92b7086bb60b7"},"headline":"De Sud\u00e1frica al cielo con C\u00e1stor Fantoba","datePublished":"2017-04-27T02:00:00+00:00","dateModified":"2024-05-15T09:18:35+00:00","mainEntityOfPage":{"@id":"https:\/\/www.boxrepsol.com\/es\/red-bull-air-race\/sudafrica-al-cielo-castor-fantoba\/"},"wordCount":417,"commentCount":0,"publisher":{"@id":"https:\/\/www.boxrepsol.com\/es\/#organization"},"image":{"@id":"https:\/\/www.boxrepsol.com\/es\/red-bull-air-race\/sudafrica-al-cielo-castor-fantoba\/#primaryimage"},"thumbnailUrl":"https:\/\/www.boxrepsol.com\/wp-content\/uploads\/2022\/08\/Castor-Fantoba-bravo3-repsol.jpg","keywords":["otros eventos y competiciones"],"articleSection":["Red Bull Air Race"],"inLanguage":"es","potentialAction":[{"@type":"CommentAction","name":"Comment","target":["https:\/\/www.boxrepsol.com\/es\/red-bull-air-race\/sudafrica-al-cielo-castor-fantoba\/#respond"]}]},{"@type":"WebPage","@id":"https:\/\/www.boxrepsol.com\/es\/red-bull-air-race\/sudafrica-al-cielo-castor-fantoba\/","url":"https:\/\/www.boxrepsol.com\/es\/red-bull-air-race\/sudafrica-al-cielo-castor-fantoba\/","name":"De Sud\u00e1frica al cielo con C\u00e1stor Fantoba - Box Repsol","isPartOf":{"@id":"https:\/\/www.boxrepsol.com\/es\/#website"},"primaryImageOfPage":{"@id":"https:\/\/www.boxrepsol.com\/es\/red-bull-air-race\/sudafrica-al-cielo-castor-fantoba\/#primaryimage"},"image":{"@id":"https:\/\/www.boxrepsol.com\/es\/red-bull-air-race\/sudafrica-al-cielo-castor-fantoba\/#primaryimage"},"thumbnailUrl":"https:\/\/www.boxrepsol.com\/wp-content\/uploads\/2022\/08\/Castor-Fantoba-bravo3-repsol.jpg","datePublished":"2017-04-27T02:00:00+00:00","dateModified":"2024-05-15T09:18:35+00:00","description":"Fantoba representar\u00e1 a Espa\u00f1a, de la mano de Repsol, en el Mundial de Vuelo Acrob\u00e1tico que se disputar\u00e1 el pr\u00f3ximo mes de septiembre en Sud\u00e1frica.","breadcrumb":{"@id":"https:\/\/www.boxrepsol.com\/es\/red-bull-air-race\/sudafrica-al-cielo-castor-fantoba\/#breadcrumb"},"inLanguage":"es","potentialAction":[{"@type":"ReadAction","target":["https:\/\/www.boxrepsol.com\/es\/red-bull-air-race\/sudafrica-al-cielo-castor-fantoba\/"]}]},{"@type":"ImageObject","inLanguage":"es","@id":"https:\/\/www.boxrepsol.com\/es\/red-bull-air-race\/sudafrica-al-cielo-castor-fantoba\/#primaryimage","url":"https:\/\/www.boxrepsol.com\/wp-content\/uploads\/2022\/08\/Castor-Fantoba-bravo3-repsol.jpg","contentUrl":"https:\/\/www.boxrepsol.com\/wp-content\/uploads\/2022\/08\/Castor-Fantoba-bravo3-repsol.jpg","width":995,"height":560,"caption":"C\u00e1stor Fantoba hablando con la prensa frente a su avi\u00f3n"},{"@type":"BreadcrumbList","@id":"https:\/\/www.boxrepsol.com\/es\/red-bull-air-race\/sudafrica-al-cielo-castor-fantoba\/#breadcrumb","itemListElement":[{"@type":"ListItem","position":1,"name":"Home","item":"https:\/\/www.boxrepsol.com\/es\/"},{"@type":"ListItem","position":2,"name":"De Sud\u00e1frica al cielo con C\u00e1stor Fantoba"}]},{"@type":"WebSite","@id":"https:\/\/www.boxrepsol.com\/es\/#website","url":"https:\/\/www.boxrepsol.com\/es\/","name":"Box Repsol","description":"Box Repsol Site","publisher":{"@id":"https:\/\/www.boxrepsol.com\/es\/#organization"},"potentialAction":[{"@type":"SearchAction","target":{"@type":"EntryPoint","urlTemplate":"https:\/\/www.boxrepsol.com\/es\/?s={search_term_string}"},"query-input":{"@type":"PropertyValueSpecification","valueRequired":true,"valueName":"search_term_string"}}],"inLanguage":"es"},{"@type":"Organization","@id":"https:\/\/www.boxrepsol.com\/es\/#organization","name":"Box Repsol","url":"https:\/\/www.boxrepsol.com\/es\/","logo":{"@type":"ImageObject","inLanguage":"es","@id":"https:\/\/www.boxrepsol.com\/es\/#\/schema\/logo\/image\/","url":"https:\/\/bxrepsol.s3.eu-west-1.amazonaws.com\/static\/2025\/07\/30083337\/favicon-96x96-1.png","contentUrl":"https:\/\/bxrepsol.s3.eu-west-1.amazonaws.com\/static\/2025\/07\/30083337\/favicon-96x96-1.png","width":96,"height":96,"caption":"Box Repsol"},"image":{"@id":"https:\/\/www.boxrepsol.com\/es\/#\/schema\/logo\/image\/"},"sameAs":["https:\/\/www.facebook.com\/BoxRepsol","https:\/\/x.com\/box_repsol","http:\/\/instagram.com\/box_repsol","https:\/\/www.youtube.com\/user\/RepsolCompeticion","https:\/\/www.flickr.com\/photos\/box_repsol\/"]},{"@type":"Person","@id":"https:\/\/www.boxrepsol.com\/es\/#\/schema\/person\/c5c2138f2cca251b0ad92b7086bb60b7","name":"Redacci\u00f3n Box Repsol","image":{"@type":"ImageObject","inLanguage":"es","@id":"https:\/\/secure.gravatar.com\/avatar\/adf7b77e38b4419baf32c7e9c21dde01f4e40df611f0978e3006fc4ba0aaab7e?s=96&d=mm&r=g","url":"https:\/\/secure.gravatar.com\/avatar\/adf7b77e38b4419baf32c7e9c21dde01f4e40df611f0978e3006fc4ba0aaab7e?s=96&d=mm&r=g","contentUrl":"https:\/\/secure.gravatar.com\/avatar\/adf7b77e38b4419baf32c7e9c21dde01f4e40df611f0978e3006fc4ba0aaab7e?s=96&d=mm&r=g","caption":"Redacci\u00f3n Box Repsol"},"description":"Box Repsol lo forma un equipo de periodistas, community managers, dise\u00f1adores y fot\u00f3grafos con m\u00e1s de 20 a\u00f1os de experiencia en el mundo del motorsport. Hemos vivido el primer mundial de un espa\u00f1ol en la categor\u00eda reina de motociclismo con \u00c1lex Crivill\u00e9, estuvimos en las victorias de Pedrosa y los t\u00edtulos de M\u00e1rquez, acompa\u00f1amos en \u00c1frica a Nani Roma y Marc Coma en sus conquistas del Dakar y hemos vibrado con los t\u00edtulos de Toni Bou en Trial. Adem\u00e1s, en nuestro equipo contamos con expertos en el mundo de las dos y cuatro ruedas tanto de la calle y las carreteras, como de los circuitos. Periodistas que han trabajado en revistas y publicaciones para hacerte llegar desde rutas y consejos de mantenimiento, a curiosidades y trucos de pilotaje.","sameAs":["https:\/\/www.facebook.com\/BoxRepsol\/","https:\/\/www.instagram.com\/box_repsol\/","https:\/\/x.com\/https:\/\/twitter.com\/box_repsol","https:\/\/www.youtube.com\/@Boxrepsol"],"url":"https:\/\/www.boxrepsol.com\/es\/author\/redaccion-box-repsol\/"}]}},"_links":{"self":[{"href":"https:\/\/www.boxrepsol.com\/es\/wp-json\/wp\/v2\/posts\/90151","targetHints":{"allow":["GET"]}}],"collection":[{"href":"https:\/\/www.boxrepsol.com\/es\/wp-json\/wp\/v2\/posts"}],"about":[{"href":"https:\/\/www.boxrepsol.com\/es\/wp-json\/wp\/v2\/types\/post"}],"author":[{"embeddable":true,"href":"https:\/\/www.boxrepsol.com\/es\/wp-json\/wp\/v2\/users\/43146"}],"replies":[{"embeddable":true,"href":"https:\/\/www.boxrepsol.com\/es\/wp-json\/wp\/v2\/comments?post=90151"}],"version-history":[{"count":1,"href":"https:\/\/www.boxrepsol.com\/es\/wp-json\/wp\/v2\/posts\/90151\/revisions"}],"predecessor-version":[{"id":90152,"href":"https:\/\/www.boxrepsol.com\/es\/wp-json\/wp\/v2\/posts\/90151\/revisions\/90152"}],"wp:featuredmedia":[{"embeddable":true,"href":"https:\/\/www.boxrepsol.com\/es\/wp-json\/wp\/v2\/media\/86402"}],"wp:attachment":[{"href":"https:\/\/www.boxrepsol.com\/es\/wp-json\/wp\/v2\/media?parent=90151"}],"wp:term":[{"taxonomy":"category","embeddable":true,"href":"https:\/\/www.boxrepsol.com\/es\/wp-json\/wp\/v2\/categories?post=90151"},{"taxonomy":"post_tag","embeddable":true,"href":"https:\/\/www.boxrepsol.com\/es\/wp-json\/wp\/v2\/tags?post=90151"}],"curies":[{"name":"wp","href":"https:\/\/api.w.org\/{rel}","templated":true}]}}