{"id":90148,"date":"2017-04-23T00:00:00","date_gmt":"2017-04-23T02:00:00","guid":{"rendered":"http:\/\/pre.boxrepsol.com\/sin-categorizar\/quinta-victoria-marquez-podio-pedrosa-austin\/"},"modified":"2024-10-16T10:50:49","modified_gmt":"2024-10-16T12:50:49","slug":"quinta-victoria-marquez-podio-pedrosa-austin","status":"publish","type":"post","link":"https:\/\/www.boxrepsol.com\/es\/motogp\/quinta-victoria-marquez-podio-pedrosa-austin\/","title":{"rendered":"Quinta victoria de M\u00e1rquez y podio de Pedrosa en Austin"},"content":{"rendered":"<blockquote><p>Estoy contento de haber regresado a la lucha por el campeonato<\/p>\n<p><a href=\"http:\/\/twitter.com\/share?text=Estoy+contento+de+haber+regresado+a+la+lucha+por+el+campeonato&amp;url=https%3A%2F%2Fwww.boxrepsol.com%2Fes%2F%3Fp%3D5987%2F&amp;hashtags=\" target=\"_blank\" rel=\"noopener\"><br \/>\ntwittear <\/a><\/p>\n<footer>Marc M\u00e1rquez<\/footer>\n<\/blockquote>\n<p>Novena victoria de M\u00e1rquez en Estados Unidos en MotoGP: 5 en Austin, 3 en Indian\u00e1polis y 1 en Laguna Seca.<\/p>\n<p>Con este resultado, Marc M\u00e1rquez se sit\u00faa tercero de la general con 38 puntos.<\/p>\n<p>Dani Pedrosa\u00a0se ha colocado primero en la primera curva, partiendo desde la cuarta, y ha liderado la carrera hasta el noveno giro.<\/p>\n<h3>Marc M\u00e1rquez<\/h3>\n<blockquote><p>\u00c9sta era una carrera crucial porque despu\u00e9s de Argentina era importante volver de la mejor manera, as\u00ed que estoy muy contento por este resultado. A pesar de que he ganado, ha sido dif\u00edcil, porque la temperatura ha subido m\u00e1s que ayer. Cinco minutos antes de la salida le he dicho a mis mec\u00e1nicos: \u201cvale, vamos a utilizar el neum\u00e1tico duro\u201d, porque sab\u00eda que iba a exigir mucho del medio delantero. Al principio he tratado s\u00f3lo de entender el l\u00edmite del neum\u00e1tico, porque no lo prob\u00e9 mucho el viernes. Estaba detr\u00e1s de Dani cuando he visto que \u00e9l estaba sufriendo un poco y Valentino se acercaba, as\u00ed que me he dicho: \u201cmomento de ir a por todas\u201d. He conseguido vencer y estoy contento de haber regresado a la lucha por el campeonato.<\/p><\/blockquote>\n<h3>Dani Pedrosa<\/h3>\n<blockquote><p>Estoy contento, porque hemos dado algunos pasos adelante y el fin de semana en general ha sido positivo. Hemos hecho algunas mejoras en las \u00faltimas carreras y tambi\u00e9n he acabado m\u00e1s arriba en los resultados de los entrenamientos. La sesi\u00f3n cronometrada no fue todo lo bien que me hubiese gustado, pero hoy hemos podido hacer una buena salida y llegar delante en la primera curva. Hac\u00eda tiempo que no lo consegu\u00eda; he podido liderar la carrera durante unas vueltas y eso es bueno. Al final ha sido dif\u00edcil gestionar el neum\u00e1tico delantero. He notado que el lado derecho se hab\u00eda gastado, as\u00ed que no he podido evitar que Valentino [Rossi] me adelantase. Despu\u00e9s de la ca\u00edda en Argentina quer\u00eda evitar que se me cerrase de nuevo la direcci\u00f3n, as\u00ed que he intentado terminar.<\/p><\/blockquote>\n","protected":false},"excerpt":{"rendered":"<p>El equipo Repsol Honda completa un brillante fin de semana con la tercera posici\u00f3n final de Dani Pedrosa.<\/p>\n","protected":false},"author":43146,"featured_media":86392,"comment_status":"open","ping_status":"open","sticky":false,"template":"","format":"standard","meta":{"footnotes":""},"categories":[4],"tags":[155],"class_list":["post-90148","post","type-post","status-publish","format-standard","hentry","category-motogp","tag-motogp-americas"],"yoast_head":"<!-- This site is optimized with the Yoast SEO plugin v27.3 - https:\/\/yoast.com\/product\/yoast-seo-wordpress\/ -->\n<title>Quinta victoria de M\u00e1rquez y podio de Pedrosa en Austin - Box Repsol<\/title>\n<meta name=\"description\" content=\"El equipo Repsol Honda completa un brillante fin de semana con la tercera posici\u00f3n final de Dani Pedrosa y Victoria de M\u00e1rquez.\" \/>\n<link rel=\"canonical\" href=\"https:\/\/www.boxrepsol.com\/es\/motogp\/quinta-victoria-marquez-podio-pedrosa-austin\/\" \/>\n<meta property=\"og:locale\" content=\"es_ES\" \/>\n<meta property=\"og:type\" content=\"article\" \/>\n<meta property=\"og:title\" content=\"Quinta victoria de M\u00e1rquez y podio de Pedrosa en Austin - Box Repsol\" \/>\n<meta property=\"og:description\" content=\"El equipo Repsol Honda completa un brillante fin de semana con la tercera posici\u00f3n final de Dani Pedrosa y Victoria de M\u00e1rquez.\" \/>\n<meta property=\"og:url\" content=\"https:\/\/www.boxrepsol.com\/es\/motogp\/quinta-victoria-marquez-podio-pedrosa-austin\/\" \/>\n<meta property=\"og:site_name\" content=\"Box Repsol\" \/>\n<meta property=\"article:publisher\" content=\"https:\/\/www.facebook.com\/BoxRepsol\" \/>\n<meta property=\"article:author\" content=\"https:\/\/www.facebook.com\/BoxRepsol\/\" \/>\n<meta property=\"article:published_time\" content=\"2017-04-23T02:00:00+00:00\" \/>\n<meta property=\"article:modified_time\" content=\"2024-10-16T12:50:49+00:00\" \/>\n<meta property=\"og:image\" content=\"https:\/\/www.boxrepsol.com\/wp-content\/uploads\/2022\/08\/Quinta-victoria-de-Marquez-y-podio-de-Pedrosa-en-Austin.jpg\" \/>\n\t<meta property=\"og:image:width\" content=\"995\" \/>\n\t<meta property=\"og:image:height\" content=\"560\" \/>\n\t<meta property=\"og:image:type\" content=\"image\/jpeg\" \/>\n<meta name=\"author\" content=\"Redacci\u00f3n Box Repsol\" \/>\n<meta name=\"twitter:card\" content=\"summary_large_image\" \/>\n<meta name=\"twitter:creator\" content=\"@https:\/\/twitter.com\/box_repsol\" \/>\n<meta name=\"twitter:site\" content=\"@box_repsol\" \/>\n<meta name=\"twitter:label1\" content=\"Written by\" \/>\n\t<meta name=\"twitter:data1\" content=\"Redacci\u00f3n Box Repsol\" \/>\n\t<meta name=\"twitter:label2\" content=\"Est. reading time\" \/>\n\t<meta name=\"twitter:data2\" content=\"2 minutos\" \/>\n<script type=\"application\/ld+json\" class=\"yoast-schema-graph\">{\"@context\":\"https:\\\/\\\/schema.org\",\"@graph\":[{\"@type\":\"Article\",\"@id\":\"https:\\\/\\\/www.boxrepsol.com\\\/es\\\/motogp\\\/quinta-victoria-marquez-podio-pedrosa-austin\\\/#article\",\"isPartOf\":{\"@id\":\"https:\\\/\\\/www.boxrepsol.com\\\/es\\\/motogp\\\/quinta-victoria-marquez-podio-pedrosa-austin\\\/\"},\"author\":{\"name\":\"Redacci\u00f3n Box Repsol\",\"@id\":\"https:\\\/\\\/www.boxrepsol.com\\\/es\\\/#\\\/schema\\\/person\\\/c5c2138f2cca251b0ad92b7086bb60b7\"},\"headline\":\"Quinta victoria de M\u00e1rquez y podio de Pedrosa en Austin\",\"datePublished\":\"2017-04-23T02:00:00+00:00\",\"dateModified\":\"2024-10-16T12:50:49+00:00\",\"mainEntityOfPage\":{\"@id\":\"https:\\\/\\\/www.boxrepsol.com\\\/es\\\/motogp\\\/quinta-victoria-marquez-podio-pedrosa-austin\\\/\"},\"wordCount\":374,\"commentCount\":0,\"publisher\":{\"@id\":\"https:\\\/\\\/www.boxrepsol.com\\\/es\\\/#organization\"},\"image\":{\"@id\":\"https:\\\/\\\/www.boxrepsol.com\\\/es\\\/motogp\\\/quinta-victoria-marquez-podio-pedrosa-austin\\\/#primaryimage\"},\"thumbnailUrl\":\"https:\\\/\\\/www.boxrepsol.com\\\/wp-content\\\/uploads\\\/2022\\\/08\\\/Quinta-victoria-de-Marquez-y-podio-de-Pedrosa-en-Austin.jpg\",\"keywords\":[\"MotoGP Americas\"],\"articleSection\":[\"MotoGP\"],\"inLanguage\":\"es\",\"potentialAction\":[{\"@type\":\"CommentAction\",\"name\":\"Comment\",\"target\":[\"https:\\\/\\\/www.boxrepsol.com\\\/es\\\/motogp\\\/quinta-victoria-marquez-podio-pedrosa-austin\\\/#respond\"]}]},{\"@type\":\"WebPage\",\"@id\":\"https:\\\/\\\/www.boxrepsol.com\\\/es\\\/motogp\\\/quinta-victoria-marquez-podio-pedrosa-austin\\\/\",\"url\":\"https:\\\/\\\/www.boxrepsol.com\\\/es\\\/motogp\\\/quinta-victoria-marquez-podio-pedrosa-austin\\\/\",\"name\":\"Quinta victoria de M\u00e1rquez y podio de Pedrosa en Austin - Box Repsol\",\"isPartOf\":{\"@id\":\"https:\\\/\\\/www.boxrepsol.com\\\/es\\\/#website\"},\"primaryImageOfPage\":{\"@id\":\"https:\\\/\\\/www.boxrepsol.com\\\/es\\\/motogp\\\/quinta-victoria-marquez-podio-pedrosa-austin\\\/#primaryimage\"},\"image\":{\"@id\":\"https:\\\/\\\/www.boxrepsol.com\\\/es\\\/motogp\\\/quinta-victoria-marquez-podio-pedrosa-austin\\\/#primaryimage\"},\"thumbnailUrl\":\"https:\\\/\\\/www.boxrepsol.com\\\/wp-content\\\/uploads\\\/2022\\\/08\\\/Quinta-victoria-de-Marquez-y-podio-de-Pedrosa-en-Austin.jpg\",\"datePublished\":\"2017-04-23T02:00:00+00:00\",\"dateModified\":\"2024-10-16T12:50:49+00:00\",\"description\":\"El equipo Repsol Honda completa un brillante fin de semana con la tercera posici\u00f3n final de Dani Pedrosa y Victoria de M\u00e1rquez.\",\"breadcrumb\":{\"@id\":\"https:\\\/\\\/www.boxrepsol.com\\\/es\\\/motogp\\\/quinta-victoria-marquez-podio-pedrosa-austin\\\/#breadcrumb\"},\"inLanguage\":\"es\",\"potentialAction\":[{\"@type\":\"ReadAction\",\"target\":[\"https:\\\/\\\/www.boxrepsol.com\\\/es\\\/motogp\\\/quinta-victoria-marquez-podio-pedrosa-austin\\\/\"]}]},{\"@type\":\"ImageObject\",\"inLanguage\":\"es\",\"@id\":\"https:\\\/\\\/www.boxrepsol.com\\\/es\\\/motogp\\\/quinta-victoria-marquez-podio-pedrosa-austin\\\/#primaryimage\",\"url\":\"https:\\\/\\\/www.boxrepsol.com\\\/wp-content\\\/uploads\\\/2022\\\/08\\\/Quinta-victoria-de-Marquez-y-podio-de-Pedrosa-en-Austin.jpg\",\"contentUrl\":\"https:\\\/\\\/www.boxrepsol.com\\\/wp-content\\\/uploads\\\/2022\\\/08\\\/Quinta-victoria-de-Marquez-y-podio-de-Pedrosa-en-Austin.jpg\",\"width\":995,\"height\":560,\"caption\":\"M\u00e1rquez, GP de las Am\u00e9ricas, MotoGP, motociclismo, 2017\"},{\"@type\":\"BreadcrumbList\",\"@id\":\"https:\\\/\\\/www.boxrepsol.com\\\/es\\\/motogp\\\/quinta-victoria-marquez-podio-pedrosa-austin\\\/#breadcrumb\",\"itemListElement\":[{\"@type\":\"ListItem\",\"position\":1,\"name\":\"Home\",\"item\":\"https:\\\/\\\/www.boxrepsol.com\\\/es\\\/\"},{\"@type\":\"ListItem\",\"position\":2,\"name\":\"Quinta victoria de M\u00e1rquez y podio de Pedrosa en Austin\"}]},{\"@type\":\"WebSite\",\"@id\":\"https:\\\/\\\/www.boxrepsol.com\\\/es\\\/#website\",\"url\":\"https:\\\/\\\/www.boxrepsol.com\\\/es\\\/\",\"name\":\"Box Repsol\",\"description\":\"Box Repsol Site\",\"publisher\":{\"@id\":\"https:\\\/\\\/www.boxrepsol.com\\\/es\\\/#organization\"},\"potentialAction\":[{\"@type\":\"SearchAction\",\"target\":{\"@type\":\"EntryPoint\",\"urlTemplate\":\"https:\\\/\\\/www.boxrepsol.com\\\/es\\\/?s={search_term_string}\"},\"query-input\":{\"@type\":\"PropertyValueSpecification\",\"valueRequired\":true,\"valueName\":\"search_term_string\"}}],\"inLanguage\":\"es\"},{\"@type\":\"Organization\",\"@id\":\"https:\\\/\\\/www.boxrepsol.com\\\/es\\\/#organization\",\"name\":\"Box Repsol\",\"url\":\"https:\\\/\\\/www.boxrepsol.com\\\/es\\\/\",\"logo\":{\"@type\":\"ImageObject\",\"inLanguage\":\"es\",\"@id\":\"https:\\\/\\\/www.boxrepsol.com\\\/es\\\/#\\\/schema\\\/logo\\\/image\\\/\",\"url\":\"https:\\\/\\\/bxrepsol.s3.eu-west-1.amazonaws.com\\\/static\\\/2025\\\/07\\\/30083337\\\/favicon-96x96-1.png\",\"contentUrl\":\"https:\\\/\\\/bxrepsol.s3.eu-west-1.amazonaws.com\\\/static\\\/2025\\\/07\\\/30083337\\\/favicon-96x96-1.png\",\"width\":96,\"height\":96,\"caption\":\"Box Repsol\"},\"image\":{\"@id\":\"https:\\\/\\\/www.boxrepsol.com\\\/es\\\/#\\\/schema\\\/logo\\\/image\\\/\"},\"sameAs\":[\"https:\\\/\\\/www.facebook.com\\\/BoxRepsol\",\"https:\\\/\\\/x.com\\\/box_repsol\",\"http:\\\/\\\/instagram.com\\\/box_repsol\",\"https:\\\/\\\/www.youtube.com\\\/user\\\/RepsolCompeticion\",\"https:\\\/\\\/www.flickr.com\\\/photos\\\/box_repsol\\\/\"]},{\"@type\":\"Person\",\"@id\":\"https:\\\/\\\/www.boxrepsol.com\\\/es\\\/#\\\/schema\\\/person\\\/c5c2138f2cca251b0ad92b7086bb60b7\",\"name\":\"Redacci\u00f3n Box Repsol\",\"image\":{\"@type\":\"ImageObject\",\"inLanguage\":\"es\",\"@id\":\"https:\\\/\\\/secure.gravatar.com\\\/avatar\\\/adf7b77e38b4419baf32c7e9c21dde01f4e40df611f0978e3006fc4ba0aaab7e?s=96&d=mm&r=g\",\"url\":\"https:\\\/\\\/secure.gravatar.com\\\/avatar\\\/adf7b77e38b4419baf32c7e9c21dde01f4e40df611f0978e3006fc4ba0aaab7e?s=96&d=mm&r=g\",\"contentUrl\":\"https:\\\/\\\/secure.gravatar.com\\\/avatar\\\/adf7b77e38b4419baf32c7e9c21dde01f4e40df611f0978e3006fc4ba0aaab7e?s=96&d=mm&r=g\",\"caption\":\"Redacci\u00f3n Box Repsol\"},\"description\":\"Box Repsol lo forma un equipo de periodistas, community managers, dise\u00f1adores y fot\u00f3grafos con m\u00e1s de 20 a\u00f1os de experiencia en el mundo del motorsport. Hemos vivido el primer mundial de un espa\u00f1ol en la categor\u00eda reina de motociclismo con \u00c1lex Crivill\u00e9, estuvimos en las victorias de Pedrosa y los t\u00edtulos de M\u00e1rquez, acompa\u00f1amos en \u00c1frica a Nani Roma y Marc Coma en sus conquistas del Dakar y hemos vibrado con los t\u00edtulos de Toni Bou en Trial. Adem\u00e1s, en nuestro equipo contamos con expertos en el mundo de las dos y cuatro ruedas tanto de la calle y las carreteras, como de los circuitos. Periodistas que han trabajado en revistas y publicaciones para hacerte llegar desde rutas y consejos de mantenimiento, a curiosidades y trucos de pilotaje.\",\"sameAs\":[\"https:\\\/\\\/www.facebook.com\\\/BoxRepsol\\\/\",\"https:\\\/\\\/www.instagram.com\\\/box_repsol\\\/\",\"https:\\\/\\\/x.com\\\/https:\\\/\\\/twitter.com\\\/box_repsol\",\"https:\\\/\\\/www.youtube.com\\\/@Boxrepsol\"],\"url\":\"https:\\\/\\\/www.boxrepsol.com\\\/es\\\/author\\\/redaccion-box-repsol\\\/\"}]}<\/script>\n<!-- \/ Yoast SEO plugin. -->","yoast_head_json":{"title":"Quinta victoria de M\u00e1rquez y podio de Pedrosa en Austin - Box Repsol","description":"El equipo Repsol Honda completa un brillante fin de semana con la tercera posici\u00f3n final de Dani Pedrosa y Victoria de M\u00e1rquez.","canonical":"https:\/\/www.boxrepsol.com\/es\/motogp\/quinta-victoria-marquez-podio-pedrosa-austin\/","og_locale":"es_ES","og_type":"article","og_title":"Quinta victoria de M\u00e1rquez y podio de Pedrosa en Austin - Box Repsol","og_description":"El equipo Repsol Honda completa un brillante fin de semana con la tercera posici\u00f3n final de Dani Pedrosa y Victoria de M\u00e1rquez.","og_url":"https:\/\/www.boxrepsol.com\/es\/motogp\/quinta-victoria-marquez-podio-pedrosa-austin\/","og_site_name":"Box Repsol","article_publisher":"https:\/\/www.facebook.com\/BoxRepsol","article_author":"https:\/\/www.facebook.com\/BoxRepsol\/","article_published_time":"2017-04-23T02:00:00+00:00","article_modified_time":"2024-10-16T12:50:49+00:00","og_image":[{"width":995,"height":560,"url":"https:\/\/www.boxrepsol.com\/wp-content\/uploads\/2022\/08\/Quinta-victoria-de-Marquez-y-podio-de-Pedrosa-en-Austin.jpg","type":"image\/jpeg"}],"author":"Redacci\u00f3n Box Repsol","twitter_card":"summary_large_image","twitter_creator":"@https:\/\/twitter.com\/box_repsol","twitter_site":"@box_repsol","twitter_misc":{"Written by":"Redacci\u00f3n Box Repsol","Est. reading time":"2 minutos"},"schema":{"@context":"https:\/\/schema.org","@graph":[{"@type":"Article","@id":"https:\/\/www.boxrepsol.com\/es\/motogp\/quinta-victoria-marquez-podio-pedrosa-austin\/#article","isPartOf":{"@id":"https:\/\/www.boxrepsol.com\/es\/motogp\/quinta-victoria-marquez-podio-pedrosa-austin\/"},"author":{"name":"Redacci\u00f3n Box Repsol","@id":"https:\/\/www.boxrepsol.com\/es\/#\/schema\/person\/c5c2138f2cca251b0ad92b7086bb60b7"},"headline":"Quinta victoria de M\u00e1rquez y podio de Pedrosa en Austin","datePublished":"2017-04-23T02:00:00+00:00","dateModified":"2024-10-16T12:50:49+00:00","mainEntityOfPage":{"@id":"https:\/\/www.boxrepsol.com\/es\/motogp\/quinta-victoria-marquez-podio-pedrosa-austin\/"},"wordCount":374,"commentCount":0,"publisher":{"@id":"https:\/\/www.boxrepsol.com\/es\/#organization"},"image":{"@id":"https:\/\/www.boxrepsol.com\/es\/motogp\/quinta-victoria-marquez-podio-pedrosa-austin\/#primaryimage"},"thumbnailUrl":"https:\/\/www.boxrepsol.com\/wp-content\/uploads\/2022\/08\/Quinta-victoria-de-Marquez-y-podio-de-Pedrosa-en-Austin.jpg","keywords":["MotoGP Americas"],"articleSection":["MotoGP"],"inLanguage":"es","potentialAction":[{"@type":"CommentAction","name":"Comment","target":["https:\/\/www.boxrepsol.com\/es\/motogp\/quinta-victoria-marquez-podio-pedrosa-austin\/#respond"]}]},{"@type":"WebPage","@id":"https:\/\/www.boxrepsol.com\/es\/motogp\/quinta-victoria-marquez-podio-pedrosa-austin\/","url":"https:\/\/www.boxrepsol.com\/es\/motogp\/quinta-victoria-marquez-podio-pedrosa-austin\/","name":"Quinta victoria de M\u00e1rquez y podio de Pedrosa en Austin - Box Repsol","isPartOf":{"@id":"https:\/\/www.boxrepsol.com\/es\/#website"},"primaryImageOfPage":{"@id":"https:\/\/www.boxrepsol.com\/es\/motogp\/quinta-victoria-marquez-podio-pedrosa-austin\/#primaryimage"},"image":{"@id":"https:\/\/www.boxrepsol.com\/es\/motogp\/quinta-victoria-marquez-podio-pedrosa-austin\/#primaryimage"},"thumbnailUrl":"https:\/\/www.boxrepsol.com\/wp-content\/uploads\/2022\/08\/Quinta-victoria-de-Marquez-y-podio-de-Pedrosa-en-Austin.jpg","datePublished":"2017-04-23T02:00:00+00:00","dateModified":"2024-10-16T12:50:49+00:00","description":"El equipo Repsol Honda completa un brillante fin de semana con la tercera posici\u00f3n final de Dani Pedrosa y Victoria de M\u00e1rquez.","breadcrumb":{"@id":"https:\/\/www.boxrepsol.com\/es\/motogp\/quinta-victoria-marquez-podio-pedrosa-austin\/#breadcrumb"},"inLanguage":"es","potentialAction":[{"@type":"ReadAction","target":["https:\/\/www.boxrepsol.com\/es\/motogp\/quinta-victoria-marquez-podio-pedrosa-austin\/"]}]},{"@type":"ImageObject","inLanguage":"es","@id":"https:\/\/www.boxrepsol.com\/es\/motogp\/quinta-victoria-marquez-podio-pedrosa-austin\/#primaryimage","url":"https:\/\/www.boxrepsol.com\/wp-content\/uploads\/2022\/08\/Quinta-victoria-de-Marquez-y-podio-de-Pedrosa-en-Austin.jpg","contentUrl":"https:\/\/www.boxrepsol.com\/wp-content\/uploads\/2022\/08\/Quinta-victoria-de-Marquez-y-podio-de-Pedrosa-en-Austin.jpg","width":995,"height":560,"caption":"M\u00e1rquez, GP de las Am\u00e9ricas, MotoGP, motociclismo, 2017"},{"@type":"BreadcrumbList","@id":"https:\/\/www.boxrepsol.com\/es\/motogp\/quinta-victoria-marquez-podio-pedrosa-austin\/#breadcrumb","itemListElement":[{"@type":"ListItem","position":1,"name":"Home","item":"https:\/\/www.boxrepsol.com\/es\/"},{"@type":"ListItem","position":2,"name":"Quinta victoria de M\u00e1rquez y podio de Pedrosa en Austin"}]},{"@type":"WebSite","@id":"https:\/\/www.boxrepsol.com\/es\/#website","url":"https:\/\/www.boxrepsol.com\/es\/","name":"Box Repsol","description":"Box Repsol Site","publisher":{"@id":"https:\/\/www.boxrepsol.com\/es\/#organization"},"potentialAction":[{"@type":"SearchAction","target":{"@type":"EntryPoint","urlTemplate":"https:\/\/www.boxrepsol.com\/es\/?s={search_term_string}"},"query-input":{"@type":"PropertyValueSpecification","valueRequired":true,"valueName":"search_term_string"}}],"inLanguage":"es"},{"@type":"Organization","@id":"https:\/\/www.boxrepsol.com\/es\/#organization","name":"Box Repsol","url":"https:\/\/www.boxrepsol.com\/es\/","logo":{"@type":"ImageObject","inLanguage":"es","@id":"https:\/\/www.boxrepsol.com\/es\/#\/schema\/logo\/image\/","url":"https:\/\/bxrepsol.s3.eu-west-1.amazonaws.com\/static\/2025\/07\/30083337\/favicon-96x96-1.png","contentUrl":"https:\/\/bxrepsol.s3.eu-west-1.amazonaws.com\/static\/2025\/07\/30083337\/favicon-96x96-1.png","width":96,"height":96,"caption":"Box Repsol"},"image":{"@id":"https:\/\/www.boxrepsol.com\/es\/#\/schema\/logo\/image\/"},"sameAs":["https:\/\/www.facebook.com\/BoxRepsol","https:\/\/x.com\/box_repsol","http:\/\/instagram.com\/box_repsol","https:\/\/www.youtube.com\/user\/RepsolCompeticion","https:\/\/www.flickr.com\/photos\/box_repsol\/"]},{"@type":"Person","@id":"https:\/\/www.boxrepsol.com\/es\/#\/schema\/person\/c5c2138f2cca251b0ad92b7086bb60b7","name":"Redacci\u00f3n Box Repsol","image":{"@type":"ImageObject","inLanguage":"es","@id":"https:\/\/secure.gravatar.com\/avatar\/adf7b77e38b4419baf32c7e9c21dde01f4e40df611f0978e3006fc4ba0aaab7e?s=96&d=mm&r=g","url":"https:\/\/secure.gravatar.com\/avatar\/adf7b77e38b4419baf32c7e9c21dde01f4e40df611f0978e3006fc4ba0aaab7e?s=96&d=mm&r=g","contentUrl":"https:\/\/secure.gravatar.com\/avatar\/adf7b77e38b4419baf32c7e9c21dde01f4e40df611f0978e3006fc4ba0aaab7e?s=96&d=mm&r=g","caption":"Redacci\u00f3n Box Repsol"},"description":"Box Repsol lo forma un equipo de periodistas, community managers, dise\u00f1adores y fot\u00f3grafos con m\u00e1s de 20 a\u00f1os de experiencia en el mundo del motorsport. Hemos vivido el primer mundial de un espa\u00f1ol en la categor\u00eda reina de motociclismo con \u00c1lex Crivill\u00e9, estuvimos en las victorias de Pedrosa y los t\u00edtulos de M\u00e1rquez, acompa\u00f1amos en \u00c1frica a Nani Roma y Marc Coma en sus conquistas del Dakar y hemos vibrado con los t\u00edtulos de Toni Bou en Trial. Adem\u00e1s, en nuestro equipo contamos con expertos en el mundo de las dos y cuatro ruedas tanto de la calle y las carreteras, como de los circuitos. Periodistas que han trabajado en revistas y publicaciones para hacerte llegar desde rutas y consejos de mantenimiento, a curiosidades y trucos de pilotaje.","sameAs":["https:\/\/www.facebook.com\/BoxRepsol\/","https:\/\/www.instagram.com\/box_repsol\/","https:\/\/x.com\/https:\/\/twitter.com\/box_repsol","https:\/\/www.youtube.com\/@Boxrepsol"],"url":"https:\/\/www.boxrepsol.com\/es\/author\/redaccion-box-repsol\/"}]}},"_links":{"self":[{"href":"https:\/\/www.boxrepsol.com\/es\/wp-json\/wp\/v2\/posts\/90148","targetHints":{"allow":["GET"]}}],"collection":[{"href":"https:\/\/www.boxrepsol.com\/es\/wp-json\/wp\/v2\/posts"}],"about":[{"href":"https:\/\/www.boxrepsol.com\/es\/wp-json\/wp\/v2\/types\/post"}],"author":[{"embeddable":true,"href":"https:\/\/www.boxrepsol.com\/es\/wp-json\/wp\/v2\/users\/43146"}],"replies":[{"embeddable":true,"href":"https:\/\/www.boxrepsol.com\/es\/wp-json\/wp\/v2\/comments?post=90148"}],"version-history":[{"count":2,"href":"https:\/\/www.boxrepsol.com\/es\/wp-json\/wp\/v2\/posts\/90148\/revisions"}],"predecessor-version":[{"id":121146,"href":"https:\/\/www.boxrepsol.com\/es\/wp-json\/wp\/v2\/posts\/90148\/revisions\/121146"}],"wp:featuredmedia":[{"embeddable":true,"href":"https:\/\/www.boxrepsol.com\/es\/wp-json\/wp\/v2\/media\/86392"}],"wp:attachment":[{"href":"https:\/\/www.boxrepsol.com\/es\/wp-json\/wp\/v2\/media?parent=90148"}],"wp:term":[{"taxonomy":"category","embeddable":true,"href":"https:\/\/www.boxrepsol.com\/es\/wp-json\/wp\/v2\/categories?post=90148"},{"taxonomy":"post_tag","embeddable":true,"href":"https:\/\/www.boxrepsol.com\/es\/wp-json\/wp\/v2\/tags?post=90148"}],"curies":[{"name":"wp","href":"https:\/\/api.w.org\/{rel}","templated":true}]}}