{"id":90147,"date":"2017-04-23T00:00:00","date_gmt":"2017-04-23T02:00:00","guid":{"rendered":"http:\/\/pre.boxrepsol.com\/sin-categorizar\/cuarta-posicion-enea-bastianini-caida-aron-canet\/"},"modified":"2024-05-15T07:19:07","modified_gmt":"2024-05-15T09:19:07","slug":"cuarta-posicion-enea-bastianini-caida-aron-canet","status":"publish","type":"post","link":"https:\/\/www.boxrepsol.com\/es\/motogp\/cuarta-posicion-enea-bastianini-caida-aron-canet\/","title":{"rendered":"Cuarta posici\u00f3n de Enea Bastianini y ca\u00edda de Ar\u00f3n Canet"},"content":{"rendered":"<blockquote>\n<p>He luchado toda la carrera al l\u00edmite<\/p>\n<p>            <a href=\"http:\/\/twitter.com\/share?text=He+luchado+toda+la+carrera+al+l%C3%ADmite&#038;url=https%3A%2F%2Fwww.boxrepsol.com%2Fes%2F%3Fp%3D5977%2F&#038;hashtags=\" target=\"_blank\" rel=\"noopener\"><br \/>\n            twittear        <\/a><\/p>\n<footer>Enea Bastianini<\/footer>\n<\/blockquote>\n<p>La carrera se ha visto interrumpida con bandera roja despu\u00e9s de tres vueltas, debido a una ca\u00edda, cuando <strong>Canet<\/strong> lideraba con casi 2 segundos de ventaja sobre el grupo perseguidor.<\/p>\n<p>En la reanudaci\u00f3n a 12 vueltas, <strong>Canet<\/strong> ha vuelto a situarse en cabeza hasta su ca\u00edda en el cuarto giro.<\/p>\n<p><strong>Bastianini<\/strong>, que part\u00eda desde la s\u00e9ptima posici\u00f3n, se ha situado en el grupo de ocho pilotos que optaba a la segunda y tercera posici\u00f3n del podio.<\/p>\n<h3>\n\t\tEnea Bastianini<br \/>\n\t<\/h3>\n<blockquote>\n<p>Al final estoy satisfecho, porque he conseguido rodar en el grupo delantero y he luchado toda la carrera al l\u00edmite. En cierto punto me he quedado un poco retrasado con otros pilotos, pero cuando he podido abrir un poco de hueco, he conseguido atrapar a Di Gianantonio y Jorge Mart\u00edn. He intentado ponerme tercero en una frenada, pero me he ido un poco largo. Sab\u00eda que en el \u00faltimo parcial no era suficientemente r\u00e1pido, me costaba adelantar en ese punto, y no ha salido. Pero lo importante es que hemos hecho una buena carrera y que hemos conseguido mantenernos en el grupo de cabeza.<\/p>\n<\/blockquote>\n<h3>\n\t\tAr\u00f3n Canet<br \/>\n\t<\/h3>\n<blockquote>\n<p>En la primera salida hab\u00eda conseguido escaparme con Mir y abrir un hueco, rodando bastante c\u00f3modo. Pero han sacado bandera roja y cuando hemos vuelto a salir, he utilizado la misma estrategia. Fenati ha intentado frenarme, pero no pod\u00eda, ya que mi ritmo era bastante mejor. He intentado forzar un poco m\u00e1s para sacarle unos metros y en una curva he acelerado un poco antes. Ah\u00ed he cometido el error y me he ca\u00eddo. Lo positivo del fin de semana es que est\u00e1bamos muy fuertes y creo que hubi\u00e9semos podido ganar la carrera, pero hoy hemos cometido un peque\u00f1o error del que tenemos que aprender. En la pretemporada en Jerez nos fue muy bien, as\u00ed que seguro que en dos semanas lo hacemos igual de bien.<\/p>\n<\/blockquote>\n","protected":false},"excerpt":{"rendered":"<p>Poco m\u00e1s de una d\u00e9cima es lo que ha separado a Bastianini de su primer podio de la temporada. Su compa\u00f1ero, Ar\u00f3n Canet, ha sufrido una ca\u00edda liderando la carrera.<\/p>\n","protected":false},"author":43146,"featured_media":86390,"comment_status":"open","ping_status":"open","sticky":false,"template":"","format":"standard","meta":{"footnotes":""},"categories":[4],"tags":[14],"class_list":["post-90147","post","type-post","status-publish","format-standard","hentry","category-motogp","tag-moto3"],"yoast_head":"<!-- This site is optimized with the Yoast SEO plugin v27.3 - https:\/\/yoast.com\/product\/yoast-seo-wordpress\/ -->\n<title>Cuarta posici\u00f3n de Enea Bastianini y ca\u00edda de Ar\u00f3n Canet - Box Repsol<\/title>\n<meta name=\"description\" content=\"Poco m\u00e1s de una d\u00e9cima es lo que ha separado a Enea Bastianini de su primer podio de la temporada. Ca\u00edda de Ar\u00f3n Canet en el Gp de las Am\u00e9ricas.\" \/>\n<link rel=\"canonical\" href=\"https:\/\/www.boxrepsol.com\/es\/motogp\/cuarta-posicion-enea-bastianini-caida-aron-canet\/\" \/>\n<meta property=\"og:locale\" content=\"es_ES\" \/>\n<meta property=\"og:type\" content=\"article\" \/>\n<meta property=\"og:title\" content=\"Cuarta posici\u00f3n de Enea Bastianini y ca\u00edda de Ar\u00f3n Canet - Box Repsol\" \/>\n<meta property=\"og:description\" content=\"Poco m\u00e1s de una d\u00e9cima es lo que ha separado a Enea Bastianini de su primer podio de la temporada. Ca\u00edda de Ar\u00f3n Canet en el Gp de las Am\u00e9ricas.\" \/>\n<meta property=\"og:url\" content=\"https:\/\/www.boxrepsol.com\/es\/motogp\/cuarta-posicion-enea-bastianini-caida-aron-canet\/\" \/>\n<meta property=\"og:site_name\" content=\"Box Repsol\" \/>\n<meta property=\"article:publisher\" content=\"https:\/\/www.facebook.com\/BoxRepsol\" \/>\n<meta property=\"article:author\" content=\"https:\/\/www.facebook.com\/BoxRepsol\/\" \/>\n<meta property=\"article:published_time\" content=\"2017-04-23T02:00:00+00:00\" \/>\n<meta property=\"article:modified_time\" content=\"2024-05-15T09:19:07+00:00\" \/>\n<meta property=\"og:image\" content=\"https:\/\/www.boxrepsol.com\/wp-content\/uploads\/2022\/08\/Cuarta-posicion-de-Enea-Bastianini-y-caida-de-Aron-Canet.jpg\" \/>\n\t<meta property=\"og:image:width\" content=\"995\" \/>\n\t<meta property=\"og:image:height\" content=\"560\" \/>\n\t<meta property=\"og:image:type\" content=\"image\/jpeg\" \/>\n<meta name=\"author\" content=\"Redacci\u00f3n Box Repsol\" \/>\n<meta name=\"twitter:card\" content=\"summary_large_image\" \/>\n<meta name=\"twitter:creator\" content=\"@https:\/\/twitter.com\/box_repsol\" \/>\n<meta name=\"twitter:site\" content=\"@box_repsol\" \/>\n<meta name=\"twitter:label1\" content=\"Written by\" \/>\n\t<meta name=\"twitter:data1\" content=\"Redacci\u00f3n Box Repsol\" \/>\n\t<meta name=\"twitter:label2\" content=\"Est. reading time\" \/>\n\t<meta name=\"twitter:data2\" content=\"2 minutos\" \/>\n<script type=\"application\/ld+json\" class=\"yoast-schema-graph\">{\"@context\":\"https:\\\/\\\/schema.org\",\"@graph\":[{\"@type\":\"Article\",\"@id\":\"https:\\\/\\\/www.boxrepsol.com\\\/es\\\/motogp\\\/cuarta-posicion-enea-bastianini-caida-aron-canet\\\/#article\",\"isPartOf\":{\"@id\":\"https:\\\/\\\/www.boxrepsol.com\\\/es\\\/motogp\\\/cuarta-posicion-enea-bastianini-caida-aron-canet\\\/\"},\"author\":{\"name\":\"Redacci\u00f3n Box Repsol\",\"@id\":\"https:\\\/\\\/www.boxrepsol.com\\\/es\\\/#\\\/schema\\\/person\\\/c5c2138f2cca251b0ad92b7086bb60b7\"},\"headline\":\"Cuarta posici\u00f3n de Enea Bastianini y ca\u00edda de Ar\u00f3n Canet\",\"datePublished\":\"2017-04-23T02:00:00+00:00\",\"dateModified\":\"2024-05-15T09:19:07+00:00\",\"mainEntityOfPage\":{\"@id\":\"https:\\\/\\\/www.boxrepsol.com\\\/es\\\/motogp\\\/cuarta-posicion-enea-bastianini-caida-aron-canet\\\/\"},\"wordCount\":353,\"commentCount\":0,\"publisher\":{\"@id\":\"https:\\\/\\\/www.boxrepsol.com\\\/es\\\/#organization\"},\"image\":{\"@id\":\"https:\\\/\\\/www.boxrepsol.com\\\/es\\\/motogp\\\/cuarta-posicion-enea-bastianini-caida-aron-canet\\\/#primaryimage\"},\"thumbnailUrl\":\"https:\\\/\\\/www.boxrepsol.com\\\/wp-content\\\/uploads\\\/2022\\\/08\\\/Cuarta-posicion-de-Enea-Bastianini-y-caida-de-Aron-Canet.jpg\",\"keywords\":[\"Moto3\"],\"articleSection\":[\"MotoGP\"],\"inLanguage\":\"es\",\"potentialAction\":[{\"@type\":\"CommentAction\",\"name\":\"Comment\",\"target\":[\"https:\\\/\\\/www.boxrepsol.com\\\/es\\\/motogp\\\/cuarta-posicion-enea-bastianini-caida-aron-canet\\\/#respond\"]}]},{\"@type\":\"WebPage\",\"@id\":\"https:\\\/\\\/www.boxrepsol.com\\\/es\\\/motogp\\\/cuarta-posicion-enea-bastianini-caida-aron-canet\\\/\",\"url\":\"https:\\\/\\\/www.boxrepsol.com\\\/es\\\/motogp\\\/cuarta-posicion-enea-bastianini-caida-aron-canet\\\/\",\"name\":\"Cuarta posici\u00f3n de Enea Bastianini y ca\u00edda de Ar\u00f3n Canet - Box Repsol\",\"isPartOf\":{\"@id\":\"https:\\\/\\\/www.boxrepsol.com\\\/es\\\/#website\"},\"primaryImageOfPage\":{\"@id\":\"https:\\\/\\\/www.boxrepsol.com\\\/es\\\/motogp\\\/cuarta-posicion-enea-bastianini-caida-aron-canet\\\/#primaryimage\"},\"image\":{\"@id\":\"https:\\\/\\\/www.boxrepsol.com\\\/es\\\/motogp\\\/cuarta-posicion-enea-bastianini-caida-aron-canet\\\/#primaryimage\"},\"thumbnailUrl\":\"https:\\\/\\\/www.boxrepsol.com\\\/wp-content\\\/uploads\\\/2022\\\/08\\\/Cuarta-posicion-de-Enea-Bastianini-y-caida-de-Aron-Canet.jpg\",\"datePublished\":\"2017-04-23T02:00:00+00:00\",\"dateModified\":\"2024-05-15T09:19:07+00:00\",\"description\":\"Poco m\u00e1s de una d\u00e9cima es lo que ha separado a Enea Bastianini de su primer podio de la temporada. Ca\u00edda de Ar\u00f3n Canet en el Gp de las Am\u00e9ricas.\",\"breadcrumb\":{\"@id\":\"https:\\\/\\\/www.boxrepsol.com\\\/es\\\/motogp\\\/cuarta-posicion-enea-bastianini-caida-aron-canet\\\/#breadcrumb\"},\"inLanguage\":\"es\",\"potentialAction\":[{\"@type\":\"ReadAction\",\"target\":[\"https:\\\/\\\/www.boxrepsol.com\\\/es\\\/motogp\\\/cuarta-posicion-enea-bastianini-caida-aron-canet\\\/\"]}]},{\"@type\":\"ImageObject\",\"inLanguage\":\"es\",\"@id\":\"https:\\\/\\\/www.boxrepsol.com\\\/es\\\/motogp\\\/cuarta-posicion-enea-bastianini-caida-aron-canet\\\/#primaryimage\",\"url\":\"https:\\\/\\\/www.boxrepsol.com\\\/wp-content\\\/uploads\\\/2022\\\/08\\\/Cuarta-posicion-de-Enea-Bastianini-y-caida-de-Aron-Canet.jpg\",\"contentUrl\":\"https:\\\/\\\/www.boxrepsol.com\\\/wp-content\\\/uploads\\\/2022\\\/08\\\/Cuarta-posicion-de-Enea-Bastianini-y-caida-de-Aron-Canet.jpg\",\"width\":995,\"height\":560,\"caption\":\"Bastianini, GP de las Am\u00e9ricas, Moto3, motociclismo, 2017\"},{\"@type\":\"BreadcrumbList\",\"@id\":\"https:\\\/\\\/www.boxrepsol.com\\\/es\\\/motogp\\\/cuarta-posicion-enea-bastianini-caida-aron-canet\\\/#breadcrumb\",\"itemListElement\":[{\"@type\":\"ListItem\",\"position\":1,\"name\":\"Home\",\"item\":\"https:\\\/\\\/www.boxrepsol.com\\\/es\\\/\"},{\"@type\":\"ListItem\",\"position\":2,\"name\":\"Cuarta posici\u00f3n de Enea Bastianini y ca\u00edda de Ar\u00f3n Canet\"}]},{\"@type\":\"WebSite\",\"@id\":\"https:\\\/\\\/www.boxrepsol.com\\\/es\\\/#website\",\"url\":\"https:\\\/\\\/www.boxrepsol.com\\\/es\\\/\",\"name\":\"Box Repsol\",\"description\":\"Box Repsol Site\",\"publisher\":{\"@id\":\"https:\\\/\\\/www.boxrepsol.com\\\/es\\\/#organization\"},\"potentialAction\":[{\"@type\":\"SearchAction\",\"target\":{\"@type\":\"EntryPoint\",\"urlTemplate\":\"https:\\\/\\\/www.boxrepsol.com\\\/es\\\/?s={search_term_string}\"},\"query-input\":{\"@type\":\"PropertyValueSpecification\",\"valueRequired\":true,\"valueName\":\"search_term_string\"}}],\"inLanguage\":\"es\"},{\"@type\":\"Organization\",\"@id\":\"https:\\\/\\\/www.boxrepsol.com\\\/es\\\/#organization\",\"name\":\"Box Repsol\",\"url\":\"https:\\\/\\\/www.boxrepsol.com\\\/es\\\/\",\"logo\":{\"@type\":\"ImageObject\",\"inLanguage\":\"es\",\"@id\":\"https:\\\/\\\/www.boxrepsol.com\\\/es\\\/#\\\/schema\\\/logo\\\/image\\\/\",\"url\":\"https:\\\/\\\/bxrepsol.s3.eu-west-1.amazonaws.com\\\/static\\\/2025\\\/07\\\/30083337\\\/favicon-96x96-1.png\",\"contentUrl\":\"https:\\\/\\\/bxrepsol.s3.eu-west-1.amazonaws.com\\\/static\\\/2025\\\/07\\\/30083337\\\/favicon-96x96-1.png\",\"width\":96,\"height\":96,\"caption\":\"Box Repsol\"},\"image\":{\"@id\":\"https:\\\/\\\/www.boxrepsol.com\\\/es\\\/#\\\/schema\\\/logo\\\/image\\\/\"},\"sameAs\":[\"https:\\\/\\\/www.facebook.com\\\/BoxRepsol\",\"https:\\\/\\\/x.com\\\/box_repsol\",\"http:\\\/\\\/instagram.com\\\/box_repsol\",\"https:\\\/\\\/www.youtube.com\\\/user\\\/RepsolCompeticion\",\"https:\\\/\\\/www.flickr.com\\\/photos\\\/box_repsol\\\/\"]},{\"@type\":\"Person\",\"@id\":\"https:\\\/\\\/www.boxrepsol.com\\\/es\\\/#\\\/schema\\\/person\\\/c5c2138f2cca251b0ad92b7086bb60b7\",\"name\":\"Redacci\u00f3n Box Repsol\",\"image\":{\"@type\":\"ImageObject\",\"inLanguage\":\"es\",\"@id\":\"https:\\\/\\\/secure.gravatar.com\\\/avatar\\\/adf7b77e38b4419baf32c7e9c21dde01f4e40df611f0978e3006fc4ba0aaab7e?s=96&d=mm&r=g\",\"url\":\"https:\\\/\\\/secure.gravatar.com\\\/avatar\\\/adf7b77e38b4419baf32c7e9c21dde01f4e40df611f0978e3006fc4ba0aaab7e?s=96&d=mm&r=g\",\"contentUrl\":\"https:\\\/\\\/secure.gravatar.com\\\/avatar\\\/adf7b77e38b4419baf32c7e9c21dde01f4e40df611f0978e3006fc4ba0aaab7e?s=96&d=mm&r=g\",\"caption\":\"Redacci\u00f3n Box Repsol\"},\"description\":\"Box Repsol lo forma un equipo de periodistas, community managers, dise\u00f1adores y fot\u00f3grafos con m\u00e1s de 20 a\u00f1os de experiencia en el mundo del motorsport. Hemos vivido el primer mundial de un espa\u00f1ol en la categor\u00eda reina de motociclismo con \u00c1lex Crivill\u00e9, estuvimos en las victorias de Pedrosa y los t\u00edtulos de M\u00e1rquez, acompa\u00f1amos en \u00c1frica a Nani Roma y Marc Coma en sus conquistas del Dakar y hemos vibrado con los t\u00edtulos de Toni Bou en Trial. Adem\u00e1s, en nuestro equipo contamos con expertos en el mundo de las dos y cuatro ruedas tanto de la calle y las carreteras, como de los circuitos. Periodistas que han trabajado en revistas y publicaciones para hacerte llegar desde rutas y consejos de mantenimiento, a curiosidades y trucos de pilotaje.\",\"sameAs\":[\"https:\\\/\\\/www.facebook.com\\\/BoxRepsol\\\/\",\"https:\\\/\\\/www.instagram.com\\\/box_repsol\\\/\",\"https:\\\/\\\/x.com\\\/https:\\\/\\\/twitter.com\\\/box_repsol\",\"https:\\\/\\\/www.youtube.com\\\/@Boxrepsol\"],\"url\":\"https:\\\/\\\/www.boxrepsol.com\\\/es\\\/author\\\/redaccion-box-repsol\\\/\"}]}<\/script>\n<!-- \/ Yoast SEO plugin. -->","yoast_head_json":{"title":"Cuarta posici\u00f3n de Enea Bastianini y ca\u00edda de Ar\u00f3n Canet - Box Repsol","description":"Poco m\u00e1s de una d\u00e9cima es lo que ha separado a Enea Bastianini de su primer podio de la temporada. Ca\u00edda de Ar\u00f3n Canet en el Gp de las Am\u00e9ricas.","canonical":"https:\/\/www.boxrepsol.com\/es\/motogp\/cuarta-posicion-enea-bastianini-caida-aron-canet\/","og_locale":"es_ES","og_type":"article","og_title":"Cuarta posici\u00f3n de Enea Bastianini y ca\u00edda de Ar\u00f3n Canet - Box Repsol","og_description":"Poco m\u00e1s de una d\u00e9cima es lo que ha separado a Enea Bastianini de su primer podio de la temporada. Ca\u00edda de Ar\u00f3n Canet en el Gp de las Am\u00e9ricas.","og_url":"https:\/\/www.boxrepsol.com\/es\/motogp\/cuarta-posicion-enea-bastianini-caida-aron-canet\/","og_site_name":"Box Repsol","article_publisher":"https:\/\/www.facebook.com\/BoxRepsol","article_author":"https:\/\/www.facebook.com\/BoxRepsol\/","article_published_time":"2017-04-23T02:00:00+00:00","article_modified_time":"2024-05-15T09:19:07+00:00","og_image":[{"width":995,"height":560,"url":"https:\/\/www.boxrepsol.com\/wp-content\/uploads\/2022\/08\/Cuarta-posicion-de-Enea-Bastianini-y-caida-de-Aron-Canet.jpg","type":"image\/jpeg"}],"author":"Redacci\u00f3n Box Repsol","twitter_card":"summary_large_image","twitter_creator":"@https:\/\/twitter.com\/box_repsol","twitter_site":"@box_repsol","twitter_misc":{"Written by":"Redacci\u00f3n Box Repsol","Est. reading time":"2 minutos"},"schema":{"@context":"https:\/\/schema.org","@graph":[{"@type":"Article","@id":"https:\/\/www.boxrepsol.com\/es\/motogp\/cuarta-posicion-enea-bastianini-caida-aron-canet\/#article","isPartOf":{"@id":"https:\/\/www.boxrepsol.com\/es\/motogp\/cuarta-posicion-enea-bastianini-caida-aron-canet\/"},"author":{"name":"Redacci\u00f3n Box Repsol","@id":"https:\/\/www.boxrepsol.com\/es\/#\/schema\/person\/c5c2138f2cca251b0ad92b7086bb60b7"},"headline":"Cuarta posici\u00f3n de Enea Bastianini y ca\u00edda de Ar\u00f3n Canet","datePublished":"2017-04-23T02:00:00+00:00","dateModified":"2024-05-15T09:19:07+00:00","mainEntityOfPage":{"@id":"https:\/\/www.boxrepsol.com\/es\/motogp\/cuarta-posicion-enea-bastianini-caida-aron-canet\/"},"wordCount":353,"commentCount":0,"publisher":{"@id":"https:\/\/www.boxrepsol.com\/es\/#organization"},"image":{"@id":"https:\/\/www.boxrepsol.com\/es\/motogp\/cuarta-posicion-enea-bastianini-caida-aron-canet\/#primaryimage"},"thumbnailUrl":"https:\/\/www.boxrepsol.com\/wp-content\/uploads\/2022\/08\/Cuarta-posicion-de-Enea-Bastianini-y-caida-de-Aron-Canet.jpg","keywords":["Moto3"],"articleSection":["MotoGP"],"inLanguage":"es","potentialAction":[{"@type":"CommentAction","name":"Comment","target":["https:\/\/www.boxrepsol.com\/es\/motogp\/cuarta-posicion-enea-bastianini-caida-aron-canet\/#respond"]}]},{"@type":"WebPage","@id":"https:\/\/www.boxrepsol.com\/es\/motogp\/cuarta-posicion-enea-bastianini-caida-aron-canet\/","url":"https:\/\/www.boxrepsol.com\/es\/motogp\/cuarta-posicion-enea-bastianini-caida-aron-canet\/","name":"Cuarta posici\u00f3n de Enea Bastianini y ca\u00edda de Ar\u00f3n Canet - Box Repsol","isPartOf":{"@id":"https:\/\/www.boxrepsol.com\/es\/#website"},"primaryImageOfPage":{"@id":"https:\/\/www.boxrepsol.com\/es\/motogp\/cuarta-posicion-enea-bastianini-caida-aron-canet\/#primaryimage"},"image":{"@id":"https:\/\/www.boxrepsol.com\/es\/motogp\/cuarta-posicion-enea-bastianini-caida-aron-canet\/#primaryimage"},"thumbnailUrl":"https:\/\/www.boxrepsol.com\/wp-content\/uploads\/2022\/08\/Cuarta-posicion-de-Enea-Bastianini-y-caida-de-Aron-Canet.jpg","datePublished":"2017-04-23T02:00:00+00:00","dateModified":"2024-05-15T09:19:07+00:00","description":"Poco m\u00e1s de una d\u00e9cima es lo que ha separado a Enea Bastianini de su primer podio de la temporada. Ca\u00edda de Ar\u00f3n Canet en el Gp de las Am\u00e9ricas.","breadcrumb":{"@id":"https:\/\/www.boxrepsol.com\/es\/motogp\/cuarta-posicion-enea-bastianini-caida-aron-canet\/#breadcrumb"},"inLanguage":"es","potentialAction":[{"@type":"ReadAction","target":["https:\/\/www.boxrepsol.com\/es\/motogp\/cuarta-posicion-enea-bastianini-caida-aron-canet\/"]}]},{"@type":"ImageObject","inLanguage":"es","@id":"https:\/\/www.boxrepsol.com\/es\/motogp\/cuarta-posicion-enea-bastianini-caida-aron-canet\/#primaryimage","url":"https:\/\/www.boxrepsol.com\/wp-content\/uploads\/2022\/08\/Cuarta-posicion-de-Enea-Bastianini-y-caida-de-Aron-Canet.jpg","contentUrl":"https:\/\/www.boxrepsol.com\/wp-content\/uploads\/2022\/08\/Cuarta-posicion-de-Enea-Bastianini-y-caida-de-Aron-Canet.jpg","width":995,"height":560,"caption":"Bastianini, GP de las Am\u00e9ricas, Moto3, motociclismo, 2017"},{"@type":"BreadcrumbList","@id":"https:\/\/www.boxrepsol.com\/es\/motogp\/cuarta-posicion-enea-bastianini-caida-aron-canet\/#breadcrumb","itemListElement":[{"@type":"ListItem","position":1,"name":"Home","item":"https:\/\/www.boxrepsol.com\/es\/"},{"@type":"ListItem","position":2,"name":"Cuarta posici\u00f3n de Enea Bastianini y ca\u00edda de Ar\u00f3n Canet"}]},{"@type":"WebSite","@id":"https:\/\/www.boxrepsol.com\/es\/#website","url":"https:\/\/www.boxrepsol.com\/es\/","name":"Box Repsol","description":"Box Repsol Site","publisher":{"@id":"https:\/\/www.boxrepsol.com\/es\/#organization"},"potentialAction":[{"@type":"SearchAction","target":{"@type":"EntryPoint","urlTemplate":"https:\/\/www.boxrepsol.com\/es\/?s={search_term_string}"},"query-input":{"@type":"PropertyValueSpecification","valueRequired":true,"valueName":"search_term_string"}}],"inLanguage":"es"},{"@type":"Organization","@id":"https:\/\/www.boxrepsol.com\/es\/#organization","name":"Box Repsol","url":"https:\/\/www.boxrepsol.com\/es\/","logo":{"@type":"ImageObject","inLanguage":"es","@id":"https:\/\/www.boxrepsol.com\/es\/#\/schema\/logo\/image\/","url":"https:\/\/bxrepsol.s3.eu-west-1.amazonaws.com\/static\/2025\/07\/30083337\/favicon-96x96-1.png","contentUrl":"https:\/\/bxrepsol.s3.eu-west-1.amazonaws.com\/static\/2025\/07\/30083337\/favicon-96x96-1.png","width":96,"height":96,"caption":"Box Repsol"},"image":{"@id":"https:\/\/www.boxrepsol.com\/es\/#\/schema\/logo\/image\/"},"sameAs":["https:\/\/www.facebook.com\/BoxRepsol","https:\/\/x.com\/box_repsol","http:\/\/instagram.com\/box_repsol","https:\/\/www.youtube.com\/user\/RepsolCompeticion","https:\/\/www.flickr.com\/photos\/box_repsol\/"]},{"@type":"Person","@id":"https:\/\/www.boxrepsol.com\/es\/#\/schema\/person\/c5c2138f2cca251b0ad92b7086bb60b7","name":"Redacci\u00f3n Box Repsol","image":{"@type":"ImageObject","inLanguage":"es","@id":"https:\/\/secure.gravatar.com\/avatar\/adf7b77e38b4419baf32c7e9c21dde01f4e40df611f0978e3006fc4ba0aaab7e?s=96&d=mm&r=g","url":"https:\/\/secure.gravatar.com\/avatar\/adf7b77e38b4419baf32c7e9c21dde01f4e40df611f0978e3006fc4ba0aaab7e?s=96&d=mm&r=g","contentUrl":"https:\/\/secure.gravatar.com\/avatar\/adf7b77e38b4419baf32c7e9c21dde01f4e40df611f0978e3006fc4ba0aaab7e?s=96&d=mm&r=g","caption":"Redacci\u00f3n Box Repsol"},"description":"Box Repsol lo forma un equipo de periodistas, community managers, dise\u00f1adores y fot\u00f3grafos con m\u00e1s de 20 a\u00f1os de experiencia en el mundo del motorsport. Hemos vivido el primer mundial de un espa\u00f1ol en la categor\u00eda reina de motociclismo con \u00c1lex Crivill\u00e9, estuvimos en las victorias de Pedrosa y los t\u00edtulos de M\u00e1rquez, acompa\u00f1amos en \u00c1frica a Nani Roma y Marc Coma en sus conquistas del Dakar y hemos vibrado con los t\u00edtulos de Toni Bou en Trial. Adem\u00e1s, en nuestro equipo contamos con expertos en el mundo de las dos y cuatro ruedas tanto de la calle y las carreteras, como de los circuitos. Periodistas que han trabajado en revistas y publicaciones para hacerte llegar desde rutas y consejos de mantenimiento, a curiosidades y trucos de pilotaje.","sameAs":["https:\/\/www.facebook.com\/BoxRepsol\/","https:\/\/www.instagram.com\/box_repsol\/","https:\/\/x.com\/https:\/\/twitter.com\/box_repsol","https:\/\/www.youtube.com\/@Boxrepsol"],"url":"https:\/\/www.boxrepsol.com\/es\/author\/redaccion-box-repsol\/"}]}},"_links":{"self":[{"href":"https:\/\/www.boxrepsol.com\/es\/wp-json\/wp\/v2\/posts\/90147","targetHints":{"allow":["GET"]}}],"collection":[{"href":"https:\/\/www.boxrepsol.com\/es\/wp-json\/wp\/v2\/posts"}],"about":[{"href":"https:\/\/www.boxrepsol.com\/es\/wp-json\/wp\/v2\/types\/post"}],"author":[{"embeddable":true,"href":"https:\/\/www.boxrepsol.com\/es\/wp-json\/wp\/v2\/users\/43146"}],"replies":[{"embeddable":true,"href":"https:\/\/www.boxrepsol.com\/es\/wp-json\/wp\/v2\/comments?post=90147"}],"version-history":[{"count":1,"href":"https:\/\/www.boxrepsol.com\/es\/wp-json\/wp\/v2\/posts\/90147\/revisions"}],"predecessor-version":[{"id":116206,"href":"https:\/\/www.boxrepsol.com\/es\/wp-json\/wp\/v2\/posts\/90147\/revisions\/116206"}],"wp:featuredmedia":[{"embeddable":true,"href":"https:\/\/www.boxrepsol.com\/es\/wp-json\/wp\/v2\/media\/86390"}],"wp:attachment":[{"href":"https:\/\/www.boxrepsol.com\/es\/wp-json\/wp\/v2\/media?parent=90147"}],"wp:term":[{"taxonomy":"category","embeddable":true,"href":"https:\/\/www.boxrepsol.com\/es\/wp-json\/wp\/v2\/categories?post=90147"},{"taxonomy":"post_tag","embeddable":true,"href":"https:\/\/www.boxrepsol.com\/es\/wp-json\/wp\/v2\/tags?post=90147"}],"curies":[{"name":"wp","href":"https:\/\/api.w.org\/{rel}","templated":true}]}}