{"id":90146,"date":"2017-04-22T00:00:00","date_gmt":"2017-04-22T02:00:00","guid":{"rendered":"http:\/\/pre.boxrepsol.com\/sin-categorizar\/quinta-pole-consecutiva-marquez-las-americas\/"},"modified":"2024-05-15T07:19:22","modified_gmt":"2024-05-15T09:19:22","slug":"quinta-pole-consecutiva-marquez-las-americas","status":"publish","type":"post","link":"https:\/\/www.boxrepsol.com\/es\/motogp\/quinta-pole-consecutiva-marquez-las-americas\/","title":{"rendered":"Quinta \u2018pole\u2019 consecutiva de M\u00e1rquez en Las Am\u00e9ricas"},"content":{"rendered":"<blockquote>\n<p>Estoy muy contento con el equipo<\/p>\n<p>            <a href=\"http:\/\/twitter.com\/share?text=Estoy+muy+contento+con+el+equipo&#038;url=https%3A%2F%2Fwww.boxrepsol.com%2Fes%2F%3Fp%3D5966%2F&#038;hashtags=\" target=\"_blank\" rel=\"noopener\"><br \/>\n            twittear        <\/a><\/p>\n<footer>Marc M\u00e1rquez<\/footer>\n<\/blockquote>\n<p><strong>Marc M\u00e1rquez<\/strong> mantiene su racha de \u2018poles\u2019 en Las Am\u00e9ricas: cinco consecutivas en cinco a\u00f1os.<\/p>\n<p>El vigente campe\u00f3n ha tenido dos ca\u00eddas en el FP3, que ha terminado en cuarta posici\u00f3n, y ha sido el m\u00e1s r\u00e1pido del FP4.<\/p>\n<p><strong>Dani Pedrosa<\/strong> ha sido segundo en el FP3 y el FP4 \u2013en el que tambi\u00e9n ha tenido una leve ca\u00edda\u2013, y se ha quedado fuera de la primera fila por 193 mil\u00e9simas.<\/p>\n<h3>\n\t\tMarc M\u00e1rquez<br \/>\n\t<\/h3>\n<blockquote>\n<p>Esta pole position me hace sentir muy bien, porque sinceramente no la esperaba, o mejor dicho, pensaba que ser\u00eda muy dif\u00edcil. De hecho, aunque este circuito se adapta a mi estilo, hemos sufrido un poco este fin de semana y sab\u00edamos que nuestros rivales eran muy r\u00e1pidos con neum\u00e1ticos nuevos. Hemos trabajado mucho de cara a la carrera y tengo mejores sensaciones en cuanto al ritmo que a una vuelta r\u00e1pida. Pero es un circuito que me encanta y he decidido intentarlo. En la \u00faltima vuelta he ido al m\u00e1ximo, haci\u00e9ndolo lo mejor posible, y he conseguido otra pole en Austin, que est\u00e1 muy bien. Estoy muy contento con el equipo, porque hemos cambiado muchas cosas en la moto durante el fin de semana y paso a paso hemos ganado confianza. Esta tarde nos hemos concentrado en mantener un buen ritmo y ha funcionado bien, hemos hecho un buen trabajo en el FP4. Tengo buenas sensaciones con neum\u00e1ticos gastados, as\u00ed que veremos qu\u00e9 podemos hacer ma\u00f1ana.<\/p>\n<\/blockquote>\n<h3>\n\t\tDani Pedrosa<br \/>\n\t<\/h3>\n<blockquote>\n<p>Cuarto no est\u00e1 mal, aunque podr\u00eda haber terminado tercero; espero que ma\u00f1ana Valentino [Rossi] me devuelva el favor. El d\u00eda ha sido exigente, por las condiciones meteorol\u00f3gicas, bastante m\u00e1s fr\u00edas que ayer, y de la pista en general. Ha habido muchas ca\u00eddas, as\u00ed que esta ma\u00f1ana nos lo hemos tomado con calma. Por la tarde hemos mejorado nuestro ritmo y al final hemos tenido una peque\u00f1a ca\u00edda en la curva 1, aunque por suerte sin consecuencias. En el entrenamiento cronometrado hemos dado nuestro m\u00e1ximo, pero hemos tenido algo de rebote en el tren delantero y no he podido mejorar mucho. Intentaremos solucionar algunas peque\u00f1as cosas m\u00e1s para ma\u00f1ana y dar lo mejor de nosotros mismos en la carrera.<\/p>\n<\/blockquote>\n","protected":false},"excerpt":{"rendered":"<p>El piloto del equipo Repsol Honda logra el mejor tiempo por segundo Gran Premio seguido esta temporada. Dani Pedrosa encabezar\u00e1 la segunda fila, cuarto.<\/p>\n","protected":false},"author":43146,"featured_media":86388,"comment_status":"open","ping_status":"open","sticky":false,"template":"","format":"standard","meta":{"footnotes":""},"categories":[4],"tags":[155],"class_list":["post-90146","post","type-post","status-publish","format-standard","hentry","category-motogp","tag-motogp-americas"],"yoast_head":"<!-- This site is optimized with the Yoast SEO plugin v27.3 - https:\/\/yoast.com\/product\/yoast-seo-wordpress\/ -->\n<title>Quinta \u2018pole\u2019 consecutiva de M\u00e1rquez en Las Am\u00e9ricas - Box Repsol<\/title>\n<meta name=\"description\" content=\"Marc M\u00e1rquez logra el mejor tiempo por segundo Gran Premio seguido esta temporada. Dani Pedrosa encabezar\u00e1 la segunda fila, cuarto.\" \/>\n<link rel=\"canonical\" href=\"https:\/\/www.boxrepsol.com\/es\/motogp\/quinta-pole-consecutiva-marquez-las-americas\/\" \/>\n<meta property=\"og:locale\" content=\"es_ES\" \/>\n<meta property=\"og:type\" content=\"article\" \/>\n<meta property=\"og:title\" content=\"Quinta \u2018pole\u2019 consecutiva de M\u00e1rquez en Las Am\u00e9ricas - Box Repsol\" \/>\n<meta property=\"og:description\" content=\"Marc M\u00e1rquez logra el mejor tiempo por segundo Gran Premio seguido esta temporada. Dani Pedrosa encabezar\u00e1 la segunda fila, cuarto.\" \/>\n<meta property=\"og:url\" content=\"https:\/\/www.boxrepsol.com\/es\/motogp\/quinta-pole-consecutiva-marquez-las-americas\/\" \/>\n<meta property=\"og:site_name\" content=\"Box Repsol\" \/>\n<meta property=\"article:publisher\" content=\"https:\/\/www.facebook.com\/BoxRepsol\" \/>\n<meta property=\"article:author\" content=\"https:\/\/www.facebook.com\/BoxRepsol\/\" \/>\n<meta property=\"article:published_time\" content=\"2017-04-22T02:00:00+00:00\" \/>\n<meta property=\"article:modified_time\" content=\"2024-05-15T09:19:22+00:00\" \/>\n<meta property=\"og:image\" content=\"https:\/\/www.boxrepsol.com\/wp-content\/uploads\/2022\/08\/Quinta-\u2018pole-consecutiva-de-Marquez-en-Las-Americas.jpg\" \/>\n\t<meta property=\"og:image:width\" content=\"995\" \/>\n\t<meta property=\"og:image:height\" content=\"560\" \/>\n\t<meta property=\"og:image:type\" content=\"image\/jpeg\" \/>\n<meta name=\"author\" content=\"Redacci\u00f3n Box Repsol\" \/>\n<meta name=\"twitter:card\" content=\"summary_large_image\" \/>\n<meta name=\"twitter:creator\" content=\"@https:\/\/twitter.com\/box_repsol\" \/>\n<meta name=\"twitter:site\" content=\"@box_repsol\" \/>\n<meta name=\"twitter:label1\" content=\"Written by\" \/>\n\t<meta name=\"twitter:data1\" content=\"Redacci\u00f3n Box Repsol\" \/>\n\t<meta name=\"twitter:label2\" content=\"Est. reading time\" \/>\n\t<meta name=\"twitter:data2\" content=\"2 minutos\" \/>\n<script type=\"application\/ld+json\" class=\"yoast-schema-graph\">{\"@context\":\"https:\\\/\\\/schema.org\",\"@graph\":[{\"@type\":\"Article\",\"@id\":\"https:\\\/\\\/www.boxrepsol.com\\\/es\\\/motogp\\\/quinta-pole-consecutiva-marquez-las-americas\\\/#article\",\"isPartOf\":{\"@id\":\"https:\\\/\\\/www.boxrepsol.com\\\/es\\\/motogp\\\/quinta-pole-consecutiva-marquez-las-americas\\\/\"},\"author\":{\"name\":\"Redacci\u00f3n Box Repsol\",\"@id\":\"https:\\\/\\\/www.boxrepsol.com\\\/es\\\/#\\\/schema\\\/person\\\/c5c2138f2cca251b0ad92b7086bb60b7\"},\"headline\":\"Quinta \u2018pole\u2019 consecutiva de M\u00e1rquez en Las Am\u00e9ricas\",\"datePublished\":\"2017-04-22T02:00:00+00:00\",\"dateModified\":\"2024-05-15T09:19:22+00:00\",\"mainEntityOfPage\":{\"@id\":\"https:\\\/\\\/www.boxrepsol.com\\\/es\\\/motogp\\\/quinta-pole-consecutiva-marquez-las-americas\\\/\"},\"wordCount\":413,\"commentCount\":0,\"publisher\":{\"@id\":\"https:\\\/\\\/www.boxrepsol.com\\\/es\\\/#organization\"},\"image\":{\"@id\":\"https:\\\/\\\/www.boxrepsol.com\\\/es\\\/motogp\\\/quinta-pole-consecutiva-marquez-las-americas\\\/#primaryimage\"},\"thumbnailUrl\":\"https:\\\/\\\/www.boxrepsol.com\\\/wp-content\\\/uploads\\\/2022\\\/08\\\/Quinta-\u2018pole-consecutiva-de-Marquez-en-Las-Americas.jpg\",\"keywords\":[\"MotoGP Americas\"],\"articleSection\":[\"MotoGP\"],\"inLanguage\":\"es\",\"potentialAction\":[{\"@type\":\"CommentAction\",\"name\":\"Comment\",\"target\":[\"https:\\\/\\\/www.boxrepsol.com\\\/es\\\/motogp\\\/quinta-pole-consecutiva-marquez-las-americas\\\/#respond\"]}]},{\"@type\":\"WebPage\",\"@id\":\"https:\\\/\\\/www.boxrepsol.com\\\/es\\\/motogp\\\/quinta-pole-consecutiva-marquez-las-americas\\\/\",\"url\":\"https:\\\/\\\/www.boxrepsol.com\\\/es\\\/motogp\\\/quinta-pole-consecutiva-marquez-las-americas\\\/\",\"name\":\"Quinta \u2018pole\u2019 consecutiva de M\u00e1rquez en Las Am\u00e9ricas - Box Repsol\",\"isPartOf\":{\"@id\":\"https:\\\/\\\/www.boxrepsol.com\\\/es\\\/#website\"},\"primaryImageOfPage\":{\"@id\":\"https:\\\/\\\/www.boxrepsol.com\\\/es\\\/motogp\\\/quinta-pole-consecutiva-marquez-las-americas\\\/#primaryimage\"},\"image\":{\"@id\":\"https:\\\/\\\/www.boxrepsol.com\\\/es\\\/motogp\\\/quinta-pole-consecutiva-marquez-las-americas\\\/#primaryimage\"},\"thumbnailUrl\":\"https:\\\/\\\/www.boxrepsol.com\\\/wp-content\\\/uploads\\\/2022\\\/08\\\/Quinta-\u2018pole-consecutiva-de-Marquez-en-Las-Americas.jpg\",\"datePublished\":\"2017-04-22T02:00:00+00:00\",\"dateModified\":\"2024-05-15T09:19:22+00:00\",\"description\":\"Marc M\u00e1rquez logra el mejor tiempo por segundo Gran Premio seguido esta temporada. Dani Pedrosa encabezar\u00e1 la segunda fila, cuarto.\",\"breadcrumb\":{\"@id\":\"https:\\\/\\\/www.boxrepsol.com\\\/es\\\/motogp\\\/quinta-pole-consecutiva-marquez-las-americas\\\/#breadcrumb\"},\"inLanguage\":\"es\",\"potentialAction\":[{\"@type\":\"ReadAction\",\"target\":[\"https:\\\/\\\/www.boxrepsol.com\\\/es\\\/motogp\\\/quinta-pole-consecutiva-marquez-las-americas\\\/\"]}]},{\"@type\":\"ImageObject\",\"inLanguage\":\"es\",\"@id\":\"https:\\\/\\\/www.boxrepsol.com\\\/es\\\/motogp\\\/quinta-pole-consecutiva-marquez-las-americas\\\/#primaryimage\",\"url\":\"https:\\\/\\\/www.boxrepsol.com\\\/wp-content\\\/uploads\\\/2022\\\/08\\\/Quinta-\u2018pole-consecutiva-de-Marquez-en-Las-Americas.jpg\",\"contentUrl\":\"https:\\\/\\\/www.boxrepsol.com\\\/wp-content\\\/uploads\\\/2022\\\/08\\\/Quinta-\u2018pole-consecutiva-de-Marquez-en-Las-Americas.jpg\",\"width\":995,\"height\":560,\"caption\":\"M\u00e1rquez, GP de las Am\u00e9ricas, MotoGP, motociclismo, 2017\"},{\"@type\":\"BreadcrumbList\",\"@id\":\"https:\\\/\\\/www.boxrepsol.com\\\/es\\\/motogp\\\/quinta-pole-consecutiva-marquez-las-americas\\\/#breadcrumb\",\"itemListElement\":[{\"@type\":\"ListItem\",\"position\":1,\"name\":\"Home\",\"item\":\"https:\\\/\\\/www.boxrepsol.com\\\/es\\\/\"},{\"@type\":\"ListItem\",\"position\":2,\"name\":\"Quinta \u2018pole\u2019 consecutiva de M\u00e1rquez en Las Am\u00e9ricas\"}]},{\"@type\":\"WebSite\",\"@id\":\"https:\\\/\\\/www.boxrepsol.com\\\/es\\\/#website\",\"url\":\"https:\\\/\\\/www.boxrepsol.com\\\/es\\\/\",\"name\":\"Box Repsol\",\"description\":\"Box Repsol Site\",\"publisher\":{\"@id\":\"https:\\\/\\\/www.boxrepsol.com\\\/es\\\/#organization\"},\"potentialAction\":[{\"@type\":\"SearchAction\",\"target\":{\"@type\":\"EntryPoint\",\"urlTemplate\":\"https:\\\/\\\/www.boxrepsol.com\\\/es\\\/?s={search_term_string}\"},\"query-input\":{\"@type\":\"PropertyValueSpecification\",\"valueRequired\":true,\"valueName\":\"search_term_string\"}}],\"inLanguage\":\"es\"},{\"@type\":\"Organization\",\"@id\":\"https:\\\/\\\/www.boxrepsol.com\\\/es\\\/#organization\",\"name\":\"Box Repsol\",\"url\":\"https:\\\/\\\/www.boxrepsol.com\\\/es\\\/\",\"logo\":{\"@type\":\"ImageObject\",\"inLanguage\":\"es\",\"@id\":\"https:\\\/\\\/www.boxrepsol.com\\\/es\\\/#\\\/schema\\\/logo\\\/image\\\/\",\"url\":\"https:\\\/\\\/bxrepsol.s3.eu-west-1.amazonaws.com\\\/static\\\/2025\\\/07\\\/30083337\\\/favicon-96x96-1.png\",\"contentUrl\":\"https:\\\/\\\/bxrepsol.s3.eu-west-1.amazonaws.com\\\/static\\\/2025\\\/07\\\/30083337\\\/favicon-96x96-1.png\",\"width\":96,\"height\":96,\"caption\":\"Box Repsol\"},\"image\":{\"@id\":\"https:\\\/\\\/www.boxrepsol.com\\\/es\\\/#\\\/schema\\\/logo\\\/image\\\/\"},\"sameAs\":[\"https:\\\/\\\/www.facebook.com\\\/BoxRepsol\",\"https:\\\/\\\/x.com\\\/box_repsol\",\"http:\\\/\\\/instagram.com\\\/box_repsol\",\"https:\\\/\\\/www.youtube.com\\\/user\\\/RepsolCompeticion\",\"https:\\\/\\\/www.flickr.com\\\/photos\\\/box_repsol\\\/\"]},{\"@type\":\"Person\",\"@id\":\"https:\\\/\\\/www.boxrepsol.com\\\/es\\\/#\\\/schema\\\/person\\\/c5c2138f2cca251b0ad92b7086bb60b7\",\"name\":\"Redacci\u00f3n Box Repsol\",\"image\":{\"@type\":\"ImageObject\",\"inLanguage\":\"es\",\"@id\":\"https:\\\/\\\/secure.gravatar.com\\\/avatar\\\/adf7b77e38b4419baf32c7e9c21dde01f4e40df611f0978e3006fc4ba0aaab7e?s=96&d=mm&r=g\",\"url\":\"https:\\\/\\\/secure.gravatar.com\\\/avatar\\\/adf7b77e38b4419baf32c7e9c21dde01f4e40df611f0978e3006fc4ba0aaab7e?s=96&d=mm&r=g\",\"contentUrl\":\"https:\\\/\\\/secure.gravatar.com\\\/avatar\\\/adf7b77e38b4419baf32c7e9c21dde01f4e40df611f0978e3006fc4ba0aaab7e?s=96&d=mm&r=g\",\"caption\":\"Redacci\u00f3n Box Repsol\"},\"description\":\"Box Repsol lo forma un equipo de periodistas, community managers, dise\u00f1adores y fot\u00f3grafos con m\u00e1s de 20 a\u00f1os de experiencia en el mundo del motorsport. Hemos vivido el primer mundial de un espa\u00f1ol en la categor\u00eda reina de motociclismo con \u00c1lex Crivill\u00e9, estuvimos en las victorias de Pedrosa y los t\u00edtulos de M\u00e1rquez, acompa\u00f1amos en \u00c1frica a Nani Roma y Marc Coma en sus conquistas del Dakar y hemos vibrado con los t\u00edtulos de Toni Bou en Trial. Adem\u00e1s, en nuestro equipo contamos con expertos en el mundo de las dos y cuatro ruedas tanto de la calle y las carreteras, como de los circuitos. Periodistas que han trabajado en revistas y publicaciones para hacerte llegar desde rutas y consejos de mantenimiento, a curiosidades y trucos de pilotaje.\",\"sameAs\":[\"https:\\\/\\\/www.facebook.com\\\/BoxRepsol\\\/\",\"https:\\\/\\\/www.instagram.com\\\/box_repsol\\\/\",\"https:\\\/\\\/x.com\\\/https:\\\/\\\/twitter.com\\\/box_repsol\",\"https:\\\/\\\/www.youtube.com\\\/@Boxrepsol\"],\"url\":\"https:\\\/\\\/www.boxrepsol.com\\\/es\\\/author\\\/redaccion-box-repsol\\\/\"}]}<\/script>\n<!-- \/ Yoast SEO plugin. -->","yoast_head_json":{"title":"Quinta \u2018pole\u2019 consecutiva de M\u00e1rquez en Las Am\u00e9ricas - Box Repsol","description":"Marc M\u00e1rquez logra el mejor tiempo por segundo Gran Premio seguido esta temporada. Dani Pedrosa encabezar\u00e1 la segunda fila, cuarto.","canonical":"https:\/\/www.boxrepsol.com\/es\/motogp\/quinta-pole-consecutiva-marquez-las-americas\/","og_locale":"es_ES","og_type":"article","og_title":"Quinta \u2018pole\u2019 consecutiva de M\u00e1rquez en Las Am\u00e9ricas - Box Repsol","og_description":"Marc M\u00e1rquez logra el mejor tiempo por segundo Gran Premio seguido esta temporada. Dani Pedrosa encabezar\u00e1 la segunda fila, cuarto.","og_url":"https:\/\/www.boxrepsol.com\/es\/motogp\/quinta-pole-consecutiva-marquez-las-americas\/","og_site_name":"Box Repsol","article_publisher":"https:\/\/www.facebook.com\/BoxRepsol","article_author":"https:\/\/www.facebook.com\/BoxRepsol\/","article_published_time":"2017-04-22T02:00:00+00:00","article_modified_time":"2024-05-15T09:19:22+00:00","og_image":[{"width":995,"height":560,"url":"https:\/\/www.boxrepsol.com\/wp-content\/uploads\/2022\/08\/Quinta-\u2018pole-consecutiva-de-Marquez-en-Las-Americas.jpg","type":"image\/jpeg"}],"author":"Redacci\u00f3n Box Repsol","twitter_card":"summary_large_image","twitter_creator":"@https:\/\/twitter.com\/box_repsol","twitter_site":"@box_repsol","twitter_misc":{"Written by":"Redacci\u00f3n Box Repsol","Est. reading time":"2 minutos"},"schema":{"@context":"https:\/\/schema.org","@graph":[{"@type":"Article","@id":"https:\/\/www.boxrepsol.com\/es\/motogp\/quinta-pole-consecutiva-marquez-las-americas\/#article","isPartOf":{"@id":"https:\/\/www.boxrepsol.com\/es\/motogp\/quinta-pole-consecutiva-marquez-las-americas\/"},"author":{"name":"Redacci\u00f3n Box Repsol","@id":"https:\/\/www.boxrepsol.com\/es\/#\/schema\/person\/c5c2138f2cca251b0ad92b7086bb60b7"},"headline":"Quinta \u2018pole\u2019 consecutiva de M\u00e1rquez en Las Am\u00e9ricas","datePublished":"2017-04-22T02:00:00+00:00","dateModified":"2024-05-15T09:19:22+00:00","mainEntityOfPage":{"@id":"https:\/\/www.boxrepsol.com\/es\/motogp\/quinta-pole-consecutiva-marquez-las-americas\/"},"wordCount":413,"commentCount":0,"publisher":{"@id":"https:\/\/www.boxrepsol.com\/es\/#organization"},"image":{"@id":"https:\/\/www.boxrepsol.com\/es\/motogp\/quinta-pole-consecutiva-marquez-las-americas\/#primaryimage"},"thumbnailUrl":"https:\/\/www.boxrepsol.com\/wp-content\/uploads\/2022\/08\/Quinta-\u2018pole-consecutiva-de-Marquez-en-Las-Americas.jpg","keywords":["MotoGP Americas"],"articleSection":["MotoGP"],"inLanguage":"es","potentialAction":[{"@type":"CommentAction","name":"Comment","target":["https:\/\/www.boxrepsol.com\/es\/motogp\/quinta-pole-consecutiva-marquez-las-americas\/#respond"]}]},{"@type":"WebPage","@id":"https:\/\/www.boxrepsol.com\/es\/motogp\/quinta-pole-consecutiva-marquez-las-americas\/","url":"https:\/\/www.boxrepsol.com\/es\/motogp\/quinta-pole-consecutiva-marquez-las-americas\/","name":"Quinta \u2018pole\u2019 consecutiva de M\u00e1rquez en Las Am\u00e9ricas - Box Repsol","isPartOf":{"@id":"https:\/\/www.boxrepsol.com\/es\/#website"},"primaryImageOfPage":{"@id":"https:\/\/www.boxrepsol.com\/es\/motogp\/quinta-pole-consecutiva-marquez-las-americas\/#primaryimage"},"image":{"@id":"https:\/\/www.boxrepsol.com\/es\/motogp\/quinta-pole-consecutiva-marquez-las-americas\/#primaryimage"},"thumbnailUrl":"https:\/\/www.boxrepsol.com\/wp-content\/uploads\/2022\/08\/Quinta-\u2018pole-consecutiva-de-Marquez-en-Las-Americas.jpg","datePublished":"2017-04-22T02:00:00+00:00","dateModified":"2024-05-15T09:19:22+00:00","description":"Marc M\u00e1rquez logra el mejor tiempo por segundo Gran Premio seguido esta temporada. Dani Pedrosa encabezar\u00e1 la segunda fila, cuarto.","breadcrumb":{"@id":"https:\/\/www.boxrepsol.com\/es\/motogp\/quinta-pole-consecutiva-marquez-las-americas\/#breadcrumb"},"inLanguage":"es","potentialAction":[{"@type":"ReadAction","target":["https:\/\/www.boxrepsol.com\/es\/motogp\/quinta-pole-consecutiva-marquez-las-americas\/"]}]},{"@type":"ImageObject","inLanguage":"es","@id":"https:\/\/www.boxrepsol.com\/es\/motogp\/quinta-pole-consecutiva-marquez-las-americas\/#primaryimage","url":"https:\/\/www.boxrepsol.com\/wp-content\/uploads\/2022\/08\/Quinta-\u2018pole-consecutiva-de-Marquez-en-Las-Americas.jpg","contentUrl":"https:\/\/www.boxrepsol.com\/wp-content\/uploads\/2022\/08\/Quinta-\u2018pole-consecutiva-de-Marquez-en-Las-Americas.jpg","width":995,"height":560,"caption":"M\u00e1rquez, GP de las Am\u00e9ricas, MotoGP, motociclismo, 2017"},{"@type":"BreadcrumbList","@id":"https:\/\/www.boxrepsol.com\/es\/motogp\/quinta-pole-consecutiva-marquez-las-americas\/#breadcrumb","itemListElement":[{"@type":"ListItem","position":1,"name":"Home","item":"https:\/\/www.boxrepsol.com\/es\/"},{"@type":"ListItem","position":2,"name":"Quinta \u2018pole\u2019 consecutiva de M\u00e1rquez en Las Am\u00e9ricas"}]},{"@type":"WebSite","@id":"https:\/\/www.boxrepsol.com\/es\/#website","url":"https:\/\/www.boxrepsol.com\/es\/","name":"Box Repsol","description":"Box Repsol Site","publisher":{"@id":"https:\/\/www.boxrepsol.com\/es\/#organization"},"potentialAction":[{"@type":"SearchAction","target":{"@type":"EntryPoint","urlTemplate":"https:\/\/www.boxrepsol.com\/es\/?s={search_term_string}"},"query-input":{"@type":"PropertyValueSpecification","valueRequired":true,"valueName":"search_term_string"}}],"inLanguage":"es"},{"@type":"Organization","@id":"https:\/\/www.boxrepsol.com\/es\/#organization","name":"Box Repsol","url":"https:\/\/www.boxrepsol.com\/es\/","logo":{"@type":"ImageObject","inLanguage":"es","@id":"https:\/\/www.boxrepsol.com\/es\/#\/schema\/logo\/image\/","url":"https:\/\/bxrepsol.s3.eu-west-1.amazonaws.com\/static\/2025\/07\/30083337\/favicon-96x96-1.png","contentUrl":"https:\/\/bxrepsol.s3.eu-west-1.amazonaws.com\/static\/2025\/07\/30083337\/favicon-96x96-1.png","width":96,"height":96,"caption":"Box Repsol"},"image":{"@id":"https:\/\/www.boxrepsol.com\/es\/#\/schema\/logo\/image\/"},"sameAs":["https:\/\/www.facebook.com\/BoxRepsol","https:\/\/x.com\/box_repsol","http:\/\/instagram.com\/box_repsol","https:\/\/www.youtube.com\/user\/RepsolCompeticion","https:\/\/www.flickr.com\/photos\/box_repsol\/"]},{"@type":"Person","@id":"https:\/\/www.boxrepsol.com\/es\/#\/schema\/person\/c5c2138f2cca251b0ad92b7086bb60b7","name":"Redacci\u00f3n Box Repsol","image":{"@type":"ImageObject","inLanguage":"es","@id":"https:\/\/secure.gravatar.com\/avatar\/adf7b77e38b4419baf32c7e9c21dde01f4e40df611f0978e3006fc4ba0aaab7e?s=96&d=mm&r=g","url":"https:\/\/secure.gravatar.com\/avatar\/adf7b77e38b4419baf32c7e9c21dde01f4e40df611f0978e3006fc4ba0aaab7e?s=96&d=mm&r=g","contentUrl":"https:\/\/secure.gravatar.com\/avatar\/adf7b77e38b4419baf32c7e9c21dde01f4e40df611f0978e3006fc4ba0aaab7e?s=96&d=mm&r=g","caption":"Redacci\u00f3n Box Repsol"},"description":"Box Repsol lo forma un equipo de periodistas, community managers, dise\u00f1adores y fot\u00f3grafos con m\u00e1s de 20 a\u00f1os de experiencia en el mundo del motorsport. Hemos vivido el primer mundial de un espa\u00f1ol en la categor\u00eda reina de motociclismo con \u00c1lex Crivill\u00e9, estuvimos en las victorias de Pedrosa y los t\u00edtulos de M\u00e1rquez, acompa\u00f1amos en \u00c1frica a Nani Roma y Marc Coma en sus conquistas del Dakar y hemos vibrado con los t\u00edtulos de Toni Bou en Trial. Adem\u00e1s, en nuestro equipo contamos con expertos en el mundo de las dos y cuatro ruedas tanto de la calle y las carreteras, como de los circuitos. Periodistas que han trabajado en revistas y publicaciones para hacerte llegar desde rutas y consejos de mantenimiento, a curiosidades y trucos de pilotaje.","sameAs":["https:\/\/www.facebook.com\/BoxRepsol\/","https:\/\/www.instagram.com\/box_repsol\/","https:\/\/x.com\/https:\/\/twitter.com\/box_repsol","https:\/\/www.youtube.com\/@Boxrepsol"],"url":"https:\/\/www.boxrepsol.com\/es\/author\/redaccion-box-repsol\/"}]}},"_links":{"self":[{"href":"https:\/\/www.boxrepsol.com\/es\/wp-json\/wp\/v2\/posts\/90146","targetHints":{"allow":["GET"]}}],"collection":[{"href":"https:\/\/www.boxrepsol.com\/es\/wp-json\/wp\/v2\/posts"}],"about":[{"href":"https:\/\/www.boxrepsol.com\/es\/wp-json\/wp\/v2\/types\/post"}],"author":[{"embeddable":true,"href":"https:\/\/www.boxrepsol.com\/es\/wp-json\/wp\/v2\/users\/43146"}],"replies":[{"embeddable":true,"href":"https:\/\/www.boxrepsol.com\/es\/wp-json\/wp\/v2\/comments?post=90146"}],"version-history":[{"count":1,"href":"https:\/\/www.boxrepsol.com\/es\/wp-json\/wp\/v2\/posts\/90146\/revisions"}],"predecessor-version":[{"id":116208,"href":"https:\/\/www.boxrepsol.com\/es\/wp-json\/wp\/v2\/posts\/90146\/revisions\/116208"}],"wp:featuredmedia":[{"embeddable":true,"href":"https:\/\/www.boxrepsol.com\/es\/wp-json\/wp\/v2\/media\/86388"}],"wp:attachment":[{"href":"https:\/\/www.boxrepsol.com\/es\/wp-json\/wp\/v2\/media?parent=90146"}],"wp:term":[{"taxonomy":"category","embeddable":true,"href":"https:\/\/www.boxrepsol.com\/es\/wp-json\/wp\/v2\/categories?post=90146"},{"taxonomy":"post_tag","embeddable":true,"href":"https:\/\/www.boxrepsol.com\/es\/wp-json\/wp\/v2\/tags?post=90146"}],"curies":[{"name":"wp","href":"https:\/\/api.w.org\/{rel}","templated":true}]}}