{"id":90141,"date":"2017-04-20T00:00:00","date_gmt":"2017-04-20T02:00:00","guid":{"rendered":"http:\/\/pre.boxrepsol.com\/sin-categorizar\/los-records-marc-marquez-austin\/"},"modified":"2024-05-15T07:19:37","modified_gmt":"2024-05-15T09:19:37","slug":"los-records-marc-marquez-austin","status":"publish","type":"post","link":"https:\/\/www.boxrepsol.com\/es\/motogp\/los-records-marc-marquez-austin\/","title":{"rendered":"Los r\u00e9cords de Marc M\u00e1rquez en Austin"},"content":{"rendered":"<div class=\"container\">\n<div class=\"intro\">\n<h2>Marc <span>M\u00e1rquez<\/span><\/h2>\n<p>Rey de las Am\u00e9ricas<\/p>\n<\/p><\/div>\n<p>  <!-- col izquierda --><\/p>\n<div class=\"colIzda\">\n<div class=\"hito\">\n<p class=\"num bounceInLeft animated\">5<\/p>\n<div class=\"txt\">\n<h3>Grand Slam<\/h3>\n<p>Victoria, pole y vuelta r\u00e1pida en carrera en un mismo GP. Si hubiese conseguido la vuelta r\u00e1pida en 2015, tendr\u00eda un total de 6 Grand Slam. \u00a1Impresionante!<\/p>\n<\/p><\/div>\n<\/p><\/div>\n<div class=\"hito\">\n<p class=\"num segundo bounceInLeft animated\">6<\/p>\n<div class=\"txt\">\n<h3>Poles<\/h3>\n<p>Cada s\u00e1bado de los \u00faltimos 6 a\u00f1os, Marc M\u00e1rquez vol\u00f3 sobre la pista de Austin para salir siempre desde la pole. La m\u00e1s recordada es la de 2015 con la segunda moto, tras dejar la primera aparcada en la recta de meta y salir corriendo por el pit lane hacia el box.<\/p>\n<\/p><\/div>\n<\/p><\/div>\n<div class=\"hito\">\n<p class=\"num tercero bounceInLeft animated\">6<\/p>\n<div class=\"txt\">\n<h3>Victorias<\/h3>\n<p>5 carreras y 5 victorias. En el GP de Las Am\u00e9ricas solo existe un \u00fanico ganador.<\/p>\n<\/p><\/div>\n<\/p><\/div>\n<\/p><\/div>\n<p>  <!-- \/col izquierda --><\/p>\n<p>  <!-- col derecha --><\/p>\n<div class=\"colDcha\">\n    <img decoding=\"async\" src=\"https:\/\/www.boxrepsol.com\/wp-content\/themes\/theme-boxrepsol-child\/static\/infografias\/marquez-americas\/marquez-moto.png\" alt=\"Marc M\u00e1rquez\" \/><\/p>\n<div class=\"hito\">\n<div class=\"txt\">\n<h3>Vuelta r\u00e1pida en carrera:<\/h3>\n<p class=\"tiempo\"><span class=\"counter counter-default\" data-thousand-delimiter=\".\" data-value=\"2\" data-template=\"{{count}}\"><\/span>:<span class=\"counter counter-default\" data-thousand-delimiter=\".\" data-value=\"3\" data-template=\"{{count}}\" data-pad=\"2\"><\/span>:<span class=\"counter counter-default\" data-thousand-delimiter=\".\" data-value=\"575\" data-template=\"{{count}}\"><\/span><\/p>\n<p>Vuela en la clasificaci\u00f3n y vuela durante la carrera. Este GP parece estar dise\u00f1ado solo para Marc.<\/p>\n<\/p><\/div>\n<\/p><\/div>\n<div class=\"hito\">\n<div class=\"txt\">\n<h3>R\u00e9cord del circuito:<\/h3>\n<p class=\"tiempo\"><span class=\"counter counter-default\" data-thousand-delimiter=\".\" data-value=\"2\" data-template=\"{{count}}\"><\/span>:<span class=\"counter counter-default\" data-thousand-delimiter=\".\" data-value=\"2\" data-template=\"{{count}}\" data-pad=\"2\"><\/span>:<span class=\"counter counter-default\" data-thousand-delimiter=\".\" data-value=\"135\" data-template=\"{{count}}\"><\/span><\/p>\n<p>Adem\u00e1s de ser el \u00fanico ganador en Austin, el de Cervera es el piloto que m\u00e1s r\u00e1pido ha rodado en el GP de Las Am\u00e9ricas.<\/p>\n<\/p><\/div>\n<\/p><\/div>\n<\/p><\/div>\n<p>  <!-- \/col derecha --><\/p>\n<p>  <img decoding=\"async\" class=\"imgBottom\" src=\"https:\/\/www.boxrepsol.com\/wp-content\/themes\/theme-boxrepsol-child\/static\/infografias\/marquez-americas\/marquez-celebrando.png\" alt=\"Marc M\u00e1rquez\" \/><\/p>\n<\/div>\n","protected":false},"excerpt":{"rendered":"<p>Desde la inclusi\u00f3n del circuito de Austin en el calendario de MotoGP, Marc M\u00e1rquez lo ha ganado pr\u00e1cticamente todo. Te invitamos a repasar sus logros m\u00e1s importantes.<\/p>\n","protected":false},"author":43146,"featured_media":86379,"comment_status":"open","ping_status":"open","sticky":false,"template":"","format":"standard","meta":{"footnotes":""},"categories":[4],"tags":[6],"class_list":["post-90141","post","type-post","status-publish","format-standard","hentry","category-motogp","tag-marc-marquez"],"yoast_head":"<!-- This site is optimized with the Yoast SEO plugin v27.3 - https:\/\/yoast.com\/product\/yoast-seo-wordpress\/ -->\n<title>Los r\u00e9cords de Marc M\u00e1rquez en Austin - Box Repsol<\/title>\n<meta name=\"description\" content=\"Desde la inclusi\u00f3n del circuito de Austin en el calendario de MotoGP, Marc M\u00e1rquez lo ha ganado pr\u00e1cticamente todo. Te invitamos a repasar sus logros...\" \/>\n<link rel=\"canonical\" href=\"https:\/\/www.boxrepsol.com\/es\/motogp\/los-records-marc-marquez-austin\/\" \/>\n<meta property=\"og:locale\" content=\"es_ES\" \/>\n<meta property=\"og:type\" content=\"article\" \/>\n<meta property=\"og:title\" content=\"Los r\u00e9cords de Marc M\u00e1rquez en Austin - Box Repsol\" \/>\n<meta property=\"og:description\" content=\"Desde la inclusi\u00f3n del circuito de Austin en el calendario de MotoGP, Marc M\u00e1rquez lo ha ganado pr\u00e1cticamente todo. Te invitamos a repasar sus logros...\" \/>\n<meta property=\"og:url\" content=\"https:\/\/www.boxrepsol.com\/es\/motogp\/los-records-marc-marquez-austin\/\" \/>\n<meta property=\"og:site_name\" content=\"Box Repsol\" \/>\n<meta property=\"article:publisher\" content=\"https:\/\/www.facebook.com\/BoxRepsol\" \/>\n<meta property=\"article:author\" content=\"https:\/\/www.facebook.com\/BoxRepsol\/\" \/>\n<meta property=\"article:published_time\" content=\"2017-04-20T02:00:00+00:00\" \/>\n<meta property=\"article:modified_time\" content=\"2024-05-15T09:19:37+00:00\" \/>\n<meta property=\"og:image\" content=\"https:\/\/www.boxrepsol.com\/wp-content\/uploads\/2022\/08\/marquez-americas.jpg\" \/>\n\t<meta property=\"og:image:width\" content=\"768\" \/>\n\t<meta property=\"og:image:height\" content=\"435\" \/>\n\t<meta property=\"og:image:type\" content=\"image\/jpeg\" \/>\n<meta name=\"author\" content=\"Redacci\u00f3n Box Repsol\" \/>\n<meta name=\"twitter:card\" content=\"summary_large_image\" \/>\n<meta name=\"twitter:creator\" content=\"@https:\/\/twitter.com\/box_repsol\" \/>\n<meta name=\"twitter:site\" content=\"@box_repsol\" \/>\n<meta name=\"twitter:label1\" content=\"Written by\" \/>\n\t<meta name=\"twitter:data1\" content=\"Redacci\u00f3n Box Repsol\" \/>\n\t<meta name=\"twitter:label2\" content=\"Est. reading time\" \/>\n\t<meta name=\"twitter:data2\" content=\"1 minuto\" \/>\n<script type=\"application\/ld+json\" class=\"yoast-schema-graph\">{\"@context\":\"https:\\\/\\\/schema.org\",\"@graph\":[{\"@type\":\"Article\",\"@id\":\"https:\\\/\\\/www.boxrepsol.com\\\/es\\\/motogp\\\/los-records-marc-marquez-austin\\\/#article\",\"isPartOf\":{\"@id\":\"https:\\\/\\\/www.boxrepsol.com\\\/es\\\/motogp\\\/los-records-marc-marquez-austin\\\/\"},\"author\":{\"name\":\"Redacci\u00f3n Box Repsol\",\"@id\":\"https:\\\/\\\/www.boxrepsol.com\\\/es\\\/#\\\/schema\\\/person\\\/c5c2138f2cca251b0ad92b7086bb60b7\"},\"headline\":\"Los r\u00e9cords de Marc M\u00e1rquez en Austin\",\"datePublished\":\"2017-04-20T02:00:00+00:00\",\"dateModified\":\"2024-05-15T09:19:37+00:00\",\"mainEntityOfPage\":{\"@id\":\"https:\\\/\\\/www.boxrepsol.com\\\/es\\\/motogp\\\/los-records-marc-marquez-austin\\\/\"},\"wordCount\":175,\"commentCount\":0,\"publisher\":{\"@id\":\"https:\\\/\\\/www.boxrepsol.com\\\/es\\\/#organization\"},\"image\":{\"@id\":\"https:\\\/\\\/www.boxrepsol.com\\\/es\\\/motogp\\\/los-records-marc-marquez-austin\\\/#primaryimage\"},\"thumbnailUrl\":\"https:\\\/\\\/www.boxrepsol.com\\\/wp-content\\\/uploads\\\/2022\\\/08\\\/marquez-americas.jpg\",\"keywords\":[\"Marc M\u00e1rquez\"],\"articleSection\":[\"MotoGP\"],\"inLanguage\":\"es\",\"potentialAction\":[{\"@type\":\"CommentAction\",\"name\":\"Comment\",\"target\":[\"https:\\\/\\\/www.boxrepsol.com\\\/es\\\/motogp\\\/los-records-marc-marquez-austin\\\/#respond\"]}]},{\"@type\":\"WebPage\",\"@id\":\"https:\\\/\\\/www.boxrepsol.com\\\/es\\\/motogp\\\/los-records-marc-marquez-austin\\\/\",\"url\":\"https:\\\/\\\/www.boxrepsol.com\\\/es\\\/motogp\\\/los-records-marc-marquez-austin\\\/\",\"name\":\"Los r\u00e9cords de Marc M\u00e1rquez en Austin - Box Repsol\",\"isPartOf\":{\"@id\":\"https:\\\/\\\/www.boxrepsol.com\\\/es\\\/#website\"},\"primaryImageOfPage\":{\"@id\":\"https:\\\/\\\/www.boxrepsol.com\\\/es\\\/motogp\\\/los-records-marc-marquez-austin\\\/#primaryimage\"},\"image\":{\"@id\":\"https:\\\/\\\/www.boxrepsol.com\\\/es\\\/motogp\\\/los-records-marc-marquez-austin\\\/#primaryimage\"},\"thumbnailUrl\":\"https:\\\/\\\/www.boxrepsol.com\\\/wp-content\\\/uploads\\\/2022\\\/08\\\/marquez-americas.jpg\",\"datePublished\":\"2017-04-20T02:00:00+00:00\",\"dateModified\":\"2024-05-15T09:19:37+00:00\",\"description\":\"Desde la inclusi\u00f3n del circuito de Austin en el calendario de MotoGP, Marc M\u00e1rquez lo ha ganado pr\u00e1cticamente todo. Te invitamos a repasar sus logros...\",\"breadcrumb\":{\"@id\":\"https:\\\/\\\/www.boxrepsol.com\\\/es\\\/motogp\\\/los-records-marc-marquez-austin\\\/#breadcrumb\"},\"inLanguage\":\"es\",\"potentialAction\":[{\"@type\":\"ReadAction\",\"target\":[\"https:\\\/\\\/www.boxrepsol.com\\\/es\\\/motogp\\\/los-records-marc-marquez-austin\\\/\"]}]},{\"@type\":\"ImageObject\",\"inLanguage\":\"es\",\"@id\":\"https:\\\/\\\/www.boxrepsol.com\\\/es\\\/motogp\\\/los-records-marc-marquez-austin\\\/#primaryimage\",\"url\":\"https:\\\/\\\/www.boxrepsol.com\\\/wp-content\\\/uploads\\\/2022\\\/08\\\/marquez-americas.jpg\",\"contentUrl\":\"https:\\\/\\\/www.boxrepsol.com\\\/wp-content\\\/uploads\\\/2022\\\/08\\\/marquez-americas.jpg\",\"width\":768,\"height\":435,\"caption\":\"Marc m\u00e1rquez lanzando champ\u00e1n con sombrero de Cowboy\"},{\"@type\":\"BreadcrumbList\",\"@id\":\"https:\\\/\\\/www.boxrepsol.com\\\/es\\\/motogp\\\/los-records-marc-marquez-austin\\\/#breadcrumb\",\"itemListElement\":[{\"@type\":\"ListItem\",\"position\":1,\"name\":\"Home\",\"item\":\"https:\\\/\\\/www.boxrepsol.com\\\/es\\\/\"},{\"@type\":\"ListItem\",\"position\":2,\"name\":\"Los r\u00e9cords de Marc M\u00e1rquez en Austin\"}]},{\"@type\":\"WebSite\",\"@id\":\"https:\\\/\\\/www.boxrepsol.com\\\/es\\\/#website\",\"url\":\"https:\\\/\\\/www.boxrepsol.com\\\/es\\\/\",\"name\":\"Box Repsol\",\"description\":\"Box Repsol Site\",\"publisher\":{\"@id\":\"https:\\\/\\\/www.boxrepsol.com\\\/es\\\/#organization\"},\"potentialAction\":[{\"@type\":\"SearchAction\",\"target\":{\"@type\":\"EntryPoint\",\"urlTemplate\":\"https:\\\/\\\/www.boxrepsol.com\\\/es\\\/?s={search_term_string}\"},\"query-input\":{\"@type\":\"PropertyValueSpecification\",\"valueRequired\":true,\"valueName\":\"search_term_string\"}}],\"inLanguage\":\"es\"},{\"@type\":\"Organization\",\"@id\":\"https:\\\/\\\/www.boxrepsol.com\\\/es\\\/#organization\",\"name\":\"Box Repsol\",\"url\":\"https:\\\/\\\/www.boxrepsol.com\\\/es\\\/\",\"logo\":{\"@type\":\"ImageObject\",\"inLanguage\":\"es\",\"@id\":\"https:\\\/\\\/www.boxrepsol.com\\\/es\\\/#\\\/schema\\\/logo\\\/image\\\/\",\"url\":\"https:\\\/\\\/bxrepsol.s3.eu-west-1.amazonaws.com\\\/static\\\/2025\\\/07\\\/30083337\\\/favicon-96x96-1.png\",\"contentUrl\":\"https:\\\/\\\/bxrepsol.s3.eu-west-1.amazonaws.com\\\/static\\\/2025\\\/07\\\/30083337\\\/favicon-96x96-1.png\",\"width\":96,\"height\":96,\"caption\":\"Box Repsol\"},\"image\":{\"@id\":\"https:\\\/\\\/www.boxrepsol.com\\\/es\\\/#\\\/schema\\\/logo\\\/image\\\/\"},\"sameAs\":[\"https:\\\/\\\/www.facebook.com\\\/BoxRepsol\",\"https:\\\/\\\/x.com\\\/box_repsol\",\"http:\\\/\\\/instagram.com\\\/box_repsol\",\"https:\\\/\\\/www.youtube.com\\\/user\\\/RepsolCompeticion\",\"https:\\\/\\\/www.flickr.com\\\/photos\\\/box_repsol\\\/\"]},{\"@type\":\"Person\",\"@id\":\"https:\\\/\\\/www.boxrepsol.com\\\/es\\\/#\\\/schema\\\/person\\\/c5c2138f2cca251b0ad92b7086bb60b7\",\"name\":\"Redacci\u00f3n Box Repsol\",\"image\":{\"@type\":\"ImageObject\",\"inLanguage\":\"es\",\"@id\":\"https:\\\/\\\/secure.gravatar.com\\\/avatar\\\/adf7b77e38b4419baf32c7e9c21dde01f4e40df611f0978e3006fc4ba0aaab7e?s=96&d=mm&r=g\",\"url\":\"https:\\\/\\\/secure.gravatar.com\\\/avatar\\\/adf7b77e38b4419baf32c7e9c21dde01f4e40df611f0978e3006fc4ba0aaab7e?s=96&d=mm&r=g\",\"contentUrl\":\"https:\\\/\\\/secure.gravatar.com\\\/avatar\\\/adf7b77e38b4419baf32c7e9c21dde01f4e40df611f0978e3006fc4ba0aaab7e?s=96&d=mm&r=g\",\"caption\":\"Redacci\u00f3n Box Repsol\"},\"description\":\"Box Repsol lo forma un equipo de periodistas, community managers, dise\u00f1adores y fot\u00f3grafos con m\u00e1s de 20 a\u00f1os de experiencia en el mundo del motorsport. Hemos vivido el primer mundial de un espa\u00f1ol en la categor\u00eda reina de motociclismo con \u00c1lex Crivill\u00e9, estuvimos en las victorias de Pedrosa y los t\u00edtulos de M\u00e1rquez, acompa\u00f1amos en \u00c1frica a Nani Roma y Marc Coma en sus conquistas del Dakar y hemos vibrado con los t\u00edtulos de Toni Bou en Trial. Adem\u00e1s, en nuestro equipo contamos con expertos en el mundo de las dos y cuatro ruedas tanto de la calle y las carreteras, como de los circuitos. Periodistas que han trabajado en revistas y publicaciones para hacerte llegar desde rutas y consejos de mantenimiento, a curiosidades y trucos de pilotaje.\",\"sameAs\":[\"https:\\\/\\\/www.facebook.com\\\/BoxRepsol\\\/\",\"https:\\\/\\\/www.instagram.com\\\/box_repsol\\\/\",\"https:\\\/\\\/x.com\\\/https:\\\/\\\/twitter.com\\\/box_repsol\",\"https:\\\/\\\/www.youtube.com\\\/@Boxrepsol\"],\"url\":\"https:\\\/\\\/www.boxrepsol.com\\\/es\\\/author\\\/redaccion-box-repsol\\\/\"}]}<\/script>\n<!-- \/ Yoast SEO plugin. -->","yoast_head_json":{"title":"Los r\u00e9cords de Marc M\u00e1rquez en Austin - Box Repsol","description":"Desde la inclusi\u00f3n del circuito de Austin en el calendario de MotoGP, Marc M\u00e1rquez lo ha ganado pr\u00e1cticamente todo. Te invitamos a repasar sus logros...","canonical":"https:\/\/www.boxrepsol.com\/es\/motogp\/los-records-marc-marquez-austin\/","og_locale":"es_ES","og_type":"article","og_title":"Los r\u00e9cords de Marc M\u00e1rquez en Austin - Box Repsol","og_description":"Desde la inclusi\u00f3n del circuito de Austin en el calendario de MotoGP, Marc M\u00e1rquez lo ha ganado pr\u00e1cticamente todo. Te invitamos a repasar sus logros...","og_url":"https:\/\/www.boxrepsol.com\/es\/motogp\/los-records-marc-marquez-austin\/","og_site_name":"Box Repsol","article_publisher":"https:\/\/www.facebook.com\/BoxRepsol","article_author":"https:\/\/www.facebook.com\/BoxRepsol\/","article_published_time":"2017-04-20T02:00:00+00:00","article_modified_time":"2024-05-15T09:19:37+00:00","og_image":[{"width":768,"height":435,"url":"https:\/\/www.boxrepsol.com\/wp-content\/uploads\/2022\/08\/marquez-americas.jpg","type":"image\/jpeg"}],"author":"Redacci\u00f3n Box Repsol","twitter_card":"summary_large_image","twitter_creator":"@https:\/\/twitter.com\/box_repsol","twitter_site":"@box_repsol","twitter_misc":{"Written by":"Redacci\u00f3n Box Repsol","Est. reading time":"1 minuto"},"schema":{"@context":"https:\/\/schema.org","@graph":[{"@type":"Article","@id":"https:\/\/www.boxrepsol.com\/es\/motogp\/los-records-marc-marquez-austin\/#article","isPartOf":{"@id":"https:\/\/www.boxrepsol.com\/es\/motogp\/los-records-marc-marquez-austin\/"},"author":{"name":"Redacci\u00f3n Box Repsol","@id":"https:\/\/www.boxrepsol.com\/es\/#\/schema\/person\/c5c2138f2cca251b0ad92b7086bb60b7"},"headline":"Los r\u00e9cords de Marc M\u00e1rquez en Austin","datePublished":"2017-04-20T02:00:00+00:00","dateModified":"2024-05-15T09:19:37+00:00","mainEntityOfPage":{"@id":"https:\/\/www.boxrepsol.com\/es\/motogp\/los-records-marc-marquez-austin\/"},"wordCount":175,"commentCount":0,"publisher":{"@id":"https:\/\/www.boxrepsol.com\/es\/#organization"},"image":{"@id":"https:\/\/www.boxrepsol.com\/es\/motogp\/los-records-marc-marquez-austin\/#primaryimage"},"thumbnailUrl":"https:\/\/www.boxrepsol.com\/wp-content\/uploads\/2022\/08\/marquez-americas.jpg","keywords":["Marc M\u00e1rquez"],"articleSection":["MotoGP"],"inLanguage":"es","potentialAction":[{"@type":"CommentAction","name":"Comment","target":["https:\/\/www.boxrepsol.com\/es\/motogp\/los-records-marc-marquez-austin\/#respond"]}]},{"@type":"WebPage","@id":"https:\/\/www.boxrepsol.com\/es\/motogp\/los-records-marc-marquez-austin\/","url":"https:\/\/www.boxrepsol.com\/es\/motogp\/los-records-marc-marquez-austin\/","name":"Los r\u00e9cords de Marc M\u00e1rquez en Austin - Box Repsol","isPartOf":{"@id":"https:\/\/www.boxrepsol.com\/es\/#website"},"primaryImageOfPage":{"@id":"https:\/\/www.boxrepsol.com\/es\/motogp\/los-records-marc-marquez-austin\/#primaryimage"},"image":{"@id":"https:\/\/www.boxrepsol.com\/es\/motogp\/los-records-marc-marquez-austin\/#primaryimage"},"thumbnailUrl":"https:\/\/www.boxrepsol.com\/wp-content\/uploads\/2022\/08\/marquez-americas.jpg","datePublished":"2017-04-20T02:00:00+00:00","dateModified":"2024-05-15T09:19:37+00:00","description":"Desde la inclusi\u00f3n del circuito de Austin en el calendario de MotoGP, Marc M\u00e1rquez lo ha ganado pr\u00e1cticamente todo. Te invitamos a repasar sus logros...","breadcrumb":{"@id":"https:\/\/www.boxrepsol.com\/es\/motogp\/los-records-marc-marquez-austin\/#breadcrumb"},"inLanguage":"es","potentialAction":[{"@type":"ReadAction","target":["https:\/\/www.boxrepsol.com\/es\/motogp\/los-records-marc-marquez-austin\/"]}]},{"@type":"ImageObject","inLanguage":"es","@id":"https:\/\/www.boxrepsol.com\/es\/motogp\/los-records-marc-marquez-austin\/#primaryimage","url":"https:\/\/www.boxrepsol.com\/wp-content\/uploads\/2022\/08\/marquez-americas.jpg","contentUrl":"https:\/\/www.boxrepsol.com\/wp-content\/uploads\/2022\/08\/marquez-americas.jpg","width":768,"height":435,"caption":"Marc m\u00e1rquez lanzando champ\u00e1n con sombrero de Cowboy"},{"@type":"BreadcrumbList","@id":"https:\/\/www.boxrepsol.com\/es\/motogp\/los-records-marc-marquez-austin\/#breadcrumb","itemListElement":[{"@type":"ListItem","position":1,"name":"Home","item":"https:\/\/www.boxrepsol.com\/es\/"},{"@type":"ListItem","position":2,"name":"Los r\u00e9cords de Marc M\u00e1rquez en Austin"}]},{"@type":"WebSite","@id":"https:\/\/www.boxrepsol.com\/es\/#website","url":"https:\/\/www.boxrepsol.com\/es\/","name":"Box Repsol","description":"Box Repsol Site","publisher":{"@id":"https:\/\/www.boxrepsol.com\/es\/#organization"},"potentialAction":[{"@type":"SearchAction","target":{"@type":"EntryPoint","urlTemplate":"https:\/\/www.boxrepsol.com\/es\/?s={search_term_string}"},"query-input":{"@type":"PropertyValueSpecification","valueRequired":true,"valueName":"search_term_string"}}],"inLanguage":"es"},{"@type":"Organization","@id":"https:\/\/www.boxrepsol.com\/es\/#organization","name":"Box Repsol","url":"https:\/\/www.boxrepsol.com\/es\/","logo":{"@type":"ImageObject","inLanguage":"es","@id":"https:\/\/www.boxrepsol.com\/es\/#\/schema\/logo\/image\/","url":"https:\/\/bxrepsol.s3.eu-west-1.amazonaws.com\/static\/2025\/07\/30083337\/favicon-96x96-1.png","contentUrl":"https:\/\/bxrepsol.s3.eu-west-1.amazonaws.com\/static\/2025\/07\/30083337\/favicon-96x96-1.png","width":96,"height":96,"caption":"Box Repsol"},"image":{"@id":"https:\/\/www.boxrepsol.com\/es\/#\/schema\/logo\/image\/"},"sameAs":["https:\/\/www.facebook.com\/BoxRepsol","https:\/\/x.com\/box_repsol","http:\/\/instagram.com\/box_repsol","https:\/\/www.youtube.com\/user\/RepsolCompeticion","https:\/\/www.flickr.com\/photos\/box_repsol\/"]},{"@type":"Person","@id":"https:\/\/www.boxrepsol.com\/es\/#\/schema\/person\/c5c2138f2cca251b0ad92b7086bb60b7","name":"Redacci\u00f3n Box Repsol","image":{"@type":"ImageObject","inLanguage":"es","@id":"https:\/\/secure.gravatar.com\/avatar\/adf7b77e38b4419baf32c7e9c21dde01f4e40df611f0978e3006fc4ba0aaab7e?s=96&d=mm&r=g","url":"https:\/\/secure.gravatar.com\/avatar\/adf7b77e38b4419baf32c7e9c21dde01f4e40df611f0978e3006fc4ba0aaab7e?s=96&d=mm&r=g","contentUrl":"https:\/\/secure.gravatar.com\/avatar\/adf7b77e38b4419baf32c7e9c21dde01f4e40df611f0978e3006fc4ba0aaab7e?s=96&d=mm&r=g","caption":"Redacci\u00f3n Box Repsol"},"description":"Box Repsol lo forma un equipo de periodistas, community managers, dise\u00f1adores y fot\u00f3grafos con m\u00e1s de 20 a\u00f1os de experiencia en el mundo del motorsport. Hemos vivido el primer mundial de un espa\u00f1ol en la categor\u00eda reina de motociclismo con \u00c1lex Crivill\u00e9, estuvimos en las victorias de Pedrosa y los t\u00edtulos de M\u00e1rquez, acompa\u00f1amos en \u00c1frica a Nani Roma y Marc Coma en sus conquistas del Dakar y hemos vibrado con los t\u00edtulos de Toni Bou en Trial. Adem\u00e1s, en nuestro equipo contamos con expertos en el mundo de las dos y cuatro ruedas tanto de la calle y las carreteras, como de los circuitos. Periodistas que han trabajado en revistas y publicaciones para hacerte llegar desde rutas y consejos de mantenimiento, a curiosidades y trucos de pilotaje.","sameAs":["https:\/\/www.facebook.com\/BoxRepsol\/","https:\/\/www.instagram.com\/box_repsol\/","https:\/\/x.com\/https:\/\/twitter.com\/box_repsol","https:\/\/www.youtube.com\/@Boxrepsol"],"url":"https:\/\/www.boxrepsol.com\/es\/author\/redaccion-box-repsol\/"}]}},"_links":{"self":[{"href":"https:\/\/www.boxrepsol.com\/es\/wp-json\/wp\/v2\/posts\/90141","targetHints":{"allow":["GET"]}}],"collection":[{"href":"https:\/\/www.boxrepsol.com\/es\/wp-json\/wp\/v2\/posts"}],"about":[{"href":"https:\/\/www.boxrepsol.com\/es\/wp-json\/wp\/v2\/types\/post"}],"author":[{"embeddable":true,"href":"https:\/\/www.boxrepsol.com\/es\/wp-json\/wp\/v2\/users\/43146"}],"replies":[{"embeddable":true,"href":"https:\/\/www.boxrepsol.com\/es\/wp-json\/wp\/v2\/comments?post=90141"}],"version-history":[{"count":1,"href":"https:\/\/www.boxrepsol.com\/es\/wp-json\/wp\/v2\/posts\/90141\/revisions"}],"predecessor-version":[{"id":90142,"href":"https:\/\/www.boxrepsol.com\/es\/wp-json\/wp\/v2\/posts\/90141\/revisions\/90142"}],"wp:featuredmedia":[{"embeddable":true,"href":"https:\/\/www.boxrepsol.com\/es\/wp-json\/wp\/v2\/media\/86379"}],"wp:attachment":[{"href":"https:\/\/www.boxrepsol.com\/es\/wp-json\/wp\/v2\/media?parent=90141"}],"wp:term":[{"taxonomy":"category","embeddable":true,"href":"https:\/\/www.boxrepsol.com\/es\/wp-json\/wp\/v2\/categories?post=90141"},{"taxonomy":"post_tag","embeddable":true,"href":"https:\/\/www.boxrepsol.com\/es\/wp-json\/wp\/v2\/tags?post=90141"}],"curies":[{"name":"wp","href":"https:\/\/api.w.org\/{rel}","templated":true}]}}