{"id":90139,"date":"2019-04-08T00:00:00","date_gmt":"2019-04-08T02:00:00","guid":{"rendered":"http:\/\/pre.boxrepsol.com\/sin-categorizar\/austin-mas-alla-del-circuito-las-americas\/"},"modified":"2024-10-09T12:30:29","modified_gmt":"2024-10-09T14:30:29","slug":"austin-mas-alla-del-circuito-las-americas","status":"publish","type":"post","link":"https:\/\/www.boxrepsol.com\/es\/motogp\/austin-mas-alla-del-circuito-las-americas\/","title":{"rendered":"Austin, m\u00e1s all\u00e1 del Circuito de Las Am\u00e9ricas"},"content":{"rendered":"\n<blockquote class=\"wp-block-quote is-layout-flow wp-block-quote-is-layout-flow\">\n<p>A s\u00f3lo 210 km. del COTA, Repsol tiene en Houston su sede en EE.UU.<\/p>\n<\/blockquote>\n\n\n\n<p><strong>1.<\/strong> El Circuito de Las Am\u00e9ricas refleja la devoci\u00f3n de los estadounidenses por los eventos deportivos de gran magnitud; algo que se desprende de detalles como su aforo, con 100.000 localidades, su impresionante desnivel de 40m. al final de la recta de meta, y que contiene la recta m\u00e1s larga del Mundial con 1.200m.<br><strong><br>2.<\/strong> Es uno de los cinco circuitos que comparten MotoGP y Formula1, junto con Barcelona-Catalunya, <a href=\"https:\/\/www.boxrepsol.com\/es\/motogp\/marc-marquez-dani-pedrosa-on-board-red-bull-ring\/\">Red Bull Ring<\/a>, <a href=\"https:\/\/www.boxrepsol.com\/es\/motogp\/silverstone-aerodromo-convertido-circuito\/\">Silverstone<\/a> y Sepang.<br><strong><br>3.<\/strong> Hay una torre mirador de 77 metros de altura dise\u00f1ada por un estudio de arquitectos fundado por el catal\u00e1n Juan Mir\u00f3 y el puertorrique\u00f1o Miguel Rivera, el \u00fanico punto desde donde se puede observar la totalidad del circuito.<\/p>\n\n\n\n<p><strong>4.<\/strong> Se usaron 1.200 toneladas de acero estructural para la tribuna principal, que tiene capacidad para unos 9.000 espectadores.<\/p>\n\n\n\n<p><strong>5. <\/strong>El impacto econ\u00f3mico acumulado del circuito en el \u00e1rea metropolitana de Austin es de unos 2.800 millones de d\u00f3lares.<\/p>\n\n\n\n<p><strong>6.<\/strong> 9.100 personas trabajan durante el a\u00f1o en actividades y eventos del COTA.<\/p>\n\n\n\n<p><strong>7<\/strong>. Entre las actividades que alberga el COTA se encuentran MotoGP, Formula1, Lone Star Le Mans (resistencia) y eventos como el picnic del 4 de julio, conciertos semanales de la talla de Kings of Leon, Train, Muse, Green Day, Depeche Mode\u2026<\/p>\n\n\n\n<figure class=\"wp-block-image\"><img decoding=\"async\" src=\"https:\/\/bxrepsol.s3.eu-west-1.amazonaws.com\/static\/2022\/08\/29051121\/01-marc-marquez-motogp.jpg\" alt=\"\"\/><figcaption class=\"wp-element-caption\">Marc M\u00e1rquez rodando en el circuito las Am\u00e9ricas<\/figcaption><\/figure>\n\n\n\n<p><strong>8.<\/strong> Austin es la ciudad m\u00e1s grande de los Estados Unidos sin un equipo o una franquicia en alguna liga profesional, incluso teniendo uno de los estadios m\u00e1s grandes del pa\u00eds, el de la Universidad de Texas.<\/p>\n\n\n\n<p><strong>9.<\/strong> Kevin Schwantz, Campe\u00f3n del Mundo de 500cc en 1993, es desde 2014 el embajador del circuito.<\/p>\n\n\n\n<p><strong>10.<\/strong> Sandra Bullock, ganadora de un \u00d3scar, tiene un restaurante en Austin, el Bess Bistro.<\/p>\n\n\n\n<p><strong>11.<\/strong> El Capitolio de Austin tiene 33.000 m\u00b2, y es el m\u00e1s grande de los Estados Unidos. Tambi\u00e9n es el sexto m\u00e1s alto del pa\u00eds, por encima del Capitolio de Washington.<\/p>\n\n\n\n<p><strong>12.<\/strong> Austin tiene la colonia urbana de murci\u00e9lagos m\u00e1s grande de EE.UU.<\/p>\n\n\n\n<p><strong>13. <\/strong>Tiene una media de 300 d\u00edas de sol al a\u00f1o.<br><strong><br>14.<\/strong> La ciudad recibe alrededor de 19 millones de visitantes al a\u00f1o.<\/p>\n\n\n\n<p><strong>15. <\/strong>A s\u00f3lo 210 km. del COTA, Repsol tiene en Houston su sede en EE.UU., donde trabajan m\u00e1s de 500 personas.<\/p>\n","protected":false},"excerpt":{"rendered":"<p>El COTA (Circuit of The Americas) es la gran referencia del motociclismo en Estados Unidos tras las salidas del calendario de MotoGP de Indian\u00e1polis y Laguna Seca.<\/p>\n","protected":false},"author":43146,"featured_media":86374,"comment_status":"open","ping_status":"open","sticky":false,"template":"","format":"standard","meta":{"footnotes":""},"categories":[4],"tags":[155],"class_list":["post-90139","post","type-post","status-publish","format-standard","hentry","category-motogp","tag-motogp-americas"],"yoast_head":"<!-- This site is optimized with the Yoast SEO plugin v27.3 - https:\/\/yoast.com\/product\/yoast-seo-wordpress\/ -->\n<title>Austin, m\u00e1s all\u00e1 del Circuito de Las Am\u00e9ricas - Box Repsol<\/title>\n<meta name=\"description\" content=\"El COTA (Circuit of The Americas) en Austin es la gran referencia del motociclismo en EEUU tras las salidas del calendario de MotoGP de Laguna Seca.\" \/>\n<link rel=\"canonical\" href=\"https:\/\/www.boxrepsol.com\/es\/motogp\/austin-mas-alla-del-circuito-las-americas\/\" \/>\n<meta property=\"og:locale\" content=\"es_ES\" \/>\n<meta property=\"og:type\" content=\"article\" \/>\n<meta property=\"og:title\" content=\"Austin, m\u00e1s all\u00e1 del Circuito de Las Am\u00e9ricas - Box Repsol\" \/>\n<meta property=\"og:description\" content=\"El COTA (Circuit of The Americas) en Austin es la gran referencia del motociclismo en EEUU tras las salidas del calendario de MotoGP de Laguna Seca.\" \/>\n<meta property=\"og:url\" content=\"https:\/\/www.boxrepsol.com\/es\/motogp\/austin-mas-alla-del-circuito-las-americas\/\" \/>\n<meta property=\"og:site_name\" content=\"Box Repsol\" \/>\n<meta property=\"article:publisher\" content=\"https:\/\/www.facebook.com\/BoxRepsol\" \/>\n<meta property=\"article:author\" content=\"https:\/\/www.facebook.com\/BoxRepsol\/\" \/>\n<meta property=\"article:published_time\" content=\"2019-04-08T02:00:00+00:00\" \/>\n<meta property=\"article:modified_time\" content=\"2024-10-09T14:30:29+00:00\" \/>\n<meta property=\"og:image\" content=\"https:\/\/www.boxrepsol.com\/wp-content\/uploads\/2022\/08\/00_marc_marquez_bandera_93_eeuu_austin_cota_gp_de_las_americas.jpg\" \/>\n\t<meta property=\"og:image:width\" content=\"1280\" \/>\n\t<meta property=\"og:image:height\" content=\"600\" \/>\n\t<meta property=\"og:image:type\" content=\"image\/jpeg\" \/>\n<meta name=\"author\" content=\"Redacci\u00f3n Box Repsol\" \/>\n<meta name=\"twitter:card\" content=\"summary_large_image\" \/>\n<meta name=\"twitter:creator\" content=\"@https:\/\/twitter.com\/box_repsol\" \/>\n<meta name=\"twitter:site\" content=\"@box_repsol\" \/>\n<meta name=\"twitter:label1\" content=\"Written by\" \/>\n\t<meta name=\"twitter:data1\" content=\"Redacci\u00f3n Box Repsol\" \/>\n\t<meta name=\"twitter:label2\" content=\"Est. reading time\" \/>\n\t<meta name=\"twitter:data2\" content=\"2 minutos\" \/>\n<script type=\"application\/ld+json\" class=\"yoast-schema-graph\">{\"@context\":\"https:\\\/\\\/schema.org\",\"@graph\":[{\"@type\":\"Article\",\"@id\":\"https:\\\/\\\/www.boxrepsol.com\\\/es\\\/motogp\\\/austin-mas-alla-del-circuito-las-americas\\\/#article\",\"isPartOf\":{\"@id\":\"https:\\\/\\\/www.boxrepsol.com\\\/es\\\/motogp\\\/austin-mas-alla-del-circuito-las-americas\\\/\"},\"author\":{\"name\":\"Redacci\u00f3n Box Repsol\",\"@id\":\"https:\\\/\\\/www.boxrepsol.com\\\/es\\\/#\\\/schema\\\/person\\\/c5c2138f2cca251b0ad92b7086bb60b7\"},\"headline\":\"Austin, m\u00e1s all\u00e1 del Circuito de Las Am\u00e9ricas\",\"datePublished\":\"2019-04-08T02:00:00+00:00\",\"dateModified\":\"2024-10-09T14:30:29+00:00\",\"mainEntityOfPage\":{\"@id\":\"https:\\\/\\\/www.boxrepsol.com\\\/es\\\/motogp\\\/austin-mas-alla-del-circuito-las-americas\\\/\"},\"wordCount\":395,\"commentCount\":0,\"publisher\":{\"@id\":\"https:\\\/\\\/www.boxrepsol.com\\\/es\\\/#organization\"},\"image\":{\"@id\":\"https:\\\/\\\/www.boxrepsol.com\\\/es\\\/motogp\\\/austin-mas-alla-del-circuito-las-americas\\\/#primaryimage\"},\"thumbnailUrl\":\"https:\\\/\\\/www.boxrepsol.com\\\/wp-content\\\/uploads\\\/2022\\\/08\\\/00_marc_marquez_bandera_93_eeuu_austin_cota_gp_de_las_americas.jpg\",\"keywords\":[\"MotoGP Americas\"],\"articleSection\":[\"MotoGP\"],\"inLanguage\":\"es\",\"potentialAction\":[{\"@type\":\"CommentAction\",\"name\":\"Comment\",\"target\":[\"https:\\\/\\\/www.boxrepsol.com\\\/es\\\/motogp\\\/austin-mas-alla-del-circuito-las-americas\\\/#respond\"]}]},{\"@type\":\"WebPage\",\"@id\":\"https:\\\/\\\/www.boxrepsol.com\\\/es\\\/motogp\\\/austin-mas-alla-del-circuito-las-americas\\\/\",\"url\":\"https:\\\/\\\/www.boxrepsol.com\\\/es\\\/motogp\\\/austin-mas-alla-del-circuito-las-americas\\\/\",\"name\":\"Austin, m\u00e1s all\u00e1 del Circuito de Las Am\u00e9ricas - Box Repsol\",\"isPartOf\":{\"@id\":\"https:\\\/\\\/www.boxrepsol.com\\\/es\\\/#website\"},\"primaryImageOfPage\":{\"@id\":\"https:\\\/\\\/www.boxrepsol.com\\\/es\\\/motogp\\\/austin-mas-alla-del-circuito-las-americas\\\/#primaryimage\"},\"image\":{\"@id\":\"https:\\\/\\\/www.boxrepsol.com\\\/es\\\/motogp\\\/austin-mas-alla-del-circuito-las-americas\\\/#primaryimage\"},\"thumbnailUrl\":\"https:\\\/\\\/www.boxrepsol.com\\\/wp-content\\\/uploads\\\/2022\\\/08\\\/00_marc_marquez_bandera_93_eeuu_austin_cota_gp_de_las_americas.jpg\",\"datePublished\":\"2019-04-08T02:00:00+00:00\",\"dateModified\":\"2024-10-09T14:30:29+00:00\",\"description\":\"El COTA (Circuit of The Americas) en Austin es la gran referencia del motociclismo en EEUU tras las salidas del calendario de MotoGP de Laguna Seca.\",\"breadcrumb\":{\"@id\":\"https:\\\/\\\/www.boxrepsol.com\\\/es\\\/motogp\\\/austin-mas-alla-del-circuito-las-americas\\\/#breadcrumb\"},\"inLanguage\":\"es\",\"potentialAction\":[{\"@type\":\"ReadAction\",\"target\":[\"https:\\\/\\\/www.boxrepsol.com\\\/es\\\/motogp\\\/austin-mas-alla-del-circuito-las-americas\\\/\"]}]},{\"@type\":\"ImageObject\",\"inLanguage\":\"es\",\"@id\":\"https:\\\/\\\/www.boxrepsol.com\\\/es\\\/motogp\\\/austin-mas-alla-del-circuito-las-americas\\\/#primaryimage\",\"url\":\"https:\\\/\\\/www.boxrepsol.com\\\/wp-content\\\/uploads\\\/2022\\\/08\\\/00_marc_marquez_bandera_93_eeuu_austin_cota_gp_de_las_americas.jpg\",\"contentUrl\":\"https:\\\/\\\/www.boxrepsol.com\\\/wp-content\\\/uploads\\\/2022\\\/08\\\/00_marc_marquez_bandera_93_eeuu_austin_cota_gp_de_las_americas.jpg\",\"width\":1280,\"height\":600,\"caption\":\"Marc M\u00e1rquez ondea bandera con 93 y colores de la bandera estadounidense\"},{\"@type\":\"BreadcrumbList\",\"@id\":\"https:\\\/\\\/www.boxrepsol.com\\\/es\\\/motogp\\\/austin-mas-alla-del-circuito-las-americas\\\/#breadcrumb\",\"itemListElement\":[{\"@type\":\"ListItem\",\"position\":1,\"name\":\"Home\",\"item\":\"https:\\\/\\\/www.boxrepsol.com\\\/es\\\/\"},{\"@type\":\"ListItem\",\"position\":2,\"name\":\"Austin, m\u00e1s all\u00e1 del Circuito de Las Am\u00e9ricas\"}]},{\"@type\":\"WebSite\",\"@id\":\"https:\\\/\\\/www.boxrepsol.com\\\/es\\\/#website\",\"url\":\"https:\\\/\\\/www.boxrepsol.com\\\/es\\\/\",\"name\":\"Box Repsol\",\"description\":\"Box Repsol Site\",\"publisher\":{\"@id\":\"https:\\\/\\\/www.boxrepsol.com\\\/es\\\/#organization\"},\"potentialAction\":[{\"@type\":\"SearchAction\",\"target\":{\"@type\":\"EntryPoint\",\"urlTemplate\":\"https:\\\/\\\/www.boxrepsol.com\\\/es\\\/?s={search_term_string}\"},\"query-input\":{\"@type\":\"PropertyValueSpecification\",\"valueRequired\":true,\"valueName\":\"search_term_string\"}}],\"inLanguage\":\"es\"},{\"@type\":\"Organization\",\"@id\":\"https:\\\/\\\/www.boxrepsol.com\\\/es\\\/#organization\",\"name\":\"Box Repsol\",\"url\":\"https:\\\/\\\/www.boxrepsol.com\\\/es\\\/\",\"logo\":{\"@type\":\"ImageObject\",\"inLanguage\":\"es\",\"@id\":\"https:\\\/\\\/www.boxrepsol.com\\\/es\\\/#\\\/schema\\\/logo\\\/image\\\/\",\"url\":\"https:\\\/\\\/bxrepsol.s3.eu-west-1.amazonaws.com\\\/static\\\/2025\\\/07\\\/30083337\\\/favicon-96x96-1.png\",\"contentUrl\":\"https:\\\/\\\/bxrepsol.s3.eu-west-1.amazonaws.com\\\/static\\\/2025\\\/07\\\/30083337\\\/favicon-96x96-1.png\",\"width\":96,\"height\":96,\"caption\":\"Box Repsol\"},\"image\":{\"@id\":\"https:\\\/\\\/www.boxrepsol.com\\\/es\\\/#\\\/schema\\\/logo\\\/image\\\/\"},\"sameAs\":[\"https:\\\/\\\/www.facebook.com\\\/BoxRepsol\",\"https:\\\/\\\/x.com\\\/box_repsol\",\"http:\\\/\\\/instagram.com\\\/box_repsol\",\"https:\\\/\\\/www.youtube.com\\\/user\\\/RepsolCompeticion\",\"https:\\\/\\\/www.flickr.com\\\/photos\\\/box_repsol\\\/\"]},{\"@type\":\"Person\",\"@id\":\"https:\\\/\\\/www.boxrepsol.com\\\/es\\\/#\\\/schema\\\/person\\\/c5c2138f2cca251b0ad92b7086bb60b7\",\"name\":\"Redacci\u00f3n Box Repsol\",\"image\":{\"@type\":\"ImageObject\",\"inLanguage\":\"es\",\"@id\":\"https:\\\/\\\/secure.gravatar.com\\\/avatar\\\/adf7b77e38b4419baf32c7e9c21dde01f4e40df611f0978e3006fc4ba0aaab7e?s=96&d=mm&r=g\",\"url\":\"https:\\\/\\\/secure.gravatar.com\\\/avatar\\\/adf7b77e38b4419baf32c7e9c21dde01f4e40df611f0978e3006fc4ba0aaab7e?s=96&d=mm&r=g\",\"contentUrl\":\"https:\\\/\\\/secure.gravatar.com\\\/avatar\\\/adf7b77e38b4419baf32c7e9c21dde01f4e40df611f0978e3006fc4ba0aaab7e?s=96&d=mm&r=g\",\"caption\":\"Redacci\u00f3n Box Repsol\"},\"description\":\"Box Repsol lo forma un equipo de periodistas, community managers, dise\u00f1adores y fot\u00f3grafos con m\u00e1s de 20 a\u00f1os de experiencia en el mundo del motorsport. Hemos vivido el primer mundial de un espa\u00f1ol en la categor\u00eda reina de motociclismo con \u00c1lex Crivill\u00e9, estuvimos en las victorias de Pedrosa y los t\u00edtulos de M\u00e1rquez, acompa\u00f1amos en \u00c1frica a Nani Roma y Marc Coma en sus conquistas del Dakar y hemos vibrado con los t\u00edtulos de Toni Bou en Trial. Adem\u00e1s, en nuestro equipo contamos con expertos en el mundo de las dos y cuatro ruedas tanto de la calle y las carreteras, como de los circuitos. Periodistas que han trabajado en revistas y publicaciones para hacerte llegar desde rutas y consejos de mantenimiento, a curiosidades y trucos de pilotaje.\",\"sameAs\":[\"https:\\\/\\\/www.facebook.com\\\/BoxRepsol\\\/\",\"https:\\\/\\\/www.instagram.com\\\/box_repsol\\\/\",\"https:\\\/\\\/x.com\\\/https:\\\/\\\/twitter.com\\\/box_repsol\",\"https:\\\/\\\/www.youtube.com\\\/@Boxrepsol\"],\"url\":\"https:\\\/\\\/www.boxrepsol.com\\\/es\\\/author\\\/redaccion-box-repsol\\\/\"}]}<\/script>\n<!-- \/ Yoast SEO plugin. -->","yoast_head_json":{"title":"Austin, m\u00e1s all\u00e1 del Circuito de Las Am\u00e9ricas - Box Repsol","description":"El COTA (Circuit of The Americas) en Austin es la gran referencia del motociclismo en EEUU tras las salidas del calendario de MotoGP de Laguna Seca.","canonical":"https:\/\/www.boxrepsol.com\/es\/motogp\/austin-mas-alla-del-circuito-las-americas\/","og_locale":"es_ES","og_type":"article","og_title":"Austin, m\u00e1s all\u00e1 del Circuito de Las Am\u00e9ricas - Box Repsol","og_description":"El COTA (Circuit of The Americas) en Austin es la gran referencia del motociclismo en EEUU tras las salidas del calendario de MotoGP de Laguna Seca.","og_url":"https:\/\/www.boxrepsol.com\/es\/motogp\/austin-mas-alla-del-circuito-las-americas\/","og_site_name":"Box Repsol","article_publisher":"https:\/\/www.facebook.com\/BoxRepsol","article_author":"https:\/\/www.facebook.com\/BoxRepsol\/","article_published_time":"2019-04-08T02:00:00+00:00","article_modified_time":"2024-10-09T14:30:29+00:00","og_image":[{"width":1280,"height":600,"url":"https:\/\/www.boxrepsol.com\/wp-content\/uploads\/2022\/08\/00_marc_marquez_bandera_93_eeuu_austin_cota_gp_de_las_americas.jpg","type":"image\/jpeg"}],"author":"Redacci\u00f3n Box Repsol","twitter_card":"summary_large_image","twitter_creator":"@https:\/\/twitter.com\/box_repsol","twitter_site":"@box_repsol","twitter_misc":{"Written by":"Redacci\u00f3n Box Repsol","Est. reading time":"2 minutos"},"schema":{"@context":"https:\/\/schema.org","@graph":[{"@type":"Article","@id":"https:\/\/www.boxrepsol.com\/es\/motogp\/austin-mas-alla-del-circuito-las-americas\/#article","isPartOf":{"@id":"https:\/\/www.boxrepsol.com\/es\/motogp\/austin-mas-alla-del-circuito-las-americas\/"},"author":{"name":"Redacci\u00f3n Box Repsol","@id":"https:\/\/www.boxrepsol.com\/es\/#\/schema\/person\/c5c2138f2cca251b0ad92b7086bb60b7"},"headline":"Austin, m\u00e1s all\u00e1 del Circuito de Las Am\u00e9ricas","datePublished":"2019-04-08T02:00:00+00:00","dateModified":"2024-10-09T14:30:29+00:00","mainEntityOfPage":{"@id":"https:\/\/www.boxrepsol.com\/es\/motogp\/austin-mas-alla-del-circuito-las-americas\/"},"wordCount":395,"commentCount":0,"publisher":{"@id":"https:\/\/www.boxrepsol.com\/es\/#organization"},"image":{"@id":"https:\/\/www.boxrepsol.com\/es\/motogp\/austin-mas-alla-del-circuito-las-americas\/#primaryimage"},"thumbnailUrl":"https:\/\/www.boxrepsol.com\/wp-content\/uploads\/2022\/08\/00_marc_marquez_bandera_93_eeuu_austin_cota_gp_de_las_americas.jpg","keywords":["MotoGP Americas"],"articleSection":["MotoGP"],"inLanguage":"es","potentialAction":[{"@type":"CommentAction","name":"Comment","target":["https:\/\/www.boxrepsol.com\/es\/motogp\/austin-mas-alla-del-circuito-las-americas\/#respond"]}]},{"@type":"WebPage","@id":"https:\/\/www.boxrepsol.com\/es\/motogp\/austin-mas-alla-del-circuito-las-americas\/","url":"https:\/\/www.boxrepsol.com\/es\/motogp\/austin-mas-alla-del-circuito-las-americas\/","name":"Austin, m\u00e1s all\u00e1 del Circuito de Las Am\u00e9ricas - Box Repsol","isPartOf":{"@id":"https:\/\/www.boxrepsol.com\/es\/#website"},"primaryImageOfPage":{"@id":"https:\/\/www.boxrepsol.com\/es\/motogp\/austin-mas-alla-del-circuito-las-americas\/#primaryimage"},"image":{"@id":"https:\/\/www.boxrepsol.com\/es\/motogp\/austin-mas-alla-del-circuito-las-americas\/#primaryimage"},"thumbnailUrl":"https:\/\/www.boxrepsol.com\/wp-content\/uploads\/2022\/08\/00_marc_marquez_bandera_93_eeuu_austin_cota_gp_de_las_americas.jpg","datePublished":"2019-04-08T02:00:00+00:00","dateModified":"2024-10-09T14:30:29+00:00","description":"El COTA (Circuit of The Americas) en Austin es la gran referencia del motociclismo en EEUU tras las salidas del calendario de MotoGP de Laguna Seca.","breadcrumb":{"@id":"https:\/\/www.boxrepsol.com\/es\/motogp\/austin-mas-alla-del-circuito-las-americas\/#breadcrumb"},"inLanguage":"es","potentialAction":[{"@type":"ReadAction","target":["https:\/\/www.boxrepsol.com\/es\/motogp\/austin-mas-alla-del-circuito-las-americas\/"]}]},{"@type":"ImageObject","inLanguage":"es","@id":"https:\/\/www.boxrepsol.com\/es\/motogp\/austin-mas-alla-del-circuito-las-americas\/#primaryimage","url":"https:\/\/www.boxrepsol.com\/wp-content\/uploads\/2022\/08\/00_marc_marquez_bandera_93_eeuu_austin_cota_gp_de_las_americas.jpg","contentUrl":"https:\/\/www.boxrepsol.com\/wp-content\/uploads\/2022\/08\/00_marc_marquez_bandera_93_eeuu_austin_cota_gp_de_las_americas.jpg","width":1280,"height":600,"caption":"Marc M\u00e1rquez ondea bandera con 93 y colores de la bandera estadounidense"},{"@type":"BreadcrumbList","@id":"https:\/\/www.boxrepsol.com\/es\/motogp\/austin-mas-alla-del-circuito-las-americas\/#breadcrumb","itemListElement":[{"@type":"ListItem","position":1,"name":"Home","item":"https:\/\/www.boxrepsol.com\/es\/"},{"@type":"ListItem","position":2,"name":"Austin, m\u00e1s all\u00e1 del Circuito de Las Am\u00e9ricas"}]},{"@type":"WebSite","@id":"https:\/\/www.boxrepsol.com\/es\/#website","url":"https:\/\/www.boxrepsol.com\/es\/","name":"Box Repsol","description":"Box Repsol Site","publisher":{"@id":"https:\/\/www.boxrepsol.com\/es\/#organization"},"potentialAction":[{"@type":"SearchAction","target":{"@type":"EntryPoint","urlTemplate":"https:\/\/www.boxrepsol.com\/es\/?s={search_term_string}"},"query-input":{"@type":"PropertyValueSpecification","valueRequired":true,"valueName":"search_term_string"}}],"inLanguage":"es"},{"@type":"Organization","@id":"https:\/\/www.boxrepsol.com\/es\/#organization","name":"Box Repsol","url":"https:\/\/www.boxrepsol.com\/es\/","logo":{"@type":"ImageObject","inLanguage":"es","@id":"https:\/\/www.boxrepsol.com\/es\/#\/schema\/logo\/image\/","url":"https:\/\/bxrepsol.s3.eu-west-1.amazonaws.com\/static\/2025\/07\/30083337\/favicon-96x96-1.png","contentUrl":"https:\/\/bxrepsol.s3.eu-west-1.amazonaws.com\/static\/2025\/07\/30083337\/favicon-96x96-1.png","width":96,"height":96,"caption":"Box Repsol"},"image":{"@id":"https:\/\/www.boxrepsol.com\/es\/#\/schema\/logo\/image\/"},"sameAs":["https:\/\/www.facebook.com\/BoxRepsol","https:\/\/x.com\/box_repsol","http:\/\/instagram.com\/box_repsol","https:\/\/www.youtube.com\/user\/RepsolCompeticion","https:\/\/www.flickr.com\/photos\/box_repsol\/"]},{"@type":"Person","@id":"https:\/\/www.boxrepsol.com\/es\/#\/schema\/person\/c5c2138f2cca251b0ad92b7086bb60b7","name":"Redacci\u00f3n Box Repsol","image":{"@type":"ImageObject","inLanguage":"es","@id":"https:\/\/secure.gravatar.com\/avatar\/adf7b77e38b4419baf32c7e9c21dde01f4e40df611f0978e3006fc4ba0aaab7e?s=96&d=mm&r=g","url":"https:\/\/secure.gravatar.com\/avatar\/adf7b77e38b4419baf32c7e9c21dde01f4e40df611f0978e3006fc4ba0aaab7e?s=96&d=mm&r=g","contentUrl":"https:\/\/secure.gravatar.com\/avatar\/adf7b77e38b4419baf32c7e9c21dde01f4e40df611f0978e3006fc4ba0aaab7e?s=96&d=mm&r=g","caption":"Redacci\u00f3n Box Repsol"},"description":"Box Repsol lo forma un equipo de periodistas, community managers, dise\u00f1adores y fot\u00f3grafos con m\u00e1s de 20 a\u00f1os de experiencia en el mundo del motorsport. Hemos vivido el primer mundial de un espa\u00f1ol en la categor\u00eda reina de motociclismo con \u00c1lex Crivill\u00e9, estuvimos en las victorias de Pedrosa y los t\u00edtulos de M\u00e1rquez, acompa\u00f1amos en \u00c1frica a Nani Roma y Marc Coma en sus conquistas del Dakar y hemos vibrado con los t\u00edtulos de Toni Bou en Trial. Adem\u00e1s, en nuestro equipo contamos con expertos en el mundo de las dos y cuatro ruedas tanto de la calle y las carreteras, como de los circuitos. Periodistas que han trabajado en revistas y publicaciones para hacerte llegar desde rutas y consejos de mantenimiento, a curiosidades y trucos de pilotaje.","sameAs":["https:\/\/www.facebook.com\/BoxRepsol\/","https:\/\/www.instagram.com\/box_repsol\/","https:\/\/x.com\/https:\/\/twitter.com\/box_repsol","https:\/\/www.youtube.com\/@Boxrepsol"],"url":"https:\/\/www.boxrepsol.com\/es\/author\/redaccion-box-repsol\/"}]}},"_links":{"self":[{"href":"https:\/\/www.boxrepsol.com\/es\/wp-json\/wp\/v2\/posts\/90139","targetHints":{"allow":["GET"]}}],"collection":[{"href":"https:\/\/www.boxrepsol.com\/es\/wp-json\/wp\/v2\/posts"}],"about":[{"href":"https:\/\/www.boxrepsol.com\/es\/wp-json\/wp\/v2\/types\/post"}],"author":[{"embeddable":true,"href":"https:\/\/www.boxrepsol.com\/es\/wp-json\/wp\/v2\/users\/43146"}],"replies":[{"embeddable":true,"href":"https:\/\/www.boxrepsol.com\/es\/wp-json\/wp\/v2\/comments?post=90139"}],"version-history":[{"count":3,"href":"https:\/\/www.boxrepsol.com\/es\/wp-json\/wp\/v2\/posts\/90139\/revisions"}],"predecessor-version":[{"id":121037,"href":"https:\/\/www.boxrepsol.com\/es\/wp-json\/wp\/v2\/posts\/90139\/revisions\/121037"}],"wp:featuredmedia":[{"embeddable":true,"href":"https:\/\/www.boxrepsol.com\/es\/wp-json\/wp\/v2\/media\/86374"}],"wp:attachment":[{"href":"https:\/\/www.boxrepsol.com\/es\/wp-json\/wp\/v2\/media?parent=90139"}],"wp:term":[{"taxonomy":"category","embeddable":true,"href":"https:\/\/www.boxrepsol.com\/es\/wp-json\/wp\/v2\/categories?post=90139"},{"taxonomy":"post_tag","embeddable":true,"href":"https:\/\/www.boxrepsol.com\/es\/wp-json\/wp\/v2\/tags?post=90139"}],"curies":[{"name":"wp","href":"https:\/\/api.w.org\/{rel}","templated":true}]}}