{"id":90126,"date":"2016-06-07T00:00:00","date_gmt":"2016-06-07T02:00:00","guid":{"rendered":"http:\/\/pre.boxrepsol.com\/sin-categorizar\/equipo-repsol-honda-concluye-los-entrenamientos-montmelo\/"},"modified":"2024-05-07T06:51:08","modified_gmt":"2024-05-07T08:51:08","slug":"equipo-repsol-honda-concluye-los-entrenamientos-montmelo","status":"publish","type":"post","link":"https:\/\/www.boxrepsol.com\/es\/motogp\/equipo-repsol-honda-concluye-los-entrenamientos-montmelo\/","title":{"rendered":"El Equipo Repsol Honda concluye los entrenamientos en Montmel\u00f3"},"content":{"rendered":"<blockquote><p>M\u00e1rquez ha encontrado algunos puntos positivos y ha obtenido numerosa informaci\u00f3n #TestMontmel\u00f3<\/p>\n<p><a href=\"http:\/\/twitter.com\/share?text=M%C3%A1rquez+ha+encontrado+algunos+puntos+positivos+y+ha+obtenido+numerosa+informaci%C3%B3n+%23TestMontmel%C3%B3+&amp;url=https%3A%2F%2Fwww.boxrepsol.com%2Fes%2Fmotogp%2Fequipo-repsol-honda-concluye-los-entrenamientos-montmelo%2F&amp;hashtags=\" target=\"_blank\" rel=\"noopener\"><br \/>\ntwittear <\/a><\/p><\/blockquote>\n<p>Los dos pilotos del Equipo Repsol Honda han completado un programa de pruebas similar en el Circuit de Barcelona-Catalunya, que ha incluido reglajes de la electr\u00f3nica para mejorar la entrega de potencia en la salida de las curvas, un nuevo chasis y un nuevo escape. M\u00e1rquez ha encontrado algunos puntos positivos y ha obtenido numerosa informaci\u00f3n que cree que los ingenieros de HRC podr\u00e1n aprovechar para las siguientes carreras. Su compa\u00f1ero en el equipo Repsol Honda, Dani Pedrosa, que ya prob\u00f3 durante el fin de semana el nuevo chasis y corri\u00f3 con \u00e9l, ha seguido realizando algunas comparaciones en sus pruebas.<\/p>\n<p>Los dos pilotos han sufrido peque\u00f1as ca\u00eddas, Pedrosa en la curva 2 alrededor de las 13.30 horas, y M\u00e1rquez m\u00e1s tarde en la curva 5. Ninguna de las dos ca\u00eddas ha provocado consecuencias f\u00edsicas en los pilotos, pero no les han permitido completar el plan de pruebas de neum\u00e1ticos traseros previsto por Michelin.<\/p>\n<p>Marc M\u00e1rquez ha marcado el octavo mejor tiempo del d\u00eda \u20131 minuto, 45 segundos y 29 mil\u00e9simas en la vuelta 42 de las 77 que ha completado. Su compa\u00f1ero Dani Pedrosa ha marcado el d\u00e9cimo mejor tiempo \u20131 minuto, 45 segundos y 379 mil\u00e9simas- en la vuelta 21 de las 39 que ha dado.<\/p>\n<p><img decoding=\"async\" src=\"https:\/\/bxrepsol.s3.eu-west-1.amazonaws.com\/static\/2022\/08\/29044614\/24-marc-marquez-motogp-scaled.jpg\" alt=\"24-marc-marquez-motogp\" \/><\/p>\n<h3>Marc M\u00e1rquez<\/h3>\n<p><em>\u00abHe probado bastantes cosas, entre ellas un chasis y algunas soluciones electr\u00f3nicas y, en general, hemos dado alg\u00fan peque\u00f1o paso adelante. En un test siempre se obtiene mucha informaci\u00f3n de cara a poder seguir avanzando en el futuro. Con lo que hemos aprendido aqu\u00ed, Honda podr\u00e1 analizarlo y aplicarlo en el nuevo chasis. El que he probado va mejor en algunos puntos, pero en otros no se adapta del todo a mi estilo, as\u00ed que tendremos que seguir trabajando en el futuro. Ahora vienen dos carreras en las que siempre me he sentido muy c\u00f3modo, as\u00ed que soy optimista en este sentido. Adem\u00e1s, hay dos semanas entre cada una de ellas y entre medio hay tiempo para buscar m\u00e1s mejoras\u00bb.<\/em><\/p>\n<h3>Dani Pedrosa<\/h3>\n<p><em>\u00abHemos estado probando varias cosas, especialmente del chasis, y tambi\u00e9n alguna configuraci\u00f3n de la electr\u00f3nica y del motor, para mejorar la salida de las curvas. Algunas pruebas han ido bien y otras no tanto, pero nos ayudan a tener m\u00e1s ideas de cara al futuro, porque hemos tenido alguna experiencia positiva. Intentaremos seguir trabajando de cara al futuro, primero pensando a corto plazo en la pr\u00f3xima carrera en Assen. All\u00ed intentaremos utilizar algunas de las ideas que nos llevamos de los entrenamientos, para ver si tambi\u00e9n son positivas tanto en ese trazado como en los siguientes. Desafortunadamente he tenido una ca\u00edda a mediod\u00eda, con lo que s\u00f3lo he podido seguir con una moto y no he podido hacer muchas m\u00e1s vueltas\u00bb.<\/em><\/p>\n","protected":false},"excerpt":{"rendered":"<p>Despu\u00e9s del doble podio obtenido en Montmel\u00f3, el actual l\u00edder de MotoGP, Marc M\u00e1rquez, y su compa\u00f1ero Dani Pedrosa han regresado a la acci\u00f3n para realizar una completa jornada de pruebas.<\/p>\n","protected":false},"author":43146,"featured_media":85626,"comment_status":"open","ping_status":"open","sticky":false,"template":"","format":"standard","meta":{"footnotes":""},"categories":[4],"tags":[50],"class_list":["post-90126","post","type-post","status-publish","format-standard","hentry","category-motogp","tag-equipo-repsol-honda"],"yoast_head":"<!-- This site is optimized with the Yoast SEO plugin v27.3 - https:\/\/yoast.com\/product\/yoast-seo-wordpress\/ -->\n<title>El Equipo Repsol Honda concluye los entrenamientos en Montmel\u00f3 - Box Repsol<\/title>\n<meta name=\"description\" content=\"Despu\u00e9s del doble podio obtenido en Montmel\u00f3, el actual l\u00edder de MotoGP, Marc M\u00e1rquez, y su compa\u00f1ero Dani Pedrosa han regresado a la acci\u00f3n...\" \/>\n<link rel=\"canonical\" href=\"https:\/\/www.boxrepsol.com\/es\/motogp\/equipo-repsol-honda-concluye-los-entrenamientos-montmelo\/\" \/>\n<meta property=\"og:locale\" content=\"es_ES\" \/>\n<meta property=\"og:type\" content=\"article\" \/>\n<meta property=\"og:title\" content=\"El Equipo Repsol Honda concluye los entrenamientos en Montmel\u00f3 - Box Repsol\" \/>\n<meta property=\"og:description\" content=\"Despu\u00e9s del doble podio obtenido en Montmel\u00f3, el actual l\u00edder de MotoGP, Marc M\u00e1rquez, y su compa\u00f1ero Dani Pedrosa han regresado a la acci\u00f3n...\" \/>\n<meta property=\"og:url\" content=\"https:\/\/www.boxrepsol.com\/es\/motogp\/equipo-repsol-honda-concluye-los-entrenamientos-montmelo\/\" \/>\n<meta property=\"og:site_name\" content=\"Box Repsol\" \/>\n<meta property=\"article:publisher\" content=\"https:\/\/www.facebook.com\/BoxRepsol\" \/>\n<meta property=\"article:author\" content=\"https:\/\/www.facebook.com\/BoxRepsol\/\" \/>\n<meta property=\"article:published_time\" content=\"2016-06-07T02:00:00+00:00\" \/>\n<meta property=\"article:modified_time\" content=\"2024-05-07T08:51:08+00:00\" \/>\n<meta property=\"og:image\" content=\"https:\/\/www.boxrepsol.com\/wp-content\/uploads\/2022\/08\/23-marc-marquez-repsol-honda-box-repsol.jpg\" \/>\n\t<meta property=\"og:image:width\" content=\"1024\" \/>\n\t<meta property=\"og:image:height\" content=\"429\" \/>\n\t<meta property=\"og:image:type\" content=\"image\/jpeg\" \/>\n<meta name=\"author\" content=\"Redacci\u00f3n Box Repsol\" \/>\n<meta name=\"twitter:card\" content=\"summary_large_image\" \/>\n<meta name=\"twitter:creator\" content=\"@https:\/\/twitter.com\/box_repsol\" \/>\n<meta name=\"twitter:site\" content=\"@box_repsol\" \/>\n<meta name=\"twitter:label1\" content=\"Written by\" \/>\n\t<meta name=\"twitter:data1\" content=\"Redacci\u00f3n Box Repsol\" \/>\n\t<meta name=\"twitter:label2\" content=\"Est. reading time\" \/>\n\t<meta name=\"twitter:data2\" content=\"2 minutos\" \/>\n<script type=\"application\/ld+json\" class=\"yoast-schema-graph\">{\"@context\":\"https:\\\/\\\/schema.org\",\"@graph\":[{\"@type\":\"Article\",\"@id\":\"https:\\\/\\\/www.boxrepsol.com\\\/es\\\/motogp\\\/equipo-repsol-honda-concluye-los-entrenamientos-montmelo\\\/#article\",\"isPartOf\":{\"@id\":\"https:\\\/\\\/www.boxrepsol.com\\\/es\\\/motogp\\\/equipo-repsol-honda-concluye-los-entrenamientos-montmelo\\\/\"},\"author\":{\"name\":\"Redacci\u00f3n Box Repsol\",\"@id\":\"https:\\\/\\\/www.boxrepsol.com\\\/es\\\/#\\\/schema\\\/person\\\/c5c2138f2cca251b0ad92b7086bb60b7\"},\"headline\":\"El Equipo Repsol Honda concluye los entrenamientos en Montmel\u00f3\",\"datePublished\":\"2016-06-07T02:00:00+00:00\",\"dateModified\":\"2024-05-07T08:51:08+00:00\",\"mainEntityOfPage\":{\"@id\":\"https:\\\/\\\/www.boxrepsol.com\\\/es\\\/motogp\\\/equipo-repsol-honda-concluye-los-entrenamientos-montmelo\\\/\"},\"wordCount\":500,\"commentCount\":0,\"publisher\":{\"@id\":\"https:\\\/\\\/www.boxrepsol.com\\\/es\\\/#organization\"},\"image\":{\"@id\":\"https:\\\/\\\/www.boxrepsol.com\\\/es\\\/motogp\\\/equipo-repsol-honda-concluye-los-entrenamientos-montmelo\\\/#primaryimage\"},\"thumbnailUrl\":\"https:\\\/\\\/www.boxrepsol.com\\\/wp-content\\\/uploads\\\/2022\\\/08\\\/23-marc-marquez-repsol-honda-box-repsol.jpg\",\"keywords\":[\"Equipo Repsol Honda\"],\"articleSection\":[\"MotoGP\"],\"inLanguage\":\"es\",\"potentialAction\":[{\"@type\":\"CommentAction\",\"name\":\"Comment\",\"target\":[\"https:\\\/\\\/www.boxrepsol.com\\\/es\\\/motogp\\\/equipo-repsol-honda-concluye-los-entrenamientos-montmelo\\\/#respond\"]}]},{\"@type\":\"WebPage\",\"@id\":\"https:\\\/\\\/www.boxrepsol.com\\\/es\\\/motogp\\\/equipo-repsol-honda-concluye-los-entrenamientos-montmelo\\\/\",\"url\":\"https:\\\/\\\/www.boxrepsol.com\\\/es\\\/motogp\\\/equipo-repsol-honda-concluye-los-entrenamientos-montmelo\\\/\",\"name\":\"El Equipo Repsol Honda concluye los entrenamientos en Montmel\u00f3 - Box Repsol\",\"isPartOf\":{\"@id\":\"https:\\\/\\\/www.boxrepsol.com\\\/es\\\/#website\"},\"primaryImageOfPage\":{\"@id\":\"https:\\\/\\\/www.boxrepsol.com\\\/es\\\/motogp\\\/equipo-repsol-honda-concluye-los-entrenamientos-montmelo\\\/#primaryimage\"},\"image\":{\"@id\":\"https:\\\/\\\/www.boxrepsol.com\\\/es\\\/motogp\\\/equipo-repsol-honda-concluye-los-entrenamientos-montmelo\\\/#primaryimage\"},\"thumbnailUrl\":\"https:\\\/\\\/www.boxrepsol.com\\\/wp-content\\\/uploads\\\/2022\\\/08\\\/23-marc-marquez-repsol-honda-box-repsol.jpg\",\"datePublished\":\"2016-06-07T02:00:00+00:00\",\"dateModified\":\"2024-05-07T08:51:08+00:00\",\"description\":\"Despu\u00e9s del doble podio obtenido en Montmel\u00f3, el actual l\u00edder de MotoGP, Marc M\u00e1rquez, y su compa\u00f1ero Dani Pedrosa han regresado a la acci\u00f3n...\",\"breadcrumb\":{\"@id\":\"https:\\\/\\\/www.boxrepsol.com\\\/es\\\/motogp\\\/equipo-repsol-honda-concluye-los-entrenamientos-montmelo\\\/#breadcrumb\"},\"inLanguage\":\"es\",\"potentialAction\":[{\"@type\":\"ReadAction\",\"target\":[\"https:\\\/\\\/www.boxrepsol.com\\\/es\\\/motogp\\\/equipo-repsol-honda-concluye-los-entrenamientos-montmelo\\\/\"]}]},{\"@type\":\"ImageObject\",\"inLanguage\":\"es\",\"@id\":\"https:\\\/\\\/www.boxrepsol.com\\\/es\\\/motogp\\\/equipo-repsol-honda-concluye-los-entrenamientos-montmelo\\\/#primaryimage\",\"url\":\"https:\\\/\\\/www.boxrepsol.com\\\/wp-content\\\/uploads\\\/2022\\\/08\\\/23-marc-marquez-repsol-honda-box-repsol.jpg\",\"contentUrl\":\"https:\\\/\\\/www.boxrepsol.com\\\/wp-content\\\/uploads\\\/2022\\\/08\\\/23-marc-marquez-repsol-honda-box-repsol.jpg\",\"width\":1024,\"height\":429,\"caption\":\"Marc M\u00e1rquez dando explicaciones al Equipo\"},{\"@type\":\"BreadcrumbList\",\"@id\":\"https:\\\/\\\/www.boxrepsol.com\\\/es\\\/motogp\\\/equipo-repsol-honda-concluye-los-entrenamientos-montmelo\\\/#breadcrumb\",\"itemListElement\":[{\"@type\":\"ListItem\",\"position\":1,\"name\":\"Home\",\"item\":\"https:\\\/\\\/www.boxrepsol.com\\\/es\\\/\"},{\"@type\":\"ListItem\",\"position\":2,\"name\":\"El Equipo Repsol Honda concluye los entrenamientos en Montmel\u00f3\"}]},{\"@type\":\"WebSite\",\"@id\":\"https:\\\/\\\/www.boxrepsol.com\\\/es\\\/#website\",\"url\":\"https:\\\/\\\/www.boxrepsol.com\\\/es\\\/\",\"name\":\"Box Repsol\",\"description\":\"Box Repsol Site\",\"publisher\":{\"@id\":\"https:\\\/\\\/www.boxrepsol.com\\\/es\\\/#organization\"},\"potentialAction\":[{\"@type\":\"SearchAction\",\"target\":{\"@type\":\"EntryPoint\",\"urlTemplate\":\"https:\\\/\\\/www.boxrepsol.com\\\/es\\\/?s={search_term_string}\"},\"query-input\":{\"@type\":\"PropertyValueSpecification\",\"valueRequired\":true,\"valueName\":\"search_term_string\"}}],\"inLanguage\":\"es\"},{\"@type\":\"Organization\",\"@id\":\"https:\\\/\\\/www.boxrepsol.com\\\/es\\\/#organization\",\"name\":\"Box Repsol\",\"url\":\"https:\\\/\\\/www.boxrepsol.com\\\/es\\\/\",\"logo\":{\"@type\":\"ImageObject\",\"inLanguage\":\"es\",\"@id\":\"https:\\\/\\\/www.boxrepsol.com\\\/es\\\/#\\\/schema\\\/logo\\\/image\\\/\",\"url\":\"https:\\\/\\\/bxrepsol.s3.eu-west-1.amazonaws.com\\\/static\\\/2025\\\/07\\\/30083337\\\/favicon-96x96-1.png\",\"contentUrl\":\"https:\\\/\\\/bxrepsol.s3.eu-west-1.amazonaws.com\\\/static\\\/2025\\\/07\\\/30083337\\\/favicon-96x96-1.png\",\"width\":96,\"height\":96,\"caption\":\"Box Repsol\"},\"image\":{\"@id\":\"https:\\\/\\\/www.boxrepsol.com\\\/es\\\/#\\\/schema\\\/logo\\\/image\\\/\"},\"sameAs\":[\"https:\\\/\\\/www.facebook.com\\\/BoxRepsol\",\"https:\\\/\\\/x.com\\\/box_repsol\",\"http:\\\/\\\/instagram.com\\\/box_repsol\",\"https:\\\/\\\/www.youtube.com\\\/user\\\/RepsolCompeticion\",\"https:\\\/\\\/www.flickr.com\\\/photos\\\/box_repsol\\\/\"]},{\"@type\":\"Person\",\"@id\":\"https:\\\/\\\/www.boxrepsol.com\\\/es\\\/#\\\/schema\\\/person\\\/c5c2138f2cca251b0ad92b7086bb60b7\",\"name\":\"Redacci\u00f3n Box Repsol\",\"image\":{\"@type\":\"ImageObject\",\"inLanguage\":\"es\",\"@id\":\"https:\\\/\\\/secure.gravatar.com\\\/avatar\\\/adf7b77e38b4419baf32c7e9c21dde01f4e40df611f0978e3006fc4ba0aaab7e?s=96&d=mm&r=g\",\"url\":\"https:\\\/\\\/secure.gravatar.com\\\/avatar\\\/adf7b77e38b4419baf32c7e9c21dde01f4e40df611f0978e3006fc4ba0aaab7e?s=96&d=mm&r=g\",\"contentUrl\":\"https:\\\/\\\/secure.gravatar.com\\\/avatar\\\/adf7b77e38b4419baf32c7e9c21dde01f4e40df611f0978e3006fc4ba0aaab7e?s=96&d=mm&r=g\",\"caption\":\"Redacci\u00f3n Box Repsol\"},\"description\":\"Box Repsol lo forma un equipo de periodistas, community managers, dise\u00f1adores y fot\u00f3grafos con m\u00e1s de 20 a\u00f1os de experiencia en el mundo del motorsport. Hemos vivido el primer mundial de un espa\u00f1ol en la categor\u00eda reina de motociclismo con \u00c1lex Crivill\u00e9, estuvimos en las victorias de Pedrosa y los t\u00edtulos de M\u00e1rquez, acompa\u00f1amos en \u00c1frica a Nani Roma y Marc Coma en sus conquistas del Dakar y hemos vibrado con los t\u00edtulos de Toni Bou en Trial. Adem\u00e1s, en nuestro equipo contamos con expertos en el mundo de las dos y cuatro ruedas tanto de la calle y las carreteras, como de los circuitos. Periodistas que han trabajado en revistas y publicaciones para hacerte llegar desde rutas y consejos de mantenimiento, a curiosidades y trucos de pilotaje.\",\"sameAs\":[\"https:\\\/\\\/www.facebook.com\\\/BoxRepsol\\\/\",\"https:\\\/\\\/www.instagram.com\\\/box_repsol\\\/\",\"https:\\\/\\\/x.com\\\/https:\\\/\\\/twitter.com\\\/box_repsol\",\"https:\\\/\\\/www.youtube.com\\\/@Boxrepsol\"],\"url\":\"https:\\\/\\\/www.boxrepsol.com\\\/es\\\/author\\\/redaccion-box-repsol\\\/\"}]}<\/script>\n<!-- \/ Yoast SEO plugin. -->","yoast_head_json":{"title":"El Equipo Repsol Honda concluye los entrenamientos en Montmel\u00f3 - Box Repsol","description":"Despu\u00e9s del doble podio obtenido en Montmel\u00f3, el actual l\u00edder de MotoGP, Marc M\u00e1rquez, y su compa\u00f1ero Dani Pedrosa han regresado a la acci\u00f3n...","canonical":"https:\/\/www.boxrepsol.com\/es\/motogp\/equipo-repsol-honda-concluye-los-entrenamientos-montmelo\/","og_locale":"es_ES","og_type":"article","og_title":"El Equipo Repsol Honda concluye los entrenamientos en Montmel\u00f3 - Box Repsol","og_description":"Despu\u00e9s del doble podio obtenido en Montmel\u00f3, el actual l\u00edder de MotoGP, Marc M\u00e1rquez, y su compa\u00f1ero Dani Pedrosa han regresado a la acci\u00f3n...","og_url":"https:\/\/www.boxrepsol.com\/es\/motogp\/equipo-repsol-honda-concluye-los-entrenamientos-montmelo\/","og_site_name":"Box Repsol","article_publisher":"https:\/\/www.facebook.com\/BoxRepsol","article_author":"https:\/\/www.facebook.com\/BoxRepsol\/","article_published_time":"2016-06-07T02:00:00+00:00","article_modified_time":"2024-05-07T08:51:08+00:00","og_image":[{"width":1024,"height":429,"url":"https:\/\/www.boxrepsol.com\/wp-content\/uploads\/2022\/08\/23-marc-marquez-repsol-honda-box-repsol.jpg","type":"image\/jpeg"}],"author":"Redacci\u00f3n Box Repsol","twitter_card":"summary_large_image","twitter_creator":"@https:\/\/twitter.com\/box_repsol","twitter_site":"@box_repsol","twitter_misc":{"Written by":"Redacci\u00f3n Box Repsol","Est. reading time":"2 minutos"},"schema":{"@context":"https:\/\/schema.org","@graph":[{"@type":"Article","@id":"https:\/\/www.boxrepsol.com\/es\/motogp\/equipo-repsol-honda-concluye-los-entrenamientos-montmelo\/#article","isPartOf":{"@id":"https:\/\/www.boxrepsol.com\/es\/motogp\/equipo-repsol-honda-concluye-los-entrenamientos-montmelo\/"},"author":{"name":"Redacci\u00f3n Box Repsol","@id":"https:\/\/www.boxrepsol.com\/es\/#\/schema\/person\/c5c2138f2cca251b0ad92b7086bb60b7"},"headline":"El Equipo Repsol Honda concluye los entrenamientos en Montmel\u00f3","datePublished":"2016-06-07T02:00:00+00:00","dateModified":"2024-05-07T08:51:08+00:00","mainEntityOfPage":{"@id":"https:\/\/www.boxrepsol.com\/es\/motogp\/equipo-repsol-honda-concluye-los-entrenamientos-montmelo\/"},"wordCount":500,"commentCount":0,"publisher":{"@id":"https:\/\/www.boxrepsol.com\/es\/#organization"},"image":{"@id":"https:\/\/www.boxrepsol.com\/es\/motogp\/equipo-repsol-honda-concluye-los-entrenamientos-montmelo\/#primaryimage"},"thumbnailUrl":"https:\/\/www.boxrepsol.com\/wp-content\/uploads\/2022\/08\/23-marc-marquez-repsol-honda-box-repsol.jpg","keywords":["Equipo Repsol Honda"],"articleSection":["MotoGP"],"inLanguage":"es","potentialAction":[{"@type":"CommentAction","name":"Comment","target":["https:\/\/www.boxrepsol.com\/es\/motogp\/equipo-repsol-honda-concluye-los-entrenamientos-montmelo\/#respond"]}]},{"@type":"WebPage","@id":"https:\/\/www.boxrepsol.com\/es\/motogp\/equipo-repsol-honda-concluye-los-entrenamientos-montmelo\/","url":"https:\/\/www.boxrepsol.com\/es\/motogp\/equipo-repsol-honda-concluye-los-entrenamientos-montmelo\/","name":"El Equipo Repsol Honda concluye los entrenamientos en Montmel\u00f3 - Box Repsol","isPartOf":{"@id":"https:\/\/www.boxrepsol.com\/es\/#website"},"primaryImageOfPage":{"@id":"https:\/\/www.boxrepsol.com\/es\/motogp\/equipo-repsol-honda-concluye-los-entrenamientos-montmelo\/#primaryimage"},"image":{"@id":"https:\/\/www.boxrepsol.com\/es\/motogp\/equipo-repsol-honda-concluye-los-entrenamientos-montmelo\/#primaryimage"},"thumbnailUrl":"https:\/\/www.boxrepsol.com\/wp-content\/uploads\/2022\/08\/23-marc-marquez-repsol-honda-box-repsol.jpg","datePublished":"2016-06-07T02:00:00+00:00","dateModified":"2024-05-07T08:51:08+00:00","description":"Despu\u00e9s del doble podio obtenido en Montmel\u00f3, el actual l\u00edder de MotoGP, Marc M\u00e1rquez, y su compa\u00f1ero Dani Pedrosa han regresado a la acci\u00f3n...","breadcrumb":{"@id":"https:\/\/www.boxrepsol.com\/es\/motogp\/equipo-repsol-honda-concluye-los-entrenamientos-montmelo\/#breadcrumb"},"inLanguage":"es","potentialAction":[{"@type":"ReadAction","target":["https:\/\/www.boxrepsol.com\/es\/motogp\/equipo-repsol-honda-concluye-los-entrenamientos-montmelo\/"]}]},{"@type":"ImageObject","inLanguage":"es","@id":"https:\/\/www.boxrepsol.com\/es\/motogp\/equipo-repsol-honda-concluye-los-entrenamientos-montmelo\/#primaryimage","url":"https:\/\/www.boxrepsol.com\/wp-content\/uploads\/2022\/08\/23-marc-marquez-repsol-honda-box-repsol.jpg","contentUrl":"https:\/\/www.boxrepsol.com\/wp-content\/uploads\/2022\/08\/23-marc-marquez-repsol-honda-box-repsol.jpg","width":1024,"height":429,"caption":"Marc M\u00e1rquez dando explicaciones al Equipo"},{"@type":"BreadcrumbList","@id":"https:\/\/www.boxrepsol.com\/es\/motogp\/equipo-repsol-honda-concluye-los-entrenamientos-montmelo\/#breadcrumb","itemListElement":[{"@type":"ListItem","position":1,"name":"Home","item":"https:\/\/www.boxrepsol.com\/es\/"},{"@type":"ListItem","position":2,"name":"El Equipo Repsol Honda concluye los entrenamientos en Montmel\u00f3"}]},{"@type":"WebSite","@id":"https:\/\/www.boxrepsol.com\/es\/#website","url":"https:\/\/www.boxrepsol.com\/es\/","name":"Box Repsol","description":"Box Repsol Site","publisher":{"@id":"https:\/\/www.boxrepsol.com\/es\/#organization"},"potentialAction":[{"@type":"SearchAction","target":{"@type":"EntryPoint","urlTemplate":"https:\/\/www.boxrepsol.com\/es\/?s={search_term_string}"},"query-input":{"@type":"PropertyValueSpecification","valueRequired":true,"valueName":"search_term_string"}}],"inLanguage":"es"},{"@type":"Organization","@id":"https:\/\/www.boxrepsol.com\/es\/#organization","name":"Box Repsol","url":"https:\/\/www.boxrepsol.com\/es\/","logo":{"@type":"ImageObject","inLanguage":"es","@id":"https:\/\/www.boxrepsol.com\/es\/#\/schema\/logo\/image\/","url":"https:\/\/bxrepsol.s3.eu-west-1.amazonaws.com\/static\/2025\/07\/30083337\/favicon-96x96-1.png","contentUrl":"https:\/\/bxrepsol.s3.eu-west-1.amazonaws.com\/static\/2025\/07\/30083337\/favicon-96x96-1.png","width":96,"height":96,"caption":"Box Repsol"},"image":{"@id":"https:\/\/www.boxrepsol.com\/es\/#\/schema\/logo\/image\/"},"sameAs":["https:\/\/www.facebook.com\/BoxRepsol","https:\/\/x.com\/box_repsol","http:\/\/instagram.com\/box_repsol","https:\/\/www.youtube.com\/user\/RepsolCompeticion","https:\/\/www.flickr.com\/photos\/box_repsol\/"]},{"@type":"Person","@id":"https:\/\/www.boxrepsol.com\/es\/#\/schema\/person\/c5c2138f2cca251b0ad92b7086bb60b7","name":"Redacci\u00f3n Box Repsol","image":{"@type":"ImageObject","inLanguage":"es","@id":"https:\/\/secure.gravatar.com\/avatar\/adf7b77e38b4419baf32c7e9c21dde01f4e40df611f0978e3006fc4ba0aaab7e?s=96&d=mm&r=g","url":"https:\/\/secure.gravatar.com\/avatar\/adf7b77e38b4419baf32c7e9c21dde01f4e40df611f0978e3006fc4ba0aaab7e?s=96&d=mm&r=g","contentUrl":"https:\/\/secure.gravatar.com\/avatar\/adf7b77e38b4419baf32c7e9c21dde01f4e40df611f0978e3006fc4ba0aaab7e?s=96&d=mm&r=g","caption":"Redacci\u00f3n Box Repsol"},"description":"Box Repsol lo forma un equipo de periodistas, community managers, dise\u00f1adores y fot\u00f3grafos con m\u00e1s de 20 a\u00f1os de experiencia en el mundo del motorsport. Hemos vivido el primer mundial de un espa\u00f1ol en la categor\u00eda reina de motociclismo con \u00c1lex Crivill\u00e9, estuvimos en las victorias de Pedrosa y los t\u00edtulos de M\u00e1rquez, acompa\u00f1amos en \u00c1frica a Nani Roma y Marc Coma en sus conquistas del Dakar y hemos vibrado con los t\u00edtulos de Toni Bou en Trial. Adem\u00e1s, en nuestro equipo contamos con expertos en el mundo de las dos y cuatro ruedas tanto de la calle y las carreteras, como de los circuitos. Periodistas que han trabajado en revistas y publicaciones para hacerte llegar desde rutas y consejos de mantenimiento, a curiosidades y trucos de pilotaje.","sameAs":["https:\/\/www.facebook.com\/BoxRepsol\/","https:\/\/www.instagram.com\/box_repsol\/","https:\/\/x.com\/https:\/\/twitter.com\/box_repsol","https:\/\/www.youtube.com\/@Boxrepsol"],"url":"https:\/\/www.boxrepsol.com\/es\/author\/redaccion-box-repsol\/"}]}},"_links":{"self":[{"href":"https:\/\/www.boxrepsol.com\/es\/wp-json\/wp\/v2\/posts\/90126","targetHints":{"allow":["GET"]}}],"collection":[{"href":"https:\/\/www.boxrepsol.com\/es\/wp-json\/wp\/v2\/posts"}],"about":[{"href":"https:\/\/www.boxrepsol.com\/es\/wp-json\/wp\/v2\/types\/post"}],"author":[{"embeddable":true,"href":"https:\/\/www.boxrepsol.com\/es\/wp-json\/wp\/v2\/users\/43146"}],"replies":[{"embeddable":true,"href":"https:\/\/www.boxrepsol.com\/es\/wp-json\/wp\/v2\/comments?post=90126"}],"version-history":[{"count":1,"href":"https:\/\/www.boxrepsol.com\/es\/wp-json\/wp\/v2\/posts\/90126\/revisions"}],"predecessor-version":[{"id":90127,"href":"https:\/\/www.boxrepsol.com\/es\/wp-json\/wp\/v2\/posts\/90126\/revisions\/90127"}],"wp:featuredmedia":[{"embeddable":true,"href":"https:\/\/www.boxrepsol.com\/es\/wp-json\/wp\/v2\/media\/85626"}],"wp:attachment":[{"href":"https:\/\/www.boxrepsol.com\/es\/wp-json\/wp\/v2\/media?parent=90126"}],"wp:term":[{"taxonomy":"category","embeddable":true,"href":"https:\/\/www.boxrepsol.com\/es\/wp-json\/wp\/v2\/categories?post=90126"},{"taxonomy":"post_tag","embeddable":true,"href":"https:\/\/www.boxrepsol.com\/es\/wp-json\/wp\/v2\/tags?post=90126"}],"curies":[{"name":"wp","href":"https:\/\/api.w.org\/{rel}","templated":true}]}}