{"id":90121,"date":"2017-04-03T00:00:00","date_gmt":"2017-04-03T02:00:00","guid":{"rendered":"http:\/\/pre.boxrepsol.com\/sin-categorizar\/termas-rio-hondo-segunda-parada-marquez-pedrosa\/"},"modified":"2024-05-15T06:53:47","modified_gmt":"2024-05-15T08:53:47","slug":"termas-rio-hondo-segunda-parada-marquez-pedrosa","status":"publish","type":"post","link":"https:\/\/www.boxrepsol.com\/es\/motogp\/termas-rio-hondo-segunda-parada-marquez-pedrosa\/","title":{"rendered":"Termas de R\u00edo Hondo, segunda parada para M\u00e1rquez y Pedrosa"},"content":{"rendered":"<blockquote><p>\u00b7@marcmarquez93: \u00abEl trazado es bonito; siempre me he sentido bien all\u00ed\u00bb<\/p>\n<p><a href=\"http:\/\/twitter.com\/share?text=%C2%B7%40marcmarquez93%3A+%22El+trazado+es+bonito%3B+siempre+me+he+sentido+bien+all%C3%AD%22&amp;url=http%3A%2F%2Fwww.boxrepsol.com%2Fes%2Fmotogp%2Ftermas-rio-hondo-segunda-parada-marquez-pedrosa%2F&amp;hashtags=\" target=\"_blank\" rel=\"noopener\"><br \/>\ntwittear <\/a><\/p><\/blockquote>\n<p>M\u00e1rquez ha sumado dos victorias en las tres ediciones del Gran Premio de la Rep\u00fablica Argentina en las que ha participado.<\/p>\n<p>Dani Pedrosa ha sumado dos podios en sus dos visitas en tres temporadas (M\u00e1rquez venci\u00f3 en 2014 y 2016, con Pedrosa en segunda y tercera posici\u00f3n, respectivamente).<\/p>\n<p>En las tres ediciones disputadas en Termas de R\u00edo Hondo, Marc M\u00e1rquez siempre ha conseguido la <em>pole position<\/em>.<\/p>\n<p><img decoding=\"async\" src=\"https:\/\/bxrepsol.s3.eu-west-1.amazonaws.com\/static\/2022\/08\/29071625\/Termas2-1024x590-3.png\" alt=\"Termas2-1024x590\" \/><\/p>\n<h3>Marc M\u00e1rquez<\/h3>\n<p>\u00abCatar fue un Gran Premio duro, pero mejoramos mucho durante el fin de semana, aunque no subi\u00e9semos al podio el domingo. Ahora veremos si el trabajo que hicimos all\u00ed nos ser\u00e1 \u00fatil en Argentina. El trazado es bonito; siempre me he sentido bien all\u00ed, pero el nivel de agarre siempre es bastante bajo. La durabilidad del neum\u00e1tico es algo que tenemos que controlar, ya que normalmente es muy corta, as\u00ed que trabajaremos para reducir este problema y tambi\u00e9n para seguir mejorando en la puesta a punto general de la moto. Estamos deseando competir por el podio delante de nuestros aficionados argentinos, que son muy apasionados\u00bb.<\/p>\n<p>&nbsp;<\/p>\n<h3>Dani Pedrosa<\/h3>\n<p>\u00abNos mantenemos positivos despu\u00e9s de la primera carrera, que fue un poco extra\u00f1a por todo lo que pas\u00f3 antes del inicio, y ahora vamos a seguir trabajando duro, para intentar mejorar en Argentina. Empezaremos b\u00e1sicamente con la misma configuraci\u00f3n que terminamos en Catar, por supuesto adaptando la relaci\u00f3n de marchas y la electr\u00f3nica a este circuito, y el viernes veremos d\u00f3nde estamos. Es dif\u00edcil hacer predicciones antes de salir a pista, porque debemos cu\u00e1les son las condiciones de la pista y c\u00f3mo trabajan all\u00ed los neum\u00e1ticos. Pero estamos preparados y con ganas de llegar y subir a la moto. Normalmente el asfalto est\u00e1 muy sucio y exigente para los neum\u00e1ticos, pero tiende a mejorar durante el fin de semana. Vamos a darlo todo para conseguir un buen resultado\u00bb.<\/p>\n","protected":false},"excerpt":{"rendered":"<p>Los pilotos del equipo Repsol Honda celebran en Argentina el segundo Gran Premio del a\u00f1o.<\/p>\n","protected":false},"author":43146,"featured_media":86338,"comment_status":"open","ping_status":"open","sticky":false,"template":"","format":"standard","meta":{"footnotes":""},"categories":[4],"tags":[156],"class_list":["post-90121","post","type-post","status-publish","format-standard","hentry","category-motogp","tag-motogp-argentina"],"yoast_head":"<!-- This site is optimized with the Yoast SEO plugin v27.3 - https:\/\/yoast.com\/product\/yoast-seo-wordpress\/ -->\n<title>Termas de R\u00edo Hondo, segunda parada para M\u00e1rquez y Pedrosa - Box Repsol<\/title>\n<meta name=\"description\" content=\"Los pilotos del equipo Repsol Honda celebran en Argentina el segundo Gran Premio del a\u00f1o.\" \/>\n<link rel=\"canonical\" href=\"https:\/\/www.boxrepsol.com\/es\/motogp\/termas-rio-hondo-segunda-parada-marquez-pedrosa\/\" \/>\n<meta property=\"og:locale\" content=\"es_ES\" \/>\n<meta property=\"og:type\" content=\"article\" \/>\n<meta property=\"og:title\" content=\"Termas de R\u00edo Hondo, segunda parada para M\u00e1rquez y Pedrosa - Box Repsol\" \/>\n<meta property=\"og:description\" content=\"Los pilotos del equipo Repsol Honda celebran en Argentina el segundo Gran Premio del a\u00f1o.\" \/>\n<meta property=\"og:url\" content=\"https:\/\/www.boxrepsol.com\/es\/motogp\/termas-rio-hondo-segunda-parada-marquez-pedrosa\/\" \/>\n<meta property=\"og:site_name\" content=\"Box Repsol\" \/>\n<meta property=\"article:publisher\" content=\"https:\/\/www.facebook.com\/BoxRepsol\" \/>\n<meta property=\"article:author\" content=\"https:\/\/www.facebook.com\/BoxRepsol\/\" \/>\n<meta property=\"article:published_time\" content=\"2017-04-03T02:00:00+00:00\" \/>\n<meta property=\"article:modified_time\" content=\"2024-05-15T08:53:47+00:00\" \/>\n<meta property=\"og:image\" content=\"https:\/\/www.boxrepsol.com\/wp-content\/uploads\/2022\/08\/00_marc-marquez-repsol-honda-motogp.jpg\" \/>\n\t<meta property=\"og:image:width\" content=\"995\" \/>\n\t<meta property=\"og:image:height\" content=\"560\" \/>\n\t<meta property=\"og:image:type\" content=\"image\/jpeg\" \/>\n<meta name=\"author\" content=\"Redacci\u00f3n Box Repsol\" \/>\n<meta name=\"twitter:card\" content=\"summary_large_image\" \/>\n<meta name=\"twitter:creator\" content=\"@https:\/\/twitter.com\/box_repsol\" \/>\n<meta name=\"twitter:site\" content=\"@box_repsol\" \/>\n<meta name=\"twitter:label1\" content=\"Written by\" \/>\n\t<meta name=\"twitter:data1\" content=\"Redacci\u00f3n Box Repsol\" \/>\n\t<meta name=\"twitter:label2\" content=\"Est. reading time\" \/>\n\t<meta name=\"twitter:data2\" content=\"2 minutos\" \/>\n<script type=\"application\/ld+json\" class=\"yoast-schema-graph\">{\"@context\":\"https:\\\/\\\/schema.org\",\"@graph\":[{\"@type\":\"Article\",\"@id\":\"https:\\\/\\\/www.boxrepsol.com\\\/es\\\/motogp\\\/termas-rio-hondo-segunda-parada-marquez-pedrosa\\\/#article\",\"isPartOf\":{\"@id\":\"https:\\\/\\\/www.boxrepsol.com\\\/es\\\/motogp\\\/termas-rio-hondo-segunda-parada-marquez-pedrosa\\\/\"},\"author\":{\"name\":\"Redacci\u00f3n Box Repsol\",\"@id\":\"https:\\\/\\\/www.boxrepsol.com\\\/es\\\/#\\\/schema\\\/person\\\/c5c2138f2cca251b0ad92b7086bb60b7\"},\"headline\":\"Termas de R\u00edo Hondo, segunda parada para M\u00e1rquez y Pedrosa\",\"datePublished\":\"2017-04-03T02:00:00+00:00\",\"dateModified\":\"2024-05-15T08:53:47+00:00\",\"mainEntityOfPage\":{\"@id\":\"https:\\\/\\\/www.boxrepsol.com\\\/es\\\/motogp\\\/termas-rio-hondo-segunda-parada-marquez-pedrosa\\\/\"},\"wordCount\":348,\"commentCount\":0,\"publisher\":{\"@id\":\"https:\\\/\\\/www.boxrepsol.com\\\/es\\\/#organization\"},\"image\":{\"@id\":\"https:\\\/\\\/www.boxrepsol.com\\\/es\\\/motogp\\\/termas-rio-hondo-segunda-parada-marquez-pedrosa\\\/#primaryimage\"},\"thumbnailUrl\":\"https:\\\/\\\/www.boxrepsol.com\\\/wp-content\\\/uploads\\\/2022\\\/08\\\/00_marc-marquez-repsol-honda-motogp.jpg\",\"keywords\":[\"MotoGP Argentina\"],\"articleSection\":[\"MotoGP\"],\"inLanguage\":\"es\",\"potentialAction\":[{\"@type\":\"CommentAction\",\"name\":\"Comment\",\"target\":[\"https:\\\/\\\/www.boxrepsol.com\\\/es\\\/motogp\\\/termas-rio-hondo-segunda-parada-marquez-pedrosa\\\/#respond\"]}]},{\"@type\":\"WebPage\",\"@id\":\"https:\\\/\\\/www.boxrepsol.com\\\/es\\\/motogp\\\/termas-rio-hondo-segunda-parada-marquez-pedrosa\\\/\",\"url\":\"https:\\\/\\\/www.boxrepsol.com\\\/es\\\/motogp\\\/termas-rio-hondo-segunda-parada-marquez-pedrosa\\\/\",\"name\":\"Termas de R\u00edo Hondo, segunda parada para M\u00e1rquez y Pedrosa - Box Repsol\",\"isPartOf\":{\"@id\":\"https:\\\/\\\/www.boxrepsol.com\\\/es\\\/#website\"},\"primaryImageOfPage\":{\"@id\":\"https:\\\/\\\/www.boxrepsol.com\\\/es\\\/motogp\\\/termas-rio-hondo-segunda-parada-marquez-pedrosa\\\/#primaryimage\"},\"image\":{\"@id\":\"https:\\\/\\\/www.boxrepsol.com\\\/es\\\/motogp\\\/termas-rio-hondo-segunda-parada-marquez-pedrosa\\\/#primaryimage\"},\"thumbnailUrl\":\"https:\\\/\\\/www.boxrepsol.com\\\/wp-content\\\/uploads\\\/2022\\\/08\\\/00_marc-marquez-repsol-honda-motogp.jpg\",\"datePublished\":\"2017-04-03T02:00:00+00:00\",\"dateModified\":\"2024-05-15T08:53:47+00:00\",\"description\":\"Los pilotos del equipo Repsol Honda celebran en Argentina el segundo Gran Premio del a\u00f1o.\",\"breadcrumb\":{\"@id\":\"https:\\\/\\\/www.boxrepsol.com\\\/es\\\/motogp\\\/termas-rio-hondo-segunda-parada-marquez-pedrosa\\\/#breadcrumb\"},\"inLanguage\":\"es\",\"potentialAction\":[{\"@type\":\"ReadAction\",\"target\":[\"https:\\\/\\\/www.boxrepsol.com\\\/es\\\/motogp\\\/termas-rio-hondo-segunda-parada-marquez-pedrosa\\\/\"]}]},{\"@type\":\"ImageObject\",\"inLanguage\":\"es\",\"@id\":\"https:\\\/\\\/www.boxrepsol.com\\\/es\\\/motogp\\\/termas-rio-hondo-segunda-parada-marquez-pedrosa\\\/#primaryimage\",\"url\":\"https:\\\/\\\/www.boxrepsol.com\\\/wp-content\\\/uploads\\\/2022\\\/08\\\/00_marc-marquez-repsol-honda-motogp.jpg\",\"contentUrl\":\"https:\\\/\\\/www.boxrepsol.com\\\/wp-content\\\/uploads\\\/2022\\\/08\\\/00_marc-marquez-repsol-honda-motogp.jpg\",\"width\":995,\"height\":560,\"caption\":\"Marc M\u00e1rquez en acci\u00f3n\"},{\"@type\":\"BreadcrumbList\",\"@id\":\"https:\\\/\\\/www.boxrepsol.com\\\/es\\\/motogp\\\/termas-rio-hondo-segunda-parada-marquez-pedrosa\\\/#breadcrumb\",\"itemListElement\":[{\"@type\":\"ListItem\",\"position\":1,\"name\":\"Home\",\"item\":\"https:\\\/\\\/www.boxrepsol.com\\\/es\\\/\"},{\"@type\":\"ListItem\",\"position\":2,\"name\":\"Termas de R\u00edo Hondo, segunda parada para M\u00e1rquez y Pedrosa\"}]},{\"@type\":\"WebSite\",\"@id\":\"https:\\\/\\\/www.boxrepsol.com\\\/es\\\/#website\",\"url\":\"https:\\\/\\\/www.boxrepsol.com\\\/es\\\/\",\"name\":\"Box Repsol\",\"description\":\"Box Repsol Site\",\"publisher\":{\"@id\":\"https:\\\/\\\/www.boxrepsol.com\\\/es\\\/#organization\"},\"potentialAction\":[{\"@type\":\"SearchAction\",\"target\":{\"@type\":\"EntryPoint\",\"urlTemplate\":\"https:\\\/\\\/www.boxrepsol.com\\\/es\\\/?s={search_term_string}\"},\"query-input\":{\"@type\":\"PropertyValueSpecification\",\"valueRequired\":true,\"valueName\":\"search_term_string\"}}],\"inLanguage\":\"es\"},{\"@type\":\"Organization\",\"@id\":\"https:\\\/\\\/www.boxrepsol.com\\\/es\\\/#organization\",\"name\":\"Box Repsol\",\"url\":\"https:\\\/\\\/www.boxrepsol.com\\\/es\\\/\",\"logo\":{\"@type\":\"ImageObject\",\"inLanguage\":\"es\",\"@id\":\"https:\\\/\\\/www.boxrepsol.com\\\/es\\\/#\\\/schema\\\/logo\\\/image\\\/\",\"url\":\"https:\\\/\\\/bxrepsol.s3.eu-west-1.amazonaws.com\\\/static\\\/2025\\\/07\\\/30083337\\\/favicon-96x96-1.png\",\"contentUrl\":\"https:\\\/\\\/bxrepsol.s3.eu-west-1.amazonaws.com\\\/static\\\/2025\\\/07\\\/30083337\\\/favicon-96x96-1.png\",\"width\":96,\"height\":96,\"caption\":\"Box Repsol\"},\"image\":{\"@id\":\"https:\\\/\\\/www.boxrepsol.com\\\/es\\\/#\\\/schema\\\/logo\\\/image\\\/\"},\"sameAs\":[\"https:\\\/\\\/www.facebook.com\\\/BoxRepsol\",\"https:\\\/\\\/x.com\\\/box_repsol\",\"http:\\\/\\\/instagram.com\\\/box_repsol\",\"https:\\\/\\\/www.youtube.com\\\/user\\\/RepsolCompeticion\",\"https:\\\/\\\/www.flickr.com\\\/photos\\\/box_repsol\\\/\"]},{\"@type\":\"Person\",\"@id\":\"https:\\\/\\\/www.boxrepsol.com\\\/es\\\/#\\\/schema\\\/person\\\/c5c2138f2cca251b0ad92b7086bb60b7\",\"name\":\"Redacci\u00f3n Box Repsol\",\"image\":{\"@type\":\"ImageObject\",\"inLanguage\":\"es\",\"@id\":\"https:\\\/\\\/secure.gravatar.com\\\/avatar\\\/adf7b77e38b4419baf32c7e9c21dde01f4e40df611f0978e3006fc4ba0aaab7e?s=96&d=mm&r=g\",\"url\":\"https:\\\/\\\/secure.gravatar.com\\\/avatar\\\/adf7b77e38b4419baf32c7e9c21dde01f4e40df611f0978e3006fc4ba0aaab7e?s=96&d=mm&r=g\",\"contentUrl\":\"https:\\\/\\\/secure.gravatar.com\\\/avatar\\\/adf7b77e38b4419baf32c7e9c21dde01f4e40df611f0978e3006fc4ba0aaab7e?s=96&d=mm&r=g\",\"caption\":\"Redacci\u00f3n Box Repsol\"},\"description\":\"Box Repsol lo forma un equipo de periodistas, community managers, dise\u00f1adores y fot\u00f3grafos con m\u00e1s de 20 a\u00f1os de experiencia en el mundo del motorsport. Hemos vivido el primer mundial de un espa\u00f1ol en la categor\u00eda reina de motociclismo con \u00c1lex Crivill\u00e9, estuvimos en las victorias de Pedrosa y los t\u00edtulos de M\u00e1rquez, acompa\u00f1amos en \u00c1frica a Nani Roma y Marc Coma en sus conquistas del Dakar y hemos vibrado con los t\u00edtulos de Toni Bou en Trial. Adem\u00e1s, en nuestro equipo contamos con expertos en el mundo de las dos y cuatro ruedas tanto de la calle y las carreteras, como de los circuitos. Periodistas que han trabajado en revistas y publicaciones para hacerte llegar desde rutas y consejos de mantenimiento, a curiosidades y trucos de pilotaje.\",\"sameAs\":[\"https:\\\/\\\/www.facebook.com\\\/BoxRepsol\\\/\",\"https:\\\/\\\/www.instagram.com\\\/box_repsol\\\/\",\"https:\\\/\\\/x.com\\\/https:\\\/\\\/twitter.com\\\/box_repsol\",\"https:\\\/\\\/www.youtube.com\\\/@Boxrepsol\"],\"url\":\"https:\\\/\\\/www.boxrepsol.com\\\/es\\\/author\\\/redaccion-box-repsol\\\/\"}]}<\/script>\n<!-- \/ Yoast SEO plugin. -->","yoast_head_json":{"title":"Termas de R\u00edo Hondo, segunda parada para M\u00e1rquez y Pedrosa - Box Repsol","description":"Los pilotos del equipo Repsol Honda celebran en Argentina el segundo Gran Premio del a\u00f1o.","canonical":"https:\/\/www.boxrepsol.com\/es\/motogp\/termas-rio-hondo-segunda-parada-marquez-pedrosa\/","og_locale":"es_ES","og_type":"article","og_title":"Termas de R\u00edo Hondo, segunda parada para M\u00e1rquez y Pedrosa - Box Repsol","og_description":"Los pilotos del equipo Repsol Honda celebran en Argentina el segundo Gran Premio del a\u00f1o.","og_url":"https:\/\/www.boxrepsol.com\/es\/motogp\/termas-rio-hondo-segunda-parada-marquez-pedrosa\/","og_site_name":"Box Repsol","article_publisher":"https:\/\/www.facebook.com\/BoxRepsol","article_author":"https:\/\/www.facebook.com\/BoxRepsol\/","article_published_time":"2017-04-03T02:00:00+00:00","article_modified_time":"2024-05-15T08:53:47+00:00","og_image":[{"width":995,"height":560,"url":"https:\/\/www.boxrepsol.com\/wp-content\/uploads\/2022\/08\/00_marc-marquez-repsol-honda-motogp.jpg","type":"image\/jpeg"}],"author":"Redacci\u00f3n Box Repsol","twitter_card":"summary_large_image","twitter_creator":"@https:\/\/twitter.com\/box_repsol","twitter_site":"@box_repsol","twitter_misc":{"Written by":"Redacci\u00f3n Box Repsol","Est. reading time":"2 minutos"},"schema":{"@context":"https:\/\/schema.org","@graph":[{"@type":"Article","@id":"https:\/\/www.boxrepsol.com\/es\/motogp\/termas-rio-hondo-segunda-parada-marquez-pedrosa\/#article","isPartOf":{"@id":"https:\/\/www.boxrepsol.com\/es\/motogp\/termas-rio-hondo-segunda-parada-marquez-pedrosa\/"},"author":{"name":"Redacci\u00f3n Box Repsol","@id":"https:\/\/www.boxrepsol.com\/es\/#\/schema\/person\/c5c2138f2cca251b0ad92b7086bb60b7"},"headline":"Termas de R\u00edo Hondo, segunda parada para M\u00e1rquez y Pedrosa","datePublished":"2017-04-03T02:00:00+00:00","dateModified":"2024-05-15T08:53:47+00:00","mainEntityOfPage":{"@id":"https:\/\/www.boxrepsol.com\/es\/motogp\/termas-rio-hondo-segunda-parada-marquez-pedrosa\/"},"wordCount":348,"commentCount":0,"publisher":{"@id":"https:\/\/www.boxrepsol.com\/es\/#organization"},"image":{"@id":"https:\/\/www.boxrepsol.com\/es\/motogp\/termas-rio-hondo-segunda-parada-marquez-pedrosa\/#primaryimage"},"thumbnailUrl":"https:\/\/www.boxrepsol.com\/wp-content\/uploads\/2022\/08\/00_marc-marquez-repsol-honda-motogp.jpg","keywords":["MotoGP Argentina"],"articleSection":["MotoGP"],"inLanguage":"es","potentialAction":[{"@type":"CommentAction","name":"Comment","target":["https:\/\/www.boxrepsol.com\/es\/motogp\/termas-rio-hondo-segunda-parada-marquez-pedrosa\/#respond"]}]},{"@type":"WebPage","@id":"https:\/\/www.boxrepsol.com\/es\/motogp\/termas-rio-hondo-segunda-parada-marquez-pedrosa\/","url":"https:\/\/www.boxrepsol.com\/es\/motogp\/termas-rio-hondo-segunda-parada-marquez-pedrosa\/","name":"Termas de R\u00edo Hondo, segunda parada para M\u00e1rquez y Pedrosa - Box Repsol","isPartOf":{"@id":"https:\/\/www.boxrepsol.com\/es\/#website"},"primaryImageOfPage":{"@id":"https:\/\/www.boxrepsol.com\/es\/motogp\/termas-rio-hondo-segunda-parada-marquez-pedrosa\/#primaryimage"},"image":{"@id":"https:\/\/www.boxrepsol.com\/es\/motogp\/termas-rio-hondo-segunda-parada-marquez-pedrosa\/#primaryimage"},"thumbnailUrl":"https:\/\/www.boxrepsol.com\/wp-content\/uploads\/2022\/08\/00_marc-marquez-repsol-honda-motogp.jpg","datePublished":"2017-04-03T02:00:00+00:00","dateModified":"2024-05-15T08:53:47+00:00","description":"Los pilotos del equipo Repsol Honda celebran en Argentina el segundo Gran Premio del a\u00f1o.","breadcrumb":{"@id":"https:\/\/www.boxrepsol.com\/es\/motogp\/termas-rio-hondo-segunda-parada-marquez-pedrosa\/#breadcrumb"},"inLanguage":"es","potentialAction":[{"@type":"ReadAction","target":["https:\/\/www.boxrepsol.com\/es\/motogp\/termas-rio-hondo-segunda-parada-marquez-pedrosa\/"]}]},{"@type":"ImageObject","inLanguage":"es","@id":"https:\/\/www.boxrepsol.com\/es\/motogp\/termas-rio-hondo-segunda-parada-marquez-pedrosa\/#primaryimage","url":"https:\/\/www.boxrepsol.com\/wp-content\/uploads\/2022\/08\/00_marc-marquez-repsol-honda-motogp.jpg","contentUrl":"https:\/\/www.boxrepsol.com\/wp-content\/uploads\/2022\/08\/00_marc-marquez-repsol-honda-motogp.jpg","width":995,"height":560,"caption":"Marc M\u00e1rquez en acci\u00f3n"},{"@type":"BreadcrumbList","@id":"https:\/\/www.boxrepsol.com\/es\/motogp\/termas-rio-hondo-segunda-parada-marquez-pedrosa\/#breadcrumb","itemListElement":[{"@type":"ListItem","position":1,"name":"Home","item":"https:\/\/www.boxrepsol.com\/es\/"},{"@type":"ListItem","position":2,"name":"Termas de R\u00edo Hondo, segunda parada para M\u00e1rquez y Pedrosa"}]},{"@type":"WebSite","@id":"https:\/\/www.boxrepsol.com\/es\/#website","url":"https:\/\/www.boxrepsol.com\/es\/","name":"Box Repsol","description":"Box Repsol Site","publisher":{"@id":"https:\/\/www.boxrepsol.com\/es\/#organization"},"potentialAction":[{"@type":"SearchAction","target":{"@type":"EntryPoint","urlTemplate":"https:\/\/www.boxrepsol.com\/es\/?s={search_term_string}"},"query-input":{"@type":"PropertyValueSpecification","valueRequired":true,"valueName":"search_term_string"}}],"inLanguage":"es"},{"@type":"Organization","@id":"https:\/\/www.boxrepsol.com\/es\/#organization","name":"Box Repsol","url":"https:\/\/www.boxrepsol.com\/es\/","logo":{"@type":"ImageObject","inLanguage":"es","@id":"https:\/\/www.boxrepsol.com\/es\/#\/schema\/logo\/image\/","url":"https:\/\/bxrepsol.s3.eu-west-1.amazonaws.com\/static\/2025\/07\/30083337\/favicon-96x96-1.png","contentUrl":"https:\/\/bxrepsol.s3.eu-west-1.amazonaws.com\/static\/2025\/07\/30083337\/favicon-96x96-1.png","width":96,"height":96,"caption":"Box Repsol"},"image":{"@id":"https:\/\/www.boxrepsol.com\/es\/#\/schema\/logo\/image\/"},"sameAs":["https:\/\/www.facebook.com\/BoxRepsol","https:\/\/x.com\/box_repsol","http:\/\/instagram.com\/box_repsol","https:\/\/www.youtube.com\/user\/RepsolCompeticion","https:\/\/www.flickr.com\/photos\/box_repsol\/"]},{"@type":"Person","@id":"https:\/\/www.boxrepsol.com\/es\/#\/schema\/person\/c5c2138f2cca251b0ad92b7086bb60b7","name":"Redacci\u00f3n Box Repsol","image":{"@type":"ImageObject","inLanguage":"es","@id":"https:\/\/secure.gravatar.com\/avatar\/adf7b77e38b4419baf32c7e9c21dde01f4e40df611f0978e3006fc4ba0aaab7e?s=96&d=mm&r=g","url":"https:\/\/secure.gravatar.com\/avatar\/adf7b77e38b4419baf32c7e9c21dde01f4e40df611f0978e3006fc4ba0aaab7e?s=96&d=mm&r=g","contentUrl":"https:\/\/secure.gravatar.com\/avatar\/adf7b77e38b4419baf32c7e9c21dde01f4e40df611f0978e3006fc4ba0aaab7e?s=96&d=mm&r=g","caption":"Redacci\u00f3n Box Repsol"},"description":"Box Repsol lo forma un equipo de periodistas, community managers, dise\u00f1adores y fot\u00f3grafos con m\u00e1s de 20 a\u00f1os de experiencia en el mundo del motorsport. Hemos vivido el primer mundial de un espa\u00f1ol en la categor\u00eda reina de motociclismo con \u00c1lex Crivill\u00e9, estuvimos en las victorias de Pedrosa y los t\u00edtulos de M\u00e1rquez, acompa\u00f1amos en \u00c1frica a Nani Roma y Marc Coma en sus conquistas del Dakar y hemos vibrado con los t\u00edtulos de Toni Bou en Trial. Adem\u00e1s, en nuestro equipo contamos con expertos en el mundo de las dos y cuatro ruedas tanto de la calle y las carreteras, como de los circuitos. Periodistas que han trabajado en revistas y publicaciones para hacerte llegar desde rutas y consejos de mantenimiento, a curiosidades y trucos de pilotaje.","sameAs":["https:\/\/www.facebook.com\/BoxRepsol\/","https:\/\/www.instagram.com\/box_repsol\/","https:\/\/x.com\/https:\/\/twitter.com\/box_repsol","https:\/\/www.youtube.com\/@Boxrepsol"],"url":"https:\/\/www.boxrepsol.com\/es\/author\/redaccion-box-repsol\/"}]}},"_links":{"self":[{"href":"https:\/\/www.boxrepsol.com\/es\/wp-json\/wp\/v2\/posts\/90121","targetHints":{"allow":["GET"]}}],"collection":[{"href":"https:\/\/www.boxrepsol.com\/es\/wp-json\/wp\/v2\/posts"}],"about":[{"href":"https:\/\/www.boxrepsol.com\/es\/wp-json\/wp\/v2\/types\/post"}],"author":[{"embeddable":true,"href":"https:\/\/www.boxrepsol.com\/es\/wp-json\/wp\/v2\/users\/43146"}],"replies":[{"embeddable":true,"href":"https:\/\/www.boxrepsol.com\/es\/wp-json\/wp\/v2\/comments?post=90121"}],"version-history":[{"count":1,"href":"https:\/\/www.boxrepsol.com\/es\/wp-json\/wp\/v2\/posts\/90121\/revisions"}],"predecessor-version":[{"id":90122,"href":"https:\/\/www.boxrepsol.com\/es\/wp-json\/wp\/v2\/posts\/90121\/revisions\/90122"}],"wp:featuredmedia":[{"embeddable":true,"href":"https:\/\/www.boxrepsol.com\/es\/wp-json\/wp\/v2\/media\/86338"}],"wp:attachment":[{"href":"https:\/\/www.boxrepsol.com\/es\/wp-json\/wp\/v2\/media?parent=90121"}],"wp:term":[{"taxonomy":"category","embeddable":true,"href":"https:\/\/www.boxrepsol.com\/es\/wp-json\/wp\/v2\/categories?post=90121"},{"taxonomy":"post_tag","embeddable":true,"href":"https:\/\/www.boxrepsol.com\/es\/wp-json\/wp\/v2\/tags?post=90121"}],"curies":[{"name":"wp","href":"https:\/\/api.w.org\/{rel}","templated":true}]}}