{"id":90108,"date":"2017-03-26T00:00:00","date_gmt":"2017-03-26T02:00:00","guid":{"rendered":"http:\/\/pre.boxrepsol.com\/sin-categorizar\/marquez-pedrosa-debutan-cuarta-quinta-posicion-respectivamente\/"},"modified":"2024-10-16T10:55:00","modified_gmt":"2024-10-16T12:55:00","slug":"marquez-pedrosa-debutan-cuarta-quinta-posicion-respectivamente","status":"publish","type":"post","link":"https:\/\/www.boxrepsol.com\/es\/motogp\/marquez-pedrosa-debutan-cuarta-quinta-posicion-respectivamente\/","title":{"rendered":"M\u00e1rquez y Pedrosa debutan en cuarta y quinta posici\u00f3n, respectivamente"},"content":{"rendered":"<blockquote><p>Sab\u00edamos que en esta pista sufrir\u00edamos un poco<\/p>\n<p><a href=\"http:\/\/twitter.com\/share?text=Sab%C3%ADamos+que+en+esta+pista+sufrir%C3%ADamos+un+poco&amp;url=http%3A%2F%2Fwww.boxrepsol.com%2Fes%2F%3Fp%3D4999%2F&amp;hashtags=\" target=\"_blank\" rel=\"noopener\"><br \/>\ntwittear <\/a><\/p>\n<footer>Marc M\u00e1rquez<\/footer>\n<\/blockquote>\n<p>Tras la salida, Marc M\u00e1rquez ha conservado su posici\u00f3n de la parrilla \u2013tercero\u2013 y Pedrosa ha recuperado una plaza \u2013se ha situado sexto\u2013.<\/p>\n<p>El vigente Campe\u00f3n del Mundo se ha mantenido entre los tres primeros hasta la vuelta 12, cuando ha perdido dos posiciones en un mismo giro y se ha visto relegado a la cuarta plaza.<\/p>\n<p>Dani Pedrosa, que ha llegado a rodar octavo en el cuarto giro, ha repetido la posici\u00f3n de hace un a\u00f1o, cruzando la meta en quinta posici\u00f3n.<\/p>\n<h3>Marc M\u00e1rquez<\/h3>\n<blockquote><p>Sab\u00edamos que en esta pista sufrir\u00edamos un poco, pero como siempre hemos mantenido una actitud positiva, ya que tambi\u00e9n sab\u00edamos que si todo estaba en su sitio, podr\u00edamos luchar por el podio e incluso la victoria. Creo que hemos trabajado bien durante todo el fin de semana y lo ten\u00edamos todo claro para hoy. Nuestra intenci\u00f3n era utilizar el compuesto delantero duro, pero con todo el caos de la salida ocasionado por la lluvia y los continuos retrasos, nos han surgido las dudas. Al final hemos decidido montar el compuesto medio, para reducir el riesgo de ca\u00edda, pero ha sido nuestro mayor error del fin de semana. He sufrido todo el tiempo con el tren delantero, porque no pod\u00eda frenar fuerte y, tras algunas vueltas, el neum\u00e1tico ha empezado a degradarse. Todav\u00eda tenemos algunos peque\u00f1os problemas acelerando pero, a pesar de ello, ten\u00eda buenas sensaciones con la moto. La elecci\u00f3n final del neum\u00e1tico no me ha permitido recuperar en las frenadas, que es mi punto fuerte, as\u00ed que he decidido terminar la carrera; Argentina ser\u00e1 otra carrera.<\/p><\/blockquote>\n<h3>Dani Pedrosa<\/h3>\n<blockquote><p>Ha sido una carrera extra\u00f1a desde el principio, debido a la lluvia y el retraso de la salida. Ha sido dif\u00edcil mantener la concentraci\u00f3n en esos momentos. Hemos hecho lo m\u00e1ximo para gestionar la carrera, pero hemos sufrido mucho con el neum\u00e1tico delantero, que era demasiado blando para nosotros. No pod\u00edamos forzar el tren delantero y creo que todas las Honda hemos tenido los mismos problemas. Ha sido dif\u00edcil conservar el neum\u00e1tico hasta el final y, por encima de todo, no poder dar el m\u00e1ximo. De todos modos, s\u00f3lo es la primera carrera y debemos concentrarnos inmediatamente en la siguiente, intentar resolver este problema y hacer una buena carrera en Argentina.<\/p><\/blockquote>\n","protected":false},"excerpt":{"rendered":"<p>Los pilotos del equipo Repsol Honda terminan a las puertas del podio en la primera carrera de la temporada, que se ha retrasado 45 minutos y reducido dos vueltas por culpa de la lluvia.<\/p>\n","protected":false},"author":43146,"featured_media":86308,"comment_status":"open","ping_status":"open","sticky":false,"template":"","format":"standard","meta":{"footnotes":""},"categories":[4],"tags":[157],"class_list":["post-90108","post","type-post","status-publish","format-standard","hentry","category-motogp","tag-motogp-catar"],"yoast_head":"<!-- This site is optimized with the Yoast SEO plugin v27.3 - https:\/\/yoast.com\/product\/yoast-seo-wordpress\/ -->\n<title>M\u00e1rquez y Pedrosa debutan en cuarta y quinta posici\u00f3n, respectivamente - Box Repsol<\/title>\n<meta name=\"description\" content=\"Marc M\u00e1rquez y Dani Pedrosa terminan a las puertas del podio en la primera carrera de la temporada en el GP de Catar 2017.\" \/>\n<link rel=\"canonical\" href=\"https:\/\/www.boxrepsol.com\/es\/motogp\/marquez-pedrosa-debutan-cuarta-quinta-posicion-respectivamente\/\" \/>\n<meta property=\"og:locale\" content=\"es_ES\" \/>\n<meta property=\"og:type\" content=\"article\" \/>\n<meta property=\"og:title\" content=\"M\u00e1rquez y Pedrosa debutan en cuarta y quinta posici\u00f3n, respectivamente - Box Repsol\" \/>\n<meta property=\"og:description\" content=\"Marc M\u00e1rquez y Dani Pedrosa terminan a las puertas del podio en la primera carrera de la temporada en el GP de Catar 2017.\" \/>\n<meta property=\"og:url\" content=\"https:\/\/www.boxrepsol.com\/es\/motogp\/marquez-pedrosa-debutan-cuarta-quinta-posicion-respectivamente\/\" \/>\n<meta property=\"og:site_name\" content=\"Box Repsol\" \/>\n<meta property=\"article:publisher\" content=\"https:\/\/www.facebook.com\/BoxRepsol\" \/>\n<meta property=\"article:author\" content=\"https:\/\/www.facebook.com\/BoxRepsol\/\" \/>\n<meta property=\"article:published_time\" content=\"2017-03-26T02:00:00+00:00\" \/>\n<meta property=\"article:modified_time\" content=\"2024-10-16T12:55:00+00:00\" \/>\n<meta property=\"og:image\" content=\"https:\/\/www.boxrepsol.com\/wp-content\/uploads\/2022\/08\/20170326_catar_domingo_01_motoGP.jpg\" \/>\n\t<meta property=\"og:image:width\" content=\"995\" \/>\n\t<meta property=\"og:image:height\" content=\"560\" \/>\n\t<meta property=\"og:image:type\" content=\"image\/jpeg\" \/>\n<meta name=\"author\" content=\"Redacci\u00f3n Box Repsol\" \/>\n<meta name=\"twitter:card\" content=\"summary_large_image\" \/>\n<meta name=\"twitter:creator\" content=\"@https:\/\/twitter.com\/box_repsol\" \/>\n<meta name=\"twitter:site\" content=\"@box_repsol\" \/>\n<meta name=\"twitter:label1\" content=\"Written by\" \/>\n\t<meta name=\"twitter:data1\" content=\"Redacci\u00f3n Box Repsol\" \/>\n\t<meta name=\"twitter:label2\" content=\"Est. reading time\" \/>\n\t<meta name=\"twitter:data2\" content=\"2 minutos\" \/>\n<script type=\"application\/ld+json\" class=\"yoast-schema-graph\">{\"@context\":\"https:\\\/\\\/schema.org\",\"@graph\":[{\"@type\":\"Article\",\"@id\":\"https:\\\/\\\/www.boxrepsol.com\\\/es\\\/motogp\\\/marquez-pedrosa-debutan-cuarta-quinta-posicion-respectivamente\\\/#article\",\"isPartOf\":{\"@id\":\"https:\\\/\\\/www.boxrepsol.com\\\/es\\\/motogp\\\/marquez-pedrosa-debutan-cuarta-quinta-posicion-respectivamente\\\/\"},\"author\":{\"name\":\"Redacci\u00f3n Box Repsol\",\"@id\":\"https:\\\/\\\/www.boxrepsol.com\\\/es\\\/#\\\/schema\\\/person\\\/c5c2138f2cca251b0ad92b7086bb60b7\"},\"headline\":\"M\u00e1rquez y Pedrosa debutan en cuarta y quinta posici\u00f3n, respectivamente\",\"datePublished\":\"2017-03-26T02:00:00+00:00\",\"dateModified\":\"2024-10-16T12:55:00+00:00\",\"mainEntityOfPage\":{\"@id\":\"https:\\\/\\\/www.boxrepsol.com\\\/es\\\/motogp\\\/marquez-pedrosa-debutan-cuarta-quinta-posicion-respectivamente\\\/\"},\"wordCount\":432,\"commentCount\":0,\"publisher\":{\"@id\":\"https:\\\/\\\/www.boxrepsol.com\\\/es\\\/#organization\"},\"image\":{\"@id\":\"https:\\\/\\\/www.boxrepsol.com\\\/es\\\/motogp\\\/marquez-pedrosa-debutan-cuarta-quinta-posicion-respectivamente\\\/#primaryimage\"},\"thumbnailUrl\":\"https:\\\/\\\/www.boxrepsol.com\\\/wp-content\\\/uploads\\\/2022\\\/08\\\/20170326_catar_domingo_01_motoGP.jpg\",\"keywords\":[\"MotoGP Catar\"],\"articleSection\":[\"MotoGP\"],\"inLanguage\":\"es\",\"potentialAction\":[{\"@type\":\"CommentAction\",\"name\":\"Comment\",\"target\":[\"https:\\\/\\\/www.boxrepsol.com\\\/es\\\/motogp\\\/marquez-pedrosa-debutan-cuarta-quinta-posicion-respectivamente\\\/#respond\"]}]},{\"@type\":\"WebPage\",\"@id\":\"https:\\\/\\\/www.boxrepsol.com\\\/es\\\/motogp\\\/marquez-pedrosa-debutan-cuarta-quinta-posicion-respectivamente\\\/\",\"url\":\"https:\\\/\\\/www.boxrepsol.com\\\/es\\\/motogp\\\/marquez-pedrosa-debutan-cuarta-quinta-posicion-respectivamente\\\/\",\"name\":\"M\u00e1rquez y Pedrosa debutan en cuarta y quinta posici\u00f3n, respectivamente - Box Repsol\",\"isPartOf\":{\"@id\":\"https:\\\/\\\/www.boxrepsol.com\\\/es\\\/#website\"},\"primaryImageOfPage\":{\"@id\":\"https:\\\/\\\/www.boxrepsol.com\\\/es\\\/motogp\\\/marquez-pedrosa-debutan-cuarta-quinta-posicion-respectivamente\\\/#primaryimage\"},\"image\":{\"@id\":\"https:\\\/\\\/www.boxrepsol.com\\\/es\\\/motogp\\\/marquez-pedrosa-debutan-cuarta-quinta-posicion-respectivamente\\\/#primaryimage\"},\"thumbnailUrl\":\"https:\\\/\\\/www.boxrepsol.com\\\/wp-content\\\/uploads\\\/2022\\\/08\\\/20170326_catar_domingo_01_motoGP.jpg\",\"datePublished\":\"2017-03-26T02:00:00+00:00\",\"dateModified\":\"2024-10-16T12:55:00+00:00\",\"description\":\"Marc M\u00e1rquez y Dani Pedrosa terminan a las puertas del podio en la primera carrera de la temporada en el GP de Catar 2017.\",\"breadcrumb\":{\"@id\":\"https:\\\/\\\/www.boxrepsol.com\\\/es\\\/motogp\\\/marquez-pedrosa-debutan-cuarta-quinta-posicion-respectivamente\\\/#breadcrumb\"},\"inLanguage\":\"es\",\"potentialAction\":[{\"@type\":\"ReadAction\",\"target\":[\"https:\\\/\\\/www.boxrepsol.com\\\/es\\\/motogp\\\/marquez-pedrosa-debutan-cuarta-quinta-posicion-respectivamente\\\/\"]}]},{\"@type\":\"ImageObject\",\"inLanguage\":\"es\",\"@id\":\"https:\\\/\\\/www.boxrepsol.com\\\/es\\\/motogp\\\/marquez-pedrosa-debutan-cuarta-quinta-posicion-respectivamente\\\/#primaryimage\",\"url\":\"https:\\\/\\\/www.boxrepsol.com\\\/wp-content\\\/uploads\\\/2022\\\/08\\\/20170326_catar_domingo_01_motoGP.jpg\",\"contentUrl\":\"https:\\\/\\\/www.boxrepsol.com\\\/wp-content\\\/uploads\\\/2022\\\/08\\\/20170326_catar_domingo_01_motoGP.jpg\",\"width\":995,\"height\":560,\"caption\":\"M\u00e1rquez sobre el circuito de Losail\"},{\"@type\":\"BreadcrumbList\",\"@id\":\"https:\\\/\\\/www.boxrepsol.com\\\/es\\\/motogp\\\/marquez-pedrosa-debutan-cuarta-quinta-posicion-respectivamente\\\/#breadcrumb\",\"itemListElement\":[{\"@type\":\"ListItem\",\"position\":1,\"name\":\"Home\",\"item\":\"https:\\\/\\\/www.boxrepsol.com\\\/es\\\/\"},{\"@type\":\"ListItem\",\"position\":2,\"name\":\"M\u00e1rquez y Pedrosa debutan en cuarta y quinta posici\u00f3n, respectivamente\"}]},{\"@type\":\"WebSite\",\"@id\":\"https:\\\/\\\/www.boxrepsol.com\\\/es\\\/#website\",\"url\":\"https:\\\/\\\/www.boxrepsol.com\\\/es\\\/\",\"name\":\"Box Repsol\",\"description\":\"Box Repsol Site\",\"publisher\":{\"@id\":\"https:\\\/\\\/www.boxrepsol.com\\\/es\\\/#organization\"},\"potentialAction\":[{\"@type\":\"SearchAction\",\"target\":{\"@type\":\"EntryPoint\",\"urlTemplate\":\"https:\\\/\\\/www.boxrepsol.com\\\/es\\\/?s={search_term_string}\"},\"query-input\":{\"@type\":\"PropertyValueSpecification\",\"valueRequired\":true,\"valueName\":\"search_term_string\"}}],\"inLanguage\":\"es\"},{\"@type\":\"Organization\",\"@id\":\"https:\\\/\\\/www.boxrepsol.com\\\/es\\\/#organization\",\"name\":\"Box Repsol\",\"url\":\"https:\\\/\\\/www.boxrepsol.com\\\/es\\\/\",\"logo\":{\"@type\":\"ImageObject\",\"inLanguage\":\"es\",\"@id\":\"https:\\\/\\\/www.boxrepsol.com\\\/es\\\/#\\\/schema\\\/logo\\\/image\\\/\",\"url\":\"https:\\\/\\\/bxrepsol.s3.eu-west-1.amazonaws.com\\\/static\\\/2025\\\/07\\\/30083337\\\/favicon-96x96-1.png\",\"contentUrl\":\"https:\\\/\\\/bxrepsol.s3.eu-west-1.amazonaws.com\\\/static\\\/2025\\\/07\\\/30083337\\\/favicon-96x96-1.png\",\"width\":96,\"height\":96,\"caption\":\"Box Repsol\"},\"image\":{\"@id\":\"https:\\\/\\\/www.boxrepsol.com\\\/es\\\/#\\\/schema\\\/logo\\\/image\\\/\"},\"sameAs\":[\"https:\\\/\\\/www.facebook.com\\\/BoxRepsol\",\"https:\\\/\\\/x.com\\\/box_repsol\",\"http:\\\/\\\/instagram.com\\\/box_repsol\",\"https:\\\/\\\/www.youtube.com\\\/user\\\/RepsolCompeticion\",\"https:\\\/\\\/www.flickr.com\\\/photos\\\/box_repsol\\\/\"]},{\"@type\":\"Person\",\"@id\":\"https:\\\/\\\/www.boxrepsol.com\\\/es\\\/#\\\/schema\\\/person\\\/c5c2138f2cca251b0ad92b7086bb60b7\",\"name\":\"Redacci\u00f3n Box Repsol\",\"image\":{\"@type\":\"ImageObject\",\"inLanguage\":\"es\",\"@id\":\"https:\\\/\\\/secure.gravatar.com\\\/avatar\\\/adf7b77e38b4419baf32c7e9c21dde01f4e40df611f0978e3006fc4ba0aaab7e?s=96&d=mm&r=g\",\"url\":\"https:\\\/\\\/secure.gravatar.com\\\/avatar\\\/adf7b77e38b4419baf32c7e9c21dde01f4e40df611f0978e3006fc4ba0aaab7e?s=96&d=mm&r=g\",\"contentUrl\":\"https:\\\/\\\/secure.gravatar.com\\\/avatar\\\/adf7b77e38b4419baf32c7e9c21dde01f4e40df611f0978e3006fc4ba0aaab7e?s=96&d=mm&r=g\",\"caption\":\"Redacci\u00f3n Box Repsol\"},\"description\":\"Box Repsol lo forma un equipo de periodistas, community managers, dise\u00f1adores y fot\u00f3grafos con m\u00e1s de 20 a\u00f1os de experiencia en el mundo del motorsport. Hemos vivido el primer mundial de un espa\u00f1ol en la categor\u00eda reina de motociclismo con \u00c1lex Crivill\u00e9, estuvimos en las victorias de Pedrosa y los t\u00edtulos de M\u00e1rquez, acompa\u00f1amos en \u00c1frica a Nani Roma y Marc Coma en sus conquistas del Dakar y hemos vibrado con los t\u00edtulos de Toni Bou en Trial. Adem\u00e1s, en nuestro equipo contamos con expertos en el mundo de las dos y cuatro ruedas tanto de la calle y las carreteras, como de los circuitos. Periodistas que han trabajado en revistas y publicaciones para hacerte llegar desde rutas y consejos de mantenimiento, a curiosidades y trucos de pilotaje.\",\"sameAs\":[\"https:\\\/\\\/www.facebook.com\\\/BoxRepsol\\\/\",\"https:\\\/\\\/www.instagram.com\\\/box_repsol\\\/\",\"https:\\\/\\\/x.com\\\/https:\\\/\\\/twitter.com\\\/box_repsol\",\"https:\\\/\\\/www.youtube.com\\\/@Boxrepsol\"],\"url\":\"https:\\\/\\\/www.boxrepsol.com\\\/es\\\/author\\\/redaccion-box-repsol\\\/\"}]}<\/script>\n<!-- \/ Yoast SEO plugin. -->","yoast_head_json":{"title":"M\u00e1rquez y Pedrosa debutan en cuarta y quinta posici\u00f3n, respectivamente - Box Repsol","description":"Marc M\u00e1rquez y Dani Pedrosa terminan a las puertas del podio en la primera carrera de la temporada en el GP de Catar 2017.","canonical":"https:\/\/www.boxrepsol.com\/es\/motogp\/marquez-pedrosa-debutan-cuarta-quinta-posicion-respectivamente\/","og_locale":"es_ES","og_type":"article","og_title":"M\u00e1rquez y Pedrosa debutan en cuarta y quinta posici\u00f3n, respectivamente - Box Repsol","og_description":"Marc M\u00e1rquez y Dani Pedrosa terminan a las puertas del podio en la primera carrera de la temporada en el GP de Catar 2017.","og_url":"https:\/\/www.boxrepsol.com\/es\/motogp\/marquez-pedrosa-debutan-cuarta-quinta-posicion-respectivamente\/","og_site_name":"Box Repsol","article_publisher":"https:\/\/www.facebook.com\/BoxRepsol","article_author":"https:\/\/www.facebook.com\/BoxRepsol\/","article_published_time":"2017-03-26T02:00:00+00:00","article_modified_time":"2024-10-16T12:55:00+00:00","og_image":[{"width":995,"height":560,"url":"https:\/\/www.boxrepsol.com\/wp-content\/uploads\/2022\/08\/20170326_catar_domingo_01_motoGP.jpg","type":"image\/jpeg"}],"author":"Redacci\u00f3n Box Repsol","twitter_card":"summary_large_image","twitter_creator":"@https:\/\/twitter.com\/box_repsol","twitter_site":"@box_repsol","twitter_misc":{"Written by":"Redacci\u00f3n Box Repsol","Est. reading time":"2 minutos"},"schema":{"@context":"https:\/\/schema.org","@graph":[{"@type":"Article","@id":"https:\/\/www.boxrepsol.com\/es\/motogp\/marquez-pedrosa-debutan-cuarta-quinta-posicion-respectivamente\/#article","isPartOf":{"@id":"https:\/\/www.boxrepsol.com\/es\/motogp\/marquez-pedrosa-debutan-cuarta-quinta-posicion-respectivamente\/"},"author":{"name":"Redacci\u00f3n Box Repsol","@id":"https:\/\/www.boxrepsol.com\/es\/#\/schema\/person\/c5c2138f2cca251b0ad92b7086bb60b7"},"headline":"M\u00e1rquez y Pedrosa debutan en cuarta y quinta posici\u00f3n, respectivamente","datePublished":"2017-03-26T02:00:00+00:00","dateModified":"2024-10-16T12:55:00+00:00","mainEntityOfPage":{"@id":"https:\/\/www.boxrepsol.com\/es\/motogp\/marquez-pedrosa-debutan-cuarta-quinta-posicion-respectivamente\/"},"wordCount":432,"commentCount":0,"publisher":{"@id":"https:\/\/www.boxrepsol.com\/es\/#organization"},"image":{"@id":"https:\/\/www.boxrepsol.com\/es\/motogp\/marquez-pedrosa-debutan-cuarta-quinta-posicion-respectivamente\/#primaryimage"},"thumbnailUrl":"https:\/\/www.boxrepsol.com\/wp-content\/uploads\/2022\/08\/20170326_catar_domingo_01_motoGP.jpg","keywords":["MotoGP Catar"],"articleSection":["MotoGP"],"inLanguage":"es","potentialAction":[{"@type":"CommentAction","name":"Comment","target":["https:\/\/www.boxrepsol.com\/es\/motogp\/marquez-pedrosa-debutan-cuarta-quinta-posicion-respectivamente\/#respond"]}]},{"@type":"WebPage","@id":"https:\/\/www.boxrepsol.com\/es\/motogp\/marquez-pedrosa-debutan-cuarta-quinta-posicion-respectivamente\/","url":"https:\/\/www.boxrepsol.com\/es\/motogp\/marquez-pedrosa-debutan-cuarta-quinta-posicion-respectivamente\/","name":"M\u00e1rquez y Pedrosa debutan en cuarta y quinta posici\u00f3n, respectivamente - Box Repsol","isPartOf":{"@id":"https:\/\/www.boxrepsol.com\/es\/#website"},"primaryImageOfPage":{"@id":"https:\/\/www.boxrepsol.com\/es\/motogp\/marquez-pedrosa-debutan-cuarta-quinta-posicion-respectivamente\/#primaryimage"},"image":{"@id":"https:\/\/www.boxrepsol.com\/es\/motogp\/marquez-pedrosa-debutan-cuarta-quinta-posicion-respectivamente\/#primaryimage"},"thumbnailUrl":"https:\/\/www.boxrepsol.com\/wp-content\/uploads\/2022\/08\/20170326_catar_domingo_01_motoGP.jpg","datePublished":"2017-03-26T02:00:00+00:00","dateModified":"2024-10-16T12:55:00+00:00","description":"Marc M\u00e1rquez y Dani Pedrosa terminan a las puertas del podio en la primera carrera de la temporada en el GP de Catar 2017.","breadcrumb":{"@id":"https:\/\/www.boxrepsol.com\/es\/motogp\/marquez-pedrosa-debutan-cuarta-quinta-posicion-respectivamente\/#breadcrumb"},"inLanguage":"es","potentialAction":[{"@type":"ReadAction","target":["https:\/\/www.boxrepsol.com\/es\/motogp\/marquez-pedrosa-debutan-cuarta-quinta-posicion-respectivamente\/"]}]},{"@type":"ImageObject","inLanguage":"es","@id":"https:\/\/www.boxrepsol.com\/es\/motogp\/marquez-pedrosa-debutan-cuarta-quinta-posicion-respectivamente\/#primaryimage","url":"https:\/\/www.boxrepsol.com\/wp-content\/uploads\/2022\/08\/20170326_catar_domingo_01_motoGP.jpg","contentUrl":"https:\/\/www.boxrepsol.com\/wp-content\/uploads\/2022\/08\/20170326_catar_domingo_01_motoGP.jpg","width":995,"height":560,"caption":"M\u00e1rquez sobre el circuito de Losail"},{"@type":"BreadcrumbList","@id":"https:\/\/www.boxrepsol.com\/es\/motogp\/marquez-pedrosa-debutan-cuarta-quinta-posicion-respectivamente\/#breadcrumb","itemListElement":[{"@type":"ListItem","position":1,"name":"Home","item":"https:\/\/www.boxrepsol.com\/es\/"},{"@type":"ListItem","position":2,"name":"M\u00e1rquez y Pedrosa debutan en cuarta y quinta posici\u00f3n, respectivamente"}]},{"@type":"WebSite","@id":"https:\/\/www.boxrepsol.com\/es\/#website","url":"https:\/\/www.boxrepsol.com\/es\/","name":"Box Repsol","description":"Box Repsol Site","publisher":{"@id":"https:\/\/www.boxrepsol.com\/es\/#organization"},"potentialAction":[{"@type":"SearchAction","target":{"@type":"EntryPoint","urlTemplate":"https:\/\/www.boxrepsol.com\/es\/?s={search_term_string}"},"query-input":{"@type":"PropertyValueSpecification","valueRequired":true,"valueName":"search_term_string"}}],"inLanguage":"es"},{"@type":"Organization","@id":"https:\/\/www.boxrepsol.com\/es\/#organization","name":"Box Repsol","url":"https:\/\/www.boxrepsol.com\/es\/","logo":{"@type":"ImageObject","inLanguage":"es","@id":"https:\/\/www.boxrepsol.com\/es\/#\/schema\/logo\/image\/","url":"https:\/\/bxrepsol.s3.eu-west-1.amazonaws.com\/static\/2025\/07\/30083337\/favicon-96x96-1.png","contentUrl":"https:\/\/bxrepsol.s3.eu-west-1.amazonaws.com\/static\/2025\/07\/30083337\/favicon-96x96-1.png","width":96,"height":96,"caption":"Box Repsol"},"image":{"@id":"https:\/\/www.boxrepsol.com\/es\/#\/schema\/logo\/image\/"},"sameAs":["https:\/\/www.facebook.com\/BoxRepsol","https:\/\/x.com\/box_repsol","http:\/\/instagram.com\/box_repsol","https:\/\/www.youtube.com\/user\/RepsolCompeticion","https:\/\/www.flickr.com\/photos\/box_repsol\/"]},{"@type":"Person","@id":"https:\/\/www.boxrepsol.com\/es\/#\/schema\/person\/c5c2138f2cca251b0ad92b7086bb60b7","name":"Redacci\u00f3n Box Repsol","image":{"@type":"ImageObject","inLanguage":"es","@id":"https:\/\/secure.gravatar.com\/avatar\/adf7b77e38b4419baf32c7e9c21dde01f4e40df611f0978e3006fc4ba0aaab7e?s=96&d=mm&r=g","url":"https:\/\/secure.gravatar.com\/avatar\/adf7b77e38b4419baf32c7e9c21dde01f4e40df611f0978e3006fc4ba0aaab7e?s=96&d=mm&r=g","contentUrl":"https:\/\/secure.gravatar.com\/avatar\/adf7b77e38b4419baf32c7e9c21dde01f4e40df611f0978e3006fc4ba0aaab7e?s=96&d=mm&r=g","caption":"Redacci\u00f3n Box Repsol"},"description":"Box Repsol lo forma un equipo de periodistas, community managers, dise\u00f1adores y fot\u00f3grafos con m\u00e1s de 20 a\u00f1os de experiencia en el mundo del motorsport. Hemos vivido el primer mundial de un espa\u00f1ol en la categor\u00eda reina de motociclismo con \u00c1lex Crivill\u00e9, estuvimos en las victorias de Pedrosa y los t\u00edtulos de M\u00e1rquez, acompa\u00f1amos en \u00c1frica a Nani Roma y Marc Coma en sus conquistas del Dakar y hemos vibrado con los t\u00edtulos de Toni Bou en Trial. Adem\u00e1s, en nuestro equipo contamos con expertos en el mundo de las dos y cuatro ruedas tanto de la calle y las carreteras, como de los circuitos. Periodistas que han trabajado en revistas y publicaciones para hacerte llegar desde rutas y consejos de mantenimiento, a curiosidades y trucos de pilotaje.","sameAs":["https:\/\/www.facebook.com\/BoxRepsol\/","https:\/\/www.instagram.com\/box_repsol\/","https:\/\/x.com\/https:\/\/twitter.com\/box_repsol","https:\/\/www.youtube.com\/@Boxrepsol"],"url":"https:\/\/www.boxrepsol.com\/es\/author\/redaccion-box-repsol\/"}]}},"_links":{"self":[{"href":"https:\/\/www.boxrepsol.com\/es\/wp-json\/wp\/v2\/posts\/90108","targetHints":{"allow":["GET"]}}],"collection":[{"href":"https:\/\/www.boxrepsol.com\/es\/wp-json\/wp\/v2\/posts"}],"about":[{"href":"https:\/\/www.boxrepsol.com\/es\/wp-json\/wp\/v2\/types\/post"}],"author":[{"embeddable":true,"href":"https:\/\/www.boxrepsol.com\/es\/wp-json\/wp\/v2\/users\/43146"}],"replies":[{"embeddable":true,"href":"https:\/\/www.boxrepsol.com\/es\/wp-json\/wp\/v2\/comments?post=90108"}],"version-history":[{"count":2,"href":"https:\/\/www.boxrepsol.com\/es\/wp-json\/wp\/v2\/posts\/90108\/revisions"}],"predecessor-version":[{"id":121158,"href":"https:\/\/www.boxrepsol.com\/es\/wp-json\/wp\/v2\/posts\/90108\/revisions\/121158"}],"wp:featuredmedia":[{"embeddable":true,"href":"https:\/\/www.boxrepsol.com\/es\/wp-json\/wp\/v2\/media\/86308"}],"wp:attachment":[{"href":"https:\/\/www.boxrepsol.com\/es\/wp-json\/wp\/v2\/media?parent=90108"}],"wp:term":[{"taxonomy":"category","embeddable":true,"href":"https:\/\/www.boxrepsol.com\/es\/wp-json\/wp\/v2\/categories?post=90108"},{"taxonomy":"post_tag","embeddable":true,"href":"https:\/\/www.boxrepsol.com\/es\/wp-json\/wp\/v2\/tags?post=90108"}],"curies":[{"name":"wp","href":"https:\/\/api.w.org\/{rel}","templated":true}]}}