{"id":90106,"date":"2017-03-25T00:00:00","date_gmt":"2017-03-25T02:00:00","guid":{"rendered":"http:\/\/pre.boxrepsol.com\/sin-categorizar\/primera-y-tercera-fila-para-marquez-y-pedrosa-en-una-noche-sin-actividad\/"},"modified":"2024-05-15T06:43:04","modified_gmt":"2024-05-15T08:43:04","slug":"primera-y-tercera-fila-para-marquez-y-pedrosa-en-una-noche-sin-actividad","status":"publish","type":"post","link":"https:\/\/www.boxrepsol.com\/es\/motogp\/primera-y-tercera-fila-para-marquez-y-pedrosa-en-una-noche-sin-actividad\/","title":{"rendered":"Primera y tercera fila para M\u00e1rquez y Pedrosa en una noche sin actividad"},"content":{"rendered":"<blockquote><p>Es bueno salir desde la primera fila<\/p>\n<p><a href=\"http:\/\/twitter.com\/share?text=Es+bueno+salir+desde+la+primera+fila&amp;url=http%3A%2F%2Fwww.boxrepsol.com%2Fes%2F%3Fp%3D4977%2F&amp;hashtags=\" target=\"_blank\" rel=\"noopener\"><br \/>\ntwittear <\/a><\/p>\n<footer>Marc M\u00e1rquez<\/footer>\n<\/blockquote>\n<p>Las condiciones de la pista, tras las fuertes lluvias de anoche y esta tarde, han impedido que los pilotos de las tres categor\u00edas pudieran rodar hoy.<\/p>\n<p>Marc M\u00e1rquez saldr\u00e1 desde la primera fila en Catar por cuarto a\u00f1o consecutivo.<\/p>\n<p>En Doha llueve de media 8,8 d\u00edas al a\u00f1o, unos 75 mililitros en total. Marzo es el segundo mes m\u00e1s lluvioso del a\u00f1o, con un promedio de 1,8 jornadas con agua y un total de 16,1 mililitros; es decir, una nimiedad.<\/p>\n<h3>Marc M\u00e1rquez<\/h3>\n<blockquote><p>Es bueno salir desde la primera fila, aunque no ha sido la mejor forma de conseguir este resultado. Me hubiera gustado tener tiempo de trabajar m\u00e1s para la carrera, pero no se puede hacer nada contra la meteorolog\u00eda y lo primero en lo que se tiene que pensar es en la seguridad. Habr\u00eda sido muy peligroso correr despu\u00e9s de lo mucho que ha llovido esta ma\u00f1ana y ayer noche. Adem\u00e1s, hemos hecho m\u00e1s de 300 vueltas a este circuito entre el test de hace dos semanas y este fin de semana, as\u00ed que todo el mundo tiene su puesta a punto y un ritmo m\u00e1s o menos r\u00e1pido. Todo el mundo sabe c\u00f3mo llega para la carrera. Por nuestra parte, sabemos que un podio ser\u00eda un gran resultado para nosotros e intentaremos luchar por \u00e9l. Tendremos un warm-up m\u00e1s largo y veremos c\u00f3mo est\u00e1 el agarre y la pista. Probablemente ya estar\u00e1 bien para la carrera de MotoGP, ya que habr\u00e1 habido la carrera de Moto3 y Moto2 primero, pero ya veremos. Espero que el asfalto est\u00e9 suficientemente seco y el tiempo sea estable<\/p><\/blockquote>\n<h3>Dani Pedrosa<\/h3>\n<blockquote><p>Creo que la decisi\u00f3n de cancelar los entrenamientos de hoy ha sido correcta, ya que la seguridad siempre es lo primero. Dicho esto, me hubiera gustado hacer la sesi\u00f3n oficial y tener la oportunidad de mejorar mi vuelta, ya que sab\u00eda que si no, saldr\u00eda desde la s\u00e9ptima plaza. Ma\u00f1ana en el warm-up, veremos las condiciones de la pista, cu\u00e1nta arena hay en el asfalto y cu\u00e1nta queda con el paso de las vueltas. La elecci\u00f3n de neum\u00e1ticos est\u00e1 m\u00e1s o menos tomada y ser\u00e1 importante conseguir que trabajen correctamente. No creo que probemos nada en la puesta a punto, porque las condiciones no nos permitir\u00e1n tener referencias correctas. Ma\u00f1ana veremos cu\u00e1les son las condiciones reales y lo haremos lo mejor posible<\/p><\/blockquote>\n","protected":false},"excerpt":{"rendered":"<p>Cancelada la jornada de hoy por la lluvia, la parrilla se ha decidido por los tiempos combinados de las tres sesiones libres. M\u00e1rquez saldr\u00e1 desde la tercera posici\u00f3n y Pedrosa, desde la s\u00e9ptima.<\/p>\n","protected":false},"author":43146,"featured_media":86304,"comment_status":"open","ping_status":"open","sticky":false,"template":"","format":"standard","meta":{"footnotes":""},"categories":[4],"tags":[157],"class_list":["post-90106","post","type-post","status-publish","format-standard","hentry","category-motogp","tag-motogp-catar"],"yoast_head":"<!-- This site is optimized with the Yoast SEO plugin v27.3 - https:\/\/yoast.com\/product\/yoast-seo-wordpress\/ -->\n<title>Primera y tercera fila para M\u00e1rquez y Pedrosa en una noche sin actividad - Box Repsol<\/title>\n<meta name=\"description\" content=\"Cancelada la jornada de hoy por la lluvia, la parrilla se ha decidido por los tiempos combinados de las tres sesiones libres.\" \/>\n<link rel=\"canonical\" href=\"https:\/\/www.boxrepsol.com\/es\/motogp\/primera-y-tercera-fila-para-marquez-y-pedrosa-en-una-noche-sin-actividad\/\" \/>\n<meta property=\"og:locale\" content=\"es_ES\" \/>\n<meta property=\"og:type\" content=\"article\" \/>\n<meta property=\"og:title\" content=\"Primera y tercera fila para M\u00e1rquez y Pedrosa en una noche sin actividad - Box Repsol\" \/>\n<meta property=\"og:description\" content=\"Cancelada la jornada de hoy por la lluvia, la parrilla se ha decidido por los tiempos combinados de las tres sesiones libres.\" \/>\n<meta property=\"og:url\" content=\"https:\/\/www.boxrepsol.com\/es\/motogp\/primera-y-tercera-fila-para-marquez-y-pedrosa-en-una-noche-sin-actividad\/\" \/>\n<meta property=\"og:site_name\" content=\"Box Repsol\" \/>\n<meta property=\"article:publisher\" content=\"https:\/\/www.facebook.com\/BoxRepsol\" \/>\n<meta property=\"article:author\" content=\"https:\/\/www.facebook.com\/BoxRepsol\/\" \/>\n<meta property=\"article:published_time\" content=\"2017-03-25T02:00:00+00:00\" \/>\n<meta property=\"article:modified_time\" content=\"2024-05-15T08:43:04+00:00\" \/>\n<meta property=\"og:image\" content=\"https:\/\/www.boxrepsol.com\/wp-content\/uploads\/2022\/08\/20170325_catar_sabado_01.jpg\" \/>\n\t<meta property=\"og:image:width\" content=\"995\" \/>\n\t<meta property=\"og:image:height\" content=\"560\" \/>\n\t<meta property=\"og:image:type\" content=\"image\/jpeg\" \/>\n<meta name=\"author\" content=\"Redacci\u00f3n Box Repsol\" \/>\n<meta name=\"twitter:card\" content=\"summary_large_image\" \/>\n<meta name=\"twitter:creator\" content=\"@https:\/\/twitter.com\/box_repsol\" \/>\n<meta name=\"twitter:site\" content=\"@box_repsol\" \/>\n<meta name=\"twitter:label1\" content=\"Written by\" \/>\n\t<meta name=\"twitter:data1\" content=\"Redacci\u00f3n Box Repsol\" \/>\n\t<meta name=\"twitter:label2\" content=\"Est. reading time\" \/>\n\t<meta name=\"twitter:data2\" content=\"2 minutos\" \/>\n<script type=\"application\/ld+json\" class=\"yoast-schema-graph\">{\"@context\":\"https:\\\/\\\/schema.org\",\"@graph\":[{\"@type\":\"Article\",\"@id\":\"https:\\\/\\\/www.boxrepsol.com\\\/es\\\/motogp\\\/primera-y-tercera-fila-para-marquez-y-pedrosa-en-una-noche-sin-actividad\\\/#article\",\"isPartOf\":{\"@id\":\"https:\\\/\\\/www.boxrepsol.com\\\/es\\\/motogp\\\/primera-y-tercera-fila-para-marquez-y-pedrosa-en-una-noche-sin-actividad\\\/\"},\"author\":{\"name\":\"Redacci\u00f3n Box Repsol\",\"@id\":\"https:\\\/\\\/www.boxrepsol.com\\\/es\\\/#\\\/schema\\\/person\\\/c5c2138f2cca251b0ad92b7086bb60b7\"},\"headline\":\"Primera y tercera fila para M\u00e1rquez y Pedrosa en una noche sin actividad\",\"datePublished\":\"2017-03-25T02:00:00+00:00\",\"dateModified\":\"2024-05-15T08:43:04+00:00\",\"mainEntityOfPage\":{\"@id\":\"https:\\\/\\\/www.boxrepsol.com\\\/es\\\/motogp\\\/primera-y-tercera-fila-para-marquez-y-pedrosa-en-una-noche-sin-actividad\\\/\"},\"wordCount\":445,\"commentCount\":0,\"publisher\":{\"@id\":\"https:\\\/\\\/www.boxrepsol.com\\\/es\\\/#organization\"},\"image\":{\"@id\":\"https:\\\/\\\/www.boxrepsol.com\\\/es\\\/motogp\\\/primera-y-tercera-fila-para-marquez-y-pedrosa-en-una-noche-sin-actividad\\\/#primaryimage\"},\"thumbnailUrl\":\"https:\\\/\\\/www.boxrepsol.com\\\/wp-content\\\/uploads\\\/2022\\\/08\\\/20170325_catar_sabado_01.jpg\",\"keywords\":[\"MotoGP Catar\"],\"articleSection\":[\"MotoGP\"],\"inLanguage\":\"es\",\"potentialAction\":[{\"@type\":\"CommentAction\",\"name\":\"Comment\",\"target\":[\"https:\\\/\\\/www.boxrepsol.com\\\/es\\\/motogp\\\/primera-y-tercera-fila-para-marquez-y-pedrosa-en-una-noche-sin-actividad\\\/#respond\"]}]},{\"@type\":\"WebPage\",\"@id\":\"https:\\\/\\\/www.boxrepsol.com\\\/es\\\/motogp\\\/primera-y-tercera-fila-para-marquez-y-pedrosa-en-una-noche-sin-actividad\\\/\",\"url\":\"https:\\\/\\\/www.boxrepsol.com\\\/es\\\/motogp\\\/primera-y-tercera-fila-para-marquez-y-pedrosa-en-una-noche-sin-actividad\\\/\",\"name\":\"Primera y tercera fila para M\u00e1rquez y Pedrosa en una noche sin actividad - Box Repsol\",\"isPartOf\":{\"@id\":\"https:\\\/\\\/www.boxrepsol.com\\\/es\\\/#website\"},\"primaryImageOfPage\":{\"@id\":\"https:\\\/\\\/www.boxrepsol.com\\\/es\\\/motogp\\\/primera-y-tercera-fila-para-marquez-y-pedrosa-en-una-noche-sin-actividad\\\/#primaryimage\"},\"image\":{\"@id\":\"https:\\\/\\\/www.boxrepsol.com\\\/es\\\/motogp\\\/primera-y-tercera-fila-para-marquez-y-pedrosa-en-una-noche-sin-actividad\\\/#primaryimage\"},\"thumbnailUrl\":\"https:\\\/\\\/www.boxrepsol.com\\\/wp-content\\\/uploads\\\/2022\\\/08\\\/20170325_catar_sabado_01.jpg\",\"datePublished\":\"2017-03-25T02:00:00+00:00\",\"dateModified\":\"2024-05-15T08:43:04+00:00\",\"description\":\"Cancelada la jornada de hoy por la lluvia, la parrilla se ha decidido por los tiempos combinados de las tres sesiones libres.\",\"breadcrumb\":{\"@id\":\"https:\\\/\\\/www.boxrepsol.com\\\/es\\\/motogp\\\/primera-y-tercera-fila-para-marquez-y-pedrosa-en-una-noche-sin-actividad\\\/#breadcrumb\"},\"inLanguage\":\"es\",\"potentialAction\":[{\"@type\":\"ReadAction\",\"target\":[\"https:\\\/\\\/www.boxrepsol.com\\\/es\\\/motogp\\\/primera-y-tercera-fila-para-marquez-y-pedrosa-en-una-noche-sin-actividad\\\/\"]}]},{\"@type\":\"ImageObject\",\"inLanguage\":\"es\",\"@id\":\"https:\\\/\\\/www.boxrepsol.com\\\/es\\\/motogp\\\/primera-y-tercera-fila-para-marquez-y-pedrosa-en-una-noche-sin-actividad\\\/#primaryimage\",\"url\":\"https:\\\/\\\/www.boxrepsol.com\\\/wp-content\\\/uploads\\\/2022\\\/08\\\/20170325_catar_sabado_01.jpg\",\"contentUrl\":\"https:\\\/\\\/www.boxrepsol.com\\\/wp-content\\\/uploads\\\/2022\\\/08\\\/20170325_catar_sabado_01.jpg\",\"width\":995,\"height\":560,\"caption\":\"M\u00e1rquez en el box\"},{\"@type\":\"BreadcrumbList\",\"@id\":\"https:\\\/\\\/www.boxrepsol.com\\\/es\\\/motogp\\\/primera-y-tercera-fila-para-marquez-y-pedrosa-en-una-noche-sin-actividad\\\/#breadcrumb\",\"itemListElement\":[{\"@type\":\"ListItem\",\"position\":1,\"name\":\"Home\",\"item\":\"https:\\\/\\\/www.boxrepsol.com\\\/es\\\/\"},{\"@type\":\"ListItem\",\"position\":2,\"name\":\"Primera y tercera fila para M\u00e1rquez y Pedrosa en una noche sin actividad\"}]},{\"@type\":\"WebSite\",\"@id\":\"https:\\\/\\\/www.boxrepsol.com\\\/es\\\/#website\",\"url\":\"https:\\\/\\\/www.boxrepsol.com\\\/es\\\/\",\"name\":\"Box Repsol\",\"description\":\"Box Repsol Site\",\"publisher\":{\"@id\":\"https:\\\/\\\/www.boxrepsol.com\\\/es\\\/#organization\"},\"potentialAction\":[{\"@type\":\"SearchAction\",\"target\":{\"@type\":\"EntryPoint\",\"urlTemplate\":\"https:\\\/\\\/www.boxrepsol.com\\\/es\\\/?s={search_term_string}\"},\"query-input\":{\"@type\":\"PropertyValueSpecification\",\"valueRequired\":true,\"valueName\":\"search_term_string\"}}],\"inLanguage\":\"es\"},{\"@type\":\"Organization\",\"@id\":\"https:\\\/\\\/www.boxrepsol.com\\\/es\\\/#organization\",\"name\":\"Box Repsol\",\"url\":\"https:\\\/\\\/www.boxrepsol.com\\\/es\\\/\",\"logo\":{\"@type\":\"ImageObject\",\"inLanguage\":\"es\",\"@id\":\"https:\\\/\\\/www.boxrepsol.com\\\/es\\\/#\\\/schema\\\/logo\\\/image\\\/\",\"url\":\"https:\\\/\\\/bxrepsol.s3.eu-west-1.amazonaws.com\\\/static\\\/2025\\\/07\\\/30083337\\\/favicon-96x96-1.png\",\"contentUrl\":\"https:\\\/\\\/bxrepsol.s3.eu-west-1.amazonaws.com\\\/static\\\/2025\\\/07\\\/30083337\\\/favicon-96x96-1.png\",\"width\":96,\"height\":96,\"caption\":\"Box Repsol\"},\"image\":{\"@id\":\"https:\\\/\\\/www.boxrepsol.com\\\/es\\\/#\\\/schema\\\/logo\\\/image\\\/\"},\"sameAs\":[\"https:\\\/\\\/www.facebook.com\\\/BoxRepsol\",\"https:\\\/\\\/x.com\\\/box_repsol\",\"http:\\\/\\\/instagram.com\\\/box_repsol\",\"https:\\\/\\\/www.youtube.com\\\/user\\\/RepsolCompeticion\",\"https:\\\/\\\/www.flickr.com\\\/photos\\\/box_repsol\\\/\"]},{\"@type\":\"Person\",\"@id\":\"https:\\\/\\\/www.boxrepsol.com\\\/es\\\/#\\\/schema\\\/person\\\/c5c2138f2cca251b0ad92b7086bb60b7\",\"name\":\"Redacci\u00f3n Box Repsol\",\"image\":{\"@type\":\"ImageObject\",\"inLanguage\":\"es\",\"@id\":\"https:\\\/\\\/secure.gravatar.com\\\/avatar\\\/adf7b77e38b4419baf32c7e9c21dde01f4e40df611f0978e3006fc4ba0aaab7e?s=96&d=mm&r=g\",\"url\":\"https:\\\/\\\/secure.gravatar.com\\\/avatar\\\/adf7b77e38b4419baf32c7e9c21dde01f4e40df611f0978e3006fc4ba0aaab7e?s=96&d=mm&r=g\",\"contentUrl\":\"https:\\\/\\\/secure.gravatar.com\\\/avatar\\\/adf7b77e38b4419baf32c7e9c21dde01f4e40df611f0978e3006fc4ba0aaab7e?s=96&d=mm&r=g\",\"caption\":\"Redacci\u00f3n Box Repsol\"},\"description\":\"Box Repsol lo forma un equipo de periodistas, community managers, dise\u00f1adores y fot\u00f3grafos con m\u00e1s de 20 a\u00f1os de experiencia en el mundo del motorsport. Hemos vivido el primer mundial de un espa\u00f1ol en la categor\u00eda reina de motociclismo con \u00c1lex Crivill\u00e9, estuvimos en las victorias de Pedrosa y los t\u00edtulos de M\u00e1rquez, acompa\u00f1amos en \u00c1frica a Nani Roma y Marc Coma en sus conquistas del Dakar y hemos vibrado con los t\u00edtulos de Toni Bou en Trial. Adem\u00e1s, en nuestro equipo contamos con expertos en el mundo de las dos y cuatro ruedas tanto de la calle y las carreteras, como de los circuitos. Periodistas que han trabajado en revistas y publicaciones para hacerte llegar desde rutas y consejos de mantenimiento, a curiosidades y trucos de pilotaje.\",\"sameAs\":[\"https:\\\/\\\/www.facebook.com\\\/BoxRepsol\\\/\",\"https:\\\/\\\/www.instagram.com\\\/box_repsol\\\/\",\"https:\\\/\\\/x.com\\\/https:\\\/\\\/twitter.com\\\/box_repsol\",\"https:\\\/\\\/www.youtube.com\\\/@Boxrepsol\"],\"url\":\"https:\\\/\\\/www.boxrepsol.com\\\/es\\\/author\\\/redaccion-box-repsol\\\/\"}]}<\/script>\n<!-- \/ Yoast SEO plugin. -->","yoast_head_json":{"title":"Primera y tercera fila para M\u00e1rquez y Pedrosa en una noche sin actividad - Box Repsol","description":"Cancelada la jornada de hoy por la lluvia, la parrilla se ha decidido por los tiempos combinados de las tres sesiones libres.","canonical":"https:\/\/www.boxrepsol.com\/es\/motogp\/primera-y-tercera-fila-para-marquez-y-pedrosa-en-una-noche-sin-actividad\/","og_locale":"es_ES","og_type":"article","og_title":"Primera y tercera fila para M\u00e1rquez y Pedrosa en una noche sin actividad - Box Repsol","og_description":"Cancelada la jornada de hoy por la lluvia, la parrilla se ha decidido por los tiempos combinados de las tres sesiones libres.","og_url":"https:\/\/www.boxrepsol.com\/es\/motogp\/primera-y-tercera-fila-para-marquez-y-pedrosa-en-una-noche-sin-actividad\/","og_site_name":"Box Repsol","article_publisher":"https:\/\/www.facebook.com\/BoxRepsol","article_author":"https:\/\/www.facebook.com\/BoxRepsol\/","article_published_time":"2017-03-25T02:00:00+00:00","article_modified_time":"2024-05-15T08:43:04+00:00","og_image":[{"width":995,"height":560,"url":"https:\/\/www.boxrepsol.com\/wp-content\/uploads\/2022\/08\/20170325_catar_sabado_01.jpg","type":"image\/jpeg"}],"author":"Redacci\u00f3n Box Repsol","twitter_card":"summary_large_image","twitter_creator":"@https:\/\/twitter.com\/box_repsol","twitter_site":"@box_repsol","twitter_misc":{"Written by":"Redacci\u00f3n Box Repsol","Est. reading time":"2 minutos"},"schema":{"@context":"https:\/\/schema.org","@graph":[{"@type":"Article","@id":"https:\/\/www.boxrepsol.com\/es\/motogp\/primera-y-tercera-fila-para-marquez-y-pedrosa-en-una-noche-sin-actividad\/#article","isPartOf":{"@id":"https:\/\/www.boxrepsol.com\/es\/motogp\/primera-y-tercera-fila-para-marquez-y-pedrosa-en-una-noche-sin-actividad\/"},"author":{"name":"Redacci\u00f3n Box Repsol","@id":"https:\/\/www.boxrepsol.com\/es\/#\/schema\/person\/c5c2138f2cca251b0ad92b7086bb60b7"},"headline":"Primera y tercera fila para M\u00e1rquez y Pedrosa en una noche sin actividad","datePublished":"2017-03-25T02:00:00+00:00","dateModified":"2024-05-15T08:43:04+00:00","mainEntityOfPage":{"@id":"https:\/\/www.boxrepsol.com\/es\/motogp\/primera-y-tercera-fila-para-marquez-y-pedrosa-en-una-noche-sin-actividad\/"},"wordCount":445,"commentCount":0,"publisher":{"@id":"https:\/\/www.boxrepsol.com\/es\/#organization"},"image":{"@id":"https:\/\/www.boxrepsol.com\/es\/motogp\/primera-y-tercera-fila-para-marquez-y-pedrosa-en-una-noche-sin-actividad\/#primaryimage"},"thumbnailUrl":"https:\/\/www.boxrepsol.com\/wp-content\/uploads\/2022\/08\/20170325_catar_sabado_01.jpg","keywords":["MotoGP Catar"],"articleSection":["MotoGP"],"inLanguage":"es","potentialAction":[{"@type":"CommentAction","name":"Comment","target":["https:\/\/www.boxrepsol.com\/es\/motogp\/primera-y-tercera-fila-para-marquez-y-pedrosa-en-una-noche-sin-actividad\/#respond"]}]},{"@type":"WebPage","@id":"https:\/\/www.boxrepsol.com\/es\/motogp\/primera-y-tercera-fila-para-marquez-y-pedrosa-en-una-noche-sin-actividad\/","url":"https:\/\/www.boxrepsol.com\/es\/motogp\/primera-y-tercera-fila-para-marquez-y-pedrosa-en-una-noche-sin-actividad\/","name":"Primera y tercera fila para M\u00e1rquez y Pedrosa en una noche sin actividad - Box Repsol","isPartOf":{"@id":"https:\/\/www.boxrepsol.com\/es\/#website"},"primaryImageOfPage":{"@id":"https:\/\/www.boxrepsol.com\/es\/motogp\/primera-y-tercera-fila-para-marquez-y-pedrosa-en-una-noche-sin-actividad\/#primaryimage"},"image":{"@id":"https:\/\/www.boxrepsol.com\/es\/motogp\/primera-y-tercera-fila-para-marquez-y-pedrosa-en-una-noche-sin-actividad\/#primaryimage"},"thumbnailUrl":"https:\/\/www.boxrepsol.com\/wp-content\/uploads\/2022\/08\/20170325_catar_sabado_01.jpg","datePublished":"2017-03-25T02:00:00+00:00","dateModified":"2024-05-15T08:43:04+00:00","description":"Cancelada la jornada de hoy por la lluvia, la parrilla se ha decidido por los tiempos combinados de las tres sesiones libres.","breadcrumb":{"@id":"https:\/\/www.boxrepsol.com\/es\/motogp\/primera-y-tercera-fila-para-marquez-y-pedrosa-en-una-noche-sin-actividad\/#breadcrumb"},"inLanguage":"es","potentialAction":[{"@type":"ReadAction","target":["https:\/\/www.boxrepsol.com\/es\/motogp\/primera-y-tercera-fila-para-marquez-y-pedrosa-en-una-noche-sin-actividad\/"]}]},{"@type":"ImageObject","inLanguage":"es","@id":"https:\/\/www.boxrepsol.com\/es\/motogp\/primera-y-tercera-fila-para-marquez-y-pedrosa-en-una-noche-sin-actividad\/#primaryimage","url":"https:\/\/www.boxrepsol.com\/wp-content\/uploads\/2022\/08\/20170325_catar_sabado_01.jpg","contentUrl":"https:\/\/www.boxrepsol.com\/wp-content\/uploads\/2022\/08\/20170325_catar_sabado_01.jpg","width":995,"height":560,"caption":"M\u00e1rquez en el box"},{"@type":"BreadcrumbList","@id":"https:\/\/www.boxrepsol.com\/es\/motogp\/primera-y-tercera-fila-para-marquez-y-pedrosa-en-una-noche-sin-actividad\/#breadcrumb","itemListElement":[{"@type":"ListItem","position":1,"name":"Home","item":"https:\/\/www.boxrepsol.com\/es\/"},{"@type":"ListItem","position":2,"name":"Primera y tercera fila para M\u00e1rquez y Pedrosa en una noche sin actividad"}]},{"@type":"WebSite","@id":"https:\/\/www.boxrepsol.com\/es\/#website","url":"https:\/\/www.boxrepsol.com\/es\/","name":"Box Repsol","description":"Box Repsol Site","publisher":{"@id":"https:\/\/www.boxrepsol.com\/es\/#organization"},"potentialAction":[{"@type":"SearchAction","target":{"@type":"EntryPoint","urlTemplate":"https:\/\/www.boxrepsol.com\/es\/?s={search_term_string}"},"query-input":{"@type":"PropertyValueSpecification","valueRequired":true,"valueName":"search_term_string"}}],"inLanguage":"es"},{"@type":"Organization","@id":"https:\/\/www.boxrepsol.com\/es\/#organization","name":"Box Repsol","url":"https:\/\/www.boxrepsol.com\/es\/","logo":{"@type":"ImageObject","inLanguage":"es","@id":"https:\/\/www.boxrepsol.com\/es\/#\/schema\/logo\/image\/","url":"https:\/\/bxrepsol.s3.eu-west-1.amazonaws.com\/static\/2025\/07\/30083337\/favicon-96x96-1.png","contentUrl":"https:\/\/bxrepsol.s3.eu-west-1.amazonaws.com\/static\/2025\/07\/30083337\/favicon-96x96-1.png","width":96,"height":96,"caption":"Box Repsol"},"image":{"@id":"https:\/\/www.boxrepsol.com\/es\/#\/schema\/logo\/image\/"},"sameAs":["https:\/\/www.facebook.com\/BoxRepsol","https:\/\/x.com\/box_repsol","http:\/\/instagram.com\/box_repsol","https:\/\/www.youtube.com\/user\/RepsolCompeticion","https:\/\/www.flickr.com\/photos\/box_repsol\/"]},{"@type":"Person","@id":"https:\/\/www.boxrepsol.com\/es\/#\/schema\/person\/c5c2138f2cca251b0ad92b7086bb60b7","name":"Redacci\u00f3n Box Repsol","image":{"@type":"ImageObject","inLanguage":"es","@id":"https:\/\/secure.gravatar.com\/avatar\/adf7b77e38b4419baf32c7e9c21dde01f4e40df611f0978e3006fc4ba0aaab7e?s=96&d=mm&r=g","url":"https:\/\/secure.gravatar.com\/avatar\/adf7b77e38b4419baf32c7e9c21dde01f4e40df611f0978e3006fc4ba0aaab7e?s=96&d=mm&r=g","contentUrl":"https:\/\/secure.gravatar.com\/avatar\/adf7b77e38b4419baf32c7e9c21dde01f4e40df611f0978e3006fc4ba0aaab7e?s=96&d=mm&r=g","caption":"Redacci\u00f3n Box Repsol"},"description":"Box Repsol lo forma un equipo de periodistas, community managers, dise\u00f1adores y fot\u00f3grafos con m\u00e1s de 20 a\u00f1os de experiencia en el mundo del motorsport. Hemos vivido el primer mundial de un espa\u00f1ol en la categor\u00eda reina de motociclismo con \u00c1lex Crivill\u00e9, estuvimos en las victorias de Pedrosa y los t\u00edtulos de M\u00e1rquez, acompa\u00f1amos en \u00c1frica a Nani Roma y Marc Coma en sus conquistas del Dakar y hemos vibrado con los t\u00edtulos de Toni Bou en Trial. Adem\u00e1s, en nuestro equipo contamos con expertos en el mundo de las dos y cuatro ruedas tanto de la calle y las carreteras, como de los circuitos. Periodistas que han trabajado en revistas y publicaciones para hacerte llegar desde rutas y consejos de mantenimiento, a curiosidades y trucos de pilotaje.","sameAs":["https:\/\/www.facebook.com\/BoxRepsol\/","https:\/\/www.instagram.com\/box_repsol\/","https:\/\/x.com\/https:\/\/twitter.com\/box_repsol","https:\/\/www.youtube.com\/@Boxrepsol"],"url":"https:\/\/www.boxrepsol.com\/es\/author\/redaccion-box-repsol\/"}]}},"_links":{"self":[{"href":"https:\/\/www.boxrepsol.com\/es\/wp-json\/wp\/v2\/posts\/90106","targetHints":{"allow":["GET"]}}],"collection":[{"href":"https:\/\/www.boxrepsol.com\/es\/wp-json\/wp\/v2\/posts"}],"about":[{"href":"https:\/\/www.boxrepsol.com\/es\/wp-json\/wp\/v2\/types\/post"}],"author":[{"embeddable":true,"href":"https:\/\/www.boxrepsol.com\/es\/wp-json\/wp\/v2\/users\/43146"}],"replies":[{"embeddable":true,"href":"https:\/\/www.boxrepsol.com\/es\/wp-json\/wp\/v2\/comments?post=90106"}],"version-history":[{"count":1,"href":"https:\/\/www.boxrepsol.com\/es\/wp-json\/wp\/v2\/posts\/90106\/revisions"}],"predecessor-version":[{"id":116182,"href":"https:\/\/www.boxrepsol.com\/es\/wp-json\/wp\/v2\/posts\/90106\/revisions\/116182"}],"wp:featuredmedia":[{"embeddable":true,"href":"https:\/\/www.boxrepsol.com\/es\/wp-json\/wp\/v2\/media\/86304"}],"wp:attachment":[{"href":"https:\/\/www.boxrepsol.com\/es\/wp-json\/wp\/v2\/media?parent=90106"}],"wp:term":[{"taxonomy":"category","embeddable":true,"href":"https:\/\/www.boxrepsol.com\/es\/wp-json\/wp\/v2\/categories?post=90106"},{"taxonomy":"post_tag","embeddable":true,"href":"https:\/\/www.boxrepsol.com\/es\/wp-json\/wp\/v2\/tags?post=90106"}],"curies":[{"name":"wp","href":"https:\/\/api.w.org\/{rel}","templated":true}]}}