{"id":90097,"date":"2019-03-07T00:00:00","date_gmt":"2019-03-07T02:00:00","guid":{"rendered":"http:\/\/pre.boxrepsol.com\/sin-categorizar\/las-20-curiosidades-no-sabias-catar-circuito-internacional\/"},"modified":"2024-04-25T09:45:20","modified_gmt":"2024-04-25T11:45:20","slug":"las-20-curiosidades-no-sabias-catar-circuito-internacional","status":"publish","type":"post","link":"https:\/\/www.boxrepsol.com\/es\/motogp\/las-20-curiosidades-no-sabias-catar-circuito-internacional\/","title":{"rendered":"Las 20 curiosidades que no sab\u00edas de Catar y su circuito internacional"},"content":{"rendered":"\n<blockquote class=\"wp-block-quote is-layout-flow wp-block-quote-is-layout-flow\">\n<p>En 2009 la lluvia provoc\u00f3 el aplazamiento de la carrera de MotoGP.<\/p>\n<\/blockquote>\n\n\n\n<p>1) El Gran Premio de Catar inaugurar\u00e1 este domingo el Mundial de Motociclismo por decimotercer a\u00f1o consecutivo (2007-2019). Losail es el trazado que m\u00e1s veces ha albergado ininterrumpidamente la cita inaugural de la temporada. El que m\u00e1s se le acerca es Suzuka (Jap\u00f3n), que estren\u00f3 campeonato entre 1987 y 1992, en seis ocasiones seguidas.<\/p>\n\n\n\n<p>2) Se construy\u00f3 en un tiempo r\u00e9cord, en menos de un a\u00f1o. Los trabajos comenzaron en octubre de 2003, la primera piedra se coloc\u00f3 en diciembre de ese mismo a\u00f1o en presencia de pilotos como Mick Doohan y Valentino Rossi, y estuvo listo para acoger el primer Gran Premio de Catar desde el 30 de septiembre de 2004.<\/p>\n\n\n\n<p>3) Unas 1.000 personas trabajaron en su construcci\u00f3n y fue necesaria una inversi\u00f3n de 58 millones de d\u00f3lares.<\/p>\n\n\n\n<p>4) El trazado fue aprobado por una Comisi\u00f3n de Seguridad de MotoGP integrada por Valentino Rossi, Sete Gibernau, Kenny Roberts Jr. y Nobuatsu Aoki.<\/p>\n\n\n\n<figure class=\"wp-block-image\"><img decoding=\"async\" src=\"https:\/\/bxrepsol.s3.eu-west-1.amazonaws.com\/static\/2022\/08\/29050745\/00_jorge_lorenzo_motogp_repsol_honda_catar_test_2019.jpg\" alt=\"\"\/><figcaption class=\"wp-element-caption\">Jorge Lorenzo con la honda<\/figcaption><\/figure>\n\n\n\n<h3 class=\"wp-block-heading\">Lluvia en el desierto<\/h3>\n\n\n\n<p>5) El circuito de Losail se encuentra unos 30 kil\u00f3metros al norte de Doha, la capital de Catar. En esta ciudad llueve de media 8,8 d\u00edas al a\u00f1o, unos 75 mililitros en total. Marzo es el segundo mes m\u00e1s lluvioso del a\u00f1o, con un promedio de 1,8 jornadas con agua y un total de 16,1 mililitros, es decir, casi nada.<\/p>\n\n\n\n<p>6) No obstante, en 2009 la lluvia provoc\u00f3 el aplazamiento de la carrera de MotoGP, que se disput\u00f3 al d\u00eda siguiente\u2026 \u00a1un lunes!<\/p>\n\n\n\n<p>7) Este Gran Premio se celebr\u00f3 durante cuatro a\u00f1os (2004-2007) de d\u00eda, con una temperatura media del asfalto de 45,5\u00baC.<\/p>\n\n\n\n<p>8) En las 11 ocasiones en que se ha disputado de noche (2008-2018), la temperatura promedio del asfalto ha sido de 22,8\u00baC, la mitad que de d\u00eda.<\/p>\n\n\n\n<figure class=\"wp-block-image\"><img decoding=\"async\" src=\"https:\/\/bxrepsol.s3.eu-west-1.amazonaws.com\/static\/2022\/08\/29050748\/ALR9046-scaled.jpg\" alt=\"\"\/><figcaption class=\"wp-element-caption\">Marc M\u00e1rquez rodando en catar de noche<\/figcaption><\/figure>\n\n\n\n<h3 class=\"wp-block-heading\">Cava sin alcohol<\/h3>\n\n\n\n<p>9) La primera carrera nocturna tuvo lugar el 9 de marzo de 2008. Desde entonces se utilizan m\u00e1s de 40 generadores que proporcionan electricidad para los 3.600 puntos de luz, lo que permitir\u00eda iluminar 3.000 viviendas, 70 campos de f\u00fatbol o una calle residencial que ir\u00eda desde Doha hasta Mosc\u00fa, dos ciudades separadas por 4.600 kil\u00f3metros, aproximadamente.<\/p>\n\n\n\n<p>10) Losail recibi\u00f3 24.866 espectadores entre los cuatro d\u00edas del Gran Premio de 2016. Dispone de una \u00fanica grada, con capacidad para 7.500 espectadores.<\/p>\n\n\n\n<p>11) El 77,5% de los catar\u00edes son musulmanes. Los tres primeros clasificados de cada categor\u00eda brindan en el podio con cava sin alcohol.<\/p>\n\n\n\n<p>12) Los pilotos utilizan en este circuito viseras mucho m\u00e1s transparentes en sus cascos para adaptarse a la noche catar\u00ed.<\/p>\n\n\n\n<figure class=\"wp-block-image\"><img decoding=\"async\" src=\"https:\/\/bxrepsol.s3.eu-west-1.amazonaws.com\/static\/2022\/08\/29050755\/00_jorge_lorenzo_catar_losail_nocturno-1.jpg\" alt=\"\"\/><figcaption class=\"wp-element-caption\">Jorge Lorenzo de noche en Losail<\/figcaption><\/figure>\n\n\n\n<h3 class=\"wp-block-heading\">Otros eventos internacionales<\/h3>\n\n\n\n<p>13) El circuito de Losail organiza jornadas de actividades solo para mujeres, como sesiones para correr, rodar en bicicleta o caminar por el trazado.<\/p>\n\n\n\n<p>14) Los primeros a\u00f1os, los comisarios de pista ven\u00edan de circuitos europeos, como el de Ricardo Tormo de Valencia, para formar a los comisarios locales.<\/p>\n\n\n\n<p>15) Es uno de los circuitos con mayor consumo de gasolina de toda la temporada.<\/p>\n\n\n\n<p>16) El Mundial de Motociclismo fue uno de los primeros grandes eventos internacionales que alberg\u00f3 Catar. Anteriormente solo hab\u00eda acogido la Copa de Asia de f\u00fatbol (1988), hab\u00eda entrado en el circuito ATP de tenis masculino en 1993, dos a\u00f1os despu\u00e9s celebr\u00f3 el Mundial Sub-20 de f\u00fatbol, en 1998 se estren\u00f3 en el calendario europeo masculino de golf y en 2002 acogi\u00f3 una prueba internacional de ciclismo.<\/p>\n\n\n\n<figure class=\"wp-block-image\"><img decoding=\"async\" src=\"https:\/\/bxrepsol.s3.eu-west-1.amazonaws.com\/static\/2022\/08\/29050752\/ALR7807-scaled.jpg\" alt=\"\"\/><figcaption class=\"wp-element-caption\">Marc M\u00e1rquez rodando sobre la RC213V<\/figcaption><\/figure>\n\n\n\n<p>17) Doha fue elegida en 2014 sede del Mundial de Atletismo al aire libre de 2019 y pa\u00eds organizador del Mundial de F\u00fatbol de 2022.<\/p>\n\n\n\n<p>18) Catar es el pa\u00eds con la renta per c\u00e1pita m\u00e1s alta del mundo (129.700 d\u00f3lares) gracias a los ingresos del petr\u00f3leo y, sobre todo, del gas natural. El litro de gasolina cuesta entre 30 y 35 c\u00e9ntimos de d\u00f3lar.<\/p>\n\n\n\n<p>19) El pa\u00eds dispone de las terceras mayores reservas probadas de gas natural y tiene la segunda menor tasa de paro del mundo (0,7%). Es uno de los pocos lugares donde los ciudadanos no pagan impuestos.<\/p>\n\n\n\n<p>20) Catar obtuvo su independencia del Reino Unido el 3 de septiembre de 1971 y cuenta con 2,2 millones de habitantes.<\/p>\n","protected":false},"excerpt":{"rendered":"<p>Losail acoge el \u00fanico Gran Premio nocturno, pero esconde muchas otras peculiaridades: se construy\u00f3 en un tiempo r\u00e9cord y cuando se compet\u00eda de d\u00eda el asfalto superaba de media los 45 grados cent\u00edgrados, el doble que de noche.<\/p>\n","protected":false},"author":43146,"featured_media":86280,"comment_status":"open","ping_status":"open","sticky":false,"template":"","format":"standard","meta":{"footnotes":""},"categories":[4],"tags":[157],"class_list":["post-90097","post","type-post","status-publish","format-standard","hentry","category-motogp","tag-motogp-catar"],"yoast_head":"<!-- This site is optimized with the Yoast SEO plugin v27.3 - https:\/\/yoast.com\/product\/yoast-seo-wordpress\/ -->\n<title>Las 20 curiosidades que no sab\u00edas de Catar y su circuito internacional - Box Repsol<\/title>\n<meta name=\"description\" content=\"Losail acoge el \u00fanico Gran Premio nocturno, pero esconde muchas otras peculiaridades: se construy\u00f3 en un tiempo r\u00e9cord...\" \/>\n<link rel=\"canonical\" href=\"https:\/\/www.boxrepsol.com\/es\/motogp\/las-20-curiosidades-no-sabias-catar-circuito-internacional\/\" \/>\n<meta property=\"og:locale\" content=\"es_ES\" \/>\n<meta property=\"og:type\" content=\"article\" \/>\n<meta property=\"og:title\" content=\"Las 20 curiosidades que no sab\u00edas de Catar y su circuito internacional - Box Repsol\" \/>\n<meta property=\"og:description\" content=\"Losail acoge el \u00fanico Gran Premio nocturno, pero esconde muchas otras peculiaridades: se construy\u00f3 en un tiempo r\u00e9cord...\" \/>\n<meta property=\"og:url\" content=\"https:\/\/www.boxrepsol.com\/es\/motogp\/las-20-curiosidades-no-sabias-catar-circuito-internacional\/\" \/>\n<meta property=\"og:site_name\" content=\"Box Repsol\" \/>\n<meta property=\"article:publisher\" content=\"https:\/\/www.facebook.com\/BoxRepsol\" \/>\n<meta property=\"article:author\" content=\"https:\/\/www.facebook.com\/BoxRepsol\/\" \/>\n<meta property=\"article:published_time\" content=\"2019-03-07T02:00:00+00:00\" \/>\n<meta property=\"article:modified_time\" content=\"2024-04-25T11:45:20+00:00\" \/>\n<meta property=\"og:image\" content=\"https:\/\/www.boxrepsol.com\/wp-content\/uploads\/2022\/08\/00_marc_marquez_rodando_en_catar.jpg\" \/>\n\t<meta property=\"og:image:width\" content=\"1280\" \/>\n\t<meta property=\"og:image:height\" content=\"600\" \/>\n\t<meta property=\"og:image:type\" content=\"image\/jpeg\" \/>\n<meta name=\"author\" content=\"Redacci\u00f3n Box Repsol\" \/>\n<meta name=\"twitter:card\" content=\"summary_large_image\" \/>\n<meta name=\"twitter:creator\" content=\"@https:\/\/twitter.com\/box_repsol\" \/>\n<meta name=\"twitter:site\" content=\"@box_repsol\" \/>\n<meta name=\"twitter:label1\" content=\"Written by\" \/>\n\t<meta name=\"twitter:data1\" content=\"Redacci\u00f3n Box Repsol\" \/>\n\t<meta name=\"twitter:label2\" content=\"Est. reading time\" \/>\n\t<meta name=\"twitter:data2\" content=\"3 minutos\" \/>\n<script type=\"application\/ld+json\" class=\"yoast-schema-graph\">{\"@context\":\"https:\\\/\\\/schema.org\",\"@graph\":[{\"@type\":\"Article\",\"@id\":\"https:\\\/\\\/www.boxrepsol.com\\\/es\\\/motogp\\\/las-20-curiosidades-no-sabias-catar-circuito-internacional\\\/#article\",\"isPartOf\":{\"@id\":\"https:\\\/\\\/www.boxrepsol.com\\\/es\\\/motogp\\\/las-20-curiosidades-no-sabias-catar-circuito-internacional\\\/\"},\"author\":{\"name\":\"Redacci\u00f3n Box Repsol\",\"@id\":\"https:\\\/\\\/www.boxrepsol.com\\\/es\\\/#\\\/schema\\\/person\\\/c5c2138f2cca251b0ad92b7086bb60b7\"},\"headline\":\"Las 20 curiosidades que no sab\u00edas de Catar y su circuito internacional\",\"datePublished\":\"2019-03-07T02:00:00+00:00\",\"dateModified\":\"2024-04-25T11:45:20+00:00\",\"mainEntityOfPage\":{\"@id\":\"https:\\\/\\\/www.boxrepsol.com\\\/es\\\/motogp\\\/las-20-curiosidades-no-sabias-catar-circuito-internacional\\\/\"},\"wordCount\":709,\"commentCount\":0,\"publisher\":{\"@id\":\"https:\\\/\\\/www.boxrepsol.com\\\/es\\\/#organization\"},\"image\":{\"@id\":\"https:\\\/\\\/www.boxrepsol.com\\\/es\\\/motogp\\\/las-20-curiosidades-no-sabias-catar-circuito-internacional\\\/#primaryimage\"},\"thumbnailUrl\":\"https:\\\/\\\/www.boxrepsol.com\\\/wp-content\\\/uploads\\\/2022\\\/08\\\/00_marc_marquez_rodando_en_catar.jpg\",\"keywords\":[\"MotoGP Catar\"],\"articleSection\":[\"MotoGP\"],\"inLanguage\":\"es\",\"potentialAction\":[{\"@type\":\"CommentAction\",\"name\":\"Comment\",\"target\":[\"https:\\\/\\\/www.boxrepsol.com\\\/es\\\/motogp\\\/las-20-curiosidades-no-sabias-catar-circuito-internacional\\\/#respond\"]}]},{\"@type\":\"WebPage\",\"@id\":\"https:\\\/\\\/www.boxrepsol.com\\\/es\\\/motogp\\\/las-20-curiosidades-no-sabias-catar-circuito-internacional\\\/\",\"url\":\"https:\\\/\\\/www.boxrepsol.com\\\/es\\\/motogp\\\/las-20-curiosidades-no-sabias-catar-circuito-internacional\\\/\",\"name\":\"Las 20 curiosidades que no sab\u00edas de Catar y su circuito internacional - Box Repsol\",\"isPartOf\":{\"@id\":\"https:\\\/\\\/www.boxrepsol.com\\\/es\\\/#website\"},\"primaryImageOfPage\":{\"@id\":\"https:\\\/\\\/www.boxrepsol.com\\\/es\\\/motogp\\\/las-20-curiosidades-no-sabias-catar-circuito-internacional\\\/#primaryimage\"},\"image\":{\"@id\":\"https:\\\/\\\/www.boxrepsol.com\\\/es\\\/motogp\\\/las-20-curiosidades-no-sabias-catar-circuito-internacional\\\/#primaryimage\"},\"thumbnailUrl\":\"https:\\\/\\\/www.boxrepsol.com\\\/wp-content\\\/uploads\\\/2022\\\/08\\\/00_marc_marquez_rodando_en_catar.jpg\",\"datePublished\":\"2019-03-07T02:00:00+00:00\",\"dateModified\":\"2024-04-25T11:45:20+00:00\",\"description\":\"Losail acoge el \u00fanico Gran Premio nocturno, pero esconde muchas otras peculiaridades: se construy\u00f3 en un tiempo r\u00e9cord...\",\"breadcrumb\":{\"@id\":\"https:\\\/\\\/www.boxrepsol.com\\\/es\\\/motogp\\\/las-20-curiosidades-no-sabias-catar-circuito-internacional\\\/#breadcrumb\"},\"inLanguage\":\"es\",\"potentialAction\":[{\"@type\":\"ReadAction\",\"target\":[\"https:\\\/\\\/www.boxrepsol.com\\\/es\\\/motogp\\\/las-20-curiosidades-no-sabias-catar-circuito-internacional\\\/\"]}]},{\"@type\":\"ImageObject\",\"inLanguage\":\"es\",\"@id\":\"https:\\\/\\\/www.boxrepsol.com\\\/es\\\/motogp\\\/las-20-curiosidades-no-sabias-catar-circuito-internacional\\\/#primaryimage\",\"url\":\"https:\\\/\\\/www.boxrepsol.com\\\/wp-content\\\/uploads\\\/2022\\\/08\\\/00_marc_marquez_rodando_en_catar.jpg\",\"contentUrl\":\"https:\\\/\\\/www.boxrepsol.com\\\/wp-content\\\/uploads\\\/2022\\\/08\\\/00_marc_marquez_rodando_en_catar.jpg\",\"width\":1280,\"height\":600,\"caption\":\"Marc M\u00e1rquez en d\u00eda 2 de GP de Catar 2018\"},{\"@type\":\"BreadcrumbList\",\"@id\":\"https:\\\/\\\/www.boxrepsol.com\\\/es\\\/motogp\\\/las-20-curiosidades-no-sabias-catar-circuito-internacional\\\/#breadcrumb\",\"itemListElement\":[{\"@type\":\"ListItem\",\"position\":1,\"name\":\"Home\",\"item\":\"https:\\\/\\\/www.boxrepsol.com\\\/es\\\/\"},{\"@type\":\"ListItem\",\"position\":2,\"name\":\"Las 20 curiosidades que no sab\u00edas de Catar y su circuito internacional\"}]},{\"@type\":\"WebSite\",\"@id\":\"https:\\\/\\\/www.boxrepsol.com\\\/es\\\/#website\",\"url\":\"https:\\\/\\\/www.boxrepsol.com\\\/es\\\/\",\"name\":\"Box Repsol\",\"description\":\"Box Repsol Site\",\"publisher\":{\"@id\":\"https:\\\/\\\/www.boxrepsol.com\\\/es\\\/#organization\"},\"potentialAction\":[{\"@type\":\"SearchAction\",\"target\":{\"@type\":\"EntryPoint\",\"urlTemplate\":\"https:\\\/\\\/www.boxrepsol.com\\\/es\\\/?s={search_term_string}\"},\"query-input\":{\"@type\":\"PropertyValueSpecification\",\"valueRequired\":true,\"valueName\":\"search_term_string\"}}],\"inLanguage\":\"es\"},{\"@type\":\"Organization\",\"@id\":\"https:\\\/\\\/www.boxrepsol.com\\\/es\\\/#organization\",\"name\":\"Box Repsol\",\"url\":\"https:\\\/\\\/www.boxrepsol.com\\\/es\\\/\",\"logo\":{\"@type\":\"ImageObject\",\"inLanguage\":\"es\",\"@id\":\"https:\\\/\\\/www.boxrepsol.com\\\/es\\\/#\\\/schema\\\/logo\\\/image\\\/\",\"url\":\"https:\\\/\\\/bxrepsol.s3.eu-west-1.amazonaws.com\\\/static\\\/2025\\\/07\\\/30083337\\\/favicon-96x96-1.png\",\"contentUrl\":\"https:\\\/\\\/bxrepsol.s3.eu-west-1.amazonaws.com\\\/static\\\/2025\\\/07\\\/30083337\\\/favicon-96x96-1.png\",\"width\":96,\"height\":96,\"caption\":\"Box Repsol\"},\"image\":{\"@id\":\"https:\\\/\\\/www.boxrepsol.com\\\/es\\\/#\\\/schema\\\/logo\\\/image\\\/\"},\"sameAs\":[\"https:\\\/\\\/www.facebook.com\\\/BoxRepsol\",\"https:\\\/\\\/x.com\\\/box_repsol\",\"http:\\\/\\\/instagram.com\\\/box_repsol\",\"https:\\\/\\\/www.youtube.com\\\/user\\\/RepsolCompeticion\",\"https:\\\/\\\/www.flickr.com\\\/photos\\\/box_repsol\\\/\"]},{\"@type\":\"Person\",\"@id\":\"https:\\\/\\\/www.boxrepsol.com\\\/es\\\/#\\\/schema\\\/person\\\/c5c2138f2cca251b0ad92b7086bb60b7\",\"name\":\"Redacci\u00f3n Box Repsol\",\"image\":{\"@type\":\"ImageObject\",\"inLanguage\":\"es\",\"@id\":\"https:\\\/\\\/secure.gravatar.com\\\/avatar\\\/adf7b77e38b4419baf32c7e9c21dde01f4e40df611f0978e3006fc4ba0aaab7e?s=96&d=mm&r=g\",\"url\":\"https:\\\/\\\/secure.gravatar.com\\\/avatar\\\/adf7b77e38b4419baf32c7e9c21dde01f4e40df611f0978e3006fc4ba0aaab7e?s=96&d=mm&r=g\",\"contentUrl\":\"https:\\\/\\\/secure.gravatar.com\\\/avatar\\\/adf7b77e38b4419baf32c7e9c21dde01f4e40df611f0978e3006fc4ba0aaab7e?s=96&d=mm&r=g\",\"caption\":\"Redacci\u00f3n Box Repsol\"},\"description\":\"Box Repsol lo forma un equipo de periodistas, community managers, dise\u00f1adores y fot\u00f3grafos con m\u00e1s de 20 a\u00f1os de experiencia en el mundo del motorsport. Hemos vivido el primer mundial de un espa\u00f1ol en la categor\u00eda reina de motociclismo con \u00c1lex Crivill\u00e9, estuvimos en las victorias de Pedrosa y los t\u00edtulos de M\u00e1rquez, acompa\u00f1amos en \u00c1frica a Nani Roma y Marc Coma en sus conquistas del Dakar y hemos vibrado con los t\u00edtulos de Toni Bou en Trial. Adem\u00e1s, en nuestro equipo contamos con expertos en el mundo de las dos y cuatro ruedas tanto de la calle y las carreteras, como de los circuitos. Periodistas que han trabajado en revistas y publicaciones para hacerte llegar desde rutas y consejos de mantenimiento, a curiosidades y trucos de pilotaje.\",\"sameAs\":[\"https:\\\/\\\/www.facebook.com\\\/BoxRepsol\\\/\",\"https:\\\/\\\/www.instagram.com\\\/box_repsol\\\/\",\"https:\\\/\\\/x.com\\\/https:\\\/\\\/twitter.com\\\/box_repsol\",\"https:\\\/\\\/www.youtube.com\\\/@Boxrepsol\"],\"url\":\"https:\\\/\\\/www.boxrepsol.com\\\/es\\\/author\\\/redaccion-box-repsol\\\/\"}]}<\/script>\n<!-- \/ Yoast SEO plugin. -->","yoast_head_json":{"title":"Las 20 curiosidades que no sab\u00edas de Catar y su circuito internacional - Box Repsol","description":"Losail acoge el \u00fanico Gran Premio nocturno, pero esconde muchas otras peculiaridades: se construy\u00f3 en un tiempo r\u00e9cord...","canonical":"https:\/\/www.boxrepsol.com\/es\/motogp\/las-20-curiosidades-no-sabias-catar-circuito-internacional\/","og_locale":"es_ES","og_type":"article","og_title":"Las 20 curiosidades que no sab\u00edas de Catar y su circuito internacional - Box Repsol","og_description":"Losail acoge el \u00fanico Gran Premio nocturno, pero esconde muchas otras peculiaridades: se construy\u00f3 en un tiempo r\u00e9cord...","og_url":"https:\/\/www.boxrepsol.com\/es\/motogp\/las-20-curiosidades-no-sabias-catar-circuito-internacional\/","og_site_name":"Box Repsol","article_publisher":"https:\/\/www.facebook.com\/BoxRepsol","article_author":"https:\/\/www.facebook.com\/BoxRepsol\/","article_published_time":"2019-03-07T02:00:00+00:00","article_modified_time":"2024-04-25T11:45:20+00:00","og_image":[{"width":1280,"height":600,"url":"https:\/\/www.boxrepsol.com\/wp-content\/uploads\/2022\/08\/00_marc_marquez_rodando_en_catar.jpg","type":"image\/jpeg"}],"author":"Redacci\u00f3n Box Repsol","twitter_card":"summary_large_image","twitter_creator":"@https:\/\/twitter.com\/box_repsol","twitter_site":"@box_repsol","twitter_misc":{"Written by":"Redacci\u00f3n Box Repsol","Est. reading time":"3 minutos"},"schema":{"@context":"https:\/\/schema.org","@graph":[{"@type":"Article","@id":"https:\/\/www.boxrepsol.com\/es\/motogp\/las-20-curiosidades-no-sabias-catar-circuito-internacional\/#article","isPartOf":{"@id":"https:\/\/www.boxrepsol.com\/es\/motogp\/las-20-curiosidades-no-sabias-catar-circuito-internacional\/"},"author":{"name":"Redacci\u00f3n Box Repsol","@id":"https:\/\/www.boxrepsol.com\/es\/#\/schema\/person\/c5c2138f2cca251b0ad92b7086bb60b7"},"headline":"Las 20 curiosidades que no sab\u00edas de Catar y su circuito internacional","datePublished":"2019-03-07T02:00:00+00:00","dateModified":"2024-04-25T11:45:20+00:00","mainEntityOfPage":{"@id":"https:\/\/www.boxrepsol.com\/es\/motogp\/las-20-curiosidades-no-sabias-catar-circuito-internacional\/"},"wordCount":709,"commentCount":0,"publisher":{"@id":"https:\/\/www.boxrepsol.com\/es\/#organization"},"image":{"@id":"https:\/\/www.boxrepsol.com\/es\/motogp\/las-20-curiosidades-no-sabias-catar-circuito-internacional\/#primaryimage"},"thumbnailUrl":"https:\/\/www.boxrepsol.com\/wp-content\/uploads\/2022\/08\/00_marc_marquez_rodando_en_catar.jpg","keywords":["MotoGP Catar"],"articleSection":["MotoGP"],"inLanguage":"es","potentialAction":[{"@type":"CommentAction","name":"Comment","target":["https:\/\/www.boxrepsol.com\/es\/motogp\/las-20-curiosidades-no-sabias-catar-circuito-internacional\/#respond"]}]},{"@type":"WebPage","@id":"https:\/\/www.boxrepsol.com\/es\/motogp\/las-20-curiosidades-no-sabias-catar-circuito-internacional\/","url":"https:\/\/www.boxrepsol.com\/es\/motogp\/las-20-curiosidades-no-sabias-catar-circuito-internacional\/","name":"Las 20 curiosidades que no sab\u00edas de Catar y su circuito internacional - Box Repsol","isPartOf":{"@id":"https:\/\/www.boxrepsol.com\/es\/#website"},"primaryImageOfPage":{"@id":"https:\/\/www.boxrepsol.com\/es\/motogp\/las-20-curiosidades-no-sabias-catar-circuito-internacional\/#primaryimage"},"image":{"@id":"https:\/\/www.boxrepsol.com\/es\/motogp\/las-20-curiosidades-no-sabias-catar-circuito-internacional\/#primaryimage"},"thumbnailUrl":"https:\/\/www.boxrepsol.com\/wp-content\/uploads\/2022\/08\/00_marc_marquez_rodando_en_catar.jpg","datePublished":"2019-03-07T02:00:00+00:00","dateModified":"2024-04-25T11:45:20+00:00","description":"Losail acoge el \u00fanico Gran Premio nocturno, pero esconde muchas otras peculiaridades: se construy\u00f3 en un tiempo r\u00e9cord...","breadcrumb":{"@id":"https:\/\/www.boxrepsol.com\/es\/motogp\/las-20-curiosidades-no-sabias-catar-circuito-internacional\/#breadcrumb"},"inLanguage":"es","potentialAction":[{"@type":"ReadAction","target":["https:\/\/www.boxrepsol.com\/es\/motogp\/las-20-curiosidades-no-sabias-catar-circuito-internacional\/"]}]},{"@type":"ImageObject","inLanguage":"es","@id":"https:\/\/www.boxrepsol.com\/es\/motogp\/las-20-curiosidades-no-sabias-catar-circuito-internacional\/#primaryimage","url":"https:\/\/www.boxrepsol.com\/wp-content\/uploads\/2022\/08\/00_marc_marquez_rodando_en_catar.jpg","contentUrl":"https:\/\/www.boxrepsol.com\/wp-content\/uploads\/2022\/08\/00_marc_marquez_rodando_en_catar.jpg","width":1280,"height":600,"caption":"Marc M\u00e1rquez en d\u00eda 2 de GP de Catar 2018"},{"@type":"BreadcrumbList","@id":"https:\/\/www.boxrepsol.com\/es\/motogp\/las-20-curiosidades-no-sabias-catar-circuito-internacional\/#breadcrumb","itemListElement":[{"@type":"ListItem","position":1,"name":"Home","item":"https:\/\/www.boxrepsol.com\/es\/"},{"@type":"ListItem","position":2,"name":"Las 20 curiosidades que no sab\u00edas de Catar y su circuito internacional"}]},{"@type":"WebSite","@id":"https:\/\/www.boxrepsol.com\/es\/#website","url":"https:\/\/www.boxrepsol.com\/es\/","name":"Box Repsol","description":"Box Repsol Site","publisher":{"@id":"https:\/\/www.boxrepsol.com\/es\/#organization"},"potentialAction":[{"@type":"SearchAction","target":{"@type":"EntryPoint","urlTemplate":"https:\/\/www.boxrepsol.com\/es\/?s={search_term_string}"},"query-input":{"@type":"PropertyValueSpecification","valueRequired":true,"valueName":"search_term_string"}}],"inLanguage":"es"},{"@type":"Organization","@id":"https:\/\/www.boxrepsol.com\/es\/#organization","name":"Box Repsol","url":"https:\/\/www.boxrepsol.com\/es\/","logo":{"@type":"ImageObject","inLanguage":"es","@id":"https:\/\/www.boxrepsol.com\/es\/#\/schema\/logo\/image\/","url":"https:\/\/bxrepsol.s3.eu-west-1.amazonaws.com\/static\/2025\/07\/30083337\/favicon-96x96-1.png","contentUrl":"https:\/\/bxrepsol.s3.eu-west-1.amazonaws.com\/static\/2025\/07\/30083337\/favicon-96x96-1.png","width":96,"height":96,"caption":"Box Repsol"},"image":{"@id":"https:\/\/www.boxrepsol.com\/es\/#\/schema\/logo\/image\/"},"sameAs":["https:\/\/www.facebook.com\/BoxRepsol","https:\/\/x.com\/box_repsol","http:\/\/instagram.com\/box_repsol","https:\/\/www.youtube.com\/user\/RepsolCompeticion","https:\/\/www.flickr.com\/photos\/box_repsol\/"]},{"@type":"Person","@id":"https:\/\/www.boxrepsol.com\/es\/#\/schema\/person\/c5c2138f2cca251b0ad92b7086bb60b7","name":"Redacci\u00f3n Box Repsol","image":{"@type":"ImageObject","inLanguage":"es","@id":"https:\/\/secure.gravatar.com\/avatar\/adf7b77e38b4419baf32c7e9c21dde01f4e40df611f0978e3006fc4ba0aaab7e?s=96&d=mm&r=g","url":"https:\/\/secure.gravatar.com\/avatar\/adf7b77e38b4419baf32c7e9c21dde01f4e40df611f0978e3006fc4ba0aaab7e?s=96&d=mm&r=g","contentUrl":"https:\/\/secure.gravatar.com\/avatar\/adf7b77e38b4419baf32c7e9c21dde01f4e40df611f0978e3006fc4ba0aaab7e?s=96&d=mm&r=g","caption":"Redacci\u00f3n Box Repsol"},"description":"Box Repsol lo forma un equipo de periodistas, community managers, dise\u00f1adores y fot\u00f3grafos con m\u00e1s de 20 a\u00f1os de experiencia en el mundo del motorsport. Hemos vivido el primer mundial de un espa\u00f1ol en la categor\u00eda reina de motociclismo con \u00c1lex Crivill\u00e9, estuvimos en las victorias de Pedrosa y los t\u00edtulos de M\u00e1rquez, acompa\u00f1amos en \u00c1frica a Nani Roma y Marc Coma en sus conquistas del Dakar y hemos vibrado con los t\u00edtulos de Toni Bou en Trial. Adem\u00e1s, en nuestro equipo contamos con expertos en el mundo de las dos y cuatro ruedas tanto de la calle y las carreteras, como de los circuitos. Periodistas que han trabajado en revistas y publicaciones para hacerte llegar desde rutas y consejos de mantenimiento, a curiosidades y trucos de pilotaje.","sameAs":["https:\/\/www.facebook.com\/BoxRepsol\/","https:\/\/www.instagram.com\/box_repsol\/","https:\/\/x.com\/https:\/\/twitter.com\/box_repsol","https:\/\/www.youtube.com\/@Boxrepsol"],"url":"https:\/\/www.boxrepsol.com\/es\/author\/redaccion-box-repsol\/"}]}},"_links":{"self":[{"href":"https:\/\/www.boxrepsol.com\/es\/wp-json\/wp\/v2\/posts\/90097","targetHints":{"allow":["GET"]}}],"collection":[{"href":"https:\/\/www.boxrepsol.com\/es\/wp-json\/wp\/v2\/posts"}],"about":[{"href":"https:\/\/www.boxrepsol.com\/es\/wp-json\/wp\/v2\/types\/post"}],"author":[{"embeddable":true,"href":"https:\/\/www.boxrepsol.com\/es\/wp-json\/wp\/v2\/users\/43146"}],"replies":[{"embeddable":true,"href":"https:\/\/www.boxrepsol.com\/es\/wp-json\/wp\/v2\/comments?post=90097"}],"version-history":[{"count":2,"href":"https:\/\/www.boxrepsol.com\/es\/wp-json\/wp\/v2\/posts\/90097\/revisions"}],"predecessor-version":[{"id":113071,"href":"https:\/\/www.boxrepsol.com\/es\/wp-json\/wp\/v2\/posts\/90097\/revisions\/113071"}],"wp:featuredmedia":[{"embeddable":true,"href":"https:\/\/www.boxrepsol.com\/es\/wp-json\/wp\/v2\/media\/86280"}],"wp:attachment":[{"href":"https:\/\/www.boxrepsol.com\/es\/wp-json\/wp\/v2\/media?parent=90097"}],"wp:term":[{"taxonomy":"category","embeddable":true,"href":"https:\/\/www.boxrepsol.com\/es\/wp-json\/wp\/v2\/categories?post=90097"},{"taxonomy":"post_tag","embeddable":true,"href":"https:\/\/www.boxrepsol.com\/es\/wp-json\/wp\/v2\/tags?post=90097"}],"curies":[{"name":"wp","href":"https:\/\/api.w.org\/{rel}","templated":true}]}}