{"id":90079,"date":"2015-07-02T00:00:00","date_gmt":"2015-07-02T02:00:00","guid":{"rendered":"http:\/\/pre.boxrepsol.com\/sin-categorizar\/un-mundial-en-evolucion-30-anos-de-imagenes-on-board\/"},"modified":"2024-05-07T05:53:47","modified_gmt":"2024-05-07T07:53:47","slug":"un-mundial-en-evolucion-30-anos-de-imagenes-on-board","status":"publish","type":"post","link":"https:\/\/www.boxrepsol.com\/es\/motogp\/un-mundial-en-evolucion-30-anos-de-imagenes-on-board\/","title":{"rendered":"Un Mundial en evoluci\u00f3n: 30 a\u00f1os de im\u00e1genes on board"},"content":{"rendered":"<blockquote><p>Una c\u00e1mara on board pesa 78 gr, pero\u2026 \u00bfsabes cu\u00e1nto pesaba en 1985?<\/p>\n<p><a href=\"http:\/\/twitter.com\/share?text=Una+c%C3%A1mara+on+board+pesa+78+gr%2C+pero%E2%80%A6+%C2%BFsabes+cu%C3%A1nto+pesaba+en+1985%3F&amp;url=http%3A%2F%2F52.50.107.1%2Fes%2F%3Fp%3D4066%2F&amp;hashtags=\" target=\"_blank\" rel=\"noopener\"><br \/>\ntwittear <\/a><\/p><\/blockquote>\n<p>En el Gran Premio de Holanda de la temporada 2015, en uno de los circuitos m\u00e1s legendarios del Mundial, un nuevo r\u00e9cord qued\u00f3 registrado en los libros de historia de este deporte. Pero esta vez no hablamos de vueltas r\u00e1pidas, victorias o podios.<\/p>\n<p>En esta ocasi\u00f3n fue la cobertura televisiva la que firm\u00f3 un dato que rompe con todos los r\u00e9cords anteriores: un total de cien c\u00e1maras se encargaron de cubrir absolutamente todos los \u00e1ngulos del GP, a fin de garantizar la mejor retransmisi\u00f3n para los aficionados.<\/p>\n<p>Este hito coincidi\u00f3, adem\u00e1s, con un onom\u00e1stica muy particular. Treinta a\u00f1os antes, y tambi\u00e9n en Assen precisamente, la Honda pilotada por Randy Mamola <strong>alojaba la primera c\u00e1mara<\/strong> on board empleada en el Campeonato del Mundo de Motociclismo.<\/p>\n<p>El t\u00e9cnico responsable de esta audacia fue David Earl. Y <strong>result\u00f3 ser un gran \u00e9xito<\/strong>, si bien bajo la lluvia de Assen, aquel s\u00e1bado, Randy Mamola se escap\u00f3 en la salida y lider\u00f3 hasta la \u00faltima vuelta, sin ofrecer m\u00e1s im\u00e1genes que las del circuito vac\u00edo que iba recorriendo casi en solitario.<\/p>\n<p><img decoding=\"async\" src=\"https:\/\/bxrepsol.s3.eu-west-1.amazonaws.com\/static\/2022\/08\/29050633\/camaras-on-board-comparativa.jpg\" alt=\"Comparaci\u00f3n de una c\u00e1mara on board actual y una de 1985\" \/><\/p>\n<h4>En constante evoluci\u00f3n<\/h4>\n<p>A pesar de esto, las im\u00e1genes impresionaron a los aficionados y a todos los medios de comunicaci\u00f3n, y la retransmisi\u00f3n del GP de Holanda de 1985 se convirti\u00f3 en todo un hito medi\u00e1tico. Por supuesto, <strong>desde entonces nada fue lo mismo.<\/strong><\/p>\n<p>El Mundial de MotoGP ha evolucionado mucho en las \u00faltimas d\u00e9cadas y, al igual que las c\u00e1maras on board, que hoy solo pesan 78 gramos, todo ha alcanzado un alto grado de sofisticaci\u00f3n t\u00e9cnica: desde el propio dise\u00f1o de la moto hasta la eficacia de los carburantes, pasando por <strong>temas tan importantes como la innovaci\u00f3n o la seguridad<\/strong> de los propios pilotos.<\/p>\n<p>No podemos olvidar que, por ejemplo, las motos de la categor\u00eda reina llevan hoy 20 litros de carburante, con los que deben ofrecer un m\u00e1ximo rendimiento, en un campeonato cada vez m\u00e1s exigente.<\/p>\n<p>Alcanzar estos logros es resultado de arduas tareas de investigaci\u00f3n. <strong>La labor conjunta liderada por Repsol y Honda<\/strong> desde hace m\u00e1s de veinte a\u00f1os es un ejemplo m\u00e1s de este esfuerzo; solo una muestra de las cotas que el Mundial de MotoGP puede seguir alcanzando en el futuro.<\/p>\n","protected":false},"excerpt":{"rendered":"<p>En 1985, en el GP de Holanda, la Honda NSR500 de Randy Mamola aloj\u00f3 tras su c\u00fapula la primera c\u00e1mara on board. Desde entonces, el Mundial ha evolucionado en ese y otros aspectos: dise\u00f1o, t\u00e9cnica, innovaci\u00f3n, seguridad&#8230;<\/p>\n","protected":false},"author":43146,"featured_media":86240,"comment_status":"open","ping_status":"open","sticky":false,"template":"","format":"standard","meta":{"footnotes":""},"categories":[4],"tags":[136],"class_list":["post-90079","post","type-post","status-publish","format-standard","hentry","category-motogp","tag-campeonato-del-mundo-de-motociclismo"],"yoast_head":"<!-- This site is optimized with the Yoast SEO plugin v27.3 - https:\/\/yoast.com\/product\/yoast-seo-wordpress\/ -->\n<title>Un Mundial en evoluci\u00f3n: 30 a\u00f1os de im\u00e1genes on board - Box Repsol<\/title>\n<meta name=\"description\" content=\"Im\u00e1genes on board. En 1985, en el GP de Holanda, la Honda NSR500 de Randy Mamola aloj\u00f3 tras su c\u00fapula la primera c\u00e1mara on board...\" \/>\n<link rel=\"canonical\" href=\"https:\/\/www.boxrepsol.com\/es\/motogp\/un-mundial-en-evolucion-30-anos-de-imagenes-on-board\/\" \/>\n<meta property=\"og:locale\" content=\"es_ES\" \/>\n<meta property=\"og:type\" content=\"article\" \/>\n<meta property=\"og:title\" content=\"Un Mundial en evoluci\u00f3n: 30 a\u00f1os de im\u00e1genes on board - Box Repsol\" \/>\n<meta property=\"og:description\" content=\"Im\u00e1genes on board. En 1985, en el GP de Holanda, la Honda NSR500 de Randy Mamola aloj\u00f3 tras su c\u00fapula la primera c\u00e1mara on board...\" \/>\n<meta property=\"og:url\" content=\"https:\/\/www.boxrepsol.com\/es\/motogp\/un-mundial-en-evolucion-30-anos-de-imagenes-on-board\/\" \/>\n<meta property=\"og:site_name\" content=\"Box Repsol\" \/>\n<meta property=\"article:publisher\" content=\"https:\/\/www.facebook.com\/BoxRepsol\" \/>\n<meta property=\"article:author\" content=\"https:\/\/www.facebook.com\/BoxRepsol\/\" \/>\n<meta property=\"article:published_time\" content=\"2015-07-02T02:00:00+00:00\" \/>\n<meta property=\"article:modified_time\" content=\"2024-05-07T07:53:47+00:00\" \/>\n<meta property=\"og:image\" content=\"https:\/\/www.boxrepsol.com\/wp-content\/uploads\/2022\/08\/dani-marc-accion-camaras.jpg\" \/>\n\t<meta property=\"og:image:width\" content=\"984\" \/>\n\t<meta property=\"og:image:height\" content=\"412\" \/>\n\t<meta property=\"og:image:type\" content=\"image\/jpeg\" \/>\n<meta name=\"author\" content=\"Redacci\u00f3n Box Repsol\" \/>\n<meta name=\"twitter:card\" content=\"summary_large_image\" \/>\n<meta name=\"twitter:creator\" content=\"@https:\/\/twitter.com\/box_repsol\" \/>\n<meta name=\"twitter:site\" content=\"@box_repsol\" \/>\n<meta name=\"twitter:label1\" content=\"Written by\" \/>\n\t<meta name=\"twitter:data1\" content=\"Redacci\u00f3n Box Repsol\" \/>\n\t<meta name=\"twitter:label2\" content=\"Est. reading time\" \/>\n\t<meta name=\"twitter:data2\" content=\"2 minutos\" \/>\n<script type=\"application\/ld+json\" class=\"yoast-schema-graph\">{\"@context\":\"https:\\\/\\\/schema.org\",\"@graph\":[{\"@type\":\"Article\",\"@id\":\"https:\\\/\\\/www.boxrepsol.com\\\/es\\\/motogp\\\/un-mundial-en-evolucion-30-anos-de-imagenes-on-board\\\/#article\",\"isPartOf\":{\"@id\":\"https:\\\/\\\/www.boxrepsol.com\\\/es\\\/motogp\\\/un-mundial-en-evolucion-30-anos-de-imagenes-on-board\\\/\"},\"author\":{\"name\":\"Redacci\u00f3n Box Repsol\",\"@id\":\"https:\\\/\\\/www.boxrepsol.com\\\/es\\\/#\\\/schema\\\/person\\\/c5c2138f2cca251b0ad92b7086bb60b7\"},\"headline\":\"Un Mundial en evoluci\u00f3n: 30 a\u00f1os de im\u00e1genes on board\",\"datePublished\":\"2015-07-02T02:00:00+00:00\",\"dateModified\":\"2024-05-07T07:53:47+00:00\",\"mainEntityOfPage\":{\"@id\":\"https:\\\/\\\/www.boxrepsol.com\\\/es\\\/motogp\\\/un-mundial-en-evolucion-30-anos-de-imagenes-on-board\\\/\"},\"wordCount\":420,\"commentCount\":0,\"publisher\":{\"@id\":\"https:\\\/\\\/www.boxrepsol.com\\\/es\\\/#organization\"},\"image\":{\"@id\":\"https:\\\/\\\/www.boxrepsol.com\\\/es\\\/motogp\\\/un-mundial-en-evolucion-30-anos-de-imagenes-on-board\\\/#primaryimage\"},\"thumbnailUrl\":\"https:\\\/\\\/www.boxrepsol.com\\\/wp-content\\\/uploads\\\/2022\\\/08\\\/dani-marc-accion-camaras.jpg\",\"keywords\":[\"Campeonato del Mundo de Motociclismo\"],\"articleSection\":[\"MotoGP\"],\"inLanguage\":\"es\",\"potentialAction\":[{\"@type\":\"CommentAction\",\"name\":\"Comment\",\"target\":[\"https:\\\/\\\/www.boxrepsol.com\\\/es\\\/motogp\\\/un-mundial-en-evolucion-30-anos-de-imagenes-on-board\\\/#respond\"]}]},{\"@type\":\"WebPage\",\"@id\":\"https:\\\/\\\/www.boxrepsol.com\\\/es\\\/motogp\\\/un-mundial-en-evolucion-30-anos-de-imagenes-on-board\\\/\",\"url\":\"https:\\\/\\\/www.boxrepsol.com\\\/es\\\/motogp\\\/un-mundial-en-evolucion-30-anos-de-imagenes-on-board\\\/\",\"name\":\"Un Mundial en evoluci\u00f3n: 30 a\u00f1os de im\u00e1genes on board - Box Repsol\",\"isPartOf\":{\"@id\":\"https:\\\/\\\/www.boxrepsol.com\\\/es\\\/#website\"},\"primaryImageOfPage\":{\"@id\":\"https:\\\/\\\/www.boxrepsol.com\\\/es\\\/motogp\\\/un-mundial-en-evolucion-30-anos-de-imagenes-on-board\\\/#primaryimage\"},\"image\":{\"@id\":\"https:\\\/\\\/www.boxrepsol.com\\\/es\\\/motogp\\\/un-mundial-en-evolucion-30-anos-de-imagenes-on-board\\\/#primaryimage\"},\"thumbnailUrl\":\"https:\\\/\\\/www.boxrepsol.com\\\/wp-content\\\/uploads\\\/2022\\\/08\\\/dani-marc-accion-camaras.jpg\",\"datePublished\":\"2015-07-02T02:00:00+00:00\",\"dateModified\":\"2024-05-07T07:53:47+00:00\",\"description\":\"Im\u00e1genes on board. En 1985, en el GP de Holanda, la Honda NSR500 de Randy Mamola aloj\u00f3 tras su c\u00fapula la primera c\u00e1mara on board...\",\"breadcrumb\":{\"@id\":\"https:\\\/\\\/www.boxrepsol.com\\\/es\\\/motogp\\\/un-mundial-en-evolucion-30-anos-de-imagenes-on-board\\\/#breadcrumb\"},\"inLanguage\":\"es\",\"potentialAction\":[{\"@type\":\"ReadAction\",\"target\":[\"https:\\\/\\\/www.boxrepsol.com\\\/es\\\/motogp\\\/un-mundial-en-evolucion-30-anos-de-imagenes-on-board\\\/\"]}]},{\"@type\":\"ImageObject\",\"inLanguage\":\"es\",\"@id\":\"https:\\\/\\\/www.boxrepsol.com\\\/es\\\/motogp\\\/un-mundial-en-evolucion-30-anos-de-imagenes-on-board\\\/#primaryimage\",\"url\":\"https:\\\/\\\/www.boxrepsol.com\\\/wp-content\\\/uploads\\\/2022\\\/08\\\/dani-marc-accion-camaras.jpg\",\"contentUrl\":\"https:\\\/\\\/www.boxrepsol.com\\\/wp-content\\\/uploads\\\/2022\\\/08\\\/dani-marc-accion-camaras.jpg\",\"width\":984,\"height\":412,\"caption\":\"Detalle de las c\u00e1maras delanteras de las motos de Dani Pedrosa y Marc M\u00e1rquez en acci\u00f3n\"},{\"@type\":\"BreadcrumbList\",\"@id\":\"https:\\\/\\\/www.boxrepsol.com\\\/es\\\/motogp\\\/un-mundial-en-evolucion-30-anos-de-imagenes-on-board\\\/#breadcrumb\",\"itemListElement\":[{\"@type\":\"ListItem\",\"position\":1,\"name\":\"Home\",\"item\":\"https:\\\/\\\/www.boxrepsol.com\\\/es\\\/\"},{\"@type\":\"ListItem\",\"position\":2,\"name\":\"Un Mundial en evoluci\u00f3n: 30 a\u00f1os de im\u00e1genes on board\"}]},{\"@type\":\"WebSite\",\"@id\":\"https:\\\/\\\/www.boxrepsol.com\\\/es\\\/#website\",\"url\":\"https:\\\/\\\/www.boxrepsol.com\\\/es\\\/\",\"name\":\"Box Repsol\",\"description\":\"Box Repsol Site\",\"publisher\":{\"@id\":\"https:\\\/\\\/www.boxrepsol.com\\\/es\\\/#organization\"},\"potentialAction\":[{\"@type\":\"SearchAction\",\"target\":{\"@type\":\"EntryPoint\",\"urlTemplate\":\"https:\\\/\\\/www.boxrepsol.com\\\/es\\\/?s={search_term_string}\"},\"query-input\":{\"@type\":\"PropertyValueSpecification\",\"valueRequired\":true,\"valueName\":\"search_term_string\"}}],\"inLanguage\":\"es\"},{\"@type\":\"Organization\",\"@id\":\"https:\\\/\\\/www.boxrepsol.com\\\/es\\\/#organization\",\"name\":\"Box Repsol\",\"url\":\"https:\\\/\\\/www.boxrepsol.com\\\/es\\\/\",\"logo\":{\"@type\":\"ImageObject\",\"inLanguage\":\"es\",\"@id\":\"https:\\\/\\\/www.boxrepsol.com\\\/es\\\/#\\\/schema\\\/logo\\\/image\\\/\",\"url\":\"https:\\\/\\\/bxrepsol.s3.eu-west-1.amazonaws.com\\\/static\\\/2025\\\/07\\\/30083337\\\/favicon-96x96-1.png\",\"contentUrl\":\"https:\\\/\\\/bxrepsol.s3.eu-west-1.amazonaws.com\\\/static\\\/2025\\\/07\\\/30083337\\\/favicon-96x96-1.png\",\"width\":96,\"height\":96,\"caption\":\"Box Repsol\"},\"image\":{\"@id\":\"https:\\\/\\\/www.boxrepsol.com\\\/es\\\/#\\\/schema\\\/logo\\\/image\\\/\"},\"sameAs\":[\"https:\\\/\\\/www.facebook.com\\\/BoxRepsol\",\"https:\\\/\\\/x.com\\\/box_repsol\",\"http:\\\/\\\/instagram.com\\\/box_repsol\",\"https:\\\/\\\/www.youtube.com\\\/user\\\/RepsolCompeticion\",\"https:\\\/\\\/www.flickr.com\\\/photos\\\/box_repsol\\\/\"]},{\"@type\":\"Person\",\"@id\":\"https:\\\/\\\/www.boxrepsol.com\\\/es\\\/#\\\/schema\\\/person\\\/c5c2138f2cca251b0ad92b7086bb60b7\",\"name\":\"Redacci\u00f3n Box Repsol\",\"image\":{\"@type\":\"ImageObject\",\"inLanguage\":\"es\",\"@id\":\"https:\\\/\\\/secure.gravatar.com\\\/avatar\\\/adf7b77e38b4419baf32c7e9c21dde01f4e40df611f0978e3006fc4ba0aaab7e?s=96&d=mm&r=g\",\"url\":\"https:\\\/\\\/secure.gravatar.com\\\/avatar\\\/adf7b77e38b4419baf32c7e9c21dde01f4e40df611f0978e3006fc4ba0aaab7e?s=96&d=mm&r=g\",\"contentUrl\":\"https:\\\/\\\/secure.gravatar.com\\\/avatar\\\/adf7b77e38b4419baf32c7e9c21dde01f4e40df611f0978e3006fc4ba0aaab7e?s=96&d=mm&r=g\",\"caption\":\"Redacci\u00f3n Box Repsol\"},\"description\":\"Box Repsol lo forma un equipo de periodistas, community managers, dise\u00f1adores y fot\u00f3grafos con m\u00e1s de 20 a\u00f1os de experiencia en el mundo del motorsport. Hemos vivido el primer mundial de un espa\u00f1ol en la categor\u00eda reina de motociclismo con \u00c1lex Crivill\u00e9, estuvimos en las victorias de Pedrosa y los t\u00edtulos de M\u00e1rquez, acompa\u00f1amos en \u00c1frica a Nani Roma y Marc Coma en sus conquistas del Dakar y hemos vibrado con los t\u00edtulos de Toni Bou en Trial. Adem\u00e1s, en nuestro equipo contamos con expertos en el mundo de las dos y cuatro ruedas tanto de la calle y las carreteras, como de los circuitos. Periodistas que han trabajado en revistas y publicaciones para hacerte llegar desde rutas y consejos de mantenimiento, a curiosidades y trucos de pilotaje.\",\"sameAs\":[\"https:\\\/\\\/www.facebook.com\\\/BoxRepsol\\\/\",\"https:\\\/\\\/www.instagram.com\\\/box_repsol\\\/\",\"https:\\\/\\\/x.com\\\/https:\\\/\\\/twitter.com\\\/box_repsol\",\"https:\\\/\\\/www.youtube.com\\\/@Boxrepsol\"],\"url\":\"https:\\\/\\\/www.boxrepsol.com\\\/es\\\/author\\\/redaccion-box-repsol\\\/\"}]}<\/script>\n<!-- \/ Yoast SEO plugin. -->","yoast_head_json":{"title":"Un Mundial en evoluci\u00f3n: 30 a\u00f1os de im\u00e1genes on board - Box Repsol","description":"Im\u00e1genes on board. En 1985, en el GP de Holanda, la Honda NSR500 de Randy Mamola aloj\u00f3 tras su c\u00fapula la primera c\u00e1mara on board...","canonical":"https:\/\/www.boxrepsol.com\/es\/motogp\/un-mundial-en-evolucion-30-anos-de-imagenes-on-board\/","og_locale":"es_ES","og_type":"article","og_title":"Un Mundial en evoluci\u00f3n: 30 a\u00f1os de im\u00e1genes on board - Box Repsol","og_description":"Im\u00e1genes on board. En 1985, en el GP de Holanda, la Honda NSR500 de Randy Mamola aloj\u00f3 tras su c\u00fapula la primera c\u00e1mara on board...","og_url":"https:\/\/www.boxrepsol.com\/es\/motogp\/un-mundial-en-evolucion-30-anos-de-imagenes-on-board\/","og_site_name":"Box Repsol","article_publisher":"https:\/\/www.facebook.com\/BoxRepsol","article_author":"https:\/\/www.facebook.com\/BoxRepsol\/","article_published_time":"2015-07-02T02:00:00+00:00","article_modified_time":"2024-05-07T07:53:47+00:00","og_image":[{"width":984,"height":412,"url":"https:\/\/www.boxrepsol.com\/wp-content\/uploads\/2022\/08\/dani-marc-accion-camaras.jpg","type":"image\/jpeg"}],"author":"Redacci\u00f3n Box Repsol","twitter_card":"summary_large_image","twitter_creator":"@https:\/\/twitter.com\/box_repsol","twitter_site":"@box_repsol","twitter_misc":{"Written by":"Redacci\u00f3n Box Repsol","Est. reading time":"2 minutos"},"schema":{"@context":"https:\/\/schema.org","@graph":[{"@type":"Article","@id":"https:\/\/www.boxrepsol.com\/es\/motogp\/un-mundial-en-evolucion-30-anos-de-imagenes-on-board\/#article","isPartOf":{"@id":"https:\/\/www.boxrepsol.com\/es\/motogp\/un-mundial-en-evolucion-30-anos-de-imagenes-on-board\/"},"author":{"name":"Redacci\u00f3n Box Repsol","@id":"https:\/\/www.boxrepsol.com\/es\/#\/schema\/person\/c5c2138f2cca251b0ad92b7086bb60b7"},"headline":"Un Mundial en evoluci\u00f3n: 30 a\u00f1os de im\u00e1genes on board","datePublished":"2015-07-02T02:00:00+00:00","dateModified":"2024-05-07T07:53:47+00:00","mainEntityOfPage":{"@id":"https:\/\/www.boxrepsol.com\/es\/motogp\/un-mundial-en-evolucion-30-anos-de-imagenes-on-board\/"},"wordCount":420,"commentCount":0,"publisher":{"@id":"https:\/\/www.boxrepsol.com\/es\/#organization"},"image":{"@id":"https:\/\/www.boxrepsol.com\/es\/motogp\/un-mundial-en-evolucion-30-anos-de-imagenes-on-board\/#primaryimage"},"thumbnailUrl":"https:\/\/www.boxrepsol.com\/wp-content\/uploads\/2022\/08\/dani-marc-accion-camaras.jpg","keywords":["Campeonato del Mundo de Motociclismo"],"articleSection":["MotoGP"],"inLanguage":"es","potentialAction":[{"@type":"CommentAction","name":"Comment","target":["https:\/\/www.boxrepsol.com\/es\/motogp\/un-mundial-en-evolucion-30-anos-de-imagenes-on-board\/#respond"]}]},{"@type":"WebPage","@id":"https:\/\/www.boxrepsol.com\/es\/motogp\/un-mundial-en-evolucion-30-anos-de-imagenes-on-board\/","url":"https:\/\/www.boxrepsol.com\/es\/motogp\/un-mundial-en-evolucion-30-anos-de-imagenes-on-board\/","name":"Un Mundial en evoluci\u00f3n: 30 a\u00f1os de im\u00e1genes on board - Box Repsol","isPartOf":{"@id":"https:\/\/www.boxrepsol.com\/es\/#website"},"primaryImageOfPage":{"@id":"https:\/\/www.boxrepsol.com\/es\/motogp\/un-mundial-en-evolucion-30-anos-de-imagenes-on-board\/#primaryimage"},"image":{"@id":"https:\/\/www.boxrepsol.com\/es\/motogp\/un-mundial-en-evolucion-30-anos-de-imagenes-on-board\/#primaryimage"},"thumbnailUrl":"https:\/\/www.boxrepsol.com\/wp-content\/uploads\/2022\/08\/dani-marc-accion-camaras.jpg","datePublished":"2015-07-02T02:00:00+00:00","dateModified":"2024-05-07T07:53:47+00:00","description":"Im\u00e1genes on board. En 1985, en el GP de Holanda, la Honda NSR500 de Randy Mamola aloj\u00f3 tras su c\u00fapula la primera c\u00e1mara on board...","breadcrumb":{"@id":"https:\/\/www.boxrepsol.com\/es\/motogp\/un-mundial-en-evolucion-30-anos-de-imagenes-on-board\/#breadcrumb"},"inLanguage":"es","potentialAction":[{"@type":"ReadAction","target":["https:\/\/www.boxrepsol.com\/es\/motogp\/un-mundial-en-evolucion-30-anos-de-imagenes-on-board\/"]}]},{"@type":"ImageObject","inLanguage":"es","@id":"https:\/\/www.boxrepsol.com\/es\/motogp\/un-mundial-en-evolucion-30-anos-de-imagenes-on-board\/#primaryimage","url":"https:\/\/www.boxrepsol.com\/wp-content\/uploads\/2022\/08\/dani-marc-accion-camaras.jpg","contentUrl":"https:\/\/www.boxrepsol.com\/wp-content\/uploads\/2022\/08\/dani-marc-accion-camaras.jpg","width":984,"height":412,"caption":"Detalle de las c\u00e1maras delanteras de las motos de Dani Pedrosa y Marc M\u00e1rquez en acci\u00f3n"},{"@type":"BreadcrumbList","@id":"https:\/\/www.boxrepsol.com\/es\/motogp\/un-mundial-en-evolucion-30-anos-de-imagenes-on-board\/#breadcrumb","itemListElement":[{"@type":"ListItem","position":1,"name":"Home","item":"https:\/\/www.boxrepsol.com\/es\/"},{"@type":"ListItem","position":2,"name":"Un Mundial en evoluci\u00f3n: 30 a\u00f1os de im\u00e1genes on board"}]},{"@type":"WebSite","@id":"https:\/\/www.boxrepsol.com\/es\/#website","url":"https:\/\/www.boxrepsol.com\/es\/","name":"Box Repsol","description":"Box Repsol Site","publisher":{"@id":"https:\/\/www.boxrepsol.com\/es\/#organization"},"potentialAction":[{"@type":"SearchAction","target":{"@type":"EntryPoint","urlTemplate":"https:\/\/www.boxrepsol.com\/es\/?s={search_term_string}"},"query-input":{"@type":"PropertyValueSpecification","valueRequired":true,"valueName":"search_term_string"}}],"inLanguage":"es"},{"@type":"Organization","@id":"https:\/\/www.boxrepsol.com\/es\/#organization","name":"Box Repsol","url":"https:\/\/www.boxrepsol.com\/es\/","logo":{"@type":"ImageObject","inLanguage":"es","@id":"https:\/\/www.boxrepsol.com\/es\/#\/schema\/logo\/image\/","url":"https:\/\/bxrepsol.s3.eu-west-1.amazonaws.com\/static\/2025\/07\/30083337\/favicon-96x96-1.png","contentUrl":"https:\/\/bxrepsol.s3.eu-west-1.amazonaws.com\/static\/2025\/07\/30083337\/favicon-96x96-1.png","width":96,"height":96,"caption":"Box Repsol"},"image":{"@id":"https:\/\/www.boxrepsol.com\/es\/#\/schema\/logo\/image\/"},"sameAs":["https:\/\/www.facebook.com\/BoxRepsol","https:\/\/x.com\/box_repsol","http:\/\/instagram.com\/box_repsol","https:\/\/www.youtube.com\/user\/RepsolCompeticion","https:\/\/www.flickr.com\/photos\/box_repsol\/"]},{"@type":"Person","@id":"https:\/\/www.boxrepsol.com\/es\/#\/schema\/person\/c5c2138f2cca251b0ad92b7086bb60b7","name":"Redacci\u00f3n Box Repsol","image":{"@type":"ImageObject","inLanguage":"es","@id":"https:\/\/secure.gravatar.com\/avatar\/adf7b77e38b4419baf32c7e9c21dde01f4e40df611f0978e3006fc4ba0aaab7e?s=96&d=mm&r=g","url":"https:\/\/secure.gravatar.com\/avatar\/adf7b77e38b4419baf32c7e9c21dde01f4e40df611f0978e3006fc4ba0aaab7e?s=96&d=mm&r=g","contentUrl":"https:\/\/secure.gravatar.com\/avatar\/adf7b77e38b4419baf32c7e9c21dde01f4e40df611f0978e3006fc4ba0aaab7e?s=96&d=mm&r=g","caption":"Redacci\u00f3n Box Repsol"},"description":"Box Repsol lo forma un equipo de periodistas, community managers, dise\u00f1adores y fot\u00f3grafos con m\u00e1s de 20 a\u00f1os de experiencia en el mundo del motorsport. Hemos vivido el primer mundial de un espa\u00f1ol en la categor\u00eda reina de motociclismo con \u00c1lex Crivill\u00e9, estuvimos en las victorias de Pedrosa y los t\u00edtulos de M\u00e1rquez, acompa\u00f1amos en \u00c1frica a Nani Roma y Marc Coma en sus conquistas del Dakar y hemos vibrado con los t\u00edtulos de Toni Bou en Trial. Adem\u00e1s, en nuestro equipo contamos con expertos en el mundo de las dos y cuatro ruedas tanto de la calle y las carreteras, como de los circuitos. Periodistas que han trabajado en revistas y publicaciones para hacerte llegar desde rutas y consejos de mantenimiento, a curiosidades y trucos de pilotaje.","sameAs":["https:\/\/www.facebook.com\/BoxRepsol\/","https:\/\/www.instagram.com\/box_repsol\/","https:\/\/x.com\/https:\/\/twitter.com\/box_repsol","https:\/\/www.youtube.com\/@Boxrepsol"],"url":"https:\/\/www.boxrepsol.com\/es\/author\/redaccion-box-repsol\/"}]}},"_links":{"self":[{"href":"https:\/\/www.boxrepsol.com\/es\/wp-json\/wp\/v2\/posts\/90079","targetHints":{"allow":["GET"]}}],"collection":[{"href":"https:\/\/www.boxrepsol.com\/es\/wp-json\/wp\/v2\/posts"}],"about":[{"href":"https:\/\/www.boxrepsol.com\/es\/wp-json\/wp\/v2\/types\/post"}],"author":[{"embeddable":true,"href":"https:\/\/www.boxrepsol.com\/es\/wp-json\/wp\/v2\/users\/43146"}],"replies":[{"embeddable":true,"href":"https:\/\/www.boxrepsol.com\/es\/wp-json\/wp\/v2\/comments?post=90079"}],"version-history":[{"count":2,"href":"https:\/\/www.boxrepsol.com\/es\/wp-json\/wp\/v2\/posts\/90079\/revisions"}],"predecessor-version":[{"id":108958,"href":"https:\/\/www.boxrepsol.com\/es\/wp-json\/wp\/v2\/posts\/90079\/revisions\/108958"}],"wp:featuredmedia":[{"embeddable":true,"href":"https:\/\/www.boxrepsol.com\/es\/wp-json\/wp\/v2\/media\/86240"}],"wp:attachment":[{"href":"https:\/\/www.boxrepsol.com\/es\/wp-json\/wp\/v2\/media?parent=90079"}],"wp:term":[{"taxonomy":"category","embeddable":true,"href":"https:\/\/www.boxrepsol.com\/es\/wp-json\/wp\/v2\/categories?post=90079"},{"taxonomy":"post_tag","embeddable":true,"href":"https:\/\/www.boxrepsol.com\/es\/wp-json\/wp\/v2\/tags?post=90079"}],"curies":[{"name":"wp","href":"https:\/\/api.w.org\/{rel}","templated":true}]}}